{"id":145639,"date":"2020-08-09T11:44:15","date_gmt":"2020-08-09T11:44:15","guid":{"rendered":"http:\/\/candas365.es\/noticias\/?p=145639"},"modified":"2020-08-09T11:44:15","modified_gmt":"2020-08-09T11:44:15","slug":"obras-en-el-camino-de-la-mata","status":"publish","type":"post","link":"https:\/\/candas365.es\/noticias\/obras-en-el-camino-de-la-mata\/","title":{"rendered":"Obras en el camino de La Mata"},"content":{"rendered":"<p><img fetchpriority=\"high\" decoding=\"async\" class=\"alignleft size-medium wp-image-145640\" src=\"https:\/\/candas365.es\/noticias\/wp-content\/uploads\/2020\/08\/Obras-La-Mata-360x205.jpg\" alt=\"\" width=\"360\" height=\"205\" srcset=\"https:\/\/candas365.es\/noticias\/wp-content\/uploads\/2020\/08\/Obras-La-Mata-360x205.jpg 360w, https:\/\/candas365.es\/noticias\/wp-content\/uploads\/2020\/08\/Obras-La-Mata-655x374.jpg 655w, https:\/\/candas365.es\/noticias\/wp-content\/uploads\/2020\/08\/Obras-La-Mata-768x438.jpg 768w, https:\/\/candas365.es\/noticias\/wp-content\/uploads\/2020\/08\/Obras-La-Mata-696x397.jpg 696w, https:\/\/candas365.es\/noticias\/wp-content\/uploads\/2020\/08\/Obras-La-Mata-1068x609.jpg 1068w, https:\/\/candas365.es\/noticias\/wp-content\/uploads\/2020\/08\/Obras-La-Mata-736x420.jpg 736w, https:\/\/candas365.es\/noticias\/wp-content\/uploads\/2020\/08\/Obras-La-Mata.jpg 1071w\" sizes=\"(max-width: 360px) 100vw, 360px\" \/>El Ayuntamiento de Carre\u00f1o aborda las <strong>obras de mejora y pavimentaci\u00f3n del camino, de titularidad municipal, de La Mata<\/strong>, C-806, sito en el barrio del mismo nombre, en la parroquia de Cand\u00e1s.<\/p>\n<p>\u201cEstas obras de mejora de la infraestructura municipal se encuadran dentro de las actuaciones previstas y presupuestadas en el Plan Integral de la Zona Rural. Esta actuaci\u00f3n da respuesta a una petici\u00f3n vecinal. Este vial debido a su antig\u00fcedad presentaba un estado de conservaci\u00f3n deficiente. Los deterioros en el mismo se agravaron por el efecto de las aguas de escorrent\u00eda al resultar insuficiente el sistema de drenaje que ten\u00eda.\u201d se\u00f1al\u00f3 Manuel Noceda-Concejal Medio Rural.<\/p>\n<p>\u201cEl Camino de La Mata, el C-806, es un vial que deriva del margen izquierdo de la carreta CE-1, a la salida de Cand\u00e1s, en el punto kilom\u00e9trico 265. El objeto de la actuaci\u00f3n ser\u00e1 el tramo comprendido entre la carretera y la quintana existente, siendo la longitud de 207 metros con un ancho de 3,03 metros, con una superficie total de 626,50 metros cuadrados\u201d describi\u00f3 el edil.<\/p>\n<p>\u201cLa Oficina de Gesti\u00f3n Urban\u00edstica de la Mancomunidad del Cabo Pe\u00f1as elabor\u00f3 el proyecto de mejora de esta infraestructura p\u00fablica para su contrataci\u00f3n. Tras el proceso de licitaci\u00f3n correspondiente, las obras necesarias fueron adjudicadas a Asfaltos Arlos, S.L. por un importe final de 18.312,62 \u20ac, al ser esta la oferta m\u00e1s ventajosa en t\u00e9rminos de calidad-precio. Siendo esta empresa la encargada de llevar a cabo las mejoras en el vial municipal\u201d prosigui\u00f3 Noceda.<\/p>\n<p>\u201cLas obras previstas consistir\u00e1n en extender en todo el trazado una capa de zahorra artificial de espesor m\u00ednimo de 15 cent\u00edmetros, humectada y compactada para posterior afirmado mediante aglomerado asf\u00e1ltico tipo D-12 extendido en caliente, con un espesor m\u00ednimo de seis cent\u00edmetros previo riego de adherencia de la base. Se mantendr\u00e1 el ancho de la calzada que es de 12 metros de embocadura con la carretera y de 3 metros en el trazado, disponiendo de un sobre-ancho en el punto m\u00e9trico pm50.00\u201d relat\u00f3 el responsable de la Zona Rural.<\/p>\n<p>\u201cPara solucionar el problema de la evacuaci\u00f3n de las aguas se plantea la instalaci\u00f3n de una cuenta bordillo de 0,5 metros de ancho total hasta el punto m\u00e9trico 119,50 que desaguar\u00e1 en el pozo existente, al que vierte el otro tramo del vial. Adem\u00e1s, se proceder\u00e1 a la limpieza del pozo y ca\u00f1o. Como complemento a las obras tambi\u00e9n se limpiar\u00e1 la cuenta a ambos extremos de la intersecci\u00f3n con el objetivo de favorecer la circulaci\u00f3n de las aguas pluviales hasta el desag\u00fce, instalando un tubo salvacunetas\u201d finaliz\u00f3 el Concejal.<\/p>\n<p>Las obras que tendr\u00e1n una duraci\u00f3n, estimada, de un mes, 20 d\u00edas h\u00e1biles, por lo que est\u00e1 previsto que finalicen a finales del en mes de Agosto.<\/p>\n<p>&nbsp;<\/p>\n","protected":false},"excerpt":{"rendered":"<p>El Ayuntamiento de Carre\u00f1o aborda las obras de mejora y pavimentaci\u00f3n del camino, de titularidad municipal, de La Mata, C-806, sito en el barrio del mismo nombre, en la parroquia de Cand\u00e1s. \u201cEstas obras de mejora de la infraestructura municipal se encuadran dentro de las actuaciones previstas y presupuestadas en el Plan Integral de la<\/p>\n","protected":false},"author":1,"featured_media":145640,"comment_status":"closed","ping_status":"closed","sticky":false,"template":"","format":"standard","meta":{"footnotes":""},"categories":[2],"tags":[],"class_list":{"0":"post-145639","1":"post","2":"type-post","3":"status-publish","4":"format-standard","5":"has-post-thumbnail","7":"category-noticias-carreno"},"aioseo_notices":[],"aioseo_head":"\n\t\t<!-- All in One SEO Pro 4.9.6.2 - aioseo.com -->\n\t<meta name=\"description\" content=\"El Ayuntamiento de Carre\u00f1o aborda las obras de mejora y pavimentaci\u00f3n del camino, de titularidad municipal, de La Mata, C-806, sito en el barrio del mismo nombre, en la parroquia de Cand\u00e1s. \u201cEstas obras de mejora de la infraestructura municipal se encuadran dentro de las actuaciones previstas y presupuestadas en el Plan Integral de la\" \/>\n\t<meta name=\"robots\" content=\"max-image-preview:large\" \/>\n\t<meta name=\"author\" content=\"Cand\u00e1s 365\"\/>\n\t<meta name=\"google-site-verification\" content=\"UA-32230408-1\" \/>\n\t<meta name=\"msvalidate.01\" content=\"354F3CDFB2DA171B47FBE9ABF1F88D5\" \/>\n\t<meta name=\"keywords\" content=\"noticias carre\u00f1o\" \/>\n\t<link rel=\"canonical\" href=\"https:\/\/candas365.es\/noticias\/obras-en-el-camino-de-la-mata\/\" \/>\n\t<meta name=\"generator\" content=\"All in One SEO Pro (AIOSEO) 4.9.6.2\" \/>\n\t\t<meta property=\"og:locale\" content=\"es_ES\" \/>\n\t\t<meta property=\"og:site_name\" content=\"Cand\u00e1s 365\" \/>\n\t\t<meta property=\"og:type\" content=\"article\" \/>\n\t\t<meta property=\"og:title\" content=\"Obras en el camino de La Mata | Cand\u00e1s 365\" \/>\n\t\t<meta property=\"og:description\" content=\"El Ayuntamiento de Carre\u00f1o aborda las obras de mejora y pavimentaci\u00f3n del camino, de titularidad municipal, de La Mata, C-806, sito en el barrio del mismo nombre, en la parroquia de Cand\u00e1s. \u201cEstas obras de mejora de la infraestructura municipal se encuadran dentro de las actuaciones previstas y presupuestadas en el Plan Integral de la\" \/>\n\t\t<meta property=\"og:url\" content=\"https:\/\/candas365.es\/noticias\/obras-en-el-camino-de-la-mata\/\" \/>\n\t\t<meta property=\"og:image\" content=\"https:\/\/candas365.es\/noticias\/wp-content\/uploads\/2020\/08\/Obras-La-Mata.jpg\" \/>\n\t\t<meta property=\"og:image:secure_url\" content=\"https:\/\/candas365.es\/noticias\/wp-content\/uploads\/2020\/08\/Obras-La-Mata.jpg\" \/>\n\t\t<meta property=\"og:image:width\" content=\"1071\" \/>\n\t\t<meta property=\"og:image:height\" content=\"611\" \/>\n\t\t<meta property=\"article:published_time\" content=\"2020-08-09T11:44:15+00:00\" \/>\n\t\t<meta property=\"article:modified_time\" content=\"2020-08-09T11:44:15+00:00\" \/>\n\t\t<meta property=\"article:publisher\" content=\"https:\/\/www.facebook.com\/Nachofdezber\" \/>\n\t\t<meta property=\"article:author\" content=\"https:\/\/www.facebook.com\/carrenoactualidad\" \/>\n\t\t<meta name=\"twitter:card\" content=\"summary_large_image\" \/>\n\t\t<meta name=\"twitter:site\" content=\"@NabercoDigital\" \/>\n\t\t<meta name=\"twitter:title\" content=\"Obras en el camino de La Mata | Cand\u00e1s 365\" \/>\n\t\t<meta name=\"twitter:description\" content=\"El Ayuntamiento de Carre\u00f1o aborda las obras de mejora y pavimentaci\u00f3n del camino, de titularidad municipal, de La Mata, C-806, sito en el barrio del mismo nombre, en la parroquia de Cand\u00e1s. \u201cEstas obras de mejora de la infraestructura municipal se encuadran dentro de las actuaciones previstas y presupuestadas en el Plan Integral de la\" \/>\n\t\t<meta name=\"twitter:creator\" content=\"@nbasturias\" \/>\n\t\t<meta name=\"twitter:image\" content=\"https:\/\/candas365.es\/noticias\/wp-content\/uploads\/2020\/08\/Obras-La-Mata.jpg\" \/>\n\t\t<meta name=\"twitter:label1\" content=\"Escrito por\" \/>\n\t\t<meta name=\"twitter:data1\" content=\"Cand\u00e1s 365\" \/>\n\t\t<meta name=\"twitter:label2\" content=\"Tiempo de lectura estimado\" \/>\n\t\t<meta name=\"twitter:data2\" content=\"2 minutos\" \/>\n\t\t<script type=\"application\/ld+json\" class=\"aioseo-schema\">\n\t\t\t{\"@context\":\"https:\\\/\\\/schema.org\",\"@graph\":[{\"@type\":\"BreadcrumbList\",\"@id\":\"https:\\\/\\\/candas365.es\\\/noticias\\\/obras-en-el-camino-de-la-mata\\\/#breadcrumblist\",\"itemListElement\":[{\"@type\":\"ListItem\",\"@id\":\"https:\\\/\\\/candas365.es\\\/noticias#listItem\",\"position\":1,\"name\":\"Home\",\"item\":\"https:\\\/\\\/candas365.es\\\/noticias\",\"nextItem\":{\"@type\":\"ListItem\",\"@id\":\"https:\\\/\\\/candas365.es\\\/noticias\\\/category\\\/noticias-carreno\\\/#listItem\",\"name\":\"Noticias Carre\\u00f1o\"}},{\"@type\":\"ListItem\",\"@id\":\"https:\\\/\\\/candas365.es\\\/noticias\\\/category\\\/noticias-carreno\\\/#listItem\",\"position\":2,\"name\":\"Noticias Carre\\u00f1o\",\"item\":\"https:\\\/\\\/candas365.es\\\/noticias\\\/category\\\/noticias-carreno\\\/\",\"nextItem\":{\"@type\":\"ListItem\",\"@id\":\"https:\\\/\\\/candas365.es\\\/noticias\\\/obras-en-el-camino-de-la-mata\\\/#listItem\",\"name\":\"Obras en el camino de La Mata\"},\"previousItem\":{\"@type\":\"ListItem\",\"@id\":\"https:\\\/\\\/candas365.es\\\/noticias#listItem\",\"name\":\"Home\"}},{\"@type\":\"ListItem\",\"@id\":\"https:\\\/\\\/candas365.es\\\/noticias\\\/obras-en-el-camino-de-la-mata\\\/#listItem\",\"position\":3,\"name\":\"Obras en el camino de La Mata\",\"previousItem\":{\"@type\":\"ListItem\",\"@id\":\"https:\\\/\\\/candas365.es\\\/noticias\\\/category\\\/noticias-carreno\\\/#listItem\",\"name\":\"Noticias Carre\\u00f1o\"}}]},{\"@type\":\"NewsArticle\",\"@id\":\"https:\\\/\\\/candas365.es\\\/noticias\\\/obras-en-el-camino-de-la-mata\\\/#newsarticle\",\"name\":\"Obras en el camino de La Mata | Cand\\u00e1s 365\",\"headline\":\"Obras en el camino de La Mata\",\"author\":{\"@id\":\"https:\\\/\\\/candas365.es\\\/noticias\\\/author\\\/admin\\\/#author\"},\"publisher\":{\"@id\":\"https:\\\/\\\/candas365.es\\\/noticias\\\/#organization\"},\"image\":{\"@type\":\"ImageObject\",\"url\":\"https:\\\/\\\/candas365.es\\\/noticias\\\/wp-content\\\/uploads\\\/2020\\\/08\\\/Obras-La-Mata.jpg\",\"width\":1071,\"height\":611},\"datePublished\":\"2020-08-09T11:44:15+02:00\",\"dateModified\":\"2020-08-09T11:44:15+02:00\",\"inLanguage\":\"es-ES\",\"mainEntityOfPage\":{\"@id\":\"https:\\\/\\\/candas365.es\\\/noticias\\\/obras-en-el-camino-de-la-mata\\\/#webpage\"},\"isPartOf\":{\"@id\":\"https:\\\/\\\/candas365.es\\\/noticias\\\/obras-en-el-camino-de-la-mata\\\/#webpage\"},\"articleSection\":\"Noticias Carre\\u00f1o\",\"dateline\":\"Publicado el agosto 9, 2020.\"},{\"@type\":\"Organization\",\"@id\":\"https:\\\/\\\/candas365.es\\\/noticias\\\/#organization\",\"name\":\"Cand\\u00e1s 365\",\"description\":\"Cand\\u00e1s 365 es un diario digital independiente, fundado en 2012, con base en Asturias. Informamos con rigor sobre actualidad, sociedad, cultura y ocio, con una mirada local y global.\",\"url\":\"https:\\\/\\\/candas365.es\\\/noticias\\\/\",\"email\":\"info@candas365.es\",\"telephone\":\"+34652131393\",\"foundingDate\":\"2012-06-10\",\"logo\":{\"@type\":\"ImageObject\",\"url\":\"https:\\\/\\\/candas365.es\\\/noticias\\\/wp-content\\\/uploads\\\/2024\\\/09\\\/Candas-365-Redes.jpg\",\"@id\":\"https:\\\/\\\/candas365.es\\\/noticias\\\/obras-en-el-camino-de-la-mata\\\/#organizationLogo\",\"width\":1152,\"height\":864,\"caption\":\"Cand\\u00e1s 365 Redes\"},\"image\":{\"@id\":\"https:\\\/\\\/candas365.es\\\/noticias\\\/obras-en-el-camino-de-la-mata\\\/#organizationLogo\"},\"sameAs\":[\"https:\\\/\\\/www.facebook.com\\\/Nachofdezber\",\"https:\\\/\\\/x.com\\\/NabercoDigital\",\"https:\\\/\\\/www.instagram.com\\\/nachofdezber\\\/\",\"https:\\\/\\\/www.youtube.com\\\/channel\\\/UCZP-2wLEB9Rv6erhFmqVnvg\"],\"address\":{\"@id\":\"https:\\\/\\\/candas365.es\\\/noticias\\\/#postaladdress\",\"@type\":\"PostalAddress\",\"streetAddress\":\"san antonio 4, san antonio 4\",\"postalCode\":\"33430\",\"addressLocality\":\"Cand\\u00e1s\",\"addressRegion\":\"Asturias\",\"addressCountry\":\"ES\"}},{\"@type\":\"Person\",\"@id\":\"https:\\\/\\\/candas365.es\\\/noticias\\\/author\\\/admin\\\/#author\",\"url\":\"https:\\\/\\\/candas365.es\\\/noticias\\\/author\\\/admin\\\/\",\"name\":\"Cand\\u00e1s 365\",\"image\":{\"@type\":\"ImageObject\",\"@id\":\"https:\\\/\\\/candas365.es\\\/noticias\\\/obras-en-el-camino-de-la-mata\\\/#authorImage\",\"url\":\"https:\\\/\\\/secure.gravatar.com\\\/avatar\\\/496a8e03d0c493ede1718b7934145dbdf8d89be1036b0eec9544e1094c9de390?s=96&d=mm&r=g\",\"width\":96,\"height\":96,\"caption\":\"Cand\\u00e1s 365\"},\"sameAs\":[\"https:\\\/\\\/www.facebook.com\\\/carrenoactualidad\",\"https:\\\/\\\/twitter.com\\\/nbasturias\",\"https:\\\/\\\/www.instagram.com\\\/nachofdezber\\\/\",\"https:\\\/\\\/www.youtube.com\\\/channel\\\/UCZP-2wLEB9Rv6erhFmqVnvg\"]},{\"@type\":\"WebPage\",\"@id\":\"https:\\\/\\\/candas365.es\\\/noticias\\\/obras-en-el-camino-de-la-mata\\\/#webpage\",\"url\":\"https:\\\/\\\/candas365.es\\\/noticias\\\/obras-en-el-camino-de-la-mata\\\/\",\"name\":\"Obras en el camino de La Mata | Cand\\u00e1s 365\",\"description\":\"El Ayuntamiento de Carre\\u00f1o aborda las obras de mejora y pavimentaci\\u00f3n del camino, de titularidad municipal, de La Mata, C-806, sito en el barrio del mismo nombre, en la parroquia de Cand\\u00e1s. \\u201cEstas obras de mejora de la infraestructura municipal se encuadran dentro de las actuaciones previstas y presupuestadas en el Plan Integral de la\",\"inLanguage\":\"es-ES\",\"isPartOf\":{\"@id\":\"https:\\\/\\\/candas365.es\\\/noticias\\\/#website\"},\"breadcrumb\":{\"@id\":\"https:\\\/\\\/candas365.es\\\/noticias\\\/obras-en-el-camino-de-la-mata\\\/#breadcrumblist\"},\"author\":{\"@id\":\"https:\\\/\\\/candas365.es\\\/noticias\\\/author\\\/admin\\\/#author\"},\"creator\":{\"@id\":\"https:\\\/\\\/candas365.es\\\/noticias\\\/author\\\/admin\\\/#author\"},\"image\":{\"@type\":\"ImageObject\",\"url\":\"https:\\\/\\\/candas365.es\\\/noticias\\\/wp-content\\\/uploads\\\/2020\\\/08\\\/Obras-La-Mata.jpg\",\"@id\":\"https:\\\/\\\/candas365.es\\\/noticias\\\/obras-en-el-camino-de-la-mata\\\/#mainImage\",\"width\":1071,\"height\":611},\"primaryImageOfPage\":{\"@id\":\"https:\\\/\\\/candas365.es\\\/noticias\\\/obras-en-el-camino-de-la-mata\\\/#mainImage\"},\"datePublished\":\"2020-08-09T11:44:15+02:00\",\"dateModified\":\"2020-08-09T11:44:15+02:00\"},{\"@type\":\"WebSite\",\"@id\":\"https:\\\/\\\/candas365.es\\\/noticias\\\/#website\",\"url\":\"https:\\\/\\\/candas365.es\\\/noticias\\\/\",\"name\":\"Cand\\u00e1s 365\",\"alternateName\":\"Cand\\u00e1s 365 Noticias\",\"description\":\"Actualidad desde Carre\\u00f1o para el mundo\",\"inLanguage\":\"es-ES\",\"publisher\":{\"@id\":\"https:\\\/\\\/candas365.es\\\/noticias\\\/#organization\"}}]}\n\t\t<\/script>\n\t\t<!-- All in One SEO Pro -->\r\n\t\t<title>Obras en el camino de La Mata | Cand\u00e1s 365<\/title>\n\n","aioseo_head_json":{"title":"Obras en el camino de La Mata | Cand\u00e1s 365","description":"El Ayuntamiento de Carre\u00f1o aborda las obras de mejora y pavimentaci\u00f3n del camino, de titularidad municipal, de La Mata, C-806, sito en el barrio del mismo nombre, en la parroquia de Cand\u00e1s. \u201cEstas obras de mejora de la infraestructura municipal se encuadran dentro de las actuaciones previstas y presupuestadas en el Plan Integral de la","canonical_url":"https:\/\/candas365.es\/noticias\/obras-en-el-camino-de-la-mata\/","robots":"max-image-preview:large","keywords":"noticias carre\u00f1o","webmasterTools":{"google-site-verification":"UA-32230408-1","msvalidate.01":"354F3CDFB2DA171B47FBE9ABF1F88D5","miscellaneous":""},"schema":{"@context":"https:\/\/schema.org","@graph":[{"@type":"BreadcrumbList","@id":"https:\/\/candas365.es\/noticias\/obras-en-el-camino-de-la-mata\/#breadcrumblist","itemListElement":[{"@type":"ListItem","@id":"https:\/\/candas365.es\/noticias#listItem","position":1,"name":"Home","item":"https:\/\/candas365.es\/noticias","nextItem":{"@type":"ListItem","@id":"https:\/\/candas365.es\/noticias\/category\/noticias-carreno\/#listItem","name":"Noticias Carre\u00f1o"}},{"@type":"ListItem","@id":"https:\/\/candas365.es\/noticias\/category\/noticias-carreno\/#listItem","position":2,"name":"Noticias Carre\u00f1o","item":"https:\/\/candas365.es\/noticias\/category\/noticias-carreno\/","nextItem":{"@type":"ListItem","@id":"https:\/\/candas365.es\/noticias\/obras-en-el-camino-de-la-mata\/#listItem","name":"Obras en el camino de La Mata"},"previousItem":{"@type":"ListItem","@id":"https:\/\/candas365.es\/noticias#listItem","name":"Home"}},{"@type":"ListItem","@id":"https:\/\/candas365.es\/noticias\/obras-en-el-camino-de-la-mata\/#listItem","position":3,"name":"Obras en el camino de La Mata","previousItem":{"@type":"ListItem","@id":"https:\/\/candas365.es\/noticias\/category\/noticias-carreno\/#listItem","name":"Noticias Carre\u00f1o"}}]},{"@type":"NewsArticle","@id":"https:\/\/candas365.es\/noticias\/obras-en-el-camino-de-la-mata\/#newsarticle","name":"Obras en el camino de La Mata | Cand\u00e1s 365","headline":"Obras en el camino de La Mata","author":{"@id":"https:\/\/candas365.es\/noticias\/author\/admin\/#author"},"publisher":{"@id":"https:\/\/candas365.es\/noticias\/#organization"},"image":{"@type":"ImageObject","url":"https:\/\/candas365.es\/noticias\/wp-content\/uploads\/2020\/08\/Obras-La-Mata.jpg","width":1071,"height":611},"datePublished":"2020-08-09T11:44:15+02:00","dateModified":"2020-08-09T11:44:15+02:00","inLanguage":"es-ES","mainEntityOfPage":{"@id":"https:\/\/candas365.es\/noticias\/obras-en-el-camino-de-la-mata\/#webpage"},"isPartOf":{"@id":"https:\/\/candas365.es\/noticias\/obras-en-el-camino-de-la-mata\/#webpage"},"articleSection":"Noticias Carre\u00f1o","dateline":"Publicado el agosto 9, 2020."},{"@type":"Organization","@id":"https:\/\/candas365.es\/noticias\/#organization","name":"Cand\u00e1s 365","description":"Cand\u00e1s 365 es un diario digital independiente, fundado en 2012, con base en Asturias. Informamos con rigor sobre actualidad, sociedad, cultura y ocio, con una mirada local y global.","url":"https:\/\/candas365.es\/noticias\/","email":"info@candas365.es","telephone":"+34652131393","foundingDate":"2012-06-10","logo":{"@type":"ImageObject","url":"https:\/\/candas365.es\/noticias\/wp-content\/uploads\/2024\/09\/Candas-365-Redes.jpg","@id":"https:\/\/candas365.es\/noticias\/obras-en-el-camino-de-la-mata\/#organizationLogo","width":1152,"height":864,"caption":"Cand\u00e1s 365 Redes"},"image":{"@id":"https:\/\/candas365.es\/noticias\/obras-en-el-camino-de-la-mata\/#organizationLogo"},"sameAs":["https:\/\/www.facebook.com\/Nachofdezber","https:\/\/x.com\/NabercoDigital","https:\/\/www.instagram.com\/nachofdezber\/","https:\/\/www.youtube.com\/channel\/UCZP-2wLEB9Rv6erhFmqVnvg"],"address":{"@id":"https:\/\/candas365.es\/noticias\/#postaladdress","@type":"PostalAddress","streetAddress":"san antonio 4, san antonio 4","postalCode":"33430","addressLocality":"Cand\u00e1s","addressRegion":"Asturias","addressCountry":"ES"}},{"@type":"Person","@id":"https:\/\/candas365.es\/noticias\/author\/admin\/#author","url":"https:\/\/candas365.es\/noticias\/author\/admin\/","name":"Cand\u00e1s 365","image":{"@type":"ImageObject","@id":"https:\/\/candas365.es\/noticias\/obras-en-el-camino-de-la-mata\/#authorImage","url":"https:\/\/secure.gravatar.com\/avatar\/496a8e03d0c493ede1718b7934145dbdf8d89be1036b0eec9544e1094c9de390?s=96&d=mm&r=g","width":96,"height":96,"caption":"Cand\u00e1s 365"},"sameAs":["https:\/\/www.facebook.com\/carrenoactualidad","https:\/\/twitter.com\/nbasturias","https:\/\/www.instagram.com\/nachofdezber\/","https:\/\/www.youtube.com\/channel\/UCZP-2wLEB9Rv6erhFmqVnvg"]},{"@type":"WebPage","@id":"https:\/\/candas365.es\/noticias\/obras-en-el-camino-de-la-mata\/#webpage","url":"https:\/\/candas365.es\/noticias\/obras-en-el-camino-de-la-mata\/","name":"Obras en el camino de La Mata | Cand\u00e1s 365","description":"El Ayuntamiento de Carre\u00f1o aborda las obras de mejora y pavimentaci\u00f3n del camino, de titularidad municipal, de La Mata, C-806, sito en el barrio del mismo nombre, en la parroquia de Cand\u00e1s. \u201cEstas obras de mejora de la infraestructura municipal se encuadran dentro de las actuaciones previstas y presupuestadas en el Plan Integral de la","inLanguage":"es-ES","isPartOf":{"@id":"https:\/\/candas365.es\/noticias\/#website"},"breadcrumb":{"@id":"https:\/\/candas365.es\/noticias\/obras-en-el-camino-de-la-mata\/#breadcrumblist"},"author":{"@id":"https:\/\/candas365.es\/noticias\/author\/admin\/#author"},"creator":{"@id":"https:\/\/candas365.es\/noticias\/author\/admin\/#author"},"image":{"@type":"ImageObject","url":"https:\/\/candas365.es\/noticias\/wp-content\/uploads\/2020\/08\/Obras-La-Mata.jpg","@id":"https:\/\/candas365.es\/noticias\/obras-en-el-camino-de-la-mata\/#mainImage","width":1071,"height":611},"primaryImageOfPage":{"@id":"https:\/\/candas365.es\/noticias\/obras-en-el-camino-de-la-mata\/#mainImage"},"datePublished":"2020-08-09T11:44:15+02:00","dateModified":"2020-08-09T11:44:15+02:00"},{"@type":"WebSite","@id":"https:\/\/candas365.es\/noticias\/#website","url":"https:\/\/candas365.es\/noticias\/","name":"Cand\u00e1s 365","alternateName":"Cand\u00e1s 365 Noticias","description":"Actualidad desde Carre\u00f1o para el mundo","inLanguage":"es-ES","publisher":{"@id":"https:\/\/candas365.es\/noticias\/#organization"}}]},"og:locale":"es_ES","og:site_name":"Cand\u00e1s 365","og:type":"article","og:title":"Obras en el camino de La Mata | Cand\u00e1s 365","og:description":"El Ayuntamiento de Carre\u00f1o aborda las obras de mejora y pavimentaci\u00f3n del camino, de titularidad municipal, de La Mata, C-806, sito en el barrio del mismo nombre, en la parroquia de Cand\u00e1s. \u201cEstas obras de mejora de la infraestructura municipal se encuadran dentro de las actuaciones previstas y presupuestadas en el Plan Integral de la","og:url":"https:\/\/candas365.es\/noticias\/obras-en-el-camino-de-la-mata\/","og:image":"https:\/\/candas365.es\/noticias\/wp-content\/uploads\/2020\/08\/Obras-La-Mata.jpg","og:image:secure_url":"https:\/\/candas365.es\/noticias\/wp-content\/uploads\/2020\/08\/Obras-La-Mata.jpg","og:image:width":1071,"og:image:height":611,"article:published_time":"2020-08-09T11:44:15+00:00","article:modified_time":"2020-08-09T11:44:15+00:00","article:publisher":"https:\/\/www.facebook.com\/Nachofdezber","article:author":"https:\/\/www.facebook.com\/carrenoactualidad","twitter:card":"summary_large_image","twitter:site":"@NabercoDigital","twitter:title":"Obras en el camino de La Mata | Cand\u00e1s 365","twitter:description":"El Ayuntamiento de Carre\u00f1o aborda las obras de mejora y pavimentaci\u00f3n del camino, de titularidad municipal, de La Mata, C-806, sito en el barrio del mismo nombre, en la parroquia de Cand\u00e1s. \u201cEstas obras de mejora de la infraestructura municipal se encuadran dentro de las actuaciones previstas y presupuestadas en el Plan Integral de la","twitter:creator":"@nbasturias","twitter:image":"https:\/\/candas365.es\/noticias\/wp-content\/uploads\/2020\/08\/Obras-La-Mata.jpg","twitter:label1":"Escrito por","twitter:data1":"Cand\u00e1s 365","twitter:label2":"Tiempo de lectura estimado","twitter:data2":"2 minutos"},"aioseo_meta_data":{"post_id":"145639","title":null,"description":"","keywords":"","keyphrases":null,"primary_term":null,"canonical_url":"","og_title":null,"og_description":null,"og_object_type":"default","og_image_type":"default","og_image_url":null,"og_image_width":null,"og_image_height":null,"og_image_custom_url":null,"og_image_custom_fields":null,"og_video":null,"og_custom_url":null,"og_article_section":null,"og_article_tags":null,"twitter_use_og":false,"twitter_card":"default","twitter_image_type":"default","twitter_image_url":null,"twitter_image_custom_url":null,"twitter_image_custom_fields":null,"twitter_title":null,"twitter_description":null,"schema":{"blockGraphs":[],"customGraphs":[],"default":{"data":{"Article":[],"Course":[],"Dataset":[],"FAQPage":[],"Movie":[],"Person":[],"Product":[],"ProductReview":[],"Car":[],"Recipe":[],"Service":[],"SoftwareApplication":[],"WebPage":[]},"graphName":"","isEnabled":true},"graphs":[],"defaultGraph":"","defaultPostTypeGraph":""},"schema_type":null,"schema_type_options":null,"pillar_content":false,"robots_default":true,"robots_noindex":false,"robots_noarchive":false,"robots_nosnippet":false,"robots_nofollow":false,"robots_noimageindex":false,"robots_noodp":false,"robots_notranslate":false,"robots_max_snippet":null,"robots_max_videopreview":null,"robots_max_imagepreview":"large","priority":null,"frequency":null,"location":null,"local_seo":null,"seo_analyzer_scan_date":"2025-08-31 09:44:18","breadcrumb_settings":null,"limit_modified_date":false,"reviewed_by":null,"open_ai":null,"ai":null,"created":"2020-12-21 10:40:16","updated":"2025-08-31 09:44:18"},"aioseo_breadcrumb":"<div class=\"aioseo-breadcrumbs\"><span class=\"aioseo-breadcrumb\">\n\t<a href=\"https:\/\/candas365.es\/noticias\" title=\"Home\">Home<\/a>\n<\/span><span class=\"aioseo-breadcrumb-separator\">&ndash;<\/span><span class=\"aioseo-breadcrumb\">\n\t<a href=\"https:\/\/candas365.es\/noticias\/category\/noticias-carreno\/\" title=\"Noticias Carre\u00f1o\">Noticias Carre\u00f1o<\/a>\n<\/span><span class=\"aioseo-breadcrumb-separator\">&ndash;<\/span><span class=\"aioseo-breadcrumb\">\n\tObras en el camino de La Mata\n<\/span><\/div>","aioseo_breadcrumb_json":[{"label":"Home","link":"https:\/\/candas365.es\/noticias"},{"label":"Noticias Carre\u00f1o","link":"https:\/\/candas365.es\/noticias\/category\/noticias-carreno\/"},{"label":"Obras en el camino de La Mata","link":"https:\/\/candas365.es\/noticias\/obras-en-el-camino-de-la-mata\/"}],"_links":{"self":[{"href":"https:\/\/candas365.es\/noticias\/wp-json\/wp\/v2\/posts\/145639","targetHints":{"allow":["GET"]}}],"collection":[{"href":"https:\/\/candas365.es\/noticias\/wp-json\/wp\/v2\/posts"}],"about":[{"href":"https:\/\/candas365.es\/noticias\/wp-json\/wp\/v2\/types\/post"}],"author":[{"embeddable":true,"href":"https:\/\/candas365.es\/noticias\/wp-json\/wp\/v2\/users\/1"}],"replies":[{"embeddable":true,"href":"https:\/\/candas365.es\/noticias\/wp-json\/wp\/v2\/comments?post=145639"}],"version-history":[{"count":0,"href":"https:\/\/candas365.es\/noticias\/wp-json\/wp\/v2\/posts\/145639\/revisions"}],"wp:featuredmedia":[{"embeddable":true,"href":"https:\/\/candas365.es\/noticias\/wp-json\/wp\/v2\/media\/145640"}],"wp:attachment":[{"href":"https:\/\/candas365.es\/noticias\/wp-json\/wp\/v2\/media?parent=145639"}],"wp:term":[{"taxonomy":"category","embeddable":true,"href":"https:\/\/candas365.es\/noticias\/wp-json\/wp\/v2\/categories?post=145639"},{"taxonomy":"post_tag","embeddable":true,"href":"https:\/\/candas365.es\/noticias\/wp-json\/wp\/v2\/tags?post=145639"}],"curies":[{"name":"wp","href":"https:\/\/api.w.org\/{rel}","templated":true}]}}