{"id":145632,"date":"2020-08-09T11:19:14","date_gmt":"2020-08-09T11:19:14","guid":{"rendered":"http:\/\/candas365.es\/noticias\/?p=145632"},"modified":"2020-08-09T11:19:14","modified_gmt":"2020-08-09T11:19:14","slug":"exposicion-en-la-casa-de-la-cultura-de-candas","status":"publish","type":"post","link":"https:\/\/candas365.es\/noticias\/exposicion-en-la-casa-de-la-cultura-de-candas\/","title":{"rendered":"Exposici\u00f3n en la Casa de la Cultura de Cand\u00e1s"},"content":{"rendered":"<p><img fetchpriority=\"high\" decoding=\"async\" class=\"alignleft size-medium wp-image-106993\" src=\"https:\/\/candas365.es\/noticias\/wp-content\/uploads\/2018\/10\/brushes-3129361_960_720-360x240.jpg\" alt=\"\" width=\"360\" height=\"240\" srcset=\"https:\/\/candas365.es\/noticias\/wp-content\/uploads\/2018\/10\/brushes-3129361_960_720-360x240.jpg 360w, https:\/\/candas365.es\/noticias\/wp-content\/uploads\/2018\/10\/brushes-3129361_960_720-768x512.jpg 768w, https:\/\/candas365.es\/noticias\/wp-content\/uploads\/2018\/10\/brushes-3129361_960_720-655x437.jpg 655w, https:\/\/candas365.es\/noticias\/wp-content\/uploads\/2018\/10\/brushes-3129361_960_720-696x464.jpg 696w, https:\/\/candas365.es\/noticias\/wp-content\/uploads\/2018\/10\/brushes-3129361_960_720-630x420.jpg 630w, https:\/\/candas365.es\/noticias\/wp-content\/uploads\/2018\/10\/brushes-3129361_960_720.jpg 960w\" sizes=\"(max-width: 360px) 100vw, 360px\" \/>La Casa de la Cultura de Cand\u00e1s acoge la muestra pict\u00f3rica del candas\u00edn Jos\u00e9 Ram\u00f3n Rodr\u00edguez P\u00e9rez \u201cMON\u201d.<\/p>\n<p>\u201c\u00d3leos, acr\u00edlicos y t\u00e9cnicas mixtas, es la presentaci\u00f3n que el artista candas\u00edn aporta a la primera exposici\u00f3n que tiene lugar en su pueblo natal. Un pueblo que tan unido est\u00e1 a toda su obra y que \u00e9l refleja en todos sus cuadros. <strong>Las obras que expone \u201cMon\u201d en esta exhibici\u00f3n no son fruto del azar, cada una de ellas ha sido escogidas para recordar los tiempos de su infancia y juventud vividos en Cand\u00e1s<\/strong>. En los que muestra al espectador aquellos lugares que le marcaron y le dejaron una huella imborrable, forjando la persona que a d\u00eda de hoy es, dando a conocer al visitante los rincones m\u00e1s emblem\u00e1ticos de Carre\u00f1o y Asturias\u201d relat\u00f3 Juanjo Fern\u00e1ndez-Concejal de Cultura<\/p>\n<p>\u201cEs una exposici\u00f3n en la que se muestra de una manera sencilla y a la par que sublime el encanto de las playas, la dureza de ese mar que ba\u00f1a la costa de nuestro Concejo trasportando al p\u00fablico asistente a las letras de las canciones de la bodega que tan bien describen ese mar cant\u00e1brico \u201cese mar que ves tan bello, es un traidor\u201d se\u00f1al\u00f3 el edil.<\/p>\n<p>Nacido en Cand\u00e1s, aunque desde hace m\u00e1s de 4 d\u00e9cadas vive en Gij\u00f3n sigue estando ligado a su pueblo al que vuelve cada vez que puede. Jos\u00e9 Ram\u00f3n Rodr\u00edguez P\u00e9rez \u201cMON\u201d ha sabido conjugar dos de grandes pasiones, los paisajes de su tierra con la pasi\u00f3n por la pintura, lo que ha llevado ser un \u201cpintor aficionado\u201d. La exposici\u00f3n de Cand\u00e1s no es la primera ni ser\u00e1 la \u00faltima en la que el p\u00fablico puede admirar su obra. Para ello hay que retornar a septiembre del a\u00f1o 2013 cuando por primera vez expone en la sala de la Caja Rural de Cand\u00e1s.<\/p>\n<p>\u201cCon mi obra persigo dar a conocer la riqueza de nuestra tierra, romper el desconocimiento de lugares maravillosos, que una vez descubiertos dar\u00e1n sosiego a nuestra mente, serenidad a nuestro esp\u00edritu y elevaci\u00f3n a nuestra alma. Esta muestra quiero dedicarla a Cand\u00e1s, a su gente, sobre todo a los marineros, con los que conviv\u00ed, a los que llam\u00e9 \u201cpa la mar\u201d en mi tiempo de rapaz de barco\u201d coment\u00f3 Jos\u00e9 Ram\u00f3n Rodr\u00edguez P\u00e9rez.<\/p>\n<p>La exposici\u00f3n se podr\u00e1 visitar desde hasta el 21 de agosto, ambos inclusive, en la Casa de la Cultura de Cand\u00e1s situada en la calle Santaolya.<\/p>\n<p>En el siguiente horario:<\/p>\n<p>De Lunes a Viernes de 18:30 a 21 horas.<\/p>\n<p>&nbsp;<\/p>\n","protected":false},"excerpt":{"rendered":"<p>La Casa de la Cultura de Cand\u00e1s acoge la muestra pict\u00f3rica del candas\u00edn Jos\u00e9 Ram\u00f3n Rodr\u00edguez P\u00e9rez \u201cMON\u201d. \u201c\u00d3leos, acr\u00edlicos y t\u00e9cnicas mixtas, es la presentaci\u00f3n que el artista candas\u00edn aporta a la primera exposici\u00f3n que tiene lugar en su pueblo natal. Un pueblo que tan unido est\u00e1 a toda su obra y que \u00e9l<\/p>\n","protected":false},"author":1,"featured_media":106993,"comment_status":"closed","ping_status":"closed","sticky":false,"template":"","format":"standard","meta":{"footnotes":""},"categories":[2],"tags":[],"class_list":{"0":"post-145632","1":"post","2":"type-post","3":"status-publish","4":"format-standard","5":"has-post-thumbnail","7":"category-noticias-carreno"},"aioseo_notices":[],"aioseo_head":"\n\t\t<!-- All in One SEO Pro 4.9.6.2 - aioseo.com -->\n\t<meta name=\"description\" content=\"La Casa de la Cultura de Cand\u00e1s acoge la muestra pict\u00f3rica del candas\u00edn Jos\u00e9 Ram\u00f3n Rodr\u00edguez P\u00e9rez \u201cMON\u201d. \u201c\u00d3leos, acr\u00edlicos y t\u00e9cnicas mixtas, es la presentaci\u00f3n que el artista candas\u00edn aporta a la primera exposici\u00f3n que tiene lugar en su pueblo natal. Un pueblo que tan unido est\u00e1 a toda su obra y que \u00e9l\" \/>\n\t<meta name=\"robots\" content=\"max-image-preview:large\" \/>\n\t<meta name=\"author\" content=\"Cand\u00e1s 365\"\/>\n\t<meta name=\"google-site-verification\" content=\"UA-32230408-1\" \/>\n\t<meta name=\"msvalidate.01\" content=\"354F3CDFB2DA171B47FBE9ABF1F88D5\" \/>\n\t<meta name=\"keywords\" content=\"noticias carre\u00f1o\" \/>\n\t<link rel=\"canonical\" href=\"https:\/\/candas365.es\/noticias\/exposicion-en-la-casa-de-la-cultura-de-candas\/\" \/>\n\t<meta name=\"generator\" content=\"All in One SEO Pro (AIOSEO) 4.9.6.2\" \/>\n\t\t<meta property=\"og:locale\" content=\"es_ES\" \/>\n\t\t<meta property=\"og:site_name\" content=\"Cand\u00e1s 365\" \/>\n\t\t<meta property=\"og:type\" content=\"article\" \/>\n\t\t<meta property=\"og:title\" content=\"Exposici\u00f3n en la Casa de la Cultura de Cand\u00e1s | Cand\u00e1s 365\" \/>\n\t\t<meta property=\"og:description\" content=\"La Casa de la Cultura de Cand\u00e1s acoge la muestra pict\u00f3rica del candas\u00edn Jos\u00e9 Ram\u00f3n Rodr\u00edguez P\u00e9rez \u201cMON\u201d. \u201c\u00d3leos, acr\u00edlicos y t\u00e9cnicas mixtas, es la presentaci\u00f3n que el artista candas\u00edn aporta a la primera exposici\u00f3n que tiene lugar en su pueblo natal. Un pueblo que tan unido est\u00e1 a toda su obra y que \u00e9l\" \/>\n\t\t<meta property=\"og:url\" content=\"https:\/\/candas365.es\/noticias\/exposicion-en-la-casa-de-la-cultura-de-candas\/\" \/>\n\t\t<meta property=\"og:image\" content=\"https:\/\/candas365.es\/noticias\/wp-content\/uploads\/2018\/10\/brushes-3129361_960_720.jpg\" \/>\n\t\t<meta property=\"og:image:secure_url\" content=\"https:\/\/candas365.es\/noticias\/wp-content\/uploads\/2018\/10\/brushes-3129361_960_720.jpg\" \/>\n\t\t<meta property=\"og:image:width\" content=\"960\" \/>\n\t\t<meta property=\"og:image:height\" content=\"640\" \/>\n\t\t<meta property=\"article:published_time\" content=\"2020-08-09T11:19:14+00:00\" \/>\n\t\t<meta property=\"article:modified_time\" content=\"2020-08-09T11:19:14+00:00\" \/>\n\t\t<meta property=\"article:publisher\" content=\"https:\/\/www.facebook.com\/Nachofdezber\" \/>\n\t\t<meta property=\"article:author\" content=\"https:\/\/www.facebook.com\/carrenoactualidad\" \/>\n\t\t<meta name=\"twitter:card\" content=\"summary_large_image\" \/>\n\t\t<meta name=\"twitter:site\" content=\"@NabercoDigital\" \/>\n\t\t<meta name=\"twitter:title\" content=\"Exposici\u00f3n en la Casa de la Cultura de Cand\u00e1s | Cand\u00e1s 365\" \/>\n\t\t<meta name=\"twitter:description\" content=\"La Casa de la Cultura de Cand\u00e1s acoge la muestra pict\u00f3rica del candas\u00edn Jos\u00e9 Ram\u00f3n Rodr\u00edguez P\u00e9rez \u201cMON\u201d. \u201c\u00d3leos, acr\u00edlicos y t\u00e9cnicas mixtas, es la presentaci\u00f3n que el artista candas\u00edn aporta a la primera exposici\u00f3n que tiene lugar en su pueblo natal. Un pueblo que tan unido est\u00e1 a toda su obra y que \u00e9l\" \/>\n\t\t<meta name=\"twitter:creator\" content=\"@nbasturias\" \/>\n\t\t<meta name=\"twitter:image\" content=\"https:\/\/candas365.es\/noticias\/wp-content\/uploads\/2018\/10\/brushes-3129361_960_720.jpg\" \/>\n\t\t<meta name=\"twitter:label1\" content=\"Escrito por\" \/>\n\t\t<meta name=\"twitter:data1\" content=\"Cand\u00e1s 365\" \/>\n\t\t<meta name=\"twitter:label2\" content=\"Tiempo de lectura estimado\" \/>\n\t\t<meta name=\"twitter:data2\" content=\"2 minutos\" \/>\n\t\t<script type=\"application\/ld+json\" class=\"aioseo-schema\">\n\t\t\t{\"@context\":\"https:\\\/\\\/schema.org\",\"@graph\":[{\"@type\":\"BreadcrumbList\",\"@id\":\"https:\\\/\\\/candas365.es\\\/noticias\\\/exposicion-en-la-casa-de-la-cultura-de-candas\\\/#breadcrumblist\",\"itemListElement\":[{\"@type\":\"ListItem\",\"@id\":\"https:\\\/\\\/candas365.es\\\/noticias#listItem\",\"position\":1,\"name\":\"Home\",\"item\":\"https:\\\/\\\/candas365.es\\\/noticias\",\"nextItem\":{\"@type\":\"ListItem\",\"@id\":\"https:\\\/\\\/candas365.es\\\/noticias\\\/category\\\/noticias-carreno\\\/#listItem\",\"name\":\"Noticias Carre\\u00f1o\"}},{\"@type\":\"ListItem\",\"@id\":\"https:\\\/\\\/candas365.es\\\/noticias\\\/category\\\/noticias-carreno\\\/#listItem\",\"position\":2,\"name\":\"Noticias Carre\\u00f1o\",\"item\":\"https:\\\/\\\/candas365.es\\\/noticias\\\/category\\\/noticias-carreno\\\/\",\"nextItem\":{\"@type\":\"ListItem\",\"@id\":\"https:\\\/\\\/candas365.es\\\/noticias\\\/exposicion-en-la-casa-de-la-cultura-de-candas\\\/#listItem\",\"name\":\"Exposici\\u00f3n en la Casa de la Cultura de Cand\\u00e1s\"},\"previousItem\":{\"@type\":\"ListItem\",\"@id\":\"https:\\\/\\\/candas365.es\\\/noticias#listItem\",\"name\":\"Home\"}},{\"@type\":\"ListItem\",\"@id\":\"https:\\\/\\\/candas365.es\\\/noticias\\\/exposicion-en-la-casa-de-la-cultura-de-candas\\\/#listItem\",\"position\":3,\"name\":\"Exposici\\u00f3n en la Casa de la Cultura de Cand\\u00e1s\",\"previousItem\":{\"@type\":\"ListItem\",\"@id\":\"https:\\\/\\\/candas365.es\\\/noticias\\\/category\\\/noticias-carreno\\\/#listItem\",\"name\":\"Noticias Carre\\u00f1o\"}}]},{\"@type\":\"NewsArticle\",\"@id\":\"https:\\\/\\\/candas365.es\\\/noticias\\\/exposicion-en-la-casa-de-la-cultura-de-candas\\\/#newsarticle\",\"name\":\"Exposici\\u00f3n en la Casa de la Cultura de Cand\\u00e1s | Cand\\u00e1s 365\",\"headline\":\"Exposici\\u00f3n en la Casa de la Cultura de Cand\\u00e1s\",\"author\":{\"@id\":\"https:\\\/\\\/candas365.es\\\/noticias\\\/author\\\/admin\\\/#author\"},\"publisher\":{\"@id\":\"https:\\\/\\\/candas365.es\\\/noticias\\\/#organization\"},\"image\":{\"@type\":\"ImageObject\",\"url\":\"https:\\\/\\\/candas365.es\\\/noticias\\\/wp-content\\\/uploads\\\/2018\\\/10\\\/brushes-3129361_960_720.jpg\",\"width\":960,\"height\":640},\"datePublished\":\"2020-08-09T11:19:14+02:00\",\"dateModified\":\"2020-08-09T11:19:14+02:00\",\"inLanguage\":\"es-ES\",\"mainEntityOfPage\":{\"@id\":\"https:\\\/\\\/candas365.es\\\/noticias\\\/exposicion-en-la-casa-de-la-cultura-de-candas\\\/#webpage\"},\"isPartOf\":{\"@id\":\"https:\\\/\\\/candas365.es\\\/noticias\\\/exposicion-en-la-casa-de-la-cultura-de-candas\\\/#webpage\"},\"articleSection\":\"Noticias Carre\\u00f1o\",\"dateline\":\"Publicado el agosto 9, 2020.\"},{\"@type\":\"Organization\",\"@id\":\"https:\\\/\\\/candas365.es\\\/noticias\\\/#organization\",\"name\":\"Cand\\u00e1s 365\",\"description\":\"Cand\\u00e1s 365 es un diario digital independiente, fundado en 2012, con base en Asturias. Informamos con rigor sobre actualidad, sociedad, cultura y ocio, con una mirada local y global.\",\"url\":\"https:\\\/\\\/candas365.es\\\/noticias\\\/\",\"email\":\"info@candas365.es\",\"telephone\":\"+34652131393\",\"foundingDate\":\"2012-06-10\",\"logo\":{\"@type\":\"ImageObject\",\"url\":\"https:\\\/\\\/candas365.es\\\/noticias\\\/wp-content\\\/uploads\\\/2024\\\/09\\\/Candas-365-Redes.jpg\",\"@id\":\"https:\\\/\\\/candas365.es\\\/noticias\\\/exposicion-en-la-casa-de-la-cultura-de-candas\\\/#organizationLogo\",\"width\":1152,\"height\":864,\"caption\":\"Cand\\u00e1s 365 Redes\"},\"image\":{\"@id\":\"https:\\\/\\\/candas365.es\\\/noticias\\\/exposicion-en-la-casa-de-la-cultura-de-candas\\\/#organizationLogo\"},\"sameAs\":[\"https:\\\/\\\/www.facebook.com\\\/Nachofdezber\",\"https:\\\/\\\/x.com\\\/NabercoDigital\",\"https:\\\/\\\/www.instagram.com\\\/nachofdezber\\\/\",\"https:\\\/\\\/www.youtube.com\\\/channel\\\/UCZP-2wLEB9Rv6erhFmqVnvg\"],\"address\":{\"@id\":\"https:\\\/\\\/candas365.es\\\/noticias\\\/#postaladdress\",\"@type\":\"PostalAddress\",\"streetAddress\":\"san antonio 4, san antonio 4\",\"postalCode\":\"33430\",\"addressLocality\":\"Cand\\u00e1s\",\"addressRegion\":\"Asturias\",\"addressCountry\":\"ES\"}},{\"@type\":\"Person\",\"@id\":\"https:\\\/\\\/candas365.es\\\/noticias\\\/author\\\/admin\\\/#author\",\"url\":\"https:\\\/\\\/candas365.es\\\/noticias\\\/author\\\/admin\\\/\",\"name\":\"Cand\\u00e1s 365\",\"image\":{\"@type\":\"ImageObject\",\"@id\":\"https:\\\/\\\/candas365.es\\\/noticias\\\/exposicion-en-la-casa-de-la-cultura-de-candas\\\/#authorImage\",\"url\":\"https:\\\/\\\/secure.gravatar.com\\\/avatar\\\/496a8e03d0c493ede1718b7934145dbdf8d89be1036b0eec9544e1094c9de390?s=96&d=mm&r=g\",\"width\":96,\"height\":96,\"caption\":\"Cand\\u00e1s 365\"},\"sameAs\":[\"https:\\\/\\\/www.facebook.com\\\/carrenoactualidad\",\"https:\\\/\\\/twitter.com\\\/nbasturias\",\"https:\\\/\\\/www.instagram.com\\\/nachofdezber\\\/\",\"https:\\\/\\\/www.youtube.com\\\/channel\\\/UCZP-2wLEB9Rv6erhFmqVnvg\"]},{\"@type\":\"WebPage\",\"@id\":\"https:\\\/\\\/candas365.es\\\/noticias\\\/exposicion-en-la-casa-de-la-cultura-de-candas\\\/#webpage\",\"url\":\"https:\\\/\\\/candas365.es\\\/noticias\\\/exposicion-en-la-casa-de-la-cultura-de-candas\\\/\",\"name\":\"Exposici\\u00f3n en la Casa de la Cultura de Cand\\u00e1s | Cand\\u00e1s 365\",\"description\":\"La Casa de la Cultura de Cand\\u00e1s acoge la muestra pict\\u00f3rica del candas\\u00edn Jos\\u00e9 Ram\\u00f3n Rodr\\u00edguez P\\u00e9rez \\u201cMON\\u201d. \\u201c\\u00d3leos, acr\\u00edlicos y t\\u00e9cnicas mixtas, es la presentaci\\u00f3n que el artista candas\\u00edn aporta a la primera exposici\\u00f3n que tiene lugar en su pueblo natal. Un pueblo que tan unido est\\u00e1 a toda su obra y que \\u00e9l\",\"inLanguage\":\"es-ES\",\"isPartOf\":{\"@id\":\"https:\\\/\\\/candas365.es\\\/noticias\\\/#website\"},\"breadcrumb\":{\"@id\":\"https:\\\/\\\/candas365.es\\\/noticias\\\/exposicion-en-la-casa-de-la-cultura-de-candas\\\/#breadcrumblist\"},\"author\":{\"@id\":\"https:\\\/\\\/candas365.es\\\/noticias\\\/author\\\/admin\\\/#author\"},\"creator\":{\"@id\":\"https:\\\/\\\/candas365.es\\\/noticias\\\/author\\\/admin\\\/#author\"},\"image\":{\"@type\":\"ImageObject\",\"url\":\"https:\\\/\\\/candas365.es\\\/noticias\\\/wp-content\\\/uploads\\\/2018\\\/10\\\/brushes-3129361_960_720.jpg\",\"@id\":\"https:\\\/\\\/candas365.es\\\/noticias\\\/exposicion-en-la-casa-de-la-cultura-de-candas\\\/#mainImage\",\"width\":960,\"height\":640},\"primaryImageOfPage\":{\"@id\":\"https:\\\/\\\/candas365.es\\\/noticias\\\/exposicion-en-la-casa-de-la-cultura-de-candas\\\/#mainImage\"},\"datePublished\":\"2020-08-09T11:19:14+02:00\",\"dateModified\":\"2020-08-09T11:19:14+02:00\"},{\"@type\":\"WebSite\",\"@id\":\"https:\\\/\\\/candas365.es\\\/noticias\\\/#website\",\"url\":\"https:\\\/\\\/candas365.es\\\/noticias\\\/\",\"name\":\"Cand\\u00e1s 365\",\"alternateName\":\"Cand\\u00e1s 365 Noticias\",\"description\":\"Actualidad desde Carre\\u00f1o para el mundo\",\"inLanguage\":\"es-ES\",\"publisher\":{\"@id\":\"https:\\\/\\\/candas365.es\\\/noticias\\\/#organization\"}}]}\n\t\t<\/script>\n\t\t<!-- All in One SEO Pro -->\r\n\t\t<title>Exposici\u00f3n en la Casa de la Cultura de Cand\u00e1s | Cand\u00e1s 365<\/title>\n\n","aioseo_head_json":{"title":"Exposici\u00f3n en la Casa de la Cultura de Cand\u00e1s | Cand\u00e1s 365","description":"La Casa de la Cultura de Cand\u00e1s acoge la muestra pict\u00f3rica del candas\u00edn Jos\u00e9 Ram\u00f3n Rodr\u00edguez P\u00e9rez \u201cMON\u201d. \u201c\u00d3leos, acr\u00edlicos y t\u00e9cnicas mixtas, es la presentaci\u00f3n que el artista candas\u00edn aporta a la primera exposici\u00f3n que tiene lugar en su pueblo natal. Un pueblo que tan unido est\u00e1 a toda su obra y que \u00e9l","canonical_url":"https:\/\/candas365.es\/noticias\/exposicion-en-la-casa-de-la-cultura-de-candas\/","robots":"max-image-preview:large","keywords":"noticias carre\u00f1o","webmasterTools":{"google-site-verification":"UA-32230408-1","msvalidate.01":"354F3CDFB2DA171B47FBE9ABF1F88D5","miscellaneous":""},"schema":{"@context":"https:\/\/schema.org","@graph":[{"@type":"BreadcrumbList","@id":"https:\/\/candas365.es\/noticias\/exposicion-en-la-casa-de-la-cultura-de-candas\/#breadcrumblist","itemListElement":[{"@type":"ListItem","@id":"https:\/\/candas365.es\/noticias#listItem","position":1,"name":"Home","item":"https:\/\/candas365.es\/noticias","nextItem":{"@type":"ListItem","@id":"https:\/\/candas365.es\/noticias\/category\/noticias-carreno\/#listItem","name":"Noticias Carre\u00f1o"}},{"@type":"ListItem","@id":"https:\/\/candas365.es\/noticias\/category\/noticias-carreno\/#listItem","position":2,"name":"Noticias Carre\u00f1o","item":"https:\/\/candas365.es\/noticias\/category\/noticias-carreno\/","nextItem":{"@type":"ListItem","@id":"https:\/\/candas365.es\/noticias\/exposicion-en-la-casa-de-la-cultura-de-candas\/#listItem","name":"Exposici\u00f3n en la Casa de la Cultura de Cand\u00e1s"},"previousItem":{"@type":"ListItem","@id":"https:\/\/candas365.es\/noticias#listItem","name":"Home"}},{"@type":"ListItem","@id":"https:\/\/candas365.es\/noticias\/exposicion-en-la-casa-de-la-cultura-de-candas\/#listItem","position":3,"name":"Exposici\u00f3n en la Casa de la Cultura de Cand\u00e1s","previousItem":{"@type":"ListItem","@id":"https:\/\/candas365.es\/noticias\/category\/noticias-carreno\/#listItem","name":"Noticias Carre\u00f1o"}}]},{"@type":"NewsArticle","@id":"https:\/\/candas365.es\/noticias\/exposicion-en-la-casa-de-la-cultura-de-candas\/#newsarticle","name":"Exposici\u00f3n en la Casa de la Cultura de Cand\u00e1s | Cand\u00e1s 365","headline":"Exposici\u00f3n en la Casa de la Cultura de Cand\u00e1s","author":{"@id":"https:\/\/candas365.es\/noticias\/author\/admin\/#author"},"publisher":{"@id":"https:\/\/candas365.es\/noticias\/#organization"},"image":{"@type":"ImageObject","url":"https:\/\/candas365.es\/noticias\/wp-content\/uploads\/2018\/10\/brushes-3129361_960_720.jpg","width":960,"height":640},"datePublished":"2020-08-09T11:19:14+02:00","dateModified":"2020-08-09T11:19:14+02:00","inLanguage":"es-ES","mainEntityOfPage":{"@id":"https:\/\/candas365.es\/noticias\/exposicion-en-la-casa-de-la-cultura-de-candas\/#webpage"},"isPartOf":{"@id":"https:\/\/candas365.es\/noticias\/exposicion-en-la-casa-de-la-cultura-de-candas\/#webpage"},"articleSection":"Noticias Carre\u00f1o","dateline":"Publicado el agosto 9, 2020."},{"@type":"Organization","@id":"https:\/\/candas365.es\/noticias\/#organization","name":"Cand\u00e1s 365","description":"Cand\u00e1s 365 es un diario digital independiente, fundado en 2012, con base en Asturias. Informamos con rigor sobre actualidad, sociedad, cultura y ocio, con una mirada local y global.","url":"https:\/\/candas365.es\/noticias\/","email":"info@candas365.es","telephone":"+34652131393","foundingDate":"2012-06-10","logo":{"@type":"ImageObject","url":"https:\/\/candas365.es\/noticias\/wp-content\/uploads\/2024\/09\/Candas-365-Redes.jpg","@id":"https:\/\/candas365.es\/noticias\/exposicion-en-la-casa-de-la-cultura-de-candas\/#organizationLogo","width":1152,"height":864,"caption":"Cand\u00e1s 365 Redes"},"image":{"@id":"https:\/\/candas365.es\/noticias\/exposicion-en-la-casa-de-la-cultura-de-candas\/#organizationLogo"},"sameAs":["https:\/\/www.facebook.com\/Nachofdezber","https:\/\/x.com\/NabercoDigital","https:\/\/www.instagram.com\/nachofdezber\/","https:\/\/www.youtube.com\/channel\/UCZP-2wLEB9Rv6erhFmqVnvg"],"address":{"@id":"https:\/\/candas365.es\/noticias\/#postaladdress","@type":"PostalAddress","streetAddress":"san antonio 4, san antonio 4","postalCode":"33430","addressLocality":"Cand\u00e1s","addressRegion":"Asturias","addressCountry":"ES"}},{"@type":"Person","@id":"https:\/\/candas365.es\/noticias\/author\/admin\/#author","url":"https:\/\/candas365.es\/noticias\/author\/admin\/","name":"Cand\u00e1s 365","image":{"@type":"ImageObject","@id":"https:\/\/candas365.es\/noticias\/exposicion-en-la-casa-de-la-cultura-de-candas\/#authorImage","url":"https:\/\/secure.gravatar.com\/avatar\/496a8e03d0c493ede1718b7934145dbdf8d89be1036b0eec9544e1094c9de390?s=96&d=mm&r=g","width":96,"height":96,"caption":"Cand\u00e1s 365"},"sameAs":["https:\/\/www.facebook.com\/carrenoactualidad","https:\/\/twitter.com\/nbasturias","https:\/\/www.instagram.com\/nachofdezber\/","https:\/\/www.youtube.com\/channel\/UCZP-2wLEB9Rv6erhFmqVnvg"]},{"@type":"WebPage","@id":"https:\/\/candas365.es\/noticias\/exposicion-en-la-casa-de-la-cultura-de-candas\/#webpage","url":"https:\/\/candas365.es\/noticias\/exposicion-en-la-casa-de-la-cultura-de-candas\/","name":"Exposici\u00f3n en la Casa de la Cultura de Cand\u00e1s | Cand\u00e1s 365","description":"La Casa de la Cultura de Cand\u00e1s acoge la muestra pict\u00f3rica del candas\u00edn Jos\u00e9 Ram\u00f3n Rodr\u00edguez P\u00e9rez \u201cMON\u201d. \u201c\u00d3leos, acr\u00edlicos y t\u00e9cnicas mixtas, es la presentaci\u00f3n que el artista candas\u00edn aporta a la primera exposici\u00f3n que tiene lugar en su pueblo natal. Un pueblo que tan unido est\u00e1 a toda su obra y que \u00e9l","inLanguage":"es-ES","isPartOf":{"@id":"https:\/\/candas365.es\/noticias\/#website"},"breadcrumb":{"@id":"https:\/\/candas365.es\/noticias\/exposicion-en-la-casa-de-la-cultura-de-candas\/#breadcrumblist"},"author":{"@id":"https:\/\/candas365.es\/noticias\/author\/admin\/#author"},"creator":{"@id":"https:\/\/candas365.es\/noticias\/author\/admin\/#author"},"image":{"@type":"ImageObject","url":"https:\/\/candas365.es\/noticias\/wp-content\/uploads\/2018\/10\/brushes-3129361_960_720.jpg","@id":"https:\/\/candas365.es\/noticias\/exposicion-en-la-casa-de-la-cultura-de-candas\/#mainImage","width":960,"height":640},"primaryImageOfPage":{"@id":"https:\/\/candas365.es\/noticias\/exposicion-en-la-casa-de-la-cultura-de-candas\/#mainImage"},"datePublished":"2020-08-09T11:19:14+02:00","dateModified":"2020-08-09T11:19:14+02:00"},{"@type":"WebSite","@id":"https:\/\/candas365.es\/noticias\/#website","url":"https:\/\/candas365.es\/noticias\/","name":"Cand\u00e1s 365","alternateName":"Cand\u00e1s 365 Noticias","description":"Actualidad desde Carre\u00f1o para el mundo","inLanguage":"es-ES","publisher":{"@id":"https:\/\/candas365.es\/noticias\/#organization"}}]},"og:locale":"es_ES","og:site_name":"Cand\u00e1s 365","og:type":"article","og:title":"Exposici\u00f3n en la Casa de la Cultura de Cand\u00e1s | Cand\u00e1s 365","og:description":"La Casa de la Cultura de Cand\u00e1s acoge la muestra pict\u00f3rica del candas\u00edn Jos\u00e9 Ram\u00f3n Rodr\u00edguez P\u00e9rez \u201cMON\u201d. \u201c\u00d3leos, acr\u00edlicos y t\u00e9cnicas mixtas, es la presentaci\u00f3n que el artista candas\u00edn aporta a la primera exposici\u00f3n que tiene lugar en su pueblo natal. Un pueblo que tan unido est\u00e1 a toda su obra y que \u00e9l","og:url":"https:\/\/candas365.es\/noticias\/exposicion-en-la-casa-de-la-cultura-de-candas\/","og:image":"https:\/\/candas365.es\/noticias\/wp-content\/uploads\/2018\/10\/brushes-3129361_960_720.jpg","og:image:secure_url":"https:\/\/candas365.es\/noticias\/wp-content\/uploads\/2018\/10\/brushes-3129361_960_720.jpg","og:image:width":960,"og:image:height":640,"article:published_time":"2020-08-09T11:19:14+00:00","article:modified_time":"2020-08-09T11:19:14+00:00","article:publisher":"https:\/\/www.facebook.com\/Nachofdezber","article:author":"https:\/\/www.facebook.com\/carrenoactualidad","twitter:card":"summary_large_image","twitter:site":"@NabercoDigital","twitter:title":"Exposici\u00f3n en la Casa de la Cultura de Cand\u00e1s | Cand\u00e1s 365","twitter:description":"La Casa de la Cultura de Cand\u00e1s acoge la muestra pict\u00f3rica del candas\u00edn Jos\u00e9 Ram\u00f3n Rodr\u00edguez P\u00e9rez \u201cMON\u201d. \u201c\u00d3leos, acr\u00edlicos y t\u00e9cnicas mixtas, es la presentaci\u00f3n que el artista candas\u00edn aporta a la primera exposici\u00f3n que tiene lugar en su pueblo natal. Un pueblo que tan unido est\u00e1 a toda su obra y que \u00e9l","twitter:creator":"@nbasturias","twitter:image":"https:\/\/candas365.es\/noticias\/wp-content\/uploads\/2018\/10\/brushes-3129361_960_720.jpg","twitter:label1":"Escrito por","twitter:data1":"Cand\u00e1s 365","twitter:label2":"Tiempo de lectura estimado","twitter:data2":"2 minutos"},"aioseo_meta_data":{"post_id":"145632","title":null,"description":"","keywords":"","keyphrases":null,"primary_term":null,"canonical_url":"","og_title":null,"og_description":null,"og_object_type":"default","og_image_type":"default","og_image_url":null,"og_image_width":null,"og_image_height":null,"og_image_custom_url":null,"og_image_custom_fields":null,"og_video":null,"og_custom_url":null,"og_article_section":null,"og_article_tags":null,"twitter_use_og":false,"twitter_card":"default","twitter_image_type":"default","twitter_image_url":null,"twitter_image_custom_url":null,"twitter_image_custom_fields":null,"twitter_title":null,"twitter_description":null,"schema":{"blockGraphs":[],"customGraphs":[],"default":{"data":{"Article":[],"Course":[],"Dataset":[],"FAQPage":[],"Movie":[],"Person":[],"Product":[],"ProductReview":[],"Car":[],"Recipe":[],"Service":[],"SoftwareApplication":[],"WebPage":[]},"graphName":"","isEnabled":true},"graphs":[]},"schema_type":null,"schema_type_options":null,"pillar_content":false,"robots_default":true,"robots_noindex":false,"robots_noarchive":false,"robots_nosnippet":false,"robots_nofollow":false,"robots_noimageindex":false,"robots_noodp":false,"robots_notranslate":false,"robots_max_snippet":null,"robots_max_videopreview":null,"robots_max_imagepreview":"large","priority":null,"frequency":null,"location":null,"local_seo":null,"seo_analyzer_scan_date":"2025-08-31 09:43:24","breadcrumb_settings":null,"limit_modified_date":false,"reviewed_by":null,"open_ai":null,"ai":null,"created":"2020-12-21 10:40:16","updated":"2025-08-31 09:43:24"},"aioseo_breadcrumb":"<div class=\"aioseo-breadcrumbs\"><span class=\"aioseo-breadcrumb\">\n\t<a href=\"https:\/\/candas365.es\/noticias\" title=\"Home\">Home<\/a>\n<\/span><span class=\"aioseo-breadcrumb-separator\">&ndash;<\/span><span class=\"aioseo-breadcrumb\">\n\t<a href=\"https:\/\/candas365.es\/noticias\/category\/noticias-carreno\/\" title=\"Noticias Carre\u00f1o\">Noticias Carre\u00f1o<\/a>\n<\/span><span class=\"aioseo-breadcrumb-separator\">&ndash;<\/span><span class=\"aioseo-breadcrumb\">\n\tExposici\u00f3n en la Casa de la Cultura de Cand\u00e1s\n<\/span><\/div>","aioseo_breadcrumb_json":[{"label":"Home","link":"https:\/\/candas365.es\/noticias"},{"label":"Noticias Carre\u00f1o","link":"https:\/\/candas365.es\/noticias\/category\/noticias-carreno\/"},{"label":"Exposici\u00f3n en la Casa de la Cultura de Cand\u00e1s","link":"https:\/\/candas365.es\/noticias\/exposicion-en-la-casa-de-la-cultura-de-candas\/"}],"_links":{"self":[{"href":"https:\/\/candas365.es\/noticias\/wp-json\/wp\/v2\/posts\/145632","targetHints":{"allow":["GET"]}}],"collection":[{"href":"https:\/\/candas365.es\/noticias\/wp-json\/wp\/v2\/posts"}],"about":[{"href":"https:\/\/candas365.es\/noticias\/wp-json\/wp\/v2\/types\/post"}],"author":[{"embeddable":true,"href":"https:\/\/candas365.es\/noticias\/wp-json\/wp\/v2\/users\/1"}],"replies":[{"embeddable":true,"href":"https:\/\/candas365.es\/noticias\/wp-json\/wp\/v2\/comments?post=145632"}],"version-history":[{"count":0,"href":"https:\/\/candas365.es\/noticias\/wp-json\/wp\/v2\/posts\/145632\/revisions"}],"wp:featuredmedia":[{"embeddable":true,"href":"https:\/\/candas365.es\/noticias\/wp-json\/wp\/v2\/media\/106993"}],"wp:attachment":[{"href":"https:\/\/candas365.es\/noticias\/wp-json\/wp\/v2\/media?parent=145632"}],"wp:term":[{"taxonomy":"category","embeddable":true,"href":"https:\/\/candas365.es\/noticias\/wp-json\/wp\/v2\/categories?post=145632"},{"taxonomy":"post_tag","embeddable":true,"href":"https:\/\/candas365.es\/noticias\/wp-json\/wp\/v2\/tags?post=145632"}],"curies":[{"name":"wp","href":"https:\/\/api.w.org\/{rel}","templated":true}]}}