{"id":145272,"date":"2020-08-01T15:38:21","date_gmt":"2020-08-01T15:38:21","guid":{"rendered":"http:\/\/candas365.es\/noticias\/?p=145272"},"modified":"2020-08-01T15:38:21","modified_gmt":"2020-08-01T15:38:21","slug":"covid-19-candas-recordara-a-las-victimas","status":"publish","type":"post","link":"https:\/\/candas365.es\/noticias\/covid-19-candas-recordara-a-las-victimas\/","title":{"rendered":"Covid-19: Cand\u00e1s recordar\u00e1 a las v\u00edctimas"},"content":{"rendered":"<p><img fetchpriority=\"high\" decoding=\"async\" class=\"alignleft size-medium wp-image-145273\" src=\"https:\/\/candas365.es\/noticias\/wp-content\/uploads\/2020\/08\/Tejo-Cand\u00e1s-Covid-19-360x297.jpg\" alt=\"\" width=\"360\" height=\"297\" srcset=\"https:\/\/candas365.es\/noticias\/wp-content\/uploads\/2020\/08\/Tejo-Cand\u00e1s-Covid-19-360x297.jpg 360w, https:\/\/candas365.es\/noticias\/wp-content\/uploads\/2020\/08\/Tejo-Cand\u00e1s-Covid-19-582x480.jpg 582w, https:\/\/candas365.es\/noticias\/wp-content\/uploads\/2020\/08\/Tejo-Cand\u00e1s-Covid-19-696x574.jpg 696w, https:\/\/candas365.es\/noticias\/wp-content\/uploads\/2020\/08\/Tejo-Cand\u00e1s-Covid-19-509x420.jpg 509w, https:\/\/candas365.es\/noticias\/wp-content\/uploads\/2020\/08\/Tejo-Cand\u00e1s-Covid-19.jpg 719w\" sizes=\"(max-width: 360px) 100vw, 360px\" \/>La Corporaci\u00f3n de Carre\u00f1o e integrantes de la Mesa de Salud local plantaron hace unos d\u00edas \u00e1rbol donado por Presidencia del Principado de Asturias.<\/p>\n<p>Al acto asistieron la vicepresidenta de la Junta General del Principado de Asturias, Celia Fern\u00e1ndez, y la diputada Carmen Eva P\u00e9rez. Representantes de la comunidad educativa, del Centro de D\u00eda y Centro de Apoyo a la integraci\u00f3n de Cand\u00e1s, de la Asamblea Local de Cruz Roja de Carre\u00f1o, del Patronato deportivo municipal, Polic\u00eda Local de Carre\u00f1o y vecindario.<\/p>\n<p>El facultativo Vicente Gonz\u00e1lez, coordinador de la mesa de salud, abri\u00f3 el acto con palabras de reconocimiento y agradecimiento a los profesionales que han contribuido afrontar esta crisis sanitaria. Prosigui\u00f3 con un c\u00e1lido recuerdo a las personas que nos dejaron a causa de la misma.<\/p>\n<p>A continuaci\u00f3n, la Asociaci\u00f3n de Escritores de Asturias ley\u00f3 tres poemas. \u00abSolos\u00bb de Mar\u00eda Esther Garc\u00eda L\u00f3pez, \u201c Por volver a\u00bb de Aurelio Gonz\u00e1lez Ovies y cerr\u00f3 la lectura la Presidenta de la entidad con otro poema suyo.<\/p>\n<p>Finaliz\u00f3 la alcaldesa recordando sentimientos y vivencias que el COVID- 19 ha generado en las personas, profesionales socio sanitarios, fuerzas y cuerpos de seguridad, personal de servicios esenciales que han estado \u201c a pie de obra\u201d en los momentos m\u00e1s duros de la pandemia. A ellos les quiso agradecer su entrega. Anim\u00f3 a los y las presentes a contribuir en la plantaci\u00f3n del tejo donado para rendir tributo a qui\u00e9nes no est\u00e1n hoy con nosotros.<\/p>\n<p>La plantaci\u00f3n del \u00e1rbol en Cand\u00e1s para recordar a las v\u00edctimas para siempre se hizo con medidas sanitarias empleando geles hidro alcoh\u00f3licos y guantes para echar tierra alrededor del tejo. La regidora compar\u00f3 la esperanza e ilusi\u00f3n que supone plantarlo y la responsabilidad de cuidarlo, con la responsabilidad de cuidar y proteger nuestras vidas.<\/p>\n<p>\u201cLos \u00e1rboles como las vidas nacen, crecen, enferman y se recuperan ante los da\u00f1os y dificultades. Se aferran a sus ra\u00edces para seguir adelante adapt\u00e1ndose a cada momento y circunstancias. En Carre\u00f1o trataremos de seguiremos adelante, con la fuerza y cohesi\u00f3n vecinal que nos precede, para vencer tambi\u00e9n a la pandemia del miedo. Reinvent\u00e1ndonos y variando costumbres y h\u00e1bitos que ten\u00edamos instaurados para cuidarnos y protegernos, cuidando tambi\u00e9n a qui\u00e9nes nos rodean y visitan\u201d \u2013 concluy\u00f3 Fern\u00e1ndez.<\/p>\n","protected":false},"excerpt":{"rendered":"<p>La Corporaci\u00f3n de Carre\u00f1o e integrantes de la Mesa de Salud local plantaron hace unos d\u00edas \u00e1rbol donado por Presidencia del Principado de Asturias. Al acto asistieron la vicepresidenta de la Junta General del Principado de Asturias, Celia Fern\u00e1ndez, y la diputada Carmen Eva P\u00e9rez. Representantes de la comunidad educativa, del Centro de D\u00eda y<\/p>\n","protected":false},"author":1,"featured_media":145273,"comment_status":"closed","ping_status":"closed","sticky":false,"template":"","format":"standard","meta":{"footnotes":""},"categories":[2],"tags":[],"class_list":{"0":"post-145272","1":"post","2":"type-post","3":"status-publish","4":"format-standard","5":"has-post-thumbnail","7":"category-noticias-carreno"},"aioseo_notices":[],"aioseo_head":"\n\t\t<!-- All in One SEO Pro 4.9.6.2 - aioseo.com -->\n\t<meta name=\"description\" content=\"La Corporaci\u00f3n de Carre\u00f1o e integrantes de la Mesa de Salud local plantaron hace unos d\u00edas \u00e1rbol donado por Presidencia del Principado de Asturias. Al acto asistieron la vicepresidenta de la Junta General del Principado de Asturias, Celia Fern\u00e1ndez, y la diputada Carmen Eva P\u00e9rez. Representantes de la comunidad educativa, del Centro de D\u00eda y\" \/>\n\t<meta name=\"robots\" content=\"max-image-preview:large\" \/>\n\t<meta name=\"author\" content=\"Cand\u00e1s 365\"\/>\n\t<meta name=\"google-site-verification\" content=\"UA-32230408-1\" \/>\n\t<meta name=\"msvalidate.01\" content=\"354F3CDFB2DA171B47FBE9ABF1F88D5\" \/>\n\t<meta name=\"keywords\" content=\"noticias carre\u00f1o\" \/>\n\t<link rel=\"canonical\" href=\"https:\/\/candas365.es\/noticias\/covid-19-candas-recordara-a-las-victimas\/\" \/>\n\t<meta name=\"generator\" content=\"All in One SEO Pro (AIOSEO) 4.9.6.2\" \/>\n\t\t<meta property=\"og:locale\" content=\"es_ES\" \/>\n\t\t<meta property=\"og:site_name\" content=\"Cand\u00e1s 365\" \/>\n\t\t<meta property=\"og:type\" content=\"article\" \/>\n\t\t<meta property=\"og:title\" content=\"Covid-19: Cand\u00e1s recordar\u00e1 a las v\u00edctimas | Cand\u00e1s 365\" \/>\n\t\t<meta property=\"og:description\" content=\"La Corporaci\u00f3n de Carre\u00f1o e integrantes de la Mesa de Salud local plantaron hace unos d\u00edas \u00e1rbol donado por Presidencia del Principado de Asturias. Al acto asistieron la vicepresidenta de la Junta General del Principado de Asturias, Celia Fern\u00e1ndez, y la diputada Carmen Eva P\u00e9rez. Representantes de la comunidad educativa, del Centro de D\u00eda y\" \/>\n\t\t<meta property=\"og:url\" content=\"https:\/\/candas365.es\/noticias\/covid-19-candas-recordara-a-las-victimas\/\" \/>\n\t\t<meta property=\"og:image\" content=\"https:\/\/candas365.es\/noticias\/wp-content\/uploads\/2020\/08\/Tejo-Cand\u00e1s-Covid-19.jpg\" \/>\n\t\t<meta property=\"og:image:secure_url\" content=\"https:\/\/candas365.es\/noticias\/wp-content\/uploads\/2020\/08\/Tejo-Cand\u00e1s-Covid-19.jpg\" \/>\n\t\t<meta property=\"og:image:width\" content=\"719\" \/>\n\t\t<meta property=\"og:image:height\" content=\"593\" \/>\n\t\t<meta property=\"article:published_time\" content=\"2020-08-01T15:38:21+00:00\" \/>\n\t\t<meta property=\"article:modified_time\" content=\"2020-08-01T15:38:21+00:00\" \/>\n\t\t<meta property=\"article:publisher\" content=\"https:\/\/www.facebook.com\/Nachofdezber\" \/>\n\t\t<meta property=\"article:author\" content=\"https:\/\/www.facebook.com\/carrenoactualidad\" \/>\n\t\t<meta name=\"twitter:card\" content=\"summary_large_image\" \/>\n\t\t<meta name=\"twitter:site\" content=\"@NabercoDigital\" \/>\n\t\t<meta name=\"twitter:title\" content=\"Covid-19: Cand\u00e1s recordar\u00e1 a las v\u00edctimas | Cand\u00e1s 365\" \/>\n\t\t<meta name=\"twitter:description\" content=\"La Corporaci\u00f3n de Carre\u00f1o e integrantes de la Mesa de Salud local plantaron hace unos d\u00edas \u00e1rbol donado por Presidencia del Principado de Asturias. Al acto asistieron la vicepresidenta de la Junta General del Principado de Asturias, Celia Fern\u00e1ndez, y la diputada Carmen Eva P\u00e9rez. Representantes de la comunidad educativa, del Centro de D\u00eda y\" \/>\n\t\t<meta name=\"twitter:creator\" content=\"@nbasturias\" \/>\n\t\t<meta name=\"twitter:image\" content=\"https:\/\/candas365.es\/noticias\/wp-content\/uploads\/2020\/08\/Tejo-Cand\u00e1s-Covid-19.jpg\" \/>\n\t\t<meta name=\"twitter:label1\" content=\"Escrito por\" \/>\n\t\t<meta name=\"twitter:data1\" content=\"Cand\u00e1s 365\" \/>\n\t\t<meta name=\"twitter:label2\" content=\"Tiempo de lectura estimado\" \/>\n\t\t<meta name=\"twitter:data2\" content=\"2 minutos\" \/>\n\t\t<script type=\"application\/ld+json\" class=\"aioseo-schema\">\n\t\t\t{\"@context\":\"https:\\\/\\\/schema.org\",\"@graph\":[{\"@type\":\"BreadcrumbList\",\"@id\":\"https:\\\/\\\/candas365.es\\\/noticias\\\/covid-19-candas-recordara-a-las-victimas\\\/#breadcrumblist\",\"itemListElement\":[{\"@type\":\"ListItem\",\"@id\":\"https:\\\/\\\/candas365.es\\\/noticias#listItem\",\"position\":1,\"name\":\"Home\",\"item\":\"https:\\\/\\\/candas365.es\\\/noticias\",\"nextItem\":{\"@type\":\"ListItem\",\"@id\":\"https:\\\/\\\/candas365.es\\\/noticias\\\/category\\\/noticias-carreno\\\/#listItem\",\"name\":\"Noticias Carre\\u00f1o\"}},{\"@type\":\"ListItem\",\"@id\":\"https:\\\/\\\/candas365.es\\\/noticias\\\/category\\\/noticias-carreno\\\/#listItem\",\"position\":2,\"name\":\"Noticias Carre\\u00f1o\",\"item\":\"https:\\\/\\\/candas365.es\\\/noticias\\\/category\\\/noticias-carreno\\\/\",\"nextItem\":{\"@type\":\"ListItem\",\"@id\":\"https:\\\/\\\/candas365.es\\\/noticias\\\/covid-19-candas-recordara-a-las-victimas\\\/#listItem\",\"name\":\"Covid-19: Cand\\u00e1s recordar\\u00e1 a las v\\u00edctimas\"},\"previousItem\":{\"@type\":\"ListItem\",\"@id\":\"https:\\\/\\\/candas365.es\\\/noticias#listItem\",\"name\":\"Home\"}},{\"@type\":\"ListItem\",\"@id\":\"https:\\\/\\\/candas365.es\\\/noticias\\\/covid-19-candas-recordara-a-las-victimas\\\/#listItem\",\"position\":3,\"name\":\"Covid-19: Cand\\u00e1s recordar\\u00e1 a las v\\u00edctimas\",\"previousItem\":{\"@type\":\"ListItem\",\"@id\":\"https:\\\/\\\/candas365.es\\\/noticias\\\/category\\\/noticias-carreno\\\/#listItem\",\"name\":\"Noticias Carre\\u00f1o\"}}]},{\"@type\":\"NewsArticle\",\"@id\":\"https:\\\/\\\/candas365.es\\\/noticias\\\/covid-19-candas-recordara-a-las-victimas\\\/#newsarticle\",\"name\":\"Covid-19: Cand\\u00e1s recordar\\u00e1 a las v\\u00edctimas | Cand\\u00e1s 365\",\"headline\":\"Covid-19: Cand\\u00e1s recordar\\u00e1 a las v\\u00edctimas\",\"author\":{\"@id\":\"https:\\\/\\\/candas365.es\\\/noticias\\\/author\\\/admin\\\/#author\"},\"publisher\":{\"@id\":\"https:\\\/\\\/candas365.es\\\/noticias\\\/#organization\"},\"image\":{\"@type\":\"ImageObject\",\"url\":\"https:\\\/\\\/candas365.es\\\/noticias\\\/wp-content\\\/uploads\\\/2020\\\/08\\\/Tejo-Cand\\u00e1s-Covid-19.jpg\",\"width\":719,\"height\":593},\"datePublished\":\"2020-08-01T15:38:21+02:00\",\"dateModified\":\"2020-08-01T15:38:21+02:00\",\"inLanguage\":\"es-ES\",\"mainEntityOfPage\":{\"@id\":\"https:\\\/\\\/candas365.es\\\/noticias\\\/covid-19-candas-recordara-a-las-victimas\\\/#webpage\"},\"isPartOf\":{\"@id\":\"https:\\\/\\\/candas365.es\\\/noticias\\\/covid-19-candas-recordara-a-las-victimas\\\/#webpage\"},\"articleSection\":\"Noticias Carre\\u00f1o\",\"dateline\":\"Publicado el agosto 1, 2020.\"},{\"@type\":\"Organization\",\"@id\":\"https:\\\/\\\/candas365.es\\\/noticias\\\/#organization\",\"name\":\"Cand\\u00e1s 365\",\"description\":\"Cand\\u00e1s 365 es un diario digital independiente, fundado en 2012, con base en Asturias. Informamos con rigor sobre actualidad, sociedad, cultura y ocio, con una mirada local y global.\",\"url\":\"https:\\\/\\\/candas365.es\\\/noticias\\\/\",\"email\":\"info@candas365.es\",\"telephone\":\"+34652131393\",\"foundingDate\":\"2012-06-10\",\"logo\":{\"@type\":\"ImageObject\",\"url\":\"https:\\\/\\\/candas365.es\\\/noticias\\\/wp-content\\\/uploads\\\/2024\\\/09\\\/Candas-365-Redes.jpg\",\"@id\":\"https:\\\/\\\/candas365.es\\\/noticias\\\/covid-19-candas-recordara-a-las-victimas\\\/#organizationLogo\",\"width\":1152,\"height\":864,\"caption\":\"Cand\\u00e1s 365 Redes\"},\"image\":{\"@id\":\"https:\\\/\\\/candas365.es\\\/noticias\\\/covid-19-candas-recordara-a-las-victimas\\\/#organizationLogo\"},\"sameAs\":[\"https:\\\/\\\/www.facebook.com\\\/Nachofdezber\",\"https:\\\/\\\/x.com\\\/NabercoDigital\",\"https:\\\/\\\/www.instagram.com\\\/nachofdezber\\\/\",\"https:\\\/\\\/www.youtube.com\\\/channel\\\/UCZP-2wLEB9Rv6erhFmqVnvg\"],\"address\":{\"@id\":\"https:\\\/\\\/candas365.es\\\/noticias\\\/#postaladdress\",\"@type\":\"PostalAddress\",\"streetAddress\":\"san antonio 4, san antonio 4\",\"postalCode\":\"33430\",\"addressLocality\":\"Cand\\u00e1s\",\"addressRegion\":\"Asturias\",\"addressCountry\":\"ES\"}},{\"@type\":\"Person\",\"@id\":\"https:\\\/\\\/candas365.es\\\/noticias\\\/author\\\/admin\\\/#author\",\"url\":\"https:\\\/\\\/candas365.es\\\/noticias\\\/author\\\/admin\\\/\",\"name\":\"Cand\\u00e1s 365\",\"image\":{\"@type\":\"ImageObject\",\"@id\":\"https:\\\/\\\/candas365.es\\\/noticias\\\/covid-19-candas-recordara-a-las-victimas\\\/#authorImage\",\"url\":\"https:\\\/\\\/secure.gravatar.com\\\/avatar\\\/496a8e03d0c493ede1718b7934145dbdf8d89be1036b0eec9544e1094c9de390?s=96&d=mm&r=g\",\"width\":96,\"height\":96,\"caption\":\"Cand\\u00e1s 365\"},\"sameAs\":[\"https:\\\/\\\/www.facebook.com\\\/carrenoactualidad\",\"https:\\\/\\\/twitter.com\\\/nbasturias\",\"https:\\\/\\\/www.instagram.com\\\/nachofdezber\\\/\",\"https:\\\/\\\/www.youtube.com\\\/channel\\\/UCZP-2wLEB9Rv6erhFmqVnvg\"]},{\"@type\":\"WebPage\",\"@id\":\"https:\\\/\\\/candas365.es\\\/noticias\\\/covid-19-candas-recordara-a-las-victimas\\\/#webpage\",\"url\":\"https:\\\/\\\/candas365.es\\\/noticias\\\/covid-19-candas-recordara-a-las-victimas\\\/\",\"name\":\"Covid-19: Cand\\u00e1s recordar\\u00e1 a las v\\u00edctimas | Cand\\u00e1s 365\",\"description\":\"La Corporaci\\u00f3n de Carre\\u00f1o e integrantes de la Mesa de Salud local plantaron hace unos d\\u00edas \\u00e1rbol donado por Presidencia del Principado de Asturias. Al acto asistieron la vicepresidenta de la Junta General del Principado de Asturias, Celia Fern\\u00e1ndez, y la diputada Carmen Eva P\\u00e9rez. Representantes de la comunidad educativa, del Centro de D\\u00eda y\",\"inLanguage\":\"es-ES\",\"isPartOf\":{\"@id\":\"https:\\\/\\\/candas365.es\\\/noticias\\\/#website\"},\"breadcrumb\":{\"@id\":\"https:\\\/\\\/candas365.es\\\/noticias\\\/covid-19-candas-recordara-a-las-victimas\\\/#breadcrumblist\"},\"author\":{\"@id\":\"https:\\\/\\\/candas365.es\\\/noticias\\\/author\\\/admin\\\/#author\"},\"creator\":{\"@id\":\"https:\\\/\\\/candas365.es\\\/noticias\\\/author\\\/admin\\\/#author\"},\"image\":{\"@type\":\"ImageObject\",\"url\":\"https:\\\/\\\/candas365.es\\\/noticias\\\/wp-content\\\/uploads\\\/2020\\\/08\\\/Tejo-Cand\\u00e1s-Covid-19.jpg\",\"@id\":\"https:\\\/\\\/candas365.es\\\/noticias\\\/covid-19-candas-recordara-a-las-victimas\\\/#mainImage\",\"width\":719,\"height\":593},\"primaryImageOfPage\":{\"@id\":\"https:\\\/\\\/candas365.es\\\/noticias\\\/covid-19-candas-recordara-a-las-victimas\\\/#mainImage\"},\"datePublished\":\"2020-08-01T15:38:21+02:00\",\"dateModified\":\"2020-08-01T15:38:21+02:00\"},{\"@type\":\"WebSite\",\"@id\":\"https:\\\/\\\/candas365.es\\\/noticias\\\/#website\",\"url\":\"https:\\\/\\\/candas365.es\\\/noticias\\\/\",\"name\":\"Cand\\u00e1s 365\",\"alternateName\":\"Cand\\u00e1s 365 Noticias\",\"description\":\"Actualidad desde Carre\\u00f1o para el mundo\",\"inLanguage\":\"es-ES\",\"publisher\":{\"@id\":\"https:\\\/\\\/candas365.es\\\/noticias\\\/#organization\"}}]}\n\t\t<\/script>\n\t\t<!-- All in One SEO Pro -->\r\n\t\t<title>Covid-19: Cand\u00e1s recordar\u00e1 a las v\u00edctimas | Cand\u00e1s 365<\/title>\n\n","aioseo_head_json":{"title":"Covid-19: Cand\u00e1s recordar\u00e1 a las v\u00edctimas | Cand\u00e1s 365","description":"La Corporaci\u00f3n de Carre\u00f1o e integrantes de la Mesa de Salud local plantaron hace unos d\u00edas \u00e1rbol donado por Presidencia del Principado de Asturias. Al acto asistieron la vicepresidenta de la Junta General del Principado de Asturias, Celia Fern\u00e1ndez, y la diputada Carmen Eva P\u00e9rez. Representantes de la comunidad educativa, del Centro de D\u00eda y","canonical_url":"https:\/\/candas365.es\/noticias\/covid-19-candas-recordara-a-las-victimas\/","robots":"max-image-preview:large","keywords":"noticias carre\u00f1o","webmasterTools":{"google-site-verification":"UA-32230408-1","msvalidate.01":"354F3CDFB2DA171B47FBE9ABF1F88D5","miscellaneous":""},"schema":{"@context":"https:\/\/schema.org","@graph":[{"@type":"BreadcrumbList","@id":"https:\/\/candas365.es\/noticias\/covid-19-candas-recordara-a-las-victimas\/#breadcrumblist","itemListElement":[{"@type":"ListItem","@id":"https:\/\/candas365.es\/noticias#listItem","position":1,"name":"Home","item":"https:\/\/candas365.es\/noticias","nextItem":{"@type":"ListItem","@id":"https:\/\/candas365.es\/noticias\/category\/noticias-carreno\/#listItem","name":"Noticias Carre\u00f1o"}},{"@type":"ListItem","@id":"https:\/\/candas365.es\/noticias\/category\/noticias-carreno\/#listItem","position":2,"name":"Noticias Carre\u00f1o","item":"https:\/\/candas365.es\/noticias\/category\/noticias-carreno\/","nextItem":{"@type":"ListItem","@id":"https:\/\/candas365.es\/noticias\/covid-19-candas-recordara-a-las-victimas\/#listItem","name":"Covid-19: Cand\u00e1s recordar\u00e1 a las v\u00edctimas"},"previousItem":{"@type":"ListItem","@id":"https:\/\/candas365.es\/noticias#listItem","name":"Home"}},{"@type":"ListItem","@id":"https:\/\/candas365.es\/noticias\/covid-19-candas-recordara-a-las-victimas\/#listItem","position":3,"name":"Covid-19: Cand\u00e1s recordar\u00e1 a las v\u00edctimas","previousItem":{"@type":"ListItem","@id":"https:\/\/candas365.es\/noticias\/category\/noticias-carreno\/#listItem","name":"Noticias Carre\u00f1o"}}]},{"@type":"NewsArticle","@id":"https:\/\/candas365.es\/noticias\/covid-19-candas-recordara-a-las-victimas\/#newsarticle","name":"Covid-19: Cand\u00e1s recordar\u00e1 a las v\u00edctimas | Cand\u00e1s 365","headline":"Covid-19: Cand\u00e1s recordar\u00e1 a las v\u00edctimas","author":{"@id":"https:\/\/candas365.es\/noticias\/author\/admin\/#author"},"publisher":{"@id":"https:\/\/candas365.es\/noticias\/#organization"},"image":{"@type":"ImageObject","url":"https:\/\/candas365.es\/noticias\/wp-content\/uploads\/2020\/08\/Tejo-Cand\u00e1s-Covid-19.jpg","width":719,"height":593},"datePublished":"2020-08-01T15:38:21+02:00","dateModified":"2020-08-01T15:38:21+02:00","inLanguage":"es-ES","mainEntityOfPage":{"@id":"https:\/\/candas365.es\/noticias\/covid-19-candas-recordara-a-las-victimas\/#webpage"},"isPartOf":{"@id":"https:\/\/candas365.es\/noticias\/covid-19-candas-recordara-a-las-victimas\/#webpage"},"articleSection":"Noticias Carre\u00f1o","dateline":"Publicado el agosto 1, 2020."},{"@type":"Organization","@id":"https:\/\/candas365.es\/noticias\/#organization","name":"Cand\u00e1s 365","description":"Cand\u00e1s 365 es un diario digital independiente, fundado en 2012, con base en Asturias. Informamos con rigor sobre actualidad, sociedad, cultura y ocio, con una mirada local y global.","url":"https:\/\/candas365.es\/noticias\/","email":"info@candas365.es","telephone":"+34652131393","foundingDate":"2012-06-10","logo":{"@type":"ImageObject","url":"https:\/\/candas365.es\/noticias\/wp-content\/uploads\/2024\/09\/Candas-365-Redes.jpg","@id":"https:\/\/candas365.es\/noticias\/covid-19-candas-recordara-a-las-victimas\/#organizationLogo","width":1152,"height":864,"caption":"Cand\u00e1s 365 Redes"},"image":{"@id":"https:\/\/candas365.es\/noticias\/covid-19-candas-recordara-a-las-victimas\/#organizationLogo"},"sameAs":["https:\/\/www.facebook.com\/Nachofdezber","https:\/\/x.com\/NabercoDigital","https:\/\/www.instagram.com\/nachofdezber\/","https:\/\/www.youtube.com\/channel\/UCZP-2wLEB9Rv6erhFmqVnvg"],"address":{"@id":"https:\/\/candas365.es\/noticias\/#postaladdress","@type":"PostalAddress","streetAddress":"san antonio 4, san antonio 4","postalCode":"33430","addressLocality":"Cand\u00e1s","addressRegion":"Asturias","addressCountry":"ES"}},{"@type":"Person","@id":"https:\/\/candas365.es\/noticias\/author\/admin\/#author","url":"https:\/\/candas365.es\/noticias\/author\/admin\/","name":"Cand\u00e1s 365","image":{"@type":"ImageObject","@id":"https:\/\/candas365.es\/noticias\/covid-19-candas-recordara-a-las-victimas\/#authorImage","url":"https:\/\/secure.gravatar.com\/avatar\/496a8e03d0c493ede1718b7934145dbdf8d89be1036b0eec9544e1094c9de390?s=96&d=mm&r=g","width":96,"height":96,"caption":"Cand\u00e1s 365"},"sameAs":["https:\/\/www.facebook.com\/carrenoactualidad","https:\/\/twitter.com\/nbasturias","https:\/\/www.instagram.com\/nachofdezber\/","https:\/\/www.youtube.com\/channel\/UCZP-2wLEB9Rv6erhFmqVnvg"]},{"@type":"WebPage","@id":"https:\/\/candas365.es\/noticias\/covid-19-candas-recordara-a-las-victimas\/#webpage","url":"https:\/\/candas365.es\/noticias\/covid-19-candas-recordara-a-las-victimas\/","name":"Covid-19: Cand\u00e1s recordar\u00e1 a las v\u00edctimas | Cand\u00e1s 365","description":"La Corporaci\u00f3n de Carre\u00f1o e integrantes de la Mesa de Salud local plantaron hace unos d\u00edas \u00e1rbol donado por Presidencia del Principado de Asturias. Al acto asistieron la vicepresidenta de la Junta General del Principado de Asturias, Celia Fern\u00e1ndez, y la diputada Carmen Eva P\u00e9rez. Representantes de la comunidad educativa, del Centro de D\u00eda y","inLanguage":"es-ES","isPartOf":{"@id":"https:\/\/candas365.es\/noticias\/#website"},"breadcrumb":{"@id":"https:\/\/candas365.es\/noticias\/covid-19-candas-recordara-a-las-victimas\/#breadcrumblist"},"author":{"@id":"https:\/\/candas365.es\/noticias\/author\/admin\/#author"},"creator":{"@id":"https:\/\/candas365.es\/noticias\/author\/admin\/#author"},"image":{"@type":"ImageObject","url":"https:\/\/candas365.es\/noticias\/wp-content\/uploads\/2020\/08\/Tejo-Cand\u00e1s-Covid-19.jpg","@id":"https:\/\/candas365.es\/noticias\/covid-19-candas-recordara-a-las-victimas\/#mainImage","width":719,"height":593},"primaryImageOfPage":{"@id":"https:\/\/candas365.es\/noticias\/covid-19-candas-recordara-a-las-victimas\/#mainImage"},"datePublished":"2020-08-01T15:38:21+02:00","dateModified":"2020-08-01T15:38:21+02:00"},{"@type":"WebSite","@id":"https:\/\/candas365.es\/noticias\/#website","url":"https:\/\/candas365.es\/noticias\/","name":"Cand\u00e1s 365","alternateName":"Cand\u00e1s 365 Noticias","description":"Actualidad desde Carre\u00f1o para el mundo","inLanguage":"es-ES","publisher":{"@id":"https:\/\/candas365.es\/noticias\/#organization"}}]},"og:locale":"es_ES","og:site_name":"Cand\u00e1s 365","og:type":"article","og:title":"Covid-19: Cand\u00e1s recordar\u00e1 a las v\u00edctimas | Cand\u00e1s 365","og:description":"La Corporaci\u00f3n de Carre\u00f1o e integrantes de la Mesa de Salud local plantaron hace unos d\u00edas \u00e1rbol donado por Presidencia del Principado de Asturias. Al acto asistieron la vicepresidenta de la Junta General del Principado de Asturias, Celia Fern\u00e1ndez, y la diputada Carmen Eva P\u00e9rez. Representantes de la comunidad educativa, del Centro de D\u00eda y","og:url":"https:\/\/candas365.es\/noticias\/covid-19-candas-recordara-a-las-victimas\/","og:image":"https:\/\/candas365.es\/noticias\/wp-content\/uploads\/2020\/08\/Tejo-Cand\u00e1s-Covid-19.jpg","og:image:secure_url":"https:\/\/candas365.es\/noticias\/wp-content\/uploads\/2020\/08\/Tejo-Cand\u00e1s-Covid-19.jpg","og:image:width":719,"og:image:height":593,"article:published_time":"2020-08-01T15:38:21+00:00","article:modified_time":"2020-08-01T15:38:21+00:00","article:publisher":"https:\/\/www.facebook.com\/Nachofdezber","article:author":"https:\/\/www.facebook.com\/carrenoactualidad","twitter:card":"summary_large_image","twitter:site":"@NabercoDigital","twitter:title":"Covid-19: Cand\u00e1s recordar\u00e1 a las v\u00edctimas | Cand\u00e1s 365","twitter:description":"La Corporaci\u00f3n de Carre\u00f1o e integrantes de la Mesa de Salud local plantaron hace unos d\u00edas \u00e1rbol donado por Presidencia del Principado de Asturias. Al acto asistieron la vicepresidenta de la Junta General del Principado de Asturias, Celia Fern\u00e1ndez, y la diputada Carmen Eva P\u00e9rez. Representantes de la comunidad educativa, del Centro de D\u00eda y","twitter:creator":"@nbasturias","twitter:image":"https:\/\/candas365.es\/noticias\/wp-content\/uploads\/2020\/08\/Tejo-Cand\u00e1s-Covid-19.jpg","twitter:label1":"Escrito por","twitter:data1":"Cand\u00e1s 365","twitter:label2":"Tiempo de lectura estimado","twitter:data2":"2 minutos"},"aioseo_meta_data":{"post_id":"145272","title":null,"description":"","keywords":"","keyphrases":null,"primary_term":null,"canonical_url":"","og_title":null,"og_description":null,"og_object_type":"default","og_image_type":"default","og_image_url":null,"og_image_width":null,"og_image_height":null,"og_image_custom_url":null,"og_image_custom_fields":null,"og_video":null,"og_custom_url":null,"og_article_section":null,"og_article_tags":null,"twitter_use_og":false,"twitter_card":"default","twitter_image_type":"default","twitter_image_url":null,"twitter_image_custom_url":null,"twitter_image_custom_fields":null,"twitter_title":null,"twitter_description":null,"schema":{"blockGraphs":[],"customGraphs":[],"default":{"data":{"Article":[],"Course":[],"Dataset":[],"FAQPage":[],"Movie":[],"Person":[],"Product":[],"ProductReview":[],"Car":[],"Recipe":[],"Service":[],"SoftwareApplication":[],"WebPage":[]},"graphName":"","isEnabled":true},"graphs":[],"defaultGraph":"","defaultPostTypeGraph":""},"schema_type":null,"schema_type_options":null,"pillar_content":false,"robots_default":true,"robots_noindex":false,"robots_noarchive":false,"robots_nosnippet":false,"robots_nofollow":false,"robots_noimageindex":false,"robots_noodp":false,"robots_notranslate":false,"robots_max_snippet":null,"robots_max_videopreview":null,"robots_max_imagepreview":"large","priority":null,"frequency":null,"location":null,"local_seo":null,"seo_analyzer_scan_date":"2025-08-31 09:16:08","breadcrumb_settings":null,"limit_modified_date":false,"reviewed_by":null,"open_ai":null,"ai":null,"created":"2020-12-21 10:40:31","updated":"2025-08-31 09:16:08"},"aioseo_breadcrumb":"<div class=\"aioseo-breadcrumbs\"><span class=\"aioseo-breadcrumb\">\n\t<a href=\"https:\/\/candas365.es\/noticias\" title=\"Home\">Home<\/a>\n<\/span><span class=\"aioseo-breadcrumb-separator\">&ndash;<\/span><span class=\"aioseo-breadcrumb\">\n\t<a href=\"https:\/\/candas365.es\/noticias\/category\/noticias-carreno\/\" title=\"Noticias Carre\u00f1o\">Noticias Carre\u00f1o<\/a>\n<\/span><span class=\"aioseo-breadcrumb-separator\">&ndash;<\/span><span class=\"aioseo-breadcrumb\">\n\tCovid-19: Cand\u00e1s recordar\u00e1 a las v\u00edctimas\n<\/span><\/div>","aioseo_breadcrumb_json":[{"label":"Home","link":"https:\/\/candas365.es\/noticias"},{"label":"Noticias Carre\u00f1o","link":"https:\/\/candas365.es\/noticias\/category\/noticias-carreno\/"},{"label":"Covid-19: Cand\u00e1s recordar\u00e1 a las v\u00edctimas","link":"https:\/\/candas365.es\/noticias\/covid-19-candas-recordara-a-las-victimas\/"}],"_links":{"self":[{"href":"https:\/\/candas365.es\/noticias\/wp-json\/wp\/v2\/posts\/145272","targetHints":{"allow":["GET"]}}],"collection":[{"href":"https:\/\/candas365.es\/noticias\/wp-json\/wp\/v2\/posts"}],"about":[{"href":"https:\/\/candas365.es\/noticias\/wp-json\/wp\/v2\/types\/post"}],"author":[{"embeddable":true,"href":"https:\/\/candas365.es\/noticias\/wp-json\/wp\/v2\/users\/1"}],"replies":[{"embeddable":true,"href":"https:\/\/candas365.es\/noticias\/wp-json\/wp\/v2\/comments?post=145272"}],"version-history":[{"count":0,"href":"https:\/\/candas365.es\/noticias\/wp-json\/wp\/v2\/posts\/145272\/revisions"}],"wp:featuredmedia":[{"embeddable":true,"href":"https:\/\/candas365.es\/noticias\/wp-json\/wp\/v2\/media\/145273"}],"wp:attachment":[{"href":"https:\/\/candas365.es\/noticias\/wp-json\/wp\/v2\/media?parent=145272"}],"wp:term":[{"taxonomy":"category","embeddable":true,"href":"https:\/\/candas365.es\/noticias\/wp-json\/wp\/v2\/categories?post=145272"},{"taxonomy":"post_tag","embeddable":true,"href":"https:\/\/candas365.es\/noticias\/wp-json\/wp\/v2\/tags?post=145272"}],"curies":[{"name":"wp","href":"https:\/\/api.w.org\/{rel}","templated":true}]}}