{"id":144884,"date":"2020-07-18T10:34:04","date_gmt":"2020-07-18T10:34:04","guid":{"rendered":"http:\/\/candas365.es\/noticias\/?p=144884"},"modified":"2020-07-18T10:34:04","modified_gmt":"2020-07-18T10:34:04","slug":"aprobado-el-presupuesto-de-la-mancomunidad-cabo-penas","status":"publish","type":"post","link":"https:\/\/candas365.es\/noticias\/aprobado-el-presupuesto-de-la-mancomunidad-cabo-penas\/","title":{"rendered":"Aprobado el presupuesto de la Mancomunidad Cabo Pe\u00f1as"},"content":{"rendered":"<p><img fetchpriority=\"high\" decoding=\"async\" class=\"alignleft size-medium wp-image-6453\" src=\"https:\/\/candas365.es\/noticias\/wp-content\/uploads\/2015\/01\/ayuntamiento-360x270.jpg\" alt=\"\" width=\"360\" height=\"270\" srcset=\"https:\/\/candas365.es\/noticias\/wp-content\/uploads\/2015\/01\/ayuntamiento-360x270.jpg 360w, https:\/\/candas365.es\/noticias\/wp-content\/uploads\/2015\/01\/ayuntamiento-640x480.jpg 640w, https:\/\/candas365.es\/noticias\/wp-content\/uploads\/2015\/01\/ayuntamiento-768x576.jpg 768w, https:\/\/candas365.es\/noticias\/wp-content\/uploads\/2015\/01\/ayuntamiento-150x113.jpg 150w, https:\/\/candas365.es\/noticias\/wp-content\/uploads\/2015\/01\/ayuntamiento-450x338.jpg 450w, https:\/\/candas365.es\/noticias\/wp-content\/uploads\/2015\/01\/ayuntamiento-80x60.jpg 80w, https:\/\/candas365.es\/noticias\/wp-content\/uploads\/2015\/01\/ayuntamiento-265x198.jpg 265w, https:\/\/candas365.es\/noticias\/wp-content\/uploads\/2015\/01\/ayuntamiento-696x522.jpg 696w, https:\/\/candas365.es\/noticias\/wp-content\/uploads\/2015\/01\/ayuntamiento-560x420.jpg 560w, https:\/\/candas365.es\/noticias\/wp-content\/uploads\/2015\/01\/ayuntamiento-90x67.jpg 90w, https:\/\/candas365.es\/noticias\/wp-content\/uploads\/2015\/01\/ayuntamiento.jpg 800w\" sizes=\"(max-width: 360px) 100vw, 360px\" \/>La Junta de la Mancomunidad Cabo Pe\u00f1as en una sesi\u00f3n celebrada hace unos d\u00edas aprob\u00f3 los Presupuestos de la Mancomunidad Cabo Pe\u00f1as para el a\u00f1o 2020.<\/p>\n<p>Al inicio de la sesi\u00f3n tomaron posesi\u00f3n en el entre supra municipal las siguientes concejalas: Mar\u00eda Eugenia Fern\u00e1ndez Fern\u00e1ndez de PSOE Goz\u00f3n, Beatriz Fern\u00e1ndez Antu\u00f1a de PSOE Carre\u00f1o y Julia \u00c1lvarez-Santullano Mourenza de IU de Carre\u00f1o.<\/p>\n<p>El Presupuesto equilibrado en Gastos e Ingresos asciende a 846.116 \u20ac. En el apartado de gastos los gastos relativos a personal ascienden a: 366.210 \u20ac. Incluye Retribuciones y Seguridad Social.<\/p>\n<p>Gastos Corrientes en Bienes y Servicios: 448.906 \u20ac. En este cap\u00edtulo destacan los gastos corrientes de la Piscina: 275.000 \u20ac Trabajos realizados por otras empresas; Gastos diversos de la piscina: 10.000 \u20ac; Suministros de la Piscina: 100.000 \u20ac; Comunicaciones; 500 \u20ac. Adem\u00e1s, los gastos de Material de oficina, suministros servicios generales, comunicaciones servicios generales, gastos diversos servicios generales, etc. para el normal funcionamiento de la Mancomunidad. Gastos Financieros: 700 \u20ac. Gastos Bancarios. Inversiones Reales: 1.800 \u20ac. Se incluyen partidas presupuestarias para Mobiliario: 500 \u20ac; Equipos procesos de Informaci\u00f3n: 1.000 \u20ac y Edificios y otras construcciones: 300 \u20ac. Pasivos Financieros: 28.500 \u20ac. Para amortizaci\u00f3n del Pr\u00e9stamo a largo plazo de la Piscina con el BBVA.<\/p>\n<p>En el apartado de ingresos por Tasas, Precios P\u00fablicos y otros ingresos se prev\u00e9 recaudar 108.000 \u20ac. Los procedentes del Precio P\u00fablico por utilizaci\u00f3n de la piscina. Transferencias corrientes: 734.916 \u20ac. Incluye las aportaciones de los Ayuntamientos: 676.716 \u20ac y del Principado de Asturias 58.200 \u20ac. Ingresos Patrimoniales: 3.200 \u20ac. Procedentes de la Concesi\u00f3n de la cafeter\u00eda de la piscina.<\/p>\n<p>El Presupuesto fue aprobado con 13 votos a favor: PSOE de Carre\u00f1o (6) y PSOE de Goz\u00f3n (7).<\/p>\n<p>9 Abstenciones: IU de Carre\u00f1o: 5; IU de Goz\u00f3n: 2; 2 de SOMOS-Carre\u00f1o-Podemos. No asisti\u00f3 a la sesi\u00f3n ning\u00fan representante del Partido Popular.<\/p>\n<p>Tambi\u00e9n se aprob\u00f3 el incremento retributivo del personal de la Mancomunidad para los a\u00f1os 2019 y 2020, con el abono de atrasos, que fue aprobado por unanimidad.<\/p>\n<p>El \u00faltimo asunto tratado fue la designaci\u00f3n de representantes de la Mancomunidad en ADICAP, aprobado con 14 Votos a favor del PSOE.<\/p>\n<p>&nbsp;<\/p>\n","protected":false},"excerpt":{"rendered":"<p>La Junta de la Mancomunidad Cabo Pe\u00f1as en una sesi\u00f3n celebrada hace unos d\u00edas aprob\u00f3 los Presupuestos de la Mancomunidad Cabo Pe\u00f1as para el a\u00f1o 2020. Al inicio de la sesi\u00f3n tomaron posesi\u00f3n en el entre supra municipal las siguientes concejalas: Mar\u00eda Eugenia Fern\u00e1ndez Fern\u00e1ndez de PSOE Goz\u00f3n, Beatriz Fern\u00e1ndez Antu\u00f1a de PSOE Carre\u00f1o y<\/p>\n","protected":false},"author":1,"featured_media":19556,"comment_status":"closed","ping_status":"closed","sticky":false,"template":"","format":"standard","meta":{"footnotes":""},"categories":[2],"tags":[],"class_list":{"0":"post-144884","1":"post","2":"type-post","3":"status-publish","4":"format-standard","5":"has-post-thumbnail","7":"category-noticias-carreno"},"aioseo_notices":[],"aioseo_head":"\n\t\t<!-- All in One SEO Pro 4.9.6.2 - aioseo.com -->\n\t<meta name=\"description\" content=\"La Junta de la Mancomunidad Cabo Pe\u00f1as en una sesi\u00f3n celebrada hace unos d\u00edas aprob\u00f3 los Presupuestos de la Mancomunidad Cabo Pe\u00f1as para el a\u00f1o 2020. Al inicio de la sesi\u00f3n tomaron posesi\u00f3n en el entre supra municipal las siguientes concejalas: Mar\u00eda Eugenia Fern\u00e1ndez Fern\u00e1ndez de PSOE Goz\u00f3n, Beatriz Fern\u00e1ndez Antu\u00f1a de PSOE Carre\u00f1o y\" \/>\n\t<meta name=\"robots\" content=\"max-image-preview:large\" \/>\n\t<meta name=\"author\" content=\"Cand\u00e1s 365\"\/>\n\t<meta name=\"google-site-verification\" content=\"UA-32230408-1\" \/>\n\t<meta name=\"msvalidate.01\" content=\"354F3CDFB2DA171B47FBE9ABF1F88D5\" \/>\n\t<meta name=\"keywords\" content=\"noticias carre\u00f1o\" \/>\n\t<link rel=\"canonical\" href=\"https:\/\/candas365.es\/noticias\/aprobado-el-presupuesto-de-la-mancomunidad-cabo-penas\/\" \/>\n\t<meta name=\"generator\" content=\"All in One SEO Pro (AIOSEO) 4.9.6.2\" \/>\n\t\t<meta property=\"og:locale\" content=\"es_ES\" \/>\n\t\t<meta property=\"og:site_name\" content=\"Cand\u00e1s 365\" \/>\n\t\t<meta property=\"og:type\" content=\"article\" \/>\n\t\t<meta property=\"og:title\" content=\"Aprobado el presupuesto de la Mancomunidad Cabo Pe\u00f1as | Cand\u00e1s 365\" \/>\n\t\t<meta property=\"og:description\" content=\"La Junta de la Mancomunidad Cabo Pe\u00f1as en una sesi\u00f3n celebrada hace unos d\u00edas aprob\u00f3 los Presupuestos de la Mancomunidad Cabo Pe\u00f1as para el a\u00f1o 2020. Al inicio de la sesi\u00f3n tomaron posesi\u00f3n en el entre supra municipal las siguientes concejalas: Mar\u00eda Eugenia Fern\u00e1ndez Fern\u00e1ndez de PSOE Goz\u00f3n, Beatriz Fern\u00e1ndez Antu\u00f1a de PSOE Carre\u00f1o y\" \/>\n\t\t<meta property=\"og:url\" content=\"https:\/\/candas365.es\/noticias\/aprobado-el-presupuesto-de-la-mancomunidad-cabo-penas\/\" \/>\n\t\t<meta property=\"og:image\" content=\"https:\/\/candas365.es\/noticias\/wp-content\/uploads\/2015\/11\/euros.jpg\" \/>\n\t\t<meta property=\"og:image:secure_url\" content=\"https:\/\/candas365.es\/noticias\/wp-content\/uploads\/2015\/11\/euros.jpg\" \/>\n\t\t<meta property=\"og:image:width\" content=\"655\" \/>\n\t\t<meta property=\"og:image:height\" content=\"360\" \/>\n\t\t<meta property=\"article:published_time\" content=\"2020-07-18T10:34:04+00:00\" \/>\n\t\t<meta property=\"article:modified_time\" content=\"2020-07-18T10:34:04+00:00\" \/>\n\t\t<meta property=\"article:publisher\" content=\"https:\/\/www.facebook.com\/Nachofdezber\" \/>\n\t\t<meta property=\"article:author\" content=\"https:\/\/www.facebook.com\/carrenoactualidad\" \/>\n\t\t<meta name=\"twitter:card\" content=\"summary_large_image\" \/>\n\t\t<meta name=\"twitter:site\" content=\"@NabercoDigital\" \/>\n\t\t<meta name=\"twitter:title\" content=\"Aprobado el presupuesto de la Mancomunidad Cabo Pe\u00f1as | Cand\u00e1s 365\" \/>\n\t\t<meta name=\"twitter:description\" content=\"La Junta de la Mancomunidad Cabo Pe\u00f1as en una sesi\u00f3n celebrada hace unos d\u00edas aprob\u00f3 los Presupuestos de la Mancomunidad Cabo Pe\u00f1as para el a\u00f1o 2020. Al inicio de la sesi\u00f3n tomaron posesi\u00f3n en el entre supra municipal las siguientes concejalas: Mar\u00eda Eugenia Fern\u00e1ndez Fern\u00e1ndez de PSOE Goz\u00f3n, Beatriz Fern\u00e1ndez Antu\u00f1a de PSOE Carre\u00f1o y\" \/>\n\t\t<meta name=\"twitter:creator\" content=\"@nbasturias\" \/>\n\t\t<meta name=\"twitter:image\" content=\"https:\/\/candas365.es\/noticias\/wp-content\/uploads\/2015\/11\/euros.jpg\" \/>\n\t\t<meta name=\"twitter:label1\" content=\"Escrito por\" \/>\n\t\t<meta name=\"twitter:data1\" content=\"Cand\u00e1s 365\" \/>\n\t\t<meta name=\"twitter:label2\" content=\"Tiempo de lectura estimado\" \/>\n\t\t<meta name=\"twitter:data2\" content=\"2 minutos\" \/>\n\t\t<script type=\"application\/ld+json\" class=\"aioseo-schema\">\n\t\t\t{\"@context\":\"https:\\\/\\\/schema.org\",\"@graph\":[{\"@type\":\"BreadcrumbList\",\"@id\":\"https:\\\/\\\/candas365.es\\\/noticias\\\/aprobado-el-presupuesto-de-la-mancomunidad-cabo-penas\\\/#breadcrumblist\",\"itemListElement\":[{\"@type\":\"ListItem\",\"@id\":\"https:\\\/\\\/candas365.es\\\/noticias#listItem\",\"position\":1,\"name\":\"Home\",\"item\":\"https:\\\/\\\/candas365.es\\\/noticias\",\"nextItem\":{\"@type\":\"ListItem\",\"@id\":\"https:\\\/\\\/candas365.es\\\/noticias\\\/category\\\/noticias-carreno\\\/#listItem\",\"name\":\"Noticias Carre\\u00f1o\"}},{\"@type\":\"ListItem\",\"@id\":\"https:\\\/\\\/candas365.es\\\/noticias\\\/category\\\/noticias-carreno\\\/#listItem\",\"position\":2,\"name\":\"Noticias Carre\\u00f1o\",\"item\":\"https:\\\/\\\/candas365.es\\\/noticias\\\/category\\\/noticias-carreno\\\/\",\"nextItem\":{\"@type\":\"ListItem\",\"@id\":\"https:\\\/\\\/candas365.es\\\/noticias\\\/aprobado-el-presupuesto-de-la-mancomunidad-cabo-penas\\\/#listItem\",\"name\":\"Aprobado el presupuesto de la Mancomunidad Cabo Pe\\u00f1as\"},\"previousItem\":{\"@type\":\"ListItem\",\"@id\":\"https:\\\/\\\/candas365.es\\\/noticias#listItem\",\"name\":\"Home\"}},{\"@type\":\"ListItem\",\"@id\":\"https:\\\/\\\/candas365.es\\\/noticias\\\/aprobado-el-presupuesto-de-la-mancomunidad-cabo-penas\\\/#listItem\",\"position\":3,\"name\":\"Aprobado el presupuesto de la Mancomunidad Cabo Pe\\u00f1as\",\"previousItem\":{\"@type\":\"ListItem\",\"@id\":\"https:\\\/\\\/candas365.es\\\/noticias\\\/category\\\/noticias-carreno\\\/#listItem\",\"name\":\"Noticias Carre\\u00f1o\"}}]},{\"@type\":\"NewsArticle\",\"@id\":\"https:\\\/\\\/candas365.es\\\/noticias\\\/aprobado-el-presupuesto-de-la-mancomunidad-cabo-penas\\\/#newsarticle\",\"name\":\"Aprobado el presupuesto de la Mancomunidad Cabo Pe\\u00f1as | Cand\\u00e1s 365\",\"headline\":\"Aprobado el presupuesto de la Mancomunidad Cabo Pe\\u00f1as\",\"author\":{\"@id\":\"https:\\\/\\\/candas365.es\\\/noticias\\\/author\\\/admin\\\/#author\"},\"publisher\":{\"@id\":\"https:\\\/\\\/candas365.es\\\/noticias\\\/#organization\"},\"image\":{\"@type\":\"ImageObject\",\"url\":\"https:\\\/\\\/candas365.es\\\/noticias\\\/wp-content\\\/uploads\\\/2015\\\/11\\\/euros.jpg\",\"width\":655,\"height\":360},\"datePublished\":\"2020-07-18T10:34:04+02:00\",\"dateModified\":\"2020-07-18T10:34:04+02:00\",\"inLanguage\":\"es-ES\",\"mainEntityOfPage\":{\"@id\":\"https:\\\/\\\/candas365.es\\\/noticias\\\/aprobado-el-presupuesto-de-la-mancomunidad-cabo-penas\\\/#webpage\"},\"isPartOf\":{\"@id\":\"https:\\\/\\\/candas365.es\\\/noticias\\\/aprobado-el-presupuesto-de-la-mancomunidad-cabo-penas\\\/#webpage\"},\"articleSection\":\"Noticias Carre\\u00f1o\",\"dateline\":\"Publicado el julio 18, 2020.\"},{\"@type\":\"Organization\",\"@id\":\"https:\\\/\\\/candas365.es\\\/noticias\\\/#organization\",\"name\":\"Cand\\u00e1s 365\",\"description\":\"Cand\\u00e1s 365 es un diario digital independiente, fundado en 2012, con base en Asturias. Informamos con rigor sobre actualidad, sociedad, cultura y ocio, con una mirada local y global.\",\"url\":\"https:\\\/\\\/candas365.es\\\/noticias\\\/\",\"email\":\"info@candas365.es\",\"telephone\":\"+34652131393\",\"foundingDate\":\"2012-06-10\",\"logo\":{\"@type\":\"ImageObject\",\"url\":\"https:\\\/\\\/candas365.es\\\/noticias\\\/wp-content\\\/uploads\\\/2024\\\/09\\\/Candas-365-Redes.jpg\",\"@id\":\"https:\\\/\\\/candas365.es\\\/noticias\\\/aprobado-el-presupuesto-de-la-mancomunidad-cabo-penas\\\/#organizationLogo\",\"width\":1152,\"height\":864,\"caption\":\"Cand\\u00e1s 365 Redes\"},\"image\":{\"@id\":\"https:\\\/\\\/candas365.es\\\/noticias\\\/aprobado-el-presupuesto-de-la-mancomunidad-cabo-penas\\\/#organizationLogo\"},\"sameAs\":[\"https:\\\/\\\/www.facebook.com\\\/Nachofdezber\",\"https:\\\/\\\/x.com\\\/NabercoDigital\",\"https:\\\/\\\/www.instagram.com\\\/nachofdezber\\\/\",\"https:\\\/\\\/www.youtube.com\\\/channel\\\/UCZP-2wLEB9Rv6erhFmqVnvg\"],\"address\":{\"@id\":\"https:\\\/\\\/candas365.es\\\/noticias\\\/#postaladdress\",\"@type\":\"PostalAddress\",\"streetAddress\":\"san antonio 4, san antonio 4\",\"postalCode\":\"33430\",\"addressLocality\":\"Cand\\u00e1s\",\"addressRegion\":\"Asturias\",\"addressCountry\":\"ES\"}},{\"@type\":\"Person\",\"@id\":\"https:\\\/\\\/candas365.es\\\/noticias\\\/author\\\/admin\\\/#author\",\"url\":\"https:\\\/\\\/candas365.es\\\/noticias\\\/author\\\/admin\\\/\",\"name\":\"Cand\\u00e1s 365\",\"image\":{\"@type\":\"ImageObject\",\"@id\":\"https:\\\/\\\/candas365.es\\\/noticias\\\/aprobado-el-presupuesto-de-la-mancomunidad-cabo-penas\\\/#authorImage\",\"url\":\"https:\\\/\\\/secure.gravatar.com\\\/avatar\\\/496a8e03d0c493ede1718b7934145dbdf8d89be1036b0eec9544e1094c9de390?s=96&d=mm&r=g\",\"width\":96,\"height\":96,\"caption\":\"Cand\\u00e1s 365\"},\"sameAs\":[\"https:\\\/\\\/www.facebook.com\\\/carrenoactualidad\",\"https:\\\/\\\/twitter.com\\\/nbasturias\",\"https:\\\/\\\/www.instagram.com\\\/nachofdezber\\\/\",\"https:\\\/\\\/www.youtube.com\\\/channel\\\/UCZP-2wLEB9Rv6erhFmqVnvg\"]},{\"@type\":\"WebPage\",\"@id\":\"https:\\\/\\\/candas365.es\\\/noticias\\\/aprobado-el-presupuesto-de-la-mancomunidad-cabo-penas\\\/#webpage\",\"url\":\"https:\\\/\\\/candas365.es\\\/noticias\\\/aprobado-el-presupuesto-de-la-mancomunidad-cabo-penas\\\/\",\"name\":\"Aprobado el presupuesto de la Mancomunidad Cabo Pe\\u00f1as | Cand\\u00e1s 365\",\"description\":\"La Junta de la Mancomunidad Cabo Pe\\u00f1as en una sesi\\u00f3n celebrada hace unos d\\u00edas aprob\\u00f3 los Presupuestos de la Mancomunidad Cabo Pe\\u00f1as para el a\\u00f1o 2020. Al inicio de la sesi\\u00f3n tomaron posesi\\u00f3n en el entre supra municipal las siguientes concejalas: Mar\\u00eda Eugenia Fern\\u00e1ndez Fern\\u00e1ndez de PSOE Goz\\u00f3n, Beatriz Fern\\u00e1ndez Antu\\u00f1a de PSOE Carre\\u00f1o y\",\"inLanguage\":\"es-ES\",\"isPartOf\":{\"@id\":\"https:\\\/\\\/candas365.es\\\/noticias\\\/#website\"},\"breadcrumb\":{\"@id\":\"https:\\\/\\\/candas365.es\\\/noticias\\\/aprobado-el-presupuesto-de-la-mancomunidad-cabo-penas\\\/#breadcrumblist\"},\"author\":{\"@id\":\"https:\\\/\\\/candas365.es\\\/noticias\\\/author\\\/admin\\\/#author\"},\"creator\":{\"@id\":\"https:\\\/\\\/candas365.es\\\/noticias\\\/author\\\/admin\\\/#author\"},\"image\":{\"@type\":\"ImageObject\",\"url\":\"https:\\\/\\\/candas365.es\\\/noticias\\\/wp-content\\\/uploads\\\/2015\\\/11\\\/euros.jpg\",\"@id\":\"https:\\\/\\\/candas365.es\\\/noticias\\\/aprobado-el-presupuesto-de-la-mancomunidad-cabo-penas\\\/#mainImage\",\"width\":655,\"height\":360},\"primaryImageOfPage\":{\"@id\":\"https:\\\/\\\/candas365.es\\\/noticias\\\/aprobado-el-presupuesto-de-la-mancomunidad-cabo-penas\\\/#mainImage\"},\"datePublished\":\"2020-07-18T10:34:04+02:00\",\"dateModified\":\"2020-07-18T10:34:04+02:00\"},{\"@type\":\"WebSite\",\"@id\":\"https:\\\/\\\/candas365.es\\\/noticias\\\/#website\",\"url\":\"https:\\\/\\\/candas365.es\\\/noticias\\\/\",\"name\":\"Cand\\u00e1s 365\",\"alternateName\":\"Cand\\u00e1s 365 Noticias\",\"description\":\"Actualidad desde Carre\\u00f1o para el mundo\",\"inLanguage\":\"es-ES\",\"publisher\":{\"@id\":\"https:\\\/\\\/candas365.es\\\/noticias\\\/#organization\"}}]}\n\t\t<\/script>\n\t\t<!-- All in One SEO Pro -->\r\n\t\t<title>Aprobado el presupuesto de la Mancomunidad Cabo Pe\u00f1as | Cand\u00e1s 365<\/title>\n\n","aioseo_head_json":{"title":"Aprobado el presupuesto de la Mancomunidad Cabo Pe\u00f1as | Cand\u00e1s 365","description":"La Junta de la Mancomunidad Cabo Pe\u00f1as en una sesi\u00f3n celebrada hace unos d\u00edas aprob\u00f3 los Presupuestos de la Mancomunidad Cabo Pe\u00f1as para el a\u00f1o 2020. Al inicio de la sesi\u00f3n tomaron posesi\u00f3n en el entre supra municipal las siguientes concejalas: Mar\u00eda Eugenia Fern\u00e1ndez Fern\u00e1ndez de PSOE Goz\u00f3n, Beatriz Fern\u00e1ndez Antu\u00f1a de PSOE Carre\u00f1o y","canonical_url":"https:\/\/candas365.es\/noticias\/aprobado-el-presupuesto-de-la-mancomunidad-cabo-penas\/","robots":"max-image-preview:large","keywords":"noticias carre\u00f1o","webmasterTools":{"google-site-verification":"UA-32230408-1","msvalidate.01":"354F3CDFB2DA171B47FBE9ABF1F88D5","miscellaneous":""},"schema":{"@context":"https:\/\/schema.org","@graph":[{"@type":"BreadcrumbList","@id":"https:\/\/candas365.es\/noticias\/aprobado-el-presupuesto-de-la-mancomunidad-cabo-penas\/#breadcrumblist","itemListElement":[{"@type":"ListItem","@id":"https:\/\/candas365.es\/noticias#listItem","position":1,"name":"Home","item":"https:\/\/candas365.es\/noticias","nextItem":{"@type":"ListItem","@id":"https:\/\/candas365.es\/noticias\/category\/noticias-carreno\/#listItem","name":"Noticias Carre\u00f1o"}},{"@type":"ListItem","@id":"https:\/\/candas365.es\/noticias\/category\/noticias-carreno\/#listItem","position":2,"name":"Noticias Carre\u00f1o","item":"https:\/\/candas365.es\/noticias\/category\/noticias-carreno\/","nextItem":{"@type":"ListItem","@id":"https:\/\/candas365.es\/noticias\/aprobado-el-presupuesto-de-la-mancomunidad-cabo-penas\/#listItem","name":"Aprobado el presupuesto de la Mancomunidad Cabo Pe\u00f1as"},"previousItem":{"@type":"ListItem","@id":"https:\/\/candas365.es\/noticias#listItem","name":"Home"}},{"@type":"ListItem","@id":"https:\/\/candas365.es\/noticias\/aprobado-el-presupuesto-de-la-mancomunidad-cabo-penas\/#listItem","position":3,"name":"Aprobado el presupuesto de la Mancomunidad Cabo Pe\u00f1as","previousItem":{"@type":"ListItem","@id":"https:\/\/candas365.es\/noticias\/category\/noticias-carreno\/#listItem","name":"Noticias Carre\u00f1o"}}]},{"@type":"NewsArticle","@id":"https:\/\/candas365.es\/noticias\/aprobado-el-presupuesto-de-la-mancomunidad-cabo-penas\/#newsarticle","name":"Aprobado el presupuesto de la Mancomunidad Cabo Pe\u00f1as | Cand\u00e1s 365","headline":"Aprobado el presupuesto de la Mancomunidad Cabo Pe\u00f1as","author":{"@id":"https:\/\/candas365.es\/noticias\/author\/admin\/#author"},"publisher":{"@id":"https:\/\/candas365.es\/noticias\/#organization"},"image":{"@type":"ImageObject","url":"https:\/\/candas365.es\/noticias\/wp-content\/uploads\/2015\/11\/euros.jpg","width":655,"height":360},"datePublished":"2020-07-18T10:34:04+02:00","dateModified":"2020-07-18T10:34:04+02:00","inLanguage":"es-ES","mainEntityOfPage":{"@id":"https:\/\/candas365.es\/noticias\/aprobado-el-presupuesto-de-la-mancomunidad-cabo-penas\/#webpage"},"isPartOf":{"@id":"https:\/\/candas365.es\/noticias\/aprobado-el-presupuesto-de-la-mancomunidad-cabo-penas\/#webpage"},"articleSection":"Noticias Carre\u00f1o","dateline":"Publicado el julio 18, 2020."},{"@type":"Organization","@id":"https:\/\/candas365.es\/noticias\/#organization","name":"Cand\u00e1s 365","description":"Cand\u00e1s 365 es un diario digital independiente, fundado en 2012, con base en Asturias. Informamos con rigor sobre actualidad, sociedad, cultura y ocio, con una mirada local y global.","url":"https:\/\/candas365.es\/noticias\/","email":"info@candas365.es","telephone":"+34652131393","foundingDate":"2012-06-10","logo":{"@type":"ImageObject","url":"https:\/\/candas365.es\/noticias\/wp-content\/uploads\/2024\/09\/Candas-365-Redes.jpg","@id":"https:\/\/candas365.es\/noticias\/aprobado-el-presupuesto-de-la-mancomunidad-cabo-penas\/#organizationLogo","width":1152,"height":864,"caption":"Cand\u00e1s 365 Redes"},"image":{"@id":"https:\/\/candas365.es\/noticias\/aprobado-el-presupuesto-de-la-mancomunidad-cabo-penas\/#organizationLogo"},"sameAs":["https:\/\/www.facebook.com\/Nachofdezber","https:\/\/x.com\/NabercoDigital","https:\/\/www.instagram.com\/nachofdezber\/","https:\/\/www.youtube.com\/channel\/UCZP-2wLEB9Rv6erhFmqVnvg"],"address":{"@id":"https:\/\/candas365.es\/noticias\/#postaladdress","@type":"PostalAddress","streetAddress":"san antonio 4, san antonio 4","postalCode":"33430","addressLocality":"Cand\u00e1s","addressRegion":"Asturias","addressCountry":"ES"}},{"@type":"Person","@id":"https:\/\/candas365.es\/noticias\/author\/admin\/#author","url":"https:\/\/candas365.es\/noticias\/author\/admin\/","name":"Cand\u00e1s 365","image":{"@type":"ImageObject","@id":"https:\/\/candas365.es\/noticias\/aprobado-el-presupuesto-de-la-mancomunidad-cabo-penas\/#authorImage","url":"https:\/\/secure.gravatar.com\/avatar\/496a8e03d0c493ede1718b7934145dbdf8d89be1036b0eec9544e1094c9de390?s=96&d=mm&r=g","width":96,"height":96,"caption":"Cand\u00e1s 365"},"sameAs":["https:\/\/www.facebook.com\/carrenoactualidad","https:\/\/twitter.com\/nbasturias","https:\/\/www.instagram.com\/nachofdezber\/","https:\/\/www.youtube.com\/channel\/UCZP-2wLEB9Rv6erhFmqVnvg"]},{"@type":"WebPage","@id":"https:\/\/candas365.es\/noticias\/aprobado-el-presupuesto-de-la-mancomunidad-cabo-penas\/#webpage","url":"https:\/\/candas365.es\/noticias\/aprobado-el-presupuesto-de-la-mancomunidad-cabo-penas\/","name":"Aprobado el presupuesto de la Mancomunidad Cabo Pe\u00f1as | Cand\u00e1s 365","description":"La Junta de la Mancomunidad Cabo Pe\u00f1as en una sesi\u00f3n celebrada hace unos d\u00edas aprob\u00f3 los Presupuestos de la Mancomunidad Cabo Pe\u00f1as para el a\u00f1o 2020. Al inicio de la sesi\u00f3n tomaron posesi\u00f3n en el entre supra municipal las siguientes concejalas: Mar\u00eda Eugenia Fern\u00e1ndez Fern\u00e1ndez de PSOE Goz\u00f3n, Beatriz Fern\u00e1ndez Antu\u00f1a de PSOE Carre\u00f1o y","inLanguage":"es-ES","isPartOf":{"@id":"https:\/\/candas365.es\/noticias\/#website"},"breadcrumb":{"@id":"https:\/\/candas365.es\/noticias\/aprobado-el-presupuesto-de-la-mancomunidad-cabo-penas\/#breadcrumblist"},"author":{"@id":"https:\/\/candas365.es\/noticias\/author\/admin\/#author"},"creator":{"@id":"https:\/\/candas365.es\/noticias\/author\/admin\/#author"},"image":{"@type":"ImageObject","url":"https:\/\/candas365.es\/noticias\/wp-content\/uploads\/2015\/11\/euros.jpg","@id":"https:\/\/candas365.es\/noticias\/aprobado-el-presupuesto-de-la-mancomunidad-cabo-penas\/#mainImage","width":655,"height":360},"primaryImageOfPage":{"@id":"https:\/\/candas365.es\/noticias\/aprobado-el-presupuesto-de-la-mancomunidad-cabo-penas\/#mainImage"},"datePublished":"2020-07-18T10:34:04+02:00","dateModified":"2020-07-18T10:34:04+02:00"},{"@type":"WebSite","@id":"https:\/\/candas365.es\/noticias\/#website","url":"https:\/\/candas365.es\/noticias\/","name":"Cand\u00e1s 365","alternateName":"Cand\u00e1s 365 Noticias","description":"Actualidad desde Carre\u00f1o para el mundo","inLanguage":"es-ES","publisher":{"@id":"https:\/\/candas365.es\/noticias\/#organization"}}]},"og:locale":"es_ES","og:site_name":"Cand\u00e1s 365","og:type":"article","og:title":"Aprobado el presupuesto de la Mancomunidad Cabo Pe\u00f1as | Cand\u00e1s 365","og:description":"La Junta de la Mancomunidad Cabo Pe\u00f1as en una sesi\u00f3n celebrada hace unos d\u00edas aprob\u00f3 los Presupuestos de la Mancomunidad Cabo Pe\u00f1as para el a\u00f1o 2020. Al inicio de la sesi\u00f3n tomaron posesi\u00f3n en el entre supra municipal las siguientes concejalas: Mar\u00eda Eugenia Fern\u00e1ndez Fern\u00e1ndez de PSOE Goz\u00f3n, Beatriz Fern\u00e1ndez Antu\u00f1a de PSOE Carre\u00f1o y","og:url":"https:\/\/candas365.es\/noticias\/aprobado-el-presupuesto-de-la-mancomunidad-cabo-penas\/","og:image":"https:\/\/candas365.es\/noticias\/wp-content\/uploads\/2015\/11\/euros.jpg","og:image:secure_url":"https:\/\/candas365.es\/noticias\/wp-content\/uploads\/2015\/11\/euros.jpg","og:image:width":655,"og:image:height":360,"article:published_time":"2020-07-18T10:34:04+00:00","article:modified_time":"2020-07-18T10:34:04+00:00","article:publisher":"https:\/\/www.facebook.com\/Nachofdezber","article:author":"https:\/\/www.facebook.com\/carrenoactualidad","twitter:card":"summary_large_image","twitter:site":"@NabercoDigital","twitter:title":"Aprobado el presupuesto de la Mancomunidad Cabo Pe\u00f1as | Cand\u00e1s 365","twitter:description":"La Junta de la Mancomunidad Cabo Pe\u00f1as en una sesi\u00f3n celebrada hace unos d\u00edas aprob\u00f3 los Presupuestos de la Mancomunidad Cabo Pe\u00f1as para el a\u00f1o 2020. Al inicio de la sesi\u00f3n tomaron posesi\u00f3n en el entre supra municipal las siguientes concejalas: Mar\u00eda Eugenia Fern\u00e1ndez Fern\u00e1ndez de PSOE Goz\u00f3n, Beatriz Fern\u00e1ndez Antu\u00f1a de PSOE Carre\u00f1o y","twitter:creator":"@nbasturias","twitter:image":"https:\/\/candas365.es\/noticias\/wp-content\/uploads\/2015\/11\/euros.jpg","twitter:label1":"Escrito por","twitter:data1":"Cand\u00e1s 365","twitter:label2":"Tiempo de lectura estimado","twitter:data2":"2 minutos"},"aioseo_meta_data":{"post_id":"144884","title":null,"description":"","keywords":"","keyphrases":null,"primary_term":null,"canonical_url":"","og_title":null,"og_description":null,"og_object_type":"default","og_image_type":"default","og_image_url":null,"og_image_width":null,"og_image_height":null,"og_image_custom_url":null,"og_image_custom_fields":null,"og_video":null,"og_custom_url":null,"og_article_section":null,"og_article_tags":null,"twitter_use_og":false,"twitter_card":"default","twitter_image_type":"default","twitter_image_url":null,"twitter_image_custom_url":null,"twitter_image_custom_fields":null,"twitter_title":null,"twitter_description":null,"schema":{"blockGraphs":[],"customGraphs":[],"default":{"data":{"Article":[],"Course":[],"Dataset":[],"FAQPage":[],"Movie":[],"Person":[],"Product":[],"ProductReview":[],"Car":[],"Recipe":[],"Service":[],"SoftwareApplication":[],"WebPage":[]},"graphName":"","isEnabled":true},"graphs":[]},"schema_type":null,"schema_type_options":null,"pillar_content":false,"robots_default":true,"robots_noindex":false,"robots_noarchive":false,"robots_nosnippet":false,"robots_nofollow":false,"robots_noimageindex":false,"robots_noodp":false,"robots_notranslate":false,"robots_max_snippet":null,"robots_max_videopreview":null,"robots_max_imagepreview":"large","priority":null,"frequency":null,"location":null,"local_seo":null,"seo_analyzer_scan_date":"2025-08-31 08:43:19","breadcrumb_settings":null,"limit_modified_date":false,"reviewed_by":null,"open_ai":null,"ai":null,"created":"2020-12-21 10:40:45","updated":"2025-08-31 08:43:19"},"aioseo_breadcrumb":"<div class=\"aioseo-breadcrumbs\"><span class=\"aioseo-breadcrumb\">\n\t<a href=\"https:\/\/candas365.es\/noticias\" title=\"Home\">Home<\/a>\n<\/span><span class=\"aioseo-breadcrumb-separator\">&ndash;<\/span><span class=\"aioseo-breadcrumb\">\n\t<a href=\"https:\/\/candas365.es\/noticias\/category\/noticias-carreno\/\" title=\"Noticias Carre\u00f1o\">Noticias Carre\u00f1o<\/a>\n<\/span><span class=\"aioseo-breadcrumb-separator\">&ndash;<\/span><span class=\"aioseo-breadcrumb\">\n\tAprobado el presupuesto de la Mancomunidad Cabo Pe\u00f1as\n<\/span><\/div>","aioseo_breadcrumb_json":[{"label":"Home","link":"https:\/\/candas365.es\/noticias"},{"label":"Noticias Carre\u00f1o","link":"https:\/\/candas365.es\/noticias\/category\/noticias-carreno\/"},{"label":"Aprobado el presupuesto de la Mancomunidad Cabo Pe\u00f1as","link":"https:\/\/candas365.es\/noticias\/aprobado-el-presupuesto-de-la-mancomunidad-cabo-penas\/"}],"_links":{"self":[{"href":"https:\/\/candas365.es\/noticias\/wp-json\/wp\/v2\/posts\/144884","targetHints":{"allow":["GET"]}}],"collection":[{"href":"https:\/\/candas365.es\/noticias\/wp-json\/wp\/v2\/posts"}],"about":[{"href":"https:\/\/candas365.es\/noticias\/wp-json\/wp\/v2\/types\/post"}],"author":[{"embeddable":true,"href":"https:\/\/candas365.es\/noticias\/wp-json\/wp\/v2\/users\/1"}],"replies":[{"embeddable":true,"href":"https:\/\/candas365.es\/noticias\/wp-json\/wp\/v2\/comments?post=144884"}],"version-history":[{"count":0,"href":"https:\/\/candas365.es\/noticias\/wp-json\/wp\/v2\/posts\/144884\/revisions"}],"wp:featuredmedia":[{"embeddable":true,"href":"https:\/\/candas365.es\/noticias\/wp-json\/wp\/v2\/media\/19556"}],"wp:attachment":[{"href":"https:\/\/candas365.es\/noticias\/wp-json\/wp\/v2\/media?parent=144884"}],"wp:term":[{"taxonomy":"category","embeddable":true,"href":"https:\/\/candas365.es\/noticias\/wp-json\/wp\/v2\/categories?post=144884"},{"taxonomy":"post_tag","embeddable":true,"href":"https:\/\/candas365.es\/noticias\/wp-json\/wp\/v2\/tags?post=144884"}],"curies":[{"name":"wp","href":"https:\/\/api.w.org\/{rel}","templated":true}]}}