{"id":144871,"date":"2020-07-18T10:18:48","date_gmt":"2020-07-18T10:18:48","guid":{"rendered":"http:\/\/candas365.es\/noticias\/?p=144871"},"modified":"2020-07-18T10:18:48","modified_gmt":"2020-07-18T10:18:48","slug":"la-obra-pictorica-de-anton-en-el-museo-de-candas","status":"publish","type":"post","link":"https:\/\/candas365.es\/noticias\/la-obra-pictorica-de-anton-en-el-museo-de-candas\/","title":{"rendered":"La obra pict\u00f3rica de Ant\u00f3n en el Museo de Cand\u00e1s"},"content":{"rendered":"<p><img fetchpriority=\"high\" decoding=\"async\" class=\"alignleft size-medium wp-image-11794\" src=\"https:\/\/candas365.es\/noticias\/wp-content\/uploads\/2015\/06\/museo-322x300.jpg\" alt=\"\" width=\"322\" height=\"300\" srcset=\"https:\/\/candas365.es\/noticias\/wp-content\/uploads\/2015\/06\/museo-322x300.jpg 322w, https:\/\/candas365.es\/noticias\/wp-content\/uploads\/2015\/06\/museo-516x480.jpg 516w, https:\/\/candas365.es\/noticias\/wp-content\/uploads\/2015\/06\/museo-768x715.jpg 768w, https:\/\/candas365.es\/noticias\/wp-content\/uploads\/2015\/06\/museo-1536x1430.jpg 1536w, https:\/\/candas365.es\/noticias\/wp-content\/uploads\/2015\/06\/museo-150x140.jpg 150w, https:\/\/candas365.es\/noticias\/wp-content\/uploads\/2015\/06\/museo-450x419.jpg 450w, https:\/\/candas365.es\/noticias\/wp-content\/uploads\/2015\/06\/museo-1200x1117.jpg 1200w, https:\/\/candas365.es\/noticias\/wp-content\/uploads\/2015\/06\/museo-696x648.jpg 696w, https:\/\/candas365.es\/noticias\/wp-content\/uploads\/2015\/06\/museo-1068x994.jpg 1068w, https:\/\/candas365.es\/noticias\/wp-content\/uploads\/2015\/06\/museo-451x420.jpg 451w, https:\/\/candas365.es\/noticias\/wp-content\/uploads\/2015\/06\/museo.jpg 1904w\" sizes=\"(max-width: 322px) 100vw, 322px\" \/>Hasta el 20 de Septiembre, en el Centro de Escultura de Cand\u00e1s, Museo Ant\u00f3n se podr\u00e1 visitar la exposici\u00f3n temporal \u201cAnt\u00f3n Rodr\u00edguez Garc\u00eda. Obra pict\u00f3rica\u201d<\/p>\n<p>La Alcaldesa de Carre\u00f1o acompa\u00f1ada de una representaci\u00f3n de la familia del Ant\u00f3n, Alberto Garc\u00eda Mart\u00ednez, Conchita Rodr\u00edguez y Abd\u00f3n Dur\u00e1n Rodr\u00edguez realiz\u00f3 recientemente una visita guiada a la misma.<\/p>\n<p>La muestra re\u00fane un total de 20 acuarelas y \u00f3leos de tem\u00e1tica diversa: ermitas, iglesias y paisajes de Carre\u00f1o as\u00ed como retratos de familiares. A trav\u00e9s de estas obras se pretende dar a conocer la actitud del escultor y la trayectoria evolutiva del artista dentro del medio pict\u00f3rico.<\/p>\n<p>En estos cuadros el artista muestra tanto su excepcional capacidad dibuj\u00edstica como su buen dominio de la sensaci\u00f3n de volumen que le conduce a plantear una estructura compositiva bien definida.<\/p>\n<p>\u201c Esta muestra da cuenta la calidad del autor como pintor y retratista y, al mismo tiempo, permite ampliar sustancialmente el conocimiento de la rica y extensa obra que conserva el Museo\u201d &#8211; se\u00f1al\u00f3 la Alcaldesa.<\/p>\n<p>El horario de visitas a la misma es de Martes a Domingo de 12:00 a 14:00 h. y de 18:00 a 21:00 h. La entrada es gratuita.<\/p>\n","protected":false},"excerpt":{"rendered":"<p>Hasta el 20 de Septiembre, en el Centro de Escultura de Cand\u00e1s, Museo Ant\u00f3n se podr\u00e1 visitar la exposici\u00f3n temporal \u201cAnt\u00f3n Rodr\u00edguez Garc\u00eda. Obra pict\u00f3rica\u201d La Alcaldesa de Carre\u00f1o acompa\u00f1ada de una representaci\u00f3n de la familia del Ant\u00f3n, Alberto Garc\u00eda Mart\u00ednez, Conchita Rodr\u00edguez y Abd\u00f3n Dur\u00e1n Rodr\u00edguez realiz\u00f3 recientemente una visita guiada a la misma.<\/p>\n","protected":false},"author":1,"featured_media":11794,"comment_status":"closed","ping_status":"closed","sticky":false,"template":"","format":"standard","meta":{"footnotes":""},"categories":[2],"tags":[],"class_list":{"0":"post-144871","1":"post","2":"type-post","3":"status-publish","4":"format-standard","5":"has-post-thumbnail","7":"category-noticias-carreno"},"aioseo_notices":[],"aioseo_head":"\n\t\t<!-- All in One SEO Pro 4.9.6.2 - aioseo.com -->\n\t<meta name=\"description\" content=\"Hasta el 20 de Septiembre, en el Centro de Escultura de Cand\u00e1s, Museo Ant\u00f3n se podr\u00e1 visitar la exposici\u00f3n temporal \u201cAnt\u00f3n Rodr\u00edguez Garc\u00eda. Obra pict\u00f3rica\u201d La Alcaldesa de Carre\u00f1o acompa\u00f1ada de una representaci\u00f3n de la familia del Ant\u00f3n, Alberto Garc\u00eda Mart\u00ednez, Conchita Rodr\u00edguez y Abd\u00f3n Dur\u00e1n Rodr\u00edguez realiz\u00f3 recientemente una visita guiada a la misma.\" \/>\n\t<meta name=\"robots\" content=\"max-image-preview:large\" \/>\n\t<meta name=\"author\" content=\"Cand\u00e1s 365\"\/>\n\t<meta name=\"google-site-verification\" content=\"UA-32230408-1\" \/>\n\t<meta name=\"msvalidate.01\" content=\"354F3CDFB2DA171B47FBE9ABF1F88D5\" \/>\n\t<meta name=\"keywords\" content=\"noticias carre\u00f1o\" \/>\n\t<link rel=\"canonical\" href=\"https:\/\/candas365.es\/noticias\/la-obra-pictorica-de-anton-en-el-museo-de-candas\/\" \/>\n\t<meta name=\"generator\" content=\"All in One SEO Pro (AIOSEO) 4.9.6.2\" \/>\n\t\t<meta property=\"og:locale\" content=\"es_ES\" \/>\n\t\t<meta property=\"og:site_name\" content=\"Cand\u00e1s 365\" \/>\n\t\t<meta property=\"og:type\" content=\"article\" \/>\n\t\t<meta property=\"og:title\" content=\"La obra pict\u00f3rica de Ant\u00f3n en el Museo de Cand\u00e1s | Cand\u00e1s 365\" \/>\n\t\t<meta property=\"og:description\" content=\"Hasta el 20 de Septiembre, en el Centro de Escultura de Cand\u00e1s, Museo Ant\u00f3n se podr\u00e1 visitar la exposici\u00f3n temporal \u201cAnt\u00f3n Rodr\u00edguez Garc\u00eda. Obra pict\u00f3rica\u201d La Alcaldesa de Carre\u00f1o acompa\u00f1ada de una representaci\u00f3n de la familia del Ant\u00f3n, Alberto Garc\u00eda Mart\u00ednez, Conchita Rodr\u00edguez y Abd\u00f3n Dur\u00e1n Rodr\u00edguez realiz\u00f3 recientemente una visita guiada a la misma.\" \/>\n\t\t<meta property=\"og:url\" content=\"https:\/\/candas365.es\/noticias\/la-obra-pictorica-de-anton-en-el-museo-de-candas\/\" \/>\n\t\t<meta property=\"og:image\" content=\"https:\/\/candas365.es\/noticias\/wp-content\/uploads\/2015\/06\/museo.jpg\" \/>\n\t\t<meta property=\"og:image:secure_url\" content=\"https:\/\/candas365.es\/noticias\/wp-content\/uploads\/2015\/06\/museo.jpg\" \/>\n\t\t<meta property=\"og:image:width\" content=\"1904\" \/>\n\t\t<meta property=\"og:image:height\" content=\"1772\" \/>\n\t\t<meta property=\"article:published_time\" content=\"2020-07-18T10:18:48+00:00\" \/>\n\t\t<meta property=\"article:modified_time\" content=\"2020-07-18T10:18:48+00:00\" \/>\n\t\t<meta property=\"article:publisher\" content=\"https:\/\/www.facebook.com\/Nachofdezber\" \/>\n\t\t<meta property=\"article:author\" content=\"https:\/\/www.facebook.com\/carrenoactualidad\" \/>\n\t\t<meta name=\"twitter:card\" content=\"summary_large_image\" \/>\n\t\t<meta name=\"twitter:site\" content=\"@NabercoDigital\" \/>\n\t\t<meta name=\"twitter:title\" content=\"La obra pict\u00f3rica de Ant\u00f3n en el Museo de Cand\u00e1s | Cand\u00e1s 365\" \/>\n\t\t<meta name=\"twitter:description\" content=\"Hasta el 20 de Septiembre, en el Centro de Escultura de Cand\u00e1s, Museo Ant\u00f3n se podr\u00e1 visitar la exposici\u00f3n temporal \u201cAnt\u00f3n Rodr\u00edguez Garc\u00eda. Obra pict\u00f3rica\u201d La Alcaldesa de Carre\u00f1o acompa\u00f1ada de una representaci\u00f3n de la familia del Ant\u00f3n, Alberto Garc\u00eda Mart\u00ednez, Conchita Rodr\u00edguez y Abd\u00f3n Dur\u00e1n Rodr\u00edguez realiz\u00f3 recientemente una visita guiada a la misma.\" \/>\n\t\t<meta name=\"twitter:creator\" content=\"@nbasturias\" \/>\n\t\t<meta name=\"twitter:image\" content=\"https:\/\/candas365.es\/noticias\/wp-content\/uploads\/2015\/06\/museo.jpg\" \/>\n\t\t<meta name=\"twitter:label1\" content=\"Escrito por\" \/>\n\t\t<meta name=\"twitter:data1\" content=\"Cand\u00e1s 365\" \/>\n\t\t<meta name=\"twitter:label2\" content=\"Tiempo de lectura estimado\" \/>\n\t\t<meta name=\"twitter:data2\" content=\"1 minuto\" \/>\n\t\t<script type=\"application\/ld+json\" class=\"aioseo-schema\">\n\t\t\t{\"@context\":\"https:\\\/\\\/schema.org\",\"@graph\":[{\"@type\":\"BreadcrumbList\",\"@id\":\"https:\\\/\\\/candas365.es\\\/noticias\\\/la-obra-pictorica-de-anton-en-el-museo-de-candas\\\/#breadcrumblist\",\"itemListElement\":[{\"@type\":\"ListItem\",\"@id\":\"https:\\\/\\\/candas365.es\\\/noticias#listItem\",\"position\":1,\"name\":\"Home\",\"item\":\"https:\\\/\\\/candas365.es\\\/noticias\",\"nextItem\":{\"@type\":\"ListItem\",\"@id\":\"https:\\\/\\\/candas365.es\\\/noticias\\\/category\\\/noticias-carreno\\\/#listItem\",\"name\":\"Noticias Carre\\u00f1o\"}},{\"@type\":\"ListItem\",\"@id\":\"https:\\\/\\\/candas365.es\\\/noticias\\\/category\\\/noticias-carreno\\\/#listItem\",\"position\":2,\"name\":\"Noticias Carre\\u00f1o\",\"item\":\"https:\\\/\\\/candas365.es\\\/noticias\\\/category\\\/noticias-carreno\\\/\",\"nextItem\":{\"@type\":\"ListItem\",\"@id\":\"https:\\\/\\\/candas365.es\\\/noticias\\\/la-obra-pictorica-de-anton-en-el-museo-de-candas\\\/#listItem\",\"name\":\"La obra pict\\u00f3rica de Ant\\u00f3n en el Museo de Cand\\u00e1s\"},\"previousItem\":{\"@type\":\"ListItem\",\"@id\":\"https:\\\/\\\/candas365.es\\\/noticias#listItem\",\"name\":\"Home\"}},{\"@type\":\"ListItem\",\"@id\":\"https:\\\/\\\/candas365.es\\\/noticias\\\/la-obra-pictorica-de-anton-en-el-museo-de-candas\\\/#listItem\",\"position\":3,\"name\":\"La obra pict\\u00f3rica de Ant\\u00f3n en el Museo de Cand\\u00e1s\",\"previousItem\":{\"@type\":\"ListItem\",\"@id\":\"https:\\\/\\\/candas365.es\\\/noticias\\\/category\\\/noticias-carreno\\\/#listItem\",\"name\":\"Noticias Carre\\u00f1o\"}}]},{\"@type\":\"NewsArticle\",\"@id\":\"https:\\\/\\\/candas365.es\\\/noticias\\\/la-obra-pictorica-de-anton-en-el-museo-de-candas\\\/#newsarticle\",\"name\":\"La obra pict\\u00f3rica de Ant\\u00f3n en el Museo de Cand\\u00e1s | Cand\\u00e1s 365\",\"headline\":\"La obra pict\\u00f3rica de Ant\\u00f3n en el Museo de Cand\\u00e1s\",\"author\":{\"@id\":\"https:\\\/\\\/candas365.es\\\/noticias\\\/author\\\/admin\\\/#author\"},\"publisher\":{\"@id\":\"https:\\\/\\\/candas365.es\\\/noticias\\\/#organization\"},\"image\":{\"@type\":\"ImageObject\",\"url\":\"https:\\\/\\\/candas365.es\\\/noticias\\\/wp-content\\\/uploads\\\/2015\\\/06\\\/museo.jpg\",\"width\":1904,\"height\":1772},\"datePublished\":\"2020-07-18T10:18:48+02:00\",\"dateModified\":\"2020-07-18T10:18:48+02:00\",\"inLanguage\":\"es-ES\",\"mainEntityOfPage\":{\"@id\":\"https:\\\/\\\/candas365.es\\\/noticias\\\/la-obra-pictorica-de-anton-en-el-museo-de-candas\\\/#webpage\"},\"isPartOf\":{\"@id\":\"https:\\\/\\\/candas365.es\\\/noticias\\\/la-obra-pictorica-de-anton-en-el-museo-de-candas\\\/#webpage\"},\"articleSection\":\"Noticias Carre\\u00f1o\",\"dateline\":\"Publicado el julio 18, 2020.\"},{\"@type\":\"Organization\",\"@id\":\"https:\\\/\\\/candas365.es\\\/noticias\\\/#organization\",\"name\":\"Cand\\u00e1s 365\",\"description\":\"Cand\\u00e1s 365 es un diario digital independiente, fundado en 2012, con base en Asturias. Informamos con rigor sobre actualidad, sociedad, cultura y ocio, con una mirada local y global.\",\"url\":\"https:\\\/\\\/candas365.es\\\/noticias\\\/\",\"email\":\"info@candas365.es\",\"telephone\":\"+34652131393\",\"foundingDate\":\"2012-06-10\",\"logo\":{\"@type\":\"ImageObject\",\"url\":\"https:\\\/\\\/candas365.es\\\/noticias\\\/wp-content\\\/uploads\\\/2024\\\/09\\\/Candas-365-Redes.jpg\",\"@id\":\"https:\\\/\\\/candas365.es\\\/noticias\\\/la-obra-pictorica-de-anton-en-el-museo-de-candas\\\/#organizationLogo\",\"width\":1152,\"height\":864,\"caption\":\"Cand\\u00e1s 365 Redes\"},\"image\":{\"@id\":\"https:\\\/\\\/candas365.es\\\/noticias\\\/la-obra-pictorica-de-anton-en-el-museo-de-candas\\\/#organizationLogo\"},\"sameAs\":[\"https:\\\/\\\/www.facebook.com\\\/Nachofdezber\",\"https:\\\/\\\/x.com\\\/NabercoDigital\",\"https:\\\/\\\/www.instagram.com\\\/nachofdezber\\\/\",\"https:\\\/\\\/www.youtube.com\\\/channel\\\/UCZP-2wLEB9Rv6erhFmqVnvg\"],\"address\":{\"@id\":\"https:\\\/\\\/candas365.es\\\/noticias\\\/#postaladdress\",\"@type\":\"PostalAddress\",\"streetAddress\":\"san antonio 4, san antonio 4\",\"postalCode\":\"33430\",\"addressLocality\":\"Cand\\u00e1s\",\"addressRegion\":\"Asturias\",\"addressCountry\":\"ES\"}},{\"@type\":\"Person\",\"@id\":\"https:\\\/\\\/candas365.es\\\/noticias\\\/author\\\/admin\\\/#author\",\"url\":\"https:\\\/\\\/candas365.es\\\/noticias\\\/author\\\/admin\\\/\",\"name\":\"Cand\\u00e1s 365\",\"image\":{\"@type\":\"ImageObject\",\"@id\":\"https:\\\/\\\/candas365.es\\\/noticias\\\/la-obra-pictorica-de-anton-en-el-museo-de-candas\\\/#authorImage\",\"url\":\"https:\\\/\\\/secure.gravatar.com\\\/avatar\\\/496a8e03d0c493ede1718b7934145dbdf8d89be1036b0eec9544e1094c9de390?s=96&d=mm&r=g\",\"width\":96,\"height\":96,\"caption\":\"Cand\\u00e1s 365\"},\"sameAs\":[\"https:\\\/\\\/www.facebook.com\\\/carrenoactualidad\",\"https:\\\/\\\/twitter.com\\\/nbasturias\",\"https:\\\/\\\/www.instagram.com\\\/nachofdezber\\\/\",\"https:\\\/\\\/www.youtube.com\\\/channel\\\/UCZP-2wLEB9Rv6erhFmqVnvg\"]},{\"@type\":\"WebPage\",\"@id\":\"https:\\\/\\\/candas365.es\\\/noticias\\\/la-obra-pictorica-de-anton-en-el-museo-de-candas\\\/#webpage\",\"url\":\"https:\\\/\\\/candas365.es\\\/noticias\\\/la-obra-pictorica-de-anton-en-el-museo-de-candas\\\/\",\"name\":\"La obra pict\\u00f3rica de Ant\\u00f3n en el Museo de Cand\\u00e1s | Cand\\u00e1s 365\",\"description\":\"Hasta el 20 de Septiembre, en el Centro de Escultura de Cand\\u00e1s, Museo Ant\\u00f3n se podr\\u00e1 visitar la exposici\\u00f3n temporal \\u201cAnt\\u00f3n Rodr\\u00edguez Garc\\u00eda. Obra pict\\u00f3rica\\u201d La Alcaldesa de Carre\\u00f1o acompa\\u00f1ada de una representaci\\u00f3n de la familia del Ant\\u00f3n, Alberto Garc\\u00eda Mart\\u00ednez, Conchita Rodr\\u00edguez y Abd\\u00f3n Dur\\u00e1n Rodr\\u00edguez realiz\\u00f3 recientemente una visita guiada a la misma.\",\"inLanguage\":\"es-ES\",\"isPartOf\":{\"@id\":\"https:\\\/\\\/candas365.es\\\/noticias\\\/#website\"},\"breadcrumb\":{\"@id\":\"https:\\\/\\\/candas365.es\\\/noticias\\\/la-obra-pictorica-de-anton-en-el-museo-de-candas\\\/#breadcrumblist\"},\"author\":{\"@id\":\"https:\\\/\\\/candas365.es\\\/noticias\\\/author\\\/admin\\\/#author\"},\"creator\":{\"@id\":\"https:\\\/\\\/candas365.es\\\/noticias\\\/author\\\/admin\\\/#author\"},\"image\":{\"@type\":\"ImageObject\",\"url\":\"https:\\\/\\\/candas365.es\\\/noticias\\\/wp-content\\\/uploads\\\/2015\\\/06\\\/museo.jpg\",\"@id\":\"https:\\\/\\\/candas365.es\\\/noticias\\\/la-obra-pictorica-de-anton-en-el-museo-de-candas\\\/#mainImage\",\"width\":1904,\"height\":1772},\"primaryImageOfPage\":{\"@id\":\"https:\\\/\\\/candas365.es\\\/noticias\\\/la-obra-pictorica-de-anton-en-el-museo-de-candas\\\/#mainImage\"},\"datePublished\":\"2020-07-18T10:18:48+02:00\",\"dateModified\":\"2020-07-18T10:18:48+02:00\"},{\"@type\":\"WebSite\",\"@id\":\"https:\\\/\\\/candas365.es\\\/noticias\\\/#website\",\"url\":\"https:\\\/\\\/candas365.es\\\/noticias\\\/\",\"name\":\"Cand\\u00e1s 365\",\"alternateName\":\"Cand\\u00e1s 365 Noticias\",\"description\":\"Actualidad desde Carre\\u00f1o para el mundo\",\"inLanguage\":\"es-ES\",\"publisher\":{\"@id\":\"https:\\\/\\\/candas365.es\\\/noticias\\\/#organization\"}}]}\n\t\t<\/script>\n\t\t<!-- All in One SEO Pro -->\r\n\t\t<title>La obra pict\u00f3rica de Ant\u00f3n en el Museo de Cand\u00e1s | Cand\u00e1s 365<\/title>\n\n","aioseo_head_json":{"title":"La obra pict\u00f3rica de Ant\u00f3n en el Museo de Cand\u00e1s | Cand\u00e1s 365","description":"Hasta el 20 de Septiembre, en el Centro de Escultura de Cand\u00e1s, Museo Ant\u00f3n se podr\u00e1 visitar la exposici\u00f3n temporal \u201cAnt\u00f3n Rodr\u00edguez Garc\u00eda. Obra pict\u00f3rica\u201d La Alcaldesa de Carre\u00f1o acompa\u00f1ada de una representaci\u00f3n de la familia del Ant\u00f3n, Alberto Garc\u00eda Mart\u00ednez, Conchita Rodr\u00edguez y Abd\u00f3n Dur\u00e1n Rodr\u00edguez realiz\u00f3 recientemente una visita guiada a la misma.","canonical_url":"https:\/\/candas365.es\/noticias\/la-obra-pictorica-de-anton-en-el-museo-de-candas\/","robots":"max-image-preview:large","keywords":"noticias carre\u00f1o","webmasterTools":{"google-site-verification":"UA-32230408-1","msvalidate.01":"354F3CDFB2DA171B47FBE9ABF1F88D5","miscellaneous":""},"schema":{"@context":"https:\/\/schema.org","@graph":[{"@type":"BreadcrumbList","@id":"https:\/\/candas365.es\/noticias\/la-obra-pictorica-de-anton-en-el-museo-de-candas\/#breadcrumblist","itemListElement":[{"@type":"ListItem","@id":"https:\/\/candas365.es\/noticias#listItem","position":1,"name":"Home","item":"https:\/\/candas365.es\/noticias","nextItem":{"@type":"ListItem","@id":"https:\/\/candas365.es\/noticias\/category\/noticias-carreno\/#listItem","name":"Noticias Carre\u00f1o"}},{"@type":"ListItem","@id":"https:\/\/candas365.es\/noticias\/category\/noticias-carreno\/#listItem","position":2,"name":"Noticias Carre\u00f1o","item":"https:\/\/candas365.es\/noticias\/category\/noticias-carreno\/","nextItem":{"@type":"ListItem","@id":"https:\/\/candas365.es\/noticias\/la-obra-pictorica-de-anton-en-el-museo-de-candas\/#listItem","name":"La obra pict\u00f3rica de Ant\u00f3n en el Museo de Cand\u00e1s"},"previousItem":{"@type":"ListItem","@id":"https:\/\/candas365.es\/noticias#listItem","name":"Home"}},{"@type":"ListItem","@id":"https:\/\/candas365.es\/noticias\/la-obra-pictorica-de-anton-en-el-museo-de-candas\/#listItem","position":3,"name":"La obra pict\u00f3rica de Ant\u00f3n en el Museo de Cand\u00e1s","previousItem":{"@type":"ListItem","@id":"https:\/\/candas365.es\/noticias\/category\/noticias-carreno\/#listItem","name":"Noticias Carre\u00f1o"}}]},{"@type":"NewsArticle","@id":"https:\/\/candas365.es\/noticias\/la-obra-pictorica-de-anton-en-el-museo-de-candas\/#newsarticle","name":"La obra pict\u00f3rica de Ant\u00f3n en el Museo de Cand\u00e1s | Cand\u00e1s 365","headline":"La obra pict\u00f3rica de Ant\u00f3n en el Museo de Cand\u00e1s","author":{"@id":"https:\/\/candas365.es\/noticias\/author\/admin\/#author"},"publisher":{"@id":"https:\/\/candas365.es\/noticias\/#organization"},"image":{"@type":"ImageObject","url":"https:\/\/candas365.es\/noticias\/wp-content\/uploads\/2015\/06\/museo.jpg","width":1904,"height":1772},"datePublished":"2020-07-18T10:18:48+02:00","dateModified":"2020-07-18T10:18:48+02:00","inLanguage":"es-ES","mainEntityOfPage":{"@id":"https:\/\/candas365.es\/noticias\/la-obra-pictorica-de-anton-en-el-museo-de-candas\/#webpage"},"isPartOf":{"@id":"https:\/\/candas365.es\/noticias\/la-obra-pictorica-de-anton-en-el-museo-de-candas\/#webpage"},"articleSection":"Noticias Carre\u00f1o","dateline":"Publicado el julio 18, 2020."},{"@type":"Organization","@id":"https:\/\/candas365.es\/noticias\/#organization","name":"Cand\u00e1s 365","description":"Cand\u00e1s 365 es un diario digital independiente, fundado en 2012, con base en Asturias. Informamos con rigor sobre actualidad, sociedad, cultura y ocio, con una mirada local y global.","url":"https:\/\/candas365.es\/noticias\/","email":"info@candas365.es","telephone":"+34652131393","foundingDate":"2012-06-10","logo":{"@type":"ImageObject","url":"https:\/\/candas365.es\/noticias\/wp-content\/uploads\/2024\/09\/Candas-365-Redes.jpg","@id":"https:\/\/candas365.es\/noticias\/la-obra-pictorica-de-anton-en-el-museo-de-candas\/#organizationLogo","width":1152,"height":864,"caption":"Cand\u00e1s 365 Redes"},"image":{"@id":"https:\/\/candas365.es\/noticias\/la-obra-pictorica-de-anton-en-el-museo-de-candas\/#organizationLogo"},"sameAs":["https:\/\/www.facebook.com\/Nachofdezber","https:\/\/x.com\/NabercoDigital","https:\/\/www.instagram.com\/nachofdezber\/","https:\/\/www.youtube.com\/channel\/UCZP-2wLEB9Rv6erhFmqVnvg"],"address":{"@id":"https:\/\/candas365.es\/noticias\/#postaladdress","@type":"PostalAddress","streetAddress":"san antonio 4, san antonio 4","postalCode":"33430","addressLocality":"Cand\u00e1s","addressRegion":"Asturias","addressCountry":"ES"}},{"@type":"Person","@id":"https:\/\/candas365.es\/noticias\/author\/admin\/#author","url":"https:\/\/candas365.es\/noticias\/author\/admin\/","name":"Cand\u00e1s 365","image":{"@type":"ImageObject","@id":"https:\/\/candas365.es\/noticias\/la-obra-pictorica-de-anton-en-el-museo-de-candas\/#authorImage","url":"https:\/\/secure.gravatar.com\/avatar\/496a8e03d0c493ede1718b7934145dbdf8d89be1036b0eec9544e1094c9de390?s=96&d=mm&r=g","width":96,"height":96,"caption":"Cand\u00e1s 365"},"sameAs":["https:\/\/www.facebook.com\/carrenoactualidad","https:\/\/twitter.com\/nbasturias","https:\/\/www.instagram.com\/nachofdezber\/","https:\/\/www.youtube.com\/channel\/UCZP-2wLEB9Rv6erhFmqVnvg"]},{"@type":"WebPage","@id":"https:\/\/candas365.es\/noticias\/la-obra-pictorica-de-anton-en-el-museo-de-candas\/#webpage","url":"https:\/\/candas365.es\/noticias\/la-obra-pictorica-de-anton-en-el-museo-de-candas\/","name":"La obra pict\u00f3rica de Ant\u00f3n en el Museo de Cand\u00e1s | Cand\u00e1s 365","description":"Hasta el 20 de Septiembre, en el Centro de Escultura de Cand\u00e1s, Museo Ant\u00f3n se podr\u00e1 visitar la exposici\u00f3n temporal \u201cAnt\u00f3n Rodr\u00edguez Garc\u00eda. Obra pict\u00f3rica\u201d La Alcaldesa de Carre\u00f1o acompa\u00f1ada de una representaci\u00f3n de la familia del Ant\u00f3n, Alberto Garc\u00eda Mart\u00ednez, Conchita Rodr\u00edguez y Abd\u00f3n Dur\u00e1n Rodr\u00edguez realiz\u00f3 recientemente una visita guiada a la misma.","inLanguage":"es-ES","isPartOf":{"@id":"https:\/\/candas365.es\/noticias\/#website"},"breadcrumb":{"@id":"https:\/\/candas365.es\/noticias\/la-obra-pictorica-de-anton-en-el-museo-de-candas\/#breadcrumblist"},"author":{"@id":"https:\/\/candas365.es\/noticias\/author\/admin\/#author"},"creator":{"@id":"https:\/\/candas365.es\/noticias\/author\/admin\/#author"},"image":{"@type":"ImageObject","url":"https:\/\/candas365.es\/noticias\/wp-content\/uploads\/2015\/06\/museo.jpg","@id":"https:\/\/candas365.es\/noticias\/la-obra-pictorica-de-anton-en-el-museo-de-candas\/#mainImage","width":1904,"height":1772},"primaryImageOfPage":{"@id":"https:\/\/candas365.es\/noticias\/la-obra-pictorica-de-anton-en-el-museo-de-candas\/#mainImage"},"datePublished":"2020-07-18T10:18:48+02:00","dateModified":"2020-07-18T10:18:48+02:00"},{"@type":"WebSite","@id":"https:\/\/candas365.es\/noticias\/#website","url":"https:\/\/candas365.es\/noticias\/","name":"Cand\u00e1s 365","alternateName":"Cand\u00e1s 365 Noticias","description":"Actualidad desde Carre\u00f1o para el mundo","inLanguage":"es-ES","publisher":{"@id":"https:\/\/candas365.es\/noticias\/#organization"}}]},"og:locale":"es_ES","og:site_name":"Cand\u00e1s 365","og:type":"article","og:title":"La obra pict\u00f3rica de Ant\u00f3n en el Museo de Cand\u00e1s | Cand\u00e1s 365","og:description":"Hasta el 20 de Septiembre, en el Centro de Escultura de Cand\u00e1s, Museo Ant\u00f3n se podr\u00e1 visitar la exposici\u00f3n temporal \u201cAnt\u00f3n Rodr\u00edguez Garc\u00eda. Obra pict\u00f3rica\u201d La Alcaldesa de Carre\u00f1o acompa\u00f1ada de una representaci\u00f3n de la familia del Ant\u00f3n, Alberto Garc\u00eda Mart\u00ednez, Conchita Rodr\u00edguez y Abd\u00f3n Dur\u00e1n Rodr\u00edguez realiz\u00f3 recientemente una visita guiada a la misma.","og:url":"https:\/\/candas365.es\/noticias\/la-obra-pictorica-de-anton-en-el-museo-de-candas\/","og:image":"https:\/\/candas365.es\/noticias\/wp-content\/uploads\/2015\/06\/museo.jpg","og:image:secure_url":"https:\/\/candas365.es\/noticias\/wp-content\/uploads\/2015\/06\/museo.jpg","og:image:width":1904,"og:image:height":1772,"article:published_time":"2020-07-18T10:18:48+00:00","article:modified_time":"2020-07-18T10:18:48+00:00","article:publisher":"https:\/\/www.facebook.com\/Nachofdezber","article:author":"https:\/\/www.facebook.com\/carrenoactualidad","twitter:card":"summary_large_image","twitter:site":"@NabercoDigital","twitter:title":"La obra pict\u00f3rica de Ant\u00f3n en el Museo de Cand\u00e1s | Cand\u00e1s 365","twitter:description":"Hasta el 20 de Septiembre, en el Centro de Escultura de Cand\u00e1s, Museo Ant\u00f3n se podr\u00e1 visitar la exposici\u00f3n temporal \u201cAnt\u00f3n Rodr\u00edguez Garc\u00eda. Obra pict\u00f3rica\u201d La Alcaldesa de Carre\u00f1o acompa\u00f1ada de una representaci\u00f3n de la familia del Ant\u00f3n, Alberto Garc\u00eda Mart\u00ednez, Conchita Rodr\u00edguez y Abd\u00f3n Dur\u00e1n Rodr\u00edguez realiz\u00f3 recientemente una visita guiada a la misma.","twitter:creator":"@nbasturias","twitter:image":"https:\/\/candas365.es\/noticias\/wp-content\/uploads\/2015\/06\/museo.jpg","twitter:label1":"Escrito por","twitter:data1":"Cand\u00e1s 365","twitter:label2":"Tiempo de lectura estimado","twitter:data2":"1 minuto"},"aioseo_meta_data":{"post_id":"144871","title":null,"description":"","keywords":"","keyphrases":null,"primary_term":null,"canonical_url":"","og_title":null,"og_description":null,"og_object_type":"default","og_image_type":"default","og_image_url":null,"og_image_width":null,"og_image_height":null,"og_image_custom_url":null,"og_image_custom_fields":null,"og_video":null,"og_custom_url":null,"og_article_section":null,"og_article_tags":null,"twitter_use_og":false,"twitter_card":"default","twitter_image_type":"default","twitter_image_url":null,"twitter_image_custom_url":null,"twitter_image_custom_fields":null,"twitter_title":null,"twitter_description":null,"schema":{"blockGraphs":[],"customGraphs":[],"default":{"data":{"Article":[],"Course":[],"Dataset":[],"FAQPage":[],"Movie":[],"Person":[],"Product":[],"ProductReview":[],"Car":[],"Recipe":[],"Service":[],"SoftwareApplication":[],"WebPage":[]},"graphName":"","isEnabled":true},"graphs":[]},"schema_type":null,"schema_type_options":null,"pillar_content":false,"robots_default":true,"robots_noindex":false,"robots_noarchive":false,"robots_nosnippet":false,"robots_nofollow":false,"robots_noimageindex":false,"robots_noodp":false,"robots_notranslate":false,"robots_max_snippet":null,"robots_max_videopreview":null,"robots_max_imagepreview":"large","priority":null,"frequency":null,"location":null,"local_seo":null,"seo_analyzer_scan_date":"2025-08-31 08:42:17","breadcrumb_settings":null,"limit_modified_date":false,"reviewed_by":null,"open_ai":null,"ai":null,"created":"2020-12-21 10:40:45","updated":"2025-08-31 08:42:17"},"aioseo_breadcrumb":"<div class=\"aioseo-breadcrumbs\"><span class=\"aioseo-breadcrumb\">\n\t<a href=\"https:\/\/candas365.es\/noticias\" title=\"Home\">Home<\/a>\n<\/span><span class=\"aioseo-breadcrumb-separator\">&ndash;<\/span><span class=\"aioseo-breadcrumb\">\n\t<a href=\"https:\/\/candas365.es\/noticias\/category\/noticias-carreno\/\" title=\"Noticias Carre\u00f1o\">Noticias Carre\u00f1o<\/a>\n<\/span><span class=\"aioseo-breadcrumb-separator\">&ndash;<\/span><span class=\"aioseo-breadcrumb\">\n\tLa obra pict\u00f3rica de Ant\u00f3n en el Museo de Cand\u00e1s\n<\/span><\/div>","aioseo_breadcrumb_json":[{"label":"Home","link":"https:\/\/candas365.es\/noticias"},{"label":"Noticias Carre\u00f1o","link":"https:\/\/candas365.es\/noticias\/category\/noticias-carreno\/"},{"label":"La obra pict\u00f3rica de Ant\u00f3n en el Museo de Cand\u00e1s","link":"https:\/\/candas365.es\/noticias\/la-obra-pictorica-de-anton-en-el-museo-de-candas\/"}],"_links":{"self":[{"href":"https:\/\/candas365.es\/noticias\/wp-json\/wp\/v2\/posts\/144871","targetHints":{"allow":["GET"]}}],"collection":[{"href":"https:\/\/candas365.es\/noticias\/wp-json\/wp\/v2\/posts"}],"about":[{"href":"https:\/\/candas365.es\/noticias\/wp-json\/wp\/v2\/types\/post"}],"author":[{"embeddable":true,"href":"https:\/\/candas365.es\/noticias\/wp-json\/wp\/v2\/users\/1"}],"replies":[{"embeddable":true,"href":"https:\/\/candas365.es\/noticias\/wp-json\/wp\/v2\/comments?post=144871"}],"version-history":[{"count":0,"href":"https:\/\/candas365.es\/noticias\/wp-json\/wp\/v2\/posts\/144871\/revisions"}],"wp:featuredmedia":[{"embeddable":true,"href":"https:\/\/candas365.es\/noticias\/wp-json\/wp\/v2\/media\/11794"}],"wp:attachment":[{"href":"https:\/\/candas365.es\/noticias\/wp-json\/wp\/v2\/media?parent=144871"}],"wp:term":[{"taxonomy":"category","embeddable":true,"href":"https:\/\/candas365.es\/noticias\/wp-json\/wp\/v2\/categories?post=144871"},{"taxonomy":"post_tag","embeddable":true,"href":"https:\/\/candas365.es\/noticias\/wp-json\/wp\/v2\/tags?post=144871"}],"curies":[{"name":"wp","href":"https:\/\/api.w.org\/{rel}","templated":true}]}}