{"id":144808,"date":"2020-07-16T12:16:02","date_gmt":"2020-07-16T12:16:02","guid":{"rendered":"http:\/\/candas365.es\/noticias\/?p=144808"},"modified":"2020-07-16T12:16:02","modified_gmt":"2020-07-16T12:16:02","slug":"ayudas-a-la-educacion-en-carreno","status":"publish","type":"post","link":"https:\/\/candas365.es\/noticias\/ayudas-a-la-educacion-en-carreno\/","title":{"rendered":"Ayudas a la Educaci\u00f3n en Carre\u00f1o"},"content":{"rendered":"<p><img fetchpriority=\"high\" decoding=\"async\" class=\"alignleft size-medium wp-image-6453\" src=\"https:\/\/candas365.es\/noticias\/wp-content\/uploads\/2015\/01\/ayuntamiento-360x270.jpg\" alt=\"\" width=\"360\" height=\"270\" srcset=\"https:\/\/candas365.es\/noticias\/wp-content\/uploads\/2015\/01\/ayuntamiento-360x270.jpg 360w, https:\/\/candas365.es\/noticias\/wp-content\/uploads\/2015\/01\/ayuntamiento-640x480.jpg 640w, https:\/\/candas365.es\/noticias\/wp-content\/uploads\/2015\/01\/ayuntamiento-768x576.jpg 768w, https:\/\/candas365.es\/noticias\/wp-content\/uploads\/2015\/01\/ayuntamiento-150x113.jpg 150w, https:\/\/candas365.es\/noticias\/wp-content\/uploads\/2015\/01\/ayuntamiento-450x338.jpg 450w, https:\/\/candas365.es\/noticias\/wp-content\/uploads\/2015\/01\/ayuntamiento-80x60.jpg 80w, https:\/\/candas365.es\/noticias\/wp-content\/uploads\/2015\/01\/ayuntamiento-265x198.jpg 265w, https:\/\/candas365.es\/noticias\/wp-content\/uploads\/2015\/01\/ayuntamiento-696x522.jpg 696w, https:\/\/candas365.es\/noticias\/wp-content\/uploads\/2015\/01\/ayuntamiento-560x420.jpg 560w, https:\/\/candas365.es\/noticias\/wp-content\/uploads\/2015\/01\/ayuntamiento-90x67.jpg 90w, https:\/\/candas365.es\/noticias\/wp-content\/uploads\/2015\/01\/ayuntamiento.jpg 800w\" sizes=\"(max-width: 360px) 100vw, 360px\" \/>Desde ellunes, 13 de Julio, ha comenzado el plazo de presentaci\u00f3n de instancias para poder optar a alguna de las <strong>133 ayudas municipales a la Educaci\u00f3n<\/strong>, y durante 20 d\u00edas a contar desde el siguiente al de la publicaci\u00f3n el 10 de julio en el Bolet\u00edn Oficial del Principado de Asturias.<\/p>\n<p>El <strong>Ayuntamiento de Carre\u00f1o<\/strong>, convoc\u00f3 en r\u00e9gimen de concurrencia competitiva, para el presente curso escolar, 2020-2021, las ayudas municipales con el prop\u00f3sito de sufragar los gastos derivados de la Ense\u00f1anza Infantil, Bachillerato, F.P., M\u00f3dulos de Grado Medio o Superior o an\u00e1logos, Transporte Universitario y de las ense\u00f1anzas de la Escuela Municipal de M\u00fasica \u201cMiguel Barrosa\u201d y Transporte a Centro de Educaci\u00f3n Especial.<\/p>\n<p>\u201cTras la entrada en vigor de la Ley 27\/2013, de 27 de diciembre, de Racionalizaci\u00f3n y Sostenibilidad de las Administraciones Locales, los Ayuntamientos hemos visto como se ha suprimido una de sus competencias, aquella a trav\u00e9s de la cual, la administraci\u00f3n m\u00e1s cercana a la ciudadan\u00eda, aquella que convive con ellos y ellas e intenta dar respuesta a sus inquietudes, adem\u00e1s de educar y formar, es decir, las competencias en Educaci\u00f3n. El equipo de gobierno socialista de Carre\u00f1o, siguiendo en su empe\u00f1o de ayudar al vecindario sigue convocando estas ayudas para la educaci\u00f3n, haciendo frente y destinando recursos propios en donde no llegan los de otras administraciones\u201d, se\u00f1al\u00f3 Beatriz Fern\u00e1ndez- Concejala de Educaci\u00f3n.<\/p>\n<p>\u201cSomos conocedores, tras la situaci\u00f3n de crisis sanitaria mundial, de la situaci\u00f3n econ\u00f3mica-laboral por la que est\u00e1n atravesando familias del concejo, por lo que para el presente curso escolar la partida econ\u00f3mica destinada a ayudas a la educaci\u00f3n no ha sido minorada. Adem\u00e1s, como complemento a estas ayudas, desde la Concejal\u00eda de Bienestar Social, estamos trabajando en la Convocatoria, para el presente curso, por cuarto a\u00f1o consecutivo, de la l\u00ednea de ayudas de las Becas de Comedor para las personas que, cursando sus estudios en alguno de los Centros de Educaci\u00f3n Infantil y Primaria del Concejo, est\u00e9n empadronadas en Carre\u00f1o\u201d prosigui\u00f3 Fern\u00e1ndez.<\/p>\n<h3><strong>Los importes y la distribuci\u00f3n de las ayudas ser\u00e1 la siguiente:<\/strong><\/h3>\n<p>50 ayudas con destino a ense\u00f1anza infantil con dotaci\u00f3n de 70 \u20ac cada una, destinadas al pago de libros y material escolar.<\/p>\n<ul>\n<li>30 ayudas con destino a bachiller, F.P., m\u00f3dulos de grado medio o superior o an\u00e1logos, con dotaci\u00f3n de 175\u20ac para la ayuda de libros.<\/li>\n<li>30 ayudas de 300\u20ac, destinados a sufragar los gastos derivados del transporte universitario para el alumnado de centros de la Universidad de Oviedo o en universidades p\u00fablicas del territorio nacional siempre que la titulaci\u00f3n o formaci\u00f3n universitaria no se imparta en el Principado de Asturias.<\/li>\n<li>15 ayudas por un importe de 80 \u20ac, con destino a sufragar ense\u00f1anzas impartidas en la Escuela de M\u00fasica Municipal \u201cMiguel Barrosa\u201d.<\/li>\n<li>7 ayudas de 200\u20ac, destinadas a sufragar los gastos derivados del transporte a centros de Educaci\u00f3n Especial.<\/li>\n<\/ul>\n<p>\u201cPodr\u00e1n optar a las ayudas las personas que se encuentren empadronadas en el Concejo y que est\u00e9n matriculadas en alguno de los niveles para los que son destinadas las ayudas. Y como novedad, en esta nueva Convocatoria, en el caso de presentarse alguna solicitud que no encaje en alguna de las ayudas anteriormente descritas, la Comisi\u00f3n de Valoraci\u00f3n estudiar\u00e1 dicha solicitud, valorando, una vez concedidas todas aquellas solicitudes que cumplen los requisitos, la concesi\u00f3n de la ayuda, condicionada siempre a la disponibilidad de cr\u00e9dito\u201d coment\u00f3 la Edil.<\/p>\n<p>El plazo de presentaci\u00f3n de solicitudes ser\u00e1 desde el 13 de Julio a 7 de Agosto, ambos inclusive. Las solicitudes se presentar\u00e1n en el impreso oficial junto con la documentaci\u00f3n necesaria en el Registro General del Ayuntamiento de Carre\u00f1o, sito en la calle Santolaya, 1-3 de Cand\u00e1s, en el siguiente horario:<\/p>\n<p>Lunes, Martes, Mi\u00e9rcoles, Jueves y Viernes de 9 a 14 horas<\/p>\n<p>Para la concesi\u00f3n de la ayuda ser\u00e1 necesario la obtenci\u00f3n de alg\u00fan punto en la valoraci\u00f3n de la solicitud. Para lo obtenci\u00f3n de estos se dividir\u00e1 los ingresos netos que figuran en la unidad familiar entre el n\u00famero de miembros de los que consta la unidad. Por ejemplo, una familia formada por tres personas con unos ingresos de 21.000 \u20ac anuales, a cada uno de sus miembros le corresponder\u00eda unos ingresos de 7.000 \u20ac. Esta cantidad, seg\u00fan la tabla que se adjunta en las bases de la convocatoria le corresponder\u00edan 2 puntos. Por lo que para la obtenci\u00f3n de la puntuaci\u00f3n y baremaci\u00f3n ser\u00e1 necesario presentar las rentas del ejercicio del 2019 de cada una de las personas que componen la unidad familiar.<\/p>\n<p>\u201cEn el \u00faltimo curso escolar 85 familias carre\u00f1enses se han beneficiado de este tipo de ayudas a la educaci\u00f3n, ascendiendo el importe a 15.031 \u20ac. En esta nueva convocatoria, para el curso escolar 2020-2021, que dar\u00e1 comienzo en septiembre, la pretensi\u00f3n es la de ayudar a 133 familias, destinando 20.250 \u20ac\u201d finaliz\u00f3 la Concejala.<\/p>\n","protected":false},"excerpt":{"rendered":"<p>Desde ellunes, 13 de Julio, ha comenzado el plazo de presentaci\u00f3n de instancias para poder optar a alguna de las 133 ayudas municipales a la Educaci\u00f3n, y durante 20 d\u00edas a contar desde el siguiente al de la publicaci\u00f3n el 10 de julio en el Bolet\u00edn Oficial del Principado de Asturias. El Ayuntamiento de Carre\u00f1o,<\/p>\n","protected":false},"author":1,"featured_media":6453,"comment_status":"closed","ping_status":"closed","sticky":false,"template":"","format":"standard","meta":{"footnotes":""},"categories":[2],"tags":[],"class_list":{"0":"post-144808","1":"post","2":"type-post","3":"status-publish","4":"format-standard","5":"has-post-thumbnail","7":"category-noticias-carreno"},"aioseo_notices":[],"aioseo_head":"\n\t\t<!-- All in One SEO Pro 4.9.6.2 - aioseo.com -->\n\t<meta name=\"description\" content=\"Desde ellunes, 13 de Julio, ha comenzado el plazo de presentaci\u00f3n de instancias para poder optar a alguna de las 133 ayudas municipales a la Educaci\u00f3n, y durante 20 d\u00edas a contar desde el siguiente al de la publicaci\u00f3n el 10 de julio en el Bolet\u00edn Oficial del Principado de Asturias. El Ayuntamiento de Carre\u00f1o,\" \/>\n\t<meta name=\"robots\" content=\"max-image-preview:large\" \/>\n\t<meta name=\"author\" content=\"Cand\u00e1s 365\"\/>\n\t<meta name=\"google-site-verification\" content=\"UA-32230408-1\" \/>\n\t<meta name=\"msvalidate.01\" content=\"354F3CDFB2DA171B47FBE9ABF1F88D5\" \/>\n\t<meta name=\"keywords\" content=\"noticias carre\u00f1o\" \/>\n\t<link rel=\"canonical\" href=\"https:\/\/candas365.es\/noticias\/ayudas-a-la-educacion-en-carreno\/\" \/>\n\t<meta name=\"generator\" content=\"All in One SEO Pro (AIOSEO) 4.9.6.2\" \/>\n\t\t<meta property=\"og:locale\" content=\"es_ES\" \/>\n\t\t<meta property=\"og:site_name\" content=\"Cand\u00e1s 365\" \/>\n\t\t<meta property=\"og:type\" content=\"article\" \/>\n\t\t<meta property=\"og:title\" content=\"Ayudas a la Educaci\u00f3n en Carre\u00f1o | Cand\u00e1s 365\" \/>\n\t\t<meta property=\"og:description\" content=\"Desde ellunes, 13 de Julio, ha comenzado el plazo de presentaci\u00f3n de instancias para poder optar a alguna de las 133 ayudas municipales a la Educaci\u00f3n, y durante 20 d\u00edas a contar desde el siguiente al de la publicaci\u00f3n el 10 de julio en el Bolet\u00edn Oficial del Principado de Asturias. El Ayuntamiento de Carre\u00f1o,\" \/>\n\t\t<meta property=\"og:url\" content=\"https:\/\/candas365.es\/noticias\/ayudas-a-la-educacion-en-carreno\/\" \/>\n\t\t<meta property=\"og:image\" content=\"https:\/\/candas365.es\/noticias\/wp-content\/uploads\/2015\/01\/ayuntamiento.jpg\" \/>\n\t\t<meta property=\"og:image:secure_url\" content=\"https:\/\/candas365.es\/noticias\/wp-content\/uploads\/2015\/01\/ayuntamiento.jpg\" \/>\n\t\t<meta property=\"og:image:width\" content=\"800\" \/>\n\t\t<meta property=\"og:image:height\" content=\"600\" \/>\n\t\t<meta property=\"article:published_time\" content=\"2020-07-16T12:16:02+00:00\" \/>\n\t\t<meta property=\"article:modified_time\" content=\"2020-07-16T12:16:02+00:00\" \/>\n\t\t<meta property=\"article:publisher\" content=\"https:\/\/www.facebook.com\/Nachofdezber\" \/>\n\t\t<meta property=\"article:author\" content=\"https:\/\/www.facebook.com\/carrenoactualidad\" \/>\n\t\t<meta name=\"twitter:card\" content=\"summary_large_image\" \/>\n\t\t<meta name=\"twitter:site\" content=\"@NabercoDigital\" \/>\n\t\t<meta name=\"twitter:title\" content=\"Ayudas a la Educaci\u00f3n en Carre\u00f1o | Cand\u00e1s 365\" \/>\n\t\t<meta name=\"twitter:description\" content=\"Desde ellunes, 13 de Julio, ha comenzado el plazo de presentaci\u00f3n de instancias para poder optar a alguna de las 133 ayudas municipales a la Educaci\u00f3n, y durante 20 d\u00edas a contar desde el siguiente al de la publicaci\u00f3n el 10 de julio en el Bolet\u00edn Oficial del Principado de Asturias. El Ayuntamiento de Carre\u00f1o,\" \/>\n\t\t<meta name=\"twitter:creator\" content=\"@nbasturias\" \/>\n\t\t<meta name=\"twitter:image\" content=\"https:\/\/candas365.es\/noticias\/wp-content\/uploads\/2015\/01\/ayuntamiento.jpg\" \/>\n\t\t<meta name=\"twitter:label1\" content=\"Escrito por\" \/>\n\t\t<meta name=\"twitter:data1\" content=\"Cand\u00e1s 365\" \/>\n\t\t<meta name=\"twitter:label2\" content=\"Tiempo de lectura estimado\" \/>\n\t\t<meta name=\"twitter:data2\" content=\"4 minutos\" \/>\n\t\t<script type=\"application\/ld+json\" class=\"aioseo-schema\">\n\t\t\t{\"@context\":\"https:\\\/\\\/schema.org\",\"@graph\":[{\"@type\":\"BreadcrumbList\",\"@id\":\"https:\\\/\\\/candas365.es\\\/noticias\\\/ayudas-a-la-educacion-en-carreno\\\/#breadcrumblist\",\"itemListElement\":[{\"@type\":\"ListItem\",\"@id\":\"https:\\\/\\\/candas365.es\\\/noticias#listItem\",\"position\":1,\"name\":\"Home\",\"item\":\"https:\\\/\\\/candas365.es\\\/noticias\",\"nextItem\":{\"@type\":\"ListItem\",\"@id\":\"https:\\\/\\\/candas365.es\\\/noticias\\\/category\\\/noticias-carreno\\\/#listItem\",\"name\":\"Noticias Carre\\u00f1o\"}},{\"@type\":\"ListItem\",\"@id\":\"https:\\\/\\\/candas365.es\\\/noticias\\\/category\\\/noticias-carreno\\\/#listItem\",\"position\":2,\"name\":\"Noticias Carre\\u00f1o\",\"item\":\"https:\\\/\\\/candas365.es\\\/noticias\\\/category\\\/noticias-carreno\\\/\",\"nextItem\":{\"@type\":\"ListItem\",\"@id\":\"https:\\\/\\\/candas365.es\\\/noticias\\\/ayudas-a-la-educacion-en-carreno\\\/#listItem\",\"name\":\"Ayudas a la Educaci\\u00f3n en Carre\\u00f1o\"},\"previousItem\":{\"@type\":\"ListItem\",\"@id\":\"https:\\\/\\\/candas365.es\\\/noticias#listItem\",\"name\":\"Home\"}},{\"@type\":\"ListItem\",\"@id\":\"https:\\\/\\\/candas365.es\\\/noticias\\\/ayudas-a-la-educacion-en-carreno\\\/#listItem\",\"position\":3,\"name\":\"Ayudas a la Educaci\\u00f3n en Carre\\u00f1o\",\"previousItem\":{\"@type\":\"ListItem\",\"@id\":\"https:\\\/\\\/candas365.es\\\/noticias\\\/category\\\/noticias-carreno\\\/#listItem\",\"name\":\"Noticias Carre\\u00f1o\"}}]},{\"@type\":\"NewsArticle\",\"@id\":\"https:\\\/\\\/candas365.es\\\/noticias\\\/ayudas-a-la-educacion-en-carreno\\\/#newsarticle\",\"name\":\"Ayudas a la Educaci\\u00f3n en Carre\\u00f1o | Cand\\u00e1s 365\",\"headline\":\"Ayudas a la Educaci\\u00f3n en Carre\\u00f1o\",\"author\":{\"@id\":\"https:\\\/\\\/candas365.es\\\/noticias\\\/author\\\/admin\\\/#author\"},\"publisher\":{\"@id\":\"https:\\\/\\\/candas365.es\\\/noticias\\\/#organization\"},\"image\":{\"@type\":\"ImageObject\",\"url\":\"https:\\\/\\\/candas365.es\\\/noticias\\\/wp-content\\\/uploads\\\/2015\\\/01\\\/ayuntamiento.jpg\",\"width\":800,\"height\":600,\"caption\":\"Carre\\u00f1o\"},\"datePublished\":\"2020-07-16T12:16:02+02:00\",\"dateModified\":\"2020-07-16T12:16:02+02:00\",\"inLanguage\":\"es-ES\",\"mainEntityOfPage\":{\"@id\":\"https:\\\/\\\/candas365.es\\\/noticias\\\/ayudas-a-la-educacion-en-carreno\\\/#webpage\"},\"isPartOf\":{\"@id\":\"https:\\\/\\\/candas365.es\\\/noticias\\\/ayudas-a-la-educacion-en-carreno\\\/#webpage\"},\"articleSection\":\"Noticias Carre\\u00f1o\",\"dateline\":\"Publicado el julio 16, 2020.\"},{\"@type\":\"Organization\",\"@id\":\"https:\\\/\\\/candas365.es\\\/noticias\\\/#organization\",\"name\":\"Cand\\u00e1s 365\",\"description\":\"Cand\\u00e1s 365 es un diario digital independiente, fundado en 2012, con base en Asturias. Informamos con rigor sobre actualidad, sociedad, cultura y ocio, con una mirada local y global.\",\"url\":\"https:\\\/\\\/candas365.es\\\/noticias\\\/\",\"email\":\"info@candas365.es\",\"telephone\":\"+34652131393\",\"foundingDate\":\"2012-06-10\",\"logo\":{\"@type\":\"ImageObject\",\"url\":\"https:\\\/\\\/candas365.es\\\/noticias\\\/wp-content\\\/uploads\\\/2024\\\/09\\\/Candas-365-Redes.jpg\",\"@id\":\"https:\\\/\\\/candas365.es\\\/noticias\\\/ayudas-a-la-educacion-en-carreno\\\/#organizationLogo\",\"width\":1152,\"height\":864,\"caption\":\"Cand\\u00e1s 365 Redes\"},\"image\":{\"@id\":\"https:\\\/\\\/candas365.es\\\/noticias\\\/ayudas-a-la-educacion-en-carreno\\\/#organizationLogo\"},\"sameAs\":[\"https:\\\/\\\/www.facebook.com\\\/Nachofdezber\",\"https:\\\/\\\/x.com\\\/NabercoDigital\",\"https:\\\/\\\/www.instagram.com\\\/nachofdezber\\\/\",\"https:\\\/\\\/www.youtube.com\\\/channel\\\/UCZP-2wLEB9Rv6erhFmqVnvg\"],\"address\":{\"@id\":\"https:\\\/\\\/candas365.es\\\/noticias\\\/#postaladdress\",\"@type\":\"PostalAddress\",\"streetAddress\":\"san antonio 4, san antonio 4\",\"postalCode\":\"33430\",\"addressLocality\":\"Cand\\u00e1s\",\"addressRegion\":\"Asturias\",\"addressCountry\":\"ES\"}},{\"@type\":\"Person\",\"@id\":\"https:\\\/\\\/candas365.es\\\/noticias\\\/author\\\/admin\\\/#author\",\"url\":\"https:\\\/\\\/candas365.es\\\/noticias\\\/author\\\/admin\\\/\",\"name\":\"Cand\\u00e1s 365\",\"image\":{\"@type\":\"ImageObject\",\"@id\":\"https:\\\/\\\/candas365.es\\\/noticias\\\/ayudas-a-la-educacion-en-carreno\\\/#authorImage\",\"url\":\"https:\\\/\\\/secure.gravatar.com\\\/avatar\\\/496a8e03d0c493ede1718b7934145dbdf8d89be1036b0eec9544e1094c9de390?s=96&d=mm&r=g\",\"width\":96,\"height\":96,\"caption\":\"Cand\\u00e1s 365\"},\"sameAs\":[\"https:\\\/\\\/www.facebook.com\\\/carrenoactualidad\",\"https:\\\/\\\/twitter.com\\\/nbasturias\",\"https:\\\/\\\/www.instagram.com\\\/nachofdezber\\\/\",\"https:\\\/\\\/www.youtube.com\\\/channel\\\/UCZP-2wLEB9Rv6erhFmqVnvg\"]},{\"@type\":\"WebPage\",\"@id\":\"https:\\\/\\\/candas365.es\\\/noticias\\\/ayudas-a-la-educacion-en-carreno\\\/#webpage\",\"url\":\"https:\\\/\\\/candas365.es\\\/noticias\\\/ayudas-a-la-educacion-en-carreno\\\/\",\"name\":\"Ayudas a la Educaci\\u00f3n en Carre\\u00f1o | Cand\\u00e1s 365\",\"description\":\"Desde ellunes, 13 de Julio, ha comenzado el plazo de presentaci\\u00f3n de instancias para poder optar a alguna de las 133 ayudas municipales a la Educaci\\u00f3n, y durante 20 d\\u00edas a contar desde el siguiente al de la publicaci\\u00f3n el 10 de julio en el Bolet\\u00edn Oficial del Principado de Asturias. El Ayuntamiento de Carre\\u00f1o,\",\"inLanguage\":\"es-ES\",\"isPartOf\":{\"@id\":\"https:\\\/\\\/candas365.es\\\/noticias\\\/#website\"},\"breadcrumb\":{\"@id\":\"https:\\\/\\\/candas365.es\\\/noticias\\\/ayudas-a-la-educacion-en-carreno\\\/#breadcrumblist\"},\"author\":{\"@id\":\"https:\\\/\\\/candas365.es\\\/noticias\\\/author\\\/admin\\\/#author\"},\"creator\":{\"@id\":\"https:\\\/\\\/candas365.es\\\/noticias\\\/author\\\/admin\\\/#author\"},\"image\":{\"@type\":\"ImageObject\",\"url\":\"https:\\\/\\\/candas365.es\\\/noticias\\\/wp-content\\\/uploads\\\/2015\\\/01\\\/ayuntamiento.jpg\",\"@id\":\"https:\\\/\\\/candas365.es\\\/noticias\\\/ayudas-a-la-educacion-en-carreno\\\/#mainImage\",\"width\":800,\"height\":600,\"caption\":\"Carre\\u00f1o\"},\"primaryImageOfPage\":{\"@id\":\"https:\\\/\\\/candas365.es\\\/noticias\\\/ayudas-a-la-educacion-en-carreno\\\/#mainImage\"},\"datePublished\":\"2020-07-16T12:16:02+02:00\",\"dateModified\":\"2020-07-16T12:16:02+02:00\"},{\"@type\":\"WebSite\",\"@id\":\"https:\\\/\\\/candas365.es\\\/noticias\\\/#website\",\"url\":\"https:\\\/\\\/candas365.es\\\/noticias\\\/\",\"name\":\"Cand\\u00e1s 365\",\"alternateName\":\"Cand\\u00e1s 365 Noticias\",\"description\":\"Actualidad desde Carre\\u00f1o para el mundo\",\"inLanguage\":\"es-ES\",\"publisher\":{\"@id\":\"https:\\\/\\\/candas365.es\\\/noticias\\\/#organization\"}}]}\n\t\t<\/script>\n\t\t<!-- All in One SEO Pro -->\r\n\t\t<title>Ayudas a la Educaci\u00f3n en Carre\u00f1o | Cand\u00e1s 365<\/title>\n\n","aioseo_head_json":{"title":"Ayudas a la Educaci\u00f3n en Carre\u00f1o | Cand\u00e1s 365","description":"Desde ellunes, 13 de Julio, ha comenzado el plazo de presentaci\u00f3n de instancias para poder optar a alguna de las 133 ayudas municipales a la Educaci\u00f3n, y durante 20 d\u00edas a contar desde el siguiente al de la publicaci\u00f3n el 10 de julio en el Bolet\u00edn Oficial del Principado de Asturias. El Ayuntamiento de Carre\u00f1o,","canonical_url":"https:\/\/candas365.es\/noticias\/ayudas-a-la-educacion-en-carreno\/","robots":"max-image-preview:large","keywords":"noticias carre\u00f1o","webmasterTools":{"google-site-verification":"UA-32230408-1","msvalidate.01":"354F3CDFB2DA171B47FBE9ABF1F88D5","miscellaneous":""},"schema":{"@context":"https:\/\/schema.org","@graph":[{"@type":"BreadcrumbList","@id":"https:\/\/candas365.es\/noticias\/ayudas-a-la-educacion-en-carreno\/#breadcrumblist","itemListElement":[{"@type":"ListItem","@id":"https:\/\/candas365.es\/noticias#listItem","position":1,"name":"Home","item":"https:\/\/candas365.es\/noticias","nextItem":{"@type":"ListItem","@id":"https:\/\/candas365.es\/noticias\/category\/noticias-carreno\/#listItem","name":"Noticias Carre\u00f1o"}},{"@type":"ListItem","@id":"https:\/\/candas365.es\/noticias\/category\/noticias-carreno\/#listItem","position":2,"name":"Noticias Carre\u00f1o","item":"https:\/\/candas365.es\/noticias\/category\/noticias-carreno\/","nextItem":{"@type":"ListItem","@id":"https:\/\/candas365.es\/noticias\/ayudas-a-la-educacion-en-carreno\/#listItem","name":"Ayudas a la Educaci\u00f3n en Carre\u00f1o"},"previousItem":{"@type":"ListItem","@id":"https:\/\/candas365.es\/noticias#listItem","name":"Home"}},{"@type":"ListItem","@id":"https:\/\/candas365.es\/noticias\/ayudas-a-la-educacion-en-carreno\/#listItem","position":3,"name":"Ayudas a la Educaci\u00f3n en Carre\u00f1o","previousItem":{"@type":"ListItem","@id":"https:\/\/candas365.es\/noticias\/category\/noticias-carreno\/#listItem","name":"Noticias Carre\u00f1o"}}]},{"@type":"NewsArticle","@id":"https:\/\/candas365.es\/noticias\/ayudas-a-la-educacion-en-carreno\/#newsarticle","name":"Ayudas a la Educaci\u00f3n en Carre\u00f1o | Cand\u00e1s 365","headline":"Ayudas a la Educaci\u00f3n en Carre\u00f1o","author":{"@id":"https:\/\/candas365.es\/noticias\/author\/admin\/#author"},"publisher":{"@id":"https:\/\/candas365.es\/noticias\/#organization"},"image":{"@type":"ImageObject","url":"https:\/\/candas365.es\/noticias\/wp-content\/uploads\/2015\/01\/ayuntamiento.jpg","width":800,"height":600,"caption":"Carre\u00f1o"},"datePublished":"2020-07-16T12:16:02+02:00","dateModified":"2020-07-16T12:16:02+02:00","inLanguage":"es-ES","mainEntityOfPage":{"@id":"https:\/\/candas365.es\/noticias\/ayudas-a-la-educacion-en-carreno\/#webpage"},"isPartOf":{"@id":"https:\/\/candas365.es\/noticias\/ayudas-a-la-educacion-en-carreno\/#webpage"},"articleSection":"Noticias Carre\u00f1o","dateline":"Publicado el julio 16, 2020."},{"@type":"Organization","@id":"https:\/\/candas365.es\/noticias\/#organization","name":"Cand\u00e1s 365","description":"Cand\u00e1s 365 es un diario digital independiente, fundado en 2012, con base en Asturias. Informamos con rigor sobre actualidad, sociedad, cultura y ocio, con una mirada local y global.","url":"https:\/\/candas365.es\/noticias\/","email":"info@candas365.es","telephone":"+34652131393","foundingDate":"2012-06-10","logo":{"@type":"ImageObject","url":"https:\/\/candas365.es\/noticias\/wp-content\/uploads\/2024\/09\/Candas-365-Redes.jpg","@id":"https:\/\/candas365.es\/noticias\/ayudas-a-la-educacion-en-carreno\/#organizationLogo","width":1152,"height":864,"caption":"Cand\u00e1s 365 Redes"},"image":{"@id":"https:\/\/candas365.es\/noticias\/ayudas-a-la-educacion-en-carreno\/#organizationLogo"},"sameAs":["https:\/\/www.facebook.com\/Nachofdezber","https:\/\/x.com\/NabercoDigital","https:\/\/www.instagram.com\/nachofdezber\/","https:\/\/www.youtube.com\/channel\/UCZP-2wLEB9Rv6erhFmqVnvg"],"address":{"@id":"https:\/\/candas365.es\/noticias\/#postaladdress","@type":"PostalAddress","streetAddress":"san antonio 4, san antonio 4","postalCode":"33430","addressLocality":"Cand\u00e1s","addressRegion":"Asturias","addressCountry":"ES"}},{"@type":"Person","@id":"https:\/\/candas365.es\/noticias\/author\/admin\/#author","url":"https:\/\/candas365.es\/noticias\/author\/admin\/","name":"Cand\u00e1s 365","image":{"@type":"ImageObject","@id":"https:\/\/candas365.es\/noticias\/ayudas-a-la-educacion-en-carreno\/#authorImage","url":"https:\/\/secure.gravatar.com\/avatar\/496a8e03d0c493ede1718b7934145dbdf8d89be1036b0eec9544e1094c9de390?s=96&d=mm&r=g","width":96,"height":96,"caption":"Cand\u00e1s 365"},"sameAs":["https:\/\/www.facebook.com\/carrenoactualidad","https:\/\/twitter.com\/nbasturias","https:\/\/www.instagram.com\/nachofdezber\/","https:\/\/www.youtube.com\/channel\/UCZP-2wLEB9Rv6erhFmqVnvg"]},{"@type":"WebPage","@id":"https:\/\/candas365.es\/noticias\/ayudas-a-la-educacion-en-carreno\/#webpage","url":"https:\/\/candas365.es\/noticias\/ayudas-a-la-educacion-en-carreno\/","name":"Ayudas a la Educaci\u00f3n en Carre\u00f1o | Cand\u00e1s 365","description":"Desde ellunes, 13 de Julio, ha comenzado el plazo de presentaci\u00f3n de instancias para poder optar a alguna de las 133 ayudas municipales a la Educaci\u00f3n, y durante 20 d\u00edas a contar desde el siguiente al de la publicaci\u00f3n el 10 de julio en el Bolet\u00edn Oficial del Principado de Asturias. El Ayuntamiento de Carre\u00f1o,","inLanguage":"es-ES","isPartOf":{"@id":"https:\/\/candas365.es\/noticias\/#website"},"breadcrumb":{"@id":"https:\/\/candas365.es\/noticias\/ayudas-a-la-educacion-en-carreno\/#breadcrumblist"},"author":{"@id":"https:\/\/candas365.es\/noticias\/author\/admin\/#author"},"creator":{"@id":"https:\/\/candas365.es\/noticias\/author\/admin\/#author"},"image":{"@type":"ImageObject","url":"https:\/\/candas365.es\/noticias\/wp-content\/uploads\/2015\/01\/ayuntamiento.jpg","@id":"https:\/\/candas365.es\/noticias\/ayudas-a-la-educacion-en-carreno\/#mainImage","width":800,"height":600,"caption":"Carre\u00f1o"},"primaryImageOfPage":{"@id":"https:\/\/candas365.es\/noticias\/ayudas-a-la-educacion-en-carreno\/#mainImage"},"datePublished":"2020-07-16T12:16:02+02:00","dateModified":"2020-07-16T12:16:02+02:00"},{"@type":"WebSite","@id":"https:\/\/candas365.es\/noticias\/#website","url":"https:\/\/candas365.es\/noticias\/","name":"Cand\u00e1s 365","alternateName":"Cand\u00e1s 365 Noticias","description":"Actualidad desde Carre\u00f1o para el mundo","inLanguage":"es-ES","publisher":{"@id":"https:\/\/candas365.es\/noticias\/#organization"}}]},"og:locale":"es_ES","og:site_name":"Cand\u00e1s 365","og:type":"article","og:title":"Ayudas a la Educaci\u00f3n en Carre\u00f1o | Cand\u00e1s 365","og:description":"Desde ellunes, 13 de Julio, ha comenzado el plazo de presentaci\u00f3n de instancias para poder optar a alguna de las 133 ayudas municipales a la Educaci\u00f3n, y durante 20 d\u00edas a contar desde el siguiente al de la publicaci\u00f3n el 10 de julio en el Bolet\u00edn Oficial del Principado de Asturias. El Ayuntamiento de Carre\u00f1o,","og:url":"https:\/\/candas365.es\/noticias\/ayudas-a-la-educacion-en-carreno\/","og:image":"https:\/\/candas365.es\/noticias\/wp-content\/uploads\/2015\/01\/ayuntamiento.jpg","og:image:secure_url":"https:\/\/candas365.es\/noticias\/wp-content\/uploads\/2015\/01\/ayuntamiento.jpg","og:image:width":800,"og:image:height":600,"article:published_time":"2020-07-16T12:16:02+00:00","article:modified_time":"2020-07-16T12:16:02+00:00","article:publisher":"https:\/\/www.facebook.com\/Nachofdezber","article:author":"https:\/\/www.facebook.com\/carrenoactualidad","twitter:card":"summary_large_image","twitter:site":"@NabercoDigital","twitter:title":"Ayudas a la Educaci\u00f3n en Carre\u00f1o | Cand\u00e1s 365","twitter:description":"Desde ellunes, 13 de Julio, ha comenzado el plazo de presentaci\u00f3n de instancias para poder optar a alguna de las 133 ayudas municipales a la Educaci\u00f3n, y durante 20 d\u00edas a contar desde el siguiente al de la publicaci\u00f3n el 10 de julio en el Bolet\u00edn Oficial del Principado de Asturias. El Ayuntamiento de Carre\u00f1o,","twitter:creator":"@nbasturias","twitter:image":"https:\/\/candas365.es\/noticias\/wp-content\/uploads\/2015\/01\/ayuntamiento.jpg","twitter:label1":"Escrito por","twitter:data1":"Cand\u00e1s 365","twitter:label2":"Tiempo de lectura estimado","twitter:data2":"4 minutos"},"aioseo_meta_data":{"post_id":"144808","title":null,"description":"","keywords":"","keyphrases":null,"primary_term":null,"canonical_url":"","og_title":null,"og_description":null,"og_object_type":"default","og_image_type":"default","og_image_url":null,"og_image_width":null,"og_image_height":null,"og_image_custom_url":null,"og_image_custom_fields":null,"og_video":null,"og_custom_url":null,"og_article_section":null,"og_article_tags":null,"twitter_use_og":false,"twitter_card":"default","twitter_image_type":"default","twitter_image_url":null,"twitter_image_custom_url":null,"twitter_image_custom_fields":null,"twitter_title":null,"twitter_description":null,"schema":{"blockGraphs":[],"customGraphs":[],"default":{"data":{"Article":[],"Course":[],"Dataset":[],"FAQPage":[],"Movie":[],"Person":[],"Product":[],"ProductReview":[],"Car":[],"Recipe":[],"Service":[],"SoftwareApplication":[],"WebPage":[]},"graphName":"","isEnabled":true},"graphs":[],"defaultGraph":"","defaultPostTypeGraph":""},"schema_type":null,"schema_type_options":null,"pillar_content":false,"robots_default":true,"robots_noindex":false,"robots_noarchive":false,"robots_nosnippet":false,"robots_nofollow":false,"robots_noimageindex":false,"robots_noodp":false,"robots_notranslate":false,"robots_max_snippet":null,"robots_max_videopreview":null,"robots_max_imagepreview":"large","priority":null,"frequency":null,"location":null,"local_seo":null,"seo_analyzer_scan_date":"2025-08-31 08:35:15","breadcrumb_settings":null,"limit_modified_date":false,"reviewed_by":null,"open_ai":null,"ai":null,"created":"2020-12-21 10:40:46","updated":"2025-08-31 08:35:15"},"aioseo_breadcrumb":"<div class=\"aioseo-breadcrumbs\"><span class=\"aioseo-breadcrumb\">\n\t<a href=\"https:\/\/candas365.es\/noticias\" title=\"Home\">Home<\/a>\n<\/span><span class=\"aioseo-breadcrumb-separator\">&ndash;<\/span><span class=\"aioseo-breadcrumb\">\n\t<a href=\"https:\/\/candas365.es\/noticias\/category\/noticias-carreno\/\" title=\"Noticias Carre\u00f1o\">Noticias Carre\u00f1o<\/a>\n<\/span><span class=\"aioseo-breadcrumb-separator\">&ndash;<\/span><span class=\"aioseo-breadcrumb\">\n\tAyudas a la Educaci\u00f3n en Carre\u00f1o\n<\/span><\/div>","aioseo_breadcrumb_json":[{"label":"Home","link":"https:\/\/candas365.es\/noticias"},{"label":"Noticias Carre\u00f1o","link":"https:\/\/candas365.es\/noticias\/category\/noticias-carreno\/"},{"label":"Ayudas a la Educaci\u00f3n en Carre\u00f1o","link":"https:\/\/candas365.es\/noticias\/ayudas-a-la-educacion-en-carreno\/"}],"_links":{"self":[{"href":"https:\/\/candas365.es\/noticias\/wp-json\/wp\/v2\/posts\/144808","targetHints":{"allow":["GET"]}}],"collection":[{"href":"https:\/\/candas365.es\/noticias\/wp-json\/wp\/v2\/posts"}],"about":[{"href":"https:\/\/candas365.es\/noticias\/wp-json\/wp\/v2\/types\/post"}],"author":[{"embeddable":true,"href":"https:\/\/candas365.es\/noticias\/wp-json\/wp\/v2\/users\/1"}],"replies":[{"embeddable":true,"href":"https:\/\/candas365.es\/noticias\/wp-json\/wp\/v2\/comments?post=144808"}],"version-history":[{"count":0,"href":"https:\/\/candas365.es\/noticias\/wp-json\/wp\/v2\/posts\/144808\/revisions"}],"wp:featuredmedia":[{"embeddable":true,"href":"https:\/\/candas365.es\/noticias\/wp-json\/wp\/v2\/media\/6453"}],"wp:attachment":[{"href":"https:\/\/candas365.es\/noticias\/wp-json\/wp\/v2\/media?parent=144808"}],"wp:term":[{"taxonomy":"category","embeddable":true,"href":"https:\/\/candas365.es\/noticias\/wp-json\/wp\/v2\/categories?post=144808"},{"taxonomy":"post_tag","embeddable":true,"href":"https:\/\/candas365.es\/noticias\/wp-json\/wp\/v2\/tags?post=144808"}],"curies":[{"name":"wp","href":"https:\/\/api.w.org\/{rel}","templated":true}]}}