{"id":144662,"date":"2020-07-12T15:30:53","date_gmt":"2020-07-12T15:30:53","guid":{"rendered":"http:\/\/candas365.es\/noticias\/?p=144662"},"modified":"2020-07-12T15:30:53","modified_gmt":"2020-07-12T15:30:53","slug":"obras-en-el-puente-que-cruza-el-arroyo-de-merun-en-carreno","status":"publish","type":"post","link":"https:\/\/candas365.es\/noticias\/obras-en-el-puente-que-cruza-el-arroyo-de-merun-en-carreno\/","title":{"rendered":"Obras en el puente que cruza el Arroyo de Mer\u00fan, en Carre\u00f1o"},"content":{"rendered":"<p><img fetchpriority=\"high\" decoding=\"async\" class=\"alignleft size-medium wp-image-144663\" src=\"https:\/\/candas365.es\/noticias\/wp-content\/uploads\/2020\/07\/El-Valle-Obras-puente-360x260.jpg\" alt=\"\" width=\"360\" height=\"260\" srcset=\"https:\/\/candas365.es\/noticias\/wp-content\/uploads\/2020\/07\/El-Valle-Obras-puente-360x260.jpg 360w, https:\/\/candas365.es\/noticias\/wp-content\/uploads\/2020\/07\/El-Valle-Obras-puente-655x473.jpg 655w, https:\/\/candas365.es\/noticias\/wp-content\/uploads\/2020\/07\/El-Valle-Obras-puente-768x555.jpg 768w, https:\/\/candas365.es\/noticias\/wp-content\/uploads\/2020\/07\/El-Valle-Obras-puente-696x503.jpg 696w, https:\/\/candas365.es\/noticias\/wp-content\/uploads\/2020\/07\/El-Valle-Obras-puente-1068x771.jpg 1068w, https:\/\/candas365.es\/noticias\/wp-content\/uploads\/2020\/07\/El-Valle-Obras-puente-581x420.jpg 581w, https:\/\/candas365.es\/noticias\/wp-content\/uploads\/2020\/07\/El-Valle-Obras-puente-324x235.jpg 324w, https:\/\/candas365.es\/noticias\/wp-content\/uploads\/2020\/07\/El-Valle-Obras-puente.jpg 1073w\" sizes=\"(max-width: 360px) 100vw, 360px\" \/>El consistorio local ultima los trabajos necesarios para asegurar los cimientos del puente que cruza el Arroyo de Mer\u00fan a su paso por la parroquia de El Valle.<\/p>\n<p>\u201cDurante la primavera se vio la necesidad de limpiar y sanear el cauce del arroyo que nace en la falda del Monte Areo debido sobre todo a que las fuertes lluvias del oto\u00f1o-invierno produjeron un aumento de la fuerza y volumen del caudal del citado arroyo, lo que provoc\u00f3 el arrastre, dep\u00f3sito y acumulaci\u00f3n de sedimentos en sus m\u00e1rgenes a su paso por la parroquia de El Valle. El objetivo de esta intervenci\u00f3n adem\u00e1s de sanear el cauce del r\u00edo no es otro que evitar la inundaci\u00f3n de las fincas adyacentes\u201d se\u00f1al\u00f3 Manuel Noceda-Concejal de Medio Rural.<\/p>\n<p>\u201cTras esta primera intervenci\u00f3n y al comprobar los trabajos realizados se observ\u00f3 un peque\u00f1o problema en la estructura del puente. Las fuertes riadas hab\u00edan movido los cimientos del puente. Desde la Oficina T\u00e9cnica Municipal se analizaron posibles soluciones llegando a la conclusi\u00f3n que era necesario calzar las piedras que sirven de apoyo a la infraestructura\u201d explic\u00f3 el concejal<\/p>\n<p>\u201cLa intervenci\u00f3n municipal consisti\u00f3 en la reposici\u00f3n de los cimientos sobre los que se asienta la pasarela con el \u00fanico objetivo de dar estabilidad a la estructura y evitar su colapso. Con ello se pretende que, el Puente, siga dando servicio a la vivienda pr\u00f3xima; e impedir que se inunden las propiedades adyacentes. De no actuar en la zona el Puente llegar\u00eda a caer obstruyendo el paso del agua y \u00e9ste abnegar\u00eda las fincas cercanas. Se garantiza, con estas mejoras, que el Lavadero de La Ponte Piedra siga teniendo agua, ya que su agua procede de este afluente. A la vez que de esta forma se mantiene en pie una estructura de m\u00e1s de 100 a\u00f1os de antig\u00fcedad\u201d finaliz\u00f3 Noceda.<\/p>\n<p>Estas labores fueron realizadas con medios propios pertenecientes al Servicio Municipal de Obras del Ayuntamiento de Carre\u00f1o.<\/p>\n<p>&nbsp;<\/p>\n","protected":false},"excerpt":{"rendered":"<p>El consistorio local ultima los trabajos necesarios para asegurar los cimientos del puente que cruza el Arroyo de Mer\u00fan a su paso por la parroquia de El Valle. \u201cDurante la primavera se vio la necesidad de limpiar y sanear el cauce del arroyo que nace en la falda del Monte Areo debido sobre todo a<\/p>\n","protected":false},"author":1,"featured_media":144663,"comment_status":"closed","ping_status":"closed","sticky":false,"template":"","format":"standard","meta":{"footnotes":""},"categories":[2],"tags":[],"class_list":{"0":"post-144662","1":"post","2":"type-post","3":"status-publish","4":"format-standard","5":"has-post-thumbnail","7":"category-noticias-carreno"},"aioseo_notices":[],"aioseo_head":"\n\t\t<!-- All in One SEO Pro 4.9.6.2 - aioseo.com -->\n\t<meta name=\"description\" content=\"El consistorio local ultima los trabajos necesarios para asegurar los cimientos del puente que cruza el Arroyo de Mer\u00fan a su paso por la parroquia de El Valle. \u201cDurante la primavera se vio la necesidad de limpiar y sanear el cauce del arroyo que nace en la falda del Monte Areo debido sobre todo a\" \/>\n\t<meta name=\"robots\" content=\"max-image-preview:large\" \/>\n\t<meta name=\"author\" content=\"Cand\u00e1s 365\"\/>\n\t<meta name=\"google-site-verification\" content=\"UA-32230408-1\" \/>\n\t<meta name=\"msvalidate.01\" content=\"354F3CDFB2DA171B47FBE9ABF1F88D5\" \/>\n\t<meta name=\"keywords\" content=\"noticias carre\u00f1o\" \/>\n\t<link rel=\"canonical\" href=\"https:\/\/candas365.es\/noticias\/obras-en-el-puente-que-cruza-el-arroyo-de-merun-en-carreno\/\" \/>\n\t<meta name=\"generator\" content=\"All in One SEO Pro (AIOSEO) 4.9.6.2\" \/>\n\t\t<meta property=\"og:locale\" content=\"es_ES\" \/>\n\t\t<meta property=\"og:site_name\" content=\"Cand\u00e1s 365\" \/>\n\t\t<meta property=\"og:type\" content=\"article\" \/>\n\t\t<meta property=\"og:title\" content=\"Obras en el puente que cruza el Arroyo de Mer\u00fan, en Carre\u00f1o | Cand\u00e1s 365\" \/>\n\t\t<meta property=\"og:description\" content=\"El consistorio local ultima los trabajos necesarios para asegurar los cimientos del puente que cruza el Arroyo de Mer\u00fan a su paso por la parroquia de El Valle. \u201cDurante la primavera se vio la necesidad de limpiar y sanear el cauce del arroyo que nace en la falda del Monte Areo debido sobre todo a\" \/>\n\t\t<meta property=\"og:url\" content=\"https:\/\/candas365.es\/noticias\/obras-en-el-puente-que-cruza-el-arroyo-de-merun-en-carreno\/\" \/>\n\t\t<meta property=\"og:image\" content=\"https:\/\/candas365.es\/noticias\/wp-content\/uploads\/2020\/07\/El-Valle-Obras-puente.jpg\" \/>\n\t\t<meta property=\"og:image:secure_url\" content=\"https:\/\/candas365.es\/noticias\/wp-content\/uploads\/2020\/07\/El-Valle-Obras-puente.jpg\" \/>\n\t\t<meta property=\"og:image:width\" content=\"1073\" \/>\n\t\t<meta property=\"og:image:height\" content=\"775\" \/>\n\t\t<meta property=\"article:published_time\" content=\"2020-07-12T15:30:53+00:00\" \/>\n\t\t<meta property=\"article:modified_time\" content=\"2020-07-12T15:30:53+00:00\" \/>\n\t\t<meta property=\"article:publisher\" content=\"https:\/\/www.facebook.com\/Nachofdezber\" \/>\n\t\t<meta property=\"article:author\" content=\"https:\/\/www.facebook.com\/carrenoactualidad\" \/>\n\t\t<meta name=\"twitter:card\" content=\"summary_large_image\" \/>\n\t\t<meta name=\"twitter:site\" content=\"@NabercoDigital\" \/>\n\t\t<meta name=\"twitter:title\" content=\"Obras en el puente que cruza el Arroyo de Mer\u00fan, en Carre\u00f1o | Cand\u00e1s 365\" \/>\n\t\t<meta name=\"twitter:description\" content=\"El consistorio local ultima los trabajos necesarios para asegurar los cimientos del puente que cruza el Arroyo de Mer\u00fan a su paso por la parroquia de El Valle. \u201cDurante la primavera se vio la necesidad de limpiar y sanear el cauce del arroyo que nace en la falda del Monte Areo debido sobre todo a\" \/>\n\t\t<meta name=\"twitter:creator\" content=\"@nbasturias\" \/>\n\t\t<meta name=\"twitter:image\" content=\"https:\/\/candas365.es\/noticias\/wp-content\/uploads\/2020\/07\/El-Valle-Obras-puente.jpg\" \/>\n\t\t<meta name=\"twitter:label1\" content=\"Escrito por\" \/>\n\t\t<meta name=\"twitter:data1\" content=\"Cand\u00e1s 365\" \/>\n\t\t<meta name=\"twitter:label2\" content=\"Tiempo de lectura estimado\" \/>\n\t\t<meta name=\"twitter:data2\" content=\"2 minutos\" \/>\n\t\t<script type=\"application\/ld+json\" class=\"aioseo-schema\">\n\t\t\t{\"@context\":\"https:\\\/\\\/schema.org\",\"@graph\":[{\"@type\":\"BreadcrumbList\",\"@id\":\"https:\\\/\\\/candas365.es\\\/noticias\\\/obras-en-el-puente-que-cruza-el-arroyo-de-merun-en-carreno\\\/#breadcrumblist\",\"itemListElement\":[{\"@type\":\"ListItem\",\"@id\":\"https:\\\/\\\/candas365.es\\\/noticias#listItem\",\"position\":1,\"name\":\"Home\",\"item\":\"https:\\\/\\\/candas365.es\\\/noticias\",\"nextItem\":{\"@type\":\"ListItem\",\"@id\":\"https:\\\/\\\/candas365.es\\\/noticias\\\/category\\\/noticias-carreno\\\/#listItem\",\"name\":\"Noticias Carre\\u00f1o\"}},{\"@type\":\"ListItem\",\"@id\":\"https:\\\/\\\/candas365.es\\\/noticias\\\/category\\\/noticias-carreno\\\/#listItem\",\"position\":2,\"name\":\"Noticias Carre\\u00f1o\",\"item\":\"https:\\\/\\\/candas365.es\\\/noticias\\\/category\\\/noticias-carreno\\\/\",\"nextItem\":{\"@type\":\"ListItem\",\"@id\":\"https:\\\/\\\/candas365.es\\\/noticias\\\/obras-en-el-puente-que-cruza-el-arroyo-de-merun-en-carreno\\\/#listItem\",\"name\":\"Obras en el puente que cruza el Arroyo de Mer\\u00fan, en Carre\\u00f1o\"},\"previousItem\":{\"@type\":\"ListItem\",\"@id\":\"https:\\\/\\\/candas365.es\\\/noticias#listItem\",\"name\":\"Home\"}},{\"@type\":\"ListItem\",\"@id\":\"https:\\\/\\\/candas365.es\\\/noticias\\\/obras-en-el-puente-que-cruza-el-arroyo-de-merun-en-carreno\\\/#listItem\",\"position\":3,\"name\":\"Obras en el puente que cruza el Arroyo de Mer\\u00fan, en Carre\\u00f1o\",\"previousItem\":{\"@type\":\"ListItem\",\"@id\":\"https:\\\/\\\/candas365.es\\\/noticias\\\/category\\\/noticias-carreno\\\/#listItem\",\"name\":\"Noticias Carre\\u00f1o\"}}]},{\"@type\":\"NewsArticle\",\"@id\":\"https:\\\/\\\/candas365.es\\\/noticias\\\/obras-en-el-puente-que-cruza-el-arroyo-de-merun-en-carreno\\\/#newsarticle\",\"name\":\"Obras en el puente que cruza el Arroyo de Mer\\u00fan, en Carre\\u00f1o | Cand\\u00e1s 365\",\"headline\":\"Obras en el puente que cruza el Arroyo de Mer\\u00fan, en Carre\\u00f1o\",\"author\":{\"@id\":\"https:\\\/\\\/candas365.es\\\/noticias\\\/author\\\/admin\\\/#author\"},\"publisher\":{\"@id\":\"https:\\\/\\\/candas365.es\\\/noticias\\\/#organization\"},\"image\":{\"@type\":\"ImageObject\",\"url\":\"https:\\\/\\\/candas365.es\\\/noticias\\\/wp-content\\\/uploads\\\/2020\\\/07\\\/El-Valle-Obras-puente.jpg\",\"width\":1073,\"height\":775},\"datePublished\":\"2020-07-12T15:30:53+02:00\",\"dateModified\":\"2020-07-12T15:30:53+02:00\",\"inLanguage\":\"es-ES\",\"mainEntityOfPage\":{\"@id\":\"https:\\\/\\\/candas365.es\\\/noticias\\\/obras-en-el-puente-que-cruza-el-arroyo-de-merun-en-carreno\\\/#webpage\"},\"isPartOf\":{\"@id\":\"https:\\\/\\\/candas365.es\\\/noticias\\\/obras-en-el-puente-que-cruza-el-arroyo-de-merun-en-carreno\\\/#webpage\"},\"articleSection\":\"Noticias Carre\\u00f1o\",\"dateline\":\"Publicado el julio 12, 2020.\"},{\"@type\":\"Organization\",\"@id\":\"https:\\\/\\\/candas365.es\\\/noticias\\\/#organization\",\"name\":\"Cand\\u00e1s 365\",\"description\":\"Cand\\u00e1s 365 es un diario digital independiente, fundado en 2012, con base en Asturias. Informamos con rigor sobre actualidad, sociedad, cultura y ocio, con una mirada local y global.\",\"url\":\"https:\\\/\\\/candas365.es\\\/noticias\\\/\",\"email\":\"info@candas365.es\",\"telephone\":\"+34652131393\",\"foundingDate\":\"2012-06-10\",\"logo\":{\"@type\":\"ImageObject\",\"url\":\"https:\\\/\\\/candas365.es\\\/noticias\\\/wp-content\\\/uploads\\\/2024\\\/09\\\/Candas-365-Redes.jpg\",\"@id\":\"https:\\\/\\\/candas365.es\\\/noticias\\\/obras-en-el-puente-que-cruza-el-arroyo-de-merun-en-carreno\\\/#organizationLogo\",\"width\":1152,\"height\":864,\"caption\":\"Cand\\u00e1s 365 Redes\"},\"image\":{\"@id\":\"https:\\\/\\\/candas365.es\\\/noticias\\\/obras-en-el-puente-que-cruza-el-arroyo-de-merun-en-carreno\\\/#organizationLogo\"},\"sameAs\":[\"https:\\\/\\\/www.facebook.com\\\/Nachofdezber\",\"https:\\\/\\\/x.com\\\/NabercoDigital\",\"https:\\\/\\\/www.instagram.com\\\/nachofdezber\\\/\",\"https:\\\/\\\/www.youtube.com\\\/channel\\\/UCZP-2wLEB9Rv6erhFmqVnvg\"],\"address\":{\"@id\":\"https:\\\/\\\/candas365.es\\\/noticias\\\/#postaladdress\",\"@type\":\"PostalAddress\",\"streetAddress\":\"san antonio 4, san antonio 4\",\"postalCode\":\"33430\",\"addressLocality\":\"Cand\\u00e1s\",\"addressRegion\":\"Asturias\",\"addressCountry\":\"ES\"}},{\"@type\":\"Person\",\"@id\":\"https:\\\/\\\/candas365.es\\\/noticias\\\/author\\\/admin\\\/#author\",\"url\":\"https:\\\/\\\/candas365.es\\\/noticias\\\/author\\\/admin\\\/\",\"name\":\"Cand\\u00e1s 365\",\"image\":{\"@type\":\"ImageObject\",\"@id\":\"https:\\\/\\\/candas365.es\\\/noticias\\\/obras-en-el-puente-que-cruza-el-arroyo-de-merun-en-carreno\\\/#authorImage\",\"url\":\"https:\\\/\\\/secure.gravatar.com\\\/avatar\\\/496a8e03d0c493ede1718b7934145dbdf8d89be1036b0eec9544e1094c9de390?s=96&d=mm&r=g\",\"width\":96,\"height\":96,\"caption\":\"Cand\\u00e1s 365\"},\"sameAs\":[\"https:\\\/\\\/www.facebook.com\\\/carrenoactualidad\",\"https:\\\/\\\/twitter.com\\\/nbasturias\",\"https:\\\/\\\/www.instagram.com\\\/nachofdezber\\\/\",\"https:\\\/\\\/www.youtube.com\\\/channel\\\/UCZP-2wLEB9Rv6erhFmqVnvg\"]},{\"@type\":\"WebPage\",\"@id\":\"https:\\\/\\\/candas365.es\\\/noticias\\\/obras-en-el-puente-que-cruza-el-arroyo-de-merun-en-carreno\\\/#webpage\",\"url\":\"https:\\\/\\\/candas365.es\\\/noticias\\\/obras-en-el-puente-que-cruza-el-arroyo-de-merun-en-carreno\\\/\",\"name\":\"Obras en el puente que cruza el Arroyo de Mer\\u00fan, en Carre\\u00f1o | Cand\\u00e1s 365\",\"description\":\"El consistorio local ultima los trabajos necesarios para asegurar los cimientos del puente que cruza el Arroyo de Mer\\u00fan a su paso por la parroquia de El Valle. \\u201cDurante la primavera se vio la necesidad de limpiar y sanear el cauce del arroyo que nace en la falda del Monte Areo debido sobre todo a\",\"inLanguage\":\"es-ES\",\"isPartOf\":{\"@id\":\"https:\\\/\\\/candas365.es\\\/noticias\\\/#website\"},\"breadcrumb\":{\"@id\":\"https:\\\/\\\/candas365.es\\\/noticias\\\/obras-en-el-puente-que-cruza-el-arroyo-de-merun-en-carreno\\\/#breadcrumblist\"},\"author\":{\"@id\":\"https:\\\/\\\/candas365.es\\\/noticias\\\/author\\\/admin\\\/#author\"},\"creator\":{\"@id\":\"https:\\\/\\\/candas365.es\\\/noticias\\\/author\\\/admin\\\/#author\"},\"image\":{\"@type\":\"ImageObject\",\"url\":\"https:\\\/\\\/candas365.es\\\/noticias\\\/wp-content\\\/uploads\\\/2020\\\/07\\\/El-Valle-Obras-puente.jpg\",\"@id\":\"https:\\\/\\\/candas365.es\\\/noticias\\\/obras-en-el-puente-que-cruza-el-arroyo-de-merun-en-carreno\\\/#mainImage\",\"width\":1073,\"height\":775},\"primaryImageOfPage\":{\"@id\":\"https:\\\/\\\/candas365.es\\\/noticias\\\/obras-en-el-puente-que-cruza-el-arroyo-de-merun-en-carreno\\\/#mainImage\"},\"datePublished\":\"2020-07-12T15:30:53+02:00\",\"dateModified\":\"2020-07-12T15:30:53+02:00\"},{\"@type\":\"WebSite\",\"@id\":\"https:\\\/\\\/candas365.es\\\/noticias\\\/#website\",\"url\":\"https:\\\/\\\/candas365.es\\\/noticias\\\/\",\"name\":\"Cand\\u00e1s 365\",\"alternateName\":\"Cand\\u00e1s 365 Noticias\",\"description\":\"Actualidad desde Carre\\u00f1o para el mundo\",\"inLanguage\":\"es-ES\",\"publisher\":{\"@id\":\"https:\\\/\\\/candas365.es\\\/noticias\\\/#organization\"}}]}\n\t\t<\/script>\n\t\t<!-- All in One SEO Pro -->\r\n\t\t<title>Obras en el puente que cruza el Arroyo de Mer\u00fan, en Carre\u00f1o | Cand\u00e1s 365<\/title>\n\n","aioseo_head_json":{"title":"Obras en el puente que cruza el Arroyo de Mer\u00fan, en Carre\u00f1o | Cand\u00e1s 365","description":"El consistorio local ultima los trabajos necesarios para asegurar los cimientos del puente que cruza el Arroyo de Mer\u00fan a su paso por la parroquia de El Valle. \u201cDurante la primavera se vio la necesidad de limpiar y sanear el cauce del arroyo que nace en la falda del Monte Areo debido sobre todo a","canonical_url":"https:\/\/candas365.es\/noticias\/obras-en-el-puente-que-cruza-el-arroyo-de-merun-en-carreno\/","robots":"max-image-preview:large","keywords":"noticias carre\u00f1o","webmasterTools":{"google-site-verification":"UA-32230408-1","msvalidate.01":"354F3CDFB2DA171B47FBE9ABF1F88D5","miscellaneous":""},"schema":{"@context":"https:\/\/schema.org","@graph":[{"@type":"BreadcrumbList","@id":"https:\/\/candas365.es\/noticias\/obras-en-el-puente-que-cruza-el-arroyo-de-merun-en-carreno\/#breadcrumblist","itemListElement":[{"@type":"ListItem","@id":"https:\/\/candas365.es\/noticias#listItem","position":1,"name":"Home","item":"https:\/\/candas365.es\/noticias","nextItem":{"@type":"ListItem","@id":"https:\/\/candas365.es\/noticias\/category\/noticias-carreno\/#listItem","name":"Noticias Carre\u00f1o"}},{"@type":"ListItem","@id":"https:\/\/candas365.es\/noticias\/category\/noticias-carreno\/#listItem","position":2,"name":"Noticias Carre\u00f1o","item":"https:\/\/candas365.es\/noticias\/category\/noticias-carreno\/","nextItem":{"@type":"ListItem","@id":"https:\/\/candas365.es\/noticias\/obras-en-el-puente-que-cruza-el-arroyo-de-merun-en-carreno\/#listItem","name":"Obras en el puente que cruza el Arroyo de Mer\u00fan, en Carre\u00f1o"},"previousItem":{"@type":"ListItem","@id":"https:\/\/candas365.es\/noticias#listItem","name":"Home"}},{"@type":"ListItem","@id":"https:\/\/candas365.es\/noticias\/obras-en-el-puente-que-cruza-el-arroyo-de-merun-en-carreno\/#listItem","position":3,"name":"Obras en el puente que cruza el Arroyo de Mer\u00fan, en Carre\u00f1o","previousItem":{"@type":"ListItem","@id":"https:\/\/candas365.es\/noticias\/category\/noticias-carreno\/#listItem","name":"Noticias Carre\u00f1o"}}]},{"@type":"NewsArticle","@id":"https:\/\/candas365.es\/noticias\/obras-en-el-puente-que-cruza-el-arroyo-de-merun-en-carreno\/#newsarticle","name":"Obras en el puente que cruza el Arroyo de Mer\u00fan, en Carre\u00f1o | Cand\u00e1s 365","headline":"Obras en el puente que cruza el Arroyo de Mer\u00fan, en Carre\u00f1o","author":{"@id":"https:\/\/candas365.es\/noticias\/author\/admin\/#author"},"publisher":{"@id":"https:\/\/candas365.es\/noticias\/#organization"},"image":{"@type":"ImageObject","url":"https:\/\/candas365.es\/noticias\/wp-content\/uploads\/2020\/07\/El-Valle-Obras-puente.jpg","width":1073,"height":775},"datePublished":"2020-07-12T15:30:53+02:00","dateModified":"2020-07-12T15:30:53+02:00","inLanguage":"es-ES","mainEntityOfPage":{"@id":"https:\/\/candas365.es\/noticias\/obras-en-el-puente-que-cruza-el-arroyo-de-merun-en-carreno\/#webpage"},"isPartOf":{"@id":"https:\/\/candas365.es\/noticias\/obras-en-el-puente-que-cruza-el-arroyo-de-merun-en-carreno\/#webpage"},"articleSection":"Noticias Carre\u00f1o","dateline":"Publicado el julio 12, 2020."},{"@type":"Organization","@id":"https:\/\/candas365.es\/noticias\/#organization","name":"Cand\u00e1s 365","description":"Cand\u00e1s 365 es un diario digital independiente, fundado en 2012, con base en Asturias. Informamos con rigor sobre actualidad, sociedad, cultura y ocio, con una mirada local y global.","url":"https:\/\/candas365.es\/noticias\/","email":"info@candas365.es","telephone":"+34652131393","foundingDate":"2012-06-10","logo":{"@type":"ImageObject","url":"https:\/\/candas365.es\/noticias\/wp-content\/uploads\/2024\/09\/Candas-365-Redes.jpg","@id":"https:\/\/candas365.es\/noticias\/obras-en-el-puente-que-cruza-el-arroyo-de-merun-en-carreno\/#organizationLogo","width":1152,"height":864,"caption":"Cand\u00e1s 365 Redes"},"image":{"@id":"https:\/\/candas365.es\/noticias\/obras-en-el-puente-que-cruza-el-arroyo-de-merun-en-carreno\/#organizationLogo"},"sameAs":["https:\/\/www.facebook.com\/Nachofdezber","https:\/\/x.com\/NabercoDigital","https:\/\/www.instagram.com\/nachofdezber\/","https:\/\/www.youtube.com\/channel\/UCZP-2wLEB9Rv6erhFmqVnvg"],"address":{"@id":"https:\/\/candas365.es\/noticias\/#postaladdress","@type":"PostalAddress","streetAddress":"san antonio 4, san antonio 4","postalCode":"33430","addressLocality":"Cand\u00e1s","addressRegion":"Asturias","addressCountry":"ES"}},{"@type":"Person","@id":"https:\/\/candas365.es\/noticias\/author\/admin\/#author","url":"https:\/\/candas365.es\/noticias\/author\/admin\/","name":"Cand\u00e1s 365","image":{"@type":"ImageObject","@id":"https:\/\/candas365.es\/noticias\/obras-en-el-puente-que-cruza-el-arroyo-de-merun-en-carreno\/#authorImage","url":"https:\/\/secure.gravatar.com\/avatar\/496a8e03d0c493ede1718b7934145dbdf8d89be1036b0eec9544e1094c9de390?s=96&d=mm&r=g","width":96,"height":96,"caption":"Cand\u00e1s 365"},"sameAs":["https:\/\/www.facebook.com\/carrenoactualidad","https:\/\/twitter.com\/nbasturias","https:\/\/www.instagram.com\/nachofdezber\/","https:\/\/www.youtube.com\/channel\/UCZP-2wLEB9Rv6erhFmqVnvg"]},{"@type":"WebPage","@id":"https:\/\/candas365.es\/noticias\/obras-en-el-puente-que-cruza-el-arroyo-de-merun-en-carreno\/#webpage","url":"https:\/\/candas365.es\/noticias\/obras-en-el-puente-que-cruza-el-arroyo-de-merun-en-carreno\/","name":"Obras en el puente que cruza el Arroyo de Mer\u00fan, en Carre\u00f1o | Cand\u00e1s 365","description":"El consistorio local ultima los trabajos necesarios para asegurar los cimientos del puente que cruza el Arroyo de Mer\u00fan a su paso por la parroquia de El Valle. \u201cDurante la primavera se vio la necesidad de limpiar y sanear el cauce del arroyo que nace en la falda del Monte Areo debido sobre todo a","inLanguage":"es-ES","isPartOf":{"@id":"https:\/\/candas365.es\/noticias\/#website"},"breadcrumb":{"@id":"https:\/\/candas365.es\/noticias\/obras-en-el-puente-que-cruza-el-arroyo-de-merun-en-carreno\/#breadcrumblist"},"author":{"@id":"https:\/\/candas365.es\/noticias\/author\/admin\/#author"},"creator":{"@id":"https:\/\/candas365.es\/noticias\/author\/admin\/#author"},"image":{"@type":"ImageObject","url":"https:\/\/candas365.es\/noticias\/wp-content\/uploads\/2020\/07\/El-Valle-Obras-puente.jpg","@id":"https:\/\/candas365.es\/noticias\/obras-en-el-puente-que-cruza-el-arroyo-de-merun-en-carreno\/#mainImage","width":1073,"height":775},"primaryImageOfPage":{"@id":"https:\/\/candas365.es\/noticias\/obras-en-el-puente-que-cruza-el-arroyo-de-merun-en-carreno\/#mainImage"},"datePublished":"2020-07-12T15:30:53+02:00","dateModified":"2020-07-12T15:30:53+02:00"},{"@type":"WebSite","@id":"https:\/\/candas365.es\/noticias\/#website","url":"https:\/\/candas365.es\/noticias\/","name":"Cand\u00e1s 365","alternateName":"Cand\u00e1s 365 Noticias","description":"Actualidad desde Carre\u00f1o para el mundo","inLanguage":"es-ES","publisher":{"@id":"https:\/\/candas365.es\/noticias\/#organization"}}]},"og:locale":"es_ES","og:site_name":"Cand\u00e1s 365","og:type":"article","og:title":"Obras en el puente que cruza el Arroyo de Mer\u00fan, en Carre\u00f1o | Cand\u00e1s 365","og:description":"El consistorio local ultima los trabajos necesarios para asegurar los cimientos del puente que cruza el Arroyo de Mer\u00fan a su paso por la parroquia de El Valle. \u201cDurante la primavera se vio la necesidad de limpiar y sanear el cauce del arroyo que nace en la falda del Monte Areo debido sobre todo a","og:url":"https:\/\/candas365.es\/noticias\/obras-en-el-puente-que-cruza-el-arroyo-de-merun-en-carreno\/","og:image":"https:\/\/candas365.es\/noticias\/wp-content\/uploads\/2020\/07\/El-Valle-Obras-puente.jpg","og:image:secure_url":"https:\/\/candas365.es\/noticias\/wp-content\/uploads\/2020\/07\/El-Valle-Obras-puente.jpg","og:image:width":1073,"og:image:height":775,"article:published_time":"2020-07-12T15:30:53+00:00","article:modified_time":"2020-07-12T15:30:53+00:00","article:publisher":"https:\/\/www.facebook.com\/Nachofdezber","article:author":"https:\/\/www.facebook.com\/carrenoactualidad","twitter:card":"summary_large_image","twitter:site":"@NabercoDigital","twitter:title":"Obras en el puente que cruza el Arroyo de Mer\u00fan, en Carre\u00f1o | Cand\u00e1s 365","twitter:description":"El consistorio local ultima los trabajos necesarios para asegurar los cimientos del puente que cruza el Arroyo de Mer\u00fan a su paso por la parroquia de El Valle. \u201cDurante la primavera se vio la necesidad de limpiar y sanear el cauce del arroyo que nace en la falda del Monte Areo debido sobre todo a","twitter:creator":"@nbasturias","twitter:image":"https:\/\/candas365.es\/noticias\/wp-content\/uploads\/2020\/07\/El-Valle-Obras-puente.jpg","twitter:label1":"Escrito por","twitter:data1":"Cand\u00e1s 365","twitter:label2":"Tiempo de lectura estimado","twitter:data2":"2 minutos"},"aioseo_meta_data":{"post_id":"144662","title":null,"description":"","keywords":"","keyphrases":null,"primary_term":null,"canonical_url":"","og_title":null,"og_description":null,"og_object_type":"default","og_image_type":"default","og_image_url":null,"og_image_width":null,"og_image_height":null,"og_image_custom_url":null,"og_image_custom_fields":null,"og_video":null,"og_custom_url":null,"og_article_section":null,"og_article_tags":null,"twitter_use_og":false,"twitter_card":"default","twitter_image_type":"default","twitter_image_url":null,"twitter_image_custom_url":null,"twitter_image_custom_fields":null,"twitter_title":null,"twitter_description":null,"schema":{"blockGraphs":[],"customGraphs":[],"default":{"data":{"Article":[],"Course":[],"Dataset":[],"FAQPage":[],"Movie":[],"Person":[],"Product":[],"ProductReview":[],"Car":[],"Recipe":[],"Service":[],"SoftwareApplication":[],"WebPage":[]},"graphName":"","isEnabled":true},"graphs":[],"defaultGraph":"","defaultPostTypeGraph":""},"schema_type":null,"schema_type_options":null,"pillar_content":false,"robots_default":true,"robots_noindex":false,"robots_noarchive":false,"robots_nosnippet":false,"robots_nofollow":false,"robots_noimageindex":false,"robots_noodp":false,"robots_notranslate":false,"robots_max_snippet":null,"robots_max_videopreview":null,"robots_max_imagepreview":"large","priority":null,"frequency":null,"location":null,"local_seo":null,"seo_analyzer_scan_date":"2025-08-31 08:23:26","breadcrumb_settings":null,"limit_modified_date":false,"reviewed_by":null,"open_ai":null,"ai":null,"created":"2020-12-21 10:40:51","updated":"2025-08-31 08:23:26"},"aioseo_breadcrumb":"<div class=\"aioseo-breadcrumbs\"><span class=\"aioseo-breadcrumb\">\n\t<a href=\"https:\/\/candas365.es\/noticias\" title=\"Home\">Home<\/a>\n<\/span><span class=\"aioseo-breadcrumb-separator\">&ndash;<\/span><span class=\"aioseo-breadcrumb\">\n\t<a href=\"https:\/\/candas365.es\/noticias\/category\/noticias-carreno\/\" title=\"Noticias Carre\u00f1o\">Noticias Carre\u00f1o<\/a>\n<\/span><span class=\"aioseo-breadcrumb-separator\">&ndash;<\/span><span class=\"aioseo-breadcrumb\">\n\tObras en el puente que cruza el Arroyo de Mer\u00fan, en Carre\u00f1o\n<\/span><\/div>","aioseo_breadcrumb_json":[{"label":"Home","link":"https:\/\/candas365.es\/noticias"},{"label":"Noticias Carre\u00f1o","link":"https:\/\/candas365.es\/noticias\/category\/noticias-carreno\/"},{"label":"Obras en el puente que cruza el Arroyo de Mer\u00fan, en Carre\u00f1o","link":"https:\/\/candas365.es\/noticias\/obras-en-el-puente-que-cruza-el-arroyo-de-merun-en-carreno\/"}],"_links":{"self":[{"href":"https:\/\/candas365.es\/noticias\/wp-json\/wp\/v2\/posts\/144662","targetHints":{"allow":["GET"]}}],"collection":[{"href":"https:\/\/candas365.es\/noticias\/wp-json\/wp\/v2\/posts"}],"about":[{"href":"https:\/\/candas365.es\/noticias\/wp-json\/wp\/v2\/types\/post"}],"author":[{"embeddable":true,"href":"https:\/\/candas365.es\/noticias\/wp-json\/wp\/v2\/users\/1"}],"replies":[{"embeddable":true,"href":"https:\/\/candas365.es\/noticias\/wp-json\/wp\/v2\/comments?post=144662"}],"version-history":[{"count":0,"href":"https:\/\/candas365.es\/noticias\/wp-json\/wp\/v2\/posts\/144662\/revisions"}],"wp:featuredmedia":[{"embeddable":true,"href":"https:\/\/candas365.es\/noticias\/wp-json\/wp\/v2\/media\/144663"}],"wp:attachment":[{"href":"https:\/\/candas365.es\/noticias\/wp-json\/wp\/v2\/media?parent=144662"}],"wp:term":[{"taxonomy":"category","embeddable":true,"href":"https:\/\/candas365.es\/noticias\/wp-json\/wp\/v2\/categories?post=144662"},{"taxonomy":"post_tag","embeddable":true,"href":"https:\/\/candas365.es\/noticias\/wp-json\/wp\/v2\/tags?post=144662"}],"curies":[{"name":"wp","href":"https:\/\/api.w.org\/{rel}","templated":true}]}}