{"id":144653,"date":"2020-07-04T15:06:31","date_gmt":"2020-07-04T15:06:31","guid":{"rendered":"http:\/\/candas365.es\/noticias\/?p=144653"},"modified":"2020-07-12T15:07:37","modified_gmt":"2020-07-12T15:07:37","slug":"mejoras-en-el-area-infantil-de-la-plaza-entrellusa-en-candas","status":"publish","type":"post","link":"https:\/\/candas365.es\/noticias\/mejoras-en-el-area-infantil-de-la-plaza-entrellusa-en-candas\/","title":{"rendered":"Mejoras en el \u00c1rea Infantil de la Plaza Entrellusa, en Cand\u00e1s"},"content":{"rendered":"<p><img fetchpriority=\"high\" decoding=\"async\" class=\"alignleft size-medium wp-image-6453\" src=\"https:\/\/candas365.es\/noticias\/wp-content\/uploads\/2015\/01\/ayuntamiento-360x270.jpg\" alt=\"\" width=\"360\" height=\"270\" srcset=\"https:\/\/candas365.es\/noticias\/wp-content\/uploads\/2015\/01\/ayuntamiento-360x270.jpg 360w, https:\/\/candas365.es\/noticias\/wp-content\/uploads\/2015\/01\/ayuntamiento-640x480.jpg 640w, https:\/\/candas365.es\/noticias\/wp-content\/uploads\/2015\/01\/ayuntamiento-768x576.jpg 768w, https:\/\/candas365.es\/noticias\/wp-content\/uploads\/2015\/01\/ayuntamiento-150x113.jpg 150w, https:\/\/candas365.es\/noticias\/wp-content\/uploads\/2015\/01\/ayuntamiento-450x338.jpg 450w, https:\/\/candas365.es\/noticias\/wp-content\/uploads\/2015\/01\/ayuntamiento-80x60.jpg 80w, https:\/\/candas365.es\/noticias\/wp-content\/uploads\/2015\/01\/ayuntamiento-265x198.jpg 265w, https:\/\/candas365.es\/noticias\/wp-content\/uploads\/2015\/01\/ayuntamiento-696x522.jpg 696w, https:\/\/candas365.es\/noticias\/wp-content\/uploads\/2015\/01\/ayuntamiento-560x420.jpg 560w, https:\/\/candas365.es\/noticias\/wp-content\/uploads\/2015\/01\/ayuntamiento-90x67.jpg 90w, https:\/\/candas365.es\/noticias\/wp-content\/uploads\/2015\/01\/ayuntamiento.jpg 800w\" sizes=\"(max-width: 360px) 100vw, 360px\" \/>El Ayuntamiento de Carre\u00f1o acometer\u00e1 en los pr\u00f3ximos d\u00edas la renovaci\u00f3n de la zona de juegos para ofrecer un mejor servicio a las familias con el objetivo de seguir fomentando y poniendo en valor el juego en la calle de los ni\u00f1os y ni\u00f1as.<\/p>\n<p>Estos trabajos, para los que existe acuerdo por parte de todos los grupos pol\u00edticos con representaci\u00f3n en el Consistorio, tienen su reflejo en la implementaci\u00f3n de la partida de \u201cInfraestructuras, Espacios de Ocio y V\u00edas Urbanas de Cand\u00e1s\u201d del Presupuesto Municipal de 2020, se enmarcan dentro de la planificaci\u00f3n anual de mantenimiento y mejora de los espacios verdes y l\u00fadicos del municipio.<\/p>\n<p>\u201cDebido a que, en varias zonas del parque el pavimento de caucho presenta un estado deficiente, lo que provoca que no cumpla con la funci\u00f3n para la que fue instalado, resulta conveniente la ejecuci\u00f3n de una serie de actuaciones en dicho suelo. Adem\u00e1s, por el paso de los a\u00f1os, por las inclemencias climatol\u00f3gicos, se tuvo que retirar un conjunto de juegos lo que hace necesaria la sustituci\u00f3n o reparaci\u00f3n del mismo\u201d se\u00f1al\u00f3 Jes\u00fas Jos\u00e9 Varela-Concejal responsable de obras.<\/p>\n<p>\u201cPor este motivo resulta conveniente la ejecuci\u00f3n de una serie de reformas entre las que se encuentra la sustituci\u00f3n del pavimento por un pavimento continuo de caucho amortiguador y absorbente de impactos, adem\u00e1s de la instalaci\u00f3n de unos juegos nuevos, un conjunto modular compuesto por dos torres con tejado, una torre con m\u00e1stil y toboganes, bajada de bomberos, rapa de escalada,\u2026 la restauraci\u00f3n de otros, el arreglo del cierre perimetral y sustituci\u00f3n del mobiliario urbano como es el caso de las papeleras\u201d prosigui\u00f3 el Edil.<\/p>\n<p>\u201cLos primeros trabajos que vamos a realizar ser\u00e1 el levantamiento del mobiliario existente, aquellos elementos que puedan ser reutilizables se depositar\u00e1n en el almac\u00e9n municipal hasta su posterior re-ubicaci\u00f3n. Una vez finalicen estas tareas se levantar\u00e1 el pavimento de caucho actual, se har\u00e1 una limpieza y compactaci\u00f3n de la base para poder instalar el nuevo pavimento de seguridad, dejando las zapatas que se precisen para el anclaje de los juegos infantiles. En el caso del cierre perimetral se realizar\u00e1n obras de mantenimiento y se instalar\u00e1n nueva papeleras\u201d coment\u00f3 Varela.<\/p>\n<p>\u201cSe utilizar\u00e1n distintos colores marineros y contrastes crom\u00e1ticos en el suelo, con motivos marineros, al igual que en el mobiliario urbano, en el que predominar\u00e1 los motivos basados en una tem\u00e1tica \u201cmarinera\u201d finaliz\u00f3 el Concejal.<\/p>\n<p>La intervenci\u00f3n se realizar\u00e1 mediante medios externos coordinados por la Oficina T\u00e9cnica Municipal. Tras el correspondiente proceso de licitaci\u00f3n las obras se adjudicaron a la empresa Proyect Six, Dise\u00f1o y Distribuci\u00f3n, S.L.<\/p>\n","protected":false},"excerpt":{"rendered":"<p>El Ayuntamiento de Carre\u00f1o acometer\u00e1 en los pr\u00f3ximos d\u00edas la renovaci\u00f3n de la zona de juegos para ofrecer un mejor servicio a las familias con el objetivo de seguir fomentando y poniendo en valor el juego en la calle de los ni\u00f1os y ni\u00f1as. Estos trabajos, para los que existe acuerdo por parte de todos<\/p>\n","protected":false},"author":1,"featured_media":6453,"comment_status":"closed","ping_status":"closed","sticky":false,"template":"","format":"standard","meta":{"footnotes":""},"categories":[2],"tags":[],"class_list":{"0":"post-144653","1":"post","2":"type-post","3":"status-publish","4":"format-standard","5":"has-post-thumbnail","7":"category-noticias-carreno"},"aioseo_notices":[],"aioseo_head":"\n\t\t<!-- All in One SEO Pro 4.9.6.2 - aioseo.com -->\n\t<meta name=\"description\" content=\"El Ayuntamiento de Carre\u00f1o acometer\u00e1 en los pr\u00f3ximos d\u00edas la renovaci\u00f3n de la zona de juegos para ofrecer un mejor servicio a las familias con el objetivo de seguir fomentando y poniendo en valor el juego en la calle de los ni\u00f1os y ni\u00f1as. Estos trabajos, para los que existe acuerdo por parte de todos\" \/>\n\t<meta name=\"robots\" content=\"max-image-preview:large\" \/>\n\t<meta name=\"author\" content=\"Cand\u00e1s 365\"\/>\n\t<meta name=\"google-site-verification\" content=\"UA-32230408-1\" \/>\n\t<meta name=\"msvalidate.01\" content=\"354F3CDFB2DA171B47FBE9ABF1F88D5\" \/>\n\t<meta name=\"keywords\" content=\"noticias carre\u00f1o\" \/>\n\t<link rel=\"canonical\" href=\"https:\/\/candas365.es\/noticias\/mejoras-en-el-area-infantil-de-la-plaza-entrellusa-en-candas\/\" \/>\n\t<meta name=\"generator\" content=\"All in One SEO Pro (AIOSEO) 4.9.6.2\" \/>\n\t\t<meta property=\"og:locale\" content=\"es_ES\" \/>\n\t\t<meta property=\"og:site_name\" content=\"Cand\u00e1s 365\" \/>\n\t\t<meta property=\"og:type\" content=\"article\" \/>\n\t\t<meta property=\"og:title\" content=\"Mejoras en el \u00c1rea Infantil de la Plaza Entrellusa, en Cand\u00e1s | Cand\u00e1s 365\" \/>\n\t\t<meta property=\"og:description\" content=\"El Ayuntamiento de Carre\u00f1o acometer\u00e1 en los pr\u00f3ximos d\u00edas la renovaci\u00f3n de la zona de juegos para ofrecer un mejor servicio a las familias con el objetivo de seguir fomentando y poniendo en valor el juego en la calle de los ni\u00f1os y ni\u00f1as. Estos trabajos, para los que existe acuerdo por parte de todos\" \/>\n\t\t<meta property=\"og:url\" content=\"https:\/\/candas365.es\/noticias\/mejoras-en-el-area-infantil-de-la-plaza-entrellusa-en-candas\/\" \/>\n\t\t<meta property=\"og:image\" content=\"https:\/\/candas365.es\/noticias\/wp-content\/uploads\/2015\/01\/ayuntamiento.jpg\" \/>\n\t\t<meta property=\"og:image:secure_url\" content=\"https:\/\/candas365.es\/noticias\/wp-content\/uploads\/2015\/01\/ayuntamiento.jpg\" \/>\n\t\t<meta property=\"og:image:width\" content=\"800\" \/>\n\t\t<meta property=\"og:image:height\" content=\"600\" \/>\n\t\t<meta property=\"article:published_time\" content=\"2020-07-04T15:06:31+00:00\" \/>\n\t\t<meta property=\"article:modified_time\" content=\"2020-07-12T15:07:37+00:00\" \/>\n\t\t<meta property=\"article:publisher\" content=\"https:\/\/www.facebook.com\/Nachofdezber\" \/>\n\t\t<meta property=\"article:author\" content=\"https:\/\/www.facebook.com\/carrenoactualidad\" \/>\n\t\t<meta name=\"twitter:card\" content=\"summary_large_image\" \/>\n\t\t<meta name=\"twitter:site\" content=\"@NabercoDigital\" \/>\n\t\t<meta name=\"twitter:title\" content=\"Mejoras en el \u00c1rea Infantil de la Plaza Entrellusa, en Cand\u00e1s | Cand\u00e1s 365\" \/>\n\t\t<meta name=\"twitter:description\" content=\"El Ayuntamiento de Carre\u00f1o acometer\u00e1 en los pr\u00f3ximos d\u00edas la renovaci\u00f3n de la zona de juegos para ofrecer un mejor servicio a las familias con el objetivo de seguir fomentando y poniendo en valor el juego en la calle de los ni\u00f1os y ni\u00f1as. Estos trabajos, para los que existe acuerdo por parte de todos\" \/>\n\t\t<meta name=\"twitter:creator\" content=\"@nbasturias\" \/>\n\t\t<meta name=\"twitter:image\" content=\"https:\/\/candas365.es\/noticias\/wp-content\/uploads\/2015\/01\/ayuntamiento.jpg\" \/>\n\t\t<meta name=\"twitter:label1\" content=\"Escrito por\" \/>\n\t\t<meta name=\"twitter:data1\" content=\"Cand\u00e1s 365\" \/>\n\t\t<meta name=\"twitter:label2\" content=\"Tiempo de lectura estimado\" \/>\n\t\t<meta name=\"twitter:data2\" content=\"2 minutos\" \/>\n\t\t<script type=\"application\/ld+json\" class=\"aioseo-schema\">\n\t\t\t{\"@context\":\"https:\\\/\\\/schema.org\",\"@graph\":[{\"@type\":\"BreadcrumbList\",\"@id\":\"https:\\\/\\\/candas365.es\\\/noticias\\\/mejoras-en-el-area-infantil-de-la-plaza-entrellusa-en-candas\\\/#breadcrumblist\",\"itemListElement\":[{\"@type\":\"ListItem\",\"@id\":\"https:\\\/\\\/candas365.es\\\/noticias#listItem\",\"position\":1,\"name\":\"Home\",\"item\":\"https:\\\/\\\/candas365.es\\\/noticias\",\"nextItem\":{\"@type\":\"ListItem\",\"@id\":\"https:\\\/\\\/candas365.es\\\/noticias\\\/category\\\/noticias-carreno\\\/#listItem\",\"name\":\"Noticias Carre\\u00f1o\"}},{\"@type\":\"ListItem\",\"@id\":\"https:\\\/\\\/candas365.es\\\/noticias\\\/category\\\/noticias-carreno\\\/#listItem\",\"position\":2,\"name\":\"Noticias Carre\\u00f1o\",\"item\":\"https:\\\/\\\/candas365.es\\\/noticias\\\/category\\\/noticias-carreno\\\/\",\"nextItem\":{\"@type\":\"ListItem\",\"@id\":\"https:\\\/\\\/candas365.es\\\/noticias\\\/mejoras-en-el-area-infantil-de-la-plaza-entrellusa-en-candas\\\/#listItem\",\"name\":\"Mejoras en el \\u00c1rea Infantil de la Plaza Entrellusa, en Cand\\u00e1s\"},\"previousItem\":{\"@type\":\"ListItem\",\"@id\":\"https:\\\/\\\/candas365.es\\\/noticias#listItem\",\"name\":\"Home\"}},{\"@type\":\"ListItem\",\"@id\":\"https:\\\/\\\/candas365.es\\\/noticias\\\/mejoras-en-el-area-infantil-de-la-plaza-entrellusa-en-candas\\\/#listItem\",\"position\":3,\"name\":\"Mejoras en el \\u00c1rea Infantil de la Plaza Entrellusa, en Cand\\u00e1s\",\"previousItem\":{\"@type\":\"ListItem\",\"@id\":\"https:\\\/\\\/candas365.es\\\/noticias\\\/category\\\/noticias-carreno\\\/#listItem\",\"name\":\"Noticias Carre\\u00f1o\"}}]},{\"@type\":\"NewsArticle\",\"@id\":\"https:\\\/\\\/candas365.es\\\/noticias\\\/mejoras-en-el-area-infantil-de-la-plaza-entrellusa-en-candas\\\/#newsarticle\",\"name\":\"Mejoras en el \\u00c1rea Infantil de la Plaza Entrellusa, en Cand\\u00e1s | Cand\\u00e1s 365\",\"headline\":\"Mejoras en el \\u00c1rea Infantil de la Plaza Entrellusa, en Cand\\u00e1s\",\"author\":{\"@id\":\"https:\\\/\\\/candas365.es\\\/noticias\\\/author\\\/admin\\\/#author\"},\"publisher\":{\"@id\":\"https:\\\/\\\/candas365.es\\\/noticias\\\/#organization\"},\"image\":{\"@type\":\"ImageObject\",\"url\":\"https:\\\/\\\/candas365.es\\\/noticias\\\/wp-content\\\/uploads\\\/2015\\\/01\\\/ayuntamiento.jpg\",\"width\":800,\"height\":600,\"caption\":\"Carre\\u00f1o\"},\"datePublished\":\"2020-07-04T15:06:31+02:00\",\"dateModified\":\"2020-07-12T15:07:37+02:00\",\"inLanguage\":\"es-ES\",\"mainEntityOfPage\":{\"@id\":\"https:\\\/\\\/candas365.es\\\/noticias\\\/mejoras-en-el-area-infantil-de-la-plaza-entrellusa-en-candas\\\/#webpage\"},\"isPartOf\":{\"@id\":\"https:\\\/\\\/candas365.es\\\/noticias\\\/mejoras-en-el-area-infantil-de-la-plaza-entrellusa-en-candas\\\/#webpage\"},\"articleSection\":\"Noticias Carre\\u00f1o\",\"dateline\":\"Publicado el julio 4, 2020.\"},{\"@type\":\"Organization\",\"@id\":\"https:\\\/\\\/candas365.es\\\/noticias\\\/#organization\",\"name\":\"Cand\\u00e1s 365\",\"description\":\"Cand\\u00e1s 365 es un diario digital independiente, fundado en 2012, con base en Asturias. Informamos con rigor sobre actualidad, sociedad, cultura y ocio, con una mirada local y global.\",\"url\":\"https:\\\/\\\/candas365.es\\\/noticias\\\/\",\"email\":\"info@candas365.es\",\"telephone\":\"+34652131393\",\"foundingDate\":\"2012-06-10\",\"logo\":{\"@type\":\"ImageObject\",\"url\":\"https:\\\/\\\/candas365.es\\\/noticias\\\/wp-content\\\/uploads\\\/2024\\\/09\\\/Candas-365-Redes.jpg\",\"@id\":\"https:\\\/\\\/candas365.es\\\/noticias\\\/mejoras-en-el-area-infantil-de-la-plaza-entrellusa-en-candas\\\/#organizationLogo\",\"width\":1152,\"height\":864,\"caption\":\"Cand\\u00e1s 365 Redes\"},\"image\":{\"@id\":\"https:\\\/\\\/candas365.es\\\/noticias\\\/mejoras-en-el-area-infantil-de-la-plaza-entrellusa-en-candas\\\/#organizationLogo\"},\"sameAs\":[\"https:\\\/\\\/www.facebook.com\\\/Nachofdezber\",\"https:\\\/\\\/x.com\\\/NabercoDigital\",\"https:\\\/\\\/www.instagram.com\\\/nachofdezber\\\/\",\"https:\\\/\\\/www.youtube.com\\\/channel\\\/UCZP-2wLEB9Rv6erhFmqVnvg\"],\"address\":{\"@id\":\"https:\\\/\\\/candas365.es\\\/noticias\\\/#postaladdress\",\"@type\":\"PostalAddress\",\"streetAddress\":\"san antonio 4, san antonio 4\",\"postalCode\":\"33430\",\"addressLocality\":\"Cand\\u00e1s\",\"addressRegion\":\"Asturias\",\"addressCountry\":\"ES\"}},{\"@type\":\"Person\",\"@id\":\"https:\\\/\\\/candas365.es\\\/noticias\\\/author\\\/admin\\\/#author\",\"url\":\"https:\\\/\\\/candas365.es\\\/noticias\\\/author\\\/admin\\\/\",\"name\":\"Cand\\u00e1s 365\",\"image\":{\"@type\":\"ImageObject\",\"@id\":\"https:\\\/\\\/candas365.es\\\/noticias\\\/mejoras-en-el-area-infantil-de-la-plaza-entrellusa-en-candas\\\/#authorImage\",\"url\":\"https:\\\/\\\/secure.gravatar.com\\\/avatar\\\/496a8e03d0c493ede1718b7934145dbdf8d89be1036b0eec9544e1094c9de390?s=96&d=mm&r=g\",\"width\":96,\"height\":96,\"caption\":\"Cand\\u00e1s 365\"},\"sameAs\":[\"https:\\\/\\\/www.facebook.com\\\/carrenoactualidad\",\"https:\\\/\\\/twitter.com\\\/nbasturias\",\"https:\\\/\\\/www.instagram.com\\\/nachofdezber\\\/\",\"https:\\\/\\\/www.youtube.com\\\/channel\\\/UCZP-2wLEB9Rv6erhFmqVnvg\"]},{\"@type\":\"WebPage\",\"@id\":\"https:\\\/\\\/candas365.es\\\/noticias\\\/mejoras-en-el-area-infantil-de-la-plaza-entrellusa-en-candas\\\/#webpage\",\"url\":\"https:\\\/\\\/candas365.es\\\/noticias\\\/mejoras-en-el-area-infantil-de-la-plaza-entrellusa-en-candas\\\/\",\"name\":\"Mejoras en el \\u00c1rea Infantil de la Plaza Entrellusa, en Cand\\u00e1s | Cand\\u00e1s 365\",\"description\":\"El Ayuntamiento de Carre\\u00f1o acometer\\u00e1 en los pr\\u00f3ximos d\\u00edas la renovaci\\u00f3n de la zona de juegos para ofrecer un mejor servicio a las familias con el objetivo de seguir fomentando y poniendo en valor el juego en la calle de los ni\\u00f1os y ni\\u00f1as. Estos trabajos, para los que existe acuerdo por parte de todos\",\"inLanguage\":\"es-ES\",\"isPartOf\":{\"@id\":\"https:\\\/\\\/candas365.es\\\/noticias\\\/#website\"},\"breadcrumb\":{\"@id\":\"https:\\\/\\\/candas365.es\\\/noticias\\\/mejoras-en-el-area-infantil-de-la-plaza-entrellusa-en-candas\\\/#breadcrumblist\"},\"author\":{\"@id\":\"https:\\\/\\\/candas365.es\\\/noticias\\\/author\\\/admin\\\/#author\"},\"creator\":{\"@id\":\"https:\\\/\\\/candas365.es\\\/noticias\\\/author\\\/admin\\\/#author\"},\"image\":{\"@type\":\"ImageObject\",\"url\":\"https:\\\/\\\/candas365.es\\\/noticias\\\/wp-content\\\/uploads\\\/2015\\\/01\\\/ayuntamiento.jpg\",\"@id\":\"https:\\\/\\\/candas365.es\\\/noticias\\\/mejoras-en-el-area-infantil-de-la-plaza-entrellusa-en-candas\\\/#mainImage\",\"width\":800,\"height\":600,\"caption\":\"Carre\\u00f1o\"},\"primaryImageOfPage\":{\"@id\":\"https:\\\/\\\/candas365.es\\\/noticias\\\/mejoras-en-el-area-infantil-de-la-plaza-entrellusa-en-candas\\\/#mainImage\"},\"datePublished\":\"2020-07-04T15:06:31+02:00\",\"dateModified\":\"2020-07-12T15:07:37+02:00\"},{\"@type\":\"WebSite\",\"@id\":\"https:\\\/\\\/candas365.es\\\/noticias\\\/#website\",\"url\":\"https:\\\/\\\/candas365.es\\\/noticias\\\/\",\"name\":\"Cand\\u00e1s 365\",\"alternateName\":\"Cand\\u00e1s 365 Noticias\",\"description\":\"Actualidad desde Carre\\u00f1o para el mundo\",\"inLanguage\":\"es-ES\",\"publisher\":{\"@id\":\"https:\\\/\\\/candas365.es\\\/noticias\\\/#organization\"}}]}\n\t\t<\/script>\n\t\t<!-- All in One SEO Pro -->\r\n\t\t<title>Mejoras en el \u00c1rea Infantil de la Plaza Entrellusa, en Cand\u00e1s | Cand\u00e1s 365<\/title>\n\n","aioseo_head_json":{"title":"Mejoras en el \u00c1rea Infantil de la Plaza Entrellusa, en Cand\u00e1s | Cand\u00e1s 365","description":"El Ayuntamiento de Carre\u00f1o acometer\u00e1 en los pr\u00f3ximos d\u00edas la renovaci\u00f3n de la zona de juegos para ofrecer un mejor servicio a las familias con el objetivo de seguir fomentando y poniendo en valor el juego en la calle de los ni\u00f1os y ni\u00f1as. Estos trabajos, para los que existe acuerdo por parte de todos","canonical_url":"https:\/\/candas365.es\/noticias\/mejoras-en-el-area-infantil-de-la-plaza-entrellusa-en-candas\/","robots":"max-image-preview:large","keywords":"noticias carre\u00f1o","webmasterTools":{"google-site-verification":"UA-32230408-1","msvalidate.01":"354F3CDFB2DA171B47FBE9ABF1F88D5","miscellaneous":""},"schema":{"@context":"https:\/\/schema.org","@graph":[{"@type":"BreadcrumbList","@id":"https:\/\/candas365.es\/noticias\/mejoras-en-el-area-infantil-de-la-plaza-entrellusa-en-candas\/#breadcrumblist","itemListElement":[{"@type":"ListItem","@id":"https:\/\/candas365.es\/noticias#listItem","position":1,"name":"Home","item":"https:\/\/candas365.es\/noticias","nextItem":{"@type":"ListItem","@id":"https:\/\/candas365.es\/noticias\/category\/noticias-carreno\/#listItem","name":"Noticias Carre\u00f1o"}},{"@type":"ListItem","@id":"https:\/\/candas365.es\/noticias\/category\/noticias-carreno\/#listItem","position":2,"name":"Noticias Carre\u00f1o","item":"https:\/\/candas365.es\/noticias\/category\/noticias-carreno\/","nextItem":{"@type":"ListItem","@id":"https:\/\/candas365.es\/noticias\/mejoras-en-el-area-infantil-de-la-plaza-entrellusa-en-candas\/#listItem","name":"Mejoras en el \u00c1rea Infantil de la Plaza Entrellusa, en Cand\u00e1s"},"previousItem":{"@type":"ListItem","@id":"https:\/\/candas365.es\/noticias#listItem","name":"Home"}},{"@type":"ListItem","@id":"https:\/\/candas365.es\/noticias\/mejoras-en-el-area-infantil-de-la-plaza-entrellusa-en-candas\/#listItem","position":3,"name":"Mejoras en el \u00c1rea Infantil de la Plaza Entrellusa, en Cand\u00e1s","previousItem":{"@type":"ListItem","@id":"https:\/\/candas365.es\/noticias\/category\/noticias-carreno\/#listItem","name":"Noticias Carre\u00f1o"}}]},{"@type":"NewsArticle","@id":"https:\/\/candas365.es\/noticias\/mejoras-en-el-area-infantil-de-la-plaza-entrellusa-en-candas\/#newsarticle","name":"Mejoras en el \u00c1rea Infantil de la Plaza Entrellusa, en Cand\u00e1s | Cand\u00e1s 365","headline":"Mejoras en el \u00c1rea Infantil de la Plaza Entrellusa, en Cand\u00e1s","author":{"@id":"https:\/\/candas365.es\/noticias\/author\/admin\/#author"},"publisher":{"@id":"https:\/\/candas365.es\/noticias\/#organization"},"image":{"@type":"ImageObject","url":"https:\/\/candas365.es\/noticias\/wp-content\/uploads\/2015\/01\/ayuntamiento.jpg","width":800,"height":600,"caption":"Carre\u00f1o"},"datePublished":"2020-07-04T15:06:31+02:00","dateModified":"2020-07-12T15:07:37+02:00","inLanguage":"es-ES","mainEntityOfPage":{"@id":"https:\/\/candas365.es\/noticias\/mejoras-en-el-area-infantil-de-la-plaza-entrellusa-en-candas\/#webpage"},"isPartOf":{"@id":"https:\/\/candas365.es\/noticias\/mejoras-en-el-area-infantil-de-la-plaza-entrellusa-en-candas\/#webpage"},"articleSection":"Noticias Carre\u00f1o","dateline":"Publicado el julio 4, 2020."},{"@type":"Organization","@id":"https:\/\/candas365.es\/noticias\/#organization","name":"Cand\u00e1s 365","description":"Cand\u00e1s 365 es un diario digital independiente, fundado en 2012, con base en Asturias. Informamos con rigor sobre actualidad, sociedad, cultura y ocio, con una mirada local y global.","url":"https:\/\/candas365.es\/noticias\/","email":"info@candas365.es","telephone":"+34652131393","foundingDate":"2012-06-10","logo":{"@type":"ImageObject","url":"https:\/\/candas365.es\/noticias\/wp-content\/uploads\/2024\/09\/Candas-365-Redes.jpg","@id":"https:\/\/candas365.es\/noticias\/mejoras-en-el-area-infantil-de-la-plaza-entrellusa-en-candas\/#organizationLogo","width":1152,"height":864,"caption":"Cand\u00e1s 365 Redes"},"image":{"@id":"https:\/\/candas365.es\/noticias\/mejoras-en-el-area-infantil-de-la-plaza-entrellusa-en-candas\/#organizationLogo"},"sameAs":["https:\/\/www.facebook.com\/Nachofdezber","https:\/\/x.com\/NabercoDigital","https:\/\/www.instagram.com\/nachofdezber\/","https:\/\/www.youtube.com\/channel\/UCZP-2wLEB9Rv6erhFmqVnvg"],"address":{"@id":"https:\/\/candas365.es\/noticias\/#postaladdress","@type":"PostalAddress","streetAddress":"san antonio 4, san antonio 4","postalCode":"33430","addressLocality":"Cand\u00e1s","addressRegion":"Asturias","addressCountry":"ES"}},{"@type":"Person","@id":"https:\/\/candas365.es\/noticias\/author\/admin\/#author","url":"https:\/\/candas365.es\/noticias\/author\/admin\/","name":"Cand\u00e1s 365","image":{"@type":"ImageObject","@id":"https:\/\/candas365.es\/noticias\/mejoras-en-el-area-infantil-de-la-plaza-entrellusa-en-candas\/#authorImage","url":"https:\/\/secure.gravatar.com\/avatar\/496a8e03d0c493ede1718b7934145dbdf8d89be1036b0eec9544e1094c9de390?s=96&d=mm&r=g","width":96,"height":96,"caption":"Cand\u00e1s 365"},"sameAs":["https:\/\/www.facebook.com\/carrenoactualidad","https:\/\/twitter.com\/nbasturias","https:\/\/www.instagram.com\/nachofdezber\/","https:\/\/www.youtube.com\/channel\/UCZP-2wLEB9Rv6erhFmqVnvg"]},{"@type":"WebPage","@id":"https:\/\/candas365.es\/noticias\/mejoras-en-el-area-infantil-de-la-plaza-entrellusa-en-candas\/#webpage","url":"https:\/\/candas365.es\/noticias\/mejoras-en-el-area-infantil-de-la-plaza-entrellusa-en-candas\/","name":"Mejoras en el \u00c1rea Infantil de la Plaza Entrellusa, en Cand\u00e1s | Cand\u00e1s 365","description":"El Ayuntamiento de Carre\u00f1o acometer\u00e1 en los pr\u00f3ximos d\u00edas la renovaci\u00f3n de la zona de juegos para ofrecer un mejor servicio a las familias con el objetivo de seguir fomentando y poniendo en valor el juego en la calle de los ni\u00f1os y ni\u00f1as. Estos trabajos, para los que existe acuerdo por parte de todos","inLanguage":"es-ES","isPartOf":{"@id":"https:\/\/candas365.es\/noticias\/#website"},"breadcrumb":{"@id":"https:\/\/candas365.es\/noticias\/mejoras-en-el-area-infantil-de-la-plaza-entrellusa-en-candas\/#breadcrumblist"},"author":{"@id":"https:\/\/candas365.es\/noticias\/author\/admin\/#author"},"creator":{"@id":"https:\/\/candas365.es\/noticias\/author\/admin\/#author"},"image":{"@type":"ImageObject","url":"https:\/\/candas365.es\/noticias\/wp-content\/uploads\/2015\/01\/ayuntamiento.jpg","@id":"https:\/\/candas365.es\/noticias\/mejoras-en-el-area-infantil-de-la-plaza-entrellusa-en-candas\/#mainImage","width":800,"height":600,"caption":"Carre\u00f1o"},"primaryImageOfPage":{"@id":"https:\/\/candas365.es\/noticias\/mejoras-en-el-area-infantil-de-la-plaza-entrellusa-en-candas\/#mainImage"},"datePublished":"2020-07-04T15:06:31+02:00","dateModified":"2020-07-12T15:07:37+02:00"},{"@type":"WebSite","@id":"https:\/\/candas365.es\/noticias\/#website","url":"https:\/\/candas365.es\/noticias\/","name":"Cand\u00e1s 365","alternateName":"Cand\u00e1s 365 Noticias","description":"Actualidad desde Carre\u00f1o para el mundo","inLanguage":"es-ES","publisher":{"@id":"https:\/\/candas365.es\/noticias\/#organization"}}]},"og:locale":"es_ES","og:site_name":"Cand\u00e1s 365","og:type":"article","og:title":"Mejoras en el \u00c1rea Infantil de la Plaza Entrellusa, en Cand\u00e1s | Cand\u00e1s 365","og:description":"El Ayuntamiento de Carre\u00f1o acometer\u00e1 en los pr\u00f3ximos d\u00edas la renovaci\u00f3n de la zona de juegos para ofrecer un mejor servicio a las familias con el objetivo de seguir fomentando y poniendo en valor el juego en la calle de los ni\u00f1os y ni\u00f1as. Estos trabajos, para los que existe acuerdo por parte de todos","og:url":"https:\/\/candas365.es\/noticias\/mejoras-en-el-area-infantil-de-la-plaza-entrellusa-en-candas\/","og:image":"https:\/\/candas365.es\/noticias\/wp-content\/uploads\/2015\/01\/ayuntamiento.jpg","og:image:secure_url":"https:\/\/candas365.es\/noticias\/wp-content\/uploads\/2015\/01\/ayuntamiento.jpg","og:image:width":800,"og:image:height":600,"article:published_time":"2020-07-04T15:06:31+00:00","article:modified_time":"2020-07-12T15:07:37+00:00","article:publisher":"https:\/\/www.facebook.com\/Nachofdezber","article:author":"https:\/\/www.facebook.com\/carrenoactualidad","twitter:card":"summary_large_image","twitter:site":"@NabercoDigital","twitter:title":"Mejoras en el \u00c1rea Infantil de la Plaza Entrellusa, en Cand\u00e1s | Cand\u00e1s 365","twitter:description":"El Ayuntamiento de Carre\u00f1o acometer\u00e1 en los pr\u00f3ximos d\u00edas la renovaci\u00f3n de la zona de juegos para ofrecer un mejor servicio a las familias con el objetivo de seguir fomentando y poniendo en valor el juego en la calle de los ni\u00f1os y ni\u00f1as. Estos trabajos, para los que existe acuerdo por parte de todos","twitter:creator":"@nbasturias","twitter:image":"https:\/\/candas365.es\/noticias\/wp-content\/uploads\/2015\/01\/ayuntamiento.jpg","twitter:label1":"Escrito por","twitter:data1":"Cand\u00e1s 365","twitter:label2":"Tiempo de lectura estimado","twitter:data2":"2 minutos"},"aioseo_meta_data":{"post_id":"144653","title":null,"description":"","keywords":"","keyphrases":null,"primary_term":null,"canonical_url":"","og_title":null,"og_description":null,"og_object_type":"default","og_image_type":"default","og_image_url":null,"og_image_width":null,"og_image_height":null,"og_image_custom_url":null,"og_image_custom_fields":null,"og_video":null,"og_custom_url":null,"og_article_section":null,"og_article_tags":null,"twitter_use_og":false,"twitter_card":"default","twitter_image_type":"default","twitter_image_url":null,"twitter_image_custom_url":null,"twitter_image_custom_fields":null,"twitter_title":null,"twitter_description":null,"schema":{"blockGraphs":[],"customGraphs":[],"default":{"data":{"Article":[],"Course":[],"Dataset":[],"FAQPage":[],"Movie":[],"Person":[],"Product":[],"ProductReview":[],"Car":[],"Recipe":[],"Service":[],"SoftwareApplication":[],"WebPage":[]},"graphName":"","isEnabled":true},"graphs":[],"defaultGraph":"","defaultPostTypeGraph":""},"schema_type":null,"schema_type_options":null,"pillar_content":false,"robots_default":true,"robots_noindex":false,"robots_noarchive":false,"robots_nosnippet":false,"robots_nofollow":false,"robots_noimageindex":false,"robots_noodp":false,"robots_notranslate":false,"robots_max_snippet":null,"robots_max_videopreview":null,"robots_max_imagepreview":"large","priority":null,"frequency":null,"location":null,"local_seo":null,"seo_analyzer_scan_date":"2025-08-31 08:01:17","breadcrumb_settings":null,"limit_modified_date":false,"reviewed_by":null,"open_ai":null,"ai":null,"created":"2020-12-21 10:40:51","updated":"2025-08-31 08:01:17"},"aioseo_breadcrumb":"<div class=\"aioseo-breadcrumbs\"><span class=\"aioseo-breadcrumb\">\n\t<a href=\"https:\/\/candas365.es\/noticias\" title=\"Home\">Home<\/a>\n<\/span><span class=\"aioseo-breadcrumb-separator\">&ndash;<\/span><span class=\"aioseo-breadcrumb\">\n\t<a href=\"https:\/\/candas365.es\/noticias\/category\/noticias-carreno\/\" title=\"Noticias Carre\u00f1o\">Noticias Carre\u00f1o<\/a>\n<\/span><span class=\"aioseo-breadcrumb-separator\">&ndash;<\/span><span class=\"aioseo-breadcrumb\">\n\tMejoras en el \u00c1rea Infantil de la Plaza Entrellusa, en Cand\u00e1s\n<\/span><\/div>","aioseo_breadcrumb_json":[{"label":"Home","link":"https:\/\/candas365.es\/noticias"},{"label":"Noticias Carre\u00f1o","link":"https:\/\/candas365.es\/noticias\/category\/noticias-carreno\/"},{"label":"Mejoras en el \u00c1rea Infantil de la Plaza Entrellusa, en Cand\u00e1s","link":"https:\/\/candas365.es\/noticias\/mejoras-en-el-area-infantil-de-la-plaza-entrellusa-en-candas\/"}],"_links":{"self":[{"href":"https:\/\/candas365.es\/noticias\/wp-json\/wp\/v2\/posts\/144653","targetHints":{"allow":["GET"]}}],"collection":[{"href":"https:\/\/candas365.es\/noticias\/wp-json\/wp\/v2\/posts"}],"about":[{"href":"https:\/\/candas365.es\/noticias\/wp-json\/wp\/v2\/types\/post"}],"author":[{"embeddable":true,"href":"https:\/\/candas365.es\/noticias\/wp-json\/wp\/v2\/users\/1"}],"replies":[{"embeddable":true,"href":"https:\/\/candas365.es\/noticias\/wp-json\/wp\/v2\/comments?post=144653"}],"version-history":[{"count":0,"href":"https:\/\/candas365.es\/noticias\/wp-json\/wp\/v2\/posts\/144653\/revisions"}],"wp:featuredmedia":[{"embeddable":true,"href":"https:\/\/candas365.es\/noticias\/wp-json\/wp\/v2\/media\/6453"}],"wp:attachment":[{"href":"https:\/\/candas365.es\/noticias\/wp-json\/wp\/v2\/media?parent=144653"}],"wp:term":[{"taxonomy":"category","embeddable":true,"href":"https:\/\/candas365.es\/noticias\/wp-json\/wp\/v2\/categories?post=144653"},{"taxonomy":"post_tag","embeddable":true,"href":"https:\/\/candas365.es\/noticias\/wp-json\/wp\/v2\/tags?post=144653"}],"curies":[{"name":"wp","href":"https:\/\/api.w.org\/{rel}","templated":true}]}}