{"id":144647,"date":"2020-07-12T14:52:30","date_gmt":"2020-07-12T14:52:30","guid":{"rendered":"http:\/\/candas365.es\/noticias\/?p=144647"},"modified":"2020-07-12T14:52:30","modified_gmt":"2020-07-12T14:52:30","slug":"los-cantos-del-inframundo-de-paco-nadie-en-tito-bustillo","status":"publish","type":"post","link":"https:\/\/candas365.es\/noticias\/los-cantos-del-inframundo-de-paco-nadie-en-tito-bustillo\/","title":{"rendered":"Los Cantos del Inframundo de Paco Nadie, en Tito Bustillo"},"content":{"rendered":"<p><img fetchpriority=\"high\" decoding=\"async\" class=\"alignleft size-medium wp-image-37281\" src=\"https:\/\/candas365.es\/noticias\/wp-content\/uploads\/2016\/11\/TitoBustillo-360x198.jpg\" alt=\"\" width=\"360\" height=\"198\" srcset=\"https:\/\/candas365.es\/noticias\/wp-content\/uploads\/2016\/11\/TitoBustillo-360x198.jpg 360w, https:\/\/candas365.es\/noticias\/wp-content\/uploads\/2016\/11\/TitoBustillo-650x357.jpg 650w, https:\/\/candas365.es\/noticias\/wp-content\/uploads\/2016\/11\/TitoBustillo-150x82.jpg 150w, https:\/\/candas365.es\/noticias\/wp-content\/uploads\/2016\/11\/TitoBustillo-450x247.jpg 450w, https:\/\/candas365.es\/noticias\/wp-content\/uploads\/2016\/11\/TitoBustillo.jpg 655w\" sizes=\"(max-width: 360px) 100vw, 360px\" \/>El Centro de Arte Rupestre de Tito Bustillo ofrece a sus visitantes Los Cantos del Inframundo de Paco Nadie.<\/p>\n<p>Los Cantos del Inframundo es un proyecto del artista Paco Nadie que reflexiona sobre el espacio interior de la cueva donde nace el pensamiento simb\u00f3lico y que se podr\u00e1 ver hasta el 27 de septiembre de mi\u00e9rcoles a domingo en el Centro de Arte Rupestre.<\/p>\n<p>Mediante el uso de catorce fotograf\u00edas, como los catorce versos de un soneto, la imagen de estos espacios es convertida en sonidos digitales en forma de cantos. As\u00ed, a trav\u00e9s de software digital, las im\u00e1genes son transformadas en peque\u00f1os cantos que funcionan como una partitura y que representan tambi\u00e9n de alguna manera esas voces que estuvieron confinadas en las cavernas.<\/p>\n<p>El claroscuro de las fotograf\u00edas de las cuevas en penumbra, donde la humanidad empez\u00f3 a ver de forma simb\u00f3lica y a imaginar el mundo exterior de las apariencias, nos remite adem\u00e1s a un espacio predominantemente ac\u00fastico ya perdido y recreado mediante software digital. Esa m\u00fasica, como en el mito de Orfeo y Eur\u00eddice, rememora el descenso a la oscuridad en busca de la belleza y la luz, una belleza ef\u00edmera e inexplicable que tiene aquello que tanto buscamos y que una vez encontramos siempre estaremos a punto de perder mientras intentemos comprenderla, explica el artista.<\/p>\n<p>Paco Nadie realizar\u00e1 el 11 y 18 de julio otras dos visitas guiadas a Los Cantos del Inframundo, un proyecto subvencionado por la Fundaci\u00f3n Municipal de Cultura, Educaci\u00f3n y Universidad Popular del Ayuntamiento de Gij\u00f3n\/Xix\u00f3n, dentro de la convocatoria de subvenciones para producciones art\u00edsticas 2016.<\/p>\n<p>&nbsp;<\/p>\n","protected":false},"excerpt":{"rendered":"<p>El Centro de Arte Rupestre de Tito Bustillo ofrece a sus visitantes Los Cantos del Inframundo de Paco Nadie. Los Cantos del Inframundo es un proyecto del artista Paco Nadie que reflexiona sobre el espacio interior de la cueva donde nace el pensamiento simb\u00f3lico y que se podr\u00e1 ver hasta el 27 de septiembre de<\/p>\n","protected":false},"author":1,"featured_media":92505,"comment_status":"closed","ping_status":"closed","sticky":false,"template":"","format":"standard","meta":{"footnotes":""},"categories":[1],"tags":[],"class_list":{"0":"post-144647","1":"post","2":"type-post","3":"status-publish","4":"format-standard","5":"has-post-thumbnail","7":"category-agenda"},"aioseo_notices":[],"aioseo_head":"\n\t\t<!-- All in One SEO Pro 4.9.6.2 - aioseo.com -->\n\t<meta name=\"description\" content=\"El Centro de Arte Rupestre de Tito Bustillo ofrece a sus visitantes Los Cantos del Inframundo de Paco Nadie. Los Cantos del Inframundo es un proyecto del artista Paco Nadie que reflexiona sobre el espacio interior de la cueva donde nace el pensamiento simb\u00f3lico y que se podr\u00e1 ver hasta el 27 de septiembre de\" \/>\n\t<meta name=\"robots\" content=\"max-image-preview:large\" \/>\n\t<meta name=\"author\" content=\"Cand\u00e1s 365\"\/>\n\t<meta name=\"google-site-verification\" content=\"UA-32230408-1\" \/>\n\t<meta name=\"msvalidate.01\" content=\"354F3CDFB2DA171B47FBE9ABF1F88D5\" \/>\n\t<meta name=\"keywords\" content=\"agenda\" \/>\n\t<link rel=\"canonical\" href=\"https:\/\/candas365.es\/noticias\/los-cantos-del-inframundo-de-paco-nadie-en-tito-bustillo\/\" \/>\n\t<meta name=\"generator\" content=\"All in One SEO Pro (AIOSEO) 4.9.6.2\" \/>\n\t\t<meta property=\"og:locale\" content=\"es_ES\" \/>\n\t\t<meta property=\"og:site_name\" content=\"Cand\u00e1s 365\" \/>\n\t\t<meta property=\"og:type\" content=\"article\" \/>\n\t\t<meta property=\"og:title\" content=\"Los Cantos del Inframundo de Paco Nadie, en Tito Bustillo | Cand\u00e1s 365\" \/>\n\t\t<meta property=\"og:description\" content=\"El Centro de Arte Rupestre de Tito Bustillo ofrece a sus visitantes Los Cantos del Inframundo de Paco Nadie. Los Cantos del Inframundo es un proyecto del artista Paco Nadie que reflexiona sobre el espacio interior de la cueva donde nace el pensamiento simb\u00f3lico y que se podr\u00e1 ver hasta el 27 de septiembre de\" \/>\n\t\t<meta property=\"og:url\" content=\"https:\/\/candas365.es\/noticias\/los-cantos-del-inframundo-de-paco-nadie-en-tito-bustillo\/\" \/>\n\t\t<meta property=\"og:image\" content=\"https:\/\/candas365.es\/noticias\/wp-content\/uploads\/2018\/03\/Centro-Tito-Bustillo.jpg\" \/>\n\t\t<meta property=\"og:image:secure_url\" content=\"https:\/\/candas365.es\/noticias\/wp-content\/uploads\/2018\/03\/Centro-Tito-Bustillo.jpg\" \/>\n\t\t<meta property=\"og:image:width\" content=\"1280\" \/>\n\t\t<meta property=\"og:image:height\" content=\"904\" \/>\n\t\t<meta property=\"article:published_time\" content=\"2020-07-12T14:52:30+00:00\" \/>\n\t\t<meta property=\"article:modified_time\" content=\"2020-07-12T14:52:30+00:00\" \/>\n\t\t<meta property=\"article:publisher\" content=\"https:\/\/www.facebook.com\/Nachofdezber\" \/>\n\t\t<meta property=\"article:author\" content=\"https:\/\/www.facebook.com\/carrenoactualidad\" \/>\n\t\t<meta name=\"twitter:card\" content=\"summary_large_image\" \/>\n\t\t<meta name=\"twitter:site\" content=\"@NabercoDigital\" \/>\n\t\t<meta name=\"twitter:title\" content=\"Los Cantos del Inframundo de Paco Nadie, en Tito Bustillo | Cand\u00e1s 365\" \/>\n\t\t<meta name=\"twitter:description\" content=\"El Centro de Arte Rupestre de Tito Bustillo ofrece a sus visitantes Los Cantos del Inframundo de Paco Nadie. Los Cantos del Inframundo es un proyecto del artista Paco Nadie que reflexiona sobre el espacio interior de la cueva donde nace el pensamiento simb\u00f3lico y que se podr\u00e1 ver hasta el 27 de septiembre de\" \/>\n\t\t<meta name=\"twitter:creator\" content=\"@nbasturias\" \/>\n\t\t<meta name=\"twitter:image\" content=\"https:\/\/candas365.es\/noticias\/wp-content\/uploads\/2018\/03\/Centro-Tito-Bustillo.jpg\" \/>\n\t\t<meta name=\"twitter:label1\" content=\"Escrito por\" \/>\n\t\t<meta name=\"twitter:data1\" content=\"Cand\u00e1s 365\" \/>\n\t\t<meta name=\"twitter:label2\" content=\"Tiempo de lectura estimado\" \/>\n\t\t<meta name=\"twitter:data2\" content=\"1 minuto\" \/>\n\t\t<script type=\"application\/ld+json\" class=\"aioseo-schema\">\n\t\t\t{\"@context\":\"https:\\\/\\\/schema.org\",\"@graph\":[{\"@type\":\"BreadcrumbList\",\"@id\":\"https:\\\/\\\/candas365.es\\\/noticias\\\/los-cantos-del-inframundo-de-paco-nadie-en-tito-bustillo\\\/#breadcrumblist\",\"itemListElement\":[{\"@type\":\"ListItem\",\"@id\":\"https:\\\/\\\/candas365.es\\\/noticias#listItem\",\"position\":1,\"name\":\"Home\",\"item\":\"https:\\\/\\\/candas365.es\\\/noticias\",\"nextItem\":{\"@type\":\"ListItem\",\"@id\":\"https:\\\/\\\/candas365.es\\\/noticias\\\/category\\\/agenda\\\/#listItem\",\"name\":\"Agenda\"}},{\"@type\":\"ListItem\",\"@id\":\"https:\\\/\\\/candas365.es\\\/noticias\\\/category\\\/agenda\\\/#listItem\",\"position\":2,\"name\":\"Agenda\",\"item\":\"https:\\\/\\\/candas365.es\\\/noticias\\\/category\\\/agenda\\\/\",\"nextItem\":{\"@type\":\"ListItem\",\"@id\":\"https:\\\/\\\/candas365.es\\\/noticias\\\/los-cantos-del-inframundo-de-paco-nadie-en-tito-bustillo\\\/#listItem\",\"name\":\"Los Cantos del Inframundo de Paco Nadie, en Tito Bustillo\"},\"previousItem\":{\"@type\":\"ListItem\",\"@id\":\"https:\\\/\\\/candas365.es\\\/noticias#listItem\",\"name\":\"Home\"}},{\"@type\":\"ListItem\",\"@id\":\"https:\\\/\\\/candas365.es\\\/noticias\\\/los-cantos-del-inframundo-de-paco-nadie-en-tito-bustillo\\\/#listItem\",\"position\":3,\"name\":\"Los Cantos del Inframundo de Paco Nadie, en Tito Bustillo\",\"previousItem\":{\"@type\":\"ListItem\",\"@id\":\"https:\\\/\\\/candas365.es\\\/noticias\\\/category\\\/agenda\\\/#listItem\",\"name\":\"Agenda\"}}]},{\"@type\":\"NewsArticle\",\"@id\":\"https:\\\/\\\/candas365.es\\\/noticias\\\/los-cantos-del-inframundo-de-paco-nadie-en-tito-bustillo\\\/#newsarticle\",\"name\":\"Los Cantos del Inframundo de Paco Nadie, en Tito Bustillo | Cand\\u00e1s 365\",\"headline\":\"Los Cantos del Inframundo de Paco Nadie, en Tito Bustillo\",\"author\":{\"@id\":\"https:\\\/\\\/candas365.es\\\/noticias\\\/author\\\/admin\\\/#author\"},\"publisher\":{\"@id\":\"https:\\\/\\\/candas365.es\\\/noticias\\\/#organization\"},\"image\":{\"@type\":\"ImageObject\",\"url\":\"https:\\\/\\\/candas365.es\\\/noticias\\\/wp-content\\\/uploads\\\/2018\\\/03\\\/Centro-Tito-Bustillo.jpg\",\"width\":1280,\"height\":904},\"datePublished\":\"2020-07-12T14:52:30+02:00\",\"dateModified\":\"2020-07-12T14:52:30+02:00\",\"inLanguage\":\"es-ES\",\"mainEntityOfPage\":{\"@id\":\"https:\\\/\\\/candas365.es\\\/noticias\\\/los-cantos-del-inframundo-de-paco-nadie-en-tito-bustillo\\\/#webpage\"},\"isPartOf\":{\"@id\":\"https:\\\/\\\/candas365.es\\\/noticias\\\/los-cantos-del-inframundo-de-paco-nadie-en-tito-bustillo\\\/#webpage\"},\"articleSection\":\"Agenda\",\"dateline\":\"Publicado el julio 12, 2020.\"},{\"@type\":\"Organization\",\"@id\":\"https:\\\/\\\/candas365.es\\\/noticias\\\/#organization\",\"name\":\"Cand\\u00e1s 365\",\"description\":\"Cand\\u00e1s 365 es un diario digital independiente, fundado en 2012, con base en Asturias. Informamos con rigor sobre actualidad, sociedad, cultura y ocio, con una mirada local y global.\",\"url\":\"https:\\\/\\\/candas365.es\\\/noticias\\\/\",\"email\":\"info@candas365.es\",\"telephone\":\"+34652131393\",\"foundingDate\":\"2012-06-10\",\"logo\":{\"@type\":\"ImageObject\",\"url\":\"https:\\\/\\\/candas365.es\\\/noticias\\\/wp-content\\\/uploads\\\/2024\\\/09\\\/Candas-365-Redes.jpg\",\"@id\":\"https:\\\/\\\/candas365.es\\\/noticias\\\/los-cantos-del-inframundo-de-paco-nadie-en-tito-bustillo\\\/#organizationLogo\",\"width\":1152,\"height\":864,\"caption\":\"Cand\\u00e1s 365 Redes\"},\"image\":{\"@id\":\"https:\\\/\\\/candas365.es\\\/noticias\\\/los-cantos-del-inframundo-de-paco-nadie-en-tito-bustillo\\\/#organizationLogo\"},\"sameAs\":[\"https:\\\/\\\/www.facebook.com\\\/Nachofdezber\",\"https:\\\/\\\/x.com\\\/NabercoDigital\",\"https:\\\/\\\/www.instagram.com\\\/nachofdezber\\\/\",\"https:\\\/\\\/www.youtube.com\\\/channel\\\/UCZP-2wLEB9Rv6erhFmqVnvg\"],\"address\":{\"@id\":\"https:\\\/\\\/candas365.es\\\/noticias\\\/#postaladdress\",\"@type\":\"PostalAddress\",\"streetAddress\":\"san antonio 4, san antonio 4\",\"postalCode\":\"33430\",\"addressLocality\":\"Cand\\u00e1s\",\"addressRegion\":\"Asturias\",\"addressCountry\":\"ES\"}},{\"@type\":\"Person\",\"@id\":\"https:\\\/\\\/candas365.es\\\/noticias\\\/author\\\/admin\\\/#author\",\"url\":\"https:\\\/\\\/candas365.es\\\/noticias\\\/author\\\/admin\\\/\",\"name\":\"Cand\\u00e1s 365\",\"image\":{\"@type\":\"ImageObject\",\"@id\":\"https:\\\/\\\/candas365.es\\\/noticias\\\/los-cantos-del-inframundo-de-paco-nadie-en-tito-bustillo\\\/#authorImage\",\"url\":\"https:\\\/\\\/secure.gravatar.com\\\/avatar\\\/496a8e03d0c493ede1718b7934145dbdf8d89be1036b0eec9544e1094c9de390?s=96&d=mm&r=g\",\"width\":96,\"height\":96,\"caption\":\"Cand\\u00e1s 365\"},\"sameAs\":[\"https:\\\/\\\/www.facebook.com\\\/carrenoactualidad\",\"https:\\\/\\\/twitter.com\\\/nbasturias\",\"https:\\\/\\\/www.instagram.com\\\/nachofdezber\\\/\",\"https:\\\/\\\/www.youtube.com\\\/channel\\\/UCZP-2wLEB9Rv6erhFmqVnvg\"]},{\"@type\":\"WebPage\",\"@id\":\"https:\\\/\\\/candas365.es\\\/noticias\\\/los-cantos-del-inframundo-de-paco-nadie-en-tito-bustillo\\\/#webpage\",\"url\":\"https:\\\/\\\/candas365.es\\\/noticias\\\/los-cantos-del-inframundo-de-paco-nadie-en-tito-bustillo\\\/\",\"name\":\"Los Cantos del Inframundo de Paco Nadie, en Tito Bustillo | Cand\\u00e1s 365\",\"description\":\"El Centro de Arte Rupestre de Tito Bustillo ofrece a sus visitantes Los Cantos del Inframundo de Paco Nadie. Los Cantos del Inframundo es un proyecto del artista Paco Nadie que reflexiona sobre el espacio interior de la cueva donde nace el pensamiento simb\\u00f3lico y que se podr\\u00e1 ver hasta el 27 de septiembre de\",\"inLanguage\":\"es-ES\",\"isPartOf\":{\"@id\":\"https:\\\/\\\/candas365.es\\\/noticias\\\/#website\"},\"breadcrumb\":{\"@id\":\"https:\\\/\\\/candas365.es\\\/noticias\\\/los-cantos-del-inframundo-de-paco-nadie-en-tito-bustillo\\\/#breadcrumblist\"},\"author\":{\"@id\":\"https:\\\/\\\/candas365.es\\\/noticias\\\/author\\\/admin\\\/#author\"},\"creator\":{\"@id\":\"https:\\\/\\\/candas365.es\\\/noticias\\\/author\\\/admin\\\/#author\"},\"image\":{\"@type\":\"ImageObject\",\"url\":\"https:\\\/\\\/candas365.es\\\/noticias\\\/wp-content\\\/uploads\\\/2018\\\/03\\\/Centro-Tito-Bustillo.jpg\",\"@id\":\"https:\\\/\\\/candas365.es\\\/noticias\\\/los-cantos-del-inframundo-de-paco-nadie-en-tito-bustillo\\\/#mainImage\",\"width\":1280,\"height\":904},\"primaryImageOfPage\":{\"@id\":\"https:\\\/\\\/candas365.es\\\/noticias\\\/los-cantos-del-inframundo-de-paco-nadie-en-tito-bustillo\\\/#mainImage\"},\"datePublished\":\"2020-07-12T14:52:30+02:00\",\"dateModified\":\"2020-07-12T14:52:30+02:00\"},{\"@type\":\"WebSite\",\"@id\":\"https:\\\/\\\/candas365.es\\\/noticias\\\/#website\",\"url\":\"https:\\\/\\\/candas365.es\\\/noticias\\\/\",\"name\":\"Cand\\u00e1s 365\",\"alternateName\":\"Cand\\u00e1s 365 Noticias\",\"description\":\"Actualidad desde Carre\\u00f1o para el mundo\",\"inLanguage\":\"es-ES\",\"publisher\":{\"@id\":\"https:\\\/\\\/candas365.es\\\/noticias\\\/#organization\"}}]}\n\t\t<\/script>\n\t\t<!-- All in One SEO Pro -->\r\n\t\t<title>Los Cantos del Inframundo de Paco Nadie, en Tito Bustillo | Cand\u00e1s 365<\/title>\n\n","aioseo_head_json":{"title":"Los Cantos del Inframundo de Paco Nadie, en Tito Bustillo | Cand\u00e1s 365","description":"El Centro de Arte Rupestre de Tito Bustillo ofrece a sus visitantes Los Cantos del Inframundo de Paco Nadie. Los Cantos del Inframundo es un proyecto del artista Paco Nadie que reflexiona sobre el espacio interior de la cueva donde nace el pensamiento simb\u00f3lico y que se podr\u00e1 ver hasta el 27 de septiembre de","canonical_url":"https:\/\/candas365.es\/noticias\/los-cantos-del-inframundo-de-paco-nadie-en-tito-bustillo\/","robots":"max-image-preview:large","keywords":"agenda","webmasterTools":{"google-site-verification":"UA-32230408-1","msvalidate.01":"354F3CDFB2DA171B47FBE9ABF1F88D5","miscellaneous":""},"schema":{"@context":"https:\/\/schema.org","@graph":[{"@type":"BreadcrumbList","@id":"https:\/\/candas365.es\/noticias\/los-cantos-del-inframundo-de-paco-nadie-en-tito-bustillo\/#breadcrumblist","itemListElement":[{"@type":"ListItem","@id":"https:\/\/candas365.es\/noticias#listItem","position":1,"name":"Home","item":"https:\/\/candas365.es\/noticias","nextItem":{"@type":"ListItem","@id":"https:\/\/candas365.es\/noticias\/category\/agenda\/#listItem","name":"Agenda"}},{"@type":"ListItem","@id":"https:\/\/candas365.es\/noticias\/category\/agenda\/#listItem","position":2,"name":"Agenda","item":"https:\/\/candas365.es\/noticias\/category\/agenda\/","nextItem":{"@type":"ListItem","@id":"https:\/\/candas365.es\/noticias\/los-cantos-del-inframundo-de-paco-nadie-en-tito-bustillo\/#listItem","name":"Los Cantos del Inframundo de Paco Nadie, en Tito Bustillo"},"previousItem":{"@type":"ListItem","@id":"https:\/\/candas365.es\/noticias#listItem","name":"Home"}},{"@type":"ListItem","@id":"https:\/\/candas365.es\/noticias\/los-cantos-del-inframundo-de-paco-nadie-en-tito-bustillo\/#listItem","position":3,"name":"Los Cantos del Inframundo de Paco Nadie, en Tito Bustillo","previousItem":{"@type":"ListItem","@id":"https:\/\/candas365.es\/noticias\/category\/agenda\/#listItem","name":"Agenda"}}]},{"@type":"NewsArticle","@id":"https:\/\/candas365.es\/noticias\/los-cantos-del-inframundo-de-paco-nadie-en-tito-bustillo\/#newsarticle","name":"Los Cantos del Inframundo de Paco Nadie, en Tito Bustillo | Cand\u00e1s 365","headline":"Los Cantos del Inframundo de Paco Nadie, en Tito Bustillo","author":{"@id":"https:\/\/candas365.es\/noticias\/author\/admin\/#author"},"publisher":{"@id":"https:\/\/candas365.es\/noticias\/#organization"},"image":{"@type":"ImageObject","url":"https:\/\/candas365.es\/noticias\/wp-content\/uploads\/2018\/03\/Centro-Tito-Bustillo.jpg","width":1280,"height":904},"datePublished":"2020-07-12T14:52:30+02:00","dateModified":"2020-07-12T14:52:30+02:00","inLanguage":"es-ES","mainEntityOfPage":{"@id":"https:\/\/candas365.es\/noticias\/los-cantos-del-inframundo-de-paco-nadie-en-tito-bustillo\/#webpage"},"isPartOf":{"@id":"https:\/\/candas365.es\/noticias\/los-cantos-del-inframundo-de-paco-nadie-en-tito-bustillo\/#webpage"},"articleSection":"Agenda","dateline":"Publicado el julio 12, 2020."},{"@type":"Organization","@id":"https:\/\/candas365.es\/noticias\/#organization","name":"Cand\u00e1s 365","description":"Cand\u00e1s 365 es un diario digital independiente, fundado en 2012, con base en Asturias. Informamos con rigor sobre actualidad, sociedad, cultura y ocio, con una mirada local y global.","url":"https:\/\/candas365.es\/noticias\/","email":"info@candas365.es","telephone":"+34652131393","foundingDate":"2012-06-10","logo":{"@type":"ImageObject","url":"https:\/\/candas365.es\/noticias\/wp-content\/uploads\/2024\/09\/Candas-365-Redes.jpg","@id":"https:\/\/candas365.es\/noticias\/los-cantos-del-inframundo-de-paco-nadie-en-tito-bustillo\/#organizationLogo","width":1152,"height":864,"caption":"Cand\u00e1s 365 Redes"},"image":{"@id":"https:\/\/candas365.es\/noticias\/los-cantos-del-inframundo-de-paco-nadie-en-tito-bustillo\/#organizationLogo"},"sameAs":["https:\/\/www.facebook.com\/Nachofdezber","https:\/\/x.com\/NabercoDigital","https:\/\/www.instagram.com\/nachofdezber\/","https:\/\/www.youtube.com\/channel\/UCZP-2wLEB9Rv6erhFmqVnvg"],"address":{"@id":"https:\/\/candas365.es\/noticias\/#postaladdress","@type":"PostalAddress","streetAddress":"san antonio 4, san antonio 4","postalCode":"33430","addressLocality":"Cand\u00e1s","addressRegion":"Asturias","addressCountry":"ES"}},{"@type":"Person","@id":"https:\/\/candas365.es\/noticias\/author\/admin\/#author","url":"https:\/\/candas365.es\/noticias\/author\/admin\/","name":"Cand\u00e1s 365","image":{"@type":"ImageObject","@id":"https:\/\/candas365.es\/noticias\/los-cantos-del-inframundo-de-paco-nadie-en-tito-bustillo\/#authorImage","url":"https:\/\/secure.gravatar.com\/avatar\/496a8e03d0c493ede1718b7934145dbdf8d89be1036b0eec9544e1094c9de390?s=96&d=mm&r=g","width":96,"height":96,"caption":"Cand\u00e1s 365"},"sameAs":["https:\/\/www.facebook.com\/carrenoactualidad","https:\/\/twitter.com\/nbasturias","https:\/\/www.instagram.com\/nachofdezber\/","https:\/\/www.youtube.com\/channel\/UCZP-2wLEB9Rv6erhFmqVnvg"]},{"@type":"WebPage","@id":"https:\/\/candas365.es\/noticias\/los-cantos-del-inframundo-de-paco-nadie-en-tito-bustillo\/#webpage","url":"https:\/\/candas365.es\/noticias\/los-cantos-del-inframundo-de-paco-nadie-en-tito-bustillo\/","name":"Los Cantos del Inframundo de Paco Nadie, en Tito Bustillo | Cand\u00e1s 365","description":"El Centro de Arte Rupestre de Tito Bustillo ofrece a sus visitantes Los Cantos del Inframundo de Paco Nadie. Los Cantos del Inframundo es un proyecto del artista Paco Nadie que reflexiona sobre el espacio interior de la cueva donde nace el pensamiento simb\u00f3lico y que se podr\u00e1 ver hasta el 27 de septiembre de","inLanguage":"es-ES","isPartOf":{"@id":"https:\/\/candas365.es\/noticias\/#website"},"breadcrumb":{"@id":"https:\/\/candas365.es\/noticias\/los-cantos-del-inframundo-de-paco-nadie-en-tito-bustillo\/#breadcrumblist"},"author":{"@id":"https:\/\/candas365.es\/noticias\/author\/admin\/#author"},"creator":{"@id":"https:\/\/candas365.es\/noticias\/author\/admin\/#author"},"image":{"@type":"ImageObject","url":"https:\/\/candas365.es\/noticias\/wp-content\/uploads\/2018\/03\/Centro-Tito-Bustillo.jpg","@id":"https:\/\/candas365.es\/noticias\/los-cantos-del-inframundo-de-paco-nadie-en-tito-bustillo\/#mainImage","width":1280,"height":904},"primaryImageOfPage":{"@id":"https:\/\/candas365.es\/noticias\/los-cantos-del-inframundo-de-paco-nadie-en-tito-bustillo\/#mainImage"},"datePublished":"2020-07-12T14:52:30+02:00","dateModified":"2020-07-12T14:52:30+02:00"},{"@type":"WebSite","@id":"https:\/\/candas365.es\/noticias\/#website","url":"https:\/\/candas365.es\/noticias\/","name":"Cand\u00e1s 365","alternateName":"Cand\u00e1s 365 Noticias","description":"Actualidad desde Carre\u00f1o para el mundo","inLanguage":"es-ES","publisher":{"@id":"https:\/\/candas365.es\/noticias\/#organization"}}]},"og:locale":"es_ES","og:site_name":"Cand\u00e1s 365","og:type":"article","og:title":"Los Cantos del Inframundo de Paco Nadie, en Tito Bustillo | Cand\u00e1s 365","og:description":"El Centro de Arte Rupestre de Tito Bustillo ofrece a sus visitantes Los Cantos del Inframundo de Paco Nadie. Los Cantos del Inframundo es un proyecto del artista Paco Nadie que reflexiona sobre el espacio interior de la cueva donde nace el pensamiento simb\u00f3lico y que se podr\u00e1 ver hasta el 27 de septiembre de","og:url":"https:\/\/candas365.es\/noticias\/los-cantos-del-inframundo-de-paco-nadie-en-tito-bustillo\/","og:image":"https:\/\/candas365.es\/noticias\/wp-content\/uploads\/2018\/03\/Centro-Tito-Bustillo.jpg","og:image:secure_url":"https:\/\/candas365.es\/noticias\/wp-content\/uploads\/2018\/03\/Centro-Tito-Bustillo.jpg","og:image:width":1280,"og:image:height":904,"article:published_time":"2020-07-12T14:52:30+00:00","article:modified_time":"2020-07-12T14:52:30+00:00","article:publisher":"https:\/\/www.facebook.com\/Nachofdezber","article:author":"https:\/\/www.facebook.com\/carrenoactualidad","twitter:card":"summary_large_image","twitter:site":"@NabercoDigital","twitter:title":"Los Cantos del Inframundo de Paco Nadie, en Tito Bustillo | Cand\u00e1s 365","twitter:description":"El Centro de Arte Rupestre de Tito Bustillo ofrece a sus visitantes Los Cantos del Inframundo de Paco Nadie. Los Cantos del Inframundo es un proyecto del artista Paco Nadie que reflexiona sobre el espacio interior de la cueva donde nace el pensamiento simb\u00f3lico y que se podr\u00e1 ver hasta el 27 de septiembre de","twitter:creator":"@nbasturias","twitter:image":"https:\/\/candas365.es\/noticias\/wp-content\/uploads\/2018\/03\/Centro-Tito-Bustillo.jpg","twitter:label1":"Escrito por","twitter:data1":"Cand\u00e1s 365","twitter:label2":"Tiempo de lectura estimado","twitter:data2":"1 minuto"},"aioseo_meta_data":{"post_id":"144647","title":null,"description":"","keywords":"","keyphrases":null,"primary_term":null,"canonical_url":"","og_title":null,"og_description":null,"og_object_type":"default","og_image_type":"default","og_image_url":null,"og_image_width":null,"og_image_height":null,"og_image_custom_url":null,"og_image_custom_fields":null,"og_video":null,"og_custom_url":null,"og_article_section":null,"og_article_tags":null,"twitter_use_og":false,"twitter_card":"default","twitter_image_type":"default","twitter_image_url":null,"twitter_image_custom_url":null,"twitter_image_custom_fields":null,"twitter_title":null,"twitter_description":null,"schema":{"blockGraphs":[],"customGraphs":[],"default":{"data":{"Article":[],"Course":[],"Dataset":[],"FAQPage":[],"Movie":[],"Person":[],"Product":[],"ProductReview":[],"Car":[],"Recipe":[],"Service":[],"SoftwareApplication":[],"WebPage":[]},"graphName":"","isEnabled":true},"graphs":[],"defaultGraph":"","defaultPostTypeGraph":""},"schema_type":null,"schema_type_options":null,"pillar_content":false,"robots_default":true,"robots_noindex":false,"robots_noarchive":false,"robots_nosnippet":false,"robots_nofollow":false,"robots_noimageindex":false,"robots_noodp":false,"robots_notranslate":false,"robots_max_snippet":null,"robots_max_videopreview":null,"robots_max_imagepreview":"large","priority":null,"frequency":null,"location":null,"local_seo":null,"seo_analyzer_scan_date":"2025-08-31 08:23:22","breadcrumb_settings":null,"limit_modified_date":false,"reviewed_by":null,"open_ai":null,"ai":null,"created":"2020-12-21 10:40:51","updated":"2025-08-31 08:23:22"},"aioseo_breadcrumb":"<div class=\"aioseo-breadcrumbs\"><span class=\"aioseo-breadcrumb\">\n\t<a href=\"https:\/\/candas365.es\/noticias\" title=\"Home\">Home<\/a>\n<\/span><span class=\"aioseo-breadcrumb-separator\">&ndash;<\/span><span class=\"aioseo-breadcrumb\">\n\t<a href=\"https:\/\/candas365.es\/noticias\/category\/agenda\/\" title=\"Agenda\">Agenda<\/a>\n<\/span><span class=\"aioseo-breadcrumb-separator\">&ndash;<\/span><span class=\"aioseo-breadcrumb\">\n\tLos Cantos del Inframundo de Paco Nadie, en Tito Bustillo\n<\/span><\/div>","aioseo_breadcrumb_json":[{"label":"Home","link":"https:\/\/candas365.es\/noticias"},{"label":"Agenda","link":"https:\/\/candas365.es\/noticias\/category\/agenda\/"},{"label":"Los Cantos del Inframundo de Paco Nadie, en Tito Bustillo","link":"https:\/\/candas365.es\/noticias\/los-cantos-del-inframundo-de-paco-nadie-en-tito-bustillo\/"}],"_links":{"self":[{"href":"https:\/\/candas365.es\/noticias\/wp-json\/wp\/v2\/posts\/144647","targetHints":{"allow":["GET"]}}],"collection":[{"href":"https:\/\/candas365.es\/noticias\/wp-json\/wp\/v2\/posts"}],"about":[{"href":"https:\/\/candas365.es\/noticias\/wp-json\/wp\/v2\/types\/post"}],"author":[{"embeddable":true,"href":"https:\/\/candas365.es\/noticias\/wp-json\/wp\/v2\/users\/1"}],"replies":[{"embeddable":true,"href":"https:\/\/candas365.es\/noticias\/wp-json\/wp\/v2\/comments?post=144647"}],"version-history":[{"count":0,"href":"https:\/\/candas365.es\/noticias\/wp-json\/wp\/v2\/posts\/144647\/revisions"}],"wp:featuredmedia":[{"embeddable":true,"href":"https:\/\/candas365.es\/noticias\/wp-json\/wp\/v2\/media\/92505"}],"wp:attachment":[{"href":"https:\/\/candas365.es\/noticias\/wp-json\/wp\/v2\/media?parent=144647"}],"wp:term":[{"taxonomy":"category","embeddable":true,"href":"https:\/\/candas365.es\/noticias\/wp-json\/wp\/v2\/categories?post=144647"},{"taxonomy":"post_tag","embeddable":true,"href":"https:\/\/candas365.es\/noticias\/wp-json\/wp\/v2\/tags?post=144647"}],"curies":[{"name":"wp","href":"https:\/\/api.w.org\/{rel}","templated":true}]}}