{"id":144203,"date":"2020-06-29T01:28:38","date_gmt":"2020-06-29T01:28:38","guid":{"rendered":"http:\/\/candas365.es\/noticias\/?p=144203"},"modified":"2020-06-29T01:28:38","modified_gmt":"2020-06-29T01:28:38","slug":"nueva-normalidad-candas-recuperara-actividades-deportivas","status":"publish","type":"post","link":"https:\/\/candas365.es\/noticias\/nueva-normalidad-candas-recuperara-actividades-deportivas\/","title":{"rendered":"\u201cNueva normalidad\u201d: Cand\u00e1s recuperar\u00e1 actividades deportivas"},"content":{"rendered":"<p><img fetchpriority=\"high\" decoding=\"async\" class=\"alignleft size-medium wp-image-144204\" src=\"https:\/\/candas365.es\/noticias\/wp-content\/uploads\/2020\/06\/Deporte-en-Candas-360x203.jpg\" alt=\"\" width=\"360\" height=\"203\" srcset=\"https:\/\/candas365.es\/noticias\/wp-content\/uploads\/2020\/06\/Deporte-en-Candas-360x203.jpg 360w, https:\/\/candas365.es\/noticias\/wp-content\/uploads\/2020\/06\/Deporte-en-Candas-655x369.jpg 655w, https:\/\/candas365.es\/noticias\/wp-content\/uploads\/2020\/06\/Deporte-en-Candas-768x432.jpg 768w, https:\/\/candas365.es\/noticias\/wp-content\/uploads\/2020\/06\/Deporte-en-Candas-696x392.jpg 696w, https:\/\/candas365.es\/noticias\/wp-content\/uploads\/2020\/06\/Deporte-en-Candas-746x420.jpg 746w, https:\/\/candas365.es\/noticias\/wp-content\/uploads\/2020\/06\/Deporte-en-Candas.jpg 1064w\" sizes=\"(max-width: 360px) 100vw, 360px\" \/>El Ayuntamiento de Carre\u00f1o ha informa que el Patronato Deportivo Municipal ha iniciado la recuperaci\u00f3n de actividades deportivas con la bicicleta indoor.<\/p>\n<p>Esta actividad se retoma, tras el par\u00f3n por la crisis sanitaria. Se traslad\u00f3 de su ubicaci\u00f3n habitual a la pista central del pabell\u00f3n para garantizar las medidas de distanciamiento social y el desarrollo normalizado de la actividad.<\/p>\n<p>La previsi\u00f3n es de continuar la oferta de bicicleta, durante los meses de Julio y Agosto, incluido en el programa \u201cDeporte en Verano\u201d, al ser \u00e9sta la que m\u00e1s garant\u00edas ofrece de adaptarse a las exigencias establecidas en la actual normativa.<\/p>\n<h3><strong>En Septiembre se programar\u00e1n cursos de tenis.<\/strong><\/h3>\n<p>El resto de actividades estables, yoga, pilates, y zumba, tendr\u00e1n un tratamiento similar al de bicicleta indoor recuperando las horas no impartidas, la segunda quincena de Septiembre.<\/p>\n<p>Las Escuelas, Guarder\u00eda deportiva y la actividad f\u00edsica de mayores de 60 se reanudar\u00e1, como en a\u00f1os anteriores, en el mes Octubre.<\/p>\n<p>La previsi\u00f3n de abrir los gimnasios se baraja entorno a la segunda semana de Julio. Tendr\u00e1 una regulaci\u00f3n rigurosa, no se podr\u00e1 permitir el acceso a carga libre, barras, discos, y mancuernas. Se articular\u00e1 con bandas horarias, de 2 horas de duraci\u00f3n como m\u00e1ximo, dejando media hora entre cada banda horaria para proceder a la limpieza, ventilaci\u00f3n e higienizaci\u00f3n.<\/p>\n<p>&nbsp;<\/p>\n","protected":false},"excerpt":{"rendered":"<p>El Ayuntamiento de Carre\u00f1o ha informa que el Patronato Deportivo Municipal ha iniciado la recuperaci\u00f3n de actividades deportivas con la bicicleta indoor. Esta actividad se retoma, tras el par\u00f3n por la crisis sanitaria. Se traslad\u00f3 de su ubicaci\u00f3n habitual a la pista central del pabell\u00f3n para garantizar las medidas de distanciamiento social y el desarrollo<\/p>\n","protected":false},"author":1,"featured_media":144204,"comment_status":"closed","ping_status":"closed","sticky":false,"template":"","format":"standard","meta":{"footnotes":""},"categories":[2],"tags":[],"class_list":{"0":"post-144203","1":"post","2":"type-post","3":"status-publish","4":"format-standard","5":"has-post-thumbnail","7":"category-noticias-carreno"},"aioseo_notices":[],"aioseo_head":"\n\t\t<!-- All in One SEO Pro 4.9.6.2 - aioseo.com -->\n\t<meta name=\"description\" content=\"El Ayuntamiento de Carre\u00f1o ha informa que el Patronato Deportivo Municipal ha iniciado la recuperaci\u00f3n de actividades deportivas con la bicicleta indoor. Esta actividad se retoma, tras el par\u00f3n por la crisis sanitaria. Se traslad\u00f3 de su ubicaci\u00f3n habitual a la pista central del pabell\u00f3n para garantizar las medidas de distanciamiento social y el desarrollo\" \/>\n\t<meta name=\"robots\" content=\"max-image-preview:large\" \/>\n\t<meta name=\"author\" content=\"Cand\u00e1s 365\"\/>\n\t<meta name=\"google-site-verification\" content=\"UA-32230408-1\" \/>\n\t<meta name=\"msvalidate.01\" content=\"354F3CDFB2DA171B47FBE9ABF1F88D5\" \/>\n\t<meta name=\"keywords\" content=\"noticias carre\u00f1o\" \/>\n\t<link rel=\"canonical\" href=\"https:\/\/candas365.es\/noticias\/nueva-normalidad-candas-recuperara-actividades-deportivas\/\" \/>\n\t<meta name=\"generator\" content=\"All in One SEO Pro (AIOSEO) 4.9.6.2\" \/>\n\t\t<meta property=\"og:locale\" content=\"es_ES\" \/>\n\t\t<meta property=\"og:site_name\" content=\"Cand\u00e1s 365\" \/>\n\t\t<meta property=\"og:type\" content=\"article\" \/>\n\t\t<meta property=\"og:title\" content=\"\u201cNueva normalidad\u201d: Cand\u00e1s recuperar\u00e1 actividades deportivas | Cand\u00e1s 365\" \/>\n\t\t<meta property=\"og:description\" content=\"El Ayuntamiento de Carre\u00f1o ha informa que el Patronato Deportivo Municipal ha iniciado la recuperaci\u00f3n de actividades deportivas con la bicicleta indoor. Esta actividad se retoma, tras el par\u00f3n por la crisis sanitaria. Se traslad\u00f3 de su ubicaci\u00f3n habitual a la pista central del pabell\u00f3n para garantizar las medidas de distanciamiento social y el desarrollo\" \/>\n\t\t<meta property=\"og:url\" content=\"https:\/\/candas365.es\/noticias\/nueva-normalidad-candas-recuperara-actividades-deportivas\/\" \/>\n\t\t<meta property=\"og:image\" content=\"https:\/\/candas365.es\/noticias\/wp-content\/uploads\/2020\/06\/Deporte-en-Candas.jpg\" \/>\n\t\t<meta property=\"og:image:secure_url\" content=\"https:\/\/candas365.es\/noticias\/wp-content\/uploads\/2020\/06\/Deporte-en-Candas.jpg\" \/>\n\t\t<meta property=\"og:image:width\" content=\"1064\" \/>\n\t\t<meta property=\"og:image:height\" content=\"599\" \/>\n\t\t<meta property=\"article:published_time\" content=\"2020-06-29T01:28:38+00:00\" \/>\n\t\t<meta property=\"article:modified_time\" content=\"2020-06-29T01:28:38+00:00\" \/>\n\t\t<meta property=\"article:publisher\" content=\"https:\/\/www.facebook.com\/Nachofdezber\" \/>\n\t\t<meta property=\"article:author\" content=\"https:\/\/www.facebook.com\/carrenoactualidad\" \/>\n\t\t<meta name=\"twitter:card\" content=\"summary_large_image\" \/>\n\t\t<meta name=\"twitter:site\" content=\"@NabercoDigital\" \/>\n\t\t<meta name=\"twitter:title\" content=\"\u201cNueva normalidad\u201d: Cand\u00e1s recuperar\u00e1 actividades deportivas | Cand\u00e1s 365\" \/>\n\t\t<meta name=\"twitter:description\" content=\"El Ayuntamiento de Carre\u00f1o ha informa que el Patronato Deportivo Municipal ha iniciado la recuperaci\u00f3n de actividades deportivas con la bicicleta indoor. Esta actividad se retoma, tras el par\u00f3n por la crisis sanitaria. Se traslad\u00f3 de su ubicaci\u00f3n habitual a la pista central del pabell\u00f3n para garantizar las medidas de distanciamiento social y el desarrollo\" \/>\n\t\t<meta name=\"twitter:creator\" content=\"@nbasturias\" \/>\n\t\t<meta name=\"twitter:image\" content=\"https:\/\/candas365.es\/noticias\/wp-content\/uploads\/2020\/06\/Deporte-en-Candas.jpg\" \/>\n\t\t<meta name=\"twitter:label1\" content=\"Escrito por\" \/>\n\t\t<meta name=\"twitter:data1\" content=\"Cand\u00e1s 365\" \/>\n\t\t<meta name=\"twitter:label2\" content=\"Tiempo de lectura estimado\" \/>\n\t\t<meta name=\"twitter:data2\" content=\"1 minuto\" \/>\n\t\t<script type=\"application\/ld+json\" class=\"aioseo-schema\">\n\t\t\t{\"@context\":\"https:\\\/\\\/schema.org\",\"@graph\":[{\"@type\":\"BreadcrumbList\",\"@id\":\"https:\\\/\\\/candas365.es\\\/noticias\\\/nueva-normalidad-candas-recuperara-actividades-deportivas\\\/#breadcrumblist\",\"itemListElement\":[{\"@type\":\"ListItem\",\"@id\":\"https:\\\/\\\/candas365.es\\\/noticias#listItem\",\"position\":1,\"name\":\"Home\",\"item\":\"https:\\\/\\\/candas365.es\\\/noticias\",\"nextItem\":{\"@type\":\"ListItem\",\"@id\":\"https:\\\/\\\/candas365.es\\\/noticias\\\/category\\\/noticias-carreno\\\/#listItem\",\"name\":\"Noticias Carre\\u00f1o\"}},{\"@type\":\"ListItem\",\"@id\":\"https:\\\/\\\/candas365.es\\\/noticias\\\/category\\\/noticias-carreno\\\/#listItem\",\"position\":2,\"name\":\"Noticias Carre\\u00f1o\",\"item\":\"https:\\\/\\\/candas365.es\\\/noticias\\\/category\\\/noticias-carreno\\\/\",\"nextItem\":{\"@type\":\"ListItem\",\"@id\":\"https:\\\/\\\/candas365.es\\\/noticias\\\/nueva-normalidad-candas-recuperara-actividades-deportivas\\\/#listItem\",\"name\":\"\\u201cNueva normalidad\\u201d: Cand\\u00e1s recuperar\\u00e1 actividades deportivas\"},\"previousItem\":{\"@type\":\"ListItem\",\"@id\":\"https:\\\/\\\/candas365.es\\\/noticias#listItem\",\"name\":\"Home\"}},{\"@type\":\"ListItem\",\"@id\":\"https:\\\/\\\/candas365.es\\\/noticias\\\/nueva-normalidad-candas-recuperara-actividades-deportivas\\\/#listItem\",\"position\":3,\"name\":\"\\u201cNueva normalidad\\u201d: Cand\\u00e1s recuperar\\u00e1 actividades deportivas\",\"previousItem\":{\"@type\":\"ListItem\",\"@id\":\"https:\\\/\\\/candas365.es\\\/noticias\\\/category\\\/noticias-carreno\\\/#listItem\",\"name\":\"Noticias Carre\\u00f1o\"}}]},{\"@type\":\"NewsArticle\",\"@id\":\"https:\\\/\\\/candas365.es\\\/noticias\\\/nueva-normalidad-candas-recuperara-actividades-deportivas\\\/#newsarticle\",\"name\":\"\\u201cNueva normalidad\\u201d: Cand\\u00e1s recuperar\\u00e1 actividades deportivas | Cand\\u00e1s 365\",\"headline\":\"\\u201cNueva normalidad\\u201d: Cand\\u00e1s recuperar\\u00e1 actividades deportivas\",\"author\":{\"@id\":\"https:\\\/\\\/candas365.es\\\/noticias\\\/author\\\/admin\\\/#author\"},\"publisher\":{\"@id\":\"https:\\\/\\\/candas365.es\\\/noticias\\\/#organization\"},\"image\":{\"@type\":\"ImageObject\",\"url\":\"https:\\\/\\\/candas365.es\\\/noticias\\\/wp-content\\\/uploads\\\/2020\\\/06\\\/Deporte-en-Candas.jpg\",\"width\":1064,\"height\":599},\"datePublished\":\"2020-06-29T01:28:38+02:00\",\"dateModified\":\"2020-06-29T01:28:38+02:00\",\"inLanguage\":\"es-ES\",\"mainEntityOfPage\":{\"@id\":\"https:\\\/\\\/candas365.es\\\/noticias\\\/nueva-normalidad-candas-recuperara-actividades-deportivas\\\/#webpage\"},\"isPartOf\":{\"@id\":\"https:\\\/\\\/candas365.es\\\/noticias\\\/nueva-normalidad-candas-recuperara-actividades-deportivas\\\/#webpage\"},\"articleSection\":\"Noticias Carre\\u00f1o\",\"dateline\":\"Publicado el junio 29, 2020.\"},{\"@type\":\"Organization\",\"@id\":\"https:\\\/\\\/candas365.es\\\/noticias\\\/#organization\",\"name\":\"Cand\\u00e1s 365\",\"description\":\"Cand\\u00e1s 365 es un diario digital independiente, fundado en 2012, con base en Asturias. Informamos con rigor sobre actualidad, sociedad, cultura y ocio, con una mirada local y global.\",\"url\":\"https:\\\/\\\/candas365.es\\\/noticias\\\/\",\"email\":\"info@candas365.es\",\"telephone\":\"+34652131393\",\"foundingDate\":\"2012-06-10\",\"logo\":{\"@type\":\"ImageObject\",\"url\":\"https:\\\/\\\/candas365.es\\\/noticias\\\/wp-content\\\/uploads\\\/2024\\\/09\\\/Candas-365-Redes.jpg\",\"@id\":\"https:\\\/\\\/candas365.es\\\/noticias\\\/nueva-normalidad-candas-recuperara-actividades-deportivas\\\/#organizationLogo\",\"width\":1152,\"height\":864,\"caption\":\"Cand\\u00e1s 365 Redes\"},\"image\":{\"@id\":\"https:\\\/\\\/candas365.es\\\/noticias\\\/nueva-normalidad-candas-recuperara-actividades-deportivas\\\/#organizationLogo\"},\"sameAs\":[\"https:\\\/\\\/www.facebook.com\\\/Nachofdezber\",\"https:\\\/\\\/x.com\\\/NabercoDigital\",\"https:\\\/\\\/www.instagram.com\\\/nachofdezber\\\/\",\"https:\\\/\\\/www.youtube.com\\\/channel\\\/UCZP-2wLEB9Rv6erhFmqVnvg\"],\"address\":{\"@id\":\"https:\\\/\\\/candas365.es\\\/noticias\\\/#postaladdress\",\"@type\":\"PostalAddress\",\"streetAddress\":\"san antonio 4, san antonio 4\",\"postalCode\":\"33430\",\"addressLocality\":\"Cand\\u00e1s\",\"addressRegion\":\"Asturias\",\"addressCountry\":\"ES\"}},{\"@type\":\"Person\",\"@id\":\"https:\\\/\\\/candas365.es\\\/noticias\\\/author\\\/admin\\\/#author\",\"url\":\"https:\\\/\\\/candas365.es\\\/noticias\\\/author\\\/admin\\\/\",\"name\":\"Cand\\u00e1s 365\",\"image\":{\"@type\":\"ImageObject\",\"@id\":\"https:\\\/\\\/candas365.es\\\/noticias\\\/nueva-normalidad-candas-recuperara-actividades-deportivas\\\/#authorImage\",\"url\":\"https:\\\/\\\/secure.gravatar.com\\\/avatar\\\/496a8e03d0c493ede1718b7934145dbdf8d89be1036b0eec9544e1094c9de390?s=96&d=mm&r=g\",\"width\":96,\"height\":96,\"caption\":\"Cand\\u00e1s 365\"},\"sameAs\":[\"https:\\\/\\\/www.facebook.com\\\/carrenoactualidad\",\"https:\\\/\\\/twitter.com\\\/nbasturias\",\"https:\\\/\\\/www.instagram.com\\\/nachofdezber\\\/\",\"https:\\\/\\\/www.youtube.com\\\/channel\\\/UCZP-2wLEB9Rv6erhFmqVnvg\"]},{\"@type\":\"WebPage\",\"@id\":\"https:\\\/\\\/candas365.es\\\/noticias\\\/nueva-normalidad-candas-recuperara-actividades-deportivas\\\/#webpage\",\"url\":\"https:\\\/\\\/candas365.es\\\/noticias\\\/nueva-normalidad-candas-recuperara-actividades-deportivas\\\/\",\"name\":\"\\u201cNueva normalidad\\u201d: Cand\\u00e1s recuperar\\u00e1 actividades deportivas | Cand\\u00e1s 365\",\"description\":\"El Ayuntamiento de Carre\\u00f1o ha informa que el Patronato Deportivo Municipal ha iniciado la recuperaci\\u00f3n de actividades deportivas con la bicicleta indoor. Esta actividad se retoma, tras el par\\u00f3n por la crisis sanitaria. Se traslad\\u00f3 de su ubicaci\\u00f3n habitual a la pista central del pabell\\u00f3n para garantizar las medidas de distanciamiento social y el desarrollo\",\"inLanguage\":\"es-ES\",\"isPartOf\":{\"@id\":\"https:\\\/\\\/candas365.es\\\/noticias\\\/#website\"},\"breadcrumb\":{\"@id\":\"https:\\\/\\\/candas365.es\\\/noticias\\\/nueva-normalidad-candas-recuperara-actividades-deportivas\\\/#breadcrumblist\"},\"author\":{\"@id\":\"https:\\\/\\\/candas365.es\\\/noticias\\\/author\\\/admin\\\/#author\"},\"creator\":{\"@id\":\"https:\\\/\\\/candas365.es\\\/noticias\\\/author\\\/admin\\\/#author\"},\"image\":{\"@type\":\"ImageObject\",\"url\":\"https:\\\/\\\/candas365.es\\\/noticias\\\/wp-content\\\/uploads\\\/2020\\\/06\\\/Deporte-en-Candas.jpg\",\"@id\":\"https:\\\/\\\/candas365.es\\\/noticias\\\/nueva-normalidad-candas-recuperara-actividades-deportivas\\\/#mainImage\",\"width\":1064,\"height\":599},\"primaryImageOfPage\":{\"@id\":\"https:\\\/\\\/candas365.es\\\/noticias\\\/nueva-normalidad-candas-recuperara-actividades-deportivas\\\/#mainImage\"},\"datePublished\":\"2020-06-29T01:28:38+02:00\",\"dateModified\":\"2020-06-29T01:28:38+02:00\"},{\"@type\":\"WebSite\",\"@id\":\"https:\\\/\\\/candas365.es\\\/noticias\\\/#website\",\"url\":\"https:\\\/\\\/candas365.es\\\/noticias\\\/\",\"name\":\"Cand\\u00e1s 365\",\"alternateName\":\"Cand\\u00e1s 365 Noticias\",\"description\":\"Actualidad desde Carre\\u00f1o para el mundo\",\"inLanguage\":\"es-ES\",\"publisher\":{\"@id\":\"https:\\\/\\\/candas365.es\\\/noticias\\\/#organization\"}}]}\n\t\t<\/script>\n\t\t<!-- All in One SEO Pro -->\r\n\t\t<title>\u201cNueva normalidad\u201d: Cand\u00e1s recuperar\u00e1 actividades deportivas | Cand\u00e1s 365<\/title>\n\n","aioseo_head_json":{"title":"\u201cNueva normalidad\u201d: Cand\u00e1s recuperar\u00e1 actividades deportivas | Cand\u00e1s 365","description":"El Ayuntamiento de Carre\u00f1o ha informa que el Patronato Deportivo Municipal ha iniciado la recuperaci\u00f3n de actividades deportivas con la bicicleta indoor. Esta actividad se retoma, tras el par\u00f3n por la crisis sanitaria. Se traslad\u00f3 de su ubicaci\u00f3n habitual a la pista central del pabell\u00f3n para garantizar las medidas de distanciamiento social y el desarrollo","canonical_url":"https:\/\/candas365.es\/noticias\/nueva-normalidad-candas-recuperara-actividades-deportivas\/","robots":"max-image-preview:large","keywords":"noticias carre\u00f1o","webmasterTools":{"google-site-verification":"UA-32230408-1","msvalidate.01":"354F3CDFB2DA171B47FBE9ABF1F88D5","miscellaneous":""},"schema":{"@context":"https:\/\/schema.org","@graph":[{"@type":"BreadcrumbList","@id":"https:\/\/candas365.es\/noticias\/nueva-normalidad-candas-recuperara-actividades-deportivas\/#breadcrumblist","itemListElement":[{"@type":"ListItem","@id":"https:\/\/candas365.es\/noticias#listItem","position":1,"name":"Home","item":"https:\/\/candas365.es\/noticias","nextItem":{"@type":"ListItem","@id":"https:\/\/candas365.es\/noticias\/category\/noticias-carreno\/#listItem","name":"Noticias Carre\u00f1o"}},{"@type":"ListItem","@id":"https:\/\/candas365.es\/noticias\/category\/noticias-carreno\/#listItem","position":2,"name":"Noticias Carre\u00f1o","item":"https:\/\/candas365.es\/noticias\/category\/noticias-carreno\/","nextItem":{"@type":"ListItem","@id":"https:\/\/candas365.es\/noticias\/nueva-normalidad-candas-recuperara-actividades-deportivas\/#listItem","name":"\u201cNueva normalidad\u201d: Cand\u00e1s recuperar\u00e1 actividades deportivas"},"previousItem":{"@type":"ListItem","@id":"https:\/\/candas365.es\/noticias#listItem","name":"Home"}},{"@type":"ListItem","@id":"https:\/\/candas365.es\/noticias\/nueva-normalidad-candas-recuperara-actividades-deportivas\/#listItem","position":3,"name":"\u201cNueva normalidad\u201d: Cand\u00e1s recuperar\u00e1 actividades deportivas","previousItem":{"@type":"ListItem","@id":"https:\/\/candas365.es\/noticias\/category\/noticias-carreno\/#listItem","name":"Noticias Carre\u00f1o"}}]},{"@type":"NewsArticle","@id":"https:\/\/candas365.es\/noticias\/nueva-normalidad-candas-recuperara-actividades-deportivas\/#newsarticle","name":"\u201cNueva normalidad\u201d: Cand\u00e1s recuperar\u00e1 actividades deportivas | Cand\u00e1s 365","headline":"\u201cNueva normalidad\u201d: Cand\u00e1s recuperar\u00e1 actividades deportivas","author":{"@id":"https:\/\/candas365.es\/noticias\/author\/admin\/#author"},"publisher":{"@id":"https:\/\/candas365.es\/noticias\/#organization"},"image":{"@type":"ImageObject","url":"https:\/\/candas365.es\/noticias\/wp-content\/uploads\/2020\/06\/Deporte-en-Candas.jpg","width":1064,"height":599},"datePublished":"2020-06-29T01:28:38+02:00","dateModified":"2020-06-29T01:28:38+02:00","inLanguage":"es-ES","mainEntityOfPage":{"@id":"https:\/\/candas365.es\/noticias\/nueva-normalidad-candas-recuperara-actividades-deportivas\/#webpage"},"isPartOf":{"@id":"https:\/\/candas365.es\/noticias\/nueva-normalidad-candas-recuperara-actividades-deportivas\/#webpage"},"articleSection":"Noticias Carre\u00f1o","dateline":"Publicado el junio 29, 2020."},{"@type":"Organization","@id":"https:\/\/candas365.es\/noticias\/#organization","name":"Cand\u00e1s 365","description":"Cand\u00e1s 365 es un diario digital independiente, fundado en 2012, con base en Asturias. Informamos con rigor sobre actualidad, sociedad, cultura y ocio, con una mirada local y global.","url":"https:\/\/candas365.es\/noticias\/","email":"info@candas365.es","telephone":"+34652131393","foundingDate":"2012-06-10","logo":{"@type":"ImageObject","url":"https:\/\/candas365.es\/noticias\/wp-content\/uploads\/2024\/09\/Candas-365-Redes.jpg","@id":"https:\/\/candas365.es\/noticias\/nueva-normalidad-candas-recuperara-actividades-deportivas\/#organizationLogo","width":1152,"height":864,"caption":"Cand\u00e1s 365 Redes"},"image":{"@id":"https:\/\/candas365.es\/noticias\/nueva-normalidad-candas-recuperara-actividades-deportivas\/#organizationLogo"},"sameAs":["https:\/\/www.facebook.com\/Nachofdezber","https:\/\/x.com\/NabercoDigital","https:\/\/www.instagram.com\/nachofdezber\/","https:\/\/www.youtube.com\/channel\/UCZP-2wLEB9Rv6erhFmqVnvg"],"address":{"@id":"https:\/\/candas365.es\/noticias\/#postaladdress","@type":"PostalAddress","streetAddress":"san antonio 4, san antonio 4","postalCode":"33430","addressLocality":"Cand\u00e1s","addressRegion":"Asturias","addressCountry":"ES"}},{"@type":"Person","@id":"https:\/\/candas365.es\/noticias\/author\/admin\/#author","url":"https:\/\/candas365.es\/noticias\/author\/admin\/","name":"Cand\u00e1s 365","image":{"@type":"ImageObject","@id":"https:\/\/candas365.es\/noticias\/nueva-normalidad-candas-recuperara-actividades-deportivas\/#authorImage","url":"https:\/\/secure.gravatar.com\/avatar\/496a8e03d0c493ede1718b7934145dbdf8d89be1036b0eec9544e1094c9de390?s=96&d=mm&r=g","width":96,"height":96,"caption":"Cand\u00e1s 365"},"sameAs":["https:\/\/www.facebook.com\/carrenoactualidad","https:\/\/twitter.com\/nbasturias","https:\/\/www.instagram.com\/nachofdezber\/","https:\/\/www.youtube.com\/channel\/UCZP-2wLEB9Rv6erhFmqVnvg"]},{"@type":"WebPage","@id":"https:\/\/candas365.es\/noticias\/nueva-normalidad-candas-recuperara-actividades-deportivas\/#webpage","url":"https:\/\/candas365.es\/noticias\/nueva-normalidad-candas-recuperara-actividades-deportivas\/","name":"\u201cNueva normalidad\u201d: Cand\u00e1s recuperar\u00e1 actividades deportivas | Cand\u00e1s 365","description":"El Ayuntamiento de Carre\u00f1o ha informa que el Patronato Deportivo Municipal ha iniciado la recuperaci\u00f3n de actividades deportivas con la bicicleta indoor. Esta actividad se retoma, tras el par\u00f3n por la crisis sanitaria. Se traslad\u00f3 de su ubicaci\u00f3n habitual a la pista central del pabell\u00f3n para garantizar las medidas de distanciamiento social y el desarrollo","inLanguage":"es-ES","isPartOf":{"@id":"https:\/\/candas365.es\/noticias\/#website"},"breadcrumb":{"@id":"https:\/\/candas365.es\/noticias\/nueva-normalidad-candas-recuperara-actividades-deportivas\/#breadcrumblist"},"author":{"@id":"https:\/\/candas365.es\/noticias\/author\/admin\/#author"},"creator":{"@id":"https:\/\/candas365.es\/noticias\/author\/admin\/#author"},"image":{"@type":"ImageObject","url":"https:\/\/candas365.es\/noticias\/wp-content\/uploads\/2020\/06\/Deporte-en-Candas.jpg","@id":"https:\/\/candas365.es\/noticias\/nueva-normalidad-candas-recuperara-actividades-deportivas\/#mainImage","width":1064,"height":599},"primaryImageOfPage":{"@id":"https:\/\/candas365.es\/noticias\/nueva-normalidad-candas-recuperara-actividades-deportivas\/#mainImage"},"datePublished":"2020-06-29T01:28:38+02:00","dateModified":"2020-06-29T01:28:38+02:00"},{"@type":"WebSite","@id":"https:\/\/candas365.es\/noticias\/#website","url":"https:\/\/candas365.es\/noticias\/","name":"Cand\u00e1s 365","alternateName":"Cand\u00e1s 365 Noticias","description":"Actualidad desde Carre\u00f1o para el mundo","inLanguage":"es-ES","publisher":{"@id":"https:\/\/candas365.es\/noticias\/#organization"}}]},"og:locale":"es_ES","og:site_name":"Cand\u00e1s 365","og:type":"article","og:title":"\u201cNueva normalidad\u201d: Cand\u00e1s recuperar\u00e1 actividades deportivas | Cand\u00e1s 365","og:description":"El Ayuntamiento de Carre\u00f1o ha informa que el Patronato Deportivo Municipal ha iniciado la recuperaci\u00f3n de actividades deportivas con la bicicleta indoor. Esta actividad se retoma, tras el par\u00f3n por la crisis sanitaria. Se traslad\u00f3 de su ubicaci\u00f3n habitual a la pista central del pabell\u00f3n para garantizar las medidas de distanciamiento social y el desarrollo","og:url":"https:\/\/candas365.es\/noticias\/nueva-normalidad-candas-recuperara-actividades-deportivas\/","og:image":"https:\/\/candas365.es\/noticias\/wp-content\/uploads\/2020\/06\/Deporte-en-Candas.jpg","og:image:secure_url":"https:\/\/candas365.es\/noticias\/wp-content\/uploads\/2020\/06\/Deporte-en-Candas.jpg","og:image:width":1064,"og:image:height":599,"article:published_time":"2020-06-29T01:28:38+00:00","article:modified_time":"2020-06-29T01:28:38+00:00","article:publisher":"https:\/\/www.facebook.com\/Nachofdezber","article:author":"https:\/\/www.facebook.com\/carrenoactualidad","twitter:card":"summary_large_image","twitter:site":"@NabercoDigital","twitter:title":"\u201cNueva normalidad\u201d: Cand\u00e1s recuperar\u00e1 actividades deportivas | Cand\u00e1s 365","twitter:description":"El Ayuntamiento de Carre\u00f1o ha informa que el Patronato Deportivo Municipal ha iniciado la recuperaci\u00f3n de actividades deportivas con la bicicleta indoor. Esta actividad se retoma, tras el par\u00f3n por la crisis sanitaria. Se traslad\u00f3 de su ubicaci\u00f3n habitual a la pista central del pabell\u00f3n para garantizar las medidas de distanciamiento social y el desarrollo","twitter:creator":"@nbasturias","twitter:image":"https:\/\/candas365.es\/noticias\/wp-content\/uploads\/2020\/06\/Deporte-en-Candas.jpg","twitter:label1":"Escrito por","twitter:data1":"Cand\u00e1s 365","twitter:label2":"Tiempo de lectura estimado","twitter:data2":"1 minuto"},"aioseo_meta_data":{"post_id":"144203","title":null,"description":null,"keywords":null,"keyphrases":null,"primary_term":null,"canonical_url":null,"og_title":null,"og_description":null,"og_object_type":"default","og_image_type":"default","og_image_url":null,"og_image_width":null,"og_image_height":null,"og_image_custom_url":null,"og_image_custom_fields":null,"og_video":null,"og_custom_url":null,"og_article_section":null,"og_article_tags":null,"twitter_use_og":false,"twitter_card":"default","twitter_image_type":"default","twitter_image_url":null,"twitter_image_custom_url":null,"twitter_image_custom_fields":null,"twitter_title":null,"twitter_description":null,"schema":{"blockGraphs":[],"customGraphs":[],"default":{"data":{"Article":[],"Course":[],"Dataset":[],"FAQPage":[],"Movie":[],"Person":[],"Product":[],"ProductReview":[],"Car":[],"Recipe":[],"Service":[],"SoftwareApplication":[],"WebPage":[]},"graphName":"","isEnabled":true},"graphs":[]},"schema_type":null,"schema_type_options":null,"pillar_content":false,"robots_default":true,"robots_noindex":false,"robots_noarchive":false,"robots_nosnippet":false,"robots_nofollow":false,"robots_noimageindex":false,"robots_noodp":false,"robots_notranslate":false,"robots_max_snippet":null,"robots_max_videopreview":null,"robots_max_imagepreview":"large","priority":null,"frequency":null,"location":null,"local_seo":null,"seo_analyzer_scan_date":"2025-08-31 07:42:50","breadcrumb_settings":null,"limit_modified_date":false,"reviewed_by":null,"open_ai":null,"ai":null,"created":"2020-12-21 10:41:08","updated":"2025-08-31 07:42:50"},"aioseo_breadcrumb":"<div class=\"aioseo-breadcrumbs\"><span class=\"aioseo-breadcrumb\">\n\t<a href=\"https:\/\/candas365.es\/noticias\" title=\"Home\">Home<\/a>\n<\/span><span class=\"aioseo-breadcrumb-separator\">&ndash;<\/span><span class=\"aioseo-breadcrumb\">\n\t<a href=\"https:\/\/candas365.es\/noticias\/category\/noticias-carreno\/\" title=\"Noticias Carre\u00f1o\">Noticias Carre\u00f1o<\/a>\n<\/span><span class=\"aioseo-breadcrumb-separator\">&ndash;<\/span><span class=\"aioseo-breadcrumb\">\n\t\u201cNueva normalidad\u201d: Cand\u00e1s recuperar\u00e1 actividades deportivas\n<\/span><\/div>","aioseo_breadcrumb_json":[{"label":"Home","link":"https:\/\/candas365.es\/noticias"},{"label":"Noticias Carre\u00f1o","link":"https:\/\/candas365.es\/noticias\/category\/noticias-carreno\/"},{"label":"\u201cNueva normalidad\u201d: Cand\u00e1s recuperar\u00e1 actividades deportivas","link":"https:\/\/candas365.es\/noticias\/nueva-normalidad-candas-recuperara-actividades-deportivas\/"}],"_links":{"self":[{"href":"https:\/\/candas365.es\/noticias\/wp-json\/wp\/v2\/posts\/144203","targetHints":{"allow":["GET"]}}],"collection":[{"href":"https:\/\/candas365.es\/noticias\/wp-json\/wp\/v2\/posts"}],"about":[{"href":"https:\/\/candas365.es\/noticias\/wp-json\/wp\/v2\/types\/post"}],"author":[{"embeddable":true,"href":"https:\/\/candas365.es\/noticias\/wp-json\/wp\/v2\/users\/1"}],"replies":[{"embeddable":true,"href":"https:\/\/candas365.es\/noticias\/wp-json\/wp\/v2\/comments?post=144203"}],"version-history":[{"count":0,"href":"https:\/\/candas365.es\/noticias\/wp-json\/wp\/v2\/posts\/144203\/revisions"}],"wp:featuredmedia":[{"embeddable":true,"href":"https:\/\/candas365.es\/noticias\/wp-json\/wp\/v2\/media\/144204"}],"wp:attachment":[{"href":"https:\/\/candas365.es\/noticias\/wp-json\/wp\/v2\/media?parent=144203"}],"wp:term":[{"taxonomy":"category","embeddable":true,"href":"https:\/\/candas365.es\/noticias\/wp-json\/wp\/v2\/categories?post=144203"},{"taxonomy":"post_tag","embeddable":true,"href":"https:\/\/candas365.es\/noticias\/wp-json\/wp\/v2\/tags?post=144203"}],"curies":[{"name":"wp","href":"https:\/\/api.w.org\/{rel}","templated":true}]}}