{"id":144199,"date":"2020-06-29T01:18:24","date_gmt":"2020-06-29T01:18:24","guid":{"rendered":"http:\/\/candas365.es\/noticias\/?p=144199"},"modified":"2020-06-29T01:18:24","modified_gmt":"2020-06-29T01:18:24","slug":"feria-de-la-conserva-2020-en-candas","status":"publish","type":"post","link":"https:\/\/candas365.es\/noticias\/feria-de-la-conserva-2020-en-candas\/","title":{"rendered":"Feria de la Conserva 2020 en Cand\u00e1s"},"content":{"rendered":"<p><img fetchpriority=\"high\" decoding=\"async\" class=\"alignleft size-medium wp-image-94663\" src=\"https:\/\/candas365.es\/noticias\/wp-content\/uploads\/2018\/04\/candas-360x223.jpg\" alt=\"\" width=\"360\" height=\"223\" srcset=\"https:\/\/candas365.es\/noticias\/wp-content\/uploads\/2018\/04\/candas-360x223.jpg 360w, https:\/\/candas365.es\/noticias\/wp-content\/uploads\/2018\/04\/candas-768x475.jpg 768w, https:\/\/candas365.es\/noticias\/wp-content\/uploads\/2018\/04\/candas-655x405.jpg 655w, https:\/\/candas365.es\/noticias\/wp-content\/uploads\/2018\/04\/candas-356x220.jpg 356w, https:\/\/candas365.es\/noticias\/wp-content\/uploads\/2018\/04\/candas-696x431.jpg 696w, https:\/\/candas365.es\/noticias\/wp-content\/uploads\/2018\/04\/candas-679x420.jpg 679w, https:\/\/candas365.es\/noticias\/wp-content\/uploads\/2018\/04\/candas.jpg 892w\" sizes=\"(max-width: 360px) 100vw, 360px\" \/>El Ayuntamiento de Carre\u00f1o ha informado recientemente que \u00abTeniendo en cuenta la situaci\u00f3n actual, valoramos suspender el evento o dimensionarlo \u00fanicamente con empresas fabricantes asturianas. Hemos tenido que adaptar y reducir un evento que congregaba a multitud de personas en el muelle local habr\u00eda siendo imprescindible la coordinaci\u00f3n de unos protocolos para que la organizaci\u00f3n de la edici\u00f3n de este a\u00f1o, cumpla con todos los requisitos sanitarios previstos\u201d \u2013 explic\u00f3 <strong>Juan Jos\u00e9 Fern\u00e1ndez<\/strong>, edil de promoci\u00f3n econ\u00f3mica.<\/p>\n<p>\u201cGracias a la implicaci\u00f3n de la Asociaci\u00f3n de Conserveros de Asturias, que preside Carlos D\u00edaz, pudimos ultimar y buscar la financiaci\u00f3n extra necesaria para la producci\u00f3n segura de esta edici\u00f3n de la Feria conservera. La Direcci\u00f3n General de Pesca del Gobierno del Principado nos ha prestado su apoyo y orientaci\u00f3n necesaria \u201c &#8211; detall\u00f3 Fern\u00e1ndez.<\/p>\n<p>\u201cHemos trabajado telem\u00e1ticamente con la asociaci\u00f3n regional de conserveros, contratando una asistencia t\u00e9cnica para el correcto cumplimiento de todas las medidas de seguridad en coordinaci\u00f3n con autoridades sanitarias. Elegimos un nuevo sistema de casetas de madera individuales para cada una de las diez empresas asturianas, con un per\u00edmetro acotado de vallas y un circuito cerrado. La distribuci\u00f3n de las casetas ser\u00e1 con forma de herradura con todo el per\u00edmetro cerrado a trav\u00e9s de un sistema de vallas propiedad del Ayuntamiento y que ceder\u00e1 para la celebraci\u00f3n de la feria\u201d \u2013 detall\u00f3 el edil.<\/p>\n<p>Participar\u00e1n las empresas asturianas que siguen: <em>Agromar, Remo, Sellavarim, S.L., Anchoas Hazas, Conservas la Polar, Conservas Costera, Conservas Lanza, Conservas Eutimio, Conservas Artesanales Telva y Conservas El Viejo Pescador<\/em>.<\/p>\n<p>La informaci\u00f3n de los participantes, estar\u00e1 en soportes verticales ( t\u00f3tems de 2 metros de altura), eliminando papeles, flyers y dem\u00e1s manipulados. dentro Se incluir\u00e1 en dichos soportes informaci\u00f3n de las empresas conserveras, imagen de la feria e informaci\u00f3n de medidas de prevenci\u00f3n.<\/p>\n<p>\u00abSe contratar\u00e1 una empresa de seguridad. Se habilitar\u00e1 una zona de carga y descarga, por tiempo limitado, para que la clientela pueda subir a los coches la mercanc\u00eda adquirida. Tambi\u00e9n habr\u00e1 zona de aparcamiento para movilidad reducida\u00bb, han informado desde el Ayuntamiento<\/p>\n<p>\u00abFrente a cada caseta expositora, incluiremos l\u00edneas de separaci\u00f3n que marcar\u00e1n la espera en los stands. Habr\u00e1 bandas de distanciamiento, flechas de recorrido para marcarle al p\u00fablico cual ser\u00e1 la ruta de entrada y salida. Adem\u00e1s, como apoyo, estar\u00e1 el equipo la empresa contratada actuar\u00e1 de conductor del p\u00fablico para evitar aglomeraciones\u00bb, han a\u00f1adido<\/p>\n<p>Adem\u00e1s tambi\u00e9n han informado que como los productos estar\u00e1n a la venta en unas casetas donde la distancia de seguridad con la clientela se reduce se instalar\u00e1n unas mamparas de protecci\u00f3n en cada caseta dejando una franja por debajo, para que se pueda entregar mercanc\u00eda.<\/p>\n<p>&nbsp;<\/p>\n","protected":false},"excerpt":{"rendered":"<p>El Ayuntamiento de Carre\u00f1o ha informado recientemente que \u00abTeniendo en cuenta la situaci\u00f3n actual, valoramos suspender el evento o dimensionarlo \u00fanicamente con empresas fabricantes asturianas. Hemos tenido que adaptar y reducir un evento que congregaba a multitud de personas en el muelle local habr\u00eda siendo imprescindible la coordinaci\u00f3n de unos protocolos para que la organizaci\u00f3n<\/p>\n","protected":false},"author":1,"featured_media":94663,"comment_status":"closed","ping_status":"closed","sticky":false,"template":"","format":"standard","meta":{"footnotes":""},"categories":[2],"tags":[],"class_list":{"0":"post-144199","1":"post","2":"type-post","3":"status-publish","4":"format-standard","5":"has-post-thumbnail","7":"category-noticias-carreno"},"aioseo_notices":[],"aioseo_head":"\n\t\t<!-- All in One SEO Pro 4.9.6.2 - aioseo.com -->\n\t<meta name=\"description\" content=\"El Ayuntamiento de Carre\u00f1o ha informado recientemente que &quot;Teniendo en cuenta la situaci\u00f3n actual, valoramos suspender el evento o dimensionarlo \u00fanicamente con empresas fabricantes asturianas. Hemos tenido que adaptar y reducir un evento que congregaba a multitud de personas en el muelle local habr\u00eda siendo imprescindible la coordinaci\u00f3n de unos protocolos para que la organizaci\u00f3n\" \/>\n\t<meta name=\"robots\" content=\"max-image-preview:large\" \/>\n\t<meta name=\"author\" content=\"Cand\u00e1s 365\"\/>\n\t<meta name=\"google-site-verification\" content=\"UA-32230408-1\" \/>\n\t<meta name=\"msvalidate.01\" content=\"354F3CDFB2DA171B47FBE9ABF1F88D5\" \/>\n\t<meta name=\"keywords\" content=\"noticias carre\u00f1o\" \/>\n\t<link rel=\"canonical\" href=\"https:\/\/candas365.es\/noticias\/feria-de-la-conserva-2020-en-candas\/\" \/>\n\t<meta name=\"generator\" content=\"All in One SEO Pro (AIOSEO) 4.9.6.2\" \/>\n\t\t<meta property=\"og:locale\" content=\"es_ES\" \/>\n\t\t<meta property=\"og:site_name\" content=\"Cand\u00e1s 365\" \/>\n\t\t<meta property=\"og:type\" content=\"article\" \/>\n\t\t<meta property=\"og:title\" content=\"Feria de la Conserva 2020 en Cand\u00e1s | Cand\u00e1s 365\" \/>\n\t\t<meta property=\"og:description\" content=\"El Ayuntamiento de Carre\u00f1o ha informado recientemente que &quot;Teniendo en cuenta la situaci\u00f3n actual, valoramos suspender el evento o dimensionarlo \u00fanicamente con empresas fabricantes asturianas. Hemos tenido que adaptar y reducir un evento que congregaba a multitud de personas en el muelle local habr\u00eda siendo imprescindible la coordinaci\u00f3n de unos protocolos para que la organizaci\u00f3n\" \/>\n\t\t<meta property=\"og:url\" content=\"https:\/\/candas365.es\/noticias\/feria-de-la-conserva-2020-en-candas\/\" \/>\n\t\t<meta property=\"og:image\" content=\"https:\/\/candas365.es\/noticias\/wp-content\/uploads\/2018\/04\/candas.jpg\" \/>\n\t\t<meta property=\"og:image:secure_url\" content=\"https:\/\/candas365.es\/noticias\/wp-content\/uploads\/2018\/04\/candas.jpg\" \/>\n\t\t<meta property=\"og:image:width\" content=\"892\" \/>\n\t\t<meta property=\"og:image:height\" content=\"552\" \/>\n\t\t<meta property=\"article:published_time\" content=\"2020-06-29T01:18:24+00:00\" \/>\n\t\t<meta property=\"article:modified_time\" content=\"2020-06-29T01:18:24+00:00\" \/>\n\t\t<meta property=\"article:publisher\" content=\"https:\/\/www.facebook.com\/Nachofdezber\" \/>\n\t\t<meta property=\"article:author\" content=\"https:\/\/www.facebook.com\/carrenoactualidad\" \/>\n\t\t<meta name=\"twitter:card\" content=\"summary_large_image\" \/>\n\t\t<meta name=\"twitter:site\" content=\"@NabercoDigital\" \/>\n\t\t<meta name=\"twitter:title\" content=\"Feria de la Conserva 2020 en Cand\u00e1s | Cand\u00e1s 365\" \/>\n\t\t<meta name=\"twitter:description\" content=\"El Ayuntamiento de Carre\u00f1o ha informado recientemente que &quot;Teniendo en cuenta la situaci\u00f3n actual, valoramos suspender el evento o dimensionarlo \u00fanicamente con empresas fabricantes asturianas. Hemos tenido que adaptar y reducir un evento que congregaba a multitud de personas en el muelle local habr\u00eda siendo imprescindible la coordinaci\u00f3n de unos protocolos para que la organizaci\u00f3n\" \/>\n\t\t<meta name=\"twitter:creator\" content=\"@nbasturias\" \/>\n\t\t<meta name=\"twitter:image\" content=\"https:\/\/candas365.es\/noticias\/wp-content\/uploads\/2018\/04\/candas.jpg\" \/>\n\t\t<meta name=\"twitter:label1\" content=\"Escrito por\" \/>\n\t\t<meta name=\"twitter:data1\" content=\"Cand\u00e1s 365\" \/>\n\t\t<meta name=\"twitter:label2\" content=\"Tiempo de lectura estimado\" \/>\n\t\t<meta name=\"twitter:data2\" content=\"2 minutos\" \/>\n\t\t<script type=\"application\/ld+json\" class=\"aioseo-schema\">\n\t\t\t{\"@context\":\"https:\\\/\\\/schema.org\",\"@graph\":[{\"@type\":\"BreadcrumbList\",\"@id\":\"https:\\\/\\\/candas365.es\\\/noticias\\\/feria-de-la-conserva-2020-en-candas\\\/#breadcrumblist\",\"itemListElement\":[{\"@type\":\"ListItem\",\"@id\":\"https:\\\/\\\/candas365.es\\\/noticias#listItem\",\"position\":1,\"name\":\"Home\",\"item\":\"https:\\\/\\\/candas365.es\\\/noticias\",\"nextItem\":{\"@type\":\"ListItem\",\"@id\":\"https:\\\/\\\/candas365.es\\\/noticias\\\/category\\\/noticias-carreno\\\/#listItem\",\"name\":\"Noticias Carre\\u00f1o\"}},{\"@type\":\"ListItem\",\"@id\":\"https:\\\/\\\/candas365.es\\\/noticias\\\/category\\\/noticias-carreno\\\/#listItem\",\"position\":2,\"name\":\"Noticias Carre\\u00f1o\",\"item\":\"https:\\\/\\\/candas365.es\\\/noticias\\\/category\\\/noticias-carreno\\\/\",\"nextItem\":{\"@type\":\"ListItem\",\"@id\":\"https:\\\/\\\/candas365.es\\\/noticias\\\/feria-de-la-conserva-2020-en-candas\\\/#listItem\",\"name\":\"Feria de la Conserva 2020 en Cand\\u00e1s\"},\"previousItem\":{\"@type\":\"ListItem\",\"@id\":\"https:\\\/\\\/candas365.es\\\/noticias#listItem\",\"name\":\"Home\"}},{\"@type\":\"ListItem\",\"@id\":\"https:\\\/\\\/candas365.es\\\/noticias\\\/feria-de-la-conserva-2020-en-candas\\\/#listItem\",\"position\":3,\"name\":\"Feria de la Conserva 2020 en Cand\\u00e1s\",\"previousItem\":{\"@type\":\"ListItem\",\"@id\":\"https:\\\/\\\/candas365.es\\\/noticias\\\/category\\\/noticias-carreno\\\/#listItem\",\"name\":\"Noticias Carre\\u00f1o\"}}]},{\"@type\":\"NewsArticle\",\"@id\":\"https:\\\/\\\/candas365.es\\\/noticias\\\/feria-de-la-conserva-2020-en-candas\\\/#newsarticle\",\"name\":\"Feria de la Conserva 2020 en Cand\\u00e1s | Cand\\u00e1s 365\",\"headline\":\"Feria de la Conserva 2020 en Cand\\u00e1s\",\"author\":{\"@id\":\"https:\\\/\\\/candas365.es\\\/noticias\\\/author\\\/admin\\\/#author\"},\"publisher\":{\"@id\":\"https:\\\/\\\/candas365.es\\\/noticias\\\/#organization\"},\"image\":{\"@type\":\"ImageObject\",\"url\":\"https:\\\/\\\/candas365.es\\\/noticias\\\/wp-content\\\/uploads\\\/2018\\\/04\\\/candas.jpg\",\"width\":892,\"height\":552,\"caption\":\"Cand\\u00e1s\"},\"datePublished\":\"2020-06-29T01:18:24+02:00\",\"dateModified\":\"2020-06-29T01:18:24+02:00\",\"inLanguage\":\"es-ES\",\"mainEntityOfPage\":{\"@id\":\"https:\\\/\\\/candas365.es\\\/noticias\\\/feria-de-la-conserva-2020-en-candas\\\/#webpage\"},\"isPartOf\":{\"@id\":\"https:\\\/\\\/candas365.es\\\/noticias\\\/feria-de-la-conserva-2020-en-candas\\\/#webpage\"},\"articleSection\":\"Noticias Carre\\u00f1o\",\"dateline\":\"Publicado el junio 29, 2020.\"},{\"@type\":\"Organization\",\"@id\":\"https:\\\/\\\/candas365.es\\\/noticias\\\/#organization\",\"name\":\"Cand\\u00e1s 365\",\"description\":\"Cand\\u00e1s 365 es un diario digital independiente, fundado en 2012, con base en Asturias. Informamos con rigor sobre actualidad, sociedad, cultura y ocio, con una mirada local y global.\",\"url\":\"https:\\\/\\\/candas365.es\\\/noticias\\\/\",\"email\":\"info@candas365.es\",\"telephone\":\"+34652131393\",\"foundingDate\":\"2012-06-10\",\"logo\":{\"@type\":\"ImageObject\",\"url\":\"https:\\\/\\\/candas365.es\\\/noticias\\\/wp-content\\\/uploads\\\/2024\\\/09\\\/Candas-365-Redes.jpg\",\"@id\":\"https:\\\/\\\/candas365.es\\\/noticias\\\/feria-de-la-conserva-2020-en-candas\\\/#organizationLogo\",\"width\":1152,\"height\":864,\"caption\":\"Cand\\u00e1s 365 Redes\"},\"image\":{\"@id\":\"https:\\\/\\\/candas365.es\\\/noticias\\\/feria-de-la-conserva-2020-en-candas\\\/#organizationLogo\"},\"sameAs\":[\"https:\\\/\\\/www.facebook.com\\\/Nachofdezber\",\"https:\\\/\\\/x.com\\\/NabercoDigital\",\"https:\\\/\\\/www.instagram.com\\\/nachofdezber\\\/\",\"https:\\\/\\\/www.youtube.com\\\/channel\\\/UCZP-2wLEB9Rv6erhFmqVnvg\"],\"address\":{\"@id\":\"https:\\\/\\\/candas365.es\\\/noticias\\\/#postaladdress\",\"@type\":\"PostalAddress\",\"streetAddress\":\"san antonio 4, san antonio 4\",\"postalCode\":\"33430\",\"addressLocality\":\"Cand\\u00e1s\",\"addressRegion\":\"Asturias\",\"addressCountry\":\"ES\"}},{\"@type\":\"Person\",\"@id\":\"https:\\\/\\\/candas365.es\\\/noticias\\\/author\\\/admin\\\/#author\",\"url\":\"https:\\\/\\\/candas365.es\\\/noticias\\\/author\\\/admin\\\/\",\"name\":\"Cand\\u00e1s 365\",\"image\":{\"@type\":\"ImageObject\",\"@id\":\"https:\\\/\\\/candas365.es\\\/noticias\\\/feria-de-la-conserva-2020-en-candas\\\/#authorImage\",\"url\":\"https:\\\/\\\/secure.gravatar.com\\\/avatar\\\/496a8e03d0c493ede1718b7934145dbdf8d89be1036b0eec9544e1094c9de390?s=96&d=mm&r=g\",\"width\":96,\"height\":96,\"caption\":\"Cand\\u00e1s 365\"},\"sameAs\":[\"https:\\\/\\\/www.facebook.com\\\/carrenoactualidad\",\"https:\\\/\\\/twitter.com\\\/nbasturias\",\"https:\\\/\\\/www.instagram.com\\\/nachofdezber\\\/\",\"https:\\\/\\\/www.youtube.com\\\/channel\\\/UCZP-2wLEB9Rv6erhFmqVnvg\"]},{\"@type\":\"WebPage\",\"@id\":\"https:\\\/\\\/candas365.es\\\/noticias\\\/feria-de-la-conserva-2020-en-candas\\\/#webpage\",\"url\":\"https:\\\/\\\/candas365.es\\\/noticias\\\/feria-de-la-conserva-2020-en-candas\\\/\",\"name\":\"Feria de la Conserva 2020 en Cand\\u00e1s | Cand\\u00e1s 365\",\"description\":\"El Ayuntamiento de Carre\\u00f1o ha informado recientemente que \\\"Teniendo en cuenta la situaci\\u00f3n actual, valoramos suspender el evento o dimensionarlo \\u00fanicamente con empresas fabricantes asturianas. Hemos tenido que adaptar y reducir un evento que congregaba a multitud de personas en el muelle local habr\\u00eda siendo imprescindible la coordinaci\\u00f3n de unos protocolos para que la organizaci\\u00f3n\",\"inLanguage\":\"es-ES\",\"isPartOf\":{\"@id\":\"https:\\\/\\\/candas365.es\\\/noticias\\\/#website\"},\"breadcrumb\":{\"@id\":\"https:\\\/\\\/candas365.es\\\/noticias\\\/feria-de-la-conserva-2020-en-candas\\\/#breadcrumblist\"},\"author\":{\"@id\":\"https:\\\/\\\/candas365.es\\\/noticias\\\/author\\\/admin\\\/#author\"},\"creator\":{\"@id\":\"https:\\\/\\\/candas365.es\\\/noticias\\\/author\\\/admin\\\/#author\"},\"image\":{\"@type\":\"ImageObject\",\"url\":\"https:\\\/\\\/candas365.es\\\/noticias\\\/wp-content\\\/uploads\\\/2018\\\/04\\\/candas.jpg\",\"@id\":\"https:\\\/\\\/candas365.es\\\/noticias\\\/feria-de-la-conserva-2020-en-candas\\\/#mainImage\",\"width\":892,\"height\":552,\"caption\":\"Cand\\u00e1s\"},\"primaryImageOfPage\":{\"@id\":\"https:\\\/\\\/candas365.es\\\/noticias\\\/feria-de-la-conserva-2020-en-candas\\\/#mainImage\"},\"datePublished\":\"2020-06-29T01:18:24+02:00\",\"dateModified\":\"2020-06-29T01:18:24+02:00\"},{\"@type\":\"WebSite\",\"@id\":\"https:\\\/\\\/candas365.es\\\/noticias\\\/#website\",\"url\":\"https:\\\/\\\/candas365.es\\\/noticias\\\/\",\"name\":\"Cand\\u00e1s 365\",\"alternateName\":\"Cand\\u00e1s 365 Noticias\",\"description\":\"Actualidad desde Carre\\u00f1o para el mundo\",\"inLanguage\":\"es-ES\",\"publisher\":{\"@id\":\"https:\\\/\\\/candas365.es\\\/noticias\\\/#organization\"}}]}\n\t\t<\/script>\n\t\t<!-- All in One SEO Pro -->\r\n\t\t<title>Feria de la Conserva 2020 en Cand\u00e1s | Cand\u00e1s 365<\/title>\n\n","aioseo_head_json":{"title":"Feria de la Conserva 2020 en Cand\u00e1s | Cand\u00e1s 365","description":"El Ayuntamiento de Carre\u00f1o ha informado recientemente que \"Teniendo en cuenta la situaci\u00f3n actual, valoramos suspender el evento o dimensionarlo \u00fanicamente con empresas fabricantes asturianas. Hemos tenido que adaptar y reducir un evento que congregaba a multitud de personas en el muelle local habr\u00eda siendo imprescindible la coordinaci\u00f3n de unos protocolos para que la organizaci\u00f3n","canonical_url":"https:\/\/candas365.es\/noticias\/feria-de-la-conserva-2020-en-candas\/","robots":"max-image-preview:large","keywords":"noticias carre\u00f1o","webmasterTools":{"google-site-verification":"UA-32230408-1","msvalidate.01":"354F3CDFB2DA171B47FBE9ABF1F88D5","miscellaneous":""},"schema":{"@context":"https:\/\/schema.org","@graph":[{"@type":"BreadcrumbList","@id":"https:\/\/candas365.es\/noticias\/feria-de-la-conserva-2020-en-candas\/#breadcrumblist","itemListElement":[{"@type":"ListItem","@id":"https:\/\/candas365.es\/noticias#listItem","position":1,"name":"Home","item":"https:\/\/candas365.es\/noticias","nextItem":{"@type":"ListItem","@id":"https:\/\/candas365.es\/noticias\/category\/noticias-carreno\/#listItem","name":"Noticias Carre\u00f1o"}},{"@type":"ListItem","@id":"https:\/\/candas365.es\/noticias\/category\/noticias-carreno\/#listItem","position":2,"name":"Noticias Carre\u00f1o","item":"https:\/\/candas365.es\/noticias\/category\/noticias-carreno\/","nextItem":{"@type":"ListItem","@id":"https:\/\/candas365.es\/noticias\/feria-de-la-conserva-2020-en-candas\/#listItem","name":"Feria de la Conserva 2020 en Cand\u00e1s"},"previousItem":{"@type":"ListItem","@id":"https:\/\/candas365.es\/noticias#listItem","name":"Home"}},{"@type":"ListItem","@id":"https:\/\/candas365.es\/noticias\/feria-de-la-conserva-2020-en-candas\/#listItem","position":3,"name":"Feria de la Conserva 2020 en Cand\u00e1s","previousItem":{"@type":"ListItem","@id":"https:\/\/candas365.es\/noticias\/category\/noticias-carreno\/#listItem","name":"Noticias Carre\u00f1o"}}]},{"@type":"NewsArticle","@id":"https:\/\/candas365.es\/noticias\/feria-de-la-conserva-2020-en-candas\/#newsarticle","name":"Feria de la Conserva 2020 en Cand\u00e1s | Cand\u00e1s 365","headline":"Feria de la Conserva 2020 en Cand\u00e1s","author":{"@id":"https:\/\/candas365.es\/noticias\/author\/admin\/#author"},"publisher":{"@id":"https:\/\/candas365.es\/noticias\/#organization"},"image":{"@type":"ImageObject","url":"https:\/\/candas365.es\/noticias\/wp-content\/uploads\/2018\/04\/candas.jpg","width":892,"height":552,"caption":"Cand\u00e1s"},"datePublished":"2020-06-29T01:18:24+02:00","dateModified":"2020-06-29T01:18:24+02:00","inLanguage":"es-ES","mainEntityOfPage":{"@id":"https:\/\/candas365.es\/noticias\/feria-de-la-conserva-2020-en-candas\/#webpage"},"isPartOf":{"@id":"https:\/\/candas365.es\/noticias\/feria-de-la-conserva-2020-en-candas\/#webpage"},"articleSection":"Noticias Carre\u00f1o","dateline":"Publicado el junio 29, 2020."},{"@type":"Organization","@id":"https:\/\/candas365.es\/noticias\/#organization","name":"Cand\u00e1s 365","description":"Cand\u00e1s 365 es un diario digital independiente, fundado en 2012, con base en Asturias. Informamos con rigor sobre actualidad, sociedad, cultura y ocio, con una mirada local y global.","url":"https:\/\/candas365.es\/noticias\/","email":"info@candas365.es","telephone":"+34652131393","foundingDate":"2012-06-10","logo":{"@type":"ImageObject","url":"https:\/\/candas365.es\/noticias\/wp-content\/uploads\/2024\/09\/Candas-365-Redes.jpg","@id":"https:\/\/candas365.es\/noticias\/feria-de-la-conserva-2020-en-candas\/#organizationLogo","width":1152,"height":864,"caption":"Cand\u00e1s 365 Redes"},"image":{"@id":"https:\/\/candas365.es\/noticias\/feria-de-la-conserva-2020-en-candas\/#organizationLogo"},"sameAs":["https:\/\/www.facebook.com\/Nachofdezber","https:\/\/x.com\/NabercoDigital","https:\/\/www.instagram.com\/nachofdezber\/","https:\/\/www.youtube.com\/channel\/UCZP-2wLEB9Rv6erhFmqVnvg"],"address":{"@id":"https:\/\/candas365.es\/noticias\/#postaladdress","@type":"PostalAddress","streetAddress":"san antonio 4, san antonio 4","postalCode":"33430","addressLocality":"Cand\u00e1s","addressRegion":"Asturias","addressCountry":"ES"}},{"@type":"Person","@id":"https:\/\/candas365.es\/noticias\/author\/admin\/#author","url":"https:\/\/candas365.es\/noticias\/author\/admin\/","name":"Cand\u00e1s 365","image":{"@type":"ImageObject","@id":"https:\/\/candas365.es\/noticias\/feria-de-la-conserva-2020-en-candas\/#authorImage","url":"https:\/\/secure.gravatar.com\/avatar\/496a8e03d0c493ede1718b7934145dbdf8d89be1036b0eec9544e1094c9de390?s=96&d=mm&r=g","width":96,"height":96,"caption":"Cand\u00e1s 365"},"sameAs":["https:\/\/www.facebook.com\/carrenoactualidad","https:\/\/twitter.com\/nbasturias","https:\/\/www.instagram.com\/nachofdezber\/","https:\/\/www.youtube.com\/channel\/UCZP-2wLEB9Rv6erhFmqVnvg"]},{"@type":"WebPage","@id":"https:\/\/candas365.es\/noticias\/feria-de-la-conserva-2020-en-candas\/#webpage","url":"https:\/\/candas365.es\/noticias\/feria-de-la-conserva-2020-en-candas\/","name":"Feria de la Conserva 2020 en Cand\u00e1s | Cand\u00e1s 365","description":"El Ayuntamiento de Carre\u00f1o ha informado recientemente que \"Teniendo en cuenta la situaci\u00f3n actual, valoramos suspender el evento o dimensionarlo \u00fanicamente con empresas fabricantes asturianas. Hemos tenido que adaptar y reducir un evento que congregaba a multitud de personas en el muelle local habr\u00eda siendo imprescindible la coordinaci\u00f3n de unos protocolos para que la organizaci\u00f3n","inLanguage":"es-ES","isPartOf":{"@id":"https:\/\/candas365.es\/noticias\/#website"},"breadcrumb":{"@id":"https:\/\/candas365.es\/noticias\/feria-de-la-conserva-2020-en-candas\/#breadcrumblist"},"author":{"@id":"https:\/\/candas365.es\/noticias\/author\/admin\/#author"},"creator":{"@id":"https:\/\/candas365.es\/noticias\/author\/admin\/#author"},"image":{"@type":"ImageObject","url":"https:\/\/candas365.es\/noticias\/wp-content\/uploads\/2018\/04\/candas.jpg","@id":"https:\/\/candas365.es\/noticias\/feria-de-la-conserva-2020-en-candas\/#mainImage","width":892,"height":552,"caption":"Cand\u00e1s"},"primaryImageOfPage":{"@id":"https:\/\/candas365.es\/noticias\/feria-de-la-conserva-2020-en-candas\/#mainImage"},"datePublished":"2020-06-29T01:18:24+02:00","dateModified":"2020-06-29T01:18:24+02:00"},{"@type":"WebSite","@id":"https:\/\/candas365.es\/noticias\/#website","url":"https:\/\/candas365.es\/noticias\/","name":"Cand\u00e1s 365","alternateName":"Cand\u00e1s 365 Noticias","description":"Actualidad desde Carre\u00f1o para el mundo","inLanguage":"es-ES","publisher":{"@id":"https:\/\/candas365.es\/noticias\/#organization"}}]},"og:locale":"es_ES","og:site_name":"Cand\u00e1s 365","og:type":"article","og:title":"Feria de la Conserva 2020 en Cand\u00e1s | Cand\u00e1s 365","og:description":"El Ayuntamiento de Carre\u00f1o ha informado recientemente que &quot;Teniendo en cuenta la situaci\u00f3n actual, valoramos suspender el evento o dimensionarlo \u00fanicamente con empresas fabricantes asturianas. Hemos tenido que adaptar y reducir un evento que congregaba a multitud de personas en el muelle local habr\u00eda siendo imprescindible la coordinaci\u00f3n de unos protocolos para que la organizaci\u00f3n","og:url":"https:\/\/candas365.es\/noticias\/feria-de-la-conserva-2020-en-candas\/","og:image":"https:\/\/candas365.es\/noticias\/wp-content\/uploads\/2018\/04\/candas.jpg","og:image:secure_url":"https:\/\/candas365.es\/noticias\/wp-content\/uploads\/2018\/04\/candas.jpg","og:image:width":892,"og:image:height":552,"article:published_time":"2020-06-29T01:18:24+00:00","article:modified_time":"2020-06-29T01:18:24+00:00","article:publisher":"https:\/\/www.facebook.com\/Nachofdezber","article:author":"https:\/\/www.facebook.com\/carrenoactualidad","twitter:card":"summary_large_image","twitter:site":"@NabercoDigital","twitter:title":"Feria de la Conserva 2020 en Cand\u00e1s | Cand\u00e1s 365","twitter:description":"El Ayuntamiento de Carre\u00f1o ha informado recientemente que &quot;Teniendo en cuenta la situaci\u00f3n actual, valoramos suspender el evento o dimensionarlo \u00fanicamente con empresas fabricantes asturianas. Hemos tenido que adaptar y reducir un evento que congregaba a multitud de personas en el muelle local habr\u00eda siendo imprescindible la coordinaci\u00f3n de unos protocolos para que la organizaci\u00f3n","twitter:creator":"@nbasturias","twitter:image":"https:\/\/candas365.es\/noticias\/wp-content\/uploads\/2018\/04\/candas.jpg","twitter:label1":"Escrito por","twitter:data1":"Cand\u00e1s 365","twitter:label2":"Tiempo de lectura estimado","twitter:data2":"2 minutos"},"aioseo_meta_data":{"post_id":"144199","title":null,"description":null,"keywords":null,"keyphrases":null,"primary_term":null,"canonical_url":null,"og_title":null,"og_description":null,"og_object_type":"default","og_image_type":"default","og_image_url":null,"og_image_width":null,"og_image_height":null,"og_image_custom_url":null,"og_image_custom_fields":null,"og_video":null,"og_custom_url":null,"og_article_section":null,"og_article_tags":null,"twitter_use_og":false,"twitter_card":"default","twitter_image_type":"default","twitter_image_url":null,"twitter_image_custom_url":null,"twitter_image_custom_fields":null,"twitter_title":null,"twitter_description":null,"schema":{"blockGraphs":[],"customGraphs":[],"default":{"data":{"Article":[],"Course":[],"Dataset":[],"FAQPage":[],"Movie":[],"Person":[],"Product":[],"ProductReview":[],"Car":[],"Recipe":[],"Service":[],"SoftwareApplication":[],"WebPage":[]},"graphName":"","isEnabled":true},"graphs":[],"defaultGraph":"","defaultPostTypeGraph":""},"schema_type":null,"schema_type_options":null,"pillar_content":false,"robots_default":true,"robots_noindex":false,"robots_noarchive":false,"robots_nosnippet":false,"robots_nofollow":false,"robots_noimageindex":false,"robots_noodp":false,"robots_notranslate":false,"robots_max_snippet":null,"robots_max_videopreview":null,"robots_max_imagepreview":"large","priority":null,"frequency":null,"location":null,"local_seo":null,"seo_analyzer_scan_date":"2025-08-31 07:42:43","breadcrumb_settings":null,"limit_modified_date":false,"reviewed_by":null,"open_ai":null,"ai":null,"created":"2020-12-21 10:41:08","updated":"2025-08-31 07:42:43"},"aioseo_breadcrumb":"<div class=\"aioseo-breadcrumbs\"><span class=\"aioseo-breadcrumb\">\n\t<a href=\"https:\/\/candas365.es\/noticias\" title=\"Home\">Home<\/a>\n<\/span><span class=\"aioseo-breadcrumb-separator\">&ndash;<\/span><span class=\"aioseo-breadcrumb\">\n\t<a href=\"https:\/\/candas365.es\/noticias\/category\/noticias-carreno\/\" title=\"Noticias Carre\u00f1o\">Noticias Carre\u00f1o<\/a>\n<\/span><span class=\"aioseo-breadcrumb-separator\">&ndash;<\/span><span class=\"aioseo-breadcrumb\">\n\tFeria de la Conserva 2020 en Cand\u00e1s\n<\/span><\/div>","aioseo_breadcrumb_json":[{"label":"Home","link":"https:\/\/candas365.es\/noticias"},{"label":"Noticias Carre\u00f1o","link":"https:\/\/candas365.es\/noticias\/category\/noticias-carreno\/"},{"label":"Feria de la Conserva 2020 en Cand\u00e1s","link":"https:\/\/candas365.es\/noticias\/feria-de-la-conserva-2020-en-candas\/"}],"_links":{"self":[{"href":"https:\/\/candas365.es\/noticias\/wp-json\/wp\/v2\/posts\/144199","targetHints":{"allow":["GET"]}}],"collection":[{"href":"https:\/\/candas365.es\/noticias\/wp-json\/wp\/v2\/posts"}],"about":[{"href":"https:\/\/candas365.es\/noticias\/wp-json\/wp\/v2\/types\/post"}],"author":[{"embeddable":true,"href":"https:\/\/candas365.es\/noticias\/wp-json\/wp\/v2\/users\/1"}],"replies":[{"embeddable":true,"href":"https:\/\/candas365.es\/noticias\/wp-json\/wp\/v2\/comments?post=144199"}],"version-history":[{"count":0,"href":"https:\/\/candas365.es\/noticias\/wp-json\/wp\/v2\/posts\/144199\/revisions"}],"wp:featuredmedia":[{"embeddable":true,"href":"https:\/\/candas365.es\/noticias\/wp-json\/wp\/v2\/media\/94663"}],"wp:attachment":[{"href":"https:\/\/candas365.es\/noticias\/wp-json\/wp\/v2\/media?parent=144199"}],"wp:term":[{"taxonomy":"category","embeddable":true,"href":"https:\/\/candas365.es\/noticias\/wp-json\/wp\/v2\/categories?post=144199"},{"taxonomy":"post_tag","embeddable":true,"href":"https:\/\/candas365.es\/noticias\/wp-json\/wp\/v2\/tags?post=144199"}],"curies":[{"name":"wp","href":"https:\/\/api.w.org\/{rel}","templated":true}]}}