{"id":144194,"date":"2020-06-29T00:29:29","date_gmt":"2020-06-29T00:29:29","guid":{"rendered":"http:\/\/candas365.es\/noticias\/?p=144194"},"modified":"2020-06-29T00:29:29","modified_gmt":"2020-06-29T00:29:29","slug":"el-festival-banda-gaites-villa-de-candas-sera-en-septiembre-de-2020","status":"publish","type":"post","link":"https:\/\/candas365.es\/noticias\/el-festival-banda-gaites-villa-de-candas-sera-en-septiembre-de-2020\/","title":{"rendered":"El Festival Banda Gaites \u201cVilla de Cand\u00e1s\u201d ser\u00e1 en Septiembre de 2020"},"content":{"rendered":"<p><img fetchpriority=\"high\" decoding=\"async\" class=\"alignleft size-medium wp-image-144195\" src=\"https:\/\/candas365.es\/noticias\/wp-content\/uploads\/2020\/06\/Gaites-Candas-360x199.jpg\" alt=\"\" width=\"360\" height=\"199\" srcset=\"https:\/\/candas365.es\/noticias\/wp-content\/uploads\/2020\/06\/Gaites-Candas-360x199.jpg 360w, https:\/\/candas365.es\/noticias\/wp-content\/uploads\/2020\/06\/Gaites-Candas.jpg 520w\" sizes=\"(max-width: 360px) 100vw, 360px\" \/>La asociaci\u00f3n cultural <strong>Banda Gaites Cand\u00e1s<\/strong> ha decidido trasladar el festival de inter\u00e9s tur\u00edstico regional al <strong>12 de Septiembre<\/strong>, coincidiendo el mismo con la <strong>festividad del Sant\u00edsimo Cristo de Cand\u00e1s<\/strong> en la Villa Marinera. La situaci\u00f3n sanitaria hace imposible organizar el festival tal y como se ven\u00eda haciendo estos \u00faltimos a\u00f1os, el cual contaba con la participaci\u00f3n de bandas de gaitas tanto del territorio espa\u00f1ol como de fuera del mismo, participando en los \u00faltimos a\u00f1os bandas Portuguesas y Francesas.<\/p>\n<p>Adem\u00e1s, se organizaban peque\u00f1os conciertos en la Plaza de la Baraga\u00f1a y un Mercao Artesanal en la Plaza Hermanos Helio Hermanos. La actividad, que se desarrollaba a lo largo de cuatro d\u00edas en pleno mes de Julio congregaba cada a\u00f1o a m\u00e1s de 8.000 personas.<\/p>\n<p><strong>Este a\u00f1o<\/strong>, debido a la pandemia, <strong>se ha optado por un evento menos multitudinario<\/strong>, que se desarrollar\u00e1 s\u00f3lo un d\u00eda, el S\u00e1bado 12 de septiembre y contar\u00e1 \u00fanicamente con la participaci\u00f3n de bandas de gaitas de Asturias. Se mantiene es la ubicaci\u00f3n, el festival en el popular Parque \u201cLes Conserveres\u201d a las 23 horas y en caso de lluvia, se trasladar\u00eda al Teatro Prendes de Cand\u00e1s.<\/p>\n","protected":false},"excerpt":{"rendered":"<p>La asociaci\u00f3n cultural Banda Gaites Cand\u00e1s ha decidido trasladar el festival de inter\u00e9s tur\u00edstico regional al 12 de Septiembre, coincidiendo el mismo con la festividad del Sant\u00edsimo Cristo de Cand\u00e1s en la Villa Marinera. La situaci\u00f3n sanitaria hace imposible organizar el festival tal y como se ven\u00eda haciendo estos \u00faltimos a\u00f1os, el cual contaba con<\/p>\n","protected":false},"author":1,"featured_media":144195,"comment_status":"closed","ping_status":"closed","sticky":false,"template":"","format":"standard","meta":{"footnotes":""},"categories":[2],"tags":[],"class_list":{"0":"post-144194","1":"post","2":"type-post","3":"status-publish","4":"format-standard","5":"has-post-thumbnail","7":"category-noticias-carreno"},"aioseo_notices":[],"aioseo_head":"\n\t\t<!-- All in One SEO Pro 4.9.6.2 - aioseo.com -->\n\t<meta name=\"description\" content=\"La asociaci\u00f3n cultural Banda Gaites Cand\u00e1s ha decidido trasladar el festival de inter\u00e9s tur\u00edstico regional al 12 de Septiembre, coincidiendo el mismo con la festividad del Sant\u00edsimo Cristo de Cand\u00e1s en la Villa Marinera. La situaci\u00f3n sanitaria hace imposible organizar el festival tal y como se ven\u00eda haciendo estos \u00faltimos a\u00f1os, el cual contaba con\" \/>\n\t<meta name=\"robots\" content=\"max-image-preview:large\" \/>\n\t<meta name=\"author\" content=\"Cand\u00e1s 365\"\/>\n\t<meta name=\"google-site-verification\" content=\"UA-32230408-1\" \/>\n\t<meta name=\"msvalidate.01\" content=\"354F3CDFB2DA171B47FBE9ABF1F88D5\" \/>\n\t<meta name=\"keywords\" content=\"noticias carre\u00f1o\" \/>\n\t<link rel=\"canonical\" href=\"https:\/\/candas365.es\/noticias\/el-festival-banda-gaites-villa-de-candas-sera-en-septiembre-de-2020\/\" \/>\n\t<meta name=\"generator\" content=\"All in One SEO Pro (AIOSEO) 4.9.6.2\" \/>\n\t\t<meta property=\"og:locale\" content=\"es_ES\" \/>\n\t\t<meta property=\"og:site_name\" content=\"Cand\u00e1s 365\" \/>\n\t\t<meta property=\"og:type\" content=\"article\" \/>\n\t\t<meta property=\"og:title\" content=\"El Festival Banda Gaites \u201cVilla de Cand\u00e1s\u201d ser\u00e1 en Septiembre de 2020 | Cand\u00e1s 365\" \/>\n\t\t<meta property=\"og:description\" content=\"La asociaci\u00f3n cultural Banda Gaites Cand\u00e1s ha decidido trasladar el festival de inter\u00e9s tur\u00edstico regional al 12 de Septiembre, coincidiendo el mismo con la festividad del Sant\u00edsimo Cristo de Cand\u00e1s en la Villa Marinera. La situaci\u00f3n sanitaria hace imposible organizar el festival tal y como se ven\u00eda haciendo estos \u00faltimos a\u00f1os, el cual contaba con\" \/>\n\t\t<meta property=\"og:url\" content=\"https:\/\/candas365.es\/noticias\/el-festival-banda-gaites-villa-de-candas-sera-en-septiembre-de-2020\/\" \/>\n\t\t<meta property=\"og:image\" content=\"https:\/\/candas365.es\/noticias\/wp-content\/uploads\/2020\/06\/Gaites-Candas.jpg\" \/>\n\t\t<meta property=\"og:image:secure_url\" content=\"https:\/\/candas365.es\/noticias\/wp-content\/uploads\/2020\/06\/Gaites-Candas.jpg\" \/>\n\t\t<meta property=\"og:image:width\" content=\"520\" \/>\n\t\t<meta property=\"og:image:height\" content=\"287\" \/>\n\t\t<meta property=\"article:published_time\" content=\"2020-06-29T00:29:29+00:00\" \/>\n\t\t<meta property=\"article:modified_time\" content=\"2020-06-29T00:29:29+00:00\" \/>\n\t\t<meta property=\"article:publisher\" content=\"https:\/\/www.facebook.com\/Nachofdezber\" \/>\n\t\t<meta property=\"article:author\" content=\"https:\/\/www.facebook.com\/carrenoactualidad\" \/>\n\t\t<meta name=\"twitter:card\" content=\"summary_large_image\" \/>\n\t\t<meta name=\"twitter:site\" content=\"@NabercoDigital\" \/>\n\t\t<meta name=\"twitter:title\" content=\"El Festival Banda Gaites \u201cVilla de Cand\u00e1s\u201d ser\u00e1 en Septiembre de 2020 | Cand\u00e1s 365\" \/>\n\t\t<meta name=\"twitter:description\" content=\"La asociaci\u00f3n cultural Banda Gaites Cand\u00e1s ha decidido trasladar el festival de inter\u00e9s tur\u00edstico regional al 12 de Septiembre, coincidiendo el mismo con la festividad del Sant\u00edsimo Cristo de Cand\u00e1s en la Villa Marinera. La situaci\u00f3n sanitaria hace imposible organizar el festival tal y como se ven\u00eda haciendo estos \u00faltimos a\u00f1os, el cual contaba con\" \/>\n\t\t<meta name=\"twitter:creator\" content=\"@nbasturias\" \/>\n\t\t<meta name=\"twitter:image\" content=\"https:\/\/candas365.es\/noticias\/wp-content\/uploads\/2020\/06\/Gaites-Candas.jpg\" \/>\n\t\t<meta name=\"twitter:label1\" content=\"Escrito por\" \/>\n\t\t<meta name=\"twitter:data1\" content=\"Cand\u00e1s 365\" \/>\n\t\t<meta name=\"twitter:label2\" content=\"Tiempo de lectura estimado\" \/>\n\t\t<meta name=\"twitter:data2\" content=\"1 minuto\" \/>\n\t\t<script type=\"application\/ld+json\" class=\"aioseo-schema\">\n\t\t\t{\"@context\":\"https:\\\/\\\/schema.org\",\"@graph\":[{\"@type\":\"BreadcrumbList\",\"@id\":\"https:\\\/\\\/candas365.es\\\/noticias\\\/el-festival-banda-gaites-villa-de-candas-sera-en-septiembre-de-2020\\\/#breadcrumblist\",\"itemListElement\":[{\"@type\":\"ListItem\",\"@id\":\"https:\\\/\\\/candas365.es\\\/noticias#listItem\",\"position\":1,\"name\":\"Home\",\"item\":\"https:\\\/\\\/candas365.es\\\/noticias\",\"nextItem\":{\"@type\":\"ListItem\",\"@id\":\"https:\\\/\\\/candas365.es\\\/noticias\\\/category\\\/noticias-carreno\\\/#listItem\",\"name\":\"Noticias Carre\\u00f1o\"}},{\"@type\":\"ListItem\",\"@id\":\"https:\\\/\\\/candas365.es\\\/noticias\\\/category\\\/noticias-carreno\\\/#listItem\",\"position\":2,\"name\":\"Noticias Carre\\u00f1o\",\"item\":\"https:\\\/\\\/candas365.es\\\/noticias\\\/category\\\/noticias-carreno\\\/\",\"nextItem\":{\"@type\":\"ListItem\",\"@id\":\"https:\\\/\\\/candas365.es\\\/noticias\\\/el-festival-banda-gaites-villa-de-candas-sera-en-septiembre-de-2020\\\/#listItem\",\"name\":\"El Festival Banda Gaites \\u201cVilla de Cand\\u00e1s\\u201d ser\\u00e1 en Septiembre de 2020\"},\"previousItem\":{\"@type\":\"ListItem\",\"@id\":\"https:\\\/\\\/candas365.es\\\/noticias#listItem\",\"name\":\"Home\"}},{\"@type\":\"ListItem\",\"@id\":\"https:\\\/\\\/candas365.es\\\/noticias\\\/el-festival-banda-gaites-villa-de-candas-sera-en-septiembre-de-2020\\\/#listItem\",\"position\":3,\"name\":\"El Festival Banda Gaites \\u201cVilla de Cand\\u00e1s\\u201d ser\\u00e1 en Septiembre de 2020\",\"previousItem\":{\"@type\":\"ListItem\",\"@id\":\"https:\\\/\\\/candas365.es\\\/noticias\\\/category\\\/noticias-carreno\\\/#listItem\",\"name\":\"Noticias Carre\\u00f1o\"}}]},{\"@type\":\"NewsArticle\",\"@id\":\"https:\\\/\\\/candas365.es\\\/noticias\\\/el-festival-banda-gaites-villa-de-candas-sera-en-septiembre-de-2020\\\/#newsarticle\",\"name\":\"El Festival Banda Gaites \\u201cVilla de Cand\\u00e1s\\u201d ser\\u00e1 en Septiembre de 2020 | Cand\\u00e1s 365\",\"headline\":\"El Festival Banda Gaites \\u201cVilla de Cand\\u00e1s\\u201d ser\\u00e1 en Septiembre de 2020\",\"author\":{\"@id\":\"https:\\\/\\\/candas365.es\\\/noticias\\\/author\\\/admin\\\/#author\"},\"publisher\":{\"@id\":\"https:\\\/\\\/candas365.es\\\/noticias\\\/#organization\"},\"image\":{\"@type\":\"ImageObject\",\"url\":\"https:\\\/\\\/candas365.es\\\/noticias\\\/wp-content\\\/uploads\\\/2020\\\/06\\\/Gaites-Candas.jpg\",\"width\":520,\"height\":287},\"datePublished\":\"2020-06-29T00:29:29+02:00\",\"dateModified\":\"2020-06-29T00:29:29+02:00\",\"inLanguage\":\"es-ES\",\"mainEntityOfPage\":{\"@id\":\"https:\\\/\\\/candas365.es\\\/noticias\\\/el-festival-banda-gaites-villa-de-candas-sera-en-septiembre-de-2020\\\/#webpage\"},\"isPartOf\":{\"@id\":\"https:\\\/\\\/candas365.es\\\/noticias\\\/el-festival-banda-gaites-villa-de-candas-sera-en-septiembre-de-2020\\\/#webpage\"},\"articleSection\":\"Noticias Carre\\u00f1o\",\"dateline\":\"Publicado el junio 29, 2020.\"},{\"@type\":\"Organization\",\"@id\":\"https:\\\/\\\/candas365.es\\\/noticias\\\/#organization\",\"name\":\"Cand\\u00e1s 365\",\"description\":\"Cand\\u00e1s 365 es un diario digital independiente, fundado en 2012, con base en Asturias. Informamos con rigor sobre actualidad, sociedad, cultura y ocio, con una mirada local y global.\",\"url\":\"https:\\\/\\\/candas365.es\\\/noticias\\\/\",\"email\":\"info@candas365.es\",\"telephone\":\"+34652131393\",\"foundingDate\":\"2012-06-10\",\"logo\":{\"@type\":\"ImageObject\",\"url\":\"https:\\\/\\\/candas365.es\\\/noticias\\\/wp-content\\\/uploads\\\/2024\\\/09\\\/Candas-365-Redes.jpg\",\"@id\":\"https:\\\/\\\/candas365.es\\\/noticias\\\/el-festival-banda-gaites-villa-de-candas-sera-en-septiembre-de-2020\\\/#organizationLogo\",\"width\":1152,\"height\":864,\"caption\":\"Cand\\u00e1s 365 Redes\"},\"image\":{\"@id\":\"https:\\\/\\\/candas365.es\\\/noticias\\\/el-festival-banda-gaites-villa-de-candas-sera-en-septiembre-de-2020\\\/#organizationLogo\"},\"sameAs\":[\"https:\\\/\\\/www.facebook.com\\\/Nachofdezber\",\"https:\\\/\\\/x.com\\\/NabercoDigital\",\"https:\\\/\\\/www.instagram.com\\\/nachofdezber\\\/\",\"https:\\\/\\\/www.youtube.com\\\/channel\\\/UCZP-2wLEB9Rv6erhFmqVnvg\"],\"address\":{\"@id\":\"https:\\\/\\\/candas365.es\\\/noticias\\\/#postaladdress\",\"@type\":\"PostalAddress\",\"streetAddress\":\"san antonio 4, san antonio 4\",\"postalCode\":\"33430\",\"addressLocality\":\"Cand\\u00e1s\",\"addressRegion\":\"Asturias\",\"addressCountry\":\"ES\"}},{\"@type\":\"Person\",\"@id\":\"https:\\\/\\\/candas365.es\\\/noticias\\\/author\\\/admin\\\/#author\",\"url\":\"https:\\\/\\\/candas365.es\\\/noticias\\\/author\\\/admin\\\/\",\"name\":\"Cand\\u00e1s 365\",\"image\":{\"@type\":\"ImageObject\",\"@id\":\"https:\\\/\\\/candas365.es\\\/noticias\\\/el-festival-banda-gaites-villa-de-candas-sera-en-septiembre-de-2020\\\/#authorImage\",\"url\":\"https:\\\/\\\/secure.gravatar.com\\\/avatar\\\/496a8e03d0c493ede1718b7934145dbdf8d89be1036b0eec9544e1094c9de390?s=96&d=mm&r=g\",\"width\":96,\"height\":96,\"caption\":\"Cand\\u00e1s 365\"},\"sameAs\":[\"https:\\\/\\\/www.facebook.com\\\/carrenoactualidad\",\"https:\\\/\\\/twitter.com\\\/nbasturias\",\"https:\\\/\\\/www.instagram.com\\\/nachofdezber\\\/\",\"https:\\\/\\\/www.youtube.com\\\/channel\\\/UCZP-2wLEB9Rv6erhFmqVnvg\"]},{\"@type\":\"WebPage\",\"@id\":\"https:\\\/\\\/candas365.es\\\/noticias\\\/el-festival-banda-gaites-villa-de-candas-sera-en-septiembre-de-2020\\\/#webpage\",\"url\":\"https:\\\/\\\/candas365.es\\\/noticias\\\/el-festival-banda-gaites-villa-de-candas-sera-en-septiembre-de-2020\\\/\",\"name\":\"El Festival Banda Gaites \\u201cVilla de Cand\\u00e1s\\u201d ser\\u00e1 en Septiembre de 2020 | Cand\\u00e1s 365\",\"description\":\"La asociaci\\u00f3n cultural Banda Gaites Cand\\u00e1s ha decidido trasladar el festival de inter\\u00e9s tur\\u00edstico regional al 12 de Septiembre, coincidiendo el mismo con la festividad del Sant\\u00edsimo Cristo de Cand\\u00e1s en la Villa Marinera. La situaci\\u00f3n sanitaria hace imposible organizar el festival tal y como se ven\\u00eda haciendo estos \\u00faltimos a\\u00f1os, el cual contaba con\",\"inLanguage\":\"es-ES\",\"isPartOf\":{\"@id\":\"https:\\\/\\\/candas365.es\\\/noticias\\\/#website\"},\"breadcrumb\":{\"@id\":\"https:\\\/\\\/candas365.es\\\/noticias\\\/el-festival-banda-gaites-villa-de-candas-sera-en-septiembre-de-2020\\\/#breadcrumblist\"},\"author\":{\"@id\":\"https:\\\/\\\/candas365.es\\\/noticias\\\/author\\\/admin\\\/#author\"},\"creator\":{\"@id\":\"https:\\\/\\\/candas365.es\\\/noticias\\\/author\\\/admin\\\/#author\"},\"image\":{\"@type\":\"ImageObject\",\"url\":\"https:\\\/\\\/candas365.es\\\/noticias\\\/wp-content\\\/uploads\\\/2020\\\/06\\\/Gaites-Candas.jpg\",\"@id\":\"https:\\\/\\\/candas365.es\\\/noticias\\\/el-festival-banda-gaites-villa-de-candas-sera-en-septiembre-de-2020\\\/#mainImage\",\"width\":520,\"height\":287},\"primaryImageOfPage\":{\"@id\":\"https:\\\/\\\/candas365.es\\\/noticias\\\/el-festival-banda-gaites-villa-de-candas-sera-en-septiembre-de-2020\\\/#mainImage\"},\"datePublished\":\"2020-06-29T00:29:29+02:00\",\"dateModified\":\"2020-06-29T00:29:29+02:00\"},{\"@type\":\"WebSite\",\"@id\":\"https:\\\/\\\/candas365.es\\\/noticias\\\/#website\",\"url\":\"https:\\\/\\\/candas365.es\\\/noticias\\\/\",\"name\":\"Cand\\u00e1s 365\",\"alternateName\":\"Cand\\u00e1s 365 Noticias\",\"description\":\"Actualidad desde Carre\\u00f1o para el mundo\",\"inLanguage\":\"es-ES\",\"publisher\":{\"@id\":\"https:\\\/\\\/candas365.es\\\/noticias\\\/#organization\"}}]}\n\t\t<\/script>\n\t\t<!-- All in One SEO Pro -->\r\n\t\t<title>El Festival Banda Gaites \u201cVilla de Cand\u00e1s\u201d ser\u00e1 en Septiembre de 2020 | Cand\u00e1s 365<\/title>\n\n","aioseo_head_json":{"title":"El Festival Banda Gaites \u201cVilla de Cand\u00e1s\u201d ser\u00e1 en Septiembre de 2020 | Cand\u00e1s 365","description":"La asociaci\u00f3n cultural Banda Gaites Cand\u00e1s ha decidido trasladar el festival de inter\u00e9s tur\u00edstico regional al 12 de Septiembre, coincidiendo el mismo con la festividad del Sant\u00edsimo Cristo de Cand\u00e1s en la Villa Marinera. La situaci\u00f3n sanitaria hace imposible organizar el festival tal y como se ven\u00eda haciendo estos \u00faltimos a\u00f1os, el cual contaba con","canonical_url":"https:\/\/candas365.es\/noticias\/el-festival-banda-gaites-villa-de-candas-sera-en-septiembre-de-2020\/","robots":"max-image-preview:large","keywords":"noticias carre\u00f1o","webmasterTools":{"google-site-verification":"UA-32230408-1","msvalidate.01":"354F3CDFB2DA171B47FBE9ABF1F88D5","miscellaneous":""},"schema":{"@context":"https:\/\/schema.org","@graph":[{"@type":"BreadcrumbList","@id":"https:\/\/candas365.es\/noticias\/el-festival-banda-gaites-villa-de-candas-sera-en-septiembre-de-2020\/#breadcrumblist","itemListElement":[{"@type":"ListItem","@id":"https:\/\/candas365.es\/noticias#listItem","position":1,"name":"Home","item":"https:\/\/candas365.es\/noticias","nextItem":{"@type":"ListItem","@id":"https:\/\/candas365.es\/noticias\/category\/noticias-carreno\/#listItem","name":"Noticias Carre\u00f1o"}},{"@type":"ListItem","@id":"https:\/\/candas365.es\/noticias\/category\/noticias-carreno\/#listItem","position":2,"name":"Noticias Carre\u00f1o","item":"https:\/\/candas365.es\/noticias\/category\/noticias-carreno\/","nextItem":{"@type":"ListItem","@id":"https:\/\/candas365.es\/noticias\/el-festival-banda-gaites-villa-de-candas-sera-en-septiembre-de-2020\/#listItem","name":"El Festival Banda Gaites \u201cVilla de Cand\u00e1s\u201d ser\u00e1 en Septiembre de 2020"},"previousItem":{"@type":"ListItem","@id":"https:\/\/candas365.es\/noticias#listItem","name":"Home"}},{"@type":"ListItem","@id":"https:\/\/candas365.es\/noticias\/el-festival-banda-gaites-villa-de-candas-sera-en-septiembre-de-2020\/#listItem","position":3,"name":"El Festival Banda Gaites \u201cVilla de Cand\u00e1s\u201d ser\u00e1 en Septiembre de 2020","previousItem":{"@type":"ListItem","@id":"https:\/\/candas365.es\/noticias\/category\/noticias-carreno\/#listItem","name":"Noticias Carre\u00f1o"}}]},{"@type":"NewsArticle","@id":"https:\/\/candas365.es\/noticias\/el-festival-banda-gaites-villa-de-candas-sera-en-septiembre-de-2020\/#newsarticle","name":"El Festival Banda Gaites \u201cVilla de Cand\u00e1s\u201d ser\u00e1 en Septiembre de 2020 | Cand\u00e1s 365","headline":"El Festival Banda Gaites \u201cVilla de Cand\u00e1s\u201d ser\u00e1 en Septiembre de 2020","author":{"@id":"https:\/\/candas365.es\/noticias\/author\/admin\/#author"},"publisher":{"@id":"https:\/\/candas365.es\/noticias\/#organization"},"image":{"@type":"ImageObject","url":"https:\/\/candas365.es\/noticias\/wp-content\/uploads\/2020\/06\/Gaites-Candas.jpg","width":520,"height":287},"datePublished":"2020-06-29T00:29:29+02:00","dateModified":"2020-06-29T00:29:29+02:00","inLanguage":"es-ES","mainEntityOfPage":{"@id":"https:\/\/candas365.es\/noticias\/el-festival-banda-gaites-villa-de-candas-sera-en-septiembre-de-2020\/#webpage"},"isPartOf":{"@id":"https:\/\/candas365.es\/noticias\/el-festival-banda-gaites-villa-de-candas-sera-en-septiembre-de-2020\/#webpage"},"articleSection":"Noticias Carre\u00f1o","dateline":"Publicado el junio 29, 2020."},{"@type":"Organization","@id":"https:\/\/candas365.es\/noticias\/#organization","name":"Cand\u00e1s 365","description":"Cand\u00e1s 365 es un diario digital independiente, fundado en 2012, con base en Asturias. Informamos con rigor sobre actualidad, sociedad, cultura y ocio, con una mirada local y global.","url":"https:\/\/candas365.es\/noticias\/","email":"info@candas365.es","telephone":"+34652131393","foundingDate":"2012-06-10","logo":{"@type":"ImageObject","url":"https:\/\/candas365.es\/noticias\/wp-content\/uploads\/2024\/09\/Candas-365-Redes.jpg","@id":"https:\/\/candas365.es\/noticias\/el-festival-banda-gaites-villa-de-candas-sera-en-septiembre-de-2020\/#organizationLogo","width":1152,"height":864,"caption":"Cand\u00e1s 365 Redes"},"image":{"@id":"https:\/\/candas365.es\/noticias\/el-festival-banda-gaites-villa-de-candas-sera-en-septiembre-de-2020\/#organizationLogo"},"sameAs":["https:\/\/www.facebook.com\/Nachofdezber","https:\/\/x.com\/NabercoDigital","https:\/\/www.instagram.com\/nachofdezber\/","https:\/\/www.youtube.com\/channel\/UCZP-2wLEB9Rv6erhFmqVnvg"],"address":{"@id":"https:\/\/candas365.es\/noticias\/#postaladdress","@type":"PostalAddress","streetAddress":"san antonio 4, san antonio 4","postalCode":"33430","addressLocality":"Cand\u00e1s","addressRegion":"Asturias","addressCountry":"ES"}},{"@type":"Person","@id":"https:\/\/candas365.es\/noticias\/author\/admin\/#author","url":"https:\/\/candas365.es\/noticias\/author\/admin\/","name":"Cand\u00e1s 365","image":{"@type":"ImageObject","@id":"https:\/\/candas365.es\/noticias\/el-festival-banda-gaites-villa-de-candas-sera-en-septiembre-de-2020\/#authorImage","url":"https:\/\/secure.gravatar.com\/avatar\/496a8e03d0c493ede1718b7934145dbdf8d89be1036b0eec9544e1094c9de390?s=96&d=mm&r=g","width":96,"height":96,"caption":"Cand\u00e1s 365"},"sameAs":["https:\/\/www.facebook.com\/carrenoactualidad","https:\/\/twitter.com\/nbasturias","https:\/\/www.instagram.com\/nachofdezber\/","https:\/\/www.youtube.com\/channel\/UCZP-2wLEB9Rv6erhFmqVnvg"]},{"@type":"WebPage","@id":"https:\/\/candas365.es\/noticias\/el-festival-banda-gaites-villa-de-candas-sera-en-septiembre-de-2020\/#webpage","url":"https:\/\/candas365.es\/noticias\/el-festival-banda-gaites-villa-de-candas-sera-en-septiembre-de-2020\/","name":"El Festival Banda Gaites \u201cVilla de Cand\u00e1s\u201d ser\u00e1 en Septiembre de 2020 | Cand\u00e1s 365","description":"La asociaci\u00f3n cultural Banda Gaites Cand\u00e1s ha decidido trasladar el festival de inter\u00e9s tur\u00edstico regional al 12 de Septiembre, coincidiendo el mismo con la festividad del Sant\u00edsimo Cristo de Cand\u00e1s en la Villa Marinera. La situaci\u00f3n sanitaria hace imposible organizar el festival tal y como se ven\u00eda haciendo estos \u00faltimos a\u00f1os, el cual contaba con","inLanguage":"es-ES","isPartOf":{"@id":"https:\/\/candas365.es\/noticias\/#website"},"breadcrumb":{"@id":"https:\/\/candas365.es\/noticias\/el-festival-banda-gaites-villa-de-candas-sera-en-septiembre-de-2020\/#breadcrumblist"},"author":{"@id":"https:\/\/candas365.es\/noticias\/author\/admin\/#author"},"creator":{"@id":"https:\/\/candas365.es\/noticias\/author\/admin\/#author"},"image":{"@type":"ImageObject","url":"https:\/\/candas365.es\/noticias\/wp-content\/uploads\/2020\/06\/Gaites-Candas.jpg","@id":"https:\/\/candas365.es\/noticias\/el-festival-banda-gaites-villa-de-candas-sera-en-septiembre-de-2020\/#mainImage","width":520,"height":287},"primaryImageOfPage":{"@id":"https:\/\/candas365.es\/noticias\/el-festival-banda-gaites-villa-de-candas-sera-en-septiembre-de-2020\/#mainImage"},"datePublished":"2020-06-29T00:29:29+02:00","dateModified":"2020-06-29T00:29:29+02:00"},{"@type":"WebSite","@id":"https:\/\/candas365.es\/noticias\/#website","url":"https:\/\/candas365.es\/noticias\/","name":"Cand\u00e1s 365","alternateName":"Cand\u00e1s 365 Noticias","description":"Actualidad desde Carre\u00f1o para el mundo","inLanguage":"es-ES","publisher":{"@id":"https:\/\/candas365.es\/noticias\/#organization"}}]},"og:locale":"es_ES","og:site_name":"Cand\u00e1s 365","og:type":"article","og:title":"El Festival Banda Gaites \u201cVilla de Cand\u00e1s\u201d ser\u00e1 en Septiembre de 2020 | Cand\u00e1s 365","og:description":"La asociaci\u00f3n cultural Banda Gaites Cand\u00e1s ha decidido trasladar el festival de inter\u00e9s tur\u00edstico regional al 12 de Septiembre, coincidiendo el mismo con la festividad del Sant\u00edsimo Cristo de Cand\u00e1s en la Villa Marinera. La situaci\u00f3n sanitaria hace imposible organizar el festival tal y como se ven\u00eda haciendo estos \u00faltimos a\u00f1os, el cual contaba con","og:url":"https:\/\/candas365.es\/noticias\/el-festival-banda-gaites-villa-de-candas-sera-en-septiembre-de-2020\/","og:image":"https:\/\/candas365.es\/noticias\/wp-content\/uploads\/2020\/06\/Gaites-Candas.jpg","og:image:secure_url":"https:\/\/candas365.es\/noticias\/wp-content\/uploads\/2020\/06\/Gaites-Candas.jpg","og:image:width":520,"og:image:height":287,"article:published_time":"2020-06-29T00:29:29+00:00","article:modified_time":"2020-06-29T00:29:29+00:00","article:publisher":"https:\/\/www.facebook.com\/Nachofdezber","article:author":"https:\/\/www.facebook.com\/carrenoactualidad","twitter:card":"summary_large_image","twitter:site":"@NabercoDigital","twitter:title":"El Festival Banda Gaites \u201cVilla de Cand\u00e1s\u201d ser\u00e1 en Septiembre de 2020 | Cand\u00e1s 365","twitter:description":"La asociaci\u00f3n cultural Banda Gaites Cand\u00e1s ha decidido trasladar el festival de inter\u00e9s tur\u00edstico regional al 12 de Septiembre, coincidiendo el mismo con la festividad del Sant\u00edsimo Cristo de Cand\u00e1s en la Villa Marinera. La situaci\u00f3n sanitaria hace imposible organizar el festival tal y como se ven\u00eda haciendo estos \u00faltimos a\u00f1os, el cual contaba con","twitter:creator":"@nbasturias","twitter:image":"https:\/\/candas365.es\/noticias\/wp-content\/uploads\/2020\/06\/Gaites-Candas.jpg","twitter:label1":"Escrito por","twitter:data1":"Cand\u00e1s 365","twitter:label2":"Tiempo de lectura estimado","twitter:data2":"1 minuto"},"aioseo_meta_data":{"post_id":"144194","title":null,"description":null,"keywords":null,"keyphrases":null,"primary_term":null,"canonical_url":null,"og_title":null,"og_description":null,"og_object_type":"default","og_image_type":"default","og_image_url":null,"og_image_width":null,"og_image_height":null,"og_image_custom_url":null,"og_image_custom_fields":null,"og_video":null,"og_custom_url":null,"og_article_section":null,"og_article_tags":null,"twitter_use_og":false,"twitter_card":"default","twitter_image_type":"default","twitter_image_url":null,"twitter_image_custom_url":null,"twitter_image_custom_fields":null,"twitter_title":null,"twitter_description":null,"schema":{"blockGraphs":[],"customGraphs":[],"default":{"data":{"Article":[],"Course":[],"Dataset":[],"FAQPage":[],"Movie":[],"Person":[],"Product":[],"ProductReview":[],"Car":[],"Recipe":[],"Service":[],"SoftwareApplication":[],"WebPage":[]},"graphName":"","isEnabled":true},"graphs":[]},"schema_type":null,"schema_type_options":null,"pillar_content":false,"robots_default":true,"robots_noindex":false,"robots_noarchive":false,"robots_nosnippet":false,"robots_nofollow":false,"robots_noimageindex":false,"robots_noodp":false,"robots_notranslate":false,"robots_max_snippet":null,"robots_max_videopreview":null,"robots_max_imagepreview":"large","priority":null,"frequency":null,"location":null,"local_seo":null,"seo_analyzer_scan_date":"2025-08-31 07:42:32","breadcrumb_settings":null,"limit_modified_date":false,"reviewed_by":null,"open_ai":null,"ai":null,"created":"2020-12-21 10:41:08","updated":"2025-08-31 07:42:32"},"aioseo_breadcrumb":"<div class=\"aioseo-breadcrumbs\"><span class=\"aioseo-breadcrumb\">\n\t<a href=\"https:\/\/candas365.es\/noticias\" title=\"Home\">Home<\/a>\n<\/span><span class=\"aioseo-breadcrumb-separator\">&ndash;<\/span><span class=\"aioseo-breadcrumb\">\n\t<a href=\"https:\/\/candas365.es\/noticias\/category\/noticias-carreno\/\" title=\"Noticias Carre\u00f1o\">Noticias Carre\u00f1o<\/a>\n<\/span><span class=\"aioseo-breadcrumb-separator\">&ndash;<\/span><span class=\"aioseo-breadcrumb\">\n\tEl Festival Banda Gaites \u201cVilla de Cand\u00e1s\u201d ser\u00e1 en Septiembre de 2020\n<\/span><\/div>","aioseo_breadcrumb_json":[{"label":"Home","link":"https:\/\/candas365.es\/noticias"},{"label":"Noticias Carre\u00f1o","link":"https:\/\/candas365.es\/noticias\/category\/noticias-carreno\/"},{"label":"El Festival Banda Gaites \u201cVilla de Cand\u00e1s\u201d ser\u00e1 en Septiembre de 2020","link":"https:\/\/candas365.es\/noticias\/el-festival-banda-gaites-villa-de-candas-sera-en-septiembre-de-2020\/"}],"_links":{"self":[{"href":"https:\/\/candas365.es\/noticias\/wp-json\/wp\/v2\/posts\/144194","targetHints":{"allow":["GET"]}}],"collection":[{"href":"https:\/\/candas365.es\/noticias\/wp-json\/wp\/v2\/posts"}],"about":[{"href":"https:\/\/candas365.es\/noticias\/wp-json\/wp\/v2\/types\/post"}],"author":[{"embeddable":true,"href":"https:\/\/candas365.es\/noticias\/wp-json\/wp\/v2\/users\/1"}],"replies":[{"embeddable":true,"href":"https:\/\/candas365.es\/noticias\/wp-json\/wp\/v2\/comments?post=144194"}],"version-history":[{"count":0,"href":"https:\/\/candas365.es\/noticias\/wp-json\/wp\/v2\/posts\/144194\/revisions"}],"wp:featuredmedia":[{"embeddable":true,"href":"https:\/\/candas365.es\/noticias\/wp-json\/wp\/v2\/media\/144195"}],"wp:attachment":[{"href":"https:\/\/candas365.es\/noticias\/wp-json\/wp\/v2\/media?parent=144194"}],"wp:term":[{"taxonomy":"category","embeddable":true,"href":"https:\/\/candas365.es\/noticias\/wp-json\/wp\/v2\/categories?post=144194"},{"taxonomy":"post_tag","embeddable":true,"href":"https:\/\/candas365.es\/noticias\/wp-json\/wp\/v2\/tags?post=144194"}],"curies":[{"name":"wp","href":"https:\/\/api.w.org\/{rel}","templated":true}]}}