{"id":143872,"date":"2020-06-21T14:46:19","date_gmt":"2020-06-21T14:46:19","guid":{"rendered":"http:\/\/candas365.es\/noticias\/?p=143872"},"modified":"2020-06-21T14:46:19","modified_gmt":"2020-06-21T14:46:19","slug":"campamento-de-ocio-tecnologico-en-candas","status":"publish","type":"post","link":"https:\/\/candas365.es\/noticias\/campamento-de-ocio-tecnologico-en-candas\/","title":{"rendered":"Campamento de Ocio Tecnol\u00f3gico en Cand\u00e1s"},"content":{"rendered":"<p><img fetchpriority=\"high\" decoding=\"async\" class=\"alignleft size-medium wp-image-2364\" src=\"https:\/\/candas365.es\/noticias\/wp-content\/uploads\/2014\/10\/Polivalente-360x270.jpg\" alt=\"\" width=\"360\" height=\"270\" srcset=\"https:\/\/candas365.es\/noticias\/wp-content\/uploads\/2014\/10\/Polivalente-360x270.jpg 360w, https:\/\/candas365.es\/noticias\/wp-content\/uploads\/2014\/10\/Polivalente-640x480.jpg 640w, https:\/\/candas365.es\/noticias\/wp-content\/uploads\/2014\/10\/Polivalente-768x576.jpg 768w, https:\/\/candas365.es\/noticias\/wp-content\/uploads\/2014\/10\/Polivalente-150x113.jpg 150w, https:\/\/candas365.es\/noticias\/wp-content\/uploads\/2014\/10\/Polivalente-450x338.jpg 450w, https:\/\/candas365.es\/noticias\/wp-content\/uploads\/2014\/10\/Polivalente-80x60.jpg 80w, https:\/\/candas365.es\/noticias\/wp-content\/uploads\/2014\/10\/Polivalente-265x198.jpg 265w, https:\/\/candas365.es\/noticias\/wp-content\/uploads\/2014\/10\/Polivalente-696x522.jpg 696w, https:\/\/candas365.es\/noticias\/wp-content\/uploads\/2014\/10\/Polivalente-560x420.jpg 560w, https:\/\/candas365.es\/noticias\/wp-content\/uploads\/2014\/10\/Polivalente-90x67.jpg 90w, https:\/\/candas365.es\/noticias\/wp-content\/uploads\/2014\/10\/Polivalente.jpg 1024w\" sizes=\"(max-width: 360px) 100vw, 360px\" \/>El <strong>Ayuntamiento de Carre\u00f1o<\/strong> ha informado que el plazo de inscripciones para el <strong>Campamento de Ocio Tecnol\u00f3gico<\/strong> estival patrocinado por EDP ya ha comenzado.<\/p>\n<p>\u201cEn esta edici\u00f3n del campus, nos adentraremos en el mundo de la programaci\u00f3n a trav\u00e9s de Roblox Studio, donde el alumnado podr\u00e1 aprender a crear sus propios juegos con escenarios personalizados por cada participante. Tambi\u00e9n crearemos una divertida aplicaci\u00f3n para el m\u00f3vil y conoceremos el lenguaje de Python que utilizaremos a trav\u00e9s de una plataforma de juego virtual para superar los retos propuestos e ir mejorando nuestras habilidades\u201d se\u00f1al\u00f3 Jes\u00fas Jos\u00e9 Varela &#8211; Concejal de Juventud.<\/p>\n<p>\u201cEl objetivo de esta actividad, no es otro, que acercar la ciencia y las nuevas tecnolog\u00edas a los ni\u00f1os y las ni\u00f1as de Carre\u00f1o, adem\u00e1s de proporcionar una actividad l\u00fadica con la que poder conjugar la vida familiar con la vida profesional de las familias en la \u00e9poca veraniega\u201d coment\u00f3 el edil.<\/p>\n<p>\u201cLa empresa encargada de impartir el taller es CID KIDS (www.cidkids.com), una empresa con m\u00e1s de 30 a\u00f1os de experiencia acompa\u00f1ando a personas en todos los niveles de la vida a crecer personal y profesionalmente. Las sesiones ser\u00e1n ante todo din\u00e1micas y pr\u00e1cticas. En las que a trav\u00e9s de distintas actividades y de una manera l\u00fadica se fomenta la innovaci\u00f3n, la creatividad y el talento, habilidades que les exigir\u00e1 el futuro mercado laboral\u201d prosigui\u00f3 Varela.<\/p>\n<p>Aquellas personas que est\u00e9n interesadas en asistir a la actividad deber\u00e1n incribirse presentado en el registro municipal la instancia debidamente cumplimentada.<\/p>\n<p>Este a\u00f1o debido a la situaci\u00f3n global de emergencia sanitaria, de manera excepcional, el procedimiento de solicitudes se realizar\u00e1 de manera telem\u00e1tica. Por tanto, las solicitudes deber\u00e1n enviarse v\u00eda electr\u00f3nicamente al e-mail: sergenerales@ayto-carreno.es.<\/p>\n<p>\u201cEn cada uno de los dos grupos, que consta este programa educativo-l\u00fadico, se pone a disposici\u00f3n de la ciudadan\u00eda 13 plazas, por cada turno. Para poder participar s\u00f3lo se deber\u00e1 cumplir dos requisitos, estar empadronados\/as en Carre\u00f1o y tener entre 10-15 a\u00f1os. En total ser\u00e1n 26 plazas las que se adjudiquen, al ser estas limitadas, por riguroso orden de entrada de las solicitudes en el registro municipal\u201d expres\u00f3 el Concejal.<\/p>\n<p>El plazo para la presentaci\u00f3n de las instancias podr\u00e1 finaliza el jueves, 2 de julio.<\/p>\n<p>&nbsp;<\/p>\n","protected":false},"excerpt":{"rendered":"<p>El Ayuntamiento de Carre\u00f1o ha informado que el plazo de inscripciones para el Campamento de Ocio Tecnol\u00f3gico estival patrocinado por EDP ya ha comenzado. \u201cEn esta edici\u00f3n del campus, nos adentraremos en el mundo de la programaci\u00f3n a trav\u00e9s de Roblox Studio, donde el alumnado podr\u00e1 aprender a crear sus propios juegos con escenarios personalizados<\/p>\n","protected":false},"author":1,"featured_media":2364,"comment_status":"closed","ping_status":"closed","sticky":false,"template":"","format":"standard","meta":{"footnotes":""},"categories":[2],"tags":[],"class_list":{"0":"post-143872","1":"post","2":"type-post","3":"status-publish","4":"format-standard","5":"has-post-thumbnail","7":"category-noticias-carreno"},"aioseo_notices":[],"aioseo_head":"\n\t\t<!-- All in One SEO Pro 4.9.6.2 - aioseo.com -->\n\t<meta name=\"description\" content=\"El Ayuntamiento de Carre\u00f1o ha informado que el plazo de inscripciones para el Campamento de Ocio Tecnol\u00f3gico estival patrocinado por EDP ya ha comenzado. \u201cEn esta edici\u00f3n del campus, nos adentraremos en el mundo de la programaci\u00f3n a trav\u00e9s de Roblox Studio, donde el alumnado podr\u00e1 aprender a crear sus propios juegos con escenarios personalizados\" \/>\n\t<meta name=\"robots\" content=\"max-image-preview:large\" \/>\n\t<meta name=\"author\" content=\"Cand\u00e1s 365\"\/>\n\t<meta name=\"google-site-verification\" content=\"UA-32230408-1\" \/>\n\t<meta name=\"msvalidate.01\" content=\"354F3CDFB2DA171B47FBE9ABF1F88D5\" \/>\n\t<meta name=\"keywords\" content=\"noticias carre\u00f1o\" \/>\n\t<link rel=\"canonical\" href=\"https:\/\/candas365.es\/noticias\/campamento-de-ocio-tecnologico-en-candas\/\" \/>\n\t<meta name=\"generator\" content=\"All in One SEO Pro (AIOSEO) 4.9.6.2\" \/>\n\t\t<meta property=\"og:locale\" content=\"es_ES\" \/>\n\t\t<meta property=\"og:site_name\" content=\"Cand\u00e1s 365\" \/>\n\t\t<meta property=\"og:type\" content=\"article\" \/>\n\t\t<meta property=\"og:title\" content=\"Campamento de Ocio Tecnol\u00f3gico en Cand\u00e1s | Cand\u00e1s 365\" \/>\n\t\t<meta property=\"og:description\" content=\"El Ayuntamiento de Carre\u00f1o ha informado que el plazo de inscripciones para el Campamento de Ocio Tecnol\u00f3gico estival patrocinado por EDP ya ha comenzado. \u201cEn esta edici\u00f3n del campus, nos adentraremos en el mundo de la programaci\u00f3n a trav\u00e9s de Roblox Studio, donde el alumnado podr\u00e1 aprender a crear sus propios juegos con escenarios personalizados\" \/>\n\t\t<meta property=\"og:url\" content=\"https:\/\/candas365.es\/noticias\/campamento-de-ocio-tecnologico-en-candas\/\" \/>\n\t\t<meta property=\"og:image\" content=\"https:\/\/candas365.es\/noticias\/wp-content\/uploads\/2014\/10\/Polivalente.jpg\" \/>\n\t\t<meta property=\"og:image:secure_url\" content=\"https:\/\/candas365.es\/noticias\/wp-content\/uploads\/2014\/10\/Polivalente.jpg\" \/>\n\t\t<meta property=\"og:image:width\" content=\"1024\" \/>\n\t\t<meta property=\"og:image:height\" content=\"768\" \/>\n\t\t<meta property=\"article:published_time\" content=\"2020-06-21T14:46:19+00:00\" \/>\n\t\t<meta property=\"article:modified_time\" content=\"2020-06-21T14:46:19+00:00\" \/>\n\t\t<meta property=\"article:publisher\" content=\"https:\/\/www.facebook.com\/Nachofdezber\" \/>\n\t\t<meta property=\"article:author\" content=\"https:\/\/www.facebook.com\/carrenoactualidad\" \/>\n\t\t<meta name=\"twitter:card\" content=\"summary_large_image\" \/>\n\t\t<meta name=\"twitter:site\" content=\"@NabercoDigital\" \/>\n\t\t<meta name=\"twitter:title\" content=\"Campamento de Ocio Tecnol\u00f3gico en Cand\u00e1s | Cand\u00e1s 365\" \/>\n\t\t<meta name=\"twitter:description\" content=\"El Ayuntamiento de Carre\u00f1o ha informado que el plazo de inscripciones para el Campamento de Ocio Tecnol\u00f3gico estival patrocinado por EDP ya ha comenzado. \u201cEn esta edici\u00f3n del campus, nos adentraremos en el mundo de la programaci\u00f3n a trav\u00e9s de Roblox Studio, donde el alumnado podr\u00e1 aprender a crear sus propios juegos con escenarios personalizados\" \/>\n\t\t<meta name=\"twitter:creator\" content=\"@nbasturias\" \/>\n\t\t<meta name=\"twitter:image\" content=\"https:\/\/candas365.es\/noticias\/wp-content\/uploads\/2014\/10\/Polivalente.jpg\" \/>\n\t\t<meta name=\"twitter:label1\" content=\"Escrito por\" \/>\n\t\t<meta name=\"twitter:data1\" content=\"Cand\u00e1s 365\" \/>\n\t\t<meta name=\"twitter:label2\" content=\"Tiempo de lectura estimado\" \/>\n\t\t<meta name=\"twitter:data2\" content=\"2 minutos\" \/>\n\t\t<script type=\"application\/ld+json\" class=\"aioseo-schema\">\n\t\t\t{\"@context\":\"https:\\\/\\\/schema.org\",\"@graph\":[{\"@type\":\"BreadcrumbList\",\"@id\":\"https:\\\/\\\/candas365.es\\\/noticias\\\/campamento-de-ocio-tecnologico-en-candas\\\/#breadcrumblist\",\"itemListElement\":[{\"@type\":\"ListItem\",\"@id\":\"https:\\\/\\\/candas365.es\\\/noticias#listItem\",\"position\":1,\"name\":\"Home\",\"item\":\"https:\\\/\\\/candas365.es\\\/noticias\",\"nextItem\":{\"@type\":\"ListItem\",\"@id\":\"https:\\\/\\\/candas365.es\\\/noticias\\\/category\\\/noticias-carreno\\\/#listItem\",\"name\":\"Noticias Carre\\u00f1o\"}},{\"@type\":\"ListItem\",\"@id\":\"https:\\\/\\\/candas365.es\\\/noticias\\\/category\\\/noticias-carreno\\\/#listItem\",\"position\":2,\"name\":\"Noticias Carre\\u00f1o\",\"item\":\"https:\\\/\\\/candas365.es\\\/noticias\\\/category\\\/noticias-carreno\\\/\",\"nextItem\":{\"@type\":\"ListItem\",\"@id\":\"https:\\\/\\\/candas365.es\\\/noticias\\\/campamento-de-ocio-tecnologico-en-candas\\\/#listItem\",\"name\":\"Campamento de Ocio Tecnol\\u00f3gico en Cand\\u00e1s\"},\"previousItem\":{\"@type\":\"ListItem\",\"@id\":\"https:\\\/\\\/candas365.es\\\/noticias#listItem\",\"name\":\"Home\"}},{\"@type\":\"ListItem\",\"@id\":\"https:\\\/\\\/candas365.es\\\/noticias\\\/campamento-de-ocio-tecnologico-en-candas\\\/#listItem\",\"position\":3,\"name\":\"Campamento de Ocio Tecnol\\u00f3gico en Cand\\u00e1s\",\"previousItem\":{\"@type\":\"ListItem\",\"@id\":\"https:\\\/\\\/candas365.es\\\/noticias\\\/category\\\/noticias-carreno\\\/#listItem\",\"name\":\"Noticias Carre\\u00f1o\"}}]},{\"@type\":\"NewsArticle\",\"@id\":\"https:\\\/\\\/candas365.es\\\/noticias\\\/campamento-de-ocio-tecnologico-en-candas\\\/#newsarticle\",\"name\":\"Campamento de Ocio Tecnol\\u00f3gico en Cand\\u00e1s | Cand\\u00e1s 365\",\"headline\":\"Campamento de Ocio Tecnol\\u00f3gico en Cand\\u00e1s\",\"author\":{\"@id\":\"https:\\\/\\\/candas365.es\\\/noticias\\\/author\\\/admin\\\/#author\"},\"publisher\":{\"@id\":\"https:\\\/\\\/candas365.es\\\/noticias\\\/#organization\"},\"image\":{\"@type\":\"ImageObject\",\"url\":\"https:\\\/\\\/candas365.es\\\/noticias\\\/wp-content\\\/uploads\\\/2014\\\/10\\\/Polivalente.jpg\",\"width\":1024,\"height\":768},\"datePublished\":\"2020-06-21T14:46:19+02:00\",\"dateModified\":\"2020-06-21T14:46:19+02:00\",\"inLanguage\":\"es-ES\",\"mainEntityOfPage\":{\"@id\":\"https:\\\/\\\/candas365.es\\\/noticias\\\/campamento-de-ocio-tecnologico-en-candas\\\/#webpage\"},\"isPartOf\":{\"@id\":\"https:\\\/\\\/candas365.es\\\/noticias\\\/campamento-de-ocio-tecnologico-en-candas\\\/#webpage\"},\"articleSection\":\"Noticias Carre\\u00f1o\",\"dateline\":\"Publicado el junio 21, 2020.\"},{\"@type\":\"Organization\",\"@id\":\"https:\\\/\\\/candas365.es\\\/noticias\\\/#organization\",\"name\":\"Cand\\u00e1s 365\",\"description\":\"Cand\\u00e1s 365 es un diario digital independiente, fundado en 2012, con base en Asturias. Informamos con rigor sobre actualidad, sociedad, cultura y ocio, con una mirada local y global.\",\"url\":\"https:\\\/\\\/candas365.es\\\/noticias\\\/\",\"email\":\"info@candas365.es\",\"telephone\":\"+34652131393\",\"foundingDate\":\"2012-06-10\",\"logo\":{\"@type\":\"ImageObject\",\"url\":\"https:\\\/\\\/candas365.es\\\/noticias\\\/wp-content\\\/uploads\\\/2024\\\/09\\\/Candas-365-Redes.jpg\",\"@id\":\"https:\\\/\\\/candas365.es\\\/noticias\\\/campamento-de-ocio-tecnologico-en-candas\\\/#organizationLogo\",\"width\":1152,\"height\":864,\"caption\":\"Cand\\u00e1s 365 Redes\"},\"image\":{\"@id\":\"https:\\\/\\\/candas365.es\\\/noticias\\\/campamento-de-ocio-tecnologico-en-candas\\\/#organizationLogo\"},\"sameAs\":[\"https:\\\/\\\/www.facebook.com\\\/Nachofdezber\",\"https:\\\/\\\/x.com\\\/NabercoDigital\",\"https:\\\/\\\/www.instagram.com\\\/nachofdezber\\\/\",\"https:\\\/\\\/www.youtube.com\\\/channel\\\/UCZP-2wLEB9Rv6erhFmqVnvg\"],\"address\":{\"@id\":\"https:\\\/\\\/candas365.es\\\/noticias\\\/#postaladdress\",\"@type\":\"PostalAddress\",\"streetAddress\":\"san antonio 4, san antonio 4\",\"postalCode\":\"33430\",\"addressLocality\":\"Cand\\u00e1s\",\"addressRegion\":\"Asturias\",\"addressCountry\":\"ES\"}},{\"@type\":\"Person\",\"@id\":\"https:\\\/\\\/candas365.es\\\/noticias\\\/author\\\/admin\\\/#author\",\"url\":\"https:\\\/\\\/candas365.es\\\/noticias\\\/author\\\/admin\\\/\",\"name\":\"Cand\\u00e1s 365\",\"image\":{\"@type\":\"ImageObject\",\"@id\":\"https:\\\/\\\/candas365.es\\\/noticias\\\/campamento-de-ocio-tecnologico-en-candas\\\/#authorImage\",\"url\":\"https:\\\/\\\/secure.gravatar.com\\\/avatar\\\/496a8e03d0c493ede1718b7934145dbdf8d89be1036b0eec9544e1094c9de390?s=96&d=mm&r=g\",\"width\":96,\"height\":96,\"caption\":\"Cand\\u00e1s 365\"},\"sameAs\":[\"https:\\\/\\\/www.facebook.com\\\/carrenoactualidad\",\"https:\\\/\\\/twitter.com\\\/nbasturias\",\"https:\\\/\\\/www.instagram.com\\\/nachofdezber\\\/\",\"https:\\\/\\\/www.youtube.com\\\/channel\\\/UCZP-2wLEB9Rv6erhFmqVnvg\"]},{\"@type\":\"WebPage\",\"@id\":\"https:\\\/\\\/candas365.es\\\/noticias\\\/campamento-de-ocio-tecnologico-en-candas\\\/#webpage\",\"url\":\"https:\\\/\\\/candas365.es\\\/noticias\\\/campamento-de-ocio-tecnologico-en-candas\\\/\",\"name\":\"Campamento de Ocio Tecnol\\u00f3gico en Cand\\u00e1s | Cand\\u00e1s 365\",\"description\":\"El Ayuntamiento de Carre\\u00f1o ha informado que el plazo de inscripciones para el Campamento de Ocio Tecnol\\u00f3gico estival patrocinado por EDP ya ha comenzado. \\u201cEn esta edici\\u00f3n del campus, nos adentraremos en el mundo de la programaci\\u00f3n a trav\\u00e9s de Roblox Studio, donde el alumnado podr\\u00e1 aprender a crear sus propios juegos con escenarios personalizados\",\"inLanguage\":\"es-ES\",\"isPartOf\":{\"@id\":\"https:\\\/\\\/candas365.es\\\/noticias\\\/#website\"},\"breadcrumb\":{\"@id\":\"https:\\\/\\\/candas365.es\\\/noticias\\\/campamento-de-ocio-tecnologico-en-candas\\\/#breadcrumblist\"},\"author\":{\"@id\":\"https:\\\/\\\/candas365.es\\\/noticias\\\/author\\\/admin\\\/#author\"},\"creator\":{\"@id\":\"https:\\\/\\\/candas365.es\\\/noticias\\\/author\\\/admin\\\/#author\"},\"image\":{\"@type\":\"ImageObject\",\"url\":\"https:\\\/\\\/candas365.es\\\/noticias\\\/wp-content\\\/uploads\\\/2014\\\/10\\\/Polivalente.jpg\",\"@id\":\"https:\\\/\\\/candas365.es\\\/noticias\\\/campamento-de-ocio-tecnologico-en-candas\\\/#mainImage\",\"width\":1024,\"height\":768},\"primaryImageOfPage\":{\"@id\":\"https:\\\/\\\/candas365.es\\\/noticias\\\/campamento-de-ocio-tecnologico-en-candas\\\/#mainImage\"},\"datePublished\":\"2020-06-21T14:46:19+02:00\",\"dateModified\":\"2020-06-21T14:46:19+02:00\"},{\"@type\":\"WebSite\",\"@id\":\"https:\\\/\\\/candas365.es\\\/noticias\\\/#website\",\"url\":\"https:\\\/\\\/candas365.es\\\/noticias\\\/\",\"name\":\"Cand\\u00e1s 365\",\"alternateName\":\"Cand\\u00e1s 365 Noticias\",\"description\":\"Actualidad desde Carre\\u00f1o para el mundo\",\"inLanguage\":\"es-ES\",\"publisher\":{\"@id\":\"https:\\\/\\\/candas365.es\\\/noticias\\\/#organization\"}}]}\n\t\t<\/script>\n\t\t<!-- All in One SEO Pro -->\r\n\t\t<title>Campamento de Ocio Tecnol\u00f3gico en Cand\u00e1s | Cand\u00e1s 365<\/title>\n\n","aioseo_head_json":{"title":"Campamento de Ocio Tecnol\u00f3gico en Cand\u00e1s | Cand\u00e1s 365","description":"El Ayuntamiento de Carre\u00f1o ha informado que el plazo de inscripciones para el Campamento de Ocio Tecnol\u00f3gico estival patrocinado por EDP ya ha comenzado. \u201cEn esta edici\u00f3n del campus, nos adentraremos en el mundo de la programaci\u00f3n a trav\u00e9s de Roblox Studio, donde el alumnado podr\u00e1 aprender a crear sus propios juegos con escenarios personalizados","canonical_url":"https:\/\/candas365.es\/noticias\/campamento-de-ocio-tecnologico-en-candas\/","robots":"max-image-preview:large","keywords":"noticias carre\u00f1o","webmasterTools":{"google-site-verification":"UA-32230408-1","msvalidate.01":"354F3CDFB2DA171B47FBE9ABF1F88D5","miscellaneous":""},"schema":{"@context":"https:\/\/schema.org","@graph":[{"@type":"BreadcrumbList","@id":"https:\/\/candas365.es\/noticias\/campamento-de-ocio-tecnologico-en-candas\/#breadcrumblist","itemListElement":[{"@type":"ListItem","@id":"https:\/\/candas365.es\/noticias#listItem","position":1,"name":"Home","item":"https:\/\/candas365.es\/noticias","nextItem":{"@type":"ListItem","@id":"https:\/\/candas365.es\/noticias\/category\/noticias-carreno\/#listItem","name":"Noticias Carre\u00f1o"}},{"@type":"ListItem","@id":"https:\/\/candas365.es\/noticias\/category\/noticias-carreno\/#listItem","position":2,"name":"Noticias Carre\u00f1o","item":"https:\/\/candas365.es\/noticias\/category\/noticias-carreno\/","nextItem":{"@type":"ListItem","@id":"https:\/\/candas365.es\/noticias\/campamento-de-ocio-tecnologico-en-candas\/#listItem","name":"Campamento de Ocio Tecnol\u00f3gico en Cand\u00e1s"},"previousItem":{"@type":"ListItem","@id":"https:\/\/candas365.es\/noticias#listItem","name":"Home"}},{"@type":"ListItem","@id":"https:\/\/candas365.es\/noticias\/campamento-de-ocio-tecnologico-en-candas\/#listItem","position":3,"name":"Campamento de Ocio Tecnol\u00f3gico en Cand\u00e1s","previousItem":{"@type":"ListItem","@id":"https:\/\/candas365.es\/noticias\/category\/noticias-carreno\/#listItem","name":"Noticias Carre\u00f1o"}}]},{"@type":"NewsArticle","@id":"https:\/\/candas365.es\/noticias\/campamento-de-ocio-tecnologico-en-candas\/#newsarticle","name":"Campamento de Ocio Tecnol\u00f3gico en Cand\u00e1s | Cand\u00e1s 365","headline":"Campamento de Ocio Tecnol\u00f3gico en Cand\u00e1s","author":{"@id":"https:\/\/candas365.es\/noticias\/author\/admin\/#author"},"publisher":{"@id":"https:\/\/candas365.es\/noticias\/#organization"},"image":{"@type":"ImageObject","url":"https:\/\/candas365.es\/noticias\/wp-content\/uploads\/2014\/10\/Polivalente.jpg","width":1024,"height":768},"datePublished":"2020-06-21T14:46:19+02:00","dateModified":"2020-06-21T14:46:19+02:00","inLanguage":"es-ES","mainEntityOfPage":{"@id":"https:\/\/candas365.es\/noticias\/campamento-de-ocio-tecnologico-en-candas\/#webpage"},"isPartOf":{"@id":"https:\/\/candas365.es\/noticias\/campamento-de-ocio-tecnologico-en-candas\/#webpage"},"articleSection":"Noticias Carre\u00f1o","dateline":"Publicado el junio 21, 2020."},{"@type":"Organization","@id":"https:\/\/candas365.es\/noticias\/#organization","name":"Cand\u00e1s 365","description":"Cand\u00e1s 365 es un diario digital independiente, fundado en 2012, con base en Asturias. Informamos con rigor sobre actualidad, sociedad, cultura y ocio, con una mirada local y global.","url":"https:\/\/candas365.es\/noticias\/","email":"info@candas365.es","telephone":"+34652131393","foundingDate":"2012-06-10","logo":{"@type":"ImageObject","url":"https:\/\/candas365.es\/noticias\/wp-content\/uploads\/2024\/09\/Candas-365-Redes.jpg","@id":"https:\/\/candas365.es\/noticias\/campamento-de-ocio-tecnologico-en-candas\/#organizationLogo","width":1152,"height":864,"caption":"Cand\u00e1s 365 Redes"},"image":{"@id":"https:\/\/candas365.es\/noticias\/campamento-de-ocio-tecnologico-en-candas\/#organizationLogo"},"sameAs":["https:\/\/www.facebook.com\/Nachofdezber","https:\/\/x.com\/NabercoDigital","https:\/\/www.instagram.com\/nachofdezber\/","https:\/\/www.youtube.com\/channel\/UCZP-2wLEB9Rv6erhFmqVnvg"],"address":{"@id":"https:\/\/candas365.es\/noticias\/#postaladdress","@type":"PostalAddress","streetAddress":"san antonio 4, san antonio 4","postalCode":"33430","addressLocality":"Cand\u00e1s","addressRegion":"Asturias","addressCountry":"ES"}},{"@type":"Person","@id":"https:\/\/candas365.es\/noticias\/author\/admin\/#author","url":"https:\/\/candas365.es\/noticias\/author\/admin\/","name":"Cand\u00e1s 365","image":{"@type":"ImageObject","@id":"https:\/\/candas365.es\/noticias\/campamento-de-ocio-tecnologico-en-candas\/#authorImage","url":"https:\/\/secure.gravatar.com\/avatar\/496a8e03d0c493ede1718b7934145dbdf8d89be1036b0eec9544e1094c9de390?s=96&d=mm&r=g","width":96,"height":96,"caption":"Cand\u00e1s 365"},"sameAs":["https:\/\/www.facebook.com\/carrenoactualidad","https:\/\/twitter.com\/nbasturias","https:\/\/www.instagram.com\/nachofdezber\/","https:\/\/www.youtube.com\/channel\/UCZP-2wLEB9Rv6erhFmqVnvg"]},{"@type":"WebPage","@id":"https:\/\/candas365.es\/noticias\/campamento-de-ocio-tecnologico-en-candas\/#webpage","url":"https:\/\/candas365.es\/noticias\/campamento-de-ocio-tecnologico-en-candas\/","name":"Campamento de Ocio Tecnol\u00f3gico en Cand\u00e1s | Cand\u00e1s 365","description":"El Ayuntamiento de Carre\u00f1o ha informado que el plazo de inscripciones para el Campamento de Ocio Tecnol\u00f3gico estival patrocinado por EDP ya ha comenzado. \u201cEn esta edici\u00f3n del campus, nos adentraremos en el mundo de la programaci\u00f3n a trav\u00e9s de Roblox Studio, donde el alumnado podr\u00e1 aprender a crear sus propios juegos con escenarios personalizados","inLanguage":"es-ES","isPartOf":{"@id":"https:\/\/candas365.es\/noticias\/#website"},"breadcrumb":{"@id":"https:\/\/candas365.es\/noticias\/campamento-de-ocio-tecnologico-en-candas\/#breadcrumblist"},"author":{"@id":"https:\/\/candas365.es\/noticias\/author\/admin\/#author"},"creator":{"@id":"https:\/\/candas365.es\/noticias\/author\/admin\/#author"},"image":{"@type":"ImageObject","url":"https:\/\/candas365.es\/noticias\/wp-content\/uploads\/2014\/10\/Polivalente.jpg","@id":"https:\/\/candas365.es\/noticias\/campamento-de-ocio-tecnologico-en-candas\/#mainImage","width":1024,"height":768},"primaryImageOfPage":{"@id":"https:\/\/candas365.es\/noticias\/campamento-de-ocio-tecnologico-en-candas\/#mainImage"},"datePublished":"2020-06-21T14:46:19+02:00","dateModified":"2020-06-21T14:46:19+02:00"},{"@type":"WebSite","@id":"https:\/\/candas365.es\/noticias\/#website","url":"https:\/\/candas365.es\/noticias\/","name":"Cand\u00e1s 365","alternateName":"Cand\u00e1s 365 Noticias","description":"Actualidad desde Carre\u00f1o para el mundo","inLanguage":"es-ES","publisher":{"@id":"https:\/\/candas365.es\/noticias\/#organization"}}]},"og:locale":"es_ES","og:site_name":"Cand\u00e1s 365","og:type":"article","og:title":"Campamento de Ocio Tecnol\u00f3gico en Cand\u00e1s | Cand\u00e1s 365","og:description":"El Ayuntamiento de Carre\u00f1o ha informado que el plazo de inscripciones para el Campamento de Ocio Tecnol\u00f3gico estival patrocinado por EDP ya ha comenzado. \u201cEn esta edici\u00f3n del campus, nos adentraremos en el mundo de la programaci\u00f3n a trav\u00e9s de Roblox Studio, donde el alumnado podr\u00e1 aprender a crear sus propios juegos con escenarios personalizados","og:url":"https:\/\/candas365.es\/noticias\/campamento-de-ocio-tecnologico-en-candas\/","og:image":"https:\/\/candas365.es\/noticias\/wp-content\/uploads\/2014\/10\/Polivalente.jpg","og:image:secure_url":"https:\/\/candas365.es\/noticias\/wp-content\/uploads\/2014\/10\/Polivalente.jpg","og:image:width":1024,"og:image:height":768,"article:published_time":"2020-06-21T14:46:19+00:00","article:modified_time":"2020-06-21T14:46:19+00:00","article:publisher":"https:\/\/www.facebook.com\/Nachofdezber","article:author":"https:\/\/www.facebook.com\/carrenoactualidad","twitter:card":"summary_large_image","twitter:site":"@NabercoDigital","twitter:title":"Campamento de Ocio Tecnol\u00f3gico en Cand\u00e1s | Cand\u00e1s 365","twitter:description":"El Ayuntamiento de Carre\u00f1o ha informado que el plazo de inscripciones para el Campamento de Ocio Tecnol\u00f3gico estival patrocinado por EDP ya ha comenzado. \u201cEn esta edici\u00f3n del campus, nos adentraremos en el mundo de la programaci\u00f3n a trav\u00e9s de Roblox Studio, donde el alumnado podr\u00e1 aprender a crear sus propios juegos con escenarios personalizados","twitter:creator":"@nbasturias","twitter:image":"https:\/\/candas365.es\/noticias\/wp-content\/uploads\/2014\/10\/Polivalente.jpg","twitter:label1":"Escrito por","twitter:data1":"Cand\u00e1s 365","twitter:label2":"Tiempo de lectura estimado","twitter:data2":"2 minutos"},"aioseo_meta_data":{"post_id":"143872","title":null,"description":null,"keywords":null,"keyphrases":null,"primary_term":null,"canonical_url":null,"og_title":null,"og_description":null,"og_object_type":"default","og_image_type":"default","og_image_url":null,"og_image_width":null,"og_image_height":null,"og_image_custom_url":null,"og_image_custom_fields":null,"og_video":null,"og_custom_url":null,"og_article_section":null,"og_article_tags":null,"twitter_use_og":false,"twitter_card":"default","twitter_image_type":"default","twitter_image_url":null,"twitter_image_custom_url":null,"twitter_image_custom_fields":null,"twitter_title":null,"twitter_description":null,"schema":{"blockGraphs":[],"customGraphs":[],"default":{"data":{"Article":[],"Course":[],"Dataset":[],"FAQPage":[],"Movie":[],"Person":[],"Product":[],"ProductReview":[],"Car":[],"Recipe":[],"Service":[],"SoftwareApplication":[],"WebPage":[]},"graphName":"","isEnabled":true},"graphs":[],"defaultGraph":"","defaultPostTypeGraph":""},"schema_type":null,"schema_type_options":null,"pillar_content":false,"robots_default":true,"robots_noindex":false,"robots_noarchive":false,"robots_nosnippet":false,"robots_nofollow":false,"robots_noimageindex":false,"robots_noodp":false,"robots_notranslate":false,"robots_max_snippet":null,"robots_max_videopreview":null,"robots_max_imagepreview":"large","priority":null,"frequency":null,"location":null,"local_seo":null,"seo_analyzer_scan_date":"2025-08-31 07:13:16","breadcrumb_settings":null,"limit_modified_date":false,"reviewed_by":null,"open_ai":null,"ai":null,"created":"2020-12-21 10:41:23","updated":"2025-08-31 07:13:16"},"aioseo_breadcrumb":"<div class=\"aioseo-breadcrumbs\"><span class=\"aioseo-breadcrumb\">\n\t<a href=\"https:\/\/candas365.es\/noticias\" title=\"Home\">Home<\/a>\n<\/span><span class=\"aioseo-breadcrumb-separator\">&ndash;<\/span><span class=\"aioseo-breadcrumb\">\n\t<a href=\"https:\/\/candas365.es\/noticias\/category\/noticias-carreno\/\" title=\"Noticias Carre\u00f1o\">Noticias Carre\u00f1o<\/a>\n<\/span><span class=\"aioseo-breadcrumb-separator\">&ndash;<\/span><span class=\"aioseo-breadcrumb\">\n\tCampamento de Ocio Tecnol\u00f3gico en Cand\u00e1s\n<\/span><\/div>","aioseo_breadcrumb_json":[{"label":"Home","link":"https:\/\/candas365.es\/noticias"},{"label":"Noticias Carre\u00f1o","link":"https:\/\/candas365.es\/noticias\/category\/noticias-carreno\/"},{"label":"Campamento de Ocio Tecnol\u00f3gico en Cand\u00e1s","link":"https:\/\/candas365.es\/noticias\/campamento-de-ocio-tecnologico-en-candas\/"}],"_links":{"self":[{"href":"https:\/\/candas365.es\/noticias\/wp-json\/wp\/v2\/posts\/143872","targetHints":{"allow":["GET"]}}],"collection":[{"href":"https:\/\/candas365.es\/noticias\/wp-json\/wp\/v2\/posts"}],"about":[{"href":"https:\/\/candas365.es\/noticias\/wp-json\/wp\/v2\/types\/post"}],"author":[{"embeddable":true,"href":"https:\/\/candas365.es\/noticias\/wp-json\/wp\/v2\/users\/1"}],"replies":[{"embeddable":true,"href":"https:\/\/candas365.es\/noticias\/wp-json\/wp\/v2\/comments?post=143872"}],"version-history":[{"count":0,"href":"https:\/\/candas365.es\/noticias\/wp-json\/wp\/v2\/posts\/143872\/revisions"}],"wp:featuredmedia":[{"embeddable":true,"href":"https:\/\/candas365.es\/noticias\/wp-json\/wp\/v2\/media\/2364"}],"wp:attachment":[{"href":"https:\/\/candas365.es\/noticias\/wp-json\/wp\/v2\/media?parent=143872"}],"wp:term":[{"taxonomy":"category","embeddable":true,"href":"https:\/\/candas365.es\/noticias\/wp-json\/wp\/v2\/categories?post=143872"},{"taxonomy":"post_tag","embeddable":true,"href":"https:\/\/candas365.es\/noticias\/wp-json\/wp\/v2\/tags?post=143872"}],"curies":[{"name":"wp","href":"https:\/\/api.w.org\/{rel}","templated":true}]}}