{"id":143869,"date":"2020-06-21T14:42:06","date_gmt":"2020-06-21T14:42:06","guid":{"rendered":"http:\/\/candas365.es\/noticias\/?p=143869"},"modified":"2020-06-21T14:42:06","modified_gmt":"2020-06-21T14:42:06","slug":"la-piscina-de-la-mancomunidad-de-cabo-penas-reabrira-sus-puertas","status":"publish","type":"post","link":"https:\/\/candas365.es\/noticias\/la-piscina-de-la-mancomunidad-de-cabo-penas-reabrira-sus-puertas\/","title":{"rendered":"La piscina de la Mancomunidad de Cabo Pe\u00f1as reabrir\u00e1 sus puertas"},"content":{"rendered":"<p><img fetchpriority=\"high\" decoding=\"async\" class=\"alignleft size-medium wp-image-143870\" src=\"https:\/\/candas365.es\/noticias\/wp-content\/uploads\/2020\/06\/swimming-pool-504780_640-360x241.jpg\" alt=\"\" width=\"360\" height=\"241\" srcset=\"https:\/\/candas365.es\/noticias\/wp-content\/uploads\/2020\/06\/swimming-pool-504780_640-360x241.jpg 360w, https:\/\/candas365.es\/noticias\/wp-content\/uploads\/2020\/06\/swimming-pool-504780_640-627x420.jpg 627w, https:\/\/candas365.es\/noticias\/wp-content\/uploads\/2020\/06\/swimming-pool-504780_640.jpg 640w\" sizes=\"(max-width: 360px) 100vw, 360px\" \/>\u201cTras permanecer cerradas al p\u00fablico las instalaciones para su uso deportivo desde la tarde del 12 de marzo abrir\u00e1n al p\u00fablico el lunes, <strong>3 de Agosto<\/strong>. Ha sido necesario un espec\u00edfico proceso de adaptaci\u00f3n a las condiciones y protocolos dise\u00f1ados en el marco de la nueva normativa en materia de seguridad e higiene para este tipo de instalaciones, surgidas tras la crisis sanitaria. <strong>Nuestro gerente ha participado activamente en los grupos de trabajo auton\u00f3micos creados a tal fin<\/strong>. Conocidos los protocolos y adaptadas las medidas contempladas a nuestra piscina estaremos pr\u00f3ximamente en condiciones de abrir de forma responsable y con garant\u00edas para dar un servicio digno a las personas\u201d, explic\u00f3 Amelia Fern\u00e1ndez, Presidenta de la Mancomunidad Cabo Pe\u00f1as.<\/p>\n<p>La reapertura, apunta la presidencia, se llevar\u00e1 a cabo, <strong>con horario diario de Lunes a Viernes 9:30 a 13:00 horas<\/strong>, con cierre a mediod\u00eda para la limpieza y desinfecci\u00f3n, para permanecer abierta, a continuaci\u00f3n, desde las 17 hasta las 22:00 horas en que se proceder\u00e1 a su cierre. Los S\u00e1bados el horario ser\u00e1 de 10 a 13 h. y de 17 a 19 h. <strong>Los Domingos tendr\u00e1 horario matinal siendo la franja deportiva prevista en horario de 10:30 a 13:30 h<\/strong>. y cerrando la instalaci\u00f3n a las 14 horas.<\/p>\n<p>El restablecimiento del ba\u00f1o en la piscina de Antromero, se\u00f1ala, \u201cno solo se har\u00e1 sujeto a ciertas condiciones como son el mantenimiento de los horarios de servicio que ten\u00eda, sino tambi\u00e9n llev\u00e1ndose a cabo las medidas dictadas por las autoridades sanitarias. Para acceder a la piscina ser\u00e1 necesario el control de temperatura para acceder al recinto, ya que la fiebre es uno de los s\u00edntomas del coronavirus, se llevar\u00e1 a cabo una desinfecci\u00f3n completa y diario de todo el recito, poniendo especial atenci\u00f3n en las zonas comunes y los espacios cerrados. La ducha ser\u00e1 obligatoria antes y despu\u00e9s del ba\u00f1o. Estar\u00e1 tambi\u00e9n prohibido jugar dentro del agua a la pelota, saltar, salpicar o introducir colchonetas. Se procurar\u00e1 mantener la distancia de seguridad tanto fuera como dentro del agua, una de las medidas m\u00e1s efectivas para evitar contagios de coronavirus. En caso de que no se pueda mantener la distancia ser\u00e1 preciso el uso de mascarilla en los tr\u00e1nsitos y vestuarios. El personal de socorrismo y control ser\u00e1n los encargados de vigilar que se cumplen estrictamente estas medidas de seguridad para evitar riesgos de contagio de coronavirus. Progresivamente se incorporar\u00e1n medidas tendentes a eliminar el pago en met\u00e1lico\u201d<\/p>\n<p>Amelia Fern\u00e1ndez, adem\u00e1s de \u201cvalorar positivamente el trabajo realizado para la adecuaci\u00f3n de la zona de ba\u00f1o a las nuevas condiciones\u201d, se muestra \u201cesperanzada en que podamos salir pronto de la dif\u00edcil situaci\u00f3n sanitaria en la que nos encontramos inmersos desde hace unos meses\u201d.<\/p>\n<p>&nbsp;<\/p>\n","protected":false},"excerpt":{"rendered":"<p>\u201cTras permanecer cerradas al p\u00fablico las instalaciones para su uso deportivo desde la tarde del 12 de marzo abrir\u00e1n al p\u00fablico el lunes, 3 de Agosto. Ha sido necesario un espec\u00edfico proceso de adaptaci\u00f3n a las condiciones y protocolos dise\u00f1ados en el marco de la nueva normativa en materia de seguridad e higiene para este<\/p>\n","protected":false},"author":1,"featured_media":143870,"comment_status":"closed","ping_status":"closed","sticky":false,"template":"","format":"standard","meta":{"footnotes":""},"categories":[2],"tags":[],"class_list":{"0":"post-143869","1":"post","2":"type-post","3":"status-publish","4":"format-standard","5":"has-post-thumbnail","7":"category-noticias-carreno"},"aioseo_notices":[],"aioseo_head":"\n\t\t<!-- All in One SEO Pro 4.9.6.2 - aioseo.com -->\n\t<meta name=\"description\" content=\"\u201cTras permanecer cerradas al p\u00fablico las instalaciones para su uso deportivo desde la tarde del 12 de marzo abrir\u00e1n al p\u00fablico el lunes, 3 de Agosto. Ha sido necesario un espec\u00edfico proceso de adaptaci\u00f3n a las condiciones y protocolos dise\u00f1ados en el marco de la nueva normativa en materia de seguridad e higiene para este\" \/>\n\t<meta name=\"robots\" content=\"max-image-preview:large\" \/>\n\t<meta name=\"author\" content=\"Cand\u00e1s 365\"\/>\n\t<meta name=\"google-site-verification\" content=\"UA-32230408-1\" \/>\n\t<meta name=\"msvalidate.01\" content=\"354F3CDFB2DA171B47FBE9ABF1F88D5\" \/>\n\t<meta name=\"keywords\" content=\"noticias carre\u00f1o\" \/>\n\t<link rel=\"canonical\" href=\"https:\/\/candas365.es\/noticias\/la-piscina-de-la-mancomunidad-de-cabo-penas-reabrira-sus-puertas\/\" \/>\n\t<meta name=\"generator\" content=\"All in One SEO Pro (AIOSEO) 4.9.6.2\" \/>\n\t\t<meta property=\"og:locale\" content=\"es_ES\" \/>\n\t\t<meta property=\"og:site_name\" content=\"Cand\u00e1s 365\" \/>\n\t\t<meta property=\"og:type\" content=\"article\" \/>\n\t\t<meta property=\"og:title\" content=\"La piscina de la Mancomunidad de Cabo Pe\u00f1as reabrir\u00e1 sus puertas | Cand\u00e1s 365\" \/>\n\t\t<meta property=\"og:description\" content=\"\u201cTras permanecer cerradas al p\u00fablico las instalaciones para su uso deportivo desde la tarde del 12 de marzo abrir\u00e1n al p\u00fablico el lunes, 3 de Agosto. Ha sido necesario un espec\u00edfico proceso de adaptaci\u00f3n a las condiciones y protocolos dise\u00f1ados en el marco de la nueva normativa en materia de seguridad e higiene para este\" \/>\n\t\t<meta property=\"og:url\" content=\"https:\/\/candas365.es\/noticias\/la-piscina-de-la-mancomunidad-de-cabo-penas-reabrira-sus-puertas\/\" \/>\n\t\t<meta property=\"og:image\" content=\"https:\/\/candas365.es\/noticias\/wp-content\/uploads\/2020\/06\/swimming-pool-504780_640.jpg\" \/>\n\t\t<meta property=\"og:image:secure_url\" content=\"https:\/\/candas365.es\/noticias\/wp-content\/uploads\/2020\/06\/swimming-pool-504780_640.jpg\" \/>\n\t\t<meta property=\"og:image:width\" content=\"640\" \/>\n\t\t<meta property=\"og:image:height\" content=\"429\" \/>\n\t\t<meta property=\"article:published_time\" content=\"2020-06-21T14:42:06+00:00\" \/>\n\t\t<meta property=\"article:modified_time\" content=\"2020-06-21T14:42:06+00:00\" \/>\n\t\t<meta property=\"article:publisher\" content=\"https:\/\/www.facebook.com\/Nachofdezber\" \/>\n\t\t<meta property=\"article:author\" content=\"https:\/\/www.facebook.com\/carrenoactualidad\" \/>\n\t\t<meta name=\"twitter:card\" content=\"summary_large_image\" \/>\n\t\t<meta name=\"twitter:site\" content=\"@NabercoDigital\" \/>\n\t\t<meta name=\"twitter:title\" content=\"La piscina de la Mancomunidad de Cabo Pe\u00f1as reabrir\u00e1 sus puertas | Cand\u00e1s 365\" \/>\n\t\t<meta name=\"twitter:description\" content=\"\u201cTras permanecer cerradas al p\u00fablico las instalaciones para su uso deportivo desde la tarde del 12 de marzo abrir\u00e1n al p\u00fablico el lunes, 3 de Agosto. Ha sido necesario un espec\u00edfico proceso de adaptaci\u00f3n a las condiciones y protocolos dise\u00f1ados en el marco de la nueva normativa en materia de seguridad e higiene para este\" \/>\n\t\t<meta name=\"twitter:creator\" content=\"@nbasturias\" \/>\n\t\t<meta name=\"twitter:image\" content=\"https:\/\/candas365.es\/noticias\/wp-content\/uploads\/2020\/06\/swimming-pool-504780_640.jpg\" \/>\n\t\t<meta name=\"twitter:label1\" content=\"Escrito por\" \/>\n\t\t<meta name=\"twitter:data1\" content=\"Cand\u00e1s 365\" \/>\n\t\t<meta name=\"twitter:label2\" content=\"Tiempo de lectura estimado\" \/>\n\t\t<meta name=\"twitter:data2\" content=\"2 minutos\" \/>\n\t\t<script type=\"application\/ld+json\" class=\"aioseo-schema\">\n\t\t\t{\"@context\":\"https:\\\/\\\/schema.org\",\"@graph\":[{\"@type\":\"BreadcrumbList\",\"@id\":\"https:\\\/\\\/candas365.es\\\/noticias\\\/la-piscina-de-la-mancomunidad-de-cabo-penas-reabrira-sus-puertas\\\/#breadcrumblist\",\"itemListElement\":[{\"@type\":\"ListItem\",\"@id\":\"https:\\\/\\\/candas365.es\\\/noticias#listItem\",\"position\":1,\"name\":\"Home\",\"item\":\"https:\\\/\\\/candas365.es\\\/noticias\",\"nextItem\":{\"@type\":\"ListItem\",\"@id\":\"https:\\\/\\\/candas365.es\\\/noticias\\\/category\\\/noticias-carreno\\\/#listItem\",\"name\":\"Noticias Carre\\u00f1o\"}},{\"@type\":\"ListItem\",\"@id\":\"https:\\\/\\\/candas365.es\\\/noticias\\\/category\\\/noticias-carreno\\\/#listItem\",\"position\":2,\"name\":\"Noticias Carre\\u00f1o\",\"item\":\"https:\\\/\\\/candas365.es\\\/noticias\\\/category\\\/noticias-carreno\\\/\",\"nextItem\":{\"@type\":\"ListItem\",\"@id\":\"https:\\\/\\\/candas365.es\\\/noticias\\\/la-piscina-de-la-mancomunidad-de-cabo-penas-reabrira-sus-puertas\\\/#listItem\",\"name\":\"La piscina de la Mancomunidad de Cabo Pe\\u00f1as reabrir\\u00e1 sus puertas\"},\"previousItem\":{\"@type\":\"ListItem\",\"@id\":\"https:\\\/\\\/candas365.es\\\/noticias#listItem\",\"name\":\"Home\"}},{\"@type\":\"ListItem\",\"@id\":\"https:\\\/\\\/candas365.es\\\/noticias\\\/la-piscina-de-la-mancomunidad-de-cabo-penas-reabrira-sus-puertas\\\/#listItem\",\"position\":3,\"name\":\"La piscina de la Mancomunidad de Cabo Pe\\u00f1as reabrir\\u00e1 sus puertas\",\"previousItem\":{\"@type\":\"ListItem\",\"@id\":\"https:\\\/\\\/candas365.es\\\/noticias\\\/category\\\/noticias-carreno\\\/#listItem\",\"name\":\"Noticias Carre\\u00f1o\"}}]},{\"@type\":\"NewsArticle\",\"@id\":\"https:\\\/\\\/candas365.es\\\/noticias\\\/la-piscina-de-la-mancomunidad-de-cabo-penas-reabrira-sus-puertas\\\/#newsarticle\",\"name\":\"La piscina de la Mancomunidad de Cabo Pe\\u00f1as reabrir\\u00e1 sus puertas | Cand\\u00e1s 365\",\"headline\":\"La piscina de la Mancomunidad de Cabo Pe\\u00f1as reabrir\\u00e1 sus puertas\",\"author\":{\"@id\":\"https:\\\/\\\/candas365.es\\\/noticias\\\/author\\\/admin\\\/#author\"},\"publisher\":{\"@id\":\"https:\\\/\\\/candas365.es\\\/noticias\\\/#organization\"},\"image\":{\"@type\":\"ImageObject\",\"url\":\"https:\\\/\\\/candas365.es\\\/noticias\\\/wp-content\\\/uploads\\\/2020\\\/06\\\/swimming-pool-504780_640.jpg\",\"width\":640,\"height\":429},\"datePublished\":\"2020-06-21T14:42:06+02:00\",\"dateModified\":\"2020-06-21T14:42:06+02:00\",\"inLanguage\":\"es-ES\",\"mainEntityOfPage\":{\"@id\":\"https:\\\/\\\/candas365.es\\\/noticias\\\/la-piscina-de-la-mancomunidad-de-cabo-penas-reabrira-sus-puertas\\\/#webpage\"},\"isPartOf\":{\"@id\":\"https:\\\/\\\/candas365.es\\\/noticias\\\/la-piscina-de-la-mancomunidad-de-cabo-penas-reabrira-sus-puertas\\\/#webpage\"},\"articleSection\":\"Noticias Carre\\u00f1o\",\"dateline\":\"Publicado el junio 21, 2020.\"},{\"@type\":\"Organization\",\"@id\":\"https:\\\/\\\/candas365.es\\\/noticias\\\/#organization\",\"name\":\"Cand\\u00e1s 365\",\"description\":\"Cand\\u00e1s 365 es un diario digital independiente, fundado en 2012, con base en Asturias. Informamos con rigor sobre actualidad, sociedad, cultura y ocio, con una mirada local y global.\",\"url\":\"https:\\\/\\\/candas365.es\\\/noticias\\\/\",\"email\":\"info@candas365.es\",\"telephone\":\"+34652131393\",\"foundingDate\":\"2012-06-10\",\"logo\":{\"@type\":\"ImageObject\",\"url\":\"https:\\\/\\\/candas365.es\\\/noticias\\\/wp-content\\\/uploads\\\/2024\\\/09\\\/Candas-365-Redes.jpg\",\"@id\":\"https:\\\/\\\/candas365.es\\\/noticias\\\/la-piscina-de-la-mancomunidad-de-cabo-penas-reabrira-sus-puertas\\\/#organizationLogo\",\"width\":1152,\"height\":864,\"caption\":\"Cand\\u00e1s 365 Redes\"},\"image\":{\"@id\":\"https:\\\/\\\/candas365.es\\\/noticias\\\/la-piscina-de-la-mancomunidad-de-cabo-penas-reabrira-sus-puertas\\\/#organizationLogo\"},\"sameAs\":[\"https:\\\/\\\/www.facebook.com\\\/Nachofdezber\",\"https:\\\/\\\/x.com\\\/NabercoDigital\",\"https:\\\/\\\/www.instagram.com\\\/nachofdezber\\\/\",\"https:\\\/\\\/www.youtube.com\\\/channel\\\/UCZP-2wLEB9Rv6erhFmqVnvg\"],\"address\":{\"@id\":\"https:\\\/\\\/candas365.es\\\/noticias\\\/#postaladdress\",\"@type\":\"PostalAddress\",\"streetAddress\":\"san antonio 4, san antonio 4\",\"postalCode\":\"33430\",\"addressLocality\":\"Cand\\u00e1s\",\"addressRegion\":\"Asturias\",\"addressCountry\":\"ES\"}},{\"@type\":\"Person\",\"@id\":\"https:\\\/\\\/candas365.es\\\/noticias\\\/author\\\/admin\\\/#author\",\"url\":\"https:\\\/\\\/candas365.es\\\/noticias\\\/author\\\/admin\\\/\",\"name\":\"Cand\\u00e1s 365\",\"image\":{\"@type\":\"ImageObject\",\"@id\":\"https:\\\/\\\/candas365.es\\\/noticias\\\/la-piscina-de-la-mancomunidad-de-cabo-penas-reabrira-sus-puertas\\\/#authorImage\",\"url\":\"https:\\\/\\\/secure.gravatar.com\\\/avatar\\\/496a8e03d0c493ede1718b7934145dbdf8d89be1036b0eec9544e1094c9de390?s=96&d=mm&r=g\",\"width\":96,\"height\":96,\"caption\":\"Cand\\u00e1s 365\"},\"sameAs\":[\"https:\\\/\\\/www.facebook.com\\\/carrenoactualidad\",\"https:\\\/\\\/twitter.com\\\/nbasturias\",\"https:\\\/\\\/www.instagram.com\\\/nachofdezber\\\/\",\"https:\\\/\\\/www.youtube.com\\\/channel\\\/UCZP-2wLEB9Rv6erhFmqVnvg\"]},{\"@type\":\"WebPage\",\"@id\":\"https:\\\/\\\/candas365.es\\\/noticias\\\/la-piscina-de-la-mancomunidad-de-cabo-penas-reabrira-sus-puertas\\\/#webpage\",\"url\":\"https:\\\/\\\/candas365.es\\\/noticias\\\/la-piscina-de-la-mancomunidad-de-cabo-penas-reabrira-sus-puertas\\\/\",\"name\":\"La piscina de la Mancomunidad de Cabo Pe\\u00f1as reabrir\\u00e1 sus puertas | Cand\\u00e1s 365\",\"description\":\"\\u201cTras permanecer cerradas al p\\u00fablico las instalaciones para su uso deportivo desde la tarde del 12 de marzo abrir\\u00e1n al p\\u00fablico el lunes, 3 de Agosto. Ha sido necesario un espec\\u00edfico proceso de adaptaci\\u00f3n a las condiciones y protocolos dise\\u00f1ados en el marco de la nueva normativa en materia de seguridad e higiene para este\",\"inLanguage\":\"es-ES\",\"isPartOf\":{\"@id\":\"https:\\\/\\\/candas365.es\\\/noticias\\\/#website\"},\"breadcrumb\":{\"@id\":\"https:\\\/\\\/candas365.es\\\/noticias\\\/la-piscina-de-la-mancomunidad-de-cabo-penas-reabrira-sus-puertas\\\/#breadcrumblist\"},\"author\":{\"@id\":\"https:\\\/\\\/candas365.es\\\/noticias\\\/author\\\/admin\\\/#author\"},\"creator\":{\"@id\":\"https:\\\/\\\/candas365.es\\\/noticias\\\/author\\\/admin\\\/#author\"},\"image\":{\"@type\":\"ImageObject\",\"url\":\"https:\\\/\\\/candas365.es\\\/noticias\\\/wp-content\\\/uploads\\\/2020\\\/06\\\/swimming-pool-504780_640.jpg\",\"@id\":\"https:\\\/\\\/candas365.es\\\/noticias\\\/la-piscina-de-la-mancomunidad-de-cabo-penas-reabrira-sus-puertas\\\/#mainImage\",\"width\":640,\"height\":429},\"primaryImageOfPage\":{\"@id\":\"https:\\\/\\\/candas365.es\\\/noticias\\\/la-piscina-de-la-mancomunidad-de-cabo-penas-reabrira-sus-puertas\\\/#mainImage\"},\"datePublished\":\"2020-06-21T14:42:06+02:00\",\"dateModified\":\"2020-06-21T14:42:06+02:00\"},{\"@type\":\"WebSite\",\"@id\":\"https:\\\/\\\/candas365.es\\\/noticias\\\/#website\",\"url\":\"https:\\\/\\\/candas365.es\\\/noticias\\\/\",\"name\":\"Cand\\u00e1s 365\",\"alternateName\":\"Cand\\u00e1s 365 Noticias\",\"description\":\"Actualidad desde Carre\\u00f1o para el mundo\",\"inLanguage\":\"es-ES\",\"publisher\":{\"@id\":\"https:\\\/\\\/candas365.es\\\/noticias\\\/#organization\"}}]}\n\t\t<\/script>\n\t\t<!-- All in One SEO Pro -->\r\n\t\t<title>La piscina de la Mancomunidad de Cabo Pe\u00f1as reabrir\u00e1 sus puertas | Cand\u00e1s 365<\/title>\n\n","aioseo_head_json":{"title":"La piscina de la Mancomunidad de Cabo Pe\u00f1as reabrir\u00e1 sus puertas | Cand\u00e1s 365","description":"\u201cTras permanecer cerradas al p\u00fablico las instalaciones para su uso deportivo desde la tarde del 12 de marzo abrir\u00e1n al p\u00fablico el lunes, 3 de Agosto. Ha sido necesario un espec\u00edfico proceso de adaptaci\u00f3n a las condiciones y protocolos dise\u00f1ados en el marco de la nueva normativa en materia de seguridad e higiene para este","canonical_url":"https:\/\/candas365.es\/noticias\/la-piscina-de-la-mancomunidad-de-cabo-penas-reabrira-sus-puertas\/","robots":"max-image-preview:large","keywords":"noticias carre\u00f1o","webmasterTools":{"google-site-verification":"UA-32230408-1","msvalidate.01":"354F3CDFB2DA171B47FBE9ABF1F88D5","miscellaneous":""},"schema":{"@context":"https:\/\/schema.org","@graph":[{"@type":"BreadcrumbList","@id":"https:\/\/candas365.es\/noticias\/la-piscina-de-la-mancomunidad-de-cabo-penas-reabrira-sus-puertas\/#breadcrumblist","itemListElement":[{"@type":"ListItem","@id":"https:\/\/candas365.es\/noticias#listItem","position":1,"name":"Home","item":"https:\/\/candas365.es\/noticias","nextItem":{"@type":"ListItem","@id":"https:\/\/candas365.es\/noticias\/category\/noticias-carreno\/#listItem","name":"Noticias Carre\u00f1o"}},{"@type":"ListItem","@id":"https:\/\/candas365.es\/noticias\/category\/noticias-carreno\/#listItem","position":2,"name":"Noticias Carre\u00f1o","item":"https:\/\/candas365.es\/noticias\/category\/noticias-carreno\/","nextItem":{"@type":"ListItem","@id":"https:\/\/candas365.es\/noticias\/la-piscina-de-la-mancomunidad-de-cabo-penas-reabrira-sus-puertas\/#listItem","name":"La piscina de la Mancomunidad de Cabo Pe\u00f1as reabrir\u00e1 sus puertas"},"previousItem":{"@type":"ListItem","@id":"https:\/\/candas365.es\/noticias#listItem","name":"Home"}},{"@type":"ListItem","@id":"https:\/\/candas365.es\/noticias\/la-piscina-de-la-mancomunidad-de-cabo-penas-reabrira-sus-puertas\/#listItem","position":3,"name":"La piscina de la Mancomunidad de Cabo Pe\u00f1as reabrir\u00e1 sus puertas","previousItem":{"@type":"ListItem","@id":"https:\/\/candas365.es\/noticias\/category\/noticias-carreno\/#listItem","name":"Noticias Carre\u00f1o"}}]},{"@type":"NewsArticle","@id":"https:\/\/candas365.es\/noticias\/la-piscina-de-la-mancomunidad-de-cabo-penas-reabrira-sus-puertas\/#newsarticle","name":"La piscina de la Mancomunidad de Cabo Pe\u00f1as reabrir\u00e1 sus puertas | Cand\u00e1s 365","headline":"La piscina de la Mancomunidad de Cabo Pe\u00f1as reabrir\u00e1 sus puertas","author":{"@id":"https:\/\/candas365.es\/noticias\/author\/admin\/#author"},"publisher":{"@id":"https:\/\/candas365.es\/noticias\/#organization"},"image":{"@type":"ImageObject","url":"https:\/\/candas365.es\/noticias\/wp-content\/uploads\/2020\/06\/swimming-pool-504780_640.jpg","width":640,"height":429},"datePublished":"2020-06-21T14:42:06+02:00","dateModified":"2020-06-21T14:42:06+02:00","inLanguage":"es-ES","mainEntityOfPage":{"@id":"https:\/\/candas365.es\/noticias\/la-piscina-de-la-mancomunidad-de-cabo-penas-reabrira-sus-puertas\/#webpage"},"isPartOf":{"@id":"https:\/\/candas365.es\/noticias\/la-piscina-de-la-mancomunidad-de-cabo-penas-reabrira-sus-puertas\/#webpage"},"articleSection":"Noticias Carre\u00f1o","dateline":"Publicado el junio 21, 2020."},{"@type":"Organization","@id":"https:\/\/candas365.es\/noticias\/#organization","name":"Cand\u00e1s 365","description":"Cand\u00e1s 365 es un diario digital independiente, fundado en 2012, con base en Asturias. Informamos con rigor sobre actualidad, sociedad, cultura y ocio, con una mirada local y global.","url":"https:\/\/candas365.es\/noticias\/","email":"info@candas365.es","telephone":"+34652131393","foundingDate":"2012-06-10","logo":{"@type":"ImageObject","url":"https:\/\/candas365.es\/noticias\/wp-content\/uploads\/2024\/09\/Candas-365-Redes.jpg","@id":"https:\/\/candas365.es\/noticias\/la-piscina-de-la-mancomunidad-de-cabo-penas-reabrira-sus-puertas\/#organizationLogo","width":1152,"height":864,"caption":"Cand\u00e1s 365 Redes"},"image":{"@id":"https:\/\/candas365.es\/noticias\/la-piscina-de-la-mancomunidad-de-cabo-penas-reabrira-sus-puertas\/#organizationLogo"},"sameAs":["https:\/\/www.facebook.com\/Nachofdezber","https:\/\/x.com\/NabercoDigital","https:\/\/www.instagram.com\/nachofdezber\/","https:\/\/www.youtube.com\/channel\/UCZP-2wLEB9Rv6erhFmqVnvg"],"address":{"@id":"https:\/\/candas365.es\/noticias\/#postaladdress","@type":"PostalAddress","streetAddress":"san antonio 4, san antonio 4","postalCode":"33430","addressLocality":"Cand\u00e1s","addressRegion":"Asturias","addressCountry":"ES"}},{"@type":"Person","@id":"https:\/\/candas365.es\/noticias\/author\/admin\/#author","url":"https:\/\/candas365.es\/noticias\/author\/admin\/","name":"Cand\u00e1s 365","image":{"@type":"ImageObject","@id":"https:\/\/candas365.es\/noticias\/la-piscina-de-la-mancomunidad-de-cabo-penas-reabrira-sus-puertas\/#authorImage","url":"https:\/\/secure.gravatar.com\/avatar\/496a8e03d0c493ede1718b7934145dbdf8d89be1036b0eec9544e1094c9de390?s=96&d=mm&r=g","width":96,"height":96,"caption":"Cand\u00e1s 365"},"sameAs":["https:\/\/www.facebook.com\/carrenoactualidad","https:\/\/twitter.com\/nbasturias","https:\/\/www.instagram.com\/nachofdezber\/","https:\/\/www.youtube.com\/channel\/UCZP-2wLEB9Rv6erhFmqVnvg"]},{"@type":"WebPage","@id":"https:\/\/candas365.es\/noticias\/la-piscina-de-la-mancomunidad-de-cabo-penas-reabrira-sus-puertas\/#webpage","url":"https:\/\/candas365.es\/noticias\/la-piscina-de-la-mancomunidad-de-cabo-penas-reabrira-sus-puertas\/","name":"La piscina de la Mancomunidad de Cabo Pe\u00f1as reabrir\u00e1 sus puertas | Cand\u00e1s 365","description":"\u201cTras permanecer cerradas al p\u00fablico las instalaciones para su uso deportivo desde la tarde del 12 de marzo abrir\u00e1n al p\u00fablico el lunes, 3 de Agosto. Ha sido necesario un espec\u00edfico proceso de adaptaci\u00f3n a las condiciones y protocolos dise\u00f1ados en el marco de la nueva normativa en materia de seguridad e higiene para este","inLanguage":"es-ES","isPartOf":{"@id":"https:\/\/candas365.es\/noticias\/#website"},"breadcrumb":{"@id":"https:\/\/candas365.es\/noticias\/la-piscina-de-la-mancomunidad-de-cabo-penas-reabrira-sus-puertas\/#breadcrumblist"},"author":{"@id":"https:\/\/candas365.es\/noticias\/author\/admin\/#author"},"creator":{"@id":"https:\/\/candas365.es\/noticias\/author\/admin\/#author"},"image":{"@type":"ImageObject","url":"https:\/\/candas365.es\/noticias\/wp-content\/uploads\/2020\/06\/swimming-pool-504780_640.jpg","@id":"https:\/\/candas365.es\/noticias\/la-piscina-de-la-mancomunidad-de-cabo-penas-reabrira-sus-puertas\/#mainImage","width":640,"height":429},"primaryImageOfPage":{"@id":"https:\/\/candas365.es\/noticias\/la-piscina-de-la-mancomunidad-de-cabo-penas-reabrira-sus-puertas\/#mainImage"},"datePublished":"2020-06-21T14:42:06+02:00","dateModified":"2020-06-21T14:42:06+02:00"},{"@type":"WebSite","@id":"https:\/\/candas365.es\/noticias\/#website","url":"https:\/\/candas365.es\/noticias\/","name":"Cand\u00e1s 365","alternateName":"Cand\u00e1s 365 Noticias","description":"Actualidad desde Carre\u00f1o para el mundo","inLanguage":"es-ES","publisher":{"@id":"https:\/\/candas365.es\/noticias\/#organization"}}]},"og:locale":"es_ES","og:site_name":"Cand\u00e1s 365","og:type":"article","og:title":"La piscina de la Mancomunidad de Cabo Pe\u00f1as reabrir\u00e1 sus puertas | Cand\u00e1s 365","og:description":"\u201cTras permanecer cerradas al p\u00fablico las instalaciones para su uso deportivo desde la tarde del 12 de marzo abrir\u00e1n al p\u00fablico el lunes, 3 de Agosto. Ha sido necesario un espec\u00edfico proceso de adaptaci\u00f3n a las condiciones y protocolos dise\u00f1ados en el marco de la nueva normativa en materia de seguridad e higiene para este","og:url":"https:\/\/candas365.es\/noticias\/la-piscina-de-la-mancomunidad-de-cabo-penas-reabrira-sus-puertas\/","og:image":"https:\/\/candas365.es\/noticias\/wp-content\/uploads\/2020\/06\/swimming-pool-504780_640.jpg","og:image:secure_url":"https:\/\/candas365.es\/noticias\/wp-content\/uploads\/2020\/06\/swimming-pool-504780_640.jpg","og:image:width":640,"og:image:height":429,"article:published_time":"2020-06-21T14:42:06+00:00","article:modified_time":"2020-06-21T14:42:06+00:00","article:publisher":"https:\/\/www.facebook.com\/Nachofdezber","article:author":"https:\/\/www.facebook.com\/carrenoactualidad","twitter:card":"summary_large_image","twitter:site":"@NabercoDigital","twitter:title":"La piscina de la Mancomunidad de Cabo Pe\u00f1as reabrir\u00e1 sus puertas | Cand\u00e1s 365","twitter:description":"\u201cTras permanecer cerradas al p\u00fablico las instalaciones para su uso deportivo desde la tarde del 12 de marzo abrir\u00e1n al p\u00fablico el lunes, 3 de Agosto. Ha sido necesario un espec\u00edfico proceso de adaptaci\u00f3n a las condiciones y protocolos dise\u00f1ados en el marco de la nueva normativa en materia de seguridad e higiene para este","twitter:creator":"@nbasturias","twitter:image":"https:\/\/candas365.es\/noticias\/wp-content\/uploads\/2020\/06\/swimming-pool-504780_640.jpg","twitter:label1":"Escrito por","twitter:data1":"Cand\u00e1s 365","twitter:label2":"Tiempo de lectura estimado","twitter:data2":"2 minutos"},"aioseo_meta_data":{"post_id":"143869","title":null,"description":null,"keywords":null,"keyphrases":null,"primary_term":null,"canonical_url":null,"og_title":null,"og_description":null,"og_object_type":"default","og_image_type":"default","og_image_url":null,"og_image_width":null,"og_image_height":null,"og_image_custom_url":null,"og_image_custom_fields":null,"og_video":null,"og_custom_url":null,"og_article_section":null,"og_article_tags":null,"twitter_use_og":false,"twitter_card":"default","twitter_image_type":"default","twitter_image_url":null,"twitter_image_custom_url":null,"twitter_image_custom_fields":null,"twitter_title":null,"twitter_description":null,"schema":{"blockGraphs":[],"customGraphs":[],"default":{"data":{"Article":[],"Course":[],"Dataset":[],"FAQPage":[],"Movie":[],"Person":[],"Product":[],"ProductReview":[],"Car":[],"Recipe":[],"Service":[],"SoftwareApplication":[],"WebPage":[]},"graphName":"","isEnabled":true},"graphs":[],"defaultGraph":"","defaultPostTypeGraph":""},"schema_type":null,"schema_type_options":null,"pillar_content":false,"robots_default":true,"robots_noindex":false,"robots_noarchive":false,"robots_nosnippet":false,"robots_nofollow":false,"robots_noimageindex":false,"robots_noodp":false,"robots_notranslate":false,"robots_max_snippet":null,"robots_max_videopreview":null,"robots_max_imagepreview":"large","priority":null,"frequency":null,"location":null,"local_seo":null,"seo_analyzer_scan_date":"2025-08-31 07:13:15","breadcrumb_settings":null,"limit_modified_date":false,"reviewed_by":null,"open_ai":null,"ai":null,"created":"2020-12-21 10:41:23","updated":"2025-08-31 07:13:15"},"aioseo_breadcrumb":"<div class=\"aioseo-breadcrumbs\"><span class=\"aioseo-breadcrumb\">\n\t<a href=\"https:\/\/candas365.es\/noticias\" title=\"Home\">Home<\/a>\n<\/span><span class=\"aioseo-breadcrumb-separator\">&ndash;<\/span><span class=\"aioseo-breadcrumb\">\n\t<a href=\"https:\/\/candas365.es\/noticias\/category\/noticias-carreno\/\" title=\"Noticias Carre\u00f1o\">Noticias Carre\u00f1o<\/a>\n<\/span><span class=\"aioseo-breadcrumb-separator\">&ndash;<\/span><span class=\"aioseo-breadcrumb\">\n\tLa piscina de la Mancomunidad de Cabo Pe\u00f1as reabrir\u00e1 sus puertas\n<\/span><\/div>","aioseo_breadcrumb_json":[{"label":"Home","link":"https:\/\/candas365.es\/noticias"},{"label":"Noticias Carre\u00f1o","link":"https:\/\/candas365.es\/noticias\/category\/noticias-carreno\/"},{"label":"La piscina de la Mancomunidad de Cabo Pe\u00f1as reabrir\u00e1 sus puertas","link":"https:\/\/candas365.es\/noticias\/la-piscina-de-la-mancomunidad-de-cabo-penas-reabrira-sus-puertas\/"}],"_links":{"self":[{"href":"https:\/\/candas365.es\/noticias\/wp-json\/wp\/v2\/posts\/143869","targetHints":{"allow":["GET"]}}],"collection":[{"href":"https:\/\/candas365.es\/noticias\/wp-json\/wp\/v2\/posts"}],"about":[{"href":"https:\/\/candas365.es\/noticias\/wp-json\/wp\/v2\/types\/post"}],"author":[{"embeddable":true,"href":"https:\/\/candas365.es\/noticias\/wp-json\/wp\/v2\/users\/1"}],"replies":[{"embeddable":true,"href":"https:\/\/candas365.es\/noticias\/wp-json\/wp\/v2\/comments?post=143869"}],"version-history":[{"count":0,"href":"https:\/\/candas365.es\/noticias\/wp-json\/wp\/v2\/posts\/143869\/revisions"}],"wp:featuredmedia":[{"embeddable":true,"href":"https:\/\/candas365.es\/noticias\/wp-json\/wp\/v2\/media\/143870"}],"wp:attachment":[{"href":"https:\/\/candas365.es\/noticias\/wp-json\/wp\/v2\/media?parent=143869"}],"wp:term":[{"taxonomy":"category","embeddable":true,"href":"https:\/\/candas365.es\/noticias\/wp-json\/wp\/v2\/categories?post=143869"},{"taxonomy":"post_tag","embeddable":true,"href":"https:\/\/candas365.es\/noticias\/wp-json\/wp\/v2\/tags?post=143869"}],"curies":[{"name":"wp","href":"https:\/\/api.w.org\/{rel}","templated":true}]}}