{"id":143864,"date":"2020-06-21T14:24:23","date_gmt":"2020-06-21T14:24:23","guid":{"rendered":"http:\/\/candas365.es\/noticias\/?p=143864"},"modified":"2020-06-21T14:24:23","modified_gmt":"2020-06-21T14:24:23","slug":"candas-se-suma-a-la-iniciativa-luzporlaela","status":"publish","type":"post","link":"https:\/\/candas365.es\/noticias\/candas-se-suma-a-la-iniciativa-luzporlaela\/","title":{"rendered":"Cand\u00e1s se suma a la iniciativa #LuzporlaEla"},"content":{"rendered":"<p><img fetchpriority=\"high\" decoding=\"async\" class=\"alignleft size-medium wp-image-143865\" src=\"https:\/\/candas365.es\/noticias\/wp-content\/uploads\/2020\/06\/Cand\u00e1s-ELA-360x265.jpg\" alt=\"\" width=\"360\" height=\"265\" srcset=\"https:\/\/candas365.es\/noticias\/wp-content\/uploads\/2020\/06\/Cand\u00e1s-ELA-360x265.jpg 360w, https:\/\/candas365.es\/noticias\/wp-content\/uploads\/2020\/06\/Cand\u00e1s-ELA-571x420.jpg 571w, https:\/\/candas365.es\/noticias\/wp-content\/uploads\/2020\/06\/Cand\u00e1s-ELA-80x60.jpg 80w, https:\/\/candas365.es\/noticias\/wp-content\/uploads\/2020\/06\/Cand\u00e1s-ELA.jpg 614w\" sizes=\"(max-width: 360px) 100vw, 360px\" \/>\u201cCon el objetivo de visibilizar la enfermedad y sensibilizar a la poblaci\u00f3n en general sobre las necesidades de las personas que padecen esta enfermedad y sus familiares, desde el anochecer del s\u00e1bado 20 de junio, y hasta el domingo 21, D\u00eda Mundial contra esta terrible enfermedad, las luces que iluminan la escultura de \u201cla Redera\u201d situada en la calle de la Estrecha ser\u00e1n de color verde, al igual que la iluminaci\u00f3n exterior del Antiguo Ayuntamiento. Verde porque es el color que representa a esta dolencia, el verde esperanza\u201d <strong>se\u00f1al\u00f3 Cecilia Tasc\u00f3n<\/strong>, edil de Igualdad.<\/p>\n<p>El a\u00f1o pasado, Carre\u00f1o, junto con Gij\u00f3n y Mieres, se sumaron a esta iniciativa solidaria. En total, en m\u00e1s de 100 Ayuntamientos de toda Espa\u00f1a el color verde fue el protagonista en la noche del 21 de junio. Tres de ellos asturianos.<\/p>\n<p><strong>En 1997 se celebr\u00f3 por primera el D\u00eda Mundial contra la ELA<\/strong>. \u201cDesde entonces, cada 21 de junio alzamos la voz para situar la ELA y el apoyo a las personas afectadas como prioridad en la sociedad. Es un d\u00eda para la involucraci\u00f3n ciudadana, de organismos p\u00fablicos y empresas privadas, con el fin de dar visibilidad a esta dura enfermedad, ayudar a mejorar la calidad de vida de los pacientes y familiares y reivindicar la necesidad de impulsar la investigaci\u00f3n\u201d, explic\u00f3 Mar\u00eda Jos\u00e9 Arregui, Vicepresidenta de la Fundaci\u00f3n Luz\u00f3n.<\/p>\n<p>La Esclerosis Lateral Amiotr\u00f3fica es una enfermedad neuromuscular degenerativa en las que las c\u00e9lulas que c\u00e9lulas que controlan el movimiento de la musculatura voluntaria disminuyen su funcionamiento gradualmente y mueren, provocando una paralizaci\u00f3n progresiva de la persona afectada en un corto espacio de tiempo, impidi\u00e9ndoles sonre\u00edr, hablar, comer, moverse o respirar por s\u00ed solos. No existe ning\u00fan tratamiento contra ella, aunque s\u00ed hay f\u00e1rmacos y terapias para combatir sus s\u00edntomas (alteraciones respiratorias, alteraciones del sue\u00f1o o calambres).<\/p>\n<p>Es la enfermedad neuromuscular m\u00e1s frecuente que no afecta a la capacidad cognitiva. Siendo la tercera dolencia neurodegenerativa m\u00e1s com\u00fan en Espa\u00f1a tras la demencia el p\u00e1rkinson. Se estima que cada d\u00eda se diagnostican tres nuevos casos de ELA, 1.000 al a\u00f1o, los mismos que personas fallecidas. Aunque no existe un mapa sobre personas enfermas de ELA, se estima que el n\u00famero de personas afectadas en la actualidad en nuestro pa\u00eds ronda las 4.000 personas.<\/p>\n<p>La incidencia de esta enfermedad en Asturias es medio-alta, diagnostic\u00e1ndose en torno 20 casos nuevos al a\u00f1o. El n\u00famero de personas diagnosticadas de ELA en Asturias es de cerca de 140 pacientes, la mayor\u00eda de los cuales son atendidos en el HUCA, en la unidad multidisciplinar de atenci\u00f3n a la ELA.<\/p>\n<p>Tener ELA supone un gasto medio de 35.000 \u20ac al a\u00f1o por paciente (personal cuidador, adaptaciones del hogar, dispositivos auxiliares de ayuda, tratamientos y cuidados,\u2026). Muchos de estos cuidados necesarios no est\u00e1n cubiertos por el Sistema Nacional de Salud, existiendo, adem\u00e1s, diferencias entre los distintos territorios en cuanto a la asistencia sanitaria. Esto y que la mayor\u00eda de las personas afectadas no disponen de los recursos necesarios para hacer frente a los gastos de esta terrible enfermedad, acaba suponiendo un problema econ\u00f3mico tanto para la persona afectada como para su entorno familiar.<\/p>\n<p>Como consecuencia de esto, y con el objetivo de sensibilizar a la poblaci\u00f3n y reivindicar m\u00e1s apoyo de las instituciones gubernamentales surge otra de las iniciativas de la Fundaci\u00f3n Luz\u00f3n y de las asociaciones de ELA \u201cWelapop: si no puedes con tu vida, v\u00e9ndela\u201d. Una plataforma ficticia donde las personas enfermas \u201cvenden on-line\u201d aquello a lo que han tenido que renunciar para poder costear los gastos de su enfermedad.<\/p>\n<p>&nbsp;<\/p>\n","protected":false},"excerpt":{"rendered":"<p>\u201cCon el objetivo de visibilizar la enfermedad y sensibilizar a la poblaci\u00f3n en general sobre las necesidades de las personas que padecen esta enfermedad y sus familiares, desde el anochecer del s\u00e1bado 20 de junio, y hasta el domingo 21, D\u00eda Mundial contra esta terrible enfermedad, las luces que iluminan la escultura de \u201cla Redera\u201d<\/p>\n","protected":false},"author":1,"featured_media":143865,"comment_status":"closed","ping_status":"closed","sticky":false,"template":"","format":"standard","meta":{"footnotes":""},"categories":[2],"tags":[],"class_list":{"0":"post-143864","1":"post","2":"type-post","3":"status-publish","4":"format-standard","5":"has-post-thumbnail","7":"category-noticias-carreno"},"aioseo_notices":[],"aioseo_head":"\n\t\t<!-- All in One SEO Pro 4.9.6.2 - aioseo.com -->\n\t<meta name=\"description\" content=\"\u201cCon el objetivo de visibilizar la enfermedad y sensibilizar a la poblaci\u00f3n en general sobre las necesidades de las personas que padecen esta enfermedad y sus familiares, desde el anochecer del s\u00e1bado 20 de junio, y hasta el domingo 21, D\u00eda Mundial contra esta terrible enfermedad, las luces que iluminan la escultura de \u201cla Redera\u201d\" \/>\n\t<meta name=\"robots\" content=\"max-image-preview:large\" \/>\n\t<meta name=\"author\" content=\"Cand\u00e1s 365\"\/>\n\t<meta name=\"google-site-verification\" content=\"UA-32230408-1\" \/>\n\t<meta name=\"msvalidate.01\" content=\"354F3CDFB2DA171B47FBE9ABF1F88D5\" \/>\n\t<meta name=\"keywords\" content=\"noticias carre\u00f1o\" \/>\n\t<link rel=\"canonical\" href=\"https:\/\/candas365.es\/noticias\/candas-se-suma-a-la-iniciativa-luzporlaela\/\" \/>\n\t<meta name=\"generator\" content=\"All in One SEO Pro (AIOSEO) 4.9.6.2\" \/>\n\t\t<meta property=\"og:locale\" content=\"es_ES\" \/>\n\t\t<meta property=\"og:site_name\" content=\"Cand\u00e1s 365\" \/>\n\t\t<meta property=\"og:type\" content=\"article\" \/>\n\t\t<meta property=\"og:title\" content=\"Cand\u00e1s se suma a la iniciativa #LuzporlaEla | Cand\u00e1s 365\" \/>\n\t\t<meta property=\"og:description\" content=\"\u201cCon el objetivo de visibilizar la enfermedad y sensibilizar a la poblaci\u00f3n en general sobre las necesidades de las personas que padecen esta enfermedad y sus familiares, desde el anochecer del s\u00e1bado 20 de junio, y hasta el domingo 21, D\u00eda Mundial contra esta terrible enfermedad, las luces que iluminan la escultura de \u201cla Redera\u201d\" \/>\n\t\t<meta property=\"og:url\" content=\"https:\/\/candas365.es\/noticias\/candas-se-suma-a-la-iniciativa-luzporlaela\/\" \/>\n\t\t<meta property=\"og:image\" content=\"https:\/\/candas365.es\/noticias\/wp-content\/uploads\/2020\/06\/Cand\u00e1s-ELA.jpg\" \/>\n\t\t<meta property=\"og:image:secure_url\" content=\"https:\/\/candas365.es\/noticias\/wp-content\/uploads\/2020\/06\/Cand\u00e1s-ELA.jpg\" \/>\n\t\t<meta property=\"og:image:width\" content=\"614\" \/>\n\t\t<meta property=\"og:image:height\" content=\"452\" \/>\n\t\t<meta property=\"article:published_time\" content=\"2020-06-21T14:24:23+00:00\" \/>\n\t\t<meta property=\"article:modified_time\" content=\"2020-06-21T14:24:23+00:00\" \/>\n\t\t<meta property=\"article:publisher\" content=\"https:\/\/www.facebook.com\/Nachofdezber\" \/>\n\t\t<meta property=\"article:author\" content=\"https:\/\/www.facebook.com\/carrenoactualidad\" \/>\n\t\t<meta name=\"twitter:card\" content=\"summary_large_image\" \/>\n\t\t<meta name=\"twitter:site\" content=\"@NabercoDigital\" \/>\n\t\t<meta name=\"twitter:title\" content=\"Cand\u00e1s se suma a la iniciativa #LuzporlaEla | Cand\u00e1s 365\" \/>\n\t\t<meta name=\"twitter:description\" content=\"\u201cCon el objetivo de visibilizar la enfermedad y sensibilizar a la poblaci\u00f3n en general sobre las necesidades de las personas que padecen esta enfermedad y sus familiares, desde el anochecer del s\u00e1bado 20 de junio, y hasta el domingo 21, D\u00eda Mundial contra esta terrible enfermedad, las luces que iluminan la escultura de \u201cla Redera\u201d\" \/>\n\t\t<meta name=\"twitter:creator\" content=\"@nbasturias\" \/>\n\t\t<meta name=\"twitter:image\" content=\"https:\/\/candas365.es\/noticias\/wp-content\/uploads\/2020\/06\/Cand\u00e1s-ELA.jpg\" \/>\n\t\t<meta name=\"twitter:label1\" content=\"Escrito por\" \/>\n\t\t<meta name=\"twitter:data1\" content=\"Cand\u00e1s 365\" \/>\n\t\t<meta name=\"twitter:label2\" content=\"Tiempo de lectura estimado\" \/>\n\t\t<meta name=\"twitter:data2\" content=\"3 minutos\" \/>\n\t\t<script type=\"application\/ld+json\" class=\"aioseo-schema\">\n\t\t\t{\"@context\":\"https:\\\/\\\/schema.org\",\"@graph\":[{\"@type\":\"BreadcrumbList\",\"@id\":\"https:\\\/\\\/candas365.es\\\/noticias\\\/candas-se-suma-a-la-iniciativa-luzporlaela\\\/#breadcrumblist\",\"itemListElement\":[{\"@type\":\"ListItem\",\"@id\":\"https:\\\/\\\/candas365.es\\\/noticias#listItem\",\"position\":1,\"name\":\"Home\",\"item\":\"https:\\\/\\\/candas365.es\\\/noticias\",\"nextItem\":{\"@type\":\"ListItem\",\"@id\":\"https:\\\/\\\/candas365.es\\\/noticias\\\/category\\\/noticias-carreno\\\/#listItem\",\"name\":\"Noticias Carre\\u00f1o\"}},{\"@type\":\"ListItem\",\"@id\":\"https:\\\/\\\/candas365.es\\\/noticias\\\/category\\\/noticias-carreno\\\/#listItem\",\"position\":2,\"name\":\"Noticias Carre\\u00f1o\",\"item\":\"https:\\\/\\\/candas365.es\\\/noticias\\\/category\\\/noticias-carreno\\\/\",\"nextItem\":{\"@type\":\"ListItem\",\"@id\":\"https:\\\/\\\/candas365.es\\\/noticias\\\/candas-se-suma-a-la-iniciativa-luzporlaela\\\/#listItem\",\"name\":\"Cand\\u00e1s se suma a la iniciativa #LuzporlaEla\"},\"previousItem\":{\"@type\":\"ListItem\",\"@id\":\"https:\\\/\\\/candas365.es\\\/noticias#listItem\",\"name\":\"Home\"}},{\"@type\":\"ListItem\",\"@id\":\"https:\\\/\\\/candas365.es\\\/noticias\\\/candas-se-suma-a-la-iniciativa-luzporlaela\\\/#listItem\",\"position\":3,\"name\":\"Cand\\u00e1s se suma a la iniciativa #LuzporlaEla\",\"previousItem\":{\"@type\":\"ListItem\",\"@id\":\"https:\\\/\\\/candas365.es\\\/noticias\\\/category\\\/noticias-carreno\\\/#listItem\",\"name\":\"Noticias Carre\\u00f1o\"}}]},{\"@type\":\"NewsArticle\",\"@id\":\"https:\\\/\\\/candas365.es\\\/noticias\\\/candas-se-suma-a-la-iniciativa-luzporlaela\\\/#newsarticle\",\"name\":\"Cand\\u00e1s se suma a la iniciativa #LuzporlaEla | Cand\\u00e1s 365\",\"headline\":\"Cand\\u00e1s se suma a la iniciativa #LuzporlaEla\",\"author\":{\"@id\":\"https:\\\/\\\/candas365.es\\\/noticias\\\/author\\\/admin\\\/#author\"},\"publisher\":{\"@id\":\"https:\\\/\\\/candas365.es\\\/noticias\\\/#organization\"},\"image\":{\"@type\":\"ImageObject\",\"url\":\"https:\\\/\\\/candas365.es\\\/noticias\\\/wp-content\\\/uploads\\\/2020\\\/06\\\/Cand\\u00e1s-ELA.jpg\",\"width\":614,\"height\":452},\"datePublished\":\"2020-06-21T14:24:23+02:00\",\"dateModified\":\"2020-06-21T14:24:23+02:00\",\"inLanguage\":\"es-ES\",\"mainEntityOfPage\":{\"@id\":\"https:\\\/\\\/candas365.es\\\/noticias\\\/candas-se-suma-a-la-iniciativa-luzporlaela\\\/#webpage\"},\"isPartOf\":{\"@id\":\"https:\\\/\\\/candas365.es\\\/noticias\\\/candas-se-suma-a-la-iniciativa-luzporlaela\\\/#webpage\"},\"articleSection\":\"Noticias Carre\\u00f1o\",\"dateline\":\"Publicado el junio 21, 2020.\"},{\"@type\":\"Organization\",\"@id\":\"https:\\\/\\\/candas365.es\\\/noticias\\\/#organization\",\"name\":\"Cand\\u00e1s 365\",\"description\":\"Cand\\u00e1s 365 es un diario digital independiente, fundado en 2012, con base en Asturias. Informamos con rigor sobre actualidad, sociedad, cultura y ocio, con una mirada local y global.\",\"url\":\"https:\\\/\\\/candas365.es\\\/noticias\\\/\",\"email\":\"info@candas365.es\",\"telephone\":\"+34652131393\",\"foundingDate\":\"2012-06-10\",\"logo\":{\"@type\":\"ImageObject\",\"url\":\"https:\\\/\\\/candas365.es\\\/noticias\\\/wp-content\\\/uploads\\\/2024\\\/09\\\/Candas-365-Redes.jpg\",\"@id\":\"https:\\\/\\\/candas365.es\\\/noticias\\\/candas-se-suma-a-la-iniciativa-luzporlaela\\\/#organizationLogo\",\"width\":1152,\"height\":864,\"caption\":\"Cand\\u00e1s 365 Redes\"},\"image\":{\"@id\":\"https:\\\/\\\/candas365.es\\\/noticias\\\/candas-se-suma-a-la-iniciativa-luzporlaela\\\/#organizationLogo\"},\"sameAs\":[\"https:\\\/\\\/www.facebook.com\\\/Nachofdezber\",\"https:\\\/\\\/x.com\\\/NabercoDigital\",\"https:\\\/\\\/www.instagram.com\\\/nachofdezber\\\/\",\"https:\\\/\\\/www.youtube.com\\\/channel\\\/UCZP-2wLEB9Rv6erhFmqVnvg\"],\"address\":{\"@id\":\"https:\\\/\\\/candas365.es\\\/noticias\\\/#postaladdress\",\"@type\":\"PostalAddress\",\"streetAddress\":\"san antonio 4, san antonio 4\",\"postalCode\":\"33430\",\"addressLocality\":\"Cand\\u00e1s\",\"addressRegion\":\"Asturias\",\"addressCountry\":\"ES\"}},{\"@type\":\"Person\",\"@id\":\"https:\\\/\\\/candas365.es\\\/noticias\\\/author\\\/admin\\\/#author\",\"url\":\"https:\\\/\\\/candas365.es\\\/noticias\\\/author\\\/admin\\\/\",\"name\":\"Cand\\u00e1s 365\",\"image\":{\"@type\":\"ImageObject\",\"@id\":\"https:\\\/\\\/candas365.es\\\/noticias\\\/candas-se-suma-a-la-iniciativa-luzporlaela\\\/#authorImage\",\"url\":\"https:\\\/\\\/secure.gravatar.com\\\/avatar\\\/496a8e03d0c493ede1718b7934145dbdf8d89be1036b0eec9544e1094c9de390?s=96&d=mm&r=g\",\"width\":96,\"height\":96,\"caption\":\"Cand\\u00e1s 365\"},\"sameAs\":[\"https:\\\/\\\/www.facebook.com\\\/carrenoactualidad\",\"https:\\\/\\\/twitter.com\\\/nbasturias\",\"https:\\\/\\\/www.instagram.com\\\/nachofdezber\\\/\",\"https:\\\/\\\/www.youtube.com\\\/channel\\\/UCZP-2wLEB9Rv6erhFmqVnvg\"]},{\"@type\":\"WebPage\",\"@id\":\"https:\\\/\\\/candas365.es\\\/noticias\\\/candas-se-suma-a-la-iniciativa-luzporlaela\\\/#webpage\",\"url\":\"https:\\\/\\\/candas365.es\\\/noticias\\\/candas-se-suma-a-la-iniciativa-luzporlaela\\\/\",\"name\":\"Cand\\u00e1s se suma a la iniciativa #LuzporlaEla | Cand\\u00e1s 365\",\"description\":\"\\u201cCon el objetivo de visibilizar la enfermedad y sensibilizar a la poblaci\\u00f3n en general sobre las necesidades de las personas que padecen esta enfermedad y sus familiares, desde el anochecer del s\\u00e1bado 20 de junio, y hasta el domingo 21, D\\u00eda Mundial contra esta terrible enfermedad, las luces que iluminan la escultura de \\u201cla Redera\\u201d\",\"inLanguage\":\"es-ES\",\"isPartOf\":{\"@id\":\"https:\\\/\\\/candas365.es\\\/noticias\\\/#website\"},\"breadcrumb\":{\"@id\":\"https:\\\/\\\/candas365.es\\\/noticias\\\/candas-se-suma-a-la-iniciativa-luzporlaela\\\/#breadcrumblist\"},\"author\":{\"@id\":\"https:\\\/\\\/candas365.es\\\/noticias\\\/author\\\/admin\\\/#author\"},\"creator\":{\"@id\":\"https:\\\/\\\/candas365.es\\\/noticias\\\/author\\\/admin\\\/#author\"},\"image\":{\"@type\":\"ImageObject\",\"url\":\"https:\\\/\\\/candas365.es\\\/noticias\\\/wp-content\\\/uploads\\\/2020\\\/06\\\/Cand\\u00e1s-ELA.jpg\",\"@id\":\"https:\\\/\\\/candas365.es\\\/noticias\\\/candas-se-suma-a-la-iniciativa-luzporlaela\\\/#mainImage\",\"width\":614,\"height\":452},\"primaryImageOfPage\":{\"@id\":\"https:\\\/\\\/candas365.es\\\/noticias\\\/candas-se-suma-a-la-iniciativa-luzporlaela\\\/#mainImage\"},\"datePublished\":\"2020-06-21T14:24:23+02:00\",\"dateModified\":\"2020-06-21T14:24:23+02:00\"},{\"@type\":\"WebSite\",\"@id\":\"https:\\\/\\\/candas365.es\\\/noticias\\\/#website\",\"url\":\"https:\\\/\\\/candas365.es\\\/noticias\\\/\",\"name\":\"Cand\\u00e1s 365\",\"alternateName\":\"Cand\\u00e1s 365 Noticias\",\"description\":\"Actualidad desde Carre\\u00f1o para el mundo\",\"inLanguage\":\"es-ES\",\"publisher\":{\"@id\":\"https:\\\/\\\/candas365.es\\\/noticias\\\/#organization\"}}]}\n\t\t<\/script>\n\t\t<!-- All in One SEO Pro -->\r\n\t\t<title>Cand\u00e1s se suma a la iniciativa #LuzporlaEla | Cand\u00e1s 365<\/title>\n\n","aioseo_head_json":{"title":"Cand\u00e1s se suma a la iniciativa #LuzporlaEla | Cand\u00e1s 365","description":"\u201cCon el objetivo de visibilizar la enfermedad y sensibilizar a la poblaci\u00f3n en general sobre las necesidades de las personas que padecen esta enfermedad y sus familiares, desde el anochecer del s\u00e1bado 20 de junio, y hasta el domingo 21, D\u00eda Mundial contra esta terrible enfermedad, las luces que iluminan la escultura de \u201cla Redera\u201d","canonical_url":"https:\/\/candas365.es\/noticias\/candas-se-suma-a-la-iniciativa-luzporlaela\/","robots":"max-image-preview:large","keywords":"noticias carre\u00f1o","webmasterTools":{"google-site-verification":"UA-32230408-1","msvalidate.01":"354F3CDFB2DA171B47FBE9ABF1F88D5","miscellaneous":""},"schema":{"@context":"https:\/\/schema.org","@graph":[{"@type":"BreadcrumbList","@id":"https:\/\/candas365.es\/noticias\/candas-se-suma-a-la-iniciativa-luzporlaela\/#breadcrumblist","itemListElement":[{"@type":"ListItem","@id":"https:\/\/candas365.es\/noticias#listItem","position":1,"name":"Home","item":"https:\/\/candas365.es\/noticias","nextItem":{"@type":"ListItem","@id":"https:\/\/candas365.es\/noticias\/category\/noticias-carreno\/#listItem","name":"Noticias Carre\u00f1o"}},{"@type":"ListItem","@id":"https:\/\/candas365.es\/noticias\/category\/noticias-carreno\/#listItem","position":2,"name":"Noticias Carre\u00f1o","item":"https:\/\/candas365.es\/noticias\/category\/noticias-carreno\/","nextItem":{"@type":"ListItem","@id":"https:\/\/candas365.es\/noticias\/candas-se-suma-a-la-iniciativa-luzporlaela\/#listItem","name":"Cand\u00e1s se suma a la iniciativa #LuzporlaEla"},"previousItem":{"@type":"ListItem","@id":"https:\/\/candas365.es\/noticias#listItem","name":"Home"}},{"@type":"ListItem","@id":"https:\/\/candas365.es\/noticias\/candas-se-suma-a-la-iniciativa-luzporlaela\/#listItem","position":3,"name":"Cand\u00e1s se suma a la iniciativa #LuzporlaEla","previousItem":{"@type":"ListItem","@id":"https:\/\/candas365.es\/noticias\/category\/noticias-carreno\/#listItem","name":"Noticias Carre\u00f1o"}}]},{"@type":"NewsArticle","@id":"https:\/\/candas365.es\/noticias\/candas-se-suma-a-la-iniciativa-luzporlaela\/#newsarticle","name":"Cand\u00e1s se suma a la iniciativa #LuzporlaEla | Cand\u00e1s 365","headline":"Cand\u00e1s se suma a la iniciativa #LuzporlaEla","author":{"@id":"https:\/\/candas365.es\/noticias\/author\/admin\/#author"},"publisher":{"@id":"https:\/\/candas365.es\/noticias\/#organization"},"image":{"@type":"ImageObject","url":"https:\/\/candas365.es\/noticias\/wp-content\/uploads\/2020\/06\/Cand\u00e1s-ELA.jpg","width":614,"height":452},"datePublished":"2020-06-21T14:24:23+02:00","dateModified":"2020-06-21T14:24:23+02:00","inLanguage":"es-ES","mainEntityOfPage":{"@id":"https:\/\/candas365.es\/noticias\/candas-se-suma-a-la-iniciativa-luzporlaela\/#webpage"},"isPartOf":{"@id":"https:\/\/candas365.es\/noticias\/candas-se-suma-a-la-iniciativa-luzporlaela\/#webpage"},"articleSection":"Noticias Carre\u00f1o","dateline":"Publicado el junio 21, 2020."},{"@type":"Organization","@id":"https:\/\/candas365.es\/noticias\/#organization","name":"Cand\u00e1s 365","description":"Cand\u00e1s 365 es un diario digital independiente, fundado en 2012, con base en Asturias. Informamos con rigor sobre actualidad, sociedad, cultura y ocio, con una mirada local y global.","url":"https:\/\/candas365.es\/noticias\/","email":"info@candas365.es","telephone":"+34652131393","foundingDate":"2012-06-10","logo":{"@type":"ImageObject","url":"https:\/\/candas365.es\/noticias\/wp-content\/uploads\/2024\/09\/Candas-365-Redes.jpg","@id":"https:\/\/candas365.es\/noticias\/candas-se-suma-a-la-iniciativa-luzporlaela\/#organizationLogo","width":1152,"height":864,"caption":"Cand\u00e1s 365 Redes"},"image":{"@id":"https:\/\/candas365.es\/noticias\/candas-se-suma-a-la-iniciativa-luzporlaela\/#organizationLogo"},"sameAs":["https:\/\/www.facebook.com\/Nachofdezber","https:\/\/x.com\/NabercoDigital","https:\/\/www.instagram.com\/nachofdezber\/","https:\/\/www.youtube.com\/channel\/UCZP-2wLEB9Rv6erhFmqVnvg"],"address":{"@id":"https:\/\/candas365.es\/noticias\/#postaladdress","@type":"PostalAddress","streetAddress":"san antonio 4, san antonio 4","postalCode":"33430","addressLocality":"Cand\u00e1s","addressRegion":"Asturias","addressCountry":"ES"}},{"@type":"Person","@id":"https:\/\/candas365.es\/noticias\/author\/admin\/#author","url":"https:\/\/candas365.es\/noticias\/author\/admin\/","name":"Cand\u00e1s 365","image":{"@type":"ImageObject","@id":"https:\/\/candas365.es\/noticias\/candas-se-suma-a-la-iniciativa-luzporlaela\/#authorImage","url":"https:\/\/secure.gravatar.com\/avatar\/496a8e03d0c493ede1718b7934145dbdf8d89be1036b0eec9544e1094c9de390?s=96&d=mm&r=g","width":96,"height":96,"caption":"Cand\u00e1s 365"},"sameAs":["https:\/\/www.facebook.com\/carrenoactualidad","https:\/\/twitter.com\/nbasturias","https:\/\/www.instagram.com\/nachofdezber\/","https:\/\/www.youtube.com\/channel\/UCZP-2wLEB9Rv6erhFmqVnvg"]},{"@type":"WebPage","@id":"https:\/\/candas365.es\/noticias\/candas-se-suma-a-la-iniciativa-luzporlaela\/#webpage","url":"https:\/\/candas365.es\/noticias\/candas-se-suma-a-la-iniciativa-luzporlaela\/","name":"Cand\u00e1s se suma a la iniciativa #LuzporlaEla | Cand\u00e1s 365","description":"\u201cCon el objetivo de visibilizar la enfermedad y sensibilizar a la poblaci\u00f3n en general sobre las necesidades de las personas que padecen esta enfermedad y sus familiares, desde el anochecer del s\u00e1bado 20 de junio, y hasta el domingo 21, D\u00eda Mundial contra esta terrible enfermedad, las luces que iluminan la escultura de \u201cla Redera\u201d","inLanguage":"es-ES","isPartOf":{"@id":"https:\/\/candas365.es\/noticias\/#website"},"breadcrumb":{"@id":"https:\/\/candas365.es\/noticias\/candas-se-suma-a-la-iniciativa-luzporlaela\/#breadcrumblist"},"author":{"@id":"https:\/\/candas365.es\/noticias\/author\/admin\/#author"},"creator":{"@id":"https:\/\/candas365.es\/noticias\/author\/admin\/#author"},"image":{"@type":"ImageObject","url":"https:\/\/candas365.es\/noticias\/wp-content\/uploads\/2020\/06\/Cand\u00e1s-ELA.jpg","@id":"https:\/\/candas365.es\/noticias\/candas-se-suma-a-la-iniciativa-luzporlaela\/#mainImage","width":614,"height":452},"primaryImageOfPage":{"@id":"https:\/\/candas365.es\/noticias\/candas-se-suma-a-la-iniciativa-luzporlaela\/#mainImage"},"datePublished":"2020-06-21T14:24:23+02:00","dateModified":"2020-06-21T14:24:23+02:00"},{"@type":"WebSite","@id":"https:\/\/candas365.es\/noticias\/#website","url":"https:\/\/candas365.es\/noticias\/","name":"Cand\u00e1s 365","alternateName":"Cand\u00e1s 365 Noticias","description":"Actualidad desde Carre\u00f1o para el mundo","inLanguage":"es-ES","publisher":{"@id":"https:\/\/candas365.es\/noticias\/#organization"}}]},"og:locale":"es_ES","og:site_name":"Cand\u00e1s 365","og:type":"article","og:title":"Cand\u00e1s se suma a la iniciativa #LuzporlaEla | Cand\u00e1s 365","og:description":"\u201cCon el objetivo de visibilizar la enfermedad y sensibilizar a la poblaci\u00f3n en general sobre las necesidades de las personas que padecen esta enfermedad y sus familiares, desde el anochecer del s\u00e1bado 20 de junio, y hasta el domingo 21, D\u00eda Mundial contra esta terrible enfermedad, las luces que iluminan la escultura de \u201cla Redera\u201d","og:url":"https:\/\/candas365.es\/noticias\/candas-se-suma-a-la-iniciativa-luzporlaela\/","og:image":"https:\/\/candas365.es\/noticias\/wp-content\/uploads\/2020\/06\/Cand\u00e1s-ELA.jpg","og:image:secure_url":"https:\/\/candas365.es\/noticias\/wp-content\/uploads\/2020\/06\/Cand\u00e1s-ELA.jpg","og:image:width":614,"og:image:height":452,"article:published_time":"2020-06-21T14:24:23+00:00","article:modified_time":"2020-06-21T14:24:23+00:00","article:publisher":"https:\/\/www.facebook.com\/Nachofdezber","article:author":"https:\/\/www.facebook.com\/carrenoactualidad","twitter:card":"summary_large_image","twitter:site":"@NabercoDigital","twitter:title":"Cand\u00e1s se suma a la iniciativa #LuzporlaEla | Cand\u00e1s 365","twitter:description":"\u201cCon el objetivo de visibilizar la enfermedad y sensibilizar a la poblaci\u00f3n en general sobre las necesidades de las personas que padecen esta enfermedad y sus familiares, desde el anochecer del s\u00e1bado 20 de junio, y hasta el domingo 21, D\u00eda Mundial contra esta terrible enfermedad, las luces que iluminan la escultura de \u201cla Redera\u201d","twitter:creator":"@nbasturias","twitter:image":"https:\/\/candas365.es\/noticias\/wp-content\/uploads\/2020\/06\/Cand\u00e1s-ELA.jpg","twitter:label1":"Escrito por","twitter:data1":"Cand\u00e1s 365","twitter:label2":"Tiempo de lectura estimado","twitter:data2":"3 minutos"},"aioseo_meta_data":{"post_id":"143864","title":null,"description":null,"keywords":null,"keyphrases":null,"primary_term":null,"canonical_url":null,"og_title":null,"og_description":null,"og_object_type":"default","og_image_type":"default","og_image_url":null,"og_image_width":null,"og_image_height":null,"og_image_custom_url":null,"og_image_custom_fields":null,"og_video":null,"og_custom_url":null,"og_article_section":null,"og_article_tags":null,"twitter_use_og":false,"twitter_card":"default","twitter_image_type":"default","twitter_image_url":null,"twitter_image_custom_url":null,"twitter_image_custom_fields":null,"twitter_title":null,"twitter_description":null,"schema":{"blockGraphs":[],"customGraphs":[],"default":{"data":{"Article":[],"Course":[],"Dataset":[],"FAQPage":[],"Movie":[],"Person":[],"Product":[],"ProductReview":[],"Car":[],"Recipe":[],"Service":[],"SoftwareApplication":[],"WebPage":[]},"graphName":"","isEnabled":true},"graphs":[],"defaultGraph":"","defaultPostTypeGraph":""},"schema_type":null,"schema_type_options":null,"pillar_content":false,"robots_default":true,"robots_noindex":false,"robots_noarchive":false,"robots_nosnippet":false,"robots_nofollow":false,"robots_noimageindex":false,"robots_noodp":false,"robots_notranslate":false,"robots_max_snippet":null,"robots_max_videopreview":null,"robots_max_imagepreview":"large","priority":null,"frequency":null,"location":null,"local_seo":null,"seo_analyzer_scan_date":"2025-08-31 07:13:13","breadcrumb_settings":null,"limit_modified_date":false,"reviewed_by":null,"open_ai":null,"ai":null,"created":"2020-12-21 10:41:23","updated":"2025-08-31 07:13:13"},"aioseo_breadcrumb":"<div class=\"aioseo-breadcrumbs\"><span class=\"aioseo-breadcrumb\">\n\t<a href=\"https:\/\/candas365.es\/noticias\" title=\"Home\">Home<\/a>\n<\/span><span class=\"aioseo-breadcrumb-separator\">&ndash;<\/span><span class=\"aioseo-breadcrumb\">\n\t<a href=\"https:\/\/candas365.es\/noticias\/category\/noticias-carreno\/\" title=\"Noticias Carre\u00f1o\">Noticias Carre\u00f1o<\/a>\n<\/span><span class=\"aioseo-breadcrumb-separator\">&ndash;<\/span><span class=\"aioseo-breadcrumb\">\n\tCand\u00e1s se suma a la iniciativa #LuzporlaEla\n<\/span><\/div>","aioseo_breadcrumb_json":[{"label":"Home","link":"https:\/\/candas365.es\/noticias"},{"label":"Noticias Carre\u00f1o","link":"https:\/\/candas365.es\/noticias\/category\/noticias-carreno\/"},{"label":"Cand\u00e1s se suma a la iniciativa #LuzporlaEla","link":"https:\/\/candas365.es\/noticias\/candas-se-suma-a-la-iniciativa-luzporlaela\/"}],"_links":{"self":[{"href":"https:\/\/candas365.es\/noticias\/wp-json\/wp\/v2\/posts\/143864","targetHints":{"allow":["GET"]}}],"collection":[{"href":"https:\/\/candas365.es\/noticias\/wp-json\/wp\/v2\/posts"}],"about":[{"href":"https:\/\/candas365.es\/noticias\/wp-json\/wp\/v2\/types\/post"}],"author":[{"embeddable":true,"href":"https:\/\/candas365.es\/noticias\/wp-json\/wp\/v2\/users\/1"}],"replies":[{"embeddable":true,"href":"https:\/\/candas365.es\/noticias\/wp-json\/wp\/v2\/comments?post=143864"}],"version-history":[{"count":0,"href":"https:\/\/candas365.es\/noticias\/wp-json\/wp\/v2\/posts\/143864\/revisions"}],"wp:featuredmedia":[{"embeddable":true,"href":"https:\/\/candas365.es\/noticias\/wp-json\/wp\/v2\/media\/143865"}],"wp:attachment":[{"href":"https:\/\/candas365.es\/noticias\/wp-json\/wp\/v2\/media?parent=143864"}],"wp:term":[{"taxonomy":"category","embeddable":true,"href":"https:\/\/candas365.es\/noticias\/wp-json\/wp\/v2\/categories?post=143864"},{"taxonomy":"post_tag","embeddable":true,"href":"https:\/\/candas365.es\/noticias\/wp-json\/wp\/v2\/tags?post=143864"}],"curies":[{"name":"wp","href":"https:\/\/api.w.org\/{rel}","templated":true}]}}