{"id":143774,"date":"2020-06-19T16:02:58","date_gmt":"2020-06-19T16:02:58","guid":{"rendered":"http:\/\/candas365.es\/noticias\/?p=143774"},"modified":"2020-06-19T16:02:58","modified_gmt":"2020-06-19T16:02:58","slug":"carreno-apoyara-al-comercio-local-en-la-vuelta-al-cole","status":"publish","type":"post","link":"https:\/\/candas365.es\/noticias\/carreno-apoyara-al-comercio-local-en-la-vuelta-al-cole\/","title":{"rendered":"Carre\u00f1o apoyar\u00e1 al comercio local en \u201cla vuelta al cole\u201d"},"content":{"rendered":"<p><img fetchpriority=\"high\" decoding=\"async\" class=\"alignleft size-medium wp-image-143775\" src=\"https:\/\/candas365.es\/noticias\/wp-content\/uploads\/2020\/06\/child-865116_640-360x240.jpg\" alt=\"\" width=\"360\" height=\"240\" srcset=\"https:\/\/candas365.es\/noticias\/wp-content\/uploads\/2020\/06\/child-865116_640-360x240.jpg 360w, https:\/\/candas365.es\/noticias\/wp-content\/uploads\/2020\/06\/child-865116_640-631x420.jpg 631w, https:\/\/candas365.es\/noticias\/wp-content\/uploads\/2020\/06\/child-865116_640.jpg 640w\" sizes=\"(max-width: 360px) 100vw, 360px\" \/>El Ayuntamiento de<strong> Carre\u00f1o apoyar\u00e1 al comercio local con motivo de la vuelta al cole<\/strong>, esta iniciativa se articular\u00e1 con los comercios del concejo y la comunidad educativa. \u201cSe pretende, con la intermediaci\u00f3n municipal, el articular una comunicaci\u00f3n fluida entre las partes al objeto de que la comunidad educativa reciba de forma continuada las ofertas que el comercio de Cand\u00e1s prepare expresamente para las familias y los escolares de Carre\u00f1o, de todas las edades\u201d, han dicho desde el Ayuntamiento.<\/p>\n<p>El pr\u00f3ximo Lunes, <strong>22 de Junio<\/strong>, a las 18 horas. se realizar\u00e1 un encuentro telem\u00e1tico en el que la Gerencia de la Uni\u00f3n, en representaci\u00f3n del comercio local, informar\u00e1 a los centros educativos y AMPAs de las ventajas que podr\u00e1n tener para las compras de materiales en Carre\u00f1o cara a la vuelta al pr\u00f3ximo curso escolar.<\/p>\n<p>En la videoconferencia de trabajo se fijar\u00e1n el sistema de comunicaci\u00f3n, la periodicidad de env\u00edo de las ofertas comerciales.<\/p>\n<p>Para comprar y hacer efectiva la oferta o el descuento que cada tienda har\u00e1 libremente de sus productos, <strong>solo se deber\u00e1 pasar por la tienda y mostrar la tarjeta que se le entregue desde la Uni\u00f3n de Comerciantes<\/strong>.<\/p>\n<p>Las asociaciones de padres y madres o a las personas que se encarguen de hacer las compras de materiales en cada centro o escuela rural del municipio divulgar\u00e1n la informaci\u00f3n comercial a las familias.<\/p>\n<p>&nbsp;<\/p>\n","protected":false},"excerpt":{"rendered":"<p>El Ayuntamiento de Carre\u00f1o apoyar\u00e1 al comercio local con motivo de la vuelta al cole, esta iniciativa se articular\u00e1 con los comercios del concejo y la comunidad educativa. \u201cSe pretende, con la intermediaci\u00f3n municipal, el articular una comunicaci\u00f3n fluida entre las partes al objeto de que la comunidad educativa reciba de forma continuada las ofertas<\/p>\n","protected":false},"author":1,"featured_media":143775,"comment_status":"closed","ping_status":"closed","sticky":false,"template":"","format":"standard","meta":{"footnotes":""},"categories":[2],"tags":[],"class_list":{"0":"post-143774","1":"post","2":"type-post","3":"status-publish","4":"format-standard","5":"has-post-thumbnail","7":"category-noticias-carreno"},"aioseo_notices":[],"aioseo_head":"\n\t\t<!-- All in One SEO Pro 4.9.6.2 - aioseo.com -->\n\t<meta name=\"description\" content=\"El Ayuntamiento de Carre\u00f1o apoyar\u00e1 al comercio local con motivo de la vuelta al cole, esta iniciativa se articular\u00e1 con los comercios del concejo y la comunidad educativa. \u201cSe pretende, con la intermediaci\u00f3n municipal, el articular una comunicaci\u00f3n fluida entre las partes al objeto de que la comunidad educativa reciba de forma continuada las ofertas\" \/>\n\t<meta name=\"robots\" content=\"max-image-preview:large\" \/>\n\t<meta name=\"author\" content=\"Cand\u00e1s 365\"\/>\n\t<meta name=\"google-site-verification\" content=\"UA-32230408-1\" \/>\n\t<meta name=\"msvalidate.01\" content=\"354F3CDFB2DA171B47FBE9ABF1F88D5\" \/>\n\t<meta name=\"keywords\" content=\"noticias carre\u00f1o\" \/>\n\t<link rel=\"canonical\" href=\"https:\/\/candas365.es\/noticias\/carreno-apoyara-al-comercio-local-en-la-vuelta-al-cole\/\" \/>\n\t<meta name=\"generator\" content=\"All in One SEO Pro (AIOSEO) 4.9.6.2\" \/>\n\t\t<meta property=\"og:locale\" content=\"es_ES\" \/>\n\t\t<meta property=\"og:site_name\" content=\"Cand\u00e1s 365\" \/>\n\t\t<meta property=\"og:type\" content=\"article\" \/>\n\t\t<meta property=\"og:title\" content=\"Carre\u00f1o apoyar\u00e1 al comercio local en \u201cla vuelta al cole\u201d | Cand\u00e1s 365\" \/>\n\t\t<meta property=\"og:description\" content=\"El Ayuntamiento de Carre\u00f1o apoyar\u00e1 al comercio local con motivo de la vuelta al cole, esta iniciativa se articular\u00e1 con los comercios del concejo y la comunidad educativa. \u201cSe pretende, con la intermediaci\u00f3n municipal, el articular una comunicaci\u00f3n fluida entre las partes al objeto de que la comunidad educativa reciba de forma continuada las ofertas\" \/>\n\t\t<meta property=\"og:url\" content=\"https:\/\/candas365.es\/noticias\/carreno-apoyara-al-comercio-local-en-la-vuelta-al-cole\/\" \/>\n\t\t<meta property=\"og:image\" content=\"https:\/\/candas365.es\/noticias\/wp-content\/uploads\/2020\/06\/child-865116_640.jpg\" \/>\n\t\t<meta property=\"og:image:secure_url\" content=\"https:\/\/candas365.es\/noticias\/wp-content\/uploads\/2020\/06\/child-865116_640.jpg\" \/>\n\t\t<meta property=\"og:image:width\" content=\"640\" \/>\n\t\t<meta property=\"og:image:height\" content=\"426\" \/>\n\t\t<meta property=\"article:published_time\" content=\"2020-06-19T16:02:58+00:00\" \/>\n\t\t<meta property=\"article:modified_time\" content=\"2020-06-19T16:02:58+00:00\" \/>\n\t\t<meta property=\"article:publisher\" content=\"https:\/\/www.facebook.com\/Nachofdezber\" \/>\n\t\t<meta property=\"article:author\" content=\"https:\/\/www.facebook.com\/carrenoactualidad\" \/>\n\t\t<meta name=\"twitter:card\" content=\"summary_large_image\" \/>\n\t\t<meta name=\"twitter:site\" content=\"@NabercoDigital\" \/>\n\t\t<meta name=\"twitter:title\" content=\"Carre\u00f1o apoyar\u00e1 al comercio local en \u201cla vuelta al cole\u201d | Cand\u00e1s 365\" \/>\n\t\t<meta name=\"twitter:description\" content=\"El Ayuntamiento de Carre\u00f1o apoyar\u00e1 al comercio local con motivo de la vuelta al cole, esta iniciativa se articular\u00e1 con los comercios del concejo y la comunidad educativa. \u201cSe pretende, con la intermediaci\u00f3n municipal, el articular una comunicaci\u00f3n fluida entre las partes al objeto de que la comunidad educativa reciba de forma continuada las ofertas\" \/>\n\t\t<meta name=\"twitter:creator\" content=\"@nbasturias\" \/>\n\t\t<meta name=\"twitter:image\" content=\"https:\/\/candas365.es\/noticias\/wp-content\/uploads\/2020\/06\/child-865116_640.jpg\" \/>\n\t\t<meta name=\"twitter:label1\" content=\"Escrito por\" \/>\n\t\t<meta name=\"twitter:data1\" content=\"Cand\u00e1s 365\" \/>\n\t\t<meta name=\"twitter:label2\" content=\"Tiempo de lectura estimado\" \/>\n\t\t<meta name=\"twitter:data2\" content=\"1 minuto\" \/>\n\t\t<script type=\"application\/ld+json\" class=\"aioseo-schema\">\n\t\t\t{\"@context\":\"https:\\\/\\\/schema.org\",\"@graph\":[{\"@type\":\"BreadcrumbList\",\"@id\":\"https:\\\/\\\/candas365.es\\\/noticias\\\/carreno-apoyara-al-comercio-local-en-la-vuelta-al-cole\\\/#breadcrumblist\",\"itemListElement\":[{\"@type\":\"ListItem\",\"@id\":\"https:\\\/\\\/candas365.es\\\/noticias#listItem\",\"position\":1,\"name\":\"Home\",\"item\":\"https:\\\/\\\/candas365.es\\\/noticias\",\"nextItem\":{\"@type\":\"ListItem\",\"@id\":\"https:\\\/\\\/candas365.es\\\/noticias\\\/category\\\/noticias-carreno\\\/#listItem\",\"name\":\"Noticias Carre\\u00f1o\"}},{\"@type\":\"ListItem\",\"@id\":\"https:\\\/\\\/candas365.es\\\/noticias\\\/category\\\/noticias-carreno\\\/#listItem\",\"position\":2,\"name\":\"Noticias Carre\\u00f1o\",\"item\":\"https:\\\/\\\/candas365.es\\\/noticias\\\/category\\\/noticias-carreno\\\/\",\"nextItem\":{\"@type\":\"ListItem\",\"@id\":\"https:\\\/\\\/candas365.es\\\/noticias\\\/carreno-apoyara-al-comercio-local-en-la-vuelta-al-cole\\\/#listItem\",\"name\":\"Carre\\u00f1o apoyar\\u00e1 al comercio local en \\u201cla vuelta al cole\\u201d\"},\"previousItem\":{\"@type\":\"ListItem\",\"@id\":\"https:\\\/\\\/candas365.es\\\/noticias#listItem\",\"name\":\"Home\"}},{\"@type\":\"ListItem\",\"@id\":\"https:\\\/\\\/candas365.es\\\/noticias\\\/carreno-apoyara-al-comercio-local-en-la-vuelta-al-cole\\\/#listItem\",\"position\":3,\"name\":\"Carre\\u00f1o apoyar\\u00e1 al comercio local en \\u201cla vuelta al cole\\u201d\",\"previousItem\":{\"@type\":\"ListItem\",\"@id\":\"https:\\\/\\\/candas365.es\\\/noticias\\\/category\\\/noticias-carreno\\\/#listItem\",\"name\":\"Noticias Carre\\u00f1o\"}}]},{\"@type\":\"NewsArticle\",\"@id\":\"https:\\\/\\\/candas365.es\\\/noticias\\\/carreno-apoyara-al-comercio-local-en-la-vuelta-al-cole\\\/#newsarticle\",\"name\":\"Carre\\u00f1o apoyar\\u00e1 al comercio local en \\u201cla vuelta al cole\\u201d | Cand\\u00e1s 365\",\"headline\":\"Carre\\u00f1o apoyar\\u00e1 al comercio local en \\u201cla vuelta al cole\\u201d\",\"author\":{\"@id\":\"https:\\\/\\\/candas365.es\\\/noticias\\\/author\\\/admin\\\/#author\"},\"publisher\":{\"@id\":\"https:\\\/\\\/candas365.es\\\/noticias\\\/#organization\"},\"image\":{\"@type\":\"ImageObject\",\"url\":\"https:\\\/\\\/candas365.es\\\/noticias\\\/wp-content\\\/uploads\\\/2020\\\/06\\\/child-865116_640.jpg\",\"width\":640,\"height\":426},\"datePublished\":\"2020-06-19T16:02:58+02:00\",\"dateModified\":\"2020-06-19T16:02:58+02:00\",\"inLanguage\":\"es-ES\",\"mainEntityOfPage\":{\"@id\":\"https:\\\/\\\/candas365.es\\\/noticias\\\/carreno-apoyara-al-comercio-local-en-la-vuelta-al-cole\\\/#webpage\"},\"isPartOf\":{\"@id\":\"https:\\\/\\\/candas365.es\\\/noticias\\\/carreno-apoyara-al-comercio-local-en-la-vuelta-al-cole\\\/#webpage\"},\"articleSection\":\"Noticias Carre\\u00f1o\",\"dateline\":\"Publicado el junio 19, 2020.\"},{\"@type\":\"Organization\",\"@id\":\"https:\\\/\\\/candas365.es\\\/noticias\\\/#organization\",\"name\":\"Cand\\u00e1s 365\",\"description\":\"Cand\\u00e1s 365 es un diario digital independiente, fundado en 2012, con base en Asturias. Informamos con rigor sobre actualidad, sociedad, cultura y ocio, con una mirada local y global.\",\"url\":\"https:\\\/\\\/candas365.es\\\/noticias\\\/\",\"email\":\"info@candas365.es\",\"telephone\":\"+34652131393\",\"foundingDate\":\"2012-06-10\",\"logo\":{\"@type\":\"ImageObject\",\"url\":\"https:\\\/\\\/candas365.es\\\/noticias\\\/wp-content\\\/uploads\\\/2024\\\/09\\\/Candas-365-Redes.jpg\",\"@id\":\"https:\\\/\\\/candas365.es\\\/noticias\\\/carreno-apoyara-al-comercio-local-en-la-vuelta-al-cole\\\/#organizationLogo\",\"width\":1152,\"height\":864,\"caption\":\"Cand\\u00e1s 365 Redes\"},\"image\":{\"@id\":\"https:\\\/\\\/candas365.es\\\/noticias\\\/carreno-apoyara-al-comercio-local-en-la-vuelta-al-cole\\\/#organizationLogo\"},\"sameAs\":[\"https:\\\/\\\/www.facebook.com\\\/Nachofdezber\",\"https:\\\/\\\/x.com\\\/NabercoDigital\",\"https:\\\/\\\/www.instagram.com\\\/nachofdezber\\\/\",\"https:\\\/\\\/www.youtube.com\\\/channel\\\/UCZP-2wLEB9Rv6erhFmqVnvg\"],\"address\":{\"@id\":\"https:\\\/\\\/candas365.es\\\/noticias\\\/#postaladdress\",\"@type\":\"PostalAddress\",\"streetAddress\":\"san antonio 4, san antonio 4\",\"postalCode\":\"33430\",\"addressLocality\":\"Cand\\u00e1s\",\"addressRegion\":\"Asturias\",\"addressCountry\":\"ES\"}},{\"@type\":\"Person\",\"@id\":\"https:\\\/\\\/candas365.es\\\/noticias\\\/author\\\/admin\\\/#author\",\"url\":\"https:\\\/\\\/candas365.es\\\/noticias\\\/author\\\/admin\\\/\",\"name\":\"Cand\\u00e1s 365\",\"image\":{\"@type\":\"ImageObject\",\"@id\":\"https:\\\/\\\/candas365.es\\\/noticias\\\/carreno-apoyara-al-comercio-local-en-la-vuelta-al-cole\\\/#authorImage\",\"url\":\"https:\\\/\\\/secure.gravatar.com\\\/avatar\\\/496a8e03d0c493ede1718b7934145dbdf8d89be1036b0eec9544e1094c9de390?s=96&d=mm&r=g\",\"width\":96,\"height\":96,\"caption\":\"Cand\\u00e1s 365\"},\"sameAs\":[\"https:\\\/\\\/www.facebook.com\\\/carrenoactualidad\",\"https:\\\/\\\/twitter.com\\\/nbasturias\",\"https:\\\/\\\/www.instagram.com\\\/nachofdezber\\\/\",\"https:\\\/\\\/www.youtube.com\\\/channel\\\/UCZP-2wLEB9Rv6erhFmqVnvg\"]},{\"@type\":\"WebPage\",\"@id\":\"https:\\\/\\\/candas365.es\\\/noticias\\\/carreno-apoyara-al-comercio-local-en-la-vuelta-al-cole\\\/#webpage\",\"url\":\"https:\\\/\\\/candas365.es\\\/noticias\\\/carreno-apoyara-al-comercio-local-en-la-vuelta-al-cole\\\/\",\"name\":\"Carre\\u00f1o apoyar\\u00e1 al comercio local en \\u201cla vuelta al cole\\u201d | Cand\\u00e1s 365\",\"description\":\"El Ayuntamiento de Carre\\u00f1o apoyar\\u00e1 al comercio local con motivo de la vuelta al cole, esta iniciativa se articular\\u00e1 con los comercios del concejo y la comunidad educativa. \\u201cSe pretende, con la intermediaci\\u00f3n municipal, el articular una comunicaci\\u00f3n fluida entre las partes al objeto de que la comunidad educativa reciba de forma continuada las ofertas\",\"inLanguage\":\"es-ES\",\"isPartOf\":{\"@id\":\"https:\\\/\\\/candas365.es\\\/noticias\\\/#website\"},\"breadcrumb\":{\"@id\":\"https:\\\/\\\/candas365.es\\\/noticias\\\/carreno-apoyara-al-comercio-local-en-la-vuelta-al-cole\\\/#breadcrumblist\"},\"author\":{\"@id\":\"https:\\\/\\\/candas365.es\\\/noticias\\\/author\\\/admin\\\/#author\"},\"creator\":{\"@id\":\"https:\\\/\\\/candas365.es\\\/noticias\\\/author\\\/admin\\\/#author\"},\"image\":{\"@type\":\"ImageObject\",\"url\":\"https:\\\/\\\/candas365.es\\\/noticias\\\/wp-content\\\/uploads\\\/2020\\\/06\\\/child-865116_640.jpg\",\"@id\":\"https:\\\/\\\/candas365.es\\\/noticias\\\/carreno-apoyara-al-comercio-local-en-la-vuelta-al-cole\\\/#mainImage\",\"width\":640,\"height\":426},\"primaryImageOfPage\":{\"@id\":\"https:\\\/\\\/candas365.es\\\/noticias\\\/carreno-apoyara-al-comercio-local-en-la-vuelta-al-cole\\\/#mainImage\"},\"datePublished\":\"2020-06-19T16:02:58+02:00\",\"dateModified\":\"2020-06-19T16:02:58+02:00\"},{\"@type\":\"WebSite\",\"@id\":\"https:\\\/\\\/candas365.es\\\/noticias\\\/#website\",\"url\":\"https:\\\/\\\/candas365.es\\\/noticias\\\/\",\"name\":\"Cand\\u00e1s 365\",\"alternateName\":\"Cand\\u00e1s 365 Noticias\",\"description\":\"Actualidad desde Carre\\u00f1o para el mundo\",\"inLanguage\":\"es-ES\",\"publisher\":{\"@id\":\"https:\\\/\\\/candas365.es\\\/noticias\\\/#organization\"}}]}\n\t\t<\/script>\n\t\t<!-- All in One SEO Pro -->\r\n\t\t<title>Carre\u00f1o apoyar\u00e1 al comercio local en \u201cla vuelta al cole\u201d | Cand\u00e1s 365<\/title>\n\n","aioseo_head_json":{"title":"Carre\u00f1o apoyar\u00e1 al comercio local en \u201cla vuelta al cole\u201d | Cand\u00e1s 365","description":"El Ayuntamiento de Carre\u00f1o apoyar\u00e1 al comercio local con motivo de la vuelta al cole, esta iniciativa se articular\u00e1 con los comercios del concejo y la comunidad educativa. \u201cSe pretende, con la intermediaci\u00f3n municipal, el articular una comunicaci\u00f3n fluida entre las partes al objeto de que la comunidad educativa reciba de forma continuada las ofertas","canonical_url":"https:\/\/candas365.es\/noticias\/carreno-apoyara-al-comercio-local-en-la-vuelta-al-cole\/","robots":"max-image-preview:large","keywords":"noticias carre\u00f1o","webmasterTools":{"google-site-verification":"UA-32230408-1","msvalidate.01":"354F3CDFB2DA171B47FBE9ABF1F88D5","miscellaneous":""},"schema":{"@context":"https:\/\/schema.org","@graph":[{"@type":"BreadcrumbList","@id":"https:\/\/candas365.es\/noticias\/carreno-apoyara-al-comercio-local-en-la-vuelta-al-cole\/#breadcrumblist","itemListElement":[{"@type":"ListItem","@id":"https:\/\/candas365.es\/noticias#listItem","position":1,"name":"Home","item":"https:\/\/candas365.es\/noticias","nextItem":{"@type":"ListItem","@id":"https:\/\/candas365.es\/noticias\/category\/noticias-carreno\/#listItem","name":"Noticias Carre\u00f1o"}},{"@type":"ListItem","@id":"https:\/\/candas365.es\/noticias\/category\/noticias-carreno\/#listItem","position":2,"name":"Noticias Carre\u00f1o","item":"https:\/\/candas365.es\/noticias\/category\/noticias-carreno\/","nextItem":{"@type":"ListItem","@id":"https:\/\/candas365.es\/noticias\/carreno-apoyara-al-comercio-local-en-la-vuelta-al-cole\/#listItem","name":"Carre\u00f1o apoyar\u00e1 al comercio local en \u201cla vuelta al cole\u201d"},"previousItem":{"@type":"ListItem","@id":"https:\/\/candas365.es\/noticias#listItem","name":"Home"}},{"@type":"ListItem","@id":"https:\/\/candas365.es\/noticias\/carreno-apoyara-al-comercio-local-en-la-vuelta-al-cole\/#listItem","position":3,"name":"Carre\u00f1o apoyar\u00e1 al comercio local en \u201cla vuelta al cole\u201d","previousItem":{"@type":"ListItem","@id":"https:\/\/candas365.es\/noticias\/category\/noticias-carreno\/#listItem","name":"Noticias Carre\u00f1o"}}]},{"@type":"NewsArticle","@id":"https:\/\/candas365.es\/noticias\/carreno-apoyara-al-comercio-local-en-la-vuelta-al-cole\/#newsarticle","name":"Carre\u00f1o apoyar\u00e1 al comercio local en \u201cla vuelta al cole\u201d | Cand\u00e1s 365","headline":"Carre\u00f1o apoyar\u00e1 al comercio local en \u201cla vuelta al cole\u201d","author":{"@id":"https:\/\/candas365.es\/noticias\/author\/admin\/#author"},"publisher":{"@id":"https:\/\/candas365.es\/noticias\/#organization"},"image":{"@type":"ImageObject","url":"https:\/\/candas365.es\/noticias\/wp-content\/uploads\/2020\/06\/child-865116_640.jpg","width":640,"height":426},"datePublished":"2020-06-19T16:02:58+02:00","dateModified":"2020-06-19T16:02:58+02:00","inLanguage":"es-ES","mainEntityOfPage":{"@id":"https:\/\/candas365.es\/noticias\/carreno-apoyara-al-comercio-local-en-la-vuelta-al-cole\/#webpage"},"isPartOf":{"@id":"https:\/\/candas365.es\/noticias\/carreno-apoyara-al-comercio-local-en-la-vuelta-al-cole\/#webpage"},"articleSection":"Noticias Carre\u00f1o","dateline":"Publicado el junio 19, 2020."},{"@type":"Organization","@id":"https:\/\/candas365.es\/noticias\/#organization","name":"Cand\u00e1s 365","description":"Cand\u00e1s 365 es un diario digital independiente, fundado en 2012, con base en Asturias. Informamos con rigor sobre actualidad, sociedad, cultura y ocio, con una mirada local y global.","url":"https:\/\/candas365.es\/noticias\/","email":"info@candas365.es","telephone":"+34652131393","foundingDate":"2012-06-10","logo":{"@type":"ImageObject","url":"https:\/\/candas365.es\/noticias\/wp-content\/uploads\/2024\/09\/Candas-365-Redes.jpg","@id":"https:\/\/candas365.es\/noticias\/carreno-apoyara-al-comercio-local-en-la-vuelta-al-cole\/#organizationLogo","width":1152,"height":864,"caption":"Cand\u00e1s 365 Redes"},"image":{"@id":"https:\/\/candas365.es\/noticias\/carreno-apoyara-al-comercio-local-en-la-vuelta-al-cole\/#organizationLogo"},"sameAs":["https:\/\/www.facebook.com\/Nachofdezber","https:\/\/x.com\/NabercoDigital","https:\/\/www.instagram.com\/nachofdezber\/","https:\/\/www.youtube.com\/channel\/UCZP-2wLEB9Rv6erhFmqVnvg"],"address":{"@id":"https:\/\/candas365.es\/noticias\/#postaladdress","@type":"PostalAddress","streetAddress":"san antonio 4, san antonio 4","postalCode":"33430","addressLocality":"Cand\u00e1s","addressRegion":"Asturias","addressCountry":"ES"}},{"@type":"Person","@id":"https:\/\/candas365.es\/noticias\/author\/admin\/#author","url":"https:\/\/candas365.es\/noticias\/author\/admin\/","name":"Cand\u00e1s 365","image":{"@type":"ImageObject","@id":"https:\/\/candas365.es\/noticias\/carreno-apoyara-al-comercio-local-en-la-vuelta-al-cole\/#authorImage","url":"https:\/\/secure.gravatar.com\/avatar\/496a8e03d0c493ede1718b7934145dbdf8d89be1036b0eec9544e1094c9de390?s=96&d=mm&r=g","width":96,"height":96,"caption":"Cand\u00e1s 365"},"sameAs":["https:\/\/www.facebook.com\/carrenoactualidad","https:\/\/twitter.com\/nbasturias","https:\/\/www.instagram.com\/nachofdezber\/","https:\/\/www.youtube.com\/channel\/UCZP-2wLEB9Rv6erhFmqVnvg"]},{"@type":"WebPage","@id":"https:\/\/candas365.es\/noticias\/carreno-apoyara-al-comercio-local-en-la-vuelta-al-cole\/#webpage","url":"https:\/\/candas365.es\/noticias\/carreno-apoyara-al-comercio-local-en-la-vuelta-al-cole\/","name":"Carre\u00f1o apoyar\u00e1 al comercio local en \u201cla vuelta al cole\u201d | Cand\u00e1s 365","description":"El Ayuntamiento de Carre\u00f1o apoyar\u00e1 al comercio local con motivo de la vuelta al cole, esta iniciativa se articular\u00e1 con los comercios del concejo y la comunidad educativa. \u201cSe pretende, con la intermediaci\u00f3n municipal, el articular una comunicaci\u00f3n fluida entre las partes al objeto de que la comunidad educativa reciba de forma continuada las ofertas","inLanguage":"es-ES","isPartOf":{"@id":"https:\/\/candas365.es\/noticias\/#website"},"breadcrumb":{"@id":"https:\/\/candas365.es\/noticias\/carreno-apoyara-al-comercio-local-en-la-vuelta-al-cole\/#breadcrumblist"},"author":{"@id":"https:\/\/candas365.es\/noticias\/author\/admin\/#author"},"creator":{"@id":"https:\/\/candas365.es\/noticias\/author\/admin\/#author"},"image":{"@type":"ImageObject","url":"https:\/\/candas365.es\/noticias\/wp-content\/uploads\/2020\/06\/child-865116_640.jpg","@id":"https:\/\/candas365.es\/noticias\/carreno-apoyara-al-comercio-local-en-la-vuelta-al-cole\/#mainImage","width":640,"height":426},"primaryImageOfPage":{"@id":"https:\/\/candas365.es\/noticias\/carreno-apoyara-al-comercio-local-en-la-vuelta-al-cole\/#mainImage"},"datePublished":"2020-06-19T16:02:58+02:00","dateModified":"2020-06-19T16:02:58+02:00"},{"@type":"WebSite","@id":"https:\/\/candas365.es\/noticias\/#website","url":"https:\/\/candas365.es\/noticias\/","name":"Cand\u00e1s 365","alternateName":"Cand\u00e1s 365 Noticias","description":"Actualidad desde Carre\u00f1o para el mundo","inLanguage":"es-ES","publisher":{"@id":"https:\/\/candas365.es\/noticias\/#organization"}}]},"og:locale":"es_ES","og:site_name":"Cand\u00e1s 365","og:type":"article","og:title":"Carre\u00f1o apoyar\u00e1 al comercio local en \u201cla vuelta al cole\u201d | Cand\u00e1s 365","og:description":"El Ayuntamiento de Carre\u00f1o apoyar\u00e1 al comercio local con motivo de la vuelta al cole, esta iniciativa se articular\u00e1 con los comercios del concejo y la comunidad educativa. \u201cSe pretende, con la intermediaci\u00f3n municipal, el articular una comunicaci\u00f3n fluida entre las partes al objeto de que la comunidad educativa reciba de forma continuada las ofertas","og:url":"https:\/\/candas365.es\/noticias\/carreno-apoyara-al-comercio-local-en-la-vuelta-al-cole\/","og:image":"https:\/\/candas365.es\/noticias\/wp-content\/uploads\/2020\/06\/child-865116_640.jpg","og:image:secure_url":"https:\/\/candas365.es\/noticias\/wp-content\/uploads\/2020\/06\/child-865116_640.jpg","og:image:width":640,"og:image:height":426,"article:published_time":"2020-06-19T16:02:58+00:00","article:modified_time":"2020-06-19T16:02:58+00:00","article:publisher":"https:\/\/www.facebook.com\/Nachofdezber","article:author":"https:\/\/www.facebook.com\/carrenoactualidad","twitter:card":"summary_large_image","twitter:site":"@NabercoDigital","twitter:title":"Carre\u00f1o apoyar\u00e1 al comercio local en \u201cla vuelta al cole\u201d | Cand\u00e1s 365","twitter:description":"El Ayuntamiento de Carre\u00f1o apoyar\u00e1 al comercio local con motivo de la vuelta al cole, esta iniciativa se articular\u00e1 con los comercios del concejo y la comunidad educativa. \u201cSe pretende, con la intermediaci\u00f3n municipal, el articular una comunicaci\u00f3n fluida entre las partes al objeto de que la comunidad educativa reciba de forma continuada las ofertas","twitter:creator":"@nbasturias","twitter:image":"https:\/\/candas365.es\/noticias\/wp-content\/uploads\/2020\/06\/child-865116_640.jpg","twitter:label1":"Escrito por","twitter:data1":"Cand\u00e1s 365","twitter:label2":"Tiempo de lectura estimado","twitter:data2":"1 minuto"},"aioseo_meta_data":{"post_id":"143774","title":null,"description":null,"keywords":null,"keyphrases":null,"primary_term":null,"canonical_url":null,"og_title":null,"og_description":null,"og_object_type":"default","og_image_type":"default","og_image_url":null,"og_image_width":null,"og_image_height":null,"og_image_custom_url":null,"og_image_custom_fields":null,"og_video":null,"og_custom_url":null,"og_article_section":null,"og_article_tags":null,"twitter_use_og":false,"twitter_card":"default","twitter_image_type":"default","twitter_image_url":null,"twitter_image_custom_url":null,"twitter_image_custom_fields":null,"twitter_title":null,"twitter_description":null,"schema":{"blockGraphs":[],"customGraphs":[],"default":{"data":{"Article":[],"Course":[],"Dataset":[],"FAQPage":[],"Movie":[],"Person":[],"Product":[],"ProductReview":[],"Car":[],"Recipe":[],"Service":[],"SoftwareApplication":[],"WebPage":[]},"graphName":"","isEnabled":true},"graphs":[]},"schema_type":null,"schema_type_options":null,"pillar_content":false,"robots_default":true,"robots_noindex":false,"robots_noarchive":false,"robots_nosnippet":false,"robots_nofollow":false,"robots_noimageindex":false,"robots_noodp":false,"robots_notranslate":false,"robots_max_snippet":null,"robots_max_videopreview":null,"robots_max_imagepreview":"large","priority":null,"frequency":null,"location":null,"local_seo":null,"seo_analyzer_scan_date":"2025-08-31 07:05:17","breadcrumb_settings":null,"limit_modified_date":false,"reviewed_by":null,"open_ai":null,"ai":null,"created":"2020-12-21 10:41:28","updated":"2025-08-31 07:05:17"},"aioseo_breadcrumb":"<div class=\"aioseo-breadcrumbs\"><span class=\"aioseo-breadcrumb\">\n\t<a href=\"https:\/\/candas365.es\/noticias\" title=\"Home\">Home<\/a>\n<\/span><span class=\"aioseo-breadcrumb-separator\">&ndash;<\/span><span class=\"aioseo-breadcrumb\">\n\t<a href=\"https:\/\/candas365.es\/noticias\/category\/noticias-carreno\/\" title=\"Noticias Carre\u00f1o\">Noticias Carre\u00f1o<\/a>\n<\/span><span class=\"aioseo-breadcrumb-separator\">&ndash;<\/span><span class=\"aioseo-breadcrumb\">\n\tCarre\u00f1o apoyar\u00e1 al comercio local en \u201cla vuelta al cole\u201d\n<\/span><\/div>","aioseo_breadcrumb_json":[{"label":"Home","link":"https:\/\/candas365.es\/noticias"},{"label":"Noticias Carre\u00f1o","link":"https:\/\/candas365.es\/noticias\/category\/noticias-carreno\/"},{"label":"Carre\u00f1o apoyar\u00e1 al comercio local en \u201cla vuelta al cole\u201d","link":"https:\/\/candas365.es\/noticias\/carreno-apoyara-al-comercio-local-en-la-vuelta-al-cole\/"}],"_links":{"self":[{"href":"https:\/\/candas365.es\/noticias\/wp-json\/wp\/v2\/posts\/143774","targetHints":{"allow":["GET"]}}],"collection":[{"href":"https:\/\/candas365.es\/noticias\/wp-json\/wp\/v2\/posts"}],"about":[{"href":"https:\/\/candas365.es\/noticias\/wp-json\/wp\/v2\/types\/post"}],"author":[{"embeddable":true,"href":"https:\/\/candas365.es\/noticias\/wp-json\/wp\/v2\/users\/1"}],"replies":[{"embeddable":true,"href":"https:\/\/candas365.es\/noticias\/wp-json\/wp\/v2\/comments?post=143774"}],"version-history":[{"count":0,"href":"https:\/\/candas365.es\/noticias\/wp-json\/wp\/v2\/posts\/143774\/revisions"}],"wp:featuredmedia":[{"embeddable":true,"href":"https:\/\/candas365.es\/noticias\/wp-json\/wp\/v2\/media\/143775"}],"wp:attachment":[{"href":"https:\/\/candas365.es\/noticias\/wp-json\/wp\/v2\/media?parent=143774"}],"wp:term":[{"taxonomy":"category","embeddable":true,"href":"https:\/\/candas365.es\/noticias\/wp-json\/wp\/v2\/categories?post=143774"},{"taxonomy":"post_tag","embeddable":true,"href":"https:\/\/candas365.es\/noticias\/wp-json\/wp\/v2\/tags?post=143774"}],"curies":[{"name":"wp","href":"https:\/\/api.w.org\/{rel}","templated":true}]}}