{"id":143209,"date":"2020-06-04T13:05:48","date_gmt":"2020-06-04T13:05:48","guid":{"rendered":"http:\/\/candas365.es\/noticias\/?p=143209"},"modified":"2020-06-04T13:05:48","modified_gmt":"2020-06-04T13:05:48","slug":"dia-de-los-oceanos-en-el-muja","status":"publish","type":"post","link":"https:\/\/candas365.es\/noticias\/dia-de-los-oceanos-en-el-muja\/","title":{"rendered":"D\u00eda de los Oc\u00e9anos en el MUJA"},"content":{"rendered":"<p><img fetchpriority=\"high\" decoding=\"async\" class=\"alignleft size-medium wp-image-143210\" src=\"https:\/\/candas365.es\/noticias\/wp-content\/uploads\/2020\/06\/water-2208931_640-360x240.jpg\" alt=\"\" width=\"360\" height=\"240\" srcset=\"https:\/\/candas365.es\/noticias\/wp-content\/uploads\/2020\/06\/water-2208931_640-360x240.jpg 360w, https:\/\/candas365.es\/noticias\/wp-content\/uploads\/2020\/06\/water-2208931_640-631x420.jpg 631w, https:\/\/candas365.es\/noticias\/wp-content\/uploads\/2020\/06\/water-2208931_640.jpg 640w\" sizes=\"(max-width: 360px) 100vw, 360px\" \/>El Museo del Jur\u00e1sico de Asturias (MUJA) se suma a la celebraci\u00f3n del D\u00eda Mundial de los Oc\u00e9anos, c<strong>on actividades online cada d\u00eda del 8 al 14 de junio<\/strong>.<\/p>\n<p>Un v\u00eddeo realizado con las ilustraciones de Vanesa Rovira permitir\u00e1 el lunes 8 de junio conocer a Mary Anning, la descubridora del primer ictiosaurio, y al d\u00eda siguiente habr\u00e1 pasatiempos para que el p\u00fablico ponga a prueba su conocimiento sobre animales marinos, mares y oc\u00e9anos. El MUJA ofrecer\u00e1 un taller de papiroflexia el 10 de junio para realizar peces con la t\u00e9cnica del origami y el d\u00eda 11 un nuevo v\u00eddeo de Mujeres de Ciencia sobre tres paleont\u00f3logas especializadas en f\u00f3siles marinos: Zulma Brandoni de Gasparini, Judith Massare y Winifred Goldring.<\/p>\n<p>Adem\u00e1s, para los beb\u00e9s habr\u00e1 un taller para darle color a los reptiles marinos el 12 de junio, y para el p\u00fablico infantil, una actividad para realizar reptiles marinos con Hamma Beads, peque\u00f1as piezas de pl\u00e1stico de colores, el d\u00eda 13. La programaci\u00f3n del D\u00eda de los Oc\u00e9anos finaliza el 14 de junio con un encuentro con Laura Pi\u00f1uela, investigadora del Museo, en el que hablar\u00e1 de las transformaciones del planeta Tierra.<\/p>\n<p><strong>El MUJA ya ha abierto sus puertas y se puede visitar de mi\u00e9rcoles a domingo con aforo reducido<\/strong>, por lo que se recomienda la compra de entradas online a trav\u00e9s de la web www.museojurasicoasturias.com.<\/p>\n<p>El Museo del Jur\u00e1sico de Asturias contin\u00faa asimismo con las propuestas virtuales que ha desarrollado desde el inicio de la crisis sanitaria. Para junio, el MUJA ha preparado, adem\u00e1s del D\u00eda de los Oc\u00e9anos, actividades como Mujeres de Ciencia, los encuentros con Laura Pi\u00f1uela y talleres de papiroflexia o para hacer t\u00edteres y sombras chinescas de dinosaurios y reptiles voladores.<\/p>\n","protected":false},"excerpt":{"rendered":"<p>El Museo del Jur\u00e1sico de Asturias (MUJA) se suma a la celebraci\u00f3n del D\u00eda Mundial de los Oc\u00e9anos, con actividades online cada d\u00eda del 8 al 14 de junio. Un v\u00eddeo realizado con las ilustraciones de Vanesa Rovira permitir\u00e1 el lunes 8 de junio conocer a Mary Anning, la descubridora del primer ictiosaurio, y al<\/p>\n","protected":false},"author":1,"featured_media":143210,"comment_status":"closed","ping_status":"closed","sticky":false,"template":"","format":"standard","meta":{"footnotes":""},"categories":[1],"tags":[],"class_list":{"0":"post-143209","1":"post","2":"type-post","3":"status-publish","4":"format-standard","5":"has-post-thumbnail","7":"category-agenda"},"aioseo_notices":[],"aioseo_head":"\n\t\t<!-- All in One SEO Pro 4.9.6.2 - aioseo.com -->\n\t<meta name=\"description\" content=\"El Museo del Jur\u00e1sico de Asturias (MUJA) se suma a la celebraci\u00f3n del D\u00eda Mundial de los Oc\u00e9anos, con actividades online cada d\u00eda del 8 al 14 de junio. Un v\u00eddeo realizado con las ilustraciones de Vanesa Rovira permitir\u00e1 el lunes 8 de junio conocer a Mary Anning, la descubridora del primer ictiosaurio, y al\" \/>\n\t<meta name=\"robots\" content=\"max-image-preview:large\" \/>\n\t<meta name=\"author\" content=\"Cand\u00e1s 365\"\/>\n\t<meta name=\"google-site-verification\" content=\"UA-32230408-1\" \/>\n\t<meta name=\"msvalidate.01\" content=\"354F3CDFB2DA171B47FBE9ABF1F88D5\" \/>\n\t<meta name=\"keywords\" content=\"agenda\" \/>\n\t<link rel=\"canonical\" href=\"https:\/\/candas365.es\/noticias\/dia-de-los-oceanos-en-el-muja\/\" \/>\n\t<meta name=\"generator\" content=\"All in One SEO Pro (AIOSEO) 4.9.6.2\" \/>\n\t\t<meta property=\"og:locale\" content=\"es_ES\" \/>\n\t\t<meta property=\"og:site_name\" content=\"Cand\u00e1s 365\" \/>\n\t\t<meta property=\"og:type\" content=\"article\" \/>\n\t\t<meta property=\"og:title\" content=\"D\u00eda de los Oc\u00e9anos en el MUJA | Cand\u00e1s 365\" \/>\n\t\t<meta property=\"og:description\" content=\"El Museo del Jur\u00e1sico de Asturias (MUJA) se suma a la celebraci\u00f3n del D\u00eda Mundial de los Oc\u00e9anos, con actividades online cada d\u00eda del 8 al 14 de junio. Un v\u00eddeo realizado con las ilustraciones de Vanesa Rovira permitir\u00e1 el lunes 8 de junio conocer a Mary Anning, la descubridora del primer ictiosaurio, y al\" \/>\n\t\t<meta property=\"og:url\" content=\"https:\/\/candas365.es\/noticias\/dia-de-los-oceanos-en-el-muja\/\" \/>\n\t\t<meta property=\"og:image\" content=\"https:\/\/candas365.es\/noticias\/wp-content\/uploads\/2020\/06\/water-2208931_640.jpg\" \/>\n\t\t<meta property=\"og:image:secure_url\" content=\"https:\/\/candas365.es\/noticias\/wp-content\/uploads\/2020\/06\/water-2208931_640.jpg\" \/>\n\t\t<meta property=\"og:image:width\" content=\"640\" \/>\n\t\t<meta property=\"og:image:height\" content=\"426\" \/>\n\t\t<meta property=\"article:published_time\" content=\"2020-06-04T13:05:48+00:00\" \/>\n\t\t<meta property=\"article:modified_time\" content=\"2020-06-04T13:05:48+00:00\" \/>\n\t\t<meta property=\"article:publisher\" content=\"https:\/\/www.facebook.com\/Nachofdezber\" \/>\n\t\t<meta property=\"article:author\" content=\"https:\/\/www.facebook.com\/carrenoactualidad\" \/>\n\t\t<meta name=\"twitter:card\" content=\"summary_large_image\" \/>\n\t\t<meta name=\"twitter:site\" content=\"@NabercoDigital\" \/>\n\t\t<meta name=\"twitter:title\" content=\"D\u00eda de los Oc\u00e9anos en el MUJA | Cand\u00e1s 365\" \/>\n\t\t<meta name=\"twitter:description\" content=\"El Museo del Jur\u00e1sico de Asturias (MUJA) se suma a la celebraci\u00f3n del D\u00eda Mundial de los Oc\u00e9anos, con actividades online cada d\u00eda del 8 al 14 de junio. Un v\u00eddeo realizado con las ilustraciones de Vanesa Rovira permitir\u00e1 el lunes 8 de junio conocer a Mary Anning, la descubridora del primer ictiosaurio, y al\" \/>\n\t\t<meta name=\"twitter:creator\" content=\"@nbasturias\" \/>\n\t\t<meta name=\"twitter:image\" content=\"https:\/\/candas365.es\/noticias\/wp-content\/uploads\/2020\/06\/water-2208931_640.jpg\" \/>\n\t\t<meta name=\"twitter:label1\" content=\"Escrito por\" \/>\n\t\t<meta name=\"twitter:data1\" content=\"Cand\u00e1s 365\" \/>\n\t\t<meta name=\"twitter:label2\" content=\"Tiempo de lectura estimado\" \/>\n\t\t<meta name=\"twitter:data2\" content=\"2 minutos\" \/>\n\t\t<script type=\"application\/ld+json\" class=\"aioseo-schema\">\n\t\t\t{\"@context\":\"https:\\\/\\\/schema.org\",\"@graph\":[{\"@type\":\"BreadcrumbList\",\"@id\":\"https:\\\/\\\/candas365.es\\\/noticias\\\/dia-de-los-oceanos-en-el-muja\\\/#breadcrumblist\",\"itemListElement\":[{\"@type\":\"ListItem\",\"@id\":\"https:\\\/\\\/candas365.es\\\/noticias#listItem\",\"position\":1,\"name\":\"Home\",\"item\":\"https:\\\/\\\/candas365.es\\\/noticias\",\"nextItem\":{\"@type\":\"ListItem\",\"@id\":\"https:\\\/\\\/candas365.es\\\/noticias\\\/category\\\/agenda\\\/#listItem\",\"name\":\"Agenda\"}},{\"@type\":\"ListItem\",\"@id\":\"https:\\\/\\\/candas365.es\\\/noticias\\\/category\\\/agenda\\\/#listItem\",\"position\":2,\"name\":\"Agenda\",\"item\":\"https:\\\/\\\/candas365.es\\\/noticias\\\/category\\\/agenda\\\/\",\"nextItem\":{\"@type\":\"ListItem\",\"@id\":\"https:\\\/\\\/candas365.es\\\/noticias\\\/dia-de-los-oceanos-en-el-muja\\\/#listItem\",\"name\":\"D\\u00eda de los Oc\\u00e9anos en el MUJA\"},\"previousItem\":{\"@type\":\"ListItem\",\"@id\":\"https:\\\/\\\/candas365.es\\\/noticias#listItem\",\"name\":\"Home\"}},{\"@type\":\"ListItem\",\"@id\":\"https:\\\/\\\/candas365.es\\\/noticias\\\/dia-de-los-oceanos-en-el-muja\\\/#listItem\",\"position\":3,\"name\":\"D\\u00eda de los Oc\\u00e9anos en el MUJA\",\"previousItem\":{\"@type\":\"ListItem\",\"@id\":\"https:\\\/\\\/candas365.es\\\/noticias\\\/category\\\/agenda\\\/#listItem\",\"name\":\"Agenda\"}}]},{\"@type\":\"NewsArticle\",\"@id\":\"https:\\\/\\\/candas365.es\\\/noticias\\\/dia-de-los-oceanos-en-el-muja\\\/#newsarticle\",\"name\":\"D\\u00eda de los Oc\\u00e9anos en el MUJA | Cand\\u00e1s 365\",\"headline\":\"D\\u00eda de los Oc\\u00e9anos en el MUJA\",\"author\":{\"@id\":\"https:\\\/\\\/candas365.es\\\/noticias\\\/author\\\/admin\\\/#author\"},\"publisher\":{\"@id\":\"https:\\\/\\\/candas365.es\\\/noticias\\\/#organization\"},\"image\":{\"@type\":\"ImageObject\",\"url\":\"https:\\\/\\\/candas365.es\\\/noticias\\\/wp-content\\\/uploads\\\/2020\\\/06\\\/water-2208931_640.jpg\",\"width\":640,\"height\":426},\"datePublished\":\"2020-06-04T13:05:48+02:00\",\"dateModified\":\"2020-06-04T13:05:48+02:00\",\"inLanguage\":\"es-ES\",\"mainEntityOfPage\":{\"@id\":\"https:\\\/\\\/candas365.es\\\/noticias\\\/dia-de-los-oceanos-en-el-muja\\\/#webpage\"},\"isPartOf\":{\"@id\":\"https:\\\/\\\/candas365.es\\\/noticias\\\/dia-de-los-oceanos-en-el-muja\\\/#webpage\"},\"articleSection\":\"Agenda\",\"dateline\":\"Publicado el junio 4, 2020.\"},{\"@type\":\"Organization\",\"@id\":\"https:\\\/\\\/candas365.es\\\/noticias\\\/#organization\",\"name\":\"Cand\\u00e1s 365\",\"description\":\"Cand\\u00e1s 365 es un diario digital independiente, fundado en 2012, con base en Asturias. Informamos con rigor sobre actualidad, sociedad, cultura y ocio, con una mirada local y global.\",\"url\":\"https:\\\/\\\/candas365.es\\\/noticias\\\/\",\"email\":\"info@candas365.es\",\"telephone\":\"+34652131393\",\"foundingDate\":\"2012-06-10\",\"logo\":{\"@type\":\"ImageObject\",\"url\":\"https:\\\/\\\/candas365.es\\\/noticias\\\/wp-content\\\/uploads\\\/2024\\\/09\\\/Candas-365-Redes.jpg\",\"@id\":\"https:\\\/\\\/candas365.es\\\/noticias\\\/dia-de-los-oceanos-en-el-muja\\\/#organizationLogo\",\"width\":1152,\"height\":864,\"caption\":\"Cand\\u00e1s 365 Redes\"},\"image\":{\"@id\":\"https:\\\/\\\/candas365.es\\\/noticias\\\/dia-de-los-oceanos-en-el-muja\\\/#organizationLogo\"},\"sameAs\":[\"https:\\\/\\\/www.facebook.com\\\/Nachofdezber\",\"https:\\\/\\\/x.com\\\/NabercoDigital\",\"https:\\\/\\\/www.instagram.com\\\/nachofdezber\\\/\",\"https:\\\/\\\/www.youtube.com\\\/channel\\\/UCZP-2wLEB9Rv6erhFmqVnvg\"],\"address\":{\"@id\":\"https:\\\/\\\/candas365.es\\\/noticias\\\/#postaladdress\",\"@type\":\"PostalAddress\",\"streetAddress\":\"san antonio 4, san antonio 4\",\"postalCode\":\"33430\",\"addressLocality\":\"Cand\\u00e1s\",\"addressRegion\":\"Asturias\",\"addressCountry\":\"ES\"}},{\"@type\":\"Person\",\"@id\":\"https:\\\/\\\/candas365.es\\\/noticias\\\/author\\\/admin\\\/#author\",\"url\":\"https:\\\/\\\/candas365.es\\\/noticias\\\/author\\\/admin\\\/\",\"name\":\"Cand\\u00e1s 365\",\"image\":{\"@type\":\"ImageObject\",\"@id\":\"https:\\\/\\\/candas365.es\\\/noticias\\\/dia-de-los-oceanos-en-el-muja\\\/#authorImage\",\"url\":\"https:\\\/\\\/secure.gravatar.com\\\/avatar\\\/496a8e03d0c493ede1718b7934145dbdf8d89be1036b0eec9544e1094c9de390?s=96&d=mm&r=g\",\"width\":96,\"height\":96,\"caption\":\"Cand\\u00e1s 365\"},\"sameAs\":[\"https:\\\/\\\/www.facebook.com\\\/carrenoactualidad\",\"https:\\\/\\\/twitter.com\\\/nbasturias\",\"https:\\\/\\\/www.instagram.com\\\/nachofdezber\\\/\",\"https:\\\/\\\/www.youtube.com\\\/channel\\\/UCZP-2wLEB9Rv6erhFmqVnvg\"]},{\"@type\":\"WebPage\",\"@id\":\"https:\\\/\\\/candas365.es\\\/noticias\\\/dia-de-los-oceanos-en-el-muja\\\/#webpage\",\"url\":\"https:\\\/\\\/candas365.es\\\/noticias\\\/dia-de-los-oceanos-en-el-muja\\\/\",\"name\":\"D\\u00eda de los Oc\\u00e9anos en el MUJA | Cand\\u00e1s 365\",\"description\":\"El Museo del Jur\\u00e1sico de Asturias (MUJA) se suma a la celebraci\\u00f3n del D\\u00eda Mundial de los Oc\\u00e9anos, con actividades online cada d\\u00eda del 8 al 14 de junio. Un v\\u00eddeo realizado con las ilustraciones de Vanesa Rovira permitir\\u00e1 el lunes 8 de junio conocer a Mary Anning, la descubridora del primer ictiosaurio, y al\",\"inLanguage\":\"es-ES\",\"isPartOf\":{\"@id\":\"https:\\\/\\\/candas365.es\\\/noticias\\\/#website\"},\"breadcrumb\":{\"@id\":\"https:\\\/\\\/candas365.es\\\/noticias\\\/dia-de-los-oceanos-en-el-muja\\\/#breadcrumblist\"},\"author\":{\"@id\":\"https:\\\/\\\/candas365.es\\\/noticias\\\/author\\\/admin\\\/#author\"},\"creator\":{\"@id\":\"https:\\\/\\\/candas365.es\\\/noticias\\\/author\\\/admin\\\/#author\"},\"image\":{\"@type\":\"ImageObject\",\"url\":\"https:\\\/\\\/candas365.es\\\/noticias\\\/wp-content\\\/uploads\\\/2020\\\/06\\\/water-2208931_640.jpg\",\"@id\":\"https:\\\/\\\/candas365.es\\\/noticias\\\/dia-de-los-oceanos-en-el-muja\\\/#mainImage\",\"width\":640,\"height\":426},\"primaryImageOfPage\":{\"@id\":\"https:\\\/\\\/candas365.es\\\/noticias\\\/dia-de-los-oceanos-en-el-muja\\\/#mainImage\"},\"datePublished\":\"2020-06-04T13:05:48+02:00\",\"dateModified\":\"2020-06-04T13:05:48+02:00\"},{\"@type\":\"WebSite\",\"@id\":\"https:\\\/\\\/candas365.es\\\/noticias\\\/#website\",\"url\":\"https:\\\/\\\/candas365.es\\\/noticias\\\/\",\"name\":\"Cand\\u00e1s 365\",\"alternateName\":\"Cand\\u00e1s 365 Noticias\",\"description\":\"Actualidad desde Carre\\u00f1o para el mundo\",\"inLanguage\":\"es-ES\",\"publisher\":{\"@id\":\"https:\\\/\\\/candas365.es\\\/noticias\\\/#organization\"}}]}\n\t\t<\/script>\n\t\t<!-- All in One SEO Pro -->\r\n\t\t<title>D\u00eda de los Oc\u00e9anos en el MUJA | Cand\u00e1s 365<\/title>\n\n","aioseo_head_json":{"title":"D\u00eda de los Oc\u00e9anos en el MUJA | Cand\u00e1s 365","description":"El Museo del Jur\u00e1sico de Asturias (MUJA) se suma a la celebraci\u00f3n del D\u00eda Mundial de los Oc\u00e9anos, con actividades online cada d\u00eda del 8 al 14 de junio. Un v\u00eddeo realizado con las ilustraciones de Vanesa Rovira permitir\u00e1 el lunes 8 de junio conocer a Mary Anning, la descubridora del primer ictiosaurio, y al","canonical_url":"https:\/\/candas365.es\/noticias\/dia-de-los-oceanos-en-el-muja\/","robots":"max-image-preview:large","keywords":"agenda","webmasterTools":{"google-site-verification":"UA-32230408-1","msvalidate.01":"354F3CDFB2DA171B47FBE9ABF1F88D5","miscellaneous":""},"schema":{"@context":"https:\/\/schema.org","@graph":[{"@type":"BreadcrumbList","@id":"https:\/\/candas365.es\/noticias\/dia-de-los-oceanos-en-el-muja\/#breadcrumblist","itemListElement":[{"@type":"ListItem","@id":"https:\/\/candas365.es\/noticias#listItem","position":1,"name":"Home","item":"https:\/\/candas365.es\/noticias","nextItem":{"@type":"ListItem","@id":"https:\/\/candas365.es\/noticias\/category\/agenda\/#listItem","name":"Agenda"}},{"@type":"ListItem","@id":"https:\/\/candas365.es\/noticias\/category\/agenda\/#listItem","position":2,"name":"Agenda","item":"https:\/\/candas365.es\/noticias\/category\/agenda\/","nextItem":{"@type":"ListItem","@id":"https:\/\/candas365.es\/noticias\/dia-de-los-oceanos-en-el-muja\/#listItem","name":"D\u00eda de los Oc\u00e9anos en el MUJA"},"previousItem":{"@type":"ListItem","@id":"https:\/\/candas365.es\/noticias#listItem","name":"Home"}},{"@type":"ListItem","@id":"https:\/\/candas365.es\/noticias\/dia-de-los-oceanos-en-el-muja\/#listItem","position":3,"name":"D\u00eda de los Oc\u00e9anos en el MUJA","previousItem":{"@type":"ListItem","@id":"https:\/\/candas365.es\/noticias\/category\/agenda\/#listItem","name":"Agenda"}}]},{"@type":"NewsArticle","@id":"https:\/\/candas365.es\/noticias\/dia-de-los-oceanos-en-el-muja\/#newsarticle","name":"D\u00eda de los Oc\u00e9anos en el MUJA | Cand\u00e1s 365","headline":"D\u00eda de los Oc\u00e9anos en el MUJA","author":{"@id":"https:\/\/candas365.es\/noticias\/author\/admin\/#author"},"publisher":{"@id":"https:\/\/candas365.es\/noticias\/#organization"},"image":{"@type":"ImageObject","url":"https:\/\/candas365.es\/noticias\/wp-content\/uploads\/2020\/06\/water-2208931_640.jpg","width":640,"height":426},"datePublished":"2020-06-04T13:05:48+02:00","dateModified":"2020-06-04T13:05:48+02:00","inLanguage":"es-ES","mainEntityOfPage":{"@id":"https:\/\/candas365.es\/noticias\/dia-de-los-oceanos-en-el-muja\/#webpage"},"isPartOf":{"@id":"https:\/\/candas365.es\/noticias\/dia-de-los-oceanos-en-el-muja\/#webpage"},"articleSection":"Agenda","dateline":"Publicado el junio 4, 2020."},{"@type":"Organization","@id":"https:\/\/candas365.es\/noticias\/#organization","name":"Cand\u00e1s 365","description":"Cand\u00e1s 365 es un diario digital independiente, fundado en 2012, con base en Asturias. Informamos con rigor sobre actualidad, sociedad, cultura y ocio, con una mirada local y global.","url":"https:\/\/candas365.es\/noticias\/","email":"info@candas365.es","telephone":"+34652131393","foundingDate":"2012-06-10","logo":{"@type":"ImageObject","url":"https:\/\/candas365.es\/noticias\/wp-content\/uploads\/2024\/09\/Candas-365-Redes.jpg","@id":"https:\/\/candas365.es\/noticias\/dia-de-los-oceanos-en-el-muja\/#organizationLogo","width":1152,"height":864,"caption":"Cand\u00e1s 365 Redes"},"image":{"@id":"https:\/\/candas365.es\/noticias\/dia-de-los-oceanos-en-el-muja\/#organizationLogo"},"sameAs":["https:\/\/www.facebook.com\/Nachofdezber","https:\/\/x.com\/NabercoDigital","https:\/\/www.instagram.com\/nachofdezber\/","https:\/\/www.youtube.com\/channel\/UCZP-2wLEB9Rv6erhFmqVnvg"],"address":{"@id":"https:\/\/candas365.es\/noticias\/#postaladdress","@type":"PostalAddress","streetAddress":"san antonio 4, san antonio 4","postalCode":"33430","addressLocality":"Cand\u00e1s","addressRegion":"Asturias","addressCountry":"ES"}},{"@type":"Person","@id":"https:\/\/candas365.es\/noticias\/author\/admin\/#author","url":"https:\/\/candas365.es\/noticias\/author\/admin\/","name":"Cand\u00e1s 365","image":{"@type":"ImageObject","@id":"https:\/\/candas365.es\/noticias\/dia-de-los-oceanos-en-el-muja\/#authorImage","url":"https:\/\/secure.gravatar.com\/avatar\/496a8e03d0c493ede1718b7934145dbdf8d89be1036b0eec9544e1094c9de390?s=96&d=mm&r=g","width":96,"height":96,"caption":"Cand\u00e1s 365"},"sameAs":["https:\/\/www.facebook.com\/carrenoactualidad","https:\/\/twitter.com\/nbasturias","https:\/\/www.instagram.com\/nachofdezber\/","https:\/\/www.youtube.com\/channel\/UCZP-2wLEB9Rv6erhFmqVnvg"]},{"@type":"WebPage","@id":"https:\/\/candas365.es\/noticias\/dia-de-los-oceanos-en-el-muja\/#webpage","url":"https:\/\/candas365.es\/noticias\/dia-de-los-oceanos-en-el-muja\/","name":"D\u00eda de los Oc\u00e9anos en el MUJA | Cand\u00e1s 365","description":"El Museo del Jur\u00e1sico de Asturias (MUJA) se suma a la celebraci\u00f3n del D\u00eda Mundial de los Oc\u00e9anos, con actividades online cada d\u00eda del 8 al 14 de junio. Un v\u00eddeo realizado con las ilustraciones de Vanesa Rovira permitir\u00e1 el lunes 8 de junio conocer a Mary Anning, la descubridora del primer ictiosaurio, y al","inLanguage":"es-ES","isPartOf":{"@id":"https:\/\/candas365.es\/noticias\/#website"},"breadcrumb":{"@id":"https:\/\/candas365.es\/noticias\/dia-de-los-oceanos-en-el-muja\/#breadcrumblist"},"author":{"@id":"https:\/\/candas365.es\/noticias\/author\/admin\/#author"},"creator":{"@id":"https:\/\/candas365.es\/noticias\/author\/admin\/#author"},"image":{"@type":"ImageObject","url":"https:\/\/candas365.es\/noticias\/wp-content\/uploads\/2020\/06\/water-2208931_640.jpg","@id":"https:\/\/candas365.es\/noticias\/dia-de-los-oceanos-en-el-muja\/#mainImage","width":640,"height":426},"primaryImageOfPage":{"@id":"https:\/\/candas365.es\/noticias\/dia-de-los-oceanos-en-el-muja\/#mainImage"},"datePublished":"2020-06-04T13:05:48+02:00","dateModified":"2020-06-04T13:05:48+02:00"},{"@type":"WebSite","@id":"https:\/\/candas365.es\/noticias\/#website","url":"https:\/\/candas365.es\/noticias\/","name":"Cand\u00e1s 365","alternateName":"Cand\u00e1s 365 Noticias","description":"Actualidad desde Carre\u00f1o para el mundo","inLanguage":"es-ES","publisher":{"@id":"https:\/\/candas365.es\/noticias\/#organization"}}]},"og:locale":"es_ES","og:site_name":"Cand\u00e1s 365","og:type":"article","og:title":"D\u00eda de los Oc\u00e9anos en el MUJA | Cand\u00e1s 365","og:description":"El Museo del Jur\u00e1sico de Asturias (MUJA) se suma a la celebraci\u00f3n del D\u00eda Mundial de los Oc\u00e9anos, con actividades online cada d\u00eda del 8 al 14 de junio. Un v\u00eddeo realizado con las ilustraciones de Vanesa Rovira permitir\u00e1 el lunes 8 de junio conocer a Mary Anning, la descubridora del primer ictiosaurio, y al","og:url":"https:\/\/candas365.es\/noticias\/dia-de-los-oceanos-en-el-muja\/","og:image":"https:\/\/candas365.es\/noticias\/wp-content\/uploads\/2020\/06\/water-2208931_640.jpg","og:image:secure_url":"https:\/\/candas365.es\/noticias\/wp-content\/uploads\/2020\/06\/water-2208931_640.jpg","og:image:width":640,"og:image:height":426,"article:published_time":"2020-06-04T13:05:48+00:00","article:modified_time":"2020-06-04T13:05:48+00:00","article:publisher":"https:\/\/www.facebook.com\/Nachofdezber","article:author":"https:\/\/www.facebook.com\/carrenoactualidad","twitter:card":"summary_large_image","twitter:site":"@NabercoDigital","twitter:title":"D\u00eda de los Oc\u00e9anos en el MUJA | Cand\u00e1s 365","twitter:description":"El Museo del Jur\u00e1sico de Asturias (MUJA) se suma a la celebraci\u00f3n del D\u00eda Mundial de los Oc\u00e9anos, con actividades online cada d\u00eda del 8 al 14 de junio. Un v\u00eddeo realizado con las ilustraciones de Vanesa Rovira permitir\u00e1 el lunes 8 de junio conocer a Mary Anning, la descubridora del primer ictiosaurio, y al","twitter:creator":"@nbasturias","twitter:image":"https:\/\/candas365.es\/noticias\/wp-content\/uploads\/2020\/06\/water-2208931_640.jpg","twitter:label1":"Escrito por","twitter:data1":"Cand\u00e1s 365","twitter:label2":"Tiempo de lectura estimado","twitter:data2":"2 minutos"},"aioseo_meta_data":{"post_id":"143209","title":null,"description":null,"keywords":null,"keyphrases":null,"primary_term":null,"canonical_url":null,"og_title":null,"og_description":null,"og_object_type":"default","og_image_type":"default","og_image_url":null,"og_image_width":null,"og_image_height":null,"og_image_custom_url":null,"og_image_custom_fields":null,"og_video":null,"og_custom_url":null,"og_article_section":null,"og_article_tags":null,"twitter_use_og":false,"twitter_card":"default","twitter_image_type":"default","twitter_image_url":null,"twitter_image_custom_url":null,"twitter_image_custom_fields":null,"twitter_title":null,"twitter_description":null,"schema":{"blockGraphs":[],"customGraphs":[],"default":{"data":{"Article":[],"Course":[],"Dataset":[],"FAQPage":[],"Movie":[],"Person":[],"Product":[],"ProductReview":[],"Car":[],"Recipe":[],"Service":[],"SoftwareApplication":[],"WebPage":[]},"graphName":"","isEnabled":true},"graphs":[],"defaultGraph":"","defaultPostTypeGraph":""},"schema_type":null,"schema_type_options":null,"pillar_content":false,"robots_default":true,"robots_noindex":false,"robots_noarchive":false,"robots_nosnippet":false,"robots_nofollow":false,"robots_noimageindex":false,"robots_noodp":false,"robots_notranslate":false,"robots_max_snippet":null,"robots_max_videopreview":null,"robots_max_imagepreview":"large","priority":null,"frequency":null,"location":null,"local_seo":null,"seo_analyzer_scan_date":"2025-08-31 06:19:16","breadcrumb_settings":null,"limit_modified_date":false,"reviewed_by":null,"open_ai":null,"ai":null,"created":"2020-12-21 10:41:50","updated":"2025-08-31 06:19:16"},"aioseo_breadcrumb":"<div class=\"aioseo-breadcrumbs\"><span class=\"aioseo-breadcrumb\">\n\t<a href=\"https:\/\/candas365.es\/noticias\" title=\"Home\">Home<\/a>\n<\/span><span class=\"aioseo-breadcrumb-separator\">&ndash;<\/span><span class=\"aioseo-breadcrumb\">\n\t<a href=\"https:\/\/candas365.es\/noticias\/category\/agenda\/\" title=\"Agenda\">Agenda<\/a>\n<\/span><span class=\"aioseo-breadcrumb-separator\">&ndash;<\/span><span class=\"aioseo-breadcrumb\">\n\tD\u00eda de los Oc\u00e9anos en el MUJA\n<\/span><\/div>","aioseo_breadcrumb_json":[{"label":"Home","link":"https:\/\/candas365.es\/noticias"},{"label":"Agenda","link":"https:\/\/candas365.es\/noticias\/category\/agenda\/"},{"label":"D\u00eda de los Oc\u00e9anos en el MUJA","link":"https:\/\/candas365.es\/noticias\/dia-de-los-oceanos-en-el-muja\/"}],"_links":{"self":[{"href":"https:\/\/candas365.es\/noticias\/wp-json\/wp\/v2\/posts\/143209","targetHints":{"allow":["GET"]}}],"collection":[{"href":"https:\/\/candas365.es\/noticias\/wp-json\/wp\/v2\/posts"}],"about":[{"href":"https:\/\/candas365.es\/noticias\/wp-json\/wp\/v2\/types\/post"}],"author":[{"embeddable":true,"href":"https:\/\/candas365.es\/noticias\/wp-json\/wp\/v2\/users\/1"}],"replies":[{"embeddable":true,"href":"https:\/\/candas365.es\/noticias\/wp-json\/wp\/v2\/comments?post=143209"}],"version-history":[{"count":0,"href":"https:\/\/candas365.es\/noticias\/wp-json\/wp\/v2\/posts\/143209\/revisions"}],"wp:featuredmedia":[{"embeddable":true,"href":"https:\/\/candas365.es\/noticias\/wp-json\/wp\/v2\/media\/143210"}],"wp:attachment":[{"href":"https:\/\/candas365.es\/noticias\/wp-json\/wp\/v2\/media?parent=143209"}],"wp:term":[{"taxonomy":"category","embeddable":true,"href":"https:\/\/candas365.es\/noticias\/wp-json\/wp\/v2\/categories?post=143209"},{"taxonomy":"post_tag","embeddable":true,"href":"https:\/\/candas365.es\/noticias\/wp-json\/wp\/v2\/tags?post=143209"}],"curies":[{"name":"wp","href":"https:\/\/api.w.org\/{rel}","templated":true}]}}