{"id":143207,"date":"2020-06-04T12:08:17","date_gmt":"2020-06-04T12:08:17","guid":{"rendered":"http:\/\/candas365.es\/noticias\/?p=143207"},"modified":"2020-06-04T12:08:17","modified_gmt":"2020-06-04T12:08:17","slug":"el-tiempo-viernes-5-de-junio-de-2020","status":"publish","type":"post","link":"https:\/\/candas365.es\/noticias\/el-tiempo-viernes-5-de-junio-de-2020\/","title":{"rendered":"El tiempo, viernes 5 de junio de 2020"},"content":{"rendered":"<p><img fetchpriority=\"high\" decoding=\"async\" class=\"alignleft size-medium wp-image-128780\" src=\"https:\/\/candas365.es\/noticias\/wp-content\/uploads\/2019\/08\/clouds-3663407_960_720-360x239.jpg\" alt=\"\" width=\"360\" height=\"239\" srcset=\"https:\/\/candas365.es\/noticias\/wp-content\/uploads\/2019\/08\/clouds-3663407_960_720-360x239.jpg 360w, https:\/\/candas365.es\/noticias\/wp-content\/uploads\/2019\/08\/clouds-3663407_960_720-768x510.jpg 768w, https:\/\/candas365.es\/noticias\/wp-content\/uploads\/2019\/08\/clouds-3663407_960_720-655x435.jpg 655w, https:\/\/candas365.es\/noticias\/wp-content\/uploads\/2019\/08\/clouds-3663407_960_720-696x463.jpg 696w, https:\/\/candas365.es\/noticias\/wp-content\/uploads\/2019\/08\/clouds-3663407_960_720-632x420.jpg 632w, https:\/\/candas365.es\/noticias\/wp-content\/uploads\/2019\/08\/clouds-3663407_960_720.jpg 960w\" sizes=\"(max-width: 360px) 100vw, 360px\" \/>Jornada de viernes en las islas Canarias occidentales con cielos nubosos, con lluvias y chubascos que podr\u00edan ser localmente fuertes o persistentes.<\/p>\n<p>En el extremo norte de la Pen\u00ednsula se esperan cielos nubosos, con lluvias y chubascos en el Cant\u00e1brico central y oriental, norte de Navarra y zonas de Pirineos, tendiendo a dispersarse por la tarde, con alg\u00fan chubasco aislado en el Cant\u00e1brico y norte de Catalu\u00f1a.<\/p>\n<p>En el entorno de C\u00e1diz, centro y nordeste de Andaluc\u00eda tambi\u00e9n estar\u00e1 nuboso, con precipitaciones por la ma\u00f1ana, que tender\u00e1n a dispersarse por la tarde, con alg\u00fan chubasco aislado en sierras del sur. En el resto del pa\u00eds predominar\u00e1n cielos poco nubosos, con algo de nubosidad de evoluci\u00f3n en el interior, m\u00e1s abundante en monta\u00f1a, sin descartar alg\u00fan chubasco aislado en el este de Baleares.<\/p>\n<p>Posibles brumas o nieblas matinales en monta\u00f1a en la mitad norte peninsular y Andaluc\u00eda, as\u00ed como calima en Melilla, seg\u00fan AEMET<\/p>\n<p>Las temperaturas m\u00e1ximas suben en el interior peninsular, mientras que bajan en el litoral sudeste y sur de Baleares. Valores anormalmente altos en Canarias.<\/p>\n<p>Vientos de componentes norte y oeste en Galicia, Cant\u00e1brico, valle del Ebro y, rolando a suroeste, en Baleares. De componentes oeste y sur en el resto del pa\u00eds. Intervalos de fuerte en el litoral de Almer\u00eda, zonas altas de Canarias, al principio en el bajo Ebro y, ocasionalmente, en el Cant\u00e1brico oriental, Ampurd\u00e1n y Baleares.<\/p>\n","protected":false},"excerpt":{"rendered":"<p>Jornada de viernes en las islas Canarias occidentales con cielos nubosos, con lluvias y chubascos que podr\u00edan ser localmente fuertes o persistentes. En el extremo norte de la Pen\u00ednsula se esperan cielos nubosos, con lluvias y chubascos en el Cant\u00e1brico central y oriental, norte de Navarra y zonas de Pirineos, tendiendo a dispersarse por la<\/p>\n","protected":false},"author":1,"featured_media":128780,"comment_status":"closed","ping_status":"closed","sticky":false,"template":"","format":"standard","meta":{"footnotes":""},"categories":[358],"tags":[],"class_list":{"0":"post-143207","1":"post","2":"type-post","3":"status-publish","4":"format-standard","5":"has-post-thumbnail","7":"category-el-tiempo"},"aioseo_notices":[],"aioseo_head":"\n\t\t<!-- All in One SEO Pro 4.9.6.2 - aioseo.com -->\n\t<meta name=\"description\" content=\"Jornada de viernes en las islas Canarias occidentales con cielos nubosos, con lluvias y chubascos que podr\u00edan ser localmente fuertes o persistentes. En el extremo norte de la Pen\u00ednsula se esperan cielos nubosos, con lluvias y chubascos en el Cant\u00e1brico central y oriental, norte de Navarra y zonas de Pirineos, tendiendo a dispersarse por la\" \/>\n\t<meta name=\"robots\" content=\"max-image-preview:large\" \/>\n\t<meta name=\"author\" content=\"Cand\u00e1s 365\"\/>\n\t<meta name=\"google-site-verification\" content=\"UA-32230408-1\" \/>\n\t<meta name=\"msvalidate.01\" content=\"354F3CDFB2DA171B47FBE9ABF1F88D5\" \/>\n\t<meta name=\"keywords\" content=\"el tiempo\" \/>\n\t<link rel=\"canonical\" href=\"https:\/\/candas365.es\/noticias\/el-tiempo-viernes-5-de-junio-de-2020\/\" \/>\n\t<meta name=\"generator\" content=\"All in One SEO Pro (AIOSEO) 4.9.6.2\" \/>\n\t\t<meta property=\"og:locale\" content=\"es_ES\" \/>\n\t\t<meta property=\"og:site_name\" content=\"Cand\u00e1s 365\" \/>\n\t\t<meta property=\"og:type\" content=\"article\" \/>\n\t\t<meta property=\"og:title\" content=\"El tiempo, viernes 5 de junio de 2020 | Cand\u00e1s 365\" \/>\n\t\t<meta property=\"og:description\" content=\"Jornada de viernes en las islas Canarias occidentales con cielos nubosos, con lluvias y chubascos que podr\u00edan ser localmente fuertes o persistentes. En el extremo norte de la Pen\u00ednsula se esperan cielos nubosos, con lluvias y chubascos en el Cant\u00e1brico central y oriental, norte de Navarra y zonas de Pirineos, tendiendo a dispersarse por la\" \/>\n\t\t<meta property=\"og:url\" content=\"https:\/\/candas365.es\/noticias\/el-tiempo-viernes-5-de-junio-de-2020\/\" \/>\n\t\t<meta property=\"og:image\" content=\"https:\/\/candas365.es\/noticias\/wp-content\/uploads\/2019\/08\/clouds-3663407_960_720.jpg\" \/>\n\t\t<meta property=\"og:image:secure_url\" content=\"https:\/\/candas365.es\/noticias\/wp-content\/uploads\/2019\/08\/clouds-3663407_960_720.jpg\" \/>\n\t\t<meta property=\"og:image:width\" content=\"960\" \/>\n\t\t<meta property=\"og:image:height\" content=\"638\" \/>\n\t\t<meta property=\"article:published_time\" content=\"2020-06-04T12:08:17+00:00\" \/>\n\t\t<meta property=\"article:modified_time\" content=\"2020-06-04T12:08:17+00:00\" \/>\n\t\t<meta property=\"article:publisher\" content=\"https:\/\/www.facebook.com\/Nachofdezber\" \/>\n\t\t<meta property=\"article:author\" content=\"https:\/\/www.facebook.com\/carrenoactualidad\" \/>\n\t\t<meta name=\"twitter:card\" content=\"summary_large_image\" \/>\n\t\t<meta name=\"twitter:site\" content=\"@NabercoDigital\" \/>\n\t\t<meta name=\"twitter:title\" content=\"El tiempo, viernes 5 de junio de 2020 | Cand\u00e1s 365\" \/>\n\t\t<meta name=\"twitter:description\" content=\"Jornada de viernes en las islas Canarias occidentales con cielos nubosos, con lluvias y chubascos que podr\u00edan ser localmente fuertes o persistentes. En el extremo norte de la Pen\u00ednsula se esperan cielos nubosos, con lluvias y chubascos en el Cant\u00e1brico central y oriental, norte de Navarra y zonas de Pirineos, tendiendo a dispersarse por la\" \/>\n\t\t<meta name=\"twitter:creator\" content=\"@nbasturias\" \/>\n\t\t<meta name=\"twitter:image\" content=\"https:\/\/candas365.es\/noticias\/wp-content\/uploads\/2019\/08\/clouds-3663407_960_720.jpg\" \/>\n\t\t<meta name=\"twitter:label1\" content=\"Escrito por\" \/>\n\t\t<meta name=\"twitter:data1\" content=\"Cand\u00e1s 365\" \/>\n\t\t<meta name=\"twitter:label2\" content=\"Tiempo de lectura estimado\" \/>\n\t\t<meta name=\"twitter:data2\" content=\"1 minuto\" \/>\n\t\t<script type=\"application\/ld+json\" class=\"aioseo-schema\">\n\t\t\t{\"@context\":\"https:\\\/\\\/schema.org\",\"@graph\":[{\"@type\":\"BreadcrumbList\",\"@id\":\"https:\\\/\\\/candas365.es\\\/noticias\\\/el-tiempo-viernes-5-de-junio-de-2020\\\/#breadcrumblist\",\"itemListElement\":[{\"@type\":\"ListItem\",\"@id\":\"https:\\\/\\\/candas365.es\\\/noticias#listItem\",\"position\":1,\"name\":\"Home\",\"item\":\"https:\\\/\\\/candas365.es\\\/noticias\",\"nextItem\":{\"@type\":\"ListItem\",\"@id\":\"https:\\\/\\\/candas365.es\\\/noticias\\\/category\\\/el-tiempo\\\/#listItem\",\"name\":\"El tiempo\"}},{\"@type\":\"ListItem\",\"@id\":\"https:\\\/\\\/candas365.es\\\/noticias\\\/category\\\/el-tiempo\\\/#listItem\",\"position\":2,\"name\":\"El tiempo\",\"item\":\"https:\\\/\\\/candas365.es\\\/noticias\\\/category\\\/el-tiempo\\\/\",\"nextItem\":{\"@type\":\"ListItem\",\"@id\":\"https:\\\/\\\/candas365.es\\\/noticias\\\/el-tiempo-viernes-5-de-junio-de-2020\\\/#listItem\",\"name\":\"El tiempo, viernes 5 de junio de 2020\"},\"previousItem\":{\"@type\":\"ListItem\",\"@id\":\"https:\\\/\\\/candas365.es\\\/noticias#listItem\",\"name\":\"Home\"}},{\"@type\":\"ListItem\",\"@id\":\"https:\\\/\\\/candas365.es\\\/noticias\\\/el-tiempo-viernes-5-de-junio-de-2020\\\/#listItem\",\"position\":3,\"name\":\"El tiempo, viernes 5 de junio de 2020\",\"previousItem\":{\"@type\":\"ListItem\",\"@id\":\"https:\\\/\\\/candas365.es\\\/noticias\\\/category\\\/el-tiempo\\\/#listItem\",\"name\":\"El tiempo\"}}]},{\"@type\":\"NewsArticle\",\"@id\":\"https:\\\/\\\/candas365.es\\\/noticias\\\/el-tiempo-viernes-5-de-junio-de-2020\\\/#newsarticle\",\"name\":\"El tiempo, viernes 5 de junio de 2020 | Cand\\u00e1s 365\",\"headline\":\"El tiempo, viernes 5 de junio de 2020\",\"author\":{\"@id\":\"https:\\\/\\\/candas365.es\\\/noticias\\\/author\\\/admin\\\/#author\"},\"publisher\":{\"@id\":\"https:\\\/\\\/candas365.es\\\/noticias\\\/#organization\"},\"image\":{\"@type\":\"ImageObject\",\"url\":\"https:\\\/\\\/candas365.es\\\/noticias\\\/wp-content\\\/uploads\\\/2019\\\/08\\\/clouds-3663407_960_720.jpg\",\"width\":960,\"height\":638},\"datePublished\":\"2020-06-04T12:08:17+02:00\",\"dateModified\":\"2020-06-04T12:08:17+02:00\",\"inLanguage\":\"es-ES\",\"mainEntityOfPage\":{\"@id\":\"https:\\\/\\\/candas365.es\\\/noticias\\\/el-tiempo-viernes-5-de-junio-de-2020\\\/#webpage\"},\"isPartOf\":{\"@id\":\"https:\\\/\\\/candas365.es\\\/noticias\\\/el-tiempo-viernes-5-de-junio-de-2020\\\/#webpage\"},\"articleSection\":\"El tiempo\",\"dateline\":\"Publicado el junio 4, 2020.\"},{\"@type\":\"Organization\",\"@id\":\"https:\\\/\\\/candas365.es\\\/noticias\\\/#organization\",\"name\":\"Cand\\u00e1s 365\",\"description\":\"Cand\\u00e1s 365 es un diario digital independiente, fundado en 2012, con base en Asturias. Informamos con rigor sobre actualidad, sociedad, cultura y ocio, con una mirada local y global.\",\"url\":\"https:\\\/\\\/candas365.es\\\/noticias\\\/\",\"email\":\"info@candas365.es\",\"telephone\":\"+34652131393\",\"foundingDate\":\"2012-06-10\",\"logo\":{\"@type\":\"ImageObject\",\"url\":\"https:\\\/\\\/candas365.es\\\/noticias\\\/wp-content\\\/uploads\\\/2024\\\/09\\\/Candas-365-Redes.jpg\",\"@id\":\"https:\\\/\\\/candas365.es\\\/noticias\\\/el-tiempo-viernes-5-de-junio-de-2020\\\/#organizationLogo\",\"width\":1152,\"height\":864,\"caption\":\"Cand\\u00e1s 365 Redes\"},\"image\":{\"@id\":\"https:\\\/\\\/candas365.es\\\/noticias\\\/el-tiempo-viernes-5-de-junio-de-2020\\\/#organizationLogo\"},\"sameAs\":[\"https:\\\/\\\/www.facebook.com\\\/Nachofdezber\",\"https:\\\/\\\/x.com\\\/NabercoDigital\",\"https:\\\/\\\/www.instagram.com\\\/nachofdezber\\\/\",\"https:\\\/\\\/www.youtube.com\\\/channel\\\/UCZP-2wLEB9Rv6erhFmqVnvg\"],\"address\":{\"@id\":\"https:\\\/\\\/candas365.es\\\/noticias\\\/#postaladdress\",\"@type\":\"PostalAddress\",\"streetAddress\":\"san antonio 4, san antonio 4\",\"postalCode\":\"33430\",\"addressLocality\":\"Cand\\u00e1s\",\"addressRegion\":\"Asturias\",\"addressCountry\":\"ES\"}},{\"@type\":\"Person\",\"@id\":\"https:\\\/\\\/candas365.es\\\/noticias\\\/author\\\/admin\\\/#author\",\"url\":\"https:\\\/\\\/candas365.es\\\/noticias\\\/author\\\/admin\\\/\",\"name\":\"Cand\\u00e1s 365\",\"image\":{\"@type\":\"ImageObject\",\"@id\":\"https:\\\/\\\/candas365.es\\\/noticias\\\/el-tiempo-viernes-5-de-junio-de-2020\\\/#authorImage\",\"url\":\"https:\\\/\\\/secure.gravatar.com\\\/avatar\\\/496a8e03d0c493ede1718b7934145dbdf8d89be1036b0eec9544e1094c9de390?s=96&d=mm&r=g\",\"width\":96,\"height\":96,\"caption\":\"Cand\\u00e1s 365\"},\"sameAs\":[\"https:\\\/\\\/www.facebook.com\\\/carrenoactualidad\",\"https:\\\/\\\/twitter.com\\\/nbasturias\",\"https:\\\/\\\/www.instagram.com\\\/nachofdezber\\\/\",\"https:\\\/\\\/www.youtube.com\\\/channel\\\/UCZP-2wLEB9Rv6erhFmqVnvg\"]},{\"@type\":\"WebPage\",\"@id\":\"https:\\\/\\\/candas365.es\\\/noticias\\\/el-tiempo-viernes-5-de-junio-de-2020\\\/#webpage\",\"url\":\"https:\\\/\\\/candas365.es\\\/noticias\\\/el-tiempo-viernes-5-de-junio-de-2020\\\/\",\"name\":\"El tiempo, viernes 5 de junio de 2020 | Cand\\u00e1s 365\",\"description\":\"Jornada de viernes en las islas Canarias occidentales con cielos nubosos, con lluvias y chubascos que podr\\u00edan ser localmente fuertes o persistentes. En el extremo norte de la Pen\\u00ednsula se esperan cielos nubosos, con lluvias y chubascos en el Cant\\u00e1brico central y oriental, norte de Navarra y zonas de Pirineos, tendiendo a dispersarse por la\",\"inLanguage\":\"es-ES\",\"isPartOf\":{\"@id\":\"https:\\\/\\\/candas365.es\\\/noticias\\\/#website\"},\"breadcrumb\":{\"@id\":\"https:\\\/\\\/candas365.es\\\/noticias\\\/el-tiempo-viernes-5-de-junio-de-2020\\\/#breadcrumblist\"},\"author\":{\"@id\":\"https:\\\/\\\/candas365.es\\\/noticias\\\/author\\\/admin\\\/#author\"},\"creator\":{\"@id\":\"https:\\\/\\\/candas365.es\\\/noticias\\\/author\\\/admin\\\/#author\"},\"image\":{\"@type\":\"ImageObject\",\"url\":\"https:\\\/\\\/candas365.es\\\/noticias\\\/wp-content\\\/uploads\\\/2019\\\/08\\\/clouds-3663407_960_720.jpg\",\"@id\":\"https:\\\/\\\/candas365.es\\\/noticias\\\/el-tiempo-viernes-5-de-junio-de-2020\\\/#mainImage\",\"width\":960,\"height\":638},\"primaryImageOfPage\":{\"@id\":\"https:\\\/\\\/candas365.es\\\/noticias\\\/el-tiempo-viernes-5-de-junio-de-2020\\\/#mainImage\"},\"datePublished\":\"2020-06-04T12:08:17+02:00\",\"dateModified\":\"2020-06-04T12:08:17+02:00\"},{\"@type\":\"WebSite\",\"@id\":\"https:\\\/\\\/candas365.es\\\/noticias\\\/#website\",\"url\":\"https:\\\/\\\/candas365.es\\\/noticias\\\/\",\"name\":\"Cand\\u00e1s 365\",\"alternateName\":\"Cand\\u00e1s 365 Noticias\",\"description\":\"Actualidad desde Carre\\u00f1o para el mundo\",\"inLanguage\":\"es-ES\",\"publisher\":{\"@id\":\"https:\\\/\\\/candas365.es\\\/noticias\\\/#organization\"}}]}\n\t\t<\/script>\n\t\t<!-- All in One SEO Pro -->\r\n\t\t<title>El tiempo, viernes 5 de junio de 2020 | Cand\u00e1s 365<\/title>\n\n","aioseo_head_json":{"title":"El tiempo, viernes 5 de junio de 2020 | Cand\u00e1s 365","description":"Jornada de viernes en las islas Canarias occidentales con cielos nubosos, con lluvias y chubascos que podr\u00edan ser localmente fuertes o persistentes. En el extremo norte de la Pen\u00ednsula se esperan cielos nubosos, con lluvias y chubascos en el Cant\u00e1brico central y oriental, norte de Navarra y zonas de Pirineos, tendiendo a dispersarse por la","canonical_url":"https:\/\/candas365.es\/noticias\/el-tiempo-viernes-5-de-junio-de-2020\/","robots":"max-image-preview:large","keywords":"el tiempo","webmasterTools":{"google-site-verification":"UA-32230408-1","msvalidate.01":"354F3CDFB2DA171B47FBE9ABF1F88D5","miscellaneous":""},"schema":{"@context":"https:\/\/schema.org","@graph":[{"@type":"BreadcrumbList","@id":"https:\/\/candas365.es\/noticias\/el-tiempo-viernes-5-de-junio-de-2020\/#breadcrumblist","itemListElement":[{"@type":"ListItem","@id":"https:\/\/candas365.es\/noticias#listItem","position":1,"name":"Home","item":"https:\/\/candas365.es\/noticias","nextItem":{"@type":"ListItem","@id":"https:\/\/candas365.es\/noticias\/category\/el-tiempo\/#listItem","name":"El tiempo"}},{"@type":"ListItem","@id":"https:\/\/candas365.es\/noticias\/category\/el-tiempo\/#listItem","position":2,"name":"El tiempo","item":"https:\/\/candas365.es\/noticias\/category\/el-tiempo\/","nextItem":{"@type":"ListItem","@id":"https:\/\/candas365.es\/noticias\/el-tiempo-viernes-5-de-junio-de-2020\/#listItem","name":"El tiempo, viernes 5 de junio de 2020"},"previousItem":{"@type":"ListItem","@id":"https:\/\/candas365.es\/noticias#listItem","name":"Home"}},{"@type":"ListItem","@id":"https:\/\/candas365.es\/noticias\/el-tiempo-viernes-5-de-junio-de-2020\/#listItem","position":3,"name":"El tiempo, viernes 5 de junio de 2020","previousItem":{"@type":"ListItem","@id":"https:\/\/candas365.es\/noticias\/category\/el-tiempo\/#listItem","name":"El tiempo"}}]},{"@type":"NewsArticle","@id":"https:\/\/candas365.es\/noticias\/el-tiempo-viernes-5-de-junio-de-2020\/#newsarticle","name":"El tiempo, viernes 5 de junio de 2020 | Cand\u00e1s 365","headline":"El tiempo, viernes 5 de junio de 2020","author":{"@id":"https:\/\/candas365.es\/noticias\/author\/admin\/#author"},"publisher":{"@id":"https:\/\/candas365.es\/noticias\/#organization"},"image":{"@type":"ImageObject","url":"https:\/\/candas365.es\/noticias\/wp-content\/uploads\/2019\/08\/clouds-3663407_960_720.jpg","width":960,"height":638},"datePublished":"2020-06-04T12:08:17+02:00","dateModified":"2020-06-04T12:08:17+02:00","inLanguage":"es-ES","mainEntityOfPage":{"@id":"https:\/\/candas365.es\/noticias\/el-tiempo-viernes-5-de-junio-de-2020\/#webpage"},"isPartOf":{"@id":"https:\/\/candas365.es\/noticias\/el-tiempo-viernes-5-de-junio-de-2020\/#webpage"},"articleSection":"El tiempo","dateline":"Publicado el junio 4, 2020."},{"@type":"Organization","@id":"https:\/\/candas365.es\/noticias\/#organization","name":"Cand\u00e1s 365","description":"Cand\u00e1s 365 es un diario digital independiente, fundado en 2012, con base en Asturias. Informamos con rigor sobre actualidad, sociedad, cultura y ocio, con una mirada local y global.","url":"https:\/\/candas365.es\/noticias\/","email":"info@candas365.es","telephone":"+34652131393","foundingDate":"2012-06-10","logo":{"@type":"ImageObject","url":"https:\/\/candas365.es\/noticias\/wp-content\/uploads\/2024\/09\/Candas-365-Redes.jpg","@id":"https:\/\/candas365.es\/noticias\/el-tiempo-viernes-5-de-junio-de-2020\/#organizationLogo","width":1152,"height":864,"caption":"Cand\u00e1s 365 Redes"},"image":{"@id":"https:\/\/candas365.es\/noticias\/el-tiempo-viernes-5-de-junio-de-2020\/#organizationLogo"},"sameAs":["https:\/\/www.facebook.com\/Nachofdezber","https:\/\/x.com\/NabercoDigital","https:\/\/www.instagram.com\/nachofdezber\/","https:\/\/www.youtube.com\/channel\/UCZP-2wLEB9Rv6erhFmqVnvg"],"address":{"@id":"https:\/\/candas365.es\/noticias\/#postaladdress","@type":"PostalAddress","streetAddress":"san antonio 4, san antonio 4","postalCode":"33430","addressLocality":"Cand\u00e1s","addressRegion":"Asturias","addressCountry":"ES"}},{"@type":"Person","@id":"https:\/\/candas365.es\/noticias\/author\/admin\/#author","url":"https:\/\/candas365.es\/noticias\/author\/admin\/","name":"Cand\u00e1s 365","image":{"@type":"ImageObject","@id":"https:\/\/candas365.es\/noticias\/el-tiempo-viernes-5-de-junio-de-2020\/#authorImage","url":"https:\/\/secure.gravatar.com\/avatar\/496a8e03d0c493ede1718b7934145dbdf8d89be1036b0eec9544e1094c9de390?s=96&d=mm&r=g","width":96,"height":96,"caption":"Cand\u00e1s 365"},"sameAs":["https:\/\/www.facebook.com\/carrenoactualidad","https:\/\/twitter.com\/nbasturias","https:\/\/www.instagram.com\/nachofdezber\/","https:\/\/www.youtube.com\/channel\/UCZP-2wLEB9Rv6erhFmqVnvg"]},{"@type":"WebPage","@id":"https:\/\/candas365.es\/noticias\/el-tiempo-viernes-5-de-junio-de-2020\/#webpage","url":"https:\/\/candas365.es\/noticias\/el-tiempo-viernes-5-de-junio-de-2020\/","name":"El tiempo, viernes 5 de junio de 2020 | Cand\u00e1s 365","description":"Jornada de viernes en las islas Canarias occidentales con cielos nubosos, con lluvias y chubascos que podr\u00edan ser localmente fuertes o persistentes. En el extremo norte de la Pen\u00ednsula se esperan cielos nubosos, con lluvias y chubascos en el Cant\u00e1brico central y oriental, norte de Navarra y zonas de Pirineos, tendiendo a dispersarse por la","inLanguage":"es-ES","isPartOf":{"@id":"https:\/\/candas365.es\/noticias\/#website"},"breadcrumb":{"@id":"https:\/\/candas365.es\/noticias\/el-tiempo-viernes-5-de-junio-de-2020\/#breadcrumblist"},"author":{"@id":"https:\/\/candas365.es\/noticias\/author\/admin\/#author"},"creator":{"@id":"https:\/\/candas365.es\/noticias\/author\/admin\/#author"},"image":{"@type":"ImageObject","url":"https:\/\/candas365.es\/noticias\/wp-content\/uploads\/2019\/08\/clouds-3663407_960_720.jpg","@id":"https:\/\/candas365.es\/noticias\/el-tiempo-viernes-5-de-junio-de-2020\/#mainImage","width":960,"height":638},"primaryImageOfPage":{"@id":"https:\/\/candas365.es\/noticias\/el-tiempo-viernes-5-de-junio-de-2020\/#mainImage"},"datePublished":"2020-06-04T12:08:17+02:00","dateModified":"2020-06-04T12:08:17+02:00"},{"@type":"WebSite","@id":"https:\/\/candas365.es\/noticias\/#website","url":"https:\/\/candas365.es\/noticias\/","name":"Cand\u00e1s 365","alternateName":"Cand\u00e1s 365 Noticias","description":"Actualidad desde Carre\u00f1o para el mundo","inLanguage":"es-ES","publisher":{"@id":"https:\/\/candas365.es\/noticias\/#organization"}}]},"og:locale":"es_ES","og:site_name":"Cand\u00e1s 365","og:type":"article","og:title":"El tiempo, viernes 5 de junio de 2020 | Cand\u00e1s 365","og:description":"Jornada de viernes en las islas Canarias occidentales con cielos nubosos, con lluvias y chubascos que podr\u00edan ser localmente fuertes o persistentes. En el extremo norte de la Pen\u00ednsula se esperan cielos nubosos, con lluvias y chubascos en el Cant\u00e1brico central y oriental, norte de Navarra y zonas de Pirineos, tendiendo a dispersarse por la","og:url":"https:\/\/candas365.es\/noticias\/el-tiempo-viernes-5-de-junio-de-2020\/","og:image":"https:\/\/candas365.es\/noticias\/wp-content\/uploads\/2019\/08\/clouds-3663407_960_720.jpg","og:image:secure_url":"https:\/\/candas365.es\/noticias\/wp-content\/uploads\/2019\/08\/clouds-3663407_960_720.jpg","og:image:width":960,"og:image:height":638,"article:published_time":"2020-06-04T12:08:17+00:00","article:modified_time":"2020-06-04T12:08:17+00:00","article:publisher":"https:\/\/www.facebook.com\/Nachofdezber","article:author":"https:\/\/www.facebook.com\/carrenoactualidad","twitter:card":"summary_large_image","twitter:site":"@NabercoDigital","twitter:title":"El tiempo, viernes 5 de junio de 2020 | Cand\u00e1s 365","twitter:description":"Jornada de viernes en las islas Canarias occidentales con cielos nubosos, con lluvias y chubascos que podr\u00edan ser localmente fuertes o persistentes. En el extremo norte de la Pen\u00ednsula se esperan cielos nubosos, con lluvias y chubascos en el Cant\u00e1brico central y oriental, norte de Navarra y zonas de Pirineos, tendiendo a dispersarse por la","twitter:creator":"@nbasturias","twitter:image":"https:\/\/candas365.es\/noticias\/wp-content\/uploads\/2019\/08\/clouds-3663407_960_720.jpg","twitter:label1":"Escrito por","twitter:data1":"Cand\u00e1s 365","twitter:label2":"Tiempo de lectura estimado","twitter:data2":"1 minuto"},"aioseo_meta_data":{"post_id":"143207","title":null,"description":null,"keywords":null,"keyphrases":null,"primary_term":null,"canonical_url":null,"og_title":null,"og_description":null,"og_object_type":"default","og_image_type":"default","og_image_url":null,"og_image_width":null,"og_image_height":null,"og_image_custom_url":null,"og_image_custom_fields":null,"og_video":null,"og_custom_url":null,"og_article_section":null,"og_article_tags":null,"twitter_use_og":false,"twitter_card":"default","twitter_image_type":"default","twitter_image_url":null,"twitter_image_custom_url":null,"twitter_image_custom_fields":null,"twitter_title":null,"twitter_description":null,"schema":{"blockGraphs":[],"customGraphs":[],"default":{"data":{"Article":[],"Course":[],"Dataset":[],"FAQPage":[],"Movie":[],"Person":[],"Product":[],"ProductReview":[],"Car":[],"Recipe":[],"Service":[],"SoftwareApplication":[],"WebPage":[]},"graphName":"","isEnabled":true},"graphs":[]},"schema_type":null,"schema_type_options":null,"pillar_content":false,"robots_default":true,"robots_noindex":false,"robots_noarchive":false,"robots_nosnippet":false,"robots_nofollow":false,"robots_noimageindex":false,"robots_noodp":false,"robots_notranslate":false,"robots_max_snippet":null,"robots_max_videopreview":null,"robots_max_imagepreview":"large","priority":null,"frequency":null,"location":null,"local_seo":null,"seo_analyzer_scan_date":"2025-08-31 06:19:15","breadcrumb_settings":null,"limit_modified_date":false,"reviewed_by":null,"open_ai":null,"ai":null,"created":"2020-12-21 10:41:50","updated":"2025-08-31 06:19:15"},"aioseo_breadcrumb":"<div class=\"aioseo-breadcrumbs\"><span class=\"aioseo-breadcrumb\">\n\t<a href=\"https:\/\/candas365.es\/noticias\" title=\"Home\">Home<\/a>\n<\/span><span class=\"aioseo-breadcrumb-separator\">&ndash;<\/span><span class=\"aioseo-breadcrumb\">\n\t<a href=\"https:\/\/candas365.es\/noticias\/category\/el-tiempo\/\" title=\"El tiempo\">El tiempo<\/a>\n<\/span><span class=\"aioseo-breadcrumb-separator\">&ndash;<\/span><span class=\"aioseo-breadcrumb\">\n\tEl tiempo, viernes 5 de junio de 2020\n<\/span><\/div>","aioseo_breadcrumb_json":[{"label":"Home","link":"https:\/\/candas365.es\/noticias"},{"label":"El tiempo","link":"https:\/\/candas365.es\/noticias\/category\/el-tiempo\/"},{"label":"El tiempo, viernes 5 de junio de 2020","link":"https:\/\/candas365.es\/noticias\/el-tiempo-viernes-5-de-junio-de-2020\/"}],"_links":{"self":[{"href":"https:\/\/candas365.es\/noticias\/wp-json\/wp\/v2\/posts\/143207","targetHints":{"allow":["GET"]}}],"collection":[{"href":"https:\/\/candas365.es\/noticias\/wp-json\/wp\/v2\/posts"}],"about":[{"href":"https:\/\/candas365.es\/noticias\/wp-json\/wp\/v2\/types\/post"}],"author":[{"embeddable":true,"href":"https:\/\/candas365.es\/noticias\/wp-json\/wp\/v2\/users\/1"}],"replies":[{"embeddable":true,"href":"https:\/\/candas365.es\/noticias\/wp-json\/wp\/v2\/comments?post=143207"}],"version-history":[{"count":0,"href":"https:\/\/candas365.es\/noticias\/wp-json\/wp\/v2\/posts\/143207\/revisions"}],"wp:featuredmedia":[{"embeddable":true,"href":"https:\/\/candas365.es\/noticias\/wp-json\/wp\/v2\/media\/128780"}],"wp:attachment":[{"href":"https:\/\/candas365.es\/noticias\/wp-json\/wp\/v2\/media?parent=143207"}],"wp:term":[{"taxonomy":"category","embeddable":true,"href":"https:\/\/candas365.es\/noticias\/wp-json\/wp\/v2\/categories?post=143207"},{"taxonomy":"post_tag","embeddable":true,"href":"https:\/\/candas365.es\/noticias\/wp-json\/wp\/v2\/tags?post=143207"}],"curies":[{"name":"wp","href":"https:\/\/api.w.org\/{rel}","templated":true}]}}