{"id":142854,"date":"2020-05-29T10:56:01","date_gmt":"2020-05-29T10:56:01","guid":{"rendered":"http:\/\/candas365.es\/noticias\/?p=142854"},"modified":"2020-05-29T10:56:01","modified_gmt":"2020-05-29T10:56:01","slug":"abierto-el-plazo-de-matriculacion-para-la-escuela-infantil-la-marinera-de-candas","status":"publish","type":"post","link":"https:\/\/candas365.es\/noticias\/abierto-el-plazo-de-matriculacion-para-la-escuela-infantil-la-marinera-de-candas\/","title":{"rendered":"Abierto el plazo de matriculaci\u00f3n para la Escuela Infantil \u201cLa Marinera\u201d de Cand\u00e1s"},"content":{"rendered":"<p><img fetchpriority=\"high\" decoding=\"async\" class=\"alignleft size-medium wp-image-15610\" src=\"https:\/\/candas365.es\/noticias\/wp-content\/uploads\/2015\/09\/aula-360x198.jpg\" alt=\"\" width=\"360\" height=\"198\" srcset=\"https:\/\/candas365.es\/noticias\/wp-content\/uploads\/2015\/09\/aula-360x198.jpg 360w, https:\/\/candas365.es\/noticias\/wp-content\/uploads\/2015\/09\/aula-650x357.jpg 650w, https:\/\/candas365.es\/noticias\/wp-content\/uploads\/2015\/09\/aula-150x82.jpg 150w, https:\/\/candas365.es\/noticias\/wp-content\/uploads\/2015\/09\/aula-450x247.jpg 450w, https:\/\/candas365.es\/noticias\/wp-content\/uploads\/2015\/09\/aula.jpg 655w\" sizes=\"(max-width: 360px) 100vw, 360px\" \/>\u201cSer ni\u00f1o\/a, es vivir entre sue\u00f1os y juegos, sin saber d\u00f3nde terminan unos y comienzan otros\u201d<\/p>\n<p>Bajo esta premisa el personal docente de la Escuela de Educaci\u00f3n Infantil \u201cLa Marinera\u201d de Cand\u00e1s se plantea al comienzo de cada curso escolar este reto, ense\u00f1ar entre sue\u00f1os y juegos al m\u00e1s de medio centenar de ni\u00f1os y ni\u00f1a que diariamente acuden a sus aulas.<\/p>\n<p>Prop\u00f3sito que, en este curso 2019-2020, tan diferente al de otros a\u00f1os, han vuelto a conseguir. En este sentido y para mostrar a la ciudadan\u00eda su quehacer han elaborado un v\u00eddeo de presentaci\u00f3n con el que dar a conocer las diferentes actividades llevadas a cabo este curso, las instalaciones, las educadoras \u2026., es decir, el d\u00eda a d\u00eda del alumnado en la escuela. Y en el que dejan una esperanza, volver a ver en septiembre las aulas llenas de ni\u00f1os y ni\u00f1as. Pero volver a ver las aulas con actividad de la \u201cEscuela\u201d en septiembre lleva todo un proceso.<\/p>\n<p>Un proceso cuyo primer paso en la presentaci\u00f3n de solicitudes y que dar\u00e1 comienzo el pr\u00f3ximo Lunes, 15 de Junio. De esta forma del 15 al 28 de Junio, ambos inclusive, padres, madres o tutores legales de los ni\u00f1os y las ni\u00f1as menores de 3 a\u00f1os, o cuyo nacimiento se prevea en el a\u00f1o en curso, podr\u00e1n formalizar la presentaci\u00f3n de la solicitud de admisi\u00f3n correspondiente en la Escuela de Educaci\u00f3n Infantil \u201cLa Marinera\u201d de Cand\u00e1s.<\/p>\n<p>Este a\u00f1o debido a la situaci\u00f3n global de emergencia sanitaria, de manera excepcional, como novedad, el procedimiento de matriculaci\u00f3n se realizar\u00e1 \u00fanicamente de manera TELEM\u00c1TICA.<\/p>\n<p>Por tanto, las solicitudes, debidamente cumplimentadas y acompa\u00f1adas de la documentaci\u00f3n preceptiva deber\u00e1n presentarse v\u00eda electr\u00f3nicamente, dentro del plazo establecido, a trav\u00e9s de la sede electr\u00f3nica en la <a href=\"https:\/\/sedeelectronica.ayto-carreno.es\/siac\/\" target=\"_blank\" rel=\"nofollow noopener noreferrer\"><span style=\"color: #ff6600;\"><strong>p\u00e1gina web del\u00a0 Ayuntamiento\u00a0<\/strong><\/span><\/a>y\u00a0por e-mail a regsitro@ayto-carreno.es<\/p>\n<p>Las solicitudes se encontrar\u00e1n a disposici\u00f3n de la ciudadan\u00eda en la p\u00e1gina web del Ayuntamiento de Carre\u00f1o<\/p>\n<p>La Escuela Infantil \u201cLa Marinera\u201d de Cand\u00e1s comenz\u00f3 su funcionamiento en el curso 2004\/2005. Su trabajo responde a un proyecto educativo, esto quiere decir, que no solamente cuidan de las necesidades b\u00e1sicas de los ni\u00f1os y de las ni\u00f1as, sino que educan. Para el curso escolar 2019-2020 las plazas ofertadas seg\u00fan las edades del alumnado ser\u00e1n las siguientes:<\/p>\n<ul>\n<li>Aula ubicada CP San F\u00e9lix (2-3 a\u00f1os) 18 plazas en horario de 9:15 a 13:15 horas.<\/li>\n<li>Aula ubicada CP Poeta Ant\u00f3n (2-3 a\u00f1os) 18 plazas en horario de 9:30 a 13:30 horas.<\/li>\n<li>Escuela Infantil 0-3 a\u00f1os:<\/li>\n<\/ul>\n<p>&#8211; Aula Bebes (0-1 a\u00f1os) 8 plazas.<br \/>\n&#8211; Aula (1-2 a\u00f1os) 1 plaza.<br \/>\n&#8211; Aula (2-3 a\u00f1os) 8 plazas.<\/p>\n<p>En el caso de la Aulas ubicadas en la Escuela Infantil de 0-3 a\u00f1os, en la Plaza Gremio de Mareantes, habr\u00e1 dos modalidades de jornada. Media jornada de 9:30 a 13:30 horas con opci\u00f3n a comedor o jornada completa, con un m\u00e1ximo de permanencia en el centro de 8 horas. Aunque tendr\u00e1n preferencia aquellas personas que soliciten la jornada completa.<\/p>\n<p>Cada una de las solicitudes presentadas ser\u00e1n baremadas siguiendo tres criterios, situaci\u00f3n laboral de los padres, las madres o tutores; ingresos econ\u00f3micos de la unidad familiar; y composici\u00f3n familiar por la persona que ostenta la direcci\u00f3n del centro. La cual una vez haya completado el proceso de admisi\u00f3n informar\u00e1 al Consejo Escolar de la Escuela.<\/p>\n<p>Para el nuevo curso escolar 2020-2021 son 54 las plazas que se ofertan. Aunque hay que se\u00f1alar que la incorporaci\u00f3n de los ni\u00f1os y ni\u00f1as a la \u201cEscuela\u201d de 0 a 3 a\u00f1os estar\u00e1 supeditada a la situaci\u00f3n sanitaria en la que nos encontremos en el mes de Septiembre, aplic\u00e1ndose las medidas organizativas y de ratio que se dicten al respecto en el protocolo de seguridad de 0 a 3 a\u00f1os por parte de la Consejer\u00eda de Educaci\u00f3n.<\/p>\n<p>Los requisitos necesarios para poder solicitar una plaza en la \u201cLa Marinera\u201d ser\u00e1 residir en el municipio de Carre\u00f1o o que se acredite tener en el municipio su lugar de trabajo habitual. En el caso de que quede alguna plaza vacante, \u00e9stas se ofertar\u00e1n a los municipios vecinos.<\/p>\n<p>A partir de la presentaci\u00f3n de las solicitudes de admisi\u00f3n el calendario que los padres y madres del futuro alumnado tendr\u00e1n que tener en cuenta:<\/p>\n<p>&#x25aa; Del 15 al 28 de Junio. Presentaci\u00f3n de solicitudes de admisi\u00f3n, v\u00eda electr\u00f3nica, en el registro municipal.<\/p>\n<p>&#x25aa; 13 de Julio. Publicaci\u00f3n de la lista provisional de admitidos y admitidas, en el tabl\u00f3n de anuncios tanto del propio Consistorio como en la sede de la Escuela \u201cLa Marinera\u201d.<\/p>\n<p>&#x25aa; Del 13 al 15 de Julio. Plazo de alegaciones ante la Direcci\u00f3n del centro. Estas se presentar\u00e1n en el registro municipal, v\u00eda telem\u00e1tica.<\/p>\n<p>&#x25aa; 20 de Julio. Publicaci\u00f3n de la lista definitiva de admitidos y admitidos, en el tabl\u00f3n de anuncios tanto del propio Consistorio como en la sede de la Escuela \u201cLa Marinera\u201d.<\/p>\n<p>&#x25aa; Del 20 al 24 de Julio. Plazo de formalizaci\u00f3n de la matr\u00edcula en la Escuela de Educaci\u00f3n Infantil \u201cLa Marinera\u201d.<\/p>\n<p>Para m\u00e1s informaci\u00f3n consultar la p\u00e1gina web municipal www.ayto-carreno.es o en el tel\u00e9fono 985-87 02 05\/06 del Ayuntamiento de Carre\u00f1o.<\/p>\n<p>&nbsp;<\/p>\n","protected":false},"excerpt":{"rendered":"<p>\u201cSer ni\u00f1o\/a, es vivir entre sue\u00f1os y juegos, sin saber d\u00f3nde terminan unos y comienzan otros\u201d Bajo esta premisa el personal docente de la Escuela de Educaci\u00f3n Infantil \u201cLa Marinera\u201d de Cand\u00e1s se plantea al comienzo de cada curso escolar este reto, ense\u00f1ar entre sue\u00f1os y juegos al m\u00e1s de medio centenar de ni\u00f1os y<\/p>\n","protected":false},"author":1,"featured_media":15610,"comment_status":"closed","ping_status":"closed","sticky":false,"template":"","format":"standard","meta":{"footnotes":""},"categories":[2],"tags":[],"class_list":{"0":"post-142854","1":"post","2":"type-post","3":"status-publish","4":"format-standard","5":"has-post-thumbnail","7":"category-noticias-carreno"},"aioseo_notices":[],"aioseo_head":"\n\t\t<!-- All in One SEO Pro 4.9.6.2 - aioseo.com -->\n\t<meta name=\"description\" content=\"\u201cSer ni\u00f1o\/a, es vivir entre sue\u00f1os y juegos, sin saber d\u00f3nde terminan unos y comienzan otros\u201d Bajo esta premisa el personal docente de la Escuela de Educaci\u00f3n Infantil \u201cLa Marinera\u201d de Cand\u00e1s se plantea al comienzo de cada curso escolar este reto, ense\u00f1ar entre sue\u00f1os y juegos al m\u00e1s de medio centenar de ni\u00f1os y\" \/>\n\t<meta name=\"robots\" content=\"max-image-preview:large\" \/>\n\t<meta name=\"author\" content=\"Cand\u00e1s 365\"\/>\n\t<meta name=\"google-site-verification\" content=\"UA-32230408-1\" \/>\n\t<meta name=\"msvalidate.01\" content=\"354F3CDFB2DA171B47FBE9ABF1F88D5\" \/>\n\t<meta name=\"keywords\" content=\"noticias carre\u00f1o\" \/>\n\t<link rel=\"canonical\" href=\"https:\/\/candas365.es\/noticias\/abierto-el-plazo-de-matriculacion-para-la-escuela-infantil-la-marinera-de-candas\/\" \/>\n\t<meta name=\"generator\" content=\"All in One SEO Pro (AIOSEO) 4.9.6.2\" \/>\n\t\t<meta property=\"og:locale\" content=\"es_ES\" \/>\n\t\t<meta property=\"og:site_name\" content=\"Cand\u00e1s 365\" \/>\n\t\t<meta property=\"og:type\" content=\"article\" \/>\n\t\t<meta property=\"og:title\" content=\"Abierto el plazo de matriculaci\u00f3n para la Escuela Infantil \u201cLa Marinera\u201d de Cand\u00e1s | Cand\u00e1s 365\" \/>\n\t\t<meta property=\"og:description\" content=\"\u201cSer ni\u00f1o\/a, es vivir entre sue\u00f1os y juegos, sin saber d\u00f3nde terminan unos y comienzan otros\u201d Bajo esta premisa el personal docente de la Escuela de Educaci\u00f3n Infantil \u201cLa Marinera\u201d de Cand\u00e1s se plantea al comienzo de cada curso escolar este reto, ense\u00f1ar entre sue\u00f1os y juegos al m\u00e1s de medio centenar de ni\u00f1os y\" \/>\n\t\t<meta property=\"og:url\" content=\"https:\/\/candas365.es\/noticias\/abierto-el-plazo-de-matriculacion-para-la-escuela-infantil-la-marinera-de-candas\/\" \/>\n\t\t<meta property=\"og:image\" content=\"https:\/\/candas365.es\/noticias\/wp-content\/uploads\/2015\/09\/aula.jpg\" \/>\n\t\t<meta property=\"og:image:secure_url\" content=\"https:\/\/candas365.es\/noticias\/wp-content\/uploads\/2015\/09\/aula.jpg\" \/>\n\t\t<meta property=\"og:image:width\" content=\"655\" \/>\n\t\t<meta property=\"og:image:height\" content=\"360\" \/>\n\t\t<meta property=\"article:published_time\" content=\"2020-05-29T10:56:01+00:00\" \/>\n\t\t<meta property=\"article:modified_time\" content=\"2020-05-29T10:56:01+00:00\" \/>\n\t\t<meta property=\"article:publisher\" content=\"https:\/\/www.facebook.com\/Nachofdezber\" \/>\n\t\t<meta property=\"article:author\" content=\"https:\/\/www.facebook.com\/carrenoactualidad\" \/>\n\t\t<meta name=\"twitter:card\" content=\"summary_large_image\" \/>\n\t\t<meta name=\"twitter:site\" content=\"@NabercoDigital\" \/>\n\t\t<meta name=\"twitter:title\" content=\"Abierto el plazo de matriculaci\u00f3n para la Escuela Infantil \u201cLa Marinera\u201d de Cand\u00e1s | Cand\u00e1s 365\" \/>\n\t\t<meta name=\"twitter:description\" content=\"\u201cSer ni\u00f1o\/a, es vivir entre sue\u00f1os y juegos, sin saber d\u00f3nde terminan unos y comienzan otros\u201d Bajo esta premisa el personal docente de la Escuela de Educaci\u00f3n Infantil \u201cLa Marinera\u201d de Cand\u00e1s se plantea al comienzo de cada curso escolar este reto, ense\u00f1ar entre sue\u00f1os y juegos al m\u00e1s de medio centenar de ni\u00f1os y\" \/>\n\t\t<meta name=\"twitter:creator\" content=\"@nbasturias\" \/>\n\t\t<meta name=\"twitter:image\" content=\"https:\/\/candas365.es\/noticias\/wp-content\/uploads\/2015\/09\/aula.jpg\" \/>\n\t\t<meta name=\"twitter:label1\" content=\"Escrito por\" \/>\n\t\t<meta name=\"twitter:data1\" content=\"Cand\u00e1s 365\" \/>\n\t\t<meta name=\"twitter:label2\" content=\"Tiempo de lectura estimado\" \/>\n\t\t<meta name=\"twitter:data2\" content=\"5 minutos\" \/>\n\t\t<script type=\"application\/ld+json\" class=\"aioseo-schema\">\n\t\t\t{\"@context\":\"https:\\\/\\\/schema.org\",\"@graph\":[{\"@type\":\"BreadcrumbList\",\"@id\":\"https:\\\/\\\/candas365.es\\\/noticias\\\/abierto-el-plazo-de-matriculacion-para-la-escuela-infantil-la-marinera-de-candas\\\/#breadcrumblist\",\"itemListElement\":[{\"@type\":\"ListItem\",\"@id\":\"https:\\\/\\\/candas365.es\\\/noticias#listItem\",\"position\":1,\"name\":\"Home\",\"item\":\"https:\\\/\\\/candas365.es\\\/noticias\",\"nextItem\":{\"@type\":\"ListItem\",\"@id\":\"https:\\\/\\\/candas365.es\\\/noticias\\\/category\\\/noticias-carreno\\\/#listItem\",\"name\":\"Noticias Carre\\u00f1o\"}},{\"@type\":\"ListItem\",\"@id\":\"https:\\\/\\\/candas365.es\\\/noticias\\\/category\\\/noticias-carreno\\\/#listItem\",\"position\":2,\"name\":\"Noticias Carre\\u00f1o\",\"item\":\"https:\\\/\\\/candas365.es\\\/noticias\\\/category\\\/noticias-carreno\\\/\",\"nextItem\":{\"@type\":\"ListItem\",\"@id\":\"https:\\\/\\\/candas365.es\\\/noticias\\\/abierto-el-plazo-de-matriculacion-para-la-escuela-infantil-la-marinera-de-candas\\\/#listItem\",\"name\":\"Abierto el plazo de matriculaci\\u00f3n para la Escuela Infantil \\u201cLa Marinera\\u201d de Cand\\u00e1s\"},\"previousItem\":{\"@type\":\"ListItem\",\"@id\":\"https:\\\/\\\/candas365.es\\\/noticias#listItem\",\"name\":\"Home\"}},{\"@type\":\"ListItem\",\"@id\":\"https:\\\/\\\/candas365.es\\\/noticias\\\/abierto-el-plazo-de-matriculacion-para-la-escuela-infantil-la-marinera-de-candas\\\/#listItem\",\"position\":3,\"name\":\"Abierto el plazo de matriculaci\\u00f3n para la Escuela Infantil \\u201cLa Marinera\\u201d de Cand\\u00e1s\",\"previousItem\":{\"@type\":\"ListItem\",\"@id\":\"https:\\\/\\\/candas365.es\\\/noticias\\\/category\\\/noticias-carreno\\\/#listItem\",\"name\":\"Noticias Carre\\u00f1o\"}}]},{\"@type\":\"NewsArticle\",\"@id\":\"https:\\\/\\\/candas365.es\\\/noticias\\\/abierto-el-plazo-de-matriculacion-para-la-escuela-infantil-la-marinera-de-candas\\\/#newsarticle\",\"name\":\"Abierto el plazo de matriculaci\\u00f3n para la Escuela Infantil \\u201cLa Marinera\\u201d de Cand\\u00e1s | Cand\\u00e1s 365\",\"headline\":\"Abierto el plazo de matriculaci\\u00f3n para la Escuela Infantil \\u201cLa Marinera\\u201d de Cand\\u00e1s\",\"author\":{\"@id\":\"https:\\\/\\\/candas365.es\\\/noticias\\\/author\\\/admin\\\/#author\"},\"publisher\":{\"@id\":\"https:\\\/\\\/candas365.es\\\/noticias\\\/#organization\"},\"image\":{\"@type\":\"ImageObject\",\"url\":\"https:\\\/\\\/candas365.es\\\/noticias\\\/wp-content\\\/uploads\\\/2015\\\/09\\\/aula.jpg\",\"width\":655,\"height\":360,\"caption\":\"aula\"},\"datePublished\":\"2020-05-29T10:56:01+02:00\",\"dateModified\":\"2020-05-29T10:56:01+02:00\",\"inLanguage\":\"es-ES\",\"mainEntityOfPage\":{\"@id\":\"https:\\\/\\\/candas365.es\\\/noticias\\\/abierto-el-plazo-de-matriculacion-para-la-escuela-infantil-la-marinera-de-candas\\\/#webpage\"},\"isPartOf\":{\"@id\":\"https:\\\/\\\/candas365.es\\\/noticias\\\/abierto-el-plazo-de-matriculacion-para-la-escuela-infantil-la-marinera-de-candas\\\/#webpage\"},\"articleSection\":\"Noticias Carre\\u00f1o\",\"dateline\":\"Publicado el mayo 29, 2020.\"},{\"@type\":\"Organization\",\"@id\":\"https:\\\/\\\/candas365.es\\\/noticias\\\/#organization\",\"name\":\"Cand\\u00e1s 365\",\"description\":\"Cand\\u00e1s 365 es un diario digital independiente, fundado en 2012, con base en Asturias. Informamos con rigor sobre actualidad, sociedad, cultura y ocio, con una mirada local y global.\",\"url\":\"https:\\\/\\\/candas365.es\\\/noticias\\\/\",\"email\":\"info@candas365.es\",\"telephone\":\"+34652131393\",\"foundingDate\":\"2012-06-10\",\"logo\":{\"@type\":\"ImageObject\",\"url\":\"https:\\\/\\\/candas365.es\\\/noticias\\\/wp-content\\\/uploads\\\/2024\\\/09\\\/Candas-365-Redes.jpg\",\"@id\":\"https:\\\/\\\/candas365.es\\\/noticias\\\/abierto-el-plazo-de-matriculacion-para-la-escuela-infantil-la-marinera-de-candas\\\/#organizationLogo\",\"width\":1152,\"height\":864,\"caption\":\"Cand\\u00e1s 365 Redes\"},\"image\":{\"@id\":\"https:\\\/\\\/candas365.es\\\/noticias\\\/abierto-el-plazo-de-matriculacion-para-la-escuela-infantil-la-marinera-de-candas\\\/#organizationLogo\"},\"sameAs\":[\"https:\\\/\\\/www.facebook.com\\\/Nachofdezber\",\"https:\\\/\\\/x.com\\\/NabercoDigital\",\"https:\\\/\\\/www.instagram.com\\\/nachofdezber\\\/\",\"https:\\\/\\\/www.youtube.com\\\/channel\\\/UCZP-2wLEB9Rv6erhFmqVnvg\"],\"address\":{\"@id\":\"https:\\\/\\\/candas365.es\\\/noticias\\\/#postaladdress\",\"@type\":\"PostalAddress\",\"streetAddress\":\"san antonio 4, san antonio 4\",\"postalCode\":\"33430\",\"addressLocality\":\"Cand\\u00e1s\",\"addressRegion\":\"Asturias\",\"addressCountry\":\"ES\"}},{\"@type\":\"Person\",\"@id\":\"https:\\\/\\\/candas365.es\\\/noticias\\\/author\\\/admin\\\/#author\",\"url\":\"https:\\\/\\\/candas365.es\\\/noticias\\\/author\\\/admin\\\/\",\"name\":\"Cand\\u00e1s 365\",\"image\":{\"@type\":\"ImageObject\",\"@id\":\"https:\\\/\\\/candas365.es\\\/noticias\\\/abierto-el-plazo-de-matriculacion-para-la-escuela-infantil-la-marinera-de-candas\\\/#authorImage\",\"url\":\"https:\\\/\\\/secure.gravatar.com\\\/avatar\\\/496a8e03d0c493ede1718b7934145dbdf8d89be1036b0eec9544e1094c9de390?s=96&d=mm&r=g\",\"width\":96,\"height\":96,\"caption\":\"Cand\\u00e1s 365\"},\"sameAs\":[\"https:\\\/\\\/www.facebook.com\\\/carrenoactualidad\",\"https:\\\/\\\/twitter.com\\\/nbasturias\",\"https:\\\/\\\/www.instagram.com\\\/nachofdezber\\\/\",\"https:\\\/\\\/www.youtube.com\\\/channel\\\/UCZP-2wLEB9Rv6erhFmqVnvg\"]},{\"@type\":\"WebPage\",\"@id\":\"https:\\\/\\\/candas365.es\\\/noticias\\\/abierto-el-plazo-de-matriculacion-para-la-escuela-infantil-la-marinera-de-candas\\\/#webpage\",\"url\":\"https:\\\/\\\/candas365.es\\\/noticias\\\/abierto-el-plazo-de-matriculacion-para-la-escuela-infantil-la-marinera-de-candas\\\/\",\"name\":\"Abierto el plazo de matriculaci\\u00f3n para la Escuela Infantil \\u201cLa Marinera\\u201d de Cand\\u00e1s | Cand\\u00e1s 365\",\"description\":\"\\u201cSer ni\\u00f1o\\\/a, es vivir entre sue\\u00f1os y juegos, sin saber d\\u00f3nde terminan unos y comienzan otros\\u201d Bajo esta premisa el personal docente de la Escuela de Educaci\\u00f3n Infantil \\u201cLa Marinera\\u201d de Cand\\u00e1s se plantea al comienzo de cada curso escolar este reto, ense\\u00f1ar entre sue\\u00f1os y juegos al m\\u00e1s de medio centenar de ni\\u00f1os y\",\"inLanguage\":\"es-ES\",\"isPartOf\":{\"@id\":\"https:\\\/\\\/candas365.es\\\/noticias\\\/#website\"},\"breadcrumb\":{\"@id\":\"https:\\\/\\\/candas365.es\\\/noticias\\\/abierto-el-plazo-de-matriculacion-para-la-escuela-infantil-la-marinera-de-candas\\\/#breadcrumblist\"},\"author\":{\"@id\":\"https:\\\/\\\/candas365.es\\\/noticias\\\/author\\\/admin\\\/#author\"},\"creator\":{\"@id\":\"https:\\\/\\\/candas365.es\\\/noticias\\\/author\\\/admin\\\/#author\"},\"image\":{\"@type\":\"ImageObject\",\"url\":\"https:\\\/\\\/candas365.es\\\/noticias\\\/wp-content\\\/uploads\\\/2015\\\/09\\\/aula.jpg\",\"@id\":\"https:\\\/\\\/candas365.es\\\/noticias\\\/abierto-el-plazo-de-matriculacion-para-la-escuela-infantil-la-marinera-de-candas\\\/#mainImage\",\"width\":655,\"height\":360,\"caption\":\"aula\"},\"primaryImageOfPage\":{\"@id\":\"https:\\\/\\\/candas365.es\\\/noticias\\\/abierto-el-plazo-de-matriculacion-para-la-escuela-infantil-la-marinera-de-candas\\\/#mainImage\"},\"datePublished\":\"2020-05-29T10:56:01+02:00\",\"dateModified\":\"2020-05-29T10:56:01+02:00\"},{\"@type\":\"WebSite\",\"@id\":\"https:\\\/\\\/candas365.es\\\/noticias\\\/#website\",\"url\":\"https:\\\/\\\/candas365.es\\\/noticias\\\/\",\"name\":\"Cand\\u00e1s 365\",\"alternateName\":\"Cand\\u00e1s 365 Noticias\",\"description\":\"Actualidad desde Carre\\u00f1o para el mundo\",\"inLanguage\":\"es-ES\",\"publisher\":{\"@id\":\"https:\\\/\\\/candas365.es\\\/noticias\\\/#organization\"}}]}\n\t\t<\/script>\n\t\t<!-- All in One SEO Pro -->\r\n\t\t<title>Abierto el plazo de matriculaci\u00f3n para la Escuela Infantil \u201cLa Marinera\u201d de Cand\u00e1s | Cand\u00e1s 365<\/title>\n\n","aioseo_head_json":{"title":"Abierto el plazo de matriculaci\u00f3n para la Escuela Infantil \u201cLa Marinera\u201d de Cand\u00e1s | Cand\u00e1s 365","description":"\u201cSer ni\u00f1o\/a, es vivir entre sue\u00f1os y juegos, sin saber d\u00f3nde terminan unos y comienzan otros\u201d Bajo esta premisa el personal docente de la Escuela de Educaci\u00f3n Infantil \u201cLa Marinera\u201d de Cand\u00e1s se plantea al comienzo de cada curso escolar este reto, ense\u00f1ar entre sue\u00f1os y juegos al m\u00e1s de medio centenar de ni\u00f1os y","canonical_url":"https:\/\/candas365.es\/noticias\/abierto-el-plazo-de-matriculacion-para-la-escuela-infantil-la-marinera-de-candas\/","robots":"max-image-preview:large","keywords":"noticias carre\u00f1o","webmasterTools":{"google-site-verification":"UA-32230408-1","msvalidate.01":"354F3CDFB2DA171B47FBE9ABF1F88D5","miscellaneous":""},"schema":{"@context":"https:\/\/schema.org","@graph":[{"@type":"BreadcrumbList","@id":"https:\/\/candas365.es\/noticias\/abierto-el-plazo-de-matriculacion-para-la-escuela-infantil-la-marinera-de-candas\/#breadcrumblist","itemListElement":[{"@type":"ListItem","@id":"https:\/\/candas365.es\/noticias#listItem","position":1,"name":"Home","item":"https:\/\/candas365.es\/noticias","nextItem":{"@type":"ListItem","@id":"https:\/\/candas365.es\/noticias\/category\/noticias-carreno\/#listItem","name":"Noticias Carre\u00f1o"}},{"@type":"ListItem","@id":"https:\/\/candas365.es\/noticias\/category\/noticias-carreno\/#listItem","position":2,"name":"Noticias Carre\u00f1o","item":"https:\/\/candas365.es\/noticias\/category\/noticias-carreno\/","nextItem":{"@type":"ListItem","@id":"https:\/\/candas365.es\/noticias\/abierto-el-plazo-de-matriculacion-para-la-escuela-infantil-la-marinera-de-candas\/#listItem","name":"Abierto el plazo de matriculaci\u00f3n para la Escuela Infantil \u201cLa Marinera\u201d de Cand\u00e1s"},"previousItem":{"@type":"ListItem","@id":"https:\/\/candas365.es\/noticias#listItem","name":"Home"}},{"@type":"ListItem","@id":"https:\/\/candas365.es\/noticias\/abierto-el-plazo-de-matriculacion-para-la-escuela-infantil-la-marinera-de-candas\/#listItem","position":3,"name":"Abierto el plazo de matriculaci\u00f3n para la Escuela Infantil \u201cLa Marinera\u201d de Cand\u00e1s","previousItem":{"@type":"ListItem","@id":"https:\/\/candas365.es\/noticias\/category\/noticias-carreno\/#listItem","name":"Noticias Carre\u00f1o"}}]},{"@type":"NewsArticle","@id":"https:\/\/candas365.es\/noticias\/abierto-el-plazo-de-matriculacion-para-la-escuela-infantil-la-marinera-de-candas\/#newsarticle","name":"Abierto el plazo de matriculaci\u00f3n para la Escuela Infantil \u201cLa Marinera\u201d de Cand\u00e1s | Cand\u00e1s 365","headline":"Abierto el plazo de matriculaci\u00f3n para la Escuela Infantil \u201cLa Marinera\u201d de Cand\u00e1s","author":{"@id":"https:\/\/candas365.es\/noticias\/author\/admin\/#author"},"publisher":{"@id":"https:\/\/candas365.es\/noticias\/#organization"},"image":{"@type":"ImageObject","url":"https:\/\/candas365.es\/noticias\/wp-content\/uploads\/2015\/09\/aula.jpg","width":655,"height":360,"caption":"aula"},"datePublished":"2020-05-29T10:56:01+02:00","dateModified":"2020-05-29T10:56:01+02:00","inLanguage":"es-ES","mainEntityOfPage":{"@id":"https:\/\/candas365.es\/noticias\/abierto-el-plazo-de-matriculacion-para-la-escuela-infantil-la-marinera-de-candas\/#webpage"},"isPartOf":{"@id":"https:\/\/candas365.es\/noticias\/abierto-el-plazo-de-matriculacion-para-la-escuela-infantil-la-marinera-de-candas\/#webpage"},"articleSection":"Noticias Carre\u00f1o","dateline":"Publicado el mayo 29, 2020."},{"@type":"Organization","@id":"https:\/\/candas365.es\/noticias\/#organization","name":"Cand\u00e1s 365","description":"Cand\u00e1s 365 es un diario digital independiente, fundado en 2012, con base en Asturias. Informamos con rigor sobre actualidad, sociedad, cultura y ocio, con una mirada local y global.","url":"https:\/\/candas365.es\/noticias\/","email":"info@candas365.es","telephone":"+34652131393","foundingDate":"2012-06-10","logo":{"@type":"ImageObject","url":"https:\/\/candas365.es\/noticias\/wp-content\/uploads\/2024\/09\/Candas-365-Redes.jpg","@id":"https:\/\/candas365.es\/noticias\/abierto-el-plazo-de-matriculacion-para-la-escuela-infantil-la-marinera-de-candas\/#organizationLogo","width":1152,"height":864,"caption":"Cand\u00e1s 365 Redes"},"image":{"@id":"https:\/\/candas365.es\/noticias\/abierto-el-plazo-de-matriculacion-para-la-escuela-infantil-la-marinera-de-candas\/#organizationLogo"},"sameAs":["https:\/\/www.facebook.com\/Nachofdezber","https:\/\/x.com\/NabercoDigital","https:\/\/www.instagram.com\/nachofdezber\/","https:\/\/www.youtube.com\/channel\/UCZP-2wLEB9Rv6erhFmqVnvg"],"address":{"@id":"https:\/\/candas365.es\/noticias\/#postaladdress","@type":"PostalAddress","streetAddress":"san antonio 4, san antonio 4","postalCode":"33430","addressLocality":"Cand\u00e1s","addressRegion":"Asturias","addressCountry":"ES"}},{"@type":"Person","@id":"https:\/\/candas365.es\/noticias\/author\/admin\/#author","url":"https:\/\/candas365.es\/noticias\/author\/admin\/","name":"Cand\u00e1s 365","image":{"@type":"ImageObject","@id":"https:\/\/candas365.es\/noticias\/abierto-el-plazo-de-matriculacion-para-la-escuela-infantil-la-marinera-de-candas\/#authorImage","url":"https:\/\/secure.gravatar.com\/avatar\/496a8e03d0c493ede1718b7934145dbdf8d89be1036b0eec9544e1094c9de390?s=96&d=mm&r=g","width":96,"height":96,"caption":"Cand\u00e1s 365"},"sameAs":["https:\/\/www.facebook.com\/carrenoactualidad","https:\/\/twitter.com\/nbasturias","https:\/\/www.instagram.com\/nachofdezber\/","https:\/\/www.youtube.com\/channel\/UCZP-2wLEB9Rv6erhFmqVnvg"]},{"@type":"WebPage","@id":"https:\/\/candas365.es\/noticias\/abierto-el-plazo-de-matriculacion-para-la-escuela-infantil-la-marinera-de-candas\/#webpage","url":"https:\/\/candas365.es\/noticias\/abierto-el-plazo-de-matriculacion-para-la-escuela-infantil-la-marinera-de-candas\/","name":"Abierto el plazo de matriculaci\u00f3n para la Escuela Infantil \u201cLa Marinera\u201d de Cand\u00e1s | Cand\u00e1s 365","description":"\u201cSer ni\u00f1o\/a, es vivir entre sue\u00f1os y juegos, sin saber d\u00f3nde terminan unos y comienzan otros\u201d Bajo esta premisa el personal docente de la Escuela de Educaci\u00f3n Infantil \u201cLa Marinera\u201d de Cand\u00e1s se plantea al comienzo de cada curso escolar este reto, ense\u00f1ar entre sue\u00f1os y juegos al m\u00e1s de medio centenar de ni\u00f1os y","inLanguage":"es-ES","isPartOf":{"@id":"https:\/\/candas365.es\/noticias\/#website"},"breadcrumb":{"@id":"https:\/\/candas365.es\/noticias\/abierto-el-plazo-de-matriculacion-para-la-escuela-infantil-la-marinera-de-candas\/#breadcrumblist"},"author":{"@id":"https:\/\/candas365.es\/noticias\/author\/admin\/#author"},"creator":{"@id":"https:\/\/candas365.es\/noticias\/author\/admin\/#author"},"image":{"@type":"ImageObject","url":"https:\/\/candas365.es\/noticias\/wp-content\/uploads\/2015\/09\/aula.jpg","@id":"https:\/\/candas365.es\/noticias\/abierto-el-plazo-de-matriculacion-para-la-escuela-infantil-la-marinera-de-candas\/#mainImage","width":655,"height":360,"caption":"aula"},"primaryImageOfPage":{"@id":"https:\/\/candas365.es\/noticias\/abierto-el-plazo-de-matriculacion-para-la-escuela-infantil-la-marinera-de-candas\/#mainImage"},"datePublished":"2020-05-29T10:56:01+02:00","dateModified":"2020-05-29T10:56:01+02:00"},{"@type":"WebSite","@id":"https:\/\/candas365.es\/noticias\/#website","url":"https:\/\/candas365.es\/noticias\/","name":"Cand\u00e1s 365","alternateName":"Cand\u00e1s 365 Noticias","description":"Actualidad desde Carre\u00f1o para el mundo","inLanguage":"es-ES","publisher":{"@id":"https:\/\/candas365.es\/noticias\/#organization"}}]},"og:locale":"es_ES","og:site_name":"Cand\u00e1s 365","og:type":"article","og:title":"Abierto el plazo de matriculaci\u00f3n para la Escuela Infantil \u201cLa Marinera\u201d de Cand\u00e1s | Cand\u00e1s 365","og:description":"\u201cSer ni\u00f1o\/a, es vivir entre sue\u00f1os y juegos, sin saber d\u00f3nde terminan unos y comienzan otros\u201d Bajo esta premisa el personal docente de la Escuela de Educaci\u00f3n Infantil \u201cLa Marinera\u201d de Cand\u00e1s se plantea al comienzo de cada curso escolar este reto, ense\u00f1ar entre sue\u00f1os y juegos al m\u00e1s de medio centenar de ni\u00f1os y","og:url":"https:\/\/candas365.es\/noticias\/abierto-el-plazo-de-matriculacion-para-la-escuela-infantil-la-marinera-de-candas\/","og:image":"https:\/\/candas365.es\/noticias\/wp-content\/uploads\/2015\/09\/aula.jpg","og:image:secure_url":"https:\/\/candas365.es\/noticias\/wp-content\/uploads\/2015\/09\/aula.jpg","og:image:width":655,"og:image:height":360,"article:published_time":"2020-05-29T10:56:01+00:00","article:modified_time":"2020-05-29T10:56:01+00:00","article:publisher":"https:\/\/www.facebook.com\/Nachofdezber","article:author":"https:\/\/www.facebook.com\/carrenoactualidad","twitter:card":"summary_large_image","twitter:site":"@NabercoDigital","twitter:title":"Abierto el plazo de matriculaci\u00f3n para la Escuela Infantil \u201cLa Marinera\u201d de Cand\u00e1s | Cand\u00e1s 365","twitter:description":"\u201cSer ni\u00f1o\/a, es vivir entre sue\u00f1os y juegos, sin saber d\u00f3nde terminan unos y comienzan otros\u201d Bajo esta premisa el personal docente de la Escuela de Educaci\u00f3n Infantil \u201cLa Marinera\u201d de Cand\u00e1s se plantea al comienzo de cada curso escolar este reto, ense\u00f1ar entre sue\u00f1os y juegos al m\u00e1s de medio centenar de ni\u00f1os y","twitter:creator":"@nbasturias","twitter:image":"https:\/\/candas365.es\/noticias\/wp-content\/uploads\/2015\/09\/aula.jpg","twitter:label1":"Escrito por","twitter:data1":"Cand\u00e1s 365","twitter:label2":"Tiempo de lectura estimado","twitter:data2":"5 minutos"},"aioseo_meta_data":{"post_id":"142854","title":null,"description":null,"keywords":null,"keyphrases":null,"primary_term":null,"canonical_url":null,"og_title":null,"og_description":null,"og_object_type":"default","og_image_type":"default","og_image_url":null,"og_image_width":null,"og_image_height":null,"og_image_custom_url":null,"og_image_custom_fields":null,"og_video":null,"og_custom_url":null,"og_article_section":null,"og_article_tags":null,"twitter_use_og":false,"twitter_card":"default","twitter_image_type":"default","twitter_image_url":null,"twitter_image_custom_url":null,"twitter_image_custom_fields":null,"twitter_title":null,"twitter_description":null,"schema":{"blockGraphs":[],"customGraphs":[],"default":{"data":{"Article":[],"Course":[],"Dataset":[],"FAQPage":[],"Movie":[],"Person":[],"Product":[],"ProductReview":[],"Car":[],"Recipe":[],"Service":[],"SoftwareApplication":[],"WebPage":[]},"graphName":"","isEnabled":true},"graphs":[]},"schema_type":null,"schema_type_options":null,"pillar_content":false,"robots_default":true,"robots_noindex":false,"robots_noarchive":false,"robots_nosnippet":false,"robots_nofollow":false,"robots_noimageindex":false,"robots_noodp":false,"robots_notranslate":false,"robots_max_snippet":null,"robots_max_videopreview":null,"robots_max_imagepreview":"large","priority":null,"frequency":null,"location":null,"local_seo":null,"seo_analyzer_scan_date":"2025-08-31 05:50:11","breadcrumb_settings":null,"limit_modified_date":false,"reviewed_by":null,"open_ai":null,"ai":null,"created":"2020-12-21 10:42:05","updated":"2025-08-31 05:50:11"},"aioseo_breadcrumb":"<div class=\"aioseo-breadcrumbs\"><span class=\"aioseo-breadcrumb\">\n\t<a href=\"https:\/\/candas365.es\/noticias\" title=\"Home\">Home<\/a>\n<\/span><span class=\"aioseo-breadcrumb-separator\">&ndash;<\/span><span class=\"aioseo-breadcrumb\">\n\t<a href=\"https:\/\/candas365.es\/noticias\/category\/noticias-carreno\/\" title=\"Noticias Carre\u00f1o\">Noticias Carre\u00f1o<\/a>\n<\/span><span class=\"aioseo-breadcrumb-separator\">&ndash;<\/span><span class=\"aioseo-breadcrumb\">\n\tAbierto el plazo de matriculaci\u00f3n para la Escuela Infantil \u201cLa Marinera\u201d de Cand\u00e1s\n<\/span><\/div>","aioseo_breadcrumb_json":[{"label":"Home","link":"https:\/\/candas365.es\/noticias"},{"label":"Noticias Carre\u00f1o","link":"https:\/\/candas365.es\/noticias\/category\/noticias-carreno\/"},{"label":"Abierto el plazo de matriculaci\u00f3n para la Escuela Infantil \u201cLa Marinera\u201d de Cand\u00e1s","link":"https:\/\/candas365.es\/noticias\/abierto-el-plazo-de-matriculacion-para-la-escuela-infantil-la-marinera-de-candas\/"}],"_links":{"self":[{"href":"https:\/\/candas365.es\/noticias\/wp-json\/wp\/v2\/posts\/142854","targetHints":{"allow":["GET"]}}],"collection":[{"href":"https:\/\/candas365.es\/noticias\/wp-json\/wp\/v2\/posts"}],"about":[{"href":"https:\/\/candas365.es\/noticias\/wp-json\/wp\/v2\/types\/post"}],"author":[{"embeddable":true,"href":"https:\/\/candas365.es\/noticias\/wp-json\/wp\/v2\/users\/1"}],"replies":[{"embeddable":true,"href":"https:\/\/candas365.es\/noticias\/wp-json\/wp\/v2\/comments?post=142854"}],"version-history":[{"count":0,"href":"https:\/\/candas365.es\/noticias\/wp-json\/wp\/v2\/posts\/142854\/revisions"}],"wp:featuredmedia":[{"embeddable":true,"href":"https:\/\/candas365.es\/noticias\/wp-json\/wp\/v2\/media\/15610"}],"wp:attachment":[{"href":"https:\/\/candas365.es\/noticias\/wp-json\/wp\/v2\/media?parent=142854"}],"wp:term":[{"taxonomy":"category","embeddable":true,"href":"https:\/\/candas365.es\/noticias\/wp-json\/wp\/v2\/categories?post=142854"},{"taxonomy":"post_tag","embeddable":true,"href":"https:\/\/candas365.es\/noticias\/wp-json\/wp\/v2\/tags?post=142854"}],"curies":[{"name":"wp","href":"https:\/\/api.w.org\/{rel}","templated":true}]}}