{"id":142756,"date":"2020-05-27T00:16:43","date_gmt":"2020-05-27T00:16:43","guid":{"rendered":"http:\/\/candas365.es\/noticias\/?p=142756"},"modified":"2020-05-27T00:16:43","modified_gmt":"2020-05-27T00:16:43","slug":"adjudicados-los-trabajos-de-desbroce-en-carreno","status":"publish","type":"post","link":"https:\/\/candas365.es\/noticias\/adjudicados-los-trabajos-de-desbroce-en-carreno\/","title":{"rendered":"Adjudicados los trabajos de desbroce en Carre\u00f1o"},"content":{"rendered":"<p><img fetchpriority=\"high\" decoding=\"async\" class=\"alignleft size-medium wp-image-6453\" src=\"https:\/\/candas365.es\/noticias\/wp-content\/uploads\/2015\/01\/ayuntamiento-360x270.jpg\" alt=\"\" width=\"360\" height=\"270\" srcset=\"https:\/\/candas365.es\/noticias\/wp-content\/uploads\/2015\/01\/ayuntamiento-360x270.jpg 360w, https:\/\/candas365.es\/noticias\/wp-content\/uploads\/2015\/01\/ayuntamiento-640x480.jpg 640w, https:\/\/candas365.es\/noticias\/wp-content\/uploads\/2015\/01\/ayuntamiento-768x576.jpg 768w, https:\/\/candas365.es\/noticias\/wp-content\/uploads\/2015\/01\/ayuntamiento-150x113.jpg 150w, https:\/\/candas365.es\/noticias\/wp-content\/uploads\/2015\/01\/ayuntamiento-450x338.jpg 450w, https:\/\/candas365.es\/noticias\/wp-content\/uploads\/2015\/01\/ayuntamiento-80x60.jpg 80w, https:\/\/candas365.es\/noticias\/wp-content\/uploads\/2015\/01\/ayuntamiento-265x198.jpg 265w, https:\/\/candas365.es\/noticias\/wp-content\/uploads\/2015\/01\/ayuntamiento-696x522.jpg 696w, https:\/\/candas365.es\/noticias\/wp-content\/uploads\/2015\/01\/ayuntamiento-560x420.jpg 560w, https:\/\/candas365.es\/noticias\/wp-content\/uploads\/2015\/01\/ayuntamiento-90x67.jpg 90w, https:\/\/candas365.es\/noticias\/wp-content\/uploads\/2015\/01\/ayuntamiento.jpg 800w\" sizes=\"(max-width: 360px) 100vw, 360px\" \/>\u201cCon el objetivo de mantener los viales p\u00fablicos en condiciones \u00f3ptimas de limpieza se hace necesario llevar a cabo el corte y la retirada de los residuos vegetales que crecen en los m\u00e1rgenes, cunetas, taludes de los 292 caminos p\u00fablicos del Concejo, es decir, su desbroce y limpieza. Adem\u00e1s de otros espacios p\u00fablicos verdes y los entornos de los dep\u00f3sitos de aguas municipales. Al no disponer el Ayuntamiento de los medios necesarios, tanto t\u00e9cnicos como humanos, para conseguir tal fin, se hizo necesario la contrataci\u00f3n de este servicio\u201d se\u00f1al\u00f3 Manuel Noceda-Concejal de Medio rural.<\/p>\n<p>\u201cEncargamos al Perito agr\u00f3nomo de la Mancomunidad Cano Pe\u00f1as la elaboraci\u00f3n de la pertinente memoria valorada y las prescripciones t\u00e9cnicas que regir\u00edan la contrataci\u00f3n de los trabajos a realizar, el desbroce y limpieza de m\u00e1rgenes, taludes y cunetas de los 191.144 metros (o 191 km) y 85.526 metros cuadrados de zona verde\u201d explic\u00f3 el responsable del \u00e1rea.<\/p>\n<p>\u201cEn el mes de marzo se abri\u00f3 el plazo de presentaci\u00f3n de ofertas, finalizando este el 19 de ese mismo mes, cinco d\u00edas despu\u00e9s de la declaraci\u00f3n del estado de alarma por lo crisis sanitarias actual. Esta declaraci\u00f3n, adem\u00e1s de las consecuencias, que toda la ciudadan\u00eda conoce y padece, en las administraciones tuvo como consecuencia la paralizaci\u00f3n de las contrataciones en curso. Una vez se levant\u00f3 esa restricci\u00f3n se retom\u00f3 la contrataci\u00f3n en curso. Procediendo a su adjudicaci\u00f3n esta semana\u201d aclar\u00f3 el concejal.<\/p>\n<p>\u201cLas actuaciones a realizar por la empresa adjudicataria comprender\u00e1n 4 intervenciones de forma individual o combinada. La primera consistir\u00e1 en el desbroce de m\u00e1rgenes y taludes, consistente en el corte de la hierba, arbustos y maleza en general, existente en ambos m\u00e1rgenes de los caminos, as\u00ed como en los taludes, con un m\u00ednimo de 2 pasadas a cada margen hasta dejar la zona totalmente desbrozada. Esta operaci\u00f3n se realzar\u00e1 preferentemente por medios mec\u00e1nicos o manuales. La altura del desbroce a realizar ser\u00e1 como m\u00ednimo, en el caso de grandes taludes, la que alcance el brazo de la m\u00e1quina. En el caso del desbroce manual, la altura m\u00e1xima a considerar ser\u00e1 de 2,5 metros. En el margen de los caminos sin taludes de transici\u00f3n el ancho siega y\/o desbroce ser\u00e1 de 0,90 metros. La altura de la hierba una vez cortada no deber\u00e1 superar los 2 cent\u00edmetros\u201dcontinu\u00f3 Noceda.<\/p>\n<p>\u201cAl desbroce le seguir\u00e1 la limpieza de m\u00e1rgenes, taludes y cuentas. Consistir\u00e1 en la extracci\u00f3n de la tierra, restos vegetales y otros desechos depositados en los elementos funcionales del camino (calzada, m\u00e1rgenes, cunetas y taludes). Debiendo quedar el conjunto en condiciones \u00f3ptimas de prestaci\u00f3n del servicio, especialmente las cunetas, para ello se rasantear\u00e1n las paredes y fondo para conseguir una buena evacuaci\u00f3n de agua, evitando el dep\u00f3sito de residuos que impidan su paso\u201d detall\u00f3 el edil.<\/p>\n<p>\u201cPosteriormente se llevar\u00e1 a cabo la limpieza de obras de f\u00e1brica, es decir, limpieza de los pasos canalizados, cruces de caminos, pozos, arquetas, sumideros, rejillas, canaletas y desag\u00fces en general, que pudieran estar obstruidos, con carga y transporte de los residuos resultantes, debiendo quedar el elemento funcional en condiciones \u00f3ptimas de prestaci\u00f3n de servicio. Finalizando con el desbroce y limpieza de terrenos, zonas verdes y recintos de los dep\u00f3sitos municipales. En esta \u00faltima fase se realizar\u00e1 el corte de la hierba, arbustos y maleza en general existentes en terreno p\u00fablico\u201d expuso el Concejal.<\/p>\n<p>Los metros viales objeto de la actuaci\u00f3n, ser\u00e1n de 191.144m (191km), y que en su totalidad suman 382.289m (382 km), de caminos p\u00fablicos, al ser ambos los m\u00e1rgenes sobre los que se efectuar\u00e1n los trabajos. Si se atiende a cada una de las parroquias:<\/p>\n<ul>\n<li>Albandi, 20 caminos municipales que suman 17.893 metros o 17,893 kil\u00f3metros<\/li>\n<li>Amb\u00e1s, 24 caminos municipales que suman38.796 metros o 38,796 kil\u00f3metros<\/li>\n<li>Cand\u00e1s, 21 caminos municipales que suman 18.540 metros o 18,540 kil\u00f3metros<\/li>\n<li>Carri\u00f3, 3 caminos municipales que suman 3.197 metros o 3,197 kil\u00f3metros<\/li>\n<li>El Valle, 23 caminos municipales que suman 31.542 metros o 31,542 kil\u00f3metros<\/li>\n<li>Guimar\u00e1n, 36 caminos municipales que suman 55.364 metros 0 55,364 kil\u00f3metros<\/li>\n<li>Llorgozana, 47 caminos municipales que suman 68.864 metros o 68,864 kil\u00f3metros<\/li>\n<li>Perlora, 47 caminos municipales que suman 52.743 metros o 52,743 kil\u00f3metros<\/li>\n<li>Piedeloro, 17 caminos municipales que suman 25.019 metros o 25,019 kil\u00f3metros<\/li>\n<li>Prevera, 10 caminos municipales que suman 13.078 metros o 13,078 kil\u00f3metros<\/li>\n<li>Prendes, 13 caminos municipales que suman 15.235 metros o 15,235 kil\u00f3metros<\/li>\n<li>Tam\u00f3n, 31 caminos municipales que suman 39.298 metros o 39,298 kil\u00f3metros<\/li>\n<\/ul>\n<p>A estos 382.289 metros lineales hay que a\u00f1adirle 85.526 metros cuadrados, procedentes de la limpieza por un lado, 75.401 del acondicionamiento de 21 zonas verdes en las que se encuentran los entornos de los cirs, la pista polideportiva de Prevera, zona de Pi\u00f1eres,\u2026; y 10.125 procedentes de las \u00e1reas de los 11 dep\u00f3sitos municipales.<\/p>\n<p>\u201cTras el correspondiente proceso de licitaci\u00f3n, en el que se presentaron cinco empresas del sector, la empresa resultante adjudicataria encargada de las labores del desbroce y limpieza de m\u00e1rgenes y cuentas de los caminos y zonas verdes ser\u00e1 Seycofor. Al ser la oferta m\u00e1s ventajosa en t\u00e9rminos de calidad-precio. Asciendo el importe del servicio contratado a 129.349 \u20ac\u201d finaliz\u00f3 Manuel Noceda-Concejal de la Zona Rural.<\/p>\n<p>&nbsp;<\/p>\n","protected":false},"excerpt":{"rendered":"<p>\u201cCon el objetivo de mantener los viales p\u00fablicos en condiciones \u00f3ptimas de limpieza se hace necesario llevar a cabo el corte y la retirada de los residuos vegetales que crecen en los m\u00e1rgenes, cunetas, taludes de los 292 caminos p\u00fablicos del Concejo, es decir, su desbroce y limpieza. Adem\u00e1s de otros espacios p\u00fablicos verdes y<\/p>\n","protected":false},"author":1,"featured_media":6453,"comment_status":"closed","ping_status":"closed","sticky":false,"template":"","format":"standard","meta":{"footnotes":""},"categories":[2],"tags":[],"class_list":{"0":"post-142756","1":"post","2":"type-post","3":"status-publish","4":"format-standard","5":"has-post-thumbnail","7":"category-noticias-carreno"},"aioseo_notices":[],"aioseo_head":"\n\t\t<!-- All in One SEO Pro 4.9.6.2 - aioseo.com -->\n\t<meta name=\"description\" content=\"\u201cCon el objetivo de mantener los viales p\u00fablicos en condiciones \u00f3ptimas de limpieza se hace necesario llevar a cabo el corte y la retirada de los residuos vegetales que crecen en los m\u00e1rgenes, cunetas, taludes de los 292 caminos p\u00fablicos del Concejo, es decir, su desbroce y limpieza. Adem\u00e1s de otros espacios p\u00fablicos verdes y\" \/>\n\t<meta name=\"robots\" content=\"max-image-preview:large\" \/>\n\t<meta name=\"author\" content=\"Cand\u00e1s 365\"\/>\n\t<meta name=\"google-site-verification\" content=\"UA-32230408-1\" \/>\n\t<meta name=\"msvalidate.01\" content=\"354F3CDFB2DA171B47FBE9ABF1F88D5\" \/>\n\t<meta name=\"keywords\" content=\"noticias carre\u00f1o\" \/>\n\t<link rel=\"canonical\" href=\"https:\/\/candas365.es\/noticias\/adjudicados-los-trabajos-de-desbroce-en-carreno\/\" \/>\n\t<meta name=\"generator\" content=\"All in One SEO Pro (AIOSEO) 4.9.6.2\" \/>\n\t\t<meta property=\"og:locale\" content=\"es_ES\" \/>\n\t\t<meta property=\"og:site_name\" content=\"Cand\u00e1s 365\" \/>\n\t\t<meta property=\"og:type\" content=\"article\" \/>\n\t\t<meta property=\"og:title\" content=\"Adjudicados los trabajos de desbroce en Carre\u00f1o | Cand\u00e1s 365\" \/>\n\t\t<meta property=\"og:description\" content=\"\u201cCon el objetivo de mantener los viales p\u00fablicos en condiciones \u00f3ptimas de limpieza se hace necesario llevar a cabo el corte y la retirada de los residuos vegetales que crecen en los m\u00e1rgenes, cunetas, taludes de los 292 caminos p\u00fablicos del Concejo, es decir, su desbroce y limpieza. Adem\u00e1s de otros espacios p\u00fablicos verdes y\" \/>\n\t\t<meta property=\"og:url\" content=\"https:\/\/candas365.es\/noticias\/adjudicados-los-trabajos-de-desbroce-en-carreno\/\" \/>\n\t\t<meta property=\"og:image\" content=\"https:\/\/candas365.es\/noticias\/wp-content\/uploads\/2015\/01\/ayuntamiento.jpg\" \/>\n\t\t<meta property=\"og:image:secure_url\" content=\"https:\/\/candas365.es\/noticias\/wp-content\/uploads\/2015\/01\/ayuntamiento.jpg\" \/>\n\t\t<meta property=\"og:image:width\" content=\"800\" \/>\n\t\t<meta property=\"og:image:height\" content=\"600\" \/>\n\t\t<meta property=\"article:published_time\" content=\"2020-05-27T00:16:43+00:00\" \/>\n\t\t<meta property=\"article:modified_time\" content=\"2020-05-27T00:16:43+00:00\" \/>\n\t\t<meta property=\"article:publisher\" content=\"https:\/\/www.facebook.com\/Nachofdezber\" \/>\n\t\t<meta property=\"article:author\" content=\"https:\/\/www.facebook.com\/carrenoactualidad\" \/>\n\t\t<meta name=\"twitter:card\" content=\"summary_large_image\" \/>\n\t\t<meta name=\"twitter:site\" content=\"@NabercoDigital\" \/>\n\t\t<meta name=\"twitter:title\" content=\"Adjudicados los trabajos de desbroce en Carre\u00f1o | Cand\u00e1s 365\" \/>\n\t\t<meta name=\"twitter:description\" content=\"\u201cCon el objetivo de mantener los viales p\u00fablicos en condiciones \u00f3ptimas de limpieza se hace necesario llevar a cabo el corte y la retirada de los residuos vegetales que crecen en los m\u00e1rgenes, cunetas, taludes de los 292 caminos p\u00fablicos del Concejo, es decir, su desbroce y limpieza. Adem\u00e1s de otros espacios p\u00fablicos verdes y\" \/>\n\t\t<meta name=\"twitter:creator\" content=\"@nbasturias\" \/>\n\t\t<meta name=\"twitter:image\" content=\"https:\/\/candas365.es\/noticias\/wp-content\/uploads\/2015\/01\/ayuntamiento.jpg\" \/>\n\t\t<meta name=\"twitter:label1\" content=\"Escrito por\" \/>\n\t\t<meta name=\"twitter:data1\" content=\"Cand\u00e1s 365\" \/>\n\t\t<meta name=\"twitter:label2\" content=\"Tiempo de lectura estimado\" \/>\n\t\t<meta name=\"twitter:data2\" content=\"4 minutos\" \/>\n\t\t<script type=\"application\/ld+json\" class=\"aioseo-schema\">\n\t\t\t{\"@context\":\"https:\\\/\\\/schema.org\",\"@graph\":[{\"@type\":\"BreadcrumbList\",\"@id\":\"https:\\\/\\\/candas365.es\\\/noticias\\\/adjudicados-los-trabajos-de-desbroce-en-carreno\\\/#breadcrumblist\",\"itemListElement\":[{\"@type\":\"ListItem\",\"@id\":\"https:\\\/\\\/candas365.es\\\/noticias#listItem\",\"position\":1,\"name\":\"Home\",\"item\":\"https:\\\/\\\/candas365.es\\\/noticias\",\"nextItem\":{\"@type\":\"ListItem\",\"@id\":\"https:\\\/\\\/candas365.es\\\/noticias\\\/category\\\/noticias-carreno\\\/#listItem\",\"name\":\"Noticias Carre\\u00f1o\"}},{\"@type\":\"ListItem\",\"@id\":\"https:\\\/\\\/candas365.es\\\/noticias\\\/category\\\/noticias-carreno\\\/#listItem\",\"position\":2,\"name\":\"Noticias Carre\\u00f1o\",\"item\":\"https:\\\/\\\/candas365.es\\\/noticias\\\/category\\\/noticias-carreno\\\/\",\"nextItem\":{\"@type\":\"ListItem\",\"@id\":\"https:\\\/\\\/candas365.es\\\/noticias\\\/adjudicados-los-trabajos-de-desbroce-en-carreno\\\/#listItem\",\"name\":\"Adjudicados los trabajos de desbroce en Carre\\u00f1o\"},\"previousItem\":{\"@type\":\"ListItem\",\"@id\":\"https:\\\/\\\/candas365.es\\\/noticias#listItem\",\"name\":\"Home\"}},{\"@type\":\"ListItem\",\"@id\":\"https:\\\/\\\/candas365.es\\\/noticias\\\/adjudicados-los-trabajos-de-desbroce-en-carreno\\\/#listItem\",\"position\":3,\"name\":\"Adjudicados los trabajos de desbroce en Carre\\u00f1o\",\"previousItem\":{\"@type\":\"ListItem\",\"@id\":\"https:\\\/\\\/candas365.es\\\/noticias\\\/category\\\/noticias-carreno\\\/#listItem\",\"name\":\"Noticias Carre\\u00f1o\"}}]},{\"@type\":\"NewsArticle\",\"@id\":\"https:\\\/\\\/candas365.es\\\/noticias\\\/adjudicados-los-trabajos-de-desbroce-en-carreno\\\/#newsarticle\",\"name\":\"Adjudicados los trabajos de desbroce en Carre\\u00f1o | Cand\\u00e1s 365\",\"headline\":\"Adjudicados los trabajos de desbroce en Carre\\u00f1o\",\"author\":{\"@id\":\"https:\\\/\\\/candas365.es\\\/noticias\\\/author\\\/admin\\\/#author\"},\"publisher\":{\"@id\":\"https:\\\/\\\/candas365.es\\\/noticias\\\/#organization\"},\"image\":{\"@type\":\"ImageObject\",\"url\":\"https:\\\/\\\/candas365.es\\\/noticias\\\/wp-content\\\/uploads\\\/2015\\\/01\\\/ayuntamiento.jpg\",\"width\":800,\"height\":600,\"caption\":\"Carre\\u00f1o\"},\"datePublished\":\"2020-05-27T00:16:43+02:00\",\"dateModified\":\"2020-05-27T00:16:43+02:00\",\"inLanguage\":\"es-ES\",\"mainEntityOfPage\":{\"@id\":\"https:\\\/\\\/candas365.es\\\/noticias\\\/adjudicados-los-trabajos-de-desbroce-en-carreno\\\/#webpage\"},\"isPartOf\":{\"@id\":\"https:\\\/\\\/candas365.es\\\/noticias\\\/adjudicados-los-trabajos-de-desbroce-en-carreno\\\/#webpage\"},\"articleSection\":\"Noticias Carre\\u00f1o\",\"dateline\":\"Publicado el mayo 27, 2020.\"},{\"@type\":\"Organization\",\"@id\":\"https:\\\/\\\/candas365.es\\\/noticias\\\/#organization\",\"name\":\"Cand\\u00e1s 365\",\"description\":\"Cand\\u00e1s 365 es un diario digital independiente, fundado en 2012, con base en Asturias. Informamos con rigor sobre actualidad, sociedad, cultura y ocio, con una mirada local y global.\",\"url\":\"https:\\\/\\\/candas365.es\\\/noticias\\\/\",\"email\":\"info@candas365.es\",\"telephone\":\"+34652131393\",\"foundingDate\":\"2012-06-10\",\"logo\":{\"@type\":\"ImageObject\",\"url\":\"https:\\\/\\\/candas365.es\\\/noticias\\\/wp-content\\\/uploads\\\/2024\\\/09\\\/Candas-365-Redes.jpg\",\"@id\":\"https:\\\/\\\/candas365.es\\\/noticias\\\/adjudicados-los-trabajos-de-desbroce-en-carreno\\\/#organizationLogo\",\"width\":1152,\"height\":864,\"caption\":\"Cand\\u00e1s 365 Redes\"},\"image\":{\"@id\":\"https:\\\/\\\/candas365.es\\\/noticias\\\/adjudicados-los-trabajos-de-desbroce-en-carreno\\\/#organizationLogo\"},\"sameAs\":[\"https:\\\/\\\/www.facebook.com\\\/Nachofdezber\",\"https:\\\/\\\/x.com\\\/NabercoDigital\",\"https:\\\/\\\/www.instagram.com\\\/nachofdezber\\\/\",\"https:\\\/\\\/www.youtube.com\\\/channel\\\/UCZP-2wLEB9Rv6erhFmqVnvg\"],\"address\":{\"@id\":\"https:\\\/\\\/candas365.es\\\/noticias\\\/#postaladdress\",\"@type\":\"PostalAddress\",\"streetAddress\":\"san antonio 4, san antonio 4\",\"postalCode\":\"33430\",\"addressLocality\":\"Cand\\u00e1s\",\"addressRegion\":\"Asturias\",\"addressCountry\":\"ES\"}},{\"@type\":\"Person\",\"@id\":\"https:\\\/\\\/candas365.es\\\/noticias\\\/author\\\/admin\\\/#author\",\"url\":\"https:\\\/\\\/candas365.es\\\/noticias\\\/author\\\/admin\\\/\",\"name\":\"Cand\\u00e1s 365\",\"image\":{\"@type\":\"ImageObject\",\"@id\":\"https:\\\/\\\/candas365.es\\\/noticias\\\/adjudicados-los-trabajos-de-desbroce-en-carreno\\\/#authorImage\",\"url\":\"https:\\\/\\\/secure.gravatar.com\\\/avatar\\\/496a8e03d0c493ede1718b7934145dbdf8d89be1036b0eec9544e1094c9de390?s=96&d=mm&r=g\",\"width\":96,\"height\":96,\"caption\":\"Cand\\u00e1s 365\"},\"sameAs\":[\"https:\\\/\\\/www.facebook.com\\\/carrenoactualidad\",\"https:\\\/\\\/twitter.com\\\/nbasturias\",\"https:\\\/\\\/www.instagram.com\\\/nachofdezber\\\/\",\"https:\\\/\\\/www.youtube.com\\\/channel\\\/UCZP-2wLEB9Rv6erhFmqVnvg\"]},{\"@type\":\"WebPage\",\"@id\":\"https:\\\/\\\/candas365.es\\\/noticias\\\/adjudicados-los-trabajos-de-desbroce-en-carreno\\\/#webpage\",\"url\":\"https:\\\/\\\/candas365.es\\\/noticias\\\/adjudicados-los-trabajos-de-desbroce-en-carreno\\\/\",\"name\":\"Adjudicados los trabajos de desbroce en Carre\\u00f1o | Cand\\u00e1s 365\",\"description\":\"\\u201cCon el objetivo de mantener los viales p\\u00fablicos en condiciones \\u00f3ptimas de limpieza se hace necesario llevar a cabo el corte y la retirada de los residuos vegetales que crecen en los m\\u00e1rgenes, cunetas, taludes de los 292 caminos p\\u00fablicos del Concejo, es decir, su desbroce y limpieza. Adem\\u00e1s de otros espacios p\\u00fablicos verdes y\",\"inLanguage\":\"es-ES\",\"isPartOf\":{\"@id\":\"https:\\\/\\\/candas365.es\\\/noticias\\\/#website\"},\"breadcrumb\":{\"@id\":\"https:\\\/\\\/candas365.es\\\/noticias\\\/adjudicados-los-trabajos-de-desbroce-en-carreno\\\/#breadcrumblist\"},\"author\":{\"@id\":\"https:\\\/\\\/candas365.es\\\/noticias\\\/author\\\/admin\\\/#author\"},\"creator\":{\"@id\":\"https:\\\/\\\/candas365.es\\\/noticias\\\/author\\\/admin\\\/#author\"},\"image\":{\"@type\":\"ImageObject\",\"url\":\"https:\\\/\\\/candas365.es\\\/noticias\\\/wp-content\\\/uploads\\\/2015\\\/01\\\/ayuntamiento.jpg\",\"@id\":\"https:\\\/\\\/candas365.es\\\/noticias\\\/adjudicados-los-trabajos-de-desbroce-en-carreno\\\/#mainImage\",\"width\":800,\"height\":600,\"caption\":\"Carre\\u00f1o\"},\"primaryImageOfPage\":{\"@id\":\"https:\\\/\\\/candas365.es\\\/noticias\\\/adjudicados-los-trabajos-de-desbroce-en-carreno\\\/#mainImage\"},\"datePublished\":\"2020-05-27T00:16:43+02:00\",\"dateModified\":\"2020-05-27T00:16:43+02:00\"},{\"@type\":\"WebSite\",\"@id\":\"https:\\\/\\\/candas365.es\\\/noticias\\\/#website\",\"url\":\"https:\\\/\\\/candas365.es\\\/noticias\\\/\",\"name\":\"Cand\\u00e1s 365\",\"alternateName\":\"Cand\\u00e1s 365 Noticias\",\"description\":\"Actualidad desde Carre\\u00f1o para el mundo\",\"inLanguage\":\"es-ES\",\"publisher\":{\"@id\":\"https:\\\/\\\/candas365.es\\\/noticias\\\/#organization\"}}]}\n\t\t<\/script>\n\t\t<!-- All in One SEO Pro -->\r\n\t\t<title>Adjudicados los trabajos de desbroce en Carre\u00f1o | Cand\u00e1s 365<\/title>\n\n","aioseo_head_json":{"title":"Adjudicados los trabajos de desbroce en Carre\u00f1o | Cand\u00e1s 365","description":"\u201cCon el objetivo de mantener los viales p\u00fablicos en condiciones \u00f3ptimas de limpieza se hace necesario llevar a cabo el corte y la retirada de los residuos vegetales que crecen en los m\u00e1rgenes, cunetas, taludes de los 292 caminos p\u00fablicos del Concejo, es decir, su desbroce y limpieza. Adem\u00e1s de otros espacios p\u00fablicos verdes y","canonical_url":"https:\/\/candas365.es\/noticias\/adjudicados-los-trabajos-de-desbroce-en-carreno\/","robots":"max-image-preview:large","keywords":"noticias carre\u00f1o","webmasterTools":{"google-site-verification":"UA-32230408-1","msvalidate.01":"354F3CDFB2DA171B47FBE9ABF1F88D5","miscellaneous":""},"schema":{"@context":"https:\/\/schema.org","@graph":[{"@type":"BreadcrumbList","@id":"https:\/\/candas365.es\/noticias\/adjudicados-los-trabajos-de-desbroce-en-carreno\/#breadcrumblist","itemListElement":[{"@type":"ListItem","@id":"https:\/\/candas365.es\/noticias#listItem","position":1,"name":"Home","item":"https:\/\/candas365.es\/noticias","nextItem":{"@type":"ListItem","@id":"https:\/\/candas365.es\/noticias\/category\/noticias-carreno\/#listItem","name":"Noticias Carre\u00f1o"}},{"@type":"ListItem","@id":"https:\/\/candas365.es\/noticias\/category\/noticias-carreno\/#listItem","position":2,"name":"Noticias Carre\u00f1o","item":"https:\/\/candas365.es\/noticias\/category\/noticias-carreno\/","nextItem":{"@type":"ListItem","@id":"https:\/\/candas365.es\/noticias\/adjudicados-los-trabajos-de-desbroce-en-carreno\/#listItem","name":"Adjudicados los trabajos de desbroce en Carre\u00f1o"},"previousItem":{"@type":"ListItem","@id":"https:\/\/candas365.es\/noticias#listItem","name":"Home"}},{"@type":"ListItem","@id":"https:\/\/candas365.es\/noticias\/adjudicados-los-trabajos-de-desbroce-en-carreno\/#listItem","position":3,"name":"Adjudicados los trabajos de desbroce en Carre\u00f1o","previousItem":{"@type":"ListItem","@id":"https:\/\/candas365.es\/noticias\/category\/noticias-carreno\/#listItem","name":"Noticias Carre\u00f1o"}}]},{"@type":"NewsArticle","@id":"https:\/\/candas365.es\/noticias\/adjudicados-los-trabajos-de-desbroce-en-carreno\/#newsarticle","name":"Adjudicados los trabajos de desbroce en Carre\u00f1o | Cand\u00e1s 365","headline":"Adjudicados los trabajos de desbroce en Carre\u00f1o","author":{"@id":"https:\/\/candas365.es\/noticias\/author\/admin\/#author"},"publisher":{"@id":"https:\/\/candas365.es\/noticias\/#organization"},"image":{"@type":"ImageObject","url":"https:\/\/candas365.es\/noticias\/wp-content\/uploads\/2015\/01\/ayuntamiento.jpg","width":800,"height":600,"caption":"Carre\u00f1o"},"datePublished":"2020-05-27T00:16:43+02:00","dateModified":"2020-05-27T00:16:43+02:00","inLanguage":"es-ES","mainEntityOfPage":{"@id":"https:\/\/candas365.es\/noticias\/adjudicados-los-trabajos-de-desbroce-en-carreno\/#webpage"},"isPartOf":{"@id":"https:\/\/candas365.es\/noticias\/adjudicados-los-trabajos-de-desbroce-en-carreno\/#webpage"},"articleSection":"Noticias Carre\u00f1o","dateline":"Publicado el mayo 27, 2020."},{"@type":"Organization","@id":"https:\/\/candas365.es\/noticias\/#organization","name":"Cand\u00e1s 365","description":"Cand\u00e1s 365 es un diario digital independiente, fundado en 2012, con base en Asturias. Informamos con rigor sobre actualidad, sociedad, cultura y ocio, con una mirada local y global.","url":"https:\/\/candas365.es\/noticias\/","email":"info@candas365.es","telephone":"+34652131393","foundingDate":"2012-06-10","logo":{"@type":"ImageObject","url":"https:\/\/candas365.es\/noticias\/wp-content\/uploads\/2024\/09\/Candas-365-Redes.jpg","@id":"https:\/\/candas365.es\/noticias\/adjudicados-los-trabajos-de-desbroce-en-carreno\/#organizationLogo","width":1152,"height":864,"caption":"Cand\u00e1s 365 Redes"},"image":{"@id":"https:\/\/candas365.es\/noticias\/adjudicados-los-trabajos-de-desbroce-en-carreno\/#organizationLogo"},"sameAs":["https:\/\/www.facebook.com\/Nachofdezber","https:\/\/x.com\/NabercoDigital","https:\/\/www.instagram.com\/nachofdezber\/","https:\/\/www.youtube.com\/channel\/UCZP-2wLEB9Rv6erhFmqVnvg"],"address":{"@id":"https:\/\/candas365.es\/noticias\/#postaladdress","@type":"PostalAddress","streetAddress":"san antonio 4, san antonio 4","postalCode":"33430","addressLocality":"Cand\u00e1s","addressRegion":"Asturias","addressCountry":"ES"}},{"@type":"Person","@id":"https:\/\/candas365.es\/noticias\/author\/admin\/#author","url":"https:\/\/candas365.es\/noticias\/author\/admin\/","name":"Cand\u00e1s 365","image":{"@type":"ImageObject","@id":"https:\/\/candas365.es\/noticias\/adjudicados-los-trabajos-de-desbroce-en-carreno\/#authorImage","url":"https:\/\/secure.gravatar.com\/avatar\/496a8e03d0c493ede1718b7934145dbdf8d89be1036b0eec9544e1094c9de390?s=96&d=mm&r=g","width":96,"height":96,"caption":"Cand\u00e1s 365"},"sameAs":["https:\/\/www.facebook.com\/carrenoactualidad","https:\/\/twitter.com\/nbasturias","https:\/\/www.instagram.com\/nachofdezber\/","https:\/\/www.youtube.com\/channel\/UCZP-2wLEB9Rv6erhFmqVnvg"]},{"@type":"WebPage","@id":"https:\/\/candas365.es\/noticias\/adjudicados-los-trabajos-de-desbroce-en-carreno\/#webpage","url":"https:\/\/candas365.es\/noticias\/adjudicados-los-trabajos-de-desbroce-en-carreno\/","name":"Adjudicados los trabajos de desbroce en Carre\u00f1o | Cand\u00e1s 365","description":"\u201cCon el objetivo de mantener los viales p\u00fablicos en condiciones \u00f3ptimas de limpieza se hace necesario llevar a cabo el corte y la retirada de los residuos vegetales que crecen en los m\u00e1rgenes, cunetas, taludes de los 292 caminos p\u00fablicos del Concejo, es decir, su desbroce y limpieza. Adem\u00e1s de otros espacios p\u00fablicos verdes y","inLanguage":"es-ES","isPartOf":{"@id":"https:\/\/candas365.es\/noticias\/#website"},"breadcrumb":{"@id":"https:\/\/candas365.es\/noticias\/adjudicados-los-trabajos-de-desbroce-en-carreno\/#breadcrumblist"},"author":{"@id":"https:\/\/candas365.es\/noticias\/author\/admin\/#author"},"creator":{"@id":"https:\/\/candas365.es\/noticias\/author\/admin\/#author"},"image":{"@type":"ImageObject","url":"https:\/\/candas365.es\/noticias\/wp-content\/uploads\/2015\/01\/ayuntamiento.jpg","@id":"https:\/\/candas365.es\/noticias\/adjudicados-los-trabajos-de-desbroce-en-carreno\/#mainImage","width":800,"height":600,"caption":"Carre\u00f1o"},"primaryImageOfPage":{"@id":"https:\/\/candas365.es\/noticias\/adjudicados-los-trabajos-de-desbroce-en-carreno\/#mainImage"},"datePublished":"2020-05-27T00:16:43+02:00","dateModified":"2020-05-27T00:16:43+02:00"},{"@type":"WebSite","@id":"https:\/\/candas365.es\/noticias\/#website","url":"https:\/\/candas365.es\/noticias\/","name":"Cand\u00e1s 365","alternateName":"Cand\u00e1s 365 Noticias","description":"Actualidad desde Carre\u00f1o para el mundo","inLanguage":"es-ES","publisher":{"@id":"https:\/\/candas365.es\/noticias\/#organization"}}]},"og:locale":"es_ES","og:site_name":"Cand\u00e1s 365","og:type":"article","og:title":"Adjudicados los trabajos de desbroce en Carre\u00f1o | Cand\u00e1s 365","og:description":"\u201cCon el objetivo de mantener los viales p\u00fablicos en condiciones \u00f3ptimas de limpieza se hace necesario llevar a cabo el corte y la retirada de los residuos vegetales que crecen en los m\u00e1rgenes, cunetas, taludes de los 292 caminos p\u00fablicos del Concejo, es decir, su desbroce y limpieza. Adem\u00e1s de otros espacios p\u00fablicos verdes y","og:url":"https:\/\/candas365.es\/noticias\/adjudicados-los-trabajos-de-desbroce-en-carreno\/","og:image":"https:\/\/candas365.es\/noticias\/wp-content\/uploads\/2015\/01\/ayuntamiento.jpg","og:image:secure_url":"https:\/\/candas365.es\/noticias\/wp-content\/uploads\/2015\/01\/ayuntamiento.jpg","og:image:width":800,"og:image:height":600,"article:published_time":"2020-05-27T00:16:43+00:00","article:modified_time":"2020-05-27T00:16:43+00:00","article:publisher":"https:\/\/www.facebook.com\/Nachofdezber","article:author":"https:\/\/www.facebook.com\/carrenoactualidad","twitter:card":"summary_large_image","twitter:site":"@NabercoDigital","twitter:title":"Adjudicados los trabajos de desbroce en Carre\u00f1o | Cand\u00e1s 365","twitter:description":"\u201cCon el objetivo de mantener los viales p\u00fablicos en condiciones \u00f3ptimas de limpieza se hace necesario llevar a cabo el corte y la retirada de los residuos vegetales que crecen en los m\u00e1rgenes, cunetas, taludes de los 292 caminos p\u00fablicos del Concejo, es decir, su desbroce y limpieza. Adem\u00e1s de otros espacios p\u00fablicos verdes y","twitter:creator":"@nbasturias","twitter:image":"https:\/\/candas365.es\/noticias\/wp-content\/uploads\/2015\/01\/ayuntamiento.jpg","twitter:label1":"Escrito por","twitter:data1":"Cand\u00e1s 365","twitter:label2":"Tiempo de lectura estimado","twitter:data2":"4 minutos"},"aioseo_meta_data":{"post_id":"142756","title":null,"description":null,"keywords":null,"keyphrases":null,"primary_term":null,"canonical_url":null,"og_title":null,"og_description":null,"og_object_type":"default","og_image_type":"default","og_image_url":null,"og_image_width":null,"og_image_height":null,"og_image_custom_url":null,"og_image_custom_fields":null,"og_video":null,"og_custom_url":null,"og_article_section":null,"og_article_tags":null,"twitter_use_og":false,"twitter_card":"default","twitter_image_type":"default","twitter_image_url":null,"twitter_image_custom_url":null,"twitter_image_custom_fields":null,"twitter_title":null,"twitter_description":null,"schema":{"blockGraphs":[],"customGraphs":[],"default":{"data":{"Article":[],"Course":[],"Dataset":[],"FAQPage":[],"Movie":[],"Person":[],"Product":[],"ProductReview":[],"Car":[],"Recipe":[],"Service":[],"SoftwareApplication":[],"WebPage":[]},"graphName":"","isEnabled":true},"graphs":[]},"schema_type":null,"schema_type_options":null,"pillar_content":false,"robots_default":true,"robots_noindex":false,"robots_noarchive":false,"robots_nosnippet":false,"robots_nofollow":false,"robots_noimageindex":false,"robots_noodp":false,"robots_notranslate":false,"robots_max_snippet":null,"robots_max_videopreview":null,"robots_max_imagepreview":"large","priority":null,"frequency":null,"location":null,"local_seo":null,"seo_analyzer_scan_date":"2025-08-31 05:42:08","breadcrumb_settings":null,"limit_modified_date":false,"reviewed_by":null,"open_ai":null,"ai":null,"created":"2020-12-21 10:42:05","updated":"2025-08-31 05:42:08"},"aioseo_breadcrumb":"<div class=\"aioseo-breadcrumbs\"><span class=\"aioseo-breadcrumb\">\n\t<a href=\"https:\/\/candas365.es\/noticias\" title=\"Home\">Home<\/a>\n<\/span><span class=\"aioseo-breadcrumb-separator\">&ndash;<\/span><span class=\"aioseo-breadcrumb\">\n\t<a href=\"https:\/\/candas365.es\/noticias\/category\/noticias-carreno\/\" title=\"Noticias Carre\u00f1o\">Noticias Carre\u00f1o<\/a>\n<\/span><span class=\"aioseo-breadcrumb-separator\">&ndash;<\/span><span class=\"aioseo-breadcrumb\">\n\tAdjudicados los trabajos de desbroce en Carre\u00f1o\n<\/span><\/div>","aioseo_breadcrumb_json":[{"label":"Home","link":"https:\/\/candas365.es\/noticias"},{"label":"Noticias Carre\u00f1o","link":"https:\/\/candas365.es\/noticias\/category\/noticias-carreno\/"},{"label":"Adjudicados los trabajos de desbroce en Carre\u00f1o","link":"https:\/\/candas365.es\/noticias\/adjudicados-los-trabajos-de-desbroce-en-carreno\/"}],"_links":{"self":[{"href":"https:\/\/candas365.es\/noticias\/wp-json\/wp\/v2\/posts\/142756","targetHints":{"allow":["GET"]}}],"collection":[{"href":"https:\/\/candas365.es\/noticias\/wp-json\/wp\/v2\/posts"}],"about":[{"href":"https:\/\/candas365.es\/noticias\/wp-json\/wp\/v2\/types\/post"}],"author":[{"embeddable":true,"href":"https:\/\/candas365.es\/noticias\/wp-json\/wp\/v2\/users\/1"}],"replies":[{"embeddable":true,"href":"https:\/\/candas365.es\/noticias\/wp-json\/wp\/v2\/comments?post=142756"}],"version-history":[{"count":0,"href":"https:\/\/candas365.es\/noticias\/wp-json\/wp\/v2\/posts\/142756\/revisions"}],"wp:featuredmedia":[{"embeddable":true,"href":"https:\/\/candas365.es\/noticias\/wp-json\/wp\/v2\/media\/6453"}],"wp:attachment":[{"href":"https:\/\/candas365.es\/noticias\/wp-json\/wp\/v2\/media?parent=142756"}],"wp:term":[{"taxonomy":"category","embeddable":true,"href":"https:\/\/candas365.es\/noticias\/wp-json\/wp\/v2\/categories?post=142756"},{"taxonomy":"post_tag","embeddable":true,"href":"https:\/\/candas365.es\/noticias\/wp-json\/wp\/v2\/tags?post=142756"}],"curies":[{"name":"wp","href":"https:\/\/api.w.org\/{rel}","templated":true}]}}