{"id":142583,"date":"2020-05-24T12:35:05","date_gmt":"2020-05-24T12:35:05","guid":{"rendered":"http:\/\/candas365.es\/noticias\/?p=142583"},"modified":"2020-05-24T12:36:49","modified_gmt":"2020-05-24T12:36:49","slug":"el-tiempo-23-de-mayo-de-2020","status":"publish","type":"post","link":"https:\/\/candas365.es\/noticias\/el-tiempo-23-de-mayo-de-2020\/","title":{"rendered":"El tiempo, 23 de mayo de 2020"},"content":{"rendered":"<p><img fetchpriority=\"high\" decoding=\"async\" class=\"alignleft size-medium wp-image-142584\" src=\"https:\/\/candas365.es\/noticias\/wp-content\/uploads\/2020\/05\/sea-2808531_640-360x241.jpg\" alt=\"\" width=\"360\" height=\"241\" srcset=\"https:\/\/candas365.es\/noticias\/wp-content\/uploads\/2020\/05\/sea-2808531_640-360x241.jpg 360w, https:\/\/candas365.es\/noticias\/wp-content\/uploads\/2020\/05\/sea-2808531_640-627x420.jpg 627w, https:\/\/candas365.es\/noticias\/wp-content\/uploads\/2020\/05\/sea-2808531_640.jpg 640w\" sizes=\"(max-width: 360px) 100vw, 360px\" \/>Hoy s\u00e1bado en el Cant\u00e1brico, alto Ebro y noroeste de Navarra, se esperan cielos nubosos o cubiertos y precipitaciones, en general d\u00e9biles, que tienden a cesar al final. AEMET informa de nubosidad en aumento a lo largo del d\u00eda en los Pirineos, Catalu\u00f1a, este del sistema Ib\u00e9rico y en Le\u00f3n, con posibilidad de dejar por la tarde algunos chubascos o tormentas, m\u00e1s probables en el Pirineo oriental y en el Ib\u00e9rico de Teruel, donde no se descarta que sea puntualmente fuertes. En el resto del pa\u00eds, predominio de cielos poco nubosos o con nubes altas.<\/p>\n<p>Posibles bancos de niebla a primeras horas en el interior de Galicia y del Cant\u00e1brico y en la desembocadura del Ebro.<\/p>\n<p>Temperaturas en descenso en el tercio norte de la Pen\u00ednsula, excepto Catalu\u00f1a, localmente notable en el interior. En ascenso en Canarias, mas acusado en el sur de las islas de m\u00e1s relieve. Pocos cambios en el resto. Se espera que las m\u00e1ximas superen los 36 o 38 grados en el valle del Guadalquivir y los 32 o 34 grados en el interior de la mitad sur peninsular y puntos del sur de Gran Canaria.<\/p>\n<p>Viento de levante en el litoral de Albor\u00e1n, arreciando durante el d\u00eda a fuerte en el Estrecho. Del nordeste en Galicia, litoral del Levante, Baleares y Canarias, y de componente norte en el resto del norte peninsular, con intervalos de fuerte en el litoral norte gallego, Ampurd\u00e1n e islas Canarias de m\u00e1s relieve. Flojo en el resto del pa\u00eds.<\/p>\n","protected":false},"excerpt":{"rendered":"<p>Hoy s\u00e1bado en el Cant\u00e1brico, alto Ebro y noroeste de Navarra, se esperan cielos nubosos o cubiertos y precipitaciones, en general d\u00e9biles, que tienden a cesar al final. AEMET informa de nubosidad en aumento a lo largo del d\u00eda en los Pirineos, Catalu\u00f1a, este del sistema Ib\u00e9rico y en Le\u00f3n, con posibilidad de dejar por<\/p>\n","protected":false},"author":1,"featured_media":142584,"comment_status":"closed","ping_status":"closed","sticky":false,"template":"","format":"standard","meta":{"footnotes":""},"categories":[1],"tags":[],"class_list":{"0":"post-142583","1":"post","2":"type-post","3":"status-publish","4":"format-standard","5":"has-post-thumbnail","7":"category-agenda"},"aioseo_notices":[],"aioseo_head":"\n\t\t<!-- All in One SEO Pro 4.9.6.2 - aioseo.com -->\n\t<meta name=\"description\" content=\"Hoy s\u00e1bado en el Cant\u00e1brico, alto Ebro y noroeste de Navarra, se esperan cielos nubosos o cubiertos y precipitaciones, en general d\u00e9biles, que tienden a cesar al final. AEMET informa de nubosidad en aumento a lo largo del d\u00eda en los Pirineos, Catalu\u00f1a, este del sistema Ib\u00e9rico y en Le\u00f3n, con posibilidad de dejar por\" \/>\n\t<meta name=\"robots\" content=\"max-image-preview:large\" \/>\n\t<meta name=\"author\" content=\"Cand\u00e1s 365\"\/>\n\t<meta name=\"google-site-verification\" content=\"UA-32230408-1\" \/>\n\t<meta name=\"msvalidate.01\" content=\"354F3CDFB2DA171B47FBE9ABF1F88D5\" \/>\n\t<meta name=\"keywords\" content=\"agenda\" \/>\n\t<link rel=\"canonical\" href=\"https:\/\/candas365.es\/noticias\/el-tiempo-23-de-mayo-de-2020\/\" \/>\n\t<meta name=\"generator\" content=\"All in One SEO Pro (AIOSEO) 4.9.6.2\" \/>\n\t\t<meta property=\"og:locale\" content=\"es_ES\" \/>\n\t\t<meta property=\"og:site_name\" content=\"Cand\u00e1s 365\" \/>\n\t\t<meta property=\"og:type\" content=\"article\" \/>\n\t\t<meta property=\"og:title\" content=\"El tiempo, 23 de mayo de 2020 | Cand\u00e1s 365\" \/>\n\t\t<meta property=\"og:description\" content=\"Hoy s\u00e1bado en el Cant\u00e1brico, alto Ebro y noroeste de Navarra, se esperan cielos nubosos o cubiertos y precipitaciones, en general d\u00e9biles, que tienden a cesar al final. AEMET informa de nubosidad en aumento a lo largo del d\u00eda en los Pirineos, Catalu\u00f1a, este del sistema Ib\u00e9rico y en Le\u00f3n, con posibilidad de dejar por\" \/>\n\t\t<meta property=\"og:url\" content=\"https:\/\/candas365.es\/noticias\/el-tiempo-23-de-mayo-de-2020\/\" \/>\n\t\t<meta property=\"og:image\" content=\"https:\/\/candas365.es\/noticias\/wp-content\/uploads\/2020\/05\/sea-2808531_640.jpg\" \/>\n\t\t<meta property=\"og:image:secure_url\" content=\"https:\/\/candas365.es\/noticias\/wp-content\/uploads\/2020\/05\/sea-2808531_640.jpg\" \/>\n\t\t<meta property=\"og:image:width\" content=\"640\" \/>\n\t\t<meta property=\"og:image:height\" content=\"429\" \/>\n\t\t<meta property=\"article:published_time\" content=\"2020-05-24T12:35:05+00:00\" \/>\n\t\t<meta property=\"article:modified_time\" content=\"2020-05-24T12:36:49+00:00\" \/>\n\t\t<meta property=\"article:publisher\" content=\"https:\/\/www.facebook.com\/Nachofdezber\" \/>\n\t\t<meta property=\"article:author\" content=\"https:\/\/www.facebook.com\/carrenoactualidad\" \/>\n\t\t<meta name=\"twitter:card\" content=\"summary_large_image\" \/>\n\t\t<meta name=\"twitter:site\" content=\"@NabercoDigital\" \/>\n\t\t<meta name=\"twitter:title\" content=\"El tiempo, 23 de mayo de 2020 | Cand\u00e1s 365\" \/>\n\t\t<meta name=\"twitter:description\" content=\"Hoy s\u00e1bado en el Cant\u00e1brico, alto Ebro y noroeste de Navarra, se esperan cielos nubosos o cubiertos y precipitaciones, en general d\u00e9biles, que tienden a cesar al final. AEMET informa de nubosidad en aumento a lo largo del d\u00eda en los Pirineos, Catalu\u00f1a, este del sistema Ib\u00e9rico y en Le\u00f3n, con posibilidad de dejar por\" \/>\n\t\t<meta name=\"twitter:creator\" content=\"@nbasturias\" \/>\n\t\t<meta name=\"twitter:image\" content=\"https:\/\/candas365.es\/noticias\/wp-content\/uploads\/2020\/05\/sea-2808531_640.jpg\" \/>\n\t\t<meta name=\"twitter:label1\" content=\"Escrito por\" \/>\n\t\t<meta name=\"twitter:data1\" content=\"Cand\u00e1s 365\" \/>\n\t\t<meta name=\"twitter:label2\" content=\"Tiempo de lectura estimado\" \/>\n\t\t<meta name=\"twitter:data2\" content=\"1 minuto\" \/>\n\t\t<script type=\"application\/ld+json\" class=\"aioseo-schema\">\n\t\t\t{\"@context\":\"https:\\\/\\\/schema.org\",\"@graph\":[{\"@type\":\"BreadcrumbList\",\"@id\":\"https:\\\/\\\/candas365.es\\\/noticias\\\/el-tiempo-23-de-mayo-de-2020\\\/#breadcrumblist\",\"itemListElement\":[{\"@type\":\"ListItem\",\"@id\":\"https:\\\/\\\/candas365.es\\\/noticias#listItem\",\"position\":1,\"name\":\"Home\",\"item\":\"https:\\\/\\\/candas365.es\\\/noticias\",\"nextItem\":{\"@type\":\"ListItem\",\"@id\":\"https:\\\/\\\/candas365.es\\\/noticias\\\/category\\\/agenda\\\/#listItem\",\"name\":\"Agenda\"}},{\"@type\":\"ListItem\",\"@id\":\"https:\\\/\\\/candas365.es\\\/noticias\\\/category\\\/agenda\\\/#listItem\",\"position\":2,\"name\":\"Agenda\",\"item\":\"https:\\\/\\\/candas365.es\\\/noticias\\\/category\\\/agenda\\\/\",\"nextItem\":{\"@type\":\"ListItem\",\"@id\":\"https:\\\/\\\/candas365.es\\\/noticias\\\/el-tiempo-23-de-mayo-de-2020\\\/#listItem\",\"name\":\"El tiempo, 23 de mayo de 2020\"},\"previousItem\":{\"@type\":\"ListItem\",\"@id\":\"https:\\\/\\\/candas365.es\\\/noticias#listItem\",\"name\":\"Home\"}},{\"@type\":\"ListItem\",\"@id\":\"https:\\\/\\\/candas365.es\\\/noticias\\\/el-tiempo-23-de-mayo-de-2020\\\/#listItem\",\"position\":3,\"name\":\"El tiempo, 23 de mayo de 2020\",\"previousItem\":{\"@type\":\"ListItem\",\"@id\":\"https:\\\/\\\/candas365.es\\\/noticias\\\/category\\\/agenda\\\/#listItem\",\"name\":\"Agenda\"}}]},{\"@type\":\"NewsArticle\",\"@id\":\"https:\\\/\\\/candas365.es\\\/noticias\\\/el-tiempo-23-de-mayo-de-2020\\\/#newsarticle\",\"name\":\"El tiempo, 23 de mayo de 2020 | Cand\\u00e1s 365\",\"headline\":\"El tiempo, 23 de mayo de 2020\",\"author\":{\"@id\":\"https:\\\/\\\/candas365.es\\\/noticias\\\/author\\\/admin\\\/#author\"},\"publisher\":{\"@id\":\"https:\\\/\\\/candas365.es\\\/noticias\\\/#organization\"},\"image\":{\"@type\":\"ImageObject\",\"url\":\"https:\\\/\\\/candas365.es\\\/noticias\\\/wp-content\\\/uploads\\\/2020\\\/05\\\/sea-2808531_640.jpg\",\"width\":640,\"height\":429},\"datePublished\":\"2020-05-24T12:35:05+02:00\",\"dateModified\":\"2020-05-24T12:36:49+02:00\",\"inLanguage\":\"es-ES\",\"mainEntityOfPage\":{\"@id\":\"https:\\\/\\\/candas365.es\\\/noticias\\\/el-tiempo-23-de-mayo-de-2020\\\/#webpage\"},\"isPartOf\":{\"@id\":\"https:\\\/\\\/candas365.es\\\/noticias\\\/el-tiempo-23-de-mayo-de-2020\\\/#webpage\"},\"articleSection\":\"Agenda\",\"dateline\":\"Publicado el mayo 24, 2020.\"},{\"@type\":\"Organization\",\"@id\":\"https:\\\/\\\/candas365.es\\\/noticias\\\/#organization\",\"name\":\"Cand\\u00e1s 365\",\"description\":\"Cand\\u00e1s 365 es un diario digital independiente, fundado en 2012, con base en Asturias. Informamos con rigor sobre actualidad, sociedad, cultura y ocio, con una mirada local y global.\",\"url\":\"https:\\\/\\\/candas365.es\\\/noticias\\\/\",\"email\":\"info@candas365.es\",\"telephone\":\"+34652131393\",\"foundingDate\":\"2012-06-10\",\"logo\":{\"@type\":\"ImageObject\",\"url\":\"https:\\\/\\\/candas365.es\\\/noticias\\\/wp-content\\\/uploads\\\/2024\\\/09\\\/Candas-365-Redes.jpg\",\"@id\":\"https:\\\/\\\/candas365.es\\\/noticias\\\/el-tiempo-23-de-mayo-de-2020\\\/#organizationLogo\",\"width\":1152,\"height\":864,\"caption\":\"Cand\\u00e1s 365 Redes\"},\"image\":{\"@id\":\"https:\\\/\\\/candas365.es\\\/noticias\\\/el-tiempo-23-de-mayo-de-2020\\\/#organizationLogo\"},\"sameAs\":[\"https:\\\/\\\/www.facebook.com\\\/Nachofdezber\",\"https:\\\/\\\/x.com\\\/NabercoDigital\",\"https:\\\/\\\/www.instagram.com\\\/nachofdezber\\\/\",\"https:\\\/\\\/www.youtube.com\\\/channel\\\/UCZP-2wLEB9Rv6erhFmqVnvg\"],\"address\":{\"@id\":\"https:\\\/\\\/candas365.es\\\/noticias\\\/#postaladdress\",\"@type\":\"PostalAddress\",\"streetAddress\":\"san antonio 4, san antonio 4\",\"postalCode\":\"33430\",\"addressLocality\":\"Cand\\u00e1s\",\"addressRegion\":\"Asturias\",\"addressCountry\":\"ES\"}},{\"@type\":\"Person\",\"@id\":\"https:\\\/\\\/candas365.es\\\/noticias\\\/author\\\/admin\\\/#author\",\"url\":\"https:\\\/\\\/candas365.es\\\/noticias\\\/author\\\/admin\\\/\",\"name\":\"Cand\\u00e1s 365\",\"image\":{\"@type\":\"ImageObject\",\"@id\":\"https:\\\/\\\/candas365.es\\\/noticias\\\/el-tiempo-23-de-mayo-de-2020\\\/#authorImage\",\"url\":\"https:\\\/\\\/secure.gravatar.com\\\/avatar\\\/496a8e03d0c493ede1718b7934145dbdf8d89be1036b0eec9544e1094c9de390?s=96&d=mm&r=g\",\"width\":96,\"height\":96,\"caption\":\"Cand\\u00e1s 365\"},\"sameAs\":[\"https:\\\/\\\/www.facebook.com\\\/carrenoactualidad\",\"https:\\\/\\\/twitter.com\\\/nbasturias\",\"https:\\\/\\\/www.instagram.com\\\/nachofdezber\\\/\",\"https:\\\/\\\/www.youtube.com\\\/channel\\\/UCZP-2wLEB9Rv6erhFmqVnvg\"]},{\"@type\":\"WebPage\",\"@id\":\"https:\\\/\\\/candas365.es\\\/noticias\\\/el-tiempo-23-de-mayo-de-2020\\\/#webpage\",\"url\":\"https:\\\/\\\/candas365.es\\\/noticias\\\/el-tiempo-23-de-mayo-de-2020\\\/\",\"name\":\"El tiempo, 23 de mayo de 2020 | Cand\\u00e1s 365\",\"description\":\"Hoy s\\u00e1bado en el Cant\\u00e1brico, alto Ebro y noroeste de Navarra, se esperan cielos nubosos o cubiertos y precipitaciones, en general d\\u00e9biles, que tienden a cesar al final. AEMET informa de nubosidad en aumento a lo largo del d\\u00eda en los Pirineos, Catalu\\u00f1a, este del sistema Ib\\u00e9rico y en Le\\u00f3n, con posibilidad de dejar por\",\"inLanguage\":\"es-ES\",\"isPartOf\":{\"@id\":\"https:\\\/\\\/candas365.es\\\/noticias\\\/#website\"},\"breadcrumb\":{\"@id\":\"https:\\\/\\\/candas365.es\\\/noticias\\\/el-tiempo-23-de-mayo-de-2020\\\/#breadcrumblist\"},\"author\":{\"@id\":\"https:\\\/\\\/candas365.es\\\/noticias\\\/author\\\/admin\\\/#author\"},\"creator\":{\"@id\":\"https:\\\/\\\/candas365.es\\\/noticias\\\/author\\\/admin\\\/#author\"},\"image\":{\"@type\":\"ImageObject\",\"url\":\"https:\\\/\\\/candas365.es\\\/noticias\\\/wp-content\\\/uploads\\\/2020\\\/05\\\/sea-2808531_640.jpg\",\"@id\":\"https:\\\/\\\/candas365.es\\\/noticias\\\/el-tiempo-23-de-mayo-de-2020\\\/#mainImage\",\"width\":640,\"height\":429},\"primaryImageOfPage\":{\"@id\":\"https:\\\/\\\/candas365.es\\\/noticias\\\/el-tiempo-23-de-mayo-de-2020\\\/#mainImage\"},\"datePublished\":\"2020-05-24T12:35:05+02:00\",\"dateModified\":\"2020-05-24T12:36:49+02:00\"},{\"@type\":\"WebSite\",\"@id\":\"https:\\\/\\\/candas365.es\\\/noticias\\\/#website\",\"url\":\"https:\\\/\\\/candas365.es\\\/noticias\\\/\",\"name\":\"Cand\\u00e1s 365\",\"alternateName\":\"Cand\\u00e1s 365 Noticias\",\"description\":\"Actualidad desde Carre\\u00f1o para el mundo\",\"inLanguage\":\"es-ES\",\"publisher\":{\"@id\":\"https:\\\/\\\/candas365.es\\\/noticias\\\/#organization\"}}]}\n\t\t<\/script>\n\t\t<!-- All in One SEO Pro -->\r\n\t\t<title>El tiempo, 23 de mayo de 2020 | Cand\u00e1s 365<\/title>\n\n","aioseo_head_json":{"title":"El tiempo, 23 de mayo de 2020 | Cand\u00e1s 365","description":"Hoy s\u00e1bado en el Cant\u00e1brico, alto Ebro y noroeste de Navarra, se esperan cielos nubosos o cubiertos y precipitaciones, en general d\u00e9biles, que tienden a cesar al final. AEMET informa de nubosidad en aumento a lo largo del d\u00eda en los Pirineos, Catalu\u00f1a, este del sistema Ib\u00e9rico y en Le\u00f3n, con posibilidad de dejar por","canonical_url":"https:\/\/candas365.es\/noticias\/el-tiempo-23-de-mayo-de-2020\/","robots":"max-image-preview:large","keywords":"agenda","webmasterTools":{"google-site-verification":"UA-32230408-1","msvalidate.01":"354F3CDFB2DA171B47FBE9ABF1F88D5","miscellaneous":""},"schema":{"@context":"https:\/\/schema.org","@graph":[{"@type":"BreadcrumbList","@id":"https:\/\/candas365.es\/noticias\/el-tiempo-23-de-mayo-de-2020\/#breadcrumblist","itemListElement":[{"@type":"ListItem","@id":"https:\/\/candas365.es\/noticias#listItem","position":1,"name":"Home","item":"https:\/\/candas365.es\/noticias","nextItem":{"@type":"ListItem","@id":"https:\/\/candas365.es\/noticias\/category\/agenda\/#listItem","name":"Agenda"}},{"@type":"ListItem","@id":"https:\/\/candas365.es\/noticias\/category\/agenda\/#listItem","position":2,"name":"Agenda","item":"https:\/\/candas365.es\/noticias\/category\/agenda\/","nextItem":{"@type":"ListItem","@id":"https:\/\/candas365.es\/noticias\/el-tiempo-23-de-mayo-de-2020\/#listItem","name":"El tiempo, 23 de mayo de 2020"},"previousItem":{"@type":"ListItem","@id":"https:\/\/candas365.es\/noticias#listItem","name":"Home"}},{"@type":"ListItem","@id":"https:\/\/candas365.es\/noticias\/el-tiempo-23-de-mayo-de-2020\/#listItem","position":3,"name":"El tiempo, 23 de mayo de 2020","previousItem":{"@type":"ListItem","@id":"https:\/\/candas365.es\/noticias\/category\/agenda\/#listItem","name":"Agenda"}}]},{"@type":"NewsArticle","@id":"https:\/\/candas365.es\/noticias\/el-tiempo-23-de-mayo-de-2020\/#newsarticle","name":"El tiempo, 23 de mayo de 2020 | Cand\u00e1s 365","headline":"El tiempo, 23 de mayo de 2020","author":{"@id":"https:\/\/candas365.es\/noticias\/author\/admin\/#author"},"publisher":{"@id":"https:\/\/candas365.es\/noticias\/#organization"},"image":{"@type":"ImageObject","url":"https:\/\/candas365.es\/noticias\/wp-content\/uploads\/2020\/05\/sea-2808531_640.jpg","width":640,"height":429},"datePublished":"2020-05-24T12:35:05+02:00","dateModified":"2020-05-24T12:36:49+02:00","inLanguage":"es-ES","mainEntityOfPage":{"@id":"https:\/\/candas365.es\/noticias\/el-tiempo-23-de-mayo-de-2020\/#webpage"},"isPartOf":{"@id":"https:\/\/candas365.es\/noticias\/el-tiempo-23-de-mayo-de-2020\/#webpage"},"articleSection":"Agenda","dateline":"Publicado el mayo 24, 2020."},{"@type":"Organization","@id":"https:\/\/candas365.es\/noticias\/#organization","name":"Cand\u00e1s 365","description":"Cand\u00e1s 365 es un diario digital independiente, fundado en 2012, con base en Asturias. Informamos con rigor sobre actualidad, sociedad, cultura y ocio, con una mirada local y global.","url":"https:\/\/candas365.es\/noticias\/","email":"info@candas365.es","telephone":"+34652131393","foundingDate":"2012-06-10","logo":{"@type":"ImageObject","url":"https:\/\/candas365.es\/noticias\/wp-content\/uploads\/2024\/09\/Candas-365-Redes.jpg","@id":"https:\/\/candas365.es\/noticias\/el-tiempo-23-de-mayo-de-2020\/#organizationLogo","width":1152,"height":864,"caption":"Cand\u00e1s 365 Redes"},"image":{"@id":"https:\/\/candas365.es\/noticias\/el-tiempo-23-de-mayo-de-2020\/#organizationLogo"},"sameAs":["https:\/\/www.facebook.com\/Nachofdezber","https:\/\/x.com\/NabercoDigital","https:\/\/www.instagram.com\/nachofdezber\/","https:\/\/www.youtube.com\/channel\/UCZP-2wLEB9Rv6erhFmqVnvg"],"address":{"@id":"https:\/\/candas365.es\/noticias\/#postaladdress","@type":"PostalAddress","streetAddress":"san antonio 4, san antonio 4","postalCode":"33430","addressLocality":"Cand\u00e1s","addressRegion":"Asturias","addressCountry":"ES"}},{"@type":"Person","@id":"https:\/\/candas365.es\/noticias\/author\/admin\/#author","url":"https:\/\/candas365.es\/noticias\/author\/admin\/","name":"Cand\u00e1s 365","image":{"@type":"ImageObject","@id":"https:\/\/candas365.es\/noticias\/el-tiempo-23-de-mayo-de-2020\/#authorImage","url":"https:\/\/secure.gravatar.com\/avatar\/496a8e03d0c493ede1718b7934145dbdf8d89be1036b0eec9544e1094c9de390?s=96&d=mm&r=g","width":96,"height":96,"caption":"Cand\u00e1s 365"},"sameAs":["https:\/\/www.facebook.com\/carrenoactualidad","https:\/\/twitter.com\/nbasturias","https:\/\/www.instagram.com\/nachofdezber\/","https:\/\/www.youtube.com\/channel\/UCZP-2wLEB9Rv6erhFmqVnvg"]},{"@type":"WebPage","@id":"https:\/\/candas365.es\/noticias\/el-tiempo-23-de-mayo-de-2020\/#webpage","url":"https:\/\/candas365.es\/noticias\/el-tiempo-23-de-mayo-de-2020\/","name":"El tiempo, 23 de mayo de 2020 | Cand\u00e1s 365","description":"Hoy s\u00e1bado en el Cant\u00e1brico, alto Ebro y noroeste de Navarra, se esperan cielos nubosos o cubiertos y precipitaciones, en general d\u00e9biles, que tienden a cesar al final. AEMET informa de nubosidad en aumento a lo largo del d\u00eda en los Pirineos, Catalu\u00f1a, este del sistema Ib\u00e9rico y en Le\u00f3n, con posibilidad de dejar por","inLanguage":"es-ES","isPartOf":{"@id":"https:\/\/candas365.es\/noticias\/#website"},"breadcrumb":{"@id":"https:\/\/candas365.es\/noticias\/el-tiempo-23-de-mayo-de-2020\/#breadcrumblist"},"author":{"@id":"https:\/\/candas365.es\/noticias\/author\/admin\/#author"},"creator":{"@id":"https:\/\/candas365.es\/noticias\/author\/admin\/#author"},"image":{"@type":"ImageObject","url":"https:\/\/candas365.es\/noticias\/wp-content\/uploads\/2020\/05\/sea-2808531_640.jpg","@id":"https:\/\/candas365.es\/noticias\/el-tiempo-23-de-mayo-de-2020\/#mainImage","width":640,"height":429},"primaryImageOfPage":{"@id":"https:\/\/candas365.es\/noticias\/el-tiempo-23-de-mayo-de-2020\/#mainImage"},"datePublished":"2020-05-24T12:35:05+02:00","dateModified":"2020-05-24T12:36:49+02:00"},{"@type":"WebSite","@id":"https:\/\/candas365.es\/noticias\/#website","url":"https:\/\/candas365.es\/noticias\/","name":"Cand\u00e1s 365","alternateName":"Cand\u00e1s 365 Noticias","description":"Actualidad desde Carre\u00f1o para el mundo","inLanguage":"es-ES","publisher":{"@id":"https:\/\/candas365.es\/noticias\/#organization"}}]},"og:locale":"es_ES","og:site_name":"Cand\u00e1s 365","og:type":"article","og:title":"El tiempo, 23 de mayo de 2020 | Cand\u00e1s 365","og:description":"Hoy s\u00e1bado en el Cant\u00e1brico, alto Ebro y noroeste de Navarra, se esperan cielos nubosos o cubiertos y precipitaciones, en general d\u00e9biles, que tienden a cesar al final. AEMET informa de nubosidad en aumento a lo largo del d\u00eda en los Pirineos, Catalu\u00f1a, este del sistema Ib\u00e9rico y en Le\u00f3n, con posibilidad de dejar por","og:url":"https:\/\/candas365.es\/noticias\/el-tiempo-23-de-mayo-de-2020\/","og:image":"https:\/\/candas365.es\/noticias\/wp-content\/uploads\/2020\/05\/sea-2808531_640.jpg","og:image:secure_url":"https:\/\/candas365.es\/noticias\/wp-content\/uploads\/2020\/05\/sea-2808531_640.jpg","og:image:width":640,"og:image:height":429,"article:published_time":"2020-05-24T12:35:05+00:00","article:modified_time":"2020-05-24T12:36:49+00:00","article:publisher":"https:\/\/www.facebook.com\/Nachofdezber","article:author":"https:\/\/www.facebook.com\/carrenoactualidad","twitter:card":"summary_large_image","twitter:site":"@NabercoDigital","twitter:title":"El tiempo, 23 de mayo de 2020 | Cand\u00e1s 365","twitter:description":"Hoy s\u00e1bado en el Cant\u00e1brico, alto Ebro y noroeste de Navarra, se esperan cielos nubosos o cubiertos y precipitaciones, en general d\u00e9biles, que tienden a cesar al final. AEMET informa de nubosidad en aumento a lo largo del d\u00eda en los Pirineos, Catalu\u00f1a, este del sistema Ib\u00e9rico y en Le\u00f3n, con posibilidad de dejar por","twitter:creator":"@nbasturias","twitter:image":"https:\/\/candas365.es\/noticias\/wp-content\/uploads\/2020\/05\/sea-2808531_640.jpg","twitter:label1":"Escrito por","twitter:data1":"Cand\u00e1s 365","twitter:label2":"Tiempo de lectura estimado","twitter:data2":"1 minuto"},"aioseo_meta_data":{"post_id":"142583","title":null,"description":null,"keywords":null,"keyphrases":null,"primary_term":null,"canonical_url":null,"og_title":null,"og_description":null,"og_object_type":"default","og_image_type":"default","og_image_url":null,"og_image_width":null,"og_image_height":null,"og_image_custom_url":null,"og_image_custom_fields":null,"og_video":null,"og_custom_url":null,"og_article_section":null,"og_article_tags":null,"twitter_use_og":false,"twitter_card":"default","twitter_image_type":"default","twitter_image_url":null,"twitter_image_custom_url":null,"twitter_image_custom_fields":null,"twitter_title":null,"twitter_description":null,"schema":{"blockGraphs":[],"customGraphs":[],"default":{"data":{"Article":[],"Course":[],"Dataset":[],"FAQPage":[],"Movie":[],"Person":[],"Product":[],"ProductReview":[],"Car":[],"Recipe":[],"Service":[],"SoftwareApplication":[],"WebPage":[]},"graphName":"","isEnabled":true},"graphs":[],"defaultGraph":"","defaultPostTypeGraph":""},"schema_type":null,"schema_type_options":null,"pillar_content":false,"robots_default":true,"robots_noindex":false,"robots_noarchive":false,"robots_nosnippet":false,"robots_nofollow":false,"robots_noimageindex":false,"robots_noodp":false,"robots_notranslate":false,"robots_max_snippet":null,"robots_max_videopreview":null,"robots_max_imagepreview":"large","priority":null,"frequency":null,"location":null,"local_seo":null,"seo_analyzer_scan_date":"2025-08-31 05:30:18","breadcrumb_settings":null,"limit_modified_date":false,"reviewed_by":null,"open_ai":null,"ai":null,"created":"2020-12-21 10:42:11","updated":"2025-08-31 05:30:18"},"aioseo_breadcrumb":"<div class=\"aioseo-breadcrumbs\"><span class=\"aioseo-breadcrumb\">\n\t<a href=\"https:\/\/candas365.es\/noticias\" title=\"Home\">Home<\/a>\n<\/span><span class=\"aioseo-breadcrumb-separator\">&ndash;<\/span><span class=\"aioseo-breadcrumb\">\n\t<a href=\"https:\/\/candas365.es\/noticias\/category\/agenda\/\" title=\"Agenda\">Agenda<\/a>\n<\/span><span class=\"aioseo-breadcrumb-separator\">&ndash;<\/span><span class=\"aioseo-breadcrumb\">\n\tEl tiempo, 23 de mayo de 2020\n<\/span><\/div>","aioseo_breadcrumb_json":[{"label":"Home","link":"https:\/\/candas365.es\/noticias"},{"label":"Agenda","link":"https:\/\/candas365.es\/noticias\/category\/agenda\/"},{"label":"El tiempo, 23 de mayo de 2020","link":"https:\/\/candas365.es\/noticias\/el-tiempo-23-de-mayo-de-2020\/"}],"_links":{"self":[{"href":"https:\/\/candas365.es\/noticias\/wp-json\/wp\/v2\/posts\/142583","targetHints":{"allow":["GET"]}}],"collection":[{"href":"https:\/\/candas365.es\/noticias\/wp-json\/wp\/v2\/posts"}],"about":[{"href":"https:\/\/candas365.es\/noticias\/wp-json\/wp\/v2\/types\/post"}],"author":[{"embeddable":true,"href":"https:\/\/candas365.es\/noticias\/wp-json\/wp\/v2\/users\/1"}],"replies":[{"embeddable":true,"href":"https:\/\/candas365.es\/noticias\/wp-json\/wp\/v2\/comments?post=142583"}],"version-history":[{"count":0,"href":"https:\/\/candas365.es\/noticias\/wp-json\/wp\/v2\/posts\/142583\/revisions"}],"wp:featuredmedia":[{"embeddable":true,"href":"https:\/\/candas365.es\/noticias\/wp-json\/wp\/v2\/media\/142584"}],"wp:attachment":[{"href":"https:\/\/candas365.es\/noticias\/wp-json\/wp\/v2\/media?parent=142583"}],"wp:term":[{"taxonomy":"category","embeddable":true,"href":"https:\/\/candas365.es\/noticias\/wp-json\/wp\/v2\/categories?post=142583"},{"taxonomy":"post_tag","embeddable":true,"href":"https:\/\/candas365.es\/noticias\/wp-json\/wp\/v2\/tags?post=142583"}],"curies":[{"name":"wp","href":"https:\/\/api.w.org\/{rel}","templated":true}]}}