{"id":142382,"date":"2020-05-19T14:49:28","date_gmt":"2020-05-19T14:49:28","guid":{"rendered":"http:\/\/candas365.es\/noticias\/?p=142382"},"modified":"2020-05-19T14:49:28","modified_gmt":"2020-05-19T14:49:28","slug":"carreno-celebro-el-dia-de-los-museos","status":"publish","type":"post","link":"https:\/\/candas365.es\/noticias\/carreno-celebro-el-dia-de-los-museos\/","title":{"rendered":"Carre\u00f1o celebr\u00f3 el \u201cD\u00eda de los Museos\u201d"},"content":{"rendered":"<p><img fetchpriority=\"high\" decoding=\"async\" class=\"alignleft size-medium wp-image-142383\" src=\"https:\/\/candas365.es\/noticias\/wp-content\/uploads\/2020\/05\/pencil-1486278_640-360x203.jpg\" alt=\"\" width=\"360\" height=\"203\" srcset=\"https:\/\/candas365.es\/noticias\/wp-content\/uploads\/2020\/05\/pencil-1486278_640-360x203.jpg 360w, https:\/\/candas365.es\/noticias\/wp-content\/uploads\/2020\/05\/pencil-1486278_640.jpg 640w\" sizes=\"(max-width: 360px) 100vw, 360px\" \/>El Centro de escultura Museo Ant\u00f3n de Cand\u00e1s, impuls\u00f3, para celebrar el d\u00eda internacional de los museos, <strong>un concurso pict\u00f3rico bajo el lema \u00abLa ciudad sostenible\u00bb<\/strong>.<\/p>\n<p>Se recibieron dibujos creados por ni\u00f1os y ni\u00f1as de edades muy variadas. desde los 6 hasta los 12 a\u00f1os de edad, <strong>residentes en el concejo de Carre\u00f1o<\/strong>.<\/p>\n<p>\u201cEn sus dibujos demostraron una gran creatividad para trazar las vista que cada participante ve\u00eda desde la ventana de su casa\u201d \u2013 se\u00f1al\u00f3 Dolores Villameriel, Directora del Museo.<\/p>\n<p>Con esta actividad se invitaba a ver la ciudad o localidad de residencia desde un punto de vista diferente, procurando dejar de verla como un espacio donde hacemos actividades y observar as\u00ed nuestro entorno como lugar de b\u00fasqueda, de experimentaci\u00f3n y de belleza.<\/p>\n<p>&nbsp;<\/p>\n","protected":false},"excerpt":{"rendered":"<p>El Centro de escultura Museo Ant\u00f3n de Cand\u00e1s, impuls\u00f3, para celebrar el d\u00eda internacional de los museos, un concurso pict\u00f3rico bajo el lema \u00abLa ciudad sostenible\u00bb. Se recibieron dibujos creados por ni\u00f1os y ni\u00f1as de edades muy variadas. desde los 6 hasta los 12 a\u00f1os de edad, residentes en el concejo de Carre\u00f1o. \u201cEn sus<\/p>\n","protected":false},"author":1,"featured_media":142383,"comment_status":"closed","ping_status":"closed","sticky":false,"template":"","format":"standard","meta":{"footnotes":""},"categories":[2],"tags":[],"class_list":{"0":"post-142382","1":"post","2":"type-post","3":"status-publish","4":"format-standard","5":"has-post-thumbnail","7":"category-noticias-carreno"},"aioseo_notices":[],"aioseo_head":"\n\t\t<!-- All in One SEO Pro 4.9.6.2 - aioseo.com -->\n\t<meta name=\"description\" content=\"El Centro de escultura Museo Ant\u00f3n de Cand\u00e1s, impuls\u00f3, para celebrar el d\u00eda internacional de los museos, un concurso pict\u00f3rico bajo el lema &quot;La ciudad sostenible&quot;. Se recibieron dibujos creados por ni\u00f1os y ni\u00f1as de edades muy variadas. desde los 6 hasta los 12 a\u00f1os de edad, residentes en el concejo de Carre\u00f1o. \u201cEn sus\" \/>\n\t<meta name=\"robots\" content=\"max-image-preview:large\" \/>\n\t<meta name=\"author\" content=\"Cand\u00e1s 365\"\/>\n\t<meta name=\"google-site-verification\" content=\"UA-32230408-1\" \/>\n\t<meta name=\"msvalidate.01\" content=\"354F3CDFB2DA171B47FBE9ABF1F88D5\" \/>\n\t<meta name=\"keywords\" content=\"noticias carre\u00f1o\" \/>\n\t<link rel=\"canonical\" href=\"https:\/\/candas365.es\/noticias\/carreno-celebro-el-dia-de-los-museos\/\" \/>\n\t<meta name=\"generator\" content=\"All in One SEO Pro (AIOSEO) 4.9.6.2\" \/>\n\t\t<meta property=\"og:locale\" content=\"es_ES\" \/>\n\t\t<meta property=\"og:site_name\" content=\"Cand\u00e1s 365\" \/>\n\t\t<meta property=\"og:type\" content=\"article\" \/>\n\t\t<meta property=\"og:title\" content=\"Carre\u00f1o celebr\u00f3 el \u201cD\u00eda de los Museos\u201d | Cand\u00e1s 365\" \/>\n\t\t<meta property=\"og:description\" content=\"El Centro de escultura Museo Ant\u00f3n de Cand\u00e1s, impuls\u00f3, para celebrar el d\u00eda internacional de los museos, un concurso pict\u00f3rico bajo el lema &quot;La ciudad sostenible&quot;. Se recibieron dibujos creados por ni\u00f1os y ni\u00f1as de edades muy variadas. desde los 6 hasta los 12 a\u00f1os de edad, residentes en el concejo de Carre\u00f1o. \u201cEn sus\" \/>\n\t\t<meta property=\"og:url\" content=\"https:\/\/candas365.es\/noticias\/carreno-celebro-el-dia-de-los-museos\/\" \/>\n\t\t<meta property=\"og:image\" content=\"https:\/\/candas365.es\/noticias\/wp-content\/uploads\/2020\/05\/pencil-1486278_640.jpg\" \/>\n\t\t<meta property=\"og:image:secure_url\" content=\"https:\/\/candas365.es\/noticias\/wp-content\/uploads\/2020\/05\/pencil-1486278_640.jpg\" \/>\n\t\t<meta property=\"og:image:width\" content=\"640\" \/>\n\t\t<meta property=\"og:image:height\" content=\"360\" \/>\n\t\t<meta property=\"article:published_time\" content=\"2020-05-19T14:49:28+00:00\" \/>\n\t\t<meta property=\"article:modified_time\" content=\"2020-05-19T14:49:28+00:00\" \/>\n\t\t<meta property=\"article:publisher\" content=\"https:\/\/www.facebook.com\/Nachofdezber\" \/>\n\t\t<meta property=\"article:author\" content=\"https:\/\/www.facebook.com\/carrenoactualidad\" \/>\n\t\t<meta name=\"twitter:card\" content=\"summary_large_image\" \/>\n\t\t<meta name=\"twitter:site\" content=\"@NabercoDigital\" \/>\n\t\t<meta name=\"twitter:title\" content=\"Carre\u00f1o celebr\u00f3 el \u201cD\u00eda de los Museos\u201d | Cand\u00e1s 365\" \/>\n\t\t<meta name=\"twitter:description\" content=\"El Centro de escultura Museo Ant\u00f3n de Cand\u00e1s, impuls\u00f3, para celebrar el d\u00eda internacional de los museos, un concurso pict\u00f3rico bajo el lema &quot;La ciudad sostenible&quot;. Se recibieron dibujos creados por ni\u00f1os y ni\u00f1as de edades muy variadas. desde los 6 hasta los 12 a\u00f1os de edad, residentes en el concejo de Carre\u00f1o. \u201cEn sus\" \/>\n\t\t<meta name=\"twitter:creator\" content=\"@nbasturias\" \/>\n\t\t<meta name=\"twitter:image\" content=\"https:\/\/candas365.es\/noticias\/wp-content\/uploads\/2020\/05\/pencil-1486278_640.jpg\" \/>\n\t\t<meta name=\"twitter:label1\" content=\"Escrito por\" \/>\n\t\t<meta name=\"twitter:data1\" content=\"Cand\u00e1s 365\" \/>\n\t\t<meta name=\"twitter:label2\" content=\"Tiempo de lectura estimado\" \/>\n\t\t<meta name=\"twitter:data2\" content=\"1 minuto\" \/>\n\t\t<script type=\"application\/ld+json\" class=\"aioseo-schema\">\n\t\t\t{\"@context\":\"https:\\\/\\\/schema.org\",\"@graph\":[{\"@type\":\"BreadcrumbList\",\"@id\":\"https:\\\/\\\/candas365.es\\\/noticias\\\/carreno-celebro-el-dia-de-los-museos\\\/#breadcrumblist\",\"itemListElement\":[{\"@type\":\"ListItem\",\"@id\":\"https:\\\/\\\/candas365.es\\\/noticias#listItem\",\"position\":1,\"name\":\"Home\",\"item\":\"https:\\\/\\\/candas365.es\\\/noticias\",\"nextItem\":{\"@type\":\"ListItem\",\"@id\":\"https:\\\/\\\/candas365.es\\\/noticias\\\/category\\\/noticias-carreno\\\/#listItem\",\"name\":\"Noticias Carre\\u00f1o\"}},{\"@type\":\"ListItem\",\"@id\":\"https:\\\/\\\/candas365.es\\\/noticias\\\/category\\\/noticias-carreno\\\/#listItem\",\"position\":2,\"name\":\"Noticias Carre\\u00f1o\",\"item\":\"https:\\\/\\\/candas365.es\\\/noticias\\\/category\\\/noticias-carreno\\\/\",\"nextItem\":{\"@type\":\"ListItem\",\"@id\":\"https:\\\/\\\/candas365.es\\\/noticias\\\/carreno-celebro-el-dia-de-los-museos\\\/#listItem\",\"name\":\"Carre\\u00f1o celebr\\u00f3 el \\u201cD\\u00eda de los Museos\\u201d\"},\"previousItem\":{\"@type\":\"ListItem\",\"@id\":\"https:\\\/\\\/candas365.es\\\/noticias#listItem\",\"name\":\"Home\"}},{\"@type\":\"ListItem\",\"@id\":\"https:\\\/\\\/candas365.es\\\/noticias\\\/carreno-celebro-el-dia-de-los-museos\\\/#listItem\",\"position\":3,\"name\":\"Carre\\u00f1o celebr\\u00f3 el \\u201cD\\u00eda de los Museos\\u201d\",\"previousItem\":{\"@type\":\"ListItem\",\"@id\":\"https:\\\/\\\/candas365.es\\\/noticias\\\/category\\\/noticias-carreno\\\/#listItem\",\"name\":\"Noticias Carre\\u00f1o\"}}]},{\"@type\":\"NewsArticle\",\"@id\":\"https:\\\/\\\/candas365.es\\\/noticias\\\/carreno-celebro-el-dia-de-los-museos\\\/#newsarticle\",\"name\":\"Carre\\u00f1o celebr\\u00f3 el \\u201cD\\u00eda de los Museos\\u201d | Cand\\u00e1s 365\",\"headline\":\"Carre\\u00f1o celebr\\u00f3 el \\u201cD\\u00eda de los Museos\\u201d\",\"author\":{\"@id\":\"https:\\\/\\\/candas365.es\\\/noticias\\\/author\\\/admin\\\/#author\"},\"publisher\":{\"@id\":\"https:\\\/\\\/candas365.es\\\/noticias\\\/#organization\"},\"image\":{\"@type\":\"ImageObject\",\"url\":\"https:\\\/\\\/candas365.es\\\/noticias\\\/wp-content\\\/uploads\\\/2020\\\/05\\\/pencil-1486278_640.jpg\",\"width\":640,\"height\":360},\"datePublished\":\"2020-05-19T14:49:28+02:00\",\"dateModified\":\"2020-05-19T14:49:28+02:00\",\"inLanguage\":\"es-ES\",\"mainEntityOfPage\":{\"@id\":\"https:\\\/\\\/candas365.es\\\/noticias\\\/carreno-celebro-el-dia-de-los-museos\\\/#webpage\"},\"isPartOf\":{\"@id\":\"https:\\\/\\\/candas365.es\\\/noticias\\\/carreno-celebro-el-dia-de-los-museos\\\/#webpage\"},\"articleSection\":\"Noticias Carre\\u00f1o\",\"dateline\":\"Publicado el mayo 19, 2020.\"},{\"@type\":\"Organization\",\"@id\":\"https:\\\/\\\/candas365.es\\\/noticias\\\/#organization\",\"name\":\"Cand\\u00e1s 365\",\"description\":\"Cand\\u00e1s 365 es un diario digital independiente, fundado en 2012, con base en Asturias. Informamos con rigor sobre actualidad, sociedad, cultura y ocio, con una mirada local y global.\",\"url\":\"https:\\\/\\\/candas365.es\\\/noticias\\\/\",\"email\":\"info@candas365.es\",\"telephone\":\"+34652131393\",\"foundingDate\":\"2012-06-10\",\"logo\":{\"@type\":\"ImageObject\",\"url\":\"https:\\\/\\\/candas365.es\\\/noticias\\\/wp-content\\\/uploads\\\/2024\\\/09\\\/Candas-365-Redes.jpg\",\"@id\":\"https:\\\/\\\/candas365.es\\\/noticias\\\/carreno-celebro-el-dia-de-los-museos\\\/#organizationLogo\",\"width\":1152,\"height\":864,\"caption\":\"Cand\\u00e1s 365 Redes\"},\"image\":{\"@id\":\"https:\\\/\\\/candas365.es\\\/noticias\\\/carreno-celebro-el-dia-de-los-museos\\\/#organizationLogo\"},\"sameAs\":[\"https:\\\/\\\/www.facebook.com\\\/Nachofdezber\",\"https:\\\/\\\/x.com\\\/NabercoDigital\",\"https:\\\/\\\/www.instagram.com\\\/nachofdezber\\\/\",\"https:\\\/\\\/www.youtube.com\\\/channel\\\/UCZP-2wLEB9Rv6erhFmqVnvg\"],\"address\":{\"@id\":\"https:\\\/\\\/candas365.es\\\/noticias\\\/#postaladdress\",\"@type\":\"PostalAddress\",\"streetAddress\":\"san antonio 4, san antonio 4\",\"postalCode\":\"33430\",\"addressLocality\":\"Cand\\u00e1s\",\"addressRegion\":\"Asturias\",\"addressCountry\":\"ES\"}},{\"@type\":\"Person\",\"@id\":\"https:\\\/\\\/candas365.es\\\/noticias\\\/author\\\/admin\\\/#author\",\"url\":\"https:\\\/\\\/candas365.es\\\/noticias\\\/author\\\/admin\\\/\",\"name\":\"Cand\\u00e1s 365\",\"image\":{\"@type\":\"ImageObject\",\"@id\":\"https:\\\/\\\/candas365.es\\\/noticias\\\/carreno-celebro-el-dia-de-los-museos\\\/#authorImage\",\"url\":\"https:\\\/\\\/secure.gravatar.com\\\/avatar\\\/496a8e03d0c493ede1718b7934145dbdf8d89be1036b0eec9544e1094c9de390?s=96&d=mm&r=g\",\"width\":96,\"height\":96,\"caption\":\"Cand\\u00e1s 365\"},\"sameAs\":[\"https:\\\/\\\/www.facebook.com\\\/carrenoactualidad\",\"https:\\\/\\\/twitter.com\\\/nbasturias\",\"https:\\\/\\\/www.instagram.com\\\/nachofdezber\\\/\",\"https:\\\/\\\/www.youtube.com\\\/channel\\\/UCZP-2wLEB9Rv6erhFmqVnvg\"]},{\"@type\":\"WebPage\",\"@id\":\"https:\\\/\\\/candas365.es\\\/noticias\\\/carreno-celebro-el-dia-de-los-museos\\\/#webpage\",\"url\":\"https:\\\/\\\/candas365.es\\\/noticias\\\/carreno-celebro-el-dia-de-los-museos\\\/\",\"name\":\"Carre\\u00f1o celebr\\u00f3 el \\u201cD\\u00eda de los Museos\\u201d | Cand\\u00e1s 365\",\"description\":\"El Centro de escultura Museo Ant\\u00f3n de Cand\\u00e1s, impuls\\u00f3, para celebrar el d\\u00eda internacional de los museos, un concurso pict\\u00f3rico bajo el lema \\\"La ciudad sostenible\\\". Se recibieron dibujos creados por ni\\u00f1os y ni\\u00f1as de edades muy variadas. desde los 6 hasta los 12 a\\u00f1os de edad, residentes en el concejo de Carre\\u00f1o. \\u201cEn sus\",\"inLanguage\":\"es-ES\",\"isPartOf\":{\"@id\":\"https:\\\/\\\/candas365.es\\\/noticias\\\/#website\"},\"breadcrumb\":{\"@id\":\"https:\\\/\\\/candas365.es\\\/noticias\\\/carreno-celebro-el-dia-de-los-museos\\\/#breadcrumblist\"},\"author\":{\"@id\":\"https:\\\/\\\/candas365.es\\\/noticias\\\/author\\\/admin\\\/#author\"},\"creator\":{\"@id\":\"https:\\\/\\\/candas365.es\\\/noticias\\\/author\\\/admin\\\/#author\"},\"image\":{\"@type\":\"ImageObject\",\"url\":\"https:\\\/\\\/candas365.es\\\/noticias\\\/wp-content\\\/uploads\\\/2020\\\/05\\\/pencil-1486278_640.jpg\",\"@id\":\"https:\\\/\\\/candas365.es\\\/noticias\\\/carreno-celebro-el-dia-de-los-museos\\\/#mainImage\",\"width\":640,\"height\":360},\"primaryImageOfPage\":{\"@id\":\"https:\\\/\\\/candas365.es\\\/noticias\\\/carreno-celebro-el-dia-de-los-museos\\\/#mainImage\"},\"datePublished\":\"2020-05-19T14:49:28+02:00\",\"dateModified\":\"2020-05-19T14:49:28+02:00\"},{\"@type\":\"WebSite\",\"@id\":\"https:\\\/\\\/candas365.es\\\/noticias\\\/#website\",\"url\":\"https:\\\/\\\/candas365.es\\\/noticias\\\/\",\"name\":\"Cand\\u00e1s 365\",\"alternateName\":\"Cand\\u00e1s 365 Noticias\",\"description\":\"Actualidad desde Carre\\u00f1o para el mundo\",\"inLanguage\":\"es-ES\",\"publisher\":{\"@id\":\"https:\\\/\\\/candas365.es\\\/noticias\\\/#organization\"}}]}\n\t\t<\/script>\n\t\t<!-- All in One SEO Pro -->\r\n\t\t<title>Carre\u00f1o celebr\u00f3 el \u201cD\u00eda de los Museos\u201d | Cand\u00e1s 365<\/title>\n\n","aioseo_head_json":{"title":"Carre\u00f1o celebr\u00f3 el \u201cD\u00eda de los Museos\u201d | Cand\u00e1s 365","description":"El Centro de escultura Museo Ant\u00f3n de Cand\u00e1s, impuls\u00f3, para celebrar el d\u00eda internacional de los museos, un concurso pict\u00f3rico bajo el lema \"La ciudad sostenible\". Se recibieron dibujos creados por ni\u00f1os y ni\u00f1as de edades muy variadas. desde los 6 hasta los 12 a\u00f1os de edad, residentes en el concejo de Carre\u00f1o. \u201cEn sus","canonical_url":"https:\/\/candas365.es\/noticias\/carreno-celebro-el-dia-de-los-museos\/","robots":"max-image-preview:large","keywords":"noticias carre\u00f1o","webmasterTools":{"google-site-verification":"UA-32230408-1","msvalidate.01":"354F3CDFB2DA171B47FBE9ABF1F88D5","miscellaneous":""},"schema":{"@context":"https:\/\/schema.org","@graph":[{"@type":"BreadcrumbList","@id":"https:\/\/candas365.es\/noticias\/carreno-celebro-el-dia-de-los-museos\/#breadcrumblist","itemListElement":[{"@type":"ListItem","@id":"https:\/\/candas365.es\/noticias#listItem","position":1,"name":"Home","item":"https:\/\/candas365.es\/noticias","nextItem":{"@type":"ListItem","@id":"https:\/\/candas365.es\/noticias\/category\/noticias-carreno\/#listItem","name":"Noticias Carre\u00f1o"}},{"@type":"ListItem","@id":"https:\/\/candas365.es\/noticias\/category\/noticias-carreno\/#listItem","position":2,"name":"Noticias Carre\u00f1o","item":"https:\/\/candas365.es\/noticias\/category\/noticias-carreno\/","nextItem":{"@type":"ListItem","@id":"https:\/\/candas365.es\/noticias\/carreno-celebro-el-dia-de-los-museos\/#listItem","name":"Carre\u00f1o celebr\u00f3 el \u201cD\u00eda de los Museos\u201d"},"previousItem":{"@type":"ListItem","@id":"https:\/\/candas365.es\/noticias#listItem","name":"Home"}},{"@type":"ListItem","@id":"https:\/\/candas365.es\/noticias\/carreno-celebro-el-dia-de-los-museos\/#listItem","position":3,"name":"Carre\u00f1o celebr\u00f3 el \u201cD\u00eda de los Museos\u201d","previousItem":{"@type":"ListItem","@id":"https:\/\/candas365.es\/noticias\/category\/noticias-carreno\/#listItem","name":"Noticias Carre\u00f1o"}}]},{"@type":"NewsArticle","@id":"https:\/\/candas365.es\/noticias\/carreno-celebro-el-dia-de-los-museos\/#newsarticle","name":"Carre\u00f1o celebr\u00f3 el \u201cD\u00eda de los Museos\u201d | Cand\u00e1s 365","headline":"Carre\u00f1o celebr\u00f3 el \u201cD\u00eda de los Museos\u201d","author":{"@id":"https:\/\/candas365.es\/noticias\/author\/admin\/#author"},"publisher":{"@id":"https:\/\/candas365.es\/noticias\/#organization"},"image":{"@type":"ImageObject","url":"https:\/\/candas365.es\/noticias\/wp-content\/uploads\/2020\/05\/pencil-1486278_640.jpg","width":640,"height":360},"datePublished":"2020-05-19T14:49:28+02:00","dateModified":"2020-05-19T14:49:28+02:00","inLanguage":"es-ES","mainEntityOfPage":{"@id":"https:\/\/candas365.es\/noticias\/carreno-celebro-el-dia-de-los-museos\/#webpage"},"isPartOf":{"@id":"https:\/\/candas365.es\/noticias\/carreno-celebro-el-dia-de-los-museos\/#webpage"},"articleSection":"Noticias Carre\u00f1o","dateline":"Publicado el mayo 19, 2020."},{"@type":"Organization","@id":"https:\/\/candas365.es\/noticias\/#organization","name":"Cand\u00e1s 365","description":"Cand\u00e1s 365 es un diario digital independiente, fundado en 2012, con base en Asturias. Informamos con rigor sobre actualidad, sociedad, cultura y ocio, con una mirada local y global.","url":"https:\/\/candas365.es\/noticias\/","email":"info@candas365.es","telephone":"+34652131393","foundingDate":"2012-06-10","logo":{"@type":"ImageObject","url":"https:\/\/candas365.es\/noticias\/wp-content\/uploads\/2024\/09\/Candas-365-Redes.jpg","@id":"https:\/\/candas365.es\/noticias\/carreno-celebro-el-dia-de-los-museos\/#organizationLogo","width":1152,"height":864,"caption":"Cand\u00e1s 365 Redes"},"image":{"@id":"https:\/\/candas365.es\/noticias\/carreno-celebro-el-dia-de-los-museos\/#organizationLogo"},"sameAs":["https:\/\/www.facebook.com\/Nachofdezber","https:\/\/x.com\/NabercoDigital","https:\/\/www.instagram.com\/nachofdezber\/","https:\/\/www.youtube.com\/channel\/UCZP-2wLEB9Rv6erhFmqVnvg"],"address":{"@id":"https:\/\/candas365.es\/noticias\/#postaladdress","@type":"PostalAddress","streetAddress":"san antonio 4, san antonio 4","postalCode":"33430","addressLocality":"Cand\u00e1s","addressRegion":"Asturias","addressCountry":"ES"}},{"@type":"Person","@id":"https:\/\/candas365.es\/noticias\/author\/admin\/#author","url":"https:\/\/candas365.es\/noticias\/author\/admin\/","name":"Cand\u00e1s 365","image":{"@type":"ImageObject","@id":"https:\/\/candas365.es\/noticias\/carreno-celebro-el-dia-de-los-museos\/#authorImage","url":"https:\/\/secure.gravatar.com\/avatar\/496a8e03d0c493ede1718b7934145dbdf8d89be1036b0eec9544e1094c9de390?s=96&d=mm&r=g","width":96,"height":96,"caption":"Cand\u00e1s 365"},"sameAs":["https:\/\/www.facebook.com\/carrenoactualidad","https:\/\/twitter.com\/nbasturias","https:\/\/www.instagram.com\/nachofdezber\/","https:\/\/www.youtube.com\/channel\/UCZP-2wLEB9Rv6erhFmqVnvg"]},{"@type":"WebPage","@id":"https:\/\/candas365.es\/noticias\/carreno-celebro-el-dia-de-los-museos\/#webpage","url":"https:\/\/candas365.es\/noticias\/carreno-celebro-el-dia-de-los-museos\/","name":"Carre\u00f1o celebr\u00f3 el \u201cD\u00eda de los Museos\u201d | Cand\u00e1s 365","description":"El Centro de escultura Museo Ant\u00f3n de Cand\u00e1s, impuls\u00f3, para celebrar el d\u00eda internacional de los museos, un concurso pict\u00f3rico bajo el lema \"La ciudad sostenible\". Se recibieron dibujos creados por ni\u00f1os y ni\u00f1as de edades muy variadas. desde los 6 hasta los 12 a\u00f1os de edad, residentes en el concejo de Carre\u00f1o. \u201cEn sus","inLanguage":"es-ES","isPartOf":{"@id":"https:\/\/candas365.es\/noticias\/#website"},"breadcrumb":{"@id":"https:\/\/candas365.es\/noticias\/carreno-celebro-el-dia-de-los-museos\/#breadcrumblist"},"author":{"@id":"https:\/\/candas365.es\/noticias\/author\/admin\/#author"},"creator":{"@id":"https:\/\/candas365.es\/noticias\/author\/admin\/#author"},"image":{"@type":"ImageObject","url":"https:\/\/candas365.es\/noticias\/wp-content\/uploads\/2020\/05\/pencil-1486278_640.jpg","@id":"https:\/\/candas365.es\/noticias\/carreno-celebro-el-dia-de-los-museos\/#mainImage","width":640,"height":360},"primaryImageOfPage":{"@id":"https:\/\/candas365.es\/noticias\/carreno-celebro-el-dia-de-los-museos\/#mainImage"},"datePublished":"2020-05-19T14:49:28+02:00","dateModified":"2020-05-19T14:49:28+02:00"},{"@type":"WebSite","@id":"https:\/\/candas365.es\/noticias\/#website","url":"https:\/\/candas365.es\/noticias\/","name":"Cand\u00e1s 365","alternateName":"Cand\u00e1s 365 Noticias","description":"Actualidad desde Carre\u00f1o para el mundo","inLanguage":"es-ES","publisher":{"@id":"https:\/\/candas365.es\/noticias\/#organization"}}]},"og:locale":"es_ES","og:site_name":"Cand\u00e1s 365","og:type":"article","og:title":"Carre\u00f1o celebr\u00f3 el \u201cD\u00eda de los Museos\u201d | Cand\u00e1s 365","og:description":"El Centro de escultura Museo Ant\u00f3n de Cand\u00e1s, impuls\u00f3, para celebrar el d\u00eda internacional de los museos, un concurso pict\u00f3rico bajo el lema &quot;La ciudad sostenible&quot;. Se recibieron dibujos creados por ni\u00f1os y ni\u00f1as de edades muy variadas. desde los 6 hasta los 12 a\u00f1os de edad, residentes en el concejo de Carre\u00f1o. \u201cEn sus","og:url":"https:\/\/candas365.es\/noticias\/carreno-celebro-el-dia-de-los-museos\/","og:image":"https:\/\/candas365.es\/noticias\/wp-content\/uploads\/2020\/05\/pencil-1486278_640.jpg","og:image:secure_url":"https:\/\/candas365.es\/noticias\/wp-content\/uploads\/2020\/05\/pencil-1486278_640.jpg","og:image:width":640,"og:image:height":360,"article:published_time":"2020-05-19T14:49:28+00:00","article:modified_time":"2020-05-19T14:49:28+00:00","article:publisher":"https:\/\/www.facebook.com\/Nachofdezber","article:author":"https:\/\/www.facebook.com\/carrenoactualidad","twitter:card":"summary_large_image","twitter:site":"@NabercoDigital","twitter:title":"Carre\u00f1o celebr\u00f3 el \u201cD\u00eda de los Museos\u201d | Cand\u00e1s 365","twitter:description":"El Centro de escultura Museo Ant\u00f3n de Cand\u00e1s, impuls\u00f3, para celebrar el d\u00eda internacional de los museos, un concurso pict\u00f3rico bajo el lema &quot;La ciudad sostenible&quot;. Se recibieron dibujos creados por ni\u00f1os y ni\u00f1as de edades muy variadas. desde los 6 hasta los 12 a\u00f1os de edad, residentes en el concejo de Carre\u00f1o. \u201cEn sus","twitter:creator":"@nbasturias","twitter:image":"https:\/\/candas365.es\/noticias\/wp-content\/uploads\/2020\/05\/pencil-1486278_640.jpg","twitter:label1":"Escrito por","twitter:data1":"Cand\u00e1s 365","twitter:label2":"Tiempo de lectura estimado","twitter:data2":"1 minuto"},"aioseo_meta_data":{"post_id":"142382","title":null,"description":null,"keywords":null,"keyphrases":null,"primary_term":null,"canonical_url":null,"og_title":null,"og_description":null,"og_object_type":"default","og_image_type":"default","og_image_url":null,"og_image_width":null,"og_image_height":null,"og_image_custom_url":null,"og_image_custom_fields":null,"og_video":null,"og_custom_url":null,"og_article_section":null,"og_article_tags":null,"twitter_use_og":false,"twitter_card":"default","twitter_image_type":"default","twitter_image_url":null,"twitter_image_custom_url":null,"twitter_image_custom_fields":null,"twitter_title":null,"twitter_description":null,"schema":{"blockGraphs":[],"customGraphs":[],"default":{"data":{"Article":[],"Course":[],"Dataset":[],"FAQPage":[],"Movie":[],"Person":[],"Product":[],"ProductReview":[],"Car":[],"Recipe":[],"Service":[],"SoftwareApplication":[],"WebPage":[]},"graphName":"","isEnabled":true},"graphs":[]},"schema_type":null,"schema_type_options":null,"pillar_content":false,"robots_default":true,"robots_noindex":false,"robots_noarchive":false,"robots_nosnippet":false,"robots_nofollow":false,"robots_noimageindex":false,"robots_noodp":false,"robots_notranslate":false,"robots_max_snippet":null,"robots_max_videopreview":null,"robots_max_imagepreview":"large","priority":null,"frequency":null,"location":null,"local_seo":null,"seo_analyzer_scan_date":"2025-08-31 05:11:26","breadcrumb_settings":null,"limit_modified_date":false,"reviewed_by":null,"open_ai":null,"ai":null,"created":"2020-12-21 10:42:20","updated":"2025-08-31 05:11:26"},"aioseo_breadcrumb":"<div class=\"aioseo-breadcrumbs\"><span class=\"aioseo-breadcrumb\">\n\t<a href=\"https:\/\/candas365.es\/noticias\" title=\"Home\">Home<\/a>\n<\/span><span class=\"aioseo-breadcrumb-separator\">&ndash;<\/span><span class=\"aioseo-breadcrumb\">\n\t<a href=\"https:\/\/candas365.es\/noticias\/category\/noticias-carreno\/\" title=\"Noticias Carre\u00f1o\">Noticias Carre\u00f1o<\/a>\n<\/span><span class=\"aioseo-breadcrumb-separator\">&ndash;<\/span><span class=\"aioseo-breadcrumb\">\n\tCarre\u00f1o celebr\u00f3 el \u201cD\u00eda de los Museos\u201d\n<\/span><\/div>","aioseo_breadcrumb_json":[{"label":"Home","link":"https:\/\/candas365.es\/noticias"},{"label":"Noticias Carre\u00f1o","link":"https:\/\/candas365.es\/noticias\/category\/noticias-carreno\/"},{"label":"Carre\u00f1o celebr\u00f3 el \u201cD\u00eda de los Museos\u201d","link":"https:\/\/candas365.es\/noticias\/carreno-celebro-el-dia-de-los-museos\/"}],"_links":{"self":[{"href":"https:\/\/candas365.es\/noticias\/wp-json\/wp\/v2\/posts\/142382","targetHints":{"allow":["GET"]}}],"collection":[{"href":"https:\/\/candas365.es\/noticias\/wp-json\/wp\/v2\/posts"}],"about":[{"href":"https:\/\/candas365.es\/noticias\/wp-json\/wp\/v2\/types\/post"}],"author":[{"embeddable":true,"href":"https:\/\/candas365.es\/noticias\/wp-json\/wp\/v2\/users\/1"}],"replies":[{"embeddable":true,"href":"https:\/\/candas365.es\/noticias\/wp-json\/wp\/v2\/comments?post=142382"}],"version-history":[{"count":0,"href":"https:\/\/candas365.es\/noticias\/wp-json\/wp\/v2\/posts\/142382\/revisions"}],"wp:featuredmedia":[{"embeddable":true,"href":"https:\/\/candas365.es\/noticias\/wp-json\/wp\/v2\/media\/142383"}],"wp:attachment":[{"href":"https:\/\/candas365.es\/noticias\/wp-json\/wp\/v2\/media?parent=142382"}],"wp:term":[{"taxonomy":"category","embeddable":true,"href":"https:\/\/candas365.es\/noticias\/wp-json\/wp\/v2\/categories?post=142382"},{"taxonomy":"post_tag","embeddable":true,"href":"https:\/\/candas365.es\/noticias\/wp-json\/wp\/v2\/tags?post=142382"}],"curies":[{"name":"wp","href":"https:\/\/api.w.org\/{rel}","templated":true}]}}