{"id":142373,"date":"2020-05-19T14:29:27","date_gmt":"2020-05-19T14:29:27","guid":{"rendered":"http:\/\/candas365.es\/noticias\/?p=142373"},"modified":"2020-05-19T14:31:56","modified_gmt":"2020-05-19T14:31:56","slug":"adjudicado-en-carreno-el-servicio-de-socorrismo-y-salvamento","status":"publish","type":"post","link":"https:\/\/candas365.es\/noticias\/adjudicado-en-carreno-el-servicio-de-socorrismo-y-salvamento\/","title":{"rendered":"Adjudicado en Carre\u00f1o el servicio de Socorrismo y Salvamento"},"content":{"rendered":"<p><img fetchpriority=\"high\" decoding=\"async\" class=\"alignleft size-medium wp-image-96813\" src=\"https:\/\/candas365.es\/noticias\/wp-content\/uploads\/2018\/05\/candas-puerto-360x258.jpg\" alt=\"\" width=\"360\" height=\"258\" srcset=\"https:\/\/candas365.es\/noticias\/wp-content\/uploads\/2018\/05\/candas-puerto-360x258.jpg 360w, https:\/\/candas365.es\/noticias\/wp-content\/uploads\/2018\/05\/candas-puerto-768x551.jpg 768w, https:\/\/candas365.es\/noticias\/wp-content\/uploads\/2018\/05\/candas-puerto-655x470.jpg 655w, https:\/\/candas365.es\/noticias\/wp-content\/uploads\/2018\/05\/candas-puerto-696x500.jpg 696w, https:\/\/candas365.es\/noticias\/wp-content\/uploads\/2018\/05\/candas-puerto-585x420.jpg 585w, https:\/\/candas365.es\/noticias\/wp-content\/uploads\/2018\/05\/candas-puerto.jpg 907w\" sizes=\"(max-width: 360px) 100vw, 360px\" \/>En el Plan para la Transici\u00f3n hacia una nueva normalidad, aprobado por el gobierno nacional como consecuencia de la crisis sanitaria <strong>la apertura de las playas est\u00e1 previsto una vez Asturias pase a la Fase 3<\/strong>. Por este motivo, en previsi\u00f3n de la futura apertura y uso de los arenales el Ayuntamiento de Carre\u00f1o ha adjudicado la prestaci\u00f3n de este servicio veraniego.<\/p>\n<p>\u201cAunque estamos a expensas de las directrices que nos marquen las autoridades sanitarias entorno a los usos posibles de los arenales. Tenemos que tener todo previsto para una posible apertura normalizada de las aguas. Es por ello que el Servicio de Salvamento en Carre\u00f1o, en un principio, dar\u00e1 cobertura diaria, <strong>de lunes a domingo a las playas de Palmera, Huelgues, Carranques y Xivares-Pe\u00f1a Mar\u00eda en horario de 11:30 a 19:30 horas<\/strong>, como es habitual, a partir de la segunda quincena de Junio hasta el 15 de Septiembre. En el caso de que las directrices sanitarias sean m\u00e1s restrictivas o prevean alguna recomendaci\u00f3n m\u00e1s el servicio se adaptar\u00e1 a lo que se se\u00f1ale por las autoridades sanitarias\u201d explic\u00f3 Jes\u00fas Varela, concejal responsable de playas.<\/p>\n<p>El personal adscrito al Servicio de Salvamento y Playas en el Concejo de Carre\u00f1o para el a\u00f1o 2020 contar\u00e1 con 25 personas distribuidas de la siguiente manera:<\/p>\n<ul>\n<li>18 personas que har\u00e1n las labores de socorristas<\/li>\n<li>4 personas que har\u00e1n las labores de socorristas, adem\u00e1s de ser responsables de cada uno de los 4 arenales<\/li>\n<li>2 patrones para la embarcaci\u00f3n de salvamento<\/li>\n<li>1 persona responsable o coordinadora del servicio<\/li>\n<\/ul>\n<p>\u201cTras el correspondiente proceso de licitaci\u00f3n p\u00fablica, la empresa adjudicataria encargada de las labores del <strong>Servicio de Salvamento y Socorrismo en las Playas de Carre\u00f1o para la temporada 2020 ser\u00e1 Ebone SL<\/strong>. Al ser la oferta m\u00e1s ventajosa en t\u00e9rminos de calidad-precio ascendiendo el importe del servicio contratado a 164.834,99 \u20ac\u201d &#8211; se\u00f1al\u00f3 el concejal.<\/p>\n<p>\u201cEntre las mejoras ofertadas por la empresa adjudicataria se contempla la dotaci\u00f3n de dos DESA por parte de la empresa, que vienen a complementar la extensi\u00f3n de la dotaci\u00f3n de desfibriladores semiautom\u00e1ticos a la totalidad de las playas de Carre\u00f1o. Adem\u00e1s de 250 horas adicionales, a la prestaci\u00f3n del servicio, para la colaboraci\u00f3n en el desarrollo de actividades deportivas y culturales organizadas por el Ayuntamiento y en el \u00e1mbito geogr\u00e1fico del servicio\u201d finaliz\u00f3 Varela.<\/p>\n<p>Entre los requisitos necesarios para trabajar en lo arenales del Concejo ser\u00e1 necesario estar en posesi\u00f3n de los certificados o titulaciones de Primeros Auxilios, Socorrismo acu\u00e1tico, Auxiliar de Transporte Sanitario, T\u00edtulo de Patr\u00f3n (exigido para el manejo de la embarcaci\u00f3n asignada al Municipio), manejo de DESA,\u2026seg\u00fan el tipo de actividad al que se est\u00e9 adscrito\/a, as\u00ed como otras titulaciones espec\u00edficas que exija el desempe\u00f1o de las tareas que le fueran encomendadas.<\/p>\n<p>La pr\u00f3xima semana se har\u00e1 p\u00fablica la informaci\u00f3n sobre el proceso de selecci\u00f3n del personal que llevar\u00e1 acabo la empresa que prestar\u00e1 el servicio en Carre\u00f1o.<\/p>\n<p>&nbsp;<\/p>\n","protected":false},"excerpt":{"rendered":"<p>En el Plan para la Transici\u00f3n hacia una nueva normalidad, aprobado por el gobierno nacional como consecuencia de la crisis sanitaria la apertura de las playas est\u00e1 previsto una vez Asturias pase a la Fase 3. Por este motivo, en previsi\u00f3n de la futura apertura y uso de los arenales el Ayuntamiento de Carre\u00f1o ha<\/p>\n","protected":false},"author":1,"featured_media":96813,"comment_status":"closed","ping_status":"closed","sticky":false,"template":"","format":"standard","meta":{"footnotes":""},"categories":[2],"tags":[],"class_list":{"0":"post-142373","1":"post","2":"type-post","3":"status-publish","4":"format-standard","5":"has-post-thumbnail","7":"category-noticias-carreno"},"aioseo_notices":[],"aioseo_head":"\n\t\t<!-- All in One SEO Pro 4.9.6.2 - aioseo.com -->\n\t<meta name=\"description\" content=\"En el Plan para la Transici\u00f3n hacia una nueva normalidad, aprobado por el gobierno nacional como consecuencia de la crisis sanitaria la apertura de las playas est\u00e1 previsto una vez Asturias pase a la Fase 3. Por este motivo, en previsi\u00f3n de la futura apertura y uso de los arenales el Ayuntamiento de Carre\u00f1o ha\" \/>\n\t<meta name=\"robots\" content=\"max-image-preview:large\" \/>\n\t<meta name=\"author\" content=\"Cand\u00e1s 365\"\/>\n\t<meta name=\"google-site-verification\" content=\"UA-32230408-1\" \/>\n\t<meta name=\"msvalidate.01\" content=\"354F3CDFB2DA171B47FBE9ABF1F88D5\" \/>\n\t<meta name=\"keywords\" content=\"noticias carre\u00f1o\" \/>\n\t<link rel=\"canonical\" href=\"https:\/\/candas365.es\/noticias\/adjudicado-en-carreno-el-servicio-de-socorrismo-y-salvamento\/\" \/>\n\t<meta name=\"generator\" content=\"All in One SEO Pro (AIOSEO) 4.9.6.2\" \/>\n\t\t<meta property=\"og:locale\" content=\"es_ES\" \/>\n\t\t<meta property=\"og:site_name\" content=\"Cand\u00e1s 365\" \/>\n\t\t<meta property=\"og:type\" content=\"article\" \/>\n\t\t<meta property=\"og:title\" content=\"Adjudicado en Carre\u00f1o el servicio de Socorrismo y Salvamento | Cand\u00e1s 365\" \/>\n\t\t<meta property=\"og:description\" content=\"En el Plan para la Transici\u00f3n hacia una nueva normalidad, aprobado por el gobierno nacional como consecuencia de la crisis sanitaria la apertura de las playas est\u00e1 previsto una vez Asturias pase a la Fase 3. Por este motivo, en previsi\u00f3n de la futura apertura y uso de los arenales el Ayuntamiento de Carre\u00f1o ha\" \/>\n\t\t<meta property=\"og:url\" content=\"https:\/\/candas365.es\/noticias\/adjudicado-en-carreno-el-servicio-de-socorrismo-y-salvamento\/\" \/>\n\t\t<meta property=\"og:image\" content=\"https:\/\/candas365.es\/noticias\/wp-content\/uploads\/2018\/05\/candas-puerto.jpg\" \/>\n\t\t<meta property=\"og:image:secure_url\" content=\"https:\/\/candas365.es\/noticias\/wp-content\/uploads\/2018\/05\/candas-puerto.jpg\" \/>\n\t\t<meta property=\"og:image:width\" content=\"907\" \/>\n\t\t<meta property=\"og:image:height\" content=\"651\" \/>\n\t\t<meta property=\"article:published_time\" content=\"2020-05-19T14:29:27+00:00\" \/>\n\t\t<meta property=\"article:modified_time\" content=\"2020-05-19T14:31:56+00:00\" \/>\n\t\t<meta property=\"article:publisher\" content=\"https:\/\/www.facebook.com\/Nachofdezber\" \/>\n\t\t<meta property=\"article:author\" content=\"https:\/\/www.facebook.com\/carrenoactualidad\" \/>\n\t\t<meta name=\"twitter:card\" content=\"summary_large_image\" \/>\n\t\t<meta name=\"twitter:site\" content=\"@NabercoDigital\" \/>\n\t\t<meta name=\"twitter:title\" content=\"Adjudicado en Carre\u00f1o el servicio de Socorrismo y Salvamento | Cand\u00e1s 365\" \/>\n\t\t<meta name=\"twitter:description\" content=\"En el Plan para la Transici\u00f3n hacia una nueva normalidad, aprobado por el gobierno nacional como consecuencia de la crisis sanitaria la apertura de las playas est\u00e1 previsto una vez Asturias pase a la Fase 3. Por este motivo, en previsi\u00f3n de la futura apertura y uso de los arenales el Ayuntamiento de Carre\u00f1o ha\" \/>\n\t\t<meta name=\"twitter:creator\" content=\"@nbasturias\" \/>\n\t\t<meta name=\"twitter:image\" content=\"https:\/\/candas365.es\/noticias\/wp-content\/uploads\/2018\/05\/candas-puerto.jpg\" \/>\n\t\t<meta name=\"twitter:label1\" content=\"Escrito por\" \/>\n\t\t<meta name=\"twitter:data1\" content=\"Cand\u00e1s 365\" \/>\n\t\t<meta name=\"twitter:label2\" content=\"Tiempo de lectura estimado\" \/>\n\t\t<meta name=\"twitter:data2\" content=\"3 minutos\" \/>\n\t\t<script type=\"application\/ld+json\" class=\"aioseo-schema\">\n\t\t\t{\"@context\":\"https:\\\/\\\/schema.org\",\"@graph\":[{\"@type\":\"BreadcrumbList\",\"@id\":\"https:\\\/\\\/candas365.es\\\/noticias\\\/adjudicado-en-carreno-el-servicio-de-socorrismo-y-salvamento\\\/#breadcrumblist\",\"itemListElement\":[{\"@type\":\"ListItem\",\"@id\":\"https:\\\/\\\/candas365.es\\\/noticias#listItem\",\"position\":1,\"name\":\"Home\",\"item\":\"https:\\\/\\\/candas365.es\\\/noticias\",\"nextItem\":{\"@type\":\"ListItem\",\"@id\":\"https:\\\/\\\/candas365.es\\\/noticias\\\/category\\\/noticias-carreno\\\/#listItem\",\"name\":\"Noticias Carre\\u00f1o\"}},{\"@type\":\"ListItem\",\"@id\":\"https:\\\/\\\/candas365.es\\\/noticias\\\/category\\\/noticias-carreno\\\/#listItem\",\"position\":2,\"name\":\"Noticias Carre\\u00f1o\",\"item\":\"https:\\\/\\\/candas365.es\\\/noticias\\\/category\\\/noticias-carreno\\\/\",\"nextItem\":{\"@type\":\"ListItem\",\"@id\":\"https:\\\/\\\/candas365.es\\\/noticias\\\/adjudicado-en-carreno-el-servicio-de-socorrismo-y-salvamento\\\/#listItem\",\"name\":\"Adjudicado en Carre\\u00f1o el servicio de Socorrismo y Salvamento\"},\"previousItem\":{\"@type\":\"ListItem\",\"@id\":\"https:\\\/\\\/candas365.es\\\/noticias#listItem\",\"name\":\"Home\"}},{\"@type\":\"ListItem\",\"@id\":\"https:\\\/\\\/candas365.es\\\/noticias\\\/adjudicado-en-carreno-el-servicio-de-socorrismo-y-salvamento\\\/#listItem\",\"position\":3,\"name\":\"Adjudicado en Carre\\u00f1o el servicio de Socorrismo y Salvamento\",\"previousItem\":{\"@type\":\"ListItem\",\"@id\":\"https:\\\/\\\/candas365.es\\\/noticias\\\/category\\\/noticias-carreno\\\/#listItem\",\"name\":\"Noticias Carre\\u00f1o\"}}]},{\"@type\":\"NewsArticle\",\"@id\":\"https:\\\/\\\/candas365.es\\\/noticias\\\/adjudicado-en-carreno-el-servicio-de-socorrismo-y-salvamento\\\/#newsarticle\",\"name\":\"Adjudicado en Carre\\u00f1o el servicio de Socorrismo y Salvamento | Cand\\u00e1s 365\",\"headline\":\"Adjudicado en Carre\\u00f1o el servicio de Socorrismo y Salvamento\",\"author\":{\"@id\":\"https:\\\/\\\/candas365.es\\\/noticias\\\/author\\\/admin\\\/#author\"},\"publisher\":{\"@id\":\"https:\\\/\\\/candas365.es\\\/noticias\\\/#organization\"},\"image\":{\"@type\":\"ImageObject\",\"url\":\"https:\\\/\\\/candas365.es\\\/noticias\\\/wp-content\\\/uploads\\\/2018\\\/05\\\/candas-puerto.jpg\",\"width\":907,\"height\":651,\"caption\":\"Cand\\u00e1s - Carre\\u00f1o\"},\"datePublished\":\"2020-05-19T14:29:27+02:00\",\"dateModified\":\"2020-05-19T14:31:56+02:00\",\"inLanguage\":\"es-ES\",\"mainEntityOfPage\":{\"@id\":\"https:\\\/\\\/candas365.es\\\/noticias\\\/adjudicado-en-carreno-el-servicio-de-socorrismo-y-salvamento\\\/#webpage\"},\"isPartOf\":{\"@id\":\"https:\\\/\\\/candas365.es\\\/noticias\\\/adjudicado-en-carreno-el-servicio-de-socorrismo-y-salvamento\\\/#webpage\"},\"articleSection\":\"Noticias Carre\\u00f1o\",\"dateline\":\"Publicado el mayo 19, 2020.\"},{\"@type\":\"Organization\",\"@id\":\"https:\\\/\\\/candas365.es\\\/noticias\\\/#organization\",\"name\":\"Cand\\u00e1s 365\",\"description\":\"Cand\\u00e1s 365 es un diario digital independiente, fundado en 2012, con base en Asturias. Informamos con rigor sobre actualidad, sociedad, cultura y ocio, con una mirada local y global.\",\"url\":\"https:\\\/\\\/candas365.es\\\/noticias\\\/\",\"email\":\"info@candas365.es\",\"telephone\":\"+34652131393\",\"foundingDate\":\"2012-06-10\",\"logo\":{\"@type\":\"ImageObject\",\"url\":\"https:\\\/\\\/candas365.es\\\/noticias\\\/wp-content\\\/uploads\\\/2024\\\/09\\\/Candas-365-Redes.jpg\",\"@id\":\"https:\\\/\\\/candas365.es\\\/noticias\\\/adjudicado-en-carreno-el-servicio-de-socorrismo-y-salvamento\\\/#organizationLogo\",\"width\":1152,\"height\":864,\"caption\":\"Cand\\u00e1s 365 Redes\"},\"image\":{\"@id\":\"https:\\\/\\\/candas365.es\\\/noticias\\\/adjudicado-en-carreno-el-servicio-de-socorrismo-y-salvamento\\\/#organizationLogo\"},\"sameAs\":[\"https:\\\/\\\/www.facebook.com\\\/Nachofdezber\",\"https:\\\/\\\/x.com\\\/NabercoDigital\",\"https:\\\/\\\/www.instagram.com\\\/nachofdezber\\\/\",\"https:\\\/\\\/www.youtube.com\\\/channel\\\/UCZP-2wLEB9Rv6erhFmqVnvg\"],\"address\":{\"@id\":\"https:\\\/\\\/candas365.es\\\/noticias\\\/#postaladdress\",\"@type\":\"PostalAddress\",\"streetAddress\":\"san antonio 4, san antonio 4\",\"postalCode\":\"33430\",\"addressLocality\":\"Cand\\u00e1s\",\"addressRegion\":\"Asturias\",\"addressCountry\":\"ES\"}},{\"@type\":\"Person\",\"@id\":\"https:\\\/\\\/candas365.es\\\/noticias\\\/author\\\/admin\\\/#author\",\"url\":\"https:\\\/\\\/candas365.es\\\/noticias\\\/author\\\/admin\\\/\",\"name\":\"Cand\\u00e1s 365\",\"image\":{\"@type\":\"ImageObject\",\"@id\":\"https:\\\/\\\/candas365.es\\\/noticias\\\/adjudicado-en-carreno-el-servicio-de-socorrismo-y-salvamento\\\/#authorImage\",\"url\":\"https:\\\/\\\/secure.gravatar.com\\\/avatar\\\/496a8e03d0c493ede1718b7934145dbdf8d89be1036b0eec9544e1094c9de390?s=96&d=mm&r=g\",\"width\":96,\"height\":96,\"caption\":\"Cand\\u00e1s 365\"},\"sameAs\":[\"https:\\\/\\\/www.facebook.com\\\/carrenoactualidad\",\"https:\\\/\\\/twitter.com\\\/nbasturias\",\"https:\\\/\\\/www.instagram.com\\\/nachofdezber\\\/\",\"https:\\\/\\\/www.youtube.com\\\/channel\\\/UCZP-2wLEB9Rv6erhFmqVnvg\"]},{\"@type\":\"WebPage\",\"@id\":\"https:\\\/\\\/candas365.es\\\/noticias\\\/adjudicado-en-carreno-el-servicio-de-socorrismo-y-salvamento\\\/#webpage\",\"url\":\"https:\\\/\\\/candas365.es\\\/noticias\\\/adjudicado-en-carreno-el-servicio-de-socorrismo-y-salvamento\\\/\",\"name\":\"Adjudicado en Carre\\u00f1o el servicio de Socorrismo y Salvamento | Cand\\u00e1s 365\",\"description\":\"En el Plan para la Transici\\u00f3n hacia una nueva normalidad, aprobado por el gobierno nacional como consecuencia de la crisis sanitaria la apertura de las playas est\\u00e1 previsto una vez Asturias pase a la Fase 3. Por este motivo, en previsi\\u00f3n de la futura apertura y uso de los arenales el Ayuntamiento de Carre\\u00f1o ha\",\"inLanguage\":\"es-ES\",\"isPartOf\":{\"@id\":\"https:\\\/\\\/candas365.es\\\/noticias\\\/#website\"},\"breadcrumb\":{\"@id\":\"https:\\\/\\\/candas365.es\\\/noticias\\\/adjudicado-en-carreno-el-servicio-de-socorrismo-y-salvamento\\\/#breadcrumblist\"},\"author\":{\"@id\":\"https:\\\/\\\/candas365.es\\\/noticias\\\/author\\\/admin\\\/#author\"},\"creator\":{\"@id\":\"https:\\\/\\\/candas365.es\\\/noticias\\\/author\\\/admin\\\/#author\"},\"image\":{\"@type\":\"ImageObject\",\"url\":\"https:\\\/\\\/candas365.es\\\/noticias\\\/wp-content\\\/uploads\\\/2018\\\/05\\\/candas-puerto.jpg\",\"@id\":\"https:\\\/\\\/candas365.es\\\/noticias\\\/adjudicado-en-carreno-el-servicio-de-socorrismo-y-salvamento\\\/#mainImage\",\"width\":907,\"height\":651,\"caption\":\"Cand\\u00e1s - Carre\\u00f1o\"},\"primaryImageOfPage\":{\"@id\":\"https:\\\/\\\/candas365.es\\\/noticias\\\/adjudicado-en-carreno-el-servicio-de-socorrismo-y-salvamento\\\/#mainImage\"},\"datePublished\":\"2020-05-19T14:29:27+02:00\",\"dateModified\":\"2020-05-19T14:31:56+02:00\"},{\"@type\":\"WebSite\",\"@id\":\"https:\\\/\\\/candas365.es\\\/noticias\\\/#website\",\"url\":\"https:\\\/\\\/candas365.es\\\/noticias\\\/\",\"name\":\"Cand\\u00e1s 365\",\"alternateName\":\"Cand\\u00e1s 365 Noticias\",\"description\":\"Actualidad desde Carre\\u00f1o para el mundo\",\"inLanguage\":\"es-ES\",\"publisher\":{\"@id\":\"https:\\\/\\\/candas365.es\\\/noticias\\\/#organization\"}}]}\n\t\t<\/script>\n\t\t<!-- All in One SEO Pro -->\r\n\t\t<title>Adjudicado en Carre\u00f1o el servicio de Socorrismo y Salvamento | Cand\u00e1s 365<\/title>\n\n","aioseo_head_json":{"title":"Adjudicado en Carre\u00f1o el servicio de Socorrismo y Salvamento | Cand\u00e1s 365","description":"En el Plan para la Transici\u00f3n hacia una nueva normalidad, aprobado por el gobierno nacional como consecuencia de la crisis sanitaria la apertura de las playas est\u00e1 previsto una vez Asturias pase a la Fase 3. Por este motivo, en previsi\u00f3n de la futura apertura y uso de los arenales el Ayuntamiento de Carre\u00f1o ha","canonical_url":"https:\/\/candas365.es\/noticias\/adjudicado-en-carreno-el-servicio-de-socorrismo-y-salvamento\/","robots":"max-image-preview:large","keywords":"noticias carre\u00f1o","webmasterTools":{"google-site-verification":"UA-32230408-1","msvalidate.01":"354F3CDFB2DA171B47FBE9ABF1F88D5","miscellaneous":""},"schema":{"@context":"https:\/\/schema.org","@graph":[{"@type":"BreadcrumbList","@id":"https:\/\/candas365.es\/noticias\/adjudicado-en-carreno-el-servicio-de-socorrismo-y-salvamento\/#breadcrumblist","itemListElement":[{"@type":"ListItem","@id":"https:\/\/candas365.es\/noticias#listItem","position":1,"name":"Home","item":"https:\/\/candas365.es\/noticias","nextItem":{"@type":"ListItem","@id":"https:\/\/candas365.es\/noticias\/category\/noticias-carreno\/#listItem","name":"Noticias Carre\u00f1o"}},{"@type":"ListItem","@id":"https:\/\/candas365.es\/noticias\/category\/noticias-carreno\/#listItem","position":2,"name":"Noticias Carre\u00f1o","item":"https:\/\/candas365.es\/noticias\/category\/noticias-carreno\/","nextItem":{"@type":"ListItem","@id":"https:\/\/candas365.es\/noticias\/adjudicado-en-carreno-el-servicio-de-socorrismo-y-salvamento\/#listItem","name":"Adjudicado en Carre\u00f1o el servicio de Socorrismo y Salvamento"},"previousItem":{"@type":"ListItem","@id":"https:\/\/candas365.es\/noticias#listItem","name":"Home"}},{"@type":"ListItem","@id":"https:\/\/candas365.es\/noticias\/adjudicado-en-carreno-el-servicio-de-socorrismo-y-salvamento\/#listItem","position":3,"name":"Adjudicado en Carre\u00f1o el servicio de Socorrismo y Salvamento","previousItem":{"@type":"ListItem","@id":"https:\/\/candas365.es\/noticias\/category\/noticias-carreno\/#listItem","name":"Noticias Carre\u00f1o"}}]},{"@type":"NewsArticle","@id":"https:\/\/candas365.es\/noticias\/adjudicado-en-carreno-el-servicio-de-socorrismo-y-salvamento\/#newsarticle","name":"Adjudicado en Carre\u00f1o el servicio de Socorrismo y Salvamento | Cand\u00e1s 365","headline":"Adjudicado en Carre\u00f1o el servicio de Socorrismo y Salvamento","author":{"@id":"https:\/\/candas365.es\/noticias\/author\/admin\/#author"},"publisher":{"@id":"https:\/\/candas365.es\/noticias\/#organization"},"image":{"@type":"ImageObject","url":"https:\/\/candas365.es\/noticias\/wp-content\/uploads\/2018\/05\/candas-puerto.jpg","width":907,"height":651,"caption":"Cand\u00e1s - Carre\u00f1o"},"datePublished":"2020-05-19T14:29:27+02:00","dateModified":"2020-05-19T14:31:56+02:00","inLanguage":"es-ES","mainEntityOfPage":{"@id":"https:\/\/candas365.es\/noticias\/adjudicado-en-carreno-el-servicio-de-socorrismo-y-salvamento\/#webpage"},"isPartOf":{"@id":"https:\/\/candas365.es\/noticias\/adjudicado-en-carreno-el-servicio-de-socorrismo-y-salvamento\/#webpage"},"articleSection":"Noticias Carre\u00f1o","dateline":"Publicado el mayo 19, 2020."},{"@type":"Organization","@id":"https:\/\/candas365.es\/noticias\/#organization","name":"Cand\u00e1s 365","description":"Cand\u00e1s 365 es un diario digital independiente, fundado en 2012, con base en Asturias. Informamos con rigor sobre actualidad, sociedad, cultura y ocio, con una mirada local y global.","url":"https:\/\/candas365.es\/noticias\/","email":"info@candas365.es","telephone":"+34652131393","foundingDate":"2012-06-10","logo":{"@type":"ImageObject","url":"https:\/\/candas365.es\/noticias\/wp-content\/uploads\/2024\/09\/Candas-365-Redes.jpg","@id":"https:\/\/candas365.es\/noticias\/adjudicado-en-carreno-el-servicio-de-socorrismo-y-salvamento\/#organizationLogo","width":1152,"height":864,"caption":"Cand\u00e1s 365 Redes"},"image":{"@id":"https:\/\/candas365.es\/noticias\/adjudicado-en-carreno-el-servicio-de-socorrismo-y-salvamento\/#organizationLogo"},"sameAs":["https:\/\/www.facebook.com\/Nachofdezber","https:\/\/x.com\/NabercoDigital","https:\/\/www.instagram.com\/nachofdezber\/","https:\/\/www.youtube.com\/channel\/UCZP-2wLEB9Rv6erhFmqVnvg"],"address":{"@id":"https:\/\/candas365.es\/noticias\/#postaladdress","@type":"PostalAddress","streetAddress":"san antonio 4, san antonio 4","postalCode":"33430","addressLocality":"Cand\u00e1s","addressRegion":"Asturias","addressCountry":"ES"}},{"@type":"Person","@id":"https:\/\/candas365.es\/noticias\/author\/admin\/#author","url":"https:\/\/candas365.es\/noticias\/author\/admin\/","name":"Cand\u00e1s 365","image":{"@type":"ImageObject","@id":"https:\/\/candas365.es\/noticias\/adjudicado-en-carreno-el-servicio-de-socorrismo-y-salvamento\/#authorImage","url":"https:\/\/secure.gravatar.com\/avatar\/496a8e03d0c493ede1718b7934145dbdf8d89be1036b0eec9544e1094c9de390?s=96&d=mm&r=g","width":96,"height":96,"caption":"Cand\u00e1s 365"},"sameAs":["https:\/\/www.facebook.com\/carrenoactualidad","https:\/\/twitter.com\/nbasturias","https:\/\/www.instagram.com\/nachofdezber\/","https:\/\/www.youtube.com\/channel\/UCZP-2wLEB9Rv6erhFmqVnvg"]},{"@type":"WebPage","@id":"https:\/\/candas365.es\/noticias\/adjudicado-en-carreno-el-servicio-de-socorrismo-y-salvamento\/#webpage","url":"https:\/\/candas365.es\/noticias\/adjudicado-en-carreno-el-servicio-de-socorrismo-y-salvamento\/","name":"Adjudicado en Carre\u00f1o el servicio de Socorrismo y Salvamento | Cand\u00e1s 365","description":"En el Plan para la Transici\u00f3n hacia una nueva normalidad, aprobado por el gobierno nacional como consecuencia de la crisis sanitaria la apertura de las playas est\u00e1 previsto una vez Asturias pase a la Fase 3. Por este motivo, en previsi\u00f3n de la futura apertura y uso de los arenales el Ayuntamiento de Carre\u00f1o ha","inLanguage":"es-ES","isPartOf":{"@id":"https:\/\/candas365.es\/noticias\/#website"},"breadcrumb":{"@id":"https:\/\/candas365.es\/noticias\/adjudicado-en-carreno-el-servicio-de-socorrismo-y-salvamento\/#breadcrumblist"},"author":{"@id":"https:\/\/candas365.es\/noticias\/author\/admin\/#author"},"creator":{"@id":"https:\/\/candas365.es\/noticias\/author\/admin\/#author"},"image":{"@type":"ImageObject","url":"https:\/\/candas365.es\/noticias\/wp-content\/uploads\/2018\/05\/candas-puerto.jpg","@id":"https:\/\/candas365.es\/noticias\/adjudicado-en-carreno-el-servicio-de-socorrismo-y-salvamento\/#mainImage","width":907,"height":651,"caption":"Cand\u00e1s - Carre\u00f1o"},"primaryImageOfPage":{"@id":"https:\/\/candas365.es\/noticias\/adjudicado-en-carreno-el-servicio-de-socorrismo-y-salvamento\/#mainImage"},"datePublished":"2020-05-19T14:29:27+02:00","dateModified":"2020-05-19T14:31:56+02:00"},{"@type":"WebSite","@id":"https:\/\/candas365.es\/noticias\/#website","url":"https:\/\/candas365.es\/noticias\/","name":"Cand\u00e1s 365","alternateName":"Cand\u00e1s 365 Noticias","description":"Actualidad desde Carre\u00f1o para el mundo","inLanguage":"es-ES","publisher":{"@id":"https:\/\/candas365.es\/noticias\/#organization"}}]},"og:locale":"es_ES","og:site_name":"Cand\u00e1s 365","og:type":"article","og:title":"Adjudicado en Carre\u00f1o el servicio de Socorrismo y Salvamento | Cand\u00e1s 365","og:description":"En el Plan para la Transici\u00f3n hacia una nueva normalidad, aprobado por el gobierno nacional como consecuencia de la crisis sanitaria la apertura de las playas est\u00e1 previsto una vez Asturias pase a la Fase 3. Por este motivo, en previsi\u00f3n de la futura apertura y uso de los arenales el Ayuntamiento de Carre\u00f1o ha","og:url":"https:\/\/candas365.es\/noticias\/adjudicado-en-carreno-el-servicio-de-socorrismo-y-salvamento\/","og:image":"https:\/\/candas365.es\/noticias\/wp-content\/uploads\/2018\/05\/candas-puerto.jpg","og:image:secure_url":"https:\/\/candas365.es\/noticias\/wp-content\/uploads\/2018\/05\/candas-puerto.jpg","og:image:width":907,"og:image:height":651,"article:published_time":"2020-05-19T14:29:27+00:00","article:modified_time":"2020-05-19T14:31:56+00:00","article:publisher":"https:\/\/www.facebook.com\/Nachofdezber","article:author":"https:\/\/www.facebook.com\/carrenoactualidad","twitter:card":"summary_large_image","twitter:site":"@NabercoDigital","twitter:title":"Adjudicado en Carre\u00f1o el servicio de Socorrismo y Salvamento | Cand\u00e1s 365","twitter:description":"En el Plan para la Transici\u00f3n hacia una nueva normalidad, aprobado por el gobierno nacional como consecuencia de la crisis sanitaria la apertura de las playas est\u00e1 previsto una vez Asturias pase a la Fase 3. Por este motivo, en previsi\u00f3n de la futura apertura y uso de los arenales el Ayuntamiento de Carre\u00f1o ha","twitter:creator":"@nbasturias","twitter:image":"https:\/\/candas365.es\/noticias\/wp-content\/uploads\/2018\/05\/candas-puerto.jpg","twitter:label1":"Escrito por","twitter:data1":"Cand\u00e1s 365","twitter:label2":"Tiempo de lectura estimado","twitter:data2":"3 minutos"},"aioseo_meta_data":{"post_id":"142373","title":null,"description":null,"keywords":null,"keyphrases":null,"primary_term":null,"canonical_url":null,"og_title":null,"og_description":null,"og_object_type":"default","og_image_type":"default","og_image_url":null,"og_image_width":null,"og_image_height":null,"og_image_custom_url":null,"og_image_custom_fields":null,"og_video":null,"og_custom_url":null,"og_article_section":null,"og_article_tags":null,"twitter_use_og":false,"twitter_card":"default","twitter_image_type":"default","twitter_image_url":null,"twitter_image_custom_url":null,"twitter_image_custom_fields":null,"twitter_title":null,"twitter_description":null,"schema":{"blockGraphs":[],"customGraphs":[],"default":{"data":{"Article":[],"Course":[],"Dataset":[],"FAQPage":[],"Movie":[],"Person":[],"Product":[],"ProductReview":[],"Car":[],"Recipe":[],"Service":[],"SoftwareApplication":[],"WebPage":[]},"graphName":"","isEnabled":true},"graphs":[]},"schema_type":null,"schema_type_options":null,"pillar_content":false,"robots_default":true,"robots_noindex":false,"robots_noarchive":false,"robots_nosnippet":false,"robots_nofollow":false,"robots_noimageindex":false,"robots_noodp":false,"robots_notranslate":false,"robots_max_snippet":null,"robots_max_videopreview":null,"robots_max_imagepreview":"large","priority":null,"frequency":null,"location":null,"local_seo":null,"seo_analyzer_scan_date":"2025-08-31 05:11:24","breadcrumb_settings":null,"limit_modified_date":false,"reviewed_by":null,"open_ai":null,"ai":null,"created":"2020-12-21 10:42:20","updated":"2025-08-31 05:11:24"},"aioseo_breadcrumb":"<div class=\"aioseo-breadcrumbs\"><span class=\"aioseo-breadcrumb\">\n\t<a href=\"https:\/\/candas365.es\/noticias\" title=\"Home\">Home<\/a>\n<\/span><span class=\"aioseo-breadcrumb-separator\">&ndash;<\/span><span class=\"aioseo-breadcrumb\">\n\t<a href=\"https:\/\/candas365.es\/noticias\/category\/noticias-carreno\/\" title=\"Noticias Carre\u00f1o\">Noticias Carre\u00f1o<\/a>\n<\/span><span class=\"aioseo-breadcrumb-separator\">&ndash;<\/span><span class=\"aioseo-breadcrumb\">\n\tAdjudicado en Carre\u00f1o el servicio de Socorrismo y Salvamento\n<\/span><\/div>","aioseo_breadcrumb_json":[{"label":"Home","link":"https:\/\/candas365.es\/noticias"},{"label":"Noticias Carre\u00f1o","link":"https:\/\/candas365.es\/noticias\/category\/noticias-carreno\/"},{"label":"Adjudicado en Carre\u00f1o el servicio de Socorrismo y Salvamento","link":"https:\/\/candas365.es\/noticias\/adjudicado-en-carreno-el-servicio-de-socorrismo-y-salvamento\/"}],"_links":{"self":[{"href":"https:\/\/candas365.es\/noticias\/wp-json\/wp\/v2\/posts\/142373","targetHints":{"allow":["GET"]}}],"collection":[{"href":"https:\/\/candas365.es\/noticias\/wp-json\/wp\/v2\/posts"}],"about":[{"href":"https:\/\/candas365.es\/noticias\/wp-json\/wp\/v2\/types\/post"}],"author":[{"embeddable":true,"href":"https:\/\/candas365.es\/noticias\/wp-json\/wp\/v2\/users\/1"}],"replies":[{"embeddable":true,"href":"https:\/\/candas365.es\/noticias\/wp-json\/wp\/v2\/comments?post=142373"}],"version-history":[{"count":0,"href":"https:\/\/candas365.es\/noticias\/wp-json\/wp\/v2\/posts\/142373\/revisions"}],"wp:featuredmedia":[{"embeddable":true,"href":"https:\/\/candas365.es\/noticias\/wp-json\/wp\/v2\/media\/96813"}],"wp:attachment":[{"href":"https:\/\/candas365.es\/noticias\/wp-json\/wp\/v2\/media?parent=142373"}],"wp:term":[{"taxonomy":"category","embeddable":true,"href":"https:\/\/candas365.es\/noticias\/wp-json\/wp\/v2\/categories?post=142373"},{"taxonomy":"post_tag","embeddable":true,"href":"https:\/\/candas365.es\/noticias\/wp-json\/wp\/v2\/tags?post=142373"}],"curies":[{"name":"wp","href":"https:\/\/api.w.org\/{rel}","templated":true}]}}