{"id":142318,"date":"2020-05-09T12:31:55","date_gmt":"2020-05-09T12:31:55","guid":{"rendered":"http:\/\/candas365.es\/noticias\/?p=142318"},"modified":"2020-05-18T12:33:10","modified_gmt":"2020-05-18T12:33:10","slug":"el-ayuntamiento-de-carreno-flexibilizara-la-ampliacion-de-la-superficie-de-las-terrazas","status":"publish","type":"post","link":"https:\/\/candas365.es\/noticias\/el-ayuntamiento-de-carreno-flexibilizara-la-ampliacion-de-la-superficie-de-las-terrazas\/","title":{"rendered":"El Ayuntamiento de Carre\u00f1o flexibilizar\u00e1 la ampliaci\u00f3n de la superficie de las terrazas"},"content":{"rendered":"<p><img fetchpriority=\"high\" decoding=\"async\" class=\"alignleft size-medium wp-image-6453\" src=\"https:\/\/candas365.es\/noticias\/wp-content\/uploads\/2015\/01\/ayuntamiento-360x270.jpg\" alt=\"\" width=\"360\" height=\"270\" srcset=\"https:\/\/candas365.es\/noticias\/wp-content\/uploads\/2015\/01\/ayuntamiento-360x270.jpg 360w, https:\/\/candas365.es\/noticias\/wp-content\/uploads\/2015\/01\/ayuntamiento-640x480.jpg 640w, https:\/\/candas365.es\/noticias\/wp-content\/uploads\/2015\/01\/ayuntamiento-768x576.jpg 768w, https:\/\/candas365.es\/noticias\/wp-content\/uploads\/2015\/01\/ayuntamiento-150x113.jpg 150w, https:\/\/candas365.es\/noticias\/wp-content\/uploads\/2015\/01\/ayuntamiento-450x338.jpg 450w, https:\/\/candas365.es\/noticias\/wp-content\/uploads\/2015\/01\/ayuntamiento-80x60.jpg 80w, https:\/\/candas365.es\/noticias\/wp-content\/uploads\/2015\/01\/ayuntamiento-265x198.jpg 265w, https:\/\/candas365.es\/noticias\/wp-content\/uploads\/2015\/01\/ayuntamiento-696x522.jpg 696w, https:\/\/candas365.es\/noticias\/wp-content\/uploads\/2015\/01\/ayuntamiento-560x420.jpg 560w, https:\/\/candas365.es\/noticias\/wp-content\/uploads\/2015\/01\/ayuntamiento-90x67.jpg 90w, https:\/\/candas365.es\/noticias\/wp-content\/uploads\/2015\/01\/ayuntamiento.jpg 800w\" sizes=\"(max-width: 360px) 100vw, 360px\" \/>Todos los grupos pol\u00edticos del Ayuntamiento de Carre\u00f1o (PSOE, IU, PP, y SOMOS CARRE\u00d1O) acordaron por unanimidad en la \u00faltima junta de portavoces las bonificaciones y la ampliaci\u00f3n de la superficie de las terrazas siempre y cuando se respeten los espacios de paso y se asegure la accesibilidad.<\/p>\n<p>La aplicaci\u00f3n de esta medida no ser\u00e1 de forma generalizada, por lo que cada caso tendr\u00e1 que ser estudiado, previa petici\u00f3n del titular del establecimiento, de forma individualizada por parte de la Oficina T\u00e9cnica Municipal.<\/p>\n<p>Antes de adoptar acuerdos se contact\u00f3 por tel\u00e9fono con los establecimientos hosteleros y se celebraron encuentros telem\u00e1ticos en los que participaron una muestra de cada zona para conocer sus previsiones de apertura e incidir en las medidas de limpieza adoptar. El Ayuntamiento les proveer\u00e1 a cada zona de terrazas de una manguera para que se limpie en profundidad al t\u00e9rmino de la actividad las zonas ocupadas tal y como recoge la ordenanza municipal.<\/p>\n<p>Se buscar\u00e1 la ampliaci\u00f3n de la superficie de las terrazas de hosteler\u00eda de una forma flexible pero siempre manteniendo la accesibilidad, la distancia social seg\u00fan las directivas en materia de salud correspondientes a cada fase, y la convivencia social.<\/p>\n<p>El consistorio no cobrar\u00e1 nada por esta ampliaci\u00f3n del espacio, y se establecer\u00e1 una bonificaci\u00f3n del 50% de la tasa por instalaci\u00f3n de terrazas durante el a\u00f1o 2020.<\/p>\n<p>En cuanto a las tasas de agua, recogida de basura y alcantarillado para la hosteler\u00eda, hoteler\u00eda y comercio, se acord\u00f3 retrasar el cobro del segundo trimestre y bonificar en un 50% las tasas para el tercer trimestre.<\/p>\n<p>Adem\u00e1s, en el caso de la hosteler\u00eda local se suspender\u00e1 el m\u00ednimo de consumo en la tasa de agua para el tercer y cuarto trimestre, por lo que \u00fanicamente pagar\u00edan los metros c\u00fabicos consumidos. Se equipar\u00e1 as\u00ed al sector con el comercio local. Pagar\u00e1n todos en funci\u00f3n de lo que consuman.<\/p>\n<p>Las bonificaciones son para aquellos establecimientos que la actividad que desarrollan se haya visto afectada por cierre o haya sufrido una reducci\u00f3n de la facturaci\u00f3n en el mes anterior a la solicitud de esta subvenci\u00f3n de al menos el 75%. Dichas bonificaciones deber\u00e1n ser solicitadas por el sujeto pasivo una vez se modifiquen las ordenanzas fiscales reguladoras de dichas tasas.<\/p>\n<p>La propuesta de bonificaciones se suma a las medidas econ\u00f3micas locales de apoyo a personas aut\u00f3nomas y emprendedoras ya aprobadas por el consistorio, Plan PEREL y Programa ASA, para las que el Ayuntamiento destina 136.000 \u20ac del presupuesto municipal.<\/p>\n<p>Con los acuerdos tomados en lo que a exenciones y bonificaciones de tasas se refiere, el consistorio dejar\u00e1 de ingresar 40.000\u20ac menos de lo previsto en el presupuesto debido al COVID19.<\/p>\n<p>Por ello, la Corporaci\u00f3n reivindica y reitera de forma un\u00e1nime, una vez m\u00e1s, la necesidad de que el Gobierno se Espa\u00f1a permita la flexibilidad del techo de gasto. Ahora m\u00e1s que nunca se debe permitir utilizar el remanente de tesorer\u00eda del que se dispone tras una buena gesti\u00f3n econ\u00f3mica ya que \u00e9ste ayudar\u00eda a paliar los efectos negativos que el Ayuntamiento tendr\u00e1 que asumir para mantener su compromiso de ayudar a resolver los problemas del concejo y apoyar el tejido econ\u00f3mico local.<\/p>\n<p>Este a\u00f1o, toca hacer mucho esfuerzo, mantener servicios, aumentar ayudas sociales y econ\u00f3micas para atender m\u00e1s necesidades con menos recursos. Por eso, es necesario poder usar el remanente. Son recursos municipales que si se pudieran emplear en Carre\u00f1o tendr\u00edamos m\u00e1s capacidad inversora.<\/p>\n<p>Una vez m\u00e1s, desde que el 14 de marzo comenz\u00f3 el estado de alarma a consecuencia del COVID19, las medidas acordadas podr\u00e1n ponerse en marcha gracias al consenso pol\u00edtico, que se va trabajando y coordinando, desde el principio, de la crisis sanitaria en juntas telem\u00e1ticas de portavoces que preside la Alcaldesa y vienen celebrando semanalmente.<\/p>\n","protected":false},"excerpt":{"rendered":"<p>Todos los grupos pol\u00edticos del Ayuntamiento de Carre\u00f1o (PSOE, IU, PP, y SOMOS CARRE\u00d1O) acordaron por unanimidad en la \u00faltima junta de portavoces las bonificaciones y la ampliaci\u00f3n de la superficie de las terrazas siempre y cuando se respeten los espacios de paso y se asegure la accesibilidad. La aplicaci\u00f3n de esta medida no ser\u00e1<\/p>\n","protected":false},"author":1,"featured_media":6453,"comment_status":"closed","ping_status":"closed","sticky":false,"template":"","format":"standard","meta":{"footnotes":""},"categories":[2],"tags":[],"class_list":{"0":"post-142318","1":"post","2":"type-post","3":"status-publish","4":"format-standard","5":"has-post-thumbnail","7":"category-noticias-carreno"},"aioseo_notices":[],"aioseo_head":"\n\t\t<!-- All in One SEO Pro 4.9.6.2 - aioseo.com -->\n\t<meta name=\"description\" content=\"Todos los grupos pol\u00edticos del Ayuntamiento de Carre\u00f1o (PSOE, IU, PP, y SOMOS CARRE\u00d1O) acordaron por unanimidad en la \u00faltima junta de portavoces las bonificaciones y la ampliaci\u00f3n de la superficie de las terrazas siempre y cuando se respeten los espacios de paso y se asegure la accesibilidad. La aplicaci\u00f3n de esta medida no ser\u00e1\" \/>\n\t<meta name=\"robots\" content=\"max-image-preview:large\" \/>\n\t<meta name=\"author\" content=\"Cand\u00e1s 365\"\/>\n\t<meta name=\"google-site-verification\" content=\"UA-32230408-1\" \/>\n\t<meta name=\"msvalidate.01\" content=\"354F3CDFB2DA171B47FBE9ABF1F88D5\" \/>\n\t<meta name=\"keywords\" content=\"noticias carre\u00f1o\" \/>\n\t<link rel=\"canonical\" href=\"https:\/\/candas365.es\/noticias\/el-ayuntamiento-de-carreno-flexibilizara-la-ampliacion-de-la-superficie-de-las-terrazas\/\" \/>\n\t<meta name=\"generator\" content=\"All in One SEO Pro (AIOSEO) 4.9.6.2\" \/>\n\t\t<meta property=\"og:locale\" content=\"es_ES\" \/>\n\t\t<meta property=\"og:site_name\" content=\"Cand\u00e1s 365\" \/>\n\t\t<meta property=\"og:type\" content=\"article\" \/>\n\t\t<meta property=\"og:title\" content=\"El Ayuntamiento de Carre\u00f1o flexibilizar\u00e1 la ampliaci\u00f3n de la superficie de las terrazas | Cand\u00e1s 365\" \/>\n\t\t<meta property=\"og:description\" content=\"Todos los grupos pol\u00edticos del Ayuntamiento de Carre\u00f1o (PSOE, IU, PP, y SOMOS CARRE\u00d1O) acordaron por unanimidad en la \u00faltima junta de portavoces las bonificaciones y la ampliaci\u00f3n de la superficie de las terrazas siempre y cuando se respeten los espacios de paso y se asegure la accesibilidad. La aplicaci\u00f3n de esta medida no ser\u00e1\" \/>\n\t\t<meta property=\"og:url\" content=\"https:\/\/candas365.es\/noticias\/el-ayuntamiento-de-carreno-flexibilizara-la-ampliacion-de-la-superficie-de-las-terrazas\/\" \/>\n\t\t<meta property=\"og:image\" content=\"https:\/\/candas365.es\/noticias\/wp-content\/uploads\/2015\/01\/ayuntamiento.jpg\" \/>\n\t\t<meta property=\"og:image:secure_url\" content=\"https:\/\/candas365.es\/noticias\/wp-content\/uploads\/2015\/01\/ayuntamiento.jpg\" \/>\n\t\t<meta property=\"og:image:width\" content=\"800\" \/>\n\t\t<meta property=\"og:image:height\" content=\"600\" \/>\n\t\t<meta property=\"article:published_time\" content=\"2020-05-09T12:31:55+00:00\" \/>\n\t\t<meta property=\"article:modified_time\" content=\"2020-05-18T12:33:10+00:00\" \/>\n\t\t<meta property=\"article:publisher\" content=\"https:\/\/www.facebook.com\/Nachofdezber\" \/>\n\t\t<meta property=\"article:author\" content=\"https:\/\/www.facebook.com\/carrenoactualidad\" \/>\n\t\t<meta name=\"twitter:card\" content=\"summary_large_image\" \/>\n\t\t<meta name=\"twitter:site\" content=\"@NabercoDigital\" \/>\n\t\t<meta name=\"twitter:title\" content=\"El Ayuntamiento de Carre\u00f1o flexibilizar\u00e1 la ampliaci\u00f3n de la superficie de las terrazas | Cand\u00e1s 365\" \/>\n\t\t<meta name=\"twitter:description\" content=\"Todos los grupos pol\u00edticos del Ayuntamiento de Carre\u00f1o (PSOE, IU, PP, y SOMOS CARRE\u00d1O) acordaron por unanimidad en la \u00faltima junta de portavoces las bonificaciones y la ampliaci\u00f3n de la superficie de las terrazas siempre y cuando se respeten los espacios de paso y se asegure la accesibilidad. La aplicaci\u00f3n de esta medida no ser\u00e1\" \/>\n\t\t<meta name=\"twitter:creator\" content=\"@nbasturias\" \/>\n\t\t<meta name=\"twitter:image\" content=\"https:\/\/candas365.es\/noticias\/wp-content\/uploads\/2015\/01\/ayuntamiento.jpg\" \/>\n\t\t<meta name=\"twitter:label1\" content=\"Escrito por\" \/>\n\t\t<meta name=\"twitter:data1\" content=\"Cand\u00e1s 365\" \/>\n\t\t<meta name=\"twitter:label2\" content=\"Tiempo de lectura estimado\" \/>\n\t\t<meta name=\"twitter:data2\" content=\"3 minutos\" \/>\n\t\t<script type=\"application\/ld+json\" class=\"aioseo-schema\">\n\t\t\t{\"@context\":\"https:\\\/\\\/schema.org\",\"@graph\":[{\"@type\":\"BreadcrumbList\",\"@id\":\"https:\\\/\\\/candas365.es\\\/noticias\\\/el-ayuntamiento-de-carreno-flexibilizara-la-ampliacion-de-la-superficie-de-las-terrazas\\\/#breadcrumblist\",\"itemListElement\":[{\"@type\":\"ListItem\",\"@id\":\"https:\\\/\\\/candas365.es\\\/noticias#listItem\",\"position\":1,\"name\":\"Home\",\"item\":\"https:\\\/\\\/candas365.es\\\/noticias\",\"nextItem\":{\"@type\":\"ListItem\",\"@id\":\"https:\\\/\\\/candas365.es\\\/noticias\\\/category\\\/noticias-carreno\\\/#listItem\",\"name\":\"Noticias Carre\\u00f1o\"}},{\"@type\":\"ListItem\",\"@id\":\"https:\\\/\\\/candas365.es\\\/noticias\\\/category\\\/noticias-carreno\\\/#listItem\",\"position\":2,\"name\":\"Noticias Carre\\u00f1o\",\"item\":\"https:\\\/\\\/candas365.es\\\/noticias\\\/category\\\/noticias-carreno\\\/\",\"nextItem\":{\"@type\":\"ListItem\",\"@id\":\"https:\\\/\\\/candas365.es\\\/noticias\\\/el-ayuntamiento-de-carreno-flexibilizara-la-ampliacion-de-la-superficie-de-las-terrazas\\\/#listItem\",\"name\":\"El Ayuntamiento de Carre\\u00f1o flexibilizar\\u00e1 la ampliaci\\u00f3n de la superficie de las terrazas\"},\"previousItem\":{\"@type\":\"ListItem\",\"@id\":\"https:\\\/\\\/candas365.es\\\/noticias#listItem\",\"name\":\"Home\"}},{\"@type\":\"ListItem\",\"@id\":\"https:\\\/\\\/candas365.es\\\/noticias\\\/el-ayuntamiento-de-carreno-flexibilizara-la-ampliacion-de-la-superficie-de-las-terrazas\\\/#listItem\",\"position\":3,\"name\":\"El Ayuntamiento de Carre\\u00f1o flexibilizar\\u00e1 la ampliaci\\u00f3n de la superficie de las terrazas\",\"previousItem\":{\"@type\":\"ListItem\",\"@id\":\"https:\\\/\\\/candas365.es\\\/noticias\\\/category\\\/noticias-carreno\\\/#listItem\",\"name\":\"Noticias Carre\\u00f1o\"}}]},{\"@type\":\"NewsArticle\",\"@id\":\"https:\\\/\\\/candas365.es\\\/noticias\\\/el-ayuntamiento-de-carreno-flexibilizara-la-ampliacion-de-la-superficie-de-las-terrazas\\\/#newsarticle\",\"name\":\"El Ayuntamiento de Carre\\u00f1o flexibilizar\\u00e1 la ampliaci\\u00f3n de la superficie de las terrazas | Cand\\u00e1s 365\",\"headline\":\"El Ayuntamiento de Carre\\u00f1o flexibilizar\\u00e1 la ampliaci\\u00f3n de la superficie de las terrazas\",\"author\":{\"@id\":\"https:\\\/\\\/candas365.es\\\/noticias\\\/author\\\/admin\\\/#author\"},\"publisher\":{\"@id\":\"https:\\\/\\\/candas365.es\\\/noticias\\\/#organization\"},\"image\":{\"@type\":\"ImageObject\",\"url\":\"https:\\\/\\\/candas365.es\\\/noticias\\\/wp-content\\\/uploads\\\/2015\\\/01\\\/ayuntamiento.jpg\",\"width\":800,\"height\":600,\"caption\":\"Carre\\u00f1o\"},\"datePublished\":\"2020-05-09T12:31:55+02:00\",\"dateModified\":\"2020-05-18T12:33:10+02:00\",\"inLanguage\":\"es-ES\",\"mainEntityOfPage\":{\"@id\":\"https:\\\/\\\/candas365.es\\\/noticias\\\/el-ayuntamiento-de-carreno-flexibilizara-la-ampliacion-de-la-superficie-de-las-terrazas\\\/#webpage\"},\"isPartOf\":{\"@id\":\"https:\\\/\\\/candas365.es\\\/noticias\\\/el-ayuntamiento-de-carreno-flexibilizara-la-ampliacion-de-la-superficie-de-las-terrazas\\\/#webpage\"},\"articleSection\":\"Noticias Carre\\u00f1o\",\"dateline\":\"Publicado el mayo 9, 2020.\"},{\"@type\":\"Organization\",\"@id\":\"https:\\\/\\\/candas365.es\\\/noticias\\\/#organization\",\"name\":\"Cand\\u00e1s 365\",\"description\":\"Cand\\u00e1s 365 es un diario digital independiente, fundado en 2012, con base en Asturias. Informamos con rigor sobre actualidad, sociedad, cultura y ocio, con una mirada local y global.\",\"url\":\"https:\\\/\\\/candas365.es\\\/noticias\\\/\",\"email\":\"info@candas365.es\",\"telephone\":\"+34652131393\",\"foundingDate\":\"2012-06-10\",\"logo\":{\"@type\":\"ImageObject\",\"url\":\"https:\\\/\\\/candas365.es\\\/noticias\\\/wp-content\\\/uploads\\\/2024\\\/09\\\/Candas-365-Redes.jpg\",\"@id\":\"https:\\\/\\\/candas365.es\\\/noticias\\\/el-ayuntamiento-de-carreno-flexibilizara-la-ampliacion-de-la-superficie-de-las-terrazas\\\/#organizationLogo\",\"width\":1152,\"height\":864,\"caption\":\"Cand\\u00e1s 365 Redes\"},\"image\":{\"@id\":\"https:\\\/\\\/candas365.es\\\/noticias\\\/el-ayuntamiento-de-carreno-flexibilizara-la-ampliacion-de-la-superficie-de-las-terrazas\\\/#organizationLogo\"},\"sameAs\":[\"https:\\\/\\\/www.facebook.com\\\/Nachofdezber\",\"https:\\\/\\\/x.com\\\/NabercoDigital\",\"https:\\\/\\\/www.instagram.com\\\/nachofdezber\\\/\",\"https:\\\/\\\/www.youtube.com\\\/channel\\\/UCZP-2wLEB9Rv6erhFmqVnvg\"],\"address\":{\"@id\":\"https:\\\/\\\/candas365.es\\\/noticias\\\/#postaladdress\",\"@type\":\"PostalAddress\",\"streetAddress\":\"san antonio 4, san antonio 4\",\"postalCode\":\"33430\",\"addressLocality\":\"Cand\\u00e1s\",\"addressRegion\":\"Asturias\",\"addressCountry\":\"ES\"}},{\"@type\":\"Person\",\"@id\":\"https:\\\/\\\/candas365.es\\\/noticias\\\/author\\\/admin\\\/#author\",\"url\":\"https:\\\/\\\/candas365.es\\\/noticias\\\/author\\\/admin\\\/\",\"name\":\"Cand\\u00e1s 365\",\"image\":{\"@type\":\"ImageObject\",\"@id\":\"https:\\\/\\\/candas365.es\\\/noticias\\\/el-ayuntamiento-de-carreno-flexibilizara-la-ampliacion-de-la-superficie-de-las-terrazas\\\/#authorImage\",\"url\":\"https:\\\/\\\/secure.gravatar.com\\\/avatar\\\/496a8e03d0c493ede1718b7934145dbdf8d89be1036b0eec9544e1094c9de390?s=96&d=mm&r=g\",\"width\":96,\"height\":96,\"caption\":\"Cand\\u00e1s 365\"},\"sameAs\":[\"https:\\\/\\\/www.facebook.com\\\/carrenoactualidad\",\"https:\\\/\\\/twitter.com\\\/nbasturias\",\"https:\\\/\\\/www.instagram.com\\\/nachofdezber\\\/\",\"https:\\\/\\\/www.youtube.com\\\/channel\\\/UCZP-2wLEB9Rv6erhFmqVnvg\"]},{\"@type\":\"WebPage\",\"@id\":\"https:\\\/\\\/candas365.es\\\/noticias\\\/el-ayuntamiento-de-carreno-flexibilizara-la-ampliacion-de-la-superficie-de-las-terrazas\\\/#webpage\",\"url\":\"https:\\\/\\\/candas365.es\\\/noticias\\\/el-ayuntamiento-de-carreno-flexibilizara-la-ampliacion-de-la-superficie-de-las-terrazas\\\/\",\"name\":\"El Ayuntamiento de Carre\\u00f1o flexibilizar\\u00e1 la ampliaci\\u00f3n de la superficie de las terrazas | Cand\\u00e1s 365\",\"description\":\"Todos los grupos pol\\u00edticos del Ayuntamiento de Carre\\u00f1o (PSOE, IU, PP, y SOMOS CARRE\\u00d1O) acordaron por unanimidad en la \\u00faltima junta de portavoces las bonificaciones y la ampliaci\\u00f3n de la superficie de las terrazas siempre y cuando se respeten los espacios de paso y se asegure la accesibilidad. La aplicaci\\u00f3n de esta medida no ser\\u00e1\",\"inLanguage\":\"es-ES\",\"isPartOf\":{\"@id\":\"https:\\\/\\\/candas365.es\\\/noticias\\\/#website\"},\"breadcrumb\":{\"@id\":\"https:\\\/\\\/candas365.es\\\/noticias\\\/el-ayuntamiento-de-carreno-flexibilizara-la-ampliacion-de-la-superficie-de-las-terrazas\\\/#breadcrumblist\"},\"author\":{\"@id\":\"https:\\\/\\\/candas365.es\\\/noticias\\\/author\\\/admin\\\/#author\"},\"creator\":{\"@id\":\"https:\\\/\\\/candas365.es\\\/noticias\\\/author\\\/admin\\\/#author\"},\"image\":{\"@type\":\"ImageObject\",\"url\":\"https:\\\/\\\/candas365.es\\\/noticias\\\/wp-content\\\/uploads\\\/2015\\\/01\\\/ayuntamiento.jpg\",\"@id\":\"https:\\\/\\\/candas365.es\\\/noticias\\\/el-ayuntamiento-de-carreno-flexibilizara-la-ampliacion-de-la-superficie-de-las-terrazas\\\/#mainImage\",\"width\":800,\"height\":600,\"caption\":\"Carre\\u00f1o\"},\"primaryImageOfPage\":{\"@id\":\"https:\\\/\\\/candas365.es\\\/noticias\\\/el-ayuntamiento-de-carreno-flexibilizara-la-ampliacion-de-la-superficie-de-las-terrazas\\\/#mainImage\"},\"datePublished\":\"2020-05-09T12:31:55+02:00\",\"dateModified\":\"2020-05-18T12:33:10+02:00\"},{\"@type\":\"WebSite\",\"@id\":\"https:\\\/\\\/candas365.es\\\/noticias\\\/#website\",\"url\":\"https:\\\/\\\/candas365.es\\\/noticias\\\/\",\"name\":\"Cand\\u00e1s 365\",\"alternateName\":\"Cand\\u00e1s 365 Noticias\",\"description\":\"Actualidad desde Carre\\u00f1o para el mundo\",\"inLanguage\":\"es-ES\",\"publisher\":{\"@id\":\"https:\\\/\\\/candas365.es\\\/noticias\\\/#organization\"}}]}\n\t\t<\/script>\n\t\t<!-- All in One SEO Pro -->\r\n\t\t<title>El Ayuntamiento de Carre\u00f1o flexibilizar\u00e1 la ampliaci\u00f3n de la superficie de las terrazas | Cand\u00e1s 365<\/title>\n\n","aioseo_head_json":{"title":"El Ayuntamiento de Carre\u00f1o flexibilizar\u00e1 la ampliaci\u00f3n de la superficie de las terrazas | Cand\u00e1s 365","description":"Todos los grupos pol\u00edticos del Ayuntamiento de Carre\u00f1o (PSOE, IU, PP, y SOMOS CARRE\u00d1O) acordaron por unanimidad en la \u00faltima junta de portavoces las bonificaciones y la ampliaci\u00f3n de la superficie de las terrazas siempre y cuando se respeten los espacios de paso y se asegure la accesibilidad. La aplicaci\u00f3n de esta medida no ser\u00e1","canonical_url":"https:\/\/candas365.es\/noticias\/el-ayuntamiento-de-carreno-flexibilizara-la-ampliacion-de-la-superficie-de-las-terrazas\/","robots":"max-image-preview:large","keywords":"noticias carre\u00f1o","webmasterTools":{"google-site-verification":"UA-32230408-1","msvalidate.01":"354F3CDFB2DA171B47FBE9ABF1F88D5","miscellaneous":""},"schema":{"@context":"https:\/\/schema.org","@graph":[{"@type":"BreadcrumbList","@id":"https:\/\/candas365.es\/noticias\/el-ayuntamiento-de-carreno-flexibilizara-la-ampliacion-de-la-superficie-de-las-terrazas\/#breadcrumblist","itemListElement":[{"@type":"ListItem","@id":"https:\/\/candas365.es\/noticias#listItem","position":1,"name":"Home","item":"https:\/\/candas365.es\/noticias","nextItem":{"@type":"ListItem","@id":"https:\/\/candas365.es\/noticias\/category\/noticias-carreno\/#listItem","name":"Noticias Carre\u00f1o"}},{"@type":"ListItem","@id":"https:\/\/candas365.es\/noticias\/category\/noticias-carreno\/#listItem","position":2,"name":"Noticias Carre\u00f1o","item":"https:\/\/candas365.es\/noticias\/category\/noticias-carreno\/","nextItem":{"@type":"ListItem","@id":"https:\/\/candas365.es\/noticias\/el-ayuntamiento-de-carreno-flexibilizara-la-ampliacion-de-la-superficie-de-las-terrazas\/#listItem","name":"El Ayuntamiento de Carre\u00f1o flexibilizar\u00e1 la ampliaci\u00f3n de la superficie de las terrazas"},"previousItem":{"@type":"ListItem","@id":"https:\/\/candas365.es\/noticias#listItem","name":"Home"}},{"@type":"ListItem","@id":"https:\/\/candas365.es\/noticias\/el-ayuntamiento-de-carreno-flexibilizara-la-ampliacion-de-la-superficie-de-las-terrazas\/#listItem","position":3,"name":"El Ayuntamiento de Carre\u00f1o flexibilizar\u00e1 la ampliaci\u00f3n de la superficie de las terrazas","previousItem":{"@type":"ListItem","@id":"https:\/\/candas365.es\/noticias\/category\/noticias-carreno\/#listItem","name":"Noticias Carre\u00f1o"}}]},{"@type":"NewsArticle","@id":"https:\/\/candas365.es\/noticias\/el-ayuntamiento-de-carreno-flexibilizara-la-ampliacion-de-la-superficie-de-las-terrazas\/#newsarticle","name":"El Ayuntamiento de Carre\u00f1o flexibilizar\u00e1 la ampliaci\u00f3n de la superficie de las terrazas | Cand\u00e1s 365","headline":"El Ayuntamiento de Carre\u00f1o flexibilizar\u00e1 la ampliaci\u00f3n de la superficie de las terrazas","author":{"@id":"https:\/\/candas365.es\/noticias\/author\/admin\/#author"},"publisher":{"@id":"https:\/\/candas365.es\/noticias\/#organization"},"image":{"@type":"ImageObject","url":"https:\/\/candas365.es\/noticias\/wp-content\/uploads\/2015\/01\/ayuntamiento.jpg","width":800,"height":600,"caption":"Carre\u00f1o"},"datePublished":"2020-05-09T12:31:55+02:00","dateModified":"2020-05-18T12:33:10+02:00","inLanguage":"es-ES","mainEntityOfPage":{"@id":"https:\/\/candas365.es\/noticias\/el-ayuntamiento-de-carreno-flexibilizara-la-ampliacion-de-la-superficie-de-las-terrazas\/#webpage"},"isPartOf":{"@id":"https:\/\/candas365.es\/noticias\/el-ayuntamiento-de-carreno-flexibilizara-la-ampliacion-de-la-superficie-de-las-terrazas\/#webpage"},"articleSection":"Noticias Carre\u00f1o","dateline":"Publicado el mayo 9, 2020."},{"@type":"Organization","@id":"https:\/\/candas365.es\/noticias\/#organization","name":"Cand\u00e1s 365","description":"Cand\u00e1s 365 es un diario digital independiente, fundado en 2012, con base en Asturias. Informamos con rigor sobre actualidad, sociedad, cultura y ocio, con una mirada local y global.","url":"https:\/\/candas365.es\/noticias\/","email":"info@candas365.es","telephone":"+34652131393","foundingDate":"2012-06-10","logo":{"@type":"ImageObject","url":"https:\/\/candas365.es\/noticias\/wp-content\/uploads\/2024\/09\/Candas-365-Redes.jpg","@id":"https:\/\/candas365.es\/noticias\/el-ayuntamiento-de-carreno-flexibilizara-la-ampliacion-de-la-superficie-de-las-terrazas\/#organizationLogo","width":1152,"height":864,"caption":"Cand\u00e1s 365 Redes"},"image":{"@id":"https:\/\/candas365.es\/noticias\/el-ayuntamiento-de-carreno-flexibilizara-la-ampliacion-de-la-superficie-de-las-terrazas\/#organizationLogo"},"sameAs":["https:\/\/www.facebook.com\/Nachofdezber","https:\/\/x.com\/NabercoDigital","https:\/\/www.instagram.com\/nachofdezber\/","https:\/\/www.youtube.com\/channel\/UCZP-2wLEB9Rv6erhFmqVnvg"],"address":{"@id":"https:\/\/candas365.es\/noticias\/#postaladdress","@type":"PostalAddress","streetAddress":"san antonio 4, san antonio 4","postalCode":"33430","addressLocality":"Cand\u00e1s","addressRegion":"Asturias","addressCountry":"ES"}},{"@type":"Person","@id":"https:\/\/candas365.es\/noticias\/author\/admin\/#author","url":"https:\/\/candas365.es\/noticias\/author\/admin\/","name":"Cand\u00e1s 365","image":{"@type":"ImageObject","@id":"https:\/\/candas365.es\/noticias\/el-ayuntamiento-de-carreno-flexibilizara-la-ampliacion-de-la-superficie-de-las-terrazas\/#authorImage","url":"https:\/\/secure.gravatar.com\/avatar\/496a8e03d0c493ede1718b7934145dbdf8d89be1036b0eec9544e1094c9de390?s=96&d=mm&r=g","width":96,"height":96,"caption":"Cand\u00e1s 365"},"sameAs":["https:\/\/www.facebook.com\/carrenoactualidad","https:\/\/twitter.com\/nbasturias","https:\/\/www.instagram.com\/nachofdezber\/","https:\/\/www.youtube.com\/channel\/UCZP-2wLEB9Rv6erhFmqVnvg"]},{"@type":"WebPage","@id":"https:\/\/candas365.es\/noticias\/el-ayuntamiento-de-carreno-flexibilizara-la-ampliacion-de-la-superficie-de-las-terrazas\/#webpage","url":"https:\/\/candas365.es\/noticias\/el-ayuntamiento-de-carreno-flexibilizara-la-ampliacion-de-la-superficie-de-las-terrazas\/","name":"El Ayuntamiento de Carre\u00f1o flexibilizar\u00e1 la ampliaci\u00f3n de la superficie de las terrazas | Cand\u00e1s 365","description":"Todos los grupos pol\u00edticos del Ayuntamiento de Carre\u00f1o (PSOE, IU, PP, y SOMOS CARRE\u00d1O) acordaron por unanimidad en la \u00faltima junta de portavoces las bonificaciones y la ampliaci\u00f3n de la superficie de las terrazas siempre y cuando se respeten los espacios de paso y se asegure la accesibilidad. La aplicaci\u00f3n de esta medida no ser\u00e1","inLanguage":"es-ES","isPartOf":{"@id":"https:\/\/candas365.es\/noticias\/#website"},"breadcrumb":{"@id":"https:\/\/candas365.es\/noticias\/el-ayuntamiento-de-carreno-flexibilizara-la-ampliacion-de-la-superficie-de-las-terrazas\/#breadcrumblist"},"author":{"@id":"https:\/\/candas365.es\/noticias\/author\/admin\/#author"},"creator":{"@id":"https:\/\/candas365.es\/noticias\/author\/admin\/#author"},"image":{"@type":"ImageObject","url":"https:\/\/candas365.es\/noticias\/wp-content\/uploads\/2015\/01\/ayuntamiento.jpg","@id":"https:\/\/candas365.es\/noticias\/el-ayuntamiento-de-carreno-flexibilizara-la-ampliacion-de-la-superficie-de-las-terrazas\/#mainImage","width":800,"height":600,"caption":"Carre\u00f1o"},"primaryImageOfPage":{"@id":"https:\/\/candas365.es\/noticias\/el-ayuntamiento-de-carreno-flexibilizara-la-ampliacion-de-la-superficie-de-las-terrazas\/#mainImage"},"datePublished":"2020-05-09T12:31:55+02:00","dateModified":"2020-05-18T12:33:10+02:00"},{"@type":"WebSite","@id":"https:\/\/candas365.es\/noticias\/#website","url":"https:\/\/candas365.es\/noticias\/","name":"Cand\u00e1s 365","alternateName":"Cand\u00e1s 365 Noticias","description":"Actualidad desde Carre\u00f1o para el mundo","inLanguage":"es-ES","publisher":{"@id":"https:\/\/candas365.es\/noticias\/#organization"}}]},"og:locale":"es_ES","og:site_name":"Cand\u00e1s 365","og:type":"article","og:title":"El Ayuntamiento de Carre\u00f1o flexibilizar\u00e1 la ampliaci\u00f3n de la superficie de las terrazas | Cand\u00e1s 365","og:description":"Todos los grupos pol\u00edticos del Ayuntamiento de Carre\u00f1o (PSOE, IU, PP, y SOMOS CARRE\u00d1O) acordaron por unanimidad en la \u00faltima junta de portavoces las bonificaciones y la ampliaci\u00f3n de la superficie de las terrazas siempre y cuando se respeten los espacios de paso y se asegure la accesibilidad. La aplicaci\u00f3n de esta medida no ser\u00e1","og:url":"https:\/\/candas365.es\/noticias\/el-ayuntamiento-de-carreno-flexibilizara-la-ampliacion-de-la-superficie-de-las-terrazas\/","og:image":"https:\/\/candas365.es\/noticias\/wp-content\/uploads\/2015\/01\/ayuntamiento.jpg","og:image:secure_url":"https:\/\/candas365.es\/noticias\/wp-content\/uploads\/2015\/01\/ayuntamiento.jpg","og:image:width":800,"og:image:height":600,"article:published_time":"2020-05-09T12:31:55+00:00","article:modified_time":"2020-05-18T12:33:10+00:00","article:publisher":"https:\/\/www.facebook.com\/Nachofdezber","article:author":"https:\/\/www.facebook.com\/carrenoactualidad","twitter:card":"summary_large_image","twitter:site":"@NabercoDigital","twitter:title":"El Ayuntamiento de Carre\u00f1o flexibilizar\u00e1 la ampliaci\u00f3n de la superficie de las terrazas | Cand\u00e1s 365","twitter:description":"Todos los grupos pol\u00edticos del Ayuntamiento de Carre\u00f1o (PSOE, IU, PP, y SOMOS CARRE\u00d1O) acordaron por unanimidad en la \u00faltima junta de portavoces las bonificaciones y la ampliaci\u00f3n de la superficie de las terrazas siempre y cuando se respeten los espacios de paso y se asegure la accesibilidad. La aplicaci\u00f3n de esta medida no ser\u00e1","twitter:creator":"@nbasturias","twitter:image":"https:\/\/candas365.es\/noticias\/wp-content\/uploads\/2015\/01\/ayuntamiento.jpg","twitter:label1":"Escrito por","twitter:data1":"Cand\u00e1s 365","twitter:label2":"Tiempo de lectura estimado","twitter:data2":"3 minutos"},"aioseo_meta_data":{"post_id":"142318","title":null,"description":null,"keywords":null,"keyphrases":null,"primary_term":null,"canonical_url":null,"og_title":null,"og_description":null,"og_object_type":"default","og_image_type":"default","og_image_url":null,"og_image_width":null,"og_image_height":null,"og_image_custom_url":null,"og_image_custom_fields":null,"og_video":null,"og_custom_url":null,"og_article_section":null,"og_article_tags":null,"twitter_use_og":false,"twitter_card":"default","twitter_image_type":"default","twitter_image_url":null,"twitter_image_custom_url":null,"twitter_image_custom_fields":null,"twitter_title":null,"twitter_description":null,"schema":{"blockGraphs":[],"customGraphs":[],"default":{"data":{"Article":[],"Course":[],"Dataset":[],"FAQPage":[],"Movie":[],"Person":[],"Product":[],"ProductReview":[],"Car":[],"Recipe":[],"Service":[],"SoftwareApplication":[],"WebPage":[]},"graphName":"","isEnabled":true},"graphs":[]},"schema_type":null,"schema_type_options":null,"pillar_content":false,"robots_default":true,"robots_noindex":false,"robots_noarchive":false,"robots_nosnippet":false,"robots_nofollow":false,"robots_noimageindex":false,"robots_noodp":false,"robots_notranslate":false,"robots_max_snippet":null,"robots_max_videopreview":null,"robots_max_imagepreview":"large","priority":null,"frequency":null,"location":null,"local_seo":null,"seo_analyzer_scan_date":"2025-08-31 04:43:18","breadcrumb_settings":null,"limit_modified_date":false,"reviewed_by":null,"open_ai":null,"ai":null,"created":"2020-12-21 10:42:20","updated":"2025-08-31 04:43:18"},"aioseo_breadcrumb":"<div class=\"aioseo-breadcrumbs\"><span class=\"aioseo-breadcrumb\">\n\t<a href=\"https:\/\/candas365.es\/noticias\" title=\"Home\">Home<\/a>\n<\/span><span class=\"aioseo-breadcrumb-separator\">&ndash;<\/span><span class=\"aioseo-breadcrumb\">\n\t<a href=\"https:\/\/candas365.es\/noticias\/category\/noticias-carreno\/\" title=\"Noticias Carre\u00f1o\">Noticias Carre\u00f1o<\/a>\n<\/span><span class=\"aioseo-breadcrumb-separator\">&ndash;<\/span><span class=\"aioseo-breadcrumb\">\n\tEl Ayuntamiento de Carre\u00f1o flexibilizar\u00e1 la ampliaci\u00f3n de la superficie de las terrazas\n<\/span><\/div>","aioseo_breadcrumb_json":[{"label":"Home","link":"https:\/\/candas365.es\/noticias"},{"label":"Noticias Carre\u00f1o","link":"https:\/\/candas365.es\/noticias\/category\/noticias-carreno\/"},{"label":"El Ayuntamiento de Carre\u00f1o flexibilizar\u00e1 la ampliaci\u00f3n de la superficie de las terrazas","link":"https:\/\/candas365.es\/noticias\/el-ayuntamiento-de-carreno-flexibilizara-la-ampliacion-de-la-superficie-de-las-terrazas\/"}],"_links":{"self":[{"href":"https:\/\/candas365.es\/noticias\/wp-json\/wp\/v2\/posts\/142318","targetHints":{"allow":["GET"]}}],"collection":[{"href":"https:\/\/candas365.es\/noticias\/wp-json\/wp\/v2\/posts"}],"about":[{"href":"https:\/\/candas365.es\/noticias\/wp-json\/wp\/v2\/types\/post"}],"author":[{"embeddable":true,"href":"https:\/\/candas365.es\/noticias\/wp-json\/wp\/v2\/users\/1"}],"replies":[{"embeddable":true,"href":"https:\/\/candas365.es\/noticias\/wp-json\/wp\/v2\/comments?post=142318"}],"version-history":[{"count":0,"href":"https:\/\/candas365.es\/noticias\/wp-json\/wp\/v2\/posts\/142318\/revisions"}],"wp:featuredmedia":[{"embeddable":true,"href":"https:\/\/candas365.es\/noticias\/wp-json\/wp\/v2\/media\/6453"}],"wp:attachment":[{"href":"https:\/\/candas365.es\/noticias\/wp-json\/wp\/v2\/media?parent=142318"}],"wp:term":[{"taxonomy":"category","embeddable":true,"href":"https:\/\/candas365.es\/noticias\/wp-json\/wp\/v2\/categories?post=142318"},{"taxonomy":"post_tag","embeddable":true,"href":"https:\/\/candas365.es\/noticias\/wp-json\/wp\/v2\/tags?post=142318"}],"curies":[{"name":"wp","href":"https:\/\/api.w.org\/{rel}","templated":true}]}}