{"id":142316,"date":"2020-05-08T12:25:30","date_gmt":"2020-05-08T12:25:30","guid":{"rendered":"http:\/\/candas365.es\/noticias\/?p=142316"},"modified":"2020-05-18T12:26:24","modified_gmt":"2020-05-18T12:26:24","slug":"licitacion-del-proyecto-expositivo-del-futuro-eco-museo-de-la-industria-conservera-de-candas","status":"publish","type":"post","link":"https:\/\/candas365.es\/noticias\/licitacion-del-proyecto-expositivo-del-futuro-eco-museo-de-la-industria-conservera-de-candas\/","title":{"rendered":"Licitaci\u00f3n del proyecto expositivo del futuro Eco-Museo de la Industria Conservera de Cand\u00e1s"},"content":{"rendered":"<p><img fetchpriority=\"high\" decoding=\"async\" class=\"alignleft size-medium wp-image-6453\" src=\"https:\/\/candas365.es\/noticias\/wp-content\/uploads\/2015\/01\/ayuntamiento-360x270.jpg\" alt=\"\" width=\"360\" height=\"270\" srcset=\"https:\/\/candas365.es\/noticias\/wp-content\/uploads\/2015\/01\/ayuntamiento-360x270.jpg 360w, https:\/\/candas365.es\/noticias\/wp-content\/uploads\/2015\/01\/ayuntamiento-640x480.jpg 640w, https:\/\/candas365.es\/noticias\/wp-content\/uploads\/2015\/01\/ayuntamiento-768x576.jpg 768w, https:\/\/candas365.es\/noticias\/wp-content\/uploads\/2015\/01\/ayuntamiento-150x113.jpg 150w, https:\/\/candas365.es\/noticias\/wp-content\/uploads\/2015\/01\/ayuntamiento-450x338.jpg 450w, https:\/\/candas365.es\/noticias\/wp-content\/uploads\/2015\/01\/ayuntamiento-80x60.jpg 80w, https:\/\/candas365.es\/noticias\/wp-content\/uploads\/2015\/01\/ayuntamiento-265x198.jpg 265w, https:\/\/candas365.es\/noticias\/wp-content\/uploads\/2015\/01\/ayuntamiento-696x522.jpg 696w, https:\/\/candas365.es\/noticias\/wp-content\/uploads\/2015\/01\/ayuntamiento-560x420.jpg 560w, https:\/\/candas365.es\/noticias\/wp-content\/uploads\/2015\/01\/ayuntamiento-90x67.jpg 90w, https:\/\/candas365.es\/noticias\/wp-content\/uploads\/2015\/01\/ayuntamiento.jpg 800w\" sizes=\"(max-width: 360px) 100vw, 360px\" \/>Desde ayer, jueves 7 de Mayo, aparece publicado en el Perfil del contratante en la Plataforma del Sector P\u00fablico el anuncio de la licitaci\u00f3n del proyecto expositivo del Plan Director del futuro Eco-Museo de la Industria Conservera de Cand\u00e1s.<\/p>\n<p>\u201cUno de los futuros proyectos culturales de Carre\u00f1o es la creaci\u00f3n de un Museo de la Conserva. Por este motivo en la convocatoria del 2019 de los fondos europeos FEMP solicitamos a la Direcci\u00f3n General de Pesca el proyecto de elaboraci\u00f3n del Plan Director del Museo de la Industria Conservera de Cand\u00e1s. Concedi\u00e9ndonos al consistorio una subvenci\u00f3n de 19.156 \u20ac para tal fin, repartida en dos anualidades. Dicha ayuda est\u00e1 cofinanciada por la Uni\u00f3n Europea en un 85% y el Principado de Asturias en un 15%\u201d declar\u00f3 Juanjo Fern\u00e1ndez \u2013 Concejal de Cultura.<\/p>\n<p>\u201cEl proyecto para el que se solicit\u00f3 la ayuda consta de dos fases: en la primera, la anualidad del 2019 la realizaci\u00f3n del Plan Director en la que participamos todos los grupos pol\u00edticos y en la segunda, la anualidad 2020, la exposici\u00f3n temporal sobre las conclusiones de dicho estudio. En estos momentos estamos en pleno proceso de contracci\u00f3n para realizar la exposici\u00f3n que permita difundir el contenido del citado Plan\u201d se\u00f1al\u00f3 el Edil.<\/p>\n<p>\u201cPor tanto, el objeto de la actual contrataci\u00f3n es una asistencia t\u00e9cnica para la habilitaci\u00f3n del espacio y montaje de la exposici\u00f3n temporal relativa a la presentaci\u00f3n del documento \u201cPlan Director del Ecomuseo de la conserva de Asturias\u201d, a instalar en el interior de la antigua f\u00e1brica de conservas \u201cOrtiz\u201d. En el que la empresa contratada deber\u00e1 realizar una propuesta de guion, elaboraci\u00f3n de contenidos y el dise\u00f1o de la citada exposici\u00f3n, previa aprobaci\u00f3n por el Ayuntamiento de Carre\u00f1o. Adem\u00e1s de la construcci\u00f3n y montaje de la exposici\u00f3n incluyendo todos los elementos expositivos (mobiliario, equipamiento audiovisual, producciones audiovisuales, etc.)\u201d prosigui\u00f3 Fern\u00e1ndez.<\/p>\n<p>\u201cLa exposici\u00f3n deber\u00e1 dedicarse a difundir el Plan Director del Ecomuseo de la Conserva de Asturias, tanto en su contenido literal, como en la filosof\u00eda que comporta. En este sentido se trata de que quede clara la importancia de la industria conservera en Cand\u00e1s, el tipo de instituci\u00f3n que se quiere crear (funciones, servicios\u2026), el aspecto que tendr\u00e1 e incluso una representaci\u00f3n de algunos objetos que se podr\u00e1n presentar en el futuro museo\u201d explic\u00f3 el Concejal.<\/p>\n<p>\u201cTras la aprobaci\u00f3n definitiva del expediente para la contrataci\u00f3n, de los Pliegos de Cl\u00e1usulas Administrativas y Prescripciones T\u00e9cnicas que regir\u00e1n el proceso de adjudicaci\u00f3n del contrato, un abierto, el siguiente paso es el anuncio de la licitaci\u00f3n del servicio. El cual ha salido publicado en el d\u00eda de ayer, 7 de mayo, por lo aquellas personas, empresas, entidades que est\u00e9n interesadas en resultar adjudicatarias deber\u00e1n presentar sus ofertas hasta el pr\u00f3ximo 22 de mayo a las a las 15:00 horas. El presupuesto base de la licitaci\u00f3n, con cargo a la partida 333 22706 \u201cPlan Director del Museo de la Industria Conservera de Cand\u00e1s\u201d del presupuesto ser\u00e1 de 31.181,70\u20ac, para los dosmes de duraci\u00f3n del contrato\u201d recalc\u00f3 el Responsable del \u00c1rea.<\/p>\n<p>Del presupuesto de licitaci\u00f3n de 31.181,70 \u20ac, el 64 %, ser\u00e1n financiados por el Ayuntamiento de Carre\u00f1o; mientras que el 36% restante, ser\u00e1n financiados a cargo de subvenci\u00f3n otorgada al Ayuntamiento a trav\u00e9s de los Fondo Europeo Mar\u00edtimo y Pesquero (FEMP) en la zona del Cabo Pe\u00f1as para convocatoria 2019, y que anualmente concede la Consejer\u00eda de Desarrollo Rural y Pesca del Principado de Asturias.<\/p>\n<p>\u201cEl objetivo general de este proyecto cultural es la de poner en valor la dimensi\u00f3n cultural de la mar como se\u00f1a de identidad de un pueblo adem\u00e1s de promover y difundir la identificaci\u00f3n del vecindario con su tradici\u00f3n marinera y pescadora, as\u00ed como la de sus visitantes; consolidar la imagen pesquera de Cand\u00e1s por medio de su asociaci\u00f3n a la actividad pesquera y conservera; potenciar su atractivo; y poner en valor su tradici\u00f3n marinera, y su especial relaci\u00f3n con las actividades derivadas de la pesca\u201d finaliz\u00f3 Fern\u00e1ndez.<\/p>\n","protected":false},"excerpt":{"rendered":"<p>Desde ayer, jueves 7 de Mayo, aparece publicado en el Perfil del contratante en la Plataforma del Sector P\u00fablico el anuncio de la licitaci\u00f3n del proyecto expositivo del Plan Director del futuro Eco-Museo de la Industria Conservera de Cand\u00e1s. \u201cUno de los futuros proyectos culturales de Carre\u00f1o es la creaci\u00f3n de un Museo de la<\/p>\n","protected":false},"author":1,"featured_media":6453,"comment_status":"closed","ping_status":"closed","sticky":false,"template":"","format":"standard","meta":{"footnotes":""},"categories":[2],"tags":[],"class_list":{"0":"post-142316","1":"post","2":"type-post","3":"status-publish","4":"format-standard","5":"has-post-thumbnail","7":"category-noticias-carreno"},"aioseo_notices":[],"aioseo_head":"\n\t\t<!-- All in One SEO Pro 4.9.6.2 - aioseo.com -->\n\t<meta name=\"description\" content=\"Desde ayer, jueves 7 de Mayo, aparece publicado en el Perfil del contratante en la Plataforma del Sector P\u00fablico el anuncio de la licitaci\u00f3n del proyecto expositivo del Plan Director del futuro Eco-Museo de la Industria Conservera de Cand\u00e1s. \u201cUno de los futuros proyectos culturales de Carre\u00f1o es la creaci\u00f3n de un Museo de la\" \/>\n\t<meta name=\"robots\" content=\"max-image-preview:large\" \/>\n\t<meta name=\"author\" content=\"Cand\u00e1s 365\"\/>\n\t<meta name=\"google-site-verification\" content=\"UA-32230408-1\" \/>\n\t<meta name=\"msvalidate.01\" content=\"354F3CDFB2DA171B47FBE9ABF1F88D5\" \/>\n\t<meta name=\"keywords\" content=\"noticias carre\u00f1o\" \/>\n\t<link rel=\"canonical\" href=\"https:\/\/candas365.es\/noticias\/licitacion-del-proyecto-expositivo-del-futuro-eco-museo-de-la-industria-conservera-de-candas\/\" \/>\n\t<meta name=\"generator\" content=\"All in One SEO Pro (AIOSEO) 4.9.6.2\" \/>\n\t\t<meta property=\"og:locale\" content=\"es_ES\" \/>\n\t\t<meta property=\"og:site_name\" content=\"Cand\u00e1s 365\" \/>\n\t\t<meta property=\"og:type\" content=\"article\" \/>\n\t\t<meta property=\"og:title\" content=\"Licitaci\u00f3n del proyecto expositivo del futuro Eco-Museo de la Industria Conservera de Cand\u00e1s | Cand\u00e1s 365\" \/>\n\t\t<meta property=\"og:description\" content=\"Desde ayer, jueves 7 de Mayo, aparece publicado en el Perfil del contratante en la Plataforma del Sector P\u00fablico el anuncio de la licitaci\u00f3n del proyecto expositivo del Plan Director del futuro Eco-Museo de la Industria Conservera de Cand\u00e1s. \u201cUno de los futuros proyectos culturales de Carre\u00f1o es la creaci\u00f3n de un Museo de la\" \/>\n\t\t<meta property=\"og:url\" content=\"https:\/\/candas365.es\/noticias\/licitacion-del-proyecto-expositivo-del-futuro-eco-museo-de-la-industria-conservera-de-candas\/\" \/>\n\t\t<meta property=\"og:image\" content=\"https:\/\/candas365.es\/noticias\/wp-content\/uploads\/2015\/01\/ayuntamiento.jpg\" \/>\n\t\t<meta property=\"og:image:secure_url\" content=\"https:\/\/candas365.es\/noticias\/wp-content\/uploads\/2015\/01\/ayuntamiento.jpg\" \/>\n\t\t<meta property=\"og:image:width\" content=\"800\" \/>\n\t\t<meta property=\"og:image:height\" content=\"600\" \/>\n\t\t<meta property=\"article:published_time\" content=\"2020-05-08T12:25:30+00:00\" \/>\n\t\t<meta property=\"article:modified_time\" content=\"2020-05-18T12:26:24+00:00\" \/>\n\t\t<meta property=\"article:publisher\" content=\"https:\/\/www.facebook.com\/Nachofdezber\" \/>\n\t\t<meta property=\"article:author\" content=\"https:\/\/www.facebook.com\/carrenoactualidad\" \/>\n\t\t<meta name=\"twitter:card\" content=\"summary_large_image\" \/>\n\t\t<meta name=\"twitter:site\" content=\"@NabercoDigital\" \/>\n\t\t<meta name=\"twitter:title\" content=\"Licitaci\u00f3n del proyecto expositivo del futuro Eco-Museo de la Industria Conservera de Cand\u00e1s | Cand\u00e1s 365\" \/>\n\t\t<meta name=\"twitter:description\" content=\"Desde ayer, jueves 7 de Mayo, aparece publicado en el Perfil del contratante en la Plataforma del Sector P\u00fablico el anuncio de la licitaci\u00f3n del proyecto expositivo del Plan Director del futuro Eco-Museo de la Industria Conservera de Cand\u00e1s. \u201cUno de los futuros proyectos culturales de Carre\u00f1o es la creaci\u00f3n de un Museo de la\" \/>\n\t\t<meta name=\"twitter:creator\" content=\"@nbasturias\" \/>\n\t\t<meta name=\"twitter:image\" content=\"https:\/\/candas365.es\/noticias\/wp-content\/uploads\/2015\/01\/ayuntamiento.jpg\" \/>\n\t\t<meta name=\"twitter:label1\" content=\"Escrito por\" \/>\n\t\t<meta name=\"twitter:data1\" content=\"Cand\u00e1s 365\" \/>\n\t\t<meta name=\"twitter:label2\" content=\"Tiempo de lectura estimado\" \/>\n\t\t<meta name=\"twitter:data2\" content=\"4 minutos\" \/>\n\t\t<script type=\"application\/ld+json\" class=\"aioseo-schema\">\n\t\t\t{\"@context\":\"https:\\\/\\\/schema.org\",\"@graph\":[{\"@type\":\"BreadcrumbList\",\"@id\":\"https:\\\/\\\/candas365.es\\\/noticias\\\/licitacion-del-proyecto-expositivo-del-futuro-eco-museo-de-la-industria-conservera-de-candas\\\/#breadcrumblist\",\"itemListElement\":[{\"@type\":\"ListItem\",\"@id\":\"https:\\\/\\\/candas365.es\\\/noticias#listItem\",\"position\":1,\"name\":\"Home\",\"item\":\"https:\\\/\\\/candas365.es\\\/noticias\",\"nextItem\":{\"@type\":\"ListItem\",\"@id\":\"https:\\\/\\\/candas365.es\\\/noticias\\\/category\\\/noticias-carreno\\\/#listItem\",\"name\":\"Noticias Carre\\u00f1o\"}},{\"@type\":\"ListItem\",\"@id\":\"https:\\\/\\\/candas365.es\\\/noticias\\\/category\\\/noticias-carreno\\\/#listItem\",\"position\":2,\"name\":\"Noticias Carre\\u00f1o\",\"item\":\"https:\\\/\\\/candas365.es\\\/noticias\\\/category\\\/noticias-carreno\\\/\",\"nextItem\":{\"@type\":\"ListItem\",\"@id\":\"https:\\\/\\\/candas365.es\\\/noticias\\\/licitacion-del-proyecto-expositivo-del-futuro-eco-museo-de-la-industria-conservera-de-candas\\\/#listItem\",\"name\":\"Licitaci\\u00f3n del proyecto expositivo del futuro Eco-Museo de la Industria Conservera de Cand\\u00e1s\"},\"previousItem\":{\"@type\":\"ListItem\",\"@id\":\"https:\\\/\\\/candas365.es\\\/noticias#listItem\",\"name\":\"Home\"}},{\"@type\":\"ListItem\",\"@id\":\"https:\\\/\\\/candas365.es\\\/noticias\\\/licitacion-del-proyecto-expositivo-del-futuro-eco-museo-de-la-industria-conservera-de-candas\\\/#listItem\",\"position\":3,\"name\":\"Licitaci\\u00f3n del proyecto expositivo del futuro Eco-Museo de la Industria Conservera de Cand\\u00e1s\",\"previousItem\":{\"@type\":\"ListItem\",\"@id\":\"https:\\\/\\\/candas365.es\\\/noticias\\\/category\\\/noticias-carreno\\\/#listItem\",\"name\":\"Noticias Carre\\u00f1o\"}}]},{\"@type\":\"NewsArticle\",\"@id\":\"https:\\\/\\\/candas365.es\\\/noticias\\\/licitacion-del-proyecto-expositivo-del-futuro-eco-museo-de-la-industria-conservera-de-candas\\\/#newsarticle\",\"name\":\"Licitaci\\u00f3n del proyecto expositivo del futuro Eco-Museo de la Industria Conservera de Cand\\u00e1s | Cand\\u00e1s 365\",\"headline\":\"Licitaci\\u00f3n del proyecto expositivo del futuro Eco-Museo de la Industria Conservera de Cand\\u00e1s\",\"author\":{\"@id\":\"https:\\\/\\\/candas365.es\\\/noticias\\\/author\\\/admin\\\/#author\"},\"publisher\":{\"@id\":\"https:\\\/\\\/candas365.es\\\/noticias\\\/#organization\"},\"image\":{\"@type\":\"ImageObject\",\"url\":\"https:\\\/\\\/candas365.es\\\/noticias\\\/wp-content\\\/uploads\\\/2015\\\/01\\\/ayuntamiento.jpg\",\"width\":800,\"height\":600,\"caption\":\"Carre\\u00f1o\"},\"datePublished\":\"2020-05-08T12:25:30+02:00\",\"dateModified\":\"2020-05-18T12:26:24+02:00\",\"inLanguage\":\"es-ES\",\"mainEntityOfPage\":{\"@id\":\"https:\\\/\\\/candas365.es\\\/noticias\\\/licitacion-del-proyecto-expositivo-del-futuro-eco-museo-de-la-industria-conservera-de-candas\\\/#webpage\"},\"isPartOf\":{\"@id\":\"https:\\\/\\\/candas365.es\\\/noticias\\\/licitacion-del-proyecto-expositivo-del-futuro-eco-museo-de-la-industria-conservera-de-candas\\\/#webpage\"},\"articleSection\":\"Noticias Carre\\u00f1o\",\"dateline\":\"Publicado el mayo 8, 2020.\"},{\"@type\":\"Organization\",\"@id\":\"https:\\\/\\\/candas365.es\\\/noticias\\\/#organization\",\"name\":\"Cand\\u00e1s 365\",\"description\":\"Cand\\u00e1s 365 es un diario digital independiente, fundado en 2012, con base en Asturias. Informamos con rigor sobre actualidad, sociedad, cultura y ocio, con una mirada local y global.\",\"url\":\"https:\\\/\\\/candas365.es\\\/noticias\\\/\",\"email\":\"info@candas365.es\",\"telephone\":\"+34652131393\",\"foundingDate\":\"2012-06-10\",\"logo\":{\"@type\":\"ImageObject\",\"url\":\"https:\\\/\\\/candas365.es\\\/noticias\\\/wp-content\\\/uploads\\\/2024\\\/09\\\/Candas-365-Redes.jpg\",\"@id\":\"https:\\\/\\\/candas365.es\\\/noticias\\\/licitacion-del-proyecto-expositivo-del-futuro-eco-museo-de-la-industria-conservera-de-candas\\\/#organizationLogo\",\"width\":1152,\"height\":864,\"caption\":\"Cand\\u00e1s 365 Redes\"},\"image\":{\"@id\":\"https:\\\/\\\/candas365.es\\\/noticias\\\/licitacion-del-proyecto-expositivo-del-futuro-eco-museo-de-la-industria-conservera-de-candas\\\/#organizationLogo\"},\"sameAs\":[\"https:\\\/\\\/www.facebook.com\\\/Nachofdezber\",\"https:\\\/\\\/x.com\\\/NabercoDigital\",\"https:\\\/\\\/www.instagram.com\\\/nachofdezber\\\/\",\"https:\\\/\\\/www.youtube.com\\\/channel\\\/UCZP-2wLEB9Rv6erhFmqVnvg\"],\"address\":{\"@id\":\"https:\\\/\\\/candas365.es\\\/noticias\\\/#postaladdress\",\"@type\":\"PostalAddress\",\"streetAddress\":\"san antonio 4, san antonio 4\",\"postalCode\":\"33430\",\"addressLocality\":\"Cand\\u00e1s\",\"addressRegion\":\"Asturias\",\"addressCountry\":\"ES\"}},{\"@type\":\"Person\",\"@id\":\"https:\\\/\\\/candas365.es\\\/noticias\\\/author\\\/admin\\\/#author\",\"url\":\"https:\\\/\\\/candas365.es\\\/noticias\\\/author\\\/admin\\\/\",\"name\":\"Cand\\u00e1s 365\",\"image\":{\"@type\":\"ImageObject\",\"@id\":\"https:\\\/\\\/candas365.es\\\/noticias\\\/licitacion-del-proyecto-expositivo-del-futuro-eco-museo-de-la-industria-conservera-de-candas\\\/#authorImage\",\"url\":\"https:\\\/\\\/secure.gravatar.com\\\/avatar\\\/496a8e03d0c493ede1718b7934145dbdf8d89be1036b0eec9544e1094c9de390?s=96&d=mm&r=g\",\"width\":96,\"height\":96,\"caption\":\"Cand\\u00e1s 365\"},\"sameAs\":[\"https:\\\/\\\/www.facebook.com\\\/carrenoactualidad\",\"https:\\\/\\\/twitter.com\\\/nbasturias\",\"https:\\\/\\\/www.instagram.com\\\/nachofdezber\\\/\",\"https:\\\/\\\/www.youtube.com\\\/channel\\\/UCZP-2wLEB9Rv6erhFmqVnvg\"]},{\"@type\":\"WebPage\",\"@id\":\"https:\\\/\\\/candas365.es\\\/noticias\\\/licitacion-del-proyecto-expositivo-del-futuro-eco-museo-de-la-industria-conservera-de-candas\\\/#webpage\",\"url\":\"https:\\\/\\\/candas365.es\\\/noticias\\\/licitacion-del-proyecto-expositivo-del-futuro-eco-museo-de-la-industria-conservera-de-candas\\\/\",\"name\":\"Licitaci\\u00f3n del proyecto expositivo del futuro Eco-Museo de la Industria Conservera de Cand\\u00e1s | Cand\\u00e1s 365\",\"description\":\"Desde ayer, jueves 7 de Mayo, aparece publicado en el Perfil del contratante en la Plataforma del Sector P\\u00fablico el anuncio de la licitaci\\u00f3n del proyecto expositivo del Plan Director del futuro Eco-Museo de la Industria Conservera de Cand\\u00e1s. \\u201cUno de los futuros proyectos culturales de Carre\\u00f1o es la creaci\\u00f3n de un Museo de la\",\"inLanguage\":\"es-ES\",\"isPartOf\":{\"@id\":\"https:\\\/\\\/candas365.es\\\/noticias\\\/#website\"},\"breadcrumb\":{\"@id\":\"https:\\\/\\\/candas365.es\\\/noticias\\\/licitacion-del-proyecto-expositivo-del-futuro-eco-museo-de-la-industria-conservera-de-candas\\\/#breadcrumblist\"},\"author\":{\"@id\":\"https:\\\/\\\/candas365.es\\\/noticias\\\/author\\\/admin\\\/#author\"},\"creator\":{\"@id\":\"https:\\\/\\\/candas365.es\\\/noticias\\\/author\\\/admin\\\/#author\"},\"image\":{\"@type\":\"ImageObject\",\"url\":\"https:\\\/\\\/candas365.es\\\/noticias\\\/wp-content\\\/uploads\\\/2015\\\/01\\\/ayuntamiento.jpg\",\"@id\":\"https:\\\/\\\/candas365.es\\\/noticias\\\/licitacion-del-proyecto-expositivo-del-futuro-eco-museo-de-la-industria-conservera-de-candas\\\/#mainImage\",\"width\":800,\"height\":600,\"caption\":\"Carre\\u00f1o\"},\"primaryImageOfPage\":{\"@id\":\"https:\\\/\\\/candas365.es\\\/noticias\\\/licitacion-del-proyecto-expositivo-del-futuro-eco-museo-de-la-industria-conservera-de-candas\\\/#mainImage\"},\"datePublished\":\"2020-05-08T12:25:30+02:00\",\"dateModified\":\"2020-05-18T12:26:24+02:00\"},{\"@type\":\"WebSite\",\"@id\":\"https:\\\/\\\/candas365.es\\\/noticias\\\/#website\",\"url\":\"https:\\\/\\\/candas365.es\\\/noticias\\\/\",\"name\":\"Cand\\u00e1s 365\",\"alternateName\":\"Cand\\u00e1s 365 Noticias\",\"description\":\"Actualidad desde Carre\\u00f1o para el mundo\",\"inLanguage\":\"es-ES\",\"publisher\":{\"@id\":\"https:\\\/\\\/candas365.es\\\/noticias\\\/#organization\"}}]}\n\t\t<\/script>\n\t\t<!-- All in One SEO Pro -->\r\n\t\t<title>Licitaci\u00f3n del proyecto expositivo del futuro Eco-Museo de la Industria Conservera de Cand\u00e1s | Cand\u00e1s 365<\/title>\n\n","aioseo_head_json":{"title":"Licitaci\u00f3n del proyecto expositivo del futuro Eco-Museo de la Industria Conservera de Cand\u00e1s | Cand\u00e1s 365","description":"Desde ayer, jueves 7 de Mayo, aparece publicado en el Perfil del contratante en la Plataforma del Sector P\u00fablico el anuncio de la licitaci\u00f3n del proyecto expositivo del Plan Director del futuro Eco-Museo de la Industria Conservera de Cand\u00e1s. \u201cUno de los futuros proyectos culturales de Carre\u00f1o es la creaci\u00f3n de un Museo de la","canonical_url":"https:\/\/candas365.es\/noticias\/licitacion-del-proyecto-expositivo-del-futuro-eco-museo-de-la-industria-conservera-de-candas\/","robots":"max-image-preview:large","keywords":"noticias carre\u00f1o","webmasterTools":{"google-site-verification":"UA-32230408-1","msvalidate.01":"354F3CDFB2DA171B47FBE9ABF1F88D5","miscellaneous":""},"schema":{"@context":"https:\/\/schema.org","@graph":[{"@type":"BreadcrumbList","@id":"https:\/\/candas365.es\/noticias\/licitacion-del-proyecto-expositivo-del-futuro-eco-museo-de-la-industria-conservera-de-candas\/#breadcrumblist","itemListElement":[{"@type":"ListItem","@id":"https:\/\/candas365.es\/noticias#listItem","position":1,"name":"Home","item":"https:\/\/candas365.es\/noticias","nextItem":{"@type":"ListItem","@id":"https:\/\/candas365.es\/noticias\/category\/noticias-carreno\/#listItem","name":"Noticias Carre\u00f1o"}},{"@type":"ListItem","@id":"https:\/\/candas365.es\/noticias\/category\/noticias-carreno\/#listItem","position":2,"name":"Noticias Carre\u00f1o","item":"https:\/\/candas365.es\/noticias\/category\/noticias-carreno\/","nextItem":{"@type":"ListItem","@id":"https:\/\/candas365.es\/noticias\/licitacion-del-proyecto-expositivo-del-futuro-eco-museo-de-la-industria-conservera-de-candas\/#listItem","name":"Licitaci\u00f3n del proyecto expositivo del futuro Eco-Museo de la Industria Conservera de Cand\u00e1s"},"previousItem":{"@type":"ListItem","@id":"https:\/\/candas365.es\/noticias#listItem","name":"Home"}},{"@type":"ListItem","@id":"https:\/\/candas365.es\/noticias\/licitacion-del-proyecto-expositivo-del-futuro-eco-museo-de-la-industria-conservera-de-candas\/#listItem","position":3,"name":"Licitaci\u00f3n del proyecto expositivo del futuro Eco-Museo de la Industria Conservera de Cand\u00e1s","previousItem":{"@type":"ListItem","@id":"https:\/\/candas365.es\/noticias\/category\/noticias-carreno\/#listItem","name":"Noticias Carre\u00f1o"}}]},{"@type":"NewsArticle","@id":"https:\/\/candas365.es\/noticias\/licitacion-del-proyecto-expositivo-del-futuro-eco-museo-de-la-industria-conservera-de-candas\/#newsarticle","name":"Licitaci\u00f3n del proyecto expositivo del futuro Eco-Museo de la Industria Conservera de Cand\u00e1s | Cand\u00e1s 365","headline":"Licitaci\u00f3n del proyecto expositivo del futuro Eco-Museo de la Industria Conservera de Cand\u00e1s","author":{"@id":"https:\/\/candas365.es\/noticias\/author\/admin\/#author"},"publisher":{"@id":"https:\/\/candas365.es\/noticias\/#organization"},"image":{"@type":"ImageObject","url":"https:\/\/candas365.es\/noticias\/wp-content\/uploads\/2015\/01\/ayuntamiento.jpg","width":800,"height":600,"caption":"Carre\u00f1o"},"datePublished":"2020-05-08T12:25:30+02:00","dateModified":"2020-05-18T12:26:24+02:00","inLanguage":"es-ES","mainEntityOfPage":{"@id":"https:\/\/candas365.es\/noticias\/licitacion-del-proyecto-expositivo-del-futuro-eco-museo-de-la-industria-conservera-de-candas\/#webpage"},"isPartOf":{"@id":"https:\/\/candas365.es\/noticias\/licitacion-del-proyecto-expositivo-del-futuro-eco-museo-de-la-industria-conservera-de-candas\/#webpage"},"articleSection":"Noticias Carre\u00f1o","dateline":"Publicado el mayo 8, 2020."},{"@type":"Organization","@id":"https:\/\/candas365.es\/noticias\/#organization","name":"Cand\u00e1s 365","description":"Cand\u00e1s 365 es un diario digital independiente, fundado en 2012, con base en Asturias. Informamos con rigor sobre actualidad, sociedad, cultura y ocio, con una mirada local y global.","url":"https:\/\/candas365.es\/noticias\/","email":"info@candas365.es","telephone":"+34652131393","foundingDate":"2012-06-10","logo":{"@type":"ImageObject","url":"https:\/\/candas365.es\/noticias\/wp-content\/uploads\/2024\/09\/Candas-365-Redes.jpg","@id":"https:\/\/candas365.es\/noticias\/licitacion-del-proyecto-expositivo-del-futuro-eco-museo-de-la-industria-conservera-de-candas\/#organizationLogo","width":1152,"height":864,"caption":"Cand\u00e1s 365 Redes"},"image":{"@id":"https:\/\/candas365.es\/noticias\/licitacion-del-proyecto-expositivo-del-futuro-eco-museo-de-la-industria-conservera-de-candas\/#organizationLogo"},"sameAs":["https:\/\/www.facebook.com\/Nachofdezber","https:\/\/x.com\/NabercoDigital","https:\/\/www.instagram.com\/nachofdezber\/","https:\/\/www.youtube.com\/channel\/UCZP-2wLEB9Rv6erhFmqVnvg"],"address":{"@id":"https:\/\/candas365.es\/noticias\/#postaladdress","@type":"PostalAddress","streetAddress":"san antonio 4, san antonio 4","postalCode":"33430","addressLocality":"Cand\u00e1s","addressRegion":"Asturias","addressCountry":"ES"}},{"@type":"Person","@id":"https:\/\/candas365.es\/noticias\/author\/admin\/#author","url":"https:\/\/candas365.es\/noticias\/author\/admin\/","name":"Cand\u00e1s 365","image":{"@type":"ImageObject","@id":"https:\/\/candas365.es\/noticias\/licitacion-del-proyecto-expositivo-del-futuro-eco-museo-de-la-industria-conservera-de-candas\/#authorImage","url":"https:\/\/secure.gravatar.com\/avatar\/496a8e03d0c493ede1718b7934145dbdf8d89be1036b0eec9544e1094c9de390?s=96&d=mm&r=g","width":96,"height":96,"caption":"Cand\u00e1s 365"},"sameAs":["https:\/\/www.facebook.com\/carrenoactualidad","https:\/\/twitter.com\/nbasturias","https:\/\/www.instagram.com\/nachofdezber\/","https:\/\/www.youtube.com\/channel\/UCZP-2wLEB9Rv6erhFmqVnvg"]},{"@type":"WebPage","@id":"https:\/\/candas365.es\/noticias\/licitacion-del-proyecto-expositivo-del-futuro-eco-museo-de-la-industria-conservera-de-candas\/#webpage","url":"https:\/\/candas365.es\/noticias\/licitacion-del-proyecto-expositivo-del-futuro-eco-museo-de-la-industria-conservera-de-candas\/","name":"Licitaci\u00f3n del proyecto expositivo del futuro Eco-Museo de la Industria Conservera de Cand\u00e1s | Cand\u00e1s 365","description":"Desde ayer, jueves 7 de Mayo, aparece publicado en el Perfil del contratante en la Plataforma del Sector P\u00fablico el anuncio de la licitaci\u00f3n del proyecto expositivo del Plan Director del futuro Eco-Museo de la Industria Conservera de Cand\u00e1s. \u201cUno de los futuros proyectos culturales de Carre\u00f1o es la creaci\u00f3n de un Museo de la","inLanguage":"es-ES","isPartOf":{"@id":"https:\/\/candas365.es\/noticias\/#website"},"breadcrumb":{"@id":"https:\/\/candas365.es\/noticias\/licitacion-del-proyecto-expositivo-del-futuro-eco-museo-de-la-industria-conservera-de-candas\/#breadcrumblist"},"author":{"@id":"https:\/\/candas365.es\/noticias\/author\/admin\/#author"},"creator":{"@id":"https:\/\/candas365.es\/noticias\/author\/admin\/#author"},"image":{"@type":"ImageObject","url":"https:\/\/candas365.es\/noticias\/wp-content\/uploads\/2015\/01\/ayuntamiento.jpg","@id":"https:\/\/candas365.es\/noticias\/licitacion-del-proyecto-expositivo-del-futuro-eco-museo-de-la-industria-conservera-de-candas\/#mainImage","width":800,"height":600,"caption":"Carre\u00f1o"},"primaryImageOfPage":{"@id":"https:\/\/candas365.es\/noticias\/licitacion-del-proyecto-expositivo-del-futuro-eco-museo-de-la-industria-conservera-de-candas\/#mainImage"},"datePublished":"2020-05-08T12:25:30+02:00","dateModified":"2020-05-18T12:26:24+02:00"},{"@type":"WebSite","@id":"https:\/\/candas365.es\/noticias\/#website","url":"https:\/\/candas365.es\/noticias\/","name":"Cand\u00e1s 365","alternateName":"Cand\u00e1s 365 Noticias","description":"Actualidad desde Carre\u00f1o para el mundo","inLanguage":"es-ES","publisher":{"@id":"https:\/\/candas365.es\/noticias\/#organization"}}]},"og:locale":"es_ES","og:site_name":"Cand\u00e1s 365","og:type":"article","og:title":"Licitaci\u00f3n del proyecto expositivo del futuro Eco-Museo de la Industria Conservera de Cand\u00e1s | Cand\u00e1s 365","og:description":"Desde ayer, jueves 7 de Mayo, aparece publicado en el Perfil del contratante en la Plataforma del Sector P\u00fablico el anuncio de la licitaci\u00f3n del proyecto expositivo del Plan Director del futuro Eco-Museo de la Industria Conservera de Cand\u00e1s. \u201cUno de los futuros proyectos culturales de Carre\u00f1o es la creaci\u00f3n de un Museo de la","og:url":"https:\/\/candas365.es\/noticias\/licitacion-del-proyecto-expositivo-del-futuro-eco-museo-de-la-industria-conservera-de-candas\/","og:image":"https:\/\/candas365.es\/noticias\/wp-content\/uploads\/2015\/01\/ayuntamiento.jpg","og:image:secure_url":"https:\/\/candas365.es\/noticias\/wp-content\/uploads\/2015\/01\/ayuntamiento.jpg","og:image:width":800,"og:image:height":600,"article:published_time":"2020-05-08T12:25:30+00:00","article:modified_time":"2020-05-18T12:26:24+00:00","article:publisher":"https:\/\/www.facebook.com\/Nachofdezber","article:author":"https:\/\/www.facebook.com\/carrenoactualidad","twitter:card":"summary_large_image","twitter:site":"@NabercoDigital","twitter:title":"Licitaci\u00f3n del proyecto expositivo del futuro Eco-Museo de la Industria Conservera de Cand\u00e1s | Cand\u00e1s 365","twitter:description":"Desde ayer, jueves 7 de Mayo, aparece publicado en el Perfil del contratante en la Plataforma del Sector P\u00fablico el anuncio de la licitaci\u00f3n del proyecto expositivo del Plan Director del futuro Eco-Museo de la Industria Conservera de Cand\u00e1s. \u201cUno de los futuros proyectos culturales de Carre\u00f1o es la creaci\u00f3n de un Museo de la","twitter:creator":"@nbasturias","twitter:image":"https:\/\/candas365.es\/noticias\/wp-content\/uploads\/2015\/01\/ayuntamiento.jpg","twitter:label1":"Escrito por","twitter:data1":"Cand\u00e1s 365","twitter:label2":"Tiempo de lectura estimado","twitter:data2":"4 minutos"},"aioseo_meta_data":{"post_id":"142316","title":null,"description":null,"keywords":null,"keyphrases":null,"primary_term":null,"canonical_url":null,"og_title":null,"og_description":null,"og_object_type":"default","og_image_type":"default","og_image_url":null,"og_image_width":null,"og_image_height":null,"og_image_custom_url":null,"og_image_custom_fields":null,"og_video":null,"og_custom_url":null,"og_article_section":null,"og_article_tags":null,"twitter_use_og":false,"twitter_card":"default","twitter_image_type":"default","twitter_image_url":null,"twitter_image_custom_url":null,"twitter_image_custom_fields":null,"twitter_title":null,"twitter_description":null,"schema":{"blockGraphs":[],"customGraphs":[],"default":{"data":{"Article":[],"Course":[],"Dataset":[],"FAQPage":[],"Movie":[],"Person":[],"Product":[],"ProductReview":[],"Car":[],"Recipe":[],"Service":[],"SoftwareApplication":[],"WebPage":[]},"graphName":"","isEnabled":true},"graphs":[]},"schema_type":null,"schema_type_options":null,"pillar_content":false,"robots_default":true,"robots_noindex":false,"robots_noarchive":false,"robots_nosnippet":false,"robots_nofollow":false,"robots_noimageindex":false,"robots_noodp":false,"robots_notranslate":false,"robots_max_snippet":null,"robots_max_videopreview":null,"robots_max_imagepreview":"large","priority":null,"frequency":null,"location":null,"local_seo":null,"seo_analyzer_scan_date":"2025-08-31 04:41:11","breadcrumb_settings":null,"limit_modified_date":false,"reviewed_by":null,"open_ai":null,"ai":null,"created":"2020-12-21 10:42:20","updated":"2025-08-31 04:41:11"},"aioseo_breadcrumb":"<div class=\"aioseo-breadcrumbs\"><span class=\"aioseo-breadcrumb\">\n\t<a href=\"https:\/\/candas365.es\/noticias\" title=\"Home\">Home<\/a>\n<\/span><span class=\"aioseo-breadcrumb-separator\">&ndash;<\/span><span class=\"aioseo-breadcrumb\">\n\t<a href=\"https:\/\/candas365.es\/noticias\/category\/noticias-carreno\/\" title=\"Noticias Carre\u00f1o\">Noticias Carre\u00f1o<\/a>\n<\/span><span class=\"aioseo-breadcrumb-separator\">&ndash;<\/span><span class=\"aioseo-breadcrumb\">\n\tLicitaci\u00f3n del proyecto expositivo del futuro Eco-Museo de la Industria Conservera de Cand\u00e1s\n<\/span><\/div>","aioseo_breadcrumb_json":[{"label":"Home","link":"https:\/\/candas365.es\/noticias"},{"label":"Noticias Carre\u00f1o","link":"https:\/\/candas365.es\/noticias\/category\/noticias-carreno\/"},{"label":"Licitaci\u00f3n del proyecto expositivo del futuro Eco-Museo de la Industria Conservera de Cand\u00e1s","link":"https:\/\/candas365.es\/noticias\/licitacion-del-proyecto-expositivo-del-futuro-eco-museo-de-la-industria-conservera-de-candas\/"}],"_links":{"self":[{"href":"https:\/\/candas365.es\/noticias\/wp-json\/wp\/v2\/posts\/142316","targetHints":{"allow":["GET"]}}],"collection":[{"href":"https:\/\/candas365.es\/noticias\/wp-json\/wp\/v2\/posts"}],"about":[{"href":"https:\/\/candas365.es\/noticias\/wp-json\/wp\/v2\/types\/post"}],"author":[{"embeddable":true,"href":"https:\/\/candas365.es\/noticias\/wp-json\/wp\/v2\/users\/1"}],"replies":[{"embeddable":true,"href":"https:\/\/candas365.es\/noticias\/wp-json\/wp\/v2\/comments?post=142316"}],"version-history":[{"count":0,"href":"https:\/\/candas365.es\/noticias\/wp-json\/wp\/v2\/posts\/142316\/revisions"}],"wp:featuredmedia":[{"embeddable":true,"href":"https:\/\/candas365.es\/noticias\/wp-json\/wp\/v2\/media\/6453"}],"wp:attachment":[{"href":"https:\/\/candas365.es\/noticias\/wp-json\/wp\/v2\/media?parent=142316"}],"wp:term":[{"taxonomy":"category","embeddable":true,"href":"https:\/\/candas365.es\/noticias\/wp-json\/wp\/v2\/categories?post=142316"},{"taxonomy":"post_tag","embeddable":true,"href":"https:\/\/candas365.es\/noticias\/wp-json\/wp\/v2\/tags?post=142316"}],"curies":[{"name":"wp","href":"https:\/\/api.w.org\/{rel}","templated":true}]}}