{"id":142309,"date":"2020-05-08T12:18:10","date_gmt":"2020-05-08T12:18:10","guid":{"rendered":"http:\/\/candas365.es\/noticias\/?p=142309"},"modified":"2020-05-18T12:19:54","modified_gmt":"2020-05-18T12:19:54","slug":"reapertura-del-cementerio-municipal-de-san-bernardo-en-candas","status":"publish","type":"post","link":"https:\/\/candas365.es\/noticias\/reapertura-del-cementerio-municipal-de-san-bernardo-en-candas\/","title":{"rendered":"Reapertura del Cementerio Municipal de San Bernardo en Cand\u00e1s"},"content":{"rendered":"<p><img fetchpriority=\"high\" decoding=\"async\" class=\"alignleft size-medium wp-image-6453\" src=\"https:\/\/candas365.es\/noticias\/wp-content\/uploads\/2015\/01\/ayuntamiento-360x270.jpg\" alt=\"\" width=\"360\" height=\"270\" srcset=\"https:\/\/candas365.es\/noticias\/wp-content\/uploads\/2015\/01\/ayuntamiento-360x270.jpg 360w, https:\/\/candas365.es\/noticias\/wp-content\/uploads\/2015\/01\/ayuntamiento-640x480.jpg 640w, https:\/\/candas365.es\/noticias\/wp-content\/uploads\/2015\/01\/ayuntamiento-768x576.jpg 768w, https:\/\/candas365.es\/noticias\/wp-content\/uploads\/2015\/01\/ayuntamiento-150x113.jpg 150w, https:\/\/candas365.es\/noticias\/wp-content\/uploads\/2015\/01\/ayuntamiento-450x338.jpg 450w, https:\/\/candas365.es\/noticias\/wp-content\/uploads\/2015\/01\/ayuntamiento-80x60.jpg 80w, https:\/\/candas365.es\/noticias\/wp-content\/uploads\/2015\/01\/ayuntamiento-265x198.jpg 265w, https:\/\/candas365.es\/noticias\/wp-content\/uploads\/2015\/01\/ayuntamiento-696x522.jpg 696w, https:\/\/candas365.es\/noticias\/wp-content\/uploads\/2015\/01\/ayuntamiento-560x420.jpg 560w, https:\/\/candas365.es\/noticias\/wp-content\/uploads\/2015\/01\/ayuntamiento-90x67.jpg 90w, https:\/\/candas365.es\/noticias\/wp-content\/uploads\/2015\/01\/ayuntamiento.jpg 800w\" sizes=\"(max-width: 360px) 100vw, 360px\" \/>A partir del Lunes, 11 de Mayo de 2020 se reabre al p\u00fablico de forma gradual el Cementerio Municipal de San Bernardo en Cand\u00e1s, con las limitaciones necesarias por la actual situaci\u00f3n de emergencia sanitaria para prevenci\u00f3n del contagio del COVID19.<\/p>\n<p>Para ello se mantendr\u00e1n las siguientes normas y recomendaciones:<\/p>\n<p>\u00b7 El horario de apertura ser\u00e1 la primera semana del 11 al 17 de Mayo de 9 a 14 horas.<\/p>\n<p>A partir del Lunes, <strong>18<\/strong>, siempre que las condiciones sanitarias no empeoren y lo permitan,<strong> se ampliar\u00e1 el horario de apertura de 9 a 18 h<\/strong>.<\/p>\n<p>\u00fc Ser\u00e1 obligatorio mantener una distancia de seguridad de 2 metros entre cada persona o grupo ( m\u00e1ximo de 2 personas) que lo visiten y mientras permanezca en las instalaciones.<\/p>\n<p>Los grupos podr\u00e1n ser c\u00f3mo m\u00e1ximo de dos personas siempre que sean convivientes de la misma unidad familiar y que hayan acudido juntas al camposanto. Entre los grupos ( de dos personas c\u00f3mo m\u00e1ximo que hubiesen llegado juntas) deber\u00e1 guardarse tambi\u00e9n la correspondiente distancia de seguridad.<\/p>\n<p>&#8211; Ser\u00e1 obligatorio seguir en todo momento las instrucciones del personal municipal y permanecer en \u00e9l por el tiempo indispensable para la atenci\u00f3n adecuada de las l\u00e1pidas y flores de las mismas.<\/p>\n<p>&#8211; No se podr\u00e1n utilizar aseos durante la actual situaci\u00f3n provisional de emergencia sanitaria.<\/p>\n<p>&#8211; Se recomienda el uso de guantes, mascarillas y dem\u00e1s medidas de higiene recomendadas en todas nuestras instalaciones.<\/p>\n<p>&#8211; Siguiendo las recomendaciones sanitarias de centralizar el acceso por una \u00fanica entrada se abrir\u00e1 al p\u00fablico por la entrada lateral superior ya que re\u00fane mejores condiciones de accesibilidad.<\/p>\n<p>&nbsp;<\/p>\n","protected":false},"excerpt":{"rendered":"<p>A partir del Lunes, 11 de Mayo de 2020 se reabre al p\u00fablico de forma gradual el Cementerio Municipal de San Bernardo en Cand\u00e1s, con las limitaciones necesarias por la actual situaci\u00f3n de emergencia sanitaria para prevenci\u00f3n del contagio del COVID19. Para ello se mantendr\u00e1n las siguientes normas y recomendaciones: \u00b7 El horario de apertura<\/p>\n","protected":false},"author":1,"featured_media":6453,"comment_status":"closed","ping_status":"closed","sticky":false,"template":"","format":"standard","meta":{"footnotes":""},"categories":[2],"tags":[],"class_list":{"0":"post-142309","1":"post","2":"type-post","3":"status-publish","4":"format-standard","5":"has-post-thumbnail","7":"category-noticias-carreno"},"aioseo_notices":[],"aioseo_head":"\n\t\t<!-- All in One SEO Pro 4.9.6.2 - aioseo.com -->\n\t<meta name=\"description\" content=\"A partir del Lunes, 11 de Mayo de 2020 se reabre al p\u00fablico de forma gradual el Cementerio Municipal de San Bernardo en Cand\u00e1s, con las limitaciones necesarias por la actual situaci\u00f3n de emergencia sanitaria para prevenci\u00f3n del contagio del COVID19. Para ello se mantendr\u00e1n las siguientes normas y recomendaciones: \u00b7 El horario de apertura\" \/>\n\t<meta name=\"robots\" content=\"max-image-preview:large\" \/>\n\t<meta name=\"author\" content=\"Cand\u00e1s 365\"\/>\n\t<meta name=\"google-site-verification\" content=\"UA-32230408-1\" \/>\n\t<meta name=\"msvalidate.01\" content=\"354F3CDFB2DA171B47FBE9ABF1F88D5\" \/>\n\t<meta name=\"keywords\" content=\"noticias carre\u00f1o\" \/>\n\t<link rel=\"canonical\" href=\"https:\/\/candas365.es\/noticias\/reapertura-del-cementerio-municipal-de-san-bernardo-en-candas\/\" \/>\n\t<meta name=\"generator\" content=\"All in One SEO Pro (AIOSEO) 4.9.6.2\" \/>\n\t\t<meta property=\"og:locale\" content=\"es_ES\" \/>\n\t\t<meta property=\"og:site_name\" content=\"Cand\u00e1s 365\" \/>\n\t\t<meta property=\"og:type\" content=\"article\" \/>\n\t\t<meta property=\"og:title\" content=\"Reapertura del Cementerio Municipal de San Bernardo en Cand\u00e1s | Cand\u00e1s 365\" \/>\n\t\t<meta property=\"og:description\" content=\"A partir del Lunes, 11 de Mayo de 2020 se reabre al p\u00fablico de forma gradual el Cementerio Municipal de San Bernardo en Cand\u00e1s, con las limitaciones necesarias por la actual situaci\u00f3n de emergencia sanitaria para prevenci\u00f3n del contagio del COVID19. Para ello se mantendr\u00e1n las siguientes normas y recomendaciones: \u00b7 El horario de apertura\" \/>\n\t\t<meta property=\"og:url\" content=\"https:\/\/candas365.es\/noticias\/reapertura-del-cementerio-municipal-de-san-bernardo-en-candas\/\" \/>\n\t\t<meta property=\"og:image\" content=\"https:\/\/candas365.es\/noticias\/wp-content\/uploads\/2015\/01\/ayuntamiento.jpg\" \/>\n\t\t<meta property=\"og:image:secure_url\" content=\"https:\/\/candas365.es\/noticias\/wp-content\/uploads\/2015\/01\/ayuntamiento.jpg\" \/>\n\t\t<meta property=\"og:image:width\" content=\"800\" \/>\n\t\t<meta property=\"og:image:height\" content=\"600\" \/>\n\t\t<meta property=\"article:published_time\" content=\"2020-05-08T12:18:10+00:00\" \/>\n\t\t<meta property=\"article:modified_time\" content=\"2020-05-18T12:19:54+00:00\" \/>\n\t\t<meta property=\"article:publisher\" content=\"https:\/\/www.facebook.com\/Nachofdezber\" \/>\n\t\t<meta property=\"article:author\" content=\"https:\/\/www.facebook.com\/carrenoactualidad\" \/>\n\t\t<meta name=\"twitter:card\" content=\"summary_large_image\" \/>\n\t\t<meta name=\"twitter:site\" content=\"@NabercoDigital\" \/>\n\t\t<meta name=\"twitter:title\" content=\"Reapertura del Cementerio Municipal de San Bernardo en Cand\u00e1s | Cand\u00e1s 365\" \/>\n\t\t<meta name=\"twitter:description\" content=\"A partir del Lunes, 11 de Mayo de 2020 se reabre al p\u00fablico de forma gradual el Cementerio Municipal de San Bernardo en Cand\u00e1s, con las limitaciones necesarias por la actual situaci\u00f3n de emergencia sanitaria para prevenci\u00f3n del contagio del COVID19. Para ello se mantendr\u00e1n las siguientes normas y recomendaciones: \u00b7 El horario de apertura\" \/>\n\t\t<meta name=\"twitter:creator\" content=\"@nbasturias\" \/>\n\t\t<meta name=\"twitter:image\" content=\"https:\/\/candas365.es\/noticias\/wp-content\/uploads\/2015\/01\/ayuntamiento.jpg\" \/>\n\t\t<meta name=\"twitter:label1\" content=\"Escrito por\" \/>\n\t\t<meta name=\"twitter:data1\" content=\"Cand\u00e1s 365\" \/>\n\t\t<meta name=\"twitter:label2\" content=\"Tiempo de lectura estimado\" \/>\n\t\t<meta name=\"twitter:data2\" content=\"1 minuto\" \/>\n\t\t<script type=\"application\/ld+json\" class=\"aioseo-schema\">\n\t\t\t{\"@context\":\"https:\\\/\\\/schema.org\",\"@graph\":[{\"@type\":\"BreadcrumbList\",\"@id\":\"https:\\\/\\\/candas365.es\\\/noticias\\\/reapertura-del-cementerio-municipal-de-san-bernardo-en-candas\\\/#breadcrumblist\",\"itemListElement\":[{\"@type\":\"ListItem\",\"@id\":\"https:\\\/\\\/candas365.es\\\/noticias#listItem\",\"position\":1,\"name\":\"Home\",\"item\":\"https:\\\/\\\/candas365.es\\\/noticias\",\"nextItem\":{\"@type\":\"ListItem\",\"@id\":\"https:\\\/\\\/candas365.es\\\/noticias\\\/category\\\/noticias-carreno\\\/#listItem\",\"name\":\"Noticias Carre\\u00f1o\"}},{\"@type\":\"ListItem\",\"@id\":\"https:\\\/\\\/candas365.es\\\/noticias\\\/category\\\/noticias-carreno\\\/#listItem\",\"position\":2,\"name\":\"Noticias Carre\\u00f1o\",\"item\":\"https:\\\/\\\/candas365.es\\\/noticias\\\/category\\\/noticias-carreno\\\/\",\"nextItem\":{\"@type\":\"ListItem\",\"@id\":\"https:\\\/\\\/candas365.es\\\/noticias\\\/reapertura-del-cementerio-municipal-de-san-bernardo-en-candas\\\/#listItem\",\"name\":\"Reapertura del Cementerio Municipal de San Bernardo en Cand\\u00e1s\"},\"previousItem\":{\"@type\":\"ListItem\",\"@id\":\"https:\\\/\\\/candas365.es\\\/noticias#listItem\",\"name\":\"Home\"}},{\"@type\":\"ListItem\",\"@id\":\"https:\\\/\\\/candas365.es\\\/noticias\\\/reapertura-del-cementerio-municipal-de-san-bernardo-en-candas\\\/#listItem\",\"position\":3,\"name\":\"Reapertura del Cementerio Municipal de San Bernardo en Cand\\u00e1s\",\"previousItem\":{\"@type\":\"ListItem\",\"@id\":\"https:\\\/\\\/candas365.es\\\/noticias\\\/category\\\/noticias-carreno\\\/#listItem\",\"name\":\"Noticias Carre\\u00f1o\"}}]},{\"@type\":\"NewsArticle\",\"@id\":\"https:\\\/\\\/candas365.es\\\/noticias\\\/reapertura-del-cementerio-municipal-de-san-bernardo-en-candas\\\/#newsarticle\",\"name\":\"Reapertura del Cementerio Municipal de San Bernardo en Cand\\u00e1s | Cand\\u00e1s 365\",\"headline\":\"Reapertura del Cementerio Municipal de San Bernardo en Cand\\u00e1s\",\"author\":{\"@id\":\"https:\\\/\\\/candas365.es\\\/noticias\\\/author\\\/admin\\\/#author\"},\"publisher\":{\"@id\":\"https:\\\/\\\/candas365.es\\\/noticias\\\/#organization\"},\"image\":{\"@type\":\"ImageObject\",\"url\":\"https:\\\/\\\/candas365.es\\\/noticias\\\/wp-content\\\/uploads\\\/2015\\\/01\\\/ayuntamiento.jpg\",\"width\":800,\"height\":600,\"caption\":\"Carre\\u00f1o\"},\"datePublished\":\"2020-05-08T12:18:10+02:00\",\"dateModified\":\"2020-05-18T12:19:54+02:00\",\"inLanguage\":\"es-ES\",\"mainEntityOfPage\":{\"@id\":\"https:\\\/\\\/candas365.es\\\/noticias\\\/reapertura-del-cementerio-municipal-de-san-bernardo-en-candas\\\/#webpage\"},\"isPartOf\":{\"@id\":\"https:\\\/\\\/candas365.es\\\/noticias\\\/reapertura-del-cementerio-municipal-de-san-bernardo-en-candas\\\/#webpage\"},\"articleSection\":\"Noticias Carre\\u00f1o\",\"dateline\":\"Publicado el mayo 8, 2020.\"},{\"@type\":\"Organization\",\"@id\":\"https:\\\/\\\/candas365.es\\\/noticias\\\/#organization\",\"name\":\"Cand\\u00e1s 365\",\"description\":\"Cand\\u00e1s 365 es un diario digital independiente, fundado en 2012, con base en Asturias. Informamos con rigor sobre actualidad, sociedad, cultura y ocio, con una mirada local y global.\",\"url\":\"https:\\\/\\\/candas365.es\\\/noticias\\\/\",\"email\":\"info@candas365.es\",\"telephone\":\"+34652131393\",\"foundingDate\":\"2012-06-10\",\"logo\":{\"@type\":\"ImageObject\",\"url\":\"https:\\\/\\\/candas365.es\\\/noticias\\\/wp-content\\\/uploads\\\/2024\\\/09\\\/Candas-365-Redes.jpg\",\"@id\":\"https:\\\/\\\/candas365.es\\\/noticias\\\/reapertura-del-cementerio-municipal-de-san-bernardo-en-candas\\\/#organizationLogo\",\"width\":1152,\"height\":864,\"caption\":\"Cand\\u00e1s 365 Redes\"},\"image\":{\"@id\":\"https:\\\/\\\/candas365.es\\\/noticias\\\/reapertura-del-cementerio-municipal-de-san-bernardo-en-candas\\\/#organizationLogo\"},\"sameAs\":[\"https:\\\/\\\/www.facebook.com\\\/Nachofdezber\",\"https:\\\/\\\/x.com\\\/NabercoDigital\",\"https:\\\/\\\/www.instagram.com\\\/nachofdezber\\\/\",\"https:\\\/\\\/www.youtube.com\\\/channel\\\/UCZP-2wLEB9Rv6erhFmqVnvg\"],\"address\":{\"@id\":\"https:\\\/\\\/candas365.es\\\/noticias\\\/#postaladdress\",\"@type\":\"PostalAddress\",\"streetAddress\":\"san antonio 4, san antonio 4\",\"postalCode\":\"33430\",\"addressLocality\":\"Cand\\u00e1s\",\"addressRegion\":\"Asturias\",\"addressCountry\":\"ES\"}},{\"@type\":\"Person\",\"@id\":\"https:\\\/\\\/candas365.es\\\/noticias\\\/author\\\/admin\\\/#author\",\"url\":\"https:\\\/\\\/candas365.es\\\/noticias\\\/author\\\/admin\\\/\",\"name\":\"Cand\\u00e1s 365\",\"image\":{\"@type\":\"ImageObject\",\"@id\":\"https:\\\/\\\/candas365.es\\\/noticias\\\/reapertura-del-cementerio-municipal-de-san-bernardo-en-candas\\\/#authorImage\",\"url\":\"https:\\\/\\\/secure.gravatar.com\\\/avatar\\\/496a8e03d0c493ede1718b7934145dbdf8d89be1036b0eec9544e1094c9de390?s=96&d=mm&r=g\",\"width\":96,\"height\":96,\"caption\":\"Cand\\u00e1s 365\"},\"sameAs\":[\"https:\\\/\\\/www.facebook.com\\\/carrenoactualidad\",\"https:\\\/\\\/twitter.com\\\/nbasturias\",\"https:\\\/\\\/www.instagram.com\\\/nachofdezber\\\/\",\"https:\\\/\\\/www.youtube.com\\\/channel\\\/UCZP-2wLEB9Rv6erhFmqVnvg\"]},{\"@type\":\"WebPage\",\"@id\":\"https:\\\/\\\/candas365.es\\\/noticias\\\/reapertura-del-cementerio-municipal-de-san-bernardo-en-candas\\\/#webpage\",\"url\":\"https:\\\/\\\/candas365.es\\\/noticias\\\/reapertura-del-cementerio-municipal-de-san-bernardo-en-candas\\\/\",\"name\":\"Reapertura del Cementerio Municipal de San Bernardo en Cand\\u00e1s | Cand\\u00e1s 365\",\"description\":\"A partir del Lunes, 11 de Mayo de 2020 se reabre al p\\u00fablico de forma gradual el Cementerio Municipal de San Bernardo en Cand\\u00e1s, con las limitaciones necesarias por la actual situaci\\u00f3n de emergencia sanitaria para prevenci\\u00f3n del contagio del COVID19. Para ello se mantendr\\u00e1n las siguientes normas y recomendaciones: \\u00b7 El horario de apertura\",\"inLanguage\":\"es-ES\",\"isPartOf\":{\"@id\":\"https:\\\/\\\/candas365.es\\\/noticias\\\/#website\"},\"breadcrumb\":{\"@id\":\"https:\\\/\\\/candas365.es\\\/noticias\\\/reapertura-del-cementerio-municipal-de-san-bernardo-en-candas\\\/#breadcrumblist\"},\"author\":{\"@id\":\"https:\\\/\\\/candas365.es\\\/noticias\\\/author\\\/admin\\\/#author\"},\"creator\":{\"@id\":\"https:\\\/\\\/candas365.es\\\/noticias\\\/author\\\/admin\\\/#author\"},\"image\":{\"@type\":\"ImageObject\",\"url\":\"https:\\\/\\\/candas365.es\\\/noticias\\\/wp-content\\\/uploads\\\/2015\\\/01\\\/ayuntamiento.jpg\",\"@id\":\"https:\\\/\\\/candas365.es\\\/noticias\\\/reapertura-del-cementerio-municipal-de-san-bernardo-en-candas\\\/#mainImage\",\"width\":800,\"height\":600,\"caption\":\"Carre\\u00f1o\"},\"primaryImageOfPage\":{\"@id\":\"https:\\\/\\\/candas365.es\\\/noticias\\\/reapertura-del-cementerio-municipal-de-san-bernardo-en-candas\\\/#mainImage\"},\"datePublished\":\"2020-05-08T12:18:10+02:00\",\"dateModified\":\"2020-05-18T12:19:54+02:00\"},{\"@type\":\"WebSite\",\"@id\":\"https:\\\/\\\/candas365.es\\\/noticias\\\/#website\",\"url\":\"https:\\\/\\\/candas365.es\\\/noticias\\\/\",\"name\":\"Cand\\u00e1s 365\",\"alternateName\":\"Cand\\u00e1s 365 Noticias\",\"description\":\"Actualidad desde Carre\\u00f1o para el mundo\",\"inLanguage\":\"es-ES\",\"publisher\":{\"@id\":\"https:\\\/\\\/candas365.es\\\/noticias\\\/#organization\"}}]}\n\t\t<\/script>\n\t\t<!-- All in One SEO Pro -->\r\n\t\t<title>Reapertura del Cementerio Municipal de San Bernardo en Cand\u00e1s | Cand\u00e1s 365<\/title>\n\n","aioseo_head_json":{"title":"Reapertura del Cementerio Municipal de San Bernardo en Cand\u00e1s | Cand\u00e1s 365","description":"A partir del Lunes, 11 de Mayo de 2020 se reabre al p\u00fablico de forma gradual el Cementerio Municipal de San Bernardo en Cand\u00e1s, con las limitaciones necesarias por la actual situaci\u00f3n de emergencia sanitaria para prevenci\u00f3n del contagio del COVID19. Para ello se mantendr\u00e1n las siguientes normas y recomendaciones: \u00b7 El horario de apertura","canonical_url":"https:\/\/candas365.es\/noticias\/reapertura-del-cementerio-municipal-de-san-bernardo-en-candas\/","robots":"max-image-preview:large","keywords":"noticias carre\u00f1o","webmasterTools":{"google-site-verification":"UA-32230408-1","msvalidate.01":"354F3CDFB2DA171B47FBE9ABF1F88D5","miscellaneous":""},"schema":{"@context":"https:\/\/schema.org","@graph":[{"@type":"BreadcrumbList","@id":"https:\/\/candas365.es\/noticias\/reapertura-del-cementerio-municipal-de-san-bernardo-en-candas\/#breadcrumblist","itemListElement":[{"@type":"ListItem","@id":"https:\/\/candas365.es\/noticias#listItem","position":1,"name":"Home","item":"https:\/\/candas365.es\/noticias","nextItem":{"@type":"ListItem","@id":"https:\/\/candas365.es\/noticias\/category\/noticias-carreno\/#listItem","name":"Noticias Carre\u00f1o"}},{"@type":"ListItem","@id":"https:\/\/candas365.es\/noticias\/category\/noticias-carreno\/#listItem","position":2,"name":"Noticias Carre\u00f1o","item":"https:\/\/candas365.es\/noticias\/category\/noticias-carreno\/","nextItem":{"@type":"ListItem","@id":"https:\/\/candas365.es\/noticias\/reapertura-del-cementerio-municipal-de-san-bernardo-en-candas\/#listItem","name":"Reapertura del Cementerio Municipal de San Bernardo en Cand\u00e1s"},"previousItem":{"@type":"ListItem","@id":"https:\/\/candas365.es\/noticias#listItem","name":"Home"}},{"@type":"ListItem","@id":"https:\/\/candas365.es\/noticias\/reapertura-del-cementerio-municipal-de-san-bernardo-en-candas\/#listItem","position":3,"name":"Reapertura del Cementerio Municipal de San Bernardo en Cand\u00e1s","previousItem":{"@type":"ListItem","@id":"https:\/\/candas365.es\/noticias\/category\/noticias-carreno\/#listItem","name":"Noticias Carre\u00f1o"}}]},{"@type":"NewsArticle","@id":"https:\/\/candas365.es\/noticias\/reapertura-del-cementerio-municipal-de-san-bernardo-en-candas\/#newsarticle","name":"Reapertura del Cementerio Municipal de San Bernardo en Cand\u00e1s | Cand\u00e1s 365","headline":"Reapertura del Cementerio Municipal de San Bernardo en Cand\u00e1s","author":{"@id":"https:\/\/candas365.es\/noticias\/author\/admin\/#author"},"publisher":{"@id":"https:\/\/candas365.es\/noticias\/#organization"},"image":{"@type":"ImageObject","url":"https:\/\/candas365.es\/noticias\/wp-content\/uploads\/2015\/01\/ayuntamiento.jpg","width":800,"height":600,"caption":"Carre\u00f1o"},"datePublished":"2020-05-08T12:18:10+02:00","dateModified":"2020-05-18T12:19:54+02:00","inLanguage":"es-ES","mainEntityOfPage":{"@id":"https:\/\/candas365.es\/noticias\/reapertura-del-cementerio-municipal-de-san-bernardo-en-candas\/#webpage"},"isPartOf":{"@id":"https:\/\/candas365.es\/noticias\/reapertura-del-cementerio-municipal-de-san-bernardo-en-candas\/#webpage"},"articleSection":"Noticias Carre\u00f1o","dateline":"Publicado el mayo 8, 2020."},{"@type":"Organization","@id":"https:\/\/candas365.es\/noticias\/#organization","name":"Cand\u00e1s 365","description":"Cand\u00e1s 365 es un diario digital independiente, fundado en 2012, con base en Asturias. Informamos con rigor sobre actualidad, sociedad, cultura y ocio, con una mirada local y global.","url":"https:\/\/candas365.es\/noticias\/","email":"info@candas365.es","telephone":"+34652131393","foundingDate":"2012-06-10","logo":{"@type":"ImageObject","url":"https:\/\/candas365.es\/noticias\/wp-content\/uploads\/2024\/09\/Candas-365-Redes.jpg","@id":"https:\/\/candas365.es\/noticias\/reapertura-del-cementerio-municipal-de-san-bernardo-en-candas\/#organizationLogo","width":1152,"height":864,"caption":"Cand\u00e1s 365 Redes"},"image":{"@id":"https:\/\/candas365.es\/noticias\/reapertura-del-cementerio-municipal-de-san-bernardo-en-candas\/#organizationLogo"},"sameAs":["https:\/\/www.facebook.com\/Nachofdezber","https:\/\/x.com\/NabercoDigital","https:\/\/www.instagram.com\/nachofdezber\/","https:\/\/www.youtube.com\/channel\/UCZP-2wLEB9Rv6erhFmqVnvg"],"address":{"@id":"https:\/\/candas365.es\/noticias\/#postaladdress","@type":"PostalAddress","streetAddress":"san antonio 4, san antonio 4","postalCode":"33430","addressLocality":"Cand\u00e1s","addressRegion":"Asturias","addressCountry":"ES"}},{"@type":"Person","@id":"https:\/\/candas365.es\/noticias\/author\/admin\/#author","url":"https:\/\/candas365.es\/noticias\/author\/admin\/","name":"Cand\u00e1s 365","image":{"@type":"ImageObject","@id":"https:\/\/candas365.es\/noticias\/reapertura-del-cementerio-municipal-de-san-bernardo-en-candas\/#authorImage","url":"https:\/\/secure.gravatar.com\/avatar\/496a8e03d0c493ede1718b7934145dbdf8d89be1036b0eec9544e1094c9de390?s=96&d=mm&r=g","width":96,"height":96,"caption":"Cand\u00e1s 365"},"sameAs":["https:\/\/www.facebook.com\/carrenoactualidad","https:\/\/twitter.com\/nbasturias","https:\/\/www.instagram.com\/nachofdezber\/","https:\/\/www.youtube.com\/channel\/UCZP-2wLEB9Rv6erhFmqVnvg"]},{"@type":"WebPage","@id":"https:\/\/candas365.es\/noticias\/reapertura-del-cementerio-municipal-de-san-bernardo-en-candas\/#webpage","url":"https:\/\/candas365.es\/noticias\/reapertura-del-cementerio-municipal-de-san-bernardo-en-candas\/","name":"Reapertura del Cementerio Municipal de San Bernardo en Cand\u00e1s | Cand\u00e1s 365","description":"A partir del Lunes, 11 de Mayo de 2020 se reabre al p\u00fablico de forma gradual el Cementerio Municipal de San Bernardo en Cand\u00e1s, con las limitaciones necesarias por la actual situaci\u00f3n de emergencia sanitaria para prevenci\u00f3n del contagio del COVID19. Para ello se mantendr\u00e1n las siguientes normas y recomendaciones: \u00b7 El horario de apertura","inLanguage":"es-ES","isPartOf":{"@id":"https:\/\/candas365.es\/noticias\/#website"},"breadcrumb":{"@id":"https:\/\/candas365.es\/noticias\/reapertura-del-cementerio-municipal-de-san-bernardo-en-candas\/#breadcrumblist"},"author":{"@id":"https:\/\/candas365.es\/noticias\/author\/admin\/#author"},"creator":{"@id":"https:\/\/candas365.es\/noticias\/author\/admin\/#author"},"image":{"@type":"ImageObject","url":"https:\/\/candas365.es\/noticias\/wp-content\/uploads\/2015\/01\/ayuntamiento.jpg","@id":"https:\/\/candas365.es\/noticias\/reapertura-del-cementerio-municipal-de-san-bernardo-en-candas\/#mainImage","width":800,"height":600,"caption":"Carre\u00f1o"},"primaryImageOfPage":{"@id":"https:\/\/candas365.es\/noticias\/reapertura-del-cementerio-municipal-de-san-bernardo-en-candas\/#mainImage"},"datePublished":"2020-05-08T12:18:10+02:00","dateModified":"2020-05-18T12:19:54+02:00"},{"@type":"WebSite","@id":"https:\/\/candas365.es\/noticias\/#website","url":"https:\/\/candas365.es\/noticias\/","name":"Cand\u00e1s 365","alternateName":"Cand\u00e1s 365 Noticias","description":"Actualidad desde Carre\u00f1o para el mundo","inLanguage":"es-ES","publisher":{"@id":"https:\/\/candas365.es\/noticias\/#organization"}}]},"og:locale":"es_ES","og:site_name":"Cand\u00e1s 365","og:type":"article","og:title":"Reapertura del Cementerio Municipal de San Bernardo en Cand\u00e1s | Cand\u00e1s 365","og:description":"A partir del Lunes, 11 de Mayo de 2020 se reabre al p\u00fablico de forma gradual el Cementerio Municipal de San Bernardo en Cand\u00e1s, con las limitaciones necesarias por la actual situaci\u00f3n de emergencia sanitaria para prevenci\u00f3n del contagio del COVID19. Para ello se mantendr\u00e1n las siguientes normas y recomendaciones: \u00b7 El horario de apertura","og:url":"https:\/\/candas365.es\/noticias\/reapertura-del-cementerio-municipal-de-san-bernardo-en-candas\/","og:image":"https:\/\/candas365.es\/noticias\/wp-content\/uploads\/2015\/01\/ayuntamiento.jpg","og:image:secure_url":"https:\/\/candas365.es\/noticias\/wp-content\/uploads\/2015\/01\/ayuntamiento.jpg","og:image:width":800,"og:image:height":600,"article:published_time":"2020-05-08T12:18:10+00:00","article:modified_time":"2020-05-18T12:19:54+00:00","article:publisher":"https:\/\/www.facebook.com\/Nachofdezber","article:author":"https:\/\/www.facebook.com\/carrenoactualidad","twitter:card":"summary_large_image","twitter:site":"@NabercoDigital","twitter:title":"Reapertura del Cementerio Municipal de San Bernardo en Cand\u00e1s | Cand\u00e1s 365","twitter:description":"A partir del Lunes, 11 de Mayo de 2020 se reabre al p\u00fablico de forma gradual el Cementerio Municipal de San Bernardo en Cand\u00e1s, con las limitaciones necesarias por la actual situaci\u00f3n de emergencia sanitaria para prevenci\u00f3n del contagio del COVID19. Para ello se mantendr\u00e1n las siguientes normas y recomendaciones: \u00b7 El horario de apertura","twitter:creator":"@nbasturias","twitter:image":"https:\/\/candas365.es\/noticias\/wp-content\/uploads\/2015\/01\/ayuntamiento.jpg","twitter:label1":"Escrito por","twitter:data1":"Cand\u00e1s 365","twitter:label2":"Tiempo de lectura estimado","twitter:data2":"1 minuto"},"aioseo_meta_data":{"post_id":"142309","title":null,"description":null,"keywords":null,"keyphrases":null,"primary_term":null,"canonical_url":null,"og_title":null,"og_description":null,"og_object_type":"default","og_image_type":"default","og_image_url":null,"og_image_width":null,"og_image_height":null,"og_image_custom_url":null,"og_image_custom_fields":null,"og_video":null,"og_custom_url":null,"og_article_section":null,"og_article_tags":null,"twitter_use_og":false,"twitter_card":"default","twitter_image_type":"default","twitter_image_url":null,"twitter_image_custom_url":null,"twitter_image_custom_fields":null,"twitter_title":null,"twitter_description":null,"schema":{"blockGraphs":[],"customGraphs":[],"default":{"data":{"Article":[],"Course":[],"Dataset":[],"FAQPage":[],"Movie":[],"Person":[],"Product":[],"ProductReview":[],"Car":[],"Recipe":[],"Service":[],"SoftwareApplication":[],"WebPage":[]},"graphName":"","isEnabled":true},"graphs":[]},"schema_type":null,"schema_type_options":null,"pillar_content":false,"robots_default":true,"robots_noindex":false,"robots_noarchive":false,"robots_nosnippet":false,"robots_nofollow":false,"robots_noimageindex":false,"robots_noodp":false,"robots_notranslate":false,"robots_max_snippet":null,"robots_max_videopreview":null,"robots_max_imagepreview":"large","priority":null,"frequency":null,"location":null,"local_seo":null,"seo_analyzer_scan_date":"2025-08-31 04:40:38","breadcrumb_settings":null,"limit_modified_date":false,"reviewed_by":null,"open_ai":null,"ai":null,"created":"2020-12-21 10:42:20","updated":"2025-08-31 04:40:38"},"aioseo_breadcrumb":"<div class=\"aioseo-breadcrumbs\"><span class=\"aioseo-breadcrumb\">\n\t<a href=\"https:\/\/candas365.es\/noticias\" title=\"Home\">Home<\/a>\n<\/span><span class=\"aioseo-breadcrumb-separator\">&ndash;<\/span><span class=\"aioseo-breadcrumb\">\n\t<a href=\"https:\/\/candas365.es\/noticias\/category\/noticias-carreno\/\" title=\"Noticias Carre\u00f1o\">Noticias Carre\u00f1o<\/a>\n<\/span><span class=\"aioseo-breadcrumb-separator\">&ndash;<\/span><span class=\"aioseo-breadcrumb\">\n\tReapertura del Cementerio Municipal de San Bernardo en Cand\u00e1s\n<\/span><\/div>","aioseo_breadcrumb_json":[{"label":"Home","link":"https:\/\/candas365.es\/noticias"},{"label":"Noticias Carre\u00f1o","link":"https:\/\/candas365.es\/noticias\/category\/noticias-carreno\/"},{"label":"Reapertura del Cementerio Municipal de San Bernardo en Cand\u00e1s","link":"https:\/\/candas365.es\/noticias\/reapertura-del-cementerio-municipal-de-san-bernardo-en-candas\/"}],"_links":{"self":[{"href":"https:\/\/candas365.es\/noticias\/wp-json\/wp\/v2\/posts\/142309","targetHints":{"allow":["GET"]}}],"collection":[{"href":"https:\/\/candas365.es\/noticias\/wp-json\/wp\/v2\/posts"}],"about":[{"href":"https:\/\/candas365.es\/noticias\/wp-json\/wp\/v2\/types\/post"}],"author":[{"embeddable":true,"href":"https:\/\/candas365.es\/noticias\/wp-json\/wp\/v2\/users\/1"}],"replies":[{"embeddable":true,"href":"https:\/\/candas365.es\/noticias\/wp-json\/wp\/v2\/comments?post=142309"}],"version-history":[{"count":0,"href":"https:\/\/candas365.es\/noticias\/wp-json\/wp\/v2\/posts\/142309\/revisions"}],"wp:featuredmedia":[{"embeddable":true,"href":"https:\/\/candas365.es\/noticias\/wp-json\/wp\/v2\/media\/6453"}],"wp:attachment":[{"href":"https:\/\/candas365.es\/noticias\/wp-json\/wp\/v2\/media?parent=142309"}],"wp:term":[{"taxonomy":"category","embeddable":true,"href":"https:\/\/candas365.es\/noticias\/wp-json\/wp\/v2\/categories?post=142309"},{"taxonomy":"post_tag","embeddable":true,"href":"https:\/\/candas365.es\/noticias\/wp-json\/wp\/v2\/tags?post=142309"}],"curies":[{"name":"wp","href":"https:\/\/api.w.org\/{rel}","templated":true}]}}