{"id":142150,"date":"2020-05-13T12:41:31","date_gmt":"2020-05-13T12:41:31","guid":{"rendered":"http:\/\/candas365.es\/noticias\/?p=142150"},"modified":"2020-05-13T12:41:31","modified_gmt":"2020-05-13T12:41:31","slug":"la-biblioteca-municipal-de-candas-reabre-sus-puertas","status":"publish","type":"post","link":"https:\/\/candas365.es\/noticias\/la-biblioteca-municipal-de-candas-reabre-sus-puertas\/","title":{"rendered":"La Biblioteca Municipal de Cand\u00e1s reabre sus puertas"},"content":{"rendered":"<p><img fetchpriority=\"high\" decoding=\"async\" class=\"alignleft size-medium wp-image-94892\" src=\"https:\/\/candas365.es\/noticias\/wp-content\/uploads\/2018\/04\/book-759873_1920-360x219.jpg\" alt=\"\" width=\"360\" height=\"219\" srcset=\"https:\/\/candas365.es\/noticias\/wp-content\/uploads\/2018\/04\/book-759873_1920-360x219.jpg 360w, https:\/\/candas365.es\/noticias\/wp-content\/uploads\/2018\/04\/book-759873_1920-768x468.jpg 768w, https:\/\/candas365.es\/noticias\/wp-content\/uploads\/2018\/04\/book-759873_1920-655x399.jpg 655w, https:\/\/candas365.es\/noticias\/wp-content\/uploads\/2018\/04\/book-759873_1920-696x424.jpg 696w, https:\/\/candas365.es\/noticias\/wp-content\/uploads\/2018\/04\/book-759873_1920-1068x651.jpg 1068w, https:\/\/candas365.es\/noticias\/wp-content\/uploads\/2018\/04\/book-759873_1920-689x420.jpg 689w, https:\/\/candas365.es\/noticias\/wp-content\/uploads\/2018\/04\/book-759873_1920.jpg 1920w\" sizes=\"(max-width: 360px) 100vw, 360px\" \/>Este jueves <strong>se cumplen 2 meses de la declaraci\u00f3n del Estado de Alarma por el Gobierno de la Naci\u00f3n<\/strong> para afrontar la situaci\u00f3n de emergencia sanitaria provocada por el Covid-19 en Espa\u00f1a. Con el objetivo de garantizar la protecci\u00f3n de la salud de los ciudadanos, la contenci\u00f3n de la enfermedad y el refuerzo del sistema de salud p\u00fablica.<\/p>\n<p>Sesenta d\u00edas en los que las puertas de las instalaciones municipales culturales y de ocio han permanecido cerradas como es el caso de la <strong>Biblioteca Municipal \u201cCarlos Gonz\u00e1lez Posada\u201d<\/strong>. Pero que tras la aprobaci\u00f3n del Plan para la Transici\u00f3n hacia una nueva normalidad y el paso de Asturias a la Fase 1 de la \u201cdesescalada\u201d, estas limitaciones se flexibilizan permitiendo la recuperaci\u00f3n de uno de los servicios que prestan las bibliotecas como es el servicio de pr\u00e9stamos y devoluciones.<\/p>\n<p>\u201cAnte la posible recuperaci\u00f3n de un servicio, lo primero que hemos hecho ha sido acondicionar las instalaciones, instalando: pantallas protectoras de metacrilato y policarbonato en el puesto de atenci\u00f3n a la ciudadan\u00eda; dispensadores de gel hidro-alcoh\u00f3lico en las entradas al centro para que el vecindario pueda hacer uso de los mismos nada m\u00e1s que accedan; colocaci\u00f3n de se\u00f1alizaci\u00f3n vertical y horizontal que recuerda la importancia de mantener la distancia de seguridad y la necesidad de esperar turno, as\u00ed como las medidas de higiene que se deben adoptar. Adem\u00e1s, en previsi\u00f3n de la futura apertura de m\u00e1s servicio se instalaron 20 separadores de metacrilatos de diferentes medidas y tama\u00f1os destinadas a las mesas de la sala de estudio, del \u00e1rea infantil y sala de lectura\u201d se\u00f1al\u00f3 Juanjo Fern\u00e1ndez \u2013 Concejal de Cultura.<\/p>\n<p>\u201cDe esta forma y una vez que se ha preparado este centro municipal para cumplir la nueva normativa sanitaria, abrimos las puertas a partir de este jueves 14 de mayo pero s\u00f3lo para el servicio de pr\u00e9stamos y devoluciones, bajo una serie de condiciones y de acuerdo al Protocolo elaborado por la Consejer\u00eda de Cultura del Principado de Asturias. Las recomendaciones trasladadas para la apertura de la Bibliotecas en la Fase 1 por parte del Ministerio de Cultura y Deporte, y por supuesto con las debidas medidas higi\u00e9nicas y sanitarias se\u00f1aladas por el Ministerio de Sanidad. Entre esta \u00faltimas se encuentran el uso de mascarilla y guantes para las personas que accedan a las instalaciones\u201d relat\u00f3 el edil.<\/p>\n<p>\u201cSiguiendo las directrices de la Orden SND\/399\/2020, de 9 de mayo no estar\u00e1n disponibles los siguientes servicios: sala de lectura, actividades culturales, pr\u00e9stamo inter-bibliotecario, uso de los ordenadores, consulta de cat\u00e1logos en l\u00ednea, acceder a las estanter\u00edas, hacer fotocopias, leer la prensa. Solo estar\u00e1 disponible el pr\u00e9stamo y devoluci\u00f3n, sin acceso a las estanter\u00edas, de libros, cd`s y dvd`s o su renovaci\u00f3n\u201d prosigui\u00f3 Fern\u00e1ndez.<\/p>\n<p>\u201cAnte la imposibilidad de que la ciudadan\u00eda pueda acceder a los espacios donde est\u00e1n los ejemplares al pr\u00e9stamo, el personal de la Biblioteca ha elaborado una serie de gu\u00edas de libros y de pel\u00edculas por tem\u00e1ticas, para el p\u00fablico adulto y como para el p\u00fablico infantil que se podr\u00e1n consultar en la propia biblioteca o con antelaci\u00f3n on-line en la p\u00e1gina web del Ayuntamiento: www.ayto-carreno.es Se trata de un cat\u00e1logo de recomendaciones para facilitar a la persona usuaria su elecci\u00f3n, aunque tambi\u00e9n se podr\u00e1n solicitar t\u00edtulos que no est\u00e9n en estas gu\u00edas\u201d coment\u00f3 el concejal.<\/p>\n<p>\u201cEn cuanto a las devoluciones, los ejemplares que son devueltos no podr\u00e1n ponerse inmediatamente de nuevo al pr\u00e9stamo. Tendr\u00e1n que pasar 14 de d\u00edas de cuarentena para que puedan volver a su lugar en la estanter\u00eda. La manera de proceder ser\u00e1 que una vez que un ejemplar es devuelto se depositar\u00e1 en una caja junto con el resto de los ejemplares del d\u00eda. Tras la finalizaci\u00f3n de la jornada la caja se sellar\u00e1, se se\u00f1alizar\u00e1 el d\u00eda que finaliza su cuarentena y se depositar\u00e1 la caja o cajas en el almac\u00e9n de la Biblioteca. Retornado el libo, cd`s o dvd`s a su lugar en la estanter\u00eda en el d\u00e9cimo quinto d\u00eda de su devoluci\u00f3n. Debido a este sistema y al soporte inform\u00e1tico con el que trabajar\u00e1n todas las bibliotecas, se hace imposible que se puedan realizar reservas\u201d finaliz\u00f3 el Responsable del \u00c1rea de Cultura.<\/p>\n<p>Durante toda la jornada tendr\u00e1 una atenci\u00f3n prioritaria las personas mayores de 65 a\u00f1os. El horario de apertura de la Biblioteca Municipal de Cand\u00e1s \u201cCarlos Gonz\u00e1lez Posada\u201d, ser\u00e1 de lunes a viernes, permaneciendo el s\u00e1bado cerrado, en el siguiente horario:<\/p>\n<ul>\n<li>Ma\u00f1anas de 9:30 a 13:30 horas<\/li>\n<li>Tardes de 16:30 a 20:00 horas<\/li>\n<\/ul>\n<p>&nbsp;<\/p>\n","protected":false},"excerpt":{"rendered":"<p>Este jueves se cumplen 2 meses de la declaraci\u00f3n del Estado de Alarma por el Gobierno de la Naci\u00f3n para afrontar la situaci\u00f3n de emergencia sanitaria provocada por el Covid-19 en Espa\u00f1a. Con el objetivo de garantizar la protecci\u00f3n de la salud de los ciudadanos, la contenci\u00f3n de la enfermedad y el refuerzo del sistema<\/p>\n","protected":false},"author":1,"featured_media":94892,"comment_status":"closed","ping_status":"closed","sticky":false,"template":"","format":"standard","meta":{"footnotes":""},"categories":[2],"tags":[],"class_list":{"0":"post-142150","1":"post","2":"type-post","3":"status-publish","4":"format-standard","5":"has-post-thumbnail","7":"category-noticias-carreno"},"aioseo_notices":[],"aioseo_head":"\n\t\t<!-- All in One SEO Pro 4.9.6.2 - aioseo.com -->\n\t<meta name=\"description\" content=\"Este jueves se cumplen 2 meses de la declaraci\u00f3n del Estado de Alarma por el Gobierno de la Naci\u00f3n para afrontar la situaci\u00f3n de emergencia sanitaria provocada por el Covid-19 en Espa\u00f1a. Con el objetivo de garantizar la protecci\u00f3n de la salud de los ciudadanos, la contenci\u00f3n de la enfermedad y el refuerzo del sistema\" \/>\n\t<meta name=\"robots\" content=\"max-image-preview:large\" \/>\n\t<meta name=\"author\" content=\"Cand\u00e1s 365\"\/>\n\t<meta name=\"google-site-verification\" content=\"UA-32230408-1\" \/>\n\t<meta name=\"msvalidate.01\" content=\"354F3CDFB2DA171B47FBE9ABF1F88D5\" \/>\n\t<meta name=\"keywords\" content=\"noticias carre\u00f1o\" \/>\n\t<link rel=\"canonical\" href=\"https:\/\/candas365.es\/noticias\/la-biblioteca-municipal-de-candas-reabre-sus-puertas\/\" \/>\n\t<meta name=\"generator\" content=\"All in One SEO Pro (AIOSEO) 4.9.6.2\" \/>\n\t\t<meta property=\"og:locale\" content=\"es_ES\" \/>\n\t\t<meta property=\"og:site_name\" content=\"Cand\u00e1s 365\" \/>\n\t\t<meta property=\"og:type\" content=\"article\" \/>\n\t\t<meta property=\"og:title\" content=\"La Biblioteca Municipal de Cand\u00e1s reabre sus puertas | Cand\u00e1s 365\" \/>\n\t\t<meta property=\"og:description\" content=\"Este jueves se cumplen 2 meses de la declaraci\u00f3n del Estado de Alarma por el Gobierno de la Naci\u00f3n para afrontar la situaci\u00f3n de emergencia sanitaria provocada por el Covid-19 en Espa\u00f1a. Con el objetivo de garantizar la protecci\u00f3n de la salud de los ciudadanos, la contenci\u00f3n de la enfermedad y el refuerzo del sistema\" \/>\n\t\t<meta property=\"og:url\" content=\"https:\/\/candas365.es\/noticias\/la-biblioteca-municipal-de-candas-reabre-sus-puertas\/\" \/>\n\t\t<meta property=\"og:image\" content=\"https:\/\/candas365.es\/noticias\/wp-content\/uploads\/2018\/04\/book-759873_1920.jpg\" \/>\n\t\t<meta property=\"og:image:secure_url\" content=\"https:\/\/candas365.es\/noticias\/wp-content\/uploads\/2018\/04\/book-759873_1920.jpg\" \/>\n\t\t<meta property=\"og:image:width\" content=\"1920\" \/>\n\t\t<meta property=\"og:image:height\" content=\"1170\" \/>\n\t\t<meta property=\"article:published_time\" content=\"2020-05-13T12:41:31+00:00\" \/>\n\t\t<meta property=\"article:modified_time\" content=\"2020-05-13T12:41:31+00:00\" \/>\n\t\t<meta property=\"article:publisher\" content=\"https:\/\/www.facebook.com\/Nachofdezber\" \/>\n\t\t<meta property=\"article:author\" content=\"https:\/\/www.facebook.com\/carrenoactualidad\" \/>\n\t\t<meta name=\"twitter:card\" content=\"summary_large_image\" \/>\n\t\t<meta name=\"twitter:site\" content=\"@NabercoDigital\" \/>\n\t\t<meta name=\"twitter:title\" content=\"La Biblioteca Municipal de Cand\u00e1s reabre sus puertas | Cand\u00e1s 365\" \/>\n\t\t<meta name=\"twitter:description\" content=\"Este jueves se cumplen 2 meses de la declaraci\u00f3n del Estado de Alarma por el Gobierno de la Naci\u00f3n para afrontar la situaci\u00f3n de emergencia sanitaria provocada por el Covid-19 en Espa\u00f1a. Con el objetivo de garantizar la protecci\u00f3n de la salud de los ciudadanos, la contenci\u00f3n de la enfermedad y el refuerzo del sistema\" \/>\n\t\t<meta name=\"twitter:creator\" content=\"@nbasturias\" \/>\n\t\t<meta name=\"twitter:image\" content=\"https:\/\/candas365.es\/noticias\/wp-content\/uploads\/2018\/04\/book-759873_1920.jpg\" \/>\n\t\t<meta name=\"twitter:label1\" content=\"Escrito por\" \/>\n\t\t<meta name=\"twitter:data1\" content=\"Cand\u00e1s 365\" \/>\n\t\t<meta name=\"twitter:label2\" content=\"Tiempo de lectura estimado\" \/>\n\t\t<meta name=\"twitter:data2\" content=\"4 minutos\" \/>\n\t\t<script type=\"application\/ld+json\" class=\"aioseo-schema\">\n\t\t\t{\"@context\":\"https:\\\/\\\/schema.org\",\"@graph\":[{\"@type\":\"BreadcrumbList\",\"@id\":\"https:\\\/\\\/candas365.es\\\/noticias\\\/la-biblioteca-municipal-de-candas-reabre-sus-puertas\\\/#breadcrumblist\",\"itemListElement\":[{\"@type\":\"ListItem\",\"@id\":\"https:\\\/\\\/candas365.es\\\/noticias#listItem\",\"position\":1,\"name\":\"Home\",\"item\":\"https:\\\/\\\/candas365.es\\\/noticias\",\"nextItem\":{\"@type\":\"ListItem\",\"@id\":\"https:\\\/\\\/candas365.es\\\/noticias\\\/category\\\/noticias-carreno\\\/#listItem\",\"name\":\"Noticias Carre\\u00f1o\"}},{\"@type\":\"ListItem\",\"@id\":\"https:\\\/\\\/candas365.es\\\/noticias\\\/category\\\/noticias-carreno\\\/#listItem\",\"position\":2,\"name\":\"Noticias Carre\\u00f1o\",\"item\":\"https:\\\/\\\/candas365.es\\\/noticias\\\/category\\\/noticias-carreno\\\/\",\"nextItem\":{\"@type\":\"ListItem\",\"@id\":\"https:\\\/\\\/candas365.es\\\/noticias\\\/la-biblioteca-municipal-de-candas-reabre-sus-puertas\\\/#listItem\",\"name\":\"La Biblioteca Municipal de Cand\\u00e1s reabre sus puertas\"},\"previousItem\":{\"@type\":\"ListItem\",\"@id\":\"https:\\\/\\\/candas365.es\\\/noticias#listItem\",\"name\":\"Home\"}},{\"@type\":\"ListItem\",\"@id\":\"https:\\\/\\\/candas365.es\\\/noticias\\\/la-biblioteca-municipal-de-candas-reabre-sus-puertas\\\/#listItem\",\"position\":3,\"name\":\"La Biblioteca Municipal de Cand\\u00e1s reabre sus puertas\",\"previousItem\":{\"@type\":\"ListItem\",\"@id\":\"https:\\\/\\\/candas365.es\\\/noticias\\\/category\\\/noticias-carreno\\\/#listItem\",\"name\":\"Noticias Carre\\u00f1o\"}}]},{\"@type\":\"NewsArticle\",\"@id\":\"https:\\\/\\\/candas365.es\\\/noticias\\\/la-biblioteca-municipal-de-candas-reabre-sus-puertas\\\/#newsarticle\",\"name\":\"La Biblioteca Municipal de Cand\\u00e1s reabre sus puertas | Cand\\u00e1s 365\",\"headline\":\"La Biblioteca Municipal de Cand\\u00e1s reabre sus puertas\",\"author\":{\"@id\":\"https:\\\/\\\/candas365.es\\\/noticias\\\/author\\\/admin\\\/#author\"},\"publisher\":{\"@id\":\"https:\\\/\\\/candas365.es\\\/noticias\\\/#organization\"},\"image\":{\"@type\":\"ImageObject\",\"url\":\"https:\\\/\\\/candas365.es\\\/noticias\\\/wp-content\\\/uploads\\\/2018\\\/04\\\/book-759873_1920.jpg\",\"width\":1920,\"height\":1170},\"datePublished\":\"2020-05-13T12:41:31+02:00\",\"dateModified\":\"2020-05-13T12:41:31+02:00\",\"inLanguage\":\"es-ES\",\"mainEntityOfPage\":{\"@id\":\"https:\\\/\\\/candas365.es\\\/noticias\\\/la-biblioteca-municipal-de-candas-reabre-sus-puertas\\\/#webpage\"},\"isPartOf\":{\"@id\":\"https:\\\/\\\/candas365.es\\\/noticias\\\/la-biblioteca-municipal-de-candas-reabre-sus-puertas\\\/#webpage\"},\"articleSection\":\"Noticias Carre\\u00f1o\",\"dateline\":\"Publicado el mayo 13, 2020.\"},{\"@type\":\"Organization\",\"@id\":\"https:\\\/\\\/candas365.es\\\/noticias\\\/#organization\",\"name\":\"Cand\\u00e1s 365\",\"description\":\"Cand\\u00e1s 365 es un diario digital independiente, fundado en 2012, con base en Asturias. Informamos con rigor sobre actualidad, sociedad, cultura y ocio, con una mirada local y global.\",\"url\":\"https:\\\/\\\/candas365.es\\\/noticias\\\/\",\"email\":\"info@candas365.es\",\"telephone\":\"+34652131393\",\"foundingDate\":\"2012-06-10\",\"logo\":{\"@type\":\"ImageObject\",\"url\":\"https:\\\/\\\/candas365.es\\\/noticias\\\/wp-content\\\/uploads\\\/2024\\\/09\\\/Candas-365-Redes.jpg\",\"@id\":\"https:\\\/\\\/candas365.es\\\/noticias\\\/la-biblioteca-municipal-de-candas-reabre-sus-puertas\\\/#organizationLogo\",\"width\":1152,\"height\":864,\"caption\":\"Cand\\u00e1s 365 Redes\"},\"image\":{\"@id\":\"https:\\\/\\\/candas365.es\\\/noticias\\\/la-biblioteca-municipal-de-candas-reabre-sus-puertas\\\/#organizationLogo\"},\"sameAs\":[\"https:\\\/\\\/www.facebook.com\\\/Nachofdezber\",\"https:\\\/\\\/x.com\\\/NabercoDigital\",\"https:\\\/\\\/www.instagram.com\\\/nachofdezber\\\/\",\"https:\\\/\\\/www.youtube.com\\\/channel\\\/UCZP-2wLEB9Rv6erhFmqVnvg\"],\"address\":{\"@id\":\"https:\\\/\\\/candas365.es\\\/noticias\\\/#postaladdress\",\"@type\":\"PostalAddress\",\"streetAddress\":\"san antonio 4, san antonio 4\",\"postalCode\":\"33430\",\"addressLocality\":\"Cand\\u00e1s\",\"addressRegion\":\"Asturias\",\"addressCountry\":\"ES\"}},{\"@type\":\"Person\",\"@id\":\"https:\\\/\\\/candas365.es\\\/noticias\\\/author\\\/admin\\\/#author\",\"url\":\"https:\\\/\\\/candas365.es\\\/noticias\\\/author\\\/admin\\\/\",\"name\":\"Cand\\u00e1s 365\",\"image\":{\"@type\":\"ImageObject\",\"@id\":\"https:\\\/\\\/candas365.es\\\/noticias\\\/la-biblioteca-municipal-de-candas-reabre-sus-puertas\\\/#authorImage\",\"url\":\"https:\\\/\\\/secure.gravatar.com\\\/avatar\\\/496a8e03d0c493ede1718b7934145dbdf8d89be1036b0eec9544e1094c9de390?s=96&d=mm&r=g\",\"width\":96,\"height\":96,\"caption\":\"Cand\\u00e1s 365\"},\"sameAs\":[\"https:\\\/\\\/www.facebook.com\\\/carrenoactualidad\",\"https:\\\/\\\/twitter.com\\\/nbasturias\",\"https:\\\/\\\/www.instagram.com\\\/nachofdezber\\\/\",\"https:\\\/\\\/www.youtube.com\\\/channel\\\/UCZP-2wLEB9Rv6erhFmqVnvg\"]},{\"@type\":\"WebPage\",\"@id\":\"https:\\\/\\\/candas365.es\\\/noticias\\\/la-biblioteca-municipal-de-candas-reabre-sus-puertas\\\/#webpage\",\"url\":\"https:\\\/\\\/candas365.es\\\/noticias\\\/la-biblioteca-municipal-de-candas-reabre-sus-puertas\\\/\",\"name\":\"La Biblioteca Municipal de Cand\\u00e1s reabre sus puertas | Cand\\u00e1s 365\",\"description\":\"Este jueves se cumplen 2 meses de la declaraci\\u00f3n del Estado de Alarma por el Gobierno de la Naci\\u00f3n para afrontar la situaci\\u00f3n de emergencia sanitaria provocada por el Covid-19 en Espa\\u00f1a. Con el objetivo de garantizar la protecci\\u00f3n de la salud de los ciudadanos, la contenci\\u00f3n de la enfermedad y el refuerzo del sistema\",\"inLanguage\":\"es-ES\",\"isPartOf\":{\"@id\":\"https:\\\/\\\/candas365.es\\\/noticias\\\/#website\"},\"breadcrumb\":{\"@id\":\"https:\\\/\\\/candas365.es\\\/noticias\\\/la-biblioteca-municipal-de-candas-reabre-sus-puertas\\\/#breadcrumblist\"},\"author\":{\"@id\":\"https:\\\/\\\/candas365.es\\\/noticias\\\/author\\\/admin\\\/#author\"},\"creator\":{\"@id\":\"https:\\\/\\\/candas365.es\\\/noticias\\\/author\\\/admin\\\/#author\"},\"image\":{\"@type\":\"ImageObject\",\"url\":\"https:\\\/\\\/candas365.es\\\/noticias\\\/wp-content\\\/uploads\\\/2018\\\/04\\\/book-759873_1920.jpg\",\"@id\":\"https:\\\/\\\/candas365.es\\\/noticias\\\/la-biblioteca-municipal-de-candas-reabre-sus-puertas\\\/#mainImage\",\"width\":1920,\"height\":1170},\"primaryImageOfPage\":{\"@id\":\"https:\\\/\\\/candas365.es\\\/noticias\\\/la-biblioteca-municipal-de-candas-reabre-sus-puertas\\\/#mainImage\"},\"datePublished\":\"2020-05-13T12:41:31+02:00\",\"dateModified\":\"2020-05-13T12:41:31+02:00\"},{\"@type\":\"WebSite\",\"@id\":\"https:\\\/\\\/candas365.es\\\/noticias\\\/#website\",\"url\":\"https:\\\/\\\/candas365.es\\\/noticias\\\/\",\"name\":\"Cand\\u00e1s 365\",\"alternateName\":\"Cand\\u00e1s 365 Noticias\",\"description\":\"Actualidad desde Carre\\u00f1o para el mundo\",\"inLanguage\":\"es-ES\",\"publisher\":{\"@id\":\"https:\\\/\\\/candas365.es\\\/noticias\\\/#organization\"}}]}\n\t\t<\/script>\n\t\t<!-- All in One SEO Pro -->\r\n\t\t<title>La Biblioteca Municipal de Cand\u00e1s reabre sus puertas | Cand\u00e1s 365<\/title>\n\n","aioseo_head_json":{"title":"La Biblioteca Municipal de Cand\u00e1s reabre sus puertas | Cand\u00e1s 365","description":"Este jueves se cumplen 2 meses de la declaraci\u00f3n del Estado de Alarma por el Gobierno de la Naci\u00f3n para afrontar la situaci\u00f3n de emergencia sanitaria provocada por el Covid-19 en Espa\u00f1a. Con el objetivo de garantizar la protecci\u00f3n de la salud de los ciudadanos, la contenci\u00f3n de la enfermedad y el refuerzo del sistema","canonical_url":"https:\/\/candas365.es\/noticias\/la-biblioteca-municipal-de-candas-reabre-sus-puertas\/","robots":"max-image-preview:large","keywords":"noticias carre\u00f1o","webmasterTools":{"google-site-verification":"UA-32230408-1","msvalidate.01":"354F3CDFB2DA171B47FBE9ABF1F88D5","miscellaneous":""},"schema":{"@context":"https:\/\/schema.org","@graph":[{"@type":"BreadcrumbList","@id":"https:\/\/candas365.es\/noticias\/la-biblioteca-municipal-de-candas-reabre-sus-puertas\/#breadcrumblist","itemListElement":[{"@type":"ListItem","@id":"https:\/\/candas365.es\/noticias#listItem","position":1,"name":"Home","item":"https:\/\/candas365.es\/noticias","nextItem":{"@type":"ListItem","@id":"https:\/\/candas365.es\/noticias\/category\/noticias-carreno\/#listItem","name":"Noticias Carre\u00f1o"}},{"@type":"ListItem","@id":"https:\/\/candas365.es\/noticias\/category\/noticias-carreno\/#listItem","position":2,"name":"Noticias Carre\u00f1o","item":"https:\/\/candas365.es\/noticias\/category\/noticias-carreno\/","nextItem":{"@type":"ListItem","@id":"https:\/\/candas365.es\/noticias\/la-biblioteca-municipal-de-candas-reabre-sus-puertas\/#listItem","name":"La Biblioteca Municipal de Cand\u00e1s reabre sus puertas"},"previousItem":{"@type":"ListItem","@id":"https:\/\/candas365.es\/noticias#listItem","name":"Home"}},{"@type":"ListItem","@id":"https:\/\/candas365.es\/noticias\/la-biblioteca-municipal-de-candas-reabre-sus-puertas\/#listItem","position":3,"name":"La Biblioteca Municipal de Cand\u00e1s reabre sus puertas","previousItem":{"@type":"ListItem","@id":"https:\/\/candas365.es\/noticias\/category\/noticias-carreno\/#listItem","name":"Noticias Carre\u00f1o"}}]},{"@type":"NewsArticle","@id":"https:\/\/candas365.es\/noticias\/la-biblioteca-municipal-de-candas-reabre-sus-puertas\/#newsarticle","name":"La Biblioteca Municipal de Cand\u00e1s reabre sus puertas | Cand\u00e1s 365","headline":"La Biblioteca Municipal de Cand\u00e1s reabre sus puertas","author":{"@id":"https:\/\/candas365.es\/noticias\/author\/admin\/#author"},"publisher":{"@id":"https:\/\/candas365.es\/noticias\/#organization"},"image":{"@type":"ImageObject","url":"https:\/\/candas365.es\/noticias\/wp-content\/uploads\/2018\/04\/book-759873_1920.jpg","width":1920,"height":1170},"datePublished":"2020-05-13T12:41:31+02:00","dateModified":"2020-05-13T12:41:31+02:00","inLanguage":"es-ES","mainEntityOfPage":{"@id":"https:\/\/candas365.es\/noticias\/la-biblioteca-municipal-de-candas-reabre-sus-puertas\/#webpage"},"isPartOf":{"@id":"https:\/\/candas365.es\/noticias\/la-biblioteca-municipal-de-candas-reabre-sus-puertas\/#webpage"},"articleSection":"Noticias Carre\u00f1o","dateline":"Publicado el mayo 13, 2020."},{"@type":"Organization","@id":"https:\/\/candas365.es\/noticias\/#organization","name":"Cand\u00e1s 365","description":"Cand\u00e1s 365 es un diario digital independiente, fundado en 2012, con base en Asturias. Informamos con rigor sobre actualidad, sociedad, cultura y ocio, con una mirada local y global.","url":"https:\/\/candas365.es\/noticias\/","email":"info@candas365.es","telephone":"+34652131393","foundingDate":"2012-06-10","logo":{"@type":"ImageObject","url":"https:\/\/candas365.es\/noticias\/wp-content\/uploads\/2024\/09\/Candas-365-Redes.jpg","@id":"https:\/\/candas365.es\/noticias\/la-biblioteca-municipal-de-candas-reabre-sus-puertas\/#organizationLogo","width":1152,"height":864,"caption":"Cand\u00e1s 365 Redes"},"image":{"@id":"https:\/\/candas365.es\/noticias\/la-biblioteca-municipal-de-candas-reabre-sus-puertas\/#organizationLogo"},"sameAs":["https:\/\/www.facebook.com\/Nachofdezber","https:\/\/x.com\/NabercoDigital","https:\/\/www.instagram.com\/nachofdezber\/","https:\/\/www.youtube.com\/channel\/UCZP-2wLEB9Rv6erhFmqVnvg"],"address":{"@id":"https:\/\/candas365.es\/noticias\/#postaladdress","@type":"PostalAddress","streetAddress":"san antonio 4, san antonio 4","postalCode":"33430","addressLocality":"Cand\u00e1s","addressRegion":"Asturias","addressCountry":"ES"}},{"@type":"Person","@id":"https:\/\/candas365.es\/noticias\/author\/admin\/#author","url":"https:\/\/candas365.es\/noticias\/author\/admin\/","name":"Cand\u00e1s 365","image":{"@type":"ImageObject","@id":"https:\/\/candas365.es\/noticias\/la-biblioteca-municipal-de-candas-reabre-sus-puertas\/#authorImage","url":"https:\/\/secure.gravatar.com\/avatar\/496a8e03d0c493ede1718b7934145dbdf8d89be1036b0eec9544e1094c9de390?s=96&d=mm&r=g","width":96,"height":96,"caption":"Cand\u00e1s 365"},"sameAs":["https:\/\/www.facebook.com\/carrenoactualidad","https:\/\/twitter.com\/nbasturias","https:\/\/www.instagram.com\/nachofdezber\/","https:\/\/www.youtube.com\/channel\/UCZP-2wLEB9Rv6erhFmqVnvg"]},{"@type":"WebPage","@id":"https:\/\/candas365.es\/noticias\/la-biblioteca-municipal-de-candas-reabre-sus-puertas\/#webpage","url":"https:\/\/candas365.es\/noticias\/la-biblioteca-municipal-de-candas-reabre-sus-puertas\/","name":"La Biblioteca Municipal de Cand\u00e1s reabre sus puertas | Cand\u00e1s 365","description":"Este jueves se cumplen 2 meses de la declaraci\u00f3n del Estado de Alarma por el Gobierno de la Naci\u00f3n para afrontar la situaci\u00f3n de emergencia sanitaria provocada por el Covid-19 en Espa\u00f1a. Con el objetivo de garantizar la protecci\u00f3n de la salud de los ciudadanos, la contenci\u00f3n de la enfermedad y el refuerzo del sistema","inLanguage":"es-ES","isPartOf":{"@id":"https:\/\/candas365.es\/noticias\/#website"},"breadcrumb":{"@id":"https:\/\/candas365.es\/noticias\/la-biblioteca-municipal-de-candas-reabre-sus-puertas\/#breadcrumblist"},"author":{"@id":"https:\/\/candas365.es\/noticias\/author\/admin\/#author"},"creator":{"@id":"https:\/\/candas365.es\/noticias\/author\/admin\/#author"},"image":{"@type":"ImageObject","url":"https:\/\/candas365.es\/noticias\/wp-content\/uploads\/2018\/04\/book-759873_1920.jpg","@id":"https:\/\/candas365.es\/noticias\/la-biblioteca-municipal-de-candas-reabre-sus-puertas\/#mainImage","width":1920,"height":1170},"primaryImageOfPage":{"@id":"https:\/\/candas365.es\/noticias\/la-biblioteca-municipal-de-candas-reabre-sus-puertas\/#mainImage"},"datePublished":"2020-05-13T12:41:31+02:00","dateModified":"2020-05-13T12:41:31+02:00"},{"@type":"WebSite","@id":"https:\/\/candas365.es\/noticias\/#website","url":"https:\/\/candas365.es\/noticias\/","name":"Cand\u00e1s 365","alternateName":"Cand\u00e1s 365 Noticias","description":"Actualidad desde Carre\u00f1o para el mundo","inLanguage":"es-ES","publisher":{"@id":"https:\/\/candas365.es\/noticias\/#organization"}}]},"og:locale":"es_ES","og:site_name":"Cand\u00e1s 365","og:type":"article","og:title":"La Biblioteca Municipal de Cand\u00e1s reabre sus puertas | Cand\u00e1s 365","og:description":"Este jueves se cumplen 2 meses de la declaraci\u00f3n del Estado de Alarma por el Gobierno de la Naci\u00f3n para afrontar la situaci\u00f3n de emergencia sanitaria provocada por el Covid-19 en Espa\u00f1a. Con el objetivo de garantizar la protecci\u00f3n de la salud de los ciudadanos, la contenci\u00f3n de la enfermedad y el refuerzo del sistema","og:url":"https:\/\/candas365.es\/noticias\/la-biblioteca-municipal-de-candas-reabre-sus-puertas\/","og:image":"https:\/\/candas365.es\/noticias\/wp-content\/uploads\/2018\/04\/book-759873_1920.jpg","og:image:secure_url":"https:\/\/candas365.es\/noticias\/wp-content\/uploads\/2018\/04\/book-759873_1920.jpg","og:image:width":1920,"og:image:height":1170,"article:published_time":"2020-05-13T12:41:31+00:00","article:modified_time":"2020-05-13T12:41:31+00:00","article:publisher":"https:\/\/www.facebook.com\/Nachofdezber","article:author":"https:\/\/www.facebook.com\/carrenoactualidad","twitter:card":"summary_large_image","twitter:site":"@NabercoDigital","twitter:title":"La Biblioteca Municipal de Cand\u00e1s reabre sus puertas | Cand\u00e1s 365","twitter:description":"Este jueves se cumplen 2 meses de la declaraci\u00f3n del Estado de Alarma por el Gobierno de la Naci\u00f3n para afrontar la situaci\u00f3n de emergencia sanitaria provocada por el Covid-19 en Espa\u00f1a. Con el objetivo de garantizar la protecci\u00f3n de la salud de los ciudadanos, la contenci\u00f3n de la enfermedad y el refuerzo del sistema","twitter:creator":"@nbasturias","twitter:image":"https:\/\/candas365.es\/noticias\/wp-content\/uploads\/2018\/04\/book-759873_1920.jpg","twitter:label1":"Escrito por","twitter:data1":"Cand\u00e1s 365","twitter:label2":"Tiempo de lectura estimado","twitter:data2":"4 minutos"},"aioseo_meta_data":{"post_id":"142150","title":null,"description":null,"keywords":null,"keyphrases":null,"primary_term":null,"canonical_url":null,"og_title":null,"og_description":null,"og_object_type":"default","og_image_type":"default","og_image_url":null,"og_image_width":null,"og_image_height":null,"og_image_custom_url":null,"og_image_custom_fields":null,"og_video":null,"og_custom_url":null,"og_article_section":null,"og_article_tags":null,"twitter_use_og":false,"twitter_card":"default","twitter_image_type":"default","twitter_image_url":null,"twitter_image_custom_url":null,"twitter_image_custom_fields":null,"twitter_title":null,"twitter_description":null,"schema":{"blockGraphs":[],"customGraphs":[],"default":{"data":{"Article":[],"Course":[],"Dataset":[],"FAQPage":[],"Movie":[],"Person":[],"Product":[],"ProductReview":[],"Car":[],"Recipe":[],"Service":[],"SoftwareApplication":[],"WebPage":[]},"graphName":"","isEnabled":true},"graphs":[]},"schema_type":null,"schema_type_options":null,"pillar_content":false,"robots_default":true,"robots_noindex":false,"robots_noarchive":false,"robots_nosnippet":false,"robots_nofollow":false,"robots_noimageindex":false,"robots_noodp":false,"robots_notranslate":false,"robots_max_snippet":null,"robots_max_videopreview":null,"robots_max_imagepreview":"large","priority":null,"frequency":null,"location":null,"local_seo":null,"seo_analyzer_scan_date":"2025-08-31 04:56:13","breadcrumb_settings":null,"limit_modified_date":false,"reviewed_by":null,"open_ai":null,"ai":null,"created":"2020-12-21 10:42:27","updated":"2025-08-31 04:56:13"},"aioseo_breadcrumb":"<div class=\"aioseo-breadcrumbs\"><span class=\"aioseo-breadcrumb\">\n\t<a href=\"https:\/\/candas365.es\/noticias\" title=\"Home\">Home<\/a>\n<\/span><span class=\"aioseo-breadcrumb-separator\">&ndash;<\/span><span class=\"aioseo-breadcrumb\">\n\t<a href=\"https:\/\/candas365.es\/noticias\/category\/noticias-carreno\/\" title=\"Noticias Carre\u00f1o\">Noticias Carre\u00f1o<\/a>\n<\/span><span class=\"aioseo-breadcrumb-separator\">&ndash;<\/span><span class=\"aioseo-breadcrumb\">\n\tLa Biblioteca Municipal de Cand\u00e1s reabre sus puertas\n<\/span><\/div>","aioseo_breadcrumb_json":[{"label":"Home","link":"https:\/\/candas365.es\/noticias"},{"label":"Noticias Carre\u00f1o","link":"https:\/\/candas365.es\/noticias\/category\/noticias-carreno\/"},{"label":"La Biblioteca Municipal de Cand\u00e1s reabre sus puertas","link":"https:\/\/candas365.es\/noticias\/la-biblioteca-municipal-de-candas-reabre-sus-puertas\/"}],"_links":{"self":[{"href":"https:\/\/candas365.es\/noticias\/wp-json\/wp\/v2\/posts\/142150","targetHints":{"allow":["GET"]}}],"collection":[{"href":"https:\/\/candas365.es\/noticias\/wp-json\/wp\/v2\/posts"}],"about":[{"href":"https:\/\/candas365.es\/noticias\/wp-json\/wp\/v2\/types\/post"}],"author":[{"embeddable":true,"href":"https:\/\/candas365.es\/noticias\/wp-json\/wp\/v2\/users\/1"}],"replies":[{"embeddable":true,"href":"https:\/\/candas365.es\/noticias\/wp-json\/wp\/v2\/comments?post=142150"}],"version-history":[{"count":0,"href":"https:\/\/candas365.es\/noticias\/wp-json\/wp\/v2\/posts\/142150\/revisions"}],"wp:featuredmedia":[{"embeddable":true,"href":"https:\/\/candas365.es\/noticias\/wp-json\/wp\/v2\/media\/94892"}],"wp:attachment":[{"href":"https:\/\/candas365.es\/noticias\/wp-json\/wp\/v2\/media?parent=142150"}],"wp:term":[{"taxonomy":"category","embeddable":true,"href":"https:\/\/candas365.es\/noticias\/wp-json\/wp\/v2\/categories?post=142150"},{"taxonomy":"post_tag","embeddable":true,"href":"https:\/\/candas365.es\/noticias\/wp-json\/wp\/v2\/tags?post=142150"}],"curies":[{"name":"wp","href":"https:\/\/api.w.org\/{rel}","templated":true}]}}