{"id":142106,"date":"2020-05-07T15:23:10","date_gmt":"2020-05-07T15:23:10","guid":{"rendered":"http:\/\/candas365.es\/noticias\/?p=142106"},"modified":"2020-05-12T15:24:23","modified_gmt":"2020-05-12T15:24:23","slug":"carreno-reforzara-su-policia-local","status":"publish","type":"post","link":"https:\/\/candas365.es\/noticias\/carreno-reforzara-su-policia-local\/","title":{"rendered":"Carre\u00f1o reforzar\u00e1 su Polic\u00eda Local"},"content":{"rendered":"<p><img fetchpriority=\"high\" decoding=\"async\" class=\"alignleft size-medium wp-image-118962\" src=\"https:\/\/candas365.es\/noticias\/wp-content\/uploads\/2019\/03\/blue-light-73088_960_720-360x254.jpg\" alt=\"\" width=\"360\" height=\"254\" srcset=\"https:\/\/candas365.es\/noticias\/wp-content\/uploads\/2019\/03\/blue-light-73088_960_720-360x254.jpg 360w, https:\/\/candas365.es\/noticias\/wp-content\/uploads\/2019\/03\/blue-light-73088_960_720-100x70.jpg 100w, https:\/\/candas365.es\/noticias\/wp-content\/uploads\/2019\/03\/blue-light-73088_960_720-696x492.jpg 696w, https:\/\/candas365.es\/noticias\/wp-content\/uploads\/2019\/03\/blue-light-73088_960_720-595x420.jpg 595w, https:\/\/candas365.es\/noticias\/wp-content\/uploads\/2019\/03\/blue-light-73088_960_720-768x542.jpg 768w, https:\/\/candas365.es\/noticias\/wp-content\/uploads\/2019\/03\/blue-light-73088_960_720-655x463.jpg 655w, https:\/\/candas365.es\/noticias\/wp-content\/uploads\/2019\/03\/blue-light-73088_960_720.jpg 960w\" sizes=\"(max-width: 360px) 100vw, 360px\" \/>Carre\u00f1o reforzar\u00e1 el servicio de Polic\u00eda Local con la contrataci\u00f3n de cinco auxiliares de Polic\u00eda Local a partir del 1 de junio y hasta el 30 de septiembre del 2020.<\/p>\n<p>\u201cEl objetivo de esta contrataci\u00f3n no es otra que reforzar el servicio, principalmente en los cometidos de regulaci\u00f3n y control de tr\u00e1fico y de atenci\u00f3n ciudadana en los meses estivales\u201d se\u00f1al\u00f3 Cecilia Tasc\u00f3n, Concejala de Seguridad Ciudadana.<\/p>\n<p>\u201cEn el a\u00f1o 2017 el Ayuntamiento de Carre\u00f1o confeccion\u00f3 una bolsa de empleo espec\u00edfica para Auxiliares de Polic\u00eda Local, una vez se dio por finalizado el proceso selectivo, \u00e9ste tuvo como resultado un orden de prelaci\u00f3n en funci\u00f3n de la puntuaci\u00f3n final en el proceso que determina el orden de llamamiento\u201d explic\u00f3 la edil.<\/p>\n<p>\u201cEn base a esta bolsa y al orden de llamamiento se han activado el protocolo de llamada, siguiendo el orden de prioridades entre las personas aspirantes de la bolsa confeccionada para la contrataci\u00f3n de los puestos de auxiliares de polic\u00eda. Este procedimiento ha concluido con la aceptaci\u00f3n del ofrecimiento por parte de 5 personas incluidas en la lista, para la contrataci\u00f3n por el per\u00edodo m\u00e1ximo que nos marca la normativa, 4 meses\u201d prosigui\u00f3 Tasc\u00f3n.<\/p>\n<p>\u201cLos 5 auxiliares se incorporar\u00e1n al servicio en la condici\u00f3n de personal funcionario interino pertenecientes a la Escala de Administraci\u00f3n Especial, Sub-escala Servicios Especiales, Clase Polic\u00eda Local y sus auxiliares, grupo de clasificaci\u00f3n Subgrupo C2. Siendo su jornada a tiempo completo durante los meses de junio, julio, agosto y setiembre, distribuida en r\u00e9gimen de turnos de ma\u00f1ana y tarde, de lunes a domingo\u201d coment\u00f3 la concejala.<\/p>\n<p>\u201cLa contrataci\u00f3n de los 5 auxiliares de polic\u00eda local supondr\u00e1 a las arcas municipales una inversi\u00f3n en seguridad y personal, incluyendo las cargas sociales a cargo del Consistorio, de 55.000 \u20ac. Cantidad ya incluida en el Cap\u00edtulo correspondiente a los gastos de personal del Presupuesto del Ayuntamiento de este a\u00f1o, aprobado inicialmente, por unanimidad, por el Pleno Municipal en la sesi\u00f3n celebrada v\u00eda telem\u00e1tica el pasado 30 de abril\u201d finaliz\u00f3 la Responsable del \u00c1rea de Seguridad Ciudadana.<\/p>\n","protected":false},"excerpt":{"rendered":"<p>Carre\u00f1o reforzar\u00e1 el servicio de Polic\u00eda Local con la contrataci\u00f3n de cinco auxiliares de Polic\u00eda Local a partir del 1 de junio y hasta el 30 de septiembre del 2020. \u201cEl objetivo de esta contrataci\u00f3n no es otra que reforzar el servicio, principalmente en los cometidos de regulaci\u00f3n y control de tr\u00e1fico y de atenci\u00f3n<\/p>\n","protected":false},"author":1,"featured_media":118962,"comment_status":"closed","ping_status":"closed","sticky":false,"template":"","format":"standard","meta":{"footnotes":""},"categories":[2],"tags":[],"class_list":{"0":"post-142106","1":"post","2":"type-post","3":"status-publish","4":"format-standard","5":"has-post-thumbnail","7":"category-noticias-carreno"},"aioseo_notices":[],"aioseo_head":"\n\t\t<!-- All in One SEO Pro 4.9.6.2 - aioseo.com -->\n\t<meta name=\"description\" content=\"Carre\u00f1o reforzar\u00e1 el servicio de Polic\u00eda Local con la contrataci\u00f3n de cinco auxiliares de Polic\u00eda Local a partir del 1 de junio y hasta el 30 de septiembre del 2020. \u201cEl objetivo de esta contrataci\u00f3n no es otra que reforzar el servicio, principalmente en los cometidos de regulaci\u00f3n y control de tr\u00e1fico y de atenci\u00f3n\" \/>\n\t<meta name=\"robots\" content=\"max-image-preview:large\" \/>\n\t<meta name=\"author\" content=\"Cand\u00e1s 365\"\/>\n\t<meta name=\"google-site-verification\" content=\"UA-32230408-1\" \/>\n\t<meta name=\"msvalidate.01\" content=\"354F3CDFB2DA171B47FBE9ABF1F88D5\" \/>\n\t<meta name=\"keywords\" content=\"noticias carre\u00f1o\" \/>\n\t<link rel=\"canonical\" href=\"https:\/\/candas365.es\/noticias\/carreno-reforzara-su-policia-local\/\" \/>\n\t<meta name=\"generator\" content=\"All in One SEO Pro (AIOSEO) 4.9.6.2\" \/>\n\t\t<meta property=\"og:locale\" content=\"es_ES\" \/>\n\t\t<meta property=\"og:site_name\" content=\"Cand\u00e1s 365\" \/>\n\t\t<meta property=\"og:type\" content=\"article\" \/>\n\t\t<meta property=\"og:title\" content=\"Carre\u00f1o reforzar\u00e1 su Polic\u00eda Local | Cand\u00e1s 365\" \/>\n\t\t<meta property=\"og:description\" content=\"Carre\u00f1o reforzar\u00e1 el servicio de Polic\u00eda Local con la contrataci\u00f3n de cinco auxiliares de Polic\u00eda Local a partir del 1 de junio y hasta el 30 de septiembre del 2020. \u201cEl objetivo de esta contrataci\u00f3n no es otra que reforzar el servicio, principalmente en los cometidos de regulaci\u00f3n y control de tr\u00e1fico y de atenci\u00f3n\" \/>\n\t\t<meta property=\"og:url\" content=\"https:\/\/candas365.es\/noticias\/carreno-reforzara-su-policia-local\/\" \/>\n\t\t<meta property=\"og:image\" content=\"https:\/\/candas365.es\/noticias\/wp-content\/uploads\/2019\/03\/blue-light-73088_960_720.jpg\" \/>\n\t\t<meta property=\"og:image:secure_url\" content=\"https:\/\/candas365.es\/noticias\/wp-content\/uploads\/2019\/03\/blue-light-73088_960_720.jpg\" \/>\n\t\t<meta property=\"og:image:width\" content=\"960\" \/>\n\t\t<meta property=\"og:image:height\" content=\"678\" \/>\n\t\t<meta property=\"article:published_time\" content=\"2020-05-07T15:23:10+00:00\" \/>\n\t\t<meta property=\"article:modified_time\" content=\"2020-05-12T15:24:23+00:00\" \/>\n\t\t<meta property=\"article:publisher\" content=\"https:\/\/www.facebook.com\/Nachofdezber\" \/>\n\t\t<meta property=\"article:author\" content=\"https:\/\/www.facebook.com\/carrenoactualidad\" \/>\n\t\t<meta name=\"twitter:card\" content=\"summary_large_image\" \/>\n\t\t<meta name=\"twitter:site\" content=\"@NabercoDigital\" \/>\n\t\t<meta name=\"twitter:title\" content=\"Carre\u00f1o reforzar\u00e1 su Polic\u00eda Local | Cand\u00e1s 365\" \/>\n\t\t<meta name=\"twitter:description\" content=\"Carre\u00f1o reforzar\u00e1 el servicio de Polic\u00eda Local con la contrataci\u00f3n de cinco auxiliares de Polic\u00eda Local a partir del 1 de junio y hasta el 30 de septiembre del 2020. \u201cEl objetivo de esta contrataci\u00f3n no es otra que reforzar el servicio, principalmente en los cometidos de regulaci\u00f3n y control de tr\u00e1fico y de atenci\u00f3n\" \/>\n\t\t<meta name=\"twitter:creator\" content=\"@nbasturias\" \/>\n\t\t<meta name=\"twitter:image\" content=\"https:\/\/candas365.es\/noticias\/wp-content\/uploads\/2019\/03\/blue-light-73088_960_720.jpg\" \/>\n\t\t<meta name=\"twitter:label1\" content=\"Escrito por\" \/>\n\t\t<meta name=\"twitter:data1\" content=\"Cand\u00e1s 365\" \/>\n\t\t<meta name=\"twitter:label2\" content=\"Tiempo de lectura estimado\" \/>\n\t\t<meta name=\"twitter:data2\" content=\"2 minutos\" \/>\n\t\t<script type=\"application\/ld+json\" class=\"aioseo-schema\">\n\t\t\t{\"@context\":\"https:\\\/\\\/schema.org\",\"@graph\":[{\"@type\":\"BreadcrumbList\",\"@id\":\"https:\\\/\\\/candas365.es\\\/noticias\\\/carreno-reforzara-su-policia-local\\\/#breadcrumblist\",\"itemListElement\":[{\"@type\":\"ListItem\",\"@id\":\"https:\\\/\\\/candas365.es\\\/noticias#listItem\",\"position\":1,\"name\":\"Home\",\"item\":\"https:\\\/\\\/candas365.es\\\/noticias\",\"nextItem\":{\"@type\":\"ListItem\",\"@id\":\"https:\\\/\\\/candas365.es\\\/noticias\\\/category\\\/noticias-carreno\\\/#listItem\",\"name\":\"Noticias Carre\\u00f1o\"}},{\"@type\":\"ListItem\",\"@id\":\"https:\\\/\\\/candas365.es\\\/noticias\\\/category\\\/noticias-carreno\\\/#listItem\",\"position\":2,\"name\":\"Noticias Carre\\u00f1o\",\"item\":\"https:\\\/\\\/candas365.es\\\/noticias\\\/category\\\/noticias-carreno\\\/\",\"nextItem\":{\"@type\":\"ListItem\",\"@id\":\"https:\\\/\\\/candas365.es\\\/noticias\\\/carreno-reforzara-su-policia-local\\\/#listItem\",\"name\":\"Carre\\u00f1o reforzar\\u00e1 su Polic\\u00eda Local\"},\"previousItem\":{\"@type\":\"ListItem\",\"@id\":\"https:\\\/\\\/candas365.es\\\/noticias#listItem\",\"name\":\"Home\"}},{\"@type\":\"ListItem\",\"@id\":\"https:\\\/\\\/candas365.es\\\/noticias\\\/carreno-reforzara-su-policia-local\\\/#listItem\",\"position\":3,\"name\":\"Carre\\u00f1o reforzar\\u00e1 su Polic\\u00eda Local\",\"previousItem\":{\"@type\":\"ListItem\",\"@id\":\"https:\\\/\\\/candas365.es\\\/noticias\\\/category\\\/noticias-carreno\\\/#listItem\",\"name\":\"Noticias Carre\\u00f1o\"}}]},{\"@type\":\"NewsArticle\",\"@id\":\"https:\\\/\\\/candas365.es\\\/noticias\\\/carreno-reforzara-su-policia-local\\\/#newsarticle\",\"name\":\"Carre\\u00f1o reforzar\\u00e1 su Polic\\u00eda Local | Cand\\u00e1s 365\",\"headline\":\"Carre\\u00f1o reforzar\\u00e1 su Polic\\u00eda Local\",\"author\":{\"@id\":\"https:\\\/\\\/candas365.es\\\/noticias\\\/author\\\/admin\\\/#author\"},\"publisher\":{\"@id\":\"https:\\\/\\\/candas365.es\\\/noticias\\\/#organization\"},\"image\":{\"@type\":\"ImageObject\",\"url\":\"https:\\\/\\\/candas365.es\\\/noticias\\\/wp-content\\\/uploads\\\/2019\\\/03\\\/blue-light-73088_960_720.jpg\",\"width\":960,\"height\":678},\"datePublished\":\"2020-05-07T15:23:10+02:00\",\"dateModified\":\"2020-05-12T15:24:23+02:00\",\"inLanguage\":\"es-ES\",\"mainEntityOfPage\":{\"@id\":\"https:\\\/\\\/candas365.es\\\/noticias\\\/carreno-reforzara-su-policia-local\\\/#webpage\"},\"isPartOf\":{\"@id\":\"https:\\\/\\\/candas365.es\\\/noticias\\\/carreno-reforzara-su-policia-local\\\/#webpage\"},\"articleSection\":\"Noticias Carre\\u00f1o\",\"dateline\":\"Publicado el mayo 7, 2020.\"},{\"@type\":\"Organization\",\"@id\":\"https:\\\/\\\/candas365.es\\\/noticias\\\/#organization\",\"name\":\"Cand\\u00e1s 365\",\"description\":\"Cand\\u00e1s 365 es un diario digital independiente, fundado en 2012, con base en Asturias. Informamos con rigor sobre actualidad, sociedad, cultura y ocio, con una mirada local y global.\",\"url\":\"https:\\\/\\\/candas365.es\\\/noticias\\\/\",\"email\":\"info@candas365.es\",\"telephone\":\"+34652131393\",\"foundingDate\":\"2012-06-10\",\"logo\":{\"@type\":\"ImageObject\",\"url\":\"https:\\\/\\\/candas365.es\\\/noticias\\\/wp-content\\\/uploads\\\/2024\\\/09\\\/Candas-365-Redes.jpg\",\"@id\":\"https:\\\/\\\/candas365.es\\\/noticias\\\/carreno-reforzara-su-policia-local\\\/#organizationLogo\",\"width\":1152,\"height\":864,\"caption\":\"Cand\\u00e1s 365 Redes\"},\"image\":{\"@id\":\"https:\\\/\\\/candas365.es\\\/noticias\\\/carreno-reforzara-su-policia-local\\\/#organizationLogo\"},\"sameAs\":[\"https:\\\/\\\/www.facebook.com\\\/Nachofdezber\",\"https:\\\/\\\/x.com\\\/NabercoDigital\",\"https:\\\/\\\/www.instagram.com\\\/nachofdezber\\\/\",\"https:\\\/\\\/www.youtube.com\\\/channel\\\/UCZP-2wLEB9Rv6erhFmqVnvg\"],\"address\":{\"@id\":\"https:\\\/\\\/candas365.es\\\/noticias\\\/#postaladdress\",\"@type\":\"PostalAddress\",\"streetAddress\":\"san antonio 4, san antonio 4\",\"postalCode\":\"33430\",\"addressLocality\":\"Cand\\u00e1s\",\"addressRegion\":\"Asturias\",\"addressCountry\":\"ES\"}},{\"@type\":\"Person\",\"@id\":\"https:\\\/\\\/candas365.es\\\/noticias\\\/author\\\/admin\\\/#author\",\"url\":\"https:\\\/\\\/candas365.es\\\/noticias\\\/author\\\/admin\\\/\",\"name\":\"Cand\\u00e1s 365\",\"image\":{\"@type\":\"ImageObject\",\"@id\":\"https:\\\/\\\/candas365.es\\\/noticias\\\/carreno-reforzara-su-policia-local\\\/#authorImage\",\"url\":\"https:\\\/\\\/secure.gravatar.com\\\/avatar\\\/496a8e03d0c493ede1718b7934145dbdf8d89be1036b0eec9544e1094c9de390?s=96&d=mm&r=g\",\"width\":96,\"height\":96,\"caption\":\"Cand\\u00e1s 365\"},\"sameAs\":[\"https:\\\/\\\/www.facebook.com\\\/carrenoactualidad\",\"https:\\\/\\\/twitter.com\\\/nbasturias\",\"https:\\\/\\\/www.instagram.com\\\/nachofdezber\\\/\",\"https:\\\/\\\/www.youtube.com\\\/channel\\\/UCZP-2wLEB9Rv6erhFmqVnvg\"]},{\"@type\":\"WebPage\",\"@id\":\"https:\\\/\\\/candas365.es\\\/noticias\\\/carreno-reforzara-su-policia-local\\\/#webpage\",\"url\":\"https:\\\/\\\/candas365.es\\\/noticias\\\/carreno-reforzara-su-policia-local\\\/\",\"name\":\"Carre\\u00f1o reforzar\\u00e1 su Polic\\u00eda Local | Cand\\u00e1s 365\",\"description\":\"Carre\\u00f1o reforzar\\u00e1 el servicio de Polic\\u00eda Local con la contrataci\\u00f3n de cinco auxiliares de Polic\\u00eda Local a partir del 1 de junio y hasta el 30 de septiembre del 2020. \\u201cEl objetivo de esta contrataci\\u00f3n no es otra que reforzar el servicio, principalmente en los cometidos de regulaci\\u00f3n y control de tr\\u00e1fico y de atenci\\u00f3n\",\"inLanguage\":\"es-ES\",\"isPartOf\":{\"@id\":\"https:\\\/\\\/candas365.es\\\/noticias\\\/#website\"},\"breadcrumb\":{\"@id\":\"https:\\\/\\\/candas365.es\\\/noticias\\\/carreno-reforzara-su-policia-local\\\/#breadcrumblist\"},\"author\":{\"@id\":\"https:\\\/\\\/candas365.es\\\/noticias\\\/author\\\/admin\\\/#author\"},\"creator\":{\"@id\":\"https:\\\/\\\/candas365.es\\\/noticias\\\/author\\\/admin\\\/#author\"},\"image\":{\"@type\":\"ImageObject\",\"url\":\"https:\\\/\\\/candas365.es\\\/noticias\\\/wp-content\\\/uploads\\\/2019\\\/03\\\/blue-light-73088_960_720.jpg\",\"@id\":\"https:\\\/\\\/candas365.es\\\/noticias\\\/carreno-reforzara-su-policia-local\\\/#mainImage\",\"width\":960,\"height\":678},\"primaryImageOfPage\":{\"@id\":\"https:\\\/\\\/candas365.es\\\/noticias\\\/carreno-reforzara-su-policia-local\\\/#mainImage\"},\"datePublished\":\"2020-05-07T15:23:10+02:00\",\"dateModified\":\"2020-05-12T15:24:23+02:00\"},{\"@type\":\"WebSite\",\"@id\":\"https:\\\/\\\/candas365.es\\\/noticias\\\/#website\",\"url\":\"https:\\\/\\\/candas365.es\\\/noticias\\\/\",\"name\":\"Cand\\u00e1s 365\",\"alternateName\":\"Cand\\u00e1s 365 Noticias\",\"description\":\"Actualidad desde Carre\\u00f1o para el mundo\",\"inLanguage\":\"es-ES\",\"publisher\":{\"@id\":\"https:\\\/\\\/candas365.es\\\/noticias\\\/#organization\"}}]}\n\t\t<\/script>\n\t\t<!-- All in One SEO Pro -->\r\n\t\t<title>Carre\u00f1o reforzar\u00e1 su Polic\u00eda Local | Cand\u00e1s 365<\/title>\n\n","aioseo_head_json":{"title":"Carre\u00f1o reforzar\u00e1 su Polic\u00eda Local | Cand\u00e1s 365","description":"Carre\u00f1o reforzar\u00e1 el servicio de Polic\u00eda Local con la contrataci\u00f3n de cinco auxiliares de Polic\u00eda Local a partir del 1 de junio y hasta el 30 de septiembre del 2020. \u201cEl objetivo de esta contrataci\u00f3n no es otra que reforzar el servicio, principalmente en los cometidos de regulaci\u00f3n y control de tr\u00e1fico y de atenci\u00f3n","canonical_url":"https:\/\/candas365.es\/noticias\/carreno-reforzara-su-policia-local\/","robots":"max-image-preview:large","keywords":"noticias carre\u00f1o","webmasterTools":{"google-site-verification":"UA-32230408-1","msvalidate.01":"354F3CDFB2DA171B47FBE9ABF1F88D5","miscellaneous":""},"schema":{"@context":"https:\/\/schema.org","@graph":[{"@type":"BreadcrumbList","@id":"https:\/\/candas365.es\/noticias\/carreno-reforzara-su-policia-local\/#breadcrumblist","itemListElement":[{"@type":"ListItem","@id":"https:\/\/candas365.es\/noticias#listItem","position":1,"name":"Home","item":"https:\/\/candas365.es\/noticias","nextItem":{"@type":"ListItem","@id":"https:\/\/candas365.es\/noticias\/category\/noticias-carreno\/#listItem","name":"Noticias Carre\u00f1o"}},{"@type":"ListItem","@id":"https:\/\/candas365.es\/noticias\/category\/noticias-carreno\/#listItem","position":2,"name":"Noticias Carre\u00f1o","item":"https:\/\/candas365.es\/noticias\/category\/noticias-carreno\/","nextItem":{"@type":"ListItem","@id":"https:\/\/candas365.es\/noticias\/carreno-reforzara-su-policia-local\/#listItem","name":"Carre\u00f1o reforzar\u00e1 su Polic\u00eda Local"},"previousItem":{"@type":"ListItem","@id":"https:\/\/candas365.es\/noticias#listItem","name":"Home"}},{"@type":"ListItem","@id":"https:\/\/candas365.es\/noticias\/carreno-reforzara-su-policia-local\/#listItem","position":3,"name":"Carre\u00f1o reforzar\u00e1 su Polic\u00eda Local","previousItem":{"@type":"ListItem","@id":"https:\/\/candas365.es\/noticias\/category\/noticias-carreno\/#listItem","name":"Noticias Carre\u00f1o"}}]},{"@type":"NewsArticle","@id":"https:\/\/candas365.es\/noticias\/carreno-reforzara-su-policia-local\/#newsarticle","name":"Carre\u00f1o reforzar\u00e1 su Polic\u00eda Local | Cand\u00e1s 365","headline":"Carre\u00f1o reforzar\u00e1 su Polic\u00eda Local","author":{"@id":"https:\/\/candas365.es\/noticias\/author\/admin\/#author"},"publisher":{"@id":"https:\/\/candas365.es\/noticias\/#organization"},"image":{"@type":"ImageObject","url":"https:\/\/candas365.es\/noticias\/wp-content\/uploads\/2019\/03\/blue-light-73088_960_720.jpg","width":960,"height":678},"datePublished":"2020-05-07T15:23:10+02:00","dateModified":"2020-05-12T15:24:23+02:00","inLanguage":"es-ES","mainEntityOfPage":{"@id":"https:\/\/candas365.es\/noticias\/carreno-reforzara-su-policia-local\/#webpage"},"isPartOf":{"@id":"https:\/\/candas365.es\/noticias\/carreno-reforzara-su-policia-local\/#webpage"},"articleSection":"Noticias Carre\u00f1o","dateline":"Publicado el mayo 7, 2020."},{"@type":"Organization","@id":"https:\/\/candas365.es\/noticias\/#organization","name":"Cand\u00e1s 365","description":"Cand\u00e1s 365 es un diario digital independiente, fundado en 2012, con base en Asturias. Informamos con rigor sobre actualidad, sociedad, cultura y ocio, con una mirada local y global.","url":"https:\/\/candas365.es\/noticias\/","email":"info@candas365.es","telephone":"+34652131393","foundingDate":"2012-06-10","logo":{"@type":"ImageObject","url":"https:\/\/candas365.es\/noticias\/wp-content\/uploads\/2024\/09\/Candas-365-Redes.jpg","@id":"https:\/\/candas365.es\/noticias\/carreno-reforzara-su-policia-local\/#organizationLogo","width":1152,"height":864,"caption":"Cand\u00e1s 365 Redes"},"image":{"@id":"https:\/\/candas365.es\/noticias\/carreno-reforzara-su-policia-local\/#organizationLogo"},"sameAs":["https:\/\/www.facebook.com\/Nachofdezber","https:\/\/x.com\/NabercoDigital","https:\/\/www.instagram.com\/nachofdezber\/","https:\/\/www.youtube.com\/channel\/UCZP-2wLEB9Rv6erhFmqVnvg"],"address":{"@id":"https:\/\/candas365.es\/noticias\/#postaladdress","@type":"PostalAddress","streetAddress":"san antonio 4, san antonio 4","postalCode":"33430","addressLocality":"Cand\u00e1s","addressRegion":"Asturias","addressCountry":"ES"}},{"@type":"Person","@id":"https:\/\/candas365.es\/noticias\/author\/admin\/#author","url":"https:\/\/candas365.es\/noticias\/author\/admin\/","name":"Cand\u00e1s 365","image":{"@type":"ImageObject","@id":"https:\/\/candas365.es\/noticias\/carreno-reforzara-su-policia-local\/#authorImage","url":"https:\/\/secure.gravatar.com\/avatar\/496a8e03d0c493ede1718b7934145dbdf8d89be1036b0eec9544e1094c9de390?s=96&d=mm&r=g","width":96,"height":96,"caption":"Cand\u00e1s 365"},"sameAs":["https:\/\/www.facebook.com\/carrenoactualidad","https:\/\/twitter.com\/nbasturias","https:\/\/www.instagram.com\/nachofdezber\/","https:\/\/www.youtube.com\/channel\/UCZP-2wLEB9Rv6erhFmqVnvg"]},{"@type":"WebPage","@id":"https:\/\/candas365.es\/noticias\/carreno-reforzara-su-policia-local\/#webpage","url":"https:\/\/candas365.es\/noticias\/carreno-reforzara-su-policia-local\/","name":"Carre\u00f1o reforzar\u00e1 su Polic\u00eda Local | Cand\u00e1s 365","description":"Carre\u00f1o reforzar\u00e1 el servicio de Polic\u00eda Local con la contrataci\u00f3n de cinco auxiliares de Polic\u00eda Local a partir del 1 de junio y hasta el 30 de septiembre del 2020. \u201cEl objetivo de esta contrataci\u00f3n no es otra que reforzar el servicio, principalmente en los cometidos de regulaci\u00f3n y control de tr\u00e1fico y de atenci\u00f3n","inLanguage":"es-ES","isPartOf":{"@id":"https:\/\/candas365.es\/noticias\/#website"},"breadcrumb":{"@id":"https:\/\/candas365.es\/noticias\/carreno-reforzara-su-policia-local\/#breadcrumblist"},"author":{"@id":"https:\/\/candas365.es\/noticias\/author\/admin\/#author"},"creator":{"@id":"https:\/\/candas365.es\/noticias\/author\/admin\/#author"},"image":{"@type":"ImageObject","url":"https:\/\/candas365.es\/noticias\/wp-content\/uploads\/2019\/03\/blue-light-73088_960_720.jpg","@id":"https:\/\/candas365.es\/noticias\/carreno-reforzara-su-policia-local\/#mainImage","width":960,"height":678},"primaryImageOfPage":{"@id":"https:\/\/candas365.es\/noticias\/carreno-reforzara-su-policia-local\/#mainImage"},"datePublished":"2020-05-07T15:23:10+02:00","dateModified":"2020-05-12T15:24:23+02:00"},{"@type":"WebSite","@id":"https:\/\/candas365.es\/noticias\/#website","url":"https:\/\/candas365.es\/noticias\/","name":"Cand\u00e1s 365","alternateName":"Cand\u00e1s 365 Noticias","description":"Actualidad desde Carre\u00f1o para el mundo","inLanguage":"es-ES","publisher":{"@id":"https:\/\/candas365.es\/noticias\/#organization"}}]},"og:locale":"es_ES","og:site_name":"Cand\u00e1s 365","og:type":"article","og:title":"Carre\u00f1o reforzar\u00e1 su Polic\u00eda Local | Cand\u00e1s 365","og:description":"Carre\u00f1o reforzar\u00e1 el servicio de Polic\u00eda Local con la contrataci\u00f3n de cinco auxiliares de Polic\u00eda Local a partir del 1 de junio y hasta el 30 de septiembre del 2020. \u201cEl objetivo de esta contrataci\u00f3n no es otra que reforzar el servicio, principalmente en los cometidos de regulaci\u00f3n y control de tr\u00e1fico y de atenci\u00f3n","og:url":"https:\/\/candas365.es\/noticias\/carreno-reforzara-su-policia-local\/","og:image":"https:\/\/candas365.es\/noticias\/wp-content\/uploads\/2019\/03\/blue-light-73088_960_720.jpg","og:image:secure_url":"https:\/\/candas365.es\/noticias\/wp-content\/uploads\/2019\/03\/blue-light-73088_960_720.jpg","og:image:width":960,"og:image:height":678,"article:published_time":"2020-05-07T15:23:10+00:00","article:modified_time":"2020-05-12T15:24:23+00:00","article:publisher":"https:\/\/www.facebook.com\/Nachofdezber","article:author":"https:\/\/www.facebook.com\/carrenoactualidad","twitter:card":"summary_large_image","twitter:site":"@NabercoDigital","twitter:title":"Carre\u00f1o reforzar\u00e1 su Polic\u00eda Local | Cand\u00e1s 365","twitter:description":"Carre\u00f1o reforzar\u00e1 el servicio de Polic\u00eda Local con la contrataci\u00f3n de cinco auxiliares de Polic\u00eda Local a partir del 1 de junio y hasta el 30 de septiembre del 2020. \u201cEl objetivo de esta contrataci\u00f3n no es otra que reforzar el servicio, principalmente en los cometidos de regulaci\u00f3n y control de tr\u00e1fico y de atenci\u00f3n","twitter:creator":"@nbasturias","twitter:image":"https:\/\/candas365.es\/noticias\/wp-content\/uploads\/2019\/03\/blue-light-73088_960_720.jpg","twitter:label1":"Escrito por","twitter:data1":"Cand\u00e1s 365","twitter:label2":"Tiempo de lectura estimado","twitter:data2":"2 minutos"},"aioseo_meta_data":{"post_id":"142106","title":null,"description":null,"keywords":null,"keyphrases":null,"primary_term":null,"canonical_url":null,"og_title":null,"og_description":null,"og_object_type":"default","og_image_type":"default","og_image_url":null,"og_image_width":null,"og_image_height":null,"og_image_custom_url":null,"og_image_custom_fields":null,"og_video":null,"og_custom_url":null,"og_article_section":null,"og_article_tags":null,"twitter_use_og":false,"twitter_card":"default","twitter_image_type":"default","twitter_image_url":null,"twitter_image_custom_url":null,"twitter_image_custom_fields":null,"twitter_title":null,"twitter_description":null,"schema":{"blockGraphs":[],"customGraphs":[],"default":{"data":{"Article":[],"Course":[],"Dataset":[],"FAQPage":[],"Movie":[],"Person":[],"Product":[],"ProductReview":[],"Car":[],"Recipe":[],"Service":[],"SoftwareApplication":[],"WebPage":[]},"graphName":"","isEnabled":true},"graphs":[],"defaultGraph":"","defaultPostTypeGraph":""},"schema_type":null,"schema_type_options":null,"pillar_content":false,"robots_default":true,"robots_noindex":false,"robots_noarchive":false,"robots_nosnippet":false,"robots_nofollow":false,"robots_noimageindex":false,"robots_noodp":false,"robots_notranslate":false,"robots_max_snippet":null,"robots_max_videopreview":null,"robots_max_imagepreview":"large","priority":null,"frequency":null,"location":null,"local_seo":null,"seo_analyzer_scan_date":"2025-08-31 04:37:13","breadcrumb_settings":null,"limit_modified_date":false,"reviewed_by":null,"open_ai":null,"ai":null,"created":"2020-12-21 10:42:27","updated":"2025-08-31 04:37:13"},"aioseo_breadcrumb":"<div class=\"aioseo-breadcrumbs\"><span class=\"aioseo-breadcrumb\">\n\t<a href=\"https:\/\/candas365.es\/noticias\" title=\"Home\">Home<\/a>\n<\/span><span class=\"aioseo-breadcrumb-separator\">&ndash;<\/span><span class=\"aioseo-breadcrumb\">\n\t<a href=\"https:\/\/candas365.es\/noticias\/category\/noticias-carreno\/\" title=\"Noticias Carre\u00f1o\">Noticias Carre\u00f1o<\/a>\n<\/span><span class=\"aioseo-breadcrumb-separator\">&ndash;<\/span><span class=\"aioseo-breadcrumb\">\n\tCarre\u00f1o reforzar\u00e1 su Polic\u00eda Local\n<\/span><\/div>","aioseo_breadcrumb_json":[{"label":"Home","link":"https:\/\/candas365.es\/noticias"},{"label":"Noticias Carre\u00f1o","link":"https:\/\/candas365.es\/noticias\/category\/noticias-carreno\/"},{"label":"Carre\u00f1o reforzar\u00e1 su Polic\u00eda Local","link":"https:\/\/candas365.es\/noticias\/carreno-reforzara-su-policia-local\/"}],"_links":{"self":[{"href":"https:\/\/candas365.es\/noticias\/wp-json\/wp\/v2\/posts\/142106","targetHints":{"allow":["GET"]}}],"collection":[{"href":"https:\/\/candas365.es\/noticias\/wp-json\/wp\/v2\/posts"}],"about":[{"href":"https:\/\/candas365.es\/noticias\/wp-json\/wp\/v2\/types\/post"}],"author":[{"embeddable":true,"href":"https:\/\/candas365.es\/noticias\/wp-json\/wp\/v2\/users\/1"}],"replies":[{"embeddable":true,"href":"https:\/\/candas365.es\/noticias\/wp-json\/wp\/v2\/comments?post=142106"}],"version-history":[{"count":0,"href":"https:\/\/candas365.es\/noticias\/wp-json\/wp\/v2\/posts\/142106\/revisions"}],"wp:featuredmedia":[{"embeddable":true,"href":"https:\/\/candas365.es\/noticias\/wp-json\/wp\/v2\/media\/118962"}],"wp:attachment":[{"href":"https:\/\/candas365.es\/noticias\/wp-json\/wp\/v2\/media?parent=142106"}],"wp:term":[{"taxonomy":"category","embeddable":true,"href":"https:\/\/candas365.es\/noticias\/wp-json\/wp\/v2\/categories?post=142106"},{"taxonomy":"post_tag","embeddable":true,"href":"https:\/\/candas365.es\/noticias\/wp-json\/wp\/v2\/tags?post=142106"}],"curies":[{"name":"wp","href":"https:\/\/api.w.org\/{rel}","templated":true}]}}