{"id":142104,"date":"2020-05-06T15:20:37","date_gmt":"2020-05-06T15:20:37","guid":{"rendered":"http:\/\/candas365.es\/noticias\/?p=142104"},"modified":"2020-05-12T15:21:44","modified_gmt":"2020-05-12T15:21:44","slug":"campana-de-la-renta-2019-en-carreno","status":"publish","type":"post","link":"https:\/\/candas365.es\/noticias\/campana-de-la-renta-2019-en-carreno\/","title":{"rendered":"Campa\u00f1a de la renta 2019 en Carre\u00f1o"},"content":{"rendered":"<p><img fetchpriority=\"high\" decoding=\"async\" class=\"alignleft size-medium wp-image-6453\" src=\"https:\/\/candas365.es\/noticias\/wp-content\/uploads\/2015\/01\/ayuntamiento-360x270.jpg\" alt=\"\" width=\"360\" height=\"270\" srcset=\"https:\/\/candas365.es\/noticias\/wp-content\/uploads\/2015\/01\/ayuntamiento-360x270.jpg 360w, https:\/\/candas365.es\/noticias\/wp-content\/uploads\/2015\/01\/ayuntamiento-640x480.jpg 640w, https:\/\/candas365.es\/noticias\/wp-content\/uploads\/2015\/01\/ayuntamiento-768x576.jpg 768w, https:\/\/candas365.es\/noticias\/wp-content\/uploads\/2015\/01\/ayuntamiento-150x113.jpg 150w, https:\/\/candas365.es\/noticias\/wp-content\/uploads\/2015\/01\/ayuntamiento-450x338.jpg 450w, https:\/\/candas365.es\/noticias\/wp-content\/uploads\/2015\/01\/ayuntamiento-80x60.jpg 80w, https:\/\/candas365.es\/noticias\/wp-content\/uploads\/2015\/01\/ayuntamiento-265x198.jpg 265w, https:\/\/candas365.es\/noticias\/wp-content\/uploads\/2015\/01\/ayuntamiento-696x522.jpg 696w, https:\/\/candas365.es\/noticias\/wp-content\/uploads\/2015\/01\/ayuntamiento-560x420.jpg 560w, https:\/\/candas365.es\/noticias\/wp-content\/uploads\/2015\/01\/ayuntamiento-90x67.jpg 90w, https:\/\/candas365.es\/noticias\/wp-content\/uploads\/2015\/01\/ayuntamiento.jpg 800w\" sizes=\"(max-width: 360px) 100vw, 360px\" \/>La crisis sanitaria provocada por el Covid-19 ha tenido como consecuencia, y tiene, una modificaci\u00f3n de la forma en el que la ciudadan\u00eda se relaciona con la administraci\u00f3n. En este sentido la Agencia Tributaria no es inmune a estos cambios y ha tenido que modificar la Campa\u00f1a de la Renta 2019.<\/p>\n<p>\u201cBajo esta premisa la campa\u00f1a de asistencia presencial, con cita previa, que deber\u00eda dar comienzo el 13 de mayo, dada la coyuntura de alerta sanitaria, tiene que sustituirse por una campa\u00f1a telef\u00f3nica denominada \u201cPlan Le Llamamos Plus\u201d. Un servicio que se suma y refuerza el \u201cPlan Le Llamamos\u201d puesto en marcha en ediciones pasadas. La posibilidad de solicitar una cita para la atenci\u00f3n presencial se decidir\u00e1 en funci\u00f3n de las recomendaciones que vayan marcando, en cada momento, las autoridades sanitarias, pero no antes del 8 de junio\u201d se\u00f1al\u00f3 Juan Jos\u00e9 Fern\u00e1ndez, edil de innovaci\u00f3n.<\/p>\n<p>\u201cLo que no ha cambiado es la colaboraci\u00f3n del Ayuntamiento de Carre\u00f1o con la Agencia Tributaria. Esta contrataci\u00f3n se refleja, un a\u00f1o m\u00e1s, con la contrataci\u00f3n de dos personas con la debida experiencia y formaci\u00f3n, que el Consistorio pone a disposici\u00f3n de forma gratuita para aquellas personas que anualmente acud\u00edan al punto habilitado en el Centro Polivalente \u201cLa Baraga\u00f1a\u201d, este a\u00f1o en principio telef\u00f3nicamente, la asistencia necesaria para presentaci\u00f3n de la declaraci\u00f3n de la renta 2019\u201dcoment\u00f3 Fern\u00e1ndez.<\/p>\n<p>\u201cSe trata de un servicio que desde hace 18 a\u00f1os el Ayuntamiento de Carre\u00f1o pone a disposici\u00f3n de la ciudadan\u00eda con el objetivo de favorecer y mejorar la atenci\u00f3n ciudadana, facilitar las gestiones a toda la poblaci\u00f3n en el Concejo sin falta de trasladarse a otras localidades cercanas para realizar tr\u00e1mites como es la presentaci\u00f3n del IRPF, la renovaci\u00f3n del D.N.I o la presencia todos los mi\u00e9rcoles de personal del servicio tributario del Principado de Asturias para hacer las oportunas gestiones \u201d prosigui\u00f3 el edil.<\/p>\n<p>Con el \u201cPlan Le Llamamos Plus\u201d la Agencia Tributaria se pone en contacto con la persona para presentar su Declaraci\u00f3n de la Renta v\u00eda tel\u00e9fono. Para que la entidad nacional pueda llamar a la persona interesada, \u00e9sta deber\u00e1 haber solicitado previamente este servicio a partir de esta primera semana del mes de mayo y hasta el 29 de junio a trav\u00e9s de:<\/p>\n<p>\u2022 La p\u00e1gina web www.agenciatributaria.es<br \/>\n\u2022 Tel\u00e9fonos de lunes a viernes de 9 a 19 horas<br \/>\n901 22 33 44 \/ 91 553 00 71 (atenci\u00f3n personal)<\/p>\n<p>\u200b\u200b\u200b901 12 12 24\/ 91 535 73 26 (servicio automatizado)<\/p>\n<p>Una vez que se ha solicitado ser atendido\/a telef\u00f3nicamente para la confecci\u00f3n de la declaraci\u00f3n, le llamar\u00e1n a partir del 13 de mayo y en cuanto sea posible, reiterando la llamada en sucesivas ocasiones o d\u00edas siguientes, si el\/la contribuyente no est\u00e1 disponible. Por lo que desde el momento desde que solicita el servicio ser\u00e1 muy conveniente tener disponible la informaci\u00f3n y documentaci\u00f3n necesaria para realizar la Declaraci\u00f3n en el momento que la Agencia llame.<\/p>\n<p>La Campa\u00f1a de la Renta 2019 se dar\u00e1 por finalizada en dos fechas:<\/p>\n<p>\u2022 25 de junio: fecha l\u00edmite para las domiciliaciones de la Renta a ingresar<br \/>\n\u2022 30 de junio, fin de la campa\u00f1a. \u00daltimo d\u00eda en el que se puede presentar la documentaci\u00f3n ante la Agencia Tributaria<\/p>\n","protected":false},"excerpt":{"rendered":"<p>La crisis sanitaria provocada por el Covid-19 ha tenido como consecuencia, y tiene, una modificaci\u00f3n de la forma en el que la ciudadan\u00eda se relaciona con la administraci\u00f3n. En este sentido la Agencia Tributaria no es inmune a estos cambios y ha tenido que modificar la Campa\u00f1a de la Renta 2019. \u201cBajo esta premisa la<\/p>\n","protected":false},"author":1,"featured_media":6453,"comment_status":"closed","ping_status":"closed","sticky":false,"template":"","format":"standard","meta":{"footnotes":""},"categories":[2],"tags":[],"class_list":{"0":"post-142104","1":"post","2":"type-post","3":"status-publish","4":"format-standard","5":"has-post-thumbnail","7":"category-noticias-carreno"},"aioseo_notices":[],"aioseo_head":"\n\t\t<!-- All in One SEO Pro 4.9.6.2 - aioseo.com -->\n\t<meta name=\"description\" content=\"La crisis sanitaria provocada por el Covid-19 ha tenido como consecuencia, y tiene, una modificaci\u00f3n de la forma en el que la ciudadan\u00eda se relaciona con la administraci\u00f3n. En este sentido la Agencia Tributaria no es inmune a estos cambios y ha tenido que modificar la Campa\u00f1a de la Renta 2019. \u201cBajo esta premisa la\" \/>\n\t<meta name=\"robots\" content=\"max-image-preview:large\" \/>\n\t<meta name=\"author\" content=\"Cand\u00e1s 365\"\/>\n\t<meta name=\"google-site-verification\" content=\"UA-32230408-1\" \/>\n\t<meta name=\"msvalidate.01\" content=\"354F3CDFB2DA171B47FBE9ABF1F88D5\" \/>\n\t<meta name=\"keywords\" content=\"noticias carre\u00f1o\" \/>\n\t<link rel=\"canonical\" href=\"https:\/\/candas365.es\/noticias\/campana-de-la-renta-2019-en-carreno\/\" \/>\n\t<meta name=\"generator\" content=\"All in One SEO Pro (AIOSEO) 4.9.6.2\" \/>\n\t\t<meta property=\"og:locale\" content=\"es_ES\" \/>\n\t\t<meta property=\"og:site_name\" content=\"Cand\u00e1s 365\" \/>\n\t\t<meta property=\"og:type\" content=\"article\" \/>\n\t\t<meta property=\"og:title\" content=\"Campa\u00f1a de la renta 2019 en Carre\u00f1o | Cand\u00e1s 365\" \/>\n\t\t<meta property=\"og:description\" content=\"La crisis sanitaria provocada por el Covid-19 ha tenido como consecuencia, y tiene, una modificaci\u00f3n de la forma en el que la ciudadan\u00eda se relaciona con la administraci\u00f3n. En este sentido la Agencia Tributaria no es inmune a estos cambios y ha tenido que modificar la Campa\u00f1a de la Renta 2019. \u201cBajo esta premisa la\" \/>\n\t\t<meta property=\"og:url\" content=\"https:\/\/candas365.es\/noticias\/campana-de-la-renta-2019-en-carreno\/\" \/>\n\t\t<meta property=\"og:image\" content=\"https:\/\/candas365.es\/noticias\/wp-content\/uploads\/2015\/01\/ayuntamiento.jpg\" \/>\n\t\t<meta property=\"og:image:secure_url\" content=\"https:\/\/candas365.es\/noticias\/wp-content\/uploads\/2015\/01\/ayuntamiento.jpg\" \/>\n\t\t<meta property=\"og:image:width\" content=\"800\" \/>\n\t\t<meta property=\"og:image:height\" content=\"600\" \/>\n\t\t<meta property=\"article:published_time\" content=\"2020-05-06T15:20:37+00:00\" \/>\n\t\t<meta property=\"article:modified_time\" content=\"2020-05-12T15:21:44+00:00\" \/>\n\t\t<meta property=\"article:publisher\" content=\"https:\/\/www.facebook.com\/Nachofdezber\" \/>\n\t\t<meta property=\"article:author\" content=\"https:\/\/www.facebook.com\/carrenoactualidad\" \/>\n\t\t<meta name=\"twitter:card\" content=\"summary_large_image\" \/>\n\t\t<meta name=\"twitter:site\" content=\"@NabercoDigital\" \/>\n\t\t<meta name=\"twitter:title\" content=\"Campa\u00f1a de la renta 2019 en Carre\u00f1o | Cand\u00e1s 365\" \/>\n\t\t<meta name=\"twitter:description\" content=\"La crisis sanitaria provocada por el Covid-19 ha tenido como consecuencia, y tiene, una modificaci\u00f3n de la forma en el que la ciudadan\u00eda se relaciona con la administraci\u00f3n. En este sentido la Agencia Tributaria no es inmune a estos cambios y ha tenido que modificar la Campa\u00f1a de la Renta 2019. \u201cBajo esta premisa la\" \/>\n\t\t<meta name=\"twitter:creator\" content=\"@nbasturias\" \/>\n\t\t<meta name=\"twitter:image\" content=\"https:\/\/candas365.es\/noticias\/wp-content\/uploads\/2015\/01\/ayuntamiento.jpg\" \/>\n\t\t<meta name=\"twitter:label1\" content=\"Escrito por\" \/>\n\t\t<meta name=\"twitter:data1\" content=\"Cand\u00e1s 365\" \/>\n\t\t<meta name=\"twitter:label2\" content=\"Tiempo de lectura estimado\" \/>\n\t\t<meta name=\"twitter:data2\" content=\"3 minutos\" \/>\n\t\t<script type=\"application\/ld+json\" class=\"aioseo-schema\">\n\t\t\t{\"@context\":\"https:\\\/\\\/schema.org\",\"@graph\":[{\"@type\":\"BreadcrumbList\",\"@id\":\"https:\\\/\\\/candas365.es\\\/noticias\\\/campana-de-la-renta-2019-en-carreno\\\/#breadcrumblist\",\"itemListElement\":[{\"@type\":\"ListItem\",\"@id\":\"https:\\\/\\\/candas365.es\\\/noticias#listItem\",\"position\":1,\"name\":\"Home\",\"item\":\"https:\\\/\\\/candas365.es\\\/noticias\",\"nextItem\":{\"@type\":\"ListItem\",\"@id\":\"https:\\\/\\\/candas365.es\\\/noticias\\\/category\\\/noticias-carreno\\\/#listItem\",\"name\":\"Noticias Carre\\u00f1o\"}},{\"@type\":\"ListItem\",\"@id\":\"https:\\\/\\\/candas365.es\\\/noticias\\\/category\\\/noticias-carreno\\\/#listItem\",\"position\":2,\"name\":\"Noticias Carre\\u00f1o\",\"item\":\"https:\\\/\\\/candas365.es\\\/noticias\\\/category\\\/noticias-carreno\\\/\",\"nextItem\":{\"@type\":\"ListItem\",\"@id\":\"https:\\\/\\\/candas365.es\\\/noticias\\\/campana-de-la-renta-2019-en-carreno\\\/#listItem\",\"name\":\"Campa\\u00f1a de la renta 2019 en Carre\\u00f1o\"},\"previousItem\":{\"@type\":\"ListItem\",\"@id\":\"https:\\\/\\\/candas365.es\\\/noticias#listItem\",\"name\":\"Home\"}},{\"@type\":\"ListItem\",\"@id\":\"https:\\\/\\\/candas365.es\\\/noticias\\\/campana-de-la-renta-2019-en-carreno\\\/#listItem\",\"position\":3,\"name\":\"Campa\\u00f1a de la renta 2019 en Carre\\u00f1o\",\"previousItem\":{\"@type\":\"ListItem\",\"@id\":\"https:\\\/\\\/candas365.es\\\/noticias\\\/category\\\/noticias-carreno\\\/#listItem\",\"name\":\"Noticias Carre\\u00f1o\"}}]},{\"@type\":\"NewsArticle\",\"@id\":\"https:\\\/\\\/candas365.es\\\/noticias\\\/campana-de-la-renta-2019-en-carreno\\\/#newsarticle\",\"name\":\"Campa\\u00f1a de la renta 2019 en Carre\\u00f1o | Cand\\u00e1s 365\",\"headline\":\"Campa\\u00f1a de la renta 2019 en Carre\\u00f1o\",\"author\":{\"@id\":\"https:\\\/\\\/candas365.es\\\/noticias\\\/author\\\/admin\\\/#author\"},\"publisher\":{\"@id\":\"https:\\\/\\\/candas365.es\\\/noticias\\\/#organization\"},\"image\":{\"@type\":\"ImageObject\",\"url\":\"https:\\\/\\\/candas365.es\\\/noticias\\\/wp-content\\\/uploads\\\/2015\\\/01\\\/ayuntamiento.jpg\",\"width\":800,\"height\":600,\"caption\":\"Carre\\u00f1o\"},\"datePublished\":\"2020-05-06T15:20:37+02:00\",\"dateModified\":\"2020-05-12T15:21:44+02:00\",\"inLanguage\":\"es-ES\",\"mainEntityOfPage\":{\"@id\":\"https:\\\/\\\/candas365.es\\\/noticias\\\/campana-de-la-renta-2019-en-carreno\\\/#webpage\"},\"isPartOf\":{\"@id\":\"https:\\\/\\\/candas365.es\\\/noticias\\\/campana-de-la-renta-2019-en-carreno\\\/#webpage\"},\"articleSection\":\"Noticias Carre\\u00f1o\",\"dateline\":\"Publicado el mayo 6, 2020.\"},{\"@type\":\"Organization\",\"@id\":\"https:\\\/\\\/candas365.es\\\/noticias\\\/#organization\",\"name\":\"Cand\\u00e1s 365\",\"description\":\"Cand\\u00e1s 365 es un diario digital independiente, fundado en 2012, con base en Asturias. Informamos con rigor sobre actualidad, sociedad, cultura y ocio, con una mirada local y global.\",\"url\":\"https:\\\/\\\/candas365.es\\\/noticias\\\/\",\"email\":\"info@candas365.es\",\"telephone\":\"+34652131393\",\"foundingDate\":\"2012-06-10\",\"logo\":{\"@type\":\"ImageObject\",\"url\":\"https:\\\/\\\/candas365.es\\\/noticias\\\/wp-content\\\/uploads\\\/2024\\\/09\\\/Candas-365-Redes.jpg\",\"@id\":\"https:\\\/\\\/candas365.es\\\/noticias\\\/campana-de-la-renta-2019-en-carreno\\\/#organizationLogo\",\"width\":1152,\"height\":864,\"caption\":\"Cand\\u00e1s 365 Redes\"},\"image\":{\"@id\":\"https:\\\/\\\/candas365.es\\\/noticias\\\/campana-de-la-renta-2019-en-carreno\\\/#organizationLogo\"},\"sameAs\":[\"https:\\\/\\\/www.facebook.com\\\/Nachofdezber\",\"https:\\\/\\\/x.com\\\/NabercoDigital\",\"https:\\\/\\\/www.instagram.com\\\/nachofdezber\\\/\",\"https:\\\/\\\/www.youtube.com\\\/channel\\\/UCZP-2wLEB9Rv6erhFmqVnvg\"],\"address\":{\"@id\":\"https:\\\/\\\/candas365.es\\\/noticias\\\/#postaladdress\",\"@type\":\"PostalAddress\",\"streetAddress\":\"san antonio 4, san antonio 4\",\"postalCode\":\"33430\",\"addressLocality\":\"Cand\\u00e1s\",\"addressRegion\":\"Asturias\",\"addressCountry\":\"ES\"}},{\"@type\":\"Person\",\"@id\":\"https:\\\/\\\/candas365.es\\\/noticias\\\/author\\\/admin\\\/#author\",\"url\":\"https:\\\/\\\/candas365.es\\\/noticias\\\/author\\\/admin\\\/\",\"name\":\"Cand\\u00e1s 365\",\"image\":{\"@type\":\"ImageObject\",\"@id\":\"https:\\\/\\\/candas365.es\\\/noticias\\\/campana-de-la-renta-2019-en-carreno\\\/#authorImage\",\"url\":\"https:\\\/\\\/secure.gravatar.com\\\/avatar\\\/496a8e03d0c493ede1718b7934145dbdf8d89be1036b0eec9544e1094c9de390?s=96&d=mm&r=g\",\"width\":96,\"height\":96,\"caption\":\"Cand\\u00e1s 365\"},\"sameAs\":[\"https:\\\/\\\/www.facebook.com\\\/carrenoactualidad\",\"https:\\\/\\\/twitter.com\\\/nbasturias\",\"https:\\\/\\\/www.instagram.com\\\/nachofdezber\\\/\",\"https:\\\/\\\/www.youtube.com\\\/channel\\\/UCZP-2wLEB9Rv6erhFmqVnvg\"]},{\"@type\":\"WebPage\",\"@id\":\"https:\\\/\\\/candas365.es\\\/noticias\\\/campana-de-la-renta-2019-en-carreno\\\/#webpage\",\"url\":\"https:\\\/\\\/candas365.es\\\/noticias\\\/campana-de-la-renta-2019-en-carreno\\\/\",\"name\":\"Campa\\u00f1a de la renta 2019 en Carre\\u00f1o | Cand\\u00e1s 365\",\"description\":\"La crisis sanitaria provocada por el Covid-19 ha tenido como consecuencia, y tiene, una modificaci\\u00f3n de la forma en el que la ciudadan\\u00eda se relaciona con la administraci\\u00f3n. En este sentido la Agencia Tributaria no es inmune a estos cambios y ha tenido que modificar la Campa\\u00f1a de la Renta 2019. \\u201cBajo esta premisa la\",\"inLanguage\":\"es-ES\",\"isPartOf\":{\"@id\":\"https:\\\/\\\/candas365.es\\\/noticias\\\/#website\"},\"breadcrumb\":{\"@id\":\"https:\\\/\\\/candas365.es\\\/noticias\\\/campana-de-la-renta-2019-en-carreno\\\/#breadcrumblist\"},\"author\":{\"@id\":\"https:\\\/\\\/candas365.es\\\/noticias\\\/author\\\/admin\\\/#author\"},\"creator\":{\"@id\":\"https:\\\/\\\/candas365.es\\\/noticias\\\/author\\\/admin\\\/#author\"},\"image\":{\"@type\":\"ImageObject\",\"url\":\"https:\\\/\\\/candas365.es\\\/noticias\\\/wp-content\\\/uploads\\\/2015\\\/01\\\/ayuntamiento.jpg\",\"@id\":\"https:\\\/\\\/candas365.es\\\/noticias\\\/campana-de-la-renta-2019-en-carreno\\\/#mainImage\",\"width\":800,\"height\":600,\"caption\":\"Carre\\u00f1o\"},\"primaryImageOfPage\":{\"@id\":\"https:\\\/\\\/candas365.es\\\/noticias\\\/campana-de-la-renta-2019-en-carreno\\\/#mainImage\"},\"datePublished\":\"2020-05-06T15:20:37+02:00\",\"dateModified\":\"2020-05-12T15:21:44+02:00\"},{\"@type\":\"WebSite\",\"@id\":\"https:\\\/\\\/candas365.es\\\/noticias\\\/#website\",\"url\":\"https:\\\/\\\/candas365.es\\\/noticias\\\/\",\"name\":\"Cand\\u00e1s 365\",\"alternateName\":\"Cand\\u00e1s 365 Noticias\",\"description\":\"Actualidad desde Carre\\u00f1o para el mundo\",\"inLanguage\":\"es-ES\",\"publisher\":{\"@id\":\"https:\\\/\\\/candas365.es\\\/noticias\\\/#organization\"}}]}\n\t\t<\/script>\n\t\t<!-- All in One SEO Pro -->\r\n\t\t<title>Campa\u00f1a de la renta 2019 en Carre\u00f1o | Cand\u00e1s 365<\/title>\n\n","aioseo_head_json":{"title":"Campa\u00f1a de la renta 2019 en Carre\u00f1o | Cand\u00e1s 365","description":"La crisis sanitaria provocada por el Covid-19 ha tenido como consecuencia, y tiene, una modificaci\u00f3n de la forma en el que la ciudadan\u00eda se relaciona con la administraci\u00f3n. En este sentido la Agencia Tributaria no es inmune a estos cambios y ha tenido que modificar la Campa\u00f1a de la Renta 2019. \u201cBajo esta premisa la","canonical_url":"https:\/\/candas365.es\/noticias\/campana-de-la-renta-2019-en-carreno\/","robots":"max-image-preview:large","keywords":"noticias carre\u00f1o","webmasterTools":{"google-site-verification":"UA-32230408-1","msvalidate.01":"354F3CDFB2DA171B47FBE9ABF1F88D5","miscellaneous":""},"schema":{"@context":"https:\/\/schema.org","@graph":[{"@type":"BreadcrumbList","@id":"https:\/\/candas365.es\/noticias\/campana-de-la-renta-2019-en-carreno\/#breadcrumblist","itemListElement":[{"@type":"ListItem","@id":"https:\/\/candas365.es\/noticias#listItem","position":1,"name":"Home","item":"https:\/\/candas365.es\/noticias","nextItem":{"@type":"ListItem","@id":"https:\/\/candas365.es\/noticias\/category\/noticias-carreno\/#listItem","name":"Noticias Carre\u00f1o"}},{"@type":"ListItem","@id":"https:\/\/candas365.es\/noticias\/category\/noticias-carreno\/#listItem","position":2,"name":"Noticias Carre\u00f1o","item":"https:\/\/candas365.es\/noticias\/category\/noticias-carreno\/","nextItem":{"@type":"ListItem","@id":"https:\/\/candas365.es\/noticias\/campana-de-la-renta-2019-en-carreno\/#listItem","name":"Campa\u00f1a de la renta 2019 en Carre\u00f1o"},"previousItem":{"@type":"ListItem","@id":"https:\/\/candas365.es\/noticias#listItem","name":"Home"}},{"@type":"ListItem","@id":"https:\/\/candas365.es\/noticias\/campana-de-la-renta-2019-en-carreno\/#listItem","position":3,"name":"Campa\u00f1a de la renta 2019 en Carre\u00f1o","previousItem":{"@type":"ListItem","@id":"https:\/\/candas365.es\/noticias\/category\/noticias-carreno\/#listItem","name":"Noticias Carre\u00f1o"}}]},{"@type":"NewsArticle","@id":"https:\/\/candas365.es\/noticias\/campana-de-la-renta-2019-en-carreno\/#newsarticle","name":"Campa\u00f1a de la renta 2019 en Carre\u00f1o | Cand\u00e1s 365","headline":"Campa\u00f1a de la renta 2019 en Carre\u00f1o","author":{"@id":"https:\/\/candas365.es\/noticias\/author\/admin\/#author"},"publisher":{"@id":"https:\/\/candas365.es\/noticias\/#organization"},"image":{"@type":"ImageObject","url":"https:\/\/candas365.es\/noticias\/wp-content\/uploads\/2015\/01\/ayuntamiento.jpg","width":800,"height":600,"caption":"Carre\u00f1o"},"datePublished":"2020-05-06T15:20:37+02:00","dateModified":"2020-05-12T15:21:44+02:00","inLanguage":"es-ES","mainEntityOfPage":{"@id":"https:\/\/candas365.es\/noticias\/campana-de-la-renta-2019-en-carreno\/#webpage"},"isPartOf":{"@id":"https:\/\/candas365.es\/noticias\/campana-de-la-renta-2019-en-carreno\/#webpage"},"articleSection":"Noticias Carre\u00f1o","dateline":"Publicado el mayo 6, 2020."},{"@type":"Organization","@id":"https:\/\/candas365.es\/noticias\/#organization","name":"Cand\u00e1s 365","description":"Cand\u00e1s 365 es un diario digital independiente, fundado en 2012, con base en Asturias. Informamos con rigor sobre actualidad, sociedad, cultura y ocio, con una mirada local y global.","url":"https:\/\/candas365.es\/noticias\/","email":"info@candas365.es","telephone":"+34652131393","foundingDate":"2012-06-10","logo":{"@type":"ImageObject","url":"https:\/\/candas365.es\/noticias\/wp-content\/uploads\/2024\/09\/Candas-365-Redes.jpg","@id":"https:\/\/candas365.es\/noticias\/campana-de-la-renta-2019-en-carreno\/#organizationLogo","width":1152,"height":864,"caption":"Cand\u00e1s 365 Redes"},"image":{"@id":"https:\/\/candas365.es\/noticias\/campana-de-la-renta-2019-en-carreno\/#organizationLogo"},"sameAs":["https:\/\/www.facebook.com\/Nachofdezber","https:\/\/x.com\/NabercoDigital","https:\/\/www.instagram.com\/nachofdezber\/","https:\/\/www.youtube.com\/channel\/UCZP-2wLEB9Rv6erhFmqVnvg"],"address":{"@id":"https:\/\/candas365.es\/noticias\/#postaladdress","@type":"PostalAddress","streetAddress":"san antonio 4, san antonio 4","postalCode":"33430","addressLocality":"Cand\u00e1s","addressRegion":"Asturias","addressCountry":"ES"}},{"@type":"Person","@id":"https:\/\/candas365.es\/noticias\/author\/admin\/#author","url":"https:\/\/candas365.es\/noticias\/author\/admin\/","name":"Cand\u00e1s 365","image":{"@type":"ImageObject","@id":"https:\/\/candas365.es\/noticias\/campana-de-la-renta-2019-en-carreno\/#authorImage","url":"https:\/\/secure.gravatar.com\/avatar\/496a8e03d0c493ede1718b7934145dbdf8d89be1036b0eec9544e1094c9de390?s=96&d=mm&r=g","width":96,"height":96,"caption":"Cand\u00e1s 365"},"sameAs":["https:\/\/www.facebook.com\/carrenoactualidad","https:\/\/twitter.com\/nbasturias","https:\/\/www.instagram.com\/nachofdezber\/","https:\/\/www.youtube.com\/channel\/UCZP-2wLEB9Rv6erhFmqVnvg"]},{"@type":"WebPage","@id":"https:\/\/candas365.es\/noticias\/campana-de-la-renta-2019-en-carreno\/#webpage","url":"https:\/\/candas365.es\/noticias\/campana-de-la-renta-2019-en-carreno\/","name":"Campa\u00f1a de la renta 2019 en Carre\u00f1o | Cand\u00e1s 365","description":"La crisis sanitaria provocada por el Covid-19 ha tenido como consecuencia, y tiene, una modificaci\u00f3n de la forma en el que la ciudadan\u00eda se relaciona con la administraci\u00f3n. En este sentido la Agencia Tributaria no es inmune a estos cambios y ha tenido que modificar la Campa\u00f1a de la Renta 2019. \u201cBajo esta premisa la","inLanguage":"es-ES","isPartOf":{"@id":"https:\/\/candas365.es\/noticias\/#website"},"breadcrumb":{"@id":"https:\/\/candas365.es\/noticias\/campana-de-la-renta-2019-en-carreno\/#breadcrumblist"},"author":{"@id":"https:\/\/candas365.es\/noticias\/author\/admin\/#author"},"creator":{"@id":"https:\/\/candas365.es\/noticias\/author\/admin\/#author"},"image":{"@type":"ImageObject","url":"https:\/\/candas365.es\/noticias\/wp-content\/uploads\/2015\/01\/ayuntamiento.jpg","@id":"https:\/\/candas365.es\/noticias\/campana-de-la-renta-2019-en-carreno\/#mainImage","width":800,"height":600,"caption":"Carre\u00f1o"},"primaryImageOfPage":{"@id":"https:\/\/candas365.es\/noticias\/campana-de-la-renta-2019-en-carreno\/#mainImage"},"datePublished":"2020-05-06T15:20:37+02:00","dateModified":"2020-05-12T15:21:44+02:00"},{"@type":"WebSite","@id":"https:\/\/candas365.es\/noticias\/#website","url":"https:\/\/candas365.es\/noticias\/","name":"Cand\u00e1s 365","alternateName":"Cand\u00e1s 365 Noticias","description":"Actualidad desde Carre\u00f1o para el mundo","inLanguage":"es-ES","publisher":{"@id":"https:\/\/candas365.es\/noticias\/#organization"}}]},"og:locale":"es_ES","og:site_name":"Cand\u00e1s 365","og:type":"article","og:title":"Campa\u00f1a de la renta 2019 en Carre\u00f1o | Cand\u00e1s 365","og:description":"La crisis sanitaria provocada por el Covid-19 ha tenido como consecuencia, y tiene, una modificaci\u00f3n de la forma en el que la ciudadan\u00eda se relaciona con la administraci\u00f3n. En este sentido la Agencia Tributaria no es inmune a estos cambios y ha tenido que modificar la Campa\u00f1a de la Renta 2019. \u201cBajo esta premisa la","og:url":"https:\/\/candas365.es\/noticias\/campana-de-la-renta-2019-en-carreno\/","og:image":"https:\/\/candas365.es\/noticias\/wp-content\/uploads\/2015\/01\/ayuntamiento.jpg","og:image:secure_url":"https:\/\/candas365.es\/noticias\/wp-content\/uploads\/2015\/01\/ayuntamiento.jpg","og:image:width":800,"og:image:height":600,"article:published_time":"2020-05-06T15:20:37+00:00","article:modified_time":"2020-05-12T15:21:44+00:00","article:publisher":"https:\/\/www.facebook.com\/Nachofdezber","article:author":"https:\/\/www.facebook.com\/carrenoactualidad","twitter:card":"summary_large_image","twitter:site":"@NabercoDigital","twitter:title":"Campa\u00f1a de la renta 2019 en Carre\u00f1o | Cand\u00e1s 365","twitter:description":"La crisis sanitaria provocada por el Covid-19 ha tenido como consecuencia, y tiene, una modificaci\u00f3n de la forma en el que la ciudadan\u00eda se relaciona con la administraci\u00f3n. En este sentido la Agencia Tributaria no es inmune a estos cambios y ha tenido que modificar la Campa\u00f1a de la Renta 2019. \u201cBajo esta premisa la","twitter:creator":"@nbasturias","twitter:image":"https:\/\/candas365.es\/noticias\/wp-content\/uploads\/2015\/01\/ayuntamiento.jpg","twitter:label1":"Escrito por","twitter:data1":"Cand\u00e1s 365","twitter:label2":"Tiempo de lectura estimado","twitter:data2":"3 minutos"},"aioseo_meta_data":{"post_id":"142104","title":null,"description":null,"keywords":null,"keyphrases":null,"primary_term":null,"canonical_url":null,"og_title":null,"og_description":null,"og_object_type":"default","og_image_type":"default","og_image_url":null,"og_image_width":null,"og_image_height":null,"og_image_custom_url":null,"og_image_custom_fields":null,"og_video":null,"og_custom_url":null,"og_article_section":null,"og_article_tags":null,"twitter_use_og":false,"twitter_card":"default","twitter_image_type":"default","twitter_image_url":null,"twitter_image_custom_url":null,"twitter_image_custom_fields":null,"twitter_title":null,"twitter_description":null,"schema":{"blockGraphs":[],"customGraphs":[],"default":{"data":{"Article":[],"Course":[],"Dataset":[],"FAQPage":[],"Movie":[],"Person":[],"Product":[],"ProductReview":[],"Car":[],"Recipe":[],"Service":[],"SoftwareApplication":[],"WebPage":[]},"graphName":"","isEnabled":true},"graphs":[]},"schema_type":null,"schema_type_options":null,"pillar_content":false,"robots_default":true,"robots_noindex":false,"robots_noarchive":false,"robots_nosnippet":false,"robots_nofollow":false,"robots_noimageindex":false,"robots_noodp":false,"robots_notranslate":false,"robots_max_snippet":null,"robots_max_videopreview":null,"robots_max_imagepreview":"large","priority":null,"frequency":null,"location":null,"local_seo":null,"seo_analyzer_scan_date":"2025-08-31 04:34:14","breadcrumb_settings":null,"limit_modified_date":false,"reviewed_by":null,"open_ai":null,"ai":null,"created":"2020-12-21 10:42:27","updated":"2025-08-31 04:34:14"},"aioseo_breadcrumb":"<div class=\"aioseo-breadcrumbs\"><span class=\"aioseo-breadcrumb\">\n\t<a href=\"https:\/\/candas365.es\/noticias\" title=\"Home\">Home<\/a>\n<\/span><span class=\"aioseo-breadcrumb-separator\">&ndash;<\/span><span class=\"aioseo-breadcrumb\">\n\t<a href=\"https:\/\/candas365.es\/noticias\/category\/noticias-carreno\/\" title=\"Noticias Carre\u00f1o\">Noticias Carre\u00f1o<\/a>\n<\/span><span class=\"aioseo-breadcrumb-separator\">&ndash;<\/span><span class=\"aioseo-breadcrumb\">\n\tCampa\u00f1a de la renta 2019 en Carre\u00f1o\n<\/span><\/div>","aioseo_breadcrumb_json":[{"label":"Home","link":"https:\/\/candas365.es\/noticias"},{"label":"Noticias Carre\u00f1o","link":"https:\/\/candas365.es\/noticias\/category\/noticias-carreno\/"},{"label":"Campa\u00f1a de la renta 2019 en Carre\u00f1o","link":"https:\/\/candas365.es\/noticias\/campana-de-la-renta-2019-en-carreno\/"}],"_links":{"self":[{"href":"https:\/\/candas365.es\/noticias\/wp-json\/wp\/v2\/posts\/142104","targetHints":{"allow":["GET"]}}],"collection":[{"href":"https:\/\/candas365.es\/noticias\/wp-json\/wp\/v2\/posts"}],"about":[{"href":"https:\/\/candas365.es\/noticias\/wp-json\/wp\/v2\/types\/post"}],"author":[{"embeddable":true,"href":"https:\/\/candas365.es\/noticias\/wp-json\/wp\/v2\/users\/1"}],"replies":[{"embeddable":true,"href":"https:\/\/candas365.es\/noticias\/wp-json\/wp\/v2\/comments?post=142104"}],"version-history":[{"count":0,"href":"https:\/\/candas365.es\/noticias\/wp-json\/wp\/v2\/posts\/142104\/revisions"}],"wp:featuredmedia":[{"embeddable":true,"href":"https:\/\/candas365.es\/noticias\/wp-json\/wp\/v2\/media\/6453"}],"wp:attachment":[{"href":"https:\/\/candas365.es\/noticias\/wp-json\/wp\/v2\/media?parent=142104"}],"wp:term":[{"taxonomy":"category","embeddable":true,"href":"https:\/\/candas365.es\/noticias\/wp-json\/wp\/v2\/categories?post=142104"},{"taxonomy":"post_tag","embeddable":true,"href":"https:\/\/candas365.es\/noticias\/wp-json\/wp\/v2\/tags?post=142104"}],"curies":[{"name":"wp","href":"https:\/\/api.w.org\/{rel}","templated":true}]}}