{"id":142093,"date":"2020-05-03T15:07:44","date_gmt":"2020-05-03T15:07:44","guid":{"rendered":"http:\/\/candas365.es\/noticias\/?p=142093"},"modified":"2020-05-12T15:08:59","modified_gmt":"2020-05-12T15:08:59","slug":"conexiones-a-internet-para-menores-en-carreno","status":"publish","type":"post","link":"https:\/\/candas365.es\/noticias\/conexiones-a-internet-para-menores-en-carreno\/","title":{"rendered":"Conexiones a internet para menores en Carre\u00f1o"},"content":{"rendered":"<p><img fetchpriority=\"high\" decoding=\"async\" class=\"alignleft size-medium wp-image-14237\" src=\"https:\/\/candas365.es\/noticias\/wp-content\/uploads\/2015\/08\/internet-360x198.jpg\" alt=\"\" width=\"360\" height=\"198\" srcset=\"https:\/\/candas365.es\/noticias\/wp-content\/uploads\/2015\/08\/internet-360x198.jpg 360w, https:\/\/candas365.es\/noticias\/wp-content\/uploads\/2015\/08\/internet-650x357.jpg 650w, https:\/\/candas365.es\/noticias\/wp-content\/uploads\/2015\/08\/internet-150x82.jpg 150w, https:\/\/candas365.es\/noticias\/wp-content\/uploads\/2015\/08\/internet-450x247.jpg 450w, https:\/\/candas365.es\/noticias\/wp-content\/uploads\/2015\/08\/internet.jpg 655w\" sizes=\"(max-width: 360px) 100vw, 360px\" \/>Una de las consecuencias de la declaraci\u00f3n del estado de alarma debido al Covid-19 ha sido el cierre de los centros escolares. Por lo que el alumnado, en todos los niveles, cambi\u00f3 papel y l\u00e1piz por un dispositivo inform\u00e1tico y una conexi\u00f3n a internet. El proceso de aprendizaje dej\u00f3 el centro escolar para ubicarse en los hogares.<\/p>\n<p>El resultado de este cierre ha llevado a la aparici\u00f3n de la brecha digital en la educaci\u00f3n, ya que no todo el alumnado y sus familias disponen de estos recursos para poder seguir el curso escolar ni todos\/as los\/as que acceden lo hacen en igualdad de condiciones.<\/p>\n<p>\u00abPor este motivo desde el Ayuntamiento de Carre\u00f1o se complet\u00f3 el equipamiento en los hogares m\u00e1s vulnerables. A los equipos inform\u00e1ticos facilitados por la Consejer\u00eda, a trav\u00e9s de los centros educativos, se sum\u00f3 la conexi\u00f3n a internet de manera gratuita a 18 familias, 5 de la zona rural y 13 de Cand\u00e1s, a 25 ni\u00f1os y ni\u00f1as de los centros educativos del Concejo. El objetivo es garantizar la continuidad de su formaci\u00f3n online hasta la reanudaci\u00f3n de las clases y permitir con ello el seguimiento de las actividades que los centros educativos y el profesorado est\u00e1n llevando a cabo durante el confinamiento\u00bb se\u00f1al\u00f3 Mar\u00eda Rosa Nodal-Concejala de Educaci\u00f3n.<\/p>\n<p>\u00abSe trata de una iniciativa dirigida a aquellos estudiantes de las familias con menos recursos, que no tienen acceso o dificultades de acceso a internet en sus domicilios, que busca eliminar la brecha digital. Facilitando la herramienta necesaria para que su ritmo de aprendizaje sea igual al del resto de sus compa\u00f1eros\/as. Contactamos con las direcciones de los centros escolares que nos hicieron llegar las dificultades que ten\u00edan y Servicios Sociales valor\u00f3 los casos a cubrir\u00bb coment\u00f3 la Edil.<\/p>\n<p>\u00bb Hemos entregado, por unidad familiar, de un kit de acceso temporal a internet sobre tecnolog\u00eda 4G que consta de un Mifi TP-Link de M7300 y de una tarjeta de datos de 50 GB, al mes, adquiridas por el Consistorio. La conexi\u00f3n a internet, en un principio ser\u00e1 por dos meses, o hasta la finalizaci\u00f3n del presente curso escolar. Una vez finalizado \u00e9ste, las familias deber\u00e1n devolver los equipos Mifi TP-Link, que pasar\u00e1n a ser propiedad del Ayuntamiento. \u00bb prosigui\u00f3 Nodal.<\/p>\n<p>\u00abLos centros educativos del municipio fueron los primeros encargados de trasladarnos las necesidades en materia de conectividad que ten\u00eda su alumnado. Una vez nos facilitaron el listado del alumnado con necesidades inform\u00e1ticas, tanto el Servicio Inform\u00e1tico Municipal como los Servicios Sociales Municipales se pusieron en funcionamiento para atajar y reducir esta brecha digital entre las familias m\u00e1s vulnerables\u00bb relat\u00f3 la Concejala.<\/p>\n<p>\u00abHa sido un trabajo conjunto, de colaboraci\u00f3n, en el que cada una de las diferentes administraciones, local, auton\u00f3mica y centros educativos hemos aportado nuestro granito de arena en busca de la mejor soluci\u00f3n para que los y las menores pudiesen seguir con su educaci\u00f3n. De esta forma los Centros Educativos fueron los encargados de ceder sus ordenadores port\u00e1tiles, tablets a aquellas familias que no dispon\u00edan de dispositivo inform\u00e1tico. As\u00ed por ejemplo el Colegio Poeta Ant\u00f3n de Mari-Reguera cedi\u00f3 25 equipos, mientras que en el caso de Colegio San F\u00e9lix ascendi\u00f3 a 32 unidades las cedidas\u00bb describi\u00f3 la Responsable del \u00c1rea municipal de Educaci\u00f3n.<\/p>\n<p>\u00abMientras que en las conexiones temporales a internet la Consejer\u00eda de Educaci\u00f3n garantiz\u00f3 la conexi\u00f3n para que el alumnado de los cursos que son fin de etapa o de fin de estudios pueda completar su formaci\u00f3n para afrontar el paso a otros estudios o etapas, es decir, 6\u00ba de primaria, 4\u00ba de secundario, 2\u00ba de bachiller, fin de estudios de FP. El Ayuntamiento garantiza la conexi\u00f3n temporal al resto de las etapas y concretamente aquellas familias con necesidades que desde los Centros Educativos nos trasladaron\u00bb reflej\u00f3 Nodal<\/p>\n<p>\u00abEs de destacar y agradecer la labor, la implicaci\u00f3n y el excelente trabajo de toda comunidad educativa, profesorado, equipos directivos, familias y por supuesto alumnado. Todos y todas est\u00e1n haciendo un gran esfuerzo para acostumbrarse, aclimatarse a una nueva forma de educaci\u00f3n, de ense\u00f1ar, un nuevo reto, una experiencia del que seguro aprenderemos algo muy positivo, como es la uni\u00f3n de todos y todas\u00bb finaliz\u00f3 Mar\u00eda Rosa Nodal-Concejala de Educaci\u00f3n.<\/p>\n","protected":false},"excerpt":{"rendered":"<p>Una de las consecuencias de la declaraci\u00f3n del estado de alarma debido al Covid-19 ha sido el cierre de los centros escolares. Por lo que el alumnado, en todos los niveles, cambi\u00f3 papel y l\u00e1piz por un dispositivo inform\u00e1tico y una conexi\u00f3n a internet. El proceso de aprendizaje dej\u00f3 el centro escolar para ubicarse en<\/p>\n","protected":false},"author":1,"featured_media":14237,"comment_status":"closed","ping_status":"closed","sticky":false,"template":"","format":"standard","meta":{"footnotes":""},"categories":[2],"tags":[],"class_list":{"0":"post-142093","1":"post","2":"type-post","3":"status-publish","4":"format-standard","5":"has-post-thumbnail","7":"category-noticias-carreno"},"aioseo_notices":[],"aioseo_head":"\n\t\t<!-- All in One SEO Pro 4.9.6.2 - aioseo.com -->\n\t<meta name=\"description\" content=\"Una de las consecuencias de la declaraci\u00f3n del estado de alarma debido al Covid-19 ha sido el cierre de los centros escolares. Por lo que el alumnado, en todos los niveles, cambi\u00f3 papel y l\u00e1piz por un dispositivo inform\u00e1tico y una conexi\u00f3n a internet. El proceso de aprendizaje dej\u00f3 el centro escolar para ubicarse en\" \/>\n\t<meta name=\"robots\" content=\"max-image-preview:large\" \/>\n\t<meta name=\"author\" content=\"Cand\u00e1s 365\"\/>\n\t<meta name=\"google-site-verification\" content=\"UA-32230408-1\" \/>\n\t<meta name=\"msvalidate.01\" content=\"354F3CDFB2DA171B47FBE9ABF1F88D5\" \/>\n\t<meta name=\"keywords\" content=\"noticias carre\u00f1o\" \/>\n\t<link rel=\"canonical\" href=\"https:\/\/candas365.es\/noticias\/conexiones-a-internet-para-menores-en-carreno\/\" \/>\n\t<meta name=\"generator\" content=\"All in One SEO Pro (AIOSEO) 4.9.6.2\" \/>\n\t\t<meta property=\"og:locale\" content=\"es_ES\" \/>\n\t\t<meta property=\"og:site_name\" content=\"Cand\u00e1s 365\" \/>\n\t\t<meta property=\"og:type\" content=\"article\" \/>\n\t\t<meta property=\"og:title\" content=\"Conexiones a internet para menores en Carre\u00f1o | Cand\u00e1s 365\" \/>\n\t\t<meta property=\"og:description\" content=\"Una de las consecuencias de la declaraci\u00f3n del estado de alarma debido al Covid-19 ha sido el cierre de los centros escolares. Por lo que el alumnado, en todos los niveles, cambi\u00f3 papel y l\u00e1piz por un dispositivo inform\u00e1tico y una conexi\u00f3n a internet. El proceso de aprendizaje dej\u00f3 el centro escolar para ubicarse en\" \/>\n\t\t<meta property=\"og:url\" content=\"https:\/\/candas365.es\/noticias\/conexiones-a-internet-para-menores-en-carreno\/\" \/>\n\t\t<meta property=\"og:image\" content=\"https:\/\/candas365.es\/noticias\/wp-content\/uploads\/2015\/08\/internet.jpg\" \/>\n\t\t<meta property=\"og:image:secure_url\" content=\"https:\/\/candas365.es\/noticias\/wp-content\/uploads\/2015\/08\/internet.jpg\" \/>\n\t\t<meta property=\"og:image:width\" content=\"655\" \/>\n\t\t<meta property=\"og:image:height\" content=\"360\" \/>\n\t\t<meta property=\"article:published_time\" content=\"2020-05-03T15:07:44+00:00\" \/>\n\t\t<meta property=\"article:modified_time\" content=\"2020-05-12T15:08:59+00:00\" \/>\n\t\t<meta property=\"article:publisher\" content=\"https:\/\/www.facebook.com\/Nachofdezber\" \/>\n\t\t<meta property=\"article:author\" content=\"https:\/\/www.facebook.com\/carrenoactualidad\" \/>\n\t\t<meta name=\"twitter:card\" content=\"summary_large_image\" \/>\n\t\t<meta name=\"twitter:site\" content=\"@NabercoDigital\" \/>\n\t\t<meta name=\"twitter:title\" content=\"Conexiones a internet para menores en Carre\u00f1o | Cand\u00e1s 365\" \/>\n\t\t<meta name=\"twitter:description\" content=\"Una de las consecuencias de la declaraci\u00f3n del estado de alarma debido al Covid-19 ha sido el cierre de los centros escolares. Por lo que el alumnado, en todos los niveles, cambi\u00f3 papel y l\u00e1piz por un dispositivo inform\u00e1tico y una conexi\u00f3n a internet. El proceso de aprendizaje dej\u00f3 el centro escolar para ubicarse en\" \/>\n\t\t<meta name=\"twitter:creator\" content=\"@nbasturias\" \/>\n\t\t<meta name=\"twitter:image\" content=\"https:\/\/candas365.es\/noticias\/wp-content\/uploads\/2015\/08\/internet.jpg\" \/>\n\t\t<meta name=\"twitter:label1\" content=\"Escrito por\" \/>\n\t\t<meta name=\"twitter:data1\" content=\"Cand\u00e1s 365\" \/>\n\t\t<meta name=\"twitter:label2\" content=\"Tiempo de lectura estimado\" \/>\n\t\t<meta name=\"twitter:data2\" content=\"4 minutos\" \/>\n\t\t<script type=\"application\/ld+json\" class=\"aioseo-schema\">\n\t\t\t{\"@context\":\"https:\\\/\\\/schema.org\",\"@graph\":[{\"@type\":\"BreadcrumbList\",\"@id\":\"https:\\\/\\\/candas365.es\\\/noticias\\\/conexiones-a-internet-para-menores-en-carreno\\\/#breadcrumblist\",\"itemListElement\":[{\"@type\":\"ListItem\",\"@id\":\"https:\\\/\\\/candas365.es\\\/noticias#listItem\",\"position\":1,\"name\":\"Home\",\"item\":\"https:\\\/\\\/candas365.es\\\/noticias\",\"nextItem\":{\"@type\":\"ListItem\",\"@id\":\"https:\\\/\\\/candas365.es\\\/noticias\\\/category\\\/noticias-carreno\\\/#listItem\",\"name\":\"Noticias Carre\\u00f1o\"}},{\"@type\":\"ListItem\",\"@id\":\"https:\\\/\\\/candas365.es\\\/noticias\\\/category\\\/noticias-carreno\\\/#listItem\",\"position\":2,\"name\":\"Noticias Carre\\u00f1o\",\"item\":\"https:\\\/\\\/candas365.es\\\/noticias\\\/category\\\/noticias-carreno\\\/\",\"nextItem\":{\"@type\":\"ListItem\",\"@id\":\"https:\\\/\\\/candas365.es\\\/noticias\\\/conexiones-a-internet-para-menores-en-carreno\\\/#listItem\",\"name\":\"Conexiones a internet para menores en Carre\\u00f1o\"},\"previousItem\":{\"@type\":\"ListItem\",\"@id\":\"https:\\\/\\\/candas365.es\\\/noticias#listItem\",\"name\":\"Home\"}},{\"@type\":\"ListItem\",\"@id\":\"https:\\\/\\\/candas365.es\\\/noticias\\\/conexiones-a-internet-para-menores-en-carreno\\\/#listItem\",\"position\":3,\"name\":\"Conexiones a internet para menores en Carre\\u00f1o\",\"previousItem\":{\"@type\":\"ListItem\",\"@id\":\"https:\\\/\\\/candas365.es\\\/noticias\\\/category\\\/noticias-carreno\\\/#listItem\",\"name\":\"Noticias Carre\\u00f1o\"}}]},{\"@type\":\"NewsArticle\",\"@id\":\"https:\\\/\\\/candas365.es\\\/noticias\\\/conexiones-a-internet-para-menores-en-carreno\\\/#newsarticle\",\"name\":\"Conexiones a internet para menores en Carre\\u00f1o | Cand\\u00e1s 365\",\"headline\":\"Conexiones a internet para menores en Carre\\u00f1o\",\"author\":{\"@id\":\"https:\\\/\\\/candas365.es\\\/noticias\\\/author\\\/admin\\\/#author\"},\"publisher\":{\"@id\":\"https:\\\/\\\/candas365.es\\\/noticias\\\/#organization\"},\"image\":{\"@type\":\"ImageObject\",\"url\":\"https:\\\/\\\/candas365.es\\\/noticias\\\/wp-content\\\/uploads\\\/2015\\\/08\\\/internet.jpg\",\"width\":655,\"height\":360},\"datePublished\":\"2020-05-03T15:07:44+02:00\",\"dateModified\":\"2020-05-12T15:08:59+02:00\",\"inLanguage\":\"es-ES\",\"mainEntityOfPage\":{\"@id\":\"https:\\\/\\\/candas365.es\\\/noticias\\\/conexiones-a-internet-para-menores-en-carreno\\\/#webpage\"},\"isPartOf\":{\"@id\":\"https:\\\/\\\/candas365.es\\\/noticias\\\/conexiones-a-internet-para-menores-en-carreno\\\/#webpage\"},\"articleSection\":\"Noticias Carre\\u00f1o\",\"dateline\":\"Publicado el mayo 3, 2020.\"},{\"@type\":\"Organization\",\"@id\":\"https:\\\/\\\/candas365.es\\\/noticias\\\/#organization\",\"name\":\"Cand\\u00e1s 365\",\"description\":\"Cand\\u00e1s 365 es un diario digital independiente, fundado en 2012, con base en Asturias. Informamos con rigor sobre actualidad, sociedad, cultura y ocio, con una mirada local y global.\",\"url\":\"https:\\\/\\\/candas365.es\\\/noticias\\\/\",\"email\":\"info@candas365.es\",\"telephone\":\"+34652131393\",\"foundingDate\":\"2012-06-10\",\"logo\":{\"@type\":\"ImageObject\",\"url\":\"https:\\\/\\\/candas365.es\\\/noticias\\\/wp-content\\\/uploads\\\/2024\\\/09\\\/Candas-365-Redes.jpg\",\"@id\":\"https:\\\/\\\/candas365.es\\\/noticias\\\/conexiones-a-internet-para-menores-en-carreno\\\/#organizationLogo\",\"width\":1152,\"height\":864,\"caption\":\"Cand\\u00e1s 365 Redes\"},\"image\":{\"@id\":\"https:\\\/\\\/candas365.es\\\/noticias\\\/conexiones-a-internet-para-menores-en-carreno\\\/#organizationLogo\"},\"sameAs\":[\"https:\\\/\\\/www.facebook.com\\\/Nachofdezber\",\"https:\\\/\\\/x.com\\\/NabercoDigital\",\"https:\\\/\\\/www.instagram.com\\\/nachofdezber\\\/\",\"https:\\\/\\\/www.youtube.com\\\/channel\\\/UCZP-2wLEB9Rv6erhFmqVnvg\"],\"address\":{\"@id\":\"https:\\\/\\\/candas365.es\\\/noticias\\\/#postaladdress\",\"@type\":\"PostalAddress\",\"streetAddress\":\"san antonio 4, san antonio 4\",\"postalCode\":\"33430\",\"addressLocality\":\"Cand\\u00e1s\",\"addressRegion\":\"Asturias\",\"addressCountry\":\"ES\"}},{\"@type\":\"Person\",\"@id\":\"https:\\\/\\\/candas365.es\\\/noticias\\\/author\\\/admin\\\/#author\",\"url\":\"https:\\\/\\\/candas365.es\\\/noticias\\\/author\\\/admin\\\/\",\"name\":\"Cand\\u00e1s 365\",\"image\":{\"@type\":\"ImageObject\",\"@id\":\"https:\\\/\\\/candas365.es\\\/noticias\\\/conexiones-a-internet-para-menores-en-carreno\\\/#authorImage\",\"url\":\"https:\\\/\\\/secure.gravatar.com\\\/avatar\\\/496a8e03d0c493ede1718b7934145dbdf8d89be1036b0eec9544e1094c9de390?s=96&d=mm&r=g\",\"width\":96,\"height\":96,\"caption\":\"Cand\\u00e1s 365\"},\"sameAs\":[\"https:\\\/\\\/www.facebook.com\\\/carrenoactualidad\",\"https:\\\/\\\/twitter.com\\\/nbasturias\",\"https:\\\/\\\/www.instagram.com\\\/nachofdezber\\\/\",\"https:\\\/\\\/www.youtube.com\\\/channel\\\/UCZP-2wLEB9Rv6erhFmqVnvg\"]},{\"@type\":\"WebPage\",\"@id\":\"https:\\\/\\\/candas365.es\\\/noticias\\\/conexiones-a-internet-para-menores-en-carreno\\\/#webpage\",\"url\":\"https:\\\/\\\/candas365.es\\\/noticias\\\/conexiones-a-internet-para-menores-en-carreno\\\/\",\"name\":\"Conexiones a internet para menores en Carre\\u00f1o | Cand\\u00e1s 365\",\"description\":\"Una de las consecuencias de la declaraci\\u00f3n del estado de alarma debido al Covid-19 ha sido el cierre de los centros escolares. Por lo que el alumnado, en todos los niveles, cambi\\u00f3 papel y l\\u00e1piz por un dispositivo inform\\u00e1tico y una conexi\\u00f3n a internet. El proceso de aprendizaje dej\\u00f3 el centro escolar para ubicarse en\",\"inLanguage\":\"es-ES\",\"isPartOf\":{\"@id\":\"https:\\\/\\\/candas365.es\\\/noticias\\\/#website\"},\"breadcrumb\":{\"@id\":\"https:\\\/\\\/candas365.es\\\/noticias\\\/conexiones-a-internet-para-menores-en-carreno\\\/#breadcrumblist\"},\"author\":{\"@id\":\"https:\\\/\\\/candas365.es\\\/noticias\\\/author\\\/admin\\\/#author\"},\"creator\":{\"@id\":\"https:\\\/\\\/candas365.es\\\/noticias\\\/author\\\/admin\\\/#author\"},\"image\":{\"@type\":\"ImageObject\",\"url\":\"https:\\\/\\\/candas365.es\\\/noticias\\\/wp-content\\\/uploads\\\/2015\\\/08\\\/internet.jpg\",\"@id\":\"https:\\\/\\\/candas365.es\\\/noticias\\\/conexiones-a-internet-para-menores-en-carreno\\\/#mainImage\",\"width\":655,\"height\":360},\"primaryImageOfPage\":{\"@id\":\"https:\\\/\\\/candas365.es\\\/noticias\\\/conexiones-a-internet-para-menores-en-carreno\\\/#mainImage\"},\"datePublished\":\"2020-05-03T15:07:44+02:00\",\"dateModified\":\"2020-05-12T15:08:59+02:00\"},{\"@type\":\"WebSite\",\"@id\":\"https:\\\/\\\/candas365.es\\\/noticias\\\/#website\",\"url\":\"https:\\\/\\\/candas365.es\\\/noticias\\\/\",\"name\":\"Cand\\u00e1s 365\",\"alternateName\":\"Cand\\u00e1s 365 Noticias\",\"description\":\"Actualidad desde Carre\\u00f1o para el mundo\",\"inLanguage\":\"es-ES\",\"publisher\":{\"@id\":\"https:\\\/\\\/candas365.es\\\/noticias\\\/#organization\"}}]}\n\t\t<\/script>\n\t\t<!-- All in One SEO Pro -->\r\n\t\t<title>Conexiones a internet para menores en Carre\u00f1o | Cand\u00e1s 365<\/title>\n\n","aioseo_head_json":{"title":"Conexiones a internet para menores en Carre\u00f1o | Cand\u00e1s 365","description":"Una de las consecuencias de la declaraci\u00f3n del estado de alarma debido al Covid-19 ha sido el cierre de los centros escolares. Por lo que el alumnado, en todos los niveles, cambi\u00f3 papel y l\u00e1piz por un dispositivo inform\u00e1tico y una conexi\u00f3n a internet. El proceso de aprendizaje dej\u00f3 el centro escolar para ubicarse en","canonical_url":"https:\/\/candas365.es\/noticias\/conexiones-a-internet-para-menores-en-carreno\/","robots":"max-image-preview:large","keywords":"noticias carre\u00f1o","webmasterTools":{"google-site-verification":"UA-32230408-1","msvalidate.01":"354F3CDFB2DA171B47FBE9ABF1F88D5","miscellaneous":""},"schema":{"@context":"https:\/\/schema.org","@graph":[{"@type":"BreadcrumbList","@id":"https:\/\/candas365.es\/noticias\/conexiones-a-internet-para-menores-en-carreno\/#breadcrumblist","itemListElement":[{"@type":"ListItem","@id":"https:\/\/candas365.es\/noticias#listItem","position":1,"name":"Home","item":"https:\/\/candas365.es\/noticias","nextItem":{"@type":"ListItem","@id":"https:\/\/candas365.es\/noticias\/category\/noticias-carreno\/#listItem","name":"Noticias Carre\u00f1o"}},{"@type":"ListItem","@id":"https:\/\/candas365.es\/noticias\/category\/noticias-carreno\/#listItem","position":2,"name":"Noticias Carre\u00f1o","item":"https:\/\/candas365.es\/noticias\/category\/noticias-carreno\/","nextItem":{"@type":"ListItem","@id":"https:\/\/candas365.es\/noticias\/conexiones-a-internet-para-menores-en-carreno\/#listItem","name":"Conexiones a internet para menores en Carre\u00f1o"},"previousItem":{"@type":"ListItem","@id":"https:\/\/candas365.es\/noticias#listItem","name":"Home"}},{"@type":"ListItem","@id":"https:\/\/candas365.es\/noticias\/conexiones-a-internet-para-menores-en-carreno\/#listItem","position":3,"name":"Conexiones a internet para menores en Carre\u00f1o","previousItem":{"@type":"ListItem","@id":"https:\/\/candas365.es\/noticias\/category\/noticias-carreno\/#listItem","name":"Noticias Carre\u00f1o"}}]},{"@type":"NewsArticle","@id":"https:\/\/candas365.es\/noticias\/conexiones-a-internet-para-menores-en-carreno\/#newsarticle","name":"Conexiones a internet para menores en Carre\u00f1o | Cand\u00e1s 365","headline":"Conexiones a internet para menores en Carre\u00f1o","author":{"@id":"https:\/\/candas365.es\/noticias\/author\/admin\/#author"},"publisher":{"@id":"https:\/\/candas365.es\/noticias\/#organization"},"image":{"@type":"ImageObject","url":"https:\/\/candas365.es\/noticias\/wp-content\/uploads\/2015\/08\/internet.jpg","width":655,"height":360},"datePublished":"2020-05-03T15:07:44+02:00","dateModified":"2020-05-12T15:08:59+02:00","inLanguage":"es-ES","mainEntityOfPage":{"@id":"https:\/\/candas365.es\/noticias\/conexiones-a-internet-para-menores-en-carreno\/#webpage"},"isPartOf":{"@id":"https:\/\/candas365.es\/noticias\/conexiones-a-internet-para-menores-en-carreno\/#webpage"},"articleSection":"Noticias Carre\u00f1o","dateline":"Publicado el mayo 3, 2020."},{"@type":"Organization","@id":"https:\/\/candas365.es\/noticias\/#organization","name":"Cand\u00e1s 365","description":"Cand\u00e1s 365 es un diario digital independiente, fundado en 2012, con base en Asturias. Informamos con rigor sobre actualidad, sociedad, cultura y ocio, con una mirada local y global.","url":"https:\/\/candas365.es\/noticias\/","email":"info@candas365.es","telephone":"+34652131393","foundingDate":"2012-06-10","logo":{"@type":"ImageObject","url":"https:\/\/candas365.es\/noticias\/wp-content\/uploads\/2024\/09\/Candas-365-Redes.jpg","@id":"https:\/\/candas365.es\/noticias\/conexiones-a-internet-para-menores-en-carreno\/#organizationLogo","width":1152,"height":864,"caption":"Cand\u00e1s 365 Redes"},"image":{"@id":"https:\/\/candas365.es\/noticias\/conexiones-a-internet-para-menores-en-carreno\/#organizationLogo"},"sameAs":["https:\/\/www.facebook.com\/Nachofdezber","https:\/\/x.com\/NabercoDigital","https:\/\/www.instagram.com\/nachofdezber\/","https:\/\/www.youtube.com\/channel\/UCZP-2wLEB9Rv6erhFmqVnvg"],"address":{"@id":"https:\/\/candas365.es\/noticias\/#postaladdress","@type":"PostalAddress","streetAddress":"san antonio 4, san antonio 4","postalCode":"33430","addressLocality":"Cand\u00e1s","addressRegion":"Asturias","addressCountry":"ES"}},{"@type":"Person","@id":"https:\/\/candas365.es\/noticias\/author\/admin\/#author","url":"https:\/\/candas365.es\/noticias\/author\/admin\/","name":"Cand\u00e1s 365","image":{"@type":"ImageObject","@id":"https:\/\/candas365.es\/noticias\/conexiones-a-internet-para-menores-en-carreno\/#authorImage","url":"https:\/\/secure.gravatar.com\/avatar\/496a8e03d0c493ede1718b7934145dbdf8d89be1036b0eec9544e1094c9de390?s=96&d=mm&r=g","width":96,"height":96,"caption":"Cand\u00e1s 365"},"sameAs":["https:\/\/www.facebook.com\/carrenoactualidad","https:\/\/twitter.com\/nbasturias","https:\/\/www.instagram.com\/nachofdezber\/","https:\/\/www.youtube.com\/channel\/UCZP-2wLEB9Rv6erhFmqVnvg"]},{"@type":"WebPage","@id":"https:\/\/candas365.es\/noticias\/conexiones-a-internet-para-menores-en-carreno\/#webpage","url":"https:\/\/candas365.es\/noticias\/conexiones-a-internet-para-menores-en-carreno\/","name":"Conexiones a internet para menores en Carre\u00f1o | Cand\u00e1s 365","description":"Una de las consecuencias de la declaraci\u00f3n del estado de alarma debido al Covid-19 ha sido el cierre de los centros escolares. Por lo que el alumnado, en todos los niveles, cambi\u00f3 papel y l\u00e1piz por un dispositivo inform\u00e1tico y una conexi\u00f3n a internet. El proceso de aprendizaje dej\u00f3 el centro escolar para ubicarse en","inLanguage":"es-ES","isPartOf":{"@id":"https:\/\/candas365.es\/noticias\/#website"},"breadcrumb":{"@id":"https:\/\/candas365.es\/noticias\/conexiones-a-internet-para-menores-en-carreno\/#breadcrumblist"},"author":{"@id":"https:\/\/candas365.es\/noticias\/author\/admin\/#author"},"creator":{"@id":"https:\/\/candas365.es\/noticias\/author\/admin\/#author"},"image":{"@type":"ImageObject","url":"https:\/\/candas365.es\/noticias\/wp-content\/uploads\/2015\/08\/internet.jpg","@id":"https:\/\/candas365.es\/noticias\/conexiones-a-internet-para-menores-en-carreno\/#mainImage","width":655,"height":360},"primaryImageOfPage":{"@id":"https:\/\/candas365.es\/noticias\/conexiones-a-internet-para-menores-en-carreno\/#mainImage"},"datePublished":"2020-05-03T15:07:44+02:00","dateModified":"2020-05-12T15:08:59+02:00"},{"@type":"WebSite","@id":"https:\/\/candas365.es\/noticias\/#website","url":"https:\/\/candas365.es\/noticias\/","name":"Cand\u00e1s 365","alternateName":"Cand\u00e1s 365 Noticias","description":"Actualidad desde Carre\u00f1o para el mundo","inLanguage":"es-ES","publisher":{"@id":"https:\/\/candas365.es\/noticias\/#organization"}}]},"og:locale":"es_ES","og:site_name":"Cand\u00e1s 365","og:type":"article","og:title":"Conexiones a internet para menores en Carre\u00f1o | Cand\u00e1s 365","og:description":"Una de las consecuencias de la declaraci\u00f3n del estado de alarma debido al Covid-19 ha sido el cierre de los centros escolares. Por lo que el alumnado, en todos los niveles, cambi\u00f3 papel y l\u00e1piz por un dispositivo inform\u00e1tico y una conexi\u00f3n a internet. El proceso de aprendizaje dej\u00f3 el centro escolar para ubicarse en","og:url":"https:\/\/candas365.es\/noticias\/conexiones-a-internet-para-menores-en-carreno\/","og:image":"https:\/\/candas365.es\/noticias\/wp-content\/uploads\/2015\/08\/internet.jpg","og:image:secure_url":"https:\/\/candas365.es\/noticias\/wp-content\/uploads\/2015\/08\/internet.jpg","og:image:width":655,"og:image:height":360,"article:published_time":"2020-05-03T15:07:44+00:00","article:modified_time":"2020-05-12T15:08:59+00:00","article:publisher":"https:\/\/www.facebook.com\/Nachofdezber","article:author":"https:\/\/www.facebook.com\/carrenoactualidad","twitter:card":"summary_large_image","twitter:site":"@NabercoDigital","twitter:title":"Conexiones a internet para menores en Carre\u00f1o | Cand\u00e1s 365","twitter:description":"Una de las consecuencias de la declaraci\u00f3n del estado de alarma debido al Covid-19 ha sido el cierre de los centros escolares. Por lo que el alumnado, en todos los niveles, cambi\u00f3 papel y l\u00e1piz por un dispositivo inform\u00e1tico y una conexi\u00f3n a internet. El proceso de aprendizaje dej\u00f3 el centro escolar para ubicarse en","twitter:creator":"@nbasturias","twitter:image":"https:\/\/candas365.es\/noticias\/wp-content\/uploads\/2015\/08\/internet.jpg","twitter:label1":"Escrito por","twitter:data1":"Cand\u00e1s 365","twitter:label2":"Tiempo de lectura estimado","twitter:data2":"4 minutos"},"aioseo_meta_data":{"post_id":"142093","title":null,"description":null,"keywords":null,"keyphrases":null,"primary_term":null,"canonical_url":null,"og_title":null,"og_description":null,"og_object_type":"default","og_image_type":"default","og_image_url":null,"og_image_width":null,"og_image_height":null,"og_image_custom_url":null,"og_image_custom_fields":null,"og_video":null,"og_custom_url":null,"og_article_section":null,"og_article_tags":null,"twitter_use_og":false,"twitter_card":"default","twitter_image_type":"default","twitter_image_url":null,"twitter_image_custom_url":null,"twitter_image_custom_fields":null,"twitter_title":null,"twitter_description":null,"schema":{"blockGraphs":[],"customGraphs":[],"default":{"data":{"Article":[],"Course":[],"Dataset":[],"FAQPage":[],"Movie":[],"Person":[],"Product":[],"ProductReview":[],"Car":[],"Recipe":[],"Service":[],"SoftwareApplication":[],"WebPage":[]},"graphName":"","isEnabled":true},"graphs":[]},"schema_type":null,"schema_type_options":null,"pillar_content":false,"robots_default":true,"robots_noindex":false,"robots_noarchive":false,"robots_nosnippet":false,"robots_nofollow":false,"robots_noimageindex":false,"robots_noodp":false,"robots_notranslate":false,"robots_max_snippet":null,"robots_max_videopreview":null,"robots_max_imagepreview":"large","priority":null,"frequency":null,"location":null,"local_seo":null,"seo_analyzer_scan_date":"2025-08-31 04:26:24","breadcrumb_settings":null,"limit_modified_date":false,"reviewed_by":null,"open_ai":null,"ai":null,"created":"2020-12-21 10:42:32","updated":"2025-08-31 04:26:24"},"aioseo_breadcrumb":"<div class=\"aioseo-breadcrumbs\"><span class=\"aioseo-breadcrumb\">\n\t<a href=\"https:\/\/candas365.es\/noticias\" title=\"Home\">Home<\/a>\n<\/span><span class=\"aioseo-breadcrumb-separator\">&ndash;<\/span><span class=\"aioseo-breadcrumb\">\n\t<a href=\"https:\/\/candas365.es\/noticias\/category\/noticias-carreno\/\" title=\"Noticias Carre\u00f1o\">Noticias Carre\u00f1o<\/a>\n<\/span><span class=\"aioseo-breadcrumb-separator\">&ndash;<\/span><span class=\"aioseo-breadcrumb\">\n\tConexiones a internet para menores en Carre\u00f1o\n<\/span><\/div>","aioseo_breadcrumb_json":[{"label":"Home","link":"https:\/\/candas365.es\/noticias"},{"label":"Noticias Carre\u00f1o","link":"https:\/\/candas365.es\/noticias\/category\/noticias-carreno\/"},{"label":"Conexiones a internet para menores en Carre\u00f1o","link":"https:\/\/candas365.es\/noticias\/conexiones-a-internet-para-menores-en-carreno\/"}],"_links":{"self":[{"href":"https:\/\/candas365.es\/noticias\/wp-json\/wp\/v2\/posts\/142093","targetHints":{"allow":["GET"]}}],"collection":[{"href":"https:\/\/candas365.es\/noticias\/wp-json\/wp\/v2\/posts"}],"about":[{"href":"https:\/\/candas365.es\/noticias\/wp-json\/wp\/v2\/types\/post"}],"author":[{"embeddable":true,"href":"https:\/\/candas365.es\/noticias\/wp-json\/wp\/v2\/users\/1"}],"replies":[{"embeddable":true,"href":"https:\/\/candas365.es\/noticias\/wp-json\/wp\/v2\/comments?post=142093"}],"version-history":[{"count":0,"href":"https:\/\/candas365.es\/noticias\/wp-json\/wp\/v2\/posts\/142093\/revisions"}],"wp:featuredmedia":[{"embeddable":true,"href":"https:\/\/candas365.es\/noticias\/wp-json\/wp\/v2\/media\/14237"}],"wp:attachment":[{"href":"https:\/\/candas365.es\/noticias\/wp-json\/wp\/v2\/media?parent=142093"}],"wp:term":[{"taxonomy":"category","embeddable":true,"href":"https:\/\/candas365.es\/noticias\/wp-json\/wp\/v2\/categories?post=142093"},{"taxonomy":"post_tag","embeddable":true,"href":"https:\/\/candas365.es\/noticias\/wp-json\/wp\/v2\/tags?post=142093"}],"curies":[{"name":"wp","href":"https:\/\/api.w.org\/{rel}","templated":true}]}}