{"id":142067,"date":"2020-04-28T14:43:47","date_gmt":"2020-04-28T14:43:47","guid":{"rendered":"http:\/\/candas365.es\/noticias\/?p=142067"},"modified":"2020-05-12T14:45:42","modified_gmt":"2020-05-12T14:45:42","slug":"vi-edicion-del-programa-ceres","status":"publish","type":"post","link":"https:\/\/candas365.es\/noticias\/vi-edicion-del-programa-ceres\/","title":{"rendered":"VI Edici\u00f3n del Programa CERES"},"content":{"rendered":"<p><img fetchpriority=\"high\" decoding=\"async\" class=\"alignleft size-medium wp-image-6453\" src=\"https:\/\/candas365.es\/noticias\/wp-content\/uploads\/2015\/01\/ayuntamiento-360x270.jpg\" alt=\"\" width=\"360\" height=\"270\" srcset=\"https:\/\/candas365.es\/noticias\/wp-content\/uploads\/2015\/01\/ayuntamiento-360x270.jpg 360w, https:\/\/candas365.es\/noticias\/wp-content\/uploads\/2015\/01\/ayuntamiento-640x480.jpg 640w, https:\/\/candas365.es\/noticias\/wp-content\/uploads\/2015\/01\/ayuntamiento-768x576.jpg 768w, https:\/\/candas365.es\/noticias\/wp-content\/uploads\/2015\/01\/ayuntamiento-150x113.jpg 150w, https:\/\/candas365.es\/noticias\/wp-content\/uploads\/2015\/01\/ayuntamiento-450x338.jpg 450w, https:\/\/candas365.es\/noticias\/wp-content\/uploads\/2015\/01\/ayuntamiento-80x60.jpg 80w, https:\/\/candas365.es\/noticias\/wp-content\/uploads\/2015\/01\/ayuntamiento-265x198.jpg 265w, https:\/\/candas365.es\/noticias\/wp-content\/uploads\/2015\/01\/ayuntamiento-696x522.jpg 696w, https:\/\/candas365.es\/noticias\/wp-content\/uploads\/2015\/01\/ayuntamiento-560x420.jpg 560w, https:\/\/candas365.es\/noticias\/wp-content\/uploads\/2015\/01\/ayuntamiento-90x67.jpg 90w, https:\/\/candas365.es\/noticias\/wp-content\/uploads\/2015\/01\/ayuntamiento.jpg 800w\" sizes=\"(max-width: 360px) 100vw, 360px\" \/>El PROGRAMA CERES, promovido por el Ministerio de Igualad a trav\u00e9s de la Secretar\u00eda de Estado de Igualdad y Contra la Violencia de G\u00e9nero, est\u00e1 dirigido a la formaci\u00f3n de personal formador en materia de sociedad de la informaci\u00f3n para mujeres rurales.<\/p>\n<p>\u201cEl objetivo fundamental de los talleres enmarcados dentro de este programa es que las personas participantes adquieran los conocimientos te\u00f3ricos y las habilidades metodol\u00f3gicas necesarias para capacitar en las tecnolog\u00edas de la informaci\u00f3n y comunicaci\u00f3n (TIC) a las mujeres rurales de diferentes \u00e1mbitos y sectores, siempre desde una metodolog\u00eda participativa con un enfoque de g\u00e9nero\u201d se\u00f1al\u00f3 Cecilia Tasc\u00f3n, Concejala de Igualdad.<\/p>\n<p>La formaci\u00f3n est\u00e1 destinada para aquellas personas que se encuentren trabajando o acrediten su experiencia laboral como personal dinamizador de espacios de acceso p\u00fablico a internet o personal t\u00e9cnico que desarrolle su actividad en el \u00e1mbito de la promoci\u00f3n de igualdad de oportunidades entre mujeres y hombres.<\/p>\n<p>\u201cDe esta forma al facilitar la inclusi\u00f3n digital de las mujeres del mundo rural, un sector, si cabe a\u00fan m\u00e1s marginado que el resto de la poblaci\u00f3n femenina, se intenta reducir la brecha de g\u00e9nero existente, promoviendo su empoderamiento mediante el uso de las herramientas TIC y la participaci\u00f3n social. Y lo que es m\u00e1s importante, se promueve su autonom\u00eda al incorporar estas t\u00e9cnicas a su vida cotidiana. Facilitar la capacitaci\u00f3n y mejorar la conectividad son retos en los que toca avanzar\u201d coment\u00f3 Tasc\u00f3n.<\/p>\n<p>Se trata de un taller on-line con una duraci\u00f3n de 100 horas estructur\u00e1ndose en 15 sesiones: 2 sesiones presenciales (al inicio y al final del mismo) que pueden realizarse en la modalidad f\u00edsica o virtual y 13 sesiones on-line.<\/p>\n<p>Sus contenidos se distribuyen en 4 m\u00f3dulos:<\/p>\n<p>\u00b7 <strong>M\u00f3dulo 0. Enfoque de g\u00e9nero y metodolog\u00eda participativa.<\/strong><\/p>\n<p>Este m\u00f3dulo tiene un car\u00e1cter transversal, es decir, su contenido se aborda en todas las sesiones del taller. Incidiendo en el G\u00e9nero como una categor\u00eda anal\u00edtica y en la Participaci\u00f3n como elemento central en la construcci\u00f3n del conocimiento y en el aprendizaje desde los propios intereses y experiencias de las participantes.<\/p>\n<p>\u00b7 <strong>M\u00f3dulo 1. Conocimientos b\u00e1sicos en el uso de las TIC.<\/strong><\/p>\n<p>Adquisici\u00f3n de conocimientos y habilidades para capacitar a las mujeres en el uso del ordenador y sus componentes, la utilizaci\u00f3n de aplicaciones m\u00f3viles e internet.<\/p>\n<p>\u00b7<strong> M\u00f3dulo 2. Herramientas de comunicaci\u00f3n, participaci\u00f3n, ocio y gesti\u00f3n de la vida diaria.<\/strong><\/p>\n<p>Adquisici\u00f3n de conocimientos para capacitar a las mujeres rurales en el uso de las principales herramientas TIC de comunicaci\u00f3n, participaci\u00f3n, ocio y gesti\u00f3n de la vida diaria.<\/p>\n<p>\u00b7 <strong>M\u00f3dulo 3. Creatividad, formaci\u00f3n y emprendimiento a trav\u00e9s de las TIC.<\/strong><\/p>\n<p>Adquisici\u00f3n de conocimientos para capacitar a las mujeres rurales en el uso de herramientas de ocio, autoaprendizaje y emprendimiento, vincul\u00e1ndolas con las propias motivaciones y aficiones de las mujeres.<\/p>\n<p>El plazo para inscribirse en esta formaci\u00f3n impartida por el Instituto de la Mujer y para la Igualdad de Oportunidades concluye el 17 de mayo de 2020.<\/p>\n<p>Aquellas personas que est\u00e9n interesadas en recibir la formaci\u00f3n deber\u00e1n inscribirse en www.programaceres.es\/inscripcion<\/p>\n<p>Los talleres tendr\u00e1n lugar entre los meses de junio a septiembre. Dando comienzo el pr\u00f3ximo 2 de junio de 2020 con la celebraci\u00f3n de la primera sesi\u00f3n presencial.<\/p>\n<p>El Ayuntamiento, en funci\u00f3n de las previsiones y recomendaciones sanitarias para el desconfinamiento, baraja, cuando la situaci\u00f3n sanitaria, lo permita y en funci\u00f3n de la demanda el poder habilitar puntos de acceso a internet y formaci\u00f3n en diferentes puntos del concejo.<\/p>\n<p>Para m\u00e1s informaci\u00f3n se puede consultar www.programaceres.es<\/p>\n<p>&nbsp;<\/p>\n<p>&nbsp;<\/p>\n","protected":false},"excerpt":{"rendered":"<p>El PROGRAMA CERES, promovido por el Ministerio de Igualad a trav\u00e9s de la Secretar\u00eda de Estado de Igualdad y Contra la Violencia de G\u00e9nero, est\u00e1 dirigido a la formaci\u00f3n de personal formador en materia de sociedad de la informaci\u00f3n para mujeres rurales. \u201cEl objetivo fundamental de los talleres enmarcados dentro de este programa es que<\/p>\n","protected":false},"author":1,"featured_media":6453,"comment_status":"closed","ping_status":"closed","sticky":false,"template":"","format":"standard","meta":{"footnotes":""},"categories":[2],"tags":[],"class_list":{"0":"post-142067","1":"post","2":"type-post","3":"status-publish","4":"format-standard","5":"has-post-thumbnail","7":"category-noticias-carreno"},"aioseo_notices":[],"aioseo_head":"\n\t\t<!-- All in One SEO Pro 4.9.6.2 - aioseo.com -->\n\t<meta name=\"description\" content=\"El PROGRAMA CERES, promovido por el Ministerio de Igualad a trav\u00e9s de la Secretar\u00eda de Estado de Igualdad y Contra la Violencia de G\u00e9nero, est\u00e1 dirigido a la formaci\u00f3n de personal formador en materia de sociedad de la informaci\u00f3n para mujeres rurales. \u201cEl objetivo fundamental de los talleres enmarcados dentro de este programa es que\" \/>\n\t<meta name=\"robots\" content=\"max-image-preview:large\" \/>\n\t<meta name=\"author\" content=\"Cand\u00e1s 365\"\/>\n\t<meta name=\"google-site-verification\" content=\"UA-32230408-1\" \/>\n\t<meta name=\"msvalidate.01\" content=\"354F3CDFB2DA171B47FBE9ABF1F88D5\" \/>\n\t<meta name=\"keywords\" content=\"noticias carre\u00f1o\" \/>\n\t<link rel=\"canonical\" href=\"https:\/\/candas365.es\/noticias\/vi-edicion-del-programa-ceres\/\" \/>\n\t<meta name=\"generator\" content=\"All in One SEO Pro (AIOSEO) 4.9.6.2\" \/>\n\t\t<meta property=\"og:locale\" content=\"es_ES\" \/>\n\t\t<meta property=\"og:site_name\" content=\"Cand\u00e1s 365\" \/>\n\t\t<meta property=\"og:type\" content=\"article\" \/>\n\t\t<meta property=\"og:title\" content=\"VI Edici\u00f3n del Programa CERES | Cand\u00e1s 365\" \/>\n\t\t<meta property=\"og:description\" content=\"El PROGRAMA CERES, promovido por el Ministerio de Igualad a trav\u00e9s de la Secretar\u00eda de Estado de Igualdad y Contra la Violencia de G\u00e9nero, est\u00e1 dirigido a la formaci\u00f3n de personal formador en materia de sociedad de la informaci\u00f3n para mujeres rurales. \u201cEl objetivo fundamental de los talleres enmarcados dentro de este programa es que\" \/>\n\t\t<meta property=\"og:url\" content=\"https:\/\/candas365.es\/noticias\/vi-edicion-del-programa-ceres\/\" \/>\n\t\t<meta property=\"og:image\" content=\"https:\/\/candas365.es\/noticias\/wp-content\/uploads\/2015\/01\/ayuntamiento.jpg\" \/>\n\t\t<meta property=\"og:image:secure_url\" content=\"https:\/\/candas365.es\/noticias\/wp-content\/uploads\/2015\/01\/ayuntamiento.jpg\" \/>\n\t\t<meta property=\"og:image:width\" content=\"800\" \/>\n\t\t<meta property=\"og:image:height\" content=\"600\" \/>\n\t\t<meta property=\"article:published_time\" content=\"2020-04-28T14:43:47+00:00\" \/>\n\t\t<meta property=\"article:modified_time\" content=\"2020-05-12T14:45:42+00:00\" \/>\n\t\t<meta property=\"article:publisher\" content=\"https:\/\/www.facebook.com\/Nachofdezber\" \/>\n\t\t<meta property=\"article:author\" content=\"https:\/\/www.facebook.com\/carrenoactualidad\" \/>\n\t\t<meta name=\"twitter:card\" content=\"summary_large_image\" \/>\n\t\t<meta name=\"twitter:site\" content=\"@NabercoDigital\" \/>\n\t\t<meta name=\"twitter:title\" content=\"VI Edici\u00f3n del Programa CERES | Cand\u00e1s 365\" \/>\n\t\t<meta name=\"twitter:description\" content=\"El PROGRAMA CERES, promovido por el Ministerio de Igualad a trav\u00e9s de la Secretar\u00eda de Estado de Igualdad y Contra la Violencia de G\u00e9nero, est\u00e1 dirigido a la formaci\u00f3n de personal formador en materia de sociedad de la informaci\u00f3n para mujeres rurales. \u201cEl objetivo fundamental de los talleres enmarcados dentro de este programa es que\" \/>\n\t\t<meta name=\"twitter:creator\" content=\"@nbasturias\" \/>\n\t\t<meta name=\"twitter:image\" content=\"https:\/\/candas365.es\/noticias\/wp-content\/uploads\/2015\/01\/ayuntamiento.jpg\" \/>\n\t\t<meta name=\"twitter:label1\" content=\"Escrito por\" \/>\n\t\t<meta name=\"twitter:data1\" content=\"Cand\u00e1s 365\" \/>\n\t\t<meta name=\"twitter:label2\" content=\"Tiempo de lectura estimado\" \/>\n\t\t<meta name=\"twitter:data2\" content=\"3 minutos\" \/>\n\t\t<script type=\"application\/ld+json\" class=\"aioseo-schema\">\n\t\t\t{\"@context\":\"https:\\\/\\\/schema.org\",\"@graph\":[{\"@type\":\"BreadcrumbList\",\"@id\":\"https:\\\/\\\/candas365.es\\\/noticias\\\/vi-edicion-del-programa-ceres\\\/#breadcrumblist\",\"itemListElement\":[{\"@type\":\"ListItem\",\"@id\":\"https:\\\/\\\/candas365.es\\\/noticias#listItem\",\"position\":1,\"name\":\"Home\",\"item\":\"https:\\\/\\\/candas365.es\\\/noticias\",\"nextItem\":{\"@type\":\"ListItem\",\"@id\":\"https:\\\/\\\/candas365.es\\\/noticias\\\/category\\\/noticias-carreno\\\/#listItem\",\"name\":\"Noticias Carre\\u00f1o\"}},{\"@type\":\"ListItem\",\"@id\":\"https:\\\/\\\/candas365.es\\\/noticias\\\/category\\\/noticias-carreno\\\/#listItem\",\"position\":2,\"name\":\"Noticias Carre\\u00f1o\",\"item\":\"https:\\\/\\\/candas365.es\\\/noticias\\\/category\\\/noticias-carreno\\\/\",\"nextItem\":{\"@type\":\"ListItem\",\"@id\":\"https:\\\/\\\/candas365.es\\\/noticias\\\/vi-edicion-del-programa-ceres\\\/#listItem\",\"name\":\"VI Edici\\u00f3n del Programa CERES\"},\"previousItem\":{\"@type\":\"ListItem\",\"@id\":\"https:\\\/\\\/candas365.es\\\/noticias#listItem\",\"name\":\"Home\"}},{\"@type\":\"ListItem\",\"@id\":\"https:\\\/\\\/candas365.es\\\/noticias\\\/vi-edicion-del-programa-ceres\\\/#listItem\",\"position\":3,\"name\":\"VI Edici\\u00f3n del Programa CERES\",\"previousItem\":{\"@type\":\"ListItem\",\"@id\":\"https:\\\/\\\/candas365.es\\\/noticias\\\/category\\\/noticias-carreno\\\/#listItem\",\"name\":\"Noticias Carre\\u00f1o\"}}]},{\"@type\":\"NewsArticle\",\"@id\":\"https:\\\/\\\/candas365.es\\\/noticias\\\/vi-edicion-del-programa-ceres\\\/#newsarticle\",\"name\":\"VI Edici\\u00f3n del Programa CERES | Cand\\u00e1s 365\",\"headline\":\"VI Edici\\u00f3n del Programa CERES\",\"author\":{\"@id\":\"https:\\\/\\\/candas365.es\\\/noticias\\\/author\\\/admin\\\/#author\"},\"publisher\":{\"@id\":\"https:\\\/\\\/candas365.es\\\/noticias\\\/#organization\"},\"image\":{\"@type\":\"ImageObject\",\"url\":\"https:\\\/\\\/candas365.es\\\/noticias\\\/wp-content\\\/uploads\\\/2015\\\/01\\\/ayuntamiento.jpg\",\"width\":800,\"height\":600,\"caption\":\"Carre\\u00f1o\"},\"datePublished\":\"2020-04-28T14:43:47+02:00\",\"dateModified\":\"2020-05-12T14:45:42+02:00\",\"inLanguage\":\"es-ES\",\"mainEntityOfPage\":{\"@id\":\"https:\\\/\\\/candas365.es\\\/noticias\\\/vi-edicion-del-programa-ceres\\\/#webpage\"},\"isPartOf\":{\"@id\":\"https:\\\/\\\/candas365.es\\\/noticias\\\/vi-edicion-del-programa-ceres\\\/#webpage\"},\"articleSection\":\"Noticias Carre\\u00f1o\",\"dateline\":\"Publicado el abril 28, 2020.\"},{\"@type\":\"Organization\",\"@id\":\"https:\\\/\\\/candas365.es\\\/noticias\\\/#organization\",\"name\":\"Cand\\u00e1s 365\",\"description\":\"Cand\\u00e1s 365 es un diario digital independiente, fundado en 2012, con base en Asturias. Informamos con rigor sobre actualidad, sociedad, cultura y ocio, con una mirada local y global.\",\"url\":\"https:\\\/\\\/candas365.es\\\/noticias\\\/\",\"email\":\"info@candas365.es\",\"telephone\":\"+34652131393\",\"foundingDate\":\"2012-06-10\",\"logo\":{\"@type\":\"ImageObject\",\"url\":\"https:\\\/\\\/candas365.es\\\/noticias\\\/wp-content\\\/uploads\\\/2024\\\/09\\\/Candas-365-Redes.jpg\",\"@id\":\"https:\\\/\\\/candas365.es\\\/noticias\\\/vi-edicion-del-programa-ceres\\\/#organizationLogo\",\"width\":1152,\"height\":864,\"caption\":\"Cand\\u00e1s 365 Redes\"},\"image\":{\"@id\":\"https:\\\/\\\/candas365.es\\\/noticias\\\/vi-edicion-del-programa-ceres\\\/#organizationLogo\"},\"sameAs\":[\"https:\\\/\\\/www.facebook.com\\\/Nachofdezber\",\"https:\\\/\\\/x.com\\\/NabercoDigital\",\"https:\\\/\\\/www.instagram.com\\\/nachofdezber\\\/\",\"https:\\\/\\\/www.youtube.com\\\/channel\\\/UCZP-2wLEB9Rv6erhFmqVnvg\"],\"address\":{\"@id\":\"https:\\\/\\\/candas365.es\\\/noticias\\\/#postaladdress\",\"@type\":\"PostalAddress\",\"streetAddress\":\"san antonio 4, san antonio 4\",\"postalCode\":\"33430\",\"addressLocality\":\"Cand\\u00e1s\",\"addressRegion\":\"Asturias\",\"addressCountry\":\"ES\"}},{\"@type\":\"Person\",\"@id\":\"https:\\\/\\\/candas365.es\\\/noticias\\\/author\\\/admin\\\/#author\",\"url\":\"https:\\\/\\\/candas365.es\\\/noticias\\\/author\\\/admin\\\/\",\"name\":\"Cand\\u00e1s 365\",\"image\":{\"@type\":\"ImageObject\",\"@id\":\"https:\\\/\\\/candas365.es\\\/noticias\\\/vi-edicion-del-programa-ceres\\\/#authorImage\",\"url\":\"https:\\\/\\\/secure.gravatar.com\\\/avatar\\\/496a8e03d0c493ede1718b7934145dbdf8d89be1036b0eec9544e1094c9de390?s=96&d=mm&r=g\",\"width\":96,\"height\":96,\"caption\":\"Cand\\u00e1s 365\"},\"sameAs\":[\"https:\\\/\\\/www.facebook.com\\\/carrenoactualidad\",\"https:\\\/\\\/twitter.com\\\/nbasturias\",\"https:\\\/\\\/www.instagram.com\\\/nachofdezber\\\/\",\"https:\\\/\\\/www.youtube.com\\\/channel\\\/UCZP-2wLEB9Rv6erhFmqVnvg\"]},{\"@type\":\"WebPage\",\"@id\":\"https:\\\/\\\/candas365.es\\\/noticias\\\/vi-edicion-del-programa-ceres\\\/#webpage\",\"url\":\"https:\\\/\\\/candas365.es\\\/noticias\\\/vi-edicion-del-programa-ceres\\\/\",\"name\":\"VI Edici\\u00f3n del Programa CERES | Cand\\u00e1s 365\",\"description\":\"El PROGRAMA CERES, promovido por el Ministerio de Igualad a trav\\u00e9s de la Secretar\\u00eda de Estado de Igualdad y Contra la Violencia de G\\u00e9nero, est\\u00e1 dirigido a la formaci\\u00f3n de personal formador en materia de sociedad de la informaci\\u00f3n para mujeres rurales. \\u201cEl objetivo fundamental de los talleres enmarcados dentro de este programa es que\",\"inLanguage\":\"es-ES\",\"isPartOf\":{\"@id\":\"https:\\\/\\\/candas365.es\\\/noticias\\\/#website\"},\"breadcrumb\":{\"@id\":\"https:\\\/\\\/candas365.es\\\/noticias\\\/vi-edicion-del-programa-ceres\\\/#breadcrumblist\"},\"author\":{\"@id\":\"https:\\\/\\\/candas365.es\\\/noticias\\\/author\\\/admin\\\/#author\"},\"creator\":{\"@id\":\"https:\\\/\\\/candas365.es\\\/noticias\\\/author\\\/admin\\\/#author\"},\"image\":{\"@type\":\"ImageObject\",\"url\":\"https:\\\/\\\/candas365.es\\\/noticias\\\/wp-content\\\/uploads\\\/2015\\\/01\\\/ayuntamiento.jpg\",\"@id\":\"https:\\\/\\\/candas365.es\\\/noticias\\\/vi-edicion-del-programa-ceres\\\/#mainImage\",\"width\":800,\"height\":600,\"caption\":\"Carre\\u00f1o\"},\"primaryImageOfPage\":{\"@id\":\"https:\\\/\\\/candas365.es\\\/noticias\\\/vi-edicion-del-programa-ceres\\\/#mainImage\"},\"datePublished\":\"2020-04-28T14:43:47+02:00\",\"dateModified\":\"2020-05-12T14:45:42+02:00\"},{\"@type\":\"WebSite\",\"@id\":\"https:\\\/\\\/candas365.es\\\/noticias\\\/#website\",\"url\":\"https:\\\/\\\/candas365.es\\\/noticias\\\/\",\"name\":\"Cand\\u00e1s 365\",\"alternateName\":\"Cand\\u00e1s 365 Noticias\",\"description\":\"Actualidad desde Carre\\u00f1o para el mundo\",\"inLanguage\":\"es-ES\",\"publisher\":{\"@id\":\"https:\\\/\\\/candas365.es\\\/noticias\\\/#organization\"}}]}\n\t\t<\/script>\n\t\t<!-- All in One SEO Pro -->\r\n\t\t<title>VI Edici\u00f3n del Programa CERES | Cand\u00e1s 365<\/title>\n\n","aioseo_head_json":{"title":"VI Edici\u00f3n del Programa CERES | Cand\u00e1s 365","description":"El PROGRAMA CERES, promovido por el Ministerio de Igualad a trav\u00e9s de la Secretar\u00eda de Estado de Igualdad y Contra la Violencia de G\u00e9nero, est\u00e1 dirigido a la formaci\u00f3n de personal formador en materia de sociedad de la informaci\u00f3n para mujeres rurales. \u201cEl objetivo fundamental de los talleres enmarcados dentro de este programa es que","canonical_url":"https:\/\/candas365.es\/noticias\/vi-edicion-del-programa-ceres\/","robots":"max-image-preview:large","keywords":"noticias carre\u00f1o","webmasterTools":{"google-site-verification":"UA-32230408-1","msvalidate.01":"354F3CDFB2DA171B47FBE9ABF1F88D5","miscellaneous":""},"schema":{"@context":"https:\/\/schema.org","@graph":[{"@type":"BreadcrumbList","@id":"https:\/\/candas365.es\/noticias\/vi-edicion-del-programa-ceres\/#breadcrumblist","itemListElement":[{"@type":"ListItem","@id":"https:\/\/candas365.es\/noticias#listItem","position":1,"name":"Home","item":"https:\/\/candas365.es\/noticias","nextItem":{"@type":"ListItem","@id":"https:\/\/candas365.es\/noticias\/category\/noticias-carreno\/#listItem","name":"Noticias Carre\u00f1o"}},{"@type":"ListItem","@id":"https:\/\/candas365.es\/noticias\/category\/noticias-carreno\/#listItem","position":2,"name":"Noticias Carre\u00f1o","item":"https:\/\/candas365.es\/noticias\/category\/noticias-carreno\/","nextItem":{"@type":"ListItem","@id":"https:\/\/candas365.es\/noticias\/vi-edicion-del-programa-ceres\/#listItem","name":"VI Edici\u00f3n del Programa CERES"},"previousItem":{"@type":"ListItem","@id":"https:\/\/candas365.es\/noticias#listItem","name":"Home"}},{"@type":"ListItem","@id":"https:\/\/candas365.es\/noticias\/vi-edicion-del-programa-ceres\/#listItem","position":3,"name":"VI Edici\u00f3n del Programa CERES","previousItem":{"@type":"ListItem","@id":"https:\/\/candas365.es\/noticias\/category\/noticias-carreno\/#listItem","name":"Noticias Carre\u00f1o"}}]},{"@type":"NewsArticle","@id":"https:\/\/candas365.es\/noticias\/vi-edicion-del-programa-ceres\/#newsarticle","name":"VI Edici\u00f3n del Programa CERES | Cand\u00e1s 365","headline":"VI Edici\u00f3n del Programa CERES","author":{"@id":"https:\/\/candas365.es\/noticias\/author\/admin\/#author"},"publisher":{"@id":"https:\/\/candas365.es\/noticias\/#organization"},"image":{"@type":"ImageObject","url":"https:\/\/candas365.es\/noticias\/wp-content\/uploads\/2015\/01\/ayuntamiento.jpg","width":800,"height":600,"caption":"Carre\u00f1o"},"datePublished":"2020-04-28T14:43:47+02:00","dateModified":"2020-05-12T14:45:42+02:00","inLanguage":"es-ES","mainEntityOfPage":{"@id":"https:\/\/candas365.es\/noticias\/vi-edicion-del-programa-ceres\/#webpage"},"isPartOf":{"@id":"https:\/\/candas365.es\/noticias\/vi-edicion-del-programa-ceres\/#webpage"},"articleSection":"Noticias Carre\u00f1o","dateline":"Publicado el abril 28, 2020."},{"@type":"Organization","@id":"https:\/\/candas365.es\/noticias\/#organization","name":"Cand\u00e1s 365","description":"Cand\u00e1s 365 es un diario digital independiente, fundado en 2012, con base en Asturias. Informamos con rigor sobre actualidad, sociedad, cultura y ocio, con una mirada local y global.","url":"https:\/\/candas365.es\/noticias\/","email":"info@candas365.es","telephone":"+34652131393","foundingDate":"2012-06-10","logo":{"@type":"ImageObject","url":"https:\/\/candas365.es\/noticias\/wp-content\/uploads\/2024\/09\/Candas-365-Redes.jpg","@id":"https:\/\/candas365.es\/noticias\/vi-edicion-del-programa-ceres\/#organizationLogo","width":1152,"height":864,"caption":"Cand\u00e1s 365 Redes"},"image":{"@id":"https:\/\/candas365.es\/noticias\/vi-edicion-del-programa-ceres\/#organizationLogo"},"sameAs":["https:\/\/www.facebook.com\/Nachofdezber","https:\/\/x.com\/NabercoDigital","https:\/\/www.instagram.com\/nachofdezber\/","https:\/\/www.youtube.com\/channel\/UCZP-2wLEB9Rv6erhFmqVnvg"],"address":{"@id":"https:\/\/candas365.es\/noticias\/#postaladdress","@type":"PostalAddress","streetAddress":"san antonio 4, san antonio 4","postalCode":"33430","addressLocality":"Cand\u00e1s","addressRegion":"Asturias","addressCountry":"ES"}},{"@type":"Person","@id":"https:\/\/candas365.es\/noticias\/author\/admin\/#author","url":"https:\/\/candas365.es\/noticias\/author\/admin\/","name":"Cand\u00e1s 365","image":{"@type":"ImageObject","@id":"https:\/\/candas365.es\/noticias\/vi-edicion-del-programa-ceres\/#authorImage","url":"https:\/\/secure.gravatar.com\/avatar\/496a8e03d0c493ede1718b7934145dbdf8d89be1036b0eec9544e1094c9de390?s=96&d=mm&r=g","width":96,"height":96,"caption":"Cand\u00e1s 365"},"sameAs":["https:\/\/www.facebook.com\/carrenoactualidad","https:\/\/twitter.com\/nbasturias","https:\/\/www.instagram.com\/nachofdezber\/","https:\/\/www.youtube.com\/channel\/UCZP-2wLEB9Rv6erhFmqVnvg"]},{"@type":"WebPage","@id":"https:\/\/candas365.es\/noticias\/vi-edicion-del-programa-ceres\/#webpage","url":"https:\/\/candas365.es\/noticias\/vi-edicion-del-programa-ceres\/","name":"VI Edici\u00f3n del Programa CERES | Cand\u00e1s 365","description":"El PROGRAMA CERES, promovido por el Ministerio de Igualad a trav\u00e9s de la Secretar\u00eda de Estado de Igualdad y Contra la Violencia de G\u00e9nero, est\u00e1 dirigido a la formaci\u00f3n de personal formador en materia de sociedad de la informaci\u00f3n para mujeres rurales. \u201cEl objetivo fundamental de los talleres enmarcados dentro de este programa es que","inLanguage":"es-ES","isPartOf":{"@id":"https:\/\/candas365.es\/noticias\/#website"},"breadcrumb":{"@id":"https:\/\/candas365.es\/noticias\/vi-edicion-del-programa-ceres\/#breadcrumblist"},"author":{"@id":"https:\/\/candas365.es\/noticias\/author\/admin\/#author"},"creator":{"@id":"https:\/\/candas365.es\/noticias\/author\/admin\/#author"},"image":{"@type":"ImageObject","url":"https:\/\/candas365.es\/noticias\/wp-content\/uploads\/2015\/01\/ayuntamiento.jpg","@id":"https:\/\/candas365.es\/noticias\/vi-edicion-del-programa-ceres\/#mainImage","width":800,"height":600,"caption":"Carre\u00f1o"},"primaryImageOfPage":{"@id":"https:\/\/candas365.es\/noticias\/vi-edicion-del-programa-ceres\/#mainImage"},"datePublished":"2020-04-28T14:43:47+02:00","dateModified":"2020-05-12T14:45:42+02:00"},{"@type":"WebSite","@id":"https:\/\/candas365.es\/noticias\/#website","url":"https:\/\/candas365.es\/noticias\/","name":"Cand\u00e1s 365","alternateName":"Cand\u00e1s 365 Noticias","description":"Actualidad desde Carre\u00f1o para el mundo","inLanguage":"es-ES","publisher":{"@id":"https:\/\/candas365.es\/noticias\/#organization"}}]},"og:locale":"es_ES","og:site_name":"Cand\u00e1s 365","og:type":"article","og:title":"VI Edici\u00f3n del Programa CERES | Cand\u00e1s 365","og:description":"El PROGRAMA CERES, promovido por el Ministerio de Igualad a trav\u00e9s de la Secretar\u00eda de Estado de Igualdad y Contra la Violencia de G\u00e9nero, est\u00e1 dirigido a la formaci\u00f3n de personal formador en materia de sociedad de la informaci\u00f3n para mujeres rurales. \u201cEl objetivo fundamental de los talleres enmarcados dentro de este programa es que","og:url":"https:\/\/candas365.es\/noticias\/vi-edicion-del-programa-ceres\/","og:image":"https:\/\/candas365.es\/noticias\/wp-content\/uploads\/2015\/01\/ayuntamiento.jpg","og:image:secure_url":"https:\/\/candas365.es\/noticias\/wp-content\/uploads\/2015\/01\/ayuntamiento.jpg","og:image:width":800,"og:image:height":600,"article:published_time":"2020-04-28T14:43:47+00:00","article:modified_time":"2020-05-12T14:45:42+00:00","article:publisher":"https:\/\/www.facebook.com\/Nachofdezber","article:author":"https:\/\/www.facebook.com\/carrenoactualidad","twitter:card":"summary_large_image","twitter:site":"@NabercoDigital","twitter:title":"VI Edici\u00f3n del Programa CERES | Cand\u00e1s 365","twitter:description":"El PROGRAMA CERES, promovido por el Ministerio de Igualad a trav\u00e9s de la Secretar\u00eda de Estado de Igualdad y Contra la Violencia de G\u00e9nero, est\u00e1 dirigido a la formaci\u00f3n de personal formador en materia de sociedad de la informaci\u00f3n para mujeres rurales. \u201cEl objetivo fundamental de los talleres enmarcados dentro de este programa es que","twitter:creator":"@nbasturias","twitter:image":"https:\/\/candas365.es\/noticias\/wp-content\/uploads\/2015\/01\/ayuntamiento.jpg","twitter:label1":"Escrito por","twitter:data1":"Cand\u00e1s 365","twitter:label2":"Tiempo de lectura estimado","twitter:data2":"3 minutos"},"aioseo_meta_data":{"post_id":"142067","title":null,"description":null,"keywords":null,"keyphrases":null,"primary_term":null,"canonical_url":null,"og_title":null,"og_description":null,"og_object_type":"default","og_image_type":"default","og_image_url":null,"og_image_width":null,"og_image_height":null,"og_image_custom_url":null,"og_image_custom_fields":null,"og_video":null,"og_custom_url":null,"og_article_section":null,"og_article_tags":null,"twitter_use_og":false,"twitter_card":"default","twitter_image_type":"default","twitter_image_url":null,"twitter_image_custom_url":null,"twitter_image_custom_fields":null,"twitter_title":null,"twitter_description":null,"schema":{"blockGraphs":[],"customGraphs":[],"default":{"data":{"Article":[],"Course":[],"Dataset":[],"FAQPage":[],"Movie":[],"Person":[],"Product":[],"ProductReview":[],"Car":[],"Recipe":[],"Service":[],"SoftwareApplication":[],"WebPage":[]},"graphName":"","isEnabled":true},"graphs":[]},"schema_type":null,"schema_type_options":null,"pillar_content":false,"robots_default":true,"robots_noindex":false,"robots_noarchive":false,"robots_nosnippet":false,"robots_nofollow":false,"robots_noimageindex":false,"robots_noodp":false,"robots_notranslate":false,"robots_max_snippet":null,"robots_max_videopreview":null,"robots_max_imagepreview":"large","priority":null,"frequency":null,"location":null,"local_seo":null,"seo_analyzer_scan_date":"2025-08-31 04:11:10","breadcrumb_settings":null,"limit_modified_date":false,"reviewed_by":null,"open_ai":null,"ai":null,"created":"2020-12-21 10:42:32","updated":"2025-08-31 04:11:10"},"aioseo_breadcrumb":"<div class=\"aioseo-breadcrumbs\"><span class=\"aioseo-breadcrumb\">\n\t<a href=\"https:\/\/candas365.es\/noticias\" title=\"Home\">Home<\/a>\n<\/span><span class=\"aioseo-breadcrumb-separator\">&ndash;<\/span><span class=\"aioseo-breadcrumb\">\n\t<a href=\"https:\/\/candas365.es\/noticias\/category\/noticias-carreno\/\" title=\"Noticias Carre\u00f1o\">Noticias Carre\u00f1o<\/a>\n<\/span><span class=\"aioseo-breadcrumb-separator\">&ndash;<\/span><span class=\"aioseo-breadcrumb\">\n\tVI Edici\u00f3n del Programa CERES\n<\/span><\/div>","aioseo_breadcrumb_json":[{"label":"Home","link":"https:\/\/candas365.es\/noticias"},{"label":"Noticias Carre\u00f1o","link":"https:\/\/candas365.es\/noticias\/category\/noticias-carreno\/"},{"label":"VI Edici\u00f3n del Programa CERES","link":"https:\/\/candas365.es\/noticias\/vi-edicion-del-programa-ceres\/"}],"_links":{"self":[{"href":"https:\/\/candas365.es\/noticias\/wp-json\/wp\/v2\/posts\/142067","targetHints":{"allow":["GET"]}}],"collection":[{"href":"https:\/\/candas365.es\/noticias\/wp-json\/wp\/v2\/posts"}],"about":[{"href":"https:\/\/candas365.es\/noticias\/wp-json\/wp\/v2\/types\/post"}],"author":[{"embeddable":true,"href":"https:\/\/candas365.es\/noticias\/wp-json\/wp\/v2\/users\/1"}],"replies":[{"embeddable":true,"href":"https:\/\/candas365.es\/noticias\/wp-json\/wp\/v2\/comments?post=142067"}],"version-history":[{"count":0,"href":"https:\/\/candas365.es\/noticias\/wp-json\/wp\/v2\/posts\/142067\/revisions"}],"wp:featuredmedia":[{"embeddable":true,"href":"https:\/\/candas365.es\/noticias\/wp-json\/wp\/v2\/media\/6453"}],"wp:attachment":[{"href":"https:\/\/candas365.es\/noticias\/wp-json\/wp\/v2\/media?parent=142067"}],"wp:term":[{"taxonomy":"category","embeddable":true,"href":"https:\/\/candas365.es\/noticias\/wp-json\/wp\/v2\/categories?post=142067"},{"taxonomy":"post_tag","embeddable":true,"href":"https:\/\/candas365.es\/noticias\/wp-json\/wp\/v2\/tags?post=142067"}],"curies":[{"name":"wp","href":"https:\/\/api.w.org\/{rel}","templated":true}]}}