{"id":142052,"date":"2020-04-24T14:11:57","date_gmt":"2020-04-24T14:11:57","guid":{"rendered":"http:\/\/candas365.es\/noticias\/?p=142052"},"modified":"2020-05-12T14:30:31","modified_gmt":"2020-05-12T14:30:31","slug":"obras-en-el-camino-real-de-la-iglesia","status":"publish","type":"post","link":"https:\/\/candas365.es\/noticias\/obras-en-el-camino-real-de-la-iglesia\/","title":{"rendered":"Obras en el Camino Real de la Iglesia"},"content":{"rendered":"<p><img fetchpriority=\"high\" decoding=\"async\" class=\"alignleft size-medium wp-image-142053\" src=\"https:\/\/candas365.es\/noticias\/wp-content\/uploads\/2020\/05\/obras-Ambas-360x286.jpg\" alt=\"\" width=\"360\" height=\"286\" srcset=\"https:\/\/candas365.es\/noticias\/wp-content\/uploads\/2020\/05\/obras-Ambas-360x286.jpg 360w, https:\/\/candas365.es\/noticias\/wp-content\/uploads\/2020\/05\/obras-Ambas-604x480.jpg 604w, https:\/\/candas365.es\/noticias\/wp-content\/uploads\/2020\/05\/obras-Ambas-768x610.jpg 768w, https:\/\/candas365.es\/noticias\/wp-content\/uploads\/2020\/05\/obras-Ambas-696x553.jpg 696w, https:\/\/candas365.es\/noticias\/wp-content\/uploads\/2020\/05\/obras-Ambas-529x420.jpg 529w, https:\/\/candas365.es\/noticias\/wp-content\/uploads\/2020\/05\/obras-Ambas.jpg 939w\" sizes=\"(max-width: 360px) 100vw, 360px\" \/>Dentro de las actuaciones previstas en el Plan Integral de la Zona Rural, se han adjudicado las obras de mejora de una parte del camino C-853, conocido como Camino Real de la Iglesia, de titularidad municipal en el barrio del Montico en la parroquia de Amb\u00e1s.<\/p>\n<p>\u201cEn el marco de los proyectos con cargo al Fondo de Compensaci\u00f3n de COGERSA del a\u00f1o 2019, la entidad vecinal de Santiago de Amb\u00e1s solicit\u00f3 las mejoras en este camino C-853, el cual aparece en el inventario municipal de caminos como camino de titularidad municipal. El \u00e1mbito de actuaci\u00f3n de la inversi\u00f3n financiada por el Consorcio Supramunicipal ser\u00e1 la ejecuci\u00f3n de una cuneta bordillo que d\u00e9 soluci\u00f3n a la acumulaci\u00f3n de agua y el arrastre de \u00e1ridos del talud cercano\u201d coment\u00f3 Manuel Noceda, concejal de Medio Rural.<\/p>\n<p>\u201c Esta obra se acomete en el a\u00f1o en curso pese a financiarse con cargo a la convocatoria del 2019 al poder afrontarse con un remanente que qued\u00f3. Tras ejecutar las actuaciones aprobadas por el Consorcio el a\u00f1o pasado nos qued\u00f3 un resto de dinero disponible. Al hacer las licitaciones de otras obras y actividades hubo bajas y qued\u00f3 presupuesto. Tras consultar a la entidad vecinal sus prioridades se pidi\u00f3 autorizaci\u00f3n a COGERSA para poder prorrogar su ejecuci\u00f3n y ten\u00edamos concedido de plazo hasta finales de Mayo\u201d detall\u00f3 Noceda.<\/p>\n<p>\u201cSe ven\u00eda observando en uno de sus tramos, en 113 m\u00b2, problemas en momentos de fuertes lluvias y\/o persistentes, arrastrando las aguas los \u00e1ridos del cercano talud invadiendo el camino llegando hasta la vivienda y fincas adyacentes al vial, debido a la orograf\u00eda del terreno en esta zona\u201d describi\u00f3 el edil.<\/p>\n<p>\u201cPor ello, encargamos a la Oficina T\u00e9cnica Municipal la elaboraci\u00f3n del proyecto de mejora de este camino para su posterior contrataci\u00f3n. Tras el proceso de licitaci\u00f3n correspondiente, en el que han concurrido 3 empresas, las obras de mejora en el Camino C-853, han sido adjudicadas a Asfaltos Arl\u00f3s, S.L. por un importe final de 3.738,90\u20ac, IVA incluido, con cargo a la partida \u201cPlan Integral de la Zona Rural\u201d al ser la oferta m\u00e1s ventajosa en t\u00e9rminos de calidad-precio\u201d avanz\u00f3 Noceda.<\/p>\n<p>\u201cLa obra prevista es la ejecuci\u00f3n de una cuenta-bordillo en un tramo de unos 90 metros. Para ello se proceder\u00e1 a la apertura de una zanja y la ejecuci\u00f3n de una cuneta-bordillo de 30 cm de ancho y bordillo de 10 cm de alto, revestida de hormig\u00f3n Hm-20 de espesor de 10 cm. Relleno del asentamiento con zahorra para compactaci\u00f3n y preparaci\u00f3n de la superficie de asiento, relegado y encofrado\u201d finaliz\u00f3 el concejal.<\/p>\n<p>Las obras tendr\u00e1n una duraci\u00f3n como m\u00e1ximo de un mes desde la firma del acta de comprobaci\u00f3n de replanteo. Siendo el plazo de garant\u00eda de las obras de un a\u00f1o a contar desde la fecha de recepci\u00f3n de las mismas.<\/p>\n<p>&nbsp;<\/p>\n","protected":false},"excerpt":{"rendered":"<p>Dentro de las actuaciones previstas en el Plan Integral de la Zona Rural, se han adjudicado las obras de mejora de una parte del camino C-853, conocido como Camino Real de la Iglesia, de titularidad municipal en el barrio del Montico en la parroquia de Amb\u00e1s. \u201cEn el marco de los proyectos con cargo al<\/p>\n","protected":false},"author":1,"featured_media":142053,"comment_status":"closed","ping_status":"closed","sticky":false,"template":"","format":"standard","meta":{"footnotes":""},"categories":[2],"tags":[],"class_list":{"0":"post-142052","1":"post","2":"type-post","3":"status-publish","4":"format-standard","5":"has-post-thumbnail","7":"category-noticias-carreno"},"aioseo_notices":[],"aioseo_head":"\n\t\t<!-- All in One SEO Pro 4.9.6.2 - aioseo.com -->\n\t<meta name=\"description\" content=\"Dentro de las actuaciones previstas en el Plan Integral de la Zona Rural, se han adjudicado las obras de mejora de una parte del camino C-853, conocido como Camino Real de la Iglesia, de titularidad municipal en el barrio del Montico en la parroquia de Amb\u00e1s. \u201cEn el marco de los proyectos con cargo al\" \/>\n\t<meta name=\"robots\" content=\"max-image-preview:large\" \/>\n\t<meta name=\"author\" content=\"Cand\u00e1s 365\"\/>\n\t<meta name=\"google-site-verification\" content=\"UA-32230408-1\" \/>\n\t<meta name=\"msvalidate.01\" content=\"354F3CDFB2DA171B47FBE9ABF1F88D5\" \/>\n\t<meta name=\"keywords\" content=\"noticias carre\u00f1o\" \/>\n\t<link rel=\"canonical\" href=\"https:\/\/candas365.es\/noticias\/obras-en-el-camino-real-de-la-iglesia\/\" \/>\n\t<meta name=\"generator\" content=\"All in One SEO Pro (AIOSEO) 4.9.6.2\" \/>\n\t\t<meta property=\"og:locale\" content=\"es_ES\" \/>\n\t\t<meta property=\"og:site_name\" content=\"Cand\u00e1s 365\" \/>\n\t\t<meta property=\"og:type\" content=\"article\" \/>\n\t\t<meta property=\"og:title\" content=\"Obras en el Camino Real de la Iglesia | Cand\u00e1s 365\" \/>\n\t\t<meta property=\"og:description\" content=\"Dentro de las actuaciones previstas en el Plan Integral de la Zona Rural, se han adjudicado las obras de mejora de una parte del camino C-853, conocido como Camino Real de la Iglesia, de titularidad municipal en el barrio del Montico en la parroquia de Amb\u00e1s. \u201cEn el marco de los proyectos con cargo al\" \/>\n\t\t<meta property=\"og:url\" content=\"https:\/\/candas365.es\/noticias\/obras-en-el-camino-real-de-la-iglesia\/\" \/>\n\t\t<meta property=\"og:image\" content=\"https:\/\/candas365.es\/noticias\/wp-content\/uploads\/2020\/05\/obras-Ambas.jpg\" \/>\n\t\t<meta property=\"og:image:secure_url\" content=\"https:\/\/candas365.es\/noticias\/wp-content\/uploads\/2020\/05\/obras-Ambas.jpg\" \/>\n\t\t<meta property=\"og:image:width\" content=\"939\" \/>\n\t\t<meta property=\"og:image:height\" content=\"746\" \/>\n\t\t<meta property=\"article:published_time\" content=\"2020-04-24T14:11:57+00:00\" \/>\n\t\t<meta property=\"article:modified_time\" content=\"2020-05-12T14:30:31+00:00\" \/>\n\t\t<meta property=\"article:publisher\" content=\"https:\/\/www.facebook.com\/Nachofdezber\" \/>\n\t\t<meta property=\"article:author\" content=\"https:\/\/www.facebook.com\/carrenoactualidad\" \/>\n\t\t<meta name=\"twitter:card\" content=\"summary_large_image\" \/>\n\t\t<meta name=\"twitter:site\" content=\"@NabercoDigital\" \/>\n\t\t<meta name=\"twitter:title\" content=\"Obras en el Camino Real de la Iglesia | Cand\u00e1s 365\" \/>\n\t\t<meta name=\"twitter:description\" content=\"Dentro de las actuaciones previstas en el Plan Integral de la Zona Rural, se han adjudicado las obras de mejora de una parte del camino C-853, conocido como Camino Real de la Iglesia, de titularidad municipal en el barrio del Montico en la parroquia de Amb\u00e1s. \u201cEn el marco de los proyectos con cargo al\" \/>\n\t\t<meta name=\"twitter:creator\" content=\"@nbasturias\" \/>\n\t\t<meta name=\"twitter:image\" content=\"https:\/\/candas365.es\/noticias\/wp-content\/uploads\/2020\/05\/obras-Ambas.jpg\" \/>\n\t\t<meta name=\"twitter:label1\" content=\"Escrito por\" \/>\n\t\t<meta name=\"twitter:data1\" content=\"Cand\u00e1s 365\" \/>\n\t\t<meta name=\"twitter:label2\" content=\"Tiempo de lectura estimado\" \/>\n\t\t<meta name=\"twitter:data2\" content=\"2 minutos\" \/>\n\t\t<script type=\"application\/ld+json\" class=\"aioseo-schema\">\n\t\t\t{\"@context\":\"https:\\\/\\\/schema.org\",\"@graph\":[{\"@type\":\"BreadcrumbList\",\"@id\":\"https:\\\/\\\/candas365.es\\\/noticias\\\/obras-en-el-camino-real-de-la-iglesia\\\/#breadcrumblist\",\"itemListElement\":[{\"@type\":\"ListItem\",\"@id\":\"https:\\\/\\\/candas365.es\\\/noticias#listItem\",\"position\":1,\"name\":\"Home\",\"item\":\"https:\\\/\\\/candas365.es\\\/noticias\",\"nextItem\":{\"@type\":\"ListItem\",\"@id\":\"https:\\\/\\\/candas365.es\\\/noticias\\\/category\\\/noticias-carreno\\\/#listItem\",\"name\":\"Noticias Carre\\u00f1o\"}},{\"@type\":\"ListItem\",\"@id\":\"https:\\\/\\\/candas365.es\\\/noticias\\\/category\\\/noticias-carreno\\\/#listItem\",\"position\":2,\"name\":\"Noticias Carre\\u00f1o\",\"item\":\"https:\\\/\\\/candas365.es\\\/noticias\\\/category\\\/noticias-carreno\\\/\",\"nextItem\":{\"@type\":\"ListItem\",\"@id\":\"https:\\\/\\\/candas365.es\\\/noticias\\\/obras-en-el-camino-real-de-la-iglesia\\\/#listItem\",\"name\":\"Obras en el Camino Real de la Iglesia\"},\"previousItem\":{\"@type\":\"ListItem\",\"@id\":\"https:\\\/\\\/candas365.es\\\/noticias#listItem\",\"name\":\"Home\"}},{\"@type\":\"ListItem\",\"@id\":\"https:\\\/\\\/candas365.es\\\/noticias\\\/obras-en-el-camino-real-de-la-iglesia\\\/#listItem\",\"position\":3,\"name\":\"Obras en el Camino Real de la Iglesia\",\"previousItem\":{\"@type\":\"ListItem\",\"@id\":\"https:\\\/\\\/candas365.es\\\/noticias\\\/category\\\/noticias-carreno\\\/#listItem\",\"name\":\"Noticias Carre\\u00f1o\"}}]},{\"@type\":\"NewsArticle\",\"@id\":\"https:\\\/\\\/candas365.es\\\/noticias\\\/obras-en-el-camino-real-de-la-iglesia\\\/#newsarticle\",\"name\":\"Obras en el Camino Real de la Iglesia | Cand\\u00e1s 365\",\"headline\":\"Obras en el Camino Real de la Iglesia\",\"author\":{\"@id\":\"https:\\\/\\\/candas365.es\\\/noticias\\\/author\\\/admin\\\/#author\"},\"publisher\":{\"@id\":\"https:\\\/\\\/candas365.es\\\/noticias\\\/#organization\"},\"image\":{\"@type\":\"ImageObject\",\"url\":\"https:\\\/\\\/candas365.es\\\/noticias\\\/wp-content\\\/uploads\\\/2020\\\/05\\\/obras-Ambas.jpg\",\"width\":939,\"height\":746},\"datePublished\":\"2020-04-24T14:11:57+02:00\",\"dateModified\":\"2020-05-12T14:30:31+02:00\",\"inLanguage\":\"es-ES\",\"mainEntityOfPage\":{\"@id\":\"https:\\\/\\\/candas365.es\\\/noticias\\\/obras-en-el-camino-real-de-la-iglesia\\\/#webpage\"},\"isPartOf\":{\"@id\":\"https:\\\/\\\/candas365.es\\\/noticias\\\/obras-en-el-camino-real-de-la-iglesia\\\/#webpage\"},\"articleSection\":\"Noticias Carre\\u00f1o\",\"dateline\":\"Publicado el abril 24, 2020.\"},{\"@type\":\"Organization\",\"@id\":\"https:\\\/\\\/candas365.es\\\/noticias\\\/#organization\",\"name\":\"Cand\\u00e1s 365\",\"description\":\"Cand\\u00e1s 365 es un diario digital independiente, fundado en 2012, con base en Asturias. Informamos con rigor sobre actualidad, sociedad, cultura y ocio, con una mirada local y global.\",\"url\":\"https:\\\/\\\/candas365.es\\\/noticias\\\/\",\"email\":\"info@candas365.es\",\"telephone\":\"+34652131393\",\"foundingDate\":\"2012-06-10\",\"logo\":{\"@type\":\"ImageObject\",\"url\":\"https:\\\/\\\/candas365.es\\\/noticias\\\/wp-content\\\/uploads\\\/2024\\\/09\\\/Candas-365-Redes.jpg\",\"@id\":\"https:\\\/\\\/candas365.es\\\/noticias\\\/obras-en-el-camino-real-de-la-iglesia\\\/#organizationLogo\",\"width\":1152,\"height\":864,\"caption\":\"Cand\\u00e1s 365 Redes\"},\"image\":{\"@id\":\"https:\\\/\\\/candas365.es\\\/noticias\\\/obras-en-el-camino-real-de-la-iglesia\\\/#organizationLogo\"},\"sameAs\":[\"https:\\\/\\\/www.facebook.com\\\/Nachofdezber\",\"https:\\\/\\\/x.com\\\/NabercoDigital\",\"https:\\\/\\\/www.instagram.com\\\/nachofdezber\\\/\",\"https:\\\/\\\/www.youtube.com\\\/channel\\\/UCZP-2wLEB9Rv6erhFmqVnvg\"],\"address\":{\"@id\":\"https:\\\/\\\/candas365.es\\\/noticias\\\/#postaladdress\",\"@type\":\"PostalAddress\",\"streetAddress\":\"san antonio 4, san antonio 4\",\"postalCode\":\"33430\",\"addressLocality\":\"Cand\\u00e1s\",\"addressRegion\":\"Asturias\",\"addressCountry\":\"ES\"}},{\"@type\":\"Person\",\"@id\":\"https:\\\/\\\/candas365.es\\\/noticias\\\/author\\\/admin\\\/#author\",\"url\":\"https:\\\/\\\/candas365.es\\\/noticias\\\/author\\\/admin\\\/\",\"name\":\"Cand\\u00e1s 365\",\"image\":{\"@type\":\"ImageObject\",\"@id\":\"https:\\\/\\\/candas365.es\\\/noticias\\\/obras-en-el-camino-real-de-la-iglesia\\\/#authorImage\",\"url\":\"https:\\\/\\\/secure.gravatar.com\\\/avatar\\\/496a8e03d0c493ede1718b7934145dbdf8d89be1036b0eec9544e1094c9de390?s=96&d=mm&r=g\",\"width\":96,\"height\":96,\"caption\":\"Cand\\u00e1s 365\"},\"sameAs\":[\"https:\\\/\\\/www.facebook.com\\\/carrenoactualidad\",\"https:\\\/\\\/twitter.com\\\/nbasturias\",\"https:\\\/\\\/www.instagram.com\\\/nachofdezber\\\/\",\"https:\\\/\\\/www.youtube.com\\\/channel\\\/UCZP-2wLEB9Rv6erhFmqVnvg\"]},{\"@type\":\"WebPage\",\"@id\":\"https:\\\/\\\/candas365.es\\\/noticias\\\/obras-en-el-camino-real-de-la-iglesia\\\/#webpage\",\"url\":\"https:\\\/\\\/candas365.es\\\/noticias\\\/obras-en-el-camino-real-de-la-iglesia\\\/\",\"name\":\"Obras en el Camino Real de la Iglesia | Cand\\u00e1s 365\",\"description\":\"Dentro de las actuaciones previstas en el Plan Integral de la Zona Rural, se han adjudicado las obras de mejora de una parte del camino C-853, conocido como Camino Real de la Iglesia, de titularidad municipal en el barrio del Montico en la parroquia de Amb\\u00e1s. \\u201cEn el marco de los proyectos con cargo al\",\"inLanguage\":\"es-ES\",\"isPartOf\":{\"@id\":\"https:\\\/\\\/candas365.es\\\/noticias\\\/#website\"},\"breadcrumb\":{\"@id\":\"https:\\\/\\\/candas365.es\\\/noticias\\\/obras-en-el-camino-real-de-la-iglesia\\\/#breadcrumblist\"},\"author\":{\"@id\":\"https:\\\/\\\/candas365.es\\\/noticias\\\/author\\\/admin\\\/#author\"},\"creator\":{\"@id\":\"https:\\\/\\\/candas365.es\\\/noticias\\\/author\\\/admin\\\/#author\"},\"image\":{\"@type\":\"ImageObject\",\"url\":\"https:\\\/\\\/candas365.es\\\/noticias\\\/wp-content\\\/uploads\\\/2020\\\/05\\\/obras-Ambas.jpg\",\"@id\":\"https:\\\/\\\/candas365.es\\\/noticias\\\/obras-en-el-camino-real-de-la-iglesia\\\/#mainImage\",\"width\":939,\"height\":746},\"primaryImageOfPage\":{\"@id\":\"https:\\\/\\\/candas365.es\\\/noticias\\\/obras-en-el-camino-real-de-la-iglesia\\\/#mainImage\"},\"datePublished\":\"2020-04-24T14:11:57+02:00\",\"dateModified\":\"2020-05-12T14:30:31+02:00\"},{\"@type\":\"WebSite\",\"@id\":\"https:\\\/\\\/candas365.es\\\/noticias\\\/#website\",\"url\":\"https:\\\/\\\/candas365.es\\\/noticias\\\/\",\"name\":\"Cand\\u00e1s 365\",\"alternateName\":\"Cand\\u00e1s 365 Noticias\",\"description\":\"Actualidad desde Carre\\u00f1o para el mundo\",\"inLanguage\":\"es-ES\",\"publisher\":{\"@id\":\"https:\\\/\\\/candas365.es\\\/noticias\\\/#organization\"}}]}\n\t\t<\/script>\n\t\t<!-- All in One SEO Pro -->\r\n\t\t<title>Obras en el Camino Real de la Iglesia | Cand\u00e1s 365<\/title>\n\n","aioseo_head_json":{"title":"Obras en el Camino Real de la Iglesia | Cand\u00e1s 365","description":"Dentro de las actuaciones previstas en el Plan Integral de la Zona Rural, se han adjudicado las obras de mejora de una parte del camino C-853, conocido como Camino Real de la Iglesia, de titularidad municipal en el barrio del Montico en la parroquia de Amb\u00e1s. \u201cEn el marco de los proyectos con cargo al","canonical_url":"https:\/\/candas365.es\/noticias\/obras-en-el-camino-real-de-la-iglesia\/","robots":"max-image-preview:large","keywords":"noticias carre\u00f1o","webmasterTools":{"google-site-verification":"UA-32230408-1","msvalidate.01":"354F3CDFB2DA171B47FBE9ABF1F88D5","miscellaneous":""},"schema":{"@context":"https:\/\/schema.org","@graph":[{"@type":"BreadcrumbList","@id":"https:\/\/candas365.es\/noticias\/obras-en-el-camino-real-de-la-iglesia\/#breadcrumblist","itemListElement":[{"@type":"ListItem","@id":"https:\/\/candas365.es\/noticias#listItem","position":1,"name":"Home","item":"https:\/\/candas365.es\/noticias","nextItem":{"@type":"ListItem","@id":"https:\/\/candas365.es\/noticias\/category\/noticias-carreno\/#listItem","name":"Noticias Carre\u00f1o"}},{"@type":"ListItem","@id":"https:\/\/candas365.es\/noticias\/category\/noticias-carreno\/#listItem","position":2,"name":"Noticias Carre\u00f1o","item":"https:\/\/candas365.es\/noticias\/category\/noticias-carreno\/","nextItem":{"@type":"ListItem","@id":"https:\/\/candas365.es\/noticias\/obras-en-el-camino-real-de-la-iglesia\/#listItem","name":"Obras en el Camino Real de la Iglesia"},"previousItem":{"@type":"ListItem","@id":"https:\/\/candas365.es\/noticias#listItem","name":"Home"}},{"@type":"ListItem","@id":"https:\/\/candas365.es\/noticias\/obras-en-el-camino-real-de-la-iglesia\/#listItem","position":3,"name":"Obras en el Camino Real de la Iglesia","previousItem":{"@type":"ListItem","@id":"https:\/\/candas365.es\/noticias\/category\/noticias-carreno\/#listItem","name":"Noticias Carre\u00f1o"}}]},{"@type":"NewsArticle","@id":"https:\/\/candas365.es\/noticias\/obras-en-el-camino-real-de-la-iglesia\/#newsarticle","name":"Obras en el Camino Real de la Iglesia | Cand\u00e1s 365","headline":"Obras en el Camino Real de la Iglesia","author":{"@id":"https:\/\/candas365.es\/noticias\/author\/admin\/#author"},"publisher":{"@id":"https:\/\/candas365.es\/noticias\/#organization"},"image":{"@type":"ImageObject","url":"https:\/\/candas365.es\/noticias\/wp-content\/uploads\/2020\/05\/obras-Ambas.jpg","width":939,"height":746},"datePublished":"2020-04-24T14:11:57+02:00","dateModified":"2020-05-12T14:30:31+02:00","inLanguage":"es-ES","mainEntityOfPage":{"@id":"https:\/\/candas365.es\/noticias\/obras-en-el-camino-real-de-la-iglesia\/#webpage"},"isPartOf":{"@id":"https:\/\/candas365.es\/noticias\/obras-en-el-camino-real-de-la-iglesia\/#webpage"},"articleSection":"Noticias Carre\u00f1o","dateline":"Publicado el abril 24, 2020."},{"@type":"Organization","@id":"https:\/\/candas365.es\/noticias\/#organization","name":"Cand\u00e1s 365","description":"Cand\u00e1s 365 es un diario digital independiente, fundado en 2012, con base en Asturias. Informamos con rigor sobre actualidad, sociedad, cultura y ocio, con una mirada local y global.","url":"https:\/\/candas365.es\/noticias\/","email":"info@candas365.es","telephone":"+34652131393","foundingDate":"2012-06-10","logo":{"@type":"ImageObject","url":"https:\/\/candas365.es\/noticias\/wp-content\/uploads\/2024\/09\/Candas-365-Redes.jpg","@id":"https:\/\/candas365.es\/noticias\/obras-en-el-camino-real-de-la-iglesia\/#organizationLogo","width":1152,"height":864,"caption":"Cand\u00e1s 365 Redes"},"image":{"@id":"https:\/\/candas365.es\/noticias\/obras-en-el-camino-real-de-la-iglesia\/#organizationLogo"},"sameAs":["https:\/\/www.facebook.com\/Nachofdezber","https:\/\/x.com\/NabercoDigital","https:\/\/www.instagram.com\/nachofdezber\/","https:\/\/www.youtube.com\/channel\/UCZP-2wLEB9Rv6erhFmqVnvg"],"address":{"@id":"https:\/\/candas365.es\/noticias\/#postaladdress","@type":"PostalAddress","streetAddress":"san antonio 4, san antonio 4","postalCode":"33430","addressLocality":"Cand\u00e1s","addressRegion":"Asturias","addressCountry":"ES"}},{"@type":"Person","@id":"https:\/\/candas365.es\/noticias\/author\/admin\/#author","url":"https:\/\/candas365.es\/noticias\/author\/admin\/","name":"Cand\u00e1s 365","image":{"@type":"ImageObject","@id":"https:\/\/candas365.es\/noticias\/obras-en-el-camino-real-de-la-iglesia\/#authorImage","url":"https:\/\/secure.gravatar.com\/avatar\/496a8e03d0c493ede1718b7934145dbdf8d89be1036b0eec9544e1094c9de390?s=96&d=mm&r=g","width":96,"height":96,"caption":"Cand\u00e1s 365"},"sameAs":["https:\/\/www.facebook.com\/carrenoactualidad","https:\/\/twitter.com\/nbasturias","https:\/\/www.instagram.com\/nachofdezber\/","https:\/\/www.youtube.com\/channel\/UCZP-2wLEB9Rv6erhFmqVnvg"]},{"@type":"WebPage","@id":"https:\/\/candas365.es\/noticias\/obras-en-el-camino-real-de-la-iglesia\/#webpage","url":"https:\/\/candas365.es\/noticias\/obras-en-el-camino-real-de-la-iglesia\/","name":"Obras en el Camino Real de la Iglesia | Cand\u00e1s 365","description":"Dentro de las actuaciones previstas en el Plan Integral de la Zona Rural, se han adjudicado las obras de mejora de una parte del camino C-853, conocido como Camino Real de la Iglesia, de titularidad municipal en el barrio del Montico en la parroquia de Amb\u00e1s. \u201cEn el marco de los proyectos con cargo al","inLanguage":"es-ES","isPartOf":{"@id":"https:\/\/candas365.es\/noticias\/#website"},"breadcrumb":{"@id":"https:\/\/candas365.es\/noticias\/obras-en-el-camino-real-de-la-iglesia\/#breadcrumblist"},"author":{"@id":"https:\/\/candas365.es\/noticias\/author\/admin\/#author"},"creator":{"@id":"https:\/\/candas365.es\/noticias\/author\/admin\/#author"},"image":{"@type":"ImageObject","url":"https:\/\/candas365.es\/noticias\/wp-content\/uploads\/2020\/05\/obras-Ambas.jpg","@id":"https:\/\/candas365.es\/noticias\/obras-en-el-camino-real-de-la-iglesia\/#mainImage","width":939,"height":746},"primaryImageOfPage":{"@id":"https:\/\/candas365.es\/noticias\/obras-en-el-camino-real-de-la-iglesia\/#mainImage"},"datePublished":"2020-04-24T14:11:57+02:00","dateModified":"2020-05-12T14:30:31+02:00"},{"@type":"WebSite","@id":"https:\/\/candas365.es\/noticias\/#website","url":"https:\/\/candas365.es\/noticias\/","name":"Cand\u00e1s 365","alternateName":"Cand\u00e1s 365 Noticias","description":"Actualidad desde Carre\u00f1o para el mundo","inLanguage":"es-ES","publisher":{"@id":"https:\/\/candas365.es\/noticias\/#organization"}}]},"og:locale":"es_ES","og:site_name":"Cand\u00e1s 365","og:type":"article","og:title":"Obras en el Camino Real de la Iglesia | Cand\u00e1s 365","og:description":"Dentro de las actuaciones previstas en el Plan Integral de la Zona Rural, se han adjudicado las obras de mejora de una parte del camino C-853, conocido como Camino Real de la Iglesia, de titularidad municipal en el barrio del Montico en la parroquia de Amb\u00e1s. \u201cEn el marco de los proyectos con cargo al","og:url":"https:\/\/candas365.es\/noticias\/obras-en-el-camino-real-de-la-iglesia\/","og:image":"https:\/\/candas365.es\/noticias\/wp-content\/uploads\/2020\/05\/obras-Ambas.jpg","og:image:secure_url":"https:\/\/candas365.es\/noticias\/wp-content\/uploads\/2020\/05\/obras-Ambas.jpg","og:image:width":939,"og:image:height":746,"article:published_time":"2020-04-24T14:11:57+00:00","article:modified_time":"2020-05-12T14:30:31+00:00","article:publisher":"https:\/\/www.facebook.com\/Nachofdezber","article:author":"https:\/\/www.facebook.com\/carrenoactualidad","twitter:card":"summary_large_image","twitter:site":"@NabercoDigital","twitter:title":"Obras en el Camino Real de la Iglesia | Cand\u00e1s 365","twitter:description":"Dentro de las actuaciones previstas en el Plan Integral de la Zona Rural, se han adjudicado las obras de mejora de una parte del camino C-853, conocido como Camino Real de la Iglesia, de titularidad municipal en el barrio del Montico en la parroquia de Amb\u00e1s. \u201cEn el marco de los proyectos con cargo al","twitter:creator":"@nbasturias","twitter:image":"https:\/\/candas365.es\/noticias\/wp-content\/uploads\/2020\/05\/obras-Ambas.jpg","twitter:label1":"Escrito por","twitter:data1":"Cand\u00e1s 365","twitter:label2":"Tiempo de lectura estimado","twitter:data2":"2 minutos"},"aioseo_meta_data":{"post_id":"142052","title":null,"description":null,"keywords":null,"keyphrases":null,"primary_term":null,"canonical_url":null,"og_title":null,"og_description":null,"og_object_type":"default","og_image_type":"default","og_image_url":null,"og_image_width":null,"og_image_height":null,"og_image_custom_url":null,"og_image_custom_fields":null,"og_video":null,"og_custom_url":null,"og_article_section":null,"og_article_tags":null,"twitter_use_og":false,"twitter_card":"default","twitter_image_type":"default","twitter_image_url":null,"twitter_image_custom_url":null,"twitter_image_custom_fields":null,"twitter_title":null,"twitter_description":null,"schema":{"blockGraphs":[],"customGraphs":[],"default":{"data":{"Article":[],"Course":[],"Dataset":[],"FAQPage":[],"Movie":[],"Person":[],"Product":[],"ProductReview":[],"Car":[],"Recipe":[],"Service":[],"SoftwareApplication":[],"WebPage":[]},"graphName":"","isEnabled":true},"graphs":[],"defaultGraph":"","defaultPostTypeGraph":""},"schema_type":null,"schema_type_options":null,"pillar_content":false,"robots_default":true,"robots_noindex":false,"robots_noarchive":false,"robots_nosnippet":false,"robots_nofollow":false,"robots_noimageindex":false,"robots_noodp":false,"robots_notranslate":false,"robots_max_snippet":null,"robots_max_videopreview":null,"robots_max_imagepreview":"large","priority":null,"frequency":null,"location":null,"local_seo":null,"seo_analyzer_scan_date":"2025-08-31 04:00:07","breadcrumb_settings":null,"limit_modified_date":false,"reviewed_by":null,"open_ai":null,"ai":null,"created":"2020-12-21 10:42:32","updated":"2025-08-31 04:00:07"},"aioseo_breadcrumb":"<div class=\"aioseo-breadcrumbs\"><span class=\"aioseo-breadcrumb\">\n\t<a href=\"https:\/\/candas365.es\/noticias\" title=\"Home\">Home<\/a>\n<\/span><span class=\"aioseo-breadcrumb-separator\">&ndash;<\/span><span class=\"aioseo-breadcrumb\">\n\t<a href=\"https:\/\/candas365.es\/noticias\/category\/noticias-carreno\/\" title=\"Noticias Carre\u00f1o\">Noticias Carre\u00f1o<\/a>\n<\/span><span class=\"aioseo-breadcrumb-separator\">&ndash;<\/span><span class=\"aioseo-breadcrumb\">\n\tObras en el Camino Real de la Iglesia\n<\/span><\/div>","aioseo_breadcrumb_json":[{"label":"Home","link":"https:\/\/candas365.es\/noticias"},{"label":"Noticias Carre\u00f1o","link":"https:\/\/candas365.es\/noticias\/category\/noticias-carreno\/"},{"label":"Obras en el Camino Real de la Iglesia","link":"https:\/\/candas365.es\/noticias\/obras-en-el-camino-real-de-la-iglesia\/"}],"_links":{"self":[{"href":"https:\/\/candas365.es\/noticias\/wp-json\/wp\/v2\/posts\/142052","targetHints":{"allow":["GET"]}}],"collection":[{"href":"https:\/\/candas365.es\/noticias\/wp-json\/wp\/v2\/posts"}],"about":[{"href":"https:\/\/candas365.es\/noticias\/wp-json\/wp\/v2\/types\/post"}],"author":[{"embeddable":true,"href":"https:\/\/candas365.es\/noticias\/wp-json\/wp\/v2\/users\/1"}],"replies":[{"embeddable":true,"href":"https:\/\/candas365.es\/noticias\/wp-json\/wp\/v2\/comments?post=142052"}],"version-history":[{"count":0,"href":"https:\/\/candas365.es\/noticias\/wp-json\/wp\/v2\/posts\/142052\/revisions"}],"wp:featuredmedia":[{"embeddable":true,"href":"https:\/\/candas365.es\/noticias\/wp-json\/wp\/v2\/media\/142053"}],"wp:attachment":[{"href":"https:\/\/candas365.es\/noticias\/wp-json\/wp\/v2\/media?parent=142052"}],"wp:term":[{"taxonomy":"category","embeddable":true,"href":"https:\/\/candas365.es\/noticias\/wp-json\/wp\/v2\/categories?post=142052"},{"taxonomy":"post_tag","embeddable":true,"href":"https:\/\/candas365.es\/noticias\/wp-json\/wp\/v2\/tags?post=142052"}],"curies":[{"name":"wp","href":"https:\/\/api.w.org\/{rel}","templated":true}]}}