{"id":141792,"date":"2020-05-05T13:21:29","date_gmt":"2020-05-05T13:21:29","guid":{"rendered":"http:\/\/candas365.es\/noticias\/?p=141792"},"modified":"2020-05-05T13:21:29","modified_gmt":"2020-05-05T13:21:29","slug":"el-tiempo-martes-5-de-mayo-de-2020","status":"publish","type":"post","link":"https:\/\/candas365.es\/noticias\/el-tiempo-martes-5-de-mayo-de-2020\/","title":{"rendered":"El tiempo, martes 5 de mayo de 2020"},"content":{"rendered":"<p><img fetchpriority=\"high\" decoding=\"async\" class=\"alignleft size-medium wp-image-97639\" src=\"https:\/\/candas365.es\/noticias\/wp-content\/uploads\/2018\/06\/candas365-sanantonio2018-360x257.jpg\" alt=\"\" width=\"360\" height=\"257\" srcset=\"https:\/\/candas365.es\/noticias\/wp-content\/uploads\/2018\/06\/candas365-sanantonio2018-360x257.jpg 360w, https:\/\/candas365.es\/noticias\/wp-content\/uploads\/2018\/06\/candas365-sanantonio2018-768x548.jpg 768w, https:\/\/candas365.es\/noticias\/wp-content\/uploads\/2018\/06\/candas365-sanantonio2018-655x467.jpg 655w, https:\/\/candas365.es\/noticias\/wp-content\/uploads\/2018\/06\/candas365-sanantonio2018-100x70.jpg 100w, https:\/\/candas365.es\/noticias\/wp-content\/uploads\/2018\/06\/candas365-sanantonio2018-696x497.jpg 696w, https:\/\/candas365.es\/noticias\/wp-content\/uploads\/2018\/06\/candas365-sanantonio2018-589x420.jpg 589w, https:\/\/candas365.es\/noticias\/wp-content\/uploads\/2018\/06\/candas365-sanantonio2018.jpg 908w\" sizes=\"(max-width: 360px) 100vw, 360px\" \/>En el oeste de Galicia, nuboso con precipitaciones. Predominio de poco nuboso o con intervalos de nubes altas en el resto del pa\u00eds, aunque se formar\u00e1 nubosidad de evoluci\u00f3n diurna en el cuadrante noroeste peninsular, Pirineos, sistema Ib\u00e9rico y sierras del sureste que podr\u00eda dejar chubascos dispersos por la tarde en el extremo noroeste y en zonas de monta\u00f1a. Adem\u00e1s, a primeras horas habr\u00e1 intervalos de nubes bajas en valles del interior oeste peninsular y alto Ebro, sin descartarse la formaci\u00f3n de alg\u00fan banco de niebla matinal. Se espera calima poco importante en el este peninsular y en Baleares, seg\u00fan AEMET<\/p>\n<p>Las temperaturas m\u00e1ximas suben en el \u00e1rea mediterr\u00e1nea, donde se mantienen en valores altos para mayo, pero bajan en el resto de la Pen\u00ednsula, de forma notable en el Cant\u00e1brico, la Meseta y puntos de Andaluc\u00eda, volviendo a sus valores habituales. Las m\u00ednimas bajan claramente en el interior oeste peninsular. Pocos cambios t\u00e9rmicos en Canarias.<\/p>\n<p>Intervalos de viento fuerte del suroeste en el litoral gallego. Vientos flojos de direcci\u00f3n variable en el cuadrante noreste peninsular y en el Cant\u00e1brico. En el resto de la Pen\u00ednsula ser\u00e1n flojos de componente oeste, algo m\u00e1s intensos en el Estrecho y Albor\u00e1n. Alisios en Canarias.<\/p>\n","protected":false},"excerpt":{"rendered":"<p>En el oeste de Galicia, nuboso con precipitaciones. Predominio de poco nuboso o con intervalos de nubes altas en el resto del pa\u00eds, aunque se formar\u00e1 nubosidad de evoluci\u00f3n diurna en el cuadrante noroeste peninsular, Pirineos, sistema Ib\u00e9rico y sierras del sureste que podr\u00eda dejar chubascos dispersos por la tarde en el extremo noroeste y<\/p>\n","protected":false},"author":1,"featured_media":97639,"comment_status":"closed","ping_status":"closed","sticky":false,"template":"","format":"standard","meta":{"footnotes":""},"categories":[358],"tags":[],"class_list":{"0":"post-141792","1":"post","2":"type-post","3":"status-publish","4":"format-standard","5":"has-post-thumbnail","7":"category-el-tiempo"},"aioseo_notices":[],"aioseo_head":"\n\t\t<!-- All in One SEO Pro 4.9.6.2 - aioseo.com -->\n\t<meta name=\"description\" content=\"En el oeste de Galicia, nuboso con precipitaciones. Predominio de poco nuboso o con intervalos de nubes altas en el resto del pa\u00eds, aunque se formar\u00e1 nubosidad de evoluci\u00f3n diurna en el cuadrante noroeste peninsular, Pirineos, sistema Ib\u00e9rico y sierras del sureste que podr\u00eda dejar chubascos dispersos por la tarde en el extremo noroeste y\" \/>\n\t<meta name=\"robots\" content=\"max-image-preview:large\" \/>\n\t<meta name=\"author\" content=\"Cand\u00e1s 365\"\/>\n\t<meta name=\"google-site-verification\" content=\"UA-32230408-1\" \/>\n\t<meta name=\"msvalidate.01\" content=\"354F3CDFB2DA171B47FBE9ABF1F88D5\" \/>\n\t<meta name=\"keywords\" content=\"el tiempo\" \/>\n\t<link rel=\"canonical\" href=\"https:\/\/candas365.es\/noticias\/el-tiempo-martes-5-de-mayo-de-2020\/\" \/>\n\t<meta name=\"generator\" content=\"All in One SEO Pro (AIOSEO) 4.9.6.2\" \/>\n\t\t<meta property=\"og:locale\" content=\"es_ES\" \/>\n\t\t<meta property=\"og:site_name\" content=\"Cand\u00e1s 365\" \/>\n\t\t<meta property=\"og:type\" content=\"article\" \/>\n\t\t<meta property=\"og:title\" content=\"El tiempo, martes 5 de mayo de 2020 | Cand\u00e1s 365\" \/>\n\t\t<meta property=\"og:description\" content=\"En el oeste de Galicia, nuboso con precipitaciones. Predominio de poco nuboso o con intervalos de nubes altas en el resto del pa\u00eds, aunque se formar\u00e1 nubosidad de evoluci\u00f3n diurna en el cuadrante noroeste peninsular, Pirineos, sistema Ib\u00e9rico y sierras del sureste que podr\u00eda dejar chubascos dispersos por la tarde en el extremo noroeste y\" \/>\n\t\t<meta property=\"og:url\" content=\"https:\/\/candas365.es\/noticias\/el-tiempo-martes-5-de-mayo-de-2020\/\" \/>\n\t\t<meta property=\"og:image\" content=\"https:\/\/candas365.es\/noticias\/wp-content\/uploads\/2018\/06\/candas365-sanantonio2018.jpg\" \/>\n\t\t<meta property=\"og:image:secure_url\" content=\"https:\/\/candas365.es\/noticias\/wp-content\/uploads\/2018\/06\/candas365-sanantonio2018.jpg\" \/>\n\t\t<meta property=\"og:image:width\" content=\"908\" \/>\n\t\t<meta property=\"og:image:height\" content=\"648\" \/>\n\t\t<meta property=\"article:published_time\" content=\"2020-05-05T13:21:29+00:00\" \/>\n\t\t<meta property=\"article:modified_time\" content=\"2020-05-05T13:21:29+00:00\" \/>\n\t\t<meta property=\"article:publisher\" content=\"https:\/\/www.facebook.com\/Nachofdezber\" \/>\n\t\t<meta property=\"article:author\" content=\"https:\/\/www.facebook.com\/carrenoactualidad\" \/>\n\t\t<meta name=\"twitter:card\" content=\"summary_large_image\" \/>\n\t\t<meta name=\"twitter:site\" content=\"@NabercoDigital\" \/>\n\t\t<meta name=\"twitter:title\" content=\"El tiempo, martes 5 de mayo de 2020 | Cand\u00e1s 365\" \/>\n\t\t<meta name=\"twitter:description\" content=\"En el oeste de Galicia, nuboso con precipitaciones. Predominio de poco nuboso o con intervalos de nubes altas en el resto del pa\u00eds, aunque se formar\u00e1 nubosidad de evoluci\u00f3n diurna en el cuadrante noroeste peninsular, Pirineos, sistema Ib\u00e9rico y sierras del sureste que podr\u00eda dejar chubascos dispersos por la tarde en el extremo noroeste y\" \/>\n\t\t<meta name=\"twitter:creator\" content=\"@nbasturias\" \/>\n\t\t<meta name=\"twitter:image\" content=\"https:\/\/candas365.es\/noticias\/wp-content\/uploads\/2018\/06\/candas365-sanantonio2018.jpg\" \/>\n\t\t<meta name=\"twitter:label1\" content=\"Escrito por\" \/>\n\t\t<meta name=\"twitter:data1\" content=\"Cand\u00e1s 365\" \/>\n\t\t<meta name=\"twitter:label2\" content=\"Tiempo de lectura estimado\" \/>\n\t\t<meta name=\"twitter:data2\" content=\"1 minuto\" \/>\n\t\t<script type=\"application\/ld+json\" class=\"aioseo-schema\">\n\t\t\t{\"@context\":\"https:\\\/\\\/schema.org\",\"@graph\":[{\"@type\":\"BreadcrumbList\",\"@id\":\"https:\\\/\\\/candas365.es\\\/noticias\\\/el-tiempo-martes-5-de-mayo-de-2020\\\/#breadcrumblist\",\"itemListElement\":[{\"@type\":\"ListItem\",\"@id\":\"https:\\\/\\\/candas365.es\\\/noticias#listItem\",\"position\":1,\"name\":\"Home\",\"item\":\"https:\\\/\\\/candas365.es\\\/noticias\",\"nextItem\":{\"@type\":\"ListItem\",\"@id\":\"https:\\\/\\\/candas365.es\\\/noticias\\\/category\\\/el-tiempo\\\/#listItem\",\"name\":\"El tiempo\"}},{\"@type\":\"ListItem\",\"@id\":\"https:\\\/\\\/candas365.es\\\/noticias\\\/category\\\/el-tiempo\\\/#listItem\",\"position\":2,\"name\":\"El tiempo\",\"item\":\"https:\\\/\\\/candas365.es\\\/noticias\\\/category\\\/el-tiempo\\\/\",\"nextItem\":{\"@type\":\"ListItem\",\"@id\":\"https:\\\/\\\/candas365.es\\\/noticias\\\/el-tiempo-martes-5-de-mayo-de-2020\\\/#listItem\",\"name\":\"El tiempo, martes 5 de mayo de 2020\"},\"previousItem\":{\"@type\":\"ListItem\",\"@id\":\"https:\\\/\\\/candas365.es\\\/noticias#listItem\",\"name\":\"Home\"}},{\"@type\":\"ListItem\",\"@id\":\"https:\\\/\\\/candas365.es\\\/noticias\\\/el-tiempo-martes-5-de-mayo-de-2020\\\/#listItem\",\"position\":3,\"name\":\"El tiempo, martes 5 de mayo de 2020\",\"previousItem\":{\"@type\":\"ListItem\",\"@id\":\"https:\\\/\\\/candas365.es\\\/noticias\\\/category\\\/el-tiempo\\\/#listItem\",\"name\":\"El tiempo\"}}]},{\"@type\":\"NewsArticle\",\"@id\":\"https:\\\/\\\/candas365.es\\\/noticias\\\/el-tiempo-martes-5-de-mayo-de-2020\\\/#newsarticle\",\"name\":\"El tiempo, martes 5 de mayo de 2020 | Cand\\u00e1s 365\",\"headline\":\"El tiempo, martes 5 de mayo de 2020\",\"author\":{\"@id\":\"https:\\\/\\\/candas365.es\\\/noticias\\\/author\\\/admin\\\/#author\"},\"publisher\":{\"@id\":\"https:\\\/\\\/candas365.es\\\/noticias\\\/#organization\"},\"image\":{\"@type\":\"ImageObject\",\"url\":\"https:\\\/\\\/candas365.es\\\/noticias\\\/wp-content\\\/uploads\\\/2018\\\/06\\\/candas365-sanantonio2018.jpg\",\"width\":908,\"height\":648,\"caption\":\"Cand\\u00e1s\"},\"datePublished\":\"2020-05-05T13:21:29+02:00\",\"dateModified\":\"2020-05-05T13:21:29+02:00\",\"inLanguage\":\"es-ES\",\"mainEntityOfPage\":{\"@id\":\"https:\\\/\\\/candas365.es\\\/noticias\\\/el-tiempo-martes-5-de-mayo-de-2020\\\/#webpage\"},\"isPartOf\":{\"@id\":\"https:\\\/\\\/candas365.es\\\/noticias\\\/el-tiempo-martes-5-de-mayo-de-2020\\\/#webpage\"},\"articleSection\":\"El tiempo\",\"dateline\":\"Publicado el mayo 5, 2020.\"},{\"@type\":\"Organization\",\"@id\":\"https:\\\/\\\/candas365.es\\\/noticias\\\/#organization\",\"name\":\"Cand\\u00e1s 365\",\"description\":\"Cand\\u00e1s 365 es un diario digital independiente, fundado en 2012, con base en Asturias. Informamos con rigor sobre actualidad, sociedad, cultura y ocio, con una mirada local y global.\",\"url\":\"https:\\\/\\\/candas365.es\\\/noticias\\\/\",\"email\":\"info@candas365.es\",\"telephone\":\"+34652131393\",\"foundingDate\":\"2012-06-10\",\"logo\":{\"@type\":\"ImageObject\",\"url\":\"https:\\\/\\\/candas365.es\\\/noticias\\\/wp-content\\\/uploads\\\/2024\\\/09\\\/Candas-365-Redes.jpg\",\"@id\":\"https:\\\/\\\/candas365.es\\\/noticias\\\/el-tiempo-martes-5-de-mayo-de-2020\\\/#organizationLogo\",\"width\":1152,\"height\":864,\"caption\":\"Cand\\u00e1s 365 Redes\"},\"image\":{\"@id\":\"https:\\\/\\\/candas365.es\\\/noticias\\\/el-tiempo-martes-5-de-mayo-de-2020\\\/#organizationLogo\"},\"sameAs\":[\"https:\\\/\\\/www.facebook.com\\\/Nachofdezber\",\"https:\\\/\\\/x.com\\\/NabercoDigital\",\"https:\\\/\\\/www.instagram.com\\\/nachofdezber\\\/\",\"https:\\\/\\\/www.youtube.com\\\/channel\\\/UCZP-2wLEB9Rv6erhFmqVnvg\"],\"address\":{\"@id\":\"https:\\\/\\\/candas365.es\\\/noticias\\\/#postaladdress\",\"@type\":\"PostalAddress\",\"streetAddress\":\"san antonio 4, san antonio 4\",\"postalCode\":\"33430\",\"addressLocality\":\"Cand\\u00e1s\",\"addressRegion\":\"Asturias\",\"addressCountry\":\"ES\"}},{\"@type\":\"Person\",\"@id\":\"https:\\\/\\\/candas365.es\\\/noticias\\\/author\\\/admin\\\/#author\",\"url\":\"https:\\\/\\\/candas365.es\\\/noticias\\\/author\\\/admin\\\/\",\"name\":\"Cand\\u00e1s 365\",\"image\":{\"@type\":\"ImageObject\",\"@id\":\"https:\\\/\\\/candas365.es\\\/noticias\\\/el-tiempo-martes-5-de-mayo-de-2020\\\/#authorImage\",\"url\":\"https:\\\/\\\/secure.gravatar.com\\\/avatar\\\/496a8e03d0c493ede1718b7934145dbdf8d89be1036b0eec9544e1094c9de390?s=96&d=mm&r=g\",\"width\":96,\"height\":96,\"caption\":\"Cand\\u00e1s 365\"},\"sameAs\":[\"https:\\\/\\\/www.facebook.com\\\/carrenoactualidad\",\"https:\\\/\\\/twitter.com\\\/nbasturias\",\"https:\\\/\\\/www.instagram.com\\\/nachofdezber\\\/\",\"https:\\\/\\\/www.youtube.com\\\/channel\\\/UCZP-2wLEB9Rv6erhFmqVnvg\"]},{\"@type\":\"WebPage\",\"@id\":\"https:\\\/\\\/candas365.es\\\/noticias\\\/el-tiempo-martes-5-de-mayo-de-2020\\\/#webpage\",\"url\":\"https:\\\/\\\/candas365.es\\\/noticias\\\/el-tiempo-martes-5-de-mayo-de-2020\\\/\",\"name\":\"El tiempo, martes 5 de mayo de 2020 | Cand\\u00e1s 365\",\"description\":\"En el oeste de Galicia, nuboso con precipitaciones. Predominio de poco nuboso o con intervalos de nubes altas en el resto del pa\\u00eds, aunque se formar\\u00e1 nubosidad de evoluci\\u00f3n diurna en el cuadrante noroeste peninsular, Pirineos, sistema Ib\\u00e9rico y sierras del sureste que podr\\u00eda dejar chubascos dispersos por la tarde en el extremo noroeste y\",\"inLanguage\":\"es-ES\",\"isPartOf\":{\"@id\":\"https:\\\/\\\/candas365.es\\\/noticias\\\/#website\"},\"breadcrumb\":{\"@id\":\"https:\\\/\\\/candas365.es\\\/noticias\\\/el-tiempo-martes-5-de-mayo-de-2020\\\/#breadcrumblist\"},\"author\":{\"@id\":\"https:\\\/\\\/candas365.es\\\/noticias\\\/author\\\/admin\\\/#author\"},\"creator\":{\"@id\":\"https:\\\/\\\/candas365.es\\\/noticias\\\/author\\\/admin\\\/#author\"},\"image\":{\"@type\":\"ImageObject\",\"url\":\"https:\\\/\\\/candas365.es\\\/noticias\\\/wp-content\\\/uploads\\\/2018\\\/06\\\/candas365-sanantonio2018.jpg\",\"@id\":\"https:\\\/\\\/candas365.es\\\/noticias\\\/el-tiempo-martes-5-de-mayo-de-2020\\\/#mainImage\",\"width\":908,\"height\":648,\"caption\":\"Cand\\u00e1s\"},\"primaryImageOfPage\":{\"@id\":\"https:\\\/\\\/candas365.es\\\/noticias\\\/el-tiempo-martes-5-de-mayo-de-2020\\\/#mainImage\"},\"datePublished\":\"2020-05-05T13:21:29+02:00\",\"dateModified\":\"2020-05-05T13:21:29+02:00\"},{\"@type\":\"WebSite\",\"@id\":\"https:\\\/\\\/candas365.es\\\/noticias\\\/#website\",\"url\":\"https:\\\/\\\/candas365.es\\\/noticias\\\/\",\"name\":\"Cand\\u00e1s 365\",\"alternateName\":\"Cand\\u00e1s 365 Noticias\",\"description\":\"Actualidad desde Carre\\u00f1o para el mundo\",\"inLanguage\":\"es-ES\",\"publisher\":{\"@id\":\"https:\\\/\\\/candas365.es\\\/noticias\\\/#organization\"}}]}\n\t\t<\/script>\n\t\t<!-- All in One SEO Pro -->\r\n\t\t<title>El tiempo, martes 5 de mayo de 2020 | Cand\u00e1s 365<\/title>\n\n","aioseo_head_json":{"title":"El tiempo, martes 5 de mayo de 2020 | Cand\u00e1s 365","description":"En el oeste de Galicia, nuboso con precipitaciones. Predominio de poco nuboso o con intervalos de nubes altas en el resto del pa\u00eds, aunque se formar\u00e1 nubosidad de evoluci\u00f3n diurna en el cuadrante noroeste peninsular, Pirineos, sistema Ib\u00e9rico y sierras del sureste que podr\u00eda dejar chubascos dispersos por la tarde en el extremo noroeste y","canonical_url":"https:\/\/candas365.es\/noticias\/el-tiempo-martes-5-de-mayo-de-2020\/","robots":"max-image-preview:large","keywords":"el tiempo","webmasterTools":{"google-site-verification":"UA-32230408-1","msvalidate.01":"354F3CDFB2DA171B47FBE9ABF1F88D5","miscellaneous":""},"schema":{"@context":"https:\/\/schema.org","@graph":[{"@type":"BreadcrumbList","@id":"https:\/\/candas365.es\/noticias\/el-tiempo-martes-5-de-mayo-de-2020\/#breadcrumblist","itemListElement":[{"@type":"ListItem","@id":"https:\/\/candas365.es\/noticias#listItem","position":1,"name":"Home","item":"https:\/\/candas365.es\/noticias","nextItem":{"@type":"ListItem","@id":"https:\/\/candas365.es\/noticias\/category\/el-tiempo\/#listItem","name":"El tiempo"}},{"@type":"ListItem","@id":"https:\/\/candas365.es\/noticias\/category\/el-tiempo\/#listItem","position":2,"name":"El tiempo","item":"https:\/\/candas365.es\/noticias\/category\/el-tiempo\/","nextItem":{"@type":"ListItem","@id":"https:\/\/candas365.es\/noticias\/el-tiempo-martes-5-de-mayo-de-2020\/#listItem","name":"El tiempo, martes 5 de mayo de 2020"},"previousItem":{"@type":"ListItem","@id":"https:\/\/candas365.es\/noticias#listItem","name":"Home"}},{"@type":"ListItem","@id":"https:\/\/candas365.es\/noticias\/el-tiempo-martes-5-de-mayo-de-2020\/#listItem","position":3,"name":"El tiempo, martes 5 de mayo de 2020","previousItem":{"@type":"ListItem","@id":"https:\/\/candas365.es\/noticias\/category\/el-tiempo\/#listItem","name":"El tiempo"}}]},{"@type":"NewsArticle","@id":"https:\/\/candas365.es\/noticias\/el-tiempo-martes-5-de-mayo-de-2020\/#newsarticle","name":"El tiempo, martes 5 de mayo de 2020 | Cand\u00e1s 365","headline":"El tiempo, martes 5 de mayo de 2020","author":{"@id":"https:\/\/candas365.es\/noticias\/author\/admin\/#author"},"publisher":{"@id":"https:\/\/candas365.es\/noticias\/#organization"},"image":{"@type":"ImageObject","url":"https:\/\/candas365.es\/noticias\/wp-content\/uploads\/2018\/06\/candas365-sanantonio2018.jpg","width":908,"height":648,"caption":"Cand\u00e1s"},"datePublished":"2020-05-05T13:21:29+02:00","dateModified":"2020-05-05T13:21:29+02:00","inLanguage":"es-ES","mainEntityOfPage":{"@id":"https:\/\/candas365.es\/noticias\/el-tiempo-martes-5-de-mayo-de-2020\/#webpage"},"isPartOf":{"@id":"https:\/\/candas365.es\/noticias\/el-tiempo-martes-5-de-mayo-de-2020\/#webpage"},"articleSection":"El tiempo","dateline":"Publicado el mayo 5, 2020."},{"@type":"Organization","@id":"https:\/\/candas365.es\/noticias\/#organization","name":"Cand\u00e1s 365","description":"Cand\u00e1s 365 es un diario digital independiente, fundado en 2012, con base en Asturias. Informamos con rigor sobre actualidad, sociedad, cultura y ocio, con una mirada local y global.","url":"https:\/\/candas365.es\/noticias\/","email":"info@candas365.es","telephone":"+34652131393","foundingDate":"2012-06-10","logo":{"@type":"ImageObject","url":"https:\/\/candas365.es\/noticias\/wp-content\/uploads\/2024\/09\/Candas-365-Redes.jpg","@id":"https:\/\/candas365.es\/noticias\/el-tiempo-martes-5-de-mayo-de-2020\/#organizationLogo","width":1152,"height":864,"caption":"Cand\u00e1s 365 Redes"},"image":{"@id":"https:\/\/candas365.es\/noticias\/el-tiempo-martes-5-de-mayo-de-2020\/#organizationLogo"},"sameAs":["https:\/\/www.facebook.com\/Nachofdezber","https:\/\/x.com\/NabercoDigital","https:\/\/www.instagram.com\/nachofdezber\/","https:\/\/www.youtube.com\/channel\/UCZP-2wLEB9Rv6erhFmqVnvg"],"address":{"@id":"https:\/\/candas365.es\/noticias\/#postaladdress","@type":"PostalAddress","streetAddress":"san antonio 4, san antonio 4","postalCode":"33430","addressLocality":"Cand\u00e1s","addressRegion":"Asturias","addressCountry":"ES"}},{"@type":"Person","@id":"https:\/\/candas365.es\/noticias\/author\/admin\/#author","url":"https:\/\/candas365.es\/noticias\/author\/admin\/","name":"Cand\u00e1s 365","image":{"@type":"ImageObject","@id":"https:\/\/candas365.es\/noticias\/el-tiempo-martes-5-de-mayo-de-2020\/#authorImage","url":"https:\/\/secure.gravatar.com\/avatar\/496a8e03d0c493ede1718b7934145dbdf8d89be1036b0eec9544e1094c9de390?s=96&d=mm&r=g","width":96,"height":96,"caption":"Cand\u00e1s 365"},"sameAs":["https:\/\/www.facebook.com\/carrenoactualidad","https:\/\/twitter.com\/nbasturias","https:\/\/www.instagram.com\/nachofdezber\/","https:\/\/www.youtube.com\/channel\/UCZP-2wLEB9Rv6erhFmqVnvg"]},{"@type":"WebPage","@id":"https:\/\/candas365.es\/noticias\/el-tiempo-martes-5-de-mayo-de-2020\/#webpage","url":"https:\/\/candas365.es\/noticias\/el-tiempo-martes-5-de-mayo-de-2020\/","name":"El tiempo, martes 5 de mayo de 2020 | Cand\u00e1s 365","description":"En el oeste de Galicia, nuboso con precipitaciones. Predominio de poco nuboso o con intervalos de nubes altas en el resto del pa\u00eds, aunque se formar\u00e1 nubosidad de evoluci\u00f3n diurna en el cuadrante noroeste peninsular, Pirineos, sistema Ib\u00e9rico y sierras del sureste que podr\u00eda dejar chubascos dispersos por la tarde en el extremo noroeste y","inLanguage":"es-ES","isPartOf":{"@id":"https:\/\/candas365.es\/noticias\/#website"},"breadcrumb":{"@id":"https:\/\/candas365.es\/noticias\/el-tiempo-martes-5-de-mayo-de-2020\/#breadcrumblist"},"author":{"@id":"https:\/\/candas365.es\/noticias\/author\/admin\/#author"},"creator":{"@id":"https:\/\/candas365.es\/noticias\/author\/admin\/#author"},"image":{"@type":"ImageObject","url":"https:\/\/candas365.es\/noticias\/wp-content\/uploads\/2018\/06\/candas365-sanantonio2018.jpg","@id":"https:\/\/candas365.es\/noticias\/el-tiempo-martes-5-de-mayo-de-2020\/#mainImage","width":908,"height":648,"caption":"Cand\u00e1s"},"primaryImageOfPage":{"@id":"https:\/\/candas365.es\/noticias\/el-tiempo-martes-5-de-mayo-de-2020\/#mainImage"},"datePublished":"2020-05-05T13:21:29+02:00","dateModified":"2020-05-05T13:21:29+02:00"},{"@type":"WebSite","@id":"https:\/\/candas365.es\/noticias\/#website","url":"https:\/\/candas365.es\/noticias\/","name":"Cand\u00e1s 365","alternateName":"Cand\u00e1s 365 Noticias","description":"Actualidad desde Carre\u00f1o para el mundo","inLanguage":"es-ES","publisher":{"@id":"https:\/\/candas365.es\/noticias\/#organization"}}]},"og:locale":"es_ES","og:site_name":"Cand\u00e1s 365","og:type":"article","og:title":"El tiempo, martes 5 de mayo de 2020 | Cand\u00e1s 365","og:description":"En el oeste de Galicia, nuboso con precipitaciones. Predominio de poco nuboso o con intervalos de nubes altas en el resto del pa\u00eds, aunque se formar\u00e1 nubosidad de evoluci\u00f3n diurna en el cuadrante noroeste peninsular, Pirineos, sistema Ib\u00e9rico y sierras del sureste que podr\u00eda dejar chubascos dispersos por la tarde en el extremo noroeste y","og:url":"https:\/\/candas365.es\/noticias\/el-tiempo-martes-5-de-mayo-de-2020\/","og:image":"https:\/\/candas365.es\/noticias\/wp-content\/uploads\/2018\/06\/candas365-sanantonio2018.jpg","og:image:secure_url":"https:\/\/candas365.es\/noticias\/wp-content\/uploads\/2018\/06\/candas365-sanantonio2018.jpg","og:image:width":908,"og:image:height":648,"article:published_time":"2020-05-05T13:21:29+00:00","article:modified_time":"2020-05-05T13:21:29+00:00","article:publisher":"https:\/\/www.facebook.com\/Nachofdezber","article:author":"https:\/\/www.facebook.com\/carrenoactualidad","twitter:card":"summary_large_image","twitter:site":"@NabercoDigital","twitter:title":"El tiempo, martes 5 de mayo de 2020 | Cand\u00e1s 365","twitter:description":"En el oeste de Galicia, nuboso con precipitaciones. Predominio de poco nuboso o con intervalos de nubes altas en el resto del pa\u00eds, aunque se formar\u00e1 nubosidad de evoluci\u00f3n diurna en el cuadrante noroeste peninsular, Pirineos, sistema Ib\u00e9rico y sierras del sureste que podr\u00eda dejar chubascos dispersos por la tarde en el extremo noroeste y","twitter:creator":"@nbasturias","twitter:image":"https:\/\/candas365.es\/noticias\/wp-content\/uploads\/2018\/06\/candas365-sanantonio2018.jpg","twitter:label1":"Escrito por","twitter:data1":"Cand\u00e1s 365","twitter:label2":"Tiempo de lectura estimado","twitter:data2":"1 minuto"},"aioseo_meta_data":{"post_id":"141792","title":null,"description":null,"keywords":null,"keyphrases":null,"primary_term":null,"canonical_url":null,"og_title":null,"og_description":null,"og_object_type":"default","og_image_type":"default","og_image_url":null,"og_image_width":null,"og_image_height":null,"og_image_custom_url":null,"og_image_custom_fields":null,"og_video":null,"og_custom_url":null,"og_article_section":null,"og_article_tags":null,"twitter_use_og":false,"twitter_card":"default","twitter_image_type":"default","twitter_image_url":null,"twitter_image_custom_url":null,"twitter_image_custom_fields":null,"twitter_title":null,"twitter_description":null,"schema":{"blockGraphs":[],"customGraphs":[],"default":{"data":{"Article":[],"Course":[],"Dataset":[],"FAQPage":[],"Movie":[],"Person":[],"Product":[],"ProductReview":[],"Car":[],"Recipe":[],"Service":[],"SoftwareApplication":[],"WebPage":[]},"graphName":"","isEnabled":true},"graphs":[],"defaultGraph":"","defaultPostTypeGraph":""},"schema_type":null,"schema_type_options":null,"pillar_content":false,"robots_default":true,"robots_noindex":false,"robots_noarchive":false,"robots_nosnippet":false,"robots_nofollow":false,"robots_noimageindex":false,"robots_noodp":false,"robots_notranslate":false,"robots_max_snippet":null,"robots_max_videopreview":null,"robots_max_imagepreview":"large","priority":null,"frequency":null,"location":null,"local_seo":null,"seo_analyzer_scan_date":"2025-08-31 04:31:07","breadcrumb_settings":null,"limit_modified_date":false,"reviewed_by":null,"open_ai":null,"ai":null,"created":"2020-12-21 10:42:41","updated":"2025-08-31 04:31:07"},"aioseo_breadcrumb":"<div class=\"aioseo-breadcrumbs\"><span class=\"aioseo-breadcrumb\">\n\t<a href=\"https:\/\/candas365.es\/noticias\" title=\"Home\">Home<\/a>\n<\/span><span class=\"aioseo-breadcrumb-separator\">&ndash;<\/span><span class=\"aioseo-breadcrumb\">\n\t<a href=\"https:\/\/candas365.es\/noticias\/category\/el-tiempo\/\" title=\"El tiempo\">El tiempo<\/a>\n<\/span><span class=\"aioseo-breadcrumb-separator\">&ndash;<\/span><span class=\"aioseo-breadcrumb\">\n\tEl tiempo, martes 5 de mayo de 2020\n<\/span><\/div>","aioseo_breadcrumb_json":[{"label":"Home","link":"https:\/\/candas365.es\/noticias"},{"label":"El tiempo","link":"https:\/\/candas365.es\/noticias\/category\/el-tiempo\/"},{"label":"El tiempo, martes 5 de mayo de 2020","link":"https:\/\/candas365.es\/noticias\/el-tiempo-martes-5-de-mayo-de-2020\/"}],"_links":{"self":[{"href":"https:\/\/candas365.es\/noticias\/wp-json\/wp\/v2\/posts\/141792","targetHints":{"allow":["GET"]}}],"collection":[{"href":"https:\/\/candas365.es\/noticias\/wp-json\/wp\/v2\/posts"}],"about":[{"href":"https:\/\/candas365.es\/noticias\/wp-json\/wp\/v2\/types\/post"}],"author":[{"embeddable":true,"href":"https:\/\/candas365.es\/noticias\/wp-json\/wp\/v2\/users\/1"}],"replies":[{"embeddable":true,"href":"https:\/\/candas365.es\/noticias\/wp-json\/wp\/v2\/comments?post=141792"}],"version-history":[{"count":0,"href":"https:\/\/candas365.es\/noticias\/wp-json\/wp\/v2\/posts\/141792\/revisions"}],"wp:featuredmedia":[{"embeddable":true,"href":"https:\/\/candas365.es\/noticias\/wp-json\/wp\/v2\/media\/97639"}],"wp:attachment":[{"href":"https:\/\/candas365.es\/noticias\/wp-json\/wp\/v2\/media?parent=141792"}],"wp:term":[{"taxonomy":"category","embeddable":true,"href":"https:\/\/candas365.es\/noticias\/wp-json\/wp\/v2\/categories?post=141792"},{"taxonomy":"post_tag","embeddable":true,"href":"https:\/\/candas365.es\/noticias\/wp-json\/wp\/v2\/tags?post=141792"}],"curies":[{"name":"wp","href":"https:\/\/api.w.org\/{rel}","templated":true}]}}