{"id":141449,"date":"2020-04-22T14:05:36","date_gmt":"2020-04-22T14:05:36","guid":{"rendered":"http:\/\/candas365.es\/noticias\/?p=141449"},"modified":"2020-04-25T14:07:56","modified_gmt":"2020-04-25T14:07:56","slug":"obras-en-las-acometidas-de-agua-de-guimaran","status":"publish","type":"post","link":"https:\/\/candas365.es\/noticias\/obras-en-las-acometidas-de-agua-de-guimaran\/","title":{"rendered":"Obras en las acometidas de agua de Guimar\u00e1n"},"content":{"rendered":"<p><img fetchpriority=\"high\" decoding=\"async\" class=\"alignleft size-medium wp-image-141450\" src=\"https:\/\/candas365.es\/noticias\/wp-content\/uploads\/2020\/04\/obras-acometidas-360x264.jpg\" alt=\"\" width=\"360\" height=\"264\" srcset=\"https:\/\/candas365.es\/noticias\/wp-content\/uploads\/2020\/04\/obras-acometidas-360x264.jpg 360w, https:\/\/candas365.es\/noticias\/wp-content\/uploads\/2020\/04\/obras-acometidas-572x420.jpg 572w, https:\/\/candas365.es\/noticias\/wp-content\/uploads\/2020\/04\/obras-acometidas-80x60.jpg 80w, https:\/\/candas365.es\/noticias\/wp-content\/uploads\/2020\/04\/obras-acometidas.jpg 609w\" sizes=\"(max-width: 360px) 100vw, 360px\" \/>Dentro de las actuaciones previstas en el Plan de Renovaci\u00f3n y Mejora de los Abastecimientos de Agua Potable del Concejo, el Ayuntamiento de Carre\u00f1o acomete las obras necesarias para la renovaci\u00f3n de 10 acometidas en la carretera comarcal CE-6 a su paso por los barrios de El Fondo y Cespedera de Guimar\u00e1n.<\/p>\n<p>\u201cEsta actuaci\u00f3n se lleva a cabo con el objetivo de mejorar la calidad de los suministros. En la actualidad las viviendas a las que dan servicio estas acometidas, se encuentran conectadas a la red de aguas a trav\u00e9s de una tuber\u00eda que pasa por la zona norte de las mismas, a trav\u00e9s de las propiedades particulares\u201d se\u00f1al\u00f3 Manuel Noceda-Concejal Medio Rural.<\/p>\n<p>\u201cPropiedades que en muchos de los casos son parcelas agr\u00edcolas y en uso. Lo que dificulta la resoluci\u00f3n de las aver\u00edas debido a la dificultad para localizarlas, resolverlas y los da\u00f1os que se generan cuando las prader\u00edas y tierras se encuentran sembradas en \u00e9poca estival. A lo que hay que a\u00f1adir que las acometidas e instalaciones de contadores son muy antiguas y se encuentran en estado deficiente\u201d relat\u00f3 el edil.<\/p>\n<p>\u201cEn el tercio exterior del arc\u00e9n-acera de la carretera comarcal ( Ce-6) hay instalada una tuber\u00eda de di\u00e1metro 75 mm en carga, por lo que los trabajos contemplan realizar las acometidas de las viviendas a esta tuber\u00eda, de esta manera, se anular\u00eda la conexi\u00f3n que pasa por el interior de las parcelas y se sacar\u00edan los contadores al cierre de la parcela, para cumplir con la normativa vigente. Es decir, el traslado de las acometidas a la red existente en servicio, con la sustituci\u00f3n de las tuber\u00edas de pvc por polietileno de PN-10 atm\u00f3sferas de 1\u2019\u201d detall\u00f3 Noceda.<\/p>\n<p>\u201cAdem\u00e1s, con la renovaci\u00f3n de las acometidas domiciliarias con tuber\u00eda de PE 25 mm como complemento de las obras, se trasladar\u00e1n los contadores, situados habitualmente en el interior de las viviendas, a los l\u00edmites de las parcelas. Situ\u00e1ndolos en el cierre exterior de la vivienda. Se trasladar\u00e1n a m\u00f3dulos prefabricados de hormig\u00f3n de 33&#215;48 con puerta de pvc y visor metacrilato para hacer m\u00e1s f\u00e1cil su lectura\u201d prosigui\u00f3 el concejal<\/p>\n<p>\u201cDado del estado actual de alarma, las obras comenzar\u00e1n en la parte relativa a la zona de carreteras y en aquellas propiedades que no est\u00e1n en uso. Para continuar en las parcelas agr\u00edcolas. Cuando acabe esta situaci\u00f3n, se retomar\u00e1n las obras m\u00e1s complejas dentro de las propiedades privadas\u201d finaliz\u00f3 el Concejal de Medio Rural.<\/p>\n<p>Estas actuaciones se llevar\u00e1n a cabo con medios propios pertenecientes al Servicio Municipal de Obras, con un presupuesto estimado para materiales de 6.753 \u20ac, a los que hay que sumar los derivados de la mano de obra.<\/p>\n","protected":false},"excerpt":{"rendered":"<p>Dentro de las actuaciones previstas en el Plan de Renovaci\u00f3n y Mejora de los Abastecimientos de Agua Potable del Concejo, el Ayuntamiento de Carre\u00f1o acomete las obras necesarias para la renovaci\u00f3n de 10 acometidas en la carretera comarcal CE-6 a su paso por los barrios de El Fondo y Cespedera de Guimar\u00e1n. \u201cEsta actuaci\u00f3n se<\/p>\n","protected":false},"author":1,"featured_media":141450,"comment_status":"closed","ping_status":"closed","sticky":false,"template":"","format":"standard","meta":{"footnotes":""},"categories":[2],"tags":[],"class_list":{"0":"post-141449","1":"post","2":"type-post","3":"status-publish","4":"format-standard","5":"has-post-thumbnail","7":"category-noticias-carreno"},"aioseo_notices":[],"aioseo_head":"\n\t\t<!-- All in One SEO Pro 4.9.6.2 - aioseo.com -->\n\t<meta name=\"description\" content=\"Dentro de las actuaciones previstas en el Plan de Renovaci\u00f3n y Mejora de los Abastecimientos de Agua Potable del Concejo, el Ayuntamiento de Carre\u00f1o acomete las obras necesarias para la renovaci\u00f3n de 10 acometidas en la carretera comarcal CE-6 a su paso por los barrios de El Fondo y Cespedera de Guimar\u00e1n. \u201cEsta actuaci\u00f3n se\" \/>\n\t<meta name=\"robots\" content=\"max-image-preview:large\" \/>\n\t<meta name=\"author\" content=\"Cand\u00e1s 365\"\/>\n\t<meta name=\"google-site-verification\" content=\"UA-32230408-1\" \/>\n\t<meta name=\"msvalidate.01\" content=\"354F3CDFB2DA171B47FBE9ABF1F88D5\" \/>\n\t<meta name=\"keywords\" content=\"noticias carre\u00f1o\" \/>\n\t<link rel=\"canonical\" href=\"https:\/\/candas365.es\/noticias\/obras-en-las-acometidas-de-agua-de-guimaran\/\" \/>\n\t<meta name=\"generator\" content=\"All in One SEO Pro (AIOSEO) 4.9.6.2\" \/>\n\t\t<meta property=\"og:locale\" content=\"es_ES\" \/>\n\t\t<meta property=\"og:site_name\" content=\"Cand\u00e1s 365\" \/>\n\t\t<meta property=\"og:type\" content=\"article\" \/>\n\t\t<meta property=\"og:title\" content=\"Obras en las acometidas de agua de Guimar\u00e1n | Cand\u00e1s 365\" \/>\n\t\t<meta property=\"og:description\" content=\"Dentro de las actuaciones previstas en el Plan de Renovaci\u00f3n y Mejora de los Abastecimientos de Agua Potable del Concejo, el Ayuntamiento de Carre\u00f1o acomete las obras necesarias para la renovaci\u00f3n de 10 acometidas en la carretera comarcal CE-6 a su paso por los barrios de El Fondo y Cespedera de Guimar\u00e1n. \u201cEsta actuaci\u00f3n se\" \/>\n\t\t<meta property=\"og:url\" content=\"https:\/\/candas365.es\/noticias\/obras-en-las-acometidas-de-agua-de-guimaran\/\" \/>\n\t\t<meta property=\"og:image\" content=\"https:\/\/candas365.es\/noticias\/wp-content\/uploads\/2020\/04\/obras-acometidas.jpg\" \/>\n\t\t<meta property=\"og:image:secure_url\" content=\"https:\/\/candas365.es\/noticias\/wp-content\/uploads\/2020\/04\/obras-acometidas.jpg\" \/>\n\t\t<meta property=\"og:image:width\" content=\"609\" \/>\n\t\t<meta property=\"og:image:height\" content=\"447\" \/>\n\t\t<meta property=\"article:published_time\" content=\"2020-04-22T14:05:36+00:00\" \/>\n\t\t<meta property=\"article:modified_time\" content=\"2020-04-25T14:07:56+00:00\" \/>\n\t\t<meta property=\"article:publisher\" content=\"https:\/\/www.facebook.com\/Nachofdezber\" \/>\n\t\t<meta property=\"article:author\" content=\"https:\/\/www.facebook.com\/carrenoactualidad\" \/>\n\t\t<meta name=\"twitter:card\" content=\"summary_large_image\" \/>\n\t\t<meta name=\"twitter:site\" content=\"@NabercoDigital\" \/>\n\t\t<meta name=\"twitter:title\" content=\"Obras en las acometidas de agua de Guimar\u00e1n | Cand\u00e1s 365\" \/>\n\t\t<meta name=\"twitter:description\" content=\"Dentro de las actuaciones previstas en el Plan de Renovaci\u00f3n y Mejora de los Abastecimientos de Agua Potable del Concejo, el Ayuntamiento de Carre\u00f1o acomete las obras necesarias para la renovaci\u00f3n de 10 acometidas en la carretera comarcal CE-6 a su paso por los barrios de El Fondo y Cespedera de Guimar\u00e1n. \u201cEsta actuaci\u00f3n se\" \/>\n\t\t<meta name=\"twitter:creator\" content=\"@nbasturias\" \/>\n\t\t<meta name=\"twitter:image\" content=\"https:\/\/candas365.es\/noticias\/wp-content\/uploads\/2020\/04\/obras-acometidas.jpg\" \/>\n\t\t<meta name=\"twitter:label1\" content=\"Escrito por\" \/>\n\t\t<meta name=\"twitter:data1\" content=\"Cand\u00e1s 365\" \/>\n\t\t<meta name=\"twitter:label2\" content=\"Tiempo de lectura estimado\" \/>\n\t\t<meta name=\"twitter:data2\" content=\"2 minutos\" \/>\n\t\t<script type=\"application\/ld+json\" class=\"aioseo-schema\">\n\t\t\t{\"@context\":\"https:\\\/\\\/schema.org\",\"@graph\":[{\"@type\":\"BreadcrumbList\",\"@id\":\"https:\\\/\\\/candas365.es\\\/noticias\\\/obras-en-las-acometidas-de-agua-de-guimaran\\\/#breadcrumblist\",\"itemListElement\":[{\"@type\":\"ListItem\",\"@id\":\"https:\\\/\\\/candas365.es\\\/noticias#listItem\",\"position\":1,\"name\":\"Home\",\"item\":\"https:\\\/\\\/candas365.es\\\/noticias\",\"nextItem\":{\"@type\":\"ListItem\",\"@id\":\"https:\\\/\\\/candas365.es\\\/noticias\\\/category\\\/noticias-carreno\\\/#listItem\",\"name\":\"Noticias Carre\\u00f1o\"}},{\"@type\":\"ListItem\",\"@id\":\"https:\\\/\\\/candas365.es\\\/noticias\\\/category\\\/noticias-carreno\\\/#listItem\",\"position\":2,\"name\":\"Noticias Carre\\u00f1o\",\"item\":\"https:\\\/\\\/candas365.es\\\/noticias\\\/category\\\/noticias-carreno\\\/\",\"nextItem\":{\"@type\":\"ListItem\",\"@id\":\"https:\\\/\\\/candas365.es\\\/noticias\\\/obras-en-las-acometidas-de-agua-de-guimaran\\\/#listItem\",\"name\":\"Obras en las acometidas de agua de Guimar\\u00e1n\"},\"previousItem\":{\"@type\":\"ListItem\",\"@id\":\"https:\\\/\\\/candas365.es\\\/noticias#listItem\",\"name\":\"Home\"}},{\"@type\":\"ListItem\",\"@id\":\"https:\\\/\\\/candas365.es\\\/noticias\\\/obras-en-las-acometidas-de-agua-de-guimaran\\\/#listItem\",\"position\":3,\"name\":\"Obras en las acometidas de agua de Guimar\\u00e1n\",\"previousItem\":{\"@type\":\"ListItem\",\"@id\":\"https:\\\/\\\/candas365.es\\\/noticias\\\/category\\\/noticias-carreno\\\/#listItem\",\"name\":\"Noticias Carre\\u00f1o\"}}]},{\"@type\":\"NewsArticle\",\"@id\":\"https:\\\/\\\/candas365.es\\\/noticias\\\/obras-en-las-acometidas-de-agua-de-guimaran\\\/#newsarticle\",\"name\":\"Obras en las acometidas de agua de Guimar\\u00e1n | Cand\\u00e1s 365\",\"headline\":\"Obras en las acometidas de agua de Guimar\\u00e1n\",\"author\":{\"@id\":\"https:\\\/\\\/candas365.es\\\/noticias\\\/author\\\/admin\\\/#author\"},\"publisher\":{\"@id\":\"https:\\\/\\\/candas365.es\\\/noticias\\\/#organization\"},\"image\":{\"@type\":\"ImageObject\",\"url\":\"https:\\\/\\\/candas365.es\\\/noticias\\\/wp-content\\\/uploads\\\/2020\\\/04\\\/obras-acometidas.jpg\",\"width\":609,\"height\":447},\"datePublished\":\"2020-04-22T14:05:36+02:00\",\"dateModified\":\"2020-04-25T14:07:56+02:00\",\"inLanguage\":\"es-ES\",\"mainEntityOfPage\":{\"@id\":\"https:\\\/\\\/candas365.es\\\/noticias\\\/obras-en-las-acometidas-de-agua-de-guimaran\\\/#webpage\"},\"isPartOf\":{\"@id\":\"https:\\\/\\\/candas365.es\\\/noticias\\\/obras-en-las-acometidas-de-agua-de-guimaran\\\/#webpage\"},\"articleSection\":\"Noticias Carre\\u00f1o\",\"dateline\":\"Publicado el abril 22, 2020.\"},{\"@type\":\"Organization\",\"@id\":\"https:\\\/\\\/candas365.es\\\/noticias\\\/#organization\",\"name\":\"Cand\\u00e1s 365\",\"description\":\"Cand\\u00e1s 365 es un diario digital independiente, fundado en 2012, con base en Asturias. Informamos con rigor sobre actualidad, sociedad, cultura y ocio, con una mirada local y global.\",\"url\":\"https:\\\/\\\/candas365.es\\\/noticias\\\/\",\"email\":\"info@candas365.es\",\"telephone\":\"+34652131393\",\"foundingDate\":\"2012-06-10\",\"logo\":{\"@type\":\"ImageObject\",\"url\":\"https:\\\/\\\/candas365.es\\\/noticias\\\/wp-content\\\/uploads\\\/2024\\\/09\\\/Candas-365-Redes.jpg\",\"@id\":\"https:\\\/\\\/candas365.es\\\/noticias\\\/obras-en-las-acometidas-de-agua-de-guimaran\\\/#organizationLogo\",\"width\":1152,\"height\":864,\"caption\":\"Cand\\u00e1s 365 Redes\"},\"image\":{\"@id\":\"https:\\\/\\\/candas365.es\\\/noticias\\\/obras-en-las-acometidas-de-agua-de-guimaran\\\/#organizationLogo\"},\"sameAs\":[\"https:\\\/\\\/www.facebook.com\\\/Nachofdezber\",\"https:\\\/\\\/x.com\\\/NabercoDigital\",\"https:\\\/\\\/www.instagram.com\\\/nachofdezber\\\/\",\"https:\\\/\\\/www.youtube.com\\\/channel\\\/UCZP-2wLEB9Rv6erhFmqVnvg\"],\"address\":{\"@id\":\"https:\\\/\\\/candas365.es\\\/noticias\\\/#postaladdress\",\"@type\":\"PostalAddress\",\"streetAddress\":\"san antonio 4, san antonio 4\",\"postalCode\":\"33430\",\"addressLocality\":\"Cand\\u00e1s\",\"addressRegion\":\"Asturias\",\"addressCountry\":\"ES\"}},{\"@type\":\"Person\",\"@id\":\"https:\\\/\\\/candas365.es\\\/noticias\\\/author\\\/admin\\\/#author\",\"url\":\"https:\\\/\\\/candas365.es\\\/noticias\\\/author\\\/admin\\\/\",\"name\":\"Cand\\u00e1s 365\",\"image\":{\"@type\":\"ImageObject\",\"@id\":\"https:\\\/\\\/candas365.es\\\/noticias\\\/obras-en-las-acometidas-de-agua-de-guimaran\\\/#authorImage\",\"url\":\"https:\\\/\\\/secure.gravatar.com\\\/avatar\\\/496a8e03d0c493ede1718b7934145dbdf8d89be1036b0eec9544e1094c9de390?s=96&d=mm&r=g\",\"width\":96,\"height\":96,\"caption\":\"Cand\\u00e1s 365\"},\"sameAs\":[\"https:\\\/\\\/www.facebook.com\\\/carrenoactualidad\",\"https:\\\/\\\/twitter.com\\\/nbasturias\",\"https:\\\/\\\/www.instagram.com\\\/nachofdezber\\\/\",\"https:\\\/\\\/www.youtube.com\\\/channel\\\/UCZP-2wLEB9Rv6erhFmqVnvg\"]},{\"@type\":\"WebPage\",\"@id\":\"https:\\\/\\\/candas365.es\\\/noticias\\\/obras-en-las-acometidas-de-agua-de-guimaran\\\/#webpage\",\"url\":\"https:\\\/\\\/candas365.es\\\/noticias\\\/obras-en-las-acometidas-de-agua-de-guimaran\\\/\",\"name\":\"Obras en las acometidas de agua de Guimar\\u00e1n | Cand\\u00e1s 365\",\"description\":\"Dentro de las actuaciones previstas en el Plan de Renovaci\\u00f3n y Mejora de los Abastecimientos de Agua Potable del Concejo, el Ayuntamiento de Carre\\u00f1o acomete las obras necesarias para la renovaci\\u00f3n de 10 acometidas en la carretera comarcal CE-6 a su paso por los barrios de El Fondo y Cespedera de Guimar\\u00e1n. \\u201cEsta actuaci\\u00f3n se\",\"inLanguage\":\"es-ES\",\"isPartOf\":{\"@id\":\"https:\\\/\\\/candas365.es\\\/noticias\\\/#website\"},\"breadcrumb\":{\"@id\":\"https:\\\/\\\/candas365.es\\\/noticias\\\/obras-en-las-acometidas-de-agua-de-guimaran\\\/#breadcrumblist\"},\"author\":{\"@id\":\"https:\\\/\\\/candas365.es\\\/noticias\\\/author\\\/admin\\\/#author\"},\"creator\":{\"@id\":\"https:\\\/\\\/candas365.es\\\/noticias\\\/author\\\/admin\\\/#author\"},\"image\":{\"@type\":\"ImageObject\",\"url\":\"https:\\\/\\\/candas365.es\\\/noticias\\\/wp-content\\\/uploads\\\/2020\\\/04\\\/obras-acometidas.jpg\",\"@id\":\"https:\\\/\\\/candas365.es\\\/noticias\\\/obras-en-las-acometidas-de-agua-de-guimaran\\\/#mainImage\",\"width\":609,\"height\":447},\"primaryImageOfPage\":{\"@id\":\"https:\\\/\\\/candas365.es\\\/noticias\\\/obras-en-las-acometidas-de-agua-de-guimaran\\\/#mainImage\"},\"datePublished\":\"2020-04-22T14:05:36+02:00\",\"dateModified\":\"2020-04-25T14:07:56+02:00\"},{\"@type\":\"WebSite\",\"@id\":\"https:\\\/\\\/candas365.es\\\/noticias\\\/#website\",\"url\":\"https:\\\/\\\/candas365.es\\\/noticias\\\/\",\"name\":\"Cand\\u00e1s 365\",\"alternateName\":\"Cand\\u00e1s 365 Noticias\",\"description\":\"Actualidad desde Carre\\u00f1o para el mundo\",\"inLanguage\":\"es-ES\",\"publisher\":{\"@id\":\"https:\\\/\\\/candas365.es\\\/noticias\\\/#organization\"}}]}\n\t\t<\/script>\n\t\t<!-- All in One SEO Pro -->\r\n\t\t<title>Obras en las acometidas de agua de Guimar\u00e1n | Cand\u00e1s 365<\/title>\n\n","aioseo_head_json":{"title":"Obras en las acometidas de agua de Guimar\u00e1n | Cand\u00e1s 365","description":"Dentro de las actuaciones previstas en el Plan de Renovaci\u00f3n y Mejora de los Abastecimientos de Agua Potable del Concejo, el Ayuntamiento de Carre\u00f1o acomete las obras necesarias para la renovaci\u00f3n de 10 acometidas en la carretera comarcal CE-6 a su paso por los barrios de El Fondo y Cespedera de Guimar\u00e1n. \u201cEsta actuaci\u00f3n se","canonical_url":"https:\/\/candas365.es\/noticias\/obras-en-las-acometidas-de-agua-de-guimaran\/","robots":"max-image-preview:large","keywords":"noticias carre\u00f1o","webmasterTools":{"google-site-verification":"UA-32230408-1","msvalidate.01":"354F3CDFB2DA171B47FBE9ABF1F88D5","miscellaneous":""},"schema":{"@context":"https:\/\/schema.org","@graph":[{"@type":"BreadcrumbList","@id":"https:\/\/candas365.es\/noticias\/obras-en-las-acometidas-de-agua-de-guimaran\/#breadcrumblist","itemListElement":[{"@type":"ListItem","@id":"https:\/\/candas365.es\/noticias#listItem","position":1,"name":"Home","item":"https:\/\/candas365.es\/noticias","nextItem":{"@type":"ListItem","@id":"https:\/\/candas365.es\/noticias\/category\/noticias-carreno\/#listItem","name":"Noticias Carre\u00f1o"}},{"@type":"ListItem","@id":"https:\/\/candas365.es\/noticias\/category\/noticias-carreno\/#listItem","position":2,"name":"Noticias Carre\u00f1o","item":"https:\/\/candas365.es\/noticias\/category\/noticias-carreno\/","nextItem":{"@type":"ListItem","@id":"https:\/\/candas365.es\/noticias\/obras-en-las-acometidas-de-agua-de-guimaran\/#listItem","name":"Obras en las acometidas de agua de Guimar\u00e1n"},"previousItem":{"@type":"ListItem","@id":"https:\/\/candas365.es\/noticias#listItem","name":"Home"}},{"@type":"ListItem","@id":"https:\/\/candas365.es\/noticias\/obras-en-las-acometidas-de-agua-de-guimaran\/#listItem","position":3,"name":"Obras en las acometidas de agua de Guimar\u00e1n","previousItem":{"@type":"ListItem","@id":"https:\/\/candas365.es\/noticias\/category\/noticias-carreno\/#listItem","name":"Noticias Carre\u00f1o"}}]},{"@type":"NewsArticle","@id":"https:\/\/candas365.es\/noticias\/obras-en-las-acometidas-de-agua-de-guimaran\/#newsarticle","name":"Obras en las acometidas de agua de Guimar\u00e1n | Cand\u00e1s 365","headline":"Obras en las acometidas de agua de Guimar\u00e1n","author":{"@id":"https:\/\/candas365.es\/noticias\/author\/admin\/#author"},"publisher":{"@id":"https:\/\/candas365.es\/noticias\/#organization"},"image":{"@type":"ImageObject","url":"https:\/\/candas365.es\/noticias\/wp-content\/uploads\/2020\/04\/obras-acometidas.jpg","width":609,"height":447},"datePublished":"2020-04-22T14:05:36+02:00","dateModified":"2020-04-25T14:07:56+02:00","inLanguage":"es-ES","mainEntityOfPage":{"@id":"https:\/\/candas365.es\/noticias\/obras-en-las-acometidas-de-agua-de-guimaran\/#webpage"},"isPartOf":{"@id":"https:\/\/candas365.es\/noticias\/obras-en-las-acometidas-de-agua-de-guimaran\/#webpage"},"articleSection":"Noticias Carre\u00f1o","dateline":"Publicado el abril 22, 2020."},{"@type":"Organization","@id":"https:\/\/candas365.es\/noticias\/#organization","name":"Cand\u00e1s 365","description":"Cand\u00e1s 365 es un diario digital independiente, fundado en 2012, con base en Asturias. Informamos con rigor sobre actualidad, sociedad, cultura y ocio, con una mirada local y global.","url":"https:\/\/candas365.es\/noticias\/","email":"info@candas365.es","telephone":"+34652131393","foundingDate":"2012-06-10","logo":{"@type":"ImageObject","url":"https:\/\/candas365.es\/noticias\/wp-content\/uploads\/2024\/09\/Candas-365-Redes.jpg","@id":"https:\/\/candas365.es\/noticias\/obras-en-las-acometidas-de-agua-de-guimaran\/#organizationLogo","width":1152,"height":864,"caption":"Cand\u00e1s 365 Redes"},"image":{"@id":"https:\/\/candas365.es\/noticias\/obras-en-las-acometidas-de-agua-de-guimaran\/#organizationLogo"},"sameAs":["https:\/\/www.facebook.com\/Nachofdezber","https:\/\/x.com\/NabercoDigital","https:\/\/www.instagram.com\/nachofdezber\/","https:\/\/www.youtube.com\/channel\/UCZP-2wLEB9Rv6erhFmqVnvg"],"address":{"@id":"https:\/\/candas365.es\/noticias\/#postaladdress","@type":"PostalAddress","streetAddress":"san antonio 4, san antonio 4","postalCode":"33430","addressLocality":"Cand\u00e1s","addressRegion":"Asturias","addressCountry":"ES"}},{"@type":"Person","@id":"https:\/\/candas365.es\/noticias\/author\/admin\/#author","url":"https:\/\/candas365.es\/noticias\/author\/admin\/","name":"Cand\u00e1s 365","image":{"@type":"ImageObject","@id":"https:\/\/candas365.es\/noticias\/obras-en-las-acometidas-de-agua-de-guimaran\/#authorImage","url":"https:\/\/secure.gravatar.com\/avatar\/496a8e03d0c493ede1718b7934145dbdf8d89be1036b0eec9544e1094c9de390?s=96&d=mm&r=g","width":96,"height":96,"caption":"Cand\u00e1s 365"},"sameAs":["https:\/\/www.facebook.com\/carrenoactualidad","https:\/\/twitter.com\/nbasturias","https:\/\/www.instagram.com\/nachofdezber\/","https:\/\/www.youtube.com\/channel\/UCZP-2wLEB9Rv6erhFmqVnvg"]},{"@type":"WebPage","@id":"https:\/\/candas365.es\/noticias\/obras-en-las-acometidas-de-agua-de-guimaran\/#webpage","url":"https:\/\/candas365.es\/noticias\/obras-en-las-acometidas-de-agua-de-guimaran\/","name":"Obras en las acometidas de agua de Guimar\u00e1n | Cand\u00e1s 365","description":"Dentro de las actuaciones previstas en el Plan de Renovaci\u00f3n y Mejora de los Abastecimientos de Agua Potable del Concejo, el Ayuntamiento de Carre\u00f1o acomete las obras necesarias para la renovaci\u00f3n de 10 acometidas en la carretera comarcal CE-6 a su paso por los barrios de El Fondo y Cespedera de Guimar\u00e1n. \u201cEsta actuaci\u00f3n se","inLanguage":"es-ES","isPartOf":{"@id":"https:\/\/candas365.es\/noticias\/#website"},"breadcrumb":{"@id":"https:\/\/candas365.es\/noticias\/obras-en-las-acometidas-de-agua-de-guimaran\/#breadcrumblist"},"author":{"@id":"https:\/\/candas365.es\/noticias\/author\/admin\/#author"},"creator":{"@id":"https:\/\/candas365.es\/noticias\/author\/admin\/#author"},"image":{"@type":"ImageObject","url":"https:\/\/candas365.es\/noticias\/wp-content\/uploads\/2020\/04\/obras-acometidas.jpg","@id":"https:\/\/candas365.es\/noticias\/obras-en-las-acometidas-de-agua-de-guimaran\/#mainImage","width":609,"height":447},"primaryImageOfPage":{"@id":"https:\/\/candas365.es\/noticias\/obras-en-las-acometidas-de-agua-de-guimaran\/#mainImage"},"datePublished":"2020-04-22T14:05:36+02:00","dateModified":"2020-04-25T14:07:56+02:00"},{"@type":"WebSite","@id":"https:\/\/candas365.es\/noticias\/#website","url":"https:\/\/candas365.es\/noticias\/","name":"Cand\u00e1s 365","alternateName":"Cand\u00e1s 365 Noticias","description":"Actualidad desde Carre\u00f1o para el mundo","inLanguage":"es-ES","publisher":{"@id":"https:\/\/candas365.es\/noticias\/#organization"}}]},"og:locale":"es_ES","og:site_name":"Cand\u00e1s 365","og:type":"article","og:title":"Obras en las acometidas de agua de Guimar\u00e1n | Cand\u00e1s 365","og:description":"Dentro de las actuaciones previstas en el Plan de Renovaci\u00f3n y Mejora de los Abastecimientos de Agua Potable del Concejo, el Ayuntamiento de Carre\u00f1o acomete las obras necesarias para la renovaci\u00f3n de 10 acometidas en la carretera comarcal CE-6 a su paso por los barrios de El Fondo y Cespedera de Guimar\u00e1n. \u201cEsta actuaci\u00f3n se","og:url":"https:\/\/candas365.es\/noticias\/obras-en-las-acometidas-de-agua-de-guimaran\/","og:image":"https:\/\/candas365.es\/noticias\/wp-content\/uploads\/2020\/04\/obras-acometidas.jpg","og:image:secure_url":"https:\/\/candas365.es\/noticias\/wp-content\/uploads\/2020\/04\/obras-acometidas.jpg","og:image:width":609,"og:image:height":447,"article:published_time":"2020-04-22T14:05:36+00:00","article:modified_time":"2020-04-25T14:07:56+00:00","article:publisher":"https:\/\/www.facebook.com\/Nachofdezber","article:author":"https:\/\/www.facebook.com\/carrenoactualidad","twitter:card":"summary_large_image","twitter:site":"@NabercoDigital","twitter:title":"Obras en las acometidas de agua de Guimar\u00e1n | Cand\u00e1s 365","twitter:description":"Dentro de las actuaciones previstas en el Plan de Renovaci\u00f3n y Mejora de los Abastecimientos de Agua Potable del Concejo, el Ayuntamiento de Carre\u00f1o acomete las obras necesarias para la renovaci\u00f3n de 10 acometidas en la carretera comarcal CE-6 a su paso por los barrios de El Fondo y Cespedera de Guimar\u00e1n. \u201cEsta actuaci\u00f3n se","twitter:creator":"@nbasturias","twitter:image":"https:\/\/candas365.es\/noticias\/wp-content\/uploads\/2020\/04\/obras-acometidas.jpg","twitter:label1":"Escrito por","twitter:data1":"Cand\u00e1s 365","twitter:label2":"Tiempo de lectura estimado","twitter:data2":"2 minutos"},"aioseo_meta_data":{"post_id":"141449","title":null,"description":null,"keywords":null,"keyphrases":null,"primary_term":null,"canonical_url":null,"og_title":null,"og_description":null,"og_object_type":"default","og_image_type":"default","og_image_url":null,"og_image_width":null,"og_image_height":null,"og_image_custom_url":null,"og_image_custom_fields":null,"og_video":null,"og_custom_url":null,"og_article_section":null,"og_article_tags":null,"twitter_use_og":false,"twitter_card":"default","twitter_image_type":"default","twitter_image_url":null,"twitter_image_custom_url":null,"twitter_image_custom_fields":null,"twitter_title":null,"twitter_description":null,"schema":{"blockGraphs":[],"customGraphs":[],"default":{"data":{"Article":[],"Course":[],"Dataset":[],"FAQPage":[],"Movie":[],"Person":[],"Product":[],"ProductReview":[],"Car":[],"Recipe":[],"Service":[],"SoftwareApplication":[],"WebPage":[]},"graphName":"","isEnabled":true},"graphs":[],"defaultGraph":"","defaultPostTypeGraph":""},"schema_type":null,"schema_type_options":null,"pillar_content":false,"robots_default":true,"robots_noindex":false,"robots_noarchive":false,"robots_nosnippet":false,"robots_nofollow":false,"robots_noimageindex":false,"robots_noodp":false,"robots_notranslate":false,"robots_max_snippet":null,"robots_max_videopreview":null,"robots_max_imagepreview":"large","priority":null,"frequency":null,"location":null,"local_seo":null,"seo_analyzer_scan_date":"2025-08-31 03:53:18","breadcrumb_settings":null,"limit_modified_date":false,"reviewed_by":null,"open_ai":null,"ai":null,"created":"2020-12-21 10:42:53","updated":"2025-08-31 03:53:18"},"aioseo_breadcrumb":"<div class=\"aioseo-breadcrumbs\"><span class=\"aioseo-breadcrumb\">\n\t<a href=\"https:\/\/candas365.es\/noticias\" title=\"Home\">Home<\/a>\n<\/span><span class=\"aioseo-breadcrumb-separator\">&ndash;<\/span><span class=\"aioseo-breadcrumb\">\n\t<a href=\"https:\/\/candas365.es\/noticias\/category\/noticias-carreno\/\" title=\"Noticias Carre\u00f1o\">Noticias Carre\u00f1o<\/a>\n<\/span><span class=\"aioseo-breadcrumb-separator\">&ndash;<\/span><span class=\"aioseo-breadcrumb\">\n\tObras en las acometidas de agua de Guimar\u00e1n\n<\/span><\/div>","aioseo_breadcrumb_json":[{"label":"Home","link":"https:\/\/candas365.es\/noticias"},{"label":"Noticias Carre\u00f1o","link":"https:\/\/candas365.es\/noticias\/category\/noticias-carreno\/"},{"label":"Obras en las acometidas de agua de Guimar\u00e1n","link":"https:\/\/candas365.es\/noticias\/obras-en-las-acometidas-de-agua-de-guimaran\/"}],"_links":{"self":[{"href":"https:\/\/candas365.es\/noticias\/wp-json\/wp\/v2\/posts\/141449","targetHints":{"allow":["GET"]}}],"collection":[{"href":"https:\/\/candas365.es\/noticias\/wp-json\/wp\/v2\/posts"}],"about":[{"href":"https:\/\/candas365.es\/noticias\/wp-json\/wp\/v2\/types\/post"}],"author":[{"embeddable":true,"href":"https:\/\/candas365.es\/noticias\/wp-json\/wp\/v2\/users\/1"}],"replies":[{"embeddable":true,"href":"https:\/\/candas365.es\/noticias\/wp-json\/wp\/v2\/comments?post=141449"}],"version-history":[{"count":0,"href":"https:\/\/candas365.es\/noticias\/wp-json\/wp\/v2\/posts\/141449\/revisions"}],"wp:featuredmedia":[{"embeddable":true,"href":"https:\/\/candas365.es\/noticias\/wp-json\/wp\/v2\/media\/141450"}],"wp:attachment":[{"href":"https:\/\/candas365.es\/noticias\/wp-json\/wp\/v2\/media?parent=141449"}],"wp:term":[{"taxonomy":"category","embeddable":true,"href":"https:\/\/candas365.es\/noticias\/wp-json\/wp\/v2\/categories?post=141449"},{"taxonomy":"post_tag","embeddable":true,"href":"https:\/\/candas365.es\/noticias\/wp-json\/wp\/v2\/tags?post=141449"}],"curies":[{"name":"wp","href":"https:\/\/api.w.org\/{rel}","templated":true}]}}