{"id":141442,"date":"2020-04-21T13:50:27","date_gmt":"2020-04-21T13:50:27","guid":{"rendered":"http:\/\/candas365.es\/noticias\/?p=141442"},"modified":"2020-04-25T13:54:12","modified_gmt":"2020-04-25T13:54:12","slug":"campana-para-incentivar-las-compras-en-carreno","status":"publish","type":"post","link":"https:\/\/candas365.es\/noticias\/campana-para-incentivar-las-compras-en-carreno\/","title":{"rendered":"Campa\u00f1a para incentivar las compras en Carre\u00f1o"},"content":{"rendered":"<p><img fetchpriority=\"high\" decoding=\"async\" class=\"alignleft size-medium wp-image-6453\" src=\"https:\/\/candas365.es\/noticias\/wp-content\/uploads\/2015\/01\/ayuntamiento-360x270.jpg\" alt=\"\" width=\"360\" height=\"270\" srcset=\"https:\/\/candas365.es\/noticias\/wp-content\/uploads\/2015\/01\/ayuntamiento-360x270.jpg 360w, https:\/\/candas365.es\/noticias\/wp-content\/uploads\/2015\/01\/ayuntamiento-640x480.jpg 640w, https:\/\/candas365.es\/noticias\/wp-content\/uploads\/2015\/01\/ayuntamiento-768x576.jpg 768w, https:\/\/candas365.es\/noticias\/wp-content\/uploads\/2015\/01\/ayuntamiento-150x113.jpg 150w, https:\/\/candas365.es\/noticias\/wp-content\/uploads\/2015\/01\/ayuntamiento-450x338.jpg 450w, https:\/\/candas365.es\/noticias\/wp-content\/uploads\/2015\/01\/ayuntamiento-80x60.jpg 80w, https:\/\/candas365.es\/noticias\/wp-content\/uploads\/2015\/01\/ayuntamiento-265x198.jpg 265w, https:\/\/candas365.es\/noticias\/wp-content\/uploads\/2015\/01\/ayuntamiento-696x522.jpg 696w, https:\/\/candas365.es\/noticias\/wp-content\/uploads\/2015\/01\/ayuntamiento-560x420.jpg 560w, https:\/\/candas365.es\/noticias\/wp-content\/uploads\/2015\/01\/ayuntamiento-90x67.jpg 90w, https:\/\/candas365.es\/noticias\/wp-content\/uploads\/2015\/01\/ayuntamiento.jpg 800w\" sizes=\"(max-width: 360px) 100vw, 360px\" \/>El Consistorio Local perfila en el nuevo presupuesto 2020, que est\u00e1n negociando las diferentes fuerzas pol\u00edticas. En el borrador de presupuestos se contemplan:<\/p>\n<p>\u00b7 un nuevo programa de ASA ( Acci\u00f3n de Soporte del Trabajo Aut\u00f3nomo de Carre\u00f1o) dotado con un cr\u00e9dito inicial de 100.000 euros. Dicho programa contempla el conceder una cantidad fija de 500 \u20ac aut\u00f3nomos\/as y negocios peque\u00f1os y medianos que cumpliendo las bases previstas en la convocatoria se hayan visto afectados por el cierre de establecimientos (dispuesto RD 465\/2020 de 17 de marzo que modifica el art\u00edculo 10 del RD 463\/2020 de 14 de marzo). Y se conceder\u00eda \u2013 de aprobarse el presupuesto municipal &#8211; una cuant\u00eda fija de 300 \u20ac tambi\u00e9n a aut\u00f3nomos\/as y peque\u00f1as y medianas empresas locales, que no se han visto afectados por el cierre de establecimientos (dispuesto en el RD 465\/2020 de 17 de marzo que modifica el art\u00edculo 10 del RD 463\/2020 de 14 de marzo), y que hayan sufrido una reducci\u00f3n de su facturaci\u00f3n en el mes anterior a la solicitud de esta subvenci\u00f3n de al menos el 50%, en relaci\u00f3n con la media efectuada en el semestre natural anterior (julio a diciembre de 2019) a la declaraci\u00f3n del estado de alarma (14 de marzo de 2020),<\/p>\n<p>\u00b7 y la recuperaci\u00f3n del Plan municipal PEREL de ayuda al Establecimiento como trabajador aut\u00f3nomo de personas desempleadas con una dotaci\u00f3n econ\u00f3mica inicial de 30 mil euros. Esta l\u00ednea de ayuda ( Renta de Subsistencia 2020) ascender\u00e1 a 4.000 euros por cada persona desempleada dada de alta como aut\u00f3nomo\/a, independientemente de la actividad e inversi\u00f3n que haya iniciado la actividad por cuenta propia en el per\u00edodo comprendido entre el 2 de diciembre de 2018 y el 14 de marzo de 2020, ambos inclusive, y tener su domicilio fiscal (y su centro de trabajo o establecimiento abierto al p\u00fablico, en caso de disponer del mismo) en el municipio de Carre\u00f1o. El objeto de esta ayuda es la concesi\u00f3n de subvenciones a fondo perdido a empresas para el establecimiento de personas desempleadas como trabajadores\/as aut\u00f3nomos\/as, ayuda que les permita disponer de unos fondos para mantener el arranque de su actividad econ\u00f3mica, caracterizado habitualmente por muchos gastos y pocas ventas y cobros m\u00e1xime si el inicio de la actividad fue reciente con la crisis sanitaria.<\/p>\n<p>As\u00ed mismo, en el presupuesto municipal se refleja la aportaci\u00f3n econ\u00f3mica municipal de 27.000 euros para realizar un nuevo convenio anual con la Uni\u00f3n de Comerciantes de Asturias para realizara acciones con el comercio y campa\u00f1as de promoci\u00f3n.<\/p>\n<p>\u201c\u200bEstamos preparando con la Uni\u00f3n de Comerciantes de Asturias el nuevo convenio de promociones y de inmediato abordaremos una acci\u00f3n que tiene como objetivo incentivar el consumo adelantado en nuestros comercios mediante la compra de TARJETAS REGALO. Como las compras \u2013 no todas &#8211; pueden realizarse en este momento ejemplo, en las tiendas a\u00fan sin abrir se impulsa esta iniciativa para realizar las compras en el momento en que la situaci\u00f3n se vaya normalizando. En Cand\u00e1s algunas personas nos trasladaron su inquietud por la proximidad de la celebraci\u00f3n del D\u00eda de la Madre y las dificultades de poder regalarles como en a\u00f1os anteriores. En el marco de la relaci\u00f3n de cooperaci\u00f3n existente, desde hace a\u00f1os, con la asociaci\u00f3n empresarial que preside Sara Men\u00e9ndez , lanzamos esta campa\u00f1a que permitir\u00e1 al vecindario de Carre\u00f1o adquirir tarjetas regalo en los comercios del concejo que se adhieran. En esta campa\u00f1a pueden participar socios y no socios de la Uni\u00f3n al enmarcarse dentro de la cooperaci\u00f3n con el consistorio. Pasada esta promoci\u00f3n s\u00f3lo las empresas asociadas a la Uni\u00f3n seguir\u00e1n en la plataforma que tiene la entidad para estas compras\u201d- explic\u00f3 Juan Jos\u00e9 Fern\u00e1ndez, edil de promoci\u00f3n econ\u00f3mica e innovaci\u00f3n.<\/p>\n<p><strong>\u200bPROMOCI\u00d3N TARJETAS REGALO ESPECIAL D\u00cdA DE LA MADRE 2020<\/strong><\/p>\n<p>\u200bLa compra de estas tarjetas regalo en Carre\u00f1o se realizar\u00e1 de la siguiente forma:<\/p>\n<p>a) La clientela a trav\u00e9s de la web que se est\u00e1 dise\u00f1ando, elige la tienda donde quiere comprar la TARJETA REGALO y el importe de la misma.<\/p>\n<p>b) Las tiendas que estar\u00e1n todo el a\u00f1o en la web ser\u00e1n \u00fanicamente las empresas asociadas a la Uni\u00f3n, si bien y en atenci\u00f3n a la colaboraci\u00f3n existente con el Ayuntamiento de Carre\u00f1o los comercios no asociados que lo soliciten se podr\u00e1n incorporar gratuitamente y previa solicitud la campa\u00f1a del D\u00eda de la Madre. A partir de esta promoci\u00f3n la Uni\u00f3n mantendr\u00e1 en su web a las empresas asociadas.<\/p>\n<p>c) La compra de la tarjeta se realiza con una pasarela de pago propiedad de la Uni\u00f3n que ser\u00e1 quien reciba el importe comprado y lo ingresar\u00e1 en la cuenta bancaria de la empresa donde han comprado. De ah\u00ed la necesidad de darse de alta en la campa\u00f1a con antelaci\u00f3n. El plazo fijado es hasta este S\u00e1bado para que puedan entrar en la promoci\u00f3n.<\/p>\n<p>d) La web emite al mismo tiempo varios correos electr\u00f3nicos:<\/p>\n<p>\u2022 Para quien ha comprado la tarjeta con la confirmaci\u00f3n de su compra<\/p>\n<p>\u2022 Para la persona a quien se quiere regalar la tarjeta con todos los datos del importe y comercio donde puede hacerla efectiva.<\/p>\n<p>\u2022 A la Uni\u00f3n de Comerciantes para confirmar la compra realizada.<\/p>\n<p>e) La Uni\u00f3n de Comerciantes enviarar\u00e1 al comercio toda la informaci\u00f3n sobre la persona que ha comprado la tarjeta, importe de la misma y copia del documento que le exhibir\u00e1 cuando vaya a su tienda a comprar para que exista control sobre las tarjetas adquiridas.<\/p>\n<p>f) El comercio recibe de la Uni\u00f3n el importe de la tarjeta regalo que haya adquirido la clientela para que pueda tener control sobre las compras que se realicen con la citada tarjeta regalo.<\/p>\n<p>Por parte de la Uni\u00f3n de Comerciantes de Asturias se proceder\u00e1 a la difusi\u00f3n de esta iniciativa en web y redes sociales y medios de comunicaci\u00f3n<\/p>\n<p>\u201c \u200bLos comercios de Carre\u00f1o que deseen participar en la promoci\u00f3n especial D\u00cdA DE LA MADRE tienen que enviar un correo electr\u00f3nico a info@comercioasturias.com indicando en el ASUNTO: TARJETA REGALO y aportando los siguientes datos:Nombre de la tienda, Direcci\u00f3n completa incluyendo tel\u00e9fono, descripci\u00f3n de productos y marcas que vende en no m\u00e1s de 3 l\u00edneas, \u200bdirecciones de p\u00e1gina web si tiene y en caso de no tenerla direcci\u00f3n de su p\u00e1gina en Facebook o Instagram. Solo se har\u00e1 constar en la difusi\u00f3n un contacto online. As\u00ed como indicaci\u00f3n de la cuenta bancaria si no es empresa asociada para que puedan interaccionar con ella desde la Uni\u00f3n. El plazo m\u00e1ximo para adherirse PLAZO MAXIMO DE INSCRIPCION S\u00c1BADO 25 DE ABRIL A LAS 13 HORAS\u201d \u2013 concluy\u00f3 el edil.<\/p>\n<p>&nbsp;<\/p>\n","protected":false},"excerpt":{"rendered":"<p>El Consistorio Local perfila en el nuevo presupuesto 2020, que est\u00e1n negociando las diferentes fuerzas pol\u00edticas. En el borrador de presupuestos se contemplan: \u00b7 un nuevo programa de ASA ( Acci\u00f3n de Soporte del Trabajo Aut\u00f3nomo de Carre\u00f1o) dotado con un cr\u00e9dito inicial de 100.000 euros. Dicho programa contempla el conceder una cantidad fija de<\/p>\n","protected":false},"author":1,"featured_media":6453,"comment_status":"closed","ping_status":"closed","sticky":false,"template":"","format":"standard","meta":{"footnotes":""},"categories":[2],"tags":[],"class_list":{"0":"post-141442","1":"post","2":"type-post","3":"status-publish","4":"format-standard","5":"has-post-thumbnail","7":"category-noticias-carreno"},"aioseo_notices":[],"aioseo_head":"\n\t\t<!-- All in One SEO Pro 4.9.6.2 - aioseo.com -->\n\t<meta name=\"description\" content=\"El Consistorio Local perfila en el nuevo presupuesto 2020, que est\u00e1n negociando las diferentes fuerzas pol\u00edticas. En el borrador de presupuestos se contemplan: \u00b7 un nuevo programa de ASA ( Acci\u00f3n de Soporte del Trabajo Aut\u00f3nomo de Carre\u00f1o) dotado con un cr\u00e9dito inicial de 100.000 euros. Dicho programa contempla el conceder una cantidad fija de\" \/>\n\t<meta name=\"robots\" content=\"max-image-preview:large\" \/>\n\t<meta name=\"author\" content=\"Cand\u00e1s 365\"\/>\n\t<meta name=\"google-site-verification\" content=\"UA-32230408-1\" \/>\n\t<meta name=\"msvalidate.01\" content=\"354F3CDFB2DA171B47FBE9ABF1F88D5\" \/>\n\t<meta name=\"keywords\" content=\"noticias carre\u00f1o\" \/>\n\t<link rel=\"canonical\" href=\"https:\/\/candas365.es\/noticias\/campana-para-incentivar-las-compras-en-carreno\/\" \/>\n\t<meta name=\"generator\" content=\"All in One SEO Pro (AIOSEO) 4.9.6.2\" \/>\n\t\t<meta property=\"og:locale\" content=\"es_ES\" \/>\n\t\t<meta property=\"og:site_name\" content=\"Cand\u00e1s 365\" \/>\n\t\t<meta property=\"og:type\" content=\"article\" \/>\n\t\t<meta property=\"og:title\" content=\"Campa\u00f1a para incentivar las compras en Carre\u00f1o | Cand\u00e1s 365\" \/>\n\t\t<meta property=\"og:description\" content=\"El Consistorio Local perfila en el nuevo presupuesto 2020, que est\u00e1n negociando las diferentes fuerzas pol\u00edticas. En el borrador de presupuestos se contemplan: \u00b7 un nuevo programa de ASA ( Acci\u00f3n de Soporte del Trabajo Aut\u00f3nomo de Carre\u00f1o) dotado con un cr\u00e9dito inicial de 100.000 euros. Dicho programa contempla el conceder una cantidad fija de\" \/>\n\t\t<meta property=\"og:url\" content=\"https:\/\/candas365.es\/noticias\/campana-para-incentivar-las-compras-en-carreno\/\" \/>\n\t\t<meta property=\"og:image\" content=\"https:\/\/candas365.es\/noticias\/wp-content\/uploads\/2015\/01\/ayuntamiento.jpg\" \/>\n\t\t<meta property=\"og:image:secure_url\" content=\"https:\/\/candas365.es\/noticias\/wp-content\/uploads\/2015\/01\/ayuntamiento.jpg\" \/>\n\t\t<meta property=\"og:image:width\" content=\"800\" \/>\n\t\t<meta property=\"og:image:height\" content=\"600\" \/>\n\t\t<meta property=\"article:published_time\" content=\"2020-04-21T13:50:27+00:00\" \/>\n\t\t<meta property=\"article:modified_time\" content=\"2020-04-25T13:54:12+00:00\" \/>\n\t\t<meta property=\"article:publisher\" content=\"https:\/\/www.facebook.com\/Nachofdezber\" \/>\n\t\t<meta property=\"article:author\" content=\"https:\/\/www.facebook.com\/carrenoactualidad\" \/>\n\t\t<meta name=\"twitter:card\" content=\"summary_large_image\" \/>\n\t\t<meta name=\"twitter:site\" content=\"@NabercoDigital\" \/>\n\t\t<meta name=\"twitter:title\" content=\"Campa\u00f1a para incentivar las compras en Carre\u00f1o | Cand\u00e1s 365\" \/>\n\t\t<meta name=\"twitter:description\" content=\"El Consistorio Local perfila en el nuevo presupuesto 2020, que est\u00e1n negociando las diferentes fuerzas pol\u00edticas. En el borrador de presupuestos se contemplan: \u00b7 un nuevo programa de ASA ( Acci\u00f3n de Soporte del Trabajo Aut\u00f3nomo de Carre\u00f1o) dotado con un cr\u00e9dito inicial de 100.000 euros. Dicho programa contempla el conceder una cantidad fija de\" \/>\n\t\t<meta name=\"twitter:creator\" content=\"@nbasturias\" \/>\n\t\t<meta name=\"twitter:image\" content=\"https:\/\/candas365.es\/noticias\/wp-content\/uploads\/2015\/01\/ayuntamiento.jpg\" \/>\n\t\t<meta name=\"twitter:label1\" content=\"Escrito por\" \/>\n\t\t<meta name=\"twitter:data1\" content=\"Cand\u00e1s 365\" \/>\n\t\t<meta name=\"twitter:label2\" content=\"Tiempo de lectura estimado\" \/>\n\t\t<meta name=\"twitter:data2\" content=\"6 minutos\" \/>\n\t\t<script type=\"application\/ld+json\" class=\"aioseo-schema\">\n\t\t\t{\"@context\":\"https:\\\/\\\/schema.org\",\"@graph\":[{\"@type\":\"BreadcrumbList\",\"@id\":\"https:\\\/\\\/candas365.es\\\/noticias\\\/campana-para-incentivar-las-compras-en-carreno\\\/#breadcrumblist\",\"itemListElement\":[{\"@type\":\"ListItem\",\"@id\":\"https:\\\/\\\/candas365.es\\\/noticias#listItem\",\"position\":1,\"name\":\"Home\",\"item\":\"https:\\\/\\\/candas365.es\\\/noticias\",\"nextItem\":{\"@type\":\"ListItem\",\"@id\":\"https:\\\/\\\/candas365.es\\\/noticias\\\/category\\\/noticias-carreno\\\/#listItem\",\"name\":\"Noticias Carre\\u00f1o\"}},{\"@type\":\"ListItem\",\"@id\":\"https:\\\/\\\/candas365.es\\\/noticias\\\/category\\\/noticias-carreno\\\/#listItem\",\"position\":2,\"name\":\"Noticias Carre\\u00f1o\",\"item\":\"https:\\\/\\\/candas365.es\\\/noticias\\\/category\\\/noticias-carreno\\\/\",\"nextItem\":{\"@type\":\"ListItem\",\"@id\":\"https:\\\/\\\/candas365.es\\\/noticias\\\/campana-para-incentivar-las-compras-en-carreno\\\/#listItem\",\"name\":\"Campa\\u00f1a para incentivar las compras en Carre\\u00f1o\"},\"previousItem\":{\"@type\":\"ListItem\",\"@id\":\"https:\\\/\\\/candas365.es\\\/noticias#listItem\",\"name\":\"Home\"}},{\"@type\":\"ListItem\",\"@id\":\"https:\\\/\\\/candas365.es\\\/noticias\\\/campana-para-incentivar-las-compras-en-carreno\\\/#listItem\",\"position\":3,\"name\":\"Campa\\u00f1a para incentivar las compras en Carre\\u00f1o\",\"previousItem\":{\"@type\":\"ListItem\",\"@id\":\"https:\\\/\\\/candas365.es\\\/noticias\\\/category\\\/noticias-carreno\\\/#listItem\",\"name\":\"Noticias Carre\\u00f1o\"}}]},{\"@type\":\"NewsArticle\",\"@id\":\"https:\\\/\\\/candas365.es\\\/noticias\\\/campana-para-incentivar-las-compras-en-carreno\\\/#newsarticle\",\"name\":\"Campa\\u00f1a para incentivar las compras en Carre\\u00f1o | Cand\\u00e1s 365\",\"headline\":\"Campa\\u00f1a para incentivar las compras en Carre\\u00f1o\",\"author\":{\"@id\":\"https:\\\/\\\/candas365.es\\\/noticias\\\/author\\\/admin\\\/#author\"},\"publisher\":{\"@id\":\"https:\\\/\\\/candas365.es\\\/noticias\\\/#organization\"},\"image\":{\"@type\":\"ImageObject\",\"url\":\"https:\\\/\\\/candas365.es\\\/noticias\\\/wp-content\\\/uploads\\\/2015\\\/01\\\/ayuntamiento.jpg\",\"width\":800,\"height\":600,\"caption\":\"Carre\\u00f1o\"},\"datePublished\":\"2020-04-21T13:50:27+02:00\",\"dateModified\":\"2020-04-25T13:54:12+02:00\",\"inLanguage\":\"es-ES\",\"mainEntityOfPage\":{\"@id\":\"https:\\\/\\\/candas365.es\\\/noticias\\\/campana-para-incentivar-las-compras-en-carreno\\\/#webpage\"},\"isPartOf\":{\"@id\":\"https:\\\/\\\/candas365.es\\\/noticias\\\/campana-para-incentivar-las-compras-en-carreno\\\/#webpage\"},\"articleSection\":\"Noticias Carre\\u00f1o\",\"dateline\":\"Publicado el abril 21, 2020.\"},{\"@type\":\"Organization\",\"@id\":\"https:\\\/\\\/candas365.es\\\/noticias\\\/#organization\",\"name\":\"Cand\\u00e1s 365\",\"description\":\"Cand\\u00e1s 365 es un diario digital independiente, fundado en 2012, con base en Asturias. Informamos con rigor sobre actualidad, sociedad, cultura y ocio, con una mirada local y global.\",\"url\":\"https:\\\/\\\/candas365.es\\\/noticias\\\/\",\"email\":\"info@candas365.es\",\"telephone\":\"+34652131393\",\"foundingDate\":\"2012-06-10\",\"logo\":{\"@type\":\"ImageObject\",\"url\":\"https:\\\/\\\/candas365.es\\\/noticias\\\/wp-content\\\/uploads\\\/2024\\\/09\\\/Candas-365-Redes.jpg\",\"@id\":\"https:\\\/\\\/candas365.es\\\/noticias\\\/campana-para-incentivar-las-compras-en-carreno\\\/#organizationLogo\",\"width\":1152,\"height\":864,\"caption\":\"Cand\\u00e1s 365 Redes\"},\"image\":{\"@id\":\"https:\\\/\\\/candas365.es\\\/noticias\\\/campana-para-incentivar-las-compras-en-carreno\\\/#organizationLogo\"},\"sameAs\":[\"https:\\\/\\\/www.facebook.com\\\/Nachofdezber\",\"https:\\\/\\\/x.com\\\/NabercoDigital\",\"https:\\\/\\\/www.instagram.com\\\/nachofdezber\\\/\",\"https:\\\/\\\/www.youtube.com\\\/channel\\\/UCZP-2wLEB9Rv6erhFmqVnvg\"],\"address\":{\"@id\":\"https:\\\/\\\/candas365.es\\\/noticias\\\/#postaladdress\",\"@type\":\"PostalAddress\",\"streetAddress\":\"san antonio 4, san antonio 4\",\"postalCode\":\"33430\",\"addressLocality\":\"Cand\\u00e1s\",\"addressRegion\":\"Asturias\",\"addressCountry\":\"ES\"}},{\"@type\":\"Person\",\"@id\":\"https:\\\/\\\/candas365.es\\\/noticias\\\/author\\\/admin\\\/#author\",\"url\":\"https:\\\/\\\/candas365.es\\\/noticias\\\/author\\\/admin\\\/\",\"name\":\"Cand\\u00e1s 365\",\"image\":{\"@type\":\"ImageObject\",\"@id\":\"https:\\\/\\\/candas365.es\\\/noticias\\\/campana-para-incentivar-las-compras-en-carreno\\\/#authorImage\",\"url\":\"https:\\\/\\\/secure.gravatar.com\\\/avatar\\\/496a8e03d0c493ede1718b7934145dbdf8d89be1036b0eec9544e1094c9de390?s=96&d=mm&r=g\",\"width\":96,\"height\":96,\"caption\":\"Cand\\u00e1s 365\"},\"sameAs\":[\"https:\\\/\\\/www.facebook.com\\\/carrenoactualidad\",\"https:\\\/\\\/twitter.com\\\/nbasturias\",\"https:\\\/\\\/www.instagram.com\\\/nachofdezber\\\/\",\"https:\\\/\\\/www.youtube.com\\\/channel\\\/UCZP-2wLEB9Rv6erhFmqVnvg\"]},{\"@type\":\"WebPage\",\"@id\":\"https:\\\/\\\/candas365.es\\\/noticias\\\/campana-para-incentivar-las-compras-en-carreno\\\/#webpage\",\"url\":\"https:\\\/\\\/candas365.es\\\/noticias\\\/campana-para-incentivar-las-compras-en-carreno\\\/\",\"name\":\"Campa\\u00f1a para incentivar las compras en Carre\\u00f1o | Cand\\u00e1s 365\",\"description\":\"El Consistorio Local perfila en el nuevo presupuesto 2020, que est\\u00e1n negociando las diferentes fuerzas pol\\u00edticas. En el borrador de presupuestos se contemplan: \\u00b7 un nuevo programa de ASA ( Acci\\u00f3n de Soporte del Trabajo Aut\\u00f3nomo de Carre\\u00f1o) dotado con un cr\\u00e9dito inicial de 100.000 euros. Dicho programa contempla el conceder una cantidad fija de\",\"inLanguage\":\"es-ES\",\"isPartOf\":{\"@id\":\"https:\\\/\\\/candas365.es\\\/noticias\\\/#website\"},\"breadcrumb\":{\"@id\":\"https:\\\/\\\/candas365.es\\\/noticias\\\/campana-para-incentivar-las-compras-en-carreno\\\/#breadcrumblist\"},\"author\":{\"@id\":\"https:\\\/\\\/candas365.es\\\/noticias\\\/author\\\/admin\\\/#author\"},\"creator\":{\"@id\":\"https:\\\/\\\/candas365.es\\\/noticias\\\/author\\\/admin\\\/#author\"},\"image\":{\"@type\":\"ImageObject\",\"url\":\"https:\\\/\\\/candas365.es\\\/noticias\\\/wp-content\\\/uploads\\\/2015\\\/01\\\/ayuntamiento.jpg\",\"@id\":\"https:\\\/\\\/candas365.es\\\/noticias\\\/campana-para-incentivar-las-compras-en-carreno\\\/#mainImage\",\"width\":800,\"height\":600,\"caption\":\"Carre\\u00f1o\"},\"primaryImageOfPage\":{\"@id\":\"https:\\\/\\\/candas365.es\\\/noticias\\\/campana-para-incentivar-las-compras-en-carreno\\\/#mainImage\"},\"datePublished\":\"2020-04-21T13:50:27+02:00\",\"dateModified\":\"2020-04-25T13:54:12+02:00\"},{\"@type\":\"WebSite\",\"@id\":\"https:\\\/\\\/candas365.es\\\/noticias\\\/#website\",\"url\":\"https:\\\/\\\/candas365.es\\\/noticias\\\/\",\"name\":\"Cand\\u00e1s 365\",\"alternateName\":\"Cand\\u00e1s 365 Noticias\",\"description\":\"Actualidad desde Carre\\u00f1o para el mundo\",\"inLanguage\":\"es-ES\",\"publisher\":{\"@id\":\"https:\\\/\\\/candas365.es\\\/noticias\\\/#organization\"}}]}\n\t\t<\/script>\n\t\t<!-- All in One SEO Pro -->\r\n\t\t<title>Campa\u00f1a para incentivar las compras en Carre\u00f1o | Cand\u00e1s 365<\/title>\n\n","aioseo_head_json":{"title":"Campa\u00f1a para incentivar las compras en Carre\u00f1o | Cand\u00e1s 365","description":"El Consistorio Local perfila en el nuevo presupuesto 2020, que est\u00e1n negociando las diferentes fuerzas pol\u00edticas. En el borrador de presupuestos se contemplan: \u00b7 un nuevo programa de ASA ( Acci\u00f3n de Soporte del Trabajo Aut\u00f3nomo de Carre\u00f1o) dotado con un cr\u00e9dito inicial de 100.000 euros. Dicho programa contempla el conceder una cantidad fija de","canonical_url":"https:\/\/candas365.es\/noticias\/campana-para-incentivar-las-compras-en-carreno\/","robots":"max-image-preview:large","keywords":"noticias carre\u00f1o","webmasterTools":{"google-site-verification":"UA-32230408-1","msvalidate.01":"354F3CDFB2DA171B47FBE9ABF1F88D5","miscellaneous":""},"schema":{"@context":"https:\/\/schema.org","@graph":[{"@type":"BreadcrumbList","@id":"https:\/\/candas365.es\/noticias\/campana-para-incentivar-las-compras-en-carreno\/#breadcrumblist","itemListElement":[{"@type":"ListItem","@id":"https:\/\/candas365.es\/noticias#listItem","position":1,"name":"Home","item":"https:\/\/candas365.es\/noticias","nextItem":{"@type":"ListItem","@id":"https:\/\/candas365.es\/noticias\/category\/noticias-carreno\/#listItem","name":"Noticias Carre\u00f1o"}},{"@type":"ListItem","@id":"https:\/\/candas365.es\/noticias\/category\/noticias-carreno\/#listItem","position":2,"name":"Noticias Carre\u00f1o","item":"https:\/\/candas365.es\/noticias\/category\/noticias-carreno\/","nextItem":{"@type":"ListItem","@id":"https:\/\/candas365.es\/noticias\/campana-para-incentivar-las-compras-en-carreno\/#listItem","name":"Campa\u00f1a para incentivar las compras en Carre\u00f1o"},"previousItem":{"@type":"ListItem","@id":"https:\/\/candas365.es\/noticias#listItem","name":"Home"}},{"@type":"ListItem","@id":"https:\/\/candas365.es\/noticias\/campana-para-incentivar-las-compras-en-carreno\/#listItem","position":3,"name":"Campa\u00f1a para incentivar las compras en Carre\u00f1o","previousItem":{"@type":"ListItem","@id":"https:\/\/candas365.es\/noticias\/category\/noticias-carreno\/#listItem","name":"Noticias Carre\u00f1o"}}]},{"@type":"NewsArticle","@id":"https:\/\/candas365.es\/noticias\/campana-para-incentivar-las-compras-en-carreno\/#newsarticle","name":"Campa\u00f1a para incentivar las compras en Carre\u00f1o | Cand\u00e1s 365","headline":"Campa\u00f1a para incentivar las compras en Carre\u00f1o","author":{"@id":"https:\/\/candas365.es\/noticias\/author\/admin\/#author"},"publisher":{"@id":"https:\/\/candas365.es\/noticias\/#organization"},"image":{"@type":"ImageObject","url":"https:\/\/candas365.es\/noticias\/wp-content\/uploads\/2015\/01\/ayuntamiento.jpg","width":800,"height":600,"caption":"Carre\u00f1o"},"datePublished":"2020-04-21T13:50:27+02:00","dateModified":"2020-04-25T13:54:12+02:00","inLanguage":"es-ES","mainEntityOfPage":{"@id":"https:\/\/candas365.es\/noticias\/campana-para-incentivar-las-compras-en-carreno\/#webpage"},"isPartOf":{"@id":"https:\/\/candas365.es\/noticias\/campana-para-incentivar-las-compras-en-carreno\/#webpage"},"articleSection":"Noticias Carre\u00f1o","dateline":"Publicado el abril 21, 2020."},{"@type":"Organization","@id":"https:\/\/candas365.es\/noticias\/#organization","name":"Cand\u00e1s 365","description":"Cand\u00e1s 365 es un diario digital independiente, fundado en 2012, con base en Asturias. Informamos con rigor sobre actualidad, sociedad, cultura y ocio, con una mirada local y global.","url":"https:\/\/candas365.es\/noticias\/","email":"info@candas365.es","telephone":"+34652131393","foundingDate":"2012-06-10","logo":{"@type":"ImageObject","url":"https:\/\/candas365.es\/noticias\/wp-content\/uploads\/2024\/09\/Candas-365-Redes.jpg","@id":"https:\/\/candas365.es\/noticias\/campana-para-incentivar-las-compras-en-carreno\/#organizationLogo","width":1152,"height":864,"caption":"Cand\u00e1s 365 Redes"},"image":{"@id":"https:\/\/candas365.es\/noticias\/campana-para-incentivar-las-compras-en-carreno\/#organizationLogo"},"sameAs":["https:\/\/www.facebook.com\/Nachofdezber","https:\/\/x.com\/NabercoDigital","https:\/\/www.instagram.com\/nachofdezber\/","https:\/\/www.youtube.com\/channel\/UCZP-2wLEB9Rv6erhFmqVnvg"],"address":{"@id":"https:\/\/candas365.es\/noticias\/#postaladdress","@type":"PostalAddress","streetAddress":"san antonio 4, san antonio 4","postalCode":"33430","addressLocality":"Cand\u00e1s","addressRegion":"Asturias","addressCountry":"ES"}},{"@type":"Person","@id":"https:\/\/candas365.es\/noticias\/author\/admin\/#author","url":"https:\/\/candas365.es\/noticias\/author\/admin\/","name":"Cand\u00e1s 365","image":{"@type":"ImageObject","@id":"https:\/\/candas365.es\/noticias\/campana-para-incentivar-las-compras-en-carreno\/#authorImage","url":"https:\/\/secure.gravatar.com\/avatar\/496a8e03d0c493ede1718b7934145dbdf8d89be1036b0eec9544e1094c9de390?s=96&d=mm&r=g","width":96,"height":96,"caption":"Cand\u00e1s 365"},"sameAs":["https:\/\/www.facebook.com\/carrenoactualidad","https:\/\/twitter.com\/nbasturias","https:\/\/www.instagram.com\/nachofdezber\/","https:\/\/www.youtube.com\/channel\/UCZP-2wLEB9Rv6erhFmqVnvg"]},{"@type":"WebPage","@id":"https:\/\/candas365.es\/noticias\/campana-para-incentivar-las-compras-en-carreno\/#webpage","url":"https:\/\/candas365.es\/noticias\/campana-para-incentivar-las-compras-en-carreno\/","name":"Campa\u00f1a para incentivar las compras en Carre\u00f1o | Cand\u00e1s 365","description":"El Consistorio Local perfila en el nuevo presupuesto 2020, que est\u00e1n negociando las diferentes fuerzas pol\u00edticas. En el borrador de presupuestos se contemplan: \u00b7 un nuevo programa de ASA ( Acci\u00f3n de Soporte del Trabajo Aut\u00f3nomo de Carre\u00f1o) dotado con un cr\u00e9dito inicial de 100.000 euros. Dicho programa contempla el conceder una cantidad fija de","inLanguage":"es-ES","isPartOf":{"@id":"https:\/\/candas365.es\/noticias\/#website"},"breadcrumb":{"@id":"https:\/\/candas365.es\/noticias\/campana-para-incentivar-las-compras-en-carreno\/#breadcrumblist"},"author":{"@id":"https:\/\/candas365.es\/noticias\/author\/admin\/#author"},"creator":{"@id":"https:\/\/candas365.es\/noticias\/author\/admin\/#author"},"image":{"@type":"ImageObject","url":"https:\/\/candas365.es\/noticias\/wp-content\/uploads\/2015\/01\/ayuntamiento.jpg","@id":"https:\/\/candas365.es\/noticias\/campana-para-incentivar-las-compras-en-carreno\/#mainImage","width":800,"height":600,"caption":"Carre\u00f1o"},"primaryImageOfPage":{"@id":"https:\/\/candas365.es\/noticias\/campana-para-incentivar-las-compras-en-carreno\/#mainImage"},"datePublished":"2020-04-21T13:50:27+02:00","dateModified":"2020-04-25T13:54:12+02:00"},{"@type":"WebSite","@id":"https:\/\/candas365.es\/noticias\/#website","url":"https:\/\/candas365.es\/noticias\/","name":"Cand\u00e1s 365","alternateName":"Cand\u00e1s 365 Noticias","description":"Actualidad desde Carre\u00f1o para el mundo","inLanguage":"es-ES","publisher":{"@id":"https:\/\/candas365.es\/noticias\/#organization"}}]},"og:locale":"es_ES","og:site_name":"Cand\u00e1s 365","og:type":"article","og:title":"Campa\u00f1a para incentivar las compras en Carre\u00f1o | Cand\u00e1s 365","og:description":"El Consistorio Local perfila en el nuevo presupuesto 2020, que est\u00e1n negociando las diferentes fuerzas pol\u00edticas. En el borrador de presupuestos se contemplan: \u00b7 un nuevo programa de ASA ( Acci\u00f3n de Soporte del Trabajo Aut\u00f3nomo de Carre\u00f1o) dotado con un cr\u00e9dito inicial de 100.000 euros. Dicho programa contempla el conceder una cantidad fija de","og:url":"https:\/\/candas365.es\/noticias\/campana-para-incentivar-las-compras-en-carreno\/","og:image":"https:\/\/candas365.es\/noticias\/wp-content\/uploads\/2015\/01\/ayuntamiento.jpg","og:image:secure_url":"https:\/\/candas365.es\/noticias\/wp-content\/uploads\/2015\/01\/ayuntamiento.jpg","og:image:width":800,"og:image:height":600,"article:published_time":"2020-04-21T13:50:27+00:00","article:modified_time":"2020-04-25T13:54:12+00:00","article:publisher":"https:\/\/www.facebook.com\/Nachofdezber","article:author":"https:\/\/www.facebook.com\/carrenoactualidad","twitter:card":"summary_large_image","twitter:site":"@NabercoDigital","twitter:title":"Campa\u00f1a para incentivar las compras en Carre\u00f1o | Cand\u00e1s 365","twitter:description":"El Consistorio Local perfila en el nuevo presupuesto 2020, que est\u00e1n negociando las diferentes fuerzas pol\u00edticas. En el borrador de presupuestos se contemplan: \u00b7 un nuevo programa de ASA ( Acci\u00f3n de Soporte del Trabajo Aut\u00f3nomo de Carre\u00f1o) dotado con un cr\u00e9dito inicial de 100.000 euros. Dicho programa contempla el conceder una cantidad fija de","twitter:creator":"@nbasturias","twitter:image":"https:\/\/candas365.es\/noticias\/wp-content\/uploads\/2015\/01\/ayuntamiento.jpg","twitter:label1":"Escrito por","twitter:data1":"Cand\u00e1s 365","twitter:label2":"Tiempo de lectura estimado","twitter:data2":"6 minutos"},"aioseo_meta_data":{"post_id":"141442","title":null,"description":null,"keywords":null,"keyphrases":null,"primary_term":null,"canonical_url":null,"og_title":null,"og_description":null,"og_object_type":"default","og_image_type":"default","og_image_url":null,"og_image_width":null,"og_image_height":null,"og_image_custom_url":null,"og_image_custom_fields":null,"og_video":null,"og_custom_url":null,"og_article_section":null,"og_article_tags":null,"twitter_use_og":false,"twitter_card":"default","twitter_image_type":"default","twitter_image_url":null,"twitter_image_custom_url":null,"twitter_image_custom_fields":null,"twitter_title":null,"twitter_description":null,"schema":{"blockGraphs":[],"customGraphs":[],"default":{"data":{"Article":[],"Course":[],"Dataset":[],"FAQPage":[],"Movie":[],"Person":[],"Product":[],"ProductReview":[],"Car":[],"Recipe":[],"Service":[],"SoftwareApplication":[],"WebPage":[]},"graphName":"","isEnabled":true},"graphs":[]},"schema_type":null,"schema_type_options":null,"pillar_content":false,"robots_default":true,"robots_noindex":false,"robots_noarchive":false,"robots_nosnippet":false,"robots_nofollow":false,"robots_noimageindex":false,"robots_noodp":false,"robots_notranslate":false,"robots_max_snippet":null,"robots_max_videopreview":null,"robots_max_imagepreview":"large","priority":null,"frequency":null,"location":null,"local_seo":null,"seo_analyzer_scan_date":"2025-08-31 03:51:28","breadcrumb_settings":null,"limit_modified_date":false,"reviewed_by":null,"open_ai":null,"ai":null,"created":"2020-12-21 10:42:53","updated":"2025-08-31 03:51:28"},"aioseo_breadcrumb":"<div class=\"aioseo-breadcrumbs\"><span class=\"aioseo-breadcrumb\">\n\t<a href=\"https:\/\/candas365.es\/noticias\" title=\"Home\">Home<\/a>\n<\/span><span class=\"aioseo-breadcrumb-separator\">&ndash;<\/span><span class=\"aioseo-breadcrumb\">\n\t<a href=\"https:\/\/candas365.es\/noticias\/category\/noticias-carreno\/\" title=\"Noticias Carre\u00f1o\">Noticias Carre\u00f1o<\/a>\n<\/span><span class=\"aioseo-breadcrumb-separator\">&ndash;<\/span><span class=\"aioseo-breadcrumb\">\n\tCampa\u00f1a para incentivar las compras en Carre\u00f1o\n<\/span><\/div>","aioseo_breadcrumb_json":[{"label":"Home","link":"https:\/\/candas365.es\/noticias"},{"label":"Noticias Carre\u00f1o","link":"https:\/\/candas365.es\/noticias\/category\/noticias-carreno\/"},{"label":"Campa\u00f1a para incentivar las compras en Carre\u00f1o","link":"https:\/\/candas365.es\/noticias\/campana-para-incentivar-las-compras-en-carreno\/"}],"_links":{"self":[{"href":"https:\/\/candas365.es\/noticias\/wp-json\/wp\/v2\/posts\/141442","targetHints":{"allow":["GET"]}}],"collection":[{"href":"https:\/\/candas365.es\/noticias\/wp-json\/wp\/v2\/posts"}],"about":[{"href":"https:\/\/candas365.es\/noticias\/wp-json\/wp\/v2\/types\/post"}],"author":[{"embeddable":true,"href":"https:\/\/candas365.es\/noticias\/wp-json\/wp\/v2\/users\/1"}],"replies":[{"embeddable":true,"href":"https:\/\/candas365.es\/noticias\/wp-json\/wp\/v2\/comments?post=141442"}],"version-history":[{"count":0,"href":"https:\/\/candas365.es\/noticias\/wp-json\/wp\/v2\/posts\/141442\/revisions"}],"wp:featuredmedia":[{"embeddable":true,"href":"https:\/\/candas365.es\/noticias\/wp-json\/wp\/v2\/media\/6453"}],"wp:attachment":[{"href":"https:\/\/candas365.es\/noticias\/wp-json\/wp\/v2\/media?parent=141442"}],"wp:term":[{"taxonomy":"category","embeddable":true,"href":"https:\/\/candas365.es\/noticias\/wp-json\/wp\/v2\/categories?post=141442"},{"taxonomy":"post_tag","embeddable":true,"href":"https:\/\/candas365.es\/noticias\/wp-json\/wp\/v2\/tags?post=141442"}],"curies":[{"name":"wp","href":"https:\/\/api.w.org\/{rel}","templated":true}]}}