{"id":141439,"date":"2020-04-25T13:34:26","date_gmt":"2020-04-25T13:34:26","guid":{"rendered":"http:\/\/candas365.es\/noticias\/?p=141439"},"modified":"2020-04-25T13:34:26","modified_gmt":"2020-04-25T13:34:26","slug":"covid-19-servicio-de-atencion-odontologico-en-carreno","status":"publish","type":"post","link":"https:\/\/candas365.es\/noticias\/covid-19-servicio-de-atencion-odontologico-en-carreno\/","title":{"rendered":"Covid-19: Servicio de Atenci\u00f3n Odontol\u00f3gico en Carre\u00f1o"},"content":{"rendered":"<p><img fetchpriority=\"high\" decoding=\"async\" class=\"alignleft size-medium wp-image-141440\" src=\"https:\/\/candas365.es\/noticias\/wp-content\/uploads\/2020\/04\/chair-2584260_640-360x240.jpg\" alt=\"\" width=\"360\" height=\"240\" srcset=\"https:\/\/candas365.es\/noticias\/wp-content\/uploads\/2020\/04\/chair-2584260_640-360x240.jpg 360w, https:\/\/candas365.es\/noticias\/wp-content\/uploads\/2020\/04\/chair-2584260_640-631x420.jpg 631w, https:\/\/candas365.es\/noticias\/wp-content\/uploads\/2020\/04\/chair-2584260_640.jpg 640w\" sizes=\"(max-width: 360px) 100vw, 360px\" \/>Debido a la actual situaci\u00f3n de emergencia de salud p\u00fablica desde la Gerencia del \u00e1rea V de Salud nos informan que el<strong> Servicio de Atenci\u00f3n Odontol\u00f3gico a la ciudadan\u00eda de Carre\u00f1o que se ven\u00eda prestando antes de la pandemia en Cand\u00e1s<\/strong>, en el Centro de Salud ahora se presta, s\u00f3lo en casos de urgencia, en el Centro de Salud de La Calzada. Dicha atenci\u00f3n se ha reorganizado en funci\u00f3n de las directrices de la autoridad sanitaria competente.<\/p>\n<p>Por urgencias de odontolog\u00eda se entienden sangrados, fracturas, dolores y flemones. En el resto de las dolencias bucodentales la atenci\u00f3n ser\u00e1 telef\u00f3nica.<\/p>\n<p><strong>En estos casos de urgencia el protocolo a seguir es una primera atenci\u00f3n en el Centro de Salud de Cand\u00e1s<\/strong>, donde tras el estudio de la indisposici\u00f3n, si es necesario, se receta la medicaci\u00f3n precisa para esa enfermedad. En el caso de que sea necesario un\/a dentista de urgencia, debido a la dolencia, se remite al paciente al Centro de Salud de la Calzada donde se encuentra el\/la facultativo\/a especialista en la materia, concert\u00e1ndole una cita.<\/p>\n<p>El Centro de Salud de Cand\u00e1s permanece abierto de Lunes a Viernes de 8 a 22 horas, cerrando sus puertas a partir de las 22 horas. Permaneciendo, en todo momento, la existencia de un servicio de guardia para las urgencias en sus instalaciones.<\/p>\n<p>Tel\u00e9fono de contacto: <strong>Centro de Salud de Cand\u00e1s 985 87 12 16; urgencias 112.<\/strong><\/p>\n<p>Como complemento a este servicio p\u00fablico, se cuenta con la colaboraci\u00f3n de la <strong>C\u00ednica Dental Berejano<\/strong>. La cual se ha puesto a disposici\u00f3n de la coordinaci\u00f3n del Centro para aquellos casos, de urgencia, en los que sea necesaria de su especialidad. Esta cl\u00ednica dental sigue prestando sus servicios de dentista de guardia, el primer contacto se hace de forma telef\u00f3nica (985 88 50 66) y s\u00f3lo en aquellos casos que debido a la patolog\u00eda se hace necesario una cita presencial se desarrolla \u00e9sta, siempre tomando todas las medidas de prevenci\u00f3n necesarias.<\/p>\n<p><strong>La Cl\u00ednica de Per\u00e1n\u00a0 tambi\u00e9n se ha puesto a disposici\u00f3n de los ciudadanos y atiende a la poblaci\u00f3n en el 617492969<\/strong><\/p>\n<p>&nbsp;<\/p>\n","protected":false},"excerpt":{"rendered":"<p>Debido a la actual situaci\u00f3n de emergencia de salud p\u00fablica desde la Gerencia del \u00e1rea V de Salud nos informan que el Servicio de Atenci\u00f3n Odontol\u00f3gico a la ciudadan\u00eda de Carre\u00f1o que se ven\u00eda prestando antes de la pandemia en Cand\u00e1s, en el Centro de Salud ahora se presta, s\u00f3lo en casos de urgencia, en<\/p>\n","protected":false},"author":1,"featured_media":141440,"comment_status":"closed","ping_status":"closed","sticky":false,"template":"","format":"standard","meta":{"footnotes":""},"categories":[2],"tags":[],"class_list":{"0":"post-141439","1":"post","2":"type-post","3":"status-publish","4":"format-standard","5":"has-post-thumbnail","7":"category-noticias-carreno"},"aioseo_notices":[],"aioseo_head":"\n\t\t<!-- All in One SEO Pro 4.9.6.2 - aioseo.com -->\n\t<meta name=\"description\" content=\"Debido a la actual situaci\u00f3n de emergencia de salud p\u00fablica desde la Gerencia del \u00e1rea V de Salud nos informan que el Servicio de Atenci\u00f3n Odontol\u00f3gico a la ciudadan\u00eda de Carre\u00f1o que se ven\u00eda prestando antes de la pandemia en Cand\u00e1s, en el Centro de Salud ahora se presta, s\u00f3lo en casos de urgencia, en\" \/>\n\t<meta name=\"robots\" content=\"max-image-preview:large\" \/>\n\t<meta name=\"author\" content=\"Cand\u00e1s 365\"\/>\n\t<meta name=\"google-site-verification\" content=\"UA-32230408-1\" \/>\n\t<meta name=\"msvalidate.01\" content=\"354F3CDFB2DA171B47FBE9ABF1F88D5\" \/>\n\t<meta name=\"keywords\" content=\"noticias carre\u00f1o\" \/>\n\t<link rel=\"canonical\" href=\"https:\/\/candas365.es\/noticias\/covid-19-servicio-de-atencion-odontologico-en-carreno\/\" \/>\n\t<meta name=\"generator\" content=\"All in One SEO Pro (AIOSEO) 4.9.6.2\" \/>\n\t\t<meta property=\"og:locale\" content=\"es_ES\" \/>\n\t\t<meta property=\"og:site_name\" content=\"Cand\u00e1s 365\" \/>\n\t\t<meta property=\"og:type\" content=\"article\" \/>\n\t\t<meta property=\"og:title\" content=\"Covid-19: Servicio de Atenci\u00f3n Odontol\u00f3gico en Carre\u00f1o | Cand\u00e1s 365\" \/>\n\t\t<meta property=\"og:description\" content=\"Debido a la actual situaci\u00f3n de emergencia de salud p\u00fablica desde la Gerencia del \u00e1rea V de Salud nos informan que el Servicio de Atenci\u00f3n Odontol\u00f3gico a la ciudadan\u00eda de Carre\u00f1o que se ven\u00eda prestando antes de la pandemia en Cand\u00e1s, en el Centro de Salud ahora se presta, s\u00f3lo en casos de urgencia, en\" \/>\n\t\t<meta property=\"og:url\" content=\"https:\/\/candas365.es\/noticias\/covid-19-servicio-de-atencion-odontologico-en-carreno\/\" \/>\n\t\t<meta property=\"og:image\" content=\"https:\/\/candas365.es\/noticias\/wp-content\/uploads\/2020\/04\/chair-2584260_640.jpg\" \/>\n\t\t<meta property=\"og:image:secure_url\" content=\"https:\/\/candas365.es\/noticias\/wp-content\/uploads\/2020\/04\/chair-2584260_640.jpg\" \/>\n\t\t<meta property=\"og:image:width\" content=\"640\" \/>\n\t\t<meta property=\"og:image:height\" content=\"426\" \/>\n\t\t<meta property=\"article:published_time\" content=\"2020-04-25T13:34:26+00:00\" \/>\n\t\t<meta property=\"article:modified_time\" content=\"2020-04-25T13:34:26+00:00\" \/>\n\t\t<meta property=\"article:publisher\" content=\"https:\/\/www.facebook.com\/Nachofdezber\" \/>\n\t\t<meta property=\"article:author\" content=\"https:\/\/www.facebook.com\/carrenoactualidad\" \/>\n\t\t<meta name=\"twitter:card\" content=\"summary_large_image\" \/>\n\t\t<meta name=\"twitter:site\" content=\"@NabercoDigital\" \/>\n\t\t<meta name=\"twitter:title\" content=\"Covid-19: Servicio de Atenci\u00f3n Odontol\u00f3gico en Carre\u00f1o | Cand\u00e1s 365\" \/>\n\t\t<meta name=\"twitter:description\" content=\"Debido a la actual situaci\u00f3n de emergencia de salud p\u00fablica desde la Gerencia del \u00e1rea V de Salud nos informan que el Servicio de Atenci\u00f3n Odontol\u00f3gico a la ciudadan\u00eda de Carre\u00f1o que se ven\u00eda prestando antes de la pandemia en Cand\u00e1s, en el Centro de Salud ahora se presta, s\u00f3lo en casos de urgencia, en\" \/>\n\t\t<meta name=\"twitter:creator\" content=\"@nbasturias\" \/>\n\t\t<meta name=\"twitter:image\" content=\"https:\/\/candas365.es\/noticias\/wp-content\/uploads\/2020\/04\/chair-2584260_640.jpg\" \/>\n\t\t<meta name=\"twitter:label1\" content=\"Escrito por\" \/>\n\t\t<meta name=\"twitter:data1\" content=\"Cand\u00e1s 365\" \/>\n\t\t<meta name=\"twitter:label2\" content=\"Tiempo de lectura estimado\" \/>\n\t\t<meta name=\"twitter:data2\" content=\"2 minutos\" \/>\n\t\t<script type=\"application\/ld+json\" class=\"aioseo-schema\">\n\t\t\t{\"@context\":\"https:\\\/\\\/schema.org\",\"@graph\":[{\"@type\":\"BreadcrumbList\",\"@id\":\"https:\\\/\\\/candas365.es\\\/noticias\\\/covid-19-servicio-de-atencion-odontologico-en-carreno\\\/#breadcrumblist\",\"itemListElement\":[{\"@type\":\"ListItem\",\"@id\":\"https:\\\/\\\/candas365.es\\\/noticias#listItem\",\"position\":1,\"name\":\"Home\",\"item\":\"https:\\\/\\\/candas365.es\\\/noticias\",\"nextItem\":{\"@type\":\"ListItem\",\"@id\":\"https:\\\/\\\/candas365.es\\\/noticias\\\/category\\\/noticias-carreno\\\/#listItem\",\"name\":\"Noticias Carre\\u00f1o\"}},{\"@type\":\"ListItem\",\"@id\":\"https:\\\/\\\/candas365.es\\\/noticias\\\/category\\\/noticias-carreno\\\/#listItem\",\"position\":2,\"name\":\"Noticias Carre\\u00f1o\",\"item\":\"https:\\\/\\\/candas365.es\\\/noticias\\\/category\\\/noticias-carreno\\\/\",\"nextItem\":{\"@type\":\"ListItem\",\"@id\":\"https:\\\/\\\/candas365.es\\\/noticias\\\/covid-19-servicio-de-atencion-odontologico-en-carreno\\\/#listItem\",\"name\":\"Covid-19: Servicio de Atenci\\u00f3n Odontol\\u00f3gico en Carre\\u00f1o\"},\"previousItem\":{\"@type\":\"ListItem\",\"@id\":\"https:\\\/\\\/candas365.es\\\/noticias#listItem\",\"name\":\"Home\"}},{\"@type\":\"ListItem\",\"@id\":\"https:\\\/\\\/candas365.es\\\/noticias\\\/covid-19-servicio-de-atencion-odontologico-en-carreno\\\/#listItem\",\"position\":3,\"name\":\"Covid-19: Servicio de Atenci\\u00f3n Odontol\\u00f3gico en Carre\\u00f1o\",\"previousItem\":{\"@type\":\"ListItem\",\"@id\":\"https:\\\/\\\/candas365.es\\\/noticias\\\/category\\\/noticias-carreno\\\/#listItem\",\"name\":\"Noticias Carre\\u00f1o\"}}]},{\"@type\":\"NewsArticle\",\"@id\":\"https:\\\/\\\/candas365.es\\\/noticias\\\/covid-19-servicio-de-atencion-odontologico-en-carreno\\\/#newsarticle\",\"name\":\"Covid-19: Servicio de Atenci\\u00f3n Odontol\\u00f3gico en Carre\\u00f1o | Cand\\u00e1s 365\",\"headline\":\"Covid-19: Servicio de Atenci\\u00f3n Odontol\\u00f3gico en Carre\\u00f1o\",\"author\":{\"@id\":\"https:\\\/\\\/candas365.es\\\/noticias\\\/author\\\/admin\\\/#author\"},\"publisher\":{\"@id\":\"https:\\\/\\\/candas365.es\\\/noticias\\\/#organization\"},\"image\":{\"@type\":\"ImageObject\",\"url\":\"https:\\\/\\\/candas365.es\\\/noticias\\\/wp-content\\\/uploads\\\/2020\\\/04\\\/chair-2584260_640.jpg\",\"width\":640,\"height\":426},\"datePublished\":\"2020-04-25T13:34:26+02:00\",\"dateModified\":\"2020-04-25T13:34:26+02:00\",\"inLanguage\":\"es-ES\",\"mainEntityOfPage\":{\"@id\":\"https:\\\/\\\/candas365.es\\\/noticias\\\/covid-19-servicio-de-atencion-odontologico-en-carreno\\\/#webpage\"},\"isPartOf\":{\"@id\":\"https:\\\/\\\/candas365.es\\\/noticias\\\/covid-19-servicio-de-atencion-odontologico-en-carreno\\\/#webpage\"},\"articleSection\":\"Noticias Carre\\u00f1o\",\"dateline\":\"Publicado el abril 25, 2020.\"},{\"@type\":\"Organization\",\"@id\":\"https:\\\/\\\/candas365.es\\\/noticias\\\/#organization\",\"name\":\"Cand\\u00e1s 365\",\"description\":\"Cand\\u00e1s 365 es un diario digital independiente, fundado en 2012, con base en Asturias. Informamos con rigor sobre actualidad, sociedad, cultura y ocio, con una mirada local y global.\",\"url\":\"https:\\\/\\\/candas365.es\\\/noticias\\\/\",\"email\":\"info@candas365.es\",\"telephone\":\"+34652131393\",\"foundingDate\":\"2012-06-10\",\"logo\":{\"@type\":\"ImageObject\",\"url\":\"https:\\\/\\\/candas365.es\\\/noticias\\\/wp-content\\\/uploads\\\/2024\\\/09\\\/Candas-365-Redes.jpg\",\"@id\":\"https:\\\/\\\/candas365.es\\\/noticias\\\/covid-19-servicio-de-atencion-odontologico-en-carreno\\\/#organizationLogo\",\"width\":1152,\"height\":864,\"caption\":\"Cand\\u00e1s 365 Redes\"},\"image\":{\"@id\":\"https:\\\/\\\/candas365.es\\\/noticias\\\/covid-19-servicio-de-atencion-odontologico-en-carreno\\\/#organizationLogo\"},\"sameAs\":[\"https:\\\/\\\/www.facebook.com\\\/Nachofdezber\",\"https:\\\/\\\/x.com\\\/NabercoDigital\",\"https:\\\/\\\/www.instagram.com\\\/nachofdezber\\\/\",\"https:\\\/\\\/www.youtube.com\\\/channel\\\/UCZP-2wLEB9Rv6erhFmqVnvg\"],\"address\":{\"@id\":\"https:\\\/\\\/candas365.es\\\/noticias\\\/#postaladdress\",\"@type\":\"PostalAddress\",\"streetAddress\":\"san antonio 4, san antonio 4\",\"postalCode\":\"33430\",\"addressLocality\":\"Cand\\u00e1s\",\"addressRegion\":\"Asturias\",\"addressCountry\":\"ES\"}},{\"@type\":\"Person\",\"@id\":\"https:\\\/\\\/candas365.es\\\/noticias\\\/author\\\/admin\\\/#author\",\"url\":\"https:\\\/\\\/candas365.es\\\/noticias\\\/author\\\/admin\\\/\",\"name\":\"Cand\\u00e1s 365\",\"image\":{\"@type\":\"ImageObject\",\"@id\":\"https:\\\/\\\/candas365.es\\\/noticias\\\/covid-19-servicio-de-atencion-odontologico-en-carreno\\\/#authorImage\",\"url\":\"https:\\\/\\\/secure.gravatar.com\\\/avatar\\\/496a8e03d0c493ede1718b7934145dbdf8d89be1036b0eec9544e1094c9de390?s=96&d=mm&r=g\",\"width\":96,\"height\":96,\"caption\":\"Cand\\u00e1s 365\"},\"sameAs\":[\"https:\\\/\\\/www.facebook.com\\\/carrenoactualidad\",\"https:\\\/\\\/twitter.com\\\/nbasturias\",\"https:\\\/\\\/www.instagram.com\\\/nachofdezber\\\/\",\"https:\\\/\\\/www.youtube.com\\\/channel\\\/UCZP-2wLEB9Rv6erhFmqVnvg\"]},{\"@type\":\"WebPage\",\"@id\":\"https:\\\/\\\/candas365.es\\\/noticias\\\/covid-19-servicio-de-atencion-odontologico-en-carreno\\\/#webpage\",\"url\":\"https:\\\/\\\/candas365.es\\\/noticias\\\/covid-19-servicio-de-atencion-odontologico-en-carreno\\\/\",\"name\":\"Covid-19: Servicio de Atenci\\u00f3n Odontol\\u00f3gico en Carre\\u00f1o | Cand\\u00e1s 365\",\"description\":\"Debido a la actual situaci\\u00f3n de emergencia de salud p\\u00fablica desde la Gerencia del \\u00e1rea V de Salud nos informan que el Servicio de Atenci\\u00f3n Odontol\\u00f3gico a la ciudadan\\u00eda de Carre\\u00f1o que se ven\\u00eda prestando antes de la pandemia en Cand\\u00e1s, en el Centro de Salud ahora se presta, s\\u00f3lo en casos de urgencia, en\",\"inLanguage\":\"es-ES\",\"isPartOf\":{\"@id\":\"https:\\\/\\\/candas365.es\\\/noticias\\\/#website\"},\"breadcrumb\":{\"@id\":\"https:\\\/\\\/candas365.es\\\/noticias\\\/covid-19-servicio-de-atencion-odontologico-en-carreno\\\/#breadcrumblist\"},\"author\":{\"@id\":\"https:\\\/\\\/candas365.es\\\/noticias\\\/author\\\/admin\\\/#author\"},\"creator\":{\"@id\":\"https:\\\/\\\/candas365.es\\\/noticias\\\/author\\\/admin\\\/#author\"},\"image\":{\"@type\":\"ImageObject\",\"url\":\"https:\\\/\\\/candas365.es\\\/noticias\\\/wp-content\\\/uploads\\\/2020\\\/04\\\/chair-2584260_640.jpg\",\"@id\":\"https:\\\/\\\/candas365.es\\\/noticias\\\/covid-19-servicio-de-atencion-odontologico-en-carreno\\\/#mainImage\",\"width\":640,\"height\":426},\"primaryImageOfPage\":{\"@id\":\"https:\\\/\\\/candas365.es\\\/noticias\\\/covid-19-servicio-de-atencion-odontologico-en-carreno\\\/#mainImage\"},\"datePublished\":\"2020-04-25T13:34:26+02:00\",\"dateModified\":\"2020-04-25T13:34:26+02:00\"},{\"@type\":\"WebSite\",\"@id\":\"https:\\\/\\\/candas365.es\\\/noticias\\\/#website\",\"url\":\"https:\\\/\\\/candas365.es\\\/noticias\\\/\",\"name\":\"Cand\\u00e1s 365\",\"alternateName\":\"Cand\\u00e1s 365 Noticias\",\"description\":\"Actualidad desde Carre\\u00f1o para el mundo\",\"inLanguage\":\"es-ES\",\"publisher\":{\"@id\":\"https:\\\/\\\/candas365.es\\\/noticias\\\/#organization\"}}]}\n\t\t<\/script>\n\t\t<!-- All in One SEO Pro -->\r\n\t\t<title>Covid-19: Servicio de Atenci\u00f3n Odontol\u00f3gico en Carre\u00f1o | Cand\u00e1s 365<\/title>\n\n","aioseo_head_json":{"title":"Covid-19: Servicio de Atenci\u00f3n Odontol\u00f3gico en Carre\u00f1o | Cand\u00e1s 365","description":"Debido a la actual situaci\u00f3n de emergencia de salud p\u00fablica desde la Gerencia del \u00e1rea V de Salud nos informan que el Servicio de Atenci\u00f3n Odontol\u00f3gico a la ciudadan\u00eda de Carre\u00f1o que se ven\u00eda prestando antes de la pandemia en Cand\u00e1s, en el Centro de Salud ahora se presta, s\u00f3lo en casos de urgencia, en","canonical_url":"https:\/\/candas365.es\/noticias\/covid-19-servicio-de-atencion-odontologico-en-carreno\/","robots":"max-image-preview:large","keywords":"noticias carre\u00f1o","webmasterTools":{"google-site-verification":"UA-32230408-1","msvalidate.01":"354F3CDFB2DA171B47FBE9ABF1F88D5","miscellaneous":""},"schema":{"@context":"https:\/\/schema.org","@graph":[{"@type":"BreadcrumbList","@id":"https:\/\/candas365.es\/noticias\/covid-19-servicio-de-atencion-odontologico-en-carreno\/#breadcrumblist","itemListElement":[{"@type":"ListItem","@id":"https:\/\/candas365.es\/noticias#listItem","position":1,"name":"Home","item":"https:\/\/candas365.es\/noticias","nextItem":{"@type":"ListItem","@id":"https:\/\/candas365.es\/noticias\/category\/noticias-carreno\/#listItem","name":"Noticias Carre\u00f1o"}},{"@type":"ListItem","@id":"https:\/\/candas365.es\/noticias\/category\/noticias-carreno\/#listItem","position":2,"name":"Noticias Carre\u00f1o","item":"https:\/\/candas365.es\/noticias\/category\/noticias-carreno\/","nextItem":{"@type":"ListItem","@id":"https:\/\/candas365.es\/noticias\/covid-19-servicio-de-atencion-odontologico-en-carreno\/#listItem","name":"Covid-19: Servicio de Atenci\u00f3n Odontol\u00f3gico en Carre\u00f1o"},"previousItem":{"@type":"ListItem","@id":"https:\/\/candas365.es\/noticias#listItem","name":"Home"}},{"@type":"ListItem","@id":"https:\/\/candas365.es\/noticias\/covid-19-servicio-de-atencion-odontologico-en-carreno\/#listItem","position":3,"name":"Covid-19: Servicio de Atenci\u00f3n Odontol\u00f3gico en Carre\u00f1o","previousItem":{"@type":"ListItem","@id":"https:\/\/candas365.es\/noticias\/category\/noticias-carreno\/#listItem","name":"Noticias Carre\u00f1o"}}]},{"@type":"NewsArticle","@id":"https:\/\/candas365.es\/noticias\/covid-19-servicio-de-atencion-odontologico-en-carreno\/#newsarticle","name":"Covid-19: Servicio de Atenci\u00f3n Odontol\u00f3gico en Carre\u00f1o | Cand\u00e1s 365","headline":"Covid-19: Servicio de Atenci\u00f3n Odontol\u00f3gico en Carre\u00f1o","author":{"@id":"https:\/\/candas365.es\/noticias\/author\/admin\/#author"},"publisher":{"@id":"https:\/\/candas365.es\/noticias\/#organization"},"image":{"@type":"ImageObject","url":"https:\/\/candas365.es\/noticias\/wp-content\/uploads\/2020\/04\/chair-2584260_640.jpg","width":640,"height":426},"datePublished":"2020-04-25T13:34:26+02:00","dateModified":"2020-04-25T13:34:26+02:00","inLanguage":"es-ES","mainEntityOfPage":{"@id":"https:\/\/candas365.es\/noticias\/covid-19-servicio-de-atencion-odontologico-en-carreno\/#webpage"},"isPartOf":{"@id":"https:\/\/candas365.es\/noticias\/covid-19-servicio-de-atencion-odontologico-en-carreno\/#webpage"},"articleSection":"Noticias Carre\u00f1o","dateline":"Publicado el abril 25, 2020."},{"@type":"Organization","@id":"https:\/\/candas365.es\/noticias\/#organization","name":"Cand\u00e1s 365","description":"Cand\u00e1s 365 es un diario digital independiente, fundado en 2012, con base en Asturias. Informamos con rigor sobre actualidad, sociedad, cultura y ocio, con una mirada local y global.","url":"https:\/\/candas365.es\/noticias\/","email":"info@candas365.es","telephone":"+34652131393","foundingDate":"2012-06-10","logo":{"@type":"ImageObject","url":"https:\/\/candas365.es\/noticias\/wp-content\/uploads\/2024\/09\/Candas-365-Redes.jpg","@id":"https:\/\/candas365.es\/noticias\/covid-19-servicio-de-atencion-odontologico-en-carreno\/#organizationLogo","width":1152,"height":864,"caption":"Cand\u00e1s 365 Redes"},"image":{"@id":"https:\/\/candas365.es\/noticias\/covid-19-servicio-de-atencion-odontologico-en-carreno\/#organizationLogo"},"sameAs":["https:\/\/www.facebook.com\/Nachofdezber","https:\/\/x.com\/NabercoDigital","https:\/\/www.instagram.com\/nachofdezber\/","https:\/\/www.youtube.com\/channel\/UCZP-2wLEB9Rv6erhFmqVnvg"],"address":{"@id":"https:\/\/candas365.es\/noticias\/#postaladdress","@type":"PostalAddress","streetAddress":"san antonio 4, san antonio 4","postalCode":"33430","addressLocality":"Cand\u00e1s","addressRegion":"Asturias","addressCountry":"ES"}},{"@type":"Person","@id":"https:\/\/candas365.es\/noticias\/author\/admin\/#author","url":"https:\/\/candas365.es\/noticias\/author\/admin\/","name":"Cand\u00e1s 365","image":{"@type":"ImageObject","@id":"https:\/\/candas365.es\/noticias\/covid-19-servicio-de-atencion-odontologico-en-carreno\/#authorImage","url":"https:\/\/secure.gravatar.com\/avatar\/496a8e03d0c493ede1718b7934145dbdf8d89be1036b0eec9544e1094c9de390?s=96&d=mm&r=g","width":96,"height":96,"caption":"Cand\u00e1s 365"},"sameAs":["https:\/\/www.facebook.com\/carrenoactualidad","https:\/\/twitter.com\/nbasturias","https:\/\/www.instagram.com\/nachofdezber\/","https:\/\/www.youtube.com\/channel\/UCZP-2wLEB9Rv6erhFmqVnvg"]},{"@type":"WebPage","@id":"https:\/\/candas365.es\/noticias\/covid-19-servicio-de-atencion-odontologico-en-carreno\/#webpage","url":"https:\/\/candas365.es\/noticias\/covid-19-servicio-de-atencion-odontologico-en-carreno\/","name":"Covid-19: Servicio de Atenci\u00f3n Odontol\u00f3gico en Carre\u00f1o | Cand\u00e1s 365","description":"Debido a la actual situaci\u00f3n de emergencia de salud p\u00fablica desde la Gerencia del \u00e1rea V de Salud nos informan que el Servicio de Atenci\u00f3n Odontol\u00f3gico a la ciudadan\u00eda de Carre\u00f1o que se ven\u00eda prestando antes de la pandemia en Cand\u00e1s, en el Centro de Salud ahora se presta, s\u00f3lo en casos de urgencia, en","inLanguage":"es-ES","isPartOf":{"@id":"https:\/\/candas365.es\/noticias\/#website"},"breadcrumb":{"@id":"https:\/\/candas365.es\/noticias\/covid-19-servicio-de-atencion-odontologico-en-carreno\/#breadcrumblist"},"author":{"@id":"https:\/\/candas365.es\/noticias\/author\/admin\/#author"},"creator":{"@id":"https:\/\/candas365.es\/noticias\/author\/admin\/#author"},"image":{"@type":"ImageObject","url":"https:\/\/candas365.es\/noticias\/wp-content\/uploads\/2020\/04\/chair-2584260_640.jpg","@id":"https:\/\/candas365.es\/noticias\/covid-19-servicio-de-atencion-odontologico-en-carreno\/#mainImage","width":640,"height":426},"primaryImageOfPage":{"@id":"https:\/\/candas365.es\/noticias\/covid-19-servicio-de-atencion-odontologico-en-carreno\/#mainImage"},"datePublished":"2020-04-25T13:34:26+02:00","dateModified":"2020-04-25T13:34:26+02:00"},{"@type":"WebSite","@id":"https:\/\/candas365.es\/noticias\/#website","url":"https:\/\/candas365.es\/noticias\/","name":"Cand\u00e1s 365","alternateName":"Cand\u00e1s 365 Noticias","description":"Actualidad desde Carre\u00f1o para el mundo","inLanguage":"es-ES","publisher":{"@id":"https:\/\/candas365.es\/noticias\/#organization"}}]},"og:locale":"es_ES","og:site_name":"Cand\u00e1s 365","og:type":"article","og:title":"Covid-19: Servicio de Atenci\u00f3n Odontol\u00f3gico en Carre\u00f1o | Cand\u00e1s 365","og:description":"Debido a la actual situaci\u00f3n de emergencia de salud p\u00fablica desde la Gerencia del \u00e1rea V de Salud nos informan que el Servicio de Atenci\u00f3n Odontol\u00f3gico a la ciudadan\u00eda de Carre\u00f1o que se ven\u00eda prestando antes de la pandemia en Cand\u00e1s, en el Centro de Salud ahora se presta, s\u00f3lo en casos de urgencia, en","og:url":"https:\/\/candas365.es\/noticias\/covid-19-servicio-de-atencion-odontologico-en-carreno\/","og:image":"https:\/\/candas365.es\/noticias\/wp-content\/uploads\/2020\/04\/chair-2584260_640.jpg","og:image:secure_url":"https:\/\/candas365.es\/noticias\/wp-content\/uploads\/2020\/04\/chair-2584260_640.jpg","og:image:width":640,"og:image:height":426,"article:published_time":"2020-04-25T13:34:26+00:00","article:modified_time":"2020-04-25T13:34:26+00:00","article:publisher":"https:\/\/www.facebook.com\/Nachofdezber","article:author":"https:\/\/www.facebook.com\/carrenoactualidad","twitter:card":"summary_large_image","twitter:site":"@NabercoDigital","twitter:title":"Covid-19: Servicio de Atenci\u00f3n Odontol\u00f3gico en Carre\u00f1o | Cand\u00e1s 365","twitter:description":"Debido a la actual situaci\u00f3n de emergencia de salud p\u00fablica desde la Gerencia del \u00e1rea V de Salud nos informan que el Servicio de Atenci\u00f3n Odontol\u00f3gico a la ciudadan\u00eda de Carre\u00f1o que se ven\u00eda prestando antes de la pandemia en Cand\u00e1s, en el Centro de Salud ahora se presta, s\u00f3lo en casos de urgencia, en","twitter:creator":"@nbasturias","twitter:image":"https:\/\/candas365.es\/noticias\/wp-content\/uploads\/2020\/04\/chair-2584260_640.jpg","twitter:label1":"Escrito por","twitter:data1":"Cand\u00e1s 365","twitter:label2":"Tiempo de lectura estimado","twitter:data2":"2 minutos"},"aioseo_meta_data":{"post_id":"141439","title":null,"description":null,"keywords":null,"keyphrases":null,"primary_term":null,"canonical_url":null,"og_title":null,"og_description":null,"og_object_type":"default","og_image_type":"default","og_image_url":null,"og_image_width":null,"og_image_height":null,"og_image_custom_url":null,"og_image_custom_fields":null,"og_video":null,"og_custom_url":null,"og_article_section":null,"og_article_tags":null,"twitter_use_og":false,"twitter_card":"default","twitter_image_type":"default","twitter_image_url":null,"twitter_image_custom_url":null,"twitter_image_custom_fields":null,"twitter_title":null,"twitter_description":null,"schema":{"blockGraphs":[],"customGraphs":[],"default":{"data":{"Article":[],"Course":[],"Dataset":[],"FAQPage":[],"Movie":[],"Person":[],"Product":[],"ProductReview":[],"Car":[],"Recipe":[],"Service":[],"SoftwareApplication":[],"WebPage":[]},"graphName":"","isEnabled":true},"graphs":[]},"schema_type":null,"schema_type_options":null,"pillar_content":false,"robots_default":true,"robots_noindex":false,"robots_noarchive":false,"robots_nosnippet":false,"robots_nofollow":false,"robots_noimageindex":false,"robots_noodp":false,"robots_notranslate":false,"robots_max_snippet":null,"robots_max_videopreview":null,"robots_max_imagepreview":"large","priority":null,"frequency":null,"location":null,"local_seo":null,"seo_analyzer_scan_date":"2025-08-31 04:03:10","breadcrumb_settings":null,"limit_modified_date":false,"reviewed_by":null,"open_ai":null,"ai":null,"created":"2020-12-21 10:42:53","updated":"2025-08-31 04:03:10"},"aioseo_breadcrumb":"<div class=\"aioseo-breadcrumbs\"><span class=\"aioseo-breadcrumb\">\n\t<a href=\"https:\/\/candas365.es\/noticias\" title=\"Home\">Home<\/a>\n<\/span><span class=\"aioseo-breadcrumb-separator\">&ndash;<\/span><span class=\"aioseo-breadcrumb\">\n\t<a href=\"https:\/\/candas365.es\/noticias\/category\/noticias-carreno\/\" title=\"Noticias Carre\u00f1o\">Noticias Carre\u00f1o<\/a>\n<\/span><span class=\"aioseo-breadcrumb-separator\">&ndash;<\/span><span class=\"aioseo-breadcrumb\">\n\tCovid-19: Servicio de Atenci\u00f3n Odontol\u00f3gico en Carre\u00f1o\n<\/span><\/div>","aioseo_breadcrumb_json":[{"label":"Home","link":"https:\/\/candas365.es\/noticias"},{"label":"Noticias Carre\u00f1o","link":"https:\/\/candas365.es\/noticias\/category\/noticias-carreno\/"},{"label":"Covid-19: Servicio de Atenci\u00f3n Odontol\u00f3gico en Carre\u00f1o","link":"https:\/\/candas365.es\/noticias\/covid-19-servicio-de-atencion-odontologico-en-carreno\/"}],"_links":{"self":[{"href":"https:\/\/candas365.es\/noticias\/wp-json\/wp\/v2\/posts\/141439","targetHints":{"allow":["GET"]}}],"collection":[{"href":"https:\/\/candas365.es\/noticias\/wp-json\/wp\/v2\/posts"}],"about":[{"href":"https:\/\/candas365.es\/noticias\/wp-json\/wp\/v2\/types\/post"}],"author":[{"embeddable":true,"href":"https:\/\/candas365.es\/noticias\/wp-json\/wp\/v2\/users\/1"}],"replies":[{"embeddable":true,"href":"https:\/\/candas365.es\/noticias\/wp-json\/wp\/v2\/comments?post=141439"}],"version-history":[{"count":0,"href":"https:\/\/candas365.es\/noticias\/wp-json\/wp\/v2\/posts\/141439\/revisions"}],"wp:featuredmedia":[{"embeddable":true,"href":"https:\/\/candas365.es\/noticias\/wp-json\/wp\/v2\/media\/141440"}],"wp:attachment":[{"href":"https:\/\/candas365.es\/noticias\/wp-json\/wp\/v2\/media?parent=141439"}],"wp:term":[{"taxonomy":"category","embeddable":true,"href":"https:\/\/candas365.es\/noticias\/wp-json\/wp\/v2\/categories?post=141439"},{"taxonomy":"post_tag","embeddable":true,"href":"https:\/\/candas365.es\/noticias\/wp-json\/wp\/v2\/tags?post=141439"}],"curies":[{"name":"wp","href":"https:\/\/api.w.org\/{rel}","templated":true}]}}