{"id":141283,"date":"2020-04-21T10:19:46","date_gmt":"2020-04-21T10:19:46","guid":{"rendered":"http:\/\/candas365.es\/noticias\/?p=141283"},"modified":"2020-04-21T10:19:46","modified_gmt":"2020-04-21T10:19:46","slug":"el-patronato-deportivo-municipal-de-carreno-tendra-nuevo-presupuesto","status":"publish","type":"post","link":"https:\/\/candas365.es\/noticias\/el-patronato-deportivo-municipal-de-carreno-tendra-nuevo-presupuesto\/","title":{"rendered":"El Patronato Deportivo Municipal de Carre\u00f1o tendr\u00e1 nuevo presupuesto"},"content":{"rendered":"<p><img fetchpriority=\"high\" decoding=\"async\" class=\"alignleft size-medium wp-image-6453\" src=\"https:\/\/candas365.es\/noticias\/wp-content\/uploads\/2015\/01\/ayuntamiento-360x270.jpg\" alt=\"\" width=\"360\" height=\"270\" srcset=\"https:\/\/candas365.es\/noticias\/wp-content\/uploads\/2015\/01\/ayuntamiento-360x270.jpg 360w, https:\/\/candas365.es\/noticias\/wp-content\/uploads\/2015\/01\/ayuntamiento-640x480.jpg 640w, https:\/\/candas365.es\/noticias\/wp-content\/uploads\/2015\/01\/ayuntamiento-768x576.jpg 768w, https:\/\/candas365.es\/noticias\/wp-content\/uploads\/2015\/01\/ayuntamiento-150x113.jpg 150w, https:\/\/candas365.es\/noticias\/wp-content\/uploads\/2015\/01\/ayuntamiento-450x338.jpg 450w, https:\/\/candas365.es\/noticias\/wp-content\/uploads\/2015\/01\/ayuntamiento-80x60.jpg 80w, https:\/\/candas365.es\/noticias\/wp-content\/uploads\/2015\/01\/ayuntamiento-265x198.jpg 265w, https:\/\/candas365.es\/noticias\/wp-content\/uploads\/2015\/01\/ayuntamiento-696x522.jpg 696w, https:\/\/candas365.es\/noticias\/wp-content\/uploads\/2015\/01\/ayuntamiento-560x420.jpg 560w, https:\/\/candas365.es\/noticias\/wp-content\/uploads\/2015\/01\/ayuntamiento-90x67.jpg 90w, https:\/\/candas365.es\/noticias\/wp-content\/uploads\/2015\/01\/ayuntamiento.jpg 800w\" sizes=\"(max-width: 360px) 100vw, 360px\" \/>El anteproyecto de Presupuesto para el ejercicio 2020 del Patronato Deportivo Municipal se encuentra en estudio por las personas que forman parte de la Junta Rectora de la entidad carre\u00f1ense, es decir, representantes de los centros educativos, del movimiento social y de los grupos pol\u00edticos con representaci\u00f3n en el Consistorio.<\/p>\n<p>Una vez que este \u00f3rgano de gobierno apruebe el borrador, el siguiente paso ser\u00e1 enviar las cuentas al Ayuntamiento para su aprobaci\u00f3n definitiva por la Corporaci\u00f3n de Carre\u00f1o junto con el presupuesto municipal. Pues en este en el que se incluyen las aportaciones que el Ayuntamiento hace al Patronato para que pueda seguir funcionando.<\/p>\n<p>\u201cEl Presupuesto previsto del 2020 del Patronato Deportivo Municipal es de 317.500 \u20ac, es un presupuesto condicionado por las p\u00e9rdidas derivadas, en el \u00faltimo mes, por el cierre de las instalaciones deportivas. Es un presupuesto ajustado a las consecuencias de la crisis sanitaria mundial. Hemos tenido que, de momento, aumentar la aportaci\u00f3n que hemos tenido que implementar en 16.913,10 \u20ac tras la bajada de los ingresos, para contrarrestar las p\u00e9rdidas de la entidad hasta llegar a los 245.300 \u20ac\u201d se\u00f1al\u00f3 Jes\u00fas Varela-Presidente del Patronato Deportivo Municipal.<\/p>\n<p>\u201cA la hora de cuantificar esta aportaci\u00f3n extraordinaria para paliar la bajada de ingresos, el Gerente del Patronato, Manuel Mu\u00f1iz elabor\u00f3 un informe en el que refleja que, el cierre completo de las instalaciones del Polideportivo Municipal \u201cVicente L\u00f3pez Carril\u201d le suponen al Patronato 8.456,55 \u20ac menos de ingresos al mes: 5.036,55 \u20ac por la suspensi\u00f3n de las actividades y 3.150 \u20ac por el uso de las instalaciones. Por lo que la aportaci\u00f3n extraordinaria en previsi\u00f3n de que prosiga esta situaci\u00f3n ser\u00e1 por el importe correspondiente a dos meses de p\u00e9rdidas de ingresos\u201d coment\u00f3 el Presidente.<\/p>\n<p>Del total del Presupuesto el 66,17%, es decir, 210.100 \u20ac son los destinados a los gastos de personal. En la actualidad la plantilla del patronato deportivo est\u00e1 formado por 7 trabajadores\/as: gerente, administrativo\/a, operario\/a de limpieza y 4 oficiales conserjes, de los cuales 2 se encuentran en la situaci\u00f3n de jubilaci\u00f3n parcial o en contrato relevo al 50% de la jornada.<\/p>\n<p>\u201cEntre los documentos que conforman el Presupuesto anual se encuentra la memoria de actividades en las seguimos aplicando la f\u00f3rmula de fomentar el deporte con criterios saludables, puesto que casi la totalidad de actividades que se desarrollan en el polideportivo van enfocadas al ejercicio f\u00edsico no competitivo lo que incide en la concepci\u00f3n del deporte como un patrimonio al que tiene derecho toda la poblaci\u00f3n. Sin olvidarnos de fomentar el deporte base entre la poblaci\u00f3n infantil y juvenil\u201d apunt\u00f3 Varela.<\/p>\n<p>\u201cEste proyecto se divide en dos grandes apartados: las actividades promovidas, organizadas y dirigidas por el Patronato y las actividades realizadas en colaboraci\u00f3n con los clubes y entidades. Dentro del primer apartado \u201ctenemos un abanico de actividades que van desde la guarder\u00eda deportiva gratuita para el p\u00fablico infantil (3 a\u00f1os cumplidos para poder entrar) hasta la actividad f\u00edsica para mayores de 60 practic\u00e1ndolo personas que en alg\u00fan caso llegan a los 90 a\u00f1os, pasando por las escuelas deportivas, los programas estables para p\u00fablico adulto entre los que la Bicicleta Indoor es la m\u00e1s demandada o el deporte de tiempo libre en espacios abiertos, a las que habr\u00eda que sumar la cantidad de actividades y eventos deportivos que se desarrollan en verano\u201d, apostilla el Edil.<\/p>\n<p>\u201cComo ejemplo del patrocinio de estos programas deportivos, cabe se\u00f1alar que anualmente el patronato destina 30.000 \u20ac a las Escuelas Deportivas; 2.900 \u20ac a la Guarder\u00eda Deportiva; 42.100 \u20ac a los programas estables para adultos; 2.000 \u20ac a las excursiones de monta\u00f1a\u201d finaliz\u00f3 el Responsable del \u00c1rea de Deportes.<\/p>\n<p>&nbsp;<\/p>\n","protected":false},"excerpt":{"rendered":"<p>El anteproyecto de Presupuesto para el ejercicio 2020 del Patronato Deportivo Municipal se encuentra en estudio por las personas que forman parte de la Junta Rectora de la entidad carre\u00f1ense, es decir, representantes de los centros educativos, del movimiento social y de los grupos pol\u00edticos con representaci\u00f3n en el Consistorio. Una vez que este \u00f3rgano<\/p>\n","protected":false},"author":1,"featured_media":6453,"comment_status":"closed","ping_status":"closed","sticky":false,"template":"","format":"standard","meta":{"footnotes":""},"categories":[2],"tags":[],"class_list":{"0":"post-141283","1":"post","2":"type-post","3":"status-publish","4":"format-standard","5":"has-post-thumbnail","7":"category-noticias-carreno"},"aioseo_notices":[],"aioseo_head":"\n\t\t<!-- All in One SEO Pro 4.9.6.2 - aioseo.com -->\n\t<meta name=\"description\" content=\"El anteproyecto de Presupuesto para el ejercicio 2020 del Patronato Deportivo Municipal se encuentra en estudio por las personas que forman parte de la Junta Rectora de la entidad carre\u00f1ense, es decir, representantes de los centros educativos, del movimiento social y de los grupos pol\u00edticos con representaci\u00f3n en el Consistorio. Una vez que este \u00f3rgano\" \/>\n\t<meta name=\"robots\" content=\"max-image-preview:large\" \/>\n\t<meta name=\"author\" content=\"Cand\u00e1s 365\"\/>\n\t<meta name=\"google-site-verification\" content=\"UA-32230408-1\" \/>\n\t<meta name=\"msvalidate.01\" content=\"354F3CDFB2DA171B47FBE9ABF1F88D5\" \/>\n\t<meta name=\"keywords\" content=\"noticias carre\u00f1o\" \/>\n\t<link rel=\"canonical\" href=\"https:\/\/candas365.es\/noticias\/el-patronato-deportivo-municipal-de-carreno-tendra-nuevo-presupuesto\/\" \/>\n\t<meta name=\"generator\" content=\"All in One SEO Pro (AIOSEO) 4.9.6.2\" \/>\n\t\t<meta property=\"og:locale\" content=\"es_ES\" \/>\n\t\t<meta property=\"og:site_name\" content=\"Cand\u00e1s 365\" \/>\n\t\t<meta property=\"og:type\" content=\"article\" \/>\n\t\t<meta property=\"og:title\" content=\"El Patronato Deportivo Municipal de Carre\u00f1o tendr\u00e1 nuevo presupuesto | Cand\u00e1s 365\" \/>\n\t\t<meta property=\"og:description\" content=\"El anteproyecto de Presupuesto para el ejercicio 2020 del Patronato Deportivo Municipal se encuentra en estudio por las personas que forman parte de la Junta Rectora de la entidad carre\u00f1ense, es decir, representantes de los centros educativos, del movimiento social y de los grupos pol\u00edticos con representaci\u00f3n en el Consistorio. Una vez que este \u00f3rgano\" \/>\n\t\t<meta property=\"og:url\" content=\"https:\/\/candas365.es\/noticias\/el-patronato-deportivo-municipal-de-carreno-tendra-nuevo-presupuesto\/\" \/>\n\t\t<meta property=\"og:image\" content=\"https:\/\/candas365.es\/noticias\/wp-content\/uploads\/2015\/01\/ayuntamiento.jpg\" \/>\n\t\t<meta property=\"og:image:secure_url\" content=\"https:\/\/candas365.es\/noticias\/wp-content\/uploads\/2015\/01\/ayuntamiento.jpg\" \/>\n\t\t<meta property=\"og:image:width\" content=\"800\" \/>\n\t\t<meta property=\"og:image:height\" content=\"600\" \/>\n\t\t<meta property=\"article:published_time\" content=\"2020-04-21T10:19:46+00:00\" \/>\n\t\t<meta property=\"article:modified_time\" content=\"2020-04-21T10:19:46+00:00\" \/>\n\t\t<meta property=\"article:publisher\" content=\"https:\/\/www.facebook.com\/Nachofdezber\" \/>\n\t\t<meta property=\"article:author\" content=\"https:\/\/www.facebook.com\/carrenoactualidad\" \/>\n\t\t<meta name=\"twitter:card\" content=\"summary_large_image\" \/>\n\t\t<meta name=\"twitter:site\" content=\"@NabercoDigital\" \/>\n\t\t<meta name=\"twitter:title\" content=\"El Patronato Deportivo Municipal de Carre\u00f1o tendr\u00e1 nuevo presupuesto | Cand\u00e1s 365\" \/>\n\t\t<meta name=\"twitter:description\" content=\"El anteproyecto de Presupuesto para el ejercicio 2020 del Patronato Deportivo Municipal se encuentra en estudio por las personas que forman parte de la Junta Rectora de la entidad carre\u00f1ense, es decir, representantes de los centros educativos, del movimiento social y de los grupos pol\u00edticos con representaci\u00f3n en el Consistorio. Una vez que este \u00f3rgano\" \/>\n\t\t<meta name=\"twitter:creator\" content=\"@nbasturias\" \/>\n\t\t<meta name=\"twitter:image\" content=\"https:\/\/candas365.es\/noticias\/wp-content\/uploads\/2015\/01\/ayuntamiento.jpg\" \/>\n\t\t<meta name=\"twitter:label1\" content=\"Escrito por\" \/>\n\t\t<meta name=\"twitter:data1\" content=\"Cand\u00e1s 365\" \/>\n\t\t<meta name=\"twitter:label2\" content=\"Tiempo de lectura estimado\" \/>\n\t\t<meta name=\"twitter:data2\" content=\"3 minutos\" \/>\n\t\t<script type=\"application\/ld+json\" class=\"aioseo-schema\">\n\t\t\t{\"@context\":\"https:\\\/\\\/schema.org\",\"@graph\":[{\"@type\":\"BreadcrumbList\",\"@id\":\"https:\\\/\\\/candas365.es\\\/noticias\\\/el-patronato-deportivo-municipal-de-carreno-tendra-nuevo-presupuesto\\\/#breadcrumblist\",\"itemListElement\":[{\"@type\":\"ListItem\",\"@id\":\"https:\\\/\\\/candas365.es\\\/noticias#listItem\",\"position\":1,\"name\":\"Home\",\"item\":\"https:\\\/\\\/candas365.es\\\/noticias\",\"nextItem\":{\"@type\":\"ListItem\",\"@id\":\"https:\\\/\\\/candas365.es\\\/noticias\\\/category\\\/noticias-carreno\\\/#listItem\",\"name\":\"Noticias Carre\\u00f1o\"}},{\"@type\":\"ListItem\",\"@id\":\"https:\\\/\\\/candas365.es\\\/noticias\\\/category\\\/noticias-carreno\\\/#listItem\",\"position\":2,\"name\":\"Noticias Carre\\u00f1o\",\"item\":\"https:\\\/\\\/candas365.es\\\/noticias\\\/category\\\/noticias-carreno\\\/\",\"nextItem\":{\"@type\":\"ListItem\",\"@id\":\"https:\\\/\\\/candas365.es\\\/noticias\\\/el-patronato-deportivo-municipal-de-carreno-tendra-nuevo-presupuesto\\\/#listItem\",\"name\":\"El Patronato Deportivo Municipal de Carre\\u00f1o tendr\\u00e1 nuevo presupuesto\"},\"previousItem\":{\"@type\":\"ListItem\",\"@id\":\"https:\\\/\\\/candas365.es\\\/noticias#listItem\",\"name\":\"Home\"}},{\"@type\":\"ListItem\",\"@id\":\"https:\\\/\\\/candas365.es\\\/noticias\\\/el-patronato-deportivo-municipal-de-carreno-tendra-nuevo-presupuesto\\\/#listItem\",\"position\":3,\"name\":\"El Patronato Deportivo Municipal de Carre\\u00f1o tendr\\u00e1 nuevo presupuesto\",\"previousItem\":{\"@type\":\"ListItem\",\"@id\":\"https:\\\/\\\/candas365.es\\\/noticias\\\/category\\\/noticias-carreno\\\/#listItem\",\"name\":\"Noticias Carre\\u00f1o\"}}]},{\"@type\":\"NewsArticle\",\"@id\":\"https:\\\/\\\/candas365.es\\\/noticias\\\/el-patronato-deportivo-municipal-de-carreno-tendra-nuevo-presupuesto\\\/#newsarticle\",\"name\":\"El Patronato Deportivo Municipal de Carre\\u00f1o tendr\\u00e1 nuevo presupuesto | Cand\\u00e1s 365\",\"headline\":\"El Patronato Deportivo Municipal de Carre\\u00f1o tendr\\u00e1 nuevo presupuesto\",\"author\":{\"@id\":\"https:\\\/\\\/candas365.es\\\/noticias\\\/author\\\/admin\\\/#author\"},\"publisher\":{\"@id\":\"https:\\\/\\\/candas365.es\\\/noticias\\\/#organization\"},\"image\":{\"@type\":\"ImageObject\",\"url\":\"https:\\\/\\\/candas365.es\\\/noticias\\\/wp-content\\\/uploads\\\/2015\\\/01\\\/ayuntamiento.jpg\",\"width\":800,\"height\":600,\"caption\":\"Carre\\u00f1o\"},\"datePublished\":\"2020-04-21T10:19:46+02:00\",\"dateModified\":\"2020-04-21T10:19:46+02:00\",\"inLanguage\":\"es-ES\",\"mainEntityOfPage\":{\"@id\":\"https:\\\/\\\/candas365.es\\\/noticias\\\/el-patronato-deportivo-municipal-de-carreno-tendra-nuevo-presupuesto\\\/#webpage\"},\"isPartOf\":{\"@id\":\"https:\\\/\\\/candas365.es\\\/noticias\\\/el-patronato-deportivo-municipal-de-carreno-tendra-nuevo-presupuesto\\\/#webpage\"},\"articleSection\":\"Noticias Carre\\u00f1o\",\"dateline\":\"Publicado el abril 21, 2020.\"},{\"@type\":\"Organization\",\"@id\":\"https:\\\/\\\/candas365.es\\\/noticias\\\/#organization\",\"name\":\"Cand\\u00e1s 365\",\"description\":\"Cand\\u00e1s 365 es un diario digital independiente, fundado en 2012, con base en Asturias. Informamos con rigor sobre actualidad, sociedad, cultura y ocio, con una mirada local y global.\",\"url\":\"https:\\\/\\\/candas365.es\\\/noticias\\\/\",\"email\":\"info@candas365.es\",\"telephone\":\"+34652131393\",\"foundingDate\":\"2012-06-10\",\"logo\":{\"@type\":\"ImageObject\",\"url\":\"https:\\\/\\\/candas365.es\\\/noticias\\\/wp-content\\\/uploads\\\/2024\\\/09\\\/Candas-365-Redes.jpg\",\"@id\":\"https:\\\/\\\/candas365.es\\\/noticias\\\/el-patronato-deportivo-municipal-de-carreno-tendra-nuevo-presupuesto\\\/#organizationLogo\",\"width\":1152,\"height\":864,\"caption\":\"Cand\\u00e1s 365 Redes\"},\"image\":{\"@id\":\"https:\\\/\\\/candas365.es\\\/noticias\\\/el-patronato-deportivo-municipal-de-carreno-tendra-nuevo-presupuesto\\\/#organizationLogo\"},\"sameAs\":[\"https:\\\/\\\/www.facebook.com\\\/Nachofdezber\",\"https:\\\/\\\/x.com\\\/NabercoDigital\",\"https:\\\/\\\/www.instagram.com\\\/nachofdezber\\\/\",\"https:\\\/\\\/www.youtube.com\\\/channel\\\/UCZP-2wLEB9Rv6erhFmqVnvg\"],\"address\":{\"@id\":\"https:\\\/\\\/candas365.es\\\/noticias\\\/#postaladdress\",\"@type\":\"PostalAddress\",\"streetAddress\":\"san antonio 4, san antonio 4\",\"postalCode\":\"33430\",\"addressLocality\":\"Cand\\u00e1s\",\"addressRegion\":\"Asturias\",\"addressCountry\":\"ES\"}},{\"@type\":\"Person\",\"@id\":\"https:\\\/\\\/candas365.es\\\/noticias\\\/author\\\/admin\\\/#author\",\"url\":\"https:\\\/\\\/candas365.es\\\/noticias\\\/author\\\/admin\\\/\",\"name\":\"Cand\\u00e1s 365\",\"image\":{\"@type\":\"ImageObject\",\"@id\":\"https:\\\/\\\/candas365.es\\\/noticias\\\/el-patronato-deportivo-municipal-de-carreno-tendra-nuevo-presupuesto\\\/#authorImage\",\"url\":\"https:\\\/\\\/secure.gravatar.com\\\/avatar\\\/496a8e03d0c493ede1718b7934145dbdf8d89be1036b0eec9544e1094c9de390?s=96&d=mm&r=g\",\"width\":96,\"height\":96,\"caption\":\"Cand\\u00e1s 365\"},\"sameAs\":[\"https:\\\/\\\/www.facebook.com\\\/carrenoactualidad\",\"https:\\\/\\\/twitter.com\\\/nbasturias\",\"https:\\\/\\\/www.instagram.com\\\/nachofdezber\\\/\",\"https:\\\/\\\/www.youtube.com\\\/channel\\\/UCZP-2wLEB9Rv6erhFmqVnvg\"]},{\"@type\":\"WebPage\",\"@id\":\"https:\\\/\\\/candas365.es\\\/noticias\\\/el-patronato-deportivo-municipal-de-carreno-tendra-nuevo-presupuesto\\\/#webpage\",\"url\":\"https:\\\/\\\/candas365.es\\\/noticias\\\/el-patronato-deportivo-municipal-de-carreno-tendra-nuevo-presupuesto\\\/\",\"name\":\"El Patronato Deportivo Municipal de Carre\\u00f1o tendr\\u00e1 nuevo presupuesto | Cand\\u00e1s 365\",\"description\":\"El anteproyecto de Presupuesto para el ejercicio 2020 del Patronato Deportivo Municipal se encuentra en estudio por las personas que forman parte de la Junta Rectora de la entidad carre\\u00f1ense, es decir, representantes de los centros educativos, del movimiento social y de los grupos pol\\u00edticos con representaci\\u00f3n en el Consistorio. Una vez que este \\u00f3rgano\",\"inLanguage\":\"es-ES\",\"isPartOf\":{\"@id\":\"https:\\\/\\\/candas365.es\\\/noticias\\\/#website\"},\"breadcrumb\":{\"@id\":\"https:\\\/\\\/candas365.es\\\/noticias\\\/el-patronato-deportivo-municipal-de-carreno-tendra-nuevo-presupuesto\\\/#breadcrumblist\"},\"author\":{\"@id\":\"https:\\\/\\\/candas365.es\\\/noticias\\\/author\\\/admin\\\/#author\"},\"creator\":{\"@id\":\"https:\\\/\\\/candas365.es\\\/noticias\\\/author\\\/admin\\\/#author\"},\"image\":{\"@type\":\"ImageObject\",\"url\":\"https:\\\/\\\/candas365.es\\\/noticias\\\/wp-content\\\/uploads\\\/2015\\\/01\\\/ayuntamiento.jpg\",\"@id\":\"https:\\\/\\\/candas365.es\\\/noticias\\\/el-patronato-deportivo-municipal-de-carreno-tendra-nuevo-presupuesto\\\/#mainImage\",\"width\":800,\"height\":600,\"caption\":\"Carre\\u00f1o\"},\"primaryImageOfPage\":{\"@id\":\"https:\\\/\\\/candas365.es\\\/noticias\\\/el-patronato-deportivo-municipal-de-carreno-tendra-nuevo-presupuesto\\\/#mainImage\"},\"datePublished\":\"2020-04-21T10:19:46+02:00\",\"dateModified\":\"2020-04-21T10:19:46+02:00\"},{\"@type\":\"WebSite\",\"@id\":\"https:\\\/\\\/candas365.es\\\/noticias\\\/#website\",\"url\":\"https:\\\/\\\/candas365.es\\\/noticias\\\/\",\"name\":\"Cand\\u00e1s 365\",\"alternateName\":\"Cand\\u00e1s 365 Noticias\",\"description\":\"Actualidad desde Carre\\u00f1o para el mundo\",\"inLanguage\":\"es-ES\",\"publisher\":{\"@id\":\"https:\\\/\\\/candas365.es\\\/noticias\\\/#organization\"}}]}\n\t\t<\/script>\n\t\t<!-- All in One SEO Pro -->\r\n\t\t<title>El Patronato Deportivo Municipal de Carre\u00f1o tendr\u00e1 nuevo presupuesto | Cand\u00e1s 365<\/title>\n\n","aioseo_head_json":{"title":"El Patronato Deportivo Municipal de Carre\u00f1o tendr\u00e1 nuevo presupuesto | Cand\u00e1s 365","description":"El anteproyecto de Presupuesto para el ejercicio 2020 del Patronato Deportivo Municipal se encuentra en estudio por las personas que forman parte de la Junta Rectora de la entidad carre\u00f1ense, es decir, representantes de los centros educativos, del movimiento social y de los grupos pol\u00edticos con representaci\u00f3n en el Consistorio. Una vez que este \u00f3rgano","canonical_url":"https:\/\/candas365.es\/noticias\/el-patronato-deportivo-municipal-de-carreno-tendra-nuevo-presupuesto\/","robots":"max-image-preview:large","keywords":"noticias carre\u00f1o","webmasterTools":{"google-site-verification":"UA-32230408-1","msvalidate.01":"354F3CDFB2DA171B47FBE9ABF1F88D5","miscellaneous":""},"schema":{"@context":"https:\/\/schema.org","@graph":[{"@type":"BreadcrumbList","@id":"https:\/\/candas365.es\/noticias\/el-patronato-deportivo-municipal-de-carreno-tendra-nuevo-presupuesto\/#breadcrumblist","itemListElement":[{"@type":"ListItem","@id":"https:\/\/candas365.es\/noticias#listItem","position":1,"name":"Home","item":"https:\/\/candas365.es\/noticias","nextItem":{"@type":"ListItem","@id":"https:\/\/candas365.es\/noticias\/category\/noticias-carreno\/#listItem","name":"Noticias Carre\u00f1o"}},{"@type":"ListItem","@id":"https:\/\/candas365.es\/noticias\/category\/noticias-carreno\/#listItem","position":2,"name":"Noticias Carre\u00f1o","item":"https:\/\/candas365.es\/noticias\/category\/noticias-carreno\/","nextItem":{"@type":"ListItem","@id":"https:\/\/candas365.es\/noticias\/el-patronato-deportivo-municipal-de-carreno-tendra-nuevo-presupuesto\/#listItem","name":"El Patronato Deportivo Municipal de Carre\u00f1o tendr\u00e1 nuevo presupuesto"},"previousItem":{"@type":"ListItem","@id":"https:\/\/candas365.es\/noticias#listItem","name":"Home"}},{"@type":"ListItem","@id":"https:\/\/candas365.es\/noticias\/el-patronato-deportivo-municipal-de-carreno-tendra-nuevo-presupuesto\/#listItem","position":3,"name":"El Patronato Deportivo Municipal de Carre\u00f1o tendr\u00e1 nuevo presupuesto","previousItem":{"@type":"ListItem","@id":"https:\/\/candas365.es\/noticias\/category\/noticias-carreno\/#listItem","name":"Noticias Carre\u00f1o"}}]},{"@type":"NewsArticle","@id":"https:\/\/candas365.es\/noticias\/el-patronato-deportivo-municipal-de-carreno-tendra-nuevo-presupuesto\/#newsarticle","name":"El Patronato Deportivo Municipal de Carre\u00f1o tendr\u00e1 nuevo presupuesto | Cand\u00e1s 365","headline":"El Patronato Deportivo Municipal de Carre\u00f1o tendr\u00e1 nuevo presupuesto","author":{"@id":"https:\/\/candas365.es\/noticias\/author\/admin\/#author"},"publisher":{"@id":"https:\/\/candas365.es\/noticias\/#organization"},"image":{"@type":"ImageObject","url":"https:\/\/candas365.es\/noticias\/wp-content\/uploads\/2015\/01\/ayuntamiento.jpg","width":800,"height":600,"caption":"Carre\u00f1o"},"datePublished":"2020-04-21T10:19:46+02:00","dateModified":"2020-04-21T10:19:46+02:00","inLanguage":"es-ES","mainEntityOfPage":{"@id":"https:\/\/candas365.es\/noticias\/el-patronato-deportivo-municipal-de-carreno-tendra-nuevo-presupuesto\/#webpage"},"isPartOf":{"@id":"https:\/\/candas365.es\/noticias\/el-patronato-deportivo-municipal-de-carreno-tendra-nuevo-presupuesto\/#webpage"},"articleSection":"Noticias Carre\u00f1o","dateline":"Publicado el abril 21, 2020."},{"@type":"Organization","@id":"https:\/\/candas365.es\/noticias\/#organization","name":"Cand\u00e1s 365","description":"Cand\u00e1s 365 es un diario digital independiente, fundado en 2012, con base en Asturias. Informamos con rigor sobre actualidad, sociedad, cultura y ocio, con una mirada local y global.","url":"https:\/\/candas365.es\/noticias\/","email":"info@candas365.es","telephone":"+34652131393","foundingDate":"2012-06-10","logo":{"@type":"ImageObject","url":"https:\/\/candas365.es\/noticias\/wp-content\/uploads\/2024\/09\/Candas-365-Redes.jpg","@id":"https:\/\/candas365.es\/noticias\/el-patronato-deportivo-municipal-de-carreno-tendra-nuevo-presupuesto\/#organizationLogo","width":1152,"height":864,"caption":"Cand\u00e1s 365 Redes"},"image":{"@id":"https:\/\/candas365.es\/noticias\/el-patronato-deportivo-municipal-de-carreno-tendra-nuevo-presupuesto\/#organizationLogo"},"sameAs":["https:\/\/www.facebook.com\/Nachofdezber","https:\/\/x.com\/NabercoDigital","https:\/\/www.instagram.com\/nachofdezber\/","https:\/\/www.youtube.com\/channel\/UCZP-2wLEB9Rv6erhFmqVnvg"],"address":{"@id":"https:\/\/candas365.es\/noticias\/#postaladdress","@type":"PostalAddress","streetAddress":"san antonio 4, san antonio 4","postalCode":"33430","addressLocality":"Cand\u00e1s","addressRegion":"Asturias","addressCountry":"ES"}},{"@type":"Person","@id":"https:\/\/candas365.es\/noticias\/author\/admin\/#author","url":"https:\/\/candas365.es\/noticias\/author\/admin\/","name":"Cand\u00e1s 365","image":{"@type":"ImageObject","@id":"https:\/\/candas365.es\/noticias\/el-patronato-deportivo-municipal-de-carreno-tendra-nuevo-presupuesto\/#authorImage","url":"https:\/\/secure.gravatar.com\/avatar\/496a8e03d0c493ede1718b7934145dbdf8d89be1036b0eec9544e1094c9de390?s=96&d=mm&r=g","width":96,"height":96,"caption":"Cand\u00e1s 365"},"sameAs":["https:\/\/www.facebook.com\/carrenoactualidad","https:\/\/twitter.com\/nbasturias","https:\/\/www.instagram.com\/nachofdezber\/","https:\/\/www.youtube.com\/channel\/UCZP-2wLEB9Rv6erhFmqVnvg"]},{"@type":"WebPage","@id":"https:\/\/candas365.es\/noticias\/el-patronato-deportivo-municipal-de-carreno-tendra-nuevo-presupuesto\/#webpage","url":"https:\/\/candas365.es\/noticias\/el-patronato-deportivo-municipal-de-carreno-tendra-nuevo-presupuesto\/","name":"El Patronato Deportivo Municipal de Carre\u00f1o tendr\u00e1 nuevo presupuesto | Cand\u00e1s 365","description":"El anteproyecto de Presupuesto para el ejercicio 2020 del Patronato Deportivo Municipal se encuentra en estudio por las personas que forman parte de la Junta Rectora de la entidad carre\u00f1ense, es decir, representantes de los centros educativos, del movimiento social y de los grupos pol\u00edticos con representaci\u00f3n en el Consistorio. Una vez que este \u00f3rgano","inLanguage":"es-ES","isPartOf":{"@id":"https:\/\/candas365.es\/noticias\/#website"},"breadcrumb":{"@id":"https:\/\/candas365.es\/noticias\/el-patronato-deportivo-municipal-de-carreno-tendra-nuevo-presupuesto\/#breadcrumblist"},"author":{"@id":"https:\/\/candas365.es\/noticias\/author\/admin\/#author"},"creator":{"@id":"https:\/\/candas365.es\/noticias\/author\/admin\/#author"},"image":{"@type":"ImageObject","url":"https:\/\/candas365.es\/noticias\/wp-content\/uploads\/2015\/01\/ayuntamiento.jpg","@id":"https:\/\/candas365.es\/noticias\/el-patronato-deportivo-municipal-de-carreno-tendra-nuevo-presupuesto\/#mainImage","width":800,"height":600,"caption":"Carre\u00f1o"},"primaryImageOfPage":{"@id":"https:\/\/candas365.es\/noticias\/el-patronato-deportivo-municipal-de-carreno-tendra-nuevo-presupuesto\/#mainImage"},"datePublished":"2020-04-21T10:19:46+02:00","dateModified":"2020-04-21T10:19:46+02:00"},{"@type":"WebSite","@id":"https:\/\/candas365.es\/noticias\/#website","url":"https:\/\/candas365.es\/noticias\/","name":"Cand\u00e1s 365","alternateName":"Cand\u00e1s 365 Noticias","description":"Actualidad desde Carre\u00f1o para el mundo","inLanguage":"es-ES","publisher":{"@id":"https:\/\/candas365.es\/noticias\/#organization"}}]},"og:locale":"es_ES","og:site_name":"Cand\u00e1s 365","og:type":"article","og:title":"El Patronato Deportivo Municipal de Carre\u00f1o tendr\u00e1 nuevo presupuesto | Cand\u00e1s 365","og:description":"El anteproyecto de Presupuesto para el ejercicio 2020 del Patronato Deportivo Municipal se encuentra en estudio por las personas que forman parte de la Junta Rectora de la entidad carre\u00f1ense, es decir, representantes de los centros educativos, del movimiento social y de los grupos pol\u00edticos con representaci\u00f3n en el Consistorio. Una vez que este \u00f3rgano","og:url":"https:\/\/candas365.es\/noticias\/el-patronato-deportivo-municipal-de-carreno-tendra-nuevo-presupuesto\/","og:image":"https:\/\/candas365.es\/noticias\/wp-content\/uploads\/2015\/01\/ayuntamiento.jpg","og:image:secure_url":"https:\/\/candas365.es\/noticias\/wp-content\/uploads\/2015\/01\/ayuntamiento.jpg","og:image:width":800,"og:image:height":600,"article:published_time":"2020-04-21T10:19:46+00:00","article:modified_time":"2020-04-21T10:19:46+00:00","article:publisher":"https:\/\/www.facebook.com\/Nachofdezber","article:author":"https:\/\/www.facebook.com\/carrenoactualidad","twitter:card":"summary_large_image","twitter:site":"@NabercoDigital","twitter:title":"El Patronato Deportivo Municipal de Carre\u00f1o tendr\u00e1 nuevo presupuesto | Cand\u00e1s 365","twitter:description":"El anteproyecto de Presupuesto para el ejercicio 2020 del Patronato Deportivo Municipal se encuentra en estudio por las personas que forman parte de la Junta Rectora de la entidad carre\u00f1ense, es decir, representantes de los centros educativos, del movimiento social y de los grupos pol\u00edticos con representaci\u00f3n en el Consistorio. Una vez que este \u00f3rgano","twitter:creator":"@nbasturias","twitter:image":"https:\/\/candas365.es\/noticias\/wp-content\/uploads\/2015\/01\/ayuntamiento.jpg","twitter:label1":"Escrito por","twitter:data1":"Cand\u00e1s 365","twitter:label2":"Tiempo de lectura estimado","twitter:data2":"3 minutos"},"aioseo_meta_data":{"post_id":"141283","title":null,"description":null,"keywords":null,"keyphrases":null,"primary_term":null,"canonical_url":null,"og_title":null,"og_description":null,"og_object_type":"default","og_image_type":"default","og_image_url":null,"og_image_width":null,"og_image_height":null,"og_image_custom_url":null,"og_image_custom_fields":null,"og_video":null,"og_custom_url":null,"og_article_section":null,"og_article_tags":null,"twitter_use_og":false,"twitter_card":"default","twitter_image_type":"default","twitter_image_url":null,"twitter_image_custom_url":null,"twitter_image_custom_fields":null,"twitter_title":null,"twitter_description":null,"schema":{"blockGraphs":[],"customGraphs":[],"default":{"data":{"Article":[],"Course":[],"Dataset":[],"FAQPage":[],"Movie":[],"Person":[],"Product":[],"ProductReview":[],"Car":[],"Recipe":[],"Service":[],"SoftwareApplication":[],"WebPage":[]},"graphName":"","isEnabled":true},"graphs":[],"defaultGraph":"","defaultPostTypeGraph":""},"schema_type":null,"schema_type_options":null,"pillar_content":false,"robots_default":true,"robots_noindex":false,"robots_noarchive":false,"robots_nosnippet":false,"robots_nofollow":false,"robots_noimageindex":false,"robots_noodp":false,"robots_notranslate":false,"robots_max_snippet":null,"robots_max_videopreview":null,"robots_max_imagepreview":"large","priority":null,"frequency":null,"location":null,"local_seo":null,"seo_analyzer_scan_date":"2025-08-31 03:51:28","breadcrumb_settings":null,"limit_modified_date":false,"reviewed_by":null,"open_ai":null,"ai":null,"created":"2020-12-21 10:43:01","updated":"2025-08-31 03:51:28"},"aioseo_breadcrumb":"<div class=\"aioseo-breadcrumbs\"><span class=\"aioseo-breadcrumb\">\n\t<a href=\"https:\/\/candas365.es\/noticias\" title=\"Home\">Home<\/a>\n<\/span><span class=\"aioseo-breadcrumb-separator\">&ndash;<\/span><span class=\"aioseo-breadcrumb\">\n\t<a href=\"https:\/\/candas365.es\/noticias\/category\/noticias-carreno\/\" title=\"Noticias Carre\u00f1o\">Noticias Carre\u00f1o<\/a>\n<\/span><span class=\"aioseo-breadcrumb-separator\">&ndash;<\/span><span class=\"aioseo-breadcrumb\">\n\tEl Patronato Deportivo Municipal de Carre\u00f1o tendr\u00e1 nuevo presupuesto\n<\/span><\/div>","aioseo_breadcrumb_json":[{"label":"Home","link":"https:\/\/candas365.es\/noticias"},{"label":"Noticias Carre\u00f1o","link":"https:\/\/candas365.es\/noticias\/category\/noticias-carreno\/"},{"label":"El Patronato Deportivo Municipal de Carre\u00f1o tendr\u00e1 nuevo presupuesto","link":"https:\/\/candas365.es\/noticias\/el-patronato-deportivo-municipal-de-carreno-tendra-nuevo-presupuesto\/"}],"_links":{"self":[{"href":"https:\/\/candas365.es\/noticias\/wp-json\/wp\/v2\/posts\/141283","targetHints":{"allow":["GET"]}}],"collection":[{"href":"https:\/\/candas365.es\/noticias\/wp-json\/wp\/v2\/posts"}],"about":[{"href":"https:\/\/candas365.es\/noticias\/wp-json\/wp\/v2\/types\/post"}],"author":[{"embeddable":true,"href":"https:\/\/candas365.es\/noticias\/wp-json\/wp\/v2\/users\/1"}],"replies":[{"embeddable":true,"href":"https:\/\/candas365.es\/noticias\/wp-json\/wp\/v2\/comments?post=141283"}],"version-history":[{"count":0,"href":"https:\/\/candas365.es\/noticias\/wp-json\/wp\/v2\/posts\/141283\/revisions"}],"wp:featuredmedia":[{"embeddable":true,"href":"https:\/\/candas365.es\/noticias\/wp-json\/wp\/v2\/media\/6453"}],"wp:attachment":[{"href":"https:\/\/candas365.es\/noticias\/wp-json\/wp\/v2\/media?parent=141283"}],"wp:term":[{"taxonomy":"category","embeddable":true,"href":"https:\/\/candas365.es\/noticias\/wp-json\/wp\/v2\/categories?post=141283"},{"taxonomy":"post_tag","embeddable":true,"href":"https:\/\/candas365.es\/noticias\/wp-json\/wp\/v2\/tags?post=141283"}],"curies":[{"name":"wp","href":"https:\/\/api.w.org\/{rel}","templated":true}]}}