{"id":141275,"date":"2020-04-21T09:12:37","date_gmt":"2020-04-21T09:12:37","guid":{"rendered":"http:\/\/candas365.es\/noticias\/?p=141275"},"modified":"2020-04-21T09:12:37","modified_gmt":"2020-04-21T09:12:37","slug":"canceladas-las-fiestas-de-perlora-2020","status":"publish","type":"post","link":"https:\/\/candas365.es\/noticias\/canceladas-las-fiestas-de-perlora-2020\/","title":{"rendered":"Canceladas las fiestas de Perlora 2020"},"content":{"rendered":"<p><img fetchpriority=\"high\" decoding=\"async\" class=\"alignleft size-medium wp-image-139525\" src=\"https:\/\/candas365.es\/noticias\/wp-content\/uploads\/2020\/03\/connection-4885308_640-360x245.jpg\" alt=\"\" width=\"360\" height=\"245\" srcset=\"https:\/\/candas365.es\/noticias\/wp-content\/uploads\/2020\/03\/connection-4885308_640-360x245.jpg 360w, https:\/\/candas365.es\/noticias\/wp-content\/uploads\/2020\/03\/connection-4885308_640-617x420.jpg 617w, https:\/\/candas365.es\/noticias\/wp-content\/uploads\/2020\/03\/connection-4885308_640.jpg 640w\" sizes=\"(max-width: 360px) 100vw, 360px\" \/>La Comisi\u00f3n de Festejos \u201cEl Salvador\u201d de Perlora, que preside, Alejando Pajares, despu\u00e9s de 21 a\u00f1os ininterrumpidos celebrando sus fiestas parroquiales, el segundo fin de semana de Julio, acord\u00f3, dada la situaci\u00f3n sanitaria, suspender las mismas este a\u00f1o.<\/p>\n<p><strong>Trasladaron a la Ayuntamiento su decisi\u00f3n y la renuncia expresa a la subvenci\u00f3n anual que<\/strong>, a tal fin, recib\u00edan por parte del Ayuntamiento.<\/p>\n<p>Formalmente trasladaron a la Alcald\u00eda que no van a concurrir a la l\u00ednea de subvenciones de festejos por considerar que, en estas circunstancias, <strong>dicho dinero ser\u00e1 m\u00e1s necesario para otros destinatarios y finalidades<\/strong>.<\/p>\n<p>\u00abEl gobierno local, agradece el esfuerzo de la Comisi\u00f3n, su trabajo encomiable todos estos a\u00f1os organizando una de las romer\u00edas m\u00e1s esperadas del concejo con un variado programa. La cuant\u00eda econ\u00f3mica que no se destinar\u00e1 a dicha celebraci\u00f3n el Ayuntamiento la dedicar\u00e1 para las ayudas municipales impulsadas para hacer frente al COVID-19\u00bb, han informado desde el Ayuntamiento.<\/p>\n","protected":false},"excerpt":{"rendered":"<p>La Comisi\u00f3n de Festejos \u201cEl Salvador\u201d de Perlora, que preside, Alejando Pajares, despu\u00e9s de 21 a\u00f1os ininterrumpidos celebrando sus fiestas parroquiales, el segundo fin de semana de Julio, acord\u00f3, dada la situaci\u00f3n sanitaria, suspender las mismas este a\u00f1o. Trasladaron a la Ayuntamiento su decisi\u00f3n y la renuncia expresa a la subvenci\u00f3n anual que, a tal<\/p>\n","protected":false},"author":1,"featured_media":139525,"comment_status":"closed","ping_status":"closed","sticky":false,"template":"","format":"standard","meta":{"footnotes":""},"categories":[2],"tags":[],"class_list":{"0":"post-141275","1":"post","2":"type-post","3":"status-publish","4":"format-standard","5":"has-post-thumbnail","7":"category-noticias-carreno"},"aioseo_notices":[],"aioseo_head":"\n\t\t<!-- All in One SEO Pro 4.9.6.2 - aioseo.com -->\n\t<meta name=\"description\" content=\"La Comisi\u00f3n de Festejos \u201cEl Salvador\u201d de Perlora, que preside, Alejando Pajares, despu\u00e9s de 21 a\u00f1os ininterrumpidos celebrando sus fiestas parroquiales, el segundo fin de semana de Julio, acord\u00f3, dada la situaci\u00f3n sanitaria, suspender las mismas este a\u00f1o. Trasladaron a la Ayuntamiento su decisi\u00f3n y la renuncia expresa a la subvenci\u00f3n anual que, a tal\" \/>\n\t<meta name=\"robots\" content=\"max-image-preview:large\" \/>\n\t<meta name=\"author\" content=\"Cand\u00e1s 365\"\/>\n\t<meta name=\"google-site-verification\" content=\"UA-32230408-1\" \/>\n\t<meta name=\"msvalidate.01\" content=\"354F3CDFB2DA171B47FBE9ABF1F88D5\" \/>\n\t<meta name=\"keywords\" content=\"noticias carre\u00f1o\" \/>\n\t<link rel=\"canonical\" href=\"https:\/\/candas365.es\/noticias\/canceladas-las-fiestas-de-perlora-2020\/\" \/>\n\t<meta name=\"generator\" content=\"All in One SEO Pro (AIOSEO) 4.9.6.2\" \/>\n\t\t<meta property=\"og:locale\" content=\"es_ES\" \/>\n\t\t<meta property=\"og:site_name\" content=\"Cand\u00e1s 365\" \/>\n\t\t<meta property=\"og:type\" content=\"article\" \/>\n\t\t<meta property=\"og:title\" content=\"Canceladas las fiestas de Perlora 2020 | Cand\u00e1s 365\" \/>\n\t\t<meta property=\"og:description\" content=\"La Comisi\u00f3n de Festejos \u201cEl Salvador\u201d de Perlora, que preside, Alejando Pajares, despu\u00e9s de 21 a\u00f1os ininterrumpidos celebrando sus fiestas parroquiales, el segundo fin de semana de Julio, acord\u00f3, dada la situaci\u00f3n sanitaria, suspender las mismas este a\u00f1o. Trasladaron a la Ayuntamiento su decisi\u00f3n y la renuncia expresa a la subvenci\u00f3n anual que, a tal\" \/>\n\t\t<meta property=\"og:url\" content=\"https:\/\/candas365.es\/noticias\/canceladas-las-fiestas-de-perlora-2020\/\" \/>\n\t\t<meta property=\"og:image\" content=\"https:\/\/candas365.es\/noticias\/wp-content\/uploads\/2020\/03\/connection-4885308_640.jpg\" \/>\n\t\t<meta property=\"og:image:secure_url\" content=\"https:\/\/candas365.es\/noticias\/wp-content\/uploads\/2020\/03\/connection-4885308_640.jpg\" \/>\n\t\t<meta property=\"og:image:width\" content=\"640\" \/>\n\t\t<meta property=\"og:image:height\" content=\"436\" \/>\n\t\t<meta property=\"article:published_time\" content=\"2020-04-21T09:12:37+00:00\" \/>\n\t\t<meta property=\"article:modified_time\" content=\"2020-04-21T09:12:37+00:00\" \/>\n\t\t<meta property=\"article:publisher\" content=\"https:\/\/www.facebook.com\/Nachofdezber\" \/>\n\t\t<meta property=\"article:author\" content=\"https:\/\/www.facebook.com\/carrenoactualidad\" \/>\n\t\t<meta name=\"twitter:card\" content=\"summary_large_image\" \/>\n\t\t<meta name=\"twitter:site\" content=\"@NabercoDigital\" \/>\n\t\t<meta name=\"twitter:title\" content=\"Canceladas las fiestas de Perlora 2020 | Cand\u00e1s 365\" \/>\n\t\t<meta name=\"twitter:description\" content=\"La Comisi\u00f3n de Festejos \u201cEl Salvador\u201d de Perlora, que preside, Alejando Pajares, despu\u00e9s de 21 a\u00f1os ininterrumpidos celebrando sus fiestas parroquiales, el segundo fin de semana de Julio, acord\u00f3, dada la situaci\u00f3n sanitaria, suspender las mismas este a\u00f1o. Trasladaron a la Ayuntamiento su decisi\u00f3n y la renuncia expresa a la subvenci\u00f3n anual que, a tal\" \/>\n\t\t<meta name=\"twitter:creator\" content=\"@nbasturias\" \/>\n\t\t<meta name=\"twitter:image\" content=\"https:\/\/candas365.es\/noticias\/wp-content\/uploads\/2020\/03\/connection-4885308_640.jpg\" \/>\n\t\t<meta name=\"twitter:label1\" content=\"Escrito por\" \/>\n\t\t<meta name=\"twitter:data1\" content=\"Cand\u00e1s 365\" \/>\n\t\t<meta name=\"twitter:label2\" content=\"Tiempo de lectura estimado\" \/>\n\t\t<meta name=\"twitter:data2\" content=\"1 minuto\" \/>\n\t\t<script type=\"application\/ld+json\" class=\"aioseo-schema\">\n\t\t\t{\"@context\":\"https:\\\/\\\/schema.org\",\"@graph\":[{\"@type\":\"BreadcrumbList\",\"@id\":\"https:\\\/\\\/candas365.es\\\/noticias\\\/canceladas-las-fiestas-de-perlora-2020\\\/#breadcrumblist\",\"itemListElement\":[{\"@type\":\"ListItem\",\"@id\":\"https:\\\/\\\/candas365.es\\\/noticias#listItem\",\"position\":1,\"name\":\"Home\",\"item\":\"https:\\\/\\\/candas365.es\\\/noticias\",\"nextItem\":{\"@type\":\"ListItem\",\"@id\":\"https:\\\/\\\/candas365.es\\\/noticias\\\/category\\\/noticias-carreno\\\/#listItem\",\"name\":\"Noticias Carre\\u00f1o\"}},{\"@type\":\"ListItem\",\"@id\":\"https:\\\/\\\/candas365.es\\\/noticias\\\/category\\\/noticias-carreno\\\/#listItem\",\"position\":2,\"name\":\"Noticias Carre\\u00f1o\",\"item\":\"https:\\\/\\\/candas365.es\\\/noticias\\\/category\\\/noticias-carreno\\\/\",\"nextItem\":{\"@type\":\"ListItem\",\"@id\":\"https:\\\/\\\/candas365.es\\\/noticias\\\/canceladas-las-fiestas-de-perlora-2020\\\/#listItem\",\"name\":\"Canceladas las fiestas de Perlora 2020\"},\"previousItem\":{\"@type\":\"ListItem\",\"@id\":\"https:\\\/\\\/candas365.es\\\/noticias#listItem\",\"name\":\"Home\"}},{\"@type\":\"ListItem\",\"@id\":\"https:\\\/\\\/candas365.es\\\/noticias\\\/canceladas-las-fiestas-de-perlora-2020\\\/#listItem\",\"position\":3,\"name\":\"Canceladas las fiestas de Perlora 2020\",\"previousItem\":{\"@type\":\"ListItem\",\"@id\":\"https:\\\/\\\/candas365.es\\\/noticias\\\/category\\\/noticias-carreno\\\/#listItem\",\"name\":\"Noticias Carre\\u00f1o\"}}]},{\"@type\":\"NewsArticle\",\"@id\":\"https:\\\/\\\/candas365.es\\\/noticias\\\/canceladas-las-fiestas-de-perlora-2020\\\/#newsarticle\",\"name\":\"Canceladas las fiestas de Perlora 2020 | Cand\\u00e1s 365\",\"headline\":\"Canceladas las fiestas de Perlora 2020\",\"author\":{\"@id\":\"https:\\\/\\\/candas365.es\\\/noticias\\\/author\\\/admin\\\/#author\"},\"publisher\":{\"@id\":\"https:\\\/\\\/candas365.es\\\/noticias\\\/#organization\"},\"image\":{\"@type\":\"ImageObject\",\"url\":\"https:\\\/\\\/candas365.es\\\/noticias\\\/wp-content\\\/uploads\\\/2020\\\/03\\\/connection-4885308_640.jpg\",\"width\":640,\"height\":436},\"datePublished\":\"2020-04-21T09:12:37+02:00\",\"dateModified\":\"2020-04-21T09:12:37+02:00\",\"inLanguage\":\"es-ES\",\"mainEntityOfPage\":{\"@id\":\"https:\\\/\\\/candas365.es\\\/noticias\\\/canceladas-las-fiestas-de-perlora-2020\\\/#webpage\"},\"isPartOf\":{\"@id\":\"https:\\\/\\\/candas365.es\\\/noticias\\\/canceladas-las-fiestas-de-perlora-2020\\\/#webpage\"},\"articleSection\":\"Noticias Carre\\u00f1o\",\"dateline\":\"Publicado el abril 21, 2020.\"},{\"@type\":\"Organization\",\"@id\":\"https:\\\/\\\/candas365.es\\\/noticias\\\/#organization\",\"name\":\"Cand\\u00e1s 365\",\"description\":\"Cand\\u00e1s 365 es un diario digital independiente, fundado en 2012, con base en Asturias. Informamos con rigor sobre actualidad, sociedad, cultura y ocio, con una mirada local y global.\",\"url\":\"https:\\\/\\\/candas365.es\\\/noticias\\\/\",\"email\":\"info@candas365.es\",\"telephone\":\"+34652131393\",\"foundingDate\":\"2012-06-10\",\"logo\":{\"@type\":\"ImageObject\",\"url\":\"https:\\\/\\\/candas365.es\\\/noticias\\\/wp-content\\\/uploads\\\/2024\\\/09\\\/Candas-365-Redes.jpg\",\"@id\":\"https:\\\/\\\/candas365.es\\\/noticias\\\/canceladas-las-fiestas-de-perlora-2020\\\/#organizationLogo\",\"width\":1152,\"height\":864,\"caption\":\"Cand\\u00e1s 365 Redes\"},\"image\":{\"@id\":\"https:\\\/\\\/candas365.es\\\/noticias\\\/canceladas-las-fiestas-de-perlora-2020\\\/#organizationLogo\"},\"sameAs\":[\"https:\\\/\\\/www.facebook.com\\\/Nachofdezber\",\"https:\\\/\\\/x.com\\\/NabercoDigital\",\"https:\\\/\\\/www.instagram.com\\\/nachofdezber\\\/\",\"https:\\\/\\\/www.youtube.com\\\/channel\\\/UCZP-2wLEB9Rv6erhFmqVnvg\"],\"address\":{\"@id\":\"https:\\\/\\\/candas365.es\\\/noticias\\\/#postaladdress\",\"@type\":\"PostalAddress\",\"streetAddress\":\"san antonio 4, san antonio 4\",\"postalCode\":\"33430\",\"addressLocality\":\"Cand\\u00e1s\",\"addressRegion\":\"Asturias\",\"addressCountry\":\"ES\"}},{\"@type\":\"Person\",\"@id\":\"https:\\\/\\\/candas365.es\\\/noticias\\\/author\\\/admin\\\/#author\",\"url\":\"https:\\\/\\\/candas365.es\\\/noticias\\\/author\\\/admin\\\/\",\"name\":\"Cand\\u00e1s 365\",\"image\":{\"@type\":\"ImageObject\",\"@id\":\"https:\\\/\\\/candas365.es\\\/noticias\\\/canceladas-las-fiestas-de-perlora-2020\\\/#authorImage\",\"url\":\"https:\\\/\\\/secure.gravatar.com\\\/avatar\\\/496a8e03d0c493ede1718b7934145dbdf8d89be1036b0eec9544e1094c9de390?s=96&d=mm&r=g\",\"width\":96,\"height\":96,\"caption\":\"Cand\\u00e1s 365\"},\"sameAs\":[\"https:\\\/\\\/www.facebook.com\\\/carrenoactualidad\",\"https:\\\/\\\/twitter.com\\\/nbasturias\",\"https:\\\/\\\/www.instagram.com\\\/nachofdezber\\\/\",\"https:\\\/\\\/www.youtube.com\\\/channel\\\/UCZP-2wLEB9Rv6erhFmqVnvg\"]},{\"@type\":\"WebPage\",\"@id\":\"https:\\\/\\\/candas365.es\\\/noticias\\\/canceladas-las-fiestas-de-perlora-2020\\\/#webpage\",\"url\":\"https:\\\/\\\/candas365.es\\\/noticias\\\/canceladas-las-fiestas-de-perlora-2020\\\/\",\"name\":\"Canceladas las fiestas de Perlora 2020 | Cand\\u00e1s 365\",\"description\":\"La Comisi\\u00f3n de Festejos \\u201cEl Salvador\\u201d de Perlora, que preside, Alejando Pajares, despu\\u00e9s de 21 a\\u00f1os ininterrumpidos celebrando sus fiestas parroquiales, el segundo fin de semana de Julio, acord\\u00f3, dada la situaci\\u00f3n sanitaria, suspender las mismas este a\\u00f1o. Trasladaron a la Ayuntamiento su decisi\\u00f3n y la renuncia expresa a la subvenci\\u00f3n anual que, a tal\",\"inLanguage\":\"es-ES\",\"isPartOf\":{\"@id\":\"https:\\\/\\\/candas365.es\\\/noticias\\\/#website\"},\"breadcrumb\":{\"@id\":\"https:\\\/\\\/candas365.es\\\/noticias\\\/canceladas-las-fiestas-de-perlora-2020\\\/#breadcrumblist\"},\"author\":{\"@id\":\"https:\\\/\\\/candas365.es\\\/noticias\\\/author\\\/admin\\\/#author\"},\"creator\":{\"@id\":\"https:\\\/\\\/candas365.es\\\/noticias\\\/author\\\/admin\\\/#author\"},\"image\":{\"@type\":\"ImageObject\",\"url\":\"https:\\\/\\\/candas365.es\\\/noticias\\\/wp-content\\\/uploads\\\/2020\\\/03\\\/connection-4885308_640.jpg\",\"@id\":\"https:\\\/\\\/candas365.es\\\/noticias\\\/canceladas-las-fiestas-de-perlora-2020\\\/#mainImage\",\"width\":640,\"height\":436},\"primaryImageOfPage\":{\"@id\":\"https:\\\/\\\/candas365.es\\\/noticias\\\/canceladas-las-fiestas-de-perlora-2020\\\/#mainImage\"},\"datePublished\":\"2020-04-21T09:12:37+02:00\",\"dateModified\":\"2020-04-21T09:12:37+02:00\"},{\"@type\":\"WebSite\",\"@id\":\"https:\\\/\\\/candas365.es\\\/noticias\\\/#website\",\"url\":\"https:\\\/\\\/candas365.es\\\/noticias\\\/\",\"name\":\"Cand\\u00e1s 365\",\"alternateName\":\"Cand\\u00e1s 365 Noticias\",\"description\":\"Actualidad desde Carre\\u00f1o para el mundo\",\"inLanguage\":\"es-ES\",\"publisher\":{\"@id\":\"https:\\\/\\\/candas365.es\\\/noticias\\\/#organization\"}}]}\n\t\t<\/script>\n\t\t<!-- All in One SEO Pro -->\r\n\t\t<title>Canceladas las fiestas de Perlora 2020 | Cand\u00e1s 365<\/title>\n\n","aioseo_head_json":{"title":"Canceladas las fiestas de Perlora 2020 | Cand\u00e1s 365","description":"La Comisi\u00f3n de Festejos \u201cEl Salvador\u201d de Perlora, que preside, Alejando Pajares, despu\u00e9s de 21 a\u00f1os ininterrumpidos celebrando sus fiestas parroquiales, el segundo fin de semana de Julio, acord\u00f3, dada la situaci\u00f3n sanitaria, suspender las mismas este a\u00f1o. Trasladaron a la Ayuntamiento su decisi\u00f3n y la renuncia expresa a la subvenci\u00f3n anual que, a tal","canonical_url":"https:\/\/candas365.es\/noticias\/canceladas-las-fiestas-de-perlora-2020\/","robots":"max-image-preview:large","keywords":"noticias carre\u00f1o","webmasterTools":{"google-site-verification":"UA-32230408-1","msvalidate.01":"354F3CDFB2DA171B47FBE9ABF1F88D5","miscellaneous":""},"schema":{"@context":"https:\/\/schema.org","@graph":[{"@type":"BreadcrumbList","@id":"https:\/\/candas365.es\/noticias\/canceladas-las-fiestas-de-perlora-2020\/#breadcrumblist","itemListElement":[{"@type":"ListItem","@id":"https:\/\/candas365.es\/noticias#listItem","position":1,"name":"Home","item":"https:\/\/candas365.es\/noticias","nextItem":{"@type":"ListItem","@id":"https:\/\/candas365.es\/noticias\/category\/noticias-carreno\/#listItem","name":"Noticias Carre\u00f1o"}},{"@type":"ListItem","@id":"https:\/\/candas365.es\/noticias\/category\/noticias-carreno\/#listItem","position":2,"name":"Noticias Carre\u00f1o","item":"https:\/\/candas365.es\/noticias\/category\/noticias-carreno\/","nextItem":{"@type":"ListItem","@id":"https:\/\/candas365.es\/noticias\/canceladas-las-fiestas-de-perlora-2020\/#listItem","name":"Canceladas las fiestas de Perlora 2020"},"previousItem":{"@type":"ListItem","@id":"https:\/\/candas365.es\/noticias#listItem","name":"Home"}},{"@type":"ListItem","@id":"https:\/\/candas365.es\/noticias\/canceladas-las-fiestas-de-perlora-2020\/#listItem","position":3,"name":"Canceladas las fiestas de Perlora 2020","previousItem":{"@type":"ListItem","@id":"https:\/\/candas365.es\/noticias\/category\/noticias-carreno\/#listItem","name":"Noticias Carre\u00f1o"}}]},{"@type":"NewsArticle","@id":"https:\/\/candas365.es\/noticias\/canceladas-las-fiestas-de-perlora-2020\/#newsarticle","name":"Canceladas las fiestas de Perlora 2020 | Cand\u00e1s 365","headline":"Canceladas las fiestas de Perlora 2020","author":{"@id":"https:\/\/candas365.es\/noticias\/author\/admin\/#author"},"publisher":{"@id":"https:\/\/candas365.es\/noticias\/#organization"},"image":{"@type":"ImageObject","url":"https:\/\/candas365.es\/noticias\/wp-content\/uploads\/2020\/03\/connection-4885308_640.jpg","width":640,"height":436},"datePublished":"2020-04-21T09:12:37+02:00","dateModified":"2020-04-21T09:12:37+02:00","inLanguage":"es-ES","mainEntityOfPage":{"@id":"https:\/\/candas365.es\/noticias\/canceladas-las-fiestas-de-perlora-2020\/#webpage"},"isPartOf":{"@id":"https:\/\/candas365.es\/noticias\/canceladas-las-fiestas-de-perlora-2020\/#webpage"},"articleSection":"Noticias Carre\u00f1o","dateline":"Publicado el abril 21, 2020."},{"@type":"Organization","@id":"https:\/\/candas365.es\/noticias\/#organization","name":"Cand\u00e1s 365","description":"Cand\u00e1s 365 es un diario digital independiente, fundado en 2012, con base en Asturias. Informamos con rigor sobre actualidad, sociedad, cultura y ocio, con una mirada local y global.","url":"https:\/\/candas365.es\/noticias\/","email":"info@candas365.es","telephone":"+34652131393","foundingDate":"2012-06-10","logo":{"@type":"ImageObject","url":"https:\/\/candas365.es\/noticias\/wp-content\/uploads\/2024\/09\/Candas-365-Redes.jpg","@id":"https:\/\/candas365.es\/noticias\/canceladas-las-fiestas-de-perlora-2020\/#organizationLogo","width":1152,"height":864,"caption":"Cand\u00e1s 365 Redes"},"image":{"@id":"https:\/\/candas365.es\/noticias\/canceladas-las-fiestas-de-perlora-2020\/#organizationLogo"},"sameAs":["https:\/\/www.facebook.com\/Nachofdezber","https:\/\/x.com\/NabercoDigital","https:\/\/www.instagram.com\/nachofdezber\/","https:\/\/www.youtube.com\/channel\/UCZP-2wLEB9Rv6erhFmqVnvg"],"address":{"@id":"https:\/\/candas365.es\/noticias\/#postaladdress","@type":"PostalAddress","streetAddress":"san antonio 4, san antonio 4","postalCode":"33430","addressLocality":"Cand\u00e1s","addressRegion":"Asturias","addressCountry":"ES"}},{"@type":"Person","@id":"https:\/\/candas365.es\/noticias\/author\/admin\/#author","url":"https:\/\/candas365.es\/noticias\/author\/admin\/","name":"Cand\u00e1s 365","image":{"@type":"ImageObject","@id":"https:\/\/candas365.es\/noticias\/canceladas-las-fiestas-de-perlora-2020\/#authorImage","url":"https:\/\/secure.gravatar.com\/avatar\/496a8e03d0c493ede1718b7934145dbdf8d89be1036b0eec9544e1094c9de390?s=96&d=mm&r=g","width":96,"height":96,"caption":"Cand\u00e1s 365"},"sameAs":["https:\/\/www.facebook.com\/carrenoactualidad","https:\/\/twitter.com\/nbasturias","https:\/\/www.instagram.com\/nachofdezber\/","https:\/\/www.youtube.com\/channel\/UCZP-2wLEB9Rv6erhFmqVnvg"]},{"@type":"WebPage","@id":"https:\/\/candas365.es\/noticias\/canceladas-las-fiestas-de-perlora-2020\/#webpage","url":"https:\/\/candas365.es\/noticias\/canceladas-las-fiestas-de-perlora-2020\/","name":"Canceladas las fiestas de Perlora 2020 | Cand\u00e1s 365","description":"La Comisi\u00f3n de Festejos \u201cEl Salvador\u201d de Perlora, que preside, Alejando Pajares, despu\u00e9s de 21 a\u00f1os ininterrumpidos celebrando sus fiestas parroquiales, el segundo fin de semana de Julio, acord\u00f3, dada la situaci\u00f3n sanitaria, suspender las mismas este a\u00f1o. Trasladaron a la Ayuntamiento su decisi\u00f3n y la renuncia expresa a la subvenci\u00f3n anual que, a tal","inLanguage":"es-ES","isPartOf":{"@id":"https:\/\/candas365.es\/noticias\/#website"},"breadcrumb":{"@id":"https:\/\/candas365.es\/noticias\/canceladas-las-fiestas-de-perlora-2020\/#breadcrumblist"},"author":{"@id":"https:\/\/candas365.es\/noticias\/author\/admin\/#author"},"creator":{"@id":"https:\/\/candas365.es\/noticias\/author\/admin\/#author"},"image":{"@type":"ImageObject","url":"https:\/\/candas365.es\/noticias\/wp-content\/uploads\/2020\/03\/connection-4885308_640.jpg","@id":"https:\/\/candas365.es\/noticias\/canceladas-las-fiestas-de-perlora-2020\/#mainImage","width":640,"height":436},"primaryImageOfPage":{"@id":"https:\/\/candas365.es\/noticias\/canceladas-las-fiestas-de-perlora-2020\/#mainImage"},"datePublished":"2020-04-21T09:12:37+02:00","dateModified":"2020-04-21T09:12:37+02:00"},{"@type":"WebSite","@id":"https:\/\/candas365.es\/noticias\/#website","url":"https:\/\/candas365.es\/noticias\/","name":"Cand\u00e1s 365","alternateName":"Cand\u00e1s 365 Noticias","description":"Actualidad desde Carre\u00f1o para el mundo","inLanguage":"es-ES","publisher":{"@id":"https:\/\/candas365.es\/noticias\/#organization"}}]},"og:locale":"es_ES","og:site_name":"Cand\u00e1s 365","og:type":"article","og:title":"Canceladas las fiestas de Perlora 2020 | Cand\u00e1s 365","og:description":"La Comisi\u00f3n de Festejos \u201cEl Salvador\u201d de Perlora, que preside, Alejando Pajares, despu\u00e9s de 21 a\u00f1os ininterrumpidos celebrando sus fiestas parroquiales, el segundo fin de semana de Julio, acord\u00f3, dada la situaci\u00f3n sanitaria, suspender las mismas este a\u00f1o. Trasladaron a la Ayuntamiento su decisi\u00f3n y la renuncia expresa a la subvenci\u00f3n anual que, a tal","og:url":"https:\/\/candas365.es\/noticias\/canceladas-las-fiestas-de-perlora-2020\/","og:image":"https:\/\/candas365.es\/noticias\/wp-content\/uploads\/2020\/03\/connection-4885308_640.jpg","og:image:secure_url":"https:\/\/candas365.es\/noticias\/wp-content\/uploads\/2020\/03\/connection-4885308_640.jpg","og:image:width":640,"og:image:height":436,"article:published_time":"2020-04-21T09:12:37+00:00","article:modified_time":"2020-04-21T09:12:37+00:00","article:publisher":"https:\/\/www.facebook.com\/Nachofdezber","article:author":"https:\/\/www.facebook.com\/carrenoactualidad","twitter:card":"summary_large_image","twitter:site":"@NabercoDigital","twitter:title":"Canceladas las fiestas de Perlora 2020 | Cand\u00e1s 365","twitter:description":"La Comisi\u00f3n de Festejos \u201cEl Salvador\u201d de Perlora, que preside, Alejando Pajares, despu\u00e9s de 21 a\u00f1os ininterrumpidos celebrando sus fiestas parroquiales, el segundo fin de semana de Julio, acord\u00f3, dada la situaci\u00f3n sanitaria, suspender las mismas este a\u00f1o. Trasladaron a la Ayuntamiento su decisi\u00f3n y la renuncia expresa a la subvenci\u00f3n anual que, a tal","twitter:creator":"@nbasturias","twitter:image":"https:\/\/candas365.es\/noticias\/wp-content\/uploads\/2020\/03\/connection-4885308_640.jpg","twitter:label1":"Escrito por","twitter:data1":"Cand\u00e1s 365","twitter:label2":"Tiempo de lectura estimado","twitter:data2":"1 minuto"},"aioseo_meta_data":{"post_id":"141275","title":null,"description":null,"keywords":null,"keyphrases":null,"primary_term":null,"canonical_url":null,"og_title":null,"og_description":null,"og_object_type":"default","og_image_type":"default","og_image_url":null,"og_image_width":null,"og_image_height":null,"og_image_custom_url":null,"og_image_custom_fields":null,"og_video":null,"og_custom_url":null,"og_article_section":null,"og_article_tags":null,"twitter_use_og":false,"twitter_card":"default","twitter_image_type":"default","twitter_image_url":null,"twitter_image_custom_url":null,"twitter_image_custom_fields":null,"twitter_title":null,"twitter_description":null,"schema":{"blockGraphs":[],"customGraphs":[],"default":{"data":{"Article":[],"Course":[],"Dataset":[],"FAQPage":[],"Movie":[],"Person":[],"Product":[],"ProductReview":[],"Car":[],"Recipe":[],"Service":[],"SoftwareApplication":[],"WebPage":[]},"graphName":"","isEnabled":true},"graphs":[]},"schema_type":null,"schema_type_options":null,"pillar_content":false,"robots_default":true,"robots_noindex":false,"robots_noarchive":false,"robots_nosnippet":false,"robots_nofollow":false,"robots_noimageindex":false,"robots_noodp":false,"robots_notranslate":false,"robots_max_snippet":null,"robots_max_videopreview":null,"robots_max_imagepreview":"large","priority":null,"frequency":null,"location":null,"local_seo":null,"seo_analyzer_scan_date":"2025-08-31 03:50:17","breadcrumb_settings":null,"limit_modified_date":false,"reviewed_by":null,"open_ai":null,"ai":null,"created":"2020-12-21 10:43:01","updated":"2025-08-31 03:50:17"},"aioseo_breadcrumb":"<div class=\"aioseo-breadcrumbs\"><span class=\"aioseo-breadcrumb\">\n\t<a href=\"https:\/\/candas365.es\/noticias\" title=\"Home\">Home<\/a>\n<\/span><span class=\"aioseo-breadcrumb-separator\">&ndash;<\/span><span class=\"aioseo-breadcrumb\">\n\t<a href=\"https:\/\/candas365.es\/noticias\/category\/noticias-carreno\/\" title=\"Noticias Carre\u00f1o\">Noticias Carre\u00f1o<\/a>\n<\/span><span class=\"aioseo-breadcrumb-separator\">&ndash;<\/span><span class=\"aioseo-breadcrumb\">\n\tCanceladas las fiestas de Perlora 2020\n<\/span><\/div>","aioseo_breadcrumb_json":[{"label":"Home","link":"https:\/\/candas365.es\/noticias"},{"label":"Noticias Carre\u00f1o","link":"https:\/\/candas365.es\/noticias\/category\/noticias-carreno\/"},{"label":"Canceladas las fiestas de Perlora 2020","link":"https:\/\/candas365.es\/noticias\/canceladas-las-fiestas-de-perlora-2020\/"}],"_links":{"self":[{"href":"https:\/\/candas365.es\/noticias\/wp-json\/wp\/v2\/posts\/141275","targetHints":{"allow":["GET"]}}],"collection":[{"href":"https:\/\/candas365.es\/noticias\/wp-json\/wp\/v2\/posts"}],"about":[{"href":"https:\/\/candas365.es\/noticias\/wp-json\/wp\/v2\/types\/post"}],"author":[{"embeddable":true,"href":"https:\/\/candas365.es\/noticias\/wp-json\/wp\/v2\/users\/1"}],"replies":[{"embeddable":true,"href":"https:\/\/candas365.es\/noticias\/wp-json\/wp\/v2\/comments?post=141275"}],"version-history":[{"count":0,"href":"https:\/\/candas365.es\/noticias\/wp-json\/wp\/v2\/posts\/141275\/revisions"}],"wp:featuredmedia":[{"embeddable":true,"href":"https:\/\/candas365.es\/noticias\/wp-json\/wp\/v2\/media\/139525"}],"wp:attachment":[{"href":"https:\/\/candas365.es\/noticias\/wp-json\/wp\/v2\/media?parent=141275"}],"wp:term":[{"taxonomy":"category","embeddable":true,"href":"https:\/\/candas365.es\/noticias\/wp-json\/wp\/v2\/categories?post=141275"},{"taxonomy":"post_tag","embeddable":true,"href":"https:\/\/candas365.es\/noticias\/wp-json\/wp\/v2\/tags?post=141275"}],"curies":[{"name":"wp","href":"https:\/\/api.w.org\/{rel}","templated":true}]}}