{"id":141273,"date":"2020-04-21T08:51:51","date_gmt":"2020-04-21T08:51:51","guid":{"rendered":"http:\/\/candas365.es\/noticias\/?p=141273"},"modified":"2020-04-21T08:51:51","modified_gmt":"2020-04-21T08:51:51","slug":"covid-19-carreno-reajustara-su-presupuesto","status":"publish","type":"post","link":"https:\/\/candas365.es\/noticias\/covid-19-carreno-reajustara-su-presupuesto\/","title":{"rendered":"Covid-19: Carre\u00f1o reajustar\u00e1 su presupuesto"},"content":{"rendered":"<p><img fetchpriority=\"high\" decoding=\"async\" class=\"alignleft size-medium wp-image-6453\" src=\"https:\/\/candas365.es\/noticias\/wp-content\/uploads\/2015\/01\/ayuntamiento-360x270.jpg\" alt=\"\" width=\"360\" height=\"270\" srcset=\"https:\/\/candas365.es\/noticias\/wp-content\/uploads\/2015\/01\/ayuntamiento-360x270.jpg 360w, https:\/\/candas365.es\/noticias\/wp-content\/uploads\/2015\/01\/ayuntamiento-640x480.jpg 640w, https:\/\/candas365.es\/noticias\/wp-content\/uploads\/2015\/01\/ayuntamiento-768x576.jpg 768w, https:\/\/candas365.es\/noticias\/wp-content\/uploads\/2015\/01\/ayuntamiento-150x113.jpg 150w, https:\/\/candas365.es\/noticias\/wp-content\/uploads\/2015\/01\/ayuntamiento-450x338.jpg 450w, https:\/\/candas365.es\/noticias\/wp-content\/uploads\/2015\/01\/ayuntamiento-80x60.jpg 80w, https:\/\/candas365.es\/noticias\/wp-content\/uploads\/2015\/01\/ayuntamiento-265x198.jpg 265w, https:\/\/candas365.es\/noticias\/wp-content\/uploads\/2015\/01\/ayuntamiento-696x522.jpg 696w, https:\/\/candas365.es\/noticias\/wp-content\/uploads\/2015\/01\/ayuntamiento-560x420.jpg 560w, https:\/\/candas365.es\/noticias\/wp-content\/uploads\/2015\/01\/ayuntamiento-90x67.jpg 90w, https:\/\/candas365.es\/noticias\/wp-content\/uploads\/2015\/01\/ayuntamiento.jpg 800w\" sizes=\"(max-width: 360px) 100vw, 360px\" \/>La Alcaldesa de Carre\u00f1o ha informado que el Concejo adaptar\u00e1 su presupuesto debido a los <strong>efectos del Covid-19<\/strong>.<\/p>\n<p>\u201cActualizamos y adaptamos la propuesta presupuestaria que, desde el mes de Noviembre, la concejal\u00eda de Hacienda hab\u00eda estado negociando con el resto de grupos pol\u00edticos para sacar adelante unas nuevas cuentas municipales. Se trata de un nuevo presupuesto destinado a volcar los recursos que tenemos para poder ayudar a quienes m\u00e1s lo necesitan y apoyar al tejido productivo favoreciendo que puedan estar en condiciones de abrir y crear riqueza otra vez\u201d \u2013 explic\u00f3 Fern\u00e1ndez.<\/p>\n<p>\u201cLas circunstancias son excepcionales y por ello, hemos reiterado nuestra petici\u00f3n de colaboraci\u00f3n al resto de grupos de la oposici\u00f3n para que aporten tambi\u00e9n sus propuestas al mismo. Es clave ahora sacar adelante un unas nuevas cuentas y aprobar un presupuesto destinado a volcar los recursos locales para hacer frente a esta adversidad sin precedentes\u201d- se\u00f1al\u00f3 la Alcaldesa.<\/p>\n<p>\u201cHemos tenido que implantar un sistema de teletrabajo en tiempo r\u00e9cord, afrontar m\u00e1s gastos sociales y de materiales para no descuidar las medidas de apoyo y protecci\u00f3n del personal municipal. Y ahora toca avanzar, tenemos que trabajar en el escenario del d\u00eda despu\u00e9s de esta crisis sanitaria para favorecer la recuperaci\u00f3n social y econ\u00f3mica. Ahora m\u00e1s que nunca hay que adaptar para que los recursos municipales disponibles a las circunstancias que tenemos. Por ello, hemos realizado ajustes en l\u00edneas de subvenciones para actividades y festejos que ten\u00edamos contempladas porque de momento no podr\u00e1n celebrarse. Tendremos que posponer estas actividades y celebraciones. Lo prioritario es acomodar los recursos disponibles para dar respuesta a las necesidades actuales\u201d \u2013 se\u00f1al\u00f3 Fern\u00e1ndez.<\/p>\n<h3><strong>El consistorio de Carre\u00f1o perder\u00e1 como m\u00ednimo este a\u00f1o 77.944,00 euros de ingresos.<\/strong><\/h3>\n<p>Esta bajada de ingresos municipales se debe a la reducci\u00f3n propuesta de los precios p\u00fablicos en las escuelas municipales (infantil 0-3 a\u00f1os y la escuela de m\u00fasica), las reducciones de tasas por ocupaci\u00f3n de la v\u00eda p\u00fablica (terrazas y mercadillo semanal) y las reducciones en los arrendamientos de instalaciones municipales ( cafeter\u00edas y tiendas &#8211; bar de los CIR). A estas primeras p\u00e9rdidas, hay que sumar que tenemos que hacer aportaciones extraordinarias al patronato deportivo y al Teatro Prendes por importe, de momento de 31.227,92 \u20ac, ya que acumulan p\u00e9rdidas por el cese de sus actividades, y habr\u00e1 que contabilizar la reducci\u00f3n de ingresos que pueda derivar de posibles medidas de contingencia fiscal que se est\u00e1n estudiando en materia de impuestos.<\/p>\n<p>El nuevo presupuesto municipal aumenta un 28% el dinero disponible para ayudas sociales y se incorporan 100.000,00 euros para impulsar un nuevo programa de ayudas directas denominado ASA ( Acci\u00f3n de Soporte del Trabajo Aut\u00f3nomo) que ser\u00eda compatible con otras ayudas, como las impulsadas por el Estado y el Principado, y dirigido a dar liquidez a personas aut\u00f3nomas y peque\u00f1as empresas de Carre\u00f1o.<\/p>\n<p>Adem\u00e1s Carre\u00f1o destinar\u00e1 400.000,00 euros a inversiones, entendiendo que las obras y mejoras son necesarias y que tambi\u00e9n contribuyen a reactivar la econom\u00eda.<\/p>\n<p>&nbsp;<\/p>\n","protected":false},"excerpt":{"rendered":"<p>La Alcaldesa de Carre\u00f1o ha informado que el Concejo adaptar\u00e1 su presupuesto debido a los efectos del Covid-19. \u201cActualizamos y adaptamos la propuesta presupuestaria que, desde el mes de Noviembre, la concejal\u00eda de Hacienda hab\u00eda estado negociando con el resto de grupos pol\u00edticos para sacar adelante unas nuevas cuentas municipales. Se trata de un nuevo<\/p>\n","protected":false},"author":1,"featured_media":6453,"comment_status":"closed","ping_status":"closed","sticky":false,"template":"","format":"standard","meta":{"footnotes":""},"categories":[2],"tags":[],"class_list":{"0":"post-141273","1":"post","2":"type-post","3":"status-publish","4":"format-standard","5":"has-post-thumbnail","7":"category-noticias-carreno"},"aioseo_notices":[],"aioseo_head":"\n\t\t<!-- All in One SEO Pro 4.9.6.2 - aioseo.com -->\n\t<meta name=\"description\" content=\"La Alcaldesa de Carre\u00f1o ha informado que el Concejo adaptar\u00e1 su presupuesto debido a los efectos del Covid-19. \u201cActualizamos y adaptamos la propuesta presupuestaria que, desde el mes de Noviembre, la concejal\u00eda de Hacienda hab\u00eda estado negociando con el resto de grupos pol\u00edticos para sacar adelante unas nuevas cuentas municipales. Se trata de un nuevo\" \/>\n\t<meta name=\"robots\" content=\"max-image-preview:large\" \/>\n\t<meta name=\"author\" content=\"Cand\u00e1s 365\"\/>\n\t<meta name=\"google-site-verification\" content=\"UA-32230408-1\" \/>\n\t<meta name=\"msvalidate.01\" content=\"354F3CDFB2DA171B47FBE9ABF1F88D5\" \/>\n\t<meta name=\"keywords\" content=\"noticias carre\u00f1o\" \/>\n\t<link rel=\"canonical\" href=\"https:\/\/candas365.es\/noticias\/covid-19-carreno-reajustara-su-presupuesto\/\" \/>\n\t<meta name=\"generator\" content=\"All in One SEO Pro (AIOSEO) 4.9.6.2\" \/>\n\t\t<meta property=\"og:locale\" content=\"es_ES\" \/>\n\t\t<meta property=\"og:site_name\" content=\"Cand\u00e1s 365\" \/>\n\t\t<meta property=\"og:type\" content=\"article\" \/>\n\t\t<meta property=\"og:title\" content=\"Covid-19: Carre\u00f1o reajustar\u00e1 su presupuesto | Cand\u00e1s 365\" \/>\n\t\t<meta property=\"og:description\" content=\"La Alcaldesa de Carre\u00f1o ha informado que el Concejo adaptar\u00e1 su presupuesto debido a los efectos del Covid-19. \u201cActualizamos y adaptamos la propuesta presupuestaria que, desde el mes de Noviembre, la concejal\u00eda de Hacienda hab\u00eda estado negociando con el resto de grupos pol\u00edticos para sacar adelante unas nuevas cuentas municipales. Se trata de un nuevo\" \/>\n\t\t<meta property=\"og:url\" content=\"https:\/\/candas365.es\/noticias\/covid-19-carreno-reajustara-su-presupuesto\/\" \/>\n\t\t<meta property=\"og:image\" content=\"https:\/\/candas365.es\/noticias\/wp-content\/uploads\/2015\/01\/ayuntamiento.jpg\" \/>\n\t\t<meta property=\"og:image:secure_url\" content=\"https:\/\/candas365.es\/noticias\/wp-content\/uploads\/2015\/01\/ayuntamiento.jpg\" \/>\n\t\t<meta property=\"og:image:width\" content=\"800\" \/>\n\t\t<meta property=\"og:image:height\" content=\"600\" \/>\n\t\t<meta property=\"article:published_time\" content=\"2020-04-21T08:51:51+00:00\" \/>\n\t\t<meta property=\"article:modified_time\" content=\"2020-04-21T08:51:51+00:00\" \/>\n\t\t<meta property=\"article:publisher\" content=\"https:\/\/www.facebook.com\/Nachofdezber\" \/>\n\t\t<meta property=\"article:author\" content=\"https:\/\/www.facebook.com\/carrenoactualidad\" \/>\n\t\t<meta name=\"twitter:card\" content=\"summary_large_image\" \/>\n\t\t<meta name=\"twitter:site\" content=\"@NabercoDigital\" \/>\n\t\t<meta name=\"twitter:title\" content=\"Covid-19: Carre\u00f1o reajustar\u00e1 su presupuesto | Cand\u00e1s 365\" \/>\n\t\t<meta name=\"twitter:description\" content=\"La Alcaldesa de Carre\u00f1o ha informado que el Concejo adaptar\u00e1 su presupuesto debido a los efectos del Covid-19. \u201cActualizamos y adaptamos la propuesta presupuestaria que, desde el mes de Noviembre, la concejal\u00eda de Hacienda hab\u00eda estado negociando con el resto de grupos pol\u00edticos para sacar adelante unas nuevas cuentas municipales. Se trata de un nuevo\" \/>\n\t\t<meta name=\"twitter:creator\" content=\"@nbasturias\" \/>\n\t\t<meta name=\"twitter:image\" content=\"https:\/\/candas365.es\/noticias\/wp-content\/uploads\/2015\/01\/ayuntamiento.jpg\" \/>\n\t\t<meta name=\"twitter:label1\" content=\"Escrito por\" \/>\n\t\t<meta name=\"twitter:data1\" content=\"Cand\u00e1s 365\" \/>\n\t\t<meta name=\"twitter:label2\" content=\"Tiempo de lectura estimado\" \/>\n\t\t<meta name=\"twitter:data2\" content=\"3 minutos\" \/>\n\t\t<script type=\"application\/ld+json\" class=\"aioseo-schema\">\n\t\t\t{\"@context\":\"https:\\\/\\\/schema.org\",\"@graph\":[{\"@type\":\"BreadcrumbList\",\"@id\":\"https:\\\/\\\/candas365.es\\\/noticias\\\/covid-19-carreno-reajustara-su-presupuesto\\\/#breadcrumblist\",\"itemListElement\":[{\"@type\":\"ListItem\",\"@id\":\"https:\\\/\\\/candas365.es\\\/noticias#listItem\",\"position\":1,\"name\":\"Home\",\"item\":\"https:\\\/\\\/candas365.es\\\/noticias\",\"nextItem\":{\"@type\":\"ListItem\",\"@id\":\"https:\\\/\\\/candas365.es\\\/noticias\\\/category\\\/noticias-carreno\\\/#listItem\",\"name\":\"Noticias Carre\\u00f1o\"}},{\"@type\":\"ListItem\",\"@id\":\"https:\\\/\\\/candas365.es\\\/noticias\\\/category\\\/noticias-carreno\\\/#listItem\",\"position\":2,\"name\":\"Noticias Carre\\u00f1o\",\"item\":\"https:\\\/\\\/candas365.es\\\/noticias\\\/category\\\/noticias-carreno\\\/\",\"nextItem\":{\"@type\":\"ListItem\",\"@id\":\"https:\\\/\\\/candas365.es\\\/noticias\\\/covid-19-carreno-reajustara-su-presupuesto\\\/#listItem\",\"name\":\"Covid-19: Carre\\u00f1o reajustar\\u00e1 su presupuesto\"},\"previousItem\":{\"@type\":\"ListItem\",\"@id\":\"https:\\\/\\\/candas365.es\\\/noticias#listItem\",\"name\":\"Home\"}},{\"@type\":\"ListItem\",\"@id\":\"https:\\\/\\\/candas365.es\\\/noticias\\\/covid-19-carreno-reajustara-su-presupuesto\\\/#listItem\",\"position\":3,\"name\":\"Covid-19: Carre\\u00f1o reajustar\\u00e1 su presupuesto\",\"previousItem\":{\"@type\":\"ListItem\",\"@id\":\"https:\\\/\\\/candas365.es\\\/noticias\\\/category\\\/noticias-carreno\\\/#listItem\",\"name\":\"Noticias Carre\\u00f1o\"}}]},{\"@type\":\"NewsArticle\",\"@id\":\"https:\\\/\\\/candas365.es\\\/noticias\\\/covid-19-carreno-reajustara-su-presupuesto\\\/#newsarticle\",\"name\":\"Covid-19: Carre\\u00f1o reajustar\\u00e1 su presupuesto | Cand\\u00e1s 365\",\"headline\":\"Covid-19: Carre\\u00f1o reajustar\\u00e1 su presupuesto\",\"author\":{\"@id\":\"https:\\\/\\\/candas365.es\\\/noticias\\\/author\\\/admin\\\/#author\"},\"publisher\":{\"@id\":\"https:\\\/\\\/candas365.es\\\/noticias\\\/#organization\"},\"image\":{\"@type\":\"ImageObject\",\"url\":\"https:\\\/\\\/candas365.es\\\/noticias\\\/wp-content\\\/uploads\\\/2015\\\/01\\\/ayuntamiento.jpg\",\"width\":800,\"height\":600,\"caption\":\"Carre\\u00f1o\"},\"datePublished\":\"2020-04-21T08:51:51+02:00\",\"dateModified\":\"2020-04-21T08:51:51+02:00\",\"inLanguage\":\"es-ES\",\"mainEntityOfPage\":{\"@id\":\"https:\\\/\\\/candas365.es\\\/noticias\\\/covid-19-carreno-reajustara-su-presupuesto\\\/#webpage\"},\"isPartOf\":{\"@id\":\"https:\\\/\\\/candas365.es\\\/noticias\\\/covid-19-carreno-reajustara-su-presupuesto\\\/#webpage\"},\"articleSection\":\"Noticias Carre\\u00f1o\",\"dateline\":\"Publicado el abril 21, 2020.\"},{\"@type\":\"Organization\",\"@id\":\"https:\\\/\\\/candas365.es\\\/noticias\\\/#organization\",\"name\":\"Cand\\u00e1s 365\",\"description\":\"Cand\\u00e1s 365 es un diario digital independiente, fundado en 2012, con base en Asturias. Informamos con rigor sobre actualidad, sociedad, cultura y ocio, con una mirada local y global.\",\"url\":\"https:\\\/\\\/candas365.es\\\/noticias\\\/\",\"email\":\"info@candas365.es\",\"telephone\":\"+34652131393\",\"foundingDate\":\"2012-06-10\",\"logo\":{\"@type\":\"ImageObject\",\"url\":\"https:\\\/\\\/candas365.es\\\/noticias\\\/wp-content\\\/uploads\\\/2024\\\/09\\\/Candas-365-Redes.jpg\",\"@id\":\"https:\\\/\\\/candas365.es\\\/noticias\\\/covid-19-carreno-reajustara-su-presupuesto\\\/#organizationLogo\",\"width\":1152,\"height\":864,\"caption\":\"Cand\\u00e1s 365 Redes\"},\"image\":{\"@id\":\"https:\\\/\\\/candas365.es\\\/noticias\\\/covid-19-carreno-reajustara-su-presupuesto\\\/#organizationLogo\"},\"sameAs\":[\"https:\\\/\\\/www.facebook.com\\\/Nachofdezber\",\"https:\\\/\\\/x.com\\\/NabercoDigital\",\"https:\\\/\\\/www.instagram.com\\\/nachofdezber\\\/\",\"https:\\\/\\\/www.youtube.com\\\/channel\\\/UCZP-2wLEB9Rv6erhFmqVnvg\"],\"address\":{\"@id\":\"https:\\\/\\\/candas365.es\\\/noticias\\\/#postaladdress\",\"@type\":\"PostalAddress\",\"streetAddress\":\"san antonio 4, san antonio 4\",\"postalCode\":\"33430\",\"addressLocality\":\"Cand\\u00e1s\",\"addressRegion\":\"Asturias\",\"addressCountry\":\"ES\"}},{\"@type\":\"Person\",\"@id\":\"https:\\\/\\\/candas365.es\\\/noticias\\\/author\\\/admin\\\/#author\",\"url\":\"https:\\\/\\\/candas365.es\\\/noticias\\\/author\\\/admin\\\/\",\"name\":\"Cand\\u00e1s 365\",\"image\":{\"@type\":\"ImageObject\",\"@id\":\"https:\\\/\\\/candas365.es\\\/noticias\\\/covid-19-carreno-reajustara-su-presupuesto\\\/#authorImage\",\"url\":\"https:\\\/\\\/secure.gravatar.com\\\/avatar\\\/496a8e03d0c493ede1718b7934145dbdf8d89be1036b0eec9544e1094c9de390?s=96&d=mm&r=g\",\"width\":96,\"height\":96,\"caption\":\"Cand\\u00e1s 365\"},\"sameAs\":[\"https:\\\/\\\/www.facebook.com\\\/carrenoactualidad\",\"https:\\\/\\\/twitter.com\\\/nbasturias\",\"https:\\\/\\\/www.instagram.com\\\/nachofdezber\\\/\",\"https:\\\/\\\/www.youtube.com\\\/channel\\\/UCZP-2wLEB9Rv6erhFmqVnvg\"]},{\"@type\":\"WebPage\",\"@id\":\"https:\\\/\\\/candas365.es\\\/noticias\\\/covid-19-carreno-reajustara-su-presupuesto\\\/#webpage\",\"url\":\"https:\\\/\\\/candas365.es\\\/noticias\\\/covid-19-carreno-reajustara-su-presupuesto\\\/\",\"name\":\"Covid-19: Carre\\u00f1o reajustar\\u00e1 su presupuesto | Cand\\u00e1s 365\",\"description\":\"La Alcaldesa de Carre\\u00f1o ha informado que el Concejo adaptar\\u00e1 su presupuesto debido a los efectos del Covid-19. \\u201cActualizamos y adaptamos la propuesta presupuestaria que, desde el mes de Noviembre, la concejal\\u00eda de Hacienda hab\\u00eda estado negociando con el resto de grupos pol\\u00edticos para sacar adelante unas nuevas cuentas municipales. Se trata de un nuevo\",\"inLanguage\":\"es-ES\",\"isPartOf\":{\"@id\":\"https:\\\/\\\/candas365.es\\\/noticias\\\/#website\"},\"breadcrumb\":{\"@id\":\"https:\\\/\\\/candas365.es\\\/noticias\\\/covid-19-carreno-reajustara-su-presupuesto\\\/#breadcrumblist\"},\"author\":{\"@id\":\"https:\\\/\\\/candas365.es\\\/noticias\\\/author\\\/admin\\\/#author\"},\"creator\":{\"@id\":\"https:\\\/\\\/candas365.es\\\/noticias\\\/author\\\/admin\\\/#author\"},\"image\":{\"@type\":\"ImageObject\",\"url\":\"https:\\\/\\\/candas365.es\\\/noticias\\\/wp-content\\\/uploads\\\/2015\\\/01\\\/ayuntamiento.jpg\",\"@id\":\"https:\\\/\\\/candas365.es\\\/noticias\\\/covid-19-carreno-reajustara-su-presupuesto\\\/#mainImage\",\"width\":800,\"height\":600,\"caption\":\"Carre\\u00f1o\"},\"primaryImageOfPage\":{\"@id\":\"https:\\\/\\\/candas365.es\\\/noticias\\\/covid-19-carreno-reajustara-su-presupuesto\\\/#mainImage\"},\"datePublished\":\"2020-04-21T08:51:51+02:00\",\"dateModified\":\"2020-04-21T08:51:51+02:00\"},{\"@type\":\"WebSite\",\"@id\":\"https:\\\/\\\/candas365.es\\\/noticias\\\/#website\",\"url\":\"https:\\\/\\\/candas365.es\\\/noticias\\\/\",\"name\":\"Cand\\u00e1s 365\",\"alternateName\":\"Cand\\u00e1s 365 Noticias\",\"description\":\"Actualidad desde Carre\\u00f1o para el mundo\",\"inLanguage\":\"es-ES\",\"publisher\":{\"@id\":\"https:\\\/\\\/candas365.es\\\/noticias\\\/#organization\"}}]}\n\t\t<\/script>\n\t\t<!-- All in One SEO Pro -->\r\n\t\t<title>Covid-19: Carre\u00f1o reajustar\u00e1 su presupuesto | Cand\u00e1s 365<\/title>\n\n","aioseo_head_json":{"title":"Covid-19: Carre\u00f1o reajustar\u00e1 su presupuesto | Cand\u00e1s 365","description":"La Alcaldesa de Carre\u00f1o ha informado que el Concejo adaptar\u00e1 su presupuesto debido a los efectos del Covid-19. \u201cActualizamos y adaptamos la propuesta presupuestaria que, desde el mes de Noviembre, la concejal\u00eda de Hacienda hab\u00eda estado negociando con el resto de grupos pol\u00edticos para sacar adelante unas nuevas cuentas municipales. Se trata de un nuevo","canonical_url":"https:\/\/candas365.es\/noticias\/covid-19-carreno-reajustara-su-presupuesto\/","robots":"max-image-preview:large","keywords":"noticias carre\u00f1o","webmasterTools":{"google-site-verification":"UA-32230408-1","msvalidate.01":"354F3CDFB2DA171B47FBE9ABF1F88D5","miscellaneous":""},"schema":{"@context":"https:\/\/schema.org","@graph":[{"@type":"BreadcrumbList","@id":"https:\/\/candas365.es\/noticias\/covid-19-carreno-reajustara-su-presupuesto\/#breadcrumblist","itemListElement":[{"@type":"ListItem","@id":"https:\/\/candas365.es\/noticias#listItem","position":1,"name":"Home","item":"https:\/\/candas365.es\/noticias","nextItem":{"@type":"ListItem","@id":"https:\/\/candas365.es\/noticias\/category\/noticias-carreno\/#listItem","name":"Noticias Carre\u00f1o"}},{"@type":"ListItem","@id":"https:\/\/candas365.es\/noticias\/category\/noticias-carreno\/#listItem","position":2,"name":"Noticias Carre\u00f1o","item":"https:\/\/candas365.es\/noticias\/category\/noticias-carreno\/","nextItem":{"@type":"ListItem","@id":"https:\/\/candas365.es\/noticias\/covid-19-carreno-reajustara-su-presupuesto\/#listItem","name":"Covid-19: Carre\u00f1o reajustar\u00e1 su presupuesto"},"previousItem":{"@type":"ListItem","@id":"https:\/\/candas365.es\/noticias#listItem","name":"Home"}},{"@type":"ListItem","@id":"https:\/\/candas365.es\/noticias\/covid-19-carreno-reajustara-su-presupuesto\/#listItem","position":3,"name":"Covid-19: Carre\u00f1o reajustar\u00e1 su presupuesto","previousItem":{"@type":"ListItem","@id":"https:\/\/candas365.es\/noticias\/category\/noticias-carreno\/#listItem","name":"Noticias Carre\u00f1o"}}]},{"@type":"NewsArticle","@id":"https:\/\/candas365.es\/noticias\/covid-19-carreno-reajustara-su-presupuesto\/#newsarticle","name":"Covid-19: Carre\u00f1o reajustar\u00e1 su presupuesto | Cand\u00e1s 365","headline":"Covid-19: Carre\u00f1o reajustar\u00e1 su presupuesto","author":{"@id":"https:\/\/candas365.es\/noticias\/author\/admin\/#author"},"publisher":{"@id":"https:\/\/candas365.es\/noticias\/#organization"},"image":{"@type":"ImageObject","url":"https:\/\/candas365.es\/noticias\/wp-content\/uploads\/2015\/01\/ayuntamiento.jpg","width":800,"height":600,"caption":"Carre\u00f1o"},"datePublished":"2020-04-21T08:51:51+02:00","dateModified":"2020-04-21T08:51:51+02:00","inLanguage":"es-ES","mainEntityOfPage":{"@id":"https:\/\/candas365.es\/noticias\/covid-19-carreno-reajustara-su-presupuesto\/#webpage"},"isPartOf":{"@id":"https:\/\/candas365.es\/noticias\/covid-19-carreno-reajustara-su-presupuesto\/#webpage"},"articleSection":"Noticias Carre\u00f1o","dateline":"Publicado el abril 21, 2020."},{"@type":"Organization","@id":"https:\/\/candas365.es\/noticias\/#organization","name":"Cand\u00e1s 365","description":"Cand\u00e1s 365 es un diario digital independiente, fundado en 2012, con base en Asturias. Informamos con rigor sobre actualidad, sociedad, cultura y ocio, con una mirada local y global.","url":"https:\/\/candas365.es\/noticias\/","email":"info@candas365.es","telephone":"+34652131393","foundingDate":"2012-06-10","logo":{"@type":"ImageObject","url":"https:\/\/candas365.es\/noticias\/wp-content\/uploads\/2024\/09\/Candas-365-Redes.jpg","@id":"https:\/\/candas365.es\/noticias\/covid-19-carreno-reajustara-su-presupuesto\/#organizationLogo","width":1152,"height":864,"caption":"Cand\u00e1s 365 Redes"},"image":{"@id":"https:\/\/candas365.es\/noticias\/covid-19-carreno-reajustara-su-presupuesto\/#organizationLogo"},"sameAs":["https:\/\/www.facebook.com\/Nachofdezber","https:\/\/x.com\/NabercoDigital","https:\/\/www.instagram.com\/nachofdezber\/","https:\/\/www.youtube.com\/channel\/UCZP-2wLEB9Rv6erhFmqVnvg"],"address":{"@id":"https:\/\/candas365.es\/noticias\/#postaladdress","@type":"PostalAddress","streetAddress":"san antonio 4, san antonio 4","postalCode":"33430","addressLocality":"Cand\u00e1s","addressRegion":"Asturias","addressCountry":"ES"}},{"@type":"Person","@id":"https:\/\/candas365.es\/noticias\/author\/admin\/#author","url":"https:\/\/candas365.es\/noticias\/author\/admin\/","name":"Cand\u00e1s 365","image":{"@type":"ImageObject","@id":"https:\/\/candas365.es\/noticias\/covid-19-carreno-reajustara-su-presupuesto\/#authorImage","url":"https:\/\/secure.gravatar.com\/avatar\/496a8e03d0c493ede1718b7934145dbdf8d89be1036b0eec9544e1094c9de390?s=96&d=mm&r=g","width":96,"height":96,"caption":"Cand\u00e1s 365"},"sameAs":["https:\/\/www.facebook.com\/carrenoactualidad","https:\/\/twitter.com\/nbasturias","https:\/\/www.instagram.com\/nachofdezber\/","https:\/\/www.youtube.com\/channel\/UCZP-2wLEB9Rv6erhFmqVnvg"]},{"@type":"WebPage","@id":"https:\/\/candas365.es\/noticias\/covid-19-carreno-reajustara-su-presupuesto\/#webpage","url":"https:\/\/candas365.es\/noticias\/covid-19-carreno-reajustara-su-presupuesto\/","name":"Covid-19: Carre\u00f1o reajustar\u00e1 su presupuesto | Cand\u00e1s 365","description":"La Alcaldesa de Carre\u00f1o ha informado que el Concejo adaptar\u00e1 su presupuesto debido a los efectos del Covid-19. \u201cActualizamos y adaptamos la propuesta presupuestaria que, desde el mes de Noviembre, la concejal\u00eda de Hacienda hab\u00eda estado negociando con el resto de grupos pol\u00edticos para sacar adelante unas nuevas cuentas municipales. Se trata de un nuevo","inLanguage":"es-ES","isPartOf":{"@id":"https:\/\/candas365.es\/noticias\/#website"},"breadcrumb":{"@id":"https:\/\/candas365.es\/noticias\/covid-19-carreno-reajustara-su-presupuesto\/#breadcrumblist"},"author":{"@id":"https:\/\/candas365.es\/noticias\/author\/admin\/#author"},"creator":{"@id":"https:\/\/candas365.es\/noticias\/author\/admin\/#author"},"image":{"@type":"ImageObject","url":"https:\/\/candas365.es\/noticias\/wp-content\/uploads\/2015\/01\/ayuntamiento.jpg","@id":"https:\/\/candas365.es\/noticias\/covid-19-carreno-reajustara-su-presupuesto\/#mainImage","width":800,"height":600,"caption":"Carre\u00f1o"},"primaryImageOfPage":{"@id":"https:\/\/candas365.es\/noticias\/covid-19-carreno-reajustara-su-presupuesto\/#mainImage"},"datePublished":"2020-04-21T08:51:51+02:00","dateModified":"2020-04-21T08:51:51+02:00"},{"@type":"WebSite","@id":"https:\/\/candas365.es\/noticias\/#website","url":"https:\/\/candas365.es\/noticias\/","name":"Cand\u00e1s 365","alternateName":"Cand\u00e1s 365 Noticias","description":"Actualidad desde Carre\u00f1o para el mundo","inLanguage":"es-ES","publisher":{"@id":"https:\/\/candas365.es\/noticias\/#organization"}}]},"og:locale":"es_ES","og:site_name":"Cand\u00e1s 365","og:type":"article","og:title":"Covid-19: Carre\u00f1o reajustar\u00e1 su presupuesto | Cand\u00e1s 365","og:description":"La Alcaldesa de Carre\u00f1o ha informado que el Concejo adaptar\u00e1 su presupuesto debido a los efectos del Covid-19. \u201cActualizamos y adaptamos la propuesta presupuestaria que, desde el mes de Noviembre, la concejal\u00eda de Hacienda hab\u00eda estado negociando con el resto de grupos pol\u00edticos para sacar adelante unas nuevas cuentas municipales. Se trata de un nuevo","og:url":"https:\/\/candas365.es\/noticias\/covid-19-carreno-reajustara-su-presupuesto\/","og:image":"https:\/\/candas365.es\/noticias\/wp-content\/uploads\/2015\/01\/ayuntamiento.jpg","og:image:secure_url":"https:\/\/candas365.es\/noticias\/wp-content\/uploads\/2015\/01\/ayuntamiento.jpg","og:image:width":800,"og:image:height":600,"article:published_time":"2020-04-21T08:51:51+00:00","article:modified_time":"2020-04-21T08:51:51+00:00","article:publisher":"https:\/\/www.facebook.com\/Nachofdezber","article:author":"https:\/\/www.facebook.com\/carrenoactualidad","twitter:card":"summary_large_image","twitter:site":"@NabercoDigital","twitter:title":"Covid-19: Carre\u00f1o reajustar\u00e1 su presupuesto | Cand\u00e1s 365","twitter:description":"La Alcaldesa de Carre\u00f1o ha informado que el Concejo adaptar\u00e1 su presupuesto debido a los efectos del Covid-19. \u201cActualizamos y adaptamos la propuesta presupuestaria que, desde el mes de Noviembre, la concejal\u00eda de Hacienda hab\u00eda estado negociando con el resto de grupos pol\u00edticos para sacar adelante unas nuevas cuentas municipales. Se trata de un nuevo","twitter:creator":"@nbasturias","twitter:image":"https:\/\/candas365.es\/noticias\/wp-content\/uploads\/2015\/01\/ayuntamiento.jpg","twitter:label1":"Escrito por","twitter:data1":"Cand\u00e1s 365","twitter:label2":"Tiempo de lectura estimado","twitter:data2":"3 minutos"},"aioseo_meta_data":{"post_id":"141273","title":null,"description":null,"keywords":null,"keyphrases":null,"primary_term":null,"canonical_url":null,"og_title":null,"og_description":null,"og_object_type":"default","og_image_type":"default","og_image_url":null,"og_image_width":null,"og_image_height":null,"og_image_custom_url":null,"og_image_custom_fields":null,"og_video":null,"og_custom_url":null,"og_article_section":null,"og_article_tags":null,"twitter_use_og":false,"twitter_card":"default","twitter_image_type":"default","twitter_image_url":null,"twitter_image_custom_url":null,"twitter_image_custom_fields":null,"twitter_title":null,"twitter_description":null,"schema":{"blockGraphs":[],"customGraphs":[],"default":{"data":{"Article":[],"Course":[],"Dataset":[],"FAQPage":[],"Movie":[],"Person":[],"Product":[],"ProductReview":[],"Car":[],"Recipe":[],"Service":[],"SoftwareApplication":[],"WebPage":[]},"graphName":"","isEnabled":true},"graphs":[],"defaultGraph":"","defaultPostTypeGraph":""},"schema_type":null,"schema_type_options":null,"pillar_content":false,"robots_default":true,"robots_noindex":false,"robots_noarchive":false,"robots_nosnippet":false,"robots_nofollow":false,"robots_noimageindex":false,"robots_noodp":false,"robots_notranslate":false,"robots_max_snippet":null,"robots_max_videopreview":null,"robots_max_imagepreview":"large","priority":null,"frequency":null,"location":null,"local_seo":null,"seo_analyzer_scan_date":"2025-08-31 03:50:15","breadcrumb_settings":null,"limit_modified_date":false,"reviewed_by":null,"open_ai":null,"ai":null,"created":"2020-12-21 10:43:01","updated":"2025-08-31 03:50:15"},"aioseo_breadcrumb":"<div class=\"aioseo-breadcrumbs\"><span class=\"aioseo-breadcrumb\">\n\t<a href=\"https:\/\/candas365.es\/noticias\" title=\"Home\">Home<\/a>\n<\/span><span class=\"aioseo-breadcrumb-separator\">&ndash;<\/span><span class=\"aioseo-breadcrumb\">\n\t<a href=\"https:\/\/candas365.es\/noticias\/category\/noticias-carreno\/\" title=\"Noticias Carre\u00f1o\">Noticias Carre\u00f1o<\/a>\n<\/span><span class=\"aioseo-breadcrumb-separator\">&ndash;<\/span><span class=\"aioseo-breadcrumb\">\n\tCovid-19: Carre\u00f1o reajustar\u00e1 su presupuesto\n<\/span><\/div>","aioseo_breadcrumb_json":[{"label":"Home","link":"https:\/\/candas365.es\/noticias"},{"label":"Noticias Carre\u00f1o","link":"https:\/\/candas365.es\/noticias\/category\/noticias-carreno\/"},{"label":"Covid-19: Carre\u00f1o reajustar\u00e1 su presupuesto","link":"https:\/\/candas365.es\/noticias\/covid-19-carreno-reajustara-su-presupuesto\/"}],"_links":{"self":[{"href":"https:\/\/candas365.es\/noticias\/wp-json\/wp\/v2\/posts\/141273","targetHints":{"allow":["GET"]}}],"collection":[{"href":"https:\/\/candas365.es\/noticias\/wp-json\/wp\/v2\/posts"}],"about":[{"href":"https:\/\/candas365.es\/noticias\/wp-json\/wp\/v2\/types\/post"}],"author":[{"embeddable":true,"href":"https:\/\/candas365.es\/noticias\/wp-json\/wp\/v2\/users\/1"}],"replies":[{"embeddable":true,"href":"https:\/\/candas365.es\/noticias\/wp-json\/wp\/v2\/comments?post=141273"}],"version-history":[{"count":0,"href":"https:\/\/candas365.es\/noticias\/wp-json\/wp\/v2\/posts\/141273\/revisions"}],"wp:featuredmedia":[{"embeddable":true,"href":"https:\/\/candas365.es\/noticias\/wp-json\/wp\/v2\/media\/6453"}],"wp:attachment":[{"href":"https:\/\/candas365.es\/noticias\/wp-json\/wp\/v2\/media?parent=141273"}],"wp:term":[{"taxonomy":"category","embeddable":true,"href":"https:\/\/candas365.es\/noticias\/wp-json\/wp\/v2\/categories?post=141273"},{"taxonomy":"post_tag","embeddable":true,"href":"https:\/\/candas365.es\/noticias\/wp-json\/wp\/v2\/tags?post=141273"}],"curies":[{"name":"wp","href":"https:\/\/api.w.org\/{rel}","templated":true}]}}