{"id":141183,"date":"2020-04-19T09:11:30","date_gmt":"2020-04-19T09:11:30","guid":{"rendered":"http:\/\/candas365.es\/noticias\/?p=141183"},"modified":"2020-04-19T09:11:30","modified_gmt":"2020-04-19T09:11:30","slug":"clan-estrena-nos-movemos","status":"publish","type":"post","link":"https:\/\/candas365.es\/noticias\/clan-estrena-nos-movemos\/","title":{"rendered":"Clan estrena \u00abNos Movemos\u00bb"},"content":{"rendered":"<p><img fetchpriority=\"high\" decoding=\"async\" class=\"alignleft size-medium wp-image-141184\" src=\"https:\/\/candas365.es\/noticias\/wp-content\/uploads\/2020\/04\/ndp-tele-19042004-360x203.jpg\" alt=\"\" width=\"360\" height=\"203\" srcset=\"https:\/\/candas365.es\/noticias\/wp-content\/uploads\/2020\/04\/ndp-tele-19042004-360x203.jpg 360w, https:\/\/candas365.es\/noticias\/wp-content\/uploads\/2020\/04\/ndp-tele-19042004-655x368.jpg 655w, https:\/\/candas365.es\/noticias\/wp-content\/uploads\/2020\/04\/ndp-tele-19042004-768x432.jpg 768w, https:\/\/candas365.es\/noticias\/wp-content\/uploads\/2020\/04\/ndp-tele-19042004-1536x864.jpg 1536w, https:\/\/candas365.es\/noticias\/wp-content\/uploads\/2020\/04\/ndp-tele-19042004-696x392.jpg 696w, https:\/\/candas365.es\/noticias\/wp-content\/uploads\/2020\/04\/ndp-tele-19042004-1068x601.jpg 1068w, https:\/\/candas365.es\/noticias\/wp-content\/uploads\/2020\/04\/ndp-tele-19042004-747x420.jpg 747w, https:\/\/candas365.es\/noticias\/wp-content\/uploads\/2020\/04\/ndp-tele-19042004.jpg 1600w\" sizes=\"(max-width: 360px) 100vw, 360px\" \/>Clan estrena el lunes 20 de abril \u2018Nos Movemos\u2019, una secci\u00f3n diaria dentro del programa \u2018Aprendemos en Casa\u2019, que realiza RTVE en colaboraci\u00f3n con el Ministerio de Educaci\u00f3n, en la que estrellas del deporte mostrar\u00e1n a los m\u00e1s peque\u00f1os rutinas deportivas dise\u00f1adas por profesores de Educaci\u00f3n F\u00edsica.<\/p>\n<p>The Ricky Rubio Foundation y la Federaci\u00f3n Espa\u00f1ola de Baloncesto han contribuido activamente a esta iniciativa, en la que podremos ver a algunos de los campeones del mundo y las campeonas de Europa m\u00e1s destacados, empezando por el propio Ricky Rubio el lunes.<\/p>\n<p>Una secci\u00f3n de diez minutos de ejercicios f\u00edsicos, que se emitir\u00e1 cada d\u00eda entre cada una de las clases de \u2018Aprendemos en casa\u2019, y a la que se han sumado otros deportistas de alto nivel: Sandra S\u00e1nchez (karate), Laura Ester (Waterpolo), Blanca Manch\u00f3n (Vela), Juan\u00edn Garc\u00eda (balonmano) y Sara Salda\u00f1a (nataci\u00f3n art\u00edstica), entre otros.<\/p>\n<h3><strong>\u2018Agus y Lui: retos en casa\u2019<\/strong><\/h3>\n<p>Adem\u00e1s, el canal infantil de RTVE estrena \u2018Agus y Lui: retos en casa\u2019. Dos nuevos amigos con los que los ni\u00f1os aprender\u00e1n a hacer manualidades con objetos que tengan en casa. S\u00f3lo hay que echarle imaginaci\u00f3n y un par de manos para pasar un rato divertido.<\/p>\n<p>Una secci\u00f3n diaria de cinco minutos que se emitir\u00e1 de lunes a viernes, por la ma\u00f1ana y por la tarde: a las 08:32 y a las 17:06 horas.<\/p>\n<p>&nbsp;<\/p>\n","protected":false},"excerpt":{"rendered":"<p>Clan estrena el lunes 20 de abril \u2018Nos Movemos\u2019, una secci\u00f3n diaria dentro del programa \u2018Aprendemos en Casa\u2019, que realiza RTVE en colaboraci\u00f3n con el Ministerio de Educaci\u00f3n, en la que estrellas del deporte mostrar\u00e1n a los m\u00e1s peque\u00f1os rutinas deportivas dise\u00f1adas por profesores de Educaci\u00f3n F\u00edsica. The Ricky Rubio Foundation y la Federaci\u00f3n Espa\u00f1ola<\/p>\n","protected":false},"author":1,"featured_media":141184,"comment_status":"closed","ping_status":"closed","sticky":false,"template":"","format":"standard","meta":{"footnotes":""},"categories":[1],"tags":[],"class_list":{"0":"post-141183","1":"post","2":"type-post","3":"status-publish","4":"format-standard","5":"has-post-thumbnail","7":"category-agenda"},"aioseo_notices":[],"aioseo_head":"\n\t\t<!-- All in One SEO Pro 4.9.6.2 - aioseo.com -->\n\t<meta name=\"description\" content=\"Clan estrena el lunes 20 de abril \u2018Nos Movemos\u2019, una secci\u00f3n diaria dentro del programa \u2018Aprendemos en Casa\u2019, que realiza RTVE en colaboraci\u00f3n con el Ministerio de Educaci\u00f3n, en la que estrellas del deporte mostrar\u00e1n a los m\u00e1s peque\u00f1os rutinas deportivas dise\u00f1adas por profesores de Educaci\u00f3n F\u00edsica. The Ricky Rubio Foundation y la Federaci\u00f3n Espa\u00f1ola\" \/>\n\t<meta name=\"robots\" content=\"max-image-preview:large\" \/>\n\t<meta name=\"author\" content=\"Cand\u00e1s 365\"\/>\n\t<meta name=\"google-site-verification\" content=\"UA-32230408-1\" \/>\n\t<meta name=\"msvalidate.01\" content=\"354F3CDFB2DA171B47FBE9ABF1F88D5\" \/>\n\t<meta name=\"keywords\" content=\"agenda\" \/>\n\t<link rel=\"canonical\" href=\"https:\/\/candas365.es\/noticias\/clan-estrena-nos-movemos\/\" \/>\n\t<meta name=\"generator\" content=\"All in One SEO Pro (AIOSEO) 4.9.6.2\" \/>\n\t\t<meta property=\"og:locale\" content=\"es_ES\" \/>\n\t\t<meta property=\"og:site_name\" content=\"Cand\u00e1s 365\" \/>\n\t\t<meta property=\"og:type\" content=\"article\" \/>\n\t\t<meta property=\"og:title\" content=\"Clan estrena \u00abNos Movemos\u00bb | Cand\u00e1s 365\" \/>\n\t\t<meta property=\"og:description\" content=\"Clan estrena el lunes 20 de abril \u2018Nos Movemos\u2019, una secci\u00f3n diaria dentro del programa \u2018Aprendemos en Casa\u2019, que realiza RTVE en colaboraci\u00f3n con el Ministerio de Educaci\u00f3n, en la que estrellas del deporte mostrar\u00e1n a los m\u00e1s peque\u00f1os rutinas deportivas dise\u00f1adas por profesores de Educaci\u00f3n F\u00edsica. The Ricky Rubio Foundation y la Federaci\u00f3n Espa\u00f1ola\" \/>\n\t\t<meta property=\"og:url\" content=\"https:\/\/candas365.es\/noticias\/clan-estrena-nos-movemos\/\" \/>\n\t\t<meta property=\"og:image\" content=\"https:\/\/candas365.es\/noticias\/wp-content\/uploads\/2020\/04\/ndp-tele-19042004.jpg\" \/>\n\t\t<meta property=\"og:image:secure_url\" content=\"https:\/\/candas365.es\/noticias\/wp-content\/uploads\/2020\/04\/ndp-tele-19042004.jpg\" \/>\n\t\t<meta property=\"og:image:width\" content=\"1600\" \/>\n\t\t<meta property=\"og:image:height\" content=\"900\" \/>\n\t\t<meta property=\"article:published_time\" content=\"2020-04-19T09:11:30+00:00\" \/>\n\t\t<meta property=\"article:modified_time\" content=\"2020-04-19T09:11:30+00:00\" \/>\n\t\t<meta property=\"article:publisher\" content=\"https:\/\/www.facebook.com\/Nachofdezber\" \/>\n\t\t<meta property=\"article:author\" content=\"https:\/\/www.facebook.com\/carrenoactualidad\" \/>\n\t\t<meta name=\"twitter:card\" content=\"summary_large_image\" \/>\n\t\t<meta name=\"twitter:site\" content=\"@NabercoDigital\" \/>\n\t\t<meta name=\"twitter:title\" content=\"Clan estrena \u00abNos Movemos\u00bb | Cand\u00e1s 365\" \/>\n\t\t<meta name=\"twitter:description\" content=\"Clan estrena el lunes 20 de abril \u2018Nos Movemos\u2019, una secci\u00f3n diaria dentro del programa \u2018Aprendemos en Casa\u2019, que realiza RTVE en colaboraci\u00f3n con el Ministerio de Educaci\u00f3n, en la que estrellas del deporte mostrar\u00e1n a los m\u00e1s peque\u00f1os rutinas deportivas dise\u00f1adas por profesores de Educaci\u00f3n F\u00edsica. The Ricky Rubio Foundation y la Federaci\u00f3n Espa\u00f1ola\" \/>\n\t\t<meta name=\"twitter:creator\" content=\"@nbasturias\" \/>\n\t\t<meta name=\"twitter:image\" content=\"https:\/\/candas365.es\/noticias\/wp-content\/uploads\/2020\/04\/ndp-tele-19042004.jpg\" \/>\n\t\t<meta name=\"twitter:label1\" content=\"Escrito por\" \/>\n\t\t<meta name=\"twitter:data1\" content=\"Cand\u00e1s 365\" \/>\n\t\t<meta name=\"twitter:label2\" content=\"Tiempo de lectura estimado\" \/>\n\t\t<meta name=\"twitter:data2\" content=\"1 minuto\" \/>\n\t\t<script type=\"application\/ld+json\" class=\"aioseo-schema\">\n\t\t\t{\"@context\":\"https:\\\/\\\/schema.org\",\"@graph\":[{\"@type\":\"BreadcrumbList\",\"@id\":\"https:\\\/\\\/candas365.es\\\/noticias\\\/clan-estrena-nos-movemos\\\/#breadcrumblist\",\"itemListElement\":[{\"@type\":\"ListItem\",\"@id\":\"https:\\\/\\\/candas365.es\\\/noticias#listItem\",\"position\":1,\"name\":\"Home\",\"item\":\"https:\\\/\\\/candas365.es\\\/noticias\",\"nextItem\":{\"@type\":\"ListItem\",\"@id\":\"https:\\\/\\\/candas365.es\\\/noticias\\\/category\\\/agenda\\\/#listItem\",\"name\":\"Agenda\"}},{\"@type\":\"ListItem\",\"@id\":\"https:\\\/\\\/candas365.es\\\/noticias\\\/category\\\/agenda\\\/#listItem\",\"position\":2,\"name\":\"Agenda\",\"item\":\"https:\\\/\\\/candas365.es\\\/noticias\\\/category\\\/agenda\\\/\",\"nextItem\":{\"@type\":\"ListItem\",\"@id\":\"https:\\\/\\\/candas365.es\\\/noticias\\\/clan-estrena-nos-movemos\\\/#listItem\",\"name\":\"Clan estrena \\u00abNos Movemos\\u00bb\"},\"previousItem\":{\"@type\":\"ListItem\",\"@id\":\"https:\\\/\\\/candas365.es\\\/noticias#listItem\",\"name\":\"Home\"}},{\"@type\":\"ListItem\",\"@id\":\"https:\\\/\\\/candas365.es\\\/noticias\\\/clan-estrena-nos-movemos\\\/#listItem\",\"position\":3,\"name\":\"Clan estrena \\u00abNos Movemos\\u00bb\",\"previousItem\":{\"@type\":\"ListItem\",\"@id\":\"https:\\\/\\\/candas365.es\\\/noticias\\\/category\\\/agenda\\\/#listItem\",\"name\":\"Agenda\"}}]},{\"@type\":\"NewsArticle\",\"@id\":\"https:\\\/\\\/candas365.es\\\/noticias\\\/clan-estrena-nos-movemos\\\/#newsarticle\",\"name\":\"Clan estrena \\u00abNos Movemos\\u00bb | Cand\\u00e1s 365\",\"headline\":\"Clan estrena \\u00abNos Movemos\\u00bb\",\"author\":{\"@id\":\"https:\\\/\\\/candas365.es\\\/noticias\\\/author\\\/admin\\\/#author\"},\"publisher\":{\"@id\":\"https:\\\/\\\/candas365.es\\\/noticias\\\/#organization\"},\"image\":{\"@type\":\"ImageObject\",\"url\":\"https:\\\/\\\/candas365.es\\\/noticias\\\/wp-content\\\/uploads\\\/2020\\\/04\\\/ndp-tele-19042004.jpg\",\"width\":1600,\"height\":900},\"datePublished\":\"2020-04-19T09:11:30+02:00\",\"dateModified\":\"2020-04-19T09:11:30+02:00\",\"inLanguage\":\"es-ES\",\"mainEntityOfPage\":{\"@id\":\"https:\\\/\\\/candas365.es\\\/noticias\\\/clan-estrena-nos-movemos\\\/#webpage\"},\"isPartOf\":{\"@id\":\"https:\\\/\\\/candas365.es\\\/noticias\\\/clan-estrena-nos-movemos\\\/#webpage\"},\"articleSection\":\"Agenda\",\"dateline\":\"Publicado el abril 19, 2020.\"},{\"@type\":\"Organization\",\"@id\":\"https:\\\/\\\/candas365.es\\\/noticias\\\/#organization\",\"name\":\"Cand\\u00e1s 365\",\"description\":\"Cand\\u00e1s 365 es un diario digital independiente, fundado en 2012, con base en Asturias. Informamos con rigor sobre actualidad, sociedad, cultura y ocio, con una mirada local y global.\",\"url\":\"https:\\\/\\\/candas365.es\\\/noticias\\\/\",\"email\":\"info@candas365.es\",\"telephone\":\"+34652131393\",\"foundingDate\":\"2012-06-10\",\"logo\":{\"@type\":\"ImageObject\",\"url\":\"https:\\\/\\\/candas365.es\\\/noticias\\\/wp-content\\\/uploads\\\/2024\\\/09\\\/Candas-365-Redes.jpg\",\"@id\":\"https:\\\/\\\/candas365.es\\\/noticias\\\/clan-estrena-nos-movemos\\\/#organizationLogo\",\"width\":1152,\"height\":864,\"caption\":\"Cand\\u00e1s 365 Redes\"},\"image\":{\"@id\":\"https:\\\/\\\/candas365.es\\\/noticias\\\/clan-estrena-nos-movemos\\\/#organizationLogo\"},\"sameAs\":[\"https:\\\/\\\/www.facebook.com\\\/Nachofdezber\",\"https:\\\/\\\/x.com\\\/NabercoDigital\",\"https:\\\/\\\/www.instagram.com\\\/nachofdezber\\\/\",\"https:\\\/\\\/www.youtube.com\\\/channel\\\/UCZP-2wLEB9Rv6erhFmqVnvg\"],\"address\":{\"@id\":\"https:\\\/\\\/candas365.es\\\/noticias\\\/#postaladdress\",\"@type\":\"PostalAddress\",\"streetAddress\":\"san antonio 4, san antonio 4\",\"postalCode\":\"33430\",\"addressLocality\":\"Cand\\u00e1s\",\"addressRegion\":\"Asturias\",\"addressCountry\":\"ES\"}},{\"@type\":\"Person\",\"@id\":\"https:\\\/\\\/candas365.es\\\/noticias\\\/author\\\/admin\\\/#author\",\"url\":\"https:\\\/\\\/candas365.es\\\/noticias\\\/author\\\/admin\\\/\",\"name\":\"Cand\\u00e1s 365\",\"image\":{\"@type\":\"ImageObject\",\"@id\":\"https:\\\/\\\/candas365.es\\\/noticias\\\/clan-estrena-nos-movemos\\\/#authorImage\",\"url\":\"https:\\\/\\\/secure.gravatar.com\\\/avatar\\\/496a8e03d0c493ede1718b7934145dbdf8d89be1036b0eec9544e1094c9de390?s=96&d=mm&r=g\",\"width\":96,\"height\":96,\"caption\":\"Cand\\u00e1s 365\"},\"sameAs\":[\"https:\\\/\\\/www.facebook.com\\\/carrenoactualidad\",\"https:\\\/\\\/twitter.com\\\/nbasturias\",\"https:\\\/\\\/www.instagram.com\\\/nachofdezber\\\/\",\"https:\\\/\\\/www.youtube.com\\\/channel\\\/UCZP-2wLEB9Rv6erhFmqVnvg\"]},{\"@type\":\"WebPage\",\"@id\":\"https:\\\/\\\/candas365.es\\\/noticias\\\/clan-estrena-nos-movemos\\\/#webpage\",\"url\":\"https:\\\/\\\/candas365.es\\\/noticias\\\/clan-estrena-nos-movemos\\\/\",\"name\":\"Clan estrena \\u00abNos Movemos\\u00bb | Cand\\u00e1s 365\",\"description\":\"Clan estrena el lunes 20 de abril \\u2018Nos Movemos\\u2019, una secci\\u00f3n diaria dentro del programa \\u2018Aprendemos en Casa\\u2019, que realiza RTVE en colaboraci\\u00f3n con el Ministerio de Educaci\\u00f3n, en la que estrellas del deporte mostrar\\u00e1n a los m\\u00e1s peque\\u00f1os rutinas deportivas dise\\u00f1adas por profesores de Educaci\\u00f3n F\\u00edsica. The Ricky Rubio Foundation y la Federaci\\u00f3n Espa\\u00f1ola\",\"inLanguage\":\"es-ES\",\"isPartOf\":{\"@id\":\"https:\\\/\\\/candas365.es\\\/noticias\\\/#website\"},\"breadcrumb\":{\"@id\":\"https:\\\/\\\/candas365.es\\\/noticias\\\/clan-estrena-nos-movemos\\\/#breadcrumblist\"},\"author\":{\"@id\":\"https:\\\/\\\/candas365.es\\\/noticias\\\/author\\\/admin\\\/#author\"},\"creator\":{\"@id\":\"https:\\\/\\\/candas365.es\\\/noticias\\\/author\\\/admin\\\/#author\"},\"image\":{\"@type\":\"ImageObject\",\"url\":\"https:\\\/\\\/candas365.es\\\/noticias\\\/wp-content\\\/uploads\\\/2020\\\/04\\\/ndp-tele-19042004.jpg\",\"@id\":\"https:\\\/\\\/candas365.es\\\/noticias\\\/clan-estrena-nos-movemos\\\/#mainImage\",\"width\":1600,\"height\":900},\"primaryImageOfPage\":{\"@id\":\"https:\\\/\\\/candas365.es\\\/noticias\\\/clan-estrena-nos-movemos\\\/#mainImage\"},\"datePublished\":\"2020-04-19T09:11:30+02:00\",\"dateModified\":\"2020-04-19T09:11:30+02:00\"},{\"@type\":\"WebSite\",\"@id\":\"https:\\\/\\\/candas365.es\\\/noticias\\\/#website\",\"url\":\"https:\\\/\\\/candas365.es\\\/noticias\\\/\",\"name\":\"Cand\\u00e1s 365\",\"alternateName\":\"Cand\\u00e1s 365 Noticias\",\"description\":\"Actualidad desde Carre\\u00f1o para el mundo\",\"inLanguage\":\"es-ES\",\"publisher\":{\"@id\":\"https:\\\/\\\/candas365.es\\\/noticias\\\/#organization\"}}]}\n\t\t<\/script>\n\t\t<!-- All in One SEO Pro -->\r\n\t\t<title>Clan estrena \u00abNos Movemos\u00bb | Cand\u00e1s 365<\/title>\n\n","aioseo_head_json":{"title":"Clan estrena \u00abNos Movemos\u00bb | Cand\u00e1s 365","description":"Clan estrena el lunes 20 de abril \u2018Nos Movemos\u2019, una secci\u00f3n diaria dentro del programa \u2018Aprendemos en Casa\u2019, que realiza RTVE en colaboraci\u00f3n con el Ministerio de Educaci\u00f3n, en la que estrellas del deporte mostrar\u00e1n a los m\u00e1s peque\u00f1os rutinas deportivas dise\u00f1adas por profesores de Educaci\u00f3n F\u00edsica. The Ricky Rubio Foundation y la Federaci\u00f3n Espa\u00f1ola","canonical_url":"https:\/\/candas365.es\/noticias\/clan-estrena-nos-movemos\/","robots":"max-image-preview:large","keywords":"agenda","webmasterTools":{"google-site-verification":"UA-32230408-1","msvalidate.01":"354F3CDFB2DA171B47FBE9ABF1F88D5","miscellaneous":""},"schema":{"@context":"https:\/\/schema.org","@graph":[{"@type":"BreadcrumbList","@id":"https:\/\/candas365.es\/noticias\/clan-estrena-nos-movemos\/#breadcrumblist","itemListElement":[{"@type":"ListItem","@id":"https:\/\/candas365.es\/noticias#listItem","position":1,"name":"Home","item":"https:\/\/candas365.es\/noticias","nextItem":{"@type":"ListItem","@id":"https:\/\/candas365.es\/noticias\/category\/agenda\/#listItem","name":"Agenda"}},{"@type":"ListItem","@id":"https:\/\/candas365.es\/noticias\/category\/agenda\/#listItem","position":2,"name":"Agenda","item":"https:\/\/candas365.es\/noticias\/category\/agenda\/","nextItem":{"@type":"ListItem","@id":"https:\/\/candas365.es\/noticias\/clan-estrena-nos-movemos\/#listItem","name":"Clan estrena \u00abNos Movemos\u00bb"},"previousItem":{"@type":"ListItem","@id":"https:\/\/candas365.es\/noticias#listItem","name":"Home"}},{"@type":"ListItem","@id":"https:\/\/candas365.es\/noticias\/clan-estrena-nos-movemos\/#listItem","position":3,"name":"Clan estrena \u00abNos Movemos\u00bb","previousItem":{"@type":"ListItem","@id":"https:\/\/candas365.es\/noticias\/category\/agenda\/#listItem","name":"Agenda"}}]},{"@type":"NewsArticle","@id":"https:\/\/candas365.es\/noticias\/clan-estrena-nos-movemos\/#newsarticle","name":"Clan estrena \u00abNos Movemos\u00bb | Cand\u00e1s 365","headline":"Clan estrena \u00abNos Movemos\u00bb","author":{"@id":"https:\/\/candas365.es\/noticias\/author\/admin\/#author"},"publisher":{"@id":"https:\/\/candas365.es\/noticias\/#organization"},"image":{"@type":"ImageObject","url":"https:\/\/candas365.es\/noticias\/wp-content\/uploads\/2020\/04\/ndp-tele-19042004.jpg","width":1600,"height":900},"datePublished":"2020-04-19T09:11:30+02:00","dateModified":"2020-04-19T09:11:30+02:00","inLanguage":"es-ES","mainEntityOfPage":{"@id":"https:\/\/candas365.es\/noticias\/clan-estrena-nos-movemos\/#webpage"},"isPartOf":{"@id":"https:\/\/candas365.es\/noticias\/clan-estrena-nos-movemos\/#webpage"},"articleSection":"Agenda","dateline":"Publicado el abril 19, 2020."},{"@type":"Organization","@id":"https:\/\/candas365.es\/noticias\/#organization","name":"Cand\u00e1s 365","description":"Cand\u00e1s 365 es un diario digital independiente, fundado en 2012, con base en Asturias. Informamos con rigor sobre actualidad, sociedad, cultura y ocio, con una mirada local y global.","url":"https:\/\/candas365.es\/noticias\/","email":"info@candas365.es","telephone":"+34652131393","foundingDate":"2012-06-10","logo":{"@type":"ImageObject","url":"https:\/\/candas365.es\/noticias\/wp-content\/uploads\/2024\/09\/Candas-365-Redes.jpg","@id":"https:\/\/candas365.es\/noticias\/clan-estrena-nos-movemos\/#organizationLogo","width":1152,"height":864,"caption":"Cand\u00e1s 365 Redes"},"image":{"@id":"https:\/\/candas365.es\/noticias\/clan-estrena-nos-movemos\/#organizationLogo"},"sameAs":["https:\/\/www.facebook.com\/Nachofdezber","https:\/\/x.com\/NabercoDigital","https:\/\/www.instagram.com\/nachofdezber\/","https:\/\/www.youtube.com\/channel\/UCZP-2wLEB9Rv6erhFmqVnvg"],"address":{"@id":"https:\/\/candas365.es\/noticias\/#postaladdress","@type":"PostalAddress","streetAddress":"san antonio 4, san antonio 4","postalCode":"33430","addressLocality":"Cand\u00e1s","addressRegion":"Asturias","addressCountry":"ES"}},{"@type":"Person","@id":"https:\/\/candas365.es\/noticias\/author\/admin\/#author","url":"https:\/\/candas365.es\/noticias\/author\/admin\/","name":"Cand\u00e1s 365","image":{"@type":"ImageObject","@id":"https:\/\/candas365.es\/noticias\/clan-estrena-nos-movemos\/#authorImage","url":"https:\/\/secure.gravatar.com\/avatar\/496a8e03d0c493ede1718b7934145dbdf8d89be1036b0eec9544e1094c9de390?s=96&d=mm&r=g","width":96,"height":96,"caption":"Cand\u00e1s 365"},"sameAs":["https:\/\/www.facebook.com\/carrenoactualidad","https:\/\/twitter.com\/nbasturias","https:\/\/www.instagram.com\/nachofdezber\/","https:\/\/www.youtube.com\/channel\/UCZP-2wLEB9Rv6erhFmqVnvg"]},{"@type":"WebPage","@id":"https:\/\/candas365.es\/noticias\/clan-estrena-nos-movemos\/#webpage","url":"https:\/\/candas365.es\/noticias\/clan-estrena-nos-movemos\/","name":"Clan estrena \u00abNos Movemos\u00bb | Cand\u00e1s 365","description":"Clan estrena el lunes 20 de abril \u2018Nos Movemos\u2019, una secci\u00f3n diaria dentro del programa \u2018Aprendemos en Casa\u2019, que realiza RTVE en colaboraci\u00f3n con el Ministerio de Educaci\u00f3n, en la que estrellas del deporte mostrar\u00e1n a los m\u00e1s peque\u00f1os rutinas deportivas dise\u00f1adas por profesores de Educaci\u00f3n F\u00edsica. The Ricky Rubio Foundation y la Federaci\u00f3n Espa\u00f1ola","inLanguage":"es-ES","isPartOf":{"@id":"https:\/\/candas365.es\/noticias\/#website"},"breadcrumb":{"@id":"https:\/\/candas365.es\/noticias\/clan-estrena-nos-movemos\/#breadcrumblist"},"author":{"@id":"https:\/\/candas365.es\/noticias\/author\/admin\/#author"},"creator":{"@id":"https:\/\/candas365.es\/noticias\/author\/admin\/#author"},"image":{"@type":"ImageObject","url":"https:\/\/candas365.es\/noticias\/wp-content\/uploads\/2020\/04\/ndp-tele-19042004.jpg","@id":"https:\/\/candas365.es\/noticias\/clan-estrena-nos-movemos\/#mainImage","width":1600,"height":900},"primaryImageOfPage":{"@id":"https:\/\/candas365.es\/noticias\/clan-estrena-nos-movemos\/#mainImage"},"datePublished":"2020-04-19T09:11:30+02:00","dateModified":"2020-04-19T09:11:30+02:00"},{"@type":"WebSite","@id":"https:\/\/candas365.es\/noticias\/#website","url":"https:\/\/candas365.es\/noticias\/","name":"Cand\u00e1s 365","alternateName":"Cand\u00e1s 365 Noticias","description":"Actualidad desde Carre\u00f1o para el mundo","inLanguage":"es-ES","publisher":{"@id":"https:\/\/candas365.es\/noticias\/#organization"}}]},"og:locale":"es_ES","og:site_name":"Cand\u00e1s 365","og:type":"article","og:title":"Clan estrena \u00abNos Movemos\u00bb | Cand\u00e1s 365","og:description":"Clan estrena el lunes 20 de abril \u2018Nos Movemos\u2019, una secci\u00f3n diaria dentro del programa \u2018Aprendemos en Casa\u2019, que realiza RTVE en colaboraci\u00f3n con el Ministerio de Educaci\u00f3n, en la que estrellas del deporte mostrar\u00e1n a los m\u00e1s peque\u00f1os rutinas deportivas dise\u00f1adas por profesores de Educaci\u00f3n F\u00edsica. The Ricky Rubio Foundation y la Federaci\u00f3n Espa\u00f1ola","og:url":"https:\/\/candas365.es\/noticias\/clan-estrena-nos-movemos\/","og:image":"https:\/\/candas365.es\/noticias\/wp-content\/uploads\/2020\/04\/ndp-tele-19042004.jpg","og:image:secure_url":"https:\/\/candas365.es\/noticias\/wp-content\/uploads\/2020\/04\/ndp-tele-19042004.jpg","og:image:width":1600,"og:image:height":900,"article:published_time":"2020-04-19T09:11:30+00:00","article:modified_time":"2020-04-19T09:11:30+00:00","article:publisher":"https:\/\/www.facebook.com\/Nachofdezber","article:author":"https:\/\/www.facebook.com\/carrenoactualidad","twitter:card":"summary_large_image","twitter:site":"@NabercoDigital","twitter:title":"Clan estrena \u00abNos Movemos\u00bb | Cand\u00e1s 365","twitter:description":"Clan estrena el lunes 20 de abril \u2018Nos Movemos\u2019, una secci\u00f3n diaria dentro del programa \u2018Aprendemos en Casa\u2019, que realiza RTVE en colaboraci\u00f3n con el Ministerio de Educaci\u00f3n, en la que estrellas del deporte mostrar\u00e1n a los m\u00e1s peque\u00f1os rutinas deportivas dise\u00f1adas por profesores de Educaci\u00f3n F\u00edsica. The Ricky Rubio Foundation y la Federaci\u00f3n Espa\u00f1ola","twitter:creator":"@nbasturias","twitter:image":"https:\/\/candas365.es\/noticias\/wp-content\/uploads\/2020\/04\/ndp-tele-19042004.jpg","twitter:label1":"Escrito por","twitter:data1":"Cand\u00e1s 365","twitter:label2":"Tiempo de lectura estimado","twitter:data2":"1 minuto"},"aioseo_meta_data":{"post_id":"141183","title":null,"description":null,"keywords":null,"keyphrases":null,"primary_term":null,"canonical_url":null,"og_title":null,"og_description":null,"og_object_type":"default","og_image_type":"default","og_image_url":null,"og_image_width":null,"og_image_height":null,"og_image_custom_url":null,"og_image_custom_fields":null,"og_video":null,"og_custom_url":null,"og_article_section":null,"og_article_tags":null,"twitter_use_og":false,"twitter_card":"default","twitter_image_type":"default","twitter_image_url":null,"twitter_image_custom_url":null,"twitter_image_custom_fields":null,"twitter_title":null,"twitter_description":null,"schema":{"blockGraphs":[],"customGraphs":[],"default":{"data":{"Article":[],"Course":[],"Dataset":[],"FAQPage":[],"Movie":[],"Person":[],"Product":[],"ProductReview":[],"Car":[],"Recipe":[],"Service":[],"SoftwareApplication":[],"WebPage":[]},"graphName":"","isEnabled":true},"graphs":[]},"schema_type":null,"schema_type_options":null,"pillar_content":false,"robots_default":true,"robots_noindex":false,"robots_noarchive":false,"robots_nosnippet":false,"robots_nofollow":false,"robots_noimageindex":false,"robots_noodp":false,"robots_notranslate":false,"robots_max_snippet":null,"robots_max_videopreview":null,"robots_max_imagepreview":"large","priority":null,"frequency":null,"location":null,"local_seo":null,"seo_analyzer_scan_date":"2025-08-31 03:45:10","breadcrumb_settings":null,"limit_modified_date":false,"reviewed_by":null,"open_ai":null,"ai":null,"created":"2020-12-21 10:43:01","updated":"2025-08-31 03:45:10"},"aioseo_breadcrumb":"<div class=\"aioseo-breadcrumbs\"><span class=\"aioseo-breadcrumb\">\n\t<a href=\"https:\/\/candas365.es\/noticias\" title=\"Home\">Home<\/a>\n<\/span><span class=\"aioseo-breadcrumb-separator\">&ndash;<\/span><span class=\"aioseo-breadcrumb\">\n\t<a href=\"https:\/\/candas365.es\/noticias\/category\/agenda\/\" title=\"Agenda\">Agenda<\/a>\n<\/span><span class=\"aioseo-breadcrumb-separator\">&ndash;<\/span><span class=\"aioseo-breadcrumb\">\n\tClan estrena \u00abNos Movemos\u00bb\n<\/span><\/div>","aioseo_breadcrumb_json":[{"label":"Home","link":"https:\/\/candas365.es\/noticias"},{"label":"Agenda","link":"https:\/\/candas365.es\/noticias\/category\/agenda\/"},{"label":"Clan estrena \u00abNos Movemos\u00bb","link":"https:\/\/candas365.es\/noticias\/clan-estrena-nos-movemos\/"}],"_links":{"self":[{"href":"https:\/\/candas365.es\/noticias\/wp-json\/wp\/v2\/posts\/141183","targetHints":{"allow":["GET"]}}],"collection":[{"href":"https:\/\/candas365.es\/noticias\/wp-json\/wp\/v2\/posts"}],"about":[{"href":"https:\/\/candas365.es\/noticias\/wp-json\/wp\/v2\/types\/post"}],"author":[{"embeddable":true,"href":"https:\/\/candas365.es\/noticias\/wp-json\/wp\/v2\/users\/1"}],"replies":[{"embeddable":true,"href":"https:\/\/candas365.es\/noticias\/wp-json\/wp\/v2\/comments?post=141183"}],"version-history":[{"count":0,"href":"https:\/\/candas365.es\/noticias\/wp-json\/wp\/v2\/posts\/141183\/revisions"}],"wp:featuredmedia":[{"embeddable":true,"href":"https:\/\/candas365.es\/noticias\/wp-json\/wp\/v2\/media\/141184"}],"wp:attachment":[{"href":"https:\/\/candas365.es\/noticias\/wp-json\/wp\/v2\/media?parent=141183"}],"wp:term":[{"taxonomy":"category","embeddable":true,"href":"https:\/\/candas365.es\/noticias\/wp-json\/wp\/v2\/categories?post=141183"},{"taxonomy":"post_tag","embeddable":true,"href":"https:\/\/candas365.es\/noticias\/wp-json\/wp\/v2\/tags?post=141183"}],"curies":[{"name":"wp","href":"https:\/\/api.w.org\/{rel}","templated":true}]}}