{"id":141180,"date":"2020-04-19T09:09:28","date_gmt":"2020-04-19T09:09:28","guid":{"rendered":"http:\/\/candas365.es\/noticias\/?p=141180"},"modified":"2020-04-19T09:09:28","modified_gmt":"2020-04-19T09:09:28","slug":"homenaje-al-festival-de-eurovision","status":"publish","type":"post","link":"https:\/\/candas365.es\/noticias\/homenaje-al-festival-de-eurovision\/","title":{"rendered":"Homenaje al Festival de Eurovisi\u00f3n"},"content":{"rendered":"<p><img fetchpriority=\"high\" decoding=\"async\" class=\"alignleft size-medium wp-image-141181\" src=\"https:\/\/candas365.es\/noticias\/wp-content\/uploads\/2020\/04\/ndp-tele19042003-360x203.jpg\" alt=\"\" width=\"360\" height=\"203\" srcset=\"https:\/\/candas365.es\/noticias\/wp-content\/uploads\/2020\/04\/ndp-tele19042003-360x203.jpg 360w, https:\/\/candas365.es\/noticias\/wp-content\/uploads\/2020\/04\/ndp-tele19042003-655x368.jpg 655w, https:\/\/candas365.es\/noticias\/wp-content\/uploads\/2020\/04\/ndp-tele19042003-768x432.jpg 768w, https:\/\/candas365.es\/noticias\/wp-content\/uploads\/2020\/04\/ndp-tele19042003-1536x864.jpg 1536w, https:\/\/candas365.es\/noticias\/wp-content\/uploads\/2020\/04\/ndp-tele19042003-696x392.jpg 696w, https:\/\/candas365.es\/noticias\/wp-content\/uploads\/2020\/04\/ndp-tele19042003-1068x601.jpg 1068w, https:\/\/candas365.es\/noticias\/wp-content\/uploads\/2020\/04\/ndp-tele19042003-747x420.jpg 747w, https:\/\/candas365.es\/noticias\/wp-content\/uploads\/2020\/04\/ndp-tele19042003.jpg 1600w\" sizes=\"(max-width: 360px) 100vw, 360px\" \/>RTVE Digital rinde homenaje al Festival de Eurovisi\u00f3n con una programaci\u00f3n especial para disfrutar desde casa. Justo cuando queda un mes para la emisi\u00f3n de \u2018Europe shine a light\u2019, que sustituye a la final de la 65\u00aa edici\u00f3n del certamen, cancelada a causa del coronavirus, la web del festival prepara contenidos especiales para los seguidores con galas completas; todas las actuaciones espa\u00f1olas a lo largo de la historia; y un \u201cconcierto exclusivo\u201d que contar\u00e1 con muchos de los \u00faltimos representantes espa\u00f1oles.<\/p>\n<p><strong>Vive el mes eurovisivo en RTVE Digital<\/strong><\/p>\n<p>En las pr\u00f3ximas semanas, los usuarios podr\u00e1n seguir a diario un marat\u00f3n con las galas completas del festival, desde la final de 2009 celebrada en Mosc\u00fa, con Soraya Arnelas. Una oportunidad tambi\u00e9n para recordar a los m\u00edticos comentaristas Jos\u00e9 Luis Uribarri y Jos\u00e9 Mar\u00eda \u00cd\u00f1igo, y a las voces actuales del certamen en Espa\u00f1a: Tony Aguilar, Julia Varela y V\u00edctor Escudero.<\/p>\n<p>Otro de los contenidos estrella del mes que celebrar\u00e1 Eurovisi\u00f3n ser\u00e1 el \u2018Eurobalc\u00f3n\u2019, un concierto desde casa en el que algunos de los \u00faltimos candidatos espa\u00f1oles se unir\u00e1n para animar al p\u00fablico con su m\u00fasica. Tony Aguilar ser\u00e1 el maestro de ceremonias de este evento musical especial, de 45 minutos de duraci\u00f3n.<\/p>\n<p>Adem\u00e1s, en \u2018Espa\u00f1avisi\u00f3n\u2019, los fans har\u00e1n un viaje a lo largo de la historia de Espa\u00f1a en el festival. M\u00e1s de 120 minutos para recordar todas las participaciones de nuestro pa\u00eds en el concurso de la canci\u00f3n desde que debutase en 1961 con \u2018Estando contigo\u2019, de Conchita Bautista.<\/p>\n<p>Los espectadores disfrutar\u00e1n de actuaciones m\u00edticas como las de las ganadoras Massiel (\u2018La, la, la\u2019 en 1968) y Salom\u00e9 (\u2018Vivo cantando\u2019, en 1969) y volver\u00e1n a escuchar canciones que forman parte de la banda sonora de la m\u00fasica espa\u00f1ola: \u2018Yo soy aquel\u2019, de Rapahel (1966), \u2018Gwendolyne\u2019, de Julio Iglesias (1970), \u2018En un mundo nuevo\u2019, de Karina (1971), \u2018Eres t\u00fa\u2019 de Mocadades (1973), \u2018La fiesta termin\u00f3\u2019, de Paloma San Basilio (1985), \u2018Bandido\u2019 de Az\u00facar Moreno (1990), \u2018Bailar pegados\u2019, de Sergio Dalma (1991), \u2018Europe\u2019s living a celebration\u201d, de Rosa L\u00f3pez (2002) o \u2018Qu\u00e9date conmigo\u2019, de Pastora Soler (2012) o \u2018La venda\u2019 de Miki (2019). El videoclip de \u2018Universo\u2019, de Blas Cant\u00f3 cerrar\u00e1 este recopilatorio.<\/p>\n<p>Adem\u00e1s, la web de RTVE estrena el formato \u2018Mi vida en el Archivo\u2019, que repasar\u00e1 la vida personal y profesional de Massiel a trav\u00e9s del Archivo de RTVE. Asimismo, hay disponibles unas encuestas semanales para elegir la mejor canci\u00f3n de Espa\u00f1a en el festival. Los temas m\u00e1s votados de cada d\u00e9cada pasar\u00e1n a un sondeo final para elegir al ganador.<\/p>\n<p><strong>\u2018Europe shine a light\u2019, el 16 de mayo<\/strong><\/p>\n<p>La 1 y RTVE Digital emitir\u00e1n el pr\u00f3ximo 16 de mayo, a las 21:00 horas, \u2018Europe shine a light\u2019, un show que reunir\u00e1 a los 41 artistas de este a\u00f1o para lanzar un mensaje de fuerza y esperanza a todo el mundo. Juntos interpretar\u00e1n el tema ganador de 1997, \u2018Love shine a light\u2019, que da nombre al programa y cuya letra resulta inspiradora en estos momentos. La Uni\u00f3n Europea de Radiodifusi\u00f3n, junto a las emisoras neerlandesas AVROTROS, NPO y NOS, ha organizado este formato, que incluir\u00e1 muchas sorpresas para los espectadores de todo el mundo.<\/p>\n<p>&nbsp;<\/p>\n","protected":false},"excerpt":{"rendered":"<p>RTVE Digital rinde homenaje al Festival de Eurovisi\u00f3n con una programaci\u00f3n especial para disfrutar desde casa. Justo cuando queda un mes para la emisi\u00f3n de \u2018Europe shine a light\u2019, que sustituye a la final de la 65\u00aa edici\u00f3n del certamen, cancelada a causa del coronavirus, la web del festival prepara contenidos especiales para los seguidores<\/p>\n","protected":false},"author":1,"featured_media":141181,"comment_status":"closed","ping_status":"closed","sticky":false,"template":"","format":"standard","meta":{"footnotes":""},"categories":[1],"tags":[],"class_list":{"0":"post-141180","1":"post","2":"type-post","3":"status-publish","4":"format-standard","5":"has-post-thumbnail","7":"category-agenda"},"aioseo_notices":[],"aioseo_head":"\n\t\t<!-- All in One SEO Pro 4.9.6.2 - aioseo.com -->\n\t<meta name=\"description\" content=\"RTVE Digital rinde homenaje al Festival de Eurovisi\u00f3n con una programaci\u00f3n especial para disfrutar desde casa. Justo cuando queda un mes para la emisi\u00f3n de \u2018Europe shine a light\u2019, que sustituye a la final de la 65\u00aa edici\u00f3n del certamen, cancelada a causa del coronavirus, la web del festival prepara contenidos especiales para los seguidores\" \/>\n\t<meta name=\"robots\" content=\"max-image-preview:large\" \/>\n\t<meta name=\"author\" content=\"Cand\u00e1s 365\"\/>\n\t<meta name=\"google-site-verification\" content=\"UA-32230408-1\" \/>\n\t<meta name=\"msvalidate.01\" content=\"354F3CDFB2DA171B47FBE9ABF1F88D5\" \/>\n\t<meta name=\"keywords\" content=\"agenda\" \/>\n\t<link rel=\"canonical\" href=\"https:\/\/candas365.es\/noticias\/homenaje-al-festival-de-eurovision\/\" \/>\n\t<meta name=\"generator\" content=\"All in One SEO Pro (AIOSEO) 4.9.6.2\" \/>\n\t\t<meta property=\"og:locale\" content=\"es_ES\" \/>\n\t\t<meta property=\"og:site_name\" content=\"Cand\u00e1s 365\" \/>\n\t\t<meta property=\"og:type\" content=\"article\" \/>\n\t\t<meta property=\"og:title\" content=\"Homenaje al Festival de Eurovisi\u00f3n | Cand\u00e1s 365\" \/>\n\t\t<meta property=\"og:description\" content=\"RTVE Digital rinde homenaje al Festival de Eurovisi\u00f3n con una programaci\u00f3n especial para disfrutar desde casa. Justo cuando queda un mes para la emisi\u00f3n de \u2018Europe shine a light\u2019, que sustituye a la final de la 65\u00aa edici\u00f3n del certamen, cancelada a causa del coronavirus, la web del festival prepara contenidos especiales para los seguidores\" \/>\n\t\t<meta property=\"og:url\" content=\"https:\/\/candas365.es\/noticias\/homenaje-al-festival-de-eurovision\/\" \/>\n\t\t<meta property=\"og:image\" content=\"https:\/\/candas365.es\/noticias\/wp-content\/uploads\/2020\/04\/ndp-tele19042003.jpg\" \/>\n\t\t<meta property=\"og:image:secure_url\" content=\"https:\/\/candas365.es\/noticias\/wp-content\/uploads\/2020\/04\/ndp-tele19042003.jpg\" \/>\n\t\t<meta property=\"og:image:width\" content=\"1600\" \/>\n\t\t<meta property=\"og:image:height\" content=\"900\" \/>\n\t\t<meta property=\"article:published_time\" content=\"2020-04-19T09:09:28+00:00\" \/>\n\t\t<meta property=\"article:modified_time\" content=\"2020-04-19T09:09:28+00:00\" \/>\n\t\t<meta property=\"article:publisher\" content=\"https:\/\/www.facebook.com\/Nachofdezber\" \/>\n\t\t<meta property=\"article:author\" content=\"https:\/\/www.facebook.com\/carrenoactualidad\" \/>\n\t\t<meta name=\"twitter:card\" content=\"summary_large_image\" \/>\n\t\t<meta name=\"twitter:site\" content=\"@NabercoDigital\" \/>\n\t\t<meta name=\"twitter:title\" content=\"Homenaje al Festival de Eurovisi\u00f3n | Cand\u00e1s 365\" \/>\n\t\t<meta name=\"twitter:description\" content=\"RTVE Digital rinde homenaje al Festival de Eurovisi\u00f3n con una programaci\u00f3n especial para disfrutar desde casa. Justo cuando queda un mes para la emisi\u00f3n de \u2018Europe shine a light\u2019, que sustituye a la final de la 65\u00aa edici\u00f3n del certamen, cancelada a causa del coronavirus, la web del festival prepara contenidos especiales para los seguidores\" \/>\n\t\t<meta name=\"twitter:creator\" content=\"@nbasturias\" \/>\n\t\t<meta name=\"twitter:image\" content=\"https:\/\/candas365.es\/noticias\/wp-content\/uploads\/2020\/04\/ndp-tele19042003.jpg\" \/>\n\t\t<meta name=\"twitter:label1\" content=\"Escrito por\" \/>\n\t\t<meta name=\"twitter:data1\" content=\"Cand\u00e1s 365\" \/>\n\t\t<meta name=\"twitter:label2\" content=\"Tiempo de lectura estimado\" \/>\n\t\t<meta name=\"twitter:data2\" content=\"3 minutos\" \/>\n\t\t<script type=\"application\/ld+json\" class=\"aioseo-schema\">\n\t\t\t{\"@context\":\"https:\\\/\\\/schema.org\",\"@graph\":[{\"@type\":\"BreadcrumbList\",\"@id\":\"https:\\\/\\\/candas365.es\\\/noticias\\\/homenaje-al-festival-de-eurovision\\\/#breadcrumblist\",\"itemListElement\":[{\"@type\":\"ListItem\",\"@id\":\"https:\\\/\\\/candas365.es\\\/noticias#listItem\",\"position\":1,\"name\":\"Home\",\"item\":\"https:\\\/\\\/candas365.es\\\/noticias\",\"nextItem\":{\"@type\":\"ListItem\",\"@id\":\"https:\\\/\\\/candas365.es\\\/noticias\\\/category\\\/agenda\\\/#listItem\",\"name\":\"Agenda\"}},{\"@type\":\"ListItem\",\"@id\":\"https:\\\/\\\/candas365.es\\\/noticias\\\/category\\\/agenda\\\/#listItem\",\"position\":2,\"name\":\"Agenda\",\"item\":\"https:\\\/\\\/candas365.es\\\/noticias\\\/category\\\/agenda\\\/\",\"nextItem\":{\"@type\":\"ListItem\",\"@id\":\"https:\\\/\\\/candas365.es\\\/noticias\\\/homenaje-al-festival-de-eurovision\\\/#listItem\",\"name\":\"Homenaje al Festival de Eurovisi\\u00f3n\"},\"previousItem\":{\"@type\":\"ListItem\",\"@id\":\"https:\\\/\\\/candas365.es\\\/noticias#listItem\",\"name\":\"Home\"}},{\"@type\":\"ListItem\",\"@id\":\"https:\\\/\\\/candas365.es\\\/noticias\\\/homenaje-al-festival-de-eurovision\\\/#listItem\",\"position\":3,\"name\":\"Homenaje al Festival de Eurovisi\\u00f3n\",\"previousItem\":{\"@type\":\"ListItem\",\"@id\":\"https:\\\/\\\/candas365.es\\\/noticias\\\/category\\\/agenda\\\/#listItem\",\"name\":\"Agenda\"}}]},{\"@type\":\"NewsArticle\",\"@id\":\"https:\\\/\\\/candas365.es\\\/noticias\\\/homenaje-al-festival-de-eurovision\\\/#newsarticle\",\"name\":\"Homenaje al Festival de Eurovisi\\u00f3n | Cand\\u00e1s 365\",\"headline\":\"Homenaje al Festival de Eurovisi\\u00f3n\",\"author\":{\"@id\":\"https:\\\/\\\/candas365.es\\\/noticias\\\/author\\\/admin\\\/#author\"},\"publisher\":{\"@id\":\"https:\\\/\\\/candas365.es\\\/noticias\\\/#organization\"},\"image\":{\"@type\":\"ImageObject\",\"url\":\"https:\\\/\\\/candas365.es\\\/noticias\\\/wp-content\\\/uploads\\\/2020\\\/04\\\/ndp-tele19042003.jpg\",\"width\":1600,\"height\":900},\"datePublished\":\"2020-04-19T09:09:28+02:00\",\"dateModified\":\"2020-04-19T09:09:28+02:00\",\"inLanguage\":\"es-ES\",\"mainEntityOfPage\":{\"@id\":\"https:\\\/\\\/candas365.es\\\/noticias\\\/homenaje-al-festival-de-eurovision\\\/#webpage\"},\"isPartOf\":{\"@id\":\"https:\\\/\\\/candas365.es\\\/noticias\\\/homenaje-al-festival-de-eurovision\\\/#webpage\"},\"articleSection\":\"Agenda\",\"dateline\":\"Publicado el abril 19, 2020.\"},{\"@type\":\"Organization\",\"@id\":\"https:\\\/\\\/candas365.es\\\/noticias\\\/#organization\",\"name\":\"Cand\\u00e1s 365\",\"description\":\"Cand\\u00e1s 365 es un diario digital independiente, fundado en 2012, con base en Asturias. Informamos con rigor sobre actualidad, sociedad, cultura y ocio, con una mirada local y global.\",\"url\":\"https:\\\/\\\/candas365.es\\\/noticias\\\/\",\"email\":\"info@candas365.es\",\"telephone\":\"+34652131393\",\"foundingDate\":\"2012-06-10\",\"logo\":{\"@type\":\"ImageObject\",\"url\":\"https:\\\/\\\/candas365.es\\\/noticias\\\/wp-content\\\/uploads\\\/2024\\\/09\\\/Candas-365-Redes.jpg\",\"@id\":\"https:\\\/\\\/candas365.es\\\/noticias\\\/homenaje-al-festival-de-eurovision\\\/#organizationLogo\",\"width\":1152,\"height\":864,\"caption\":\"Cand\\u00e1s 365 Redes\"},\"image\":{\"@id\":\"https:\\\/\\\/candas365.es\\\/noticias\\\/homenaje-al-festival-de-eurovision\\\/#organizationLogo\"},\"sameAs\":[\"https:\\\/\\\/www.facebook.com\\\/Nachofdezber\",\"https:\\\/\\\/x.com\\\/NabercoDigital\",\"https:\\\/\\\/www.instagram.com\\\/nachofdezber\\\/\",\"https:\\\/\\\/www.youtube.com\\\/channel\\\/UCZP-2wLEB9Rv6erhFmqVnvg\"],\"address\":{\"@id\":\"https:\\\/\\\/candas365.es\\\/noticias\\\/#postaladdress\",\"@type\":\"PostalAddress\",\"streetAddress\":\"san antonio 4, san antonio 4\",\"postalCode\":\"33430\",\"addressLocality\":\"Cand\\u00e1s\",\"addressRegion\":\"Asturias\",\"addressCountry\":\"ES\"}},{\"@type\":\"Person\",\"@id\":\"https:\\\/\\\/candas365.es\\\/noticias\\\/author\\\/admin\\\/#author\",\"url\":\"https:\\\/\\\/candas365.es\\\/noticias\\\/author\\\/admin\\\/\",\"name\":\"Cand\\u00e1s 365\",\"image\":{\"@type\":\"ImageObject\",\"@id\":\"https:\\\/\\\/candas365.es\\\/noticias\\\/homenaje-al-festival-de-eurovision\\\/#authorImage\",\"url\":\"https:\\\/\\\/secure.gravatar.com\\\/avatar\\\/496a8e03d0c493ede1718b7934145dbdf8d89be1036b0eec9544e1094c9de390?s=96&d=mm&r=g\",\"width\":96,\"height\":96,\"caption\":\"Cand\\u00e1s 365\"},\"sameAs\":[\"https:\\\/\\\/www.facebook.com\\\/carrenoactualidad\",\"https:\\\/\\\/twitter.com\\\/nbasturias\",\"https:\\\/\\\/www.instagram.com\\\/nachofdezber\\\/\",\"https:\\\/\\\/www.youtube.com\\\/channel\\\/UCZP-2wLEB9Rv6erhFmqVnvg\"]},{\"@type\":\"WebPage\",\"@id\":\"https:\\\/\\\/candas365.es\\\/noticias\\\/homenaje-al-festival-de-eurovision\\\/#webpage\",\"url\":\"https:\\\/\\\/candas365.es\\\/noticias\\\/homenaje-al-festival-de-eurovision\\\/\",\"name\":\"Homenaje al Festival de Eurovisi\\u00f3n | Cand\\u00e1s 365\",\"description\":\"RTVE Digital rinde homenaje al Festival de Eurovisi\\u00f3n con una programaci\\u00f3n especial para disfrutar desde casa. Justo cuando queda un mes para la emisi\\u00f3n de \\u2018Europe shine a light\\u2019, que sustituye a la final de la 65\\u00aa edici\\u00f3n del certamen, cancelada a causa del coronavirus, la web del festival prepara contenidos especiales para los seguidores\",\"inLanguage\":\"es-ES\",\"isPartOf\":{\"@id\":\"https:\\\/\\\/candas365.es\\\/noticias\\\/#website\"},\"breadcrumb\":{\"@id\":\"https:\\\/\\\/candas365.es\\\/noticias\\\/homenaje-al-festival-de-eurovision\\\/#breadcrumblist\"},\"author\":{\"@id\":\"https:\\\/\\\/candas365.es\\\/noticias\\\/author\\\/admin\\\/#author\"},\"creator\":{\"@id\":\"https:\\\/\\\/candas365.es\\\/noticias\\\/author\\\/admin\\\/#author\"},\"image\":{\"@type\":\"ImageObject\",\"url\":\"https:\\\/\\\/candas365.es\\\/noticias\\\/wp-content\\\/uploads\\\/2020\\\/04\\\/ndp-tele19042003.jpg\",\"@id\":\"https:\\\/\\\/candas365.es\\\/noticias\\\/homenaje-al-festival-de-eurovision\\\/#mainImage\",\"width\":1600,\"height\":900},\"primaryImageOfPage\":{\"@id\":\"https:\\\/\\\/candas365.es\\\/noticias\\\/homenaje-al-festival-de-eurovision\\\/#mainImage\"},\"datePublished\":\"2020-04-19T09:09:28+02:00\",\"dateModified\":\"2020-04-19T09:09:28+02:00\"},{\"@type\":\"WebSite\",\"@id\":\"https:\\\/\\\/candas365.es\\\/noticias\\\/#website\",\"url\":\"https:\\\/\\\/candas365.es\\\/noticias\\\/\",\"name\":\"Cand\\u00e1s 365\",\"alternateName\":\"Cand\\u00e1s 365 Noticias\",\"description\":\"Actualidad desde Carre\\u00f1o para el mundo\",\"inLanguage\":\"es-ES\",\"publisher\":{\"@id\":\"https:\\\/\\\/candas365.es\\\/noticias\\\/#organization\"}}]}\n\t\t<\/script>\n\t\t<!-- All in One SEO Pro -->\r\n\t\t<title>Homenaje al Festival de Eurovisi\u00f3n | Cand\u00e1s 365<\/title>\n\n","aioseo_head_json":{"title":"Homenaje al Festival de Eurovisi\u00f3n | Cand\u00e1s 365","description":"RTVE Digital rinde homenaje al Festival de Eurovisi\u00f3n con una programaci\u00f3n especial para disfrutar desde casa. Justo cuando queda un mes para la emisi\u00f3n de \u2018Europe shine a light\u2019, que sustituye a la final de la 65\u00aa edici\u00f3n del certamen, cancelada a causa del coronavirus, la web del festival prepara contenidos especiales para los seguidores","canonical_url":"https:\/\/candas365.es\/noticias\/homenaje-al-festival-de-eurovision\/","robots":"max-image-preview:large","keywords":"agenda","webmasterTools":{"google-site-verification":"UA-32230408-1","msvalidate.01":"354F3CDFB2DA171B47FBE9ABF1F88D5","miscellaneous":""},"schema":{"@context":"https:\/\/schema.org","@graph":[{"@type":"BreadcrumbList","@id":"https:\/\/candas365.es\/noticias\/homenaje-al-festival-de-eurovision\/#breadcrumblist","itemListElement":[{"@type":"ListItem","@id":"https:\/\/candas365.es\/noticias#listItem","position":1,"name":"Home","item":"https:\/\/candas365.es\/noticias","nextItem":{"@type":"ListItem","@id":"https:\/\/candas365.es\/noticias\/category\/agenda\/#listItem","name":"Agenda"}},{"@type":"ListItem","@id":"https:\/\/candas365.es\/noticias\/category\/agenda\/#listItem","position":2,"name":"Agenda","item":"https:\/\/candas365.es\/noticias\/category\/agenda\/","nextItem":{"@type":"ListItem","@id":"https:\/\/candas365.es\/noticias\/homenaje-al-festival-de-eurovision\/#listItem","name":"Homenaje al Festival de Eurovisi\u00f3n"},"previousItem":{"@type":"ListItem","@id":"https:\/\/candas365.es\/noticias#listItem","name":"Home"}},{"@type":"ListItem","@id":"https:\/\/candas365.es\/noticias\/homenaje-al-festival-de-eurovision\/#listItem","position":3,"name":"Homenaje al Festival de Eurovisi\u00f3n","previousItem":{"@type":"ListItem","@id":"https:\/\/candas365.es\/noticias\/category\/agenda\/#listItem","name":"Agenda"}}]},{"@type":"NewsArticle","@id":"https:\/\/candas365.es\/noticias\/homenaje-al-festival-de-eurovision\/#newsarticle","name":"Homenaje al Festival de Eurovisi\u00f3n | Cand\u00e1s 365","headline":"Homenaje al Festival de Eurovisi\u00f3n","author":{"@id":"https:\/\/candas365.es\/noticias\/author\/admin\/#author"},"publisher":{"@id":"https:\/\/candas365.es\/noticias\/#organization"},"image":{"@type":"ImageObject","url":"https:\/\/candas365.es\/noticias\/wp-content\/uploads\/2020\/04\/ndp-tele19042003.jpg","width":1600,"height":900},"datePublished":"2020-04-19T09:09:28+02:00","dateModified":"2020-04-19T09:09:28+02:00","inLanguage":"es-ES","mainEntityOfPage":{"@id":"https:\/\/candas365.es\/noticias\/homenaje-al-festival-de-eurovision\/#webpage"},"isPartOf":{"@id":"https:\/\/candas365.es\/noticias\/homenaje-al-festival-de-eurovision\/#webpage"},"articleSection":"Agenda","dateline":"Publicado el abril 19, 2020."},{"@type":"Organization","@id":"https:\/\/candas365.es\/noticias\/#organization","name":"Cand\u00e1s 365","description":"Cand\u00e1s 365 es un diario digital independiente, fundado en 2012, con base en Asturias. Informamos con rigor sobre actualidad, sociedad, cultura y ocio, con una mirada local y global.","url":"https:\/\/candas365.es\/noticias\/","email":"info@candas365.es","telephone":"+34652131393","foundingDate":"2012-06-10","logo":{"@type":"ImageObject","url":"https:\/\/candas365.es\/noticias\/wp-content\/uploads\/2024\/09\/Candas-365-Redes.jpg","@id":"https:\/\/candas365.es\/noticias\/homenaje-al-festival-de-eurovision\/#organizationLogo","width":1152,"height":864,"caption":"Cand\u00e1s 365 Redes"},"image":{"@id":"https:\/\/candas365.es\/noticias\/homenaje-al-festival-de-eurovision\/#organizationLogo"},"sameAs":["https:\/\/www.facebook.com\/Nachofdezber","https:\/\/x.com\/NabercoDigital","https:\/\/www.instagram.com\/nachofdezber\/","https:\/\/www.youtube.com\/channel\/UCZP-2wLEB9Rv6erhFmqVnvg"],"address":{"@id":"https:\/\/candas365.es\/noticias\/#postaladdress","@type":"PostalAddress","streetAddress":"san antonio 4, san antonio 4","postalCode":"33430","addressLocality":"Cand\u00e1s","addressRegion":"Asturias","addressCountry":"ES"}},{"@type":"Person","@id":"https:\/\/candas365.es\/noticias\/author\/admin\/#author","url":"https:\/\/candas365.es\/noticias\/author\/admin\/","name":"Cand\u00e1s 365","image":{"@type":"ImageObject","@id":"https:\/\/candas365.es\/noticias\/homenaje-al-festival-de-eurovision\/#authorImage","url":"https:\/\/secure.gravatar.com\/avatar\/496a8e03d0c493ede1718b7934145dbdf8d89be1036b0eec9544e1094c9de390?s=96&d=mm&r=g","width":96,"height":96,"caption":"Cand\u00e1s 365"},"sameAs":["https:\/\/www.facebook.com\/carrenoactualidad","https:\/\/twitter.com\/nbasturias","https:\/\/www.instagram.com\/nachofdezber\/","https:\/\/www.youtube.com\/channel\/UCZP-2wLEB9Rv6erhFmqVnvg"]},{"@type":"WebPage","@id":"https:\/\/candas365.es\/noticias\/homenaje-al-festival-de-eurovision\/#webpage","url":"https:\/\/candas365.es\/noticias\/homenaje-al-festival-de-eurovision\/","name":"Homenaje al Festival de Eurovisi\u00f3n | Cand\u00e1s 365","description":"RTVE Digital rinde homenaje al Festival de Eurovisi\u00f3n con una programaci\u00f3n especial para disfrutar desde casa. Justo cuando queda un mes para la emisi\u00f3n de \u2018Europe shine a light\u2019, que sustituye a la final de la 65\u00aa edici\u00f3n del certamen, cancelada a causa del coronavirus, la web del festival prepara contenidos especiales para los seguidores","inLanguage":"es-ES","isPartOf":{"@id":"https:\/\/candas365.es\/noticias\/#website"},"breadcrumb":{"@id":"https:\/\/candas365.es\/noticias\/homenaje-al-festival-de-eurovision\/#breadcrumblist"},"author":{"@id":"https:\/\/candas365.es\/noticias\/author\/admin\/#author"},"creator":{"@id":"https:\/\/candas365.es\/noticias\/author\/admin\/#author"},"image":{"@type":"ImageObject","url":"https:\/\/candas365.es\/noticias\/wp-content\/uploads\/2020\/04\/ndp-tele19042003.jpg","@id":"https:\/\/candas365.es\/noticias\/homenaje-al-festival-de-eurovision\/#mainImage","width":1600,"height":900},"primaryImageOfPage":{"@id":"https:\/\/candas365.es\/noticias\/homenaje-al-festival-de-eurovision\/#mainImage"},"datePublished":"2020-04-19T09:09:28+02:00","dateModified":"2020-04-19T09:09:28+02:00"},{"@type":"WebSite","@id":"https:\/\/candas365.es\/noticias\/#website","url":"https:\/\/candas365.es\/noticias\/","name":"Cand\u00e1s 365","alternateName":"Cand\u00e1s 365 Noticias","description":"Actualidad desde Carre\u00f1o para el mundo","inLanguage":"es-ES","publisher":{"@id":"https:\/\/candas365.es\/noticias\/#organization"}}]},"og:locale":"es_ES","og:site_name":"Cand\u00e1s 365","og:type":"article","og:title":"Homenaje al Festival de Eurovisi\u00f3n | Cand\u00e1s 365","og:description":"RTVE Digital rinde homenaje al Festival de Eurovisi\u00f3n con una programaci\u00f3n especial para disfrutar desde casa. Justo cuando queda un mes para la emisi\u00f3n de \u2018Europe shine a light\u2019, que sustituye a la final de la 65\u00aa edici\u00f3n del certamen, cancelada a causa del coronavirus, la web del festival prepara contenidos especiales para los seguidores","og:url":"https:\/\/candas365.es\/noticias\/homenaje-al-festival-de-eurovision\/","og:image":"https:\/\/candas365.es\/noticias\/wp-content\/uploads\/2020\/04\/ndp-tele19042003.jpg","og:image:secure_url":"https:\/\/candas365.es\/noticias\/wp-content\/uploads\/2020\/04\/ndp-tele19042003.jpg","og:image:width":1600,"og:image:height":900,"article:published_time":"2020-04-19T09:09:28+00:00","article:modified_time":"2020-04-19T09:09:28+00:00","article:publisher":"https:\/\/www.facebook.com\/Nachofdezber","article:author":"https:\/\/www.facebook.com\/carrenoactualidad","twitter:card":"summary_large_image","twitter:site":"@NabercoDigital","twitter:title":"Homenaje al Festival de Eurovisi\u00f3n | Cand\u00e1s 365","twitter:description":"RTVE Digital rinde homenaje al Festival de Eurovisi\u00f3n con una programaci\u00f3n especial para disfrutar desde casa. Justo cuando queda un mes para la emisi\u00f3n de \u2018Europe shine a light\u2019, que sustituye a la final de la 65\u00aa edici\u00f3n del certamen, cancelada a causa del coronavirus, la web del festival prepara contenidos especiales para los seguidores","twitter:creator":"@nbasturias","twitter:image":"https:\/\/candas365.es\/noticias\/wp-content\/uploads\/2020\/04\/ndp-tele19042003.jpg","twitter:label1":"Escrito por","twitter:data1":"Cand\u00e1s 365","twitter:label2":"Tiempo de lectura estimado","twitter:data2":"3 minutos"},"aioseo_meta_data":{"post_id":"141180","title":null,"description":null,"keywords":null,"keyphrases":null,"primary_term":null,"canonical_url":null,"og_title":null,"og_description":null,"og_object_type":"default","og_image_type":"default","og_image_url":null,"og_image_width":null,"og_image_height":null,"og_image_custom_url":null,"og_image_custom_fields":null,"og_video":null,"og_custom_url":null,"og_article_section":null,"og_article_tags":null,"twitter_use_og":false,"twitter_card":"default","twitter_image_type":"default","twitter_image_url":null,"twitter_image_custom_url":null,"twitter_image_custom_fields":null,"twitter_title":null,"twitter_description":null,"schema":{"blockGraphs":[],"customGraphs":[],"default":{"data":{"Article":[],"Course":[],"Dataset":[],"FAQPage":[],"Movie":[],"Person":[],"Product":[],"ProductReview":[],"Car":[],"Recipe":[],"Service":[],"SoftwareApplication":[],"WebPage":[]},"graphName":"","isEnabled":true},"graphs":[],"defaultGraph":"","defaultPostTypeGraph":""},"schema_type":null,"schema_type_options":null,"pillar_content":false,"robots_default":true,"robots_noindex":false,"robots_noarchive":false,"robots_nosnippet":false,"robots_nofollow":false,"robots_noimageindex":false,"robots_noodp":false,"robots_notranslate":false,"robots_max_snippet":null,"robots_max_videopreview":null,"robots_max_imagepreview":"large","priority":null,"frequency":null,"location":null,"local_seo":null,"seo_analyzer_scan_date":"2025-08-31 03:43:26","breadcrumb_settings":null,"limit_modified_date":false,"reviewed_by":null,"open_ai":null,"ai":null,"created":"2020-12-21 10:43:01","updated":"2025-08-31 03:43:26"},"aioseo_breadcrumb":"<div class=\"aioseo-breadcrumbs\"><span class=\"aioseo-breadcrumb\">\n\t<a href=\"https:\/\/candas365.es\/noticias\" title=\"Home\">Home<\/a>\n<\/span><span class=\"aioseo-breadcrumb-separator\">&ndash;<\/span><span class=\"aioseo-breadcrumb\">\n\t<a href=\"https:\/\/candas365.es\/noticias\/category\/agenda\/\" title=\"Agenda\">Agenda<\/a>\n<\/span><span class=\"aioseo-breadcrumb-separator\">&ndash;<\/span><span class=\"aioseo-breadcrumb\">\n\tHomenaje al Festival de Eurovisi\u00f3n\n<\/span><\/div>","aioseo_breadcrumb_json":[{"label":"Home","link":"https:\/\/candas365.es\/noticias"},{"label":"Agenda","link":"https:\/\/candas365.es\/noticias\/category\/agenda\/"},{"label":"Homenaje al Festival de Eurovisi\u00f3n","link":"https:\/\/candas365.es\/noticias\/homenaje-al-festival-de-eurovision\/"}],"_links":{"self":[{"href":"https:\/\/candas365.es\/noticias\/wp-json\/wp\/v2\/posts\/141180","targetHints":{"allow":["GET"]}}],"collection":[{"href":"https:\/\/candas365.es\/noticias\/wp-json\/wp\/v2\/posts"}],"about":[{"href":"https:\/\/candas365.es\/noticias\/wp-json\/wp\/v2\/types\/post"}],"author":[{"embeddable":true,"href":"https:\/\/candas365.es\/noticias\/wp-json\/wp\/v2\/users\/1"}],"replies":[{"embeddable":true,"href":"https:\/\/candas365.es\/noticias\/wp-json\/wp\/v2\/comments?post=141180"}],"version-history":[{"count":0,"href":"https:\/\/candas365.es\/noticias\/wp-json\/wp\/v2\/posts\/141180\/revisions"}],"wp:featuredmedia":[{"embeddable":true,"href":"https:\/\/candas365.es\/noticias\/wp-json\/wp\/v2\/media\/141181"}],"wp:attachment":[{"href":"https:\/\/candas365.es\/noticias\/wp-json\/wp\/v2\/media?parent=141180"}],"wp:term":[{"taxonomy":"category","embeddable":true,"href":"https:\/\/candas365.es\/noticias\/wp-json\/wp\/v2\/categories?post=141180"},{"taxonomy":"post_tag","embeddable":true,"href":"https:\/\/candas365.es\/noticias\/wp-json\/wp\/v2\/tags?post=141180"}],"curies":[{"name":"wp","href":"https:\/\/api.w.org\/{rel}","templated":true}]}}