{"id":140684,"date":"2020-04-07T17:11:12","date_gmt":"2020-04-07T17:11:12","guid":{"rendered":"http:\/\/candas365.es\/noticias\/?p=140684"},"modified":"2020-04-07T17:11:12","modified_gmt":"2020-04-07T17:11:12","slug":"el-ayuntamiento-de-carreno-apuesta-por-el-teletrabajo","status":"publish","type":"post","link":"https:\/\/candas365.es\/noticias\/el-ayuntamiento-de-carreno-apuesta-por-el-teletrabajo\/","title":{"rendered":"El Ayuntamiento de Carre\u00f1o apuesta por el teletrabajo"},"content":{"rendered":"<p><img fetchpriority=\"high\" decoding=\"async\" class=\"alignleft size-medium wp-image-6453\" src=\"https:\/\/candas365.es\/noticias\/wp-content\/uploads\/2015\/01\/ayuntamiento-360x270.jpg\" alt=\"\" width=\"360\" height=\"270\" srcset=\"https:\/\/candas365.es\/noticias\/wp-content\/uploads\/2015\/01\/ayuntamiento-360x270.jpg 360w, https:\/\/candas365.es\/noticias\/wp-content\/uploads\/2015\/01\/ayuntamiento-640x480.jpg 640w, https:\/\/candas365.es\/noticias\/wp-content\/uploads\/2015\/01\/ayuntamiento-768x576.jpg 768w, https:\/\/candas365.es\/noticias\/wp-content\/uploads\/2015\/01\/ayuntamiento-150x113.jpg 150w, https:\/\/candas365.es\/noticias\/wp-content\/uploads\/2015\/01\/ayuntamiento-450x338.jpg 450w, https:\/\/candas365.es\/noticias\/wp-content\/uploads\/2015\/01\/ayuntamiento-80x60.jpg 80w, https:\/\/candas365.es\/noticias\/wp-content\/uploads\/2015\/01\/ayuntamiento-265x198.jpg 265w, https:\/\/candas365.es\/noticias\/wp-content\/uploads\/2015\/01\/ayuntamiento-696x522.jpg 696w, https:\/\/candas365.es\/noticias\/wp-content\/uploads\/2015\/01\/ayuntamiento-560x420.jpg 560w, https:\/\/candas365.es\/noticias\/wp-content\/uploads\/2015\/01\/ayuntamiento-90x67.jpg 90w, https:\/\/candas365.es\/noticias\/wp-content\/uploads\/2015\/01\/ayuntamiento.jpg 800w\" sizes=\"(max-width: 360px) 100vw, 360px\" \/>En la pasada legislatura para dar cumplimiento a dos normativas de \u00e1mbito estatal, la Ley 39\/2015, del procedimiento administrativo com\u00fan de las administraciones p\u00fablicas y la Ley 40\/2015 del r\u00e9gimen jur\u00eddico del sector p\u00fablico, el consistorio de Carre\u00f1o puso en marcha un Plan Global de Modernizaci\u00f3n Municipal. Un Plan que en esta nueva legislatura avanz\u00f3 hasta conseguir que el 100% del personal municipal de las \u00e1reas administrativas municipales pueda encontrase, en estos momentos, teletrabajando.<\/p>\n<p>\u201cEn los \u00faltimos a\u00f1os, hemos realizado inversiones en la modernizaci\u00f3n del sistema y de los equipos. En el 2018 fueron dos las acciones que se llevaron a cabo, ascendiendo a 53.517 \u20ac. Por un lado 18.000 \u20ac fueron destinados a la adquisici\u00f3n de una serie de equipos necesarios para avanzar, con su correspondiente hardware. Se adquirieron esc\u00e1neres para el registro; se equiparon las salas de reuniones donde se realizan las comisiones informativas de los medios necesarios para la proyecci\u00f3n de los expedientes; se adquirieron tablets para la totalidad de la corporaci\u00f3n con el objetivo de que los\/as Concejales\/as puedan acceder a los expedientes y a los asuntos de las comisiones y plenos sin trasladarse a la casa consistorial. Polic\u00eda local tambi\u00e9n est\u00e1 equipada con alguna tablet \u201d se\u00f1al\u00f3 Amelia Fern\u00e1ndez, Alcaldesa de Carre\u00f1o.<\/p>\n<p>\u201c35.517 \u20ac se destinaron a la gesti\u00f3n electr\u00f3nica de las notificaciones presenciales; Identificaci\u00f3n y firma; Interoperabilidad y certificados electr\u00f3nicos. Cliente scs.;e interoperabilidad con otras administraciones\u201d &#8211; afirm\u00f3 la regidora.<\/p>\n<p>\u201cEl a\u00f1o pasado ( 2019) la inversi\u00f3n fue m\u00e1s potente. Invertimos para la mejora los servicios de administraci\u00f3n de sistemas en modo hosting, centr\u00e1ndose en trasladar el servicio del Centro de Proceso de Datos (CPD) municipal a uno externo. La migraci\u00f3n y el mantenimiento de dicho CPD incluye ahora a la totalidad de los sistemas municipales. Adem\u00e1s, en estas mejoras, se incorpor\u00f3 un servicio de infraestructura inform\u00e1tica y soporte relativo al alojamiento y a su disponibilidad\u201d relat\u00f3 Fern\u00e1ndez.<\/p>\n<p>\u201cEn este caso, tambi\u00e9n, dos fueron las inversiones. 85.983,33 \u20ac destinadas a la adquisici\u00f3n de un software comercial. Dispal Astur, S.A. fue la empresa adjudicataria de suministrar las licencias necesarias para el correcto funcionamiento del sistema de gesti\u00f3n de la base de datos municipal, la actualizaci\u00f3n a la \u00faltima versi\u00f3n de Office disponible en el mercado para cerca de 100 licencias y a nombre del Ayuntamiento de Carre\u00f1o o la actualizaci\u00f3n de la plataforma de virtualizaci\u00f3n del puesto a una tecnolog\u00eda Citrix en las mismas condiciones que el Office\u201d inform\u00f3 la Alcaldesa.<\/p>\n<p>\u201cMientras Consulting S.L. fue la empresa adjudicataria encargada de la migraci\u00f3n de los sistemas inform\u00e1ticos hacia un entorno en la nube (Cloud) que aporte continuidad del servicio as\u00ed como una mayor seguridad posibilitando la actualizaci\u00f3n y crecimiento futuro. Haci\u00e9ndose cargo de todos los costes derivados de la migraci\u00f3n de datos a la nueva infraestructura, garantizando el funcionamiento de los sistemas inform\u00e1ticos, asumiendo la responsabilidad de su mantenimiento y continuidad 24 horas al d\u00eda, los 7 d\u00edas de la semana y adapt\u00e1ndose a la evoluci\u00f3n tecnol\u00f3gica de los pr\u00f3ximos a\u00f1os. Este servicio tendr\u00e1 una duraci\u00f3n de 4 a\u00f1os, ascendiendo al coste a 223.850 \u20ac por los 4 a\u00f1os de vigencia del contrato\u201d prosigui\u00f3 Fern\u00e1ndez.<\/p>\n<p>Carre\u00f1o es, hoy en d\u00eda, uno de los municipios punteros en Espa\u00f1a en cuanto a la modernizaci\u00f3n de sus sistemas digitales. En este concejo es posible relacionarse y gestionar telem\u00e1ticamente. Una f\u00f3rmula la digital en la que prima la transparencia y ofrece la posibilidad al vecindario de poder consultar electr\u00f3nicamente sus expedientes, desde casa y con un solo click. As\u00ed como ofrecer la remisi\u00f3n de documentos y escritos a otras administraciones desde la m\u00e1s cercana, la municipal.<\/p>\n<p>\u201cLas inversiones previas y previsiones con las que se desarroll\u00f3 el plan municipal, permiten que, a d\u00eda de hoy, m\u00e1xime con motivo de los acontecimientos que nuestra sociedad est\u00e1 padeciendo, que no se resientan los servicios p\u00fablicos y la atenci\u00f3n ciudadana. El 100% de la plantilla de las \u00e1reas t\u00e9cnicas y administrativas del consistorio pueda teletrabajar desde sus hogares. Tambi\u00e9n hemos pasado a realizar videoconferencias con las jefaturas de cada servicio o que las Juntas de Portavoces tambi\u00e9n se realicen semanalmente a trav\u00e9s de este medio. Ma\u00f1ana a las 12 h. se celebrar\u00e1 la tercera sesi\u00f3n telem\u00e1tica con las portavoc\u00edas\u201d se\u00f1al\u00f3 Fern\u00e1ndez.<\/p>\n<p>\u201cLa inversi\u00f3n que hemos tenido que realizar en estos d\u00edas para hacer efectivo este sistema de videoconferencias ascendi\u00f3 a 600 \u20ac destinados a la obtenci\u00f3n de las licencias para las videoconferencias; y 5.368 \u20ac destinados a la compra de 20 Raspberry y 3 Tables para los responsables de las \u00e1reas de Intervenci\u00f3n, Secretar\u00eda para que puedan asistir a las videoconferencias. En total 5.968 \u20ac se necesitaron en este \u00faltimo periodo\u201d finaliz\u00f3 la Alcaldesa.<\/p>\n<p>&nbsp;<\/p>\n","protected":false},"excerpt":{"rendered":"<p>En la pasada legislatura para dar cumplimiento a dos normativas de \u00e1mbito estatal, la Ley 39\/2015, del procedimiento administrativo com\u00fan de las administraciones p\u00fablicas y la Ley 40\/2015 del r\u00e9gimen jur\u00eddico del sector p\u00fablico, el consistorio de Carre\u00f1o puso en marcha un Plan Global de Modernizaci\u00f3n Municipal. Un Plan que en esta nueva legislatura avanz\u00f3<\/p>\n","protected":false},"author":1,"featured_media":6453,"comment_status":"closed","ping_status":"closed","sticky":false,"template":"","format":"standard","meta":{"footnotes":""},"categories":[2],"tags":[],"class_list":{"0":"post-140684","1":"post","2":"type-post","3":"status-publish","4":"format-standard","5":"has-post-thumbnail","7":"category-noticias-carreno"},"aioseo_notices":[],"aioseo_head":"\n\t\t<!-- All in One SEO Pro 4.9.6.2 - aioseo.com -->\n\t<meta name=\"description\" content=\"En la pasada legislatura para dar cumplimiento a dos normativas de \u00e1mbito estatal, la Ley 39\/2015, del procedimiento administrativo com\u00fan de las administraciones p\u00fablicas y la Ley 40\/2015 del r\u00e9gimen jur\u00eddico del sector p\u00fablico, el consistorio de Carre\u00f1o puso en marcha un Plan Global de Modernizaci\u00f3n Municipal. Un Plan que en esta nueva legislatura avanz\u00f3\" \/>\n\t<meta name=\"robots\" content=\"max-image-preview:large\" \/>\n\t<meta name=\"author\" content=\"Cand\u00e1s 365\"\/>\n\t<meta name=\"google-site-verification\" content=\"UA-32230408-1\" \/>\n\t<meta name=\"msvalidate.01\" content=\"354F3CDFB2DA171B47FBE9ABF1F88D5\" \/>\n\t<meta name=\"keywords\" content=\"noticias carre\u00f1o\" \/>\n\t<link rel=\"canonical\" href=\"https:\/\/candas365.es\/noticias\/el-ayuntamiento-de-carreno-apuesta-por-el-teletrabajo\/\" \/>\n\t<meta name=\"generator\" content=\"All in One SEO Pro (AIOSEO) 4.9.6.2\" \/>\n\t\t<meta property=\"og:locale\" content=\"es_ES\" \/>\n\t\t<meta property=\"og:site_name\" content=\"Cand\u00e1s 365\" \/>\n\t\t<meta property=\"og:type\" content=\"article\" \/>\n\t\t<meta property=\"og:title\" content=\"El Ayuntamiento de Carre\u00f1o apuesta por el teletrabajo | Cand\u00e1s 365\" \/>\n\t\t<meta property=\"og:description\" content=\"En la pasada legislatura para dar cumplimiento a dos normativas de \u00e1mbito estatal, la Ley 39\/2015, del procedimiento administrativo com\u00fan de las administraciones p\u00fablicas y la Ley 40\/2015 del r\u00e9gimen jur\u00eddico del sector p\u00fablico, el consistorio de Carre\u00f1o puso en marcha un Plan Global de Modernizaci\u00f3n Municipal. Un Plan que en esta nueva legislatura avanz\u00f3\" \/>\n\t\t<meta property=\"og:url\" content=\"https:\/\/candas365.es\/noticias\/el-ayuntamiento-de-carreno-apuesta-por-el-teletrabajo\/\" \/>\n\t\t<meta property=\"og:image\" content=\"https:\/\/candas365.es\/noticias\/wp-content\/uploads\/2015\/01\/ayuntamiento.jpg\" \/>\n\t\t<meta property=\"og:image:secure_url\" content=\"https:\/\/candas365.es\/noticias\/wp-content\/uploads\/2015\/01\/ayuntamiento.jpg\" \/>\n\t\t<meta property=\"og:image:width\" content=\"800\" \/>\n\t\t<meta property=\"og:image:height\" content=\"600\" \/>\n\t\t<meta property=\"article:published_time\" content=\"2020-04-07T17:11:12+00:00\" \/>\n\t\t<meta property=\"article:modified_time\" content=\"2020-04-07T17:11:12+00:00\" \/>\n\t\t<meta property=\"article:publisher\" content=\"https:\/\/www.facebook.com\/Nachofdezber\" \/>\n\t\t<meta property=\"article:author\" content=\"https:\/\/www.facebook.com\/carrenoactualidad\" \/>\n\t\t<meta name=\"twitter:card\" content=\"summary_large_image\" \/>\n\t\t<meta name=\"twitter:site\" content=\"@NabercoDigital\" \/>\n\t\t<meta name=\"twitter:title\" content=\"El Ayuntamiento de Carre\u00f1o apuesta por el teletrabajo | Cand\u00e1s 365\" \/>\n\t\t<meta name=\"twitter:description\" content=\"En la pasada legislatura para dar cumplimiento a dos normativas de \u00e1mbito estatal, la Ley 39\/2015, del procedimiento administrativo com\u00fan de las administraciones p\u00fablicas y la Ley 40\/2015 del r\u00e9gimen jur\u00eddico del sector p\u00fablico, el consistorio de Carre\u00f1o puso en marcha un Plan Global de Modernizaci\u00f3n Municipal. Un Plan que en esta nueva legislatura avanz\u00f3\" \/>\n\t\t<meta name=\"twitter:creator\" content=\"@nbasturias\" \/>\n\t\t<meta name=\"twitter:image\" content=\"https:\/\/candas365.es\/noticias\/wp-content\/uploads\/2015\/01\/ayuntamiento.jpg\" \/>\n\t\t<meta name=\"twitter:label1\" content=\"Escrito por\" \/>\n\t\t<meta name=\"twitter:data1\" content=\"Cand\u00e1s 365\" \/>\n\t\t<meta name=\"twitter:label2\" content=\"Tiempo de lectura estimado\" \/>\n\t\t<meta name=\"twitter:data2\" content=\"4 minutos\" \/>\n\t\t<script type=\"application\/ld+json\" class=\"aioseo-schema\">\n\t\t\t{\"@context\":\"https:\\\/\\\/schema.org\",\"@graph\":[{\"@type\":\"BreadcrumbList\",\"@id\":\"https:\\\/\\\/candas365.es\\\/noticias\\\/el-ayuntamiento-de-carreno-apuesta-por-el-teletrabajo\\\/#breadcrumblist\",\"itemListElement\":[{\"@type\":\"ListItem\",\"@id\":\"https:\\\/\\\/candas365.es\\\/noticias#listItem\",\"position\":1,\"name\":\"Home\",\"item\":\"https:\\\/\\\/candas365.es\\\/noticias\",\"nextItem\":{\"@type\":\"ListItem\",\"@id\":\"https:\\\/\\\/candas365.es\\\/noticias\\\/category\\\/noticias-carreno\\\/#listItem\",\"name\":\"Noticias Carre\\u00f1o\"}},{\"@type\":\"ListItem\",\"@id\":\"https:\\\/\\\/candas365.es\\\/noticias\\\/category\\\/noticias-carreno\\\/#listItem\",\"position\":2,\"name\":\"Noticias Carre\\u00f1o\",\"item\":\"https:\\\/\\\/candas365.es\\\/noticias\\\/category\\\/noticias-carreno\\\/\",\"nextItem\":{\"@type\":\"ListItem\",\"@id\":\"https:\\\/\\\/candas365.es\\\/noticias\\\/el-ayuntamiento-de-carreno-apuesta-por-el-teletrabajo\\\/#listItem\",\"name\":\"El Ayuntamiento de Carre\\u00f1o apuesta por el teletrabajo\"},\"previousItem\":{\"@type\":\"ListItem\",\"@id\":\"https:\\\/\\\/candas365.es\\\/noticias#listItem\",\"name\":\"Home\"}},{\"@type\":\"ListItem\",\"@id\":\"https:\\\/\\\/candas365.es\\\/noticias\\\/el-ayuntamiento-de-carreno-apuesta-por-el-teletrabajo\\\/#listItem\",\"position\":3,\"name\":\"El Ayuntamiento de Carre\\u00f1o apuesta por el teletrabajo\",\"previousItem\":{\"@type\":\"ListItem\",\"@id\":\"https:\\\/\\\/candas365.es\\\/noticias\\\/category\\\/noticias-carreno\\\/#listItem\",\"name\":\"Noticias Carre\\u00f1o\"}}]},{\"@type\":\"NewsArticle\",\"@id\":\"https:\\\/\\\/candas365.es\\\/noticias\\\/el-ayuntamiento-de-carreno-apuesta-por-el-teletrabajo\\\/#newsarticle\",\"name\":\"El Ayuntamiento de Carre\\u00f1o apuesta por el teletrabajo | Cand\\u00e1s 365\",\"headline\":\"El Ayuntamiento de Carre\\u00f1o apuesta por el teletrabajo\",\"author\":{\"@id\":\"https:\\\/\\\/candas365.es\\\/noticias\\\/author\\\/admin\\\/#author\"},\"publisher\":{\"@id\":\"https:\\\/\\\/candas365.es\\\/noticias\\\/#organization\"},\"image\":{\"@type\":\"ImageObject\",\"url\":\"https:\\\/\\\/candas365.es\\\/noticias\\\/wp-content\\\/uploads\\\/2015\\\/01\\\/ayuntamiento.jpg\",\"width\":800,\"height\":600,\"caption\":\"Carre\\u00f1o\"},\"datePublished\":\"2020-04-07T17:11:12+02:00\",\"dateModified\":\"2020-04-07T17:11:12+02:00\",\"inLanguage\":\"es-ES\",\"mainEntityOfPage\":{\"@id\":\"https:\\\/\\\/candas365.es\\\/noticias\\\/el-ayuntamiento-de-carreno-apuesta-por-el-teletrabajo\\\/#webpage\"},\"isPartOf\":{\"@id\":\"https:\\\/\\\/candas365.es\\\/noticias\\\/el-ayuntamiento-de-carreno-apuesta-por-el-teletrabajo\\\/#webpage\"},\"articleSection\":\"Noticias Carre\\u00f1o\",\"dateline\":\"Publicado el abril 7, 2020.\"},{\"@type\":\"Organization\",\"@id\":\"https:\\\/\\\/candas365.es\\\/noticias\\\/#organization\",\"name\":\"Cand\\u00e1s 365\",\"description\":\"Cand\\u00e1s 365 es un diario digital independiente, fundado en 2012, con base en Asturias. Informamos con rigor sobre actualidad, sociedad, cultura y ocio, con una mirada local y global.\",\"url\":\"https:\\\/\\\/candas365.es\\\/noticias\\\/\",\"email\":\"info@candas365.es\",\"telephone\":\"+34652131393\",\"foundingDate\":\"2012-06-10\",\"logo\":{\"@type\":\"ImageObject\",\"url\":\"https:\\\/\\\/candas365.es\\\/noticias\\\/wp-content\\\/uploads\\\/2024\\\/09\\\/Candas-365-Redes.jpg\",\"@id\":\"https:\\\/\\\/candas365.es\\\/noticias\\\/el-ayuntamiento-de-carreno-apuesta-por-el-teletrabajo\\\/#organizationLogo\",\"width\":1152,\"height\":864,\"caption\":\"Cand\\u00e1s 365 Redes\"},\"image\":{\"@id\":\"https:\\\/\\\/candas365.es\\\/noticias\\\/el-ayuntamiento-de-carreno-apuesta-por-el-teletrabajo\\\/#organizationLogo\"},\"sameAs\":[\"https:\\\/\\\/www.facebook.com\\\/Nachofdezber\",\"https:\\\/\\\/x.com\\\/NabercoDigital\",\"https:\\\/\\\/www.instagram.com\\\/nachofdezber\\\/\",\"https:\\\/\\\/www.youtube.com\\\/channel\\\/UCZP-2wLEB9Rv6erhFmqVnvg\"],\"address\":{\"@id\":\"https:\\\/\\\/candas365.es\\\/noticias\\\/#postaladdress\",\"@type\":\"PostalAddress\",\"streetAddress\":\"san antonio 4, san antonio 4\",\"postalCode\":\"33430\",\"addressLocality\":\"Cand\\u00e1s\",\"addressRegion\":\"Asturias\",\"addressCountry\":\"ES\"}},{\"@type\":\"Person\",\"@id\":\"https:\\\/\\\/candas365.es\\\/noticias\\\/author\\\/admin\\\/#author\",\"url\":\"https:\\\/\\\/candas365.es\\\/noticias\\\/author\\\/admin\\\/\",\"name\":\"Cand\\u00e1s 365\",\"image\":{\"@type\":\"ImageObject\",\"@id\":\"https:\\\/\\\/candas365.es\\\/noticias\\\/el-ayuntamiento-de-carreno-apuesta-por-el-teletrabajo\\\/#authorImage\",\"url\":\"https:\\\/\\\/secure.gravatar.com\\\/avatar\\\/496a8e03d0c493ede1718b7934145dbdf8d89be1036b0eec9544e1094c9de390?s=96&d=mm&r=g\",\"width\":96,\"height\":96,\"caption\":\"Cand\\u00e1s 365\"},\"sameAs\":[\"https:\\\/\\\/www.facebook.com\\\/carrenoactualidad\",\"https:\\\/\\\/twitter.com\\\/nbasturias\",\"https:\\\/\\\/www.instagram.com\\\/nachofdezber\\\/\",\"https:\\\/\\\/www.youtube.com\\\/channel\\\/UCZP-2wLEB9Rv6erhFmqVnvg\"]},{\"@type\":\"WebPage\",\"@id\":\"https:\\\/\\\/candas365.es\\\/noticias\\\/el-ayuntamiento-de-carreno-apuesta-por-el-teletrabajo\\\/#webpage\",\"url\":\"https:\\\/\\\/candas365.es\\\/noticias\\\/el-ayuntamiento-de-carreno-apuesta-por-el-teletrabajo\\\/\",\"name\":\"El Ayuntamiento de Carre\\u00f1o apuesta por el teletrabajo | Cand\\u00e1s 365\",\"description\":\"En la pasada legislatura para dar cumplimiento a dos normativas de \\u00e1mbito estatal, la Ley 39\\\/2015, del procedimiento administrativo com\\u00fan de las administraciones p\\u00fablicas y la Ley 40\\\/2015 del r\\u00e9gimen jur\\u00eddico del sector p\\u00fablico, el consistorio de Carre\\u00f1o puso en marcha un Plan Global de Modernizaci\\u00f3n Municipal. Un Plan que en esta nueva legislatura avanz\\u00f3\",\"inLanguage\":\"es-ES\",\"isPartOf\":{\"@id\":\"https:\\\/\\\/candas365.es\\\/noticias\\\/#website\"},\"breadcrumb\":{\"@id\":\"https:\\\/\\\/candas365.es\\\/noticias\\\/el-ayuntamiento-de-carreno-apuesta-por-el-teletrabajo\\\/#breadcrumblist\"},\"author\":{\"@id\":\"https:\\\/\\\/candas365.es\\\/noticias\\\/author\\\/admin\\\/#author\"},\"creator\":{\"@id\":\"https:\\\/\\\/candas365.es\\\/noticias\\\/author\\\/admin\\\/#author\"},\"image\":{\"@type\":\"ImageObject\",\"url\":\"https:\\\/\\\/candas365.es\\\/noticias\\\/wp-content\\\/uploads\\\/2015\\\/01\\\/ayuntamiento.jpg\",\"@id\":\"https:\\\/\\\/candas365.es\\\/noticias\\\/el-ayuntamiento-de-carreno-apuesta-por-el-teletrabajo\\\/#mainImage\",\"width\":800,\"height\":600,\"caption\":\"Carre\\u00f1o\"},\"primaryImageOfPage\":{\"@id\":\"https:\\\/\\\/candas365.es\\\/noticias\\\/el-ayuntamiento-de-carreno-apuesta-por-el-teletrabajo\\\/#mainImage\"},\"datePublished\":\"2020-04-07T17:11:12+02:00\",\"dateModified\":\"2020-04-07T17:11:12+02:00\"},{\"@type\":\"WebSite\",\"@id\":\"https:\\\/\\\/candas365.es\\\/noticias\\\/#website\",\"url\":\"https:\\\/\\\/candas365.es\\\/noticias\\\/\",\"name\":\"Cand\\u00e1s 365\",\"alternateName\":\"Cand\\u00e1s 365 Noticias\",\"description\":\"Actualidad desde Carre\\u00f1o para el mundo\",\"inLanguage\":\"es-ES\",\"publisher\":{\"@id\":\"https:\\\/\\\/candas365.es\\\/noticias\\\/#organization\"}}]}\n\t\t<\/script>\n\t\t<!-- All in One SEO Pro -->\r\n\t\t<title>El Ayuntamiento de Carre\u00f1o apuesta por el teletrabajo | Cand\u00e1s 365<\/title>\n\n","aioseo_head_json":{"title":"El Ayuntamiento de Carre\u00f1o apuesta por el teletrabajo | Cand\u00e1s 365","description":"En la pasada legislatura para dar cumplimiento a dos normativas de \u00e1mbito estatal, la Ley 39\/2015, del procedimiento administrativo com\u00fan de las administraciones p\u00fablicas y la Ley 40\/2015 del r\u00e9gimen jur\u00eddico del sector p\u00fablico, el consistorio de Carre\u00f1o puso en marcha un Plan Global de Modernizaci\u00f3n Municipal. Un Plan que en esta nueva legislatura avanz\u00f3","canonical_url":"https:\/\/candas365.es\/noticias\/el-ayuntamiento-de-carreno-apuesta-por-el-teletrabajo\/","robots":"max-image-preview:large","keywords":"noticias carre\u00f1o","webmasterTools":{"google-site-verification":"UA-32230408-1","msvalidate.01":"354F3CDFB2DA171B47FBE9ABF1F88D5","miscellaneous":""},"schema":{"@context":"https:\/\/schema.org","@graph":[{"@type":"BreadcrumbList","@id":"https:\/\/candas365.es\/noticias\/el-ayuntamiento-de-carreno-apuesta-por-el-teletrabajo\/#breadcrumblist","itemListElement":[{"@type":"ListItem","@id":"https:\/\/candas365.es\/noticias#listItem","position":1,"name":"Home","item":"https:\/\/candas365.es\/noticias","nextItem":{"@type":"ListItem","@id":"https:\/\/candas365.es\/noticias\/category\/noticias-carreno\/#listItem","name":"Noticias Carre\u00f1o"}},{"@type":"ListItem","@id":"https:\/\/candas365.es\/noticias\/category\/noticias-carreno\/#listItem","position":2,"name":"Noticias Carre\u00f1o","item":"https:\/\/candas365.es\/noticias\/category\/noticias-carreno\/","nextItem":{"@type":"ListItem","@id":"https:\/\/candas365.es\/noticias\/el-ayuntamiento-de-carreno-apuesta-por-el-teletrabajo\/#listItem","name":"El Ayuntamiento de Carre\u00f1o apuesta por el teletrabajo"},"previousItem":{"@type":"ListItem","@id":"https:\/\/candas365.es\/noticias#listItem","name":"Home"}},{"@type":"ListItem","@id":"https:\/\/candas365.es\/noticias\/el-ayuntamiento-de-carreno-apuesta-por-el-teletrabajo\/#listItem","position":3,"name":"El Ayuntamiento de Carre\u00f1o apuesta por el teletrabajo","previousItem":{"@type":"ListItem","@id":"https:\/\/candas365.es\/noticias\/category\/noticias-carreno\/#listItem","name":"Noticias Carre\u00f1o"}}]},{"@type":"NewsArticle","@id":"https:\/\/candas365.es\/noticias\/el-ayuntamiento-de-carreno-apuesta-por-el-teletrabajo\/#newsarticle","name":"El Ayuntamiento de Carre\u00f1o apuesta por el teletrabajo | Cand\u00e1s 365","headline":"El Ayuntamiento de Carre\u00f1o apuesta por el teletrabajo","author":{"@id":"https:\/\/candas365.es\/noticias\/author\/admin\/#author"},"publisher":{"@id":"https:\/\/candas365.es\/noticias\/#organization"},"image":{"@type":"ImageObject","url":"https:\/\/candas365.es\/noticias\/wp-content\/uploads\/2015\/01\/ayuntamiento.jpg","width":800,"height":600,"caption":"Carre\u00f1o"},"datePublished":"2020-04-07T17:11:12+02:00","dateModified":"2020-04-07T17:11:12+02:00","inLanguage":"es-ES","mainEntityOfPage":{"@id":"https:\/\/candas365.es\/noticias\/el-ayuntamiento-de-carreno-apuesta-por-el-teletrabajo\/#webpage"},"isPartOf":{"@id":"https:\/\/candas365.es\/noticias\/el-ayuntamiento-de-carreno-apuesta-por-el-teletrabajo\/#webpage"},"articleSection":"Noticias Carre\u00f1o","dateline":"Publicado el abril 7, 2020."},{"@type":"Organization","@id":"https:\/\/candas365.es\/noticias\/#organization","name":"Cand\u00e1s 365","description":"Cand\u00e1s 365 es un diario digital independiente, fundado en 2012, con base en Asturias. Informamos con rigor sobre actualidad, sociedad, cultura y ocio, con una mirada local y global.","url":"https:\/\/candas365.es\/noticias\/","email":"info@candas365.es","telephone":"+34652131393","foundingDate":"2012-06-10","logo":{"@type":"ImageObject","url":"https:\/\/candas365.es\/noticias\/wp-content\/uploads\/2024\/09\/Candas-365-Redes.jpg","@id":"https:\/\/candas365.es\/noticias\/el-ayuntamiento-de-carreno-apuesta-por-el-teletrabajo\/#organizationLogo","width":1152,"height":864,"caption":"Cand\u00e1s 365 Redes"},"image":{"@id":"https:\/\/candas365.es\/noticias\/el-ayuntamiento-de-carreno-apuesta-por-el-teletrabajo\/#organizationLogo"},"sameAs":["https:\/\/www.facebook.com\/Nachofdezber","https:\/\/x.com\/NabercoDigital","https:\/\/www.instagram.com\/nachofdezber\/","https:\/\/www.youtube.com\/channel\/UCZP-2wLEB9Rv6erhFmqVnvg"],"address":{"@id":"https:\/\/candas365.es\/noticias\/#postaladdress","@type":"PostalAddress","streetAddress":"san antonio 4, san antonio 4","postalCode":"33430","addressLocality":"Cand\u00e1s","addressRegion":"Asturias","addressCountry":"ES"}},{"@type":"Person","@id":"https:\/\/candas365.es\/noticias\/author\/admin\/#author","url":"https:\/\/candas365.es\/noticias\/author\/admin\/","name":"Cand\u00e1s 365","image":{"@type":"ImageObject","@id":"https:\/\/candas365.es\/noticias\/el-ayuntamiento-de-carreno-apuesta-por-el-teletrabajo\/#authorImage","url":"https:\/\/secure.gravatar.com\/avatar\/496a8e03d0c493ede1718b7934145dbdf8d89be1036b0eec9544e1094c9de390?s=96&d=mm&r=g","width":96,"height":96,"caption":"Cand\u00e1s 365"},"sameAs":["https:\/\/www.facebook.com\/carrenoactualidad","https:\/\/twitter.com\/nbasturias","https:\/\/www.instagram.com\/nachofdezber\/","https:\/\/www.youtube.com\/channel\/UCZP-2wLEB9Rv6erhFmqVnvg"]},{"@type":"WebPage","@id":"https:\/\/candas365.es\/noticias\/el-ayuntamiento-de-carreno-apuesta-por-el-teletrabajo\/#webpage","url":"https:\/\/candas365.es\/noticias\/el-ayuntamiento-de-carreno-apuesta-por-el-teletrabajo\/","name":"El Ayuntamiento de Carre\u00f1o apuesta por el teletrabajo | Cand\u00e1s 365","description":"En la pasada legislatura para dar cumplimiento a dos normativas de \u00e1mbito estatal, la Ley 39\/2015, del procedimiento administrativo com\u00fan de las administraciones p\u00fablicas y la Ley 40\/2015 del r\u00e9gimen jur\u00eddico del sector p\u00fablico, el consistorio de Carre\u00f1o puso en marcha un Plan Global de Modernizaci\u00f3n Municipal. Un Plan que en esta nueva legislatura avanz\u00f3","inLanguage":"es-ES","isPartOf":{"@id":"https:\/\/candas365.es\/noticias\/#website"},"breadcrumb":{"@id":"https:\/\/candas365.es\/noticias\/el-ayuntamiento-de-carreno-apuesta-por-el-teletrabajo\/#breadcrumblist"},"author":{"@id":"https:\/\/candas365.es\/noticias\/author\/admin\/#author"},"creator":{"@id":"https:\/\/candas365.es\/noticias\/author\/admin\/#author"},"image":{"@type":"ImageObject","url":"https:\/\/candas365.es\/noticias\/wp-content\/uploads\/2015\/01\/ayuntamiento.jpg","@id":"https:\/\/candas365.es\/noticias\/el-ayuntamiento-de-carreno-apuesta-por-el-teletrabajo\/#mainImage","width":800,"height":600,"caption":"Carre\u00f1o"},"primaryImageOfPage":{"@id":"https:\/\/candas365.es\/noticias\/el-ayuntamiento-de-carreno-apuesta-por-el-teletrabajo\/#mainImage"},"datePublished":"2020-04-07T17:11:12+02:00","dateModified":"2020-04-07T17:11:12+02:00"},{"@type":"WebSite","@id":"https:\/\/candas365.es\/noticias\/#website","url":"https:\/\/candas365.es\/noticias\/","name":"Cand\u00e1s 365","alternateName":"Cand\u00e1s 365 Noticias","description":"Actualidad desde Carre\u00f1o para el mundo","inLanguage":"es-ES","publisher":{"@id":"https:\/\/candas365.es\/noticias\/#organization"}}]},"og:locale":"es_ES","og:site_name":"Cand\u00e1s 365","og:type":"article","og:title":"El Ayuntamiento de Carre\u00f1o apuesta por el teletrabajo | Cand\u00e1s 365","og:description":"En la pasada legislatura para dar cumplimiento a dos normativas de \u00e1mbito estatal, la Ley 39\/2015, del procedimiento administrativo com\u00fan de las administraciones p\u00fablicas y la Ley 40\/2015 del r\u00e9gimen jur\u00eddico del sector p\u00fablico, el consistorio de Carre\u00f1o puso en marcha un Plan Global de Modernizaci\u00f3n Municipal. Un Plan que en esta nueva legislatura avanz\u00f3","og:url":"https:\/\/candas365.es\/noticias\/el-ayuntamiento-de-carreno-apuesta-por-el-teletrabajo\/","og:image":"https:\/\/candas365.es\/noticias\/wp-content\/uploads\/2015\/01\/ayuntamiento.jpg","og:image:secure_url":"https:\/\/candas365.es\/noticias\/wp-content\/uploads\/2015\/01\/ayuntamiento.jpg","og:image:width":800,"og:image:height":600,"article:published_time":"2020-04-07T17:11:12+00:00","article:modified_time":"2020-04-07T17:11:12+00:00","article:publisher":"https:\/\/www.facebook.com\/Nachofdezber","article:author":"https:\/\/www.facebook.com\/carrenoactualidad","twitter:card":"summary_large_image","twitter:site":"@NabercoDigital","twitter:title":"El Ayuntamiento de Carre\u00f1o apuesta por el teletrabajo | Cand\u00e1s 365","twitter:description":"En la pasada legislatura para dar cumplimiento a dos normativas de \u00e1mbito estatal, la Ley 39\/2015, del procedimiento administrativo com\u00fan de las administraciones p\u00fablicas y la Ley 40\/2015 del r\u00e9gimen jur\u00eddico del sector p\u00fablico, el consistorio de Carre\u00f1o puso en marcha un Plan Global de Modernizaci\u00f3n Municipal. Un Plan que en esta nueva legislatura avanz\u00f3","twitter:creator":"@nbasturias","twitter:image":"https:\/\/candas365.es\/noticias\/wp-content\/uploads\/2015\/01\/ayuntamiento.jpg","twitter:label1":"Escrito por","twitter:data1":"Cand\u00e1s 365","twitter:label2":"Tiempo de lectura estimado","twitter:data2":"4 minutos"},"aioseo_meta_data":{"post_id":"140684","title":null,"description":null,"keywords":null,"keyphrases":null,"primary_term":null,"canonical_url":null,"og_title":null,"og_description":null,"og_object_type":"default","og_image_type":"default","og_image_url":null,"og_image_width":null,"og_image_height":null,"og_image_custom_url":null,"og_image_custom_fields":null,"og_video":null,"og_custom_url":null,"og_article_section":null,"og_article_tags":null,"twitter_use_og":false,"twitter_card":"default","twitter_image_type":"default","twitter_image_url":null,"twitter_image_custom_url":null,"twitter_image_custom_fields":null,"twitter_title":null,"twitter_description":null,"schema":{"blockGraphs":[],"customGraphs":[],"default":{"data":{"Article":[],"Course":[],"Dataset":[],"FAQPage":[],"Movie":[],"Person":[],"Product":[],"ProductReview":[],"Car":[],"Recipe":[],"Service":[],"SoftwareApplication":[],"WebPage":[]},"graphName":"","isEnabled":true},"graphs":[]},"schema_type":null,"schema_type_options":null,"pillar_content":false,"robots_default":true,"robots_noindex":false,"robots_noarchive":false,"robots_nosnippet":false,"robots_nofollow":false,"robots_noimageindex":false,"robots_noodp":false,"robots_notranslate":false,"robots_max_snippet":null,"robots_max_videopreview":null,"robots_max_imagepreview":"large","priority":null,"frequency":null,"location":null,"local_seo":null,"seo_analyzer_scan_date":"2025-08-31 03:04:12","breadcrumb_settings":null,"limit_modified_date":false,"reviewed_by":null,"open_ai":null,"ai":null,"created":"2020-12-21 10:43:49","updated":"2025-08-31 03:04:12"},"aioseo_breadcrumb":"<div class=\"aioseo-breadcrumbs\"><span class=\"aioseo-breadcrumb\">\n\t<a href=\"https:\/\/candas365.es\/noticias\" title=\"Home\">Home<\/a>\n<\/span><span class=\"aioseo-breadcrumb-separator\">&ndash;<\/span><span class=\"aioseo-breadcrumb\">\n\t<a href=\"https:\/\/candas365.es\/noticias\/category\/noticias-carreno\/\" title=\"Noticias Carre\u00f1o\">Noticias Carre\u00f1o<\/a>\n<\/span><span class=\"aioseo-breadcrumb-separator\">&ndash;<\/span><span class=\"aioseo-breadcrumb\">\n\tEl Ayuntamiento de Carre\u00f1o apuesta por el teletrabajo\n<\/span><\/div>","aioseo_breadcrumb_json":[{"label":"Home","link":"https:\/\/candas365.es\/noticias"},{"label":"Noticias Carre\u00f1o","link":"https:\/\/candas365.es\/noticias\/category\/noticias-carreno\/"},{"label":"El Ayuntamiento de Carre\u00f1o apuesta por el teletrabajo","link":"https:\/\/candas365.es\/noticias\/el-ayuntamiento-de-carreno-apuesta-por-el-teletrabajo\/"}],"_links":{"self":[{"href":"https:\/\/candas365.es\/noticias\/wp-json\/wp\/v2\/posts\/140684","targetHints":{"allow":["GET"]}}],"collection":[{"href":"https:\/\/candas365.es\/noticias\/wp-json\/wp\/v2\/posts"}],"about":[{"href":"https:\/\/candas365.es\/noticias\/wp-json\/wp\/v2\/types\/post"}],"author":[{"embeddable":true,"href":"https:\/\/candas365.es\/noticias\/wp-json\/wp\/v2\/users\/1"}],"replies":[{"embeddable":true,"href":"https:\/\/candas365.es\/noticias\/wp-json\/wp\/v2\/comments?post=140684"}],"version-history":[{"count":0,"href":"https:\/\/candas365.es\/noticias\/wp-json\/wp\/v2\/posts\/140684\/revisions"}],"wp:featuredmedia":[{"embeddable":true,"href":"https:\/\/candas365.es\/noticias\/wp-json\/wp\/v2\/media\/6453"}],"wp:attachment":[{"href":"https:\/\/candas365.es\/noticias\/wp-json\/wp\/v2\/media?parent=140684"}],"wp:term":[{"taxonomy":"category","embeddable":true,"href":"https:\/\/candas365.es\/noticias\/wp-json\/wp\/v2\/categories?post=140684"},{"taxonomy":"post_tag","embeddable":true,"href":"https:\/\/candas365.es\/noticias\/wp-json\/wp\/v2\/tags?post=140684"}],"curies":[{"name":"wp","href":"https:\/\/api.w.org\/{rel}","templated":true}]}}