{"id":140681,"date":"2020-04-07T17:08:40","date_gmt":"2020-04-07T17:08:40","guid":{"rendered":"http:\/\/candas365.es\/noticias\/?p=140681"},"modified":"2020-04-07T17:08:40","modified_gmt":"2020-04-07T17:08:40","slug":"campana-de-promocion-y-apoyo-a-los-comerciantes-de-carreno","status":"publish","type":"post","link":"https:\/\/candas365.es\/noticias\/campana-de-promocion-y-apoyo-a-los-comerciantes-de-carreno\/","title":{"rendered":"Campa\u00f1a de promoci\u00f3n y apoyo a los comerciantes de Carre\u00f1o"},"content":{"rendered":"<p><img fetchpriority=\"high\" decoding=\"async\" class=\"alignleft size-medium wp-image-140682\" src=\"https:\/\/candas365.es\/noticias\/wp-content\/uploads\/2020\/04\/compras-360x246.jpg\" alt=\"\" width=\"360\" height=\"246\" srcset=\"https:\/\/candas365.es\/noticias\/wp-content\/uploads\/2020\/04\/compras-360x246.jpg 360w, https:\/\/candas365.es\/noticias\/wp-content\/uploads\/2020\/04\/compras-655x447.jpg 655w, https:\/\/candas365.es\/noticias\/wp-content\/uploads\/2020\/04\/compras-768x524.jpg 768w, https:\/\/candas365.es\/noticias\/wp-content\/uploads\/2020\/04\/compras-218x150.jpg 218w, https:\/\/candas365.es\/noticias\/wp-content\/uploads\/2020\/04\/compras-696x475.jpg 696w, https:\/\/candas365.es\/noticias\/wp-content\/uploads\/2020\/04\/compras-615x420.jpg 615w, https:\/\/candas365.es\/noticias\/wp-content\/uploads\/2020\/04\/compras.jpg 1053w\" sizes=\"(max-width: 360px) 100vw, 360px\" \/>El Ayuntamiento de Carre\u00f1o y la Uni\u00f3n de Comerciantes de Asturias ponen en marcha una campa\u00f1a de promoci\u00f3n y apoyo a los establecimientos del peque\u00f1o comercio con el objetivo de informar a la ciudadan\u00eda del comercio minorista en el que puedan seguir haciendo sus compras de primera necesidad, como alternativa o complemento a mayoristas, supermercados e hipermercados.<\/p>\n<p>A trav\u00e9s de un listado confeccionado desde la Agencia de Desarrollo Local partiendo de contactos facilitados por la Uni\u00f3n de Comerciantes del Principado de Asturias, desde la Agencia local se ir\u00e1n poniendo en contacto con los establecimientos del concejo para ofrecerles la posibilidad de incorporarse a una lista de comercios abiertos al p\u00fablico, con venta on line y\/o de venta a domicilio.<\/p>\n<p>Muchos de estos comercios tienen la posibilidad de hacer entregas a domicilio para que el vecindario salga de casa el menor tiempo posible y, sobre todo, para dar atenci\u00f3n a las personas m\u00e1s vulnerables, y aquellos que no disponen de este servicio ofrecen la posibilidad de tramitar los pedidos por tel\u00e9fono, de manera que est\u00e9n preparados cuando \u00e9l o la solicitante vaya a recogerlos a la tienda.<\/p>\n<p>Asimismo, desde el Ayuntamiento de Carre\u00f1o se encargaron al Ilustrador y dise\u00f1ador gr\u00e1fico candas\u00edn Goyo Rodr\u00edguez unas pegatinas adhesivas que har\u00e1n llegar a todos los establecimientos para colocar en sus puertas con los nuevos horarios de atenci\u00f3n presencial, direcciones web para compra on line y tel\u00e9fonos para recoger pedidos. Se definir\u00e1 tambi\u00e9n un soporte digital de la informaci\u00f3n recopilada para hacer llegar esta informaci\u00f3n a trav\u00e9s de la red a toda la ciudadan\u00eda.<\/p>\n<p>Hasta el momento son 15 los establecimientos que se han incorporado ya a esta red, que ir\u00e1 ampli\u00e1ndose con nuevas adhesiones. Para todos aquellos comercios que quieran incorporarse a esta red se ha habilitado una direcci\u00f3n de correo electr\u00f3nico adl@ayto-carreno.es , as\u00ed como los tel\u00e9fonos 985870205\/06<\/p>\n<p>La Uni\u00f3n de Comerciantes y el consistorio local, a trav\u00e9s del Centro de Dinamizaci\u00f3n Tecnol\u00f3gica Local \u201c C@rre\u00f1o Digit@l\u201d ultiman tambi\u00e9n la programaci\u00f3n de unas p\u00edldoras formativas cuyos contenidos se facilitar\u00e1n a los establecimientos adheridos. Se trata de adquirir conocimientos que les ayuden a mejorar su capacitaci\u00f3n para reactivar la actividad cuando termine la pandemia.<\/p>\n<p>&nbsp;<\/p>\n","protected":false},"excerpt":{"rendered":"<p>El Ayuntamiento de Carre\u00f1o y la Uni\u00f3n de Comerciantes de Asturias ponen en marcha una campa\u00f1a de promoci\u00f3n y apoyo a los establecimientos del peque\u00f1o comercio con el objetivo de informar a la ciudadan\u00eda del comercio minorista en el que puedan seguir haciendo sus compras de primera necesidad, como alternativa o complemento a mayoristas, supermercados<\/p>\n","protected":false},"author":1,"featured_media":140682,"comment_status":"closed","ping_status":"closed","sticky":false,"template":"","format":"standard","meta":{"footnotes":""},"categories":[2],"tags":[],"class_list":{"0":"post-140681","1":"post","2":"type-post","3":"status-publish","4":"format-standard","5":"has-post-thumbnail","7":"category-noticias-carreno"},"aioseo_notices":[],"aioseo_head":"\n\t\t<!-- All in One SEO Pro 4.9.6.2 - aioseo.com -->\n\t<meta name=\"description\" content=\"El Ayuntamiento de Carre\u00f1o y la Uni\u00f3n de Comerciantes de Asturias ponen en marcha una campa\u00f1a de promoci\u00f3n y apoyo a los establecimientos del peque\u00f1o comercio con el objetivo de informar a la ciudadan\u00eda del comercio minorista en el que puedan seguir haciendo sus compras de primera necesidad, como alternativa o complemento a mayoristas, supermercados\" \/>\n\t<meta name=\"robots\" content=\"max-image-preview:large\" \/>\n\t<meta name=\"author\" content=\"Cand\u00e1s 365\"\/>\n\t<meta name=\"google-site-verification\" content=\"UA-32230408-1\" \/>\n\t<meta name=\"msvalidate.01\" content=\"354F3CDFB2DA171B47FBE9ABF1F88D5\" \/>\n\t<meta name=\"keywords\" content=\"noticias carre\u00f1o\" \/>\n\t<link rel=\"canonical\" href=\"https:\/\/candas365.es\/noticias\/campana-de-promocion-y-apoyo-a-los-comerciantes-de-carreno\/\" \/>\n\t<meta name=\"generator\" content=\"All in One SEO Pro (AIOSEO) 4.9.6.2\" \/>\n\t\t<meta property=\"og:locale\" content=\"es_ES\" \/>\n\t\t<meta property=\"og:site_name\" content=\"Cand\u00e1s 365\" \/>\n\t\t<meta property=\"og:type\" content=\"article\" \/>\n\t\t<meta property=\"og:title\" content=\"Campa\u00f1a de promoci\u00f3n y apoyo a los comerciantes de Carre\u00f1o | Cand\u00e1s 365\" \/>\n\t\t<meta property=\"og:description\" content=\"El Ayuntamiento de Carre\u00f1o y la Uni\u00f3n de Comerciantes de Asturias ponen en marcha una campa\u00f1a de promoci\u00f3n y apoyo a los establecimientos del peque\u00f1o comercio con el objetivo de informar a la ciudadan\u00eda del comercio minorista en el que puedan seguir haciendo sus compras de primera necesidad, como alternativa o complemento a mayoristas, supermercados\" \/>\n\t\t<meta property=\"og:url\" content=\"https:\/\/candas365.es\/noticias\/campana-de-promocion-y-apoyo-a-los-comerciantes-de-carreno\/\" \/>\n\t\t<meta property=\"og:image\" content=\"https:\/\/candas365.es\/noticias\/wp-content\/uploads\/2020\/04\/compras.jpg\" \/>\n\t\t<meta property=\"og:image:secure_url\" content=\"https:\/\/candas365.es\/noticias\/wp-content\/uploads\/2020\/04\/compras.jpg\" \/>\n\t\t<meta property=\"og:image:width\" content=\"1053\" \/>\n\t\t<meta property=\"og:image:height\" content=\"719\" \/>\n\t\t<meta property=\"article:published_time\" content=\"2020-04-07T17:08:40+00:00\" \/>\n\t\t<meta property=\"article:modified_time\" content=\"2020-04-07T17:08:40+00:00\" \/>\n\t\t<meta property=\"article:publisher\" content=\"https:\/\/www.facebook.com\/Nachofdezber\" \/>\n\t\t<meta property=\"article:author\" content=\"https:\/\/www.facebook.com\/carrenoactualidad\" \/>\n\t\t<meta name=\"twitter:card\" content=\"summary_large_image\" \/>\n\t\t<meta name=\"twitter:site\" content=\"@NabercoDigital\" \/>\n\t\t<meta name=\"twitter:title\" content=\"Campa\u00f1a de promoci\u00f3n y apoyo a los comerciantes de Carre\u00f1o | Cand\u00e1s 365\" \/>\n\t\t<meta name=\"twitter:description\" content=\"El Ayuntamiento de Carre\u00f1o y la Uni\u00f3n de Comerciantes de Asturias ponen en marcha una campa\u00f1a de promoci\u00f3n y apoyo a los establecimientos del peque\u00f1o comercio con el objetivo de informar a la ciudadan\u00eda del comercio minorista en el que puedan seguir haciendo sus compras de primera necesidad, como alternativa o complemento a mayoristas, supermercados\" \/>\n\t\t<meta name=\"twitter:creator\" content=\"@nbasturias\" \/>\n\t\t<meta name=\"twitter:image\" content=\"https:\/\/candas365.es\/noticias\/wp-content\/uploads\/2020\/04\/compras.jpg\" \/>\n\t\t<meta name=\"twitter:label1\" content=\"Escrito por\" \/>\n\t\t<meta name=\"twitter:data1\" content=\"Cand\u00e1s 365\" \/>\n\t\t<meta name=\"twitter:label2\" content=\"Tiempo de lectura estimado\" \/>\n\t\t<meta name=\"twitter:data2\" content=\"2 minutos\" \/>\n\t\t<script type=\"application\/ld+json\" class=\"aioseo-schema\">\n\t\t\t{\"@context\":\"https:\\\/\\\/schema.org\",\"@graph\":[{\"@type\":\"BreadcrumbList\",\"@id\":\"https:\\\/\\\/candas365.es\\\/noticias\\\/campana-de-promocion-y-apoyo-a-los-comerciantes-de-carreno\\\/#breadcrumblist\",\"itemListElement\":[{\"@type\":\"ListItem\",\"@id\":\"https:\\\/\\\/candas365.es\\\/noticias#listItem\",\"position\":1,\"name\":\"Home\",\"item\":\"https:\\\/\\\/candas365.es\\\/noticias\",\"nextItem\":{\"@type\":\"ListItem\",\"@id\":\"https:\\\/\\\/candas365.es\\\/noticias\\\/category\\\/noticias-carreno\\\/#listItem\",\"name\":\"Noticias Carre\\u00f1o\"}},{\"@type\":\"ListItem\",\"@id\":\"https:\\\/\\\/candas365.es\\\/noticias\\\/category\\\/noticias-carreno\\\/#listItem\",\"position\":2,\"name\":\"Noticias Carre\\u00f1o\",\"item\":\"https:\\\/\\\/candas365.es\\\/noticias\\\/category\\\/noticias-carreno\\\/\",\"nextItem\":{\"@type\":\"ListItem\",\"@id\":\"https:\\\/\\\/candas365.es\\\/noticias\\\/campana-de-promocion-y-apoyo-a-los-comerciantes-de-carreno\\\/#listItem\",\"name\":\"Campa\\u00f1a de promoci\\u00f3n y apoyo a los comerciantes de Carre\\u00f1o\"},\"previousItem\":{\"@type\":\"ListItem\",\"@id\":\"https:\\\/\\\/candas365.es\\\/noticias#listItem\",\"name\":\"Home\"}},{\"@type\":\"ListItem\",\"@id\":\"https:\\\/\\\/candas365.es\\\/noticias\\\/campana-de-promocion-y-apoyo-a-los-comerciantes-de-carreno\\\/#listItem\",\"position\":3,\"name\":\"Campa\\u00f1a de promoci\\u00f3n y apoyo a los comerciantes de Carre\\u00f1o\",\"previousItem\":{\"@type\":\"ListItem\",\"@id\":\"https:\\\/\\\/candas365.es\\\/noticias\\\/category\\\/noticias-carreno\\\/#listItem\",\"name\":\"Noticias Carre\\u00f1o\"}}]},{\"@type\":\"NewsArticle\",\"@id\":\"https:\\\/\\\/candas365.es\\\/noticias\\\/campana-de-promocion-y-apoyo-a-los-comerciantes-de-carreno\\\/#newsarticle\",\"name\":\"Campa\\u00f1a de promoci\\u00f3n y apoyo a los comerciantes de Carre\\u00f1o | Cand\\u00e1s 365\",\"headline\":\"Campa\\u00f1a de promoci\\u00f3n y apoyo a los comerciantes de Carre\\u00f1o\",\"author\":{\"@id\":\"https:\\\/\\\/candas365.es\\\/noticias\\\/author\\\/admin\\\/#author\"},\"publisher\":{\"@id\":\"https:\\\/\\\/candas365.es\\\/noticias\\\/#organization\"},\"image\":{\"@type\":\"ImageObject\",\"url\":\"https:\\\/\\\/candas365.es\\\/noticias\\\/wp-content\\\/uploads\\\/2020\\\/04\\\/compras.jpg\",\"width\":1053,\"height\":719},\"datePublished\":\"2020-04-07T17:08:40+02:00\",\"dateModified\":\"2020-04-07T17:08:40+02:00\",\"inLanguage\":\"es-ES\",\"mainEntityOfPage\":{\"@id\":\"https:\\\/\\\/candas365.es\\\/noticias\\\/campana-de-promocion-y-apoyo-a-los-comerciantes-de-carreno\\\/#webpage\"},\"isPartOf\":{\"@id\":\"https:\\\/\\\/candas365.es\\\/noticias\\\/campana-de-promocion-y-apoyo-a-los-comerciantes-de-carreno\\\/#webpage\"},\"articleSection\":\"Noticias Carre\\u00f1o\",\"dateline\":\"Publicado el abril 7, 2020.\"},{\"@type\":\"Organization\",\"@id\":\"https:\\\/\\\/candas365.es\\\/noticias\\\/#organization\",\"name\":\"Cand\\u00e1s 365\",\"description\":\"Cand\\u00e1s 365 es un diario digital independiente, fundado en 2012, con base en Asturias. Informamos con rigor sobre actualidad, sociedad, cultura y ocio, con una mirada local y global.\",\"url\":\"https:\\\/\\\/candas365.es\\\/noticias\\\/\",\"email\":\"info@candas365.es\",\"telephone\":\"+34652131393\",\"foundingDate\":\"2012-06-10\",\"logo\":{\"@type\":\"ImageObject\",\"url\":\"https:\\\/\\\/candas365.es\\\/noticias\\\/wp-content\\\/uploads\\\/2024\\\/09\\\/Candas-365-Redes.jpg\",\"@id\":\"https:\\\/\\\/candas365.es\\\/noticias\\\/campana-de-promocion-y-apoyo-a-los-comerciantes-de-carreno\\\/#organizationLogo\",\"width\":1152,\"height\":864,\"caption\":\"Cand\\u00e1s 365 Redes\"},\"image\":{\"@id\":\"https:\\\/\\\/candas365.es\\\/noticias\\\/campana-de-promocion-y-apoyo-a-los-comerciantes-de-carreno\\\/#organizationLogo\"},\"sameAs\":[\"https:\\\/\\\/www.facebook.com\\\/Nachofdezber\",\"https:\\\/\\\/x.com\\\/NabercoDigital\",\"https:\\\/\\\/www.instagram.com\\\/nachofdezber\\\/\",\"https:\\\/\\\/www.youtube.com\\\/channel\\\/UCZP-2wLEB9Rv6erhFmqVnvg\"],\"address\":{\"@id\":\"https:\\\/\\\/candas365.es\\\/noticias\\\/#postaladdress\",\"@type\":\"PostalAddress\",\"streetAddress\":\"san antonio 4, san antonio 4\",\"postalCode\":\"33430\",\"addressLocality\":\"Cand\\u00e1s\",\"addressRegion\":\"Asturias\",\"addressCountry\":\"ES\"}},{\"@type\":\"Person\",\"@id\":\"https:\\\/\\\/candas365.es\\\/noticias\\\/author\\\/admin\\\/#author\",\"url\":\"https:\\\/\\\/candas365.es\\\/noticias\\\/author\\\/admin\\\/\",\"name\":\"Cand\\u00e1s 365\",\"image\":{\"@type\":\"ImageObject\",\"@id\":\"https:\\\/\\\/candas365.es\\\/noticias\\\/campana-de-promocion-y-apoyo-a-los-comerciantes-de-carreno\\\/#authorImage\",\"url\":\"https:\\\/\\\/secure.gravatar.com\\\/avatar\\\/496a8e03d0c493ede1718b7934145dbdf8d89be1036b0eec9544e1094c9de390?s=96&d=mm&r=g\",\"width\":96,\"height\":96,\"caption\":\"Cand\\u00e1s 365\"},\"sameAs\":[\"https:\\\/\\\/www.facebook.com\\\/carrenoactualidad\",\"https:\\\/\\\/twitter.com\\\/nbasturias\",\"https:\\\/\\\/www.instagram.com\\\/nachofdezber\\\/\",\"https:\\\/\\\/www.youtube.com\\\/channel\\\/UCZP-2wLEB9Rv6erhFmqVnvg\"]},{\"@type\":\"WebPage\",\"@id\":\"https:\\\/\\\/candas365.es\\\/noticias\\\/campana-de-promocion-y-apoyo-a-los-comerciantes-de-carreno\\\/#webpage\",\"url\":\"https:\\\/\\\/candas365.es\\\/noticias\\\/campana-de-promocion-y-apoyo-a-los-comerciantes-de-carreno\\\/\",\"name\":\"Campa\\u00f1a de promoci\\u00f3n y apoyo a los comerciantes de Carre\\u00f1o | Cand\\u00e1s 365\",\"description\":\"El Ayuntamiento de Carre\\u00f1o y la Uni\\u00f3n de Comerciantes de Asturias ponen en marcha una campa\\u00f1a de promoci\\u00f3n y apoyo a los establecimientos del peque\\u00f1o comercio con el objetivo de informar a la ciudadan\\u00eda del comercio minorista en el que puedan seguir haciendo sus compras de primera necesidad, como alternativa o complemento a mayoristas, supermercados\",\"inLanguage\":\"es-ES\",\"isPartOf\":{\"@id\":\"https:\\\/\\\/candas365.es\\\/noticias\\\/#website\"},\"breadcrumb\":{\"@id\":\"https:\\\/\\\/candas365.es\\\/noticias\\\/campana-de-promocion-y-apoyo-a-los-comerciantes-de-carreno\\\/#breadcrumblist\"},\"author\":{\"@id\":\"https:\\\/\\\/candas365.es\\\/noticias\\\/author\\\/admin\\\/#author\"},\"creator\":{\"@id\":\"https:\\\/\\\/candas365.es\\\/noticias\\\/author\\\/admin\\\/#author\"},\"image\":{\"@type\":\"ImageObject\",\"url\":\"https:\\\/\\\/candas365.es\\\/noticias\\\/wp-content\\\/uploads\\\/2020\\\/04\\\/compras.jpg\",\"@id\":\"https:\\\/\\\/candas365.es\\\/noticias\\\/campana-de-promocion-y-apoyo-a-los-comerciantes-de-carreno\\\/#mainImage\",\"width\":1053,\"height\":719},\"primaryImageOfPage\":{\"@id\":\"https:\\\/\\\/candas365.es\\\/noticias\\\/campana-de-promocion-y-apoyo-a-los-comerciantes-de-carreno\\\/#mainImage\"},\"datePublished\":\"2020-04-07T17:08:40+02:00\",\"dateModified\":\"2020-04-07T17:08:40+02:00\"},{\"@type\":\"WebSite\",\"@id\":\"https:\\\/\\\/candas365.es\\\/noticias\\\/#website\",\"url\":\"https:\\\/\\\/candas365.es\\\/noticias\\\/\",\"name\":\"Cand\\u00e1s 365\",\"alternateName\":\"Cand\\u00e1s 365 Noticias\",\"description\":\"Actualidad desde Carre\\u00f1o para el mundo\",\"inLanguage\":\"es-ES\",\"publisher\":{\"@id\":\"https:\\\/\\\/candas365.es\\\/noticias\\\/#organization\"}}]}\n\t\t<\/script>\n\t\t<!-- All in One SEO Pro -->\r\n\t\t<title>Campa\u00f1a de promoci\u00f3n y apoyo a los comerciantes de Carre\u00f1o | Cand\u00e1s 365<\/title>\n\n","aioseo_head_json":{"title":"Campa\u00f1a de promoci\u00f3n y apoyo a los comerciantes de Carre\u00f1o | Cand\u00e1s 365","description":"El Ayuntamiento de Carre\u00f1o y la Uni\u00f3n de Comerciantes de Asturias ponen en marcha una campa\u00f1a de promoci\u00f3n y apoyo a los establecimientos del peque\u00f1o comercio con el objetivo de informar a la ciudadan\u00eda del comercio minorista en el que puedan seguir haciendo sus compras de primera necesidad, como alternativa o complemento a mayoristas, supermercados","canonical_url":"https:\/\/candas365.es\/noticias\/campana-de-promocion-y-apoyo-a-los-comerciantes-de-carreno\/","robots":"max-image-preview:large","keywords":"noticias carre\u00f1o","webmasterTools":{"google-site-verification":"UA-32230408-1","msvalidate.01":"354F3CDFB2DA171B47FBE9ABF1F88D5","miscellaneous":""},"schema":{"@context":"https:\/\/schema.org","@graph":[{"@type":"BreadcrumbList","@id":"https:\/\/candas365.es\/noticias\/campana-de-promocion-y-apoyo-a-los-comerciantes-de-carreno\/#breadcrumblist","itemListElement":[{"@type":"ListItem","@id":"https:\/\/candas365.es\/noticias#listItem","position":1,"name":"Home","item":"https:\/\/candas365.es\/noticias","nextItem":{"@type":"ListItem","@id":"https:\/\/candas365.es\/noticias\/category\/noticias-carreno\/#listItem","name":"Noticias Carre\u00f1o"}},{"@type":"ListItem","@id":"https:\/\/candas365.es\/noticias\/category\/noticias-carreno\/#listItem","position":2,"name":"Noticias Carre\u00f1o","item":"https:\/\/candas365.es\/noticias\/category\/noticias-carreno\/","nextItem":{"@type":"ListItem","@id":"https:\/\/candas365.es\/noticias\/campana-de-promocion-y-apoyo-a-los-comerciantes-de-carreno\/#listItem","name":"Campa\u00f1a de promoci\u00f3n y apoyo a los comerciantes de Carre\u00f1o"},"previousItem":{"@type":"ListItem","@id":"https:\/\/candas365.es\/noticias#listItem","name":"Home"}},{"@type":"ListItem","@id":"https:\/\/candas365.es\/noticias\/campana-de-promocion-y-apoyo-a-los-comerciantes-de-carreno\/#listItem","position":3,"name":"Campa\u00f1a de promoci\u00f3n y apoyo a los comerciantes de Carre\u00f1o","previousItem":{"@type":"ListItem","@id":"https:\/\/candas365.es\/noticias\/category\/noticias-carreno\/#listItem","name":"Noticias Carre\u00f1o"}}]},{"@type":"NewsArticle","@id":"https:\/\/candas365.es\/noticias\/campana-de-promocion-y-apoyo-a-los-comerciantes-de-carreno\/#newsarticle","name":"Campa\u00f1a de promoci\u00f3n y apoyo a los comerciantes de Carre\u00f1o | Cand\u00e1s 365","headline":"Campa\u00f1a de promoci\u00f3n y apoyo a los comerciantes de Carre\u00f1o","author":{"@id":"https:\/\/candas365.es\/noticias\/author\/admin\/#author"},"publisher":{"@id":"https:\/\/candas365.es\/noticias\/#organization"},"image":{"@type":"ImageObject","url":"https:\/\/candas365.es\/noticias\/wp-content\/uploads\/2020\/04\/compras.jpg","width":1053,"height":719},"datePublished":"2020-04-07T17:08:40+02:00","dateModified":"2020-04-07T17:08:40+02:00","inLanguage":"es-ES","mainEntityOfPage":{"@id":"https:\/\/candas365.es\/noticias\/campana-de-promocion-y-apoyo-a-los-comerciantes-de-carreno\/#webpage"},"isPartOf":{"@id":"https:\/\/candas365.es\/noticias\/campana-de-promocion-y-apoyo-a-los-comerciantes-de-carreno\/#webpage"},"articleSection":"Noticias Carre\u00f1o","dateline":"Publicado el abril 7, 2020."},{"@type":"Organization","@id":"https:\/\/candas365.es\/noticias\/#organization","name":"Cand\u00e1s 365","description":"Cand\u00e1s 365 es un diario digital independiente, fundado en 2012, con base en Asturias. Informamos con rigor sobre actualidad, sociedad, cultura y ocio, con una mirada local y global.","url":"https:\/\/candas365.es\/noticias\/","email":"info@candas365.es","telephone":"+34652131393","foundingDate":"2012-06-10","logo":{"@type":"ImageObject","url":"https:\/\/candas365.es\/noticias\/wp-content\/uploads\/2024\/09\/Candas-365-Redes.jpg","@id":"https:\/\/candas365.es\/noticias\/campana-de-promocion-y-apoyo-a-los-comerciantes-de-carreno\/#organizationLogo","width":1152,"height":864,"caption":"Cand\u00e1s 365 Redes"},"image":{"@id":"https:\/\/candas365.es\/noticias\/campana-de-promocion-y-apoyo-a-los-comerciantes-de-carreno\/#organizationLogo"},"sameAs":["https:\/\/www.facebook.com\/Nachofdezber","https:\/\/x.com\/NabercoDigital","https:\/\/www.instagram.com\/nachofdezber\/","https:\/\/www.youtube.com\/channel\/UCZP-2wLEB9Rv6erhFmqVnvg"],"address":{"@id":"https:\/\/candas365.es\/noticias\/#postaladdress","@type":"PostalAddress","streetAddress":"san antonio 4, san antonio 4","postalCode":"33430","addressLocality":"Cand\u00e1s","addressRegion":"Asturias","addressCountry":"ES"}},{"@type":"Person","@id":"https:\/\/candas365.es\/noticias\/author\/admin\/#author","url":"https:\/\/candas365.es\/noticias\/author\/admin\/","name":"Cand\u00e1s 365","image":{"@type":"ImageObject","@id":"https:\/\/candas365.es\/noticias\/campana-de-promocion-y-apoyo-a-los-comerciantes-de-carreno\/#authorImage","url":"https:\/\/secure.gravatar.com\/avatar\/496a8e03d0c493ede1718b7934145dbdf8d89be1036b0eec9544e1094c9de390?s=96&d=mm&r=g","width":96,"height":96,"caption":"Cand\u00e1s 365"},"sameAs":["https:\/\/www.facebook.com\/carrenoactualidad","https:\/\/twitter.com\/nbasturias","https:\/\/www.instagram.com\/nachofdezber\/","https:\/\/www.youtube.com\/channel\/UCZP-2wLEB9Rv6erhFmqVnvg"]},{"@type":"WebPage","@id":"https:\/\/candas365.es\/noticias\/campana-de-promocion-y-apoyo-a-los-comerciantes-de-carreno\/#webpage","url":"https:\/\/candas365.es\/noticias\/campana-de-promocion-y-apoyo-a-los-comerciantes-de-carreno\/","name":"Campa\u00f1a de promoci\u00f3n y apoyo a los comerciantes de Carre\u00f1o | Cand\u00e1s 365","description":"El Ayuntamiento de Carre\u00f1o y la Uni\u00f3n de Comerciantes de Asturias ponen en marcha una campa\u00f1a de promoci\u00f3n y apoyo a los establecimientos del peque\u00f1o comercio con el objetivo de informar a la ciudadan\u00eda del comercio minorista en el que puedan seguir haciendo sus compras de primera necesidad, como alternativa o complemento a mayoristas, supermercados","inLanguage":"es-ES","isPartOf":{"@id":"https:\/\/candas365.es\/noticias\/#website"},"breadcrumb":{"@id":"https:\/\/candas365.es\/noticias\/campana-de-promocion-y-apoyo-a-los-comerciantes-de-carreno\/#breadcrumblist"},"author":{"@id":"https:\/\/candas365.es\/noticias\/author\/admin\/#author"},"creator":{"@id":"https:\/\/candas365.es\/noticias\/author\/admin\/#author"},"image":{"@type":"ImageObject","url":"https:\/\/candas365.es\/noticias\/wp-content\/uploads\/2020\/04\/compras.jpg","@id":"https:\/\/candas365.es\/noticias\/campana-de-promocion-y-apoyo-a-los-comerciantes-de-carreno\/#mainImage","width":1053,"height":719},"primaryImageOfPage":{"@id":"https:\/\/candas365.es\/noticias\/campana-de-promocion-y-apoyo-a-los-comerciantes-de-carreno\/#mainImage"},"datePublished":"2020-04-07T17:08:40+02:00","dateModified":"2020-04-07T17:08:40+02:00"},{"@type":"WebSite","@id":"https:\/\/candas365.es\/noticias\/#website","url":"https:\/\/candas365.es\/noticias\/","name":"Cand\u00e1s 365","alternateName":"Cand\u00e1s 365 Noticias","description":"Actualidad desde Carre\u00f1o para el mundo","inLanguage":"es-ES","publisher":{"@id":"https:\/\/candas365.es\/noticias\/#organization"}}]},"og:locale":"es_ES","og:site_name":"Cand\u00e1s 365","og:type":"article","og:title":"Campa\u00f1a de promoci\u00f3n y apoyo a los comerciantes de Carre\u00f1o | Cand\u00e1s 365","og:description":"El Ayuntamiento de Carre\u00f1o y la Uni\u00f3n de Comerciantes de Asturias ponen en marcha una campa\u00f1a de promoci\u00f3n y apoyo a los establecimientos del peque\u00f1o comercio con el objetivo de informar a la ciudadan\u00eda del comercio minorista en el que puedan seguir haciendo sus compras de primera necesidad, como alternativa o complemento a mayoristas, supermercados","og:url":"https:\/\/candas365.es\/noticias\/campana-de-promocion-y-apoyo-a-los-comerciantes-de-carreno\/","og:image":"https:\/\/candas365.es\/noticias\/wp-content\/uploads\/2020\/04\/compras.jpg","og:image:secure_url":"https:\/\/candas365.es\/noticias\/wp-content\/uploads\/2020\/04\/compras.jpg","og:image:width":1053,"og:image:height":719,"article:published_time":"2020-04-07T17:08:40+00:00","article:modified_time":"2020-04-07T17:08:40+00:00","article:publisher":"https:\/\/www.facebook.com\/Nachofdezber","article:author":"https:\/\/www.facebook.com\/carrenoactualidad","twitter:card":"summary_large_image","twitter:site":"@NabercoDigital","twitter:title":"Campa\u00f1a de promoci\u00f3n y apoyo a los comerciantes de Carre\u00f1o | Cand\u00e1s 365","twitter:description":"El Ayuntamiento de Carre\u00f1o y la Uni\u00f3n de Comerciantes de Asturias ponen en marcha una campa\u00f1a de promoci\u00f3n y apoyo a los establecimientos del peque\u00f1o comercio con el objetivo de informar a la ciudadan\u00eda del comercio minorista en el que puedan seguir haciendo sus compras de primera necesidad, como alternativa o complemento a mayoristas, supermercados","twitter:creator":"@nbasturias","twitter:image":"https:\/\/candas365.es\/noticias\/wp-content\/uploads\/2020\/04\/compras.jpg","twitter:label1":"Escrito por","twitter:data1":"Cand\u00e1s 365","twitter:label2":"Tiempo de lectura estimado","twitter:data2":"2 minutos"},"aioseo_meta_data":{"post_id":"140681","title":null,"description":null,"keywords":null,"keyphrases":null,"primary_term":null,"canonical_url":null,"og_title":null,"og_description":null,"og_object_type":"default","og_image_type":"default","og_image_url":null,"og_image_width":null,"og_image_height":null,"og_image_custom_url":null,"og_image_custom_fields":null,"og_video":null,"og_custom_url":null,"og_article_section":null,"og_article_tags":null,"twitter_use_og":false,"twitter_card":"default","twitter_image_type":"default","twitter_image_url":null,"twitter_image_custom_url":null,"twitter_image_custom_fields":null,"twitter_title":null,"twitter_description":null,"schema":{"blockGraphs":[],"customGraphs":[],"default":{"data":{"Article":[],"Course":[],"Dataset":[],"FAQPage":[],"Movie":[],"Person":[],"Product":[],"ProductReview":[],"Car":[],"Recipe":[],"Service":[],"SoftwareApplication":[],"WebPage":[]},"graphName":"","isEnabled":true},"graphs":[],"defaultGraph":"","defaultPostTypeGraph":""},"schema_type":null,"schema_type_options":null,"pillar_content":false,"robots_default":true,"robots_noindex":false,"robots_noarchive":false,"robots_nosnippet":false,"robots_nofollow":false,"robots_noimageindex":false,"robots_noodp":false,"robots_notranslate":false,"robots_max_snippet":null,"robots_max_videopreview":null,"robots_max_imagepreview":"large","priority":null,"frequency":null,"location":null,"local_seo":null,"seo_analyzer_scan_date":"2025-08-31 03:04:11","breadcrumb_settings":null,"limit_modified_date":false,"reviewed_by":null,"open_ai":null,"ai":null,"created":"2020-12-21 10:43:49","updated":"2025-08-31 03:04:11"},"aioseo_breadcrumb":"<div class=\"aioseo-breadcrumbs\"><span class=\"aioseo-breadcrumb\">\n\t<a href=\"https:\/\/candas365.es\/noticias\" title=\"Home\">Home<\/a>\n<\/span><span class=\"aioseo-breadcrumb-separator\">&ndash;<\/span><span class=\"aioseo-breadcrumb\">\n\t<a href=\"https:\/\/candas365.es\/noticias\/category\/noticias-carreno\/\" title=\"Noticias Carre\u00f1o\">Noticias Carre\u00f1o<\/a>\n<\/span><span class=\"aioseo-breadcrumb-separator\">&ndash;<\/span><span class=\"aioseo-breadcrumb\">\n\tCampa\u00f1a de promoci\u00f3n y apoyo a los comerciantes de Carre\u00f1o\n<\/span><\/div>","aioseo_breadcrumb_json":[{"label":"Home","link":"https:\/\/candas365.es\/noticias"},{"label":"Noticias Carre\u00f1o","link":"https:\/\/candas365.es\/noticias\/category\/noticias-carreno\/"},{"label":"Campa\u00f1a de promoci\u00f3n y apoyo a los comerciantes de Carre\u00f1o","link":"https:\/\/candas365.es\/noticias\/campana-de-promocion-y-apoyo-a-los-comerciantes-de-carreno\/"}],"_links":{"self":[{"href":"https:\/\/candas365.es\/noticias\/wp-json\/wp\/v2\/posts\/140681","targetHints":{"allow":["GET"]}}],"collection":[{"href":"https:\/\/candas365.es\/noticias\/wp-json\/wp\/v2\/posts"}],"about":[{"href":"https:\/\/candas365.es\/noticias\/wp-json\/wp\/v2\/types\/post"}],"author":[{"embeddable":true,"href":"https:\/\/candas365.es\/noticias\/wp-json\/wp\/v2\/users\/1"}],"replies":[{"embeddable":true,"href":"https:\/\/candas365.es\/noticias\/wp-json\/wp\/v2\/comments?post=140681"}],"version-history":[{"count":0,"href":"https:\/\/candas365.es\/noticias\/wp-json\/wp\/v2\/posts\/140681\/revisions"}],"wp:featuredmedia":[{"embeddable":true,"href":"https:\/\/candas365.es\/noticias\/wp-json\/wp\/v2\/media\/140682"}],"wp:attachment":[{"href":"https:\/\/candas365.es\/noticias\/wp-json\/wp\/v2\/media?parent=140681"}],"wp:term":[{"taxonomy":"category","embeddable":true,"href":"https:\/\/candas365.es\/noticias\/wp-json\/wp\/v2\/categories?post=140681"},{"taxonomy":"post_tag","embeddable":true,"href":"https:\/\/candas365.es\/noticias\/wp-json\/wp\/v2\/tags?post=140681"}],"curies":[{"name":"wp","href":"https:\/\/api.w.org\/{rel}","templated":true}]}}