{"id":140221,"date":"2020-03-26T13:59:50","date_gmt":"2020-03-26T13:59:50","guid":{"rendered":"http:\/\/candas365.es\/noticias\/?p=140221"},"modified":"2020-03-26T13:59:50","modified_gmt":"2020-03-26T13:59:50","slug":"finalizan-las-obras-en-el-parque-del-poblado-de-albandi","status":"publish","type":"post","link":"https:\/\/candas365.es\/noticias\/finalizan-las-obras-en-el-parque-del-poblado-de-albandi\/","title":{"rendered":"Finalizan las obras en el parque del Poblado de Albandi"},"content":{"rendered":"<p><img fetchpriority=\"high\" decoding=\"async\" class=\"alignleft size-medium wp-image-140222\" src=\"https:\/\/candas365.es\/noticias\/wp-content\/uploads\/2020\/03\/obras-Concejo-360x267.jpg\" alt=\"\" width=\"360\" height=\"267\" srcset=\"https:\/\/candas365.es\/noticias\/wp-content\/uploads\/2020\/03\/obras-Concejo-360x267.jpg 360w, https:\/\/candas365.es\/noticias\/wp-content\/uploads\/2020\/03\/obras-Concejo-80x60.jpg 80w, https:\/\/candas365.es\/noticias\/wp-content\/uploads\/2020\/03\/obras-Concejo-265x198.jpg 265w, https:\/\/candas365.es\/noticias\/wp-content\/uploads\/2020\/03\/obras-Concejo.jpg 558w\" sizes=\"(max-width: 360px) 100vw, 360px\" \/>El Taller de Empleo \u201cCarre\u00f1o a punto\u201d, promovido por el <strong>Ayuntamiento de Carre\u00f1o<\/strong> y financiado por el Servicio P\u00fablico de Empleo del Principado de Asturias concluy\u00f3 las obras de remodelaci\u00f3n del parque ubicado en el Poblado de Albandi. <strong>Dichas actuaciones fueron unas de las propuestas vecinales aprobadas en el \u00faltimo proceso de presupuestos participativos<\/strong>.<\/p>\n<p>Los trabajos se han llevado a cabo a trav\u00e9s del m\u00f3dulo de Operaciones Auxiliares de Acabados R\u00edgidos y Urbanizaci\u00f3n, y se han potenciado los dos sectores de uso existentes, diferenciados claramente entre s\u00ed a trav\u00e9s de un cambio de suelos, generando un paseo con bancos como \u00e1rea social por un lado y un parque infantil, dot\u00e1ndolo de un muro perimetral y un solado especial de goma para adaptarlo a la normativa de seguridad, por otro.<\/p>\n<p>Adem\u00e1s, y con relaci\u00f3n al parque infantil anterior, al tobog\u00e1n y al columpio se le han sumado un balanc\u00edn y un sube y baja de muelles.<\/p>\n<p>Esta actuaci\u00f3n, sumada a la creaci\u00f3n de un espacio biosaludable junto al Local Social, mejoran el equipamiento en los espacios p\u00fablicos del concejo.<\/p>\n<p>&nbsp;<\/p>\n","protected":false},"excerpt":{"rendered":"<p>El Taller de Empleo \u201cCarre\u00f1o a punto\u201d, promovido por el Ayuntamiento de Carre\u00f1o y financiado por el Servicio P\u00fablico de Empleo del Principado de Asturias concluy\u00f3 las obras de remodelaci\u00f3n del parque ubicado en el Poblado de Albandi. Dichas actuaciones fueron unas de las propuestas vecinales aprobadas en el \u00faltimo proceso de presupuestos participativos. Los<\/p>\n","protected":false},"author":1,"featured_media":140222,"comment_status":"closed","ping_status":"closed","sticky":false,"template":"","format":"standard","meta":{"footnotes":""},"categories":[2],"tags":[],"class_list":{"0":"post-140221","1":"post","2":"type-post","3":"status-publish","4":"format-standard","5":"has-post-thumbnail","7":"category-noticias-carreno"},"aioseo_notices":[],"aioseo_head":"\n\t\t<!-- All in One SEO Pro 4.9.6.2 - aioseo.com -->\n\t<meta name=\"description\" content=\"El Taller de Empleo \u201cCarre\u00f1o a punto\u201d, promovido por el Ayuntamiento de Carre\u00f1o y financiado por el Servicio P\u00fablico de Empleo del Principado de Asturias concluy\u00f3 las obras de remodelaci\u00f3n del parque ubicado en el Poblado de Albandi. Dichas actuaciones fueron unas de las propuestas vecinales aprobadas en el \u00faltimo proceso de presupuestos participativos. Los\" \/>\n\t<meta name=\"robots\" content=\"max-image-preview:large\" \/>\n\t<meta name=\"author\" content=\"Cand\u00e1s 365\"\/>\n\t<meta name=\"google-site-verification\" content=\"UA-32230408-1\" \/>\n\t<meta name=\"msvalidate.01\" content=\"354F3CDFB2DA171B47FBE9ABF1F88D5\" \/>\n\t<meta name=\"keywords\" content=\"noticias carre\u00f1o\" \/>\n\t<link rel=\"canonical\" href=\"https:\/\/candas365.es\/noticias\/finalizan-las-obras-en-el-parque-del-poblado-de-albandi\/\" \/>\n\t<meta name=\"generator\" content=\"All in One SEO Pro (AIOSEO) 4.9.6.2\" \/>\n\t\t<meta property=\"og:locale\" content=\"es_ES\" \/>\n\t\t<meta property=\"og:site_name\" content=\"Cand\u00e1s 365\" \/>\n\t\t<meta property=\"og:type\" content=\"article\" \/>\n\t\t<meta property=\"og:title\" content=\"Finalizan las obras en el parque del Poblado de Albandi | Cand\u00e1s 365\" \/>\n\t\t<meta property=\"og:description\" content=\"El Taller de Empleo \u201cCarre\u00f1o a punto\u201d, promovido por el Ayuntamiento de Carre\u00f1o y financiado por el Servicio P\u00fablico de Empleo del Principado de Asturias concluy\u00f3 las obras de remodelaci\u00f3n del parque ubicado en el Poblado de Albandi. Dichas actuaciones fueron unas de las propuestas vecinales aprobadas en el \u00faltimo proceso de presupuestos participativos. Los\" \/>\n\t\t<meta property=\"og:url\" content=\"https:\/\/candas365.es\/noticias\/finalizan-las-obras-en-el-parque-del-poblado-de-albandi\/\" \/>\n\t\t<meta property=\"og:image\" content=\"https:\/\/candas365.es\/noticias\/wp-content\/uploads\/2020\/03\/obras-Concejo.jpg\" \/>\n\t\t<meta property=\"og:image:secure_url\" content=\"https:\/\/candas365.es\/noticias\/wp-content\/uploads\/2020\/03\/obras-Concejo.jpg\" \/>\n\t\t<meta property=\"og:image:width\" content=\"558\" \/>\n\t\t<meta property=\"og:image:height\" content=\"414\" \/>\n\t\t<meta property=\"article:published_time\" content=\"2020-03-26T13:59:50+00:00\" \/>\n\t\t<meta property=\"article:modified_time\" content=\"2020-03-26T13:59:50+00:00\" \/>\n\t\t<meta property=\"article:publisher\" content=\"https:\/\/www.facebook.com\/Nachofdezber\" \/>\n\t\t<meta property=\"article:author\" content=\"https:\/\/www.facebook.com\/carrenoactualidad\" \/>\n\t\t<meta name=\"twitter:card\" content=\"summary_large_image\" \/>\n\t\t<meta name=\"twitter:site\" content=\"@NabercoDigital\" \/>\n\t\t<meta name=\"twitter:title\" content=\"Finalizan las obras en el parque del Poblado de Albandi | Cand\u00e1s 365\" \/>\n\t\t<meta name=\"twitter:description\" content=\"El Taller de Empleo \u201cCarre\u00f1o a punto\u201d, promovido por el Ayuntamiento de Carre\u00f1o y financiado por el Servicio P\u00fablico de Empleo del Principado de Asturias concluy\u00f3 las obras de remodelaci\u00f3n del parque ubicado en el Poblado de Albandi. Dichas actuaciones fueron unas de las propuestas vecinales aprobadas en el \u00faltimo proceso de presupuestos participativos. Los\" \/>\n\t\t<meta name=\"twitter:creator\" content=\"@nbasturias\" \/>\n\t\t<meta name=\"twitter:image\" content=\"https:\/\/candas365.es\/noticias\/wp-content\/uploads\/2020\/03\/obras-Concejo.jpg\" \/>\n\t\t<meta name=\"twitter:label1\" content=\"Escrito por\" \/>\n\t\t<meta name=\"twitter:data1\" content=\"Cand\u00e1s 365\" \/>\n\t\t<meta name=\"twitter:label2\" content=\"Tiempo de lectura estimado\" \/>\n\t\t<meta name=\"twitter:data2\" content=\"1 minuto\" \/>\n\t\t<script type=\"application\/ld+json\" class=\"aioseo-schema\">\n\t\t\t{\"@context\":\"https:\\\/\\\/schema.org\",\"@graph\":[{\"@type\":\"BreadcrumbList\",\"@id\":\"https:\\\/\\\/candas365.es\\\/noticias\\\/finalizan-las-obras-en-el-parque-del-poblado-de-albandi\\\/#breadcrumblist\",\"itemListElement\":[{\"@type\":\"ListItem\",\"@id\":\"https:\\\/\\\/candas365.es\\\/noticias#listItem\",\"position\":1,\"name\":\"Home\",\"item\":\"https:\\\/\\\/candas365.es\\\/noticias\",\"nextItem\":{\"@type\":\"ListItem\",\"@id\":\"https:\\\/\\\/candas365.es\\\/noticias\\\/category\\\/noticias-carreno\\\/#listItem\",\"name\":\"Noticias Carre\\u00f1o\"}},{\"@type\":\"ListItem\",\"@id\":\"https:\\\/\\\/candas365.es\\\/noticias\\\/category\\\/noticias-carreno\\\/#listItem\",\"position\":2,\"name\":\"Noticias Carre\\u00f1o\",\"item\":\"https:\\\/\\\/candas365.es\\\/noticias\\\/category\\\/noticias-carreno\\\/\",\"nextItem\":{\"@type\":\"ListItem\",\"@id\":\"https:\\\/\\\/candas365.es\\\/noticias\\\/finalizan-las-obras-en-el-parque-del-poblado-de-albandi\\\/#listItem\",\"name\":\"Finalizan las obras en el parque del Poblado de Albandi\"},\"previousItem\":{\"@type\":\"ListItem\",\"@id\":\"https:\\\/\\\/candas365.es\\\/noticias#listItem\",\"name\":\"Home\"}},{\"@type\":\"ListItem\",\"@id\":\"https:\\\/\\\/candas365.es\\\/noticias\\\/finalizan-las-obras-en-el-parque-del-poblado-de-albandi\\\/#listItem\",\"position\":3,\"name\":\"Finalizan las obras en el parque del Poblado de Albandi\",\"previousItem\":{\"@type\":\"ListItem\",\"@id\":\"https:\\\/\\\/candas365.es\\\/noticias\\\/category\\\/noticias-carreno\\\/#listItem\",\"name\":\"Noticias Carre\\u00f1o\"}}]},{\"@type\":\"NewsArticle\",\"@id\":\"https:\\\/\\\/candas365.es\\\/noticias\\\/finalizan-las-obras-en-el-parque-del-poblado-de-albandi\\\/#newsarticle\",\"name\":\"Finalizan las obras en el parque del Poblado de Albandi | Cand\\u00e1s 365\",\"headline\":\"Finalizan las obras en el parque del Poblado de Albandi\",\"author\":{\"@id\":\"https:\\\/\\\/candas365.es\\\/noticias\\\/author\\\/admin\\\/#author\"},\"publisher\":{\"@id\":\"https:\\\/\\\/candas365.es\\\/noticias\\\/#organization\"},\"image\":{\"@type\":\"ImageObject\",\"url\":\"https:\\\/\\\/candas365.es\\\/noticias\\\/wp-content\\\/uploads\\\/2020\\\/03\\\/obras-Concejo.jpg\",\"width\":558,\"height\":414},\"datePublished\":\"2020-03-26T13:59:50+01:00\",\"dateModified\":\"2020-03-26T13:59:50+01:00\",\"inLanguage\":\"es-ES\",\"mainEntityOfPage\":{\"@id\":\"https:\\\/\\\/candas365.es\\\/noticias\\\/finalizan-las-obras-en-el-parque-del-poblado-de-albandi\\\/#webpage\"},\"isPartOf\":{\"@id\":\"https:\\\/\\\/candas365.es\\\/noticias\\\/finalizan-las-obras-en-el-parque-del-poblado-de-albandi\\\/#webpage\"},\"articleSection\":\"Noticias Carre\\u00f1o\",\"dateline\":\"Publicado el marzo 26, 2020.\"},{\"@type\":\"Organization\",\"@id\":\"https:\\\/\\\/candas365.es\\\/noticias\\\/#organization\",\"name\":\"Cand\\u00e1s 365\",\"description\":\"Cand\\u00e1s 365 es un diario digital independiente, fundado en 2012, con base en Asturias. Informamos con rigor sobre actualidad, sociedad, cultura y ocio, con una mirada local y global.\",\"url\":\"https:\\\/\\\/candas365.es\\\/noticias\\\/\",\"email\":\"info@candas365.es\",\"telephone\":\"+34652131393\",\"foundingDate\":\"2012-06-10\",\"logo\":{\"@type\":\"ImageObject\",\"url\":\"https:\\\/\\\/candas365.es\\\/noticias\\\/wp-content\\\/uploads\\\/2024\\\/09\\\/Candas-365-Redes.jpg\",\"@id\":\"https:\\\/\\\/candas365.es\\\/noticias\\\/finalizan-las-obras-en-el-parque-del-poblado-de-albandi\\\/#organizationLogo\",\"width\":1152,\"height\":864,\"caption\":\"Cand\\u00e1s 365 Redes\"},\"image\":{\"@id\":\"https:\\\/\\\/candas365.es\\\/noticias\\\/finalizan-las-obras-en-el-parque-del-poblado-de-albandi\\\/#organizationLogo\"},\"sameAs\":[\"https:\\\/\\\/www.facebook.com\\\/Nachofdezber\",\"https:\\\/\\\/x.com\\\/NabercoDigital\",\"https:\\\/\\\/www.instagram.com\\\/nachofdezber\\\/\",\"https:\\\/\\\/www.youtube.com\\\/channel\\\/UCZP-2wLEB9Rv6erhFmqVnvg\"],\"address\":{\"@id\":\"https:\\\/\\\/candas365.es\\\/noticias\\\/#postaladdress\",\"@type\":\"PostalAddress\",\"streetAddress\":\"san antonio 4, san antonio 4\",\"postalCode\":\"33430\",\"addressLocality\":\"Cand\\u00e1s\",\"addressRegion\":\"Asturias\",\"addressCountry\":\"ES\"}},{\"@type\":\"Person\",\"@id\":\"https:\\\/\\\/candas365.es\\\/noticias\\\/author\\\/admin\\\/#author\",\"url\":\"https:\\\/\\\/candas365.es\\\/noticias\\\/author\\\/admin\\\/\",\"name\":\"Cand\\u00e1s 365\",\"image\":{\"@type\":\"ImageObject\",\"@id\":\"https:\\\/\\\/candas365.es\\\/noticias\\\/finalizan-las-obras-en-el-parque-del-poblado-de-albandi\\\/#authorImage\",\"url\":\"https:\\\/\\\/secure.gravatar.com\\\/avatar\\\/496a8e03d0c493ede1718b7934145dbdf8d89be1036b0eec9544e1094c9de390?s=96&d=mm&r=g\",\"width\":96,\"height\":96,\"caption\":\"Cand\\u00e1s 365\"},\"sameAs\":[\"https:\\\/\\\/www.facebook.com\\\/carrenoactualidad\",\"https:\\\/\\\/twitter.com\\\/nbasturias\",\"https:\\\/\\\/www.instagram.com\\\/nachofdezber\\\/\",\"https:\\\/\\\/www.youtube.com\\\/channel\\\/UCZP-2wLEB9Rv6erhFmqVnvg\"]},{\"@type\":\"WebPage\",\"@id\":\"https:\\\/\\\/candas365.es\\\/noticias\\\/finalizan-las-obras-en-el-parque-del-poblado-de-albandi\\\/#webpage\",\"url\":\"https:\\\/\\\/candas365.es\\\/noticias\\\/finalizan-las-obras-en-el-parque-del-poblado-de-albandi\\\/\",\"name\":\"Finalizan las obras en el parque del Poblado de Albandi | Cand\\u00e1s 365\",\"description\":\"El Taller de Empleo \\u201cCarre\\u00f1o a punto\\u201d, promovido por el Ayuntamiento de Carre\\u00f1o y financiado por el Servicio P\\u00fablico de Empleo del Principado de Asturias concluy\\u00f3 las obras de remodelaci\\u00f3n del parque ubicado en el Poblado de Albandi. Dichas actuaciones fueron unas de las propuestas vecinales aprobadas en el \\u00faltimo proceso de presupuestos participativos. Los\",\"inLanguage\":\"es-ES\",\"isPartOf\":{\"@id\":\"https:\\\/\\\/candas365.es\\\/noticias\\\/#website\"},\"breadcrumb\":{\"@id\":\"https:\\\/\\\/candas365.es\\\/noticias\\\/finalizan-las-obras-en-el-parque-del-poblado-de-albandi\\\/#breadcrumblist\"},\"author\":{\"@id\":\"https:\\\/\\\/candas365.es\\\/noticias\\\/author\\\/admin\\\/#author\"},\"creator\":{\"@id\":\"https:\\\/\\\/candas365.es\\\/noticias\\\/author\\\/admin\\\/#author\"},\"image\":{\"@type\":\"ImageObject\",\"url\":\"https:\\\/\\\/candas365.es\\\/noticias\\\/wp-content\\\/uploads\\\/2020\\\/03\\\/obras-Concejo.jpg\",\"@id\":\"https:\\\/\\\/candas365.es\\\/noticias\\\/finalizan-las-obras-en-el-parque-del-poblado-de-albandi\\\/#mainImage\",\"width\":558,\"height\":414},\"primaryImageOfPage\":{\"@id\":\"https:\\\/\\\/candas365.es\\\/noticias\\\/finalizan-las-obras-en-el-parque-del-poblado-de-albandi\\\/#mainImage\"},\"datePublished\":\"2020-03-26T13:59:50+01:00\",\"dateModified\":\"2020-03-26T13:59:50+01:00\"},{\"@type\":\"WebSite\",\"@id\":\"https:\\\/\\\/candas365.es\\\/noticias\\\/#website\",\"url\":\"https:\\\/\\\/candas365.es\\\/noticias\\\/\",\"name\":\"Cand\\u00e1s 365\",\"alternateName\":\"Cand\\u00e1s 365 Noticias\",\"description\":\"Actualidad desde Carre\\u00f1o para el mundo\",\"inLanguage\":\"es-ES\",\"publisher\":{\"@id\":\"https:\\\/\\\/candas365.es\\\/noticias\\\/#organization\"}}]}\n\t\t<\/script>\n\t\t<!-- All in One SEO Pro -->\r\n\t\t<title>Finalizan las obras en el parque del Poblado de Albandi | Cand\u00e1s 365<\/title>\n\n","aioseo_head_json":{"title":"Finalizan las obras en el parque del Poblado de Albandi | Cand\u00e1s 365","description":"El Taller de Empleo \u201cCarre\u00f1o a punto\u201d, promovido por el Ayuntamiento de Carre\u00f1o y financiado por el Servicio P\u00fablico de Empleo del Principado de Asturias concluy\u00f3 las obras de remodelaci\u00f3n del parque ubicado en el Poblado de Albandi. Dichas actuaciones fueron unas de las propuestas vecinales aprobadas en el \u00faltimo proceso de presupuestos participativos. Los","canonical_url":"https:\/\/candas365.es\/noticias\/finalizan-las-obras-en-el-parque-del-poblado-de-albandi\/","robots":"max-image-preview:large","keywords":"noticias carre\u00f1o","webmasterTools":{"google-site-verification":"UA-32230408-1","msvalidate.01":"354F3CDFB2DA171B47FBE9ABF1F88D5","miscellaneous":""},"schema":{"@context":"https:\/\/schema.org","@graph":[{"@type":"BreadcrumbList","@id":"https:\/\/candas365.es\/noticias\/finalizan-las-obras-en-el-parque-del-poblado-de-albandi\/#breadcrumblist","itemListElement":[{"@type":"ListItem","@id":"https:\/\/candas365.es\/noticias#listItem","position":1,"name":"Home","item":"https:\/\/candas365.es\/noticias","nextItem":{"@type":"ListItem","@id":"https:\/\/candas365.es\/noticias\/category\/noticias-carreno\/#listItem","name":"Noticias Carre\u00f1o"}},{"@type":"ListItem","@id":"https:\/\/candas365.es\/noticias\/category\/noticias-carreno\/#listItem","position":2,"name":"Noticias Carre\u00f1o","item":"https:\/\/candas365.es\/noticias\/category\/noticias-carreno\/","nextItem":{"@type":"ListItem","@id":"https:\/\/candas365.es\/noticias\/finalizan-las-obras-en-el-parque-del-poblado-de-albandi\/#listItem","name":"Finalizan las obras en el parque del Poblado de Albandi"},"previousItem":{"@type":"ListItem","@id":"https:\/\/candas365.es\/noticias#listItem","name":"Home"}},{"@type":"ListItem","@id":"https:\/\/candas365.es\/noticias\/finalizan-las-obras-en-el-parque-del-poblado-de-albandi\/#listItem","position":3,"name":"Finalizan las obras en el parque del Poblado de Albandi","previousItem":{"@type":"ListItem","@id":"https:\/\/candas365.es\/noticias\/category\/noticias-carreno\/#listItem","name":"Noticias Carre\u00f1o"}}]},{"@type":"NewsArticle","@id":"https:\/\/candas365.es\/noticias\/finalizan-las-obras-en-el-parque-del-poblado-de-albandi\/#newsarticle","name":"Finalizan las obras en el parque del Poblado de Albandi | Cand\u00e1s 365","headline":"Finalizan las obras en el parque del Poblado de Albandi","author":{"@id":"https:\/\/candas365.es\/noticias\/author\/admin\/#author"},"publisher":{"@id":"https:\/\/candas365.es\/noticias\/#organization"},"image":{"@type":"ImageObject","url":"https:\/\/candas365.es\/noticias\/wp-content\/uploads\/2020\/03\/obras-Concejo.jpg","width":558,"height":414},"datePublished":"2020-03-26T13:59:50+01:00","dateModified":"2020-03-26T13:59:50+01:00","inLanguage":"es-ES","mainEntityOfPage":{"@id":"https:\/\/candas365.es\/noticias\/finalizan-las-obras-en-el-parque-del-poblado-de-albandi\/#webpage"},"isPartOf":{"@id":"https:\/\/candas365.es\/noticias\/finalizan-las-obras-en-el-parque-del-poblado-de-albandi\/#webpage"},"articleSection":"Noticias Carre\u00f1o","dateline":"Publicado el marzo 26, 2020."},{"@type":"Organization","@id":"https:\/\/candas365.es\/noticias\/#organization","name":"Cand\u00e1s 365","description":"Cand\u00e1s 365 es un diario digital independiente, fundado en 2012, con base en Asturias. Informamos con rigor sobre actualidad, sociedad, cultura y ocio, con una mirada local y global.","url":"https:\/\/candas365.es\/noticias\/","email":"info@candas365.es","telephone":"+34652131393","foundingDate":"2012-06-10","logo":{"@type":"ImageObject","url":"https:\/\/candas365.es\/noticias\/wp-content\/uploads\/2024\/09\/Candas-365-Redes.jpg","@id":"https:\/\/candas365.es\/noticias\/finalizan-las-obras-en-el-parque-del-poblado-de-albandi\/#organizationLogo","width":1152,"height":864,"caption":"Cand\u00e1s 365 Redes"},"image":{"@id":"https:\/\/candas365.es\/noticias\/finalizan-las-obras-en-el-parque-del-poblado-de-albandi\/#organizationLogo"},"sameAs":["https:\/\/www.facebook.com\/Nachofdezber","https:\/\/x.com\/NabercoDigital","https:\/\/www.instagram.com\/nachofdezber\/","https:\/\/www.youtube.com\/channel\/UCZP-2wLEB9Rv6erhFmqVnvg"],"address":{"@id":"https:\/\/candas365.es\/noticias\/#postaladdress","@type":"PostalAddress","streetAddress":"san antonio 4, san antonio 4","postalCode":"33430","addressLocality":"Cand\u00e1s","addressRegion":"Asturias","addressCountry":"ES"}},{"@type":"Person","@id":"https:\/\/candas365.es\/noticias\/author\/admin\/#author","url":"https:\/\/candas365.es\/noticias\/author\/admin\/","name":"Cand\u00e1s 365","image":{"@type":"ImageObject","@id":"https:\/\/candas365.es\/noticias\/finalizan-las-obras-en-el-parque-del-poblado-de-albandi\/#authorImage","url":"https:\/\/secure.gravatar.com\/avatar\/496a8e03d0c493ede1718b7934145dbdf8d89be1036b0eec9544e1094c9de390?s=96&d=mm&r=g","width":96,"height":96,"caption":"Cand\u00e1s 365"},"sameAs":["https:\/\/www.facebook.com\/carrenoactualidad","https:\/\/twitter.com\/nbasturias","https:\/\/www.instagram.com\/nachofdezber\/","https:\/\/www.youtube.com\/channel\/UCZP-2wLEB9Rv6erhFmqVnvg"]},{"@type":"WebPage","@id":"https:\/\/candas365.es\/noticias\/finalizan-las-obras-en-el-parque-del-poblado-de-albandi\/#webpage","url":"https:\/\/candas365.es\/noticias\/finalizan-las-obras-en-el-parque-del-poblado-de-albandi\/","name":"Finalizan las obras en el parque del Poblado de Albandi | Cand\u00e1s 365","description":"El Taller de Empleo \u201cCarre\u00f1o a punto\u201d, promovido por el Ayuntamiento de Carre\u00f1o y financiado por el Servicio P\u00fablico de Empleo del Principado de Asturias concluy\u00f3 las obras de remodelaci\u00f3n del parque ubicado en el Poblado de Albandi. Dichas actuaciones fueron unas de las propuestas vecinales aprobadas en el \u00faltimo proceso de presupuestos participativos. Los","inLanguage":"es-ES","isPartOf":{"@id":"https:\/\/candas365.es\/noticias\/#website"},"breadcrumb":{"@id":"https:\/\/candas365.es\/noticias\/finalizan-las-obras-en-el-parque-del-poblado-de-albandi\/#breadcrumblist"},"author":{"@id":"https:\/\/candas365.es\/noticias\/author\/admin\/#author"},"creator":{"@id":"https:\/\/candas365.es\/noticias\/author\/admin\/#author"},"image":{"@type":"ImageObject","url":"https:\/\/candas365.es\/noticias\/wp-content\/uploads\/2020\/03\/obras-Concejo.jpg","@id":"https:\/\/candas365.es\/noticias\/finalizan-las-obras-en-el-parque-del-poblado-de-albandi\/#mainImage","width":558,"height":414},"primaryImageOfPage":{"@id":"https:\/\/candas365.es\/noticias\/finalizan-las-obras-en-el-parque-del-poblado-de-albandi\/#mainImage"},"datePublished":"2020-03-26T13:59:50+01:00","dateModified":"2020-03-26T13:59:50+01:00"},{"@type":"WebSite","@id":"https:\/\/candas365.es\/noticias\/#website","url":"https:\/\/candas365.es\/noticias\/","name":"Cand\u00e1s 365","alternateName":"Cand\u00e1s 365 Noticias","description":"Actualidad desde Carre\u00f1o para el mundo","inLanguage":"es-ES","publisher":{"@id":"https:\/\/candas365.es\/noticias\/#organization"}}]},"og:locale":"es_ES","og:site_name":"Cand\u00e1s 365","og:type":"article","og:title":"Finalizan las obras en el parque del Poblado de Albandi | Cand\u00e1s 365","og:description":"El Taller de Empleo \u201cCarre\u00f1o a punto\u201d, promovido por el Ayuntamiento de Carre\u00f1o y financiado por el Servicio P\u00fablico de Empleo del Principado de Asturias concluy\u00f3 las obras de remodelaci\u00f3n del parque ubicado en el Poblado de Albandi. Dichas actuaciones fueron unas de las propuestas vecinales aprobadas en el \u00faltimo proceso de presupuestos participativos. Los","og:url":"https:\/\/candas365.es\/noticias\/finalizan-las-obras-en-el-parque-del-poblado-de-albandi\/","og:image":"https:\/\/candas365.es\/noticias\/wp-content\/uploads\/2020\/03\/obras-Concejo.jpg","og:image:secure_url":"https:\/\/candas365.es\/noticias\/wp-content\/uploads\/2020\/03\/obras-Concejo.jpg","og:image:width":558,"og:image:height":414,"article:published_time":"2020-03-26T13:59:50+00:00","article:modified_time":"2020-03-26T13:59:50+00:00","article:publisher":"https:\/\/www.facebook.com\/Nachofdezber","article:author":"https:\/\/www.facebook.com\/carrenoactualidad","twitter:card":"summary_large_image","twitter:site":"@NabercoDigital","twitter:title":"Finalizan las obras en el parque del Poblado de Albandi | Cand\u00e1s 365","twitter:description":"El Taller de Empleo \u201cCarre\u00f1o a punto\u201d, promovido por el Ayuntamiento de Carre\u00f1o y financiado por el Servicio P\u00fablico de Empleo del Principado de Asturias concluy\u00f3 las obras de remodelaci\u00f3n del parque ubicado en el Poblado de Albandi. Dichas actuaciones fueron unas de las propuestas vecinales aprobadas en el \u00faltimo proceso de presupuestos participativos. Los","twitter:creator":"@nbasturias","twitter:image":"https:\/\/candas365.es\/noticias\/wp-content\/uploads\/2020\/03\/obras-Concejo.jpg","twitter:label1":"Escrito por","twitter:data1":"Cand\u00e1s 365","twitter:label2":"Tiempo de lectura estimado","twitter:data2":"1 minuto"},"aioseo_meta_data":{"post_id":"140221","title":null,"description":null,"keywords":null,"keyphrases":null,"primary_term":null,"canonical_url":null,"og_title":null,"og_description":null,"og_object_type":"default","og_image_type":"default","og_image_url":null,"og_image_width":null,"og_image_height":null,"og_image_custom_url":null,"og_image_custom_fields":null,"og_video":null,"og_custom_url":null,"og_article_section":null,"og_article_tags":null,"twitter_use_og":false,"twitter_card":"default","twitter_image_type":"default","twitter_image_url":null,"twitter_image_custom_url":null,"twitter_image_custom_fields":null,"twitter_title":null,"twitter_description":null,"schema":{"blockGraphs":[],"customGraphs":[],"default":{"data":{"Article":[],"Course":[],"Dataset":[],"FAQPage":[],"Movie":[],"Person":[],"Product":[],"ProductReview":[],"Car":[],"Recipe":[],"Service":[],"SoftwareApplication":[],"WebPage":[]},"graphName":"","isEnabled":true},"graphs":[]},"schema_type":null,"schema_type_options":null,"pillar_content":false,"robots_default":true,"robots_noindex":false,"robots_noarchive":false,"robots_nosnippet":false,"robots_nofollow":false,"robots_noimageindex":false,"robots_noodp":false,"robots_notranslate":false,"robots_max_snippet":null,"robots_max_videopreview":null,"robots_max_imagepreview":"large","priority":null,"frequency":null,"location":null,"local_seo":null,"seo_analyzer_scan_date":"2025-08-31 02:27:24","breadcrumb_settings":null,"limit_modified_date":false,"reviewed_by":null,"open_ai":null,"ai":null,"created":"2020-12-21 10:44:05","updated":"2025-08-31 02:27:24"},"aioseo_breadcrumb":"<div class=\"aioseo-breadcrumbs\"><span class=\"aioseo-breadcrumb\">\n\t<a href=\"https:\/\/candas365.es\/noticias\" title=\"Home\">Home<\/a>\n<\/span><span class=\"aioseo-breadcrumb-separator\">&ndash;<\/span><span class=\"aioseo-breadcrumb\">\n\t<a href=\"https:\/\/candas365.es\/noticias\/category\/noticias-carreno\/\" title=\"Noticias Carre\u00f1o\">Noticias Carre\u00f1o<\/a>\n<\/span><span class=\"aioseo-breadcrumb-separator\">&ndash;<\/span><span class=\"aioseo-breadcrumb\">\n\tFinalizan las obras en el parque del Poblado de Albandi\n<\/span><\/div>","aioseo_breadcrumb_json":[{"label":"Home","link":"https:\/\/candas365.es\/noticias"},{"label":"Noticias Carre\u00f1o","link":"https:\/\/candas365.es\/noticias\/category\/noticias-carreno\/"},{"label":"Finalizan las obras en el parque del Poblado de Albandi","link":"https:\/\/candas365.es\/noticias\/finalizan-las-obras-en-el-parque-del-poblado-de-albandi\/"}],"_links":{"self":[{"href":"https:\/\/candas365.es\/noticias\/wp-json\/wp\/v2\/posts\/140221","targetHints":{"allow":["GET"]}}],"collection":[{"href":"https:\/\/candas365.es\/noticias\/wp-json\/wp\/v2\/posts"}],"about":[{"href":"https:\/\/candas365.es\/noticias\/wp-json\/wp\/v2\/types\/post"}],"author":[{"embeddable":true,"href":"https:\/\/candas365.es\/noticias\/wp-json\/wp\/v2\/users\/1"}],"replies":[{"embeddable":true,"href":"https:\/\/candas365.es\/noticias\/wp-json\/wp\/v2\/comments?post=140221"}],"version-history":[{"count":0,"href":"https:\/\/candas365.es\/noticias\/wp-json\/wp\/v2\/posts\/140221\/revisions"}],"wp:featuredmedia":[{"embeddable":true,"href":"https:\/\/candas365.es\/noticias\/wp-json\/wp\/v2\/media\/140222"}],"wp:attachment":[{"href":"https:\/\/candas365.es\/noticias\/wp-json\/wp\/v2\/media?parent=140221"}],"wp:term":[{"taxonomy":"category","embeddable":true,"href":"https:\/\/candas365.es\/noticias\/wp-json\/wp\/v2\/categories?post=140221"},{"taxonomy":"post_tag","embeddable":true,"href":"https:\/\/candas365.es\/noticias\/wp-json\/wp\/v2\/tags?post=140221"}],"curies":[{"name":"wp","href":"https:\/\/api.w.org\/{rel}","templated":true}]}}