{"id":139801,"date":"2020-03-16T01:42:30","date_gmt":"2020-03-16T01:42:30","guid":{"rendered":"http:\/\/candas365.es\/noticias\/?p=139801"},"modified":"2020-03-19T01:46:21","modified_gmt":"2020-03-19T01:46:21","slug":"el-ayuntamiento-de-carreno-fija-los-servicios-esenciales","status":"publish","type":"post","link":"https:\/\/candas365.es\/noticias\/el-ayuntamiento-de-carreno-fija-los-servicios-esenciales\/","title":{"rendered":"El Ayuntamiento de Carre\u00f1o fija los servicios esenciales"},"content":{"rendered":"<p><img fetchpriority=\"high\" decoding=\"async\" class=\"alignleft size-medium wp-image-6453\" src=\"https:\/\/candas365.es\/noticias\/wp-content\/uploads\/2015\/01\/ayuntamiento-360x270.jpg\" alt=\"\" width=\"360\" height=\"270\" srcset=\"https:\/\/candas365.es\/noticias\/wp-content\/uploads\/2015\/01\/ayuntamiento-360x270.jpg 360w, https:\/\/candas365.es\/noticias\/wp-content\/uploads\/2015\/01\/ayuntamiento-640x480.jpg 640w, https:\/\/candas365.es\/noticias\/wp-content\/uploads\/2015\/01\/ayuntamiento-768x576.jpg 768w, https:\/\/candas365.es\/noticias\/wp-content\/uploads\/2015\/01\/ayuntamiento-150x113.jpg 150w, https:\/\/candas365.es\/noticias\/wp-content\/uploads\/2015\/01\/ayuntamiento-450x338.jpg 450w, https:\/\/candas365.es\/noticias\/wp-content\/uploads\/2015\/01\/ayuntamiento-80x60.jpg 80w, https:\/\/candas365.es\/noticias\/wp-content\/uploads\/2015\/01\/ayuntamiento-265x198.jpg 265w, https:\/\/candas365.es\/noticias\/wp-content\/uploads\/2015\/01\/ayuntamiento-696x522.jpg 696w, https:\/\/candas365.es\/noticias\/wp-content\/uploads\/2015\/01\/ayuntamiento-560x420.jpg 560w, https:\/\/candas365.es\/noticias\/wp-content\/uploads\/2015\/01\/ayuntamiento-90x67.jpg 90w, https:\/\/candas365.es\/noticias\/wp-content\/uploads\/2015\/01\/ayuntamiento.jpg 800w\" sizes=\"(max-width: 360px) 100vw, 360px\" \/>Esta iniciativa y la entrada en vigor de los servicios esenciales, pretenden proteger al vecindario de Carre\u00f1o y garantizar el funcionamiento imprescindible de la Administraci\u00f3n. A tal fin se ha creado un <strong>EQUIPO MUNICIPAL DE COORDINACI\u00d3N<\/strong>, presidido por la Alcaldesa, que podr\u00e1 fijar, retenes extraordinarios si lo estima oportuno, en funci\u00f3n de la particularidad del municipio, de las necesidades y de cada \u00e1rea de gesti\u00f3n municipal.<\/p>\n<p>MEDIDAS EXCEPCIONALES DE ATENCI\u00d3N AL P\u00daBLICO ( del 16 al 25 de marzo inclusive)<\/p>\n<p>Cierra el servicio de atenci\u00f3n ciudadana y registro presencial en todas las dependencias municipales, salvo en el edificio consistorial ( c\/Santolaya, 1 y 3), en el que se atender\u00e1 ASUNTOS URGENTES con cita previa.<\/p>\n<p>El resto de atenciones ser\u00e1n v\u00eda telef\u00f3nica y telem\u00e1tica.<\/p>\n<p>Los Tel\u00e9fonos de atenci\u00f3n ciudadana son los que siguen:<\/p>\n<ul>\n<li>985 870 205<\/li>\n<li>985 870 206<\/li>\n<\/ul>\n<p>Para urgencias y emergencias estar\u00e1 operativo las 24 h. el tel\u00e9fono de polic\u00eda local 985 870 597<\/p>\n<p>La atenci\u00f3n telem\u00e1tica se prestar\u00e1 trav\u00e9s del E mail: sergenerales@ayto-carreno.es<\/p>\n<p>A cualquier hora del d\u00eda se podr\u00e1n hacer gestiones a trav\u00e9s de la Sede Electr\u00f3nica Municipal: www.ayto-carreno.es<\/p>\n<p>El consistorio carre\u00f1ense recomienda que no acudan al trabajo las empleadas y empleados p\u00fablicos municipales que sufran una situaci\u00f3n sanitaria de riesgo o que tengan personas a su cargo.<\/p>\n<p>Los servicios esenciales ser\u00e1n: Polic\u00eda Local, Recogida de basura, Limpieza Viaria, Parque y Jardines municipales, Ayuda a Domicilio, Teleasistencia, Aguas y red de abastecimiento, Alumbrado p\u00fablico, Limpieza de edificios y dependencias municipales, Cementerio Municipal y Servicios Sociales. Dicho personal municipal de servicios esenciales trabajar\u00e1 el 100% de la plantilla. En el caso del Centro Municipal de Servicios Sociales su personal ( Trabajadoras Sociales, Educadora y Gestor administrativo) podr\u00e1n teletrabajar y estar\u00e1n disponibles para rotar en las atenciones que sean necesarias bajo las directrices de la Jefatura de Servicio y la supervisi\u00f3n de la Concejal\u00eda. Lo har\u00e1n atendiendo presencialmente asuntos urgentes y \/o emergencias en la casa consistorial con cita previa.<\/p>\n<p>\u00b7 Se facilitar\u00e1 el teletrabajo en los puestos donde se disponga de los medios t\u00e9cnicos para ello y el\/la trabajador\/a lo solicite siendo la persona responsable competente para autorizarlo bien el\/la responsable a nivel t\u00e9cnico ( Jefatura de Servicio) como a nivel pol\u00edtico (Concejal\/a del \u00e1rea). El Ayuntamiento facilitar\u00e1 equipos port\u00e1tiles y PC si fueran necesarios.<\/p>\n<p>Para todo personal municipal que se viera afectado por el cierre de centros educativos, centros de apoyo a la integraci\u00f3n o centros de mayores se intentar\u00e1 dar cobertura a dicha situaci\u00f3n excepcional mediante la flexibilizaci\u00f3n de la jornada laboral pudiendo implicar la reducci\u00f3n de la misma.<\/p>\n<p>En el caso de que sea imprescindible se permitir\u00e1 la permanencia del personal en su domicilio, teniendo la consideraci\u00f3n de deber inexcusable de conformidad con lo dispuesto en el art\u00edculo 48 j) del TREBEP. (\u201cPor tiempo indispensable para el cumplimiento de un deber inexcusable de car\u00e1cter p\u00fablico o personal y por deberes relacionados con la conciliaci\u00f3n de la vida familiar y laboral.\u201d)<\/p>\n<p>El disfrute de estas medidas, queda condicionado a que el\/la otro\/a progenitor\/a o responsable de los menores o mayores dependientes no se encuentre en el domicilio.<\/p>\n<p>Para el disfrute de dichas medidas se procurar\u00e1 la prestaci\u00f3n de servicios mediante la modalidad no presencial de trabajo, siempre que el trabajo lo permita y existan medios t\u00e9cnicos municipales disponibles para ello.<\/p>\n<p>Para garantizar la protecci\u00f3n de la salud de los\/as empleados\/as p\u00fablicos especialmente sensibles se permitir\u00e1 que pasen a prestar servicios en las modalidades no presenciales de trabajo a quienes sean considerados empleados\/as p\u00fablicos de riesgo. Se consideran empleados\/as p\u00fablicos\/as de riesgo las personas con patolog\u00edas cr\u00f3nicas graves, personas inmunodeprimidas y embarazadas. Esta situaci\u00f3n de riesgo deber\u00e1 comunicarse fehacientemente con al departamento de RRHH y\/o a la Concejal\u00eda de RRHH.<\/p>\n<p>En cualquiera de estos dos supuestos ( personal de riesgo y\/o personal con menores, mayores dependientes o personas con discapacidad a su cargo) debidamente justificados se permitir\u00e1n modalidades no presenciales de trabajo, previa solicitud, una vez recibida la Resoluci\u00f3n de la Alcald\u00eda en virtud del informe que emitan desde la Jefatura de Servicio\/ Secci\u00f3n correspondiente, con el objetivo de garantizar la prestaci\u00f3n de los servicios p\u00fablicos.<\/p>\n<p>\u00b7 El resto del personal municipal de otros servicios no esenciales se les da la opci\u00f3n de disminuir su jornada laboral en un 50%, facilitando las siguientes alternativas:<\/p>\n<p>a) La plantilla podr\u00e1 rotar al 50% en d\u00edas alternos.<\/p>\n<p>b) La jornada laboral podr\u00e1 dividirse en dos medias jornadas, realizando cada media jornada el 50% de la plantilla.<\/p>\n<p>La elecci\u00f3n de una de estas dos alternativas debe ir acompa\u00f1ada del visto bueno previo de la persona responsable de cada \u00e1rea de gesti\u00f3n municipal, siendo la persona responsable competente para ello bien el\/la responsable a nivel t\u00e9cnico ( Jefatura de Servicio) como a nivel pol\u00edtico (Concejal\/a del \u00e1rea).<\/p>\n<p>De esta forma se favorece la rotaci\u00f3n de trabajadores\/as, se evita el contacto y se garantiza la prestaci\u00f3n de los servicios p\u00fablicos por parte del Ayuntamiento.<\/p>\n<p>c) Asimismo, puede darse el caso de que alguno de los servicios sea prestado \u00fanicamente por un trabajador\/a. En este caso la propuesta es que el\/la trabajador\/a pueda optar entre adaptar su tiempo de trabajo al 50% bien rotando en d\u00edas alternos o realizando ese 50% de tiempo de trabajo en media jornada todos los d\u00edas. Siendo necesario tambi\u00e9n para ello el visto bueno de la persona responsable de esa \u00e1rea, siendo la persona responsable competente para ello bien el\/la responsable a nivel t\u00e9cnico ( Jefatura de Servicio) como a nivel pol\u00edtico (Concejal\/a del \u00e1rea).<\/p>\n<p>Los\/as trabajadores\/as que se acojan a cualquiera de las opciones de los apartados a, b y c deber\u00e1n recuperar las horas de trabajo no realizadas una vez finalice la situaci\u00f3n excepcional que estamos viviendo, realizando un m\u00ednimo de 1 hora y un m\u00e1ximo de 3,5 horas al d\u00eda, sin plazo m\u00e1ximo para poder recuperarlas.<\/p>\n<p>\u00b7 En el caso de servicios externalizados o privatizados mediante contrato, considerando la distinta tipolog\u00eda y variedad existente, quedar\u00e1 a discreci\u00f3n de cada entidad local la toma de decisiones sobre los mismos, en funci\u00f3n de la particularidad del servicio que se preste y de las posibilidades que cada contrato ofrezca.<\/p>\n<p>\u00b7 No obstante, y en com\u00fan para todos los servicios, se recuerda que los\/as trabajadores\/as que desempe\u00f1en sus funciones en interior deben estar separados por al menos 1,5 metros de distancia, cumpliendo todas las medidas preventivas, de higiene y seguridad pautadas por las autoridades sanitarias.<\/p>\n<p>\u00b7 En los trabajos que se realicen en exterior, los equipos de trabajo ser\u00e1n de dos personas.<\/p>\n<p>\u00b7 Se dar\u00e1 la opci\u00f3n de que los\/as trabajadores\/as puedan solicitar permisos extraordinarios retribuidos. Aquellos\/-as que se acojan a esta opci\u00f3n deber\u00e1n recuperar las horas de trabajo no realizadas en el plazo m\u00e1ximo de 3 a\u00f1os. En el caso de que su relaci\u00f3n laboral con el ayuntamiento dure menos de esos 3 a\u00f1os, deber\u00e1 recuperarlas en el tiempo que le quede de relaci\u00f3n laboral con el mismo.<\/p>\n<p>\u00b7 En el caso de que el personal municipal tuviera d\u00edas de asuntos propios del a\u00f1o 2019 sin disfrutar al terminar el periodo autorizado hasta 31 de Marzo de 2020, excepcionalmente se podr\u00e1 ampliar el periodo de disfrute de los mismos, previa solicitud. Si en este periodo que dure el Estado de alarma el personal quisiera disfrutar de esos d\u00edas de asuntos propios, siempre que los servicios municipales queden cubiertos podr\u00e1n disfrutar de los mismos con la conformidad de la Jefatura de Servicio y Concejal\u00eda correspondiente.<\/p>\n<p>Todas las medidas est\u00e1n concebidas para proteger a la ciudadan\u00eda del riesgo de contagio del coronavirus COVID 19, as\u00ed como para garantizar el funcionamiento b\u00e1sico de la Administraci\u00f3n.<\/p>\n<p>En virtud de lo excepcional y cambiante de la actual situaci\u00f3n, este Ayuntamiento podr\u00e1 ir modificando, implementando o introduciendo los cambios que en cada momento se considere oportuno para conciliar el correcto funcionamiento de los servicios p\u00fablicos prestamos con las indicaciones que haya para tratar de mitigar el impacto y extensi\u00f3n del COVID-19.<\/p>\n<p>\u201cFinalmente, este Ayuntamiento agradece a todo su personal su colaboraci\u00f3n y esfuerzo en unos momentos tan delicados y excepcionales, en los que m\u00e1s que nunca se precisa la serenidad y el compromiso con la ciudadan\u00eda\u201d \u2013 concluy\u00f3 la Alcaldesa.<\/p>\n<p>&nbsp;<\/p>\n","protected":false},"excerpt":{"rendered":"<p>Esta iniciativa y la entrada en vigor de los servicios esenciales, pretenden proteger al vecindario de Carre\u00f1o y garantizar el funcionamiento imprescindible de la Administraci\u00f3n. A tal fin se ha creado un EQUIPO MUNICIPAL DE COORDINACI\u00d3N, presidido por la Alcaldesa, que podr\u00e1 fijar, retenes extraordinarios si lo estima oportuno, en funci\u00f3n de la particularidad del<\/p>\n","protected":false},"author":1,"featured_media":6453,"comment_status":"closed","ping_status":"closed","sticky":false,"template":"","format":"standard","meta":{"footnotes":""},"categories":[2],"tags":[],"class_list":{"0":"post-139801","1":"post","2":"type-post","3":"status-publish","4":"format-standard","5":"has-post-thumbnail","7":"category-noticias-carreno"},"aioseo_notices":[],"aioseo_head":"\n\t\t<!-- All in One SEO Pro 4.9.6.2 - aioseo.com -->\n\t<meta name=\"description\" content=\"Esta iniciativa y la entrada en vigor de los servicios esenciales, pretenden proteger al vecindario de Carre\u00f1o y garantizar el funcionamiento imprescindible de la Administraci\u00f3n. A tal fin se ha creado un EQUIPO MUNICIPAL DE COORDINACI\u00d3N, presidido por la Alcaldesa, que podr\u00e1 fijar, retenes extraordinarios si lo estima oportuno, en funci\u00f3n de la particularidad del\" \/>\n\t<meta name=\"robots\" content=\"max-image-preview:large\" \/>\n\t<meta name=\"author\" content=\"Cand\u00e1s 365\"\/>\n\t<meta name=\"google-site-verification\" content=\"UA-32230408-1\" \/>\n\t<meta name=\"msvalidate.01\" content=\"354F3CDFB2DA171B47FBE9ABF1F88D5\" \/>\n\t<meta name=\"keywords\" content=\"noticias carre\u00f1o\" \/>\n\t<link rel=\"canonical\" href=\"https:\/\/candas365.es\/noticias\/el-ayuntamiento-de-carreno-fija-los-servicios-esenciales\/\" \/>\n\t<meta name=\"generator\" content=\"All in One SEO Pro (AIOSEO) 4.9.6.2\" \/>\n\t\t<meta property=\"og:locale\" content=\"es_ES\" \/>\n\t\t<meta property=\"og:site_name\" content=\"Cand\u00e1s 365\" \/>\n\t\t<meta property=\"og:type\" content=\"article\" \/>\n\t\t<meta property=\"og:title\" content=\"El Ayuntamiento de Carre\u00f1o fija los servicios esenciales | Cand\u00e1s 365\" \/>\n\t\t<meta property=\"og:description\" content=\"Esta iniciativa y la entrada en vigor de los servicios esenciales, pretenden proteger al vecindario de Carre\u00f1o y garantizar el funcionamiento imprescindible de la Administraci\u00f3n. A tal fin se ha creado un EQUIPO MUNICIPAL DE COORDINACI\u00d3N, presidido por la Alcaldesa, que podr\u00e1 fijar, retenes extraordinarios si lo estima oportuno, en funci\u00f3n de la particularidad del\" \/>\n\t\t<meta property=\"og:url\" content=\"https:\/\/candas365.es\/noticias\/el-ayuntamiento-de-carreno-fija-los-servicios-esenciales\/\" \/>\n\t\t<meta property=\"og:image\" content=\"https:\/\/candas365.es\/noticias\/wp-content\/uploads\/2015\/01\/ayuntamiento.jpg\" \/>\n\t\t<meta property=\"og:image:secure_url\" content=\"https:\/\/candas365.es\/noticias\/wp-content\/uploads\/2015\/01\/ayuntamiento.jpg\" \/>\n\t\t<meta property=\"og:image:width\" content=\"800\" \/>\n\t\t<meta property=\"og:image:height\" content=\"600\" \/>\n\t\t<meta property=\"article:published_time\" content=\"2020-03-16T01:42:30+00:00\" \/>\n\t\t<meta property=\"article:modified_time\" content=\"2020-03-19T01:46:21+00:00\" \/>\n\t\t<meta property=\"article:publisher\" content=\"https:\/\/www.facebook.com\/Nachofdezber\" \/>\n\t\t<meta property=\"article:author\" content=\"https:\/\/www.facebook.com\/carrenoactualidad\" \/>\n\t\t<meta name=\"twitter:card\" content=\"summary_large_image\" \/>\n\t\t<meta name=\"twitter:site\" content=\"@NabercoDigital\" \/>\n\t\t<meta name=\"twitter:title\" content=\"El Ayuntamiento de Carre\u00f1o fija los servicios esenciales | Cand\u00e1s 365\" \/>\n\t\t<meta name=\"twitter:description\" content=\"Esta iniciativa y la entrada en vigor de los servicios esenciales, pretenden proteger al vecindario de Carre\u00f1o y garantizar el funcionamiento imprescindible de la Administraci\u00f3n. A tal fin se ha creado un EQUIPO MUNICIPAL DE COORDINACI\u00d3N, presidido por la Alcaldesa, que podr\u00e1 fijar, retenes extraordinarios si lo estima oportuno, en funci\u00f3n de la particularidad del\" \/>\n\t\t<meta name=\"twitter:creator\" content=\"@nbasturias\" \/>\n\t\t<meta name=\"twitter:image\" content=\"https:\/\/candas365.es\/noticias\/wp-content\/uploads\/2015\/01\/ayuntamiento.jpg\" \/>\n\t\t<meta name=\"twitter:label1\" content=\"Escrito por\" \/>\n\t\t<meta name=\"twitter:data1\" content=\"Cand\u00e1s 365\" \/>\n\t\t<meta name=\"twitter:label2\" content=\"Tiempo de lectura estimado\" \/>\n\t\t<meta name=\"twitter:data2\" content=\"7 minutos\" \/>\n\t\t<script type=\"application\/ld+json\" class=\"aioseo-schema\">\n\t\t\t{\"@context\":\"https:\\\/\\\/schema.org\",\"@graph\":[{\"@type\":\"BreadcrumbList\",\"@id\":\"https:\\\/\\\/candas365.es\\\/noticias\\\/el-ayuntamiento-de-carreno-fija-los-servicios-esenciales\\\/#breadcrumblist\",\"itemListElement\":[{\"@type\":\"ListItem\",\"@id\":\"https:\\\/\\\/candas365.es\\\/noticias#listItem\",\"position\":1,\"name\":\"Home\",\"item\":\"https:\\\/\\\/candas365.es\\\/noticias\",\"nextItem\":{\"@type\":\"ListItem\",\"@id\":\"https:\\\/\\\/candas365.es\\\/noticias\\\/category\\\/noticias-carreno\\\/#listItem\",\"name\":\"Noticias Carre\\u00f1o\"}},{\"@type\":\"ListItem\",\"@id\":\"https:\\\/\\\/candas365.es\\\/noticias\\\/category\\\/noticias-carreno\\\/#listItem\",\"position\":2,\"name\":\"Noticias Carre\\u00f1o\",\"item\":\"https:\\\/\\\/candas365.es\\\/noticias\\\/category\\\/noticias-carreno\\\/\",\"nextItem\":{\"@type\":\"ListItem\",\"@id\":\"https:\\\/\\\/candas365.es\\\/noticias\\\/el-ayuntamiento-de-carreno-fija-los-servicios-esenciales\\\/#listItem\",\"name\":\"El Ayuntamiento de Carre\\u00f1o fija los servicios esenciales\"},\"previousItem\":{\"@type\":\"ListItem\",\"@id\":\"https:\\\/\\\/candas365.es\\\/noticias#listItem\",\"name\":\"Home\"}},{\"@type\":\"ListItem\",\"@id\":\"https:\\\/\\\/candas365.es\\\/noticias\\\/el-ayuntamiento-de-carreno-fija-los-servicios-esenciales\\\/#listItem\",\"position\":3,\"name\":\"El Ayuntamiento de Carre\\u00f1o fija los servicios esenciales\",\"previousItem\":{\"@type\":\"ListItem\",\"@id\":\"https:\\\/\\\/candas365.es\\\/noticias\\\/category\\\/noticias-carreno\\\/#listItem\",\"name\":\"Noticias Carre\\u00f1o\"}}]},{\"@type\":\"NewsArticle\",\"@id\":\"https:\\\/\\\/candas365.es\\\/noticias\\\/el-ayuntamiento-de-carreno-fija-los-servicios-esenciales\\\/#newsarticle\",\"name\":\"El Ayuntamiento de Carre\\u00f1o fija los servicios esenciales | Cand\\u00e1s 365\",\"headline\":\"El Ayuntamiento de Carre\\u00f1o fija los servicios esenciales\",\"author\":{\"@id\":\"https:\\\/\\\/candas365.es\\\/noticias\\\/author\\\/admin\\\/#author\"},\"publisher\":{\"@id\":\"https:\\\/\\\/candas365.es\\\/noticias\\\/#organization\"},\"image\":{\"@type\":\"ImageObject\",\"url\":\"https:\\\/\\\/candas365.es\\\/noticias\\\/wp-content\\\/uploads\\\/2015\\\/01\\\/ayuntamiento.jpg\",\"width\":800,\"height\":600,\"caption\":\"Carre\\u00f1o\"},\"datePublished\":\"2020-03-16T01:42:30+01:00\",\"dateModified\":\"2020-03-19T01:46:21+01:00\",\"inLanguage\":\"es-ES\",\"mainEntityOfPage\":{\"@id\":\"https:\\\/\\\/candas365.es\\\/noticias\\\/el-ayuntamiento-de-carreno-fija-los-servicios-esenciales\\\/#webpage\"},\"isPartOf\":{\"@id\":\"https:\\\/\\\/candas365.es\\\/noticias\\\/el-ayuntamiento-de-carreno-fija-los-servicios-esenciales\\\/#webpage\"},\"articleSection\":\"Noticias Carre\\u00f1o\",\"dateline\":\"Publicado el marzo 16, 2020.\"},{\"@type\":\"Organization\",\"@id\":\"https:\\\/\\\/candas365.es\\\/noticias\\\/#organization\",\"name\":\"Cand\\u00e1s 365\",\"description\":\"Cand\\u00e1s 365 es un diario digital independiente, fundado en 2012, con base en Asturias. Informamos con rigor sobre actualidad, sociedad, cultura y ocio, con una mirada local y global.\",\"url\":\"https:\\\/\\\/candas365.es\\\/noticias\\\/\",\"email\":\"info@candas365.es\",\"telephone\":\"+34652131393\",\"foundingDate\":\"2012-06-10\",\"logo\":{\"@type\":\"ImageObject\",\"url\":\"https:\\\/\\\/candas365.es\\\/noticias\\\/wp-content\\\/uploads\\\/2024\\\/09\\\/Candas-365-Redes.jpg\",\"@id\":\"https:\\\/\\\/candas365.es\\\/noticias\\\/el-ayuntamiento-de-carreno-fija-los-servicios-esenciales\\\/#organizationLogo\",\"width\":1152,\"height\":864,\"caption\":\"Cand\\u00e1s 365 Redes\"},\"image\":{\"@id\":\"https:\\\/\\\/candas365.es\\\/noticias\\\/el-ayuntamiento-de-carreno-fija-los-servicios-esenciales\\\/#organizationLogo\"},\"sameAs\":[\"https:\\\/\\\/www.facebook.com\\\/Nachofdezber\",\"https:\\\/\\\/x.com\\\/NabercoDigital\",\"https:\\\/\\\/www.instagram.com\\\/nachofdezber\\\/\",\"https:\\\/\\\/www.youtube.com\\\/channel\\\/UCZP-2wLEB9Rv6erhFmqVnvg\"],\"address\":{\"@id\":\"https:\\\/\\\/candas365.es\\\/noticias\\\/#postaladdress\",\"@type\":\"PostalAddress\",\"streetAddress\":\"san antonio 4, san antonio 4\",\"postalCode\":\"33430\",\"addressLocality\":\"Cand\\u00e1s\",\"addressRegion\":\"Asturias\",\"addressCountry\":\"ES\"}},{\"@type\":\"Person\",\"@id\":\"https:\\\/\\\/candas365.es\\\/noticias\\\/author\\\/admin\\\/#author\",\"url\":\"https:\\\/\\\/candas365.es\\\/noticias\\\/author\\\/admin\\\/\",\"name\":\"Cand\\u00e1s 365\",\"image\":{\"@type\":\"ImageObject\",\"@id\":\"https:\\\/\\\/candas365.es\\\/noticias\\\/el-ayuntamiento-de-carreno-fija-los-servicios-esenciales\\\/#authorImage\",\"url\":\"https:\\\/\\\/secure.gravatar.com\\\/avatar\\\/496a8e03d0c493ede1718b7934145dbdf8d89be1036b0eec9544e1094c9de390?s=96&d=mm&r=g\",\"width\":96,\"height\":96,\"caption\":\"Cand\\u00e1s 365\"},\"sameAs\":[\"https:\\\/\\\/www.facebook.com\\\/carrenoactualidad\",\"https:\\\/\\\/twitter.com\\\/nbasturias\",\"https:\\\/\\\/www.instagram.com\\\/nachofdezber\\\/\",\"https:\\\/\\\/www.youtube.com\\\/channel\\\/UCZP-2wLEB9Rv6erhFmqVnvg\"]},{\"@type\":\"WebPage\",\"@id\":\"https:\\\/\\\/candas365.es\\\/noticias\\\/el-ayuntamiento-de-carreno-fija-los-servicios-esenciales\\\/#webpage\",\"url\":\"https:\\\/\\\/candas365.es\\\/noticias\\\/el-ayuntamiento-de-carreno-fija-los-servicios-esenciales\\\/\",\"name\":\"El Ayuntamiento de Carre\\u00f1o fija los servicios esenciales | Cand\\u00e1s 365\",\"description\":\"Esta iniciativa y la entrada en vigor de los servicios esenciales, pretenden proteger al vecindario de Carre\\u00f1o y garantizar el funcionamiento imprescindible de la Administraci\\u00f3n. A tal fin se ha creado un EQUIPO MUNICIPAL DE COORDINACI\\u00d3N, presidido por la Alcaldesa, que podr\\u00e1 fijar, retenes extraordinarios si lo estima oportuno, en funci\\u00f3n de la particularidad del\",\"inLanguage\":\"es-ES\",\"isPartOf\":{\"@id\":\"https:\\\/\\\/candas365.es\\\/noticias\\\/#website\"},\"breadcrumb\":{\"@id\":\"https:\\\/\\\/candas365.es\\\/noticias\\\/el-ayuntamiento-de-carreno-fija-los-servicios-esenciales\\\/#breadcrumblist\"},\"author\":{\"@id\":\"https:\\\/\\\/candas365.es\\\/noticias\\\/author\\\/admin\\\/#author\"},\"creator\":{\"@id\":\"https:\\\/\\\/candas365.es\\\/noticias\\\/author\\\/admin\\\/#author\"},\"image\":{\"@type\":\"ImageObject\",\"url\":\"https:\\\/\\\/candas365.es\\\/noticias\\\/wp-content\\\/uploads\\\/2015\\\/01\\\/ayuntamiento.jpg\",\"@id\":\"https:\\\/\\\/candas365.es\\\/noticias\\\/el-ayuntamiento-de-carreno-fija-los-servicios-esenciales\\\/#mainImage\",\"width\":800,\"height\":600,\"caption\":\"Carre\\u00f1o\"},\"primaryImageOfPage\":{\"@id\":\"https:\\\/\\\/candas365.es\\\/noticias\\\/el-ayuntamiento-de-carreno-fija-los-servicios-esenciales\\\/#mainImage\"},\"datePublished\":\"2020-03-16T01:42:30+01:00\",\"dateModified\":\"2020-03-19T01:46:21+01:00\"},{\"@type\":\"WebSite\",\"@id\":\"https:\\\/\\\/candas365.es\\\/noticias\\\/#website\",\"url\":\"https:\\\/\\\/candas365.es\\\/noticias\\\/\",\"name\":\"Cand\\u00e1s 365\",\"alternateName\":\"Cand\\u00e1s 365 Noticias\",\"description\":\"Actualidad desde Carre\\u00f1o para el mundo\",\"inLanguage\":\"es-ES\",\"publisher\":{\"@id\":\"https:\\\/\\\/candas365.es\\\/noticias\\\/#organization\"}}]}\n\t\t<\/script>\n\t\t<!-- All in One SEO Pro -->\r\n\t\t<title>El Ayuntamiento de Carre\u00f1o fija los servicios esenciales | Cand\u00e1s 365<\/title>\n\n","aioseo_head_json":{"title":"El Ayuntamiento de Carre\u00f1o fija los servicios esenciales | Cand\u00e1s 365","description":"Esta iniciativa y la entrada en vigor de los servicios esenciales, pretenden proteger al vecindario de Carre\u00f1o y garantizar el funcionamiento imprescindible de la Administraci\u00f3n. A tal fin se ha creado un EQUIPO MUNICIPAL DE COORDINACI\u00d3N, presidido por la Alcaldesa, que podr\u00e1 fijar, retenes extraordinarios si lo estima oportuno, en funci\u00f3n de la particularidad del","canonical_url":"https:\/\/candas365.es\/noticias\/el-ayuntamiento-de-carreno-fija-los-servicios-esenciales\/","robots":"max-image-preview:large","keywords":"noticias carre\u00f1o","webmasterTools":{"google-site-verification":"UA-32230408-1","msvalidate.01":"354F3CDFB2DA171B47FBE9ABF1F88D5","miscellaneous":""},"schema":{"@context":"https:\/\/schema.org","@graph":[{"@type":"BreadcrumbList","@id":"https:\/\/candas365.es\/noticias\/el-ayuntamiento-de-carreno-fija-los-servicios-esenciales\/#breadcrumblist","itemListElement":[{"@type":"ListItem","@id":"https:\/\/candas365.es\/noticias#listItem","position":1,"name":"Home","item":"https:\/\/candas365.es\/noticias","nextItem":{"@type":"ListItem","@id":"https:\/\/candas365.es\/noticias\/category\/noticias-carreno\/#listItem","name":"Noticias Carre\u00f1o"}},{"@type":"ListItem","@id":"https:\/\/candas365.es\/noticias\/category\/noticias-carreno\/#listItem","position":2,"name":"Noticias Carre\u00f1o","item":"https:\/\/candas365.es\/noticias\/category\/noticias-carreno\/","nextItem":{"@type":"ListItem","@id":"https:\/\/candas365.es\/noticias\/el-ayuntamiento-de-carreno-fija-los-servicios-esenciales\/#listItem","name":"El Ayuntamiento de Carre\u00f1o fija los servicios esenciales"},"previousItem":{"@type":"ListItem","@id":"https:\/\/candas365.es\/noticias#listItem","name":"Home"}},{"@type":"ListItem","@id":"https:\/\/candas365.es\/noticias\/el-ayuntamiento-de-carreno-fija-los-servicios-esenciales\/#listItem","position":3,"name":"El Ayuntamiento de Carre\u00f1o fija los servicios esenciales","previousItem":{"@type":"ListItem","@id":"https:\/\/candas365.es\/noticias\/category\/noticias-carreno\/#listItem","name":"Noticias Carre\u00f1o"}}]},{"@type":"NewsArticle","@id":"https:\/\/candas365.es\/noticias\/el-ayuntamiento-de-carreno-fija-los-servicios-esenciales\/#newsarticle","name":"El Ayuntamiento de Carre\u00f1o fija los servicios esenciales | Cand\u00e1s 365","headline":"El Ayuntamiento de Carre\u00f1o fija los servicios esenciales","author":{"@id":"https:\/\/candas365.es\/noticias\/author\/admin\/#author"},"publisher":{"@id":"https:\/\/candas365.es\/noticias\/#organization"},"image":{"@type":"ImageObject","url":"https:\/\/candas365.es\/noticias\/wp-content\/uploads\/2015\/01\/ayuntamiento.jpg","width":800,"height":600,"caption":"Carre\u00f1o"},"datePublished":"2020-03-16T01:42:30+01:00","dateModified":"2020-03-19T01:46:21+01:00","inLanguage":"es-ES","mainEntityOfPage":{"@id":"https:\/\/candas365.es\/noticias\/el-ayuntamiento-de-carreno-fija-los-servicios-esenciales\/#webpage"},"isPartOf":{"@id":"https:\/\/candas365.es\/noticias\/el-ayuntamiento-de-carreno-fija-los-servicios-esenciales\/#webpage"},"articleSection":"Noticias Carre\u00f1o","dateline":"Publicado el marzo 16, 2020."},{"@type":"Organization","@id":"https:\/\/candas365.es\/noticias\/#organization","name":"Cand\u00e1s 365","description":"Cand\u00e1s 365 es un diario digital independiente, fundado en 2012, con base en Asturias. Informamos con rigor sobre actualidad, sociedad, cultura y ocio, con una mirada local y global.","url":"https:\/\/candas365.es\/noticias\/","email":"info@candas365.es","telephone":"+34652131393","foundingDate":"2012-06-10","logo":{"@type":"ImageObject","url":"https:\/\/candas365.es\/noticias\/wp-content\/uploads\/2024\/09\/Candas-365-Redes.jpg","@id":"https:\/\/candas365.es\/noticias\/el-ayuntamiento-de-carreno-fija-los-servicios-esenciales\/#organizationLogo","width":1152,"height":864,"caption":"Cand\u00e1s 365 Redes"},"image":{"@id":"https:\/\/candas365.es\/noticias\/el-ayuntamiento-de-carreno-fija-los-servicios-esenciales\/#organizationLogo"},"sameAs":["https:\/\/www.facebook.com\/Nachofdezber","https:\/\/x.com\/NabercoDigital","https:\/\/www.instagram.com\/nachofdezber\/","https:\/\/www.youtube.com\/channel\/UCZP-2wLEB9Rv6erhFmqVnvg"],"address":{"@id":"https:\/\/candas365.es\/noticias\/#postaladdress","@type":"PostalAddress","streetAddress":"san antonio 4, san antonio 4","postalCode":"33430","addressLocality":"Cand\u00e1s","addressRegion":"Asturias","addressCountry":"ES"}},{"@type":"Person","@id":"https:\/\/candas365.es\/noticias\/author\/admin\/#author","url":"https:\/\/candas365.es\/noticias\/author\/admin\/","name":"Cand\u00e1s 365","image":{"@type":"ImageObject","@id":"https:\/\/candas365.es\/noticias\/el-ayuntamiento-de-carreno-fija-los-servicios-esenciales\/#authorImage","url":"https:\/\/secure.gravatar.com\/avatar\/496a8e03d0c493ede1718b7934145dbdf8d89be1036b0eec9544e1094c9de390?s=96&d=mm&r=g","width":96,"height":96,"caption":"Cand\u00e1s 365"},"sameAs":["https:\/\/www.facebook.com\/carrenoactualidad","https:\/\/twitter.com\/nbasturias","https:\/\/www.instagram.com\/nachofdezber\/","https:\/\/www.youtube.com\/channel\/UCZP-2wLEB9Rv6erhFmqVnvg"]},{"@type":"WebPage","@id":"https:\/\/candas365.es\/noticias\/el-ayuntamiento-de-carreno-fija-los-servicios-esenciales\/#webpage","url":"https:\/\/candas365.es\/noticias\/el-ayuntamiento-de-carreno-fija-los-servicios-esenciales\/","name":"El Ayuntamiento de Carre\u00f1o fija los servicios esenciales | Cand\u00e1s 365","description":"Esta iniciativa y la entrada en vigor de los servicios esenciales, pretenden proteger al vecindario de Carre\u00f1o y garantizar el funcionamiento imprescindible de la Administraci\u00f3n. A tal fin se ha creado un EQUIPO MUNICIPAL DE COORDINACI\u00d3N, presidido por la Alcaldesa, que podr\u00e1 fijar, retenes extraordinarios si lo estima oportuno, en funci\u00f3n de la particularidad del","inLanguage":"es-ES","isPartOf":{"@id":"https:\/\/candas365.es\/noticias\/#website"},"breadcrumb":{"@id":"https:\/\/candas365.es\/noticias\/el-ayuntamiento-de-carreno-fija-los-servicios-esenciales\/#breadcrumblist"},"author":{"@id":"https:\/\/candas365.es\/noticias\/author\/admin\/#author"},"creator":{"@id":"https:\/\/candas365.es\/noticias\/author\/admin\/#author"},"image":{"@type":"ImageObject","url":"https:\/\/candas365.es\/noticias\/wp-content\/uploads\/2015\/01\/ayuntamiento.jpg","@id":"https:\/\/candas365.es\/noticias\/el-ayuntamiento-de-carreno-fija-los-servicios-esenciales\/#mainImage","width":800,"height":600,"caption":"Carre\u00f1o"},"primaryImageOfPage":{"@id":"https:\/\/candas365.es\/noticias\/el-ayuntamiento-de-carreno-fija-los-servicios-esenciales\/#mainImage"},"datePublished":"2020-03-16T01:42:30+01:00","dateModified":"2020-03-19T01:46:21+01:00"},{"@type":"WebSite","@id":"https:\/\/candas365.es\/noticias\/#website","url":"https:\/\/candas365.es\/noticias\/","name":"Cand\u00e1s 365","alternateName":"Cand\u00e1s 365 Noticias","description":"Actualidad desde Carre\u00f1o para el mundo","inLanguage":"es-ES","publisher":{"@id":"https:\/\/candas365.es\/noticias\/#organization"}}]},"og:locale":"es_ES","og:site_name":"Cand\u00e1s 365","og:type":"article","og:title":"El Ayuntamiento de Carre\u00f1o fija los servicios esenciales | Cand\u00e1s 365","og:description":"Esta iniciativa y la entrada en vigor de los servicios esenciales, pretenden proteger al vecindario de Carre\u00f1o y garantizar el funcionamiento imprescindible de la Administraci\u00f3n. A tal fin se ha creado un EQUIPO MUNICIPAL DE COORDINACI\u00d3N, presidido por la Alcaldesa, que podr\u00e1 fijar, retenes extraordinarios si lo estima oportuno, en funci\u00f3n de la particularidad del","og:url":"https:\/\/candas365.es\/noticias\/el-ayuntamiento-de-carreno-fija-los-servicios-esenciales\/","og:image":"https:\/\/candas365.es\/noticias\/wp-content\/uploads\/2015\/01\/ayuntamiento.jpg","og:image:secure_url":"https:\/\/candas365.es\/noticias\/wp-content\/uploads\/2015\/01\/ayuntamiento.jpg","og:image:width":800,"og:image:height":600,"article:published_time":"2020-03-16T01:42:30+00:00","article:modified_time":"2020-03-19T01:46:21+00:00","article:publisher":"https:\/\/www.facebook.com\/Nachofdezber","article:author":"https:\/\/www.facebook.com\/carrenoactualidad","twitter:card":"summary_large_image","twitter:site":"@NabercoDigital","twitter:title":"El Ayuntamiento de Carre\u00f1o fija los servicios esenciales | Cand\u00e1s 365","twitter:description":"Esta iniciativa y la entrada en vigor de los servicios esenciales, pretenden proteger al vecindario de Carre\u00f1o y garantizar el funcionamiento imprescindible de la Administraci\u00f3n. A tal fin se ha creado un EQUIPO MUNICIPAL DE COORDINACI\u00d3N, presidido por la Alcaldesa, que podr\u00e1 fijar, retenes extraordinarios si lo estima oportuno, en funci\u00f3n de la particularidad del","twitter:creator":"@nbasturias","twitter:image":"https:\/\/candas365.es\/noticias\/wp-content\/uploads\/2015\/01\/ayuntamiento.jpg","twitter:label1":"Escrito por","twitter:data1":"Cand\u00e1s 365","twitter:label2":"Tiempo de lectura estimado","twitter:data2":"7 minutos"},"aioseo_meta_data":{"post_id":"139801","title":null,"description":null,"keywords":null,"keyphrases":null,"primary_term":null,"canonical_url":null,"og_title":null,"og_description":null,"og_object_type":"default","og_image_type":"default","og_image_url":null,"og_image_width":null,"og_image_height":null,"og_image_custom_url":null,"og_image_custom_fields":null,"og_video":null,"og_custom_url":null,"og_article_section":null,"og_article_tags":null,"twitter_use_og":false,"twitter_card":"default","twitter_image_type":"default","twitter_image_url":null,"twitter_image_custom_url":null,"twitter_image_custom_fields":null,"twitter_title":null,"twitter_description":null,"schema":{"blockGraphs":[],"customGraphs":[],"default":{"data":{"Article":[],"Course":[],"Dataset":[],"FAQPage":[],"Movie":[],"Person":[],"Product":[],"ProductReview":[],"Car":[],"Recipe":[],"Service":[],"SoftwareApplication":[],"WebPage":[]},"graphName":"","isEnabled":true},"graphs":[],"defaultGraph":"","defaultPostTypeGraph":""},"schema_type":null,"schema_type_options":null,"pillar_content":false,"robots_default":true,"robots_noindex":false,"robots_noarchive":false,"robots_nosnippet":false,"robots_nofollow":false,"robots_noimageindex":false,"robots_noodp":false,"robots_notranslate":false,"robots_max_snippet":null,"robots_max_videopreview":null,"robots_max_imagepreview":"large","priority":null,"frequency":null,"location":null,"local_seo":null,"seo_analyzer_scan_date":"2025-08-31 01:42:39","breadcrumb_settings":null,"limit_modified_date":false,"reviewed_by":null,"open_ai":null,"ai":null,"created":"2020-12-21 10:44:20","updated":"2025-08-31 01:42:39"},"aioseo_breadcrumb":"<div class=\"aioseo-breadcrumbs\"><span class=\"aioseo-breadcrumb\">\n\t<a href=\"https:\/\/candas365.es\/noticias\" title=\"Home\">Home<\/a>\n<\/span><span class=\"aioseo-breadcrumb-separator\">&ndash;<\/span><span class=\"aioseo-breadcrumb\">\n\t<a href=\"https:\/\/candas365.es\/noticias\/category\/noticias-carreno\/\" title=\"Noticias Carre\u00f1o\">Noticias Carre\u00f1o<\/a>\n<\/span><span class=\"aioseo-breadcrumb-separator\">&ndash;<\/span><span class=\"aioseo-breadcrumb\">\n\tEl Ayuntamiento de Carre\u00f1o fija los servicios esenciales\n<\/span><\/div>","aioseo_breadcrumb_json":[{"label":"Home","link":"https:\/\/candas365.es\/noticias"},{"label":"Noticias Carre\u00f1o","link":"https:\/\/candas365.es\/noticias\/category\/noticias-carreno\/"},{"label":"El Ayuntamiento de Carre\u00f1o fija los servicios esenciales","link":"https:\/\/candas365.es\/noticias\/el-ayuntamiento-de-carreno-fija-los-servicios-esenciales\/"}],"_links":{"self":[{"href":"https:\/\/candas365.es\/noticias\/wp-json\/wp\/v2\/posts\/139801","targetHints":{"allow":["GET"]}}],"collection":[{"href":"https:\/\/candas365.es\/noticias\/wp-json\/wp\/v2\/posts"}],"about":[{"href":"https:\/\/candas365.es\/noticias\/wp-json\/wp\/v2\/types\/post"}],"author":[{"embeddable":true,"href":"https:\/\/candas365.es\/noticias\/wp-json\/wp\/v2\/users\/1"}],"replies":[{"embeddable":true,"href":"https:\/\/candas365.es\/noticias\/wp-json\/wp\/v2\/comments?post=139801"}],"version-history":[{"count":0,"href":"https:\/\/candas365.es\/noticias\/wp-json\/wp\/v2\/posts\/139801\/revisions"}],"wp:featuredmedia":[{"embeddable":true,"href":"https:\/\/candas365.es\/noticias\/wp-json\/wp\/v2\/media\/6453"}],"wp:attachment":[{"href":"https:\/\/candas365.es\/noticias\/wp-json\/wp\/v2\/media?parent=139801"}],"wp:term":[{"taxonomy":"category","embeddable":true,"href":"https:\/\/candas365.es\/noticias\/wp-json\/wp\/v2\/categories?post=139801"},{"taxonomy":"post_tag","embeddable":true,"href":"https:\/\/candas365.es\/noticias\/wp-json\/wp\/v2\/tags?post=139801"}],"curies":[{"name":"wp","href":"https:\/\/api.w.org\/{rel}","templated":true}]}}