{"id":139795,"date":"2020-03-19T01:36:14","date_gmt":"2020-03-19T01:36:14","guid":{"rendered":"http:\/\/candas365.es\/noticias\/?p=139795"},"modified":"2020-03-19T01:36:14","modified_gmt":"2020-03-19T01:36:14","slug":"mejoras-en-la-senalizacion-del-camin-de-les-muyeres-de-la-paxa","status":"publish","type":"post","link":"https:\/\/candas365.es\/noticias\/mejoras-en-la-senalizacion-del-camin-de-les-muyeres-de-la-paxa\/","title":{"rendered":"Mejoras en la se\u00f1alizaci\u00f3n del \u201cCamin de les Muyeres de la Paxa"},"content":{"rendered":"<p><img fetchpriority=\"high\" decoding=\"async\" class=\"alignleft size-medium wp-image-139796\" src=\"https:\/\/candas365.es\/noticias\/wp-content\/uploads\/2020\/03\/camin-291x300.jpg\" alt=\"\" width=\"291\" height=\"300\" srcset=\"https:\/\/candas365.es\/noticias\/wp-content\/uploads\/2020\/03\/camin-291x300.jpg 291w, https:\/\/candas365.es\/noticias\/wp-content\/uploads\/2020\/03\/camin-465x480.jpg 465w, https:\/\/candas365.es\/noticias\/wp-content\/uploads\/2020\/03\/camin-407x420.jpg 407w, https:\/\/candas365.es\/noticias\/wp-content\/uploads\/2020\/03\/camin.jpg 598w\" sizes=\"(max-width: 291px) 100vw, 291px\" \/>El Ayuntamiento de Carre\u00f1o en colaboraci\u00f3n con la Viceconsejer\u00eda de Turismo del Principado de Asturias llev\u00f3 a cabo los trabajos necesarios para la mejora de la se\u00f1alizaci\u00f3n del \u201cCamin de les Muyeres de la Paxa\u201d y en el \u00c1rea Dolm\u00e9nica de \u201cSan Pablo\u201d.<\/p>\n<p>\u201cEl proyecto de se\u00f1alizaci\u00f3n tur\u00edstica consisti\u00f3 en la sustituci\u00f3n de hitos se\u00f1alizadores del \u201cCam\u00edn\u201d, la fabricaci\u00f3n e instalaci\u00f3n nuevos, as\u00ed como en la sustituci\u00f3n del vinilo del panel de inicio de ruta, que debido a los actos vand\u00e1licos se encontraba fuertemente deteriorado. Adem\u00e1s, como complemento se sustituyeron los paneles explicativos de las mesas de interpretaci\u00f3n del \u00e1rea dolm\u00e9nica de San Pablo en el Monte Areo\u201d se\u00f1al\u00f3 Mar\u00eda Rosa Nodal-Concejala de Turismo.<\/p>\n<p>El \u201cCamin de les Muyeres de la Paxa\u201d es una ruta que recorre el camino que tantas veces efectuaron las sardineras candasinas, popular\u00edsimas mujeres, que d\u00eda tras d\u00eda, y a\u00f1o tras a\u00f1o recorr\u00edan el concejo de Carre\u00f1o y los pueblos de alrededor llevando sobre sus cabezas las \u201dpaxas\u201d repletas de pescado que vend\u00edan al amanecer en la Plaza del Font\u00e1n de Oviedo. El trayecto parte de la villa candasina, siguiendo el Camino Real Cand\u00e1s\u2013 Oviedo, por las alturas del Monte Areo, hasta la Ermita de Los Remedios, santuario en el que las sardineras candasinas hac\u00edan un alto en su camino para descansar y orar.<\/p>\n<p>\u201cCon esta actuaci\u00f3n aseguramos el decoro de unas se\u00f1ales antiguas y deterioradas, y contribuyendo a animar el uso senderista y cicloturista de una ruta ligada al turismo religioso: la ruta de peregrinaci\u00f3n al santuario de Nuestra Se\u00f1ora de los Remedios, en Guimar\u00e1n, uno de los principales santuarios marianos de la regi\u00f3n\u201d se\u00f1al\u00f3 la Concejala.<\/p>\n<p>Mientras que el Monte Areo se extiende en el l\u00edmite de los concejos de Carre\u00f1o y Gijon, es un monte de unos 7 km de longitud y cuya cota m\u00e1xima se sit\u00faa en los 264 metros. Distribuidos por su superficie, acoge, un amplio conjunto de t\u00famulos y d\u00f3lmenes, de una antig\u00fcedad de cinco mil a tres mil a\u00f1os, los cuales constituyen la necr\u00f3polis tumular Neol\u00edtica m\u00e1s grande de Asturias y de Espa\u00f1a, adem\u00e1s de la m\u00e1s estudiada.<\/p>\n<p>En la actualidad existen m\u00e1s de treinta t\u00famulos funerarios del Neol\u00edtico repartidos por la mitad de la ladera y la cima, en dos zonas, una en El Valle denominada \u201cCierru Los Llanos\u201d y la otra en Guimar\u00e1n \u201cLes G\u00fcelgues de San Pablo\u201d, lo que nos da a entender las grandes connotaciones sagradas en la zona desde hace varios milenios. De estos treinta y cinco t\u00famulos, 2 han sido excavados, permaneciendo a la vista.<\/p>\n<p>\u201cEsta mejora en la se\u00f1alizaci\u00f3n supone una nueva aportaci\u00f3n del Ayuntamiento de Carre\u00f1o para la puesta en valor de un recurso arqueol\u00f3gico de primer orden, como es la necr\u00f3polis tumular del Monte Areo, catalogada como Bien de Inter\u00e9s Cultural el 26 de junio de 1997. Apoyando los anteriores esfuerzos de investigaci\u00f3n cient\u00edfica y arqueol\u00f3gica del yacimiento, para su puesta en valor, cuyo ejemplo m\u00e1s notable fue la apertura del \u00abAula del Neol\u00edtico\u00bb a pie del Monte Areo, en el centro de Iniciativa rural. Un espacio de informaci\u00f3n y divulgaci\u00f3n, a trav\u00e9s del cual las personas que lo visiten pueden estudiar y entender la zona tumular, ya que cuenta con la reproducci\u00f3n de un t\u00famulo excavado y preparado para la observaci\u00f3n. Adem\u00e1s para facilitar el acceso p\u00fablico a todas las \u00e1reas tumulares, el Ayuntamiento ha procedido, a lo largo de los \u00faltimos 15 a\u00f1os, a se\u00f1alizar una serie de rutas de acceso y paseo a lo largo de la superficie del Mont \u201d record\u00f3 Nodal.<\/p>\n<p>\u201cEl presupuesto del dise\u00f1o, colocaci\u00f3n y reparaci\u00f3n de los elementos se\u00f1alizadores, que ascendi\u00f3 a 4.708 \u20ac, se ha cofinanciado entre el Ayuntamiento de Carre\u00f1o y con la subvenci\u00f3n recibida de la Consejer\u00eda de Cultura, Pol\u00edtica Ling\u00fc\u00edstica y Turismo para las Entidades Locales del Principado de Asturias. Siendo la empresa adjudicataria del suministro, tras el proceso correspondiente de licitaci\u00f3n que nos marca la normativa, Se\u00f1alizaciones Asturias, S.L.\u201d recalc\u00f3 la edil<\/p>\n","protected":false},"excerpt":{"rendered":"<p>El Ayuntamiento de Carre\u00f1o en colaboraci\u00f3n con la Viceconsejer\u00eda de Turismo del Principado de Asturias llev\u00f3 a cabo los trabajos necesarios para la mejora de la se\u00f1alizaci\u00f3n del \u201cCamin de les Muyeres de la Paxa\u201d y en el \u00c1rea Dolm\u00e9nica de \u201cSan Pablo\u201d. \u201cEl proyecto de se\u00f1alizaci\u00f3n tur\u00edstica consisti\u00f3 en la sustituci\u00f3n de hitos se\u00f1alizadores<\/p>\n","protected":false},"author":1,"featured_media":139796,"comment_status":"closed","ping_status":"closed","sticky":false,"template":"","format":"standard","meta":{"footnotes":""},"categories":[2],"tags":[],"class_list":{"0":"post-139795","1":"post","2":"type-post","3":"status-publish","4":"format-standard","5":"has-post-thumbnail","7":"category-noticias-carreno"},"aioseo_notices":[],"aioseo_head":"\n\t\t<!-- All in One SEO Pro 4.9.6.2 - aioseo.com -->\n\t<meta name=\"description\" content=\"El Ayuntamiento de Carre\u00f1o en colaboraci\u00f3n con la Viceconsejer\u00eda de Turismo del Principado de Asturias llev\u00f3 a cabo los trabajos necesarios para la mejora de la se\u00f1alizaci\u00f3n del \u201cCamin de les Muyeres de la Paxa\u201d y en el \u00c1rea Dolm\u00e9nica de \u201cSan Pablo\u201d. \u201cEl proyecto de se\u00f1alizaci\u00f3n tur\u00edstica consisti\u00f3 en la sustituci\u00f3n de hitos se\u00f1alizadores\" \/>\n\t<meta name=\"robots\" content=\"max-image-preview:large\" \/>\n\t<meta name=\"author\" content=\"Cand\u00e1s 365\"\/>\n\t<meta name=\"google-site-verification\" content=\"UA-32230408-1\" \/>\n\t<meta name=\"msvalidate.01\" content=\"354F3CDFB2DA171B47FBE9ABF1F88D5\" \/>\n\t<meta name=\"keywords\" content=\"noticias carre\u00f1o\" \/>\n\t<link rel=\"canonical\" href=\"https:\/\/candas365.es\/noticias\/mejoras-en-la-senalizacion-del-camin-de-les-muyeres-de-la-paxa\/\" \/>\n\t<meta name=\"generator\" content=\"All in One SEO Pro (AIOSEO) 4.9.6.2\" \/>\n\t\t<meta property=\"og:locale\" content=\"es_ES\" \/>\n\t\t<meta property=\"og:site_name\" content=\"Cand\u00e1s 365\" \/>\n\t\t<meta property=\"og:type\" content=\"article\" \/>\n\t\t<meta property=\"og:title\" content=\"Mejoras en la se\u00f1alizaci\u00f3n del \u201cCamin de les Muyeres de la Paxa | Cand\u00e1s 365\" \/>\n\t\t<meta property=\"og:description\" content=\"El Ayuntamiento de Carre\u00f1o en colaboraci\u00f3n con la Viceconsejer\u00eda de Turismo del Principado de Asturias llev\u00f3 a cabo los trabajos necesarios para la mejora de la se\u00f1alizaci\u00f3n del \u201cCamin de les Muyeres de la Paxa\u201d y en el \u00c1rea Dolm\u00e9nica de \u201cSan Pablo\u201d. \u201cEl proyecto de se\u00f1alizaci\u00f3n tur\u00edstica consisti\u00f3 en la sustituci\u00f3n de hitos se\u00f1alizadores\" \/>\n\t\t<meta property=\"og:url\" content=\"https:\/\/candas365.es\/noticias\/mejoras-en-la-senalizacion-del-camin-de-les-muyeres-de-la-paxa\/\" \/>\n\t\t<meta property=\"og:image\" content=\"https:\/\/candas365.es\/noticias\/wp-content\/uploads\/2020\/03\/camin.jpg\" \/>\n\t\t<meta property=\"og:image:secure_url\" content=\"https:\/\/candas365.es\/noticias\/wp-content\/uploads\/2020\/03\/camin.jpg\" \/>\n\t\t<meta property=\"og:image:width\" content=\"598\" \/>\n\t\t<meta property=\"og:image:height\" content=\"617\" \/>\n\t\t<meta property=\"article:published_time\" content=\"2020-03-19T01:36:14+00:00\" \/>\n\t\t<meta property=\"article:modified_time\" content=\"2020-03-19T01:36:14+00:00\" \/>\n\t\t<meta property=\"article:publisher\" content=\"https:\/\/www.facebook.com\/Nachofdezber\" \/>\n\t\t<meta property=\"article:author\" content=\"https:\/\/www.facebook.com\/carrenoactualidad\" \/>\n\t\t<meta name=\"twitter:card\" content=\"summary_large_image\" \/>\n\t\t<meta name=\"twitter:site\" content=\"@NabercoDigital\" \/>\n\t\t<meta name=\"twitter:title\" content=\"Mejoras en la se\u00f1alizaci\u00f3n del \u201cCamin de les Muyeres de la Paxa | Cand\u00e1s 365\" \/>\n\t\t<meta name=\"twitter:description\" content=\"El Ayuntamiento de Carre\u00f1o en colaboraci\u00f3n con la Viceconsejer\u00eda de Turismo del Principado de Asturias llev\u00f3 a cabo los trabajos necesarios para la mejora de la se\u00f1alizaci\u00f3n del \u201cCamin de les Muyeres de la Paxa\u201d y en el \u00c1rea Dolm\u00e9nica de \u201cSan Pablo\u201d. \u201cEl proyecto de se\u00f1alizaci\u00f3n tur\u00edstica consisti\u00f3 en la sustituci\u00f3n de hitos se\u00f1alizadores\" \/>\n\t\t<meta name=\"twitter:creator\" content=\"@nbasturias\" \/>\n\t\t<meta name=\"twitter:image\" content=\"https:\/\/candas365.es\/noticias\/wp-content\/uploads\/2020\/03\/camin.jpg\" \/>\n\t\t<meta name=\"twitter:label1\" content=\"Escrito por\" \/>\n\t\t<meta name=\"twitter:data1\" content=\"Cand\u00e1s 365\" \/>\n\t\t<meta name=\"twitter:label2\" content=\"Tiempo de lectura estimado\" \/>\n\t\t<meta name=\"twitter:data2\" content=\"4 minutos\" \/>\n\t\t<script type=\"application\/ld+json\" class=\"aioseo-schema\">\n\t\t\t{\"@context\":\"https:\\\/\\\/schema.org\",\"@graph\":[{\"@type\":\"BreadcrumbList\",\"@id\":\"https:\\\/\\\/candas365.es\\\/noticias\\\/mejoras-en-la-senalizacion-del-camin-de-les-muyeres-de-la-paxa\\\/#breadcrumblist\",\"itemListElement\":[{\"@type\":\"ListItem\",\"@id\":\"https:\\\/\\\/candas365.es\\\/noticias#listItem\",\"position\":1,\"name\":\"Home\",\"item\":\"https:\\\/\\\/candas365.es\\\/noticias\",\"nextItem\":{\"@type\":\"ListItem\",\"@id\":\"https:\\\/\\\/candas365.es\\\/noticias\\\/category\\\/noticias-carreno\\\/#listItem\",\"name\":\"Noticias Carre\\u00f1o\"}},{\"@type\":\"ListItem\",\"@id\":\"https:\\\/\\\/candas365.es\\\/noticias\\\/category\\\/noticias-carreno\\\/#listItem\",\"position\":2,\"name\":\"Noticias Carre\\u00f1o\",\"item\":\"https:\\\/\\\/candas365.es\\\/noticias\\\/category\\\/noticias-carreno\\\/\",\"nextItem\":{\"@type\":\"ListItem\",\"@id\":\"https:\\\/\\\/candas365.es\\\/noticias\\\/mejoras-en-la-senalizacion-del-camin-de-les-muyeres-de-la-paxa\\\/#listItem\",\"name\":\"Mejoras en la se\\u00f1alizaci\\u00f3n del \\u201cCamin de les Muyeres de la Paxa\"},\"previousItem\":{\"@type\":\"ListItem\",\"@id\":\"https:\\\/\\\/candas365.es\\\/noticias#listItem\",\"name\":\"Home\"}},{\"@type\":\"ListItem\",\"@id\":\"https:\\\/\\\/candas365.es\\\/noticias\\\/mejoras-en-la-senalizacion-del-camin-de-les-muyeres-de-la-paxa\\\/#listItem\",\"position\":3,\"name\":\"Mejoras en la se\\u00f1alizaci\\u00f3n del \\u201cCamin de les Muyeres de la Paxa\",\"previousItem\":{\"@type\":\"ListItem\",\"@id\":\"https:\\\/\\\/candas365.es\\\/noticias\\\/category\\\/noticias-carreno\\\/#listItem\",\"name\":\"Noticias Carre\\u00f1o\"}}]},{\"@type\":\"NewsArticle\",\"@id\":\"https:\\\/\\\/candas365.es\\\/noticias\\\/mejoras-en-la-senalizacion-del-camin-de-les-muyeres-de-la-paxa\\\/#newsarticle\",\"name\":\"Mejoras en la se\\u00f1alizaci\\u00f3n del \\u201cCamin de les Muyeres de la Paxa | Cand\\u00e1s 365\",\"headline\":\"Mejoras en la se\\u00f1alizaci\\u00f3n del \\u201cCamin de les Muyeres de la Paxa\",\"author\":{\"@id\":\"https:\\\/\\\/candas365.es\\\/noticias\\\/author\\\/admin\\\/#author\"},\"publisher\":{\"@id\":\"https:\\\/\\\/candas365.es\\\/noticias\\\/#organization\"},\"image\":{\"@type\":\"ImageObject\",\"url\":\"https:\\\/\\\/candas365.es\\\/noticias\\\/wp-content\\\/uploads\\\/2020\\\/03\\\/camin.jpg\",\"width\":598,\"height\":617},\"datePublished\":\"2020-03-19T01:36:14+01:00\",\"dateModified\":\"2020-03-19T01:36:14+01:00\",\"inLanguage\":\"es-ES\",\"mainEntityOfPage\":{\"@id\":\"https:\\\/\\\/candas365.es\\\/noticias\\\/mejoras-en-la-senalizacion-del-camin-de-les-muyeres-de-la-paxa\\\/#webpage\"},\"isPartOf\":{\"@id\":\"https:\\\/\\\/candas365.es\\\/noticias\\\/mejoras-en-la-senalizacion-del-camin-de-les-muyeres-de-la-paxa\\\/#webpage\"},\"articleSection\":\"Noticias Carre\\u00f1o\",\"dateline\":\"Publicado el marzo 19, 2020.\"},{\"@type\":\"Organization\",\"@id\":\"https:\\\/\\\/candas365.es\\\/noticias\\\/#organization\",\"name\":\"Cand\\u00e1s 365\",\"description\":\"Cand\\u00e1s 365 es un diario digital independiente, fundado en 2012, con base en Asturias. Informamos con rigor sobre actualidad, sociedad, cultura y ocio, con una mirada local y global.\",\"url\":\"https:\\\/\\\/candas365.es\\\/noticias\\\/\",\"email\":\"info@candas365.es\",\"telephone\":\"+34652131393\",\"foundingDate\":\"2012-06-10\",\"logo\":{\"@type\":\"ImageObject\",\"url\":\"https:\\\/\\\/candas365.es\\\/noticias\\\/wp-content\\\/uploads\\\/2024\\\/09\\\/Candas-365-Redes.jpg\",\"@id\":\"https:\\\/\\\/candas365.es\\\/noticias\\\/mejoras-en-la-senalizacion-del-camin-de-les-muyeres-de-la-paxa\\\/#organizationLogo\",\"width\":1152,\"height\":864,\"caption\":\"Cand\\u00e1s 365 Redes\"},\"image\":{\"@id\":\"https:\\\/\\\/candas365.es\\\/noticias\\\/mejoras-en-la-senalizacion-del-camin-de-les-muyeres-de-la-paxa\\\/#organizationLogo\"},\"sameAs\":[\"https:\\\/\\\/www.facebook.com\\\/Nachofdezber\",\"https:\\\/\\\/x.com\\\/NabercoDigital\",\"https:\\\/\\\/www.instagram.com\\\/nachofdezber\\\/\",\"https:\\\/\\\/www.youtube.com\\\/channel\\\/UCZP-2wLEB9Rv6erhFmqVnvg\"],\"address\":{\"@id\":\"https:\\\/\\\/candas365.es\\\/noticias\\\/#postaladdress\",\"@type\":\"PostalAddress\",\"streetAddress\":\"san antonio 4, san antonio 4\",\"postalCode\":\"33430\",\"addressLocality\":\"Cand\\u00e1s\",\"addressRegion\":\"Asturias\",\"addressCountry\":\"ES\"}},{\"@type\":\"Person\",\"@id\":\"https:\\\/\\\/candas365.es\\\/noticias\\\/author\\\/admin\\\/#author\",\"url\":\"https:\\\/\\\/candas365.es\\\/noticias\\\/author\\\/admin\\\/\",\"name\":\"Cand\\u00e1s 365\",\"image\":{\"@type\":\"ImageObject\",\"@id\":\"https:\\\/\\\/candas365.es\\\/noticias\\\/mejoras-en-la-senalizacion-del-camin-de-les-muyeres-de-la-paxa\\\/#authorImage\",\"url\":\"https:\\\/\\\/secure.gravatar.com\\\/avatar\\\/496a8e03d0c493ede1718b7934145dbdf8d89be1036b0eec9544e1094c9de390?s=96&d=mm&r=g\",\"width\":96,\"height\":96,\"caption\":\"Cand\\u00e1s 365\"},\"sameAs\":[\"https:\\\/\\\/www.facebook.com\\\/carrenoactualidad\",\"https:\\\/\\\/twitter.com\\\/nbasturias\",\"https:\\\/\\\/www.instagram.com\\\/nachofdezber\\\/\",\"https:\\\/\\\/www.youtube.com\\\/channel\\\/UCZP-2wLEB9Rv6erhFmqVnvg\"]},{\"@type\":\"WebPage\",\"@id\":\"https:\\\/\\\/candas365.es\\\/noticias\\\/mejoras-en-la-senalizacion-del-camin-de-les-muyeres-de-la-paxa\\\/#webpage\",\"url\":\"https:\\\/\\\/candas365.es\\\/noticias\\\/mejoras-en-la-senalizacion-del-camin-de-les-muyeres-de-la-paxa\\\/\",\"name\":\"Mejoras en la se\\u00f1alizaci\\u00f3n del \\u201cCamin de les Muyeres de la Paxa | Cand\\u00e1s 365\",\"description\":\"El Ayuntamiento de Carre\\u00f1o en colaboraci\\u00f3n con la Viceconsejer\\u00eda de Turismo del Principado de Asturias llev\\u00f3 a cabo los trabajos necesarios para la mejora de la se\\u00f1alizaci\\u00f3n del \\u201cCamin de les Muyeres de la Paxa\\u201d y en el \\u00c1rea Dolm\\u00e9nica de \\u201cSan Pablo\\u201d. \\u201cEl proyecto de se\\u00f1alizaci\\u00f3n tur\\u00edstica consisti\\u00f3 en la sustituci\\u00f3n de hitos se\\u00f1alizadores\",\"inLanguage\":\"es-ES\",\"isPartOf\":{\"@id\":\"https:\\\/\\\/candas365.es\\\/noticias\\\/#website\"},\"breadcrumb\":{\"@id\":\"https:\\\/\\\/candas365.es\\\/noticias\\\/mejoras-en-la-senalizacion-del-camin-de-les-muyeres-de-la-paxa\\\/#breadcrumblist\"},\"author\":{\"@id\":\"https:\\\/\\\/candas365.es\\\/noticias\\\/author\\\/admin\\\/#author\"},\"creator\":{\"@id\":\"https:\\\/\\\/candas365.es\\\/noticias\\\/author\\\/admin\\\/#author\"},\"image\":{\"@type\":\"ImageObject\",\"url\":\"https:\\\/\\\/candas365.es\\\/noticias\\\/wp-content\\\/uploads\\\/2020\\\/03\\\/camin.jpg\",\"@id\":\"https:\\\/\\\/candas365.es\\\/noticias\\\/mejoras-en-la-senalizacion-del-camin-de-les-muyeres-de-la-paxa\\\/#mainImage\",\"width\":598,\"height\":617},\"primaryImageOfPage\":{\"@id\":\"https:\\\/\\\/candas365.es\\\/noticias\\\/mejoras-en-la-senalizacion-del-camin-de-les-muyeres-de-la-paxa\\\/#mainImage\"},\"datePublished\":\"2020-03-19T01:36:14+01:00\",\"dateModified\":\"2020-03-19T01:36:14+01:00\"},{\"@type\":\"WebSite\",\"@id\":\"https:\\\/\\\/candas365.es\\\/noticias\\\/#website\",\"url\":\"https:\\\/\\\/candas365.es\\\/noticias\\\/\",\"name\":\"Cand\\u00e1s 365\",\"alternateName\":\"Cand\\u00e1s 365 Noticias\",\"description\":\"Actualidad desde Carre\\u00f1o para el mundo\",\"inLanguage\":\"es-ES\",\"publisher\":{\"@id\":\"https:\\\/\\\/candas365.es\\\/noticias\\\/#organization\"}}]}\n\t\t<\/script>\n\t\t<!-- All in One SEO Pro -->\r\n\t\t<title>Mejoras en la se\u00f1alizaci\u00f3n del \u201cCamin de les Muyeres de la Paxa | Cand\u00e1s 365<\/title>\n\n","aioseo_head_json":{"title":"Mejoras en la se\u00f1alizaci\u00f3n del \u201cCamin de les Muyeres de la Paxa | Cand\u00e1s 365","description":"El Ayuntamiento de Carre\u00f1o en colaboraci\u00f3n con la Viceconsejer\u00eda de Turismo del Principado de Asturias llev\u00f3 a cabo los trabajos necesarios para la mejora de la se\u00f1alizaci\u00f3n del \u201cCamin de les Muyeres de la Paxa\u201d y en el \u00c1rea Dolm\u00e9nica de \u201cSan Pablo\u201d. \u201cEl proyecto de se\u00f1alizaci\u00f3n tur\u00edstica consisti\u00f3 en la sustituci\u00f3n de hitos se\u00f1alizadores","canonical_url":"https:\/\/candas365.es\/noticias\/mejoras-en-la-senalizacion-del-camin-de-les-muyeres-de-la-paxa\/","robots":"max-image-preview:large","keywords":"noticias carre\u00f1o","webmasterTools":{"google-site-verification":"UA-32230408-1","msvalidate.01":"354F3CDFB2DA171B47FBE9ABF1F88D5","miscellaneous":""},"schema":{"@context":"https:\/\/schema.org","@graph":[{"@type":"BreadcrumbList","@id":"https:\/\/candas365.es\/noticias\/mejoras-en-la-senalizacion-del-camin-de-les-muyeres-de-la-paxa\/#breadcrumblist","itemListElement":[{"@type":"ListItem","@id":"https:\/\/candas365.es\/noticias#listItem","position":1,"name":"Home","item":"https:\/\/candas365.es\/noticias","nextItem":{"@type":"ListItem","@id":"https:\/\/candas365.es\/noticias\/category\/noticias-carreno\/#listItem","name":"Noticias Carre\u00f1o"}},{"@type":"ListItem","@id":"https:\/\/candas365.es\/noticias\/category\/noticias-carreno\/#listItem","position":2,"name":"Noticias Carre\u00f1o","item":"https:\/\/candas365.es\/noticias\/category\/noticias-carreno\/","nextItem":{"@type":"ListItem","@id":"https:\/\/candas365.es\/noticias\/mejoras-en-la-senalizacion-del-camin-de-les-muyeres-de-la-paxa\/#listItem","name":"Mejoras en la se\u00f1alizaci\u00f3n del \u201cCamin de les Muyeres de la Paxa"},"previousItem":{"@type":"ListItem","@id":"https:\/\/candas365.es\/noticias#listItem","name":"Home"}},{"@type":"ListItem","@id":"https:\/\/candas365.es\/noticias\/mejoras-en-la-senalizacion-del-camin-de-les-muyeres-de-la-paxa\/#listItem","position":3,"name":"Mejoras en la se\u00f1alizaci\u00f3n del \u201cCamin de les Muyeres de la Paxa","previousItem":{"@type":"ListItem","@id":"https:\/\/candas365.es\/noticias\/category\/noticias-carreno\/#listItem","name":"Noticias Carre\u00f1o"}}]},{"@type":"NewsArticle","@id":"https:\/\/candas365.es\/noticias\/mejoras-en-la-senalizacion-del-camin-de-les-muyeres-de-la-paxa\/#newsarticle","name":"Mejoras en la se\u00f1alizaci\u00f3n del \u201cCamin de les Muyeres de la Paxa | Cand\u00e1s 365","headline":"Mejoras en la se\u00f1alizaci\u00f3n del \u201cCamin de les Muyeres de la Paxa","author":{"@id":"https:\/\/candas365.es\/noticias\/author\/admin\/#author"},"publisher":{"@id":"https:\/\/candas365.es\/noticias\/#organization"},"image":{"@type":"ImageObject","url":"https:\/\/candas365.es\/noticias\/wp-content\/uploads\/2020\/03\/camin.jpg","width":598,"height":617},"datePublished":"2020-03-19T01:36:14+01:00","dateModified":"2020-03-19T01:36:14+01:00","inLanguage":"es-ES","mainEntityOfPage":{"@id":"https:\/\/candas365.es\/noticias\/mejoras-en-la-senalizacion-del-camin-de-les-muyeres-de-la-paxa\/#webpage"},"isPartOf":{"@id":"https:\/\/candas365.es\/noticias\/mejoras-en-la-senalizacion-del-camin-de-les-muyeres-de-la-paxa\/#webpage"},"articleSection":"Noticias Carre\u00f1o","dateline":"Publicado el marzo 19, 2020."},{"@type":"Organization","@id":"https:\/\/candas365.es\/noticias\/#organization","name":"Cand\u00e1s 365","description":"Cand\u00e1s 365 es un diario digital independiente, fundado en 2012, con base en Asturias. Informamos con rigor sobre actualidad, sociedad, cultura y ocio, con una mirada local y global.","url":"https:\/\/candas365.es\/noticias\/","email":"info@candas365.es","telephone":"+34652131393","foundingDate":"2012-06-10","logo":{"@type":"ImageObject","url":"https:\/\/candas365.es\/noticias\/wp-content\/uploads\/2024\/09\/Candas-365-Redes.jpg","@id":"https:\/\/candas365.es\/noticias\/mejoras-en-la-senalizacion-del-camin-de-les-muyeres-de-la-paxa\/#organizationLogo","width":1152,"height":864,"caption":"Cand\u00e1s 365 Redes"},"image":{"@id":"https:\/\/candas365.es\/noticias\/mejoras-en-la-senalizacion-del-camin-de-les-muyeres-de-la-paxa\/#organizationLogo"},"sameAs":["https:\/\/www.facebook.com\/Nachofdezber","https:\/\/x.com\/NabercoDigital","https:\/\/www.instagram.com\/nachofdezber\/","https:\/\/www.youtube.com\/channel\/UCZP-2wLEB9Rv6erhFmqVnvg"],"address":{"@id":"https:\/\/candas365.es\/noticias\/#postaladdress","@type":"PostalAddress","streetAddress":"san antonio 4, san antonio 4","postalCode":"33430","addressLocality":"Cand\u00e1s","addressRegion":"Asturias","addressCountry":"ES"}},{"@type":"Person","@id":"https:\/\/candas365.es\/noticias\/author\/admin\/#author","url":"https:\/\/candas365.es\/noticias\/author\/admin\/","name":"Cand\u00e1s 365","image":{"@type":"ImageObject","@id":"https:\/\/candas365.es\/noticias\/mejoras-en-la-senalizacion-del-camin-de-les-muyeres-de-la-paxa\/#authorImage","url":"https:\/\/secure.gravatar.com\/avatar\/496a8e03d0c493ede1718b7934145dbdf8d89be1036b0eec9544e1094c9de390?s=96&d=mm&r=g","width":96,"height":96,"caption":"Cand\u00e1s 365"},"sameAs":["https:\/\/www.facebook.com\/carrenoactualidad","https:\/\/twitter.com\/nbasturias","https:\/\/www.instagram.com\/nachofdezber\/","https:\/\/www.youtube.com\/channel\/UCZP-2wLEB9Rv6erhFmqVnvg"]},{"@type":"WebPage","@id":"https:\/\/candas365.es\/noticias\/mejoras-en-la-senalizacion-del-camin-de-les-muyeres-de-la-paxa\/#webpage","url":"https:\/\/candas365.es\/noticias\/mejoras-en-la-senalizacion-del-camin-de-les-muyeres-de-la-paxa\/","name":"Mejoras en la se\u00f1alizaci\u00f3n del \u201cCamin de les Muyeres de la Paxa | Cand\u00e1s 365","description":"El Ayuntamiento de Carre\u00f1o en colaboraci\u00f3n con la Viceconsejer\u00eda de Turismo del Principado de Asturias llev\u00f3 a cabo los trabajos necesarios para la mejora de la se\u00f1alizaci\u00f3n del \u201cCamin de les Muyeres de la Paxa\u201d y en el \u00c1rea Dolm\u00e9nica de \u201cSan Pablo\u201d. \u201cEl proyecto de se\u00f1alizaci\u00f3n tur\u00edstica consisti\u00f3 en la sustituci\u00f3n de hitos se\u00f1alizadores","inLanguage":"es-ES","isPartOf":{"@id":"https:\/\/candas365.es\/noticias\/#website"},"breadcrumb":{"@id":"https:\/\/candas365.es\/noticias\/mejoras-en-la-senalizacion-del-camin-de-les-muyeres-de-la-paxa\/#breadcrumblist"},"author":{"@id":"https:\/\/candas365.es\/noticias\/author\/admin\/#author"},"creator":{"@id":"https:\/\/candas365.es\/noticias\/author\/admin\/#author"},"image":{"@type":"ImageObject","url":"https:\/\/candas365.es\/noticias\/wp-content\/uploads\/2020\/03\/camin.jpg","@id":"https:\/\/candas365.es\/noticias\/mejoras-en-la-senalizacion-del-camin-de-les-muyeres-de-la-paxa\/#mainImage","width":598,"height":617},"primaryImageOfPage":{"@id":"https:\/\/candas365.es\/noticias\/mejoras-en-la-senalizacion-del-camin-de-les-muyeres-de-la-paxa\/#mainImage"},"datePublished":"2020-03-19T01:36:14+01:00","dateModified":"2020-03-19T01:36:14+01:00"},{"@type":"WebSite","@id":"https:\/\/candas365.es\/noticias\/#website","url":"https:\/\/candas365.es\/noticias\/","name":"Cand\u00e1s 365","alternateName":"Cand\u00e1s 365 Noticias","description":"Actualidad desde Carre\u00f1o para el mundo","inLanguage":"es-ES","publisher":{"@id":"https:\/\/candas365.es\/noticias\/#organization"}}]},"og:locale":"es_ES","og:site_name":"Cand\u00e1s 365","og:type":"article","og:title":"Mejoras en la se\u00f1alizaci\u00f3n del \u201cCamin de les Muyeres de la Paxa | Cand\u00e1s 365","og:description":"El Ayuntamiento de Carre\u00f1o en colaboraci\u00f3n con la Viceconsejer\u00eda de Turismo del Principado de Asturias llev\u00f3 a cabo los trabajos necesarios para la mejora de la se\u00f1alizaci\u00f3n del \u201cCamin de les Muyeres de la Paxa\u201d y en el \u00c1rea Dolm\u00e9nica de \u201cSan Pablo\u201d. \u201cEl proyecto de se\u00f1alizaci\u00f3n tur\u00edstica consisti\u00f3 en la sustituci\u00f3n de hitos se\u00f1alizadores","og:url":"https:\/\/candas365.es\/noticias\/mejoras-en-la-senalizacion-del-camin-de-les-muyeres-de-la-paxa\/","og:image":"https:\/\/candas365.es\/noticias\/wp-content\/uploads\/2020\/03\/camin.jpg","og:image:secure_url":"https:\/\/candas365.es\/noticias\/wp-content\/uploads\/2020\/03\/camin.jpg","og:image:width":598,"og:image:height":617,"article:published_time":"2020-03-19T01:36:14+00:00","article:modified_time":"2020-03-19T01:36:14+00:00","article:publisher":"https:\/\/www.facebook.com\/Nachofdezber","article:author":"https:\/\/www.facebook.com\/carrenoactualidad","twitter:card":"summary_large_image","twitter:site":"@NabercoDigital","twitter:title":"Mejoras en la se\u00f1alizaci\u00f3n del \u201cCamin de les Muyeres de la Paxa | Cand\u00e1s 365","twitter:description":"El Ayuntamiento de Carre\u00f1o en colaboraci\u00f3n con la Viceconsejer\u00eda de Turismo del Principado de Asturias llev\u00f3 a cabo los trabajos necesarios para la mejora de la se\u00f1alizaci\u00f3n del \u201cCamin de les Muyeres de la Paxa\u201d y en el \u00c1rea Dolm\u00e9nica de \u201cSan Pablo\u201d. \u201cEl proyecto de se\u00f1alizaci\u00f3n tur\u00edstica consisti\u00f3 en la sustituci\u00f3n de hitos se\u00f1alizadores","twitter:creator":"@nbasturias","twitter:image":"https:\/\/candas365.es\/noticias\/wp-content\/uploads\/2020\/03\/camin.jpg","twitter:label1":"Escrito por","twitter:data1":"Cand\u00e1s 365","twitter:label2":"Tiempo de lectura estimado","twitter:data2":"4 minutos"},"aioseo_meta_data":{"post_id":"139795","title":null,"description":null,"keywords":null,"keyphrases":null,"primary_term":null,"canonical_url":null,"og_title":null,"og_description":null,"og_object_type":"default","og_image_type":"default","og_image_url":null,"og_image_width":null,"og_image_height":null,"og_image_custom_url":null,"og_image_custom_fields":null,"og_video":null,"og_custom_url":null,"og_article_section":null,"og_article_tags":null,"twitter_use_og":false,"twitter_card":"default","twitter_image_type":"default","twitter_image_url":null,"twitter_image_custom_url":null,"twitter_image_custom_fields":null,"twitter_title":null,"twitter_description":null,"schema":{"blockGraphs":[],"customGraphs":[],"default":{"data":{"Article":[],"Course":[],"Dataset":[],"FAQPage":[],"Movie":[],"Person":[],"Product":[],"ProductReview":[],"Car":[],"Recipe":[],"Service":[],"SoftwareApplication":[],"WebPage":[]},"graphName":"","isEnabled":true},"graphs":[]},"schema_type":null,"schema_type_options":null,"pillar_content":false,"robots_default":true,"robots_noindex":false,"robots_noarchive":false,"robots_nosnippet":false,"robots_nofollow":false,"robots_noimageindex":false,"robots_noodp":false,"robots_notranslate":false,"robots_max_snippet":null,"robots_max_videopreview":null,"robots_max_imagepreview":"large","priority":null,"frequency":null,"location":null,"local_seo":null,"seo_analyzer_scan_date":"2025-08-31 02:02:35","breadcrumb_settings":null,"limit_modified_date":false,"reviewed_by":null,"open_ai":null,"ai":null,"created":"2020-12-21 10:44:20","updated":"2025-08-31 02:02:35"},"aioseo_breadcrumb":"<div class=\"aioseo-breadcrumbs\"><span class=\"aioseo-breadcrumb\">\n\t<a href=\"https:\/\/candas365.es\/noticias\" title=\"Home\">Home<\/a>\n<\/span><span class=\"aioseo-breadcrumb-separator\">&ndash;<\/span><span class=\"aioseo-breadcrumb\">\n\t<a href=\"https:\/\/candas365.es\/noticias\/category\/noticias-carreno\/\" title=\"Noticias Carre\u00f1o\">Noticias Carre\u00f1o<\/a>\n<\/span><span class=\"aioseo-breadcrumb-separator\">&ndash;<\/span><span class=\"aioseo-breadcrumb\">\n\tMejoras en la se\u00f1alizaci\u00f3n del \u201cCamin de les Muyeres de la Paxa\n<\/span><\/div>","aioseo_breadcrumb_json":[{"label":"Home","link":"https:\/\/candas365.es\/noticias"},{"label":"Noticias Carre\u00f1o","link":"https:\/\/candas365.es\/noticias\/category\/noticias-carreno\/"},{"label":"Mejoras en la se\u00f1alizaci\u00f3n del \u201cCamin de les Muyeres de la Paxa","link":"https:\/\/candas365.es\/noticias\/mejoras-en-la-senalizacion-del-camin-de-les-muyeres-de-la-paxa\/"}],"_links":{"self":[{"href":"https:\/\/candas365.es\/noticias\/wp-json\/wp\/v2\/posts\/139795","targetHints":{"allow":["GET"]}}],"collection":[{"href":"https:\/\/candas365.es\/noticias\/wp-json\/wp\/v2\/posts"}],"about":[{"href":"https:\/\/candas365.es\/noticias\/wp-json\/wp\/v2\/types\/post"}],"author":[{"embeddable":true,"href":"https:\/\/candas365.es\/noticias\/wp-json\/wp\/v2\/users\/1"}],"replies":[{"embeddable":true,"href":"https:\/\/candas365.es\/noticias\/wp-json\/wp\/v2\/comments?post=139795"}],"version-history":[{"count":0,"href":"https:\/\/candas365.es\/noticias\/wp-json\/wp\/v2\/posts\/139795\/revisions"}],"wp:featuredmedia":[{"embeddable":true,"href":"https:\/\/candas365.es\/noticias\/wp-json\/wp\/v2\/media\/139796"}],"wp:attachment":[{"href":"https:\/\/candas365.es\/noticias\/wp-json\/wp\/v2\/media?parent=139795"}],"wp:term":[{"taxonomy":"category","embeddable":true,"href":"https:\/\/candas365.es\/noticias\/wp-json\/wp\/v2\/categories?post=139795"},{"taxonomy":"post_tag","embeddable":true,"href":"https:\/\/candas365.es\/noticias\/wp-json\/wp\/v2\/tags?post=139795"}],"curies":[{"name":"wp","href":"https:\/\/api.w.org\/{rel}","templated":true}]}}