{"id":139421,"date":"2020-03-12T12:08:51","date_gmt":"2020-03-12T12:08:51","guid":{"rendered":"http:\/\/candas365.es\/noticias\/?p=139421"},"modified":"2020-03-12T12:08:51","modified_gmt":"2020-03-12T12:08:51","slug":"la-conectividad-y-la-fibra-optica-hoy-en-candas","status":"publish","type":"post","link":"https:\/\/candas365.es\/noticias\/la-conectividad-y-la-fibra-optica-hoy-en-candas\/","title":{"rendered":"\u201cLa conectividad y la fibra \u00f3ptica\u201d hoy en Cand\u00e1s"},"content":{"rendered":"<p><img fetchpriority=\"high\" decoding=\"async\" class=\"alignleft size-medium wp-image-2364\" src=\"https:\/\/candas365.es\/noticias\/wp-content\/uploads\/2014\/10\/Polivalente-360x270.jpg\" alt=\"\" width=\"360\" height=\"270\" srcset=\"https:\/\/candas365.es\/noticias\/wp-content\/uploads\/2014\/10\/Polivalente-360x270.jpg 360w, https:\/\/candas365.es\/noticias\/wp-content\/uploads\/2014\/10\/Polivalente-640x480.jpg 640w, https:\/\/candas365.es\/noticias\/wp-content\/uploads\/2014\/10\/Polivalente-768x576.jpg 768w, https:\/\/candas365.es\/noticias\/wp-content\/uploads\/2014\/10\/Polivalente-150x113.jpg 150w, https:\/\/candas365.es\/noticias\/wp-content\/uploads\/2014\/10\/Polivalente-450x338.jpg 450w, https:\/\/candas365.es\/noticias\/wp-content\/uploads\/2014\/10\/Polivalente-80x60.jpg 80w, https:\/\/candas365.es\/noticias\/wp-content\/uploads\/2014\/10\/Polivalente-265x198.jpg 265w, https:\/\/candas365.es\/noticias\/wp-content\/uploads\/2014\/10\/Polivalente-696x522.jpg 696w, https:\/\/candas365.es\/noticias\/wp-content\/uploads\/2014\/10\/Polivalente-560x420.jpg 560w, https:\/\/candas365.es\/noticias\/wp-content\/uploads\/2014\/10\/Polivalente-90x67.jpg 90w, https:\/\/candas365.es\/noticias\/wp-content\/uploads\/2014\/10\/Polivalente.jpg 1024w\" sizes=\"(max-width: 360px) 100vw, 360px\" \/>Hoy jueves, d\u00eda 12 a las 18:00 horas, el Director General de Innovaci\u00f3n, Investigaci\u00f3n y Transformaci\u00f3n Digital, Iv\u00e1n Aitor Lucas del Amo explicar\u00e1 una sesi\u00f3n abierta al p\u00fablico y entidades del concejo la situaci\u00f3n de la conectividad, fibra \u00f3ptica y otras opciones de calidad.<\/p>\n<p>La cita ser\u00e1 en el Centro polivalente \u201cLa Baraga\u00f1a\u201d de Cand\u00e1s.<\/p>\n<p>\u201cUn buen sistema de telecomunicaciones, no s\u00f3lo es una demanda social creciente, sino que es una llave para la acci\u00f3n de gobierno en m\u00faltiples \u00e1reas. Estas van desde la innovaci\u00f3n e investigaci\u00f3n, a otras tan dispares como empleo, fijar poblaci\u00f3n en el concejo, mejorar la atenci\u00f3n sanitaria y educativa &#8230;Para ello, el Gobierno del Principado de Asturias, est\u00e1 trabajando de forma coordinada con Ayuntamientos, y otras entidades, para dotar de conectividad al mayor n\u00famero de personas posibles\u201d \u2013 afirm\u00f3 Amelia Fern\u00e1ndez, Alcaldesa de Carre\u00f1o.<\/p>\n<p>\u201cLas competencias en Telecomunicaciones son de \u00e1mbito estatal. Y el mercado de las Telecomunicaciones est\u00e1 regulado en base al concepto de competencia entre operadores, pero si queremos fijar poblaci\u00f3n en nuestros territorios hay que solucionar los problemas que son recurrentes en Carre\u00f1o\u201d \u2013 explic\u00f3 Fern\u00e1ndez.<\/p>\n<p>El Director trasladar\u00e1 in situ informaci\u00f3n actualizada de la situaci\u00f3n de los Programas Estatales de Extensi\u00f3n de la Banda Ancha de Nueva Generaci\u00f3n, en adelante, PEBA NGA.<\/p>\n<p>En estos momentos en Carre\u00f1o se est\u00e1n ejecutando los despliegues subvencionados a los operadores en 2018. Dicho a\u00f1o el Ministerio subvencion\u00f3 a dos operadores en nuestro concejo. Por un lado, a TELECABLE DE ASTURIAS, S.A con 1.732.347,07 \u20ac 80 % de la inversi\u00f3n proyectada en Xivares por importe de 2.165.434,34 \u20ac. Dicho operador est\u00e1 ejecutando el proyecto de despliegue y, por otro, a TELEFONICA DE ESPA\u00d1A, S.A. subvencionada con el 80 % para la inversi\u00f3n prevista para la zona de Cespedera ( Guimar\u00e1n). En este caso la inversi\u00f3n proyectada por Telef\u00f3nica ascend\u00eda a 3.949.644,00 subvencionando el Ministerio 3.159.715 \u20ac.<\/p>\n<p>Para el a\u00f1o 2019 el presupuesto estatal asignado para extensi\u00f3n de Banda Ancha para Asturias asciende a 10.187.315 \u20ac Total. Dicho plan tiene como adjudicatarios 5 operadores y en Carre\u00f1o hay n\u00facleos de poblaci\u00f3n en los que las operadoras adjudicatarias pueden actuar y expedir servicios. La Direcci\u00f3n General inform\u00f3 que est\u00e1n en fase de definici\u00f3n de qu\u00e9 va hacer cada operador para informar pormenorizadamente al Ayuntamiento.<\/p>\n<p>En estos momentos, y hasta el 21 de Marzo, est\u00e1 sometido a consulta p\u00fablica las zonas blancas y grises del PEBA 2020. La informaci\u00f3n que se recoge en dicho PEGA 2020 sobre las inversiones estatales previstas en nuestro concejo ser\u00e1 determinante para ver las mejoras a las que podr\u00e1 aspirar pr\u00f3ximamente Carre\u00f1o.<\/p>\n<p>&nbsp;<\/p>\n","protected":false},"excerpt":{"rendered":"<p>Hoy jueves, d\u00eda 12 a las 18:00 horas, el Director General de Innovaci\u00f3n, Investigaci\u00f3n y Transformaci\u00f3n Digital, Iv\u00e1n Aitor Lucas del Amo explicar\u00e1 una sesi\u00f3n abierta al p\u00fablico y entidades del concejo la situaci\u00f3n de la conectividad, fibra \u00f3ptica y otras opciones de calidad. La cita ser\u00e1 en el Centro polivalente \u201cLa Baraga\u00f1a\u201d de Cand\u00e1s.<\/p>\n","protected":false},"author":1,"featured_media":2364,"comment_status":"closed","ping_status":"closed","sticky":false,"template":"","format":"standard","meta":{"footnotes":""},"categories":[2],"tags":[],"class_list":{"0":"post-139421","1":"post","2":"type-post","3":"status-publish","4":"format-standard","5":"has-post-thumbnail","7":"category-noticias-carreno"},"aioseo_notices":[],"aioseo_head":"\n\t\t<!-- All in One SEO Pro 4.9.6.2 - aioseo.com -->\n\t<meta name=\"description\" content=\"Hoy jueves, d\u00eda 12 a las 18:00 horas, el Director General de Innovaci\u00f3n, Investigaci\u00f3n y Transformaci\u00f3n Digital, Iv\u00e1n Aitor Lucas del Amo explicar\u00e1 una sesi\u00f3n abierta al p\u00fablico y entidades del concejo la situaci\u00f3n de la conectividad, fibra \u00f3ptica y otras opciones de calidad. La cita ser\u00e1 en el Centro polivalente \u201cLa Baraga\u00f1a\u201d de Cand\u00e1s.\" \/>\n\t<meta name=\"robots\" content=\"max-image-preview:large\" \/>\n\t<meta name=\"author\" content=\"Cand\u00e1s 365\"\/>\n\t<meta name=\"google-site-verification\" content=\"UA-32230408-1\" \/>\n\t<meta name=\"msvalidate.01\" content=\"354F3CDFB2DA171B47FBE9ABF1F88D5\" \/>\n\t<meta name=\"keywords\" content=\"noticias carre\u00f1o\" \/>\n\t<link rel=\"canonical\" href=\"https:\/\/candas365.es\/noticias\/la-conectividad-y-la-fibra-optica-hoy-en-candas\/\" \/>\n\t<meta name=\"generator\" content=\"All in One SEO Pro (AIOSEO) 4.9.6.2\" \/>\n\t\t<meta property=\"og:locale\" content=\"es_ES\" \/>\n\t\t<meta property=\"og:site_name\" content=\"Cand\u00e1s 365\" \/>\n\t\t<meta property=\"og:type\" content=\"article\" \/>\n\t\t<meta property=\"og:title\" content=\"\u201cLa conectividad y la fibra \u00f3ptica\u201d hoy en Cand\u00e1s | Cand\u00e1s 365\" \/>\n\t\t<meta property=\"og:description\" content=\"Hoy jueves, d\u00eda 12 a las 18:00 horas, el Director General de Innovaci\u00f3n, Investigaci\u00f3n y Transformaci\u00f3n Digital, Iv\u00e1n Aitor Lucas del Amo explicar\u00e1 una sesi\u00f3n abierta al p\u00fablico y entidades del concejo la situaci\u00f3n de la conectividad, fibra \u00f3ptica y otras opciones de calidad. La cita ser\u00e1 en el Centro polivalente \u201cLa Baraga\u00f1a\u201d de Cand\u00e1s.\" \/>\n\t\t<meta property=\"og:url\" content=\"https:\/\/candas365.es\/noticias\/la-conectividad-y-la-fibra-optica-hoy-en-candas\/\" \/>\n\t\t<meta property=\"og:image\" content=\"https:\/\/candas365.es\/noticias\/wp-content\/uploads\/2014\/10\/Polivalente.jpg\" \/>\n\t\t<meta property=\"og:image:secure_url\" content=\"https:\/\/candas365.es\/noticias\/wp-content\/uploads\/2014\/10\/Polivalente.jpg\" \/>\n\t\t<meta property=\"og:image:width\" content=\"1024\" \/>\n\t\t<meta property=\"og:image:height\" content=\"768\" \/>\n\t\t<meta property=\"article:published_time\" content=\"2020-03-12T12:08:51+00:00\" \/>\n\t\t<meta property=\"article:modified_time\" content=\"2020-03-12T12:08:51+00:00\" \/>\n\t\t<meta property=\"article:publisher\" content=\"https:\/\/www.facebook.com\/Nachofdezber\" \/>\n\t\t<meta property=\"article:author\" content=\"https:\/\/www.facebook.com\/carrenoactualidad\" \/>\n\t\t<meta name=\"twitter:card\" content=\"summary_large_image\" \/>\n\t\t<meta name=\"twitter:site\" content=\"@NabercoDigital\" \/>\n\t\t<meta name=\"twitter:title\" content=\"\u201cLa conectividad y la fibra \u00f3ptica\u201d hoy en Cand\u00e1s | Cand\u00e1s 365\" \/>\n\t\t<meta name=\"twitter:description\" content=\"Hoy jueves, d\u00eda 12 a las 18:00 horas, el Director General de Innovaci\u00f3n, Investigaci\u00f3n y Transformaci\u00f3n Digital, Iv\u00e1n Aitor Lucas del Amo explicar\u00e1 una sesi\u00f3n abierta al p\u00fablico y entidades del concejo la situaci\u00f3n de la conectividad, fibra \u00f3ptica y otras opciones de calidad. La cita ser\u00e1 en el Centro polivalente \u201cLa Baraga\u00f1a\u201d de Cand\u00e1s.\" \/>\n\t\t<meta name=\"twitter:creator\" content=\"@nbasturias\" \/>\n\t\t<meta name=\"twitter:image\" content=\"https:\/\/candas365.es\/noticias\/wp-content\/uploads\/2014\/10\/Polivalente.jpg\" \/>\n\t\t<meta name=\"twitter:label1\" content=\"Escrito por\" \/>\n\t\t<meta name=\"twitter:data1\" content=\"Cand\u00e1s 365\" \/>\n\t\t<meta name=\"twitter:label2\" content=\"Tiempo de lectura estimado\" \/>\n\t\t<meta name=\"twitter:data2\" content=\"2 minutos\" \/>\n\t\t<script type=\"application\/ld+json\" class=\"aioseo-schema\">\n\t\t\t{\"@context\":\"https:\\\/\\\/schema.org\",\"@graph\":[{\"@type\":\"BreadcrumbList\",\"@id\":\"https:\\\/\\\/candas365.es\\\/noticias\\\/la-conectividad-y-la-fibra-optica-hoy-en-candas\\\/#breadcrumblist\",\"itemListElement\":[{\"@type\":\"ListItem\",\"@id\":\"https:\\\/\\\/candas365.es\\\/noticias#listItem\",\"position\":1,\"name\":\"Home\",\"item\":\"https:\\\/\\\/candas365.es\\\/noticias\",\"nextItem\":{\"@type\":\"ListItem\",\"@id\":\"https:\\\/\\\/candas365.es\\\/noticias\\\/category\\\/noticias-carreno\\\/#listItem\",\"name\":\"Noticias Carre\\u00f1o\"}},{\"@type\":\"ListItem\",\"@id\":\"https:\\\/\\\/candas365.es\\\/noticias\\\/category\\\/noticias-carreno\\\/#listItem\",\"position\":2,\"name\":\"Noticias Carre\\u00f1o\",\"item\":\"https:\\\/\\\/candas365.es\\\/noticias\\\/category\\\/noticias-carreno\\\/\",\"nextItem\":{\"@type\":\"ListItem\",\"@id\":\"https:\\\/\\\/candas365.es\\\/noticias\\\/la-conectividad-y-la-fibra-optica-hoy-en-candas\\\/#listItem\",\"name\":\"\\u201cLa conectividad y la fibra \\u00f3ptica\\u201d hoy en Cand\\u00e1s\"},\"previousItem\":{\"@type\":\"ListItem\",\"@id\":\"https:\\\/\\\/candas365.es\\\/noticias#listItem\",\"name\":\"Home\"}},{\"@type\":\"ListItem\",\"@id\":\"https:\\\/\\\/candas365.es\\\/noticias\\\/la-conectividad-y-la-fibra-optica-hoy-en-candas\\\/#listItem\",\"position\":3,\"name\":\"\\u201cLa conectividad y la fibra \\u00f3ptica\\u201d hoy en Cand\\u00e1s\",\"previousItem\":{\"@type\":\"ListItem\",\"@id\":\"https:\\\/\\\/candas365.es\\\/noticias\\\/category\\\/noticias-carreno\\\/#listItem\",\"name\":\"Noticias Carre\\u00f1o\"}}]},{\"@type\":\"NewsArticle\",\"@id\":\"https:\\\/\\\/candas365.es\\\/noticias\\\/la-conectividad-y-la-fibra-optica-hoy-en-candas\\\/#newsarticle\",\"name\":\"\\u201cLa conectividad y la fibra \\u00f3ptica\\u201d hoy en Cand\\u00e1s | Cand\\u00e1s 365\",\"headline\":\"\\u201cLa conectividad y la fibra \\u00f3ptica\\u201d hoy en Cand\\u00e1s\",\"author\":{\"@id\":\"https:\\\/\\\/candas365.es\\\/noticias\\\/author\\\/admin\\\/#author\"},\"publisher\":{\"@id\":\"https:\\\/\\\/candas365.es\\\/noticias\\\/#organization\"},\"image\":{\"@type\":\"ImageObject\",\"url\":\"https:\\\/\\\/candas365.es\\\/noticias\\\/wp-content\\\/uploads\\\/2014\\\/10\\\/Polivalente.jpg\",\"width\":1024,\"height\":768},\"datePublished\":\"2020-03-12T12:08:51+01:00\",\"dateModified\":\"2020-03-12T12:08:51+01:00\",\"inLanguage\":\"es-ES\",\"mainEntityOfPage\":{\"@id\":\"https:\\\/\\\/candas365.es\\\/noticias\\\/la-conectividad-y-la-fibra-optica-hoy-en-candas\\\/#webpage\"},\"isPartOf\":{\"@id\":\"https:\\\/\\\/candas365.es\\\/noticias\\\/la-conectividad-y-la-fibra-optica-hoy-en-candas\\\/#webpage\"},\"articleSection\":\"Noticias Carre\\u00f1o\",\"dateline\":\"Publicado el marzo 12, 2020.\"},{\"@type\":\"Organization\",\"@id\":\"https:\\\/\\\/candas365.es\\\/noticias\\\/#organization\",\"name\":\"Cand\\u00e1s 365\",\"description\":\"Cand\\u00e1s 365 es un diario digital independiente, fundado en 2012, con base en Asturias. Informamos con rigor sobre actualidad, sociedad, cultura y ocio, con una mirada local y global.\",\"url\":\"https:\\\/\\\/candas365.es\\\/noticias\\\/\",\"email\":\"info@candas365.es\",\"telephone\":\"+34652131393\",\"foundingDate\":\"2012-06-10\",\"logo\":{\"@type\":\"ImageObject\",\"url\":\"https:\\\/\\\/candas365.es\\\/noticias\\\/wp-content\\\/uploads\\\/2024\\\/09\\\/Candas-365-Redes.jpg\",\"@id\":\"https:\\\/\\\/candas365.es\\\/noticias\\\/la-conectividad-y-la-fibra-optica-hoy-en-candas\\\/#organizationLogo\",\"width\":1152,\"height\":864,\"caption\":\"Cand\\u00e1s 365 Redes\"},\"image\":{\"@id\":\"https:\\\/\\\/candas365.es\\\/noticias\\\/la-conectividad-y-la-fibra-optica-hoy-en-candas\\\/#organizationLogo\"},\"sameAs\":[\"https:\\\/\\\/www.facebook.com\\\/Nachofdezber\",\"https:\\\/\\\/x.com\\\/NabercoDigital\",\"https:\\\/\\\/www.instagram.com\\\/nachofdezber\\\/\",\"https:\\\/\\\/www.youtube.com\\\/channel\\\/UCZP-2wLEB9Rv6erhFmqVnvg\"],\"address\":{\"@id\":\"https:\\\/\\\/candas365.es\\\/noticias\\\/#postaladdress\",\"@type\":\"PostalAddress\",\"streetAddress\":\"san antonio 4, san antonio 4\",\"postalCode\":\"33430\",\"addressLocality\":\"Cand\\u00e1s\",\"addressRegion\":\"Asturias\",\"addressCountry\":\"ES\"}},{\"@type\":\"Person\",\"@id\":\"https:\\\/\\\/candas365.es\\\/noticias\\\/author\\\/admin\\\/#author\",\"url\":\"https:\\\/\\\/candas365.es\\\/noticias\\\/author\\\/admin\\\/\",\"name\":\"Cand\\u00e1s 365\",\"image\":{\"@type\":\"ImageObject\",\"@id\":\"https:\\\/\\\/candas365.es\\\/noticias\\\/la-conectividad-y-la-fibra-optica-hoy-en-candas\\\/#authorImage\",\"url\":\"https:\\\/\\\/secure.gravatar.com\\\/avatar\\\/496a8e03d0c493ede1718b7934145dbdf8d89be1036b0eec9544e1094c9de390?s=96&d=mm&r=g\",\"width\":96,\"height\":96,\"caption\":\"Cand\\u00e1s 365\"},\"sameAs\":[\"https:\\\/\\\/www.facebook.com\\\/carrenoactualidad\",\"https:\\\/\\\/twitter.com\\\/nbasturias\",\"https:\\\/\\\/www.instagram.com\\\/nachofdezber\\\/\",\"https:\\\/\\\/www.youtube.com\\\/channel\\\/UCZP-2wLEB9Rv6erhFmqVnvg\"]},{\"@type\":\"WebPage\",\"@id\":\"https:\\\/\\\/candas365.es\\\/noticias\\\/la-conectividad-y-la-fibra-optica-hoy-en-candas\\\/#webpage\",\"url\":\"https:\\\/\\\/candas365.es\\\/noticias\\\/la-conectividad-y-la-fibra-optica-hoy-en-candas\\\/\",\"name\":\"\\u201cLa conectividad y la fibra \\u00f3ptica\\u201d hoy en Cand\\u00e1s | Cand\\u00e1s 365\",\"description\":\"Hoy jueves, d\\u00eda 12 a las 18:00 horas, el Director General de Innovaci\\u00f3n, Investigaci\\u00f3n y Transformaci\\u00f3n Digital, Iv\\u00e1n Aitor Lucas del Amo explicar\\u00e1 una sesi\\u00f3n abierta al p\\u00fablico y entidades del concejo la situaci\\u00f3n de la conectividad, fibra \\u00f3ptica y otras opciones de calidad. La cita ser\\u00e1 en el Centro polivalente \\u201cLa Baraga\\u00f1a\\u201d de Cand\\u00e1s.\",\"inLanguage\":\"es-ES\",\"isPartOf\":{\"@id\":\"https:\\\/\\\/candas365.es\\\/noticias\\\/#website\"},\"breadcrumb\":{\"@id\":\"https:\\\/\\\/candas365.es\\\/noticias\\\/la-conectividad-y-la-fibra-optica-hoy-en-candas\\\/#breadcrumblist\"},\"author\":{\"@id\":\"https:\\\/\\\/candas365.es\\\/noticias\\\/author\\\/admin\\\/#author\"},\"creator\":{\"@id\":\"https:\\\/\\\/candas365.es\\\/noticias\\\/author\\\/admin\\\/#author\"},\"image\":{\"@type\":\"ImageObject\",\"url\":\"https:\\\/\\\/candas365.es\\\/noticias\\\/wp-content\\\/uploads\\\/2014\\\/10\\\/Polivalente.jpg\",\"@id\":\"https:\\\/\\\/candas365.es\\\/noticias\\\/la-conectividad-y-la-fibra-optica-hoy-en-candas\\\/#mainImage\",\"width\":1024,\"height\":768},\"primaryImageOfPage\":{\"@id\":\"https:\\\/\\\/candas365.es\\\/noticias\\\/la-conectividad-y-la-fibra-optica-hoy-en-candas\\\/#mainImage\"},\"datePublished\":\"2020-03-12T12:08:51+01:00\",\"dateModified\":\"2020-03-12T12:08:51+01:00\"},{\"@type\":\"WebSite\",\"@id\":\"https:\\\/\\\/candas365.es\\\/noticias\\\/#website\",\"url\":\"https:\\\/\\\/candas365.es\\\/noticias\\\/\",\"name\":\"Cand\\u00e1s 365\",\"alternateName\":\"Cand\\u00e1s 365 Noticias\",\"description\":\"Actualidad desde Carre\\u00f1o para el mundo\",\"inLanguage\":\"es-ES\",\"publisher\":{\"@id\":\"https:\\\/\\\/candas365.es\\\/noticias\\\/#organization\"}}]}\n\t\t<\/script>\n\t\t<!-- All in One SEO Pro -->\r\n\t\t<title>\u201cLa conectividad y la fibra \u00f3ptica\u201d hoy en Cand\u00e1s | Cand\u00e1s 365<\/title>\n\n","aioseo_head_json":{"title":"\u201cLa conectividad y la fibra \u00f3ptica\u201d hoy en Cand\u00e1s | Cand\u00e1s 365","description":"Hoy jueves, d\u00eda 12 a las 18:00 horas, el Director General de Innovaci\u00f3n, Investigaci\u00f3n y Transformaci\u00f3n Digital, Iv\u00e1n Aitor Lucas del Amo explicar\u00e1 una sesi\u00f3n abierta al p\u00fablico y entidades del concejo la situaci\u00f3n de la conectividad, fibra \u00f3ptica y otras opciones de calidad. La cita ser\u00e1 en el Centro polivalente \u201cLa Baraga\u00f1a\u201d de Cand\u00e1s.","canonical_url":"https:\/\/candas365.es\/noticias\/la-conectividad-y-la-fibra-optica-hoy-en-candas\/","robots":"max-image-preview:large","keywords":"noticias carre\u00f1o","webmasterTools":{"google-site-verification":"UA-32230408-1","msvalidate.01":"354F3CDFB2DA171B47FBE9ABF1F88D5","miscellaneous":""},"schema":{"@context":"https:\/\/schema.org","@graph":[{"@type":"BreadcrumbList","@id":"https:\/\/candas365.es\/noticias\/la-conectividad-y-la-fibra-optica-hoy-en-candas\/#breadcrumblist","itemListElement":[{"@type":"ListItem","@id":"https:\/\/candas365.es\/noticias#listItem","position":1,"name":"Home","item":"https:\/\/candas365.es\/noticias","nextItem":{"@type":"ListItem","@id":"https:\/\/candas365.es\/noticias\/category\/noticias-carreno\/#listItem","name":"Noticias Carre\u00f1o"}},{"@type":"ListItem","@id":"https:\/\/candas365.es\/noticias\/category\/noticias-carreno\/#listItem","position":2,"name":"Noticias Carre\u00f1o","item":"https:\/\/candas365.es\/noticias\/category\/noticias-carreno\/","nextItem":{"@type":"ListItem","@id":"https:\/\/candas365.es\/noticias\/la-conectividad-y-la-fibra-optica-hoy-en-candas\/#listItem","name":"\u201cLa conectividad y la fibra \u00f3ptica\u201d hoy en Cand\u00e1s"},"previousItem":{"@type":"ListItem","@id":"https:\/\/candas365.es\/noticias#listItem","name":"Home"}},{"@type":"ListItem","@id":"https:\/\/candas365.es\/noticias\/la-conectividad-y-la-fibra-optica-hoy-en-candas\/#listItem","position":3,"name":"\u201cLa conectividad y la fibra \u00f3ptica\u201d hoy en Cand\u00e1s","previousItem":{"@type":"ListItem","@id":"https:\/\/candas365.es\/noticias\/category\/noticias-carreno\/#listItem","name":"Noticias Carre\u00f1o"}}]},{"@type":"NewsArticle","@id":"https:\/\/candas365.es\/noticias\/la-conectividad-y-la-fibra-optica-hoy-en-candas\/#newsarticle","name":"\u201cLa conectividad y la fibra \u00f3ptica\u201d hoy en Cand\u00e1s | Cand\u00e1s 365","headline":"\u201cLa conectividad y la fibra \u00f3ptica\u201d hoy en Cand\u00e1s","author":{"@id":"https:\/\/candas365.es\/noticias\/author\/admin\/#author"},"publisher":{"@id":"https:\/\/candas365.es\/noticias\/#organization"},"image":{"@type":"ImageObject","url":"https:\/\/candas365.es\/noticias\/wp-content\/uploads\/2014\/10\/Polivalente.jpg","width":1024,"height":768},"datePublished":"2020-03-12T12:08:51+01:00","dateModified":"2020-03-12T12:08:51+01:00","inLanguage":"es-ES","mainEntityOfPage":{"@id":"https:\/\/candas365.es\/noticias\/la-conectividad-y-la-fibra-optica-hoy-en-candas\/#webpage"},"isPartOf":{"@id":"https:\/\/candas365.es\/noticias\/la-conectividad-y-la-fibra-optica-hoy-en-candas\/#webpage"},"articleSection":"Noticias Carre\u00f1o","dateline":"Publicado el marzo 12, 2020."},{"@type":"Organization","@id":"https:\/\/candas365.es\/noticias\/#organization","name":"Cand\u00e1s 365","description":"Cand\u00e1s 365 es un diario digital independiente, fundado en 2012, con base en Asturias. Informamos con rigor sobre actualidad, sociedad, cultura y ocio, con una mirada local y global.","url":"https:\/\/candas365.es\/noticias\/","email":"info@candas365.es","telephone":"+34652131393","foundingDate":"2012-06-10","logo":{"@type":"ImageObject","url":"https:\/\/candas365.es\/noticias\/wp-content\/uploads\/2024\/09\/Candas-365-Redes.jpg","@id":"https:\/\/candas365.es\/noticias\/la-conectividad-y-la-fibra-optica-hoy-en-candas\/#organizationLogo","width":1152,"height":864,"caption":"Cand\u00e1s 365 Redes"},"image":{"@id":"https:\/\/candas365.es\/noticias\/la-conectividad-y-la-fibra-optica-hoy-en-candas\/#organizationLogo"},"sameAs":["https:\/\/www.facebook.com\/Nachofdezber","https:\/\/x.com\/NabercoDigital","https:\/\/www.instagram.com\/nachofdezber\/","https:\/\/www.youtube.com\/channel\/UCZP-2wLEB9Rv6erhFmqVnvg"],"address":{"@id":"https:\/\/candas365.es\/noticias\/#postaladdress","@type":"PostalAddress","streetAddress":"san antonio 4, san antonio 4","postalCode":"33430","addressLocality":"Cand\u00e1s","addressRegion":"Asturias","addressCountry":"ES"}},{"@type":"Person","@id":"https:\/\/candas365.es\/noticias\/author\/admin\/#author","url":"https:\/\/candas365.es\/noticias\/author\/admin\/","name":"Cand\u00e1s 365","image":{"@type":"ImageObject","@id":"https:\/\/candas365.es\/noticias\/la-conectividad-y-la-fibra-optica-hoy-en-candas\/#authorImage","url":"https:\/\/secure.gravatar.com\/avatar\/496a8e03d0c493ede1718b7934145dbdf8d89be1036b0eec9544e1094c9de390?s=96&d=mm&r=g","width":96,"height":96,"caption":"Cand\u00e1s 365"},"sameAs":["https:\/\/www.facebook.com\/carrenoactualidad","https:\/\/twitter.com\/nbasturias","https:\/\/www.instagram.com\/nachofdezber\/","https:\/\/www.youtube.com\/channel\/UCZP-2wLEB9Rv6erhFmqVnvg"]},{"@type":"WebPage","@id":"https:\/\/candas365.es\/noticias\/la-conectividad-y-la-fibra-optica-hoy-en-candas\/#webpage","url":"https:\/\/candas365.es\/noticias\/la-conectividad-y-la-fibra-optica-hoy-en-candas\/","name":"\u201cLa conectividad y la fibra \u00f3ptica\u201d hoy en Cand\u00e1s | Cand\u00e1s 365","description":"Hoy jueves, d\u00eda 12 a las 18:00 horas, el Director General de Innovaci\u00f3n, Investigaci\u00f3n y Transformaci\u00f3n Digital, Iv\u00e1n Aitor Lucas del Amo explicar\u00e1 una sesi\u00f3n abierta al p\u00fablico y entidades del concejo la situaci\u00f3n de la conectividad, fibra \u00f3ptica y otras opciones de calidad. La cita ser\u00e1 en el Centro polivalente \u201cLa Baraga\u00f1a\u201d de Cand\u00e1s.","inLanguage":"es-ES","isPartOf":{"@id":"https:\/\/candas365.es\/noticias\/#website"},"breadcrumb":{"@id":"https:\/\/candas365.es\/noticias\/la-conectividad-y-la-fibra-optica-hoy-en-candas\/#breadcrumblist"},"author":{"@id":"https:\/\/candas365.es\/noticias\/author\/admin\/#author"},"creator":{"@id":"https:\/\/candas365.es\/noticias\/author\/admin\/#author"},"image":{"@type":"ImageObject","url":"https:\/\/candas365.es\/noticias\/wp-content\/uploads\/2014\/10\/Polivalente.jpg","@id":"https:\/\/candas365.es\/noticias\/la-conectividad-y-la-fibra-optica-hoy-en-candas\/#mainImage","width":1024,"height":768},"primaryImageOfPage":{"@id":"https:\/\/candas365.es\/noticias\/la-conectividad-y-la-fibra-optica-hoy-en-candas\/#mainImage"},"datePublished":"2020-03-12T12:08:51+01:00","dateModified":"2020-03-12T12:08:51+01:00"},{"@type":"WebSite","@id":"https:\/\/candas365.es\/noticias\/#website","url":"https:\/\/candas365.es\/noticias\/","name":"Cand\u00e1s 365","alternateName":"Cand\u00e1s 365 Noticias","description":"Actualidad desde Carre\u00f1o para el mundo","inLanguage":"es-ES","publisher":{"@id":"https:\/\/candas365.es\/noticias\/#organization"}}]},"og:locale":"es_ES","og:site_name":"Cand\u00e1s 365","og:type":"article","og:title":"\u201cLa conectividad y la fibra \u00f3ptica\u201d hoy en Cand\u00e1s | Cand\u00e1s 365","og:description":"Hoy jueves, d\u00eda 12 a las 18:00 horas, el Director General de Innovaci\u00f3n, Investigaci\u00f3n y Transformaci\u00f3n Digital, Iv\u00e1n Aitor Lucas del Amo explicar\u00e1 una sesi\u00f3n abierta al p\u00fablico y entidades del concejo la situaci\u00f3n de la conectividad, fibra \u00f3ptica y otras opciones de calidad. La cita ser\u00e1 en el Centro polivalente \u201cLa Baraga\u00f1a\u201d de Cand\u00e1s.","og:url":"https:\/\/candas365.es\/noticias\/la-conectividad-y-la-fibra-optica-hoy-en-candas\/","og:image":"https:\/\/candas365.es\/noticias\/wp-content\/uploads\/2014\/10\/Polivalente.jpg","og:image:secure_url":"https:\/\/candas365.es\/noticias\/wp-content\/uploads\/2014\/10\/Polivalente.jpg","og:image:width":1024,"og:image:height":768,"article:published_time":"2020-03-12T12:08:51+00:00","article:modified_time":"2020-03-12T12:08:51+00:00","article:publisher":"https:\/\/www.facebook.com\/Nachofdezber","article:author":"https:\/\/www.facebook.com\/carrenoactualidad","twitter:card":"summary_large_image","twitter:site":"@NabercoDigital","twitter:title":"\u201cLa conectividad y la fibra \u00f3ptica\u201d hoy en Cand\u00e1s | Cand\u00e1s 365","twitter:description":"Hoy jueves, d\u00eda 12 a las 18:00 horas, el Director General de Innovaci\u00f3n, Investigaci\u00f3n y Transformaci\u00f3n Digital, Iv\u00e1n Aitor Lucas del Amo explicar\u00e1 una sesi\u00f3n abierta al p\u00fablico y entidades del concejo la situaci\u00f3n de la conectividad, fibra \u00f3ptica y otras opciones de calidad. La cita ser\u00e1 en el Centro polivalente \u201cLa Baraga\u00f1a\u201d de Cand\u00e1s.","twitter:creator":"@nbasturias","twitter:image":"https:\/\/candas365.es\/noticias\/wp-content\/uploads\/2014\/10\/Polivalente.jpg","twitter:label1":"Escrito por","twitter:data1":"Cand\u00e1s 365","twitter:label2":"Tiempo de lectura estimado","twitter:data2":"2 minutos"},"aioseo_meta_data":{"post_id":"139421","title":null,"description":null,"keywords":null,"keyphrases":null,"primary_term":null,"canonical_url":null,"og_title":null,"og_description":null,"og_object_type":"default","og_image_type":"default","og_image_url":null,"og_image_width":null,"og_image_height":null,"og_image_custom_url":null,"og_image_custom_fields":null,"og_video":null,"og_custom_url":null,"og_article_section":null,"og_article_tags":null,"twitter_use_og":false,"twitter_card":"default","twitter_image_type":"default","twitter_image_url":null,"twitter_image_custom_url":null,"twitter_image_custom_fields":null,"twitter_title":null,"twitter_description":null,"schema":{"blockGraphs":[],"customGraphs":[],"default":{"data":{"Article":[],"Course":[],"Dataset":[],"FAQPage":[],"Movie":[],"Person":[],"Product":[],"ProductReview":[],"Car":[],"Recipe":[],"Service":[],"SoftwareApplication":[],"WebPage":[]},"graphName":"","isEnabled":true},"graphs":[]},"schema_type":null,"schema_type_options":null,"pillar_content":false,"robots_default":true,"robots_noindex":false,"robots_noarchive":false,"robots_nosnippet":false,"robots_nofollow":false,"robots_noimageindex":false,"robots_noodp":false,"robots_notranslate":false,"robots_max_snippet":null,"robots_max_videopreview":null,"robots_max_imagepreview":"large","priority":null,"frequency":null,"location":null,"local_seo":null,"seo_analyzer_scan_date":"2025-08-31 01:32:14","breadcrumb_settings":null,"limit_modified_date":false,"reviewed_by":null,"open_ai":null,"ai":null,"created":"2020-12-21 10:44:35","updated":"2025-08-31 01:32:14"},"aioseo_breadcrumb":"<div class=\"aioseo-breadcrumbs\"><span class=\"aioseo-breadcrumb\">\n\t<a href=\"https:\/\/candas365.es\/noticias\" title=\"Home\">Home<\/a>\n<\/span><span class=\"aioseo-breadcrumb-separator\">&ndash;<\/span><span class=\"aioseo-breadcrumb\">\n\t<a href=\"https:\/\/candas365.es\/noticias\/category\/noticias-carreno\/\" title=\"Noticias Carre\u00f1o\">Noticias Carre\u00f1o<\/a>\n<\/span><span class=\"aioseo-breadcrumb-separator\">&ndash;<\/span><span class=\"aioseo-breadcrumb\">\n\t\u201cLa conectividad y la fibra \u00f3ptica\u201d hoy en Cand\u00e1s\n<\/span><\/div>","aioseo_breadcrumb_json":[{"label":"Home","link":"https:\/\/candas365.es\/noticias"},{"label":"Noticias Carre\u00f1o","link":"https:\/\/candas365.es\/noticias\/category\/noticias-carreno\/"},{"label":"\u201cLa conectividad y la fibra \u00f3ptica\u201d hoy en Cand\u00e1s","link":"https:\/\/candas365.es\/noticias\/la-conectividad-y-la-fibra-optica-hoy-en-candas\/"}],"_links":{"self":[{"href":"https:\/\/candas365.es\/noticias\/wp-json\/wp\/v2\/posts\/139421","targetHints":{"allow":["GET"]}}],"collection":[{"href":"https:\/\/candas365.es\/noticias\/wp-json\/wp\/v2\/posts"}],"about":[{"href":"https:\/\/candas365.es\/noticias\/wp-json\/wp\/v2\/types\/post"}],"author":[{"embeddable":true,"href":"https:\/\/candas365.es\/noticias\/wp-json\/wp\/v2\/users\/1"}],"replies":[{"embeddable":true,"href":"https:\/\/candas365.es\/noticias\/wp-json\/wp\/v2\/comments?post=139421"}],"version-history":[{"count":0,"href":"https:\/\/candas365.es\/noticias\/wp-json\/wp\/v2\/posts\/139421\/revisions"}],"wp:featuredmedia":[{"embeddable":true,"href":"https:\/\/candas365.es\/noticias\/wp-json\/wp\/v2\/media\/2364"}],"wp:attachment":[{"href":"https:\/\/candas365.es\/noticias\/wp-json\/wp\/v2\/media?parent=139421"}],"wp:term":[{"taxonomy":"category","embeddable":true,"href":"https:\/\/candas365.es\/noticias\/wp-json\/wp\/v2\/categories?post=139421"},{"taxonomy":"post_tag","embeddable":true,"href":"https:\/\/candas365.es\/noticias\/wp-json\/wp\/v2\/tags?post=139421"}],"curies":[{"name":"wp","href":"https:\/\/api.w.org\/{rel}","templated":true}]}}