{"id":139410,"date":"2020-03-12T11:46:28","date_gmt":"2020-03-12T11:46:28","guid":{"rendered":"http:\/\/candas365.es\/noticias\/?p=139410"},"modified":"2020-03-12T11:46:28","modified_gmt":"2020-03-12T11:46:28","slug":"el-tiempo-jueves-dia-12-de-marzo-de-2020","status":"publish","type":"post","link":"https:\/\/candas365.es\/noticias\/el-tiempo-jueves-dia-12-de-marzo-de-2020\/","title":{"rendered":"El tiempo, jueves d\u00eda 12 de marzo de 2020"},"content":{"rendered":"<p><img fetchpriority=\"high\" decoding=\"async\" class=\"alignleft size-medium wp-image-33342\" src=\"https:\/\/candas365.es\/noticias\/wp-content\/uploads\/2016\/08\/matiella-360x251.jpg\" alt=\"\" width=\"360\" height=\"251\" srcset=\"https:\/\/candas365.es\/noticias\/wp-content\/uploads\/2016\/08\/matiella-360x251.jpg 360w, https:\/\/candas365.es\/noticias\/wp-content\/uploads\/2016\/08\/matiella-650x454.jpg 650w, https:\/\/candas365.es\/noticias\/wp-content\/uploads\/2016\/08\/matiella-150x105.jpg 150w, https:\/\/candas365.es\/noticias\/wp-content\/uploads\/2016\/08\/matiella-450x314.jpg 450w, https:\/\/candas365.es\/noticias\/wp-content\/uploads\/2016\/08\/matiella-655x457.jpg 655w, https:\/\/candas365.es\/noticias\/wp-content\/uploads\/2016\/08\/matiella-100x70.jpg 100w, https:\/\/candas365.es\/noticias\/wp-content\/uploads\/2016\/08\/matiella-696x486.jpg 696w, https:\/\/candas365.es\/noticias\/wp-content\/uploads\/2016\/08\/matiella-602x420.jpg 602w, https:\/\/candas365.es\/noticias\/wp-content\/uploads\/2016\/08\/matiella.jpg 742w\" sizes=\"(max-width: 360px) 100vw, 360px\" \/>Debido a la aproximaci\u00f3n de un frente atl\u00e1ntico poco activo, se espera un aumento de la nubosidad en el extremo norte peninsular, con lluvias en el \u00e1rea cant\u00e1brica, que se extender\u00e1n al norte de Navarra, alto Ebro y Pirineo occidental, sin descartarlas en otros puntos del extremo norte. Predominio de poco nuboso en el resto del pa\u00eds, aunque con intervalos de nubes medias y altas, m\u00e1s abundantes en la mitad norte de la Pen\u00ednsula.<\/p>\n<p>Probables calimas en Canarias. Intervalos de nubes bajas matinales con posibles bancos de niebla en el litoral oeste andaluz, Galicia y Cant\u00e1brico oriental, seg\u00fan AEMET<\/p>\n<p>Temperaturas diurnas en ascenso en el nordeste peninsular, y en descenso en el resto del extremo norte peninsular y oeste de Andaluc\u00eda. Nocturnas en ascenso en la mayor parte de la Pen\u00ednsula. Las temperaturas se mantendr\u00e1n en valores significativamente altos para la \u00e9poca del a\u00f1o en casi todo el pa\u00eds, excepto Galicia y Cant\u00e1brico.<\/p>\n<p>Viento de componente norte en Galicia, Cant\u00e1brico, Castilla y Le\u00f3n y valle del Ebro. Del este y nordeste en Canarias. Predominio de viento flojo en el resto.<\/p>\n","protected":false},"excerpt":{"rendered":"<p>Debido a la aproximaci\u00f3n de un frente atl\u00e1ntico poco activo, se espera un aumento de la nubosidad en el extremo norte peninsular, con lluvias en el \u00e1rea cant\u00e1brica, que se extender\u00e1n al norte de Navarra, alto Ebro y Pirineo occidental, sin descartarlas en otros puntos del extremo norte. Predominio de poco nuboso en el resto<\/p>\n","protected":false},"author":1,"featured_media":33342,"comment_status":"closed","ping_status":"closed","sticky":false,"template":"","format":"standard","meta":{"footnotes":""},"categories":[358],"tags":[],"class_list":{"0":"post-139410","1":"post","2":"type-post","3":"status-publish","4":"format-standard","5":"has-post-thumbnail","7":"category-el-tiempo"},"aioseo_notices":[],"aioseo_head":"\n\t\t<!-- All in One SEO Pro 4.9.6.2 - aioseo.com -->\n\t<meta name=\"description\" content=\"Debido a la aproximaci\u00f3n de un frente atl\u00e1ntico poco activo, se espera un aumento de la nubosidad en el extremo norte peninsular, con lluvias en el \u00e1rea cant\u00e1brica, que se extender\u00e1n al norte de Navarra, alto Ebro y Pirineo occidental, sin descartarlas en otros puntos del extremo norte. Predominio de poco nuboso en el resto\" \/>\n\t<meta name=\"robots\" content=\"max-image-preview:large\" \/>\n\t<meta name=\"author\" content=\"Cand\u00e1s 365\"\/>\n\t<meta name=\"google-site-verification\" content=\"UA-32230408-1\" \/>\n\t<meta name=\"msvalidate.01\" content=\"354F3CDFB2DA171B47FBE9ABF1F88D5\" \/>\n\t<meta name=\"keywords\" content=\"el tiempo\" \/>\n\t<link rel=\"canonical\" href=\"https:\/\/candas365.es\/noticias\/el-tiempo-jueves-dia-12-de-marzo-de-2020\/\" \/>\n\t<meta name=\"generator\" content=\"All in One SEO Pro (AIOSEO) 4.9.6.2\" \/>\n\t\t<meta property=\"og:locale\" content=\"es_ES\" \/>\n\t\t<meta property=\"og:site_name\" content=\"Cand\u00e1s 365\" \/>\n\t\t<meta property=\"og:type\" content=\"article\" \/>\n\t\t<meta property=\"og:title\" content=\"El tiempo, jueves d\u00eda 12 de marzo de 2020 | Cand\u00e1s 365\" \/>\n\t\t<meta property=\"og:description\" content=\"Debido a la aproximaci\u00f3n de un frente atl\u00e1ntico poco activo, se espera un aumento de la nubosidad en el extremo norte peninsular, con lluvias en el \u00e1rea cant\u00e1brica, que se extender\u00e1n al norte de Navarra, alto Ebro y Pirineo occidental, sin descartarlas en otros puntos del extremo norte. Predominio de poco nuboso en el resto\" \/>\n\t\t<meta property=\"og:url\" content=\"https:\/\/candas365.es\/noticias\/el-tiempo-jueves-dia-12-de-marzo-de-2020\/\" \/>\n\t\t<meta property=\"og:image\" content=\"https:\/\/candas365.es\/noticias\/wp-content\/uploads\/2016\/08\/matiella.jpg\" \/>\n\t\t<meta property=\"og:image:secure_url\" content=\"https:\/\/candas365.es\/noticias\/wp-content\/uploads\/2016\/08\/matiella.jpg\" \/>\n\t\t<meta property=\"og:image:width\" content=\"742\" \/>\n\t\t<meta property=\"og:image:height\" content=\"518\" \/>\n\t\t<meta property=\"article:published_time\" content=\"2020-03-12T11:46:28+00:00\" \/>\n\t\t<meta property=\"article:modified_time\" content=\"2020-03-12T11:46:28+00:00\" \/>\n\t\t<meta property=\"article:publisher\" content=\"https:\/\/www.facebook.com\/Nachofdezber\" \/>\n\t\t<meta property=\"article:author\" content=\"https:\/\/www.facebook.com\/carrenoactualidad\" \/>\n\t\t<meta name=\"twitter:card\" content=\"summary_large_image\" \/>\n\t\t<meta name=\"twitter:site\" content=\"@NabercoDigital\" \/>\n\t\t<meta name=\"twitter:title\" content=\"El tiempo, jueves d\u00eda 12 de marzo de 2020 | Cand\u00e1s 365\" \/>\n\t\t<meta name=\"twitter:description\" content=\"Debido a la aproximaci\u00f3n de un frente atl\u00e1ntico poco activo, se espera un aumento de la nubosidad en el extremo norte peninsular, con lluvias en el \u00e1rea cant\u00e1brica, que se extender\u00e1n al norte de Navarra, alto Ebro y Pirineo occidental, sin descartarlas en otros puntos del extremo norte. Predominio de poco nuboso en el resto\" \/>\n\t\t<meta name=\"twitter:creator\" content=\"@nbasturias\" \/>\n\t\t<meta name=\"twitter:image\" content=\"https:\/\/candas365.es\/noticias\/wp-content\/uploads\/2016\/08\/matiella.jpg\" \/>\n\t\t<meta name=\"twitter:label1\" content=\"Escrito por\" \/>\n\t\t<meta name=\"twitter:data1\" content=\"Cand\u00e1s 365\" \/>\n\t\t<meta name=\"twitter:label2\" content=\"Tiempo de lectura estimado\" \/>\n\t\t<meta name=\"twitter:data2\" content=\"1 minuto\" \/>\n\t\t<script type=\"application\/ld+json\" class=\"aioseo-schema\">\n\t\t\t{\"@context\":\"https:\\\/\\\/schema.org\",\"@graph\":[{\"@type\":\"BreadcrumbList\",\"@id\":\"https:\\\/\\\/candas365.es\\\/noticias\\\/el-tiempo-jueves-dia-12-de-marzo-de-2020\\\/#breadcrumblist\",\"itemListElement\":[{\"@type\":\"ListItem\",\"@id\":\"https:\\\/\\\/candas365.es\\\/noticias#listItem\",\"position\":1,\"name\":\"Home\",\"item\":\"https:\\\/\\\/candas365.es\\\/noticias\",\"nextItem\":{\"@type\":\"ListItem\",\"@id\":\"https:\\\/\\\/candas365.es\\\/noticias\\\/category\\\/el-tiempo\\\/#listItem\",\"name\":\"El tiempo\"}},{\"@type\":\"ListItem\",\"@id\":\"https:\\\/\\\/candas365.es\\\/noticias\\\/category\\\/el-tiempo\\\/#listItem\",\"position\":2,\"name\":\"El tiempo\",\"item\":\"https:\\\/\\\/candas365.es\\\/noticias\\\/category\\\/el-tiempo\\\/\",\"nextItem\":{\"@type\":\"ListItem\",\"@id\":\"https:\\\/\\\/candas365.es\\\/noticias\\\/el-tiempo-jueves-dia-12-de-marzo-de-2020\\\/#listItem\",\"name\":\"El tiempo, jueves d\\u00eda 12 de marzo de 2020\"},\"previousItem\":{\"@type\":\"ListItem\",\"@id\":\"https:\\\/\\\/candas365.es\\\/noticias#listItem\",\"name\":\"Home\"}},{\"@type\":\"ListItem\",\"@id\":\"https:\\\/\\\/candas365.es\\\/noticias\\\/el-tiempo-jueves-dia-12-de-marzo-de-2020\\\/#listItem\",\"position\":3,\"name\":\"El tiempo, jueves d\\u00eda 12 de marzo de 2020\",\"previousItem\":{\"@type\":\"ListItem\",\"@id\":\"https:\\\/\\\/candas365.es\\\/noticias\\\/category\\\/el-tiempo\\\/#listItem\",\"name\":\"El tiempo\"}}]},{\"@type\":\"NewsArticle\",\"@id\":\"https:\\\/\\\/candas365.es\\\/noticias\\\/el-tiempo-jueves-dia-12-de-marzo-de-2020\\\/#newsarticle\",\"name\":\"El tiempo, jueves d\\u00eda 12 de marzo de 2020 | Cand\\u00e1s 365\",\"headline\":\"El tiempo, jueves d\\u00eda 12 de marzo de 2020\",\"author\":{\"@id\":\"https:\\\/\\\/candas365.es\\\/noticias\\\/author\\\/admin\\\/#author\"},\"publisher\":{\"@id\":\"https:\\\/\\\/candas365.es\\\/noticias\\\/#organization\"},\"image\":{\"@type\":\"ImageObject\",\"url\":\"https:\\\/\\\/candas365.es\\\/noticias\\\/wp-content\\\/uploads\\\/2016\\\/08\\\/matiella.jpg\",\"width\":742,\"height\":518,\"caption\":\"Cand\\u00e1s\"},\"datePublished\":\"2020-03-12T11:46:28+01:00\",\"dateModified\":\"2020-03-12T11:46:28+01:00\",\"inLanguage\":\"es-ES\",\"mainEntityOfPage\":{\"@id\":\"https:\\\/\\\/candas365.es\\\/noticias\\\/el-tiempo-jueves-dia-12-de-marzo-de-2020\\\/#webpage\"},\"isPartOf\":{\"@id\":\"https:\\\/\\\/candas365.es\\\/noticias\\\/el-tiempo-jueves-dia-12-de-marzo-de-2020\\\/#webpage\"},\"articleSection\":\"El tiempo\",\"dateline\":\"Publicado el marzo 12, 2020.\"},{\"@type\":\"Organization\",\"@id\":\"https:\\\/\\\/candas365.es\\\/noticias\\\/#organization\",\"name\":\"Cand\\u00e1s 365\",\"description\":\"Cand\\u00e1s 365 es un diario digital independiente, fundado en 2012, con base en Asturias. Informamos con rigor sobre actualidad, sociedad, cultura y ocio, con una mirada local y global.\",\"url\":\"https:\\\/\\\/candas365.es\\\/noticias\\\/\",\"email\":\"info@candas365.es\",\"telephone\":\"+34652131393\",\"foundingDate\":\"2012-06-10\",\"logo\":{\"@type\":\"ImageObject\",\"url\":\"https:\\\/\\\/candas365.es\\\/noticias\\\/wp-content\\\/uploads\\\/2024\\\/09\\\/Candas-365-Redes.jpg\",\"@id\":\"https:\\\/\\\/candas365.es\\\/noticias\\\/el-tiempo-jueves-dia-12-de-marzo-de-2020\\\/#organizationLogo\",\"width\":1152,\"height\":864,\"caption\":\"Cand\\u00e1s 365 Redes\"},\"image\":{\"@id\":\"https:\\\/\\\/candas365.es\\\/noticias\\\/el-tiempo-jueves-dia-12-de-marzo-de-2020\\\/#organizationLogo\"},\"sameAs\":[\"https:\\\/\\\/www.facebook.com\\\/Nachofdezber\",\"https:\\\/\\\/x.com\\\/NabercoDigital\",\"https:\\\/\\\/www.instagram.com\\\/nachofdezber\\\/\",\"https:\\\/\\\/www.youtube.com\\\/channel\\\/UCZP-2wLEB9Rv6erhFmqVnvg\"],\"address\":{\"@id\":\"https:\\\/\\\/candas365.es\\\/noticias\\\/#postaladdress\",\"@type\":\"PostalAddress\",\"streetAddress\":\"san antonio 4, san antonio 4\",\"postalCode\":\"33430\",\"addressLocality\":\"Cand\\u00e1s\",\"addressRegion\":\"Asturias\",\"addressCountry\":\"ES\"}},{\"@type\":\"Person\",\"@id\":\"https:\\\/\\\/candas365.es\\\/noticias\\\/author\\\/admin\\\/#author\",\"url\":\"https:\\\/\\\/candas365.es\\\/noticias\\\/author\\\/admin\\\/\",\"name\":\"Cand\\u00e1s 365\",\"image\":{\"@type\":\"ImageObject\",\"@id\":\"https:\\\/\\\/candas365.es\\\/noticias\\\/el-tiempo-jueves-dia-12-de-marzo-de-2020\\\/#authorImage\",\"url\":\"https:\\\/\\\/secure.gravatar.com\\\/avatar\\\/496a8e03d0c493ede1718b7934145dbdf8d89be1036b0eec9544e1094c9de390?s=96&d=mm&r=g\",\"width\":96,\"height\":96,\"caption\":\"Cand\\u00e1s 365\"},\"sameAs\":[\"https:\\\/\\\/www.facebook.com\\\/carrenoactualidad\",\"https:\\\/\\\/twitter.com\\\/nbasturias\",\"https:\\\/\\\/www.instagram.com\\\/nachofdezber\\\/\",\"https:\\\/\\\/www.youtube.com\\\/channel\\\/UCZP-2wLEB9Rv6erhFmqVnvg\"]},{\"@type\":\"WebPage\",\"@id\":\"https:\\\/\\\/candas365.es\\\/noticias\\\/el-tiempo-jueves-dia-12-de-marzo-de-2020\\\/#webpage\",\"url\":\"https:\\\/\\\/candas365.es\\\/noticias\\\/el-tiempo-jueves-dia-12-de-marzo-de-2020\\\/\",\"name\":\"El tiempo, jueves d\\u00eda 12 de marzo de 2020 | Cand\\u00e1s 365\",\"description\":\"Debido a la aproximaci\\u00f3n de un frente atl\\u00e1ntico poco activo, se espera un aumento de la nubosidad en el extremo norte peninsular, con lluvias en el \\u00e1rea cant\\u00e1brica, que se extender\\u00e1n al norte de Navarra, alto Ebro y Pirineo occidental, sin descartarlas en otros puntos del extremo norte. Predominio de poco nuboso en el resto\",\"inLanguage\":\"es-ES\",\"isPartOf\":{\"@id\":\"https:\\\/\\\/candas365.es\\\/noticias\\\/#website\"},\"breadcrumb\":{\"@id\":\"https:\\\/\\\/candas365.es\\\/noticias\\\/el-tiempo-jueves-dia-12-de-marzo-de-2020\\\/#breadcrumblist\"},\"author\":{\"@id\":\"https:\\\/\\\/candas365.es\\\/noticias\\\/author\\\/admin\\\/#author\"},\"creator\":{\"@id\":\"https:\\\/\\\/candas365.es\\\/noticias\\\/author\\\/admin\\\/#author\"},\"image\":{\"@type\":\"ImageObject\",\"url\":\"https:\\\/\\\/candas365.es\\\/noticias\\\/wp-content\\\/uploads\\\/2016\\\/08\\\/matiella.jpg\",\"@id\":\"https:\\\/\\\/candas365.es\\\/noticias\\\/el-tiempo-jueves-dia-12-de-marzo-de-2020\\\/#mainImage\",\"width\":742,\"height\":518,\"caption\":\"Cand\\u00e1s\"},\"primaryImageOfPage\":{\"@id\":\"https:\\\/\\\/candas365.es\\\/noticias\\\/el-tiempo-jueves-dia-12-de-marzo-de-2020\\\/#mainImage\"},\"datePublished\":\"2020-03-12T11:46:28+01:00\",\"dateModified\":\"2020-03-12T11:46:28+01:00\"},{\"@type\":\"WebSite\",\"@id\":\"https:\\\/\\\/candas365.es\\\/noticias\\\/#website\",\"url\":\"https:\\\/\\\/candas365.es\\\/noticias\\\/\",\"name\":\"Cand\\u00e1s 365\",\"alternateName\":\"Cand\\u00e1s 365 Noticias\",\"description\":\"Actualidad desde Carre\\u00f1o para el mundo\",\"inLanguage\":\"es-ES\",\"publisher\":{\"@id\":\"https:\\\/\\\/candas365.es\\\/noticias\\\/#organization\"}}]}\n\t\t<\/script>\n\t\t<!-- All in One SEO Pro -->\r\n\t\t<title>El tiempo, jueves d\u00eda 12 de marzo de 2020 | Cand\u00e1s 365<\/title>\n\n","aioseo_head_json":{"title":"El tiempo, jueves d\u00eda 12 de marzo de 2020 | Cand\u00e1s 365","description":"Debido a la aproximaci\u00f3n de un frente atl\u00e1ntico poco activo, se espera un aumento de la nubosidad en el extremo norte peninsular, con lluvias en el \u00e1rea cant\u00e1brica, que se extender\u00e1n al norte de Navarra, alto Ebro y Pirineo occidental, sin descartarlas en otros puntos del extremo norte. Predominio de poco nuboso en el resto","canonical_url":"https:\/\/candas365.es\/noticias\/el-tiempo-jueves-dia-12-de-marzo-de-2020\/","robots":"max-image-preview:large","keywords":"el tiempo","webmasterTools":{"google-site-verification":"UA-32230408-1","msvalidate.01":"354F3CDFB2DA171B47FBE9ABF1F88D5","miscellaneous":""},"schema":{"@context":"https:\/\/schema.org","@graph":[{"@type":"BreadcrumbList","@id":"https:\/\/candas365.es\/noticias\/el-tiempo-jueves-dia-12-de-marzo-de-2020\/#breadcrumblist","itemListElement":[{"@type":"ListItem","@id":"https:\/\/candas365.es\/noticias#listItem","position":1,"name":"Home","item":"https:\/\/candas365.es\/noticias","nextItem":{"@type":"ListItem","@id":"https:\/\/candas365.es\/noticias\/category\/el-tiempo\/#listItem","name":"El tiempo"}},{"@type":"ListItem","@id":"https:\/\/candas365.es\/noticias\/category\/el-tiempo\/#listItem","position":2,"name":"El tiempo","item":"https:\/\/candas365.es\/noticias\/category\/el-tiempo\/","nextItem":{"@type":"ListItem","@id":"https:\/\/candas365.es\/noticias\/el-tiempo-jueves-dia-12-de-marzo-de-2020\/#listItem","name":"El tiempo, jueves d\u00eda 12 de marzo de 2020"},"previousItem":{"@type":"ListItem","@id":"https:\/\/candas365.es\/noticias#listItem","name":"Home"}},{"@type":"ListItem","@id":"https:\/\/candas365.es\/noticias\/el-tiempo-jueves-dia-12-de-marzo-de-2020\/#listItem","position":3,"name":"El tiempo, jueves d\u00eda 12 de marzo de 2020","previousItem":{"@type":"ListItem","@id":"https:\/\/candas365.es\/noticias\/category\/el-tiempo\/#listItem","name":"El tiempo"}}]},{"@type":"NewsArticle","@id":"https:\/\/candas365.es\/noticias\/el-tiempo-jueves-dia-12-de-marzo-de-2020\/#newsarticle","name":"El tiempo, jueves d\u00eda 12 de marzo de 2020 | Cand\u00e1s 365","headline":"El tiempo, jueves d\u00eda 12 de marzo de 2020","author":{"@id":"https:\/\/candas365.es\/noticias\/author\/admin\/#author"},"publisher":{"@id":"https:\/\/candas365.es\/noticias\/#organization"},"image":{"@type":"ImageObject","url":"https:\/\/candas365.es\/noticias\/wp-content\/uploads\/2016\/08\/matiella.jpg","width":742,"height":518,"caption":"Cand\u00e1s"},"datePublished":"2020-03-12T11:46:28+01:00","dateModified":"2020-03-12T11:46:28+01:00","inLanguage":"es-ES","mainEntityOfPage":{"@id":"https:\/\/candas365.es\/noticias\/el-tiempo-jueves-dia-12-de-marzo-de-2020\/#webpage"},"isPartOf":{"@id":"https:\/\/candas365.es\/noticias\/el-tiempo-jueves-dia-12-de-marzo-de-2020\/#webpage"},"articleSection":"El tiempo","dateline":"Publicado el marzo 12, 2020."},{"@type":"Organization","@id":"https:\/\/candas365.es\/noticias\/#organization","name":"Cand\u00e1s 365","description":"Cand\u00e1s 365 es un diario digital independiente, fundado en 2012, con base en Asturias. Informamos con rigor sobre actualidad, sociedad, cultura y ocio, con una mirada local y global.","url":"https:\/\/candas365.es\/noticias\/","email":"info@candas365.es","telephone":"+34652131393","foundingDate":"2012-06-10","logo":{"@type":"ImageObject","url":"https:\/\/candas365.es\/noticias\/wp-content\/uploads\/2024\/09\/Candas-365-Redes.jpg","@id":"https:\/\/candas365.es\/noticias\/el-tiempo-jueves-dia-12-de-marzo-de-2020\/#organizationLogo","width":1152,"height":864,"caption":"Cand\u00e1s 365 Redes"},"image":{"@id":"https:\/\/candas365.es\/noticias\/el-tiempo-jueves-dia-12-de-marzo-de-2020\/#organizationLogo"},"sameAs":["https:\/\/www.facebook.com\/Nachofdezber","https:\/\/x.com\/NabercoDigital","https:\/\/www.instagram.com\/nachofdezber\/","https:\/\/www.youtube.com\/channel\/UCZP-2wLEB9Rv6erhFmqVnvg"],"address":{"@id":"https:\/\/candas365.es\/noticias\/#postaladdress","@type":"PostalAddress","streetAddress":"san antonio 4, san antonio 4","postalCode":"33430","addressLocality":"Cand\u00e1s","addressRegion":"Asturias","addressCountry":"ES"}},{"@type":"Person","@id":"https:\/\/candas365.es\/noticias\/author\/admin\/#author","url":"https:\/\/candas365.es\/noticias\/author\/admin\/","name":"Cand\u00e1s 365","image":{"@type":"ImageObject","@id":"https:\/\/candas365.es\/noticias\/el-tiempo-jueves-dia-12-de-marzo-de-2020\/#authorImage","url":"https:\/\/secure.gravatar.com\/avatar\/496a8e03d0c493ede1718b7934145dbdf8d89be1036b0eec9544e1094c9de390?s=96&d=mm&r=g","width":96,"height":96,"caption":"Cand\u00e1s 365"},"sameAs":["https:\/\/www.facebook.com\/carrenoactualidad","https:\/\/twitter.com\/nbasturias","https:\/\/www.instagram.com\/nachofdezber\/","https:\/\/www.youtube.com\/channel\/UCZP-2wLEB9Rv6erhFmqVnvg"]},{"@type":"WebPage","@id":"https:\/\/candas365.es\/noticias\/el-tiempo-jueves-dia-12-de-marzo-de-2020\/#webpage","url":"https:\/\/candas365.es\/noticias\/el-tiempo-jueves-dia-12-de-marzo-de-2020\/","name":"El tiempo, jueves d\u00eda 12 de marzo de 2020 | Cand\u00e1s 365","description":"Debido a la aproximaci\u00f3n de un frente atl\u00e1ntico poco activo, se espera un aumento de la nubosidad en el extremo norte peninsular, con lluvias en el \u00e1rea cant\u00e1brica, que se extender\u00e1n al norte de Navarra, alto Ebro y Pirineo occidental, sin descartarlas en otros puntos del extremo norte. Predominio de poco nuboso en el resto","inLanguage":"es-ES","isPartOf":{"@id":"https:\/\/candas365.es\/noticias\/#website"},"breadcrumb":{"@id":"https:\/\/candas365.es\/noticias\/el-tiempo-jueves-dia-12-de-marzo-de-2020\/#breadcrumblist"},"author":{"@id":"https:\/\/candas365.es\/noticias\/author\/admin\/#author"},"creator":{"@id":"https:\/\/candas365.es\/noticias\/author\/admin\/#author"},"image":{"@type":"ImageObject","url":"https:\/\/candas365.es\/noticias\/wp-content\/uploads\/2016\/08\/matiella.jpg","@id":"https:\/\/candas365.es\/noticias\/el-tiempo-jueves-dia-12-de-marzo-de-2020\/#mainImage","width":742,"height":518,"caption":"Cand\u00e1s"},"primaryImageOfPage":{"@id":"https:\/\/candas365.es\/noticias\/el-tiempo-jueves-dia-12-de-marzo-de-2020\/#mainImage"},"datePublished":"2020-03-12T11:46:28+01:00","dateModified":"2020-03-12T11:46:28+01:00"},{"@type":"WebSite","@id":"https:\/\/candas365.es\/noticias\/#website","url":"https:\/\/candas365.es\/noticias\/","name":"Cand\u00e1s 365","alternateName":"Cand\u00e1s 365 Noticias","description":"Actualidad desde Carre\u00f1o para el mundo","inLanguage":"es-ES","publisher":{"@id":"https:\/\/candas365.es\/noticias\/#organization"}}]},"og:locale":"es_ES","og:site_name":"Cand\u00e1s 365","og:type":"article","og:title":"El tiempo, jueves d\u00eda 12 de marzo de 2020 | Cand\u00e1s 365","og:description":"Debido a la aproximaci\u00f3n de un frente atl\u00e1ntico poco activo, se espera un aumento de la nubosidad en el extremo norte peninsular, con lluvias en el \u00e1rea cant\u00e1brica, que se extender\u00e1n al norte de Navarra, alto Ebro y Pirineo occidental, sin descartarlas en otros puntos del extremo norte. Predominio de poco nuboso en el resto","og:url":"https:\/\/candas365.es\/noticias\/el-tiempo-jueves-dia-12-de-marzo-de-2020\/","og:image":"https:\/\/candas365.es\/noticias\/wp-content\/uploads\/2016\/08\/matiella.jpg","og:image:secure_url":"https:\/\/candas365.es\/noticias\/wp-content\/uploads\/2016\/08\/matiella.jpg","og:image:width":742,"og:image:height":518,"article:published_time":"2020-03-12T11:46:28+00:00","article:modified_time":"2020-03-12T11:46:28+00:00","article:publisher":"https:\/\/www.facebook.com\/Nachofdezber","article:author":"https:\/\/www.facebook.com\/carrenoactualidad","twitter:card":"summary_large_image","twitter:site":"@NabercoDigital","twitter:title":"El tiempo, jueves d\u00eda 12 de marzo de 2020 | Cand\u00e1s 365","twitter:description":"Debido a la aproximaci\u00f3n de un frente atl\u00e1ntico poco activo, se espera un aumento de la nubosidad en el extremo norte peninsular, con lluvias en el \u00e1rea cant\u00e1brica, que se extender\u00e1n al norte de Navarra, alto Ebro y Pirineo occidental, sin descartarlas en otros puntos del extremo norte. Predominio de poco nuboso en el resto","twitter:creator":"@nbasturias","twitter:image":"https:\/\/candas365.es\/noticias\/wp-content\/uploads\/2016\/08\/matiella.jpg","twitter:label1":"Escrito por","twitter:data1":"Cand\u00e1s 365","twitter:label2":"Tiempo de lectura estimado","twitter:data2":"1 minuto"},"aioseo_meta_data":{"post_id":"139410","title":null,"description":null,"keywords":null,"keyphrases":null,"primary_term":null,"canonical_url":null,"og_title":null,"og_description":null,"og_object_type":"default","og_image_type":"default","og_image_url":null,"og_image_width":null,"og_image_height":null,"og_image_custom_url":null,"og_image_custom_fields":null,"og_video":null,"og_custom_url":null,"og_article_section":null,"og_article_tags":null,"twitter_use_og":false,"twitter_card":"default","twitter_image_type":"default","twitter_image_url":null,"twitter_image_custom_url":null,"twitter_image_custom_fields":null,"twitter_title":null,"twitter_description":null,"schema":{"blockGraphs":[],"customGraphs":[],"default":{"data":{"Article":[],"Course":[],"Dataset":[],"FAQPage":[],"Movie":[],"Person":[],"Product":[],"ProductReview":[],"Car":[],"Recipe":[],"Service":[],"SoftwareApplication":[],"WebPage":[]},"graphName":"","isEnabled":true},"graphs":[],"defaultGraph":"","defaultPostTypeGraph":""},"schema_type":null,"schema_type_options":null,"pillar_content":false,"robots_default":true,"robots_noindex":false,"robots_noarchive":false,"robots_nosnippet":false,"robots_nofollow":false,"robots_noimageindex":false,"robots_noodp":false,"robots_notranslate":false,"robots_max_snippet":null,"robots_max_videopreview":null,"robots_max_imagepreview":"large","priority":null,"frequency":null,"location":null,"local_seo":null,"seo_analyzer_scan_date":"2025-08-31 01:30:29","breadcrumb_settings":null,"limit_modified_date":false,"reviewed_by":null,"open_ai":null,"ai":null,"created":"2020-12-21 10:44:35","updated":"2025-08-31 01:30:29"},"aioseo_breadcrumb":"<div class=\"aioseo-breadcrumbs\"><span class=\"aioseo-breadcrumb\">\n\t<a href=\"https:\/\/candas365.es\/noticias\" title=\"Home\">Home<\/a>\n<\/span><span class=\"aioseo-breadcrumb-separator\">&ndash;<\/span><span class=\"aioseo-breadcrumb\">\n\t<a href=\"https:\/\/candas365.es\/noticias\/category\/el-tiempo\/\" title=\"El tiempo\">El tiempo<\/a>\n<\/span><span class=\"aioseo-breadcrumb-separator\">&ndash;<\/span><span class=\"aioseo-breadcrumb\">\n\tEl tiempo, jueves d\u00eda 12 de marzo de 2020\n<\/span><\/div>","aioseo_breadcrumb_json":[{"label":"Home","link":"https:\/\/candas365.es\/noticias"},{"label":"El tiempo","link":"https:\/\/candas365.es\/noticias\/category\/el-tiempo\/"},{"label":"El tiempo, jueves d\u00eda 12 de marzo de 2020","link":"https:\/\/candas365.es\/noticias\/el-tiempo-jueves-dia-12-de-marzo-de-2020\/"}],"_links":{"self":[{"href":"https:\/\/candas365.es\/noticias\/wp-json\/wp\/v2\/posts\/139410","targetHints":{"allow":["GET"]}}],"collection":[{"href":"https:\/\/candas365.es\/noticias\/wp-json\/wp\/v2\/posts"}],"about":[{"href":"https:\/\/candas365.es\/noticias\/wp-json\/wp\/v2\/types\/post"}],"author":[{"embeddable":true,"href":"https:\/\/candas365.es\/noticias\/wp-json\/wp\/v2\/users\/1"}],"replies":[{"embeddable":true,"href":"https:\/\/candas365.es\/noticias\/wp-json\/wp\/v2\/comments?post=139410"}],"version-history":[{"count":0,"href":"https:\/\/candas365.es\/noticias\/wp-json\/wp\/v2\/posts\/139410\/revisions"}],"wp:featuredmedia":[{"embeddable":true,"href":"https:\/\/candas365.es\/noticias\/wp-json\/wp\/v2\/media\/33342"}],"wp:attachment":[{"href":"https:\/\/candas365.es\/noticias\/wp-json\/wp\/v2\/media?parent=139410"}],"wp:term":[{"taxonomy":"category","embeddable":true,"href":"https:\/\/candas365.es\/noticias\/wp-json\/wp\/v2\/categories?post=139410"},{"taxonomy":"post_tag","embeddable":true,"href":"https:\/\/candas365.es\/noticias\/wp-json\/wp\/v2\/tags?post=139410"}],"curies":[{"name":"wp","href":"https:\/\/api.w.org\/{rel}","templated":true}]}}