{"id":139348,"date":"2020-03-10T12:40:19","date_gmt":"2020-03-10T12:40:19","guid":{"rendered":"http:\/\/candas365.es\/noticias\/?p=139348"},"modified":"2020-03-10T12:40:19","modified_gmt":"2020-03-10T12:40:19","slug":"americana-film-festival-en-laboral-cinemateca","status":"publish","type":"post","link":"https:\/\/candas365.es\/noticias\/americana-film-festival-en-laboral-cinemateca\/","title":{"rendered":"Americana Film Festival en Laboral Cinemateca"},"content":{"rendered":"<p><img fetchpriority=\"high\" decoding=\"async\" class=\"alignleft size-medium wp-image-139349\" src=\"https:\/\/candas365.es\/noticias\/wp-content\/uploads\/2020\/03\/ndp-LaboralCine-360x203.jpg\" alt=\"\" width=\"360\" height=\"203\" srcset=\"https:\/\/candas365.es\/noticias\/wp-content\/uploads\/2020\/03\/ndp-LaboralCine-360x203.jpg 360w, https:\/\/candas365.es\/noticias\/wp-content\/uploads\/2020\/03\/ndp-LaboralCine-655x369.jpg 655w, https:\/\/candas365.es\/noticias\/wp-content\/uploads\/2020\/03\/ndp-LaboralCine-768x433.jpg 768w, https:\/\/candas365.es\/noticias\/wp-content\/uploads\/2020\/03\/ndp-LaboralCine-696x392.jpg 696w, https:\/\/candas365.es\/noticias\/wp-content\/uploads\/2020\/03\/ndp-LaboralCine-1068x602.jpg 1068w, https:\/\/candas365.es\/noticias\/wp-content\/uploads\/2020\/03\/ndp-LaboralCine-745x420.jpg 745w, https:\/\/candas365.es\/noticias\/wp-content\/uploads\/2020\/03\/ndp-LaboralCine.jpg 1079w\" sizes=\"(max-width: 360px) 100vw, 360px\" \/>El mejor cine independiente americano llega este mes a la cartelera de Laboral Cinemateca con la proyecci\u00f3n de cuatro de los t\u00edtulos que forman parte de la programaci\u00f3n del Americana Film Festival y que tendr\u00e1n su estreno en Asturias tan solo unos d\u00edas despu\u00e9s de su proyecci\u00f3n en el certamen barcelon\u00e9s.<\/p>\n<p>Presentadas en Sundance, South by Southwest (SXSW), Venecia, San Sebasti\u00e1n, Sitges o Deauville, el Festival de Cine Independiente Norteamericano de Barcelona re\u00fane este a\u00f1o en su ciclo itinerante Route 66 cuatro destacados t\u00edtulos entre los que se encuentra la perla del festival, Honey boy, un relato de redenci\u00f3n fascinante que confirma a Alma Har\u00b4el como una cineasta a seguir. Adem\u00e1s, el debut en la ficci\u00f3n de Carlo Mirabella-Davis, que con Swallow llena la pantalla de emociones fuertes; Seberg, el biopic dirigido por Benedict Andrews que protagoniza una brillante Kristen Steward; y Thunder road, la \u00f3pera prima de Jim Cummings, uno de los directores fetiche del festival.<\/p>\n<p>Proyectada en el Festival de Sitges, el realizador Carlo Mirabella-Davis presenta Swallow, un thriller inteligente y perturbador que acumula ya m\u00e1s de 15 premios, entre los que destaca el de mejor actriz en Tribeca para Halley Bennett y su descarnada interpretaci\u00f3n de una mujer rica y atormentada por una extra\u00f1a adicci\u00f3n por ingerir objetos peligrosos para su salud. El Paraninfo de la Laboral acoger\u00e1 la proyecci\u00f3n de Swallow el viernes 13 de marzo y el s\u00e1bado 4 de abril a las 20:00 horas.<\/p>\n<p>El siempre inquieto Shia LaBeouf (Transformers, Indiana Jones y el reino de la calavera de cristal) explora su tortuoso pasado en Honey boy, una de la perlas del Americana Film Fest de este a\u00f1o. El enfant terrible de Hollywood escribe, produce y protagoniza esta arriesgada, hipn\u00f3tica y personal pel\u00edcula que cuenta la historia de Otis, un ni\u00f1o de 12 a\u00f1os que descubre desde muy joven la fama de Hollywood. Su padre es un antiguo payaso de rodeo, ahora sin trabajo, que decide centrar su vida en orientar y tutelar al peque\u00f1o. La israel\u00ed Alma Har\u00b4el dirige extraordinariamente este film -merecedor del Premio del Jurado en Sundance, del mejor guion en los Hollywood Film Awards y con 4 nominaciones a los Independent Spirit Awards- que podr\u00e1 verse en a Laboral Cinemateca el s\u00e1bado 14 de marzo a las 20:00 horas y el domingo 22 de marzo a las 19:00 horas.<\/p>\n<p>Llega al Americana Film Fest el primer largo de Jim Cummings, Thunder Road, que escribe, produce, dirige e interpreta dando vida al agente Jim Arnaud, un polic\u00eda de Texas que hace todo lo que puede por criar a su hija mientras lidia con su separaci\u00f3n y con la muerte de su madre. Humor \u00e1cido, patetismo y honestidad en esta pel\u00edcula que consigui\u00f3 estar presente en Cannes y que se alz\u00f3 con el Gran Premio del Jurado en South by Southwest (SXSW). Podr\u00e1 verse en Gij\u00f3n\/Xix\u00f3n el viernes 20 de marzo a las 20:00 horas y el domingo 29 de marzo a las 19:00 horas.<\/p>\n<p>Cierra el programa Route 66 del Americana Film Festival el biopic Seberg en el que el realizador Benedict Andrews recoge uno de los momentos clave en la vida de la actriz Jean Seberg, icono de la Nouvelle Vague francesa que luch\u00f3 por la igualdad racial y la militancia feminista y cuya relaci\u00f3n con activistas de los derechos civiles le llev\u00f3 a ser investigada por el FBI. Una deslumbrante Kristen Stewart protagoniza este refinado, reivindicativo y sensual film que llegar\u00e1 a la Laboral el s\u00e1bado 21 de marzo y el viernes 3 de abril a las 20:00 horas.<\/p>\n<p>Las entradas para las proyecciones pueden adquirirse, a un precio general de 4\u20ac y reducido de 3\u20ac, en la Recepci\u00f3n de Laboral Ciudad de la Cultura en Gij\u00f3n\/Xix\u00f3n, en la Recepci\u00f3n del Centro Niemeyer en Avil\u00e9s, en el Centro de Informaci\u00f3n Tur\u00edstica del Principado en Oviedo\/Uvi\u00e9u, en entradas.liberbank.es, en el tel\u00e9fono 985 969 708, en la red de cajeros Liberbank y en la propia web de Laboral Cinemateca.<\/p>\n","protected":false},"excerpt":{"rendered":"<p>El mejor cine independiente americano llega este mes a la cartelera de Laboral Cinemateca con la proyecci\u00f3n de cuatro de los t\u00edtulos que forman parte de la programaci\u00f3n del Americana Film Festival y que tendr\u00e1n su estreno en Asturias tan solo unos d\u00edas despu\u00e9s de su proyecci\u00f3n en el certamen barcelon\u00e9s. Presentadas en Sundance, South<\/p>\n","protected":false},"author":1,"featured_media":139349,"comment_status":"closed","ping_status":"closed","sticky":false,"template":"","format":"standard","meta":{"footnotes":""},"categories":[1],"tags":[],"class_list":{"0":"post-139348","1":"post","2":"type-post","3":"status-publish","4":"format-standard","5":"has-post-thumbnail","7":"category-agenda"},"aioseo_notices":[],"aioseo_head":"\n\t\t<!-- All in One SEO Pro 4.9.6.2 - aioseo.com -->\n\t<meta name=\"description\" content=\"El mejor cine independiente americano llega este mes a la cartelera de Laboral Cinemateca con la proyecci\u00f3n de cuatro de los t\u00edtulos que forman parte de la programaci\u00f3n del Americana Film Festival y que tendr\u00e1n su estreno en Asturias tan solo unos d\u00edas despu\u00e9s de su proyecci\u00f3n en el certamen barcelon\u00e9s. Presentadas en Sundance, South\" \/>\n\t<meta name=\"robots\" content=\"max-image-preview:large\" \/>\n\t<meta name=\"author\" content=\"Cand\u00e1s 365\"\/>\n\t<meta name=\"google-site-verification\" content=\"UA-32230408-1\" \/>\n\t<meta name=\"msvalidate.01\" content=\"354F3CDFB2DA171B47FBE9ABF1F88D5\" \/>\n\t<meta name=\"keywords\" content=\"agenda\" \/>\n\t<link rel=\"canonical\" href=\"https:\/\/candas365.es\/noticias\/americana-film-festival-en-laboral-cinemateca\/\" \/>\n\t<meta name=\"generator\" content=\"All in One SEO Pro (AIOSEO) 4.9.6.2\" \/>\n\t\t<meta property=\"og:locale\" content=\"es_ES\" \/>\n\t\t<meta property=\"og:site_name\" content=\"Cand\u00e1s 365\" \/>\n\t\t<meta property=\"og:type\" content=\"article\" \/>\n\t\t<meta property=\"og:title\" content=\"Americana Film Festival en Laboral Cinemateca | Cand\u00e1s 365\" \/>\n\t\t<meta property=\"og:description\" content=\"El mejor cine independiente americano llega este mes a la cartelera de Laboral Cinemateca con la proyecci\u00f3n de cuatro de los t\u00edtulos que forman parte de la programaci\u00f3n del Americana Film Festival y que tendr\u00e1n su estreno en Asturias tan solo unos d\u00edas despu\u00e9s de su proyecci\u00f3n en el certamen barcelon\u00e9s. Presentadas en Sundance, South\" \/>\n\t\t<meta property=\"og:url\" content=\"https:\/\/candas365.es\/noticias\/americana-film-festival-en-laboral-cinemateca\/\" \/>\n\t\t<meta property=\"og:image\" content=\"https:\/\/candas365.es\/noticias\/wp-content\/uploads\/2020\/03\/ndp-LaboralCine.jpg\" \/>\n\t\t<meta property=\"og:image:secure_url\" content=\"https:\/\/candas365.es\/noticias\/wp-content\/uploads\/2020\/03\/ndp-LaboralCine.jpg\" \/>\n\t\t<meta property=\"og:image:width\" content=\"1079\" \/>\n\t\t<meta property=\"og:image:height\" content=\"608\" \/>\n\t\t<meta property=\"article:published_time\" content=\"2020-03-10T12:40:19+00:00\" \/>\n\t\t<meta property=\"article:modified_time\" content=\"2020-03-10T12:40:19+00:00\" \/>\n\t\t<meta property=\"article:publisher\" content=\"https:\/\/www.facebook.com\/Nachofdezber\" \/>\n\t\t<meta property=\"article:author\" content=\"https:\/\/www.facebook.com\/carrenoactualidad\" \/>\n\t\t<meta name=\"twitter:card\" content=\"summary_large_image\" \/>\n\t\t<meta name=\"twitter:site\" content=\"@NabercoDigital\" \/>\n\t\t<meta name=\"twitter:title\" content=\"Americana Film Festival en Laboral Cinemateca | Cand\u00e1s 365\" \/>\n\t\t<meta name=\"twitter:description\" content=\"El mejor cine independiente americano llega este mes a la cartelera de Laboral Cinemateca con la proyecci\u00f3n de cuatro de los t\u00edtulos que forman parte de la programaci\u00f3n del Americana Film Festival y que tendr\u00e1n su estreno en Asturias tan solo unos d\u00edas despu\u00e9s de su proyecci\u00f3n en el certamen barcelon\u00e9s. Presentadas en Sundance, South\" \/>\n\t\t<meta name=\"twitter:creator\" content=\"@nbasturias\" \/>\n\t\t<meta name=\"twitter:image\" content=\"https:\/\/candas365.es\/noticias\/wp-content\/uploads\/2020\/03\/ndp-LaboralCine.jpg\" \/>\n\t\t<meta name=\"twitter:label1\" content=\"Escrito por\" \/>\n\t\t<meta name=\"twitter:data1\" content=\"Cand\u00e1s 365\" \/>\n\t\t<meta name=\"twitter:label2\" content=\"Tiempo de lectura estimado\" \/>\n\t\t<meta name=\"twitter:data2\" content=\"3 minutos\" \/>\n\t\t<script type=\"application\/ld+json\" class=\"aioseo-schema\">\n\t\t\t{\"@context\":\"https:\\\/\\\/schema.org\",\"@graph\":[{\"@type\":\"BreadcrumbList\",\"@id\":\"https:\\\/\\\/candas365.es\\\/noticias\\\/americana-film-festival-en-laboral-cinemateca\\\/#breadcrumblist\",\"itemListElement\":[{\"@type\":\"ListItem\",\"@id\":\"https:\\\/\\\/candas365.es\\\/noticias#listItem\",\"position\":1,\"name\":\"Home\",\"item\":\"https:\\\/\\\/candas365.es\\\/noticias\",\"nextItem\":{\"@type\":\"ListItem\",\"@id\":\"https:\\\/\\\/candas365.es\\\/noticias\\\/category\\\/agenda\\\/#listItem\",\"name\":\"Agenda\"}},{\"@type\":\"ListItem\",\"@id\":\"https:\\\/\\\/candas365.es\\\/noticias\\\/category\\\/agenda\\\/#listItem\",\"position\":2,\"name\":\"Agenda\",\"item\":\"https:\\\/\\\/candas365.es\\\/noticias\\\/category\\\/agenda\\\/\",\"nextItem\":{\"@type\":\"ListItem\",\"@id\":\"https:\\\/\\\/candas365.es\\\/noticias\\\/americana-film-festival-en-laboral-cinemateca\\\/#listItem\",\"name\":\"Americana Film Festival en Laboral Cinemateca\"},\"previousItem\":{\"@type\":\"ListItem\",\"@id\":\"https:\\\/\\\/candas365.es\\\/noticias#listItem\",\"name\":\"Home\"}},{\"@type\":\"ListItem\",\"@id\":\"https:\\\/\\\/candas365.es\\\/noticias\\\/americana-film-festival-en-laboral-cinemateca\\\/#listItem\",\"position\":3,\"name\":\"Americana Film Festival en Laboral Cinemateca\",\"previousItem\":{\"@type\":\"ListItem\",\"@id\":\"https:\\\/\\\/candas365.es\\\/noticias\\\/category\\\/agenda\\\/#listItem\",\"name\":\"Agenda\"}}]},{\"@type\":\"NewsArticle\",\"@id\":\"https:\\\/\\\/candas365.es\\\/noticias\\\/americana-film-festival-en-laboral-cinemateca\\\/#newsarticle\",\"name\":\"Americana Film Festival en Laboral Cinemateca | Cand\\u00e1s 365\",\"headline\":\"Americana Film Festival en Laboral Cinemateca\",\"author\":{\"@id\":\"https:\\\/\\\/candas365.es\\\/noticias\\\/author\\\/admin\\\/#author\"},\"publisher\":{\"@id\":\"https:\\\/\\\/candas365.es\\\/noticias\\\/#organization\"},\"image\":{\"@type\":\"ImageObject\",\"url\":\"https:\\\/\\\/candas365.es\\\/noticias\\\/wp-content\\\/uploads\\\/2020\\\/03\\\/ndp-LaboralCine.jpg\",\"width\":1079,\"height\":608},\"datePublished\":\"2020-03-10T12:40:19+01:00\",\"dateModified\":\"2020-03-10T12:40:19+01:00\",\"inLanguage\":\"es-ES\",\"mainEntityOfPage\":{\"@id\":\"https:\\\/\\\/candas365.es\\\/noticias\\\/americana-film-festival-en-laboral-cinemateca\\\/#webpage\"},\"isPartOf\":{\"@id\":\"https:\\\/\\\/candas365.es\\\/noticias\\\/americana-film-festival-en-laboral-cinemateca\\\/#webpage\"},\"articleSection\":\"Agenda\",\"dateline\":\"Publicado el marzo 10, 2020.\"},{\"@type\":\"Organization\",\"@id\":\"https:\\\/\\\/candas365.es\\\/noticias\\\/#organization\",\"name\":\"Cand\\u00e1s 365\",\"description\":\"Cand\\u00e1s 365 es un diario digital independiente, fundado en 2012, con base en Asturias. Informamos con rigor sobre actualidad, sociedad, cultura y ocio, con una mirada local y global.\",\"url\":\"https:\\\/\\\/candas365.es\\\/noticias\\\/\",\"email\":\"info@candas365.es\",\"telephone\":\"+34652131393\",\"foundingDate\":\"2012-06-10\",\"logo\":{\"@type\":\"ImageObject\",\"url\":\"https:\\\/\\\/candas365.es\\\/noticias\\\/wp-content\\\/uploads\\\/2024\\\/09\\\/Candas-365-Redes.jpg\",\"@id\":\"https:\\\/\\\/candas365.es\\\/noticias\\\/americana-film-festival-en-laboral-cinemateca\\\/#organizationLogo\",\"width\":1152,\"height\":864,\"caption\":\"Cand\\u00e1s 365 Redes\"},\"image\":{\"@id\":\"https:\\\/\\\/candas365.es\\\/noticias\\\/americana-film-festival-en-laboral-cinemateca\\\/#organizationLogo\"},\"sameAs\":[\"https:\\\/\\\/www.facebook.com\\\/Nachofdezber\",\"https:\\\/\\\/x.com\\\/NabercoDigital\",\"https:\\\/\\\/www.instagram.com\\\/nachofdezber\\\/\",\"https:\\\/\\\/www.youtube.com\\\/channel\\\/UCZP-2wLEB9Rv6erhFmqVnvg\"],\"address\":{\"@id\":\"https:\\\/\\\/candas365.es\\\/noticias\\\/#postaladdress\",\"@type\":\"PostalAddress\",\"streetAddress\":\"san antonio 4, san antonio 4\",\"postalCode\":\"33430\",\"addressLocality\":\"Cand\\u00e1s\",\"addressRegion\":\"Asturias\",\"addressCountry\":\"ES\"}},{\"@type\":\"Person\",\"@id\":\"https:\\\/\\\/candas365.es\\\/noticias\\\/author\\\/admin\\\/#author\",\"url\":\"https:\\\/\\\/candas365.es\\\/noticias\\\/author\\\/admin\\\/\",\"name\":\"Cand\\u00e1s 365\",\"image\":{\"@type\":\"ImageObject\",\"@id\":\"https:\\\/\\\/candas365.es\\\/noticias\\\/americana-film-festival-en-laboral-cinemateca\\\/#authorImage\",\"url\":\"https:\\\/\\\/secure.gravatar.com\\\/avatar\\\/496a8e03d0c493ede1718b7934145dbdf8d89be1036b0eec9544e1094c9de390?s=96&d=mm&r=g\",\"width\":96,\"height\":96,\"caption\":\"Cand\\u00e1s 365\"},\"sameAs\":[\"https:\\\/\\\/www.facebook.com\\\/carrenoactualidad\",\"https:\\\/\\\/twitter.com\\\/nbasturias\",\"https:\\\/\\\/www.instagram.com\\\/nachofdezber\\\/\",\"https:\\\/\\\/www.youtube.com\\\/channel\\\/UCZP-2wLEB9Rv6erhFmqVnvg\"]},{\"@type\":\"WebPage\",\"@id\":\"https:\\\/\\\/candas365.es\\\/noticias\\\/americana-film-festival-en-laboral-cinemateca\\\/#webpage\",\"url\":\"https:\\\/\\\/candas365.es\\\/noticias\\\/americana-film-festival-en-laboral-cinemateca\\\/\",\"name\":\"Americana Film Festival en Laboral Cinemateca | Cand\\u00e1s 365\",\"description\":\"El mejor cine independiente americano llega este mes a la cartelera de Laboral Cinemateca con la proyecci\\u00f3n de cuatro de los t\\u00edtulos que forman parte de la programaci\\u00f3n del Americana Film Festival y que tendr\\u00e1n su estreno en Asturias tan solo unos d\\u00edas despu\\u00e9s de su proyecci\\u00f3n en el certamen barcelon\\u00e9s. Presentadas en Sundance, South\",\"inLanguage\":\"es-ES\",\"isPartOf\":{\"@id\":\"https:\\\/\\\/candas365.es\\\/noticias\\\/#website\"},\"breadcrumb\":{\"@id\":\"https:\\\/\\\/candas365.es\\\/noticias\\\/americana-film-festival-en-laboral-cinemateca\\\/#breadcrumblist\"},\"author\":{\"@id\":\"https:\\\/\\\/candas365.es\\\/noticias\\\/author\\\/admin\\\/#author\"},\"creator\":{\"@id\":\"https:\\\/\\\/candas365.es\\\/noticias\\\/author\\\/admin\\\/#author\"},\"image\":{\"@type\":\"ImageObject\",\"url\":\"https:\\\/\\\/candas365.es\\\/noticias\\\/wp-content\\\/uploads\\\/2020\\\/03\\\/ndp-LaboralCine.jpg\",\"@id\":\"https:\\\/\\\/candas365.es\\\/noticias\\\/americana-film-festival-en-laboral-cinemateca\\\/#mainImage\",\"width\":1079,\"height\":608},\"primaryImageOfPage\":{\"@id\":\"https:\\\/\\\/candas365.es\\\/noticias\\\/americana-film-festival-en-laboral-cinemateca\\\/#mainImage\"},\"datePublished\":\"2020-03-10T12:40:19+01:00\",\"dateModified\":\"2020-03-10T12:40:19+01:00\"},{\"@type\":\"WebSite\",\"@id\":\"https:\\\/\\\/candas365.es\\\/noticias\\\/#website\",\"url\":\"https:\\\/\\\/candas365.es\\\/noticias\\\/\",\"name\":\"Cand\\u00e1s 365\",\"alternateName\":\"Cand\\u00e1s 365 Noticias\",\"description\":\"Actualidad desde Carre\\u00f1o para el mundo\",\"inLanguage\":\"es-ES\",\"publisher\":{\"@id\":\"https:\\\/\\\/candas365.es\\\/noticias\\\/#organization\"}}]}\n\t\t<\/script>\n\t\t<!-- All in One SEO Pro -->\r\n\t\t<title>Americana Film Festival en Laboral Cinemateca | Cand\u00e1s 365<\/title>\n\n","aioseo_head_json":{"title":"Americana Film Festival en Laboral Cinemateca | Cand\u00e1s 365","description":"El mejor cine independiente americano llega este mes a la cartelera de Laboral Cinemateca con la proyecci\u00f3n de cuatro de los t\u00edtulos que forman parte de la programaci\u00f3n del Americana Film Festival y que tendr\u00e1n su estreno en Asturias tan solo unos d\u00edas despu\u00e9s de su proyecci\u00f3n en el certamen barcelon\u00e9s. Presentadas en Sundance, South","canonical_url":"https:\/\/candas365.es\/noticias\/americana-film-festival-en-laboral-cinemateca\/","robots":"max-image-preview:large","keywords":"agenda","webmasterTools":{"google-site-verification":"UA-32230408-1","msvalidate.01":"354F3CDFB2DA171B47FBE9ABF1F88D5","miscellaneous":""},"schema":{"@context":"https:\/\/schema.org","@graph":[{"@type":"BreadcrumbList","@id":"https:\/\/candas365.es\/noticias\/americana-film-festival-en-laboral-cinemateca\/#breadcrumblist","itemListElement":[{"@type":"ListItem","@id":"https:\/\/candas365.es\/noticias#listItem","position":1,"name":"Home","item":"https:\/\/candas365.es\/noticias","nextItem":{"@type":"ListItem","@id":"https:\/\/candas365.es\/noticias\/category\/agenda\/#listItem","name":"Agenda"}},{"@type":"ListItem","@id":"https:\/\/candas365.es\/noticias\/category\/agenda\/#listItem","position":2,"name":"Agenda","item":"https:\/\/candas365.es\/noticias\/category\/agenda\/","nextItem":{"@type":"ListItem","@id":"https:\/\/candas365.es\/noticias\/americana-film-festival-en-laboral-cinemateca\/#listItem","name":"Americana Film Festival en Laboral Cinemateca"},"previousItem":{"@type":"ListItem","@id":"https:\/\/candas365.es\/noticias#listItem","name":"Home"}},{"@type":"ListItem","@id":"https:\/\/candas365.es\/noticias\/americana-film-festival-en-laboral-cinemateca\/#listItem","position":3,"name":"Americana Film Festival en Laboral Cinemateca","previousItem":{"@type":"ListItem","@id":"https:\/\/candas365.es\/noticias\/category\/agenda\/#listItem","name":"Agenda"}}]},{"@type":"NewsArticle","@id":"https:\/\/candas365.es\/noticias\/americana-film-festival-en-laboral-cinemateca\/#newsarticle","name":"Americana Film Festival en Laboral Cinemateca | Cand\u00e1s 365","headline":"Americana Film Festival en Laboral Cinemateca","author":{"@id":"https:\/\/candas365.es\/noticias\/author\/admin\/#author"},"publisher":{"@id":"https:\/\/candas365.es\/noticias\/#organization"},"image":{"@type":"ImageObject","url":"https:\/\/candas365.es\/noticias\/wp-content\/uploads\/2020\/03\/ndp-LaboralCine.jpg","width":1079,"height":608},"datePublished":"2020-03-10T12:40:19+01:00","dateModified":"2020-03-10T12:40:19+01:00","inLanguage":"es-ES","mainEntityOfPage":{"@id":"https:\/\/candas365.es\/noticias\/americana-film-festival-en-laboral-cinemateca\/#webpage"},"isPartOf":{"@id":"https:\/\/candas365.es\/noticias\/americana-film-festival-en-laboral-cinemateca\/#webpage"},"articleSection":"Agenda","dateline":"Publicado el marzo 10, 2020."},{"@type":"Organization","@id":"https:\/\/candas365.es\/noticias\/#organization","name":"Cand\u00e1s 365","description":"Cand\u00e1s 365 es un diario digital independiente, fundado en 2012, con base en Asturias. Informamos con rigor sobre actualidad, sociedad, cultura y ocio, con una mirada local y global.","url":"https:\/\/candas365.es\/noticias\/","email":"info@candas365.es","telephone":"+34652131393","foundingDate":"2012-06-10","logo":{"@type":"ImageObject","url":"https:\/\/candas365.es\/noticias\/wp-content\/uploads\/2024\/09\/Candas-365-Redes.jpg","@id":"https:\/\/candas365.es\/noticias\/americana-film-festival-en-laboral-cinemateca\/#organizationLogo","width":1152,"height":864,"caption":"Cand\u00e1s 365 Redes"},"image":{"@id":"https:\/\/candas365.es\/noticias\/americana-film-festival-en-laboral-cinemateca\/#organizationLogo"},"sameAs":["https:\/\/www.facebook.com\/Nachofdezber","https:\/\/x.com\/NabercoDigital","https:\/\/www.instagram.com\/nachofdezber\/","https:\/\/www.youtube.com\/channel\/UCZP-2wLEB9Rv6erhFmqVnvg"],"address":{"@id":"https:\/\/candas365.es\/noticias\/#postaladdress","@type":"PostalAddress","streetAddress":"san antonio 4, san antonio 4","postalCode":"33430","addressLocality":"Cand\u00e1s","addressRegion":"Asturias","addressCountry":"ES"}},{"@type":"Person","@id":"https:\/\/candas365.es\/noticias\/author\/admin\/#author","url":"https:\/\/candas365.es\/noticias\/author\/admin\/","name":"Cand\u00e1s 365","image":{"@type":"ImageObject","@id":"https:\/\/candas365.es\/noticias\/americana-film-festival-en-laboral-cinemateca\/#authorImage","url":"https:\/\/secure.gravatar.com\/avatar\/496a8e03d0c493ede1718b7934145dbdf8d89be1036b0eec9544e1094c9de390?s=96&d=mm&r=g","width":96,"height":96,"caption":"Cand\u00e1s 365"},"sameAs":["https:\/\/www.facebook.com\/carrenoactualidad","https:\/\/twitter.com\/nbasturias","https:\/\/www.instagram.com\/nachofdezber\/","https:\/\/www.youtube.com\/channel\/UCZP-2wLEB9Rv6erhFmqVnvg"]},{"@type":"WebPage","@id":"https:\/\/candas365.es\/noticias\/americana-film-festival-en-laboral-cinemateca\/#webpage","url":"https:\/\/candas365.es\/noticias\/americana-film-festival-en-laboral-cinemateca\/","name":"Americana Film Festival en Laboral Cinemateca | Cand\u00e1s 365","description":"El mejor cine independiente americano llega este mes a la cartelera de Laboral Cinemateca con la proyecci\u00f3n de cuatro de los t\u00edtulos que forman parte de la programaci\u00f3n del Americana Film Festival y que tendr\u00e1n su estreno en Asturias tan solo unos d\u00edas despu\u00e9s de su proyecci\u00f3n en el certamen barcelon\u00e9s. Presentadas en Sundance, South","inLanguage":"es-ES","isPartOf":{"@id":"https:\/\/candas365.es\/noticias\/#website"},"breadcrumb":{"@id":"https:\/\/candas365.es\/noticias\/americana-film-festival-en-laboral-cinemateca\/#breadcrumblist"},"author":{"@id":"https:\/\/candas365.es\/noticias\/author\/admin\/#author"},"creator":{"@id":"https:\/\/candas365.es\/noticias\/author\/admin\/#author"},"image":{"@type":"ImageObject","url":"https:\/\/candas365.es\/noticias\/wp-content\/uploads\/2020\/03\/ndp-LaboralCine.jpg","@id":"https:\/\/candas365.es\/noticias\/americana-film-festival-en-laboral-cinemateca\/#mainImage","width":1079,"height":608},"primaryImageOfPage":{"@id":"https:\/\/candas365.es\/noticias\/americana-film-festival-en-laboral-cinemateca\/#mainImage"},"datePublished":"2020-03-10T12:40:19+01:00","dateModified":"2020-03-10T12:40:19+01:00"},{"@type":"WebSite","@id":"https:\/\/candas365.es\/noticias\/#website","url":"https:\/\/candas365.es\/noticias\/","name":"Cand\u00e1s 365","alternateName":"Cand\u00e1s 365 Noticias","description":"Actualidad desde Carre\u00f1o para el mundo","inLanguage":"es-ES","publisher":{"@id":"https:\/\/candas365.es\/noticias\/#organization"}}]},"og:locale":"es_ES","og:site_name":"Cand\u00e1s 365","og:type":"article","og:title":"Americana Film Festival en Laboral Cinemateca | Cand\u00e1s 365","og:description":"El mejor cine independiente americano llega este mes a la cartelera de Laboral Cinemateca con la proyecci\u00f3n de cuatro de los t\u00edtulos que forman parte de la programaci\u00f3n del Americana Film Festival y que tendr\u00e1n su estreno en Asturias tan solo unos d\u00edas despu\u00e9s de su proyecci\u00f3n en el certamen barcelon\u00e9s. Presentadas en Sundance, South","og:url":"https:\/\/candas365.es\/noticias\/americana-film-festival-en-laboral-cinemateca\/","og:image":"https:\/\/candas365.es\/noticias\/wp-content\/uploads\/2020\/03\/ndp-LaboralCine.jpg","og:image:secure_url":"https:\/\/candas365.es\/noticias\/wp-content\/uploads\/2020\/03\/ndp-LaboralCine.jpg","og:image:width":1079,"og:image:height":608,"article:published_time":"2020-03-10T12:40:19+00:00","article:modified_time":"2020-03-10T12:40:19+00:00","article:publisher":"https:\/\/www.facebook.com\/Nachofdezber","article:author":"https:\/\/www.facebook.com\/carrenoactualidad","twitter:card":"summary_large_image","twitter:site":"@NabercoDigital","twitter:title":"Americana Film Festival en Laboral Cinemateca | Cand\u00e1s 365","twitter:description":"El mejor cine independiente americano llega este mes a la cartelera de Laboral Cinemateca con la proyecci\u00f3n de cuatro de los t\u00edtulos que forman parte de la programaci\u00f3n del Americana Film Festival y que tendr\u00e1n su estreno en Asturias tan solo unos d\u00edas despu\u00e9s de su proyecci\u00f3n en el certamen barcelon\u00e9s. Presentadas en Sundance, South","twitter:creator":"@nbasturias","twitter:image":"https:\/\/candas365.es\/noticias\/wp-content\/uploads\/2020\/03\/ndp-LaboralCine.jpg","twitter:label1":"Escrito por","twitter:data1":"Cand\u00e1s 365","twitter:label2":"Tiempo de lectura estimado","twitter:data2":"3 minutos"},"aioseo_meta_data":{"post_id":"139348","title":null,"description":null,"keywords":null,"keyphrases":null,"primary_term":null,"canonical_url":null,"og_title":null,"og_description":null,"og_object_type":"default","og_image_type":"default","og_image_url":null,"og_image_width":null,"og_image_height":null,"og_image_custom_url":null,"og_image_custom_fields":null,"og_video":null,"og_custom_url":null,"og_article_section":null,"og_article_tags":null,"twitter_use_og":false,"twitter_card":"default","twitter_image_type":"default","twitter_image_url":null,"twitter_image_custom_url":null,"twitter_image_custom_fields":null,"twitter_title":null,"twitter_description":null,"schema":{"blockGraphs":[],"customGraphs":[],"default":{"data":{"Article":[],"Course":[],"Dataset":[],"FAQPage":[],"Movie":[],"Person":[],"Product":[],"ProductReview":[],"Car":[],"Recipe":[],"Service":[],"SoftwareApplication":[],"WebPage":[]},"graphName":"","isEnabled":true},"graphs":[]},"schema_type":null,"schema_type_options":null,"pillar_content":false,"robots_default":true,"robots_noindex":false,"robots_noarchive":false,"robots_nosnippet":false,"robots_nofollow":false,"robots_noimageindex":false,"robots_noodp":false,"robots_notranslate":false,"robots_max_snippet":null,"robots_max_videopreview":null,"robots_max_imagepreview":"large","priority":null,"frequency":null,"location":null,"local_seo":null,"seo_analyzer_scan_date":"2025-08-31 01:26:09","breadcrumb_settings":null,"limit_modified_date":false,"reviewed_by":null,"open_ai":null,"ai":null,"created":"2020-12-21 10:44:35","updated":"2025-08-31 01:26:09"},"aioseo_breadcrumb":"<div class=\"aioseo-breadcrumbs\"><span class=\"aioseo-breadcrumb\">\n\t<a href=\"https:\/\/candas365.es\/noticias\" title=\"Home\">Home<\/a>\n<\/span><span class=\"aioseo-breadcrumb-separator\">&ndash;<\/span><span class=\"aioseo-breadcrumb\">\n\t<a href=\"https:\/\/candas365.es\/noticias\/category\/agenda\/\" title=\"Agenda\">Agenda<\/a>\n<\/span><span class=\"aioseo-breadcrumb-separator\">&ndash;<\/span><span class=\"aioseo-breadcrumb\">\n\tAmericana Film Festival en Laboral Cinemateca\n<\/span><\/div>","aioseo_breadcrumb_json":[{"label":"Home","link":"https:\/\/candas365.es\/noticias"},{"label":"Agenda","link":"https:\/\/candas365.es\/noticias\/category\/agenda\/"},{"label":"Americana Film Festival en Laboral Cinemateca","link":"https:\/\/candas365.es\/noticias\/americana-film-festival-en-laboral-cinemateca\/"}],"_links":{"self":[{"href":"https:\/\/candas365.es\/noticias\/wp-json\/wp\/v2\/posts\/139348","targetHints":{"allow":["GET"]}}],"collection":[{"href":"https:\/\/candas365.es\/noticias\/wp-json\/wp\/v2\/posts"}],"about":[{"href":"https:\/\/candas365.es\/noticias\/wp-json\/wp\/v2\/types\/post"}],"author":[{"embeddable":true,"href":"https:\/\/candas365.es\/noticias\/wp-json\/wp\/v2\/users\/1"}],"replies":[{"embeddable":true,"href":"https:\/\/candas365.es\/noticias\/wp-json\/wp\/v2\/comments?post=139348"}],"version-history":[{"count":0,"href":"https:\/\/candas365.es\/noticias\/wp-json\/wp\/v2\/posts\/139348\/revisions"}],"wp:featuredmedia":[{"embeddable":true,"href":"https:\/\/candas365.es\/noticias\/wp-json\/wp\/v2\/media\/139349"}],"wp:attachment":[{"href":"https:\/\/candas365.es\/noticias\/wp-json\/wp\/v2\/media?parent=139348"}],"wp:term":[{"taxonomy":"category","embeddable":true,"href":"https:\/\/candas365.es\/noticias\/wp-json\/wp\/v2\/categories?post=139348"},{"taxonomy":"post_tag","embeddable":true,"href":"https:\/\/candas365.es\/noticias\/wp-json\/wp\/v2\/tags?post=139348"}],"curies":[{"name":"wp","href":"https:\/\/api.w.org\/{rel}","templated":true}]}}