{"id":139219,"date":"2020-03-07T11:01:55","date_gmt":"2020-03-07T11:01:55","guid":{"rendered":"http:\/\/candas365.es\/noticias\/?p=139219"},"modified":"2020-03-07T11:01:55","modified_gmt":"2020-03-07T11:01:55","slug":"el-principado-invertira-16-millones-en-carreno","status":"publish","type":"post","link":"https:\/\/candas365.es\/noticias\/el-principado-invertira-16-millones-en-carreno\/","title":{"rendered":"El Principado invertir\u00e1 1,6 millones en Carre\u00f1o"},"content":{"rendered":"<p><img fetchpriority=\"high\" decoding=\"async\" class=\"alignleft size-medium wp-image-139220\" src=\"https:\/\/candas365.es\/noticias\/wp-content\/uploads\/2020\/03\/Reunion-Consejero-Candas-360x205.jpg\" alt=\"\" width=\"360\" height=\"205\" srcset=\"https:\/\/candas365.es\/noticias\/wp-content\/uploads\/2020\/03\/Reunion-Consejero-Candas-360x205.jpg 360w, https:\/\/candas365.es\/noticias\/wp-content\/uploads\/2020\/03\/Reunion-Consejero-Candas-655x374.jpg 655w, https:\/\/candas365.es\/noticias\/wp-content\/uploads\/2020\/03\/Reunion-Consejero-Candas-768x438.jpg 768w, https:\/\/candas365.es\/noticias\/wp-content\/uploads\/2020\/03\/Reunion-Consejero-Candas-696x397.jpg 696w, https:\/\/candas365.es\/noticias\/wp-content\/uploads\/2020\/03\/Reunion-Consejero-Candas-1068x609.jpg 1068w, https:\/\/candas365.es\/noticias\/wp-content\/uploads\/2020\/03\/Reunion-Consejero-Candas-737x420.jpg 737w, https:\/\/candas365.es\/noticias\/wp-content\/uploads\/2020\/03\/Reunion-Consejero-Candas.jpg 1082w\" sizes=\"(max-width: 360px) 100vw, 360px\" \/>La Consejer\u00eda de Infraestructuras, Medio Ambiente y Cambio Clim\u00e1tico invertir\u00e1 <strong>1.667.158 euros entre 2020 y 2021 en la reparaci\u00f3n de la carretera CE-1, que une Cand\u00e1s y Zanzaborn\u00edn<\/strong>, en el concejo de Carre\u00f1o. El vicepresidente del Gobierno y responsable de este departamento, Juan Cofi\u00f1o, ha visitado Cand\u00e1s junto con la directora general de Infraestructuras, Esther D\u00edaz.<\/p>\n<p>El consejero ha explicado que el proyecto de acondicionamiento de la carretera, ya redactado y en fase de licitaci\u00f3n,<strong> tiene un plazo de ejecuci\u00f3n de siete meses<\/strong>. La obra se ejecutar\u00e1 en dos anualidades y se han destinado 300.000 euros para este a\u00f1o y 1.367.158 para 2021.<\/p>\n<p>Las actuaciones previstas consisten en la mejora del firme de la calzada entre Cand\u00e1s y su conexi\u00f3n con la carretera GO-4, en el ensanche del tramo entre la villa y el apeadero de Regueral, y en la reposici\u00f3n y mejora de la se\u00f1alizaci\u00f3n horizontal y vertical.<\/p>\n<p>En el tramo urbano que va desde el punto kilom\u00e9trico 0 hasta el 0,684, se reforzar\u00e1 el firme. A partir de ah\u00ed hasta el punto kilom\u00e9trico 2,542 se ampliar\u00e1 el ancho de secci\u00f3n con la construcci\u00f3n de dos carriles de 2,5 metros de anchura, un arc\u00e9n por la margen izquierda de dos metros, y se mejorar\u00e1 el firme, el drenaje y se reubicar\u00e1n las marquesinas.<\/p>\n<p>En el siguiente tramo, entre los puntos kilom\u00e9tricos 2,542 y 7,116, se ampliar\u00e1 tambi\u00e9n el ancho de secci\u00f3n en las zonas disponibles con sobreancho y se acometer\u00e1 la mejora del drenaje.<\/p>\n<p>Cofi\u00f1o ha avanzado que su consejer\u00eda reparar\u00e1 este a\u00f1o los hundimientos de la plataforma de la carretera AS-19 entre El Empalme y Avil\u00e9s, situados en los puntos kilom\u00e9tricos 6,350 y 7. El coste de estos dos proyectos, a punto de licitarse, se eleva a 226.477 euros. En el primero de los hundimientos, se construir\u00e1 un muro de escollera con cuatro metros de altura media y 30 de longitud, mientras que en el otro se ejecutar\u00e1 un muro de hormig\u00f3n de dos metros, cimentado sobre micropilotes de 12 metros.<\/p>\n<p>Adem\u00e1s, Infraestructuras reparar\u00e1 tambi\u00e9n en este ejercicio otros dos hundimientos de la plataforma en la carretera de La Formiga (CE-8), con un coste de 96.405 euros, cuyo proyecto est\u00e1 en redacci\u00f3n. La obra en el punto kilom\u00e9trico 0,250 consistir\u00e1 en la construcci\u00f3n de una escollera de tres metros de altura y 15 de longitud, mientras que en kil\u00f3metro 0,800, en el mirador de La Formiga, se ejecutar\u00e1 un muro de hormig\u00f3n de 20 metros con cimentaci\u00f3n especial. El plazo de ejecuci\u00f3n, una vez adjudicado el proyecto, ser\u00e1 de tres meses.<\/p>\n<p><strong>Por otra parte, el vicepresidente ha subrayado que la consejer\u00eda invertir\u00e1 353.115 euros en el dragado y mantenimiento de calados en el puerto pesquero de Cand\u00e1s<\/strong>, obra que tendr\u00e1 un plazo de ejecuci\u00f3n de tres meses.<\/p>\n<p>Esta actuaci\u00f3n de dragado consistir\u00e1 en la extracci\u00f3n de 3.410 metros c\u00fabicos de la d\u00e1rsena interior y en el canal de acceso y de otros 2.238 metros cuadrados de la d\u00e1rsena exterior. Los sedimentos de esta \u00faltima d\u00e1rsena se extraer\u00e1n por medios terrestres para, posteriormente, trasladarlos a Cogersa.<\/p>\n<p>&nbsp;<\/p>\n<p>&nbsp;<\/p>\n","protected":false},"excerpt":{"rendered":"<p>La Consejer\u00eda de Infraestructuras, Medio Ambiente y Cambio Clim\u00e1tico invertir\u00e1 1.667.158 euros entre 2020 y 2021 en la reparaci\u00f3n de la carretera CE-1, que une Cand\u00e1s y Zanzaborn\u00edn, en el concejo de Carre\u00f1o. El vicepresidente del Gobierno y responsable de este departamento, Juan Cofi\u00f1o, ha visitado Cand\u00e1s junto con la directora general de Infraestructuras, Esther<\/p>\n","protected":false},"author":1,"featured_media":139220,"comment_status":"closed","ping_status":"closed","sticky":false,"template":"","format":"standard","meta":{"footnotes":""},"categories":[2],"tags":[],"class_list":{"0":"post-139219","1":"post","2":"type-post","3":"status-publish","4":"format-standard","5":"has-post-thumbnail","7":"category-noticias-carreno"},"aioseo_notices":[],"aioseo_head":"\n\t\t<!-- All in One SEO Pro 4.9.6.2 - aioseo.com -->\n\t<meta name=\"description\" content=\"La Consejer\u00eda de Infraestructuras, Medio Ambiente y Cambio Clim\u00e1tico invertir\u00e1 1.667.158 euros entre 2020 y 2021 en la reparaci\u00f3n de la carretera CE-1, que une Cand\u00e1s y Zanzaborn\u00edn, en el concejo de Carre\u00f1o. El vicepresidente del Gobierno y responsable de este departamento, Juan Cofi\u00f1o, ha visitado Cand\u00e1s junto con la directora general de Infraestructuras, Esther\" \/>\n\t<meta name=\"robots\" content=\"max-image-preview:large\" \/>\n\t<meta name=\"author\" content=\"Cand\u00e1s 365\"\/>\n\t<meta name=\"google-site-verification\" content=\"UA-32230408-1\" \/>\n\t<meta name=\"msvalidate.01\" content=\"354F3CDFB2DA171B47FBE9ABF1F88D5\" \/>\n\t<meta name=\"keywords\" content=\"noticias carre\u00f1o\" \/>\n\t<link rel=\"canonical\" href=\"https:\/\/candas365.es\/noticias\/el-principado-invertira-16-millones-en-carreno\/\" \/>\n\t<meta name=\"generator\" content=\"All in One SEO Pro (AIOSEO) 4.9.6.2\" \/>\n\t\t<meta property=\"og:locale\" content=\"es_ES\" \/>\n\t\t<meta property=\"og:site_name\" content=\"Cand\u00e1s 365\" \/>\n\t\t<meta property=\"og:type\" content=\"article\" \/>\n\t\t<meta property=\"og:title\" content=\"El Principado invertir\u00e1 1,6 millones en Carre\u00f1o | Cand\u00e1s 365\" \/>\n\t\t<meta property=\"og:description\" content=\"La Consejer\u00eda de Infraestructuras, Medio Ambiente y Cambio Clim\u00e1tico invertir\u00e1 1.667.158 euros entre 2020 y 2021 en la reparaci\u00f3n de la carretera CE-1, que une Cand\u00e1s y Zanzaborn\u00edn, en el concejo de Carre\u00f1o. El vicepresidente del Gobierno y responsable de este departamento, Juan Cofi\u00f1o, ha visitado Cand\u00e1s junto con la directora general de Infraestructuras, Esther\" \/>\n\t\t<meta property=\"og:url\" content=\"https:\/\/candas365.es\/noticias\/el-principado-invertira-16-millones-en-carreno\/\" \/>\n\t\t<meta property=\"og:image\" content=\"https:\/\/candas365.es\/noticias\/wp-content\/uploads\/2020\/03\/Reunion-Consejero-Candas.jpg\" \/>\n\t\t<meta property=\"og:image:secure_url\" content=\"https:\/\/candas365.es\/noticias\/wp-content\/uploads\/2020\/03\/Reunion-Consejero-Candas.jpg\" \/>\n\t\t<meta property=\"og:image:width\" content=\"1082\" \/>\n\t\t<meta property=\"og:image:height\" content=\"617\" \/>\n\t\t<meta property=\"article:published_time\" content=\"2020-03-07T11:01:55+00:00\" \/>\n\t\t<meta property=\"article:modified_time\" content=\"2020-03-07T11:01:55+00:00\" \/>\n\t\t<meta property=\"article:publisher\" content=\"https:\/\/www.facebook.com\/Nachofdezber\" \/>\n\t\t<meta property=\"article:author\" content=\"https:\/\/www.facebook.com\/carrenoactualidad\" \/>\n\t\t<meta name=\"twitter:card\" content=\"summary_large_image\" \/>\n\t\t<meta name=\"twitter:site\" content=\"@NabercoDigital\" \/>\n\t\t<meta name=\"twitter:title\" content=\"El Principado invertir\u00e1 1,6 millones en Carre\u00f1o | Cand\u00e1s 365\" \/>\n\t\t<meta name=\"twitter:description\" content=\"La Consejer\u00eda de Infraestructuras, Medio Ambiente y Cambio Clim\u00e1tico invertir\u00e1 1.667.158 euros entre 2020 y 2021 en la reparaci\u00f3n de la carretera CE-1, que une Cand\u00e1s y Zanzaborn\u00edn, en el concejo de Carre\u00f1o. El vicepresidente del Gobierno y responsable de este departamento, Juan Cofi\u00f1o, ha visitado Cand\u00e1s junto con la directora general de Infraestructuras, Esther\" \/>\n\t\t<meta name=\"twitter:creator\" content=\"@nbasturias\" \/>\n\t\t<meta name=\"twitter:image\" content=\"https:\/\/candas365.es\/noticias\/wp-content\/uploads\/2020\/03\/Reunion-Consejero-Candas.jpg\" \/>\n\t\t<meta name=\"twitter:label1\" content=\"Escrito por\" \/>\n\t\t<meta name=\"twitter:data1\" content=\"Cand\u00e1s 365\" \/>\n\t\t<meta name=\"twitter:label2\" content=\"Tiempo de lectura estimado\" \/>\n\t\t<meta name=\"twitter:data2\" content=\"3 minutos\" \/>\n\t\t<script type=\"application\/ld+json\" class=\"aioseo-schema\">\n\t\t\t{\"@context\":\"https:\\\/\\\/schema.org\",\"@graph\":[{\"@type\":\"BreadcrumbList\",\"@id\":\"https:\\\/\\\/candas365.es\\\/noticias\\\/el-principado-invertira-16-millones-en-carreno\\\/#breadcrumblist\",\"itemListElement\":[{\"@type\":\"ListItem\",\"@id\":\"https:\\\/\\\/candas365.es\\\/noticias#listItem\",\"position\":1,\"name\":\"Home\",\"item\":\"https:\\\/\\\/candas365.es\\\/noticias\",\"nextItem\":{\"@type\":\"ListItem\",\"@id\":\"https:\\\/\\\/candas365.es\\\/noticias\\\/category\\\/noticias-carreno\\\/#listItem\",\"name\":\"Noticias Carre\\u00f1o\"}},{\"@type\":\"ListItem\",\"@id\":\"https:\\\/\\\/candas365.es\\\/noticias\\\/category\\\/noticias-carreno\\\/#listItem\",\"position\":2,\"name\":\"Noticias Carre\\u00f1o\",\"item\":\"https:\\\/\\\/candas365.es\\\/noticias\\\/category\\\/noticias-carreno\\\/\",\"nextItem\":{\"@type\":\"ListItem\",\"@id\":\"https:\\\/\\\/candas365.es\\\/noticias\\\/el-principado-invertira-16-millones-en-carreno\\\/#listItem\",\"name\":\"El Principado invertir\\u00e1 1,6 millones en Carre\\u00f1o\"},\"previousItem\":{\"@type\":\"ListItem\",\"@id\":\"https:\\\/\\\/candas365.es\\\/noticias#listItem\",\"name\":\"Home\"}},{\"@type\":\"ListItem\",\"@id\":\"https:\\\/\\\/candas365.es\\\/noticias\\\/el-principado-invertira-16-millones-en-carreno\\\/#listItem\",\"position\":3,\"name\":\"El Principado invertir\\u00e1 1,6 millones en Carre\\u00f1o\",\"previousItem\":{\"@type\":\"ListItem\",\"@id\":\"https:\\\/\\\/candas365.es\\\/noticias\\\/category\\\/noticias-carreno\\\/#listItem\",\"name\":\"Noticias Carre\\u00f1o\"}}]},{\"@type\":\"NewsArticle\",\"@id\":\"https:\\\/\\\/candas365.es\\\/noticias\\\/el-principado-invertira-16-millones-en-carreno\\\/#newsarticle\",\"name\":\"El Principado invertir\\u00e1 1,6 millones en Carre\\u00f1o | Cand\\u00e1s 365\",\"headline\":\"El Principado invertir\\u00e1 1,6 millones en Carre\\u00f1o\",\"author\":{\"@id\":\"https:\\\/\\\/candas365.es\\\/noticias\\\/author\\\/admin\\\/#author\"},\"publisher\":{\"@id\":\"https:\\\/\\\/candas365.es\\\/noticias\\\/#organization\"},\"image\":{\"@type\":\"ImageObject\",\"url\":\"https:\\\/\\\/candas365.es\\\/noticias\\\/wp-content\\\/uploads\\\/2020\\\/03\\\/Reunion-Consejero-Candas.jpg\",\"width\":1082,\"height\":617},\"datePublished\":\"2020-03-07T11:01:55+01:00\",\"dateModified\":\"2020-03-07T11:01:55+01:00\",\"inLanguage\":\"es-ES\",\"mainEntityOfPage\":{\"@id\":\"https:\\\/\\\/candas365.es\\\/noticias\\\/el-principado-invertira-16-millones-en-carreno\\\/#webpage\"},\"isPartOf\":{\"@id\":\"https:\\\/\\\/candas365.es\\\/noticias\\\/el-principado-invertira-16-millones-en-carreno\\\/#webpage\"},\"articleSection\":\"Noticias Carre\\u00f1o\",\"dateline\":\"Publicado el marzo 7, 2020.\"},{\"@type\":\"Organization\",\"@id\":\"https:\\\/\\\/candas365.es\\\/noticias\\\/#organization\",\"name\":\"Cand\\u00e1s 365\",\"description\":\"Cand\\u00e1s 365 es un diario digital independiente, fundado en 2012, con base en Asturias. Informamos con rigor sobre actualidad, sociedad, cultura y ocio, con una mirada local y global.\",\"url\":\"https:\\\/\\\/candas365.es\\\/noticias\\\/\",\"email\":\"info@candas365.es\",\"telephone\":\"+34652131393\",\"foundingDate\":\"2012-06-10\",\"logo\":{\"@type\":\"ImageObject\",\"url\":\"https:\\\/\\\/candas365.es\\\/noticias\\\/wp-content\\\/uploads\\\/2024\\\/09\\\/Candas-365-Redes.jpg\",\"@id\":\"https:\\\/\\\/candas365.es\\\/noticias\\\/el-principado-invertira-16-millones-en-carreno\\\/#organizationLogo\",\"width\":1152,\"height\":864,\"caption\":\"Cand\\u00e1s 365 Redes\"},\"image\":{\"@id\":\"https:\\\/\\\/candas365.es\\\/noticias\\\/el-principado-invertira-16-millones-en-carreno\\\/#organizationLogo\"},\"sameAs\":[\"https:\\\/\\\/www.facebook.com\\\/Nachofdezber\",\"https:\\\/\\\/x.com\\\/NabercoDigital\",\"https:\\\/\\\/www.instagram.com\\\/nachofdezber\\\/\",\"https:\\\/\\\/www.youtube.com\\\/channel\\\/UCZP-2wLEB9Rv6erhFmqVnvg\"],\"address\":{\"@id\":\"https:\\\/\\\/candas365.es\\\/noticias\\\/#postaladdress\",\"@type\":\"PostalAddress\",\"streetAddress\":\"san antonio 4, san antonio 4\",\"postalCode\":\"33430\",\"addressLocality\":\"Cand\\u00e1s\",\"addressRegion\":\"Asturias\",\"addressCountry\":\"ES\"}},{\"@type\":\"Person\",\"@id\":\"https:\\\/\\\/candas365.es\\\/noticias\\\/author\\\/admin\\\/#author\",\"url\":\"https:\\\/\\\/candas365.es\\\/noticias\\\/author\\\/admin\\\/\",\"name\":\"Cand\\u00e1s 365\",\"image\":{\"@type\":\"ImageObject\",\"@id\":\"https:\\\/\\\/candas365.es\\\/noticias\\\/el-principado-invertira-16-millones-en-carreno\\\/#authorImage\",\"url\":\"https:\\\/\\\/secure.gravatar.com\\\/avatar\\\/496a8e03d0c493ede1718b7934145dbdf8d89be1036b0eec9544e1094c9de390?s=96&d=mm&r=g\",\"width\":96,\"height\":96,\"caption\":\"Cand\\u00e1s 365\"},\"sameAs\":[\"https:\\\/\\\/www.facebook.com\\\/carrenoactualidad\",\"https:\\\/\\\/twitter.com\\\/nbasturias\",\"https:\\\/\\\/www.instagram.com\\\/nachofdezber\\\/\",\"https:\\\/\\\/www.youtube.com\\\/channel\\\/UCZP-2wLEB9Rv6erhFmqVnvg\"]},{\"@type\":\"WebPage\",\"@id\":\"https:\\\/\\\/candas365.es\\\/noticias\\\/el-principado-invertira-16-millones-en-carreno\\\/#webpage\",\"url\":\"https:\\\/\\\/candas365.es\\\/noticias\\\/el-principado-invertira-16-millones-en-carreno\\\/\",\"name\":\"El Principado invertir\\u00e1 1,6 millones en Carre\\u00f1o | Cand\\u00e1s 365\",\"description\":\"La Consejer\\u00eda de Infraestructuras, Medio Ambiente y Cambio Clim\\u00e1tico invertir\\u00e1 1.667.158 euros entre 2020 y 2021 en la reparaci\\u00f3n de la carretera CE-1, que une Cand\\u00e1s y Zanzaborn\\u00edn, en el concejo de Carre\\u00f1o. El vicepresidente del Gobierno y responsable de este departamento, Juan Cofi\\u00f1o, ha visitado Cand\\u00e1s junto con la directora general de Infraestructuras, Esther\",\"inLanguage\":\"es-ES\",\"isPartOf\":{\"@id\":\"https:\\\/\\\/candas365.es\\\/noticias\\\/#website\"},\"breadcrumb\":{\"@id\":\"https:\\\/\\\/candas365.es\\\/noticias\\\/el-principado-invertira-16-millones-en-carreno\\\/#breadcrumblist\"},\"author\":{\"@id\":\"https:\\\/\\\/candas365.es\\\/noticias\\\/author\\\/admin\\\/#author\"},\"creator\":{\"@id\":\"https:\\\/\\\/candas365.es\\\/noticias\\\/author\\\/admin\\\/#author\"},\"image\":{\"@type\":\"ImageObject\",\"url\":\"https:\\\/\\\/candas365.es\\\/noticias\\\/wp-content\\\/uploads\\\/2020\\\/03\\\/Reunion-Consejero-Candas.jpg\",\"@id\":\"https:\\\/\\\/candas365.es\\\/noticias\\\/el-principado-invertira-16-millones-en-carreno\\\/#mainImage\",\"width\":1082,\"height\":617},\"primaryImageOfPage\":{\"@id\":\"https:\\\/\\\/candas365.es\\\/noticias\\\/el-principado-invertira-16-millones-en-carreno\\\/#mainImage\"},\"datePublished\":\"2020-03-07T11:01:55+01:00\",\"dateModified\":\"2020-03-07T11:01:55+01:00\"},{\"@type\":\"WebSite\",\"@id\":\"https:\\\/\\\/candas365.es\\\/noticias\\\/#website\",\"url\":\"https:\\\/\\\/candas365.es\\\/noticias\\\/\",\"name\":\"Cand\\u00e1s 365\",\"alternateName\":\"Cand\\u00e1s 365 Noticias\",\"description\":\"Actualidad desde Carre\\u00f1o para el mundo\",\"inLanguage\":\"es-ES\",\"publisher\":{\"@id\":\"https:\\\/\\\/candas365.es\\\/noticias\\\/#organization\"}}]}\n\t\t<\/script>\n\t\t<!-- All in One SEO Pro -->\r\n\t\t<title>El Principado invertir\u00e1 1,6 millones en Carre\u00f1o | Cand\u00e1s 365<\/title>\n\n","aioseo_head_json":{"title":"El Principado invertir\u00e1 1,6 millones en Carre\u00f1o | Cand\u00e1s 365","description":"La Consejer\u00eda de Infraestructuras, Medio Ambiente y Cambio Clim\u00e1tico invertir\u00e1 1.667.158 euros entre 2020 y 2021 en la reparaci\u00f3n de la carretera CE-1, que une Cand\u00e1s y Zanzaborn\u00edn, en el concejo de Carre\u00f1o. El vicepresidente del Gobierno y responsable de este departamento, Juan Cofi\u00f1o, ha visitado Cand\u00e1s junto con la directora general de Infraestructuras, Esther","canonical_url":"https:\/\/candas365.es\/noticias\/el-principado-invertira-16-millones-en-carreno\/","robots":"max-image-preview:large","keywords":"noticias carre\u00f1o","webmasterTools":{"google-site-verification":"UA-32230408-1","msvalidate.01":"354F3CDFB2DA171B47FBE9ABF1F88D5","miscellaneous":""},"schema":{"@context":"https:\/\/schema.org","@graph":[{"@type":"BreadcrumbList","@id":"https:\/\/candas365.es\/noticias\/el-principado-invertira-16-millones-en-carreno\/#breadcrumblist","itemListElement":[{"@type":"ListItem","@id":"https:\/\/candas365.es\/noticias#listItem","position":1,"name":"Home","item":"https:\/\/candas365.es\/noticias","nextItem":{"@type":"ListItem","@id":"https:\/\/candas365.es\/noticias\/category\/noticias-carreno\/#listItem","name":"Noticias Carre\u00f1o"}},{"@type":"ListItem","@id":"https:\/\/candas365.es\/noticias\/category\/noticias-carreno\/#listItem","position":2,"name":"Noticias Carre\u00f1o","item":"https:\/\/candas365.es\/noticias\/category\/noticias-carreno\/","nextItem":{"@type":"ListItem","@id":"https:\/\/candas365.es\/noticias\/el-principado-invertira-16-millones-en-carreno\/#listItem","name":"El Principado invertir\u00e1 1,6 millones en Carre\u00f1o"},"previousItem":{"@type":"ListItem","@id":"https:\/\/candas365.es\/noticias#listItem","name":"Home"}},{"@type":"ListItem","@id":"https:\/\/candas365.es\/noticias\/el-principado-invertira-16-millones-en-carreno\/#listItem","position":3,"name":"El Principado invertir\u00e1 1,6 millones en Carre\u00f1o","previousItem":{"@type":"ListItem","@id":"https:\/\/candas365.es\/noticias\/category\/noticias-carreno\/#listItem","name":"Noticias Carre\u00f1o"}}]},{"@type":"NewsArticle","@id":"https:\/\/candas365.es\/noticias\/el-principado-invertira-16-millones-en-carreno\/#newsarticle","name":"El Principado invertir\u00e1 1,6 millones en Carre\u00f1o | Cand\u00e1s 365","headline":"El Principado invertir\u00e1 1,6 millones en Carre\u00f1o","author":{"@id":"https:\/\/candas365.es\/noticias\/author\/admin\/#author"},"publisher":{"@id":"https:\/\/candas365.es\/noticias\/#organization"},"image":{"@type":"ImageObject","url":"https:\/\/candas365.es\/noticias\/wp-content\/uploads\/2020\/03\/Reunion-Consejero-Candas.jpg","width":1082,"height":617},"datePublished":"2020-03-07T11:01:55+01:00","dateModified":"2020-03-07T11:01:55+01:00","inLanguage":"es-ES","mainEntityOfPage":{"@id":"https:\/\/candas365.es\/noticias\/el-principado-invertira-16-millones-en-carreno\/#webpage"},"isPartOf":{"@id":"https:\/\/candas365.es\/noticias\/el-principado-invertira-16-millones-en-carreno\/#webpage"},"articleSection":"Noticias Carre\u00f1o","dateline":"Publicado el marzo 7, 2020."},{"@type":"Organization","@id":"https:\/\/candas365.es\/noticias\/#organization","name":"Cand\u00e1s 365","description":"Cand\u00e1s 365 es un diario digital independiente, fundado en 2012, con base en Asturias. Informamos con rigor sobre actualidad, sociedad, cultura y ocio, con una mirada local y global.","url":"https:\/\/candas365.es\/noticias\/","email":"info@candas365.es","telephone":"+34652131393","foundingDate":"2012-06-10","logo":{"@type":"ImageObject","url":"https:\/\/candas365.es\/noticias\/wp-content\/uploads\/2024\/09\/Candas-365-Redes.jpg","@id":"https:\/\/candas365.es\/noticias\/el-principado-invertira-16-millones-en-carreno\/#organizationLogo","width":1152,"height":864,"caption":"Cand\u00e1s 365 Redes"},"image":{"@id":"https:\/\/candas365.es\/noticias\/el-principado-invertira-16-millones-en-carreno\/#organizationLogo"},"sameAs":["https:\/\/www.facebook.com\/Nachofdezber","https:\/\/x.com\/NabercoDigital","https:\/\/www.instagram.com\/nachofdezber\/","https:\/\/www.youtube.com\/channel\/UCZP-2wLEB9Rv6erhFmqVnvg"],"address":{"@id":"https:\/\/candas365.es\/noticias\/#postaladdress","@type":"PostalAddress","streetAddress":"san antonio 4, san antonio 4","postalCode":"33430","addressLocality":"Cand\u00e1s","addressRegion":"Asturias","addressCountry":"ES"}},{"@type":"Person","@id":"https:\/\/candas365.es\/noticias\/author\/admin\/#author","url":"https:\/\/candas365.es\/noticias\/author\/admin\/","name":"Cand\u00e1s 365","image":{"@type":"ImageObject","@id":"https:\/\/candas365.es\/noticias\/el-principado-invertira-16-millones-en-carreno\/#authorImage","url":"https:\/\/secure.gravatar.com\/avatar\/496a8e03d0c493ede1718b7934145dbdf8d89be1036b0eec9544e1094c9de390?s=96&d=mm&r=g","width":96,"height":96,"caption":"Cand\u00e1s 365"},"sameAs":["https:\/\/www.facebook.com\/carrenoactualidad","https:\/\/twitter.com\/nbasturias","https:\/\/www.instagram.com\/nachofdezber\/","https:\/\/www.youtube.com\/channel\/UCZP-2wLEB9Rv6erhFmqVnvg"]},{"@type":"WebPage","@id":"https:\/\/candas365.es\/noticias\/el-principado-invertira-16-millones-en-carreno\/#webpage","url":"https:\/\/candas365.es\/noticias\/el-principado-invertira-16-millones-en-carreno\/","name":"El Principado invertir\u00e1 1,6 millones en Carre\u00f1o | Cand\u00e1s 365","description":"La Consejer\u00eda de Infraestructuras, Medio Ambiente y Cambio Clim\u00e1tico invertir\u00e1 1.667.158 euros entre 2020 y 2021 en la reparaci\u00f3n de la carretera CE-1, que une Cand\u00e1s y Zanzaborn\u00edn, en el concejo de Carre\u00f1o. El vicepresidente del Gobierno y responsable de este departamento, Juan Cofi\u00f1o, ha visitado Cand\u00e1s junto con la directora general de Infraestructuras, Esther","inLanguage":"es-ES","isPartOf":{"@id":"https:\/\/candas365.es\/noticias\/#website"},"breadcrumb":{"@id":"https:\/\/candas365.es\/noticias\/el-principado-invertira-16-millones-en-carreno\/#breadcrumblist"},"author":{"@id":"https:\/\/candas365.es\/noticias\/author\/admin\/#author"},"creator":{"@id":"https:\/\/candas365.es\/noticias\/author\/admin\/#author"},"image":{"@type":"ImageObject","url":"https:\/\/candas365.es\/noticias\/wp-content\/uploads\/2020\/03\/Reunion-Consejero-Candas.jpg","@id":"https:\/\/candas365.es\/noticias\/el-principado-invertira-16-millones-en-carreno\/#mainImage","width":1082,"height":617},"primaryImageOfPage":{"@id":"https:\/\/candas365.es\/noticias\/el-principado-invertira-16-millones-en-carreno\/#mainImage"},"datePublished":"2020-03-07T11:01:55+01:00","dateModified":"2020-03-07T11:01:55+01:00"},{"@type":"WebSite","@id":"https:\/\/candas365.es\/noticias\/#website","url":"https:\/\/candas365.es\/noticias\/","name":"Cand\u00e1s 365","alternateName":"Cand\u00e1s 365 Noticias","description":"Actualidad desde Carre\u00f1o para el mundo","inLanguage":"es-ES","publisher":{"@id":"https:\/\/candas365.es\/noticias\/#organization"}}]},"og:locale":"es_ES","og:site_name":"Cand\u00e1s 365","og:type":"article","og:title":"El Principado invertir\u00e1 1,6 millones en Carre\u00f1o | Cand\u00e1s 365","og:description":"La Consejer\u00eda de Infraestructuras, Medio Ambiente y Cambio Clim\u00e1tico invertir\u00e1 1.667.158 euros entre 2020 y 2021 en la reparaci\u00f3n de la carretera CE-1, que une Cand\u00e1s y Zanzaborn\u00edn, en el concejo de Carre\u00f1o. El vicepresidente del Gobierno y responsable de este departamento, Juan Cofi\u00f1o, ha visitado Cand\u00e1s junto con la directora general de Infraestructuras, Esther","og:url":"https:\/\/candas365.es\/noticias\/el-principado-invertira-16-millones-en-carreno\/","og:image":"https:\/\/candas365.es\/noticias\/wp-content\/uploads\/2020\/03\/Reunion-Consejero-Candas.jpg","og:image:secure_url":"https:\/\/candas365.es\/noticias\/wp-content\/uploads\/2020\/03\/Reunion-Consejero-Candas.jpg","og:image:width":1082,"og:image:height":617,"article:published_time":"2020-03-07T11:01:55+00:00","article:modified_time":"2020-03-07T11:01:55+00:00","article:publisher":"https:\/\/www.facebook.com\/Nachofdezber","article:author":"https:\/\/www.facebook.com\/carrenoactualidad","twitter:card":"summary_large_image","twitter:site":"@NabercoDigital","twitter:title":"El Principado invertir\u00e1 1,6 millones en Carre\u00f1o | Cand\u00e1s 365","twitter:description":"La Consejer\u00eda de Infraestructuras, Medio Ambiente y Cambio Clim\u00e1tico invertir\u00e1 1.667.158 euros entre 2020 y 2021 en la reparaci\u00f3n de la carretera CE-1, que une Cand\u00e1s y Zanzaborn\u00edn, en el concejo de Carre\u00f1o. El vicepresidente del Gobierno y responsable de este departamento, Juan Cofi\u00f1o, ha visitado Cand\u00e1s junto con la directora general de Infraestructuras, Esther","twitter:creator":"@nbasturias","twitter:image":"https:\/\/candas365.es\/noticias\/wp-content\/uploads\/2020\/03\/Reunion-Consejero-Candas.jpg","twitter:label1":"Escrito por","twitter:data1":"Cand\u00e1s 365","twitter:label2":"Tiempo de lectura estimado","twitter:data2":"3 minutos"},"aioseo_meta_data":{"post_id":"139219","title":null,"description":null,"keywords":null,"keyphrases":null,"primary_term":null,"canonical_url":null,"og_title":null,"og_description":null,"og_object_type":"default","og_image_type":"default","og_image_url":null,"og_image_width":null,"og_image_height":null,"og_image_custom_url":null,"og_image_custom_fields":null,"og_video":null,"og_custom_url":null,"og_article_section":null,"og_article_tags":null,"twitter_use_og":false,"twitter_card":"default","twitter_image_type":"default","twitter_image_url":null,"twitter_image_custom_url":null,"twitter_image_custom_fields":null,"twitter_title":null,"twitter_description":null,"schema":{"blockGraphs":[],"customGraphs":[],"default":{"data":{"Article":[],"Course":[],"Dataset":[],"FAQPage":[],"Movie":[],"Person":[],"Product":[],"ProductReview":[],"Car":[],"Recipe":[],"Service":[],"SoftwareApplication":[],"WebPage":[]},"graphName":"","isEnabled":true},"graphs":[],"defaultGraph":"","defaultPostTypeGraph":""},"schema_type":null,"schema_type_options":null,"pillar_content":false,"robots_default":true,"robots_noindex":false,"robots_noarchive":false,"robots_nosnippet":false,"robots_nofollow":false,"robots_noimageindex":false,"robots_noodp":false,"robots_notranslate":false,"robots_max_snippet":null,"robots_max_videopreview":null,"robots_max_imagepreview":"large","priority":null,"frequency":null,"location":null,"local_seo":null,"seo_analyzer_scan_date":"2025-08-31 01:16:14","breadcrumb_settings":null,"limit_modified_date":false,"reviewed_by":null,"open_ai":null,"ai":null,"created":"2020-12-21 10:44:42","updated":"2025-08-31 01:16:14"},"aioseo_breadcrumb":"<div class=\"aioseo-breadcrumbs\"><span class=\"aioseo-breadcrumb\">\n\t<a href=\"https:\/\/candas365.es\/noticias\" title=\"Home\">Home<\/a>\n<\/span><span class=\"aioseo-breadcrumb-separator\">&ndash;<\/span><span class=\"aioseo-breadcrumb\">\n\t<a href=\"https:\/\/candas365.es\/noticias\/category\/noticias-carreno\/\" title=\"Noticias Carre\u00f1o\">Noticias Carre\u00f1o<\/a>\n<\/span><span class=\"aioseo-breadcrumb-separator\">&ndash;<\/span><span class=\"aioseo-breadcrumb\">\n\tEl Principado invertir\u00e1 1,6 millones en Carre\u00f1o\n<\/span><\/div>","aioseo_breadcrumb_json":[{"label":"Home","link":"https:\/\/candas365.es\/noticias"},{"label":"Noticias Carre\u00f1o","link":"https:\/\/candas365.es\/noticias\/category\/noticias-carreno\/"},{"label":"El Principado invertir\u00e1 1,6 millones en Carre\u00f1o","link":"https:\/\/candas365.es\/noticias\/el-principado-invertira-16-millones-en-carreno\/"}],"_links":{"self":[{"href":"https:\/\/candas365.es\/noticias\/wp-json\/wp\/v2\/posts\/139219","targetHints":{"allow":["GET"]}}],"collection":[{"href":"https:\/\/candas365.es\/noticias\/wp-json\/wp\/v2\/posts"}],"about":[{"href":"https:\/\/candas365.es\/noticias\/wp-json\/wp\/v2\/types\/post"}],"author":[{"embeddable":true,"href":"https:\/\/candas365.es\/noticias\/wp-json\/wp\/v2\/users\/1"}],"replies":[{"embeddable":true,"href":"https:\/\/candas365.es\/noticias\/wp-json\/wp\/v2\/comments?post=139219"}],"version-history":[{"count":0,"href":"https:\/\/candas365.es\/noticias\/wp-json\/wp\/v2\/posts\/139219\/revisions"}],"wp:featuredmedia":[{"embeddable":true,"href":"https:\/\/candas365.es\/noticias\/wp-json\/wp\/v2\/media\/139220"}],"wp:attachment":[{"href":"https:\/\/candas365.es\/noticias\/wp-json\/wp\/v2\/media?parent=139219"}],"wp:term":[{"taxonomy":"category","embeddable":true,"href":"https:\/\/candas365.es\/noticias\/wp-json\/wp\/v2\/categories?post=139219"},{"taxonomy":"post_tag","embeddable":true,"href":"https:\/\/candas365.es\/noticias\/wp-json\/wp\/v2\/tags?post=139219"}],"curies":[{"name":"wp","href":"https:\/\/api.w.org\/{rel}","templated":true}]}}